{"id":18996,"date":"2022-06-26T13:52:30","date_gmt":"2022-06-26T12:52:30","guid":{"rendered":"https:\/\/www.revue3emillenaire.com\/blog\/?p=18996"},"modified":"2022-06-26T13:52:30","modified_gmt":"2022-06-26T12:52:30","slug":"la-conscience-par-toni-packer","status":"publish","type":"post","link":"https:\/\/www.revue3emillenaire.com\/blog\/la-conscience-par-toni-packer\/","title":{"rendered":"La conscience par Toni Packer"},"content":{"rendered":"<p align=\"justify\"><i>Traduction libre<\/i><\/p>\n<p align=\"justify\">La conscience ne peut \u00eatre enseign\u00e9e, et lorsqu\u2019elle est pr\u00e9sente, elle n\u2019a pas de contexte. Tous les contextes sont cr\u00e9\u00e9s par la pens\u00e9e et sont donc corruptibles par la pens\u00e9e. La conscience jette simplement de la lumi\u00e8re sur ce qui est, sans aucune s\u00e9paration.<\/p>\n<p align=\"justify\">La conscience, l\u2019insight, l\u2019illumination, la pl\u00e9nitude \u2014, quels que soient les mots que l\u2019on choisisse pour d\u00e9signer ce qui ne peut \u00eatre saisi par des mots \u2014 n\u2019est pas l\u2019effet d\u2019une cause. L\u2019activit\u00e9 ne la d\u00e9truit pas et l\u2019assise ne la cr\u00e9e pas. Elle n\u2019est le produit de rien \u2014 aucune technique, m\u00e9thode, environnement, tradition, posture, activit\u00e9 ou non-activit\u00e9 ne peut la cr\u00e9er. Elle est l\u00e0, incr\u00e9\u00e9e, fonctionnant librement dans la sagesse et l\u2019amour, lorsque le conditionnement \u00e9gocentrique est clairement r\u00e9v\u00e9l\u00e9 dans toute sa grossi\u00e8ret\u00e9 et sa subtilit\u00e9 et d\u00e9samorc\u00e9 \u00e0 la lumi\u00e8re de la compr\u00e9hension.<\/p>\n<p align=\"justify\">Le bruit int\u00e9rieur peut-il \u00eatre enti\u00e8rement laiss\u00e9 de c\u00f4t\u00e9 pendant l\u2019action\u00a0? Lorsque les \u00e9tats changeants du corps et de l\u2019esprit sont simplement laiss\u00e9s \u00e0 eux-m\u00eames sans choix ni jugement \u2014 laiss\u00e9s sans r\u00e9action de la part d\u2019une volont\u00e9 de contr\u00f4le ou de r\u00e9pression \u2014, une nouvelle tranquillit\u00e9 \u00e9merge d\u2019elle-m\u00eame.<\/p>\n<p align=\"justify\">S\u2019asseoir immobile et tranquille, pendant des minutes ou des heures, quelle que soit la dur\u00e9e, c\u2019est \u00eatre en contact avec les mouvements du corps-esprit, grossiers et subtils, ternes et clairs, superficiels et profonds, sans aucune opposition, r\u00e9sistance, saisie ou fuite. C\u2019est \u00eatre en contact intime avec l\u2019ensemble du r\u00e9seau de pens\u00e9es, de sensations, de sentiments et d\u2019\u00e9motions sans les juger bons ou mauvais, justes ou injustes \u2014 sans vouloir que quoi que ce soit continue ou s\u2019arr\u00eate. Il s\u2019agit d\u2019une vision int\u00e9rieure sans savoir, d\u2019une sensibilit\u00e9 ouverte \u00e0 ce qui se passe \u00e0 l\u2019int\u00e9rieur et \u00e0 l\u2019ext\u00e9rieur, d\u2019un flux sans saisie ni accumulation. L\u2019immobilit\u00e9 au milieu du mouvement et de l\u2019agitation est libre de la volont\u00e9, de la direction et du temps. C\u2019est un l\u00e2cher-prise complet de ce qui est d\u2019instant en instant.<\/p>\n<p align=\"justify\">Assis tranquillement, ne faisant rien, ne sachant pas ce qui va suivre et ne se pr\u00e9occupant pas de ce qui \u00e9tait ou de ce qui va suivre, un nouvel esprit op\u00e8re qui n\u2019est pas connect\u00e9 au pass\u00e9 conditionn\u00e9 et qui pourtant per\u00e7oit et comprend tout le m\u00e9canisme du conditionnement. C\u2019est le d\u00e9masquage du moi qui n\u2019est rien d\u2019autre que des masques \u2014 images, souvenirs d\u2019exp\u00e9riences pass\u00e9es, peurs, espoirs, et la demande incessante d\u2019\u00eatre quelque chose ou de devenir quelqu\u2019un. Ce nouvel esprit, qui est non-esprit, est libre de toute dualit\u00e9 \u2014 il n\u2019y a pas d\u2019acteur en lui et rien \u00e0 accomplir.<\/p>\n","protected":false},"excerpt":{"rendered":"<p>Traduction libre La conscience ne peut \u00eatre enseign\u00e9e, et lorsqu\u2019elle est pr\u00e9sente, elle n\u2019a pas de contexte. Tous les contextes sont cr\u00e9\u00e9s par la pens\u00e9e et sont donc corruptibles par la pens\u00e9e. La conscience jette simplement de la lumi\u00e8re sur ce qui est, sans aucune s\u00e9paration. La conscience, l\u2019insight, l\u2019illumination, la pl\u00e9nitude \u2014, quels que [&hellip;]<\/p>\n","protected":false},"author":2,"featured_media":18915,"comment_status":"closed","ping_status":"closed","sticky":false,"template":"","format":"standard","meta":{"footnotes":""},"categories":[1659],"tags":[136],"class_list":["post-18996","post","type-post","status-publish","format-standard","has-post-thumbnail","hentry","category-packer-toni","tag-connaissance-de-soi"],"yoast_head":"<!-- This site is optimized with the Yoast SEO plugin v27.0 - https:\/\/yoast.com\/product\/yoast-seo-wordpress\/ -->\n<title>La conscience par Toni Packer - 3e mill\u00e9naire - Spiritualit\u00e9 - Connaissance de soi - Non-dualit\u00e9 - M\u00e9ditation<\/title>\n<meta name=\"robots\" content=\"index, follow, max-snippet:-1, max-image-preview:large, max-video-preview:-1\" \/>\n<link rel=\"canonical\" href=\"https:\/\/www.revue3emillenaire.com\/blog\/la-conscience-par-toni-packer\/\" \/>\n<meta property=\"og:locale\" content=\"fr_FR\" \/>\n<meta property=\"og:type\" content=\"article\" \/>\n<meta property=\"og:title\" content=\"La conscience par Toni Packer - 3e mill\u00e9naire - Spiritualit\u00e9 - Connaissance de soi - Non-dualit\u00e9 - M\u00e9ditation\" \/>\n<meta property=\"og:description\" content=\"Traduction libre La conscience ne peut \u00eatre enseign\u00e9e, et lorsqu\u2019elle est pr\u00e9sente, elle n\u2019a pas de contexte. Tous les contextes sont cr\u00e9\u00e9s par la pens\u00e9e et sont donc corruptibles par la pens\u00e9e. La conscience jette simplement de la lumi\u00e8re sur ce qui est, sans aucune s\u00e9paration. La conscience, l\u2019insight, l\u2019illumination, la pl\u00e9nitude \u2014, quels que [&hellip;]\" \/>\n<meta property=\"og:url\" content=\"https:\/\/www.revue3emillenaire.com\/blog\/la-conscience-par-toni-packer\/\" \/>\n<meta property=\"og:site_name\" content=\"3e mill\u00e9naire - Spiritualit\u00e9 - Connaissance de soi - Non-dualit\u00e9 - M\u00e9ditation\" \/>\n<meta property=\"article:published_time\" content=\"2022-06-26T12:52:30+00:00\" \/>\n<meta property=\"og:image\" content=\"https:\/\/www.revue3emillenaire.com\/blog\/wp-content\/uploads\/2022\/04\/toni-packer.jpg\" \/>\n\t<meta property=\"og:image:width\" content=\"260\" \/>\n\t<meta property=\"og:image:height\" content=\"296\" \/>\n\t<meta property=\"og:image:type\" content=\"image\/jpeg\" \/>\n<meta name=\"author\" content=\"3e mill\u00e9naire\" \/>\n<meta name=\"twitter:card\" content=\"summary_large_image\" \/>\n<meta name=\"twitter:label1\" content=\"\u00c9crit par\" \/>\n\t<meta name=\"twitter:data1\" content=\"3e mill\u00e9naire\" \/>\n\t<meta name=\"twitter:label2\" content=\"Dur\u00e9e de lecture estim\u00e9e\" \/>\n\t<meta name=\"twitter:data2\" content=\"3 minutes\" \/>\n<script type=\"application\/ld+json\" class=\"yoast-schema-graph\">{\"@context\":\"https:\/\/schema.org\",\"@graph\":[{\"@type\":\"Article\",\"@id\":\"https:\/\/www.revue3emillenaire.com\/blog\/la-conscience-par-toni-packer\/#article\",\"isPartOf\":{\"@id\":\"https:\/\/www.revue3emillenaire.com\/blog\/la-conscience-par-toni-packer\/\"},\"author\":{\"name\":\"3e mill\u00e9naire\",\"@id\":\"https:\/\/www.revue3emillenaire.com\/blog\/#\/schema\/person\/b692dacff720a5344a6190bc714397eb\"},\"headline\":\"La conscience par Toni Packer\",\"datePublished\":\"2022-06-26T12:52:30+00:00\",\"mainEntityOfPage\":{\"@id\":\"https:\/\/www.revue3emillenaire.com\/blog\/la-conscience-par-toni-packer\/\"},\"wordCount\":504,\"image\":{\"@id\":\"https:\/\/www.revue3emillenaire.com\/blog\/la-conscience-par-toni-packer\/#primaryimage\"},\"thumbnailUrl\":\"https:\/\/www.revue3emillenaire.com\/blog\/wp-content\/uploads\/2022\/04\/toni-packer.jpg\",\"keywords\":[\"connaissance de soi\"],\"articleSection\":[\"Packer Toni\"],\"inLanguage\":\"fr-FR\"},{\"@type\":\"WebPage\",\"@id\":\"https:\/\/www.revue3emillenaire.com\/blog\/la-conscience-par-toni-packer\/\",\"url\":\"https:\/\/www.revue3emillenaire.com\/blog\/la-conscience-par-toni-packer\/\",\"name\":\"La conscience par Toni Packer - 3e mill\u00e9naire - Spiritualit\u00e9 - Connaissance de soi - Non-dualit\u00e9 - M\u00e9ditation\",\"isPartOf\":{\"@id\":\"https:\/\/www.revue3emillenaire.com\/blog\/#website\"},\"primaryImageOfPage\":{\"@id\":\"https:\/\/www.revue3emillenaire.com\/blog\/la-conscience-par-toni-packer\/#primaryimage\"},\"image\":{\"@id\":\"https:\/\/www.revue3emillenaire.com\/blog\/la-conscience-par-toni-packer\/#primaryimage\"},\"thumbnailUrl\":\"https:\/\/www.revue3emillenaire.com\/blog\/wp-content\/uploads\/2022\/04\/toni-packer.jpg\",\"datePublished\":\"2022-06-26T12:52:30+00:00\",\"author\":{\"@id\":\"https:\/\/www.revue3emillenaire.com\/blog\/#\/schema\/person\/b692dacff720a5344a6190bc714397eb\"},\"breadcrumb\":{\"@id\":\"https:\/\/www.revue3emillenaire.com\/blog\/la-conscience-par-toni-packer\/#breadcrumb\"},\"inLanguage\":\"fr-FR\",\"potentialAction\":[{\"@type\":\"ReadAction\",\"target\":[\"https:\/\/www.revue3emillenaire.com\/blog\/la-conscience-par-toni-packer\/\"]}]},{\"@type\":\"ImageObject\",\"inLanguage\":\"fr-FR\",\"@id\":\"https:\/\/www.revue3emillenaire.com\/blog\/la-conscience-par-toni-packer\/#primaryimage\",\"url\":\"https:\/\/www.revue3emillenaire.com\/blog\/wp-content\/uploads\/2022\/04\/toni-packer.jpg\",\"contentUrl\":\"https:\/\/www.revue3emillenaire.com\/blog\/wp-content\/uploads\/2022\/04\/toni-packer.jpg\",\"width\":260,\"height\":296},{\"@type\":\"BreadcrumbList\",\"@id\":\"https:\/\/www.revue3emillenaire.com\/blog\/la-conscience-par-toni-packer\/#breadcrumb\",\"itemListElement\":[{\"@type\":\"ListItem\",\"position\":1,\"name\":\"Accueil\",\"item\":\"https:\/\/www.revue3emillenaire.com\/blog\/\"},{\"@type\":\"ListItem\",\"position\":2,\"name\":\"La conscience par Toni Packer\"}]},{\"@type\":\"WebSite\",\"@id\":\"https:\/\/www.revue3emillenaire.com\/blog\/#website\",\"url\":\"https:\/\/www.revue3emillenaire.com\/blog\/\",\"name\":\"3e mill\u00e9naire - Spiritualit\u00e9 - Connaissance de soi - Non-dualit\u00e9 - M\u00e9ditation\",\"description\":\"L&#039;Homme en devenir\",\"potentialAction\":[{\"@type\":\"SearchAction\",\"target\":{\"@type\":\"EntryPoint\",\"urlTemplate\":\"https:\/\/www.revue3emillenaire.com\/blog\/?s={search_term_string}\"},\"query-input\":{\"@type\":\"PropertyValueSpecification\",\"valueRequired\":true,\"valueName\":\"search_term_string\"}}],\"inLanguage\":\"fr-FR\"},{\"@type\":\"Person\",\"@id\":\"https:\/\/www.revue3emillenaire.com\/blog\/#\/schema\/person\/b692dacff720a5344a6190bc714397eb\",\"name\":\"3e mill\u00e9naire\",\"url\":\"https:\/\/www.revue3emillenaire.com\/blog\/author\/scoussa\/\"}]}<\/script>\n<!-- \/ Yoast SEO plugin. -->","yoast_head_json":{"title":"La conscience par Toni Packer - 3e mill\u00e9naire - Spiritualit\u00e9 - Connaissance de soi - Non-dualit\u00e9 - M\u00e9ditation","robots":{"index":"index","follow":"follow","max-snippet":"max-snippet:-1","max-image-preview":"max-image-preview:large","max-video-preview":"max-video-preview:-1"},"canonical":"https:\/\/www.revue3emillenaire.com\/blog\/la-conscience-par-toni-packer\/","og_locale":"fr_FR","og_type":"article","og_title":"La conscience par Toni Packer - 3e mill\u00e9naire - Spiritualit\u00e9 - Connaissance de soi - Non-dualit\u00e9 - M\u00e9ditation","og_description":"Traduction libre La conscience ne peut \u00eatre enseign\u00e9e, et lorsqu\u2019elle est pr\u00e9sente, elle n\u2019a pas de contexte. Tous les contextes sont cr\u00e9\u00e9s par la pens\u00e9e et sont donc corruptibles par la pens\u00e9e. La conscience jette simplement de la lumi\u00e8re sur ce qui est, sans aucune s\u00e9paration. La conscience, l\u2019insight, l\u2019illumination, la pl\u00e9nitude \u2014, quels que [&hellip;]","og_url":"https:\/\/www.revue3emillenaire.com\/blog\/la-conscience-par-toni-packer\/","og_site_name":"3e mill\u00e9naire - Spiritualit\u00e9 - Connaissance de soi - Non-dualit\u00e9 - M\u00e9ditation","article_published_time":"2022-06-26T12:52:30+00:00","og_image":[{"width":260,"height":296,"url":"https:\/\/www.revue3emillenaire.com\/blog\/wp-content\/uploads\/2022\/04\/toni-packer.jpg","type":"image\/jpeg"}],"author":"3e mill\u00e9naire","twitter_card":"summary_large_image","twitter_misc":{"\u00c9crit par":"3e mill\u00e9naire","Dur\u00e9e de lecture estim\u00e9e":"3 minutes"},"schema":{"@context":"https:\/\/schema.org","@graph":[{"@type":"Article","@id":"https:\/\/www.revue3emillenaire.com\/blog\/la-conscience-par-toni-packer\/#article","isPartOf":{"@id":"https:\/\/www.revue3emillenaire.com\/blog\/la-conscience-par-toni-packer\/"},"author":{"name":"3e mill\u00e9naire","@id":"https:\/\/www.revue3emillenaire.com\/blog\/#\/schema\/person\/b692dacff720a5344a6190bc714397eb"},"headline":"La conscience par Toni Packer","datePublished":"2022-06-26T12:52:30+00:00","mainEntityOfPage":{"@id":"https:\/\/www.revue3emillenaire.com\/blog\/la-conscience-par-toni-packer\/"},"wordCount":504,"image":{"@id":"https:\/\/www.revue3emillenaire.com\/blog\/la-conscience-par-toni-packer\/#primaryimage"},"thumbnailUrl":"https:\/\/www.revue3emillenaire.com\/blog\/wp-content\/uploads\/2022\/04\/toni-packer.jpg","keywords":["connaissance de soi"],"articleSection":["Packer Toni"],"inLanguage":"fr-FR"},{"@type":"WebPage","@id":"https:\/\/www.revue3emillenaire.com\/blog\/la-conscience-par-toni-packer\/","url":"https:\/\/www.revue3emillenaire.com\/blog\/la-conscience-par-toni-packer\/","name":"La conscience par Toni Packer - 3e mill\u00e9naire - Spiritualit\u00e9 - Connaissance de soi - Non-dualit\u00e9 - M\u00e9ditation","isPartOf":{"@id":"https:\/\/www.revue3emillenaire.com\/blog\/#website"},"primaryImageOfPage":{"@id":"https:\/\/www.revue3emillenaire.com\/blog\/la-conscience-par-toni-packer\/#primaryimage"},"image":{"@id":"https:\/\/www.revue3emillenaire.com\/blog\/la-conscience-par-toni-packer\/#primaryimage"},"thumbnailUrl":"https:\/\/www.revue3emillenaire.com\/blog\/wp-content\/uploads\/2022\/04\/toni-packer.jpg","datePublished":"2022-06-26T12:52:30+00:00","author":{"@id":"https:\/\/www.revue3emillenaire.com\/blog\/#\/schema\/person\/b692dacff720a5344a6190bc714397eb"},"breadcrumb":{"@id":"https:\/\/www.revue3emillenaire.com\/blog\/la-conscience-par-toni-packer\/#breadcrumb"},"inLanguage":"fr-FR","potentialAction":[{"@type":"ReadAction","target":["https:\/\/www.revue3emillenaire.com\/blog\/la-conscience-par-toni-packer\/"]}]},{"@type":"ImageObject","inLanguage":"fr-FR","@id":"https:\/\/www.revue3emillenaire.com\/blog\/la-conscience-par-toni-packer\/#primaryimage","url":"https:\/\/www.revue3emillenaire.com\/blog\/wp-content\/uploads\/2022\/04\/toni-packer.jpg","contentUrl":"https:\/\/www.revue3emillenaire.com\/blog\/wp-content\/uploads\/2022\/04\/toni-packer.jpg","width":260,"height":296},{"@type":"BreadcrumbList","@id":"https:\/\/www.revue3emillenaire.com\/blog\/la-conscience-par-toni-packer\/#breadcrumb","itemListElement":[{"@type":"ListItem","position":1,"name":"Accueil","item":"https:\/\/www.revue3emillenaire.com\/blog\/"},{"@type":"ListItem","position":2,"name":"La conscience par Toni Packer"}]},{"@type":"WebSite","@id":"https:\/\/www.revue3emillenaire.com\/blog\/#website","url":"https:\/\/www.revue3emillenaire.com\/blog\/","name":"3e mill\u00e9naire - Spiritualit\u00e9 - Connaissance de soi - Non-dualit\u00e9 - M\u00e9ditation","description":"L&#039;Homme en devenir","potentialAction":[{"@type":"SearchAction","target":{"@type":"EntryPoint","urlTemplate":"https:\/\/www.revue3emillenaire.com\/blog\/?s={search_term_string}"},"query-input":{"@type":"PropertyValueSpecification","valueRequired":true,"valueName":"search_term_string"}}],"inLanguage":"fr-FR"},{"@type":"Person","@id":"https:\/\/www.revue3emillenaire.com\/blog\/#\/schema\/person\/b692dacff720a5344a6190bc714397eb","name":"3e mill\u00e9naire","url":"https:\/\/www.revue3emillenaire.com\/blog\/author\/scoussa\/"}]}},"_links":{"self":[{"href":"https:\/\/www.revue3emillenaire.com\/blog\/wp-json\/wp\/v2\/posts\/18996","targetHints":{"allow":["GET"]}}],"collection":[{"href":"https:\/\/www.revue3emillenaire.com\/blog\/wp-json\/wp\/v2\/posts"}],"about":[{"href":"https:\/\/www.revue3emillenaire.com\/blog\/wp-json\/wp\/v2\/types\/post"}],"author":[{"embeddable":true,"href":"https:\/\/www.revue3emillenaire.com\/blog\/wp-json\/wp\/v2\/users\/2"}],"replies":[{"embeddable":true,"href":"https:\/\/www.revue3emillenaire.com\/blog\/wp-json\/wp\/v2\/comments?post=18996"}],"version-history":[{"count":0,"href":"https:\/\/www.revue3emillenaire.com\/blog\/wp-json\/wp\/v2\/posts\/18996\/revisions"}],"wp:featuredmedia":[{"embeddable":true,"href":"https:\/\/www.revue3emillenaire.com\/blog\/wp-json\/wp\/v2\/media\/18915"}],"wp:attachment":[{"href":"https:\/\/www.revue3emillenaire.com\/blog\/wp-json\/wp\/v2\/media?parent=18996"}],"wp:term":[{"taxonomy":"category","embeddable":true,"href":"https:\/\/www.revue3emillenaire.com\/blog\/wp-json\/wp\/v2\/categories?post=18996"},{"taxonomy":"post_tag","embeddable":true,"href":"https:\/\/www.revue3emillenaire.com\/blog\/wp-json\/wp\/v2\/tags?post=18996"}],"curies":[{"name":"wp","href":"https:\/\/api.w.org\/{rel}","templated":true}]}}