{"id":19296,"date":"2023-06-16T02:00:00","date_gmt":"2023-06-16T01:00:00","guid":{"rendered":"https:\/\/www.revue3emillenaire.com\/blog\/?p=19296"},"modified":"2023-06-16T02:00:00","modified_gmt":"2023-06-16T01:00:00","slug":"le-coeur-de-la-spiritualite-par-joan-tollifson","status":"publish","type":"post","link":"https:\/\/www.revue3emillenaire.com\/blog\/le-coeur-de-la-spiritualite-par-joan-tollifson\/","title":{"rendered":"Le c\u0153ur de la spiritualit\u00e9 par Joan Tollifson"},"content":{"rendered":"<p align=\"justify\"><i>Traduction libre<\/i><\/p>\n<p align=\"justify\">26\u00a0AVRIL 2023<\/p>\n<p align=\"justify\">Marcher en ce matin de printemps, s\u2019asseoir dans un champ de pissenlits et d\u2019herbes vertes, tout est \u00e9tincelant de lumi\u00e8re. Nous observons les abeilles, les coccinelles et les fourmis qui parcourent ce pays des merveilles, se r\u00e9galant des aliments. Un troupeau de cerfs passe en broutant l\u2019herbe haute, tandis qu\u2019au-dessus de nous, les nuages les plus blancs, les plus propres et les plus lumineux sont immobiles dans le ciel le plus bleu qui soit. En \u00e9coutant les oiseaux chanter tant de choses diff\u00e9rentes, les grenouilles coasser, un jet solitaire passer dans le ciel, mon c\u0153ur se remplit de joie, voyant Dieu partout, brillant en toute chose.<\/p>\n<p align=\"justify\">Je sais que le mot \u00ab\u00a0Dieu\u00a0\u00bb est un anath\u00e8me pour certains d\u2019entre vous, alors laissez-moi clarifier les choses. Pour moi, le mot Dieu \u00e9voque le c\u0153ur de la cr\u00e9ation, l\u2019amour inconditionnel, l\u2019\u00e9veil de la pr\u00e9sence, la pl\u00e9nitude de la vie, la vivacit\u00e9 et l\u2019\u00e9merveillement de toute chose, l\u2019ouverture et le calme de la pr\u00e9sence, le c\u0153ur, l\u2019obscurit\u00e9 germinale ou le potentiel infini qui engendre tout, le vide (<span lang=\"en-US\"><i>no-thing-ness<\/i><\/span><span lang=\"en-US\">) <\/span>de tout, le z\u00e9ro au centre, le silence, l\u2019ouverture de l\u2019ici et maintenant, l\u2019unicit\u00e9, le grand myst\u00e8re, ce que Ramana Maharshi appelait le Soi ou ce que le bouddhisme appelle la vacuit\u00e9.<\/p>\n<p align=\"justify\">Cette conscience illimit\u00e9e ou cet amour inconditionnel est toujours pr\u00e9sent, mais passe souvent inaper\u00e7u lorsque l\u2019attention est capt\u00e9e par des histoires et le sentiment d\u2019\u00eatre un \u00ab\u00a0moi\u00a0\u00bb s\u00e9par\u00e9 et encapsul\u00e9. De cette entr\u00e9e hypnotique dans le syst\u00e8me du moi naissent le conflit, la confusion et la souffrance. Lorsque ce charme hypnotique est rompu (pas pour toujours, mais MAINTENANT), lorsque le film entier de la vie \u00e9veill\u00e9e (le bon, le mauvais, le beau, le laid) est vu \u00e0 partir de la conscience, de l\u2019amour inconditionnel, de la pl\u00e9nitude, il y a une reconnaissance profonde que tout est bien. La conscience a de l\u2019espace pour que tout soit tel que c\u2019est, et dans cet espace, il y a une possibilit\u00e9 infinie pour que quelque chose de nouveau surgisse. Dieu est un autre mot pour d\u00e9signer cette conscience ouverte et spacieuse (ici et maintenant), l\u2019amour inconditionnel qui contemple tout, une fa\u00e7on de voir dans laquelle il y a acceptation, gratitude et compassion. Et o\u00f9 l\u2019amour est-il le plus n\u00e9cessaire, si ce n\u2019est dans les endroits les plus sombres\u00a0?<\/p>\n<p align=\"justify\"><a name=\"_GoBack\"><\/a> Dieu est un mot avec lequel je suis en r\u00e9sonance, peut-\u00eatre parce que je n\u2019ai pas \u00e9t\u00e9 \u00e9lev\u00e9e dans une religion organis\u00e9e. Mon p\u00e8re \u00e9tait un ath\u00e9e scientifique passionn\u00e9 de physique et d\u2019ing\u00e9nierie, et pour ma m\u00e8re, Dieu \u00e9tait un autre mot pour d\u00e9signer l\u2019amour et toutes les possibilit\u00e9s. Tr\u00e8s t\u00f4t, j\u2019ai \u00e9t\u00e9 profond\u00e9ment attir\u00e9 par la religion\u00a0: je lisais des livres sur les religions du monde, j\u2019inventais des religions dans ma chambre pendant les moments de silence et je me promenais dans les \u00e9glises et les temples partout o\u00f9 j\u2019allais, attir\u00e9 par quelque chose d\u2019innommable que je ressentais l\u00e0. Lorsque j\u2019ai d\u00e9cid\u00e9 de rejoindre bri\u00e8vement une \u00e9glise au d\u00e9but de mon adolescence, le pasteur de la jeunesse m\u2019a dit que Dieu \u00e9tait un autre mot pour d\u00e9signer l\u2019\u00e9nergie ou l\u2019univers. Le J\u00e9sus que j\u2019ai rencontr\u00e9 dans les \u00c9vangiles semblait tout entier tourn\u00e9 vers l\u2019amour, la compassion pour les exclus et les laiss\u00e9s-pour-compte, et une sorte de foi qui n\u2019\u00e9tait pas une question de croyance.<\/p>\n<p align=\"justify\">Des d\u00e9cennies plus tard, lorsque je suis all\u00e9e au Nicaragua apr\u00e8s la r\u00e9volution sandiniste, j\u2019ai v\u00e9cu avec une famille dans un barrio et je l\u2019ai accompagn\u00e9e \u00e0 son \u00e9glise catholique de th\u00e9ologie de la lib\u00e9ration tous les dimanches \u2014 les chiens et les enfants couraient librement dans les all\u00e9es, les gens s\u2019embrassaient, des chants \u00e9taient chant\u00e9s, des peintures r\u00e9volutionnaires de travailleurs agricoles ornaient les murs \u2014 et mes comp\u00e9tences en espagnol \u00e9taient si faibles que je n\u2019ai pas compris les dogmes g\u00eanants qu\u2019il pouvait y avoir. J\u2019ai simplement ressenti l\u2019amour, l\u2019\u00e9nergie et le c\u0153ur.<\/p>\n<p align=\"justify\">Finalement, j\u2019ai \u00e9t\u00e9 attir\u00e9e par la simplicit\u00e9 d\u00e9pouill\u00e9e, vide et \u00e9l\u00e9gante des zendos (espaces de m\u00e9ditation zen), puis par la salle de m\u00e9ditation ouverte et lumineuse du Springwater Center, avec ses immenses fen\u00eatres donnant sur les champs. Dans tous ces lieux, j\u2019ai ressenti un sentiment palpable d\u2019ouverture et de silence, ainsi que le calme qui subsiste lorsque toutes les id\u00e9es et croyances s\u2019\u00e9vanouissent.<\/p>\n<p align=\"justify\">Ainsi, si le mot Dieu vous g\u00eane, remplacez-le par un autre. Ce qui compte, ce ne sont pas les mots, mais ce vers quoi ils pointent. Et tels que je les entends, tous ces mots pointent vers un sentiment d\u2019espace et de pr\u00e9sence ouverte, une fa\u00e7on de voir et d\u2019\u00eatre qui est \u00e9veill\u00e9e et inclusive. C\u2019est ce que la spiritualit\u00e9, \u00e0 mon avis, signifie vraiment \u2014 pas de croyances, d\u2019id\u00e9es, de codes moraux, de dogmes ou autres, mais l\u2019exp\u00e9rience directe, ici et maintenant \u2014 l\u2019ouverture \u00e0 une dimension de l\u2019\u00eatre que l\u2019on pourrait appeler l\u2019amour ou la joie \u2014 et le fait de la trouver partout, pas seulement dans les beaux endroits.<\/p>\n<p align=\"justify\">Car, comme nous le savons tous, la vie n\u2019est pas toujours un jour de printemps idyllique. Il y a beaucoup de chagrins dans ce monde, et au cours d\u2019une vie ordinaire, de nombreux d\u00e9fis profonds se posent. Mais m\u00eame au milieu de ce que certains pourraient consid\u00e9rer comme la pire des malchances, les gens parviennent \u00e0 trouver la beaut\u00e9 et l\u2019amour. Je pense \u00e0 Jacques Lusseyran, dont le livre puissant <span style=\"color: #000000;\"><span style=\"font-family: garamond, serif;\"><i>Et la lumi\u00e8re fut,<\/i><\/span><\/span><i> <\/i> \u00e9tait l\u2019un des pr\u00e9f\u00e9r\u00e9s de Toni Packer. Lusseyran est devenu d\u00e9finitivement aveugle \u00e0 la suite d\u2019un accident survenu dans son enfance et a presque imm\u00e9diatement per\u00e7u cette nouvelle fa\u00e7on de percevoir le monde comme un don plut\u00f4t que comme une entrave. Plus tard, il a \u00e9t\u00e9 l\u2019un des leaders de la R\u00e9sistance fran\u00e7aise contre les nazis et, apr\u00e8s avoir \u00e9t\u00e9 captur\u00e9, il a pass\u00e9 quinze mois dans le camp de concentration de Buchenwald. M\u00eame l\u00e0, il a r\u00e9ussi \u00e0 trouver la lumi\u00e8re dans les t\u00e9n\u00e8bres. Je peux honn\u00eatement dire que je ressens une v\u00e9ritable gratitude pour les choses de ma vie que je n\u2019aurais jamais choisies, des choses qui ont impliqu\u00e9 de la douleur et des pertes, comme la perte d\u2019une main et d\u2019une partie d\u2019un bras, la quasi-mort due \u00e0 l\u2019abus d\u2019alcool et de drogues, ou un cancer presque mortel qui m\u2019a laiss\u00e9 avec une stomie. Chacun de ces \u00e9v\u00e9nements a \u00e9t\u00e9 un cadeau \u00e0 bien des \u00e9gards.<\/p>\n<p align=\"justify\">Je sais aussi que l\u2019une des choses que beaucoup d\u2019entre nous redoutent le plus en vieillissant, c\u2019est d\u2019\u00eatre atteint d\u2019une forme de d\u00e9mence, en particulier l\u2019une des plus \u00e9prouvantes. Un enseignant de m\u00e9ditation et auteur tr\u00e8s appr\u00e9ci\u00e9 de la r\u00e9gion de la Baie, dont j\u2019appr\u00e9cie les \u00e9crits depuis des dizaines d\u2019ann\u00e9es, est confront\u00e9 \u00e0 cette situation.<\/p>\n<p align=\"justify\">Dieu (pr\u00e9sence, esprit, amour inconditionnel, conscience ouverte, ou tout autre mot qui r\u00e9sonne en vous) n\u2019est pas une chose en laquelle il faut croire ou ne pas croire. Ce n\u2019est pas une id\u00e9e \u00e0 d\u00e9battre. C\u2019est une r\u00e9alit\u00e9 palpable ici et maintenant. C\u2019est une fa\u00e7on de voir et d\u2019\u00eatre qui est exp\u00e9rimentale, que l\u2019on peut d\u00e9couvrir et, oui, que l\u2019on peut cultiver. Bien s\u00fbr, cultiver et pratiquer sont toujours paradoxaux, parce que ce qui est cultiv\u00e9 est toujours d\u00e9j\u00e0 pleinement pr\u00e9sent. Ce n\u2019est jamais absent. Et pourtant, c\u2019est si proche, si intime, si complet qu\u2019il est facile de l\u2019oublier. En imaginant son absence, nous devenons comme le proverbial poisson qui cherche de l\u2019eau. Lorsque l\u2019attention est capt\u00e9e par la pens\u00e9e-sens de la s\u00e9paration et de l\u2019encapsulation, c\u2019est exactement ce qui se produit\u00a0: nous nous imaginons comme un petit \u00eatre perdu et d\u00e9ficient \u00e0 la recherche de la pl\u00e9nitude (ou du bonheur, ou de l\u2019amour, ou de la paix), en pensant que c\u2019est \u00ab\u00a0l\u00e0\u00a0\u00bb, quelque part. En la cherchant, nous la n\u00e9gligeons. Alors, que faire\u00a0? Toni Packer (s\u2019inspirant des panneaux de signalisation) avait l\u2019habitude de dire\u00a0: Arr\u00eatez-vous. Regardez. \u00c9coutez.<\/p>\n<p align=\"justify\">R\u00e9veillez-vous. Tout de suite. Ici et maintenant. Sentez les fleurs. Sentez la pr\u00e9sence. Et peut-\u00eatre, envoyez un cadeau \u00e0 un compagnon de route dont l\u2019itin\u00e9raire a pris un tournant tr\u00e8s difficile. Ce tournant ind\u00e9sirable me fait penser \u00e0 ce qu\u2019a dit un jour le ma\u00eetre zen Katagiri Roshi, que je vais paraphraser du mieux que je peux\u00a0: \u00ab\u00a0L\u2019illumination\u00a0\u00bb, a-t-il dit, \u00ab\u00a0n\u2019est pas de mourir d\u2019une bonne mort\u00a0; l\u2019illumination est de ne pas avoir besoin de mourir d\u2019une bonne mort\u00a0\u00bb. Et par \u00ab\u00a0une bonne mort\u00a0\u00bb, je suppose qu\u2019il entendait soit une mort sans douleur, soit une de ces morts exemplaires des l\u00e9gendes zen o\u00f9 le ma\u00eetre mourant est totalement calme, pronon\u00e7ant un po\u00e8me zen juste avant d\u2019expirer, un sourire b\u00e9at sur les l\u00e8vres \u2014 mais certainement pas en train de hurler de douleur ou perdu dans une hallucination terrifiante. Karagiri nous dit qu\u2019une mort vraiment bonne (ou une vie vraiment bonne) n\u2019est pas le fruit de nos id\u00e9es et de nos id\u00e9aux sur la fa\u00e7on dont nous pensons que nous ou qu\u2019elle devrait \u00eatre. La vie est toujours telle qu\u2019elle est, et non telle que nous pensons qu\u2019elle devrait \u00eatre. Et tout ce qui se pr\u00e9sente est, \u00e0 ce moment-l\u00e0, le seul possible. Ce que Katagiri a dit s\u2019applique \u00e9galement \u00e0 la vie, et pas seulement \u00e0 la mort, et je soup\u00e7onne que la vie et la mort sont fondamentalement identiques.<\/p>\n<p align=\"justify\">Comme je l\u2019ai d\u00e9couvert, l\u2019\u00e9veil spirituel, tout comme la vie et la mort, est un grand processus de d\u00e9pouillement, et nous n\u2019en contr\u00f4lons rien. Du point de vue du petit \u00ab\u00a0moi\u00a0\u00bb, cela semble \u00e9pouvantable, mais la prise de conscience (et la dissolution de cette s\u00e9paration imaginaire) est extr\u00eamement relaxante.<\/p>\n<p align=\"justify\">Merci \u00e0 tous d\u2019\u00eatre l\u00e0.<\/p>\n","protected":false},"excerpt":{"rendered":"<p>Traduction libre 26\u00a0AVRIL 2023 Marcher en ce matin de printemps, s\u2019asseoir dans un champ de pissenlits et d\u2019herbes vertes, tout est \u00e9tincelant de lumi\u00e8re. Nous observons les abeilles, les coccinelles et les fourmis qui parcourent ce pays des merveilles, se r\u00e9galant des aliments. Un troupeau de cerfs passe en broutant l\u2019herbe haute, tandis qu\u2019au-dessus de [&hellip;]<\/p>\n","protected":false},"author":2,"featured_media":18434,"comment_status":"closed","ping_status":"closed","sticky":false,"template":"","format":"standard","meta":{"footnotes":""},"categories":[1558],"tags":[8],"class_list":["post-19296","post","type-post","status-publish","format-standard","has-post-thumbnail","hentry","category-tollifson-joan","tag-non-dualite"],"yoast_head":"<!-- This site is optimized with the Yoast SEO plugin v27.0 - https:\/\/yoast.com\/product\/yoast-seo-wordpress\/ -->\n<title>Le c\u0153ur de la spiritualit\u00e9 par Joan Tollifson - 3e mill\u00e9naire - Spiritualit\u00e9 - Connaissance de soi - Non-dualit\u00e9 - M\u00e9ditation<\/title>\n<meta name=\"robots\" content=\"index, follow, max-snippet:-1, max-image-preview:large, max-video-preview:-1\" \/>\n<link rel=\"canonical\" href=\"https:\/\/www.revue3emillenaire.com\/blog\/le-coeur-de-la-spiritualite-par-joan-tollifson\/\" \/>\n<meta property=\"og:locale\" content=\"fr_FR\" \/>\n<meta property=\"og:type\" content=\"article\" \/>\n<meta property=\"og:title\" content=\"Le c\u0153ur de la spiritualit\u00e9 par Joan Tollifson - 3e mill\u00e9naire - Spiritualit\u00e9 - Connaissance de soi - Non-dualit\u00e9 - M\u00e9ditation\" \/>\n<meta property=\"og:description\" content=\"Traduction libre 26\u00a0AVRIL 2023 Marcher en ce matin de printemps, s\u2019asseoir dans un champ de pissenlits et d\u2019herbes vertes, tout est \u00e9tincelant de lumi\u00e8re. Nous observons les abeilles, les coccinelles et les fourmis qui parcourent ce pays des merveilles, se r\u00e9galant des aliments. Un troupeau de cerfs passe en broutant l\u2019herbe haute, tandis qu\u2019au-dessus de [&hellip;]\" \/>\n<meta property=\"og:url\" content=\"https:\/\/www.revue3emillenaire.com\/blog\/le-coeur-de-la-spiritualite-par-joan-tollifson\/\" \/>\n<meta property=\"og:site_name\" content=\"3e mill\u00e9naire - Spiritualit\u00e9 - Connaissance de soi - Non-dualit\u00e9 - M\u00e9ditation\" \/>\n<meta property=\"article:published_time\" content=\"2023-06-16T01:00:00+00:00\" \/>\n<meta property=\"og:image\" content=\"https:\/\/www.revue3emillenaire.com\/blog\/wp-content\/uploads\/2021\/05\/Joan-Tollifson.jpg\" \/>\n\t<meta property=\"og:image:width\" content=\"230\" \/>\n\t<meta property=\"og:image:height\" content=\"258\" \/>\n\t<meta property=\"og:image:type\" content=\"image\/jpeg\" \/>\n<meta name=\"author\" content=\"3e mill\u00e9naire\" \/>\n<meta name=\"twitter:card\" content=\"summary_large_image\" \/>\n<meta name=\"twitter:label1\" content=\"\u00c9crit par\" \/>\n\t<meta name=\"twitter:data1\" content=\"3e mill\u00e9naire\" \/>\n\t<meta name=\"twitter:label2\" content=\"Dur\u00e9e de lecture estim\u00e9e\" \/>\n\t<meta name=\"twitter:data2\" content=\"9 minutes\" \/>\n<script type=\"application\/ld+json\" class=\"yoast-schema-graph\">{\"@context\":\"https:\/\/schema.org\",\"@graph\":[{\"@type\":\"Article\",\"@id\":\"https:\/\/www.revue3emillenaire.com\/blog\/le-coeur-de-la-spiritualite-par-joan-tollifson\/#article\",\"isPartOf\":{\"@id\":\"https:\/\/www.revue3emillenaire.com\/blog\/le-coeur-de-la-spiritualite-par-joan-tollifson\/\"},\"author\":{\"name\":\"3e mill\u00e9naire\",\"@id\":\"https:\/\/www.revue3emillenaire.com\/blog\/#\/schema\/person\/b692dacff720a5344a6190bc714397eb\"},\"headline\":\"Le c\u0153ur de la spiritualit\u00e9 par Joan Tollifson\",\"datePublished\":\"2023-06-16T01:00:00+00:00\",\"mainEntityOfPage\":{\"@id\":\"https:\/\/www.revue3emillenaire.com\/blog\/le-coeur-de-la-spiritualite-par-joan-tollifson\/\"},\"wordCount\":1821,\"image\":{\"@id\":\"https:\/\/www.revue3emillenaire.com\/blog\/le-coeur-de-la-spiritualite-par-joan-tollifson\/#primaryimage\"},\"thumbnailUrl\":\"https:\/\/www.revue3emillenaire.com\/blog\/wp-content\/uploads\/2021\/05\/Joan-Tollifson.jpg\",\"keywords\":[\"Non-dualit\u00e9\"],\"articleSection\":[\"Tollifson Joan\"],\"inLanguage\":\"fr-FR\"},{\"@type\":\"WebPage\",\"@id\":\"https:\/\/www.revue3emillenaire.com\/blog\/le-coeur-de-la-spiritualite-par-joan-tollifson\/\",\"url\":\"https:\/\/www.revue3emillenaire.com\/blog\/le-coeur-de-la-spiritualite-par-joan-tollifson\/\",\"name\":\"Le c\u0153ur de la spiritualit\u00e9 par Joan Tollifson - 3e mill\u00e9naire - Spiritualit\u00e9 - Connaissance de soi - Non-dualit\u00e9 - M\u00e9ditation\",\"isPartOf\":{\"@id\":\"https:\/\/www.revue3emillenaire.com\/blog\/#website\"},\"primaryImageOfPage\":{\"@id\":\"https:\/\/www.revue3emillenaire.com\/blog\/le-coeur-de-la-spiritualite-par-joan-tollifson\/#primaryimage\"},\"image\":{\"@id\":\"https:\/\/www.revue3emillenaire.com\/blog\/le-coeur-de-la-spiritualite-par-joan-tollifson\/#primaryimage\"},\"thumbnailUrl\":\"https:\/\/www.revue3emillenaire.com\/blog\/wp-content\/uploads\/2021\/05\/Joan-Tollifson.jpg\",\"datePublished\":\"2023-06-16T01:00:00+00:00\",\"author\":{\"@id\":\"https:\/\/www.revue3emillenaire.com\/blog\/#\/schema\/person\/b692dacff720a5344a6190bc714397eb\"},\"breadcrumb\":{\"@id\":\"https:\/\/www.revue3emillenaire.com\/blog\/le-coeur-de-la-spiritualite-par-joan-tollifson\/#breadcrumb\"},\"inLanguage\":\"fr-FR\",\"potentialAction\":[{\"@type\":\"ReadAction\",\"target\":[\"https:\/\/www.revue3emillenaire.com\/blog\/le-coeur-de-la-spiritualite-par-joan-tollifson\/\"]}]},{\"@type\":\"ImageObject\",\"inLanguage\":\"fr-FR\",\"@id\":\"https:\/\/www.revue3emillenaire.com\/blog\/le-coeur-de-la-spiritualite-par-joan-tollifson\/#primaryimage\",\"url\":\"https:\/\/www.revue3emillenaire.com\/blog\/wp-content\/uploads\/2021\/05\/Joan-Tollifson.jpg\",\"contentUrl\":\"https:\/\/www.revue3emillenaire.com\/blog\/wp-content\/uploads\/2021\/05\/Joan-Tollifson.jpg\",\"width\":230,\"height\":258},{\"@type\":\"BreadcrumbList\",\"@id\":\"https:\/\/www.revue3emillenaire.com\/blog\/le-coeur-de-la-spiritualite-par-joan-tollifson\/#breadcrumb\",\"itemListElement\":[{\"@type\":\"ListItem\",\"position\":1,\"name\":\"Accueil\",\"item\":\"https:\/\/www.revue3emillenaire.com\/blog\/\"},{\"@type\":\"ListItem\",\"position\":2,\"name\":\"Le c\u0153ur de la spiritualit\u00e9 par Joan Tollifson\"}]},{\"@type\":\"WebSite\",\"@id\":\"https:\/\/www.revue3emillenaire.com\/blog\/#website\",\"url\":\"https:\/\/www.revue3emillenaire.com\/blog\/\",\"name\":\"3e mill\u00e9naire - Spiritualit\u00e9 - Connaissance de soi - Non-dualit\u00e9 - M\u00e9ditation\",\"description\":\"L&#039;Homme en devenir\",\"potentialAction\":[{\"@type\":\"SearchAction\",\"target\":{\"@type\":\"EntryPoint\",\"urlTemplate\":\"https:\/\/www.revue3emillenaire.com\/blog\/?s={search_term_string}\"},\"query-input\":{\"@type\":\"PropertyValueSpecification\",\"valueRequired\":true,\"valueName\":\"search_term_string\"}}],\"inLanguage\":\"fr-FR\"},{\"@type\":\"Person\",\"@id\":\"https:\/\/www.revue3emillenaire.com\/blog\/#\/schema\/person\/b692dacff720a5344a6190bc714397eb\",\"name\":\"3e mill\u00e9naire\",\"url\":\"https:\/\/www.revue3emillenaire.com\/blog\/author\/scoussa\/\"}]}<\/script>\n<!-- \/ Yoast SEO plugin. -->","yoast_head_json":{"title":"Le c\u0153ur de la spiritualit\u00e9 par Joan Tollifson - 3e mill\u00e9naire - Spiritualit\u00e9 - Connaissance de soi - Non-dualit\u00e9 - M\u00e9ditation","robots":{"index":"index","follow":"follow","max-snippet":"max-snippet:-1","max-image-preview":"max-image-preview:large","max-video-preview":"max-video-preview:-1"},"canonical":"https:\/\/www.revue3emillenaire.com\/blog\/le-coeur-de-la-spiritualite-par-joan-tollifson\/","og_locale":"fr_FR","og_type":"article","og_title":"Le c\u0153ur de la spiritualit\u00e9 par Joan Tollifson - 3e mill\u00e9naire - Spiritualit\u00e9 - Connaissance de soi - Non-dualit\u00e9 - M\u00e9ditation","og_description":"Traduction libre 26\u00a0AVRIL 2023 Marcher en ce matin de printemps, s\u2019asseoir dans un champ de pissenlits et d\u2019herbes vertes, tout est \u00e9tincelant de lumi\u00e8re. Nous observons les abeilles, les coccinelles et les fourmis qui parcourent ce pays des merveilles, se r\u00e9galant des aliments. Un troupeau de cerfs passe en broutant l\u2019herbe haute, tandis qu\u2019au-dessus de [&hellip;]","og_url":"https:\/\/www.revue3emillenaire.com\/blog\/le-coeur-de-la-spiritualite-par-joan-tollifson\/","og_site_name":"3e mill\u00e9naire - Spiritualit\u00e9 - Connaissance de soi - Non-dualit\u00e9 - M\u00e9ditation","article_published_time":"2023-06-16T01:00:00+00:00","og_image":[{"width":230,"height":258,"url":"https:\/\/www.revue3emillenaire.com\/blog\/wp-content\/uploads\/2021\/05\/Joan-Tollifson.jpg","type":"image\/jpeg"}],"author":"3e mill\u00e9naire","twitter_card":"summary_large_image","twitter_misc":{"\u00c9crit par":"3e mill\u00e9naire","Dur\u00e9e de lecture estim\u00e9e":"9 minutes"},"schema":{"@context":"https:\/\/schema.org","@graph":[{"@type":"Article","@id":"https:\/\/www.revue3emillenaire.com\/blog\/le-coeur-de-la-spiritualite-par-joan-tollifson\/#article","isPartOf":{"@id":"https:\/\/www.revue3emillenaire.com\/blog\/le-coeur-de-la-spiritualite-par-joan-tollifson\/"},"author":{"name":"3e mill\u00e9naire","@id":"https:\/\/www.revue3emillenaire.com\/blog\/#\/schema\/person\/b692dacff720a5344a6190bc714397eb"},"headline":"Le c\u0153ur de la spiritualit\u00e9 par Joan Tollifson","datePublished":"2023-06-16T01:00:00+00:00","mainEntityOfPage":{"@id":"https:\/\/www.revue3emillenaire.com\/blog\/le-coeur-de-la-spiritualite-par-joan-tollifson\/"},"wordCount":1821,"image":{"@id":"https:\/\/www.revue3emillenaire.com\/blog\/le-coeur-de-la-spiritualite-par-joan-tollifson\/#primaryimage"},"thumbnailUrl":"https:\/\/www.revue3emillenaire.com\/blog\/wp-content\/uploads\/2021\/05\/Joan-Tollifson.jpg","keywords":["Non-dualit\u00e9"],"articleSection":["Tollifson Joan"],"inLanguage":"fr-FR"},{"@type":"WebPage","@id":"https:\/\/www.revue3emillenaire.com\/blog\/le-coeur-de-la-spiritualite-par-joan-tollifson\/","url":"https:\/\/www.revue3emillenaire.com\/blog\/le-coeur-de-la-spiritualite-par-joan-tollifson\/","name":"Le c\u0153ur de la spiritualit\u00e9 par Joan Tollifson - 3e mill\u00e9naire - Spiritualit\u00e9 - Connaissance de soi - Non-dualit\u00e9 - M\u00e9ditation","isPartOf":{"@id":"https:\/\/www.revue3emillenaire.com\/blog\/#website"},"primaryImageOfPage":{"@id":"https:\/\/www.revue3emillenaire.com\/blog\/le-coeur-de-la-spiritualite-par-joan-tollifson\/#primaryimage"},"image":{"@id":"https:\/\/www.revue3emillenaire.com\/blog\/le-coeur-de-la-spiritualite-par-joan-tollifson\/#primaryimage"},"thumbnailUrl":"https:\/\/www.revue3emillenaire.com\/blog\/wp-content\/uploads\/2021\/05\/Joan-Tollifson.jpg","datePublished":"2023-06-16T01:00:00+00:00","author":{"@id":"https:\/\/www.revue3emillenaire.com\/blog\/#\/schema\/person\/b692dacff720a5344a6190bc714397eb"},"breadcrumb":{"@id":"https:\/\/www.revue3emillenaire.com\/blog\/le-coeur-de-la-spiritualite-par-joan-tollifson\/#breadcrumb"},"inLanguage":"fr-FR","potentialAction":[{"@type":"ReadAction","target":["https:\/\/www.revue3emillenaire.com\/blog\/le-coeur-de-la-spiritualite-par-joan-tollifson\/"]}]},{"@type":"ImageObject","inLanguage":"fr-FR","@id":"https:\/\/www.revue3emillenaire.com\/blog\/le-coeur-de-la-spiritualite-par-joan-tollifson\/#primaryimage","url":"https:\/\/www.revue3emillenaire.com\/blog\/wp-content\/uploads\/2021\/05\/Joan-Tollifson.jpg","contentUrl":"https:\/\/www.revue3emillenaire.com\/blog\/wp-content\/uploads\/2021\/05\/Joan-Tollifson.jpg","width":230,"height":258},{"@type":"BreadcrumbList","@id":"https:\/\/www.revue3emillenaire.com\/blog\/le-coeur-de-la-spiritualite-par-joan-tollifson\/#breadcrumb","itemListElement":[{"@type":"ListItem","position":1,"name":"Accueil","item":"https:\/\/www.revue3emillenaire.com\/blog\/"},{"@type":"ListItem","position":2,"name":"Le c\u0153ur de la spiritualit\u00e9 par Joan Tollifson"}]},{"@type":"WebSite","@id":"https:\/\/www.revue3emillenaire.com\/blog\/#website","url":"https:\/\/www.revue3emillenaire.com\/blog\/","name":"3e mill\u00e9naire - Spiritualit\u00e9 - Connaissance de soi - Non-dualit\u00e9 - M\u00e9ditation","description":"L&#039;Homme en devenir","potentialAction":[{"@type":"SearchAction","target":{"@type":"EntryPoint","urlTemplate":"https:\/\/www.revue3emillenaire.com\/blog\/?s={search_term_string}"},"query-input":{"@type":"PropertyValueSpecification","valueRequired":true,"valueName":"search_term_string"}}],"inLanguage":"fr-FR"},{"@type":"Person","@id":"https:\/\/www.revue3emillenaire.com\/blog\/#\/schema\/person\/b692dacff720a5344a6190bc714397eb","name":"3e mill\u00e9naire","url":"https:\/\/www.revue3emillenaire.com\/blog\/author\/scoussa\/"}]}},"_links":{"self":[{"href":"https:\/\/www.revue3emillenaire.com\/blog\/wp-json\/wp\/v2\/posts\/19296","targetHints":{"allow":["GET"]}}],"collection":[{"href":"https:\/\/www.revue3emillenaire.com\/blog\/wp-json\/wp\/v2\/posts"}],"about":[{"href":"https:\/\/www.revue3emillenaire.com\/blog\/wp-json\/wp\/v2\/types\/post"}],"author":[{"embeddable":true,"href":"https:\/\/www.revue3emillenaire.com\/blog\/wp-json\/wp\/v2\/users\/2"}],"replies":[{"embeddable":true,"href":"https:\/\/www.revue3emillenaire.com\/blog\/wp-json\/wp\/v2\/comments?post=19296"}],"version-history":[{"count":0,"href":"https:\/\/www.revue3emillenaire.com\/blog\/wp-json\/wp\/v2\/posts\/19296\/revisions"}],"wp:featuredmedia":[{"embeddable":true,"href":"https:\/\/www.revue3emillenaire.com\/blog\/wp-json\/wp\/v2\/media\/18434"}],"wp:attachment":[{"href":"https:\/\/www.revue3emillenaire.com\/blog\/wp-json\/wp\/v2\/media?parent=19296"}],"wp:term":[{"taxonomy":"category","embeddable":true,"href":"https:\/\/www.revue3emillenaire.com\/blog\/wp-json\/wp\/v2\/categories?post=19296"},{"taxonomy":"post_tag","embeddable":true,"href":"https:\/\/www.revue3emillenaire.com\/blog\/wp-json\/wp\/v2\/tags?post=19296"}],"curies":[{"name":"wp","href":"https:\/\/api.w.org\/{rel}","templated":true}]}}