{"id":19365,"date":"2023-07-01T03:19:22","date_gmt":"2023-07-01T02:19:22","guid":{"rendered":"https:\/\/www.revue3emillenaire.com\/blog\/?p=19365"},"modified":"2023-07-01T03:21:43","modified_gmt":"2023-07-01T02:21:43","slug":"lillusion-du-consensus-par-rav-arora-jayanta-bhattacharya","status":"publish","type":"post","link":"https:\/\/www.revue3emillenaire.com\/blog\/lillusion-du-consensus-par-rav-arora-jayanta-bhattacharya\/","title":{"rendered":"L\u2019illusion du consensus par Rav Arora &#038; Jayanta Bhattacharya"},"content":{"rendered":"<p class=\"western\" align=\"justify\"><span style=\"color: #000000;\"><span style=\"font-size: medium;\"><span lang=\"fr-FR\"><i>Traduction libre<\/i><\/span><\/span><\/span><\/p>\n<p class=\"western\" align=\"justify\"><span style=\"color: #000000;\"><span style=\"font-size: medium;\"><span lang=\"fr-FR\">9\/5\/2023<\/span><\/span><\/span><\/p>\n<p class=\"western\" align=\"justify\"><span style=\"color: #000000;\"><span style=\"font-size: medium;\"><span lang=\"fr-FR\">La science est le processus par lequel nous apprenons \u00e0 conna\u00eetre le fonctionnement de la r\u00e9alit\u00e9 mat\u00e9rielle. Bien que les innovations modernes \u2014 fond\u00e9es sur les fruits de la science \u2014 puissent sembler magiques aux personnes vivant il y a seulement quelques d\u00e9cennies, elles r\u00e9sultent de la m\u00e9thode scientifique qui a fait ses preuves.<\/span><\/span><\/span><\/p>\n<p class=\"western\" align=\"justify\"><span style=\"color: #000000;\"><span style=\"font-size: medium;\"><span lang=\"fr-FR\">Contrairement peut-\u00eatre \u00e0 l\u2019image que les m\u00e9dias donnent de la science, la m\u00e9thode scientifique ne repose pas sur l\u2019existence d\u2019un consensus mythique, mais plut\u00f4t sur des d\u00e9bats scientifiques structur\u00e9s. S\u2019il existe un consensus, la science le remet en question \u00e0 l\u2019aide de nouvelles hypoth\u00e8ses, d\u2019exp\u00e9riences, de la logique et de la pens\u00e9e critique. Ironiquement, la science progresse parce qu\u2019elle croit qu\u2019elle n\u2019est jamais arriv\u00e9e\u00a0; le consensus est la marque d\u2019une science morte.<\/span><\/span><\/span><\/p>\n<p class=\"western\" align=\"justify\"><span style=\"color: #000000;\"><span style=\"font-size: medium;\"><span lang=\"fr-FR\">L\u2019un d\u2019entre nous est un \u00e9tudiant qui se destine \u00e0 une carri\u00e8re non pr\u00e9m\u00e9dit\u00e9e dans le journalisme alternatif ind\u00e9pendant. L\u2019autre est professeur de politique de sant\u00e9 \u00e0 la facult\u00e9 de m\u00e9decine de l\u2019universit\u00e9 de Stanford, titulaire d\u2019un doctorat en m\u00e9decine, d\u2019un doctorat en \u00e9conomie et de plusieurs dizaines d\u2019ann\u00e9es d\u2019exp\u00e9rience dans la r\u00e9daction d\u2019articles sur l\u2019\u00e9pid\u00e9miologie des maladies infectieuses. Malgr\u00e9 les nombreuses diff\u00e9rences entre nos parcours et nos exp\u00e9riences, nous convergeons vers des principes scientifiques et \u00e9thiques fondamentaux que les autorit\u00e9s de sant\u00e9 publique ont abandonn\u00e9s lors de la pand\u00e9mie de Covid. Des principes tels qu<\/span><\/span><\/span><span style=\"color: #000000;\"><span style=\"font-size: medium;\"><span lang=\"fr-FR\">e des soins m\u00e9dicaux<\/span><\/span><\/span><span style=\"color: #000000;\"><span style=\"font-size: medium;\"><span lang=\"fr-FR\"> fond\u00e9<\/span><\/span><\/span><span style=\"color: #000000;\"><span style=\"font-size: medium;\"><span lang=\"fr-FR\">s<\/span><\/span><\/span><span style=\"color: #000000;\"><span style=\"font-size: medium;\"><span lang=\"fr-FR\"> sur des donn\u00e9es probantes, le consentement \u00e9clair\u00e9 et la n\u00e9cessit\u00e9 d\u2019un d\u00e9bat scientifique sont les fondements sur lesquels le public peut s\u2019appuyer pour avoir la certitude que la science et la sant\u00e9 publique travaillent pour le bien de la population et non pas <\/span><\/span><\/span><span style=\"color: #000000;\"><span style=\"font-size: medium;\"><span lang=\"fr-FR\">sans \u00e9gard \u00e0 <\/span><\/span><\/span><span style=\"color: #000000;\"><span style=\"font-size: medium;\"><span lang=\"fr-FR\">elle.<\/span><\/span><\/span><\/p>\n<p class=\"western\" align=\"justify\"><span style=\"color: #000000;\"><span style=\"font-size: medium;\"><span lang=\"fr-FR\">L\u2019illusion d\u2019un consensus scientifique tout au long de la pand\u00e9mie de COVID-19 a conduit \u00e0 des politiques d\u00e9sastreuses, dont les confinements sont le principal exemple. Il \u00e9tait clair, m\u00eame \u00e0 la veille des confinements en 2020, que les bouleversements \u00e9conomiques qu\u2019<\/span><\/span><\/span><span style=\"color: #000000;\"><span style=\"font-size: medium;\"><span lang=\"fr-FR\">i<\/span><\/span><\/span><span style=\"color: #000000;\"><span style=\"font-size: medium;\"><span lang=\"fr-FR\">ls entra\u00eeneraient plongeraient des dizaines de millions de personnes dans l\u2019ins\u00e9curit\u00e9 alimentaire et la grande pauvret\u00e9, ce qui s\u2019est effectivement produit.<\/span><\/span><\/span><\/p>\n<p class=\"western\" align=\"justify\"><span style=\"color: #000000;\"><span style=\"font-size: medium;\"><span lang=\"fr-FR\">Il \u00e9tait clair que les fermetures d\u2019\u00e9coles \u2014 qui, dans certains endroits, ont dur\u00e9 deux ans ou plus \u2014 auraient un effet d\u00e9vastateur sur les perspectives de vie des enfants, ainsi que sur leur sant\u00e9 et leur bien-\u00eatre futurs, quel que soit l\u2019endroit o\u00f9 elles seraient mises en \u0153uvre. L\u2019image \u00e9mergente d\u2019une perte d\u2019apprentissage catastrophique, en particulier chez les enfants pauvres et issus de minorit\u00e9s (avec moins de ressources disponibles pour remplacer la scolarit\u00e9 perdue), signifie que les fermetures d\u2019\u00e9coles alimenteront la pauvret\u00e9 et l\u2019in\u00e9galit\u00e9 g\u00e9n\u00e9rationnelles dans les d\u00e9cennies \u00e0 venir.<\/span><\/span><\/span><\/p>\n<p class=\"western\" align=\"justify\"><span style=\"color: #000000;\"><span style=\"font-size: medium;\"><span lang=\"fr-FR\">Les donn\u00e9es empiriques provenant de pays comme la Su\u00e8de, qui n\u2019ont pas impos\u00e9 de mesures draconiennes de confinement ni de fermeture des \u00e9coles et dont le taux de surmortalit\u00e9 toutes causes confondues est l\u2019un des plus bas d\u2019Europe, sugg\u00e8rent que les mesures de confinement n\u2019ont pas r\u00e9ussi, m\u00eame de justesse, \u00e0 prot\u00e9ger la sant\u00e9 de la population pendant la pand\u00e9mie.<\/span><\/span><\/span><\/p>\n<p class=\"western\" align=\"justify\"><span style=\"color: #000000;\"><span style=\"font-size: medium;\"><span lang=\"fr-FR\">L\u2019illusion d\u2019un consensus autour de l\u2019utilisation correcte des vaccins Covid a constitu\u00e9 un autre d\u00e9sastre majeur pour la sant\u00e9 publique. Les responsables de la sant\u00e9 publique du monde entier ont vant\u00e9 les r\u00e9sultats des essais randomis\u00e9s sur les vaccins Covid comme offrant une protection compl\u00e8te contre l\u2019infection et la propagation du Covid. Cependant, les essais eux-m\u00eames n\u2019avaient pas pour <\/span><\/span><\/span><span style=\"color: #000080;\"><u><a href=\"https:\/\/www.bmj.com\/content\/371\/bmj.m4037\"><span style=\"color: #000000;\"><span style=\"font-size: medium;\"><span lang=\"fr-FR\">crit\u00e8re de mesure<\/span><\/span><\/span><\/a><\/u><\/span><span style=\"color: #000000;\"><span style=\"font-size: medium;\"><span lang=\"fr-FR\"> la pr\u00e9vention de l\u2019infection ou de la transmission.<\/span><\/span><\/span><\/p>\n<p class=\"western\" align=\"justify\"><span style=\"color: #000000;\"><span style=\"font-size: medium;\"><span lang=\"fr-FR\">Les essais ont plut\u00f4t mesur\u00e9 la protection contre la maladie symptomatique pendant deux mois apr\u00e8s une s\u00e9quence de vaccination \u00e0 deux doses. La pr\u00e9vention de l\u2019infection symptomatique est manifestement un crit\u00e8re d\u2019\u00e9valuation clinique distinct de la pr\u00e9vention de l\u2019infection ou de la transmission d\u2019un virus qui peut se propager de mani\u00e8re asymptomatique. \u00c0 l\u2019automne\u00a02020, Tal Zaks, m\u00e9decin-chef de Moderna, a d\u00e9clar\u00e9 au <\/span><\/span><\/span><span style=\"color: #000080;\"><u><a href=\"https:\/\/www.bmj.com\/content\/371\/bmj.m4037.full?ijkey=kUtyRUrIVysmIe7&amp;keytype=ref\"><span style=\"color: #000000;\"><span style=\"font-size: medium;\"><span lang=\"fr-FR\"><i>BMJ<\/i><\/span><\/span><\/span><\/a><\/u><\/span><span style=\"color: #000000;\"><span style=\"font-size: medium;\"><span lang=\"fr-FR\">\u00a0: \u00ab\u00a0Notre essai ne d\u00e9montrera pas la pr\u00e9vention de la transmission\u2026 parce que pour ce faire, il faut pr\u00e9lever des \u00e9chantillons deux fois par semaine pendant de tr\u00e8s longues p\u00e9riodes, ce qui devient intenable d\u2019un point de vue op\u00e9rationnel.\u00a0\u00bb<\/span><\/span><\/span><\/p>\n<p class=\"western\" align=\"justify\"><span style=\"color: #000000;\"><span style=\"font-size: medium;\"><span lang=\"fr-FR\">Malgr\u00e9 ces faits, les responsables de la sant\u00e9 publique ont b\u00e2cl\u00e9 les messages de sant\u00e9 publique entourant les vaccins Covid. S\u2019appuyant sur l\u2019illusion d\u2019un consensus scientifique, les autorit\u00e9s de sant\u00e9 publique, les politiciens et les m\u00e9dias ont pouss\u00e9 les mandats vaccinaux, aux passeports vaccinaux et \u00e0 la discrimination vaccinale.<\/span><\/span><\/span><\/p>\n<p class=\"western\" align=\"justify\"><span style=\"color: #000000;\"><span style=\"font-size: medium;\"><span lang=\"fr-FR\">D\u2019\u00e9minents responsables, dont Anthony Fauci et Rochelle Walensky, directrice du CDC, ont d\u00e9clar\u00e9 au public que la science avait \u00e9tabli que les vaccins contre le covid arr\u00eataient la transmission. Don Lemon, pr\u00e9sentateur de CNN, a <\/span><\/span><\/span><span style=\"color: #000080;\"><u><a href=\"https:\/\/www.foxnews.com\/media\/cnn-don-lemon-americans-shun-stupid-unvaccinated-people\"><span style=\"color: #000000;\"><span style=\"font-size: medium;\"><span lang=\"fr-FR\">pr\u00e9conis\u00e9<\/span><\/span><\/span><\/a><\/u><\/span><span style=\"color: #000000;\"><span style=\"font-size: medium;\"><span lang=\"fr-FR\"> de \u00ab\u00a0faire honte\u00a0\u00bb aux citoyens non-vaccin\u00e9s et de les \u00ab\u00a0mettre \u00e0 l\u2019\u00e9cart\u00a0\u00bb de la soci\u00e9t\u00e9. Des pays comme <\/span><\/span><\/span><span style=\"color: #000080;\"><u><a href=\"https:\/\/ravarora.substack.com\/p\/the-global-emancipation-of-the-unvaccinated\"><span style=\"color: #000000;\"><span style=\"font-size: medium;\"><span lang=\"fr-FR\">l\u2019Italie, la Gr\u00e8ce et l\u2019Autriche<\/span><\/span><\/span><\/a><\/u><\/span><span style=\"color: #000000;\"><span style=\"font-size: medium;\"><span lang=\"fr-FR\"> ont cherch\u00e9 \u00e0 punir leurs citoyens non vaccin\u00e9s en leur imposant de lourdes sanctions financi\u00e8res pouvant aller jusqu\u2019\u00e0 4108\u00a0dollars. Au Canada, le gouvernement a priv\u00e9 les citoyens non-vaccin\u00e9s de leur droit de voyager partout en avion ou en train et de leur capacit\u00e9 \u00e0 travailler dans les banques, les cabinets d\u2019avocats, les h\u00f4pitaux et toutes les industries r\u00e9glement\u00e9es par le gouvernement f\u00e9d\u00e9ral.<\/span><\/span><\/span><\/p>\n<p class=\"western\" align=\"justify\"><span style=\"color: #000000;\"><span style=\"font-size: medium;\"><span lang=\"fr-FR\">L\u2019id\u00e9e \u00e9tait que seules les personnes non vaccin\u00e9es risquaient de propager le virus. Une illusion de consensus s\u2019est install\u00e9e, selon laquelle se faire vacciner \u00e9tait un devoir civique obligatoire. Des phrases telles que \u00ab\u00a0Il ne s\u2019agit pas de vous, mais de prot\u00e9ger mes grands-parents\u00a0\u00bb ont \u00e9t\u00e9 largement popularis\u00e9es. En fin de compte, lorsque les gens ont observ\u00e9 que de nombreuses personnes vaccin\u00e9es autour d\u2019eux contractaient et propageaient le Covid, la confiance du public dans ces autorit\u00e9s s\u2019est effondr\u00e9e.<\/span><\/span><\/span><\/p>\n<p class=\"western\" align=\"justify\"><span style=\"color: #000000;\"><span style=\"font-size: medium;\"><span lang=\"fr-FR\">Au d\u00e9but du mois dernier, l\u2019administration Biden a <\/span><\/span><\/span><span style=\"color: #000080;\"><u><a href=\"https:\/\/www.theepochtimes.com\/biden-administration-extends-covid-19-vaccine-mandate-for-foreign-arrivals_5170806.html\"><span style=\"color: #000000;\"><span style=\"font-size: medium;\"><span lang=\"fr-FR\">prolong\u00e9<\/span><\/span><\/span><\/a><\/u><\/span><span style=\"color: #000000;\"><span style=\"font-size: medium;\"><span lang=\"fr-FR\"> jusqu\u2019au 11\u00a0mai l\u2019obligation de vacciner les voyageurs \u00e9trangers avec l\u2019ARNm (qui arrive maintenant \u00e0 son terme), alors que la restriction devait expirer le 11\u00a0avril. Aucune de ces politiques n\u2019a jamais eu de justification scientifique ou de sant\u00e9 publique, ni de \u00ab\u00a0consensus\u00a0\u00bb \u00e9pid\u00e9miologique pour les soutenir \u2014 et ce n\u2019est certainement pas le cas en 2023.<\/span><\/span><\/span><\/p>\n<p class=\"western\" align=\"justify\"><span style=\"color: #000000;\"><span style=\"font-size: medium;\"><span lang=\"fr-FR\">Les erreurs connexes consistent \u00e0 exag\u00e9rer la n\u00e9cessit\u00e9 du vaccin Covid pour les jeunes et les personnes en bonne sant\u00e9 et \u00e0 minimiser la possibilit\u00e9 d\u2019effets secondaires graves, tels que la myocardite, qui a \u00e9t\u00e9 observ\u00e9e principalement chez les jeunes hommes ayant re\u00e7u le vaccin. Le principal avantage du vaccin Covid est de r\u00e9duire le risque d\u2019hospitalisation ou de d\u00e9c\u00e8s en cas d\u2019infection par le virus. Le risque de mortalit\u00e9 li\u00e9 \u00e0 l\u2019infection par le virus covidien est plus de mille fois sup\u00e9rieur, les enfants et les personnes jeunes et en bonne sant\u00e9 \u00e9tant expos\u00e9s \u00e0 un risque extr\u00eamement faible par rapport aux autres risques auxquels ils sont expos\u00e9s dans leur vie.<\/span><\/span><\/span><\/p>\n<p class=\"western\" align=\"justify\"><span style=\"color: #000000;\"><span style=\"font-size: medium;\"><span lang=\"fr-FR\">D\u2019autre part, le risque de mortalit\u00e9 li\u00e9 \u00e0 l\u2019infection est consid\u00e9rablement plus \u00e9lev\u00e9 pour les personnes \u00e2g\u00e9es. Le b\u00e9n\u00e9fice th\u00e9orique maximal du vaccin est donc maigre pour les jeunes, les personnes en bonne sant\u00e9 et les enfants, alors qu\u2019il est potentiellement plus \u00e9lev\u00e9 pour les personnes \u00e2g\u00e9es souffrant de multiples comorbidit\u00e9s.<\/span><\/span><\/span><\/p>\n<p class=\"western\" align=\"justify\"><span style=\"color: #000000;\"><span style=\"font-size: medium;\"><span lang=\"fr-FR\">La sant\u00e9 publique institutionnelle et la m\u00e9decine ont ignor\u00e9 ces faits dans leur volont\u00e9 de vacciner l\u2019ensemble de la population, sans tenir compte de l\u2019\u00e9quilibre entre les avantages et les inconv\u00e9nients du vaccin. La sant\u00e9 publique aurait d\u00fb mettre en garde les jeunes et\/ou les personnes en bonne sant\u00e9 contre les incertitudes li\u00e9es \u00e0 la s\u00e9curit\u00e9 d\u2019un nouveau vaccin.<\/span><\/span><\/span><\/p>\n<p class=\"western\" align=\"justify\"><span style=\"color: #000000;\"><span style=\"font-size: medium;\"><span lang=\"fr-FR\">Pour les personnes jeunes et en bonne sant\u00e9, le faible b\u00e9n\u00e9fice potentiel ne l\u2019emporte pas sur le risque, qui \u2014 avec les signaux pr\u00e9coces de myocardite \u2014 s\u2019est av\u00e9r\u00e9 ne pas \u00eatre de nature th\u00e9orique. Une analyse ind\u00e9pendante rigoureuse des donn\u00e9es de s\u00e9curit\u00e9 de Pfizer et de Moderna montre que les vaccins Covid \u00e0 ARNm sont associ\u00e9s \u00e0 un taux d\u2019effets ind\u00e9sirables de 1 sur 800, ce qui est nettement plus <\/span><\/span><\/span><span style=\"color: #000080;\"><u><a href=\"https:\/\/sensiblemed.substack.com\/p\/why-we-question-the-safety-of-covid\"><span style=\"color: #000000;\"><span style=\"font-size: medium;\"><span lang=\"fr-FR\">\u00e9lev\u00e9<\/span><\/span><\/span><\/a><\/u><\/span><span style=\"color: #000000;\"><span style=\"font-size: medium;\"><span lang=\"fr-FR\"> que les autres vaccins sur le march\u00e9 (dont le taux d\u2019effets ind\u00e9sirables est g\u00e9n\u00e9ralement de l\u2019ordre de 1 sur un million).<\/span><\/span><\/span><\/p>\n<p class=\"western\" align=\"justify\"><span style=\"color: #000000;\"><span style=\"font-size: medium;\"><span lang=\"fr-FR\">Pour maintenir l\u2019illusion d\u2019un consensus, les autorit\u00e9s de sant\u00e9 publique et les m\u00e9dias ont jug\u00e9 n\u00e9cessaire d\u2019\u00e9touffer ces faits. En juin 2021, par exemple, Joe Rogan a d\u00e9clar\u00e9 que les jeunes de 21\u00a0ans en bonne sant\u00e9 n\u2019avaient pas besoin du vaccin. Malgr\u00e9 la justesse de son jugement m\u00e9dical, qui a incontestablement r\u00e9sist\u00e9 \u00e0 l\u2019\u00e9preuve du temps, tous les secteurs des m\u00e9dias d\u2019entreprise et des plateformes de m\u00e9dias sociaux l\u2019ont unanimement <\/span><\/span><\/span><span style=\"color: #000080;\"><u><a href=\"https:\/\/www.cnn.com\/2021\/04\/27\/media\/joe-rogan-covid-vaccine-spotify\/index.html\"><span style=\"color: #000000;\"><span style=\"font-size: medium;\"><span lang=\"fr-FR\">clou\u00e9 au pilori<\/span><\/span><\/span><\/a><\/u><\/span><span style=\"color: #000000;\"><span style=\"font-size: medium;\"><span lang=\"fr-FR\"> pour avoir propag\u00e9 une \u00ab\u00a0dangereuse d\u00e9sinformation\u00a0\u00bb.<\/span><\/span><\/span><\/p>\n<p class=\"western\" align=\"justify\"><span style=\"color: #000000;\"><span style=\"font-size: medium;\"><span lang=\"fr-FR\">Pire encore, de nombreuses personnes souffrant de l\u00e9sions vaccinales l\u00e9gitimes ont \u00e9t\u00e9 manipul\u00e9es psychologiquement par les m\u00e9dias et le personnel m\u00e9dical sur la cause de leur \u00e9tat. L\u2019un d\u2019entre nous a consacr\u00e9 les derniers mois \u00e0 interroger les victimes du consensus scientifique illusoire selon lequel les vaccins Covid sont b\u00e9n\u00e9fiques pour tous les groupes. Par exemple, <\/span><\/span><\/span><span style=\"color: #000080;\"><u><a href=\"https:\/\/ravarora.substack.com\/p\/the-truth-about-vaccine-induced-myocarditis-c21\"><span style=\"color: #000000;\"><span style=\"font-size: medium;\"><span lang=\"fr-FR\">un agent des forces de l\u2019ordre de 38\u00a0ans<\/span><\/span><\/span><\/a><\/u><\/span><span style=\"color: #000000;\"><span style=\"font-size: medium;\"><span lang=\"fr-FR\">, en Colombie-Britannique, a \u00e9t\u00e9 contraint de se faire vacciner contre sa conscience pour conserver son emploi.<\/span><\/span><\/span><\/p>\n<p class=\"western\" align=\"justify\"><span style=\"color: #000000;\"><span style=\"font-size: medium;\"><span lang=\"fr-FR\">Pr\u00e8s de deux ans plus tard, il est toujours handicap\u00e9 par la myocardite induite par le vaccin et n\u2019a pas \u00e9t\u00e9 en mesure de servir sa communaut\u00e9. Des donn\u00e9es nationales provenant de la France, de la Su\u00e8de, de l\u2019Allemagne, d\u2019Isra\u00ebl et des \u00c9tats-Unis montrent une <\/span><\/span><\/span><span style=\"color: #000080;\"><u><a href=\"https:\/\/ravarora.substack.com\/p\/why-are-cardiac-injuries-rising-in\"><span style=\"color: #000000;\"><span style=\"font-size: medium;\"><span lang=\"fr-FR\">augmentation substantielle<\/span><\/span><\/span><\/a><\/u><\/span><span style=\"color: #000000;\"><span style=\"font-size: medium;\"><span lang=\"fr-FR\"> des affections cardiaques chez les populations jeunes apr\u00e8s la distribution du vaccin Covid.<\/span><\/span><\/span><\/p>\n<p class=\"western\" align=\"justify\"><span style=\"color: #000000;\"><span style=\"font-size: medium;\"><span lang=\"fr-FR\">L\u2019illusion d\u2019un consensus autour de la vaccination Covid \u2014 consid\u00e9r\u00e9e \u00e0 tort au m\u00eame titre que le lavage des mains, le respect des limitations de vitesse ou l\u2019hydratation \u2014 a renforc\u00e9 les divisions politiques et la rh\u00e9torique discriminatoire. L\u2019\u00e9chec des agences de sant\u00e9 publique traditionnellement bien estim\u00e9es comme la FDA et le CDC \u2014 avec les influences perverses des soci\u00e9t\u00e9s pharmaceutiques en tandem avec les forces puissantes de la censure sur les m\u00e9dias sociaux \u2014 a d\u00e9truit la confiance dans les institutions de sant\u00e9 publique. D\u00e9sillusionn\u00e9s par l\u2019\u00ab\u00a0illusion\u00a0\u00bb du consensus, un nombre croissant d\u2019Am\u00e9ricains et de Canadiens se m\u00e9fient du consensus scientifique et commencent \u00e0 remettre tout en question.<\/span><\/span><\/span><\/p>\n<p class=\"western\" align=\"justify\"><span style=\"color: #000000;\"><span style=\"font-size: medium;\"><span lang=\"fr-FR\">Le projet scientifique exige de la rigueur, de l\u2019humilit\u00e9 et une discussion ouverte. La pand\u00e9mie a r\u00e9v\u00e9l\u00e9 l\u2019ampleur stup\u00e9fiante de la mainmise politique et institutionnelle sur la science. C\u2019est pourquoi Rav et Jay lancent un podcast consacr\u00e9 \u00e0 l\u2019\u00e9tude de la concoction d\u2019un pseudoconsensus scientifique et de ses ramifications pour notre soci\u00e9t\u00e9.<\/span><\/span><\/span><\/p>\n<p class=\"western\" align=\"justify\"><span style=\"color: #000000;\"><span style=\"font-size: medium;\"><span lang=\"fr-FR\">Vous pouvez vous abonner au nouveau <\/span><\/span><\/span><span style=\"color: #000080;\"><u><a href=\"https:\/\/illusionconsensus.substack.com\/p\/the-dangerous-illusion-of-scientific\" target=\"_blank\" rel=\"noopener\"><span style=\"color: #000000;\"><span style=\"font-size: medium;\"><span lang=\"fr-FR\">Substack et Podcast<\/span><\/span><\/span><\/a><\/u><\/span><span style=\"color: #000000;\"><span style=\"font-size: medium;\"><span lang=\"fr-FR\"> des auteurs<\/span><\/span><\/span><\/p>\n<p class=\"western\" align=\"justify\"><span style=\"color: #000000;\"><span style=\"font-size: medium;\"><span lang=\"fr-FR\">Jay Bhattacharya est m\u00e9decin, \u00e9pid\u00e9miologiste et \u00e9conomiste de la sant\u00e9. Il est professeur \u00e0 la Stanford Medical School, chercheur associ\u00e9 au National Bureau of Economics Research, Senior Fellow au Stanford Institute for Economic Policy Research, membre de la facult\u00e9 du Stanford Freeman Spogli Institute et membre de l\u2019Acad\u00e9mie des sciences et de la libert\u00e9. Ses recherches portent sur l\u2019\u00e9conomie des soins de sant\u00e9 dans le monde, et plus particuli\u00e8rement sur la sant\u00e9 et le bien-\u00eatre des populations vuln\u00e9rables. Coauteur de <\/span><\/span><\/span><span style=\"color: #000080;\"><u><a href=\"https:\/\/gbdeclaration.org\/\"><span style=\"color: #000000;\"><span style=\"font-size: medium;\"><span lang=\"fr-FR\">la D\u00e9claration de Great Barrington<\/span><\/span><\/span><\/a><\/u><\/span><span style=\"color: #000000;\"><span style=\"font-size: medium;\"><span lang=\"fr-FR\">.<\/span><\/span><\/span><\/p>\n<p class=\"western\" align=\"justify\"><span style=\"color: #000000;\"><span style=\"font-size: medium;\"><span lang=\"fr-FR\">Texte original\u00a0: <\/span><\/span><\/span><span style=\"color: #000080;\"><u><a href=\"https:\/\/brownstone.org\/articles\/the-illusion-of-consensus\/\" target=\"_blank\" rel=\"noopener\"><span style=\"color: #000000;\"><span style=\"font-size: medium;\"><span lang=\"fr-FR\">https:\/\/brownstone.org\/articles\/the-illusion-of-consensus\/<\/span><\/span><\/span><\/a><\/u><\/span><\/p>\n","protected":false},"excerpt":{"rendered":"<p>Traduction libre 9\/5\/2023 La science est le processus par lequel nous apprenons \u00e0 conna\u00eetre le fonctionnement de la r\u00e9alit\u00e9 mat\u00e9rielle. Bien que les innovations modernes \u2014 fond\u00e9es sur les fruits de la science \u2014 puissent sembler magiques aux personnes vivant il y a seulement quelques d\u00e9cennies, elles r\u00e9sultent de la m\u00e9thode scientifique qui a fait [&hellip;]<\/p>\n","protected":false},"author":2,"featured_media":19366,"comment_status":"closed","ping_status":"closed","sticky":false,"template":"","format":"standard","meta":{"footnotes":""},"categories":[1540],"tags":[1570,1532,1730,553,99],"class_list":["post-19365","post","type-post","status-publish","format-standard","has-post-thumbnail","hentry","category-actualite","tag-censure","tag-covid-19","tag-debat","tag-medecine","tag-science"],"yoast_head":"<!-- This site is optimized with the Yoast SEO plugin v27.0 - https:\/\/yoast.com\/product\/yoast-seo-wordpress\/ -->\n<title>L\u2019illusion du consensus par Rav Arora &amp; Jayanta Bhattacharya - 3e mill\u00e9naire - Spiritualit\u00e9 - Connaissance de soi - Non-dualit\u00e9 - M\u00e9ditation<\/title>\n<meta name=\"robots\" content=\"index, follow, max-snippet:-1, max-image-preview:large, max-video-preview:-1\" \/>\n<link rel=\"canonical\" href=\"https:\/\/www.revue3emillenaire.com\/blog\/lillusion-du-consensus-par-rav-arora-jayanta-bhattacharya\/\" \/>\n<meta property=\"og:locale\" content=\"fr_FR\" \/>\n<meta property=\"og:type\" content=\"article\" \/>\n<meta property=\"og:title\" content=\"L\u2019illusion du consensus par Rav Arora &amp; Jayanta Bhattacharya - 3e mill\u00e9naire - Spiritualit\u00e9 - Connaissance de soi - Non-dualit\u00e9 - M\u00e9ditation\" \/>\n<meta property=\"og:description\" content=\"Traduction libre 9\/5\/2023 La science est le processus par lequel nous apprenons \u00e0 conna\u00eetre le fonctionnement de la r\u00e9alit\u00e9 mat\u00e9rielle. Bien que les innovations modernes \u2014 fond\u00e9es sur les fruits de la science \u2014 puissent sembler magiques aux personnes vivant il y a seulement quelques d\u00e9cennies, elles r\u00e9sultent de la m\u00e9thode scientifique qui a fait [&hellip;]\" \/>\n<meta property=\"og:url\" content=\"https:\/\/www.revue3emillenaire.com\/blog\/lillusion-du-consensus-par-rav-arora-jayanta-bhattacharya\/\" \/>\n<meta property=\"og:site_name\" content=\"3e mill\u00e9naire - Spiritualit\u00e9 - Connaissance de soi - Non-dualit\u00e9 - M\u00e9ditation\" \/>\n<meta property=\"article:published_time\" content=\"2023-07-01T02:19:22+00:00\" \/>\n<meta property=\"article:modified_time\" content=\"2023-07-01T02:21:43+00:00\" \/>\n<meta property=\"og:image\" content=\"https:\/\/www.revue3emillenaire.com\/blog\/wp-content\/uploads\/2023\/07\/Jayanta-Bhattacharya.jpg\" \/>\n\t<meta property=\"og:image:width\" content=\"350\" \/>\n\t<meta property=\"og:image:height\" content=\"350\" \/>\n\t<meta property=\"og:image:type\" content=\"image\/jpeg\" \/>\n<meta name=\"author\" content=\"3e mill\u00e9naire\" \/>\n<meta name=\"twitter:card\" content=\"summary_large_image\" \/>\n<meta name=\"twitter:label1\" content=\"\u00c9crit par\" \/>\n\t<meta name=\"twitter:data1\" content=\"3e mill\u00e9naire\" \/>\n\t<meta name=\"twitter:label2\" content=\"Dur\u00e9e de lecture estim\u00e9e\" \/>\n\t<meta name=\"twitter:data2\" content=\"10 minutes\" \/>\n<script type=\"application\/ld+json\" class=\"yoast-schema-graph\">{\"@context\":\"https:\/\/schema.org\",\"@graph\":[{\"@type\":\"Article\",\"@id\":\"https:\/\/www.revue3emillenaire.com\/blog\/lillusion-du-consensus-par-rav-arora-jayanta-bhattacharya\/#article\",\"isPartOf\":{\"@id\":\"https:\/\/www.revue3emillenaire.com\/blog\/lillusion-du-consensus-par-rav-arora-jayanta-bhattacharya\/\"},\"author\":{\"name\":\"3e mill\u00e9naire\",\"@id\":\"https:\/\/www.revue3emillenaire.com\/blog\/#\/schema\/person\/b692dacff720a5344a6190bc714397eb\"},\"headline\":\"L\u2019illusion du consensus par Rav Arora &#038; Jayanta Bhattacharya\",\"datePublished\":\"2023-07-01T02:19:22+00:00\",\"dateModified\":\"2023-07-01T02:21:43+00:00\",\"mainEntityOfPage\":{\"@id\":\"https:\/\/www.revue3emillenaire.com\/blog\/lillusion-du-consensus-par-rav-arora-jayanta-bhattacharya\/\"},\"wordCount\":2030,\"image\":{\"@id\":\"https:\/\/www.revue3emillenaire.com\/blog\/lillusion-du-consensus-par-rav-arora-jayanta-bhattacharya\/#primaryimage\"},\"thumbnailUrl\":\"https:\/\/www.revue3emillenaire.com\/blog\/wp-content\/uploads\/2023\/07\/Jayanta-Bhattacharya.jpg\",\"keywords\":[\"Censure\",\"COVID-19\",\"D\u00e9bat\",\"m\u00e9decine\",\"Science\"],\"articleSection\":[\"Actualit\u00e9s\"],\"inLanguage\":\"fr-FR\"},{\"@type\":\"WebPage\",\"@id\":\"https:\/\/www.revue3emillenaire.com\/blog\/lillusion-du-consensus-par-rav-arora-jayanta-bhattacharya\/\",\"url\":\"https:\/\/www.revue3emillenaire.com\/blog\/lillusion-du-consensus-par-rav-arora-jayanta-bhattacharya\/\",\"name\":\"L\u2019illusion du consensus par Rav Arora & Jayanta Bhattacharya - 3e mill\u00e9naire - Spiritualit\u00e9 - Connaissance de soi - Non-dualit\u00e9 - M\u00e9ditation\",\"isPartOf\":{\"@id\":\"https:\/\/www.revue3emillenaire.com\/blog\/#website\"},\"primaryImageOfPage\":{\"@id\":\"https:\/\/www.revue3emillenaire.com\/blog\/lillusion-du-consensus-par-rav-arora-jayanta-bhattacharya\/#primaryimage\"},\"image\":{\"@id\":\"https:\/\/www.revue3emillenaire.com\/blog\/lillusion-du-consensus-par-rav-arora-jayanta-bhattacharya\/#primaryimage\"},\"thumbnailUrl\":\"https:\/\/www.revue3emillenaire.com\/blog\/wp-content\/uploads\/2023\/07\/Jayanta-Bhattacharya.jpg\",\"datePublished\":\"2023-07-01T02:19:22+00:00\",\"dateModified\":\"2023-07-01T02:21:43+00:00\",\"author\":{\"@id\":\"https:\/\/www.revue3emillenaire.com\/blog\/#\/schema\/person\/b692dacff720a5344a6190bc714397eb\"},\"breadcrumb\":{\"@id\":\"https:\/\/www.revue3emillenaire.com\/blog\/lillusion-du-consensus-par-rav-arora-jayanta-bhattacharya\/#breadcrumb\"},\"inLanguage\":\"fr-FR\",\"potentialAction\":[{\"@type\":\"ReadAction\",\"target\":[\"https:\/\/www.revue3emillenaire.com\/blog\/lillusion-du-consensus-par-rav-arora-jayanta-bhattacharya\/\"]}]},{\"@type\":\"ImageObject\",\"inLanguage\":\"fr-FR\",\"@id\":\"https:\/\/www.revue3emillenaire.com\/blog\/lillusion-du-consensus-par-rav-arora-jayanta-bhattacharya\/#primaryimage\",\"url\":\"https:\/\/www.revue3emillenaire.com\/blog\/wp-content\/uploads\/2023\/07\/Jayanta-Bhattacharya.jpg\",\"contentUrl\":\"https:\/\/www.revue3emillenaire.com\/blog\/wp-content\/uploads\/2023\/07\/Jayanta-Bhattacharya.jpg\",\"width\":350,\"height\":350},{\"@type\":\"BreadcrumbList\",\"@id\":\"https:\/\/www.revue3emillenaire.com\/blog\/lillusion-du-consensus-par-rav-arora-jayanta-bhattacharya\/#breadcrumb\",\"itemListElement\":[{\"@type\":\"ListItem\",\"position\":1,\"name\":\"Accueil\",\"item\":\"https:\/\/www.revue3emillenaire.com\/blog\/\"},{\"@type\":\"ListItem\",\"position\":2,\"name\":\"L\u2019illusion du consensus par Rav Arora &#038; Jayanta Bhattacharya\"}]},{\"@type\":\"WebSite\",\"@id\":\"https:\/\/www.revue3emillenaire.com\/blog\/#website\",\"url\":\"https:\/\/www.revue3emillenaire.com\/blog\/\",\"name\":\"3e mill\u00e9naire - Spiritualit\u00e9 - Connaissance de soi - Non-dualit\u00e9 - M\u00e9ditation\",\"description\":\"L&#039;Homme en devenir\",\"potentialAction\":[{\"@type\":\"SearchAction\",\"target\":{\"@type\":\"EntryPoint\",\"urlTemplate\":\"https:\/\/www.revue3emillenaire.com\/blog\/?s={search_term_string}\"},\"query-input\":{\"@type\":\"PropertyValueSpecification\",\"valueRequired\":true,\"valueName\":\"search_term_string\"}}],\"inLanguage\":\"fr-FR\"},{\"@type\":\"Person\",\"@id\":\"https:\/\/www.revue3emillenaire.com\/blog\/#\/schema\/person\/b692dacff720a5344a6190bc714397eb\",\"name\":\"3e mill\u00e9naire\",\"url\":\"https:\/\/www.revue3emillenaire.com\/blog\/author\/scoussa\/\"}]}<\/script>\n<!-- \/ Yoast SEO plugin. -->","yoast_head_json":{"title":"L\u2019illusion du consensus par Rav Arora & Jayanta Bhattacharya - 3e mill\u00e9naire - Spiritualit\u00e9 - Connaissance de soi - Non-dualit\u00e9 - M\u00e9ditation","robots":{"index":"index","follow":"follow","max-snippet":"max-snippet:-1","max-image-preview":"max-image-preview:large","max-video-preview":"max-video-preview:-1"},"canonical":"https:\/\/www.revue3emillenaire.com\/blog\/lillusion-du-consensus-par-rav-arora-jayanta-bhattacharya\/","og_locale":"fr_FR","og_type":"article","og_title":"L\u2019illusion du consensus par Rav Arora & Jayanta Bhattacharya - 3e mill\u00e9naire - Spiritualit\u00e9 - Connaissance de soi - Non-dualit\u00e9 - M\u00e9ditation","og_description":"Traduction libre 9\/5\/2023 La science est le processus par lequel nous apprenons \u00e0 conna\u00eetre le fonctionnement de la r\u00e9alit\u00e9 mat\u00e9rielle. Bien que les innovations modernes \u2014 fond\u00e9es sur les fruits de la science \u2014 puissent sembler magiques aux personnes vivant il y a seulement quelques d\u00e9cennies, elles r\u00e9sultent de la m\u00e9thode scientifique qui a fait [&hellip;]","og_url":"https:\/\/www.revue3emillenaire.com\/blog\/lillusion-du-consensus-par-rav-arora-jayanta-bhattacharya\/","og_site_name":"3e mill\u00e9naire - Spiritualit\u00e9 - Connaissance de soi - Non-dualit\u00e9 - M\u00e9ditation","article_published_time":"2023-07-01T02:19:22+00:00","article_modified_time":"2023-07-01T02:21:43+00:00","og_image":[{"width":350,"height":350,"url":"https:\/\/www.revue3emillenaire.com\/blog\/wp-content\/uploads\/2023\/07\/Jayanta-Bhattacharya.jpg","type":"image\/jpeg"}],"author":"3e mill\u00e9naire","twitter_card":"summary_large_image","twitter_misc":{"\u00c9crit par":"3e mill\u00e9naire","Dur\u00e9e de lecture estim\u00e9e":"10 minutes"},"schema":{"@context":"https:\/\/schema.org","@graph":[{"@type":"Article","@id":"https:\/\/www.revue3emillenaire.com\/blog\/lillusion-du-consensus-par-rav-arora-jayanta-bhattacharya\/#article","isPartOf":{"@id":"https:\/\/www.revue3emillenaire.com\/blog\/lillusion-du-consensus-par-rav-arora-jayanta-bhattacharya\/"},"author":{"name":"3e mill\u00e9naire","@id":"https:\/\/www.revue3emillenaire.com\/blog\/#\/schema\/person\/b692dacff720a5344a6190bc714397eb"},"headline":"L\u2019illusion du consensus par Rav Arora &#038; Jayanta Bhattacharya","datePublished":"2023-07-01T02:19:22+00:00","dateModified":"2023-07-01T02:21:43+00:00","mainEntityOfPage":{"@id":"https:\/\/www.revue3emillenaire.com\/blog\/lillusion-du-consensus-par-rav-arora-jayanta-bhattacharya\/"},"wordCount":2030,"image":{"@id":"https:\/\/www.revue3emillenaire.com\/blog\/lillusion-du-consensus-par-rav-arora-jayanta-bhattacharya\/#primaryimage"},"thumbnailUrl":"https:\/\/www.revue3emillenaire.com\/blog\/wp-content\/uploads\/2023\/07\/Jayanta-Bhattacharya.jpg","keywords":["Censure","COVID-19","D\u00e9bat","m\u00e9decine","Science"],"articleSection":["Actualit\u00e9s"],"inLanguage":"fr-FR"},{"@type":"WebPage","@id":"https:\/\/www.revue3emillenaire.com\/blog\/lillusion-du-consensus-par-rav-arora-jayanta-bhattacharya\/","url":"https:\/\/www.revue3emillenaire.com\/blog\/lillusion-du-consensus-par-rav-arora-jayanta-bhattacharya\/","name":"L\u2019illusion du consensus par Rav Arora & Jayanta Bhattacharya - 3e mill\u00e9naire - Spiritualit\u00e9 - Connaissance de soi - Non-dualit\u00e9 - M\u00e9ditation","isPartOf":{"@id":"https:\/\/www.revue3emillenaire.com\/blog\/#website"},"primaryImageOfPage":{"@id":"https:\/\/www.revue3emillenaire.com\/blog\/lillusion-du-consensus-par-rav-arora-jayanta-bhattacharya\/#primaryimage"},"image":{"@id":"https:\/\/www.revue3emillenaire.com\/blog\/lillusion-du-consensus-par-rav-arora-jayanta-bhattacharya\/#primaryimage"},"thumbnailUrl":"https:\/\/www.revue3emillenaire.com\/blog\/wp-content\/uploads\/2023\/07\/Jayanta-Bhattacharya.jpg","datePublished":"2023-07-01T02:19:22+00:00","dateModified":"2023-07-01T02:21:43+00:00","author":{"@id":"https:\/\/www.revue3emillenaire.com\/blog\/#\/schema\/person\/b692dacff720a5344a6190bc714397eb"},"breadcrumb":{"@id":"https:\/\/www.revue3emillenaire.com\/blog\/lillusion-du-consensus-par-rav-arora-jayanta-bhattacharya\/#breadcrumb"},"inLanguage":"fr-FR","potentialAction":[{"@type":"ReadAction","target":["https:\/\/www.revue3emillenaire.com\/blog\/lillusion-du-consensus-par-rav-arora-jayanta-bhattacharya\/"]}]},{"@type":"ImageObject","inLanguage":"fr-FR","@id":"https:\/\/www.revue3emillenaire.com\/blog\/lillusion-du-consensus-par-rav-arora-jayanta-bhattacharya\/#primaryimage","url":"https:\/\/www.revue3emillenaire.com\/blog\/wp-content\/uploads\/2023\/07\/Jayanta-Bhattacharya.jpg","contentUrl":"https:\/\/www.revue3emillenaire.com\/blog\/wp-content\/uploads\/2023\/07\/Jayanta-Bhattacharya.jpg","width":350,"height":350},{"@type":"BreadcrumbList","@id":"https:\/\/www.revue3emillenaire.com\/blog\/lillusion-du-consensus-par-rav-arora-jayanta-bhattacharya\/#breadcrumb","itemListElement":[{"@type":"ListItem","position":1,"name":"Accueil","item":"https:\/\/www.revue3emillenaire.com\/blog\/"},{"@type":"ListItem","position":2,"name":"L\u2019illusion du consensus par Rav Arora &#038; Jayanta Bhattacharya"}]},{"@type":"WebSite","@id":"https:\/\/www.revue3emillenaire.com\/blog\/#website","url":"https:\/\/www.revue3emillenaire.com\/blog\/","name":"3e mill\u00e9naire - Spiritualit\u00e9 - Connaissance de soi - Non-dualit\u00e9 - M\u00e9ditation","description":"L&#039;Homme en devenir","potentialAction":[{"@type":"SearchAction","target":{"@type":"EntryPoint","urlTemplate":"https:\/\/www.revue3emillenaire.com\/blog\/?s={search_term_string}"},"query-input":{"@type":"PropertyValueSpecification","valueRequired":true,"valueName":"search_term_string"}}],"inLanguage":"fr-FR"},{"@type":"Person","@id":"https:\/\/www.revue3emillenaire.com\/blog\/#\/schema\/person\/b692dacff720a5344a6190bc714397eb","name":"3e mill\u00e9naire","url":"https:\/\/www.revue3emillenaire.com\/blog\/author\/scoussa\/"}]}},"_links":{"self":[{"href":"https:\/\/www.revue3emillenaire.com\/blog\/wp-json\/wp\/v2\/posts\/19365","targetHints":{"allow":["GET"]}}],"collection":[{"href":"https:\/\/www.revue3emillenaire.com\/blog\/wp-json\/wp\/v2\/posts"}],"about":[{"href":"https:\/\/www.revue3emillenaire.com\/blog\/wp-json\/wp\/v2\/types\/post"}],"author":[{"embeddable":true,"href":"https:\/\/www.revue3emillenaire.com\/blog\/wp-json\/wp\/v2\/users\/2"}],"replies":[{"embeddable":true,"href":"https:\/\/www.revue3emillenaire.com\/blog\/wp-json\/wp\/v2\/comments?post=19365"}],"version-history":[{"count":0,"href":"https:\/\/www.revue3emillenaire.com\/blog\/wp-json\/wp\/v2\/posts\/19365\/revisions"}],"wp:featuredmedia":[{"embeddable":true,"href":"https:\/\/www.revue3emillenaire.com\/blog\/wp-json\/wp\/v2\/media\/19366"}],"wp:attachment":[{"href":"https:\/\/www.revue3emillenaire.com\/blog\/wp-json\/wp\/v2\/media?parent=19365"}],"wp:term":[{"taxonomy":"category","embeddable":true,"href":"https:\/\/www.revue3emillenaire.com\/blog\/wp-json\/wp\/v2\/categories?post=19365"},{"taxonomy":"post_tag","embeddable":true,"href":"https:\/\/www.revue3emillenaire.com\/blog\/wp-json\/wp\/v2\/tags?post=19365"}],"curies":[{"name":"wp","href":"https:\/\/api.w.org\/{rel}","templated":true}]}}