{"id":19405,"date":"2023-07-27T20:51:36","date_gmt":"2023-07-27T19:51:36","guid":{"rendered":"https:\/\/www.revue3emillenaire.com\/blog\/?p=19405"},"modified":"2023-07-28T15:28:33","modified_gmt":"2023-07-28T14:28:33","slug":"notes-pratiques-sur-lelectrosmog-par-arthur-firstenberg-al","status":"publish","type":"post","link":"https:\/\/www.revue3emillenaire.com\/blog\/notes-pratiques-sur-lelectrosmog-par-arthur-firstenberg-al\/","title":{"rendered":"Notes pratiques sur l\u2019\u00c9lectrosmog par Arthur Firstenberg &#038; coll."},"content":{"rendered":"<p class=\"western\" align=\"justify\"><i>Conseils aux gouvernements, aux l\u00e9gislateurs, aux organisations environnementales, aux \u00e9coles et aux responsables religieux, politiques et communautaires. Si votre organisation souhaite apporter son soutien \u00e0 ce m\u00e9moire, veuillez nous envoyer un <a href=\"mailto:info@cellphonetaskforce.org\" target=\"_blank\" rel=\"noopener\">courriel.<\/a><\/i><\/p>\n<p class=\"western\" align=\"center\"><b>Points cl\u00e9s<\/b><\/p>\n<p class=\"western\" align=\"justify\">1. L\u2019\u00e9tude de l\u2019\u00e9lectricit\u00e9 devrait \u00eatre r\u00e9int\u00e9gr\u00e9e \u00e0 la biologie et \u00e0 la m\u00e9decine.<\/p>\n<p class=\"western\" align=\"justify\">2. Les communications personnelles sans fil doivent \u00eatre supprim\u00e9es, car les radiations qui transportent tous les messages d\u00e9truisent la vie sur terre.<\/p>\n<p class=\"western\" align=\"justify\">3. Les t\u00e9l\u00e9phones mobiles doivent \u00eatre remplac\u00e9s par des t\u00e9l\u00e9phones fixes, le WiFi par des c\u00e2bles Ethernet, et les autres appareils de consommation sans fil par des appareils connect\u00e9s par des fils et des c\u00e2bles.<\/p>\n<p class=\"western\" style=\"text-align: justify;\" align=\"justify\">4. Les antennes et les pyl\u00f4nes de t\u00e9l\u00e9phonie mobile doivent \u00eatre progressivement supprim\u00e9s.<\/p>\n<p class=\"western\" align=\"justify\">5. La technologie sans fil doit \u00eatre retir\u00e9e des v\u00e9hicules.<\/p>\n<p class=\"western\" align=\"justify\">6. Les compteurs intelligents doivent \u00eatre remplac\u00e9s par des compteurs analogiques.<\/p>\n<p class=\"western\" align=\"justify\">7. Les autoroutes intelligentes, les villes intelligentes et l\u2019internet des objets doivent cesser d\u2019\u00eatre d\u00e9velopp\u00e9s et d\u00e9ploy\u00e9s.<\/p>\n<p class=\"western\" align=\"justify\">8. Les stations radars doivent \u00eatre limit\u00e9es en nombre, en emplacement et en puissance.<\/p>\n<p class=\"western\" align=\"justify\">9. Les fours radar (micro-ondes) ne doivent pas \u00eatre utilis\u00e9s pour chauffer les aliments.<\/p>\n<p class=\"western\" align=\"justify\">10 Il faut r\u00e9diger un trait\u00e9 international sur l\u2019\u00e9lectrosmog, qui traite des rayonnements sur terre, dans les oc\u00e9ans et dans l\u2019espace.<\/p>\n<p class=\"western\" align=\"center\"><b>Introduction<\/b><\/p>\n<p class=\"western\" align=\"justify\">L\u2019\u00e9lectrosmog est l\u2019ensemble des champs \u00e9lectriques, des champs magn\u00e9tiques et des rayonnements \u00e9lectromagn\u00e9tiques qui nous baignent 24\u00a0h\/7\u00a0j et qui proviennent de tous les appareils \u00e9lectriques et \u00e9lectroniques, des fils \u00e9lectriques, des lignes \u00e0 haute tension, des appareils sans fil et des antennes. Dans le cas des communications filaires, l\u2019information est transmise par les fils, et les champs \u00e9lectromagn\u00e9tiques (CEM) et les rayonnements ne sont pas intentionnels. Une ing\u00e9nierie appropri\u00e9e peut r\u00e9duire ces champs et rayonnements ind\u00e9sirables \u00e0 un minimum.<\/p>\n<p class=\"western\" align=\"justify\">En revanche, dans le cas de la communication sans fil, le rayonnement est le produit. Le rayonnement remplace les fils dans la transmission de l\u2019information. Sans fil <i>signifie<\/i> rayonnement. La possibilit\u00e9 d\u2019utiliser un appareil mobile partout dans le monde signifie que chaque m\u00e8tre carr\u00e9 de la terre doit \u00eatre irradi\u00e9 \u00e0 tout moment. Les appareils mobiles fonctionnent dans le spectre des micro-ondes, de sorte que la plan\u00e8te enti\u00e8re nage aujourd\u2019hui dans une mer de radiations micro-ondes qui sont des millions \u00e0 des milliards de fois plus puissantes que les radiations du soleil et des \u00e9toiles avec lesquelles la vie a \u00e9volu\u00e9 (1).<\/p>\n<p class=\"western\" align=\"justify\">La vie repose non seulement sur la chimie, mais plus fondamentalement sur l\u2019\u00e9lectricit\u00e9 (2, 3). La libre circulation des \u00e9lectrons est essentielle au fonctionnement de nos nerfs, de notre c\u0153ur et de notre m\u00e9tabolisme (3). Les interf\u00e9rences avec ces courants \u00e9lectriques provoquent des maladies neurologiques, des maladies cardiaques, des maladies m\u00e9taboliques telles que le diab\u00e8te et le cancer (4). Les organismes qui ont un m\u00e9tabolisme tr\u00e8s \u00e9lev\u00e9, comme les abeilles et d\u2019autres insectes, sont en train de dispara\u00eetre (5, 6). Des milliers d\u2019\u00e9tudes documentent les effets d\u00e9vastateurs des rayonnements sans fil sur les mammif\u00e8res, les oiseaux, les insectes, les amphibiens et les for\u00eats (7).<\/p>\n<p class=\"western\" align=\"justify\">Les CEM n\u2019\u00e9tant pas une substance \u00e9trang\u00e8re aux \u00eatres vivants, le mod\u00e8le toxicologique ne s\u2019applique pas et il n\u2019y a pas de r\u00e9ponse \u00e0 la dose\u00a0: la r\u00e9duction de la puissance ne r\u00e9duit pas l\u2019effet. M\u00eame un signal d\u2019une faiblesse presque incommensurable peut interf\u00e9rer avec le fonctionnement biologique normal (8). \u00ab\u00a0Alors que le concept de d\u00e9bit de dose\/SAR est ad\u00e9quat pour d\u00e9crire les effets thermiques aigus, il n\u2019est pas applicable aux expositions chroniques aux micro-organismes non thermiques\u00a0\u00bb. (9). M\u00eame \u00e0 des niveaux de puissance proches de z\u00e9ro, il a \u00e9t\u00e9 constat\u00e9 que les micro-ondes modifient la structure de l\u2019ADN (10) et alt\u00e8rent les ondes c\u00e9r\u00e9brales (11). Certaines \u00e9tudes ont m\u00eame mis en \u00e9vidence une r\u00e9ponse <i>inverse<\/i> \u00e0 la dose. Lorsque la puissance du rayonnement est r\u00e9duite de 1000\u00a0fois, les dommages caus\u00e9s \u00e0 la barri\u00e8re h\u00e9matoenc\u00e9phalique <i>augmentent<\/i> (12). Une analyse de 113\u00a0\u00e9tudes a montr\u00e9 que les rayonnements <i>les plus<\/i> faibles avaient tendance \u00e0 provoquer les dommages \u00e9cologiques les plus <i>importants<\/i> (5). Dans une autre analyse de 108\u00a0\u00e9tudes exp\u00e9rimentales, un niveau d\u2019exposition plus faible a tendance \u00e0 avoir un effet biologique plus <i>important<\/i>, et la diff\u00e9rence est tr\u00e8s significative (p &lt; 0,001) (13).<\/p>\n<p class=\"western\" align=\"justify\">Les dommages caus\u00e9s \u00e0 notre sant\u00e9 et \u00e0 notre monde par les appareils sans fil et leur infrastructure sont dus non seulement aux fr\u00e9quences porteuses des micro-ondes, mais aussi \u00e0 la modulation et aux pulsations \u00e0 basse fr\u00e9quence qui v\u00e9hiculent les informations transmises. \u00ab\u00a0La modulation peut donc \u00eatre consid\u00e9r\u00e9e comme un contenu informatif int\u00e9gr\u00e9 dans l\u2019onde porteuse \u00e0 haute fr\u00e9quence qui peut avoir des cons\u00e9quences sur la sant\u00e9 au-del\u00e0 de l\u2019effet direct de l\u2019onde porteuse\u00a0\u00bb (14). Quelle que soit l\u2019onde porteuse, la modulation est la m\u00eame, car elle doit transporter la m\u00eame information. Par cons\u00e9quent, l\u2019utilisation de la lumi\u00e8re comme onde porteuse, comme c\u2019est le cas sur de courtes distances avec le LiFi, ou l\u2019utilisation du son comme onde porteuse, comme c\u2019est le cas dans les oc\u00e9ans, ne r\u00e9duit pas la nocivit\u00e9.<\/p>\n<p class=\"western\" align=\"justify\">La d\u00e9couverte qu\u2019une seule exposition de deux heures \u00e0 un t\u00e9l\u00e9phone portable au cours de leur vie, m\u00eame lorsque la puissance du t\u00e9l\u00e9phone a \u00e9t\u00e9 r\u00e9duite de 100\u00a0fois, a provoqu\u00e9 des l\u00e9sions c\u00e9r\u00e9brales permanentes chez de jeunes rats (15) montre que nous sommes en train d\u2019\u00e9lever, et que nous avons peut-\u00eatre d\u00e9j\u00e0 \u00e9lev\u00e9, une g\u00e9n\u00e9ration d\u2019enfants souffrant de l\u00e9sions c\u00e9r\u00e9brales. Il ne fait aucun doute que cela doit cesser et que les t\u00e9l\u00e9phones portables ne sont pas s\u00fbrs, quel que soit le niveau de puissance, la distance par rapport \u00e0 la t\u00eate et pour la dur\u00e9e.<\/p>\n<p class=\"western\" align=\"center\"><b>Objet du pr\u00e9sent document<\/b><\/p>\n<p class=\"western\" align=\"justify\">Cette note pratique donne un aper\u00e7u d\u2019une menace imm\u00e9diate pour la vie sur terre \u2014 encore plus imm\u00e9diate que le changement climatique \u2014 que l\u2019on a laiss\u00e9\u00e9 devenir compl\u00e8tement incontr\u00f4lable parce qu\u2019elle a \u00e9t\u00e9 compl\u00e8tement ignor\u00e9e. La source de cette menace est une technologie \u00e0 laquelle tout le monde est devenu accro et qui, au cours des deux derni\u00e8res d\u00e9cennies et demie, s\u2019est fermement implant\u00e9e dans tous les aspects de la vie. Bien que davantage d\u2019\u00e9tudes scientifiques aient \u00e9t\u00e9 publi\u00e9es sur les effets des CEM sur la sant\u00e9 et l\u2019environnement que sur presque tous les autres polluants, \u00e0 l\u2019exception du mercure et de la fum\u00e9e de tabac, l\u2019impact de toutes ces recherches sur les politiques publiques a \u00e9t\u00e9 nul jusqu\u2019\u00e0 pr\u00e9sent. Le citoyen moyen ne sait toujours pas qu\u2019un appareil mobile \u00e9met des radiations. Ils se doutent encore moins que cela leur cause des l\u00e9sions c\u00e9r\u00e9brales ou que cela menace leur vie et leur avenir sur cette plan\u00e8te. L\u2019objectif de ce dossier est de pr\u00e9senter les mesures que doivent prendre les dirigeants politiques, les chefs religieux, les organisations environnementales, les \u00e9coles publiques, les \u00e9coles de m\u00e9decine et les m\u00e9decins pour \u00e9duquer le public et commencer \u00e0 d\u00e9manteler cette menace existentielle pour la Terre.<\/p>\n<p class=\"western\" align=\"center\"><b>Actions essentielles \u00e0 mener par les dirigeants et les organisations nationales et internationales<\/b><\/p>\n<p class=\"western\" align=\"justify\"><b>1. Un trait\u00e9 ou une convention internationale sur l\u2019\u00e9lectrosmog doit \u00eatre adopt\u00e9 par toutes les nations.<\/b><\/p>\n<p class=\"western\" align=\"justify\">Le nombre d\u2019antennes et leur distance par rapport aux personnes et \u00e0 la faune doivent \u00eatre strictement r\u00e9glement\u00e9s. Les \u00e9l\u00e9ments d\u2019un trait\u00e9 international devraient comprendre les \u00e9l\u00e9ments suivants\u00a0:<\/p>\n<p class=\"western\" align=\"justify\"><b>A. Le retrait progressif et l\u2019interdiction \u00e9ventuelle des dispositifs sans fil personnels, y compris les appareils mobiles et le WiFi.<\/b><\/p>\n<p class=\"western\" align=\"justify\">\u00c0 l\u2019heure actuelle, il y a environ 15\u00a0milliards d\u2019appareils mobiles et 6\u00a0millions d\u2019antennes de t\u00e9l\u00e9phonie mobile\u00a0; la terre ne peut pas survivre \u00e0 cela. Les particuliers ne devraient pas avoir le droit d\u2019irradier leurs voisins. Les entreprises ne devraient pas avoir le droit d\u2019irradier leurs clients.<\/p>\n<p class=\"western\" align=\"justify\"><b>B. Limiter les antennes et les dispositifs \u00e9mettant des rayonnements aux stations de radio et de t\u00e9l\u00e9vision, aux services d\u2019urgence tels que la police et les pompiers, et aux radars de la d\u00e9fense civile, de l\u2019aviation et de la navigation.<\/b><\/p>\n<p class=\"western\" align=\"justify\"><b>C. Limitation de l\u2019emplacement, du nombre et de la puissance des radars de d\u00e9fense civile.<\/b><\/p>\n<p class=\"western\" align=\"justify\">La situation actuelle de puissance illimit\u00e9e a permis la mise en place de radars de 3\u00a0milliards de watts tels que PAVE PAWS, qui a irradi\u00e9 des millions de personnes sur les deux c\u00f4tes des \u00c9tats-Unis pendant plus de quatre d\u00e9cennies (16).<\/p>\n<p class=\"western\" align=\"justify\">Une enqu\u00eate de cinq ans sur les effets sanitaires et environnementaux d\u2019un radar de d\u00e9fense civile en Lettonie apr\u00e8s la fin de la guerre froide a abouti \u00e0 la mise hors service et \u00e0 l\u2019enl\u00e8vement de ce radar. Les \u00e9coliers de la r\u00e9gion \u2014 m\u00eame ceux qui vivaient \u00e0 20\u00a0kilom\u00e8tres de l\u00e0 \u2014 pr\u00e9sentaient des troubles de la motricit\u00e9, de la m\u00e9moire et de l\u2019attention, une capacit\u00e9 pulmonaire r\u00e9duite et un nombre \u00e9lev\u00e9 de globules blancs. L\u2019ensemble de la population locale a souffert de maux de t\u00eate, de troubles du sommeil et d\u2019un taux \u00e9lev\u00e9 de globules blancs. La reproduction humaine a \u00e9t\u00e9 affect\u00e9e\u00a0: 25\u00a0% de gar\u00e7ons en moins que de filles sont n\u00e9s pendant les ann\u00e9es o\u00f9 le radar a fonctionn\u00e9. Des dommages chromosomiques ont \u00e9t\u00e9 constat\u00e9s chez des vaches locales. Les nichoirs situ\u00e9s \u00e0 proximit\u00e9 du radar ont \u00e9t\u00e9 occup\u00e9s par un nombre extr\u00eamement faible d\u2019oiseaux. Les anneaux de croissance moyens des arbres pendant les ann\u00e9es d\u2019exploitation du radar \u00e9taient deux fois moins larges qu\u2019avant la construction des radars, et l\u2019\u00e9tude des pommes de pin a r\u00e9v\u00e9l\u00e9 que les arbres vieillissaient pr\u00e9matur\u00e9ment. Les jeunes plants de la zone sont devenus des plantes d\u00e9form\u00e9es avec une capacit\u00e9 de reproduction r\u00e9duite (17,18, 19, 20,21, 22, 23, 24).<\/p>\n<p class=\"western\" align=\"justify\"><b>D. Supprimer progressivement les radars m\u00e9t\u00e9orologiques, qui font plus de mal que de bien.<\/b><\/p>\n<p class=\"western\" align=\"justify\">On estime \u00e0 1\u00a0500 le nombre de ces installations extr\u00eamement puissantes diss\u00e9min\u00e9es dans le monde. Chacun des 160\u00a0radars NEXRAD install\u00e9s aux \u00c9tats-Unis a une PIRE (Puissance Isotrope Rayonn\u00e9e Effective) de 32\u00a0gigawatts (32\u00a0milliards de watts) (25). Ces radars irradient fortement les personnes et la faune, et ne sont ni fiables ni essentiels aux pr\u00e9visions m\u00e9t\u00e9orologiques (26).<\/p>\n<p class=\"western\" align=\"justify\"><b>E. Interdiction des antennes \u00e0 l\u2019int\u00e9rieur des parcs nationaux, des r\u00e9serves naturelles et des zones naturelles prot\u00e9g\u00e9es.<\/b><\/p>\n<p class=\"western\" align=\"justify\">Un rapport de 2015 adress\u00e9 \u00e0 l\u2019UNESCO d\u00e9crit l\u2019impact d\u00e9vastateur des antennes de communication \u00e0 l\u2019int\u00e9rieur d\u2019un site du patrimoine mondial en Australie. Lorsqu\u2019une tour de t\u00e9l\u00e9communication situ\u00e9e au sommet du mont Nardi a commenc\u00e9 \u00e0 convertir ses antennes de la 2G (communications vocales principalement) \u00e0 la 3G (communications vocales et donn\u00e9es) en 2002, l\u2019augmentation constante de la diversit\u00e9 des esp\u00e8ces s\u2019est soudainement invers\u00e9e et s\u2019est transform\u00e9e en une <i>diminution<\/i> constante de la diversit\u00e9 des esp\u00e8ces. En 2002, les populations et la diversit\u00e9 des insectes ont commenc\u00e9 \u00e0 diminuer. En 2009, la 3G am\u00e9lior\u00e9e a \u00e9t\u00e9 install\u00e9e, ainsi que 150\u00a0cha\u00eenes de t\u00e9l\u00e9vision payantes suppl\u00e9mentaires. 27 esp\u00e8ces d\u2019oiseaux ont rapidement quitt\u00e9 la montagne, et les volumes et les esp\u00e8ces d\u2019insectes ont chut\u00e9 de fa\u00e7on spectaculaire. Fin\u00a02012 et d\u00e9but\u00a02013, la 4G a \u00e9t\u00e9 install\u00e9e et 49\u00a0esp\u00e8ces d\u2019oiseaux suppl\u00e9mentaires ont rapidement quitt\u00e9 la montagne.<\/p>\n<p class=\"western\" align=\"justify\">\u00ab\u00a0\u00c0 partir de cette \u00e9poque, toutes les esp\u00e8ces de chauves-souris connues localement se sont rar\u00e9fi\u00e9es, quatre esp\u00e8ces communes de cigales ont presque disparu, de m\u00eame que la population autrefois \u00e9norme et vari\u00e9e d\u2019esp\u00e8ces de papillons de nuit et de papillons diurnes. Les populations de grenouilles et de t\u00eatards ont \u00e9t\u00e9 consid\u00e9rablement r\u00e9duites\u00a0; les volumes massifs et les diverses esp\u00e8ces de fourmis sont devenus peu communs, voire rares\u2026 [D]e 70 \u00e0 90\u00a0% de la faune est devenue rare ou a disparu du parc national Nightcap dans un rayon de 2 \u00e0 3\u00a0km autour du complexe de la tour du mont Nardi\u00a0\u00bb. (27).<\/p>\n<p class=\"western\" align=\"justify\"><b>F. Interdiction de fabriquer des v\u00e9hicules \u00e9quip\u00e9s de technologies sans fil et de radars. <\/b><\/p>\n<p class=\"western\" align=\"justify\">WiFi, Bluetooth, d\u00e9marrages sans fil, CarPlay sans fil, moniteurs de pression des pneus sans fil et radars ne sont que quelques-uns des syst\u00e8mes embarqu\u00e9s qui ont transform\u00e9 les petites carrosseries m\u00e9talliques r\u00e9fl\u00e9chissantes des v\u00e9hicules en chambres \u00e0 micro-ondes intenses. \u00c0 ces syst\u00e8mes s\u2019ajoutent des points d\u2019acc\u00e8s\u00a05G qui transforment de nombreux nouveaux v\u00e9hicules en appareils mobiles autonomes, utilisant la communication de v\u00e9hicule \u00e0 v\u00e9hicule, de v\u00e9hicule \u00e0 pi\u00e9ton, de v\u00e9hicule \u00e0 r\u00e9seau et de v\u00e9hicule \u00e0 autoroute.<\/p>\n<p class=\"western\" align=\"justify\"><b>G. Interdiction des compteurs intelligents, des autoroutes intelligentes, des villes intelligentes et de l\u2019internet des objets.<\/b><\/p>\n<p class=\"western\" align=\"justify\">Des compteurs intelligents sont install\u00e9s dans chaque maison et chaque entreprise dans le monde, et transforment tous les c\u00e2bles \u00e0 l\u2019int\u00e9rieur des murs de chaque maison et de chaque entreprise en une antenne rayonnante.<\/p>\n<p class=\"western\" align=\"justify\">Des micropuces et des antennes sont plac\u00e9es dans chaque machine, chaque appareil et presque chaque produit de consommation dans le monde dans le cadre de l\u2019internet des objets, et l\u2019on pr\u00e9voit jusqu\u2019\u00e0 mille milliards d\u2019antennes communiquant sans fil les unes avec les autres dans un avenir proche. Tous ces \u00e9l\u00e9ments irradient l\u2019ensemble de la population \u00e0 courte distance, y compris \u00e0 l\u2019int\u00e9rieur des habitations et des entreprises, sans aucun choix ni possibilit\u00e9 de s\u2019en \u00e9chapper.<\/p>\n<p class=\"western\" align=\"justify\"><b>H. Arr\u00eater le lancement de satellites et supprimer progressivement la plupart des utilisations priv\u00e9es, publiques et militaires de l\u2019espace.<\/b><\/p>\n<p class=\"western\" align=\"justify\">Le fonctionnement de tous les organismes vivants est r\u00e9gi par leur environnement \u00e9lectromagn\u00e9tique, y compris le champ magn\u00e9tique de la terre, le champ \u00e9lectrique vertical entre la terre et l\u2019ionosph\u00e8re, le circuit \u00e9lectrique global, les r\u00e9sonances de Schumann, etc. Si l\u2019environnement \u00e9lectromagn\u00e9tique de la terre est modifi\u00e9, la vie sur terre ne survivra pas longtemps.<\/p>\n<p class=\"western\" align=\"justify\">Le nombre de satellites en orbite et les radiations qu\u2019ils \u00e9mettent sont totalement incontr\u00f4lables. Certains satellites ont d\u00e9j\u00e0 une puissance effective rayonn\u00e9e de 83\u00a0millions de watts. Certains sont capables d\u2019\u00e9mettre 5\u00a0000\u00a0faisceaux individuels. Plus de 8\u00a0000\u00a0satellites sont d\u00e9j\u00e0 en orbite et des milliers d\u2019autres sont envoy\u00e9s dans l\u2019espace par des lancements de fus\u00e9es quasi quotidiens. Non seulement ils exposent chaque m\u00e8tre carr\u00e9 de terre et d\u2019oc\u00e9an \u00e0 leurs radiations, mais ils polluent le circuit \u00e9lectrique mondial, qui inclut notre corps, avec toutes leurs pulsations et leurs mod\u00e8les de modulation.<\/p>\n<p class=\"western\" align=\"justify\">Ce ph\u00e9nom\u00e8ne d\u00e9grade toute forme de vie et provoque des pand\u00e9mies, des extinctions et le d\u00e9p\u00e9rissement des for\u00eats, qui ne peuvent \u00eatre combattus avec succ\u00e8s sans mettre un terme aux rayonnements dans et depuis l\u2019espace (4).<\/p>\n<p class=\"western\" align=\"justify\"><b>I. Interdiction des communications sous-marines sans fil dans les oc\u00e9ans.<\/b><\/p>\n<p class=\"western\" align=\"justify\">Au m\u00eame titre que les parcs nationaux et les r\u00e9serves naturelles, les oc\u00e9ans devraient \u00eatre absolument prot\u00e9g\u00e9s des radiations.<\/p>\n<p class=\"western\" align=\"justify\">Des int\u00e9r\u00eats gouvernementaux, commerciaux et militaires ont collabor\u00e9 pour cr\u00e9er des oc\u00e9ans intelligents et mettre en place l\u2019Internet des objets sous-marins. Pour ce faire, ils construisent des tours cellulaires au fond des oc\u00e9ans, installent des antennes-relais dans les profondeurs de l\u2019oc\u00e9an et d\u00e9ploient des navires et des sous-marins intelligents, ainsi que des robots sous-marins. L\u2019objectif est de permettre une communication sans fil \u00e0 large bande de n\u2019importe quel point sur ou dans les oc\u00e9ans vers n\u2019importe quel autre point de la plan\u00e8te, jusqu\u2019\u00e0 la \u00ab\u00a0diffusion vid\u00e9o en temps r\u00e9el depuis l\u2019eau\u00a0\u00bb partout dans tous les oc\u00e9ans (28).<\/p>\n<p class=\"western\" align=\"justify\">Les radiofr\u00e9quences (RF) sont utilis\u00e9es dans les oc\u00e9ans pour les communications \u00e0 courte et moyenne port\u00e9e et d\u00e9truisent la vie oc\u00e9anique de la m\u00eame mani\u00e8re qu\u2019elles d\u00e9truisent la vie terrestre. Les ondes acoustiques sont utilis\u00e9es pour les communications \u00e0 longue distance et assourdissent les poissons et les mammif\u00e8res marins avec des sons atteignant 202\u00a0d\u00e9cibels.<\/p>\n<p class=\"western\" align=\"justify\">L\u2019industrie de la p\u00eache utilise \u00e9galement des radars sous-marins pour localiser et capturer les poissons avec une pr\u00e9cision et \u00e0 une \u00e9chelle d\u00e9vastatrices pour la vie marine (29).<\/p>\n<p class=\"western\" align=\"justify\">Il faut mettre un terme \u00e0 toutes les communications sans fil et \u00e0 tous les radars sous-marins.<\/p>\n<p class=\"western\" align=\"justify\"><b>II. Les \u00e9glises et autres \u00e9difices religieux devraient retirer les antennes et les r\u00e9seaux WiFi de leurs locaux.<\/b><\/p>\n<p class=\"western\" align=\"justify\">Les \u00e9glises sont devenues une cible privil\u00e9gi\u00e9e des entreprises de t\u00e9l\u00e9communications pour l\u2019installation d\u2019antennes, souvent dissimul\u00e9es dans de fausses chemin\u00e9es ou de faux clochers. Ces antennes rapportent beaucoup d\u2019argent aux \u00e9glises, mais les transforment en environnements dangereux pour les fid\u00e8les et les visiteurs.<\/p>\n<p class=\"western\" align=\"justify\"><b>III. Les \u00e9coles doivent supprimer les antennes de t\u00e9l\u00e9phonie mobile et les routeurs WiFi et interdire les t\u00e9l\u00e9phones portables.<\/b><\/p>\n<p class=\"western\" align=\"justify\">Les \u00e9coles font partie des environnements les plus intens\u00e9ment irradi\u00e9s de la soci\u00e9t\u00e9 d\u2019aujourd\u2019hui, et donc des endroits les plus mauvais et les plus malsains o\u00f9 nos enfants peuvent passer leurs ann\u00e9es de croissance. Chaque salle de classe est \u00e9quip\u00e9e d\u2019un ou plusieurs routeurs WiFi, et des dizaines d\u2019enfants sont assis \u00e0 proximit\u00e9 les uns des autres tous les jours, avec des t\u00e9l\u00e9phones portables et des ordinateurs sans fil, s\u2019irradiant les uns les autres \u00e0 tout moment. Comme les \u00e9glises, les \u00e9coles gagnent de l\u2019argent en louant leurs propri\u00e9t\u00e9s \u00e0 des entreprises de t\u00e9l\u00e9communications pour l\u2019installation de pyl\u00f4nes de t\u00e9l\u00e9phonie mobile.<\/p>\n<p class=\"western\" align=\"justify\">Tous les pyl\u00f4nes et toutes les antennes WiFi doivent \u00eatre retir\u00e9s de toutes les propri\u00e9t\u00e9s scolaires, et il doit \u00eatre interdit aux enfants d\u2019apporter des t\u00e9l\u00e9phones portables \u00e0 l\u2019\u00e9cole.<\/p>\n<p class=\"western\" align=\"justify\"><b>IV. Les responsables religieux, politiques et communautaires devraient encourager leurs fid\u00e8les \u00e0 se d\u00e9barrasser de leurs t\u00e9l\u00e9phones portables et autres appareils sans fil.<\/b><\/p>\n<p class=\"western\" align=\"justify\">Rien n\u2019est plus important aujourd\u2019hui dans la gestion de notre plan\u00e8te.<\/p>\n<p class=\"western\" align=\"justify\"><b>V. Les \u00e9coles de m\u00e9decine devraient int\u00e9grer une formation sur les CEM dans leurs programmes, et des cours sur la sant\u00e9 \u00e9lectromagn\u00e9tique devraient \u00eatre exig\u00e9s dans le cadre de la formation continue.<\/b><\/p>\n<p class=\"western\" align=\"justify\">Les livres et les \u00e9tudes existent par dizaines de milliers. Ils reposent sur les \u00e9tag\u00e8res des biblioth\u00e8ques des \u00e9coles de m\u00e9decine et sont ignor\u00e9s. Tout ce qu\u2019il faut, c\u2019est les organiser dans le cadre du programme d\u2019\u00e9tudes et de la base de connaissances exig\u00e9e de chaque m\u00e9decin pour obtenir un dipl\u00f4me de m\u00e9decine.<\/p>\n<p class=\"western\" align=\"justify\"><b>VI. Les organisations environnementales doivent cr\u00e9er des chapitres sur l\u2019\u00e9lectrosmog et cesser d\u2019utiliser la technologie sans fil comme outil de surveillance et de recherche.<\/b><\/p>\n<p class=\"western\" align=\"justify\">Le d\u00e9clin rapide de la biodiversit\u00e9 et des populations d\u2019esp\u00e8ces ne peut \u00eatre r\u00e9solu sans r\u00e9duire la pollution \u00e9lectromagn\u00e9tique, qui est \u00e0 l\u2019origine de la moiti\u00e9 ou plus des d\u00e9clins observ\u00e9s. Tant que l\u2019on ne s\u2019attaquera pas de front \u00e0 l\u2019\u00e9lectrosmog, tous ces probl\u00e8mes continueront d\u2019\u00eatre imput\u00e9s \u00e0 d\u2019autres facteurs\u00a0: changement climatique, utilisation des sols, d\u00e9forestation, pesticides, etc. Certains des moyens actuellement utilis\u00e9s pour lutter contre le changement climatique, par exemple l\u2019\u00e9nergie solaire et \u00e9olienne, aggravent l\u2019\u00e9lectrosmog et d\u00e9cimant davantage les esp\u00e8ces. Certains des moyens utilis\u00e9s pour \u00e9tudier ces probl\u00e8mes, par exemple le GPS et le suivi radio de la faune, diminuent au contraire la faune.<\/p>\n<p class=\"western\" align=\"justify\">Toutes les antennes doivent \u00eatre retir\u00e9es des zones naturelles prot\u00e9g\u00e9es, des r\u00e9serves d\u2019esp\u00e8ces sauvages et des oc\u00e9ans. Les dispositifs de radiorep\u00e9rage sont mortels (30, 31, 32, 33, 34, 35, 36, 37). Ils doivent \u00eatre retir\u00e9s de tous les animaux sauvages et ne plus \u00eatre pos\u00e9s sur les animaux, les oiseaux, les insectes ou les poissons.<\/p>\n<p class=\"western\" align=\"justify\"><b>VII. Les rayonnements non ionisants doivent \u00eatre r\u00e9glement\u00e9s par des agences nationales de l\u2019environnement sans conflits d\u2019int\u00e9r\u00eats.<\/b><\/p>\n<p class=\"western\" align=\"justify\">Dans de nombreux pays, le rayonnement RF des installations et dispositifs de t\u00e9l\u00e9communications est r\u00e9glement\u00e9 par l\u2019agence charg\u00e9e de promouvoir ces installations et dispositifs. Il s\u2019agit l\u00e0 d\u2019un conflit d\u2019int\u00e9r\u00eats \u00e9vident.<\/p>\n<p class=\"western\" align=\"justify\"><span lang=\"fr-FR\">La plupart des gouvernements s\u2019en remettent aux directives de la Commission internationale de protection contre les rayonnements non ionisants (<\/span><span style=\"font-size: small;\"><span lang=\"fr-FR\">CIPRNI<\/span><\/span><span lang=\"fr-FR\">) ou de l\u2019Organisation mondiale de la sant\u00e9, qui s\u2019en remet \u00e9galement \u00e0 l<\/span><span lang=\"fr-FR\">a <\/span><span lang=\"fr-FR\">CIPRNI. La CIPRNI n\u2019est pas une agence environnementale. Il s\u2019agit d\u2019une organisation priv\u00e9e autoproclam\u00e9e compos\u00e9e de 14\u00a0membres qui n\u2019ont de comptes \u00e0 rendre \u00e0 personne (38). Ses directives d\u2019exposition sont bas\u00e9es uniquement sur le chauffage, comme s\u2019il n\u2019y avait pas d\u2019autres effets. Aux \u00c9tats-Unis, l\u2019agence qui r\u00e9glemente et promeut l\u2019industrie des t\u00e9l\u00e9communications est la Federal Communications Commission (FCC). Comme l<\/span><span lang=\"fr-FR\">a <\/span><span lang=\"fr-FR\">CIPRNI, la FCC fonde ses recommandations d\u2019exposition pour l\u2019homme sur les seuls effets d<\/span><span lang=\"fr-FR\">u chauffage<\/span><span lang=\"fr-FR\"> et ignore compl\u00e8tement les effets sur l\u2019environnement.<\/span><\/p>\n<p class=\"western\" align=\"justify\">Les rayonnements RF devraient \u00eatre r\u00e9glement\u00e9s de mani\u00e8re transparente au sein de chaque nation par leurs propres agences environnementales sur la base de l\u2019ensemble des donn\u00e9es scientifiques. Ils devraient \u00eatre trait\u00e9s au sein des Nations unies, non pas par l\u2019Organisation mondiale de la sant\u00e9, mais par le Programme des Nations unies pour l\u2019environnement, qui ne s\u2019en pr\u00e9occupe pas du tout \u00e0 l\u2019heure actuelle. Il devrait faire l\u2019objet d\u2019un trait\u00e9 international et d\u2019une convention sur l\u2019\u00e9lectrosmog, conform\u00e9ment au point\u00a01.<\/p>\n<p class=\"western\" align=\"center\"><b>Conclusions<\/b><\/p>\n<p class=\"western\" align=\"justify\">Les consid\u00e9rations pratiques pr\u00e9sent\u00e9es dans ce document sont fond\u00e9es sur la science et sur la protection des droits de l\u2019homme, de la sant\u00e9 humaine et de l\u2019environnement. Elles ont \u00e9t\u00e9 \u00e9labor\u00e9es en r\u00e9ponse \u00e0 une situation d\u2019urgence dans laquelle l\u2019irradiation de la terre s\u2019acc\u00e9l\u00e8re \u00e0 un rythme si rapide qu\u2019elle est devenue la menace la plus urgente pour la vie sur terre aujourd\u2019hui. Les actions recommand\u00e9es aux dirigeants politiques et religieux, aux organisations, aux \u00e9coles et aux agences gouvernementales offrent une voie vers la sant\u00e9 et la survie.<\/p>\n<p class=\"western\" align=\"center\"><b>R\u00e9f\u00e9rences<\/b><\/p>\n<ol>\n<li>\n<p class=\"western\" align=\"left\"><span style=\"color: #161616;\"><span style=\"font-family: Times New Roman, serif;\"><span style=\"font-size: medium;\">Aleksandr S. Presman. <\/span><\/span><\/span><em><span style=\"color: #161616;\"><span style=\"font-family: Times New Roman, serif;\"><span style=\"font-size: medium;\">Electromagnetic Fields and Life<\/span><\/span><\/span><\/em><span style=\"color: #161616;\"><span style=\"font-family: Times New Roman, serif;\"><span style=\"font-size: medium;\">\u00a0(NY: Plenum Press 1970), p.\u00a031, Figure\u00a011.<\/span><\/span><\/span><\/p>\n<\/li>\n<li>\n<p class=\"western\" align=\"left\"><span style=\"color: #161616;\"><span style=\"font-family: Times New Roman, serif;\"><span style=\"font-size: medium;\">Robert O.\u00a0Becker.\u00a0<\/span><\/span><\/span><em><span style=\"color: #161616;\"><span style=\"font-family: Times New Roman, serif;\"><span style=\"font-size: medium;\">The Body Electric<\/span><\/span><\/span><\/em><span style=\"color: #161616;\"><span style=\"font-family: Times New Roman, serif;\"><span style=\"font-size: medium;\">\u00a0(NY: Morrow\u00a01985).<\/span><\/span><\/span><\/p>\n<\/li>\n<li>\n<p class=\"western\" align=\"left\"><span style=\"color: #161616;\"><span style=\"font-family: Times New Roman, serif;\"><span style=\"font-size: medium;\">Sulman, Felix Gad.\u00a0<\/span><\/span><\/span><em><span style=\"color: #161616;\"><span style=\"font-family: Times New Roman, serif;\"><span style=\"font-size: medium;\">The effect of air ionization, electric fields, atmospherics and other electric phenomena on man and animal.<\/span><\/span><\/span><\/em><span style=\"color: #161616;\"><span style=\"font-family: Times New Roman, serif;\"><span style=\"font-size: medium;\">\u00a0American Lecture Series, Publ. no.\u00a01029 (Charles C.\u00a0Thomas Publisher, Springfield IL, 1980; 398 pp.).<\/span><\/span><\/span><\/p>\n<\/li>\n<li>\n<p class=\"western\" align=\"left\"><span style=\"color: #161616;\"><span style=\"font-family: Times New Roman, serif;\"><span style=\"font-size: medium;\">Arthur Firstenberg.\u00a0<\/span><\/span><\/span><em><span style=\"color: #161616;\"><span style=\"font-family: Times New Roman, serif;\"><span style=\"font-size: medium;\">The Invisible Rainbow: A History of Electricity and Life<\/span><\/span><\/span><\/em><span style=\"color: #161616;\"><span style=\"font-family: Times New Roman, serif;\"><span style=\"font-size: medium;\">\u00a0(White River Junction, VT: Chelsea Green\u00a02020, 560 pp.).<\/span><\/span><\/span><\/p>\n<\/li>\n<li>\n<p class=\"western\" align=\"left\"><span style=\"color: #161616;\"><span style=\"font-family: Times New Roman, serif;\"><span style=\"font-size: medium;\">Cucurachi et al. A review of the ecological effects of radiofrequency electromagnetic fields (RF-EMF).\u00a0<\/span><\/span><\/span><em><span style=\"color: #161616;\"><span style=\"font-family: Times New Roman, serif;\"><span style=\"font-size: medium;\">Environment International<\/span><\/span><\/span><\/em><span style=\"color: #161616;\"><span style=\"font-family: Times New Roman, serif;\"><span style=\"font-size: medium;\">\u00a051:116-140 (2013).\u00a0<\/span><\/span><\/span><a href=\"https:\/\/www.sciencedirect.com\/science\/article\/pii\/S0160412012002334\/pdfft?isDTMRedir=true&amp;download=true\" target=\"_blank\" rel=\"noopener\"><span style=\"color: #135b91;\"><span style=\"font-family: Times New Roman, serif;\"><span style=\"font-size: medium;\"><u>https:\/\/www.sciencedirect.com\/science\/article\/pii\/S0160412012002334\/pdfft?isDTMRedir=true&amp;download=true\u201ddownload=true<\/u><\/span><\/span><\/span><\/a><\/p>\n<\/li>\n<li>\n<p class=\"western\" align=\"left\"><span style=\"color: #161616;\"><span style=\"font-family: Times New Roman, serif;\"><span style=\"font-size: medium;\">Alain Thill. Biologische Wirkungen elektromagnetischer Felder auf Insekten.\u00a0<\/span><\/span><\/span><em><span style=\"color: #161616;\"><span style=\"font-family: Times New Roman, serif;\"><span style=\"font-size: medium;\">Umwelt Medizin Gesellschaft<\/span><\/span><\/span><\/em><span style=\"color: #161616;\"><span style=\"font-family: Times New Roman, serif;\"><span style=\"font-size: medium;\">\u00a033(3) Suppl: 1-27 (2020).\u00a0<\/span><\/span><\/span><a href=\"https:\/\/kompetenzinitiative.com\/wp-content\/uploads\/2020\/09\/Thill_2020_Review_Insekten.pdf\" target=\"_blank\" rel=\"noopener\"><span style=\"color: #135b91;\"><span style=\"font-family: Times New Roman, serif;\"><span style=\"font-size: medium;\"><u>https:\/\/kompetenzinitiative.com\/wp-content\/uploads\/2020\/09\/Thill_2020_Review_Insekten.pdf<\/u><\/span><\/span><\/span><\/a><\/p>\n<\/li>\n<li>\n<p class=\"western\" align=\"left\"><span style=\"color: #161616;\"><span style=\"font-family: Times New Roman, serif;\"><span style=\"font-size: medium;\">Blake Levitt, Henry C. Lai and Albert M. Manville\u00a0II. Effects of non-ionizing electromagnetic fields on flora and fauna, Part\u00a02 impacts: how species interact with natural and man-made EMF.\u00a0<\/span><\/span><\/span><em><span style=\"color: #161616;\"><span style=\"font-family: Times New Roman, serif;\"><span style=\"font-size: medium;\">Reviews on Environmental Health<\/span><\/span><\/span><\/em><span style=\"color: #161616;\"><span style=\"font-family: Times New Roman, serif;\"><span style=\"font-size: medium;\">\u00a037(3): 327-406 and Supplements 1-4 (2021).\u00a0<\/span><\/span><\/span><a href=\"https:\/\/doi.org\/10.1515\/reveh-2021-0050\" target=\"_blank\" rel=\"noopener\"><span style=\"color: #135b91;\"><span style=\"font-family: Times New Roman, serif;\"><span style=\"font-size: medium;\"><u>https:\/\/doi.org\/10.1515\/reveh-2021-0050<\/u><\/span><\/span><\/span><\/a><\/p>\n<\/li>\n<li>\n<p class=\"western\" align=\"left\"><span style=\"color: #161616;\"><span style=\"font-family: Times New Roman, serif;\"><span style=\"font-size: medium;\">Allan H. Frey. Is a toxicology model appropriate as a guide for biological research with electromagnetic fields?\u00a0<\/span><\/span><\/span><em><span style=\"color: #161616;\"><span style=\"font-family: Times New Roman, serif;\"><span style=\"font-size: medium;\">Journal of Bioelectricity<\/span><\/span><\/span><\/em><span style=\"color: #161616;\"><span style=\"font-family: Times New Roman, serif;\"><span style=\"font-size: medium;\">\u00a09(2): 233-234 (1990).\u00a0<\/span><\/span><\/span><a href=\"https:\/\/www.tandfonline.com\/doi\/pdf\/10.3109\/15368379009119811\" target=\"_blank\" rel=\"noopener\"><span style=\"color: #135b91;\"><span style=\"font-family: Times New Roman, serif;\"><span style=\"font-size: medium;\"><u>https:\/\/www.tandfonline.com\/doi\/pdf\/10.3109\/15368379009119811<\/u><\/span><\/span><\/span><\/a><\/p>\n<\/li>\n<li>\n<p class=\"western\" align=\"left\"><span style=\"color: #161616;\"><span style=\"font-family: Times New Roman, serif;\"><span style=\"font-size: medium;\">Igor Belyaev. Duration of Exposure and Dose in Assessing Nonthermal Biological Effects of Microwaves. In\u00a0<\/span><\/span><\/span><em><span style=\"color: #161616;\"><span style=\"font-family: Times New Roman, serif;\"><span style=\"font-size: medium;\">Dosimetry in Bioelectromagnetics<\/span><\/span><\/span><\/em><span style=\"color: #161616;\"><span style=\"font-family: Times New Roman, serif;\"><span style=\"font-size: medium;\">\u00a0(CRC Press 2017), pp. 171-184.<\/span><\/span><\/span><\/p>\n<\/li>\n<li>\n<p class=\"western\" align=\"left\"><span style=\"color: #161616;\"><span style=\"font-family: Times New Roman, serif;\"><span style=\"font-size: medium;\">Y. Belyaev et al. Resonance effect of millimeter waves in the power range from 10<\/span><\/span><\/span><span style=\"color: #161616;\"><sup><span style=\"font-family: Times New Roman, serif;\"><span style=\"font-size: medium;\">\u201319<\/span><\/span><\/sup><\/span><span style=\"color: #161616;\"><span style=\"font-family: Times New Roman, serif;\"><span style=\"font-size: medium;\">\u00a0to 3 x\u00a010<\/span><\/span><\/span><span style=\"color: #161616;\"><sup><span style=\"font-family: Times New Roman, serif;\"><span style=\"font-size: medium;\">\u20133<\/span><\/span><\/sup><\/span><span style=\"color: #161616;\"><span style=\"font-family: Times New Roman, serif;\"><span style=\"font-size: medium;\">\u00a0W\/cm<\/span><\/span><\/span><span style=\"color: #161616;\"><sup><span style=\"font-family: Times New Roman, serif;\"><span style=\"font-size: medium;\">\u00a02<\/span><\/span><\/sup><\/span><span style=\"color: #161616;\"><span style=\"font-family: Times New Roman, serif;\"><span style=\"font-size: medium;\">\u00a0on\u00a0<\/span><\/span><\/span><em><span style=\"color: #161616;\"><span style=\"font-family: Times New Roman, serif;\"><span style=\"font-size: medium;\">Escherichia coli<\/span><\/span><\/span><\/em><span style=\"color: #161616;\"><span style=\"font-family: Times New Roman, serif;\"><span style=\"font-size: medium;\">\u00a0cells at different concentrations.\u00a0<\/span><\/span><\/span><em><span style=\"color: #161616;\"><span style=\"font-family: Times New Roman, serif;\"><span style=\"font-size: medium;\">Bioelectromagnetics<\/span><\/span><\/span><\/em><span style=\"color: #161616;\"><span style=\"font-family: Times New Roman, serif;\"><span style=\"font-size: medium;\">\u00a017:312-321 (1996).\u00a0<\/span><\/span><\/span><a href=\"https:\/\/onlinelibrary.wiley.com\/doi\/abs\/10.1002\/(SICI)1521-186X(1996)17:4%3C312::AID-BEM7%3E3.0.CO;2-6\" target=\"_blank\" rel=\"noopener\"><span style=\"color: #135b91;\"><span style=\"font-family: Times New Roman, serif;\"><span style=\"font-size: medium;\"><u>https:\/\/onlinelibrary.wiley.com\/doi\/abs\/10.1002\/(SICI)1521-186X(1996)17:4%3C312::AID-BEM7%3E3.0.CO;2-6<\/u><\/span><\/span><\/span><\/a><\/p>\n<\/li>\n<li>\n<p class=\"western\" align=\"left\"><span style=\"color: #161616;\"><span style=\"font-family: Times New Roman, serif;\"><span style=\"font-size: medium;\">William Bise. Low power radio-frequency and microwave effects on human electroencephalogram and behavior.\u00a0<\/span><\/span><\/span><em><span style=\"color: #161616;\"><span style=\"font-family: Times New Roman, serif;\"><span style=\"font-size: medium;\">Physiological Chemistry and Physics<\/span><\/span><\/span><\/em><span style=\"color: #161616;\"><span style=\"font-family: Times New Roman, serif;\"><span style=\"font-size: medium;\">\u00a010(5): 387-398.\u00a0<\/span><\/span><\/span><a href=\"https:\/\/pubmed.ncbi.nlm.nih.gov\/751078\/\" target=\"_blank\" rel=\"noopener\"><span style=\"color: #135b91;\"><span style=\"font-family: Times New Roman, serif;\"><span style=\"font-size: medium;\"><u>https:\/\/pubmed.ncbi.nlm.nih.gov\/751078\/<\/u><\/span><\/span><\/span><\/a><\/p>\n<\/li>\n<li>\n<p class=\"western\" align=\"left\"><span style=\"color: #161616;\"><span style=\"font-family: Times New Roman, serif;\"><span style=\"font-size: medium;\">Bertil R. R. Persson et al. Blood-brain barrier permeability in rats exposed to electromagnetic fields used in wireless communication.\u00a0<\/span><\/span><\/span><em><span style=\"color: #161616;\"><span style=\"font-family: Times New Roman, serif;\"><span style=\"font-size: medium;\">Wireless Networks<\/span><\/span><\/span><\/em><span style=\"color: #161616;\"><span style=\"font-family: Times New Roman, serif;\"><span style=\"font-size: medium;\">\u00a03:455-461 (1997).\u00a0<\/span><\/span><\/span><a href=\"https:\/\/link.springer.com\/content\/pdf\/10.1023\/a:1019150510840.pdf\" target=\"_blank\" rel=\"noopener\"><span style=\"color: #135b91;\"><span style=\"font-family: Times New Roman, serif;\"><span style=\"font-size: medium;\"><u>https:\/\/link.springer.com\/content\/pdf\/10.1023\/a:1019150510840.pdf<\/u><\/span><\/span><\/span><\/a><\/p>\n<\/li>\n<li>\n<p class=\"western\" align=\"left\"><span style=\"color: #161616;\"><span style=\"font-family: Times New Roman, serif;\"><span style=\"font-size: medium;\">Andrew Wood, Rohan Mate and Ken Karipidis. Meta-analysis of in vitro and in vivo studies of the biological effects of low-level millimetre waves.\u00a0<\/span><\/span><\/span><em><span style=\"color: #161616;\"><span style=\"font-family: Times New Roman, serif;\"><span style=\"font-size: medium;\">Journal of Exposure Science &amp; Environmental Epidemiology<\/span><\/span><\/span><\/em><span style=\"color: #161616;\"><span style=\"font-family: Times New Roman, serif;\"><span style=\"font-size: medium;\">\u00a031:606\u2013613 (2021).\u00a0<\/span><\/span><\/span><a href=\"https:\/\/www.nature.com\/articles\/s41370-021-00307-7.pdf\" target=\"_blank\" rel=\"noopener\"><span style=\"color: #135b91;\"><span style=\"font-family: Times New Roman, serif;\"><span style=\"font-size: medium;\"><u>https:\/\/www.nature.com\/articles\/s41370-021-00307-7.pdf<\/u><\/span><\/span><\/span><\/a><\/p>\n<\/li>\n<li>\n<p class=\"western\" align=\"left\"><span style=\"color: #161616;\"><span style=\"font-family: Times New Roman, serif;\"><span style=\"font-size: medium;\">Carl F. Blackman. Evidence for disruption by the modulating signal.\u00a0<\/span><\/span><\/span><em><span style=\"color: #161616;\"><span style=\"font-family: Times New Roman, serif;\"><span style=\"font-size: medium;\">BioInitiative Report<\/span><\/span><\/span><\/em><span style=\"color: #161616;\"><span style=\"font-family: Times New Roman, serif;\"><span style=\"font-size: medium;\">, Section\u00a015, July 2007.\u00a0<\/span><\/span><\/span><a href=\"https:\/\/bioinitiative.org\/wp-content\/uploads\/pdfs\/sec15_2007_Modulation_Blackman.pdf\" target=\"_blank\" rel=\"noopener\"><span style=\"color: #135b91;\"><span style=\"font-family: Times New Roman, serif;\"><span style=\"font-size: medium;\"><u>https:\/\/bioinitiative.org\/wp-content\/uploads\/pdfs\/sec15_2007_Modulation_Blackman.pdf<\/u><\/span><\/span><\/span><\/a><\/p>\n<\/li>\n<li>\n<p class=\"western\" align=\"left\"><span style=\"color: #161616;\"><span style=\"font-family: Times New Roman, serif;\"><span style=\"font-size: medium;\">Leif G. Salford et al. Nerve cell damage in mammalian brain after exposure to microwaves from GSM mobile phones.\u00a0<\/span><\/span><\/span><em><span style=\"color: #161616;\"><span style=\"font-family: Times New Roman, serif;\"><span style=\"font-size: medium;\">Environmental Health Perspectives<\/span><\/span><\/span><\/em><span style=\"color: #161616;\"><span style=\"font-family: Times New Roman, serif;\"><span style=\"font-size: medium;\">\u00a0111(7): 881-83 (2003).\u00a0<\/span><\/span><\/span><a href=\"https:\/\/www.ncbi.nlm.nih.gov\/pmc\/articles\/PMC1241519\/pdf\/eh\" target=\"_blank\" rel=\"noopener\"><span style=\"color: #135b91;\"><span style=\"font-family: Times New Roman, serif;\"><span style=\"font-size: medium;\"><u>https:\/\/www.ncbi.nlm.nih.gov\/pmc\/articles\/PMC1241519\/pdf\/eh<\/u><\/span><\/span><\/span><\/a><\/p>\n<\/li>\n<li>\n<p class=\"western\" align=\"left\"><span style=\"color: #161616;\"><span style=\"font-family: Times New Roman, serif;\"><span style=\"font-size: medium;\">Paul Brodeur. <\/span><\/span><\/span><em><span style=\"color: #161616;\"><span style=\"font-family: Times New Roman, serif;\"><span style=\"font-size: medium;\">The Zapping of America<\/span><\/span><\/span><\/em><span style=\"color: #161616;\"><span style=\"font-family: Times New Roman, serif;\"><span style=\"font-size: medium;\">\u00a0(NY: W.W.\u00a0Norton 1977).<\/span><\/span><\/span><\/p>\n<\/li>\n<li>\n<p class=\"western\" align=\"left\"><span style=\"color: #161616;\"><span style=\"font-family: Times New Roman, serif;\"><span style=\"font-size: medium;\">Guntis Br?melis, Valdis Balodis, and Zanda Balode. Radio-frequency electromagnetic fields: The Skrunda Radio Location Station case.\u00a0<\/span><\/span><\/span><em><span style=\"color: #161616;\"><span style=\"font-family: Times New Roman, serif;\"><span style=\"font-size: medium;\">Science of the Total Environment<\/span><\/span><\/span><\/em><span style=\"color: #161616;\"><span style=\"font-family: Times New Roman, serif;\"><span style=\"font-size: medium;\">\u00a0180:49-50 (1996).\u00a0<\/span><\/span><\/span><a href=\"https:\/\/www.sciencedirect.com\/science\/article\/abs\/pii\/0048969795049134\" target=\"_blank\" rel=\"noopener\"><span style=\"color: #135b91;\"><span style=\"font-family: Times New Roman, serif;\"><span style=\"font-size: medium;\"><u>https:\/\/www.sciencedirect.com\/science\/article\/abs\/pii\/0048969795049134<\/u><\/span><\/span><\/span><\/a><\/p>\n<\/li>\n<li>\n<p class=\"western\" align=\"left\"><span style=\"color: #161616;\"><span style=\"font-family: Times New Roman, serif;\"><span style=\"font-size: medium;\">Anton Kolodynski and Valda Kolodynska. Motor and psychological functions of school children living in the area of the Skrunda Radio Location Station in Latvia.\u00a0<\/span><\/span><\/span><em><span style=\"color: #161616;\"><span style=\"font-family: Times New Roman, serif;\"><span style=\"font-size: medium;\">Science of the Total Environment<\/span><\/span><\/span><\/em><span style=\"color: #161616;\"><span style=\"font-family: Times New Roman, serif;\"><span style=\"font-size: medium;\">\u00a0180:87-93 (1996).\u00a0<\/span><\/span><\/span><a href=\"https:\/\/www.wifiinschools.com\/uploads\/3\/0\/4\/2\/3042232\/kolodynski.pdf\" target=\"_blank\" rel=\"noopener\"><span style=\"color: #135b91;\"><span style=\"font-family: Times New Roman, serif;\"><span style=\"font-size: medium;\"><u>https:\/\/www.wifiinschools.com\/uploads\/3\/0\/4\/2\/3042232\/kolodynski.pdf<\/u><\/span><\/span><\/span><\/a><\/p>\n<\/li>\n<li>\n<p class=\"western\" align=\"left\"><span style=\"color: #161616;\"><span style=\"font-family: Times New Roman, serif;\"><span style=\"font-size: medium;\">Zanda Balode. Assessment of radio-frequency radiation by the micronucleus test in bovine peripheral erythrocytes.\u00a0<\/span><\/span><\/span><em><span style=\"color: #161616;\"><span style=\"font-family: Times New Roman, serif;\"><span style=\"font-size: medium;\">Science of the Total Environment<\/span><\/span><\/span><\/em><span style=\"color: #161616;\"><span style=\"font-family: Times New Roman, serif;\"><span style=\"font-size: medium;\">\u00a0180:81-85 (1996).\u00a0<\/span><\/span><\/span><a href=\"https:\/\/www.sciencedirect.com\/science\/article\/abs\/pii\/0048969795049231\" target=\"_blank\" rel=\"noopener\"><span style=\"color: #135b91;\"><span style=\"font-family: Times New Roman, serif;\"><span style=\"font-size: medium;\"><u>https:\/\/www.sciencedirect.com\/science\/article\/abs\/pii\/0048969795049231<\/u><\/span><\/span><\/span><\/a><\/p>\n<\/li>\n<li>\n<p class=\"western\" align=\"left\"><span style=\"color: #161616;\"><span style=\"font-family: Times New Roman, serif;\"><span style=\"font-size: medium;\">Liepa and Valdis Balodis. Monitoring of bird breeding near a powerful radar station.\u00a0<\/span><\/span><\/span><em><span style=\"color: #161616;\"><span style=\"font-family: Times New Roman, serif;\"><span style=\"font-size: medium;\">The Ring\u00a0<\/span><\/span><\/span><\/em><span style=\"color: #161616;\"><span style=\"font-family: Times New Roman, serif;\"><span style=\"font-size: medium;\">16(1-2): 100. Abstract (1994).<\/span><\/span><\/span><\/p>\n<\/li>\n<li>\n<p class=\"western\" align=\"left\"><span style=\"color: #161616;\"><span style=\"font-family: Times New Roman, serif;\"><span style=\"font-size: medium;\">Valdis Balodis et al. Does the Skrunda Radio Location Station diminish the radial growth of pine trees?\u00a0<\/span><\/span><\/span><em><span style=\"color: #161616;\"><span style=\"font-family: Times New Roman, serif;\"><span style=\"font-size: medium;\">Science of the Total Environment\u00a0<\/span><\/span><\/span><\/em><span style=\"color: #161616;\"><span style=\"font-family: Times New Roman, serif;\"><span style=\"font-size: medium;\">180:57-64 (1996).\u00a0<\/span><\/span><\/span><a href=\"https:\/\/www.sciencedirect.com\/science\/article\/abs\/pii\/0048969795049207\" target=\"_blank\" rel=\"noopener\"><span style=\"color: #135b91;\"><span style=\"font-family: Times New Roman, serif;\"><span style=\"font-size: medium;\"><u>https:\/\/www.sciencedirect.com\/science\/article\/abs\/pii\/0048969795049207<\/u><\/span><\/span><\/span><\/a><\/p>\n<\/li>\n<li>\n<p class=\"western\" align=\"left\"><span style=\"color: #161616;\"><span style=\"font-family: Times New Roman, serif;\"><span style=\"font-size: medium;\">T?rs Selga and Maija Selga. Response of Pinus sylvestris L. needles to electromagnetic fields: cytological and ultrastructural aspects.\u00a0<\/span><\/span><\/span><em><span style=\"color: #161616;\"><span style=\"font-family: Times New Roman, serif;\"><span style=\"font-size: medium;\">Science of the Total Environment\u00a0<\/span><\/span><\/span><\/em><span style=\"color: #161616;\"><span style=\"font-family: Times New Roman, serif;\"><span style=\"font-size: medium;\">180:65-73 (1996).\u00a0<\/span><\/span><\/span><a href=\"https:\/\/www.sciencedirect.com\/science\/article\/pii\/0048969795049215\" target=\"_blank\" rel=\"noopener\"><span style=\"color: #135b91;\"><span style=\"font-family: Times New Roman, serif;\"><span style=\"font-size: medium;\"><u>https:\/\/www.sciencedirect.com\/science\/article\/pii\/0048969795049215<\/u><\/span><\/span><\/span><\/a><\/p>\n<\/li>\n<li>\n<p class=\"western\" align=\"left\"><span style=\"color: #161616;\"><span style=\"font-family: Times New Roman, serif;\"><span style=\"font-size: medium;\">Magone. The effect of electromagnetic radiation from the Skrunda Radio Location Station on\u00a0<\/span><\/span><\/span><em><span style=\"color: #161616;\"><span style=\"font-family: Times New Roman, serif;\"><span style=\"font-size: medium;\">Spirodela polyrhiza\u00a0<\/span><\/span><\/span><\/em><span style=\"color: #161616;\"><span style=\"font-family: Times New Roman, serif;\"><span style=\"font-size: medium;\">(L.) cultures.\u00a0<\/span><\/span><\/span><em><span style=\"color: #161616;\"><span style=\"font-family: Times New Roman, serif;\"><span style=\"font-size: medium;\">Science of the Total Environment<\/span><\/span><\/span><\/em><span style=\"color: #161616;\"><span style=\"font-family: Times New Roman, serif;\"><span style=\"font-size: medium;\">\u00a0180:75-80 (1996).\u00a0<\/span><\/span><\/span><a href=\"https:\/\/www.sciencedirect.com\/science\/article\/pii\/0048969795049223\" target=\"_blank\" rel=\"noopener\"><span style=\"color: #135b91;\"><span style=\"font-family: Times New Roman, serif;\"><span style=\"font-size: medium;\"><u>https:\/\/www.sciencedirect.com\/science\/article\/pii\/0048969795049223<\/u><\/span><\/span><\/span><\/a><\/p>\n<\/li>\n<li>\n<p class=\"western\" align=\"left\"><em><span style=\"color: #161616;\"><span style=\"font-family: Times New Roman, serif;\"><span style=\"font-size: medium;\">Microwave News<\/span><\/span><\/span><\/em><span style=\"color: #161616;\"><span style=\"font-family: Times New Roman, serif;\"><span style=\"font-size: medium;\">. Latvia\u2019s Russian radar may yield clues to RF health risks. September\/October, pp. 12-13 (1994).\u00a0<\/span><\/span><\/span><a href=\"https:\/\/www.microwavenews.com\/sites\/default\/files\/sites\/default\/files\/backissues\/s-o94issue.pdf\" target=\"_blank\" rel=\"noopener\"><span style=\"color: #135b91;\"><span style=\"font-family: Times New Roman, serif;\"><span style=\"font-size: medium;\"><u>https:\/\/www.microwavenews.com\/sites\/default\/files\/sites\/default\/files\/backissues\/s-o94issue.pdf<\/u><\/span><\/span><\/span><\/a><\/p>\n<\/li>\n<li>\n<p class=\"western\" align=\"left\"><span style=\"color: #161616;\"><span style=\"font-family: Times New Roman, serif;\"><span style=\"font-size: medium;\">National Telecommunications and Information Administration. NTIA Spectrum Compendium, 2700-2900 MHz, 1 September 2014.\u00a0<\/span><\/span><\/span><a href=\"https:\/\/www.ntia.doc.gov\/files\/ntia\/publications\/compendium\/2700.00-2900.00_01SEP14.pdf\" target=\"_blank\" rel=\"noopener\"><span style=\"color: #135b91;\"><span style=\"font-family: Times New Roman, serif;\"><span style=\"font-size: medium;\"><u>https:\/\/www.ntia.doc.gov\/files\/ntia\/publications\/compendium\/2700.00-2900.00_01SEP14.pdf<\/u><\/span><\/span><\/span><\/a><\/p>\n<\/li>\n<li>\n<p class=\"western\" align=\"left\"><span style=\"color: #161616;\"><span style=\"font-family: Times New Roman, serif;\"><span style=\"font-size: medium;\">Advantages and disadvantages of weather radar.\u00a0<\/span><\/span><\/span><a href=\"https:\/\/lidarradar.com\/info\/advantages-and-disadvantages-of-weather-radar\" target=\"_blank\" rel=\"noopener\"><span style=\"color: #135b91;\"><span style=\"font-family: Times New Roman, serif;\"><span style=\"font-size: medium;\"><u>https:\/\/lidarradar.com\/info\/advantages-and-disadvantages-of-weather-radar<\/u><\/span><\/span><\/span><\/a><\/p>\n<\/li>\n<li>\n<p class=\"western\" align=\"left\"><span style=\"color: #161616;\"><span style=\"font-family: Times New Roman, serif;\"><span style=\"font-size: medium;\">Mark Broomhall.\u00a0<\/span><\/span><\/span><em><span style=\"color: #161616;\"><span style=\"font-family: Times New Roman, serif;\"><span style=\"font-size: medium;\">Report for the United Nations Educational Scientific and Cultural Organization (UNESCO) and International Union for Conservation of Nature (IUCN)<\/span><\/span><\/span><\/em><span style=\"color: #161616;\"><span style=\"font-family: Times New Roman, serif;\"><span style=\"font-size: medium;\">\u00a0(2017).\u00a0<\/span><\/span><\/span><a href=\"https:\/\/ehtrust.org\/wp-content\/uploads\/Mt-Nardi-Wildlife-Report-to-UNESCO-FINAL.pdf\" target=\"_blank\" rel=\"noopener\"><span style=\"color: #135b91;\"><span style=\"font-family: Times New Roman, serif;\"><span style=\"font-size: medium;\"><u>https:\/\/ehtrust.org\/wp-content\/uploads\/Mt-Nardi-Wildlife-Report-to-UNESCO-FINAL.pdf<\/u><\/span><\/span><\/span><\/a><\/p>\n<\/li>\n<li>\n<p class=\"western\" align=\"left\"><span style=\"color: #161616;\"><span style=\"font-family: Times New Roman, serif;\"><span style=\"font-size: medium;\">Arthur Firstenberg. Cell towers on the ocean floor. 12 January 2022. <a href=\"https:\/\/www.revue3emillenaire.com\/blog\/tours-de-telephonie-mobile-au-fond-de-locean-par-arthur-firstenberg\/\" target=\"_blank\" rel=\"noopener\">https:\/\/www.revue3emillenaire.com\/blog\/tours-de-telephonie-mobile-au-fond-de-locean-par-arthur-firstenberg\/<\/a><\/span><\/span><\/span><\/p>\n<\/li>\n<li>\n<p class=\"western\" align=\"left\"><span style=\"color: #161616;\"><span style=\"font-family: Times New Roman, serif;\"><span style=\"font-size: medium;\">Lindy Weilgart.\u00a0<\/span><\/span><\/span><em><span style=\"color: #161616;\"><span style=\"font-family: Times New Roman, serif;\"><span style=\"font-size: medium;\">The Impact of Ocean Noise Pollution on Fish and Invertebrates<\/span><\/span><\/span><\/em><span style=\"color: #161616;\"><span style=\"font-family: Times New Roman, serif;\"><span style=\"font-size: medium;\">. OceanCare and Dalhousie University. 1 May 2018.\u00a0<\/span><\/span><\/span><a href=\"https:\/\/thegreentimes.co.za\/wp-content\/uploads\/2022\/01\/impact-of-ocean-noise-pollution-on-fish-and-invertebrates.pdf\" target=\"_blank\" rel=\"noopener\"><span style=\"color: #135b91;\"><span style=\"font-family: Times New Roman, serif;\"><span style=\"font-size: medium;\"><u>https:\/\/thegreentimes.co.za\/wp-content\/uploads\/2022\/01\/impact-of-ocean-noise-pollution-on-fish-and-invertebrates.pdf<\/u><\/span><\/span><\/span><\/a><\/p>\n<\/li>\n<li>\n<p class=\"western\" align=\"left\"><span style=\"color: #161616;\"><span style=\"font-family: Times New Roman, serif;\"><span style=\"font-size: medium;\">Jason D. Godfrey and David M.\u00a0Bryant. Effects of radio transmitters: review of recent radio-tracking studies. In: M.\u00a0Williams, ed.,\u00a0<\/span><\/span><\/span><em><span style=\"color: #161616;\"><span style=\"font-family: Times New Roman, serif;\"><span style=\"font-size: medium;\">Conservation Applications of Measuring Energy Expenditure of New Zealand Birds: Assessing Habitat Quality and Costs of Carrying Radio Transmitters<\/span><\/span><\/span><\/em><span style=\"color: #161616;\"><span style=\"font-family: Times New Roman, serif;\"><span style=\"font-size: medium;\">\u00a0(Wellington, New Zealand: Dept. of Conservation), pp. 83-95 (2003).<\/span><\/span><\/span><\/p>\n<\/li>\n<li>\n<p class=\"western\" align=\"left\"><span style=\"color: #161616;\"><span style=\"font-family: Times New Roman, serif;\"><span style=\"font-size: medium;\">David Mech and Shannon M.\u00a0Barber.\u00a0<\/span><\/span><\/span><em><span style=\"color: #161616;\"><span style=\"font-family: Times New Roman, serif;\"><span style=\"font-size: medium;\">A Critique of Wildlife Radio-Tracking and Its Use in National Parks.\u00a0<\/span><\/span><\/span><\/em><span style=\"color: #161616;\"><span style=\"font-family: Times New Roman, serif;\"><span style=\"font-size: medium;\">Jamestown, ND: U.S. Geological Survey, Northern Prairie Wildlife Research Center (2002).\u00a0<\/span><\/span><\/span><a href=\"https:\/\/eplanning.blm.gov\/public_projects\/nepa\/51689\/167135\/203600\/E2._A_CRITIQUE_OF_WILDLIFE_RADIO-TRACKING.pdf\" target=\"_blank\" rel=\"noopener\"><span style=\"color: #135b91;\"><span style=\"font-family: Times New Roman, serif;\"><span style=\"font-size: medium;\"><u>https:\/\/eplanning.blm.gov\/public_projects\/nepa\/51689\/167135\/203600\/E2._A_CRITIQUE_OF_WILDLIFE_RADIO-TRACKING.pdf<\/u><\/span><\/span><\/span><\/a><\/p>\n<\/li>\n<li>\n<p class=\"western\" align=\"left\"><span style=\"color: #161616;\"><span style=\"font-family: Times New Roman, serif;\"><span style=\"font-size: medium;\">John C. Withey et al. Effects of tagging and location error in wildlife radiotelemetry studies. In: Joshua J. Millspaugh and John M. Marzluff, eds.,\u00a0<\/span><\/span><\/span><em><span style=\"color: #161616;\"><span style=\"font-family: Times New Roman, serif;\"><span style=\"font-size: medium;\">Radio Tracking and Animal Populations\u00a0<\/span><\/span><\/span><\/em><span style=\"color: #161616;\"><span style=\"font-family: Times New Roman, serif;\"><span style=\"font-size: medium;\">(San Diego: Academic), pp. 43-75 (2001).<\/span><\/span><\/span><\/p>\n<\/li>\n<li>\n<p class=\"western\" align=\"left\"><span style=\"color: #161616;\"><span style=\"font-family: Times New Roman, serif;\"><span style=\"font-size: medium;\">Roger Burrows, Heribert Hofer, and Marion L. East. Demography, extinction and intervention in a small population: the case of the Serengeti wild dogs.\u00a0<\/span><\/span><\/span><em><span style=\"color: #161616;\"><span style=\"font-family: Times New Roman, serif;\"><span style=\"font-size: medium;\">Proceedings of the Royal Society of London B\u00a0<\/span><\/span><\/span><\/em><span style=\"color: #161616;\"><span style=\"font-family: Times New Roman, serif;\"><span style=\"font-size: medium;\">256: 281-92 (1994).\u00a0<\/span><\/span><\/span><a href=\"https:\/\/royalsocietypublishing.org\/doi\/epdf\/10.1098\/rspb.1994.0082\" target=\"_blank\" rel=\"noopener\"><span style=\"color: #135b91;\"><span style=\"font-family: Times New Roman, serif;\"><span style=\"font-size: medium;\"><u>https:\/\/royalsocietypublishing.org\/doi\/epdf\/10.1098\/rspb.1994.0082<\/u><\/span><\/span><\/span><\/a><\/p>\n<\/li>\n<li>\n<p class=\"western\" align=\"left\"><span style=\"color: #161616;\"><span style=\"font-family: Times New Roman, serif;\"><span style=\"font-size: medium;\">Roger Burrows. Population dynamics, intervention and survival in African wild dogs (<\/span><\/span><\/span><em><span style=\"color: #161616;\"><span style=\"font-family: Times New Roman, serif;\"><span style=\"font-size: medium;\">Lycaon pictus)<\/span><\/span><\/span><\/em><span style=\"color: #161616;\"><span style=\"font-family: Times New Roman, serif;\"><span style=\"font-size: medium;\">.\u00a0<\/span><\/span><\/span><em><span style=\"color: #161616;\"><span style=\"font-family: Times New Roman, serif;\"><span style=\"font-size: medium;\">Proceedings of the Royal Society of London B<\/span><\/span><\/span><\/em><span style=\"color: #161616;\"><span style=\"font-family: Times New Roman, serif;\"><span style=\"font-size: medium;\">\u00a0262: 235-45 (1995).\u00a0<\/span><\/span><\/span><a href=\"https:\/\/royalsocietypublishing.org\/doi\/abs\/10.1098\/rspb.1995.0201\" target=\"_blank\" rel=\"noopener\"><span style=\"color: #135b91;\"><span style=\"font-family: Times New Roman, serif;\"><span style=\"font-size: medium;\"><u>https:\/\/royalsocietypublishing.org\/doi\/abs\/10.1098\/rspb.1995.0201<\/u><\/span><\/span><\/span><\/a><\/p>\n<\/li>\n<li>\n<p class=\"western\" align=\"left\"><span style=\"color: #161616;\"><span style=\"font-family: Times New Roman, serif;\"><span style=\"font-size: medium;\">Jon E. Swenson et al. Effects of ear-tagging with radiotransmitters on survival of moose calves.\u00a0<\/span><\/span><\/span><em><span style=\"color: #161616;\"><span style=\"font-family: Times New Roman, serif;\"><span style=\"font-size: medium;\">Journal of Wildlife Management<\/span><\/span><\/span><\/em><span style=\"color: #161616;\"><span style=\"font-family: Times New Roman, serif;\"><span style=\"font-size: medium;\">\u00a063(1): 354-58 (1999).<\/span><\/span><\/span><\/p>\n<\/li>\n<li>\n<p class=\"western\" align=\"left\"><span style=\"color: #161616;\"><span style=\"font-family: Times New Roman, serif;\"><span style=\"font-size: medium;\">Moorhouse, Tom P. and David W.\u00a0Macdonald. Indirect negative impacts of radio-collaring: Sex ratio variation in water voles.\u00a0<\/span><\/span><\/span><em><span style=\"color: #161616;\"><span style=\"font-family: Times New Roman, serif;\"><span style=\"font-size: medium;\">Journal of Applied Ecology<\/span><\/span><\/span><\/em><span style=\"color: #161616;\"><span style=\"font-family: Times New Roman, serif;\"><span style=\"font-size: medium;\">\u00a042:91-98 (2005). <\/span><\/span><\/span><a href=\"https:\/\/www.buergerwelle.de\/assets\/files\/water_vole_paper.pdf?cultureKey=&amp;q=pdf\/water_vole_paper.pdf\" target=\"_blank\" rel=\"noopener\"><span style=\"color: #135b91;\"><span style=\"font-family: Times New Roman, serif;\"><span style=\"font-size: medium;\"><u>https:\/\/www.buergerwelle.de\/assets\/files\/water_vole_paper.pdf?cultureKey=&amp;q=pdf\/water_vole_paper.pdf<\/u><\/span><\/span><\/span><\/a><\/p>\n<\/li>\n<li>\n<p class=\"western\" align=\"left\"><em><span style=\"color: #161616;\"><span style=\"font-family: Times New Roman, serif;\"><span style=\"font-size: medium;\">Reader\u2019s Digest.<\/span><\/span><\/span><\/em><span style=\"color: #161616;\"><span style=\"font-family: Times New Roman, serif;\"><span style=\"font-size: medium;\">\u00a0The Snow Tiger\u2019s Last Stand. November 1998.<\/span><\/span><\/span><\/p>\n<\/li>\n<li>\n<p class=\"western\" align=\"left\"><span style=\"color: #161616;\"><span style=\"font-family: Times New Roman, serif;\"><span style=\"font-size: medium;\">Buchner K, Rivasi M. The International Commission on Non-Ionizing Radiation Protection: Conflicts of interest, corporate capture and the push for 5G. European Parliament report. Brussels June 2020<\/span><\/span><\/span><strong><span style=\"color: #161616;\"><span style=\"font-family: Times New Roman, serif;\"><span style=\"font-size: medium;\">.\u00a0<\/span><\/span><\/span><\/strong><a href=\"https:\/\/ehtrust.org\/the-international-commission-on-non-ionizing-radiation-protection-conflicts-of-interest-corporate-capture-and-the-push-for-5g\/\" target=\"_blank\" rel=\"noopener\"><span style=\"color: #135b91;\"><span style=\"font-family: Times New Roman, serif;\"><span style=\"font-size: medium;\"><u>https:\/\/ehtrust.org\/the-international-commission-on-non-ionizing-radiation-protection-conflicts-of-interest-corporate-capture-and-the-push-for-5g\/<\/u><\/span><\/span><\/span><\/a><\/p>\n<\/li>\n<\/ol>\n<p class=\"western\" align=\"center\"><b>Remerciements<\/b><\/p>\n<p class=\"western\" align=\"center\">Les personnes suivantes ont contribu\u00e9 \u00e0 la r\u00e9daction de cette note d\u2019information\u00a0:<\/p>\n<p class=\"western\" align=\"center\">Arthur Firstenberg<\/p>\n<p class=\"western\" align=\"center\">Kathleen Burke<\/p>\n<p class=\"western\" align=\"center\">Ian Jarvis<\/p>\n<p class=\"western\" align=\"center\">Christof Plothe<\/p>\n<p class=\"western\" align=\"center\">Tess Lawrie<\/p>\n","protected":false},"excerpt":{"rendered":"<p>Conseils aux gouvernements, aux l\u00e9gislateurs, aux organisations environnementales, aux \u00e9coles et aux responsables religieux, politiques et communautaires. Si votre organisation souhaite apporter son soutien \u00e0 ce m\u00e9moire, veuillez nous envoyer un courriel. Points cl\u00e9s 1. L\u2019\u00e9tude de l\u2019\u00e9lectricit\u00e9 devrait \u00eatre r\u00e9int\u00e9gr\u00e9e \u00e0 la biologie et \u00e0 la m\u00e9decine. 2. Les communications personnelles sans fil doivent [&hellip;]<\/p>\n","protected":false},"author":2,"featured_media":18864,"comment_status":"closed","ping_status":"closed","sticky":false,"template":"","format":"standard","meta":{"footnotes":""},"categories":[1540,1594],"tags":[1746,1624],"class_list":["post-19405","post","type-post","status-publish","format-standard","has-post-thumbnail","hentry","category-actualite","category-firstenberg-arthur","tag-electrosmog","tag-pollution-electromagnetique"],"yoast_head":"<!-- This site is optimized with the Yoast SEO plugin v27.0 - https:\/\/yoast.com\/product\/yoast-seo-wordpress\/ -->\n<title>Notes pratiques sur l\u2019\u00c9lectrosmog par Arthur Firstenberg &amp; coll. - 3e mill\u00e9naire - Spiritualit\u00e9 - Connaissance de soi - Non-dualit\u00e9 - M\u00e9ditation<\/title>\n<meta name=\"robots\" content=\"index, follow, max-snippet:-1, max-image-preview:large, max-video-preview:-1\" \/>\n<link rel=\"canonical\" href=\"https:\/\/www.revue3emillenaire.com\/blog\/notes-pratiques-sur-lelectrosmog-par-arthur-firstenberg-al\/\" \/>\n<meta property=\"og:locale\" content=\"fr_FR\" \/>\n<meta property=\"og:type\" content=\"article\" \/>\n<meta property=\"og:title\" content=\"Notes pratiques sur l\u2019\u00c9lectrosmog par Arthur Firstenberg &amp; coll. - 3e mill\u00e9naire - Spiritualit\u00e9 - Connaissance de soi - Non-dualit\u00e9 - M\u00e9ditation\" \/>\n<meta property=\"og:description\" content=\"Conseils aux gouvernements, aux l\u00e9gislateurs, aux organisations environnementales, aux \u00e9coles et aux responsables religieux, politiques et communautaires. Si votre organisation souhaite apporter son soutien \u00e0 ce m\u00e9moire, veuillez nous envoyer un courriel. Points cl\u00e9s 1. L\u2019\u00e9tude de l\u2019\u00e9lectricit\u00e9 devrait \u00eatre r\u00e9int\u00e9gr\u00e9e \u00e0 la biologie et \u00e0 la m\u00e9decine. 2. Les communications personnelles sans fil doivent [&hellip;]\" \/>\n<meta property=\"og:url\" content=\"https:\/\/www.revue3emillenaire.com\/blog\/notes-pratiques-sur-lelectrosmog-par-arthur-firstenberg-al\/\" \/>\n<meta property=\"og:site_name\" content=\"3e mill\u00e9naire - Spiritualit\u00e9 - Connaissance de soi - Non-dualit\u00e9 - M\u00e9ditation\" \/>\n<meta property=\"article:published_time\" content=\"2023-07-27T19:51:36+00:00\" \/>\n<meta property=\"article:modified_time\" content=\"2023-07-28T14:28:33+00:00\" \/>\n<meta property=\"og:image\" content=\"https:\/\/www.revue3emillenaire.com\/blog\/wp-content\/uploads\/2022\/02\/Arthur-Firstenberg2.jpg\" \/>\n\t<meta property=\"og:image:width\" content=\"280\" \/>\n\t<meta property=\"og:image:height\" content=\"412\" \/>\n\t<meta property=\"og:image:type\" content=\"image\/jpeg\" \/>\n<meta name=\"author\" content=\"3e mill\u00e9naire\" \/>\n<meta name=\"twitter:card\" content=\"summary_large_image\" \/>\n<meta name=\"twitter:label1\" content=\"\u00c9crit par\" \/>\n\t<meta name=\"twitter:data1\" content=\"3e mill\u00e9naire\" \/>\n\t<meta name=\"twitter:label2\" content=\"Dur\u00e9e de lecture estim\u00e9e\" \/>\n\t<meta name=\"twitter:data2\" content=\"22 minutes\" \/>\n<script type=\"application\/ld+json\" class=\"yoast-schema-graph\">{\"@context\":\"https:\/\/schema.org\",\"@graph\":[{\"@type\":\"Article\",\"@id\":\"https:\/\/www.revue3emillenaire.com\/blog\/notes-pratiques-sur-lelectrosmog-par-arthur-firstenberg-al\/#article\",\"isPartOf\":{\"@id\":\"https:\/\/www.revue3emillenaire.com\/blog\/notes-pratiques-sur-lelectrosmog-par-arthur-firstenberg-al\/\"},\"author\":{\"name\":\"3e mill\u00e9naire\",\"@id\":\"https:\/\/www.revue3emillenaire.com\/blog\/#\/schema\/person\/b692dacff720a5344a6190bc714397eb\"},\"headline\":\"Notes pratiques sur l\u2019\u00c9lectrosmog par Arthur Firstenberg &#038; coll.\",\"datePublished\":\"2023-07-27T19:51:36+00:00\",\"dateModified\":\"2023-07-28T14:28:33+00:00\",\"mainEntityOfPage\":{\"@id\":\"https:\/\/www.revue3emillenaire.com\/blog\/notes-pratiques-sur-lelectrosmog-par-arthur-firstenberg-al\/\"},\"wordCount\":4900,\"image\":{\"@id\":\"https:\/\/www.revue3emillenaire.com\/blog\/notes-pratiques-sur-lelectrosmog-par-arthur-firstenberg-al\/#primaryimage\"},\"thumbnailUrl\":\"https:\/\/www.revue3emillenaire.com\/blog\/wp-content\/uploads\/2022\/02\/Arthur-Firstenberg2.jpg\",\"keywords\":[\"\u00c9lectrosmog\",\"Pollution \u00e9lectromagn\u00e9tique\"],\"articleSection\":[\"Actualit\u00e9s\",\"Firstenberg Arthur\"],\"inLanguage\":\"fr-FR\"},{\"@type\":\"WebPage\",\"@id\":\"https:\/\/www.revue3emillenaire.com\/blog\/notes-pratiques-sur-lelectrosmog-par-arthur-firstenberg-al\/\",\"url\":\"https:\/\/www.revue3emillenaire.com\/blog\/notes-pratiques-sur-lelectrosmog-par-arthur-firstenberg-al\/\",\"name\":\"Notes pratiques sur l\u2019\u00c9lectrosmog par Arthur Firstenberg & coll. - 3e mill\u00e9naire - Spiritualit\u00e9 - Connaissance de soi - Non-dualit\u00e9 - M\u00e9ditation\",\"isPartOf\":{\"@id\":\"https:\/\/www.revue3emillenaire.com\/blog\/#website\"},\"primaryImageOfPage\":{\"@id\":\"https:\/\/www.revue3emillenaire.com\/blog\/notes-pratiques-sur-lelectrosmog-par-arthur-firstenberg-al\/#primaryimage\"},\"image\":{\"@id\":\"https:\/\/www.revue3emillenaire.com\/blog\/notes-pratiques-sur-lelectrosmog-par-arthur-firstenberg-al\/#primaryimage\"},\"thumbnailUrl\":\"https:\/\/www.revue3emillenaire.com\/blog\/wp-content\/uploads\/2022\/02\/Arthur-Firstenberg2.jpg\",\"datePublished\":\"2023-07-27T19:51:36+00:00\",\"dateModified\":\"2023-07-28T14:28:33+00:00\",\"author\":{\"@id\":\"https:\/\/www.revue3emillenaire.com\/blog\/#\/schema\/person\/b692dacff720a5344a6190bc714397eb\"},\"breadcrumb\":{\"@id\":\"https:\/\/www.revue3emillenaire.com\/blog\/notes-pratiques-sur-lelectrosmog-par-arthur-firstenberg-al\/#breadcrumb\"},\"inLanguage\":\"fr-FR\",\"potentialAction\":[{\"@type\":\"ReadAction\",\"target\":[\"https:\/\/www.revue3emillenaire.com\/blog\/notes-pratiques-sur-lelectrosmog-par-arthur-firstenberg-al\/\"]}]},{\"@type\":\"ImageObject\",\"inLanguage\":\"fr-FR\",\"@id\":\"https:\/\/www.revue3emillenaire.com\/blog\/notes-pratiques-sur-lelectrosmog-par-arthur-firstenberg-al\/#primaryimage\",\"url\":\"https:\/\/www.revue3emillenaire.com\/blog\/wp-content\/uploads\/2022\/02\/Arthur-Firstenberg2.jpg\",\"contentUrl\":\"https:\/\/www.revue3emillenaire.com\/blog\/wp-content\/uploads\/2022\/02\/Arthur-Firstenberg2.jpg\",\"width\":280,\"height\":412},{\"@type\":\"BreadcrumbList\",\"@id\":\"https:\/\/www.revue3emillenaire.com\/blog\/notes-pratiques-sur-lelectrosmog-par-arthur-firstenberg-al\/#breadcrumb\",\"itemListElement\":[{\"@type\":\"ListItem\",\"position\":1,\"name\":\"Accueil\",\"item\":\"https:\/\/www.revue3emillenaire.com\/blog\/\"},{\"@type\":\"ListItem\",\"position\":2,\"name\":\"Notes pratiques sur l\u2019\u00c9lectrosmog par Arthur Firstenberg &#038; coll.\"}]},{\"@type\":\"WebSite\",\"@id\":\"https:\/\/www.revue3emillenaire.com\/blog\/#website\",\"url\":\"https:\/\/www.revue3emillenaire.com\/blog\/\",\"name\":\"3e mill\u00e9naire - Spiritualit\u00e9 - Connaissance de soi - Non-dualit\u00e9 - M\u00e9ditation\",\"description\":\"L&#039;Homme en devenir\",\"potentialAction\":[{\"@type\":\"SearchAction\",\"target\":{\"@type\":\"EntryPoint\",\"urlTemplate\":\"https:\/\/www.revue3emillenaire.com\/blog\/?s={search_term_string}\"},\"query-input\":{\"@type\":\"PropertyValueSpecification\",\"valueRequired\":true,\"valueName\":\"search_term_string\"}}],\"inLanguage\":\"fr-FR\"},{\"@type\":\"Person\",\"@id\":\"https:\/\/www.revue3emillenaire.com\/blog\/#\/schema\/person\/b692dacff720a5344a6190bc714397eb\",\"name\":\"3e mill\u00e9naire\",\"url\":\"https:\/\/www.revue3emillenaire.com\/blog\/author\/scoussa\/\"}]}<\/script>\n<!-- \/ Yoast SEO plugin. -->","yoast_head_json":{"title":"Notes pratiques sur l\u2019\u00c9lectrosmog par Arthur Firstenberg & coll. - 3e mill\u00e9naire - Spiritualit\u00e9 - Connaissance de soi - Non-dualit\u00e9 - M\u00e9ditation","robots":{"index":"index","follow":"follow","max-snippet":"max-snippet:-1","max-image-preview":"max-image-preview:large","max-video-preview":"max-video-preview:-1"},"canonical":"https:\/\/www.revue3emillenaire.com\/blog\/notes-pratiques-sur-lelectrosmog-par-arthur-firstenberg-al\/","og_locale":"fr_FR","og_type":"article","og_title":"Notes pratiques sur l\u2019\u00c9lectrosmog par Arthur Firstenberg & coll. - 3e mill\u00e9naire - Spiritualit\u00e9 - Connaissance de soi - Non-dualit\u00e9 - M\u00e9ditation","og_description":"Conseils aux gouvernements, aux l\u00e9gislateurs, aux organisations environnementales, aux \u00e9coles et aux responsables religieux, politiques et communautaires. Si votre organisation souhaite apporter son soutien \u00e0 ce m\u00e9moire, veuillez nous envoyer un courriel. Points cl\u00e9s 1. L\u2019\u00e9tude de l\u2019\u00e9lectricit\u00e9 devrait \u00eatre r\u00e9int\u00e9gr\u00e9e \u00e0 la biologie et \u00e0 la m\u00e9decine. 2. Les communications personnelles sans fil doivent [&hellip;]","og_url":"https:\/\/www.revue3emillenaire.com\/blog\/notes-pratiques-sur-lelectrosmog-par-arthur-firstenberg-al\/","og_site_name":"3e mill\u00e9naire - Spiritualit\u00e9 - Connaissance de soi - Non-dualit\u00e9 - M\u00e9ditation","article_published_time":"2023-07-27T19:51:36+00:00","article_modified_time":"2023-07-28T14:28:33+00:00","og_image":[{"width":280,"height":412,"url":"https:\/\/www.revue3emillenaire.com\/blog\/wp-content\/uploads\/2022\/02\/Arthur-Firstenberg2.jpg","type":"image\/jpeg"}],"author":"3e mill\u00e9naire","twitter_card":"summary_large_image","twitter_misc":{"\u00c9crit par":"3e mill\u00e9naire","Dur\u00e9e de lecture estim\u00e9e":"22 minutes"},"schema":{"@context":"https:\/\/schema.org","@graph":[{"@type":"Article","@id":"https:\/\/www.revue3emillenaire.com\/blog\/notes-pratiques-sur-lelectrosmog-par-arthur-firstenberg-al\/#article","isPartOf":{"@id":"https:\/\/www.revue3emillenaire.com\/blog\/notes-pratiques-sur-lelectrosmog-par-arthur-firstenberg-al\/"},"author":{"name":"3e mill\u00e9naire","@id":"https:\/\/www.revue3emillenaire.com\/blog\/#\/schema\/person\/b692dacff720a5344a6190bc714397eb"},"headline":"Notes pratiques sur l\u2019\u00c9lectrosmog par Arthur Firstenberg &#038; coll.","datePublished":"2023-07-27T19:51:36+00:00","dateModified":"2023-07-28T14:28:33+00:00","mainEntityOfPage":{"@id":"https:\/\/www.revue3emillenaire.com\/blog\/notes-pratiques-sur-lelectrosmog-par-arthur-firstenberg-al\/"},"wordCount":4900,"image":{"@id":"https:\/\/www.revue3emillenaire.com\/blog\/notes-pratiques-sur-lelectrosmog-par-arthur-firstenberg-al\/#primaryimage"},"thumbnailUrl":"https:\/\/www.revue3emillenaire.com\/blog\/wp-content\/uploads\/2022\/02\/Arthur-Firstenberg2.jpg","keywords":["\u00c9lectrosmog","Pollution \u00e9lectromagn\u00e9tique"],"articleSection":["Actualit\u00e9s","Firstenberg Arthur"],"inLanguage":"fr-FR"},{"@type":"WebPage","@id":"https:\/\/www.revue3emillenaire.com\/blog\/notes-pratiques-sur-lelectrosmog-par-arthur-firstenberg-al\/","url":"https:\/\/www.revue3emillenaire.com\/blog\/notes-pratiques-sur-lelectrosmog-par-arthur-firstenberg-al\/","name":"Notes pratiques sur l\u2019\u00c9lectrosmog par Arthur Firstenberg & coll. - 3e mill\u00e9naire - Spiritualit\u00e9 - Connaissance de soi - Non-dualit\u00e9 - M\u00e9ditation","isPartOf":{"@id":"https:\/\/www.revue3emillenaire.com\/blog\/#website"},"primaryImageOfPage":{"@id":"https:\/\/www.revue3emillenaire.com\/blog\/notes-pratiques-sur-lelectrosmog-par-arthur-firstenberg-al\/#primaryimage"},"image":{"@id":"https:\/\/www.revue3emillenaire.com\/blog\/notes-pratiques-sur-lelectrosmog-par-arthur-firstenberg-al\/#primaryimage"},"thumbnailUrl":"https:\/\/www.revue3emillenaire.com\/blog\/wp-content\/uploads\/2022\/02\/Arthur-Firstenberg2.jpg","datePublished":"2023-07-27T19:51:36+00:00","dateModified":"2023-07-28T14:28:33+00:00","author":{"@id":"https:\/\/www.revue3emillenaire.com\/blog\/#\/schema\/person\/b692dacff720a5344a6190bc714397eb"},"breadcrumb":{"@id":"https:\/\/www.revue3emillenaire.com\/blog\/notes-pratiques-sur-lelectrosmog-par-arthur-firstenberg-al\/#breadcrumb"},"inLanguage":"fr-FR","potentialAction":[{"@type":"ReadAction","target":["https:\/\/www.revue3emillenaire.com\/blog\/notes-pratiques-sur-lelectrosmog-par-arthur-firstenberg-al\/"]}]},{"@type":"ImageObject","inLanguage":"fr-FR","@id":"https:\/\/www.revue3emillenaire.com\/blog\/notes-pratiques-sur-lelectrosmog-par-arthur-firstenberg-al\/#primaryimage","url":"https:\/\/www.revue3emillenaire.com\/blog\/wp-content\/uploads\/2022\/02\/Arthur-Firstenberg2.jpg","contentUrl":"https:\/\/www.revue3emillenaire.com\/blog\/wp-content\/uploads\/2022\/02\/Arthur-Firstenberg2.jpg","width":280,"height":412},{"@type":"BreadcrumbList","@id":"https:\/\/www.revue3emillenaire.com\/blog\/notes-pratiques-sur-lelectrosmog-par-arthur-firstenberg-al\/#breadcrumb","itemListElement":[{"@type":"ListItem","position":1,"name":"Accueil","item":"https:\/\/www.revue3emillenaire.com\/blog\/"},{"@type":"ListItem","position":2,"name":"Notes pratiques sur l\u2019\u00c9lectrosmog par Arthur Firstenberg &#038; coll."}]},{"@type":"WebSite","@id":"https:\/\/www.revue3emillenaire.com\/blog\/#website","url":"https:\/\/www.revue3emillenaire.com\/blog\/","name":"3e mill\u00e9naire - Spiritualit\u00e9 - Connaissance de soi - Non-dualit\u00e9 - M\u00e9ditation","description":"L&#039;Homme en devenir","potentialAction":[{"@type":"SearchAction","target":{"@type":"EntryPoint","urlTemplate":"https:\/\/www.revue3emillenaire.com\/blog\/?s={search_term_string}"},"query-input":{"@type":"PropertyValueSpecification","valueRequired":true,"valueName":"search_term_string"}}],"inLanguage":"fr-FR"},{"@type":"Person","@id":"https:\/\/www.revue3emillenaire.com\/blog\/#\/schema\/person\/b692dacff720a5344a6190bc714397eb","name":"3e mill\u00e9naire","url":"https:\/\/www.revue3emillenaire.com\/blog\/author\/scoussa\/"}]}},"_links":{"self":[{"href":"https:\/\/www.revue3emillenaire.com\/blog\/wp-json\/wp\/v2\/posts\/19405","targetHints":{"allow":["GET"]}}],"collection":[{"href":"https:\/\/www.revue3emillenaire.com\/blog\/wp-json\/wp\/v2\/posts"}],"about":[{"href":"https:\/\/www.revue3emillenaire.com\/blog\/wp-json\/wp\/v2\/types\/post"}],"author":[{"embeddable":true,"href":"https:\/\/www.revue3emillenaire.com\/blog\/wp-json\/wp\/v2\/users\/2"}],"replies":[{"embeddable":true,"href":"https:\/\/www.revue3emillenaire.com\/blog\/wp-json\/wp\/v2\/comments?post=19405"}],"version-history":[{"count":0,"href":"https:\/\/www.revue3emillenaire.com\/blog\/wp-json\/wp\/v2\/posts\/19405\/revisions"}],"wp:featuredmedia":[{"embeddable":true,"href":"https:\/\/www.revue3emillenaire.com\/blog\/wp-json\/wp\/v2\/media\/18864"}],"wp:attachment":[{"href":"https:\/\/www.revue3emillenaire.com\/blog\/wp-json\/wp\/v2\/media?parent=19405"}],"wp:term":[{"taxonomy":"category","embeddable":true,"href":"https:\/\/www.revue3emillenaire.com\/blog\/wp-json\/wp\/v2\/categories?post=19405"},{"taxonomy":"post_tag","embeddable":true,"href":"https:\/\/www.revue3emillenaire.com\/blog\/wp-json\/wp\/v2\/tags?post=19405"}],"curies":[{"name":"wp","href":"https:\/\/api.w.org\/{rel}","templated":true}]}}