{"id":19410,"date":"2023-07-30T13:03:28","date_gmt":"2023-07-30T12:03:28","guid":{"rendered":"https:\/\/www.revue3emillenaire.com\/blog\/?p=19410"},"modified":"2023-07-30T13:03:28","modified_gmt":"2023-07-30T12:03:28","slug":"la-trahison-de-lenvironnement-par-les-ecologistes-par-el-gato-malo","status":"publish","type":"post","link":"https:\/\/www.revue3emillenaire.com\/blog\/la-trahison-de-lenvironnement-par-les-ecologistes-par-el-gato-malo\/","title":{"rendered":"La trahison de l\u2019environnement par les \u00e9cologistes \u2013 par el gato malo"},"content":{"rendered":"<p class=\"western\" align=\"justify\"><span style=\"color: #000000;\"><span style=\"font-size: medium;\"><span lang=\"fr-FR\"><i>Traduction libre<\/i><\/span><\/span><\/span><\/p>\n<p class=\"western\" align=\"justify\"><span style=\"color: #000000;\"><span style=\"font-size: medium;\"><span lang=\"fr-FR\"><i>Le titre vient du <\/i><\/span><\/span><\/span><span style=\"color: #000080;\"><u><a href=\"https:\/\/brownstone.org\/\" target=\"_blank\" rel=\"noopener\"><span style=\"color: #000000;\"><span style=\"font-size: medium;\"><span lang=\"fr-FR\"><i>Brownston Institute<\/i><\/span><\/span><\/span><\/a><\/u><\/span><span style=\"color: #000000;\"><span style=\"font-size: medium;\"><span lang=\"fr-FR\"><i>. Titre original\u00a0: <\/i><\/span><\/span><\/span><span style=\"color: #000000;\"><span style=\"font-size: medium;\"><span lang=\"fr-FR\"><i>P<\/i><\/span><\/span><\/span><span style=\"color: #000000;\"><span style=\"font-size: medium;\"><span lang=\"fr-FR\"><i>ourquoi le progr\u00e8s est synonyme d\u2019environnementalisme et pourquoi les vrais \u00e9cologistes doivent soutenir le progr\u00e8s.<\/i><\/span><\/span><\/span><\/p>\n<p class=\"western\" align=\"justify\"><span style=\"color: #000000;\"><span style=\"font-size: medium;\"><span lang=\"fr-FR\">26\/07\/2023<\/span><\/span><\/span><\/p>\n<p class=\"western\" align=\"justify\"><span style=\"color: #000000;\"><span style=\"font-size: medium;\"><span lang=\"fr-FR\">Je suis un \u00e9cologiste.<\/span><\/span><\/span><\/p>\n<p class=\"western\" align=\"justify\"><span style=\"color: #000000;\"><span style=\"font-size: medium;\"><span lang=\"fr-FR\">J\u2019accorde de l\u2019importance \u00e0 l\u2019air pur, \u00e0 l\u2019eau pure, aux for\u00eats, aux rivi\u00e8res, aux lacs, aux jungles et aux grands espaces sauvages, ainsi qu\u2019aux bons moyens d\u2019en profiter. Je l\u2019ai toujours fait. Je le ferai probablement toujours.<\/span><\/span><\/span><\/p>\n<p class=\"western\" align=\"justify\"><span style=\"color: #000000;\"><span style=\"font-size: medium;\"><span lang=\"fr-FR\">C\u2019est la raison pour laquelle je trouve probl\u00e9matiques les questions soulev\u00e9es par un grand nombre de ceux qui se d\u00e9crivent aujourd\u2019hui comme des \u00ab\u00a0verts\u00a0\u00bb et qui ont \u00e9t\u00e9 tellement absorb\u00e9s, voire carr\u00e9ment d\u00e9vor\u00e9s, par l\u2019histoire du \u00ab\u00a0r\u00e9chauffement climatique anthropique\u00a0\u00bb\u00a0:<\/span><\/span><\/span><\/p>\n<p class=\"western\" align=\"justify\"><span style=\"color: #000000;\"><span style=\"font-size: medium;\"><span lang=\"fr-FR\"><i><b>Parce qu\u2019ils sont devenus les ennemis de l\u2019environnementalisme et de l\u2019\u00e9cologie en opposant leurs objectifs et leurs exigences \u00e0 ceux qui soutiennent r\u00e9ellement l\u2019environnement.<\/b><\/i><\/span><\/span><\/span><\/p>\n<p class=\"western\" align=\"justify\"><span style=\"color: #000000;\"><span style=\"font-size: medium;\"><span lang=\"fr-FR\">E t cela est devenu absurde et malform\u00e9 au point d\u2019\u00eatre r\u00e9ellement dangereux et contre-productif.<\/span><\/span><\/span><\/p>\n<p class=\"western\" align=\"justify\"><a href=\"https:\/\/www.revue3emillenaire.com\/blog\/wp-content\/uploads\/2023\/07\/stop-clim-change.jpg\"><img loading=\"lazy\" decoding=\"async\" class=\"aligncenter size-full wp-image-19411\" src=\"https:\/\/www.revue3emillenaire.com\/blog\/wp-content\/uploads\/2023\/07\/stop-clim-change.jpg\" alt=\"\" width=\"940\" height=\"854\" srcset=\"https:\/\/www.revue3emillenaire.com\/blog\/wp-content\/uploads\/2023\/07\/stop-clim-change.jpg 940w, https:\/\/www.revue3emillenaire.com\/blog\/wp-content\/uploads\/2023\/07\/stop-clim-change-300x273.jpg 300w, https:\/\/www.revue3emillenaire.com\/blog\/wp-content\/uploads\/2023\/07\/stop-clim-change-768x698.jpg 768w\" sizes=\"auto, (max-width: 940px) 100vw, 940px\" \/><\/a><\/p>\n<p class=\"western\" align=\"justify\"><span style=\"color: #000000;\"><span style=\"font-size: medium;\"><span lang=\"fr-FR\">Ces \u00e9co-guerriers dogmatiques sont devenus une v\u00e9ritable menace pour un monde plus propre et plus vert, et ils accaparent tout l\u2019<\/span><\/span><\/span><span style=\"color: #000000;\"><span style=\"font-size: medium;\"><span lang=\"fr-FR\">espace de discussion<\/span><\/span><\/span><span style=\"color: #000000;\"><span style=\"font-size: medium;\"><span lang=\"fr-FR\">, l\u2019argent du syst\u00e8me, et discr\u00e9ditent \u00e0 la fois les objectifs valables de ce que je consid\u00e8re comme un important mouvement <\/span><\/span><\/span><span style=\"color: #000000;\"><span style=\"font-size: medium;\"><span lang=\"fr-FR\">ascendant<\/span><\/span><\/span> <span style=\"color: #000000;\"><span style=\"font-size: medium;\"><span lang=\"fr-FR\">(<\/span><\/span><\/span><span style=\"color: #000000;\"><span style=\"font-size: medium;\"><span lang=\"fr-FR\"><i>bottom-up<\/i><\/span><\/span><\/span><span style=\"color: #000000;\"><span style=\"font-size: medium;\"><span lang=\"fr-FR\">)<\/span><\/span><\/span><span style=\"color: #000000;\"><span style=\"font-size: medium;\"><span lang=\"fr-FR\">, et d\u00e9fendent des actions et des mandats venant de haut (<\/span><\/span><\/span><span style=\"color: #000000;\"><span style=\"font-size: medium;\"><span lang=\"fr-FR\"><i>top-down<\/i><\/span><\/span><\/span><span style=\"color: #000000;\"><span style=\"font-size: medium;\"><span lang=\"fr-FR\">) qui les ram\u00e8neront un si\u00e8cle en arri\u00e8re s\u2019ils ne l\u2019arr\u00eatent pas.<\/span><\/span><\/span><\/p>\n<p class=\"western\" align=\"justify\"><span style=\"color: #000000;\"><span style=\"font-size: medium;\"><span lang=\"fr-FR\">Leur religion de la past\u00e8que dirig\u00e9e par des \u00e9colos et des totalitaires n\u2019est pas un progr\u00e8s, c\u2019est un anti-progr\u00e8s. Elle vise \u00e0 d\u00e9fendre uniquement les moyens de production d\u2019\u00e9nergie les plus co\u00fbteux, les moins fiables et les moins s\u00fbrs, afin de rendre l\u2019\u00e9nergie horriblement ch\u00e8re. Cela nous appauvrira tous.<\/span><\/span><\/span><\/p>\n<p class=\"western\" align=\"justify\"><span style=\"color: #000000;\"><span style=\"font-size: medium;\"><span lang=\"fr-FR\">Et cela nuira \u00e0 l\u2019environnement, car, qu\u2019on le veuille ou non, \u00ab\u00a0l\u2019environnement\u00a0\u00bb fonctionne \u00e0 tous \u00e9gards comme un \u00ab\u00a0bien de luxe\u00a0\u00bb au sens o\u00f9 l\u2019entendent les \u00e9conomistes. Avant que les gens ne commencent \u00e0 hurler \u00ab\u00a0L\u2019environnement n\u2019est pas un luxe\u00a0\u00bb, permettez-moi d\u2019expliquer ce que cela signifie, car dans le lexique \u00e9conomique, le sens est tr\u00e8s sp\u00e9cifique et pas toujours intuitif au premier abord\u00a0:<\/span><\/span><\/span><\/p>\n<p class=\"western\" align=\"justify\"><span style=\"color: #000000;\"><span style=\"font-size: medium;\"><span lang=\"fr-FR\"><i><b>Selon la d\u00e9finition \u00e9conomique, un bien de luxe est un bien dont l\u2019\u00e9lasticit\u00e9 de la demande par rapport au revenu est \u00e9lev\u00e9e.<\/b><\/i><\/span><\/span><\/span><\/p>\n<p class=\"western\" align=\"justify\"><span style=\"color: #000000;\"><span style=\"font-size: medium;\"><span lang=\"fr-FR\">Prenons l\u2019exemple des \u00ab\u00a0vacances <\/span><\/span><\/span><span style=\"color: #000000;\"><span style=\"font-size: medium;\"><span lang=\"fr-FR\">de<\/span><\/span><\/span><span style=\"color: #000000;\"><span style=\"font-size: medium;\"><span lang=\"fr-FR\"> ski dans les Alpes\u00a0\u00bb.<\/span><\/span><\/span><\/p>\n<p class=\"western\" align=\"justify\"><span style=\"color: #000000;\"><span style=\"font-size: medium;\"><span lang=\"fr-FR\">Les personnes \u00e0 faible revenu choisiront de consommer peu ou pas du tout de ce bien. C\u2019est cher, et ils se concentrent sur l\u2019alimentation, le logement, la sant\u00e9, l\u2019\u00e9ducation et des divertissements moins co\u00fbteux que de d\u00e9penser 10\u00a0000\u00a0dollars pour un week-end en famille \u00e0 Gstaad. <\/span><\/span><\/span><\/p>\n<p class=\"western\" align=\"justify\"><span style=\"color: #000000;\"><span style=\"font-size: medium;\"><span lang=\"fr-FR\">Beaucoup le d\u00e9sirent, mais la plupart ne peuvent pas se le permettre. Toutefois, lorsque les revenus augmentent, les gens commencent \u00e0 choisir de mani\u00e8re disproportionn\u00e9e d\u2019acheter des voyages de ce type. C\u2019est une chose souhaitable et, pass\u00e9 le revenu X, ce type de consommation augmente rapidement lorsque la richesse s\u2019accro\u00eet.<\/span><\/span><\/span><\/p>\n<p class=\"western\" align=\"justify\"><span style=\"color: #000000;\"><span style=\"font-size: medium;\"><span lang=\"fr-FR\"><i><b>Dans la prise de d\u00e9cision humaine, l\u2019\u00ab\u00a0environnement\u00a0\u00bb fonctionne de la m\u00eame mani\u00e8re.<\/b><\/i><\/span><\/span><\/span><\/p>\n<p class=\"western\" align=\"justify\"><a href=\"https:\/\/www.revue3emillenaire.com\/blog\/wp-content\/uploads\/2023\/07\/base-econo.jpg\"><img loading=\"lazy\" decoding=\"async\" class=\"aligncenter size-full wp-image-19412\" src=\"https:\/\/www.revue3emillenaire.com\/blog\/wp-content\/uploads\/2023\/07\/base-econo.jpg\" alt=\"\" width=\"438\" height=\"438\" srcset=\"https:\/\/www.revue3emillenaire.com\/blog\/wp-content\/uploads\/2023\/07\/base-econo.jpg 438w, https:\/\/www.revue3emillenaire.com\/blog\/wp-content\/uploads\/2023\/07\/base-econo-300x300.jpg 300w, https:\/\/www.revue3emillenaire.com\/blog\/wp-content\/uploads\/2023\/07\/base-econo-150x150.jpg 150w\" sizes=\"auto, (max-width: 438px) 100vw, 438px\" \/><\/a><\/p>\n<p class=\"western\" align=\"justify\"><span style=\"color: #000000;\"><span style=\"font-size: medium;\"><span lang=\"fr-FR\">C\u2019est simplement une fonction de la hi\u00e9rarchie des besoins de Maslow. Les personnes qui cherchent d\u00e9sesp\u00e9r\u00e9ment \u00e0 nourrir leurs enfants souffrant de malnutrition sont <\/span><\/span><\/span><span style=\"color: #000000;\"><span style=\"font-size: medium;\"><span lang=\"fr-FR\">BEAUCOUP MOINS<\/span><\/span><\/span><span style=\"color: #000000;\"><span style=\"font-size: medium;\"><span lang=\"fr-FR\"> pr\u00e9occup\u00e9es par ce qu\u2019elles jettent dans la rivi\u00e8re que les riches. Il en sera toujours ainsi. C\u2019est un fait, et il n\u2019y a rien <\/span><\/span><\/span><span style=\"color: #000000;\"><span style=\"font-size: medium;\"><span lang=\"fr-FR\">qu&rsquo;on peut<\/span><\/span><\/span><span style=\"color: #000000;\"><span style=\"font-size: medium;\"><span lang=\"fr-FR\"> y changer.<\/span><\/span><\/span><\/p>\n<p class=\"western\" align=\"justify\"><span style=\"color: #000000;\"><span style=\"font-size: medium;\"><span lang=\"fr-FR\">Tant que les besoins les plus \u00e9l\u00e9mentaires ne sont pas satisfaits, il est impossible de les amener \u00e0 se pr\u00e9occuper de d\u00e9sirs moins pressants.<\/span><\/span><\/span><\/p>\n<p class=\"western\" align=\"justify\"><span style=\"color: #000000;\"><span style=\"font-size: medium;\"><span lang=\"fr-FR\">La seule fa\u00e7on d\u2019y parvenir est d\u2019abord de faire \u00e9voluer les \u00e9conomies pour qu\u2019elles g\u00e9n\u00e8rent de l\u2019abondance. Et cela demande de l\u2019\u00e9nergie, car l\u2019\u00e9nergie est une richesse.<\/span><\/span><\/span><\/p>\n<p align=\"justify\"><a href=\"https:\/\/www.revue3emillenaire.com\/blog\/wp-content\/uploads\/2023\/07\/electricity-income.jpg\"><img loading=\"lazy\" decoding=\"async\" class=\"aligncenter size-full wp-image-19413\" src=\"https:\/\/www.revue3emillenaire.com\/blog\/wp-content\/uploads\/2023\/07\/electricity-income.jpg\" alt=\"\" width=\"808\" height=\"609\" srcset=\"https:\/\/www.revue3emillenaire.com\/blog\/wp-content\/uploads\/2023\/07\/electricity-income.jpg 808w, https:\/\/www.revue3emillenaire.com\/blog\/wp-content\/uploads\/2023\/07\/electricity-income-300x226.jpg 300w, https:\/\/www.revue3emillenaire.com\/blog\/wp-content\/uploads\/2023\/07\/electricity-income-768x579.jpg 768w\" sizes=\"auto, (max-width: 808px) 100vw, 808px\" \/><\/a><\/p>\n<p class=\"western\" align=\"justify\"><span style=\"color: #000000;\"><span style=\"font-size: medium;\"><span lang=\"fr-FR\">Aucune nation ne s\u2019est enrichie sans utiliser beaucoup d\u2019\u00e9nergie. C\u2019est COMME \u00c7A qu&rsquo;on devient riche. Et au d\u00e9but, c\u2019est un processus d\u00e9sordonn\u00e9. Trouvez-moi un pays qui est pass\u00e9 de \u00ab\u00a0pauvre\u00a0\u00bb \u00e0 \u00ab\u00a0riche\u00a0\u00bb d\u2019une mani\u00e8re g\u00e9n\u00e9ralement applicable sans passer par une p\u00e9riode de s\u00e9rieuse d\u00e9gradation de l\u2019environnement. (<\/span><\/span><\/span><span style=\"color: #000000;\"><span style=\"font-size: medium;\"><span lang=\"fr-FR\"><i>Et non, devenir un paradis bancaire ou un emporium commercial d\u2019une cit\u00e9-<\/i><\/span><\/span><\/span><span style=\"color: #000000;\"><span style=\"font-size: medium;\"><span lang=\"fr-FR\"><i>\u00c9<\/i><\/span><\/span><\/span><span style=\"color: #000000;\"><span style=\"font-size: medium;\"><span lang=\"fr-FR\"><i>tat ne compte pas, car cela ne s\u2019applique pas \u00e0 de grandes populations et n\u2019est pas non plus universellement applicable<\/i><\/span><\/span><\/span><span style=\"color: #000000;\"><span style=\"font-size: medium;\"><span lang=\"fr-FR\">). Ce n\u2019est tout simplement pas le cas. Ceux qui sont incapables de produire et d\u2019utiliser de l\u2019\u00e9nergie ne s\u2019en sortent pas bien. C\u2019est la voie de la p\u00e9nurie et de la mis\u00e8re. C\u2019est la voie de l\u2019\u00e9chec soci\u00e9tal.<\/span><\/span><\/span><\/p>\n<p align=\"justify\"><a href=\"https:\/\/www.revue3emillenaire.com\/blog\/wp-content\/uploads\/2023\/07\/Haiti.jpg\"><img loading=\"lazy\" decoding=\"async\" class=\"aligncenter size-full wp-image-19414\" src=\"https:\/\/www.revue3emillenaire.com\/blog\/wp-content\/uploads\/2023\/07\/Haiti.jpg\" alt=\"\" width=\"800\" height=\"534\" srcset=\"https:\/\/www.revue3emillenaire.com\/blog\/wp-content\/uploads\/2023\/07\/Haiti.jpg 800w, https:\/\/www.revue3emillenaire.com\/blog\/wp-content\/uploads\/2023\/07\/Haiti-300x200.jpg 300w, https:\/\/www.revue3emillenaire.com\/blog\/wp-content\/uploads\/2023\/07\/Haiti-768x513.jpg 768w\" sizes=\"auto, (max-width: 800px) 100vw, 800px\" \/><\/a><\/p>\n<p class=\"western\" align=\"center\"><span style=\"color: #000000;\"><span style=\"font-size: medium;\"><span lang=\"fr-FR\">Bienvenue en Ha\u00efti\u2026<\/span><\/span><\/span><\/p>\n<p class=\"western\" align=\"justify\"><span style=\"color: #000000;\"><span style=\"font-size: medium;\"><span lang=\"fr-FR\">Et les soci\u00e9t\u00e9s d\u00e9faillantes ont tendance \u00e0 \u00eatre des soci\u00e9t\u00e9s sales. La pollution et la pauvret\u00e9 vont de pair. Elles doivent s\u2019en sortir, et cela aussi peut \u00eatre <\/span><\/span><\/span><span style=\"color: #000000;\"><span style=\"font-size: medium;\"><span lang=\"fr-FR\">d\u00e9sordonn\u00e9<\/span><\/span><\/span><span style=\"color: #000000;\"><span style=\"font-size: medium;\"><span lang=\"fr-FR\">.<\/span><\/span><\/span><\/p>\n<p class=\"western\" align=\"justify\"><span style=\"color: #000000;\"><span style=\"font-size: medium;\"><span lang=\"fr-FR\">Les soci\u00e9t\u00e9s atteignent un stade d\u2019organisation, voient de nombreuses opportunit\u00e9s de g\u00e9n\u00e9rer\/acqu\u00e9rir des richesses et s\u2019y lancent. Elles font les omelettes et s\u2019inqui\u00e8tent plus tard des \u0153ufs cass\u00e9s. Mais elles s\u2019en pr\u00e9occupent plus tard, et c\u2019est ce qu\u2019il faut retenir\u00a0: <\/span><\/span><\/span><\/p>\n<p class=\"western\" align=\"justify\"><span style=\"color: #000000;\"><span style=\"font-size: medium;\"><span lang=\"fr-FR\">Une fois que vous avez franchi un seuil de revenu, le g\u00e2chis que vous \u00eates en train de faire est soudain<\/span><\/span><\/span><span style=\"color: #000000;\"><span style=\"font-size: medium;\"><span lang=\"fr-FR\">ement<\/span><\/span><\/span><span style=\"color: #000000;\"><span style=\"font-size: medium;\"><span lang=\"fr-FR\"> pr\u00e9sent \u00e0 l\u2019esprit de tout le monde et non seulement <\/span><\/span><\/span><span style=\"color: #000000;\"><span style=\"font-size: medium;\"><span lang=\"fr-FR\">les gens<\/span><\/span><\/span><span style=\"color: #000000;\"><span style=\"font-size: medium;\"><span lang=\"fr-FR\"> veulent faire quelque chose \u00e0 ce sujet, mais ils ont les moyens de le faire. Comme les voyages de ski exotiques, c\u2019\u00e9tait un bien que beaucoup voulaient, mais que la plupart ne pouvaient pas se payer. Puis, un jour, ils ont pu le faire. Ils l&rsquo;ont donc fait. <\/span><\/span><\/span><\/p>\n<p class=\"western\" align=\"justify\"><span style=\"color: #000000;\"><span style=\"font-size: medium;\"><span lang=\"fr-FR\">Les \u00c9tats-Unis, le Royaume-Uni, l\u2019Allemagne et m\u00eame la Chine ont tous franchi cette limite et ont commenc\u00e9 \u00e0 faire le m\u00e9nage. Et \u00e7a marche. La qualit\u00e9 de l\u2019air et de l\u2019eau s\u2019am\u00e9liore depuis des d\u00e9cennies en Occident. <\/span><\/span><\/span><span style=\"color: #000080;\"><u><a href=\"https:\/\/www.economist.com\/international\/2017\/12\/02\/trees-are-covering-more-of-the-land-in-rich-countries\" target=\"_blank\" rel=\"noopener\"><span style=\"color: #000000;\"><span style=\"font-size: medium;\"><span lang=\"fr-FR\">La couverture v\u00e9g\u00e9tale et les for\u00eats augmentent dans les pays riches de l\u2019Ouest <\/span><\/span><\/span><\/a><\/u><\/span><span style=\"color: #000000;\"><span style=\"font-size: medium;\"><span lang=\"fr-FR\">depuis des d\u00e9cennies.<\/span><\/span><\/span><\/p>\n<p class=\"western\" align=\"justify\"><span style=\"color: #000000;\"><span style=\"font-size: medium;\"><span lang=\"fr-FR\">Ce sont les pays pauvres qui les d\u00e9pouillent et les br\u00fblent. Ce sont les pays pauvres qui d\u00e9versent tout le plastique dans la mer. Les pays riches ne le font pas.<\/span><\/span><\/span><\/p>\n<p class=\"western\" align=\"justify\"><span style=\"color: #000000;\"><span style=\"font-size: medium;\"><span lang=\"fr-FR\">De mani\u00e8re malheureusement typique, les guerriers du climat occidentaux se concentrent tous sur le non-probl\u00e8me et ignorent le vrai probl\u00e8me. Une telle myopie, qui ne voit pas la for\u00eat pour les arbres, semble \u00eatre l\u2019objectif \u00e9trangement universel de tout ce mouvement.<\/span><\/span><\/span><\/p>\n<p class=\"western\" align=\"justify\"><span style=\"color: #000000;\"><span style=\"font-size: medium;\"><span lang=\"fr-FR\">Ils sont pr\u00eats \u00e0 d\u00e9fendre n\u2019importe quoi, sauf ce qui pourrait fonctionner. <\/span><\/span><\/span><\/p>\n<p class=\"western\" align=\"center\"><span style=\"color: #000000;\"><span style=\"font-size: medium;\"><span lang=\"fr-FR\">(Carte des sources de plastique dans les oc\u00e9ans. <\/span><\/span><\/span><span style=\"color: #000080;\"><u><a href=\"https:\/\/theoceancleanup.com\/sources\/\" target=\"_blank\" rel=\"noopener\"><span style=\"color: #000000;\"><span style=\"font-size: medium;\"><span lang=\"fr-FR\">SOURCE<\/span><\/span><\/span><\/a><\/u><\/span><span style=\"color: #000000;\"><span style=\"font-size: medium;\"><span lang=\"fr-FR\">)<\/span><\/span><\/span><\/p>\n<p class=\"western\" align=\"justify\"><a href=\"https:\/\/www.revue3emillenaire.com\/blog\/wp-content\/uploads\/2023\/07\/sources-plastique.jpg\"><img loading=\"lazy\" decoding=\"async\" class=\"aligncenter size-full wp-image-19415\" src=\"https:\/\/www.revue3emillenaire.com\/blog\/wp-content\/uploads\/2023\/07\/sources-plastique.jpg\" alt=\"\" width=\"728\" height=\"511\" srcset=\"https:\/\/www.revue3emillenaire.com\/blog\/wp-content\/uploads\/2023\/07\/sources-plastique.jpg 728w, https:\/\/www.revue3emillenaire.com\/blog\/wp-content\/uploads\/2023\/07\/sources-plastique-300x211.jpg 300w\" sizes=\"auto, (max-width: 728px) 100vw, 728px\" \/><\/a><\/p>\n<p class=\"western\" align=\"justify\"><span style=\"color: #000000;\"><span style=\"font-size: medium;\"><span lang=\"fr-FR\">Malgr\u00e9 la pr<\/span><\/span><\/span><span style=\"color: #000000;\"><span style=\"font-size: medium;\"><span lang=\"fr-FR\">ofession de foi publique en <\/span><\/span><\/span><span style=\"color: #000000;\"><span style=\"font-size: medium;\"><span lang=\"fr-FR\">un aborig\u00e9nisme pastoral <\/span><\/span><\/span><span style=\"color: #000000;\"><span style=\"font-size: medium;\"><span lang=\"fr-FR\">na\u00eff<\/span><\/span><\/span><span style=\"color: #000000;\"><span style=\"font-size: medium;\"><span lang=\"fr-FR\">, je doute vraiment que les gens veuillent revenir \u00e0 une subsistance de type hutte de boue. Cela constituerait un tel recul en termes de mode de vie, d\u2019esp\u00e9rance de vie et de capacit\u00e9 \u00e0 soutenir et \u00e0 nourrir les humains, que nous aurions ~90\u00a0% d\u2019humains en moins. Il est \u00e9trange de constater que ceux qui professent \u00eatre r\u00e9ellement engag\u00e9s dans ces causes malthusiennes ne semblent jamais vouloir montrer l\u2019exemple en mati\u00e8re de \u00ab\u00a0d\u00e9shumanisation\u00a0\u00bb. D\u2019une certaine mani\u00e8re, c\u2019est toujours nous, et non eux, qui constituons le carbone \u00e0 r\u00e9duire.<\/span><\/span><\/span><\/p>\n<p class=\"western\" align=\"justify\"><span style=\"color: #000000;\"><span style=\"font-size: medium;\"><span lang=\"fr-FR\">Ce n\u2019est qu\u2019une illusion complaisante. Le fait, simple et in\u00e9vitable, est que\u00a0:<\/span><\/span><\/span><\/p>\n<p class=\"western\" align=\"justify\"><span style=\"color: #000000;\"><span style=\"font-size: medium;\"><span lang=\"fr-FR\"><i><b>Dans toute soci\u00e9t\u00e9 un tant soit peu moderne, la consommation d\u2019\u00e9nergie est synonyme de richesse et la richesse, \u00e0 son tour, est synonyme d\u2019environnementalisme dans pratiquement tous les sens du terme.<\/b><\/i><\/span><\/span><\/span><\/p>\n<p class=\"western\" align=\"justify\"><span style=\"color: #000000;\"><span style=\"font-size: medium;\"><span lang=\"fr-FR\">Pour que les pays en d\u00e9veloppement commencent \u00e0 se pr\u00e9occuper de l\u2019environnement, ils devront d\u2019abord se d\u00e9velopper, tout comme nous l\u2019avons fait. Nous devons <\/span><\/span><\/span><span style=\"color: #000000;\"><span style=\"font-size: medium;\"><span lang=\"fr-FR\">nous \u00f4ter<\/span><\/span><\/span><span style=\"color: #000000;\"><span style=\"font-size: medium;\"><span lang=\"fr-FR\"> d<\/span><\/span><\/span><span style=\"color: #000000;\"><span style=\"font-size: medium;\"><span lang=\"fr-FR\">e<\/span><\/span><\/span><span style=\"color: #000000;\"><span style=\"font-size: medium;\"><span lang=\"fr-FR\"> leur chemin et les laisser faire.<\/span><\/span><\/span><\/p>\n<p class=\"western\" align=\"justify\"><span style=\"color: #000000;\"><span style=\"font-size: medium;\"><span lang=\"fr-FR\">On ne peut pas r\u00e9parer l\u2019environnement en maintenant les pauvres dans la pauvret\u00e9\u00a0; et \u00ab\u00a0l\u2019\u00e9nergie verte pour le tiers monde\u00a0\u00bb n\u2019est qu\u2019une nouvelle fa\u00e7on de dire \u00ab\u00a0<\/span><\/span><\/span><span style=\"color: #000000;\"><span style=\"font-size: medium;\"><span lang=\"fr-FR\">Qu&rsquo;ils mangent de la brioche\u00a0!<\/span><\/span><\/span><span style=\"color: #000000;\"><span style=\"font-size: medium;\"><span lang=\"fr-FR\">\u00a0\u00bb <\/span><\/span><\/span><span style=\"color: #000000;\"><span style=\"font-size: medium;\"><span lang=\"fr-FR\">(\u00ab\u00a0<\/span><\/span><\/span><span style=\"color: #000000;\"><span style=\"font-size: medium;\"><span lang=\"fr-FR\"><i>Let them eat cake<\/i><\/span><\/span><\/span><span style=\"color: #000000;\"><span style=\"font-size: medium;\"><span lang=\"fr-FR\"><i>\u00a0!<\/i><\/span><\/span><\/span><span style=\"color: #000000;\"><span style=\"font-size: medium;\"><span lang=\"fr-FR\">\u00a0\u00bb)<\/span><\/span><\/span><span style=\"color: #000000;\"><span style=\"font-size: medium;\"><span lang=\"fr-FR\">.<\/span><\/span><\/span><\/p>\n<p class=\"western\" align=\"justify\"><span style=\"color: #000000;\"><span style=\"font-size: medium;\"><span lang=\"fr-FR\">D\u00e9sol\u00e9, <\/span><\/span><\/span><span style=\"color: #000000;\"><span style=\"font-size: medium;\">c\u2019est ainsi que cela se passe<\/span><\/span><span style=\"color: #000000;\"><span style=\"font-size: medium;\"><span lang=\"fr-FR\">.<\/span><\/span><\/span><\/p>\n<p class=\"western\" align=\"justify\"><span style=\"color: #000000;\"><span style=\"font-size: medium;\"><span lang=\"fr-FR\">Les pirouettes et les stratag\u00e8mes visant \u00e0 les emp\u00eacher d\u2019atteindre les niveaux modernes de production \u00e9conomique et de consommation d\u2019\u00e9nergie ne fonctionneront tout simplement pas.<\/span><\/span><\/span><\/p>\n<p class=\"western\" align=\"justify\"><span style=\"color: #000000;\"><span style=\"font-size: medium;\"><span lang=\"fr-FR\">Personne ne s\u2019inqui\u00e8te de savoir d\u2019o\u00f9 vient le d\u00eener de ses enfants (s<\/span><\/span><\/span><span style=\"color: #000000;\"><span style=\"font-size: medium;\"><span lang=\"fr-FR\">i jamais <\/span><\/span><\/span><span style=\"color: #000000;\"><span style=\"font-size: medium;\"><span lang=\"fr-FR\">il <\/span><\/span><\/span><span style=\"color: #000000;\"><span style=\"font-size: medium;\"><span lang=\"fr-FR\">arrive<\/span><\/span><\/span><span style=\"color: #000000;\"><span style=\"font-size: medium;\"><span lang=\"fr-FR\">), ne se soucie des ceintures vertes et du d\u00e9versement de d\u00e9chets dans les rivi\u00e8res, ou de l\u2019introduction d\u2019un peu plus de nourriture v\u00e9g\u00e9tale dans l\u2019atmosph\u00e8re.<\/span><\/span><\/span><\/p>\n<p class=\"western\" align=\"justify\"><span style=\"color: #000000;\"><span style=\"font-size: medium;\"><span lang=\"fr-FR\">Si cela ne vous pla\u00eet pas, adressez-vous \u00e0 la physique et \u00e0 la biologie. (<\/span><\/span><\/span><span style=\"color: #000000;\"><span style=\"font-size: medium;\"><span lang=\"fr-FR\"><i>et bonne chance avec \u00e7a\u2026<\/i><\/span><\/span><\/span><span style=\"color: #000000;\"><span style=\"font-size: medium;\"><span lang=\"fr-FR\">)<\/span><\/span><\/span><\/p>\n<p class=\"western\" align=\"justify\"><span style=\"color: #000000;\"><span style=\"font-size: medium;\"><span lang=\"fr-FR\">Cette harangue sans fin de mesures d\u2019att\u00e9nuation d\u00e9nu\u00e9es de sens est soit le r\u00e9sultat de personnes profond\u00e9ment peu s\u00e9rieuses qui n\u2019ont aucune id\u00e9e de ce dont elles parlent, soit l\u2019utilisation d\u2019affirmations truqu\u00e9es sur le CO<\/span><\/span><\/span><span style=\"color: #000000;\"><sub><span style=\"font-size: medium;\"><span lang=\"fr-FR\">2<\/span><\/span><\/sub><\/span><span style=\"color: #000000;\"><span style=\"font-size: medium;\"><span lang=\"fr-FR\"> pour obtenir des financements ou pour imposer des programmes collectivistes ult\u00e9rieurs de dictature \u00e9conomique et de planification centrale \u00e0 des dupes qui ne se doutent de rien (il s\u2019agit plus probablement d\u2019une combinaison complexe des deux, voir le postulat de Gato sur le \u00ab\u00a0<\/span><\/span><\/span><span style=\"color: #000080;\"><u><a href=\"https:\/\/boriquagato.substack.com\/p\/gatos-postulate\" target=\"_blank\" rel=\"noopener\"><span style=\"color: #000000;\"><span style=\"font-size: medium;\"><span lang=\"fr-FR\">r\u00e8gne des ploucs<\/span><\/span><\/span><\/a><\/u><\/span><span style=\"color: #000000;\"><span style=\"font-size: medium;\"><span lang=\"fr-FR\">\u00a0\u00bb et \u00ab\u00a0<\/span><\/span><\/span><span style=\"color: #000080;\"><u><a href=\"https:\/\/boriquagato.substack.com\/p\/democracy-dies-in-data-adulteration\" target=\"_blank\" rel=\"noopener\"><span style=\"color: #000000;\"><span style=\"font-size: medium;\"><span lang=\"fr-FR\">La d\u00e9mocratie meurt dans la falsification des donn\u00e9es<\/span><\/span><\/span><\/a><\/u><\/span><span style=\"color: #000000;\"><span style=\"font-size: medium;\"><span lang=\"fr-FR\">\u00a0\u00bb).<\/span><\/span><\/span><\/p>\n<p class=\"western\" align=\"justify\"><span style=\"color: #000000;\"><span style=\"font-size: medium;\"><span lang=\"fr-FR\">Et certainement elle n\u2019apporte absolument rien de positif au monde.<\/span><\/span><\/span><\/p>\n<p class=\"western\" align=\"justify\"><br clear=\"left\" \/><a href=\"https:\/\/www.revue3emillenaire.com\/blog\/wp-content\/uploads\/2023\/07\/thisisit.jpg\"><img loading=\"lazy\" decoding=\"async\" class=\"aligncenter size-full wp-image-19416\" src=\"https:\/\/www.revue3emillenaire.com\/blog\/wp-content\/uploads\/2023\/07\/thisisit.jpg\" alt=\"\" width=\"441\" height=\"437\" srcset=\"https:\/\/www.revue3emillenaire.com\/blog\/wp-content\/uploads\/2023\/07\/thisisit.jpg 441w, https:\/\/www.revue3emillenaire.com\/blog\/wp-content\/uploads\/2023\/07\/thisisit-300x297.jpg 300w, https:\/\/www.revue3emillenaire.com\/blog\/wp-content\/uploads\/2023\/07\/thisisit-150x150.jpg 150w\" sizes=\"auto, (max-width: 441px) 100vw, 441px\" \/><\/a><\/p>\n<p class=\"western\" align=\"justify\"><span style=\"color: #000000;\"><span style=\"font-size: medium;\"><span lang=\"fr-FR\">La richesse, c\u2019est aussi la survie. La richesse, c\u2019est l\u2019adaptation. La question des \u00ab\u00a0d\u00e9c\u00e8s d<\/span><\/span><\/span><span style=\"color: #000000;\"><span style=\"font-size: medium;\"><span lang=\"fr-FR\">u<\/span><\/span><\/span><span style=\"color: #000000;\"><span style=\"font-size: medium;\"><span lang=\"fr-FR\">s \u00e0 la chaleur\u00a0\u00bb est ridiculement exag\u00e9r\u00e9e. La plupart des \u00ab\u00a0records de chaleur\u00a0\u00bb enregistr\u00e9s actuellement dans l\u2019Union europ\u00e9enne sont une invention ou l<\/span><\/span><\/span><span style=\"color: #000080;\"><u><a href=\"https:\/\/wattsupwiththat.com\/2023\/07\/23\/record-breaking-heatwave-in-europe\/\" target=\"_blank\" rel=\"noopener\"><span style=\"color: #000000;\"><span style=\"font-size: medium;\"><span lang=\"fr-FR\">e r\u00e9sultat de la torture de donn\u00e9es jusqu\u2019\u00e0 ce qu\u2019elles avouent des crimes qu\u2019elles n\u2019ont pas commis<\/span><\/span><\/span><\/a><\/u><\/span><span style=\"color: #000000;\"><span style=\"font-size: medium;\"><span lang=\"fr-FR\">, et le froid tue BEAUCOUP plus de gens que la chaleur, mais il y a aussi un autre facteur en jeu ici.<\/span><\/span><\/span><\/p>\n<p class=\"western\" align=\"justify\"><span style=\"color: #000000;\"><span style=\"font-size: medium;\"><span lang=\"fr-FR\">Dans la mesure (douteuse) o\u00f9 il s\u2019agirait r\u00e9ellement d\u2019un probl\u00e8me, la climatisation qu\u2019ils aiment tant vilipender r\u00e9sout ce probl\u00e8me. Elle n\u2019est tout simplement pas r\u00e9pandue dans l\u2019UE parce que, apr\u00e8s des d\u00e9cennies de politique socialiste supprimant la croissance et l\u2019accumulation de richesses, la majeure partie de l\u2019UE est trop pauvre pour se l\u2019offrir.<\/span><\/span><\/span><\/p>\n<p class=\"western\" align=\"justify\"><span style=\"color: #000000;\"><span style=\"font-size: medium;\"><span lang=\"fr-FR\">Ces \u00ab\u00a0d\u00e9c\u00e8s dus \u00e0 la chaleur\u00a0\u00bb sont en r\u00e9alit\u00e9 des d\u00e9c\u00e8s dus \u00e0 la pauvret\u00e9.<\/span><\/span><\/span><\/p>\n<p class=\"western\" align=\"justify\"><span style=\"color: #000000;\"><span style=\"font-size: medium;\"><span lang=\"fr-FR\">C\u2019est un point de vue tr\u00e8s important \u00e0 maintenir, car ce gang veut gu\u00e9rir les probl\u00e8mes de pauvret\u00e9 par la suppression \u00e9conomique.<\/span><\/span><\/span><\/p>\n<p class=\"western\" align=\"justify\"><span style=\"color: #000000;\"><span style=\"font-size: medium;\"><span lang=\"fr-FR\">Ce sera un d\u00e9sastre environnemental, \u00e9conomique et humain.<\/span><\/span><\/span><\/p>\n<p class=\"western\" align=\"justify\"><span style=\"color: #000000;\"><span style=\"font-size: medium;\"><span lang=\"fr-FR\">Les vecteurs de contr\u00f4le social dont ils ont eu un avant-go\u00fbt sous le Covid les ont laiss\u00e9s sur leur faim. Ils n\u2019essaient m\u00eame pas de le cacher.<\/span><\/span><\/span><\/p>\n<p class=\"western\" align=\"justify\"><span style=\"color: #000000;\"><span style=\"font-size: medium;\"><span lang=\"fr-FR\">Soudain, \u00ab\u00a0le climat est le nouveau Covid\u00a0\u00bb et, comme certains <\/span><\/span><\/span><span style=\"color: #000000;\"><span style=\"font-size: medium;\"><span lang=\"fr-FR\">f\u00e9lins de l\u2019internet<\/span><\/span><\/span><span style=\"color: #000000;\"><span style=\"font-size: medium;\"><span lang=\"fr-FR\"> le clament depuis longtemps, ils vont jouer aux m\u00eames jeux stupides et essayer de vous remettre les m\u00eames prix stupides.<\/span><\/span><\/span><\/p>\n<p class=\"western\" lang=\"en-US\" align=\"justify\"><a href=\"https:\/\/www.revue3emillenaire.com\/blog\/wp-content\/uploads\/2023\/07\/NYT.jpg\"><img loading=\"lazy\" decoding=\"async\" class=\"aligncenter size-full wp-image-19417\" src=\"https:\/\/www.revue3emillenaire.com\/blog\/wp-content\/uploads\/2023\/07\/NYT.jpg\" alt=\"\" width=\"677\" height=\"500\" srcset=\"https:\/\/www.revue3emillenaire.com\/blog\/wp-content\/uploads\/2023\/07\/NYT.jpg 677w, https:\/\/www.revue3emillenaire.com\/blog\/wp-content\/uploads\/2023\/07\/NYT-300x222.jpg 300w\" sizes=\"auto, (max-width: 677px) 100vw, 677px\" \/><\/a><\/p>\n<p class=\"western\" align=\"justify\"><span style=\"color: #000000;\"><span style=\"font-size: medium;\"><span lang=\"fr-FR\">Ils vous vendent du poison et de la mis\u00e8re en guise de panac\u00e9e. <\/span><\/span><\/span><\/p>\n<p class=\"western\" align=\"justify\"><span style=\"color: #000000;\"><span style=\"font-size: medium;\"><span lang=\"fr-FR\">La nouvelle pouss\u00e9e absurde \u00ab\u00a0Nous avons besoin de pannes d\u2019\u00e9lectricit\u00e9, de fermetures climatiques et de villes de 15\u00a0minutes\u00a0\u00bb est une id\u00e9e aussi dangereuse qu\u2019illusoire. Elle ne sauvera pas. Elle tuera.<\/span><\/span><\/span><\/p>\n<p class=\"western\" align=\"justify\"><span style=\"color: #000000;\"><span style=\"font-size: medium;\"><span lang=\"fr-FR\">Elle est anti-progr\u00e8s, anti-humaine et anti-environnementale.<\/span><\/span><\/span><\/p>\n<p class=\"western\" align=\"justify\"><span style=\"color: #000000;\"><span style=\"font-size: medium;\"><span lang=\"fr-FR\"><i><b>Il s\u2019agit \u00e9galement d\u2019une autre incursion \u00e9pouvantable dans le d\u00e9ni anti-scientifique de la r\u00e9alit\u00e9.<\/b><\/i><\/span><\/span><\/span><\/p>\n<p class=\"western\" align=\"justify\"><span style=\"color: #000000;\"><span style=\"font-size: medium;\"><span lang=\"fr-FR\">Nous venons tout juste de vivre une exp\u00e9rience mondiale de grande ampleur \u00e0 ce sujet avec les confinements covid. Les d\u00e9placements ont chut\u00e9 de fa\u00e7on spectaculaire, les bureaux \u00e9taient vides, peu de gens prenaient l\u2019avion ou la voiture, les usines \u00e9taient \u00e0 l\u2019arr\u00eat. Nous avons connu un niveau de suppression humaine et une baisse d\u2019activit\u00e9 d\u2019une ampleur sans pr\u00e9c\u00e9dent (et insoutenable).<\/span><\/span><\/span><\/p>\n<p class=\"western\" align=\"justify\"><span style=\"color: #000000;\"><span style=\"font-size: medium;\"><span lang=\"fr-FR\">L\u2019effet sur les niveaux globaux de CO<\/span><\/span><\/span><span style=\"color: #000000;\"><sub><span style=\"font-size: medium;\"><span lang=\"fr-FR\">2<\/span><\/span><\/sub><\/span><span style=\"color: #000000;\"><span style=\"font-size: medium;\"><span lang=\"fr-FR\"> a \u00e9t\u00e9 nul. Rien n\u2019a chang\u00e9. L\u2019augmentation a \u00e9t\u00e9 parfaitement moyenne et il est impossible de la distinguer des donn\u00e9es environnantes, m\u00eame en plissant les yeux.<\/span><\/span><\/span><\/p>\n<p class=\"western\" align=\"justify\"><span style=\"color: #000000;\"><span style=\"font-size: medium;\"><span lang=\"fr-FR\">La mise en \u0153uvre la plus agressive de pr\u00e9tendues mesures d\u2019att\u00e9nuation dans l\u2019histoire de l\u2019humanit\u00e9 a eu lieu et n\u2019a eu aucun impact.<\/span><\/span><\/span><\/p>\n<p class=\"western\" align=\"justify\"><span style=\"color: #000000;\"><span style=\"font-size: medium;\"><span lang=\"fr-FR\">Il s\u2019agit probablement de l\u2019intervention la plus co\u00fbteuse de l\u2019histoire de l\u2019humanit\u00e9 et elle n\u2019a pas fait bouger l\u2019aiguille, ne serait-ce que d\u2019un microm\u00e8tre. Tout le monde a pay\u00e9, rien n\u2019a \u00e9t\u00e9 fait.<\/span><\/span><\/span><\/p>\n<p class=\"western\" align=\"justify\"><span style=\"color: #000000;\"><span style=\"font-size: medium;\"><span lang=\"fr-FR\">Et maintenant, ils veulent r\u00e9essayer\u00a0?<\/span><\/span><\/span><\/p>\n<p class=\"western\" align=\"justify\"><span style=\"color: #000000;\"><span style=\"font-size: medium;\"><span lang=\"fr-FR\">Le New York Times a peut-\u00eatre raison\u00a0: Peut-\u00eatre que le climat est vraiment le nouveau covid\u2026<\/span><\/span><\/span><\/p>\n<p class=\"western\" align=\"justify\"><a href=\"https:\/\/www.revue3emillenaire.com\/blog\/wp-content\/uploads\/2023\/07\/expensive-intervention.jpg\"><img loading=\"lazy\" decoding=\"async\" class=\"aligncenter size-full wp-image-19418\" src=\"https:\/\/www.revue3emillenaire.com\/blog\/wp-content\/uploads\/2023\/07\/expensive-intervention.jpg\" alt=\"\" width=\"728\" height=\"377\" srcset=\"https:\/\/www.revue3emillenaire.com\/blog\/wp-content\/uploads\/2023\/07\/expensive-intervention.jpg 728w, https:\/\/www.revue3emillenaire.com\/blog\/wp-content\/uploads\/2023\/07\/expensive-intervention-300x155.jpg 300w\" sizes=\"auto, (max-width: 728px) 100vw, 728px\" \/><\/a><\/p>\n<p class=\"western\" align=\"justify\"><span style=\"color: #000080;\"><u><a href=\"https:\/\/gml.noaa.gov\/ccgg\/trends\/graph.html\" target=\"_blank\" rel=\"noopener\"><span style=\"color: #000000;\"><span style=\"font-size: medium;\"><span lang=\"fr-FR\">Source NOAA<\/span><\/span><\/span><\/a><\/u><\/span><span style=\"color: #000000;\"><span style=\"font-size: medium;\"><span lang=\"fr-FR\">. Lignes de tendance ajout\u00e9es.<\/span><\/span><\/span><\/p>\n<p class=\"western\" align=\"justify\"><i><span style=\"color: #000000;\"><span style=\"font-size: medium;\"><span lang=\"fr-FR\">el gato malo est le pseudonyme d\u2019un compte qui publie, depuis le d\u00e9but, des articles sur les politiques de lutte contre la pand\u00e9mie. Il s\u2019agit d\u2019un <\/span><\/span><\/span><span style=\"color: #000000;\"><span style=\"font-size: medium;\"><span lang=\"fr-FR\">f\u00e9lin<\/span><\/span><\/span><span style=\"color: #000000;\"><span style=\"font-size: medium;\"><span lang=\"fr-FR\"> notoire qui a des id\u00e9es bien arr\u00eat\u00e9es sur les donn\u00e9es et la libert\u00e9.<\/span><\/span><\/span><\/i><\/p>\n<p class=\"western\" align=\"justify\"><span style=\"color: #000000;\"><span style=\"font-size: medium;\"><span lang=\"fr-FR\">Texte original\u00a0: <\/span><\/span><\/span><span style=\"color: #000080;\"><u><a href=\"https:\/\/boriquagato.substack.com\/p\/why-progress-is-environmentalism\" target=\"_blank\" rel=\"noopener\"><span style=\"color: #000000;\"><span style=\"font-size: medium;\"><span lang=\"fr-FR\">https:\/\/boriquagato.substack.com\/p\/why-progress-is-environmentalism<\/span><\/span><\/span><\/a><\/u><\/span><\/p>\n","protected":false},"excerpt":{"rendered":"<p>Traduction libre Le titre vient du Brownston Institute. Titre original\u00a0: Pourquoi le progr\u00e8s est synonyme d\u2019environnementalisme et pourquoi les vrais \u00e9cologistes doivent soutenir le progr\u00e8s. 26\/07\/2023 Je suis un \u00e9cologiste. J\u2019accorde de l\u2019importance \u00e0 l\u2019air pur, \u00e0 l\u2019eau pure, aux for\u00eats, aux rivi\u00e8res, aux lacs, aux jungles et aux grands espaces sauvages, ainsi qu\u2019aux bons [&hellip;]<\/p>\n","protected":false},"author":2,"featured_media":19353,"comment_status":"closed","ping_status":"closed","sticky":false,"template":"","format":"standard","meta":{"footnotes":""},"categories":[1540],"tags":[1702,1532,1133,457,211,1388],"class_list":["post-19410","post","type-post","status-publish","format-standard","has-post-thumbnail","hentry","category-actualite","tag-changement-climatique","tag-covid-19","tag-democratie","tag-ecologie","tag-economie","tag-environnement"],"yoast_head":"<!-- This site is optimized with the Yoast SEO plugin v27.0 - https:\/\/yoast.com\/product\/yoast-seo-wordpress\/ -->\n<title>La trahison de l\u2019environnement par les \u00e9cologistes \u2013 par el gato malo - 3e mill\u00e9naire - Spiritualit\u00e9 - Connaissance de soi - Non-dualit\u00e9 - M\u00e9ditation<\/title>\n<meta name=\"robots\" content=\"index, follow, max-snippet:-1, max-image-preview:large, max-video-preview:-1\" \/>\n<link rel=\"canonical\" href=\"https:\/\/www.revue3emillenaire.com\/blog\/la-trahison-de-lenvironnement-par-les-ecologistes-par-el-gato-malo\/\" \/>\n<meta property=\"og:locale\" content=\"fr_FR\" \/>\n<meta property=\"og:type\" content=\"article\" \/>\n<meta property=\"og:title\" content=\"La trahison de l\u2019environnement par les \u00e9cologistes \u2013 par el gato malo - 3e mill\u00e9naire - Spiritualit\u00e9 - Connaissance de soi - Non-dualit\u00e9 - M\u00e9ditation\" \/>\n<meta property=\"og:description\" content=\"Traduction libre Le titre vient du Brownston Institute. Titre original\u00a0: Pourquoi le progr\u00e8s est synonyme d\u2019environnementalisme et pourquoi les vrais \u00e9cologistes doivent soutenir le progr\u00e8s. 26\/07\/2023 Je suis un \u00e9cologiste. J\u2019accorde de l\u2019importance \u00e0 l\u2019air pur, \u00e0 l\u2019eau pure, aux for\u00eats, aux rivi\u00e8res, aux lacs, aux jungles et aux grands espaces sauvages, ainsi qu\u2019aux bons [&hellip;]\" \/>\n<meta property=\"og:url\" content=\"https:\/\/www.revue3emillenaire.com\/blog\/la-trahison-de-lenvironnement-par-les-ecologistes-par-el-gato-malo\/\" \/>\n<meta property=\"og:site_name\" content=\"3e mill\u00e9naire - Spiritualit\u00e9 - Connaissance de soi - Non-dualit\u00e9 - M\u00e9ditation\" \/>\n<meta property=\"article:published_time\" content=\"2023-07-30T12:03:28+00:00\" \/>\n<meta property=\"og:image\" content=\"https:\/\/www.revue3emillenaire.com\/blog\/wp-content\/uploads\/2023\/06\/Plante.jpg\" \/>\n\t<meta property=\"og:image:width\" content=\"784\" \/>\n\t<meta property=\"og:image:height\" content=\"588\" \/>\n\t<meta property=\"og:image:type\" content=\"image\/jpeg\" \/>\n<meta name=\"author\" content=\"3e mill\u00e9naire\" \/>\n<meta name=\"twitter:card\" content=\"summary_large_image\" \/>\n<meta name=\"twitter:label1\" content=\"\u00c9crit par\" \/>\n\t<meta name=\"twitter:data1\" content=\"3e mill\u00e9naire\" \/>\n\t<meta name=\"twitter:label2\" content=\"Dur\u00e9e de lecture estim\u00e9e\" \/>\n\t<meta name=\"twitter:data2\" content=\"12 minutes\" \/>\n<script type=\"application\/ld+json\" class=\"yoast-schema-graph\">{\"@context\":\"https:\/\/schema.org\",\"@graph\":[{\"@type\":\"Article\",\"@id\":\"https:\/\/www.revue3emillenaire.com\/blog\/la-trahison-de-lenvironnement-par-les-ecologistes-par-el-gato-malo\/#article\",\"isPartOf\":{\"@id\":\"https:\/\/www.revue3emillenaire.com\/blog\/la-trahison-de-lenvironnement-par-les-ecologistes-par-el-gato-malo\/\"},\"author\":{\"name\":\"3e mill\u00e9naire\",\"@id\":\"https:\/\/www.revue3emillenaire.com\/blog\/#\/schema\/person\/b692dacff720a5344a6190bc714397eb\"},\"headline\":\"La trahison de l\u2019environnement par les \u00e9cologistes \u2013 par el gato malo\",\"datePublished\":\"2023-07-30T12:03:28+00:00\",\"mainEntityOfPage\":{\"@id\":\"https:\/\/www.revue3emillenaire.com\/blog\/la-trahison-de-lenvironnement-par-les-ecologistes-par-el-gato-malo\/\"},\"wordCount\":2251,\"image\":{\"@id\":\"https:\/\/www.revue3emillenaire.com\/blog\/la-trahison-de-lenvironnement-par-les-ecologistes-par-el-gato-malo\/#primaryimage\"},\"thumbnailUrl\":\"https:\/\/www.revue3emillenaire.com\/blog\/wp-content\/uploads\/2023\/06\/Plante.jpg\",\"keywords\":[\"Changement Climatique\",\"COVID-19\",\"D\u00e9mocratie\",\"\u00e9cologie\",\"\u00e9conomie\",\"Environnement\"],\"articleSection\":[\"Actualit\u00e9s\"],\"inLanguage\":\"fr-FR\"},{\"@type\":\"WebPage\",\"@id\":\"https:\/\/www.revue3emillenaire.com\/blog\/la-trahison-de-lenvironnement-par-les-ecologistes-par-el-gato-malo\/\",\"url\":\"https:\/\/www.revue3emillenaire.com\/blog\/la-trahison-de-lenvironnement-par-les-ecologistes-par-el-gato-malo\/\",\"name\":\"La trahison de l\u2019environnement par les \u00e9cologistes \u2013 par el gato malo - 3e mill\u00e9naire - Spiritualit\u00e9 - Connaissance de soi - Non-dualit\u00e9 - M\u00e9ditation\",\"isPartOf\":{\"@id\":\"https:\/\/www.revue3emillenaire.com\/blog\/#website\"},\"primaryImageOfPage\":{\"@id\":\"https:\/\/www.revue3emillenaire.com\/blog\/la-trahison-de-lenvironnement-par-les-ecologistes-par-el-gato-malo\/#primaryimage\"},\"image\":{\"@id\":\"https:\/\/www.revue3emillenaire.com\/blog\/la-trahison-de-lenvironnement-par-les-ecologistes-par-el-gato-malo\/#primaryimage\"},\"thumbnailUrl\":\"https:\/\/www.revue3emillenaire.com\/blog\/wp-content\/uploads\/2023\/06\/Plante.jpg\",\"datePublished\":\"2023-07-30T12:03:28+00:00\",\"author\":{\"@id\":\"https:\/\/www.revue3emillenaire.com\/blog\/#\/schema\/person\/b692dacff720a5344a6190bc714397eb\"},\"breadcrumb\":{\"@id\":\"https:\/\/www.revue3emillenaire.com\/blog\/la-trahison-de-lenvironnement-par-les-ecologistes-par-el-gato-malo\/#breadcrumb\"},\"inLanguage\":\"fr-FR\",\"potentialAction\":[{\"@type\":\"ReadAction\",\"target\":[\"https:\/\/www.revue3emillenaire.com\/blog\/la-trahison-de-lenvironnement-par-les-ecologistes-par-el-gato-malo\/\"]}]},{\"@type\":\"ImageObject\",\"inLanguage\":\"fr-FR\",\"@id\":\"https:\/\/www.revue3emillenaire.com\/blog\/la-trahison-de-lenvironnement-par-les-ecologistes-par-el-gato-malo\/#primaryimage\",\"url\":\"https:\/\/www.revue3emillenaire.com\/blog\/wp-content\/uploads\/2023\/06\/Plante.jpg\",\"contentUrl\":\"https:\/\/www.revue3emillenaire.com\/blog\/wp-content\/uploads\/2023\/06\/Plante.jpg\",\"width\":784,\"height\":588},{\"@type\":\"BreadcrumbList\",\"@id\":\"https:\/\/www.revue3emillenaire.com\/blog\/la-trahison-de-lenvironnement-par-les-ecologistes-par-el-gato-malo\/#breadcrumb\",\"itemListElement\":[{\"@type\":\"ListItem\",\"position\":1,\"name\":\"Accueil\",\"item\":\"https:\/\/www.revue3emillenaire.com\/blog\/\"},{\"@type\":\"ListItem\",\"position\":2,\"name\":\"La trahison de l\u2019environnement par les \u00e9cologistes \u2013 par el gato malo\"}]},{\"@type\":\"WebSite\",\"@id\":\"https:\/\/www.revue3emillenaire.com\/blog\/#website\",\"url\":\"https:\/\/www.revue3emillenaire.com\/blog\/\",\"name\":\"3e mill\u00e9naire - Spiritualit\u00e9 - Connaissance de soi - Non-dualit\u00e9 - M\u00e9ditation\",\"description\":\"L&#039;Homme en devenir\",\"potentialAction\":[{\"@type\":\"SearchAction\",\"target\":{\"@type\":\"EntryPoint\",\"urlTemplate\":\"https:\/\/www.revue3emillenaire.com\/blog\/?s={search_term_string}\"},\"query-input\":{\"@type\":\"PropertyValueSpecification\",\"valueRequired\":true,\"valueName\":\"search_term_string\"}}],\"inLanguage\":\"fr-FR\"},{\"@type\":\"Person\",\"@id\":\"https:\/\/www.revue3emillenaire.com\/blog\/#\/schema\/person\/b692dacff720a5344a6190bc714397eb\",\"name\":\"3e mill\u00e9naire\",\"url\":\"https:\/\/www.revue3emillenaire.com\/blog\/author\/scoussa\/\"}]}<\/script>\n<!-- \/ Yoast SEO plugin. -->","yoast_head_json":{"title":"La trahison de l\u2019environnement par les \u00e9cologistes \u2013 par el gato malo - 3e mill\u00e9naire - Spiritualit\u00e9 - Connaissance de soi - Non-dualit\u00e9 - M\u00e9ditation","robots":{"index":"index","follow":"follow","max-snippet":"max-snippet:-1","max-image-preview":"max-image-preview:large","max-video-preview":"max-video-preview:-1"},"canonical":"https:\/\/www.revue3emillenaire.com\/blog\/la-trahison-de-lenvironnement-par-les-ecologistes-par-el-gato-malo\/","og_locale":"fr_FR","og_type":"article","og_title":"La trahison de l\u2019environnement par les \u00e9cologistes \u2013 par el gato malo - 3e mill\u00e9naire - Spiritualit\u00e9 - Connaissance de soi - Non-dualit\u00e9 - M\u00e9ditation","og_description":"Traduction libre Le titre vient du Brownston Institute. Titre original\u00a0: Pourquoi le progr\u00e8s est synonyme d\u2019environnementalisme et pourquoi les vrais \u00e9cologistes doivent soutenir le progr\u00e8s. 26\/07\/2023 Je suis un \u00e9cologiste. J\u2019accorde de l\u2019importance \u00e0 l\u2019air pur, \u00e0 l\u2019eau pure, aux for\u00eats, aux rivi\u00e8res, aux lacs, aux jungles et aux grands espaces sauvages, ainsi qu\u2019aux bons [&hellip;]","og_url":"https:\/\/www.revue3emillenaire.com\/blog\/la-trahison-de-lenvironnement-par-les-ecologistes-par-el-gato-malo\/","og_site_name":"3e mill\u00e9naire - Spiritualit\u00e9 - Connaissance de soi - Non-dualit\u00e9 - M\u00e9ditation","article_published_time":"2023-07-30T12:03:28+00:00","og_image":[{"width":784,"height":588,"url":"https:\/\/www.revue3emillenaire.com\/blog\/wp-content\/uploads\/2023\/06\/Plante.jpg","type":"image\/jpeg"}],"author":"3e mill\u00e9naire","twitter_card":"summary_large_image","twitter_misc":{"\u00c9crit par":"3e mill\u00e9naire","Dur\u00e9e de lecture estim\u00e9e":"12 minutes"},"schema":{"@context":"https:\/\/schema.org","@graph":[{"@type":"Article","@id":"https:\/\/www.revue3emillenaire.com\/blog\/la-trahison-de-lenvironnement-par-les-ecologistes-par-el-gato-malo\/#article","isPartOf":{"@id":"https:\/\/www.revue3emillenaire.com\/blog\/la-trahison-de-lenvironnement-par-les-ecologistes-par-el-gato-malo\/"},"author":{"name":"3e mill\u00e9naire","@id":"https:\/\/www.revue3emillenaire.com\/blog\/#\/schema\/person\/b692dacff720a5344a6190bc714397eb"},"headline":"La trahison de l\u2019environnement par les \u00e9cologistes \u2013 par el gato malo","datePublished":"2023-07-30T12:03:28+00:00","mainEntityOfPage":{"@id":"https:\/\/www.revue3emillenaire.com\/blog\/la-trahison-de-lenvironnement-par-les-ecologistes-par-el-gato-malo\/"},"wordCount":2251,"image":{"@id":"https:\/\/www.revue3emillenaire.com\/blog\/la-trahison-de-lenvironnement-par-les-ecologistes-par-el-gato-malo\/#primaryimage"},"thumbnailUrl":"https:\/\/www.revue3emillenaire.com\/blog\/wp-content\/uploads\/2023\/06\/Plante.jpg","keywords":["Changement Climatique","COVID-19","D\u00e9mocratie","\u00e9cologie","\u00e9conomie","Environnement"],"articleSection":["Actualit\u00e9s"],"inLanguage":"fr-FR"},{"@type":"WebPage","@id":"https:\/\/www.revue3emillenaire.com\/blog\/la-trahison-de-lenvironnement-par-les-ecologistes-par-el-gato-malo\/","url":"https:\/\/www.revue3emillenaire.com\/blog\/la-trahison-de-lenvironnement-par-les-ecologistes-par-el-gato-malo\/","name":"La trahison de l\u2019environnement par les \u00e9cologistes \u2013 par el gato malo - 3e mill\u00e9naire - Spiritualit\u00e9 - Connaissance de soi - Non-dualit\u00e9 - M\u00e9ditation","isPartOf":{"@id":"https:\/\/www.revue3emillenaire.com\/blog\/#website"},"primaryImageOfPage":{"@id":"https:\/\/www.revue3emillenaire.com\/blog\/la-trahison-de-lenvironnement-par-les-ecologistes-par-el-gato-malo\/#primaryimage"},"image":{"@id":"https:\/\/www.revue3emillenaire.com\/blog\/la-trahison-de-lenvironnement-par-les-ecologistes-par-el-gato-malo\/#primaryimage"},"thumbnailUrl":"https:\/\/www.revue3emillenaire.com\/blog\/wp-content\/uploads\/2023\/06\/Plante.jpg","datePublished":"2023-07-30T12:03:28+00:00","author":{"@id":"https:\/\/www.revue3emillenaire.com\/blog\/#\/schema\/person\/b692dacff720a5344a6190bc714397eb"},"breadcrumb":{"@id":"https:\/\/www.revue3emillenaire.com\/blog\/la-trahison-de-lenvironnement-par-les-ecologistes-par-el-gato-malo\/#breadcrumb"},"inLanguage":"fr-FR","potentialAction":[{"@type":"ReadAction","target":["https:\/\/www.revue3emillenaire.com\/blog\/la-trahison-de-lenvironnement-par-les-ecologistes-par-el-gato-malo\/"]}]},{"@type":"ImageObject","inLanguage":"fr-FR","@id":"https:\/\/www.revue3emillenaire.com\/blog\/la-trahison-de-lenvironnement-par-les-ecologistes-par-el-gato-malo\/#primaryimage","url":"https:\/\/www.revue3emillenaire.com\/blog\/wp-content\/uploads\/2023\/06\/Plante.jpg","contentUrl":"https:\/\/www.revue3emillenaire.com\/blog\/wp-content\/uploads\/2023\/06\/Plante.jpg","width":784,"height":588},{"@type":"BreadcrumbList","@id":"https:\/\/www.revue3emillenaire.com\/blog\/la-trahison-de-lenvironnement-par-les-ecologistes-par-el-gato-malo\/#breadcrumb","itemListElement":[{"@type":"ListItem","position":1,"name":"Accueil","item":"https:\/\/www.revue3emillenaire.com\/blog\/"},{"@type":"ListItem","position":2,"name":"La trahison de l\u2019environnement par les \u00e9cologistes \u2013 par el gato malo"}]},{"@type":"WebSite","@id":"https:\/\/www.revue3emillenaire.com\/blog\/#website","url":"https:\/\/www.revue3emillenaire.com\/blog\/","name":"3e mill\u00e9naire - Spiritualit\u00e9 - Connaissance de soi - Non-dualit\u00e9 - M\u00e9ditation","description":"L&#039;Homme en devenir","potentialAction":[{"@type":"SearchAction","target":{"@type":"EntryPoint","urlTemplate":"https:\/\/www.revue3emillenaire.com\/blog\/?s={search_term_string}"},"query-input":{"@type":"PropertyValueSpecification","valueRequired":true,"valueName":"search_term_string"}}],"inLanguage":"fr-FR"},{"@type":"Person","@id":"https:\/\/www.revue3emillenaire.com\/blog\/#\/schema\/person\/b692dacff720a5344a6190bc714397eb","name":"3e mill\u00e9naire","url":"https:\/\/www.revue3emillenaire.com\/blog\/author\/scoussa\/"}]}},"_links":{"self":[{"href":"https:\/\/www.revue3emillenaire.com\/blog\/wp-json\/wp\/v2\/posts\/19410","targetHints":{"allow":["GET"]}}],"collection":[{"href":"https:\/\/www.revue3emillenaire.com\/blog\/wp-json\/wp\/v2\/posts"}],"about":[{"href":"https:\/\/www.revue3emillenaire.com\/blog\/wp-json\/wp\/v2\/types\/post"}],"author":[{"embeddable":true,"href":"https:\/\/www.revue3emillenaire.com\/blog\/wp-json\/wp\/v2\/users\/2"}],"replies":[{"embeddable":true,"href":"https:\/\/www.revue3emillenaire.com\/blog\/wp-json\/wp\/v2\/comments?post=19410"}],"version-history":[{"count":0,"href":"https:\/\/www.revue3emillenaire.com\/blog\/wp-json\/wp\/v2\/posts\/19410\/revisions"}],"wp:featuredmedia":[{"embeddable":true,"href":"https:\/\/www.revue3emillenaire.com\/blog\/wp-json\/wp\/v2\/media\/19353"}],"wp:attachment":[{"href":"https:\/\/www.revue3emillenaire.com\/blog\/wp-json\/wp\/v2\/media?parent=19410"}],"wp:term":[{"taxonomy":"category","embeddable":true,"href":"https:\/\/www.revue3emillenaire.com\/blog\/wp-json\/wp\/v2\/categories?post=19410"},{"taxonomy":"post_tag","embeddable":true,"href":"https:\/\/www.revue3emillenaire.com\/blog\/wp-json\/wp\/v2\/tags?post=19410"}],"curies":[{"name":"wp","href":"https:\/\/api.w.org\/{rel}","templated":true}]}}