{"id":19457,"date":"2023-08-23T16:34:36","date_gmt":"2023-08-23T15:34:36","guid":{"rendered":"https:\/\/www.revue3emillenaire.com\/blog\/?p=19457"},"modified":"2023-08-24T01:03:02","modified_gmt":"2023-08-24T00:03:02","slug":"a-la-memoire-de-paul-brodeur-par-la-section-du-nouveau-mexique-des-personnes-sans-telephone-portable","status":"publish","type":"post","link":"https:\/\/www.revue3emillenaire.com\/blog\/a-la-memoire-de-paul-brodeur-par-la-section-du-nouveau-mexique-des-personnes-sans-telephone-portable\/","title":{"rendered":"\u00c0 la m\u00e9moire de Paul Brodeur par la section du Nouveau-Mexique des personnes sans t\u00e9l\u00e9phone portable"},"content":{"rendered":"<p class=\"western\" align=\"justify\"><b>Paul Brodeur, ancien r\u00e9dacteur<\/b> du magazine <i>New Yorker<\/i>, est d\u00e9c\u00e9d\u00e9 le 2\u00a0ao\u00fbt 2023. Il \u00e9tait l\u2019auteur d\u2019un livre pionnier, <i><b>The Zapping of America<\/b><\/i>, qu\u2019il a publi\u00e9 en 1977. C\u2019est le premier livre que j\u2019ai lu sur le sujet des micro-ondes. Personne n\u2019avait de t\u00e9l\u00e9phone portable \u00e0 l\u2019\u00e9poque. Les premiers ordinateurs personnels n\u2019ont \u00e9t\u00e9 mis sur le march\u00e9 que cette ann\u00e9e-l\u00e0. Mais Brodeur avait achet\u00e9 une propri\u00e9t\u00e9 \u00e0 Cape Cod, dont il d\u00e9couvrit qu\u2019elle allait se trouver directement sur la trajectoire de l\u2019installation radar la plus puissante du monde.<\/p>\n<p class=\"western\" align=\"justify\">Il s\u2019agissait d\u2019une station radar d\u2019alerte pr\u00e9coce, et les \u00c9tats-Unis en construisaient deux, l\u2019une sur la c\u00f4te est et l\u2019autre sur la c\u00f4te ouest. Ils s\u2019appelaient PAVE PAWS (Precision Acquisition of Vehicle Entry Phased Array Warning System). Ils allaient \u00e9mettre des faisceaux de micro-ondes \u00e0 r\u00e9seau phas\u00e9 de 3\u00a0milliards de watts qui balaieraient l\u2019ensemble des c\u00f4tes est et ouest du pays afin de d\u00e9tecter et de pr\u00e9venir les missiles nucl\u00e9aires. Brodeur a men\u00e9 une enqu\u00eate et ce qu\u2019il a d\u00e9couvert sur les rayonnements micro-ondes et sur ce qui \u00e9tait sur le point d\u2019arriver \u00e0 ce pays l\u2019a stup\u00e9fi\u00e9. Ces stations radars ont \u00e9t\u00e9 construites et fonctionnent encore aujourd\u2019hui. La plupart des gens ont oubli\u00e9 leur existence. Mais elles \u00e9mettent des rayonnements micro-ondes \u00e0 r\u00e9seau phas\u00e9, tout comme les t\u00e9l\u00e9phones cellulaires et les antennes de la 5G.<\/p>\n<p class=\"western\" align=\"justify\">En 1989, Brodeur a \u00e9crit un autre livre intitul\u00e9 <i><b>Currents of Death\u00a0: Power Lines, Computer Terminals, and the Attempts to Cover Up Their Threat to Your Health<\/b><\/i>. Les \u00e9crans d\u2019ordinateur provoquaient de l\u2019asthme, des cataractes, des fausses couches, des malformations cong\u00e9nitales et des probl\u00e8mes de peau. Jusqu\u2019en 1977, date \u00e0 laquelle les premiers ordinateurs personnels ont \u00e9t\u00e9 vendus, les taux d\u2019asthme ont r\u00e9guli\u00e8rement diminu\u00e9 ann\u00e9e apr\u00e8s ann\u00e9e aux \u00c9tats-Unis. En 1977, les taux d\u2019asthme ont soudainement commenc\u00e9 \u00e0 augmenter et n\u2019ont pas cess\u00e9 depuis. Brodeur a r\u00e9v\u00e9l\u00e9 les dangers des \u00e9crans d\u2019ordinateur en 1989. La plupart des gens l\u2019ont \u00e9galement oubli\u00e9.<\/p>\n<p class=\"western\" align=\"justify\"><b>Un nouveau r\u00e9seau mondial de sections locales, appel\u00e9 <\/b><i><b>People Without Cell Phones<\/b><\/i>, a \u00e9t\u00e9 lanc\u00e9 pour s\u2019assurer que la vie et le travail de Brodeur, ainsi que la vie et le travail d\u2019autres pionniers de sa g\u00e9n\u00e9ration, n\u2019ont pas \u00e9t\u00e9 vains. Aujourd\u2019hui, 46\u00a0ans apr\u00e8s la publication de <i>The Zapping of America<\/i>, le monde continue de pr\u00e9tendre que les radiations sont inoffensives et que l\u2019asthme, les tumeurs c\u00e9r\u00e9brales, le diab\u00e8te, les maladies cardiaques et le cancer sont caus\u00e9s par autre chose. Et tout le monde se prom\u00e8ne avec un t\u00e9l\u00e9phone portable, jour et nuit. Nous allons d\u00e9velopper un r\u00e9seau mondial de personnes qui les jettent. La Terre se meurt. Les insectes ont largement disparu. Les oiseaux tombent du ciel par millions. L\u2019objectif de ce r\u00e9seau n\u2019est pas de bl\u00e2mer qui que ce soit. Il s\u2019agit d\u2019\u00e9tablir une pr\u00e9sence dans ce monde de personnes qui vivent, et enseignent aux autres comment vivre, comme si la vie sur Terre continuait. Il a \u00e9t\u00e9 lanc\u00e9 en m\u00eame temps qu\u2019une <a href=\"https:\/\/www.revue3emillenaire.com\/blog\/notes-pratiques-sur-lelectrosmog-par-arthur-firstenberg-al\/\" target=\"_blank\" rel=\"noopener\">note d\u2019information sur l\u2019\u00e9lectrosmog<\/a>, \u00e0 laquelle 29\u00a0organisations de 10\u00a0pays ont apport\u00e9 leur soutien jusqu\u2019\u00e0 pr\u00e9sent \u2014 des organisations des \u00c9tats-Unis, du Canada, du Royaume-Uni, de France, d\u2019Espagne, de Suisse, de Su\u00e8de, de Norv\u00e8ge, de Belgique et de Tunisie. Le temps des petits pas est r\u00e9volu. Il est temps de faire ce qui est n\u00e9cessaire sans crainte, sans r\u00e9serve et sans accusations.<\/p>\n<p class=\"western\" align=\"justify\">La section du Nouveau-Mexique de People Without Cell Phones a tenu sa premi\u00e8re r\u00e9union, en personne, il y a trois jours, le 19\u00a0ao\u00fbt. Un m\u00e9decin, plusieurs biologistes du b\u00e2timent, un photographe et d\u2019autres personnes y ont assist\u00e9. Tous les participants, sauf deux, ne poss\u00e8dent pas de t\u00e9l\u00e9phone portable et les autres ont l\u2019intention de s\u2019en d\u00e9barrasser. Nous avons cr\u00e9\u00e9 un sentiment d\u2019appartenance \u00e0 la communaut\u00e9 dont les gens ont soif, et nous avons commenc\u00e9 \u00e0 discuter des moyens d\u2019en parler aux autres, de se soutenir mutuellement et d\u2019\u0153uvrer pour un monde sans t\u00e9l\u00e9phone portable\u00a0:<\/p>\n<p class=\"western\" align=\"justify\">\n<ul>\n<li>plus de radiations<\/li>\n<li>plus de tumeurs c\u00e9r\u00e9brales<\/li>\n<li>une sant\u00e9 et une vitalit\u00e9 retrouv\u00e9es<\/li>\n<li>oiseaux, abeilles et papillons<\/li>\n<li>vivre comme si la vie sur Terre se poursuivait<\/li>\n<\/ul>\n<p>&nbsp;<\/p>\n<p class=\"western\" align=\"justify\">Rejoignez notre r\u00e9seau en cr\u00e9ant une section de <i>Personnes sans t\u00e9l\u00e9phone portable<\/i> dans votre ville, votre \u00e9tat ou votre pays. Faites-nous savoir que vous le faites en nous envoyant <a href=\"mailto:info@cellphonetaskforce.org\" target=\"_blank\" rel=\"noopener\">un courriel<\/a>.<\/p>\n","protected":false},"excerpt":{"rendered":"<p>Paul Brodeur, ancien r\u00e9dacteur du magazine New Yorker, est d\u00e9c\u00e9d\u00e9 le 2\u00a0ao\u00fbt 2023. Il \u00e9tait l\u2019auteur d\u2019un livre pionnier, The Zapping of America, qu\u2019il a publi\u00e9 en 1977. C\u2019est le premier livre que j\u2019ai lu sur le sujet des micro-ondes. Personne n\u2019avait de t\u00e9l\u00e9phone portable \u00e0 l\u2019\u00e9poque. Les premiers ordinateurs personnels n\u2019ont \u00e9t\u00e9 mis sur [&hellip;]<\/p>\n","protected":false},"author":2,"featured_media":18864,"comment_status":"closed","ping_status":"closed","sticky":false,"template":"","format":"standard","meta":{"footnotes":""},"categories":[1540,1594],"tags":[1624],"class_list":["post-19457","post","type-post","status-publish","format-standard","has-post-thumbnail","hentry","category-actualite","category-firstenberg-arthur","tag-pollution-electromagnetique"],"yoast_head":"<!-- This site is optimized with the Yoast SEO plugin v27.0 - https:\/\/yoast.com\/product\/yoast-seo-wordpress\/ -->\n<title>\u00c0 la m\u00e9moire de Paul Brodeur par la section du Nouveau-Mexique des personnes sans t\u00e9l\u00e9phone portable - 3e mill\u00e9naire - Spiritualit\u00e9 - Connaissance de soi - Non-dualit\u00e9 - M\u00e9ditation<\/title>\n<meta name=\"robots\" content=\"index, follow, max-snippet:-1, max-image-preview:large, max-video-preview:-1\" \/>\n<link rel=\"canonical\" href=\"https:\/\/www.revue3emillenaire.com\/blog\/a-la-memoire-de-paul-brodeur-par-la-section-du-nouveau-mexique-des-personnes-sans-telephone-portable\/\" \/>\n<meta property=\"og:locale\" content=\"fr_FR\" \/>\n<meta property=\"og:type\" content=\"article\" \/>\n<meta property=\"og:title\" content=\"\u00c0 la m\u00e9moire de Paul Brodeur par la section du Nouveau-Mexique des personnes sans t\u00e9l\u00e9phone portable - 3e mill\u00e9naire - Spiritualit\u00e9 - Connaissance de soi - Non-dualit\u00e9 - M\u00e9ditation\" \/>\n<meta property=\"og:description\" content=\"Paul Brodeur, ancien r\u00e9dacteur du magazine New Yorker, est d\u00e9c\u00e9d\u00e9 le 2\u00a0ao\u00fbt 2023. Il \u00e9tait l\u2019auteur d\u2019un livre pionnier, The Zapping of America, qu\u2019il a publi\u00e9 en 1977. C\u2019est le premier livre que j\u2019ai lu sur le sujet des micro-ondes. Personne n\u2019avait de t\u00e9l\u00e9phone portable \u00e0 l\u2019\u00e9poque. Les premiers ordinateurs personnels n\u2019ont \u00e9t\u00e9 mis sur [&hellip;]\" \/>\n<meta property=\"og:url\" content=\"https:\/\/www.revue3emillenaire.com\/blog\/a-la-memoire-de-paul-brodeur-par-la-section-du-nouveau-mexique-des-personnes-sans-telephone-portable\/\" \/>\n<meta property=\"og:site_name\" content=\"3e mill\u00e9naire - Spiritualit\u00e9 - Connaissance de soi - Non-dualit\u00e9 - M\u00e9ditation\" \/>\n<meta property=\"article:published_time\" content=\"2023-08-23T15:34:36+00:00\" \/>\n<meta property=\"article:modified_time\" content=\"2023-08-24T00:03:02+00:00\" \/>\n<meta property=\"og:image\" content=\"https:\/\/www.revue3emillenaire.com\/blog\/wp-content\/uploads\/2022\/02\/Arthur-Firstenberg2.jpg\" \/>\n\t<meta property=\"og:image:width\" content=\"280\" \/>\n\t<meta property=\"og:image:height\" content=\"412\" \/>\n\t<meta property=\"og:image:type\" content=\"image\/jpeg\" \/>\n<meta name=\"author\" content=\"3e mill\u00e9naire\" \/>\n<meta name=\"twitter:card\" content=\"summary_large_image\" \/>\n<meta name=\"twitter:label1\" content=\"\u00c9crit par\" \/>\n\t<meta name=\"twitter:data1\" content=\"3e mill\u00e9naire\" \/>\n\t<meta name=\"twitter:label2\" content=\"Dur\u00e9e de lecture estim\u00e9e\" \/>\n\t<meta name=\"twitter:data2\" content=\"4 minutes\" \/>\n<script type=\"application\/ld+json\" class=\"yoast-schema-graph\">{\"@context\":\"https:\/\/schema.org\",\"@graph\":[{\"@type\":\"Article\",\"@id\":\"https:\/\/www.revue3emillenaire.com\/blog\/a-la-memoire-de-paul-brodeur-par-la-section-du-nouveau-mexique-des-personnes-sans-telephone-portable\/#article\",\"isPartOf\":{\"@id\":\"https:\/\/www.revue3emillenaire.com\/blog\/a-la-memoire-de-paul-brodeur-par-la-section-du-nouveau-mexique-des-personnes-sans-telephone-portable\/\"},\"author\":{\"name\":\"3e mill\u00e9naire\",\"@id\":\"https:\/\/www.revue3emillenaire.com\/blog\/#\/schema\/person\/b692dacff720a5344a6190bc714397eb\"},\"headline\":\"\u00c0 la m\u00e9moire de Paul Brodeur par la section du Nouveau-Mexique des personnes sans t\u00e9l\u00e9phone portable\",\"datePublished\":\"2023-08-23T15:34:36+00:00\",\"dateModified\":\"2023-08-24T00:03:02+00:00\",\"mainEntityOfPage\":{\"@id\":\"https:\/\/www.revue3emillenaire.com\/blog\/a-la-memoire-de-paul-brodeur-par-la-section-du-nouveau-mexique-des-personnes-sans-telephone-portable\/\"},\"wordCount\":826,\"image\":{\"@id\":\"https:\/\/www.revue3emillenaire.com\/blog\/a-la-memoire-de-paul-brodeur-par-la-section-du-nouveau-mexique-des-personnes-sans-telephone-portable\/#primaryimage\"},\"thumbnailUrl\":\"https:\/\/www.revue3emillenaire.com\/blog\/wp-content\/uploads\/2022\/02\/Arthur-Firstenberg2.jpg\",\"keywords\":[\"Pollution \u00e9lectromagn\u00e9tique\"],\"articleSection\":[\"Actualit\u00e9s\",\"Firstenberg Arthur\"],\"inLanguage\":\"fr-FR\"},{\"@type\":\"WebPage\",\"@id\":\"https:\/\/www.revue3emillenaire.com\/blog\/a-la-memoire-de-paul-brodeur-par-la-section-du-nouveau-mexique-des-personnes-sans-telephone-portable\/\",\"url\":\"https:\/\/www.revue3emillenaire.com\/blog\/a-la-memoire-de-paul-brodeur-par-la-section-du-nouveau-mexique-des-personnes-sans-telephone-portable\/\",\"name\":\"\u00c0 la m\u00e9moire de Paul Brodeur par la section du Nouveau-Mexique des personnes sans t\u00e9l\u00e9phone portable - 3e mill\u00e9naire - Spiritualit\u00e9 - Connaissance de soi - Non-dualit\u00e9 - M\u00e9ditation\",\"isPartOf\":{\"@id\":\"https:\/\/www.revue3emillenaire.com\/blog\/#website\"},\"primaryImageOfPage\":{\"@id\":\"https:\/\/www.revue3emillenaire.com\/blog\/a-la-memoire-de-paul-brodeur-par-la-section-du-nouveau-mexique-des-personnes-sans-telephone-portable\/#primaryimage\"},\"image\":{\"@id\":\"https:\/\/www.revue3emillenaire.com\/blog\/a-la-memoire-de-paul-brodeur-par-la-section-du-nouveau-mexique-des-personnes-sans-telephone-portable\/#primaryimage\"},\"thumbnailUrl\":\"https:\/\/www.revue3emillenaire.com\/blog\/wp-content\/uploads\/2022\/02\/Arthur-Firstenberg2.jpg\",\"datePublished\":\"2023-08-23T15:34:36+00:00\",\"dateModified\":\"2023-08-24T00:03:02+00:00\",\"author\":{\"@id\":\"https:\/\/www.revue3emillenaire.com\/blog\/#\/schema\/person\/b692dacff720a5344a6190bc714397eb\"},\"breadcrumb\":{\"@id\":\"https:\/\/www.revue3emillenaire.com\/blog\/a-la-memoire-de-paul-brodeur-par-la-section-du-nouveau-mexique-des-personnes-sans-telephone-portable\/#breadcrumb\"},\"inLanguage\":\"fr-FR\",\"potentialAction\":[{\"@type\":\"ReadAction\",\"target\":[\"https:\/\/www.revue3emillenaire.com\/blog\/a-la-memoire-de-paul-brodeur-par-la-section-du-nouveau-mexique-des-personnes-sans-telephone-portable\/\"]}]},{\"@type\":\"ImageObject\",\"inLanguage\":\"fr-FR\",\"@id\":\"https:\/\/www.revue3emillenaire.com\/blog\/a-la-memoire-de-paul-brodeur-par-la-section-du-nouveau-mexique-des-personnes-sans-telephone-portable\/#primaryimage\",\"url\":\"https:\/\/www.revue3emillenaire.com\/blog\/wp-content\/uploads\/2022\/02\/Arthur-Firstenberg2.jpg\",\"contentUrl\":\"https:\/\/www.revue3emillenaire.com\/blog\/wp-content\/uploads\/2022\/02\/Arthur-Firstenberg2.jpg\",\"width\":280,\"height\":412},{\"@type\":\"BreadcrumbList\",\"@id\":\"https:\/\/www.revue3emillenaire.com\/blog\/a-la-memoire-de-paul-brodeur-par-la-section-du-nouveau-mexique-des-personnes-sans-telephone-portable\/#breadcrumb\",\"itemListElement\":[{\"@type\":\"ListItem\",\"position\":1,\"name\":\"Accueil\",\"item\":\"https:\/\/www.revue3emillenaire.com\/blog\/\"},{\"@type\":\"ListItem\",\"position\":2,\"name\":\"\u00c0 la m\u00e9moire de Paul Brodeur par la section du Nouveau-Mexique des personnes sans t\u00e9l\u00e9phone portable\"}]},{\"@type\":\"WebSite\",\"@id\":\"https:\/\/www.revue3emillenaire.com\/blog\/#website\",\"url\":\"https:\/\/www.revue3emillenaire.com\/blog\/\",\"name\":\"3e mill\u00e9naire - Spiritualit\u00e9 - Connaissance de soi - Non-dualit\u00e9 - M\u00e9ditation\",\"description\":\"L&#039;Homme en devenir\",\"potentialAction\":[{\"@type\":\"SearchAction\",\"target\":{\"@type\":\"EntryPoint\",\"urlTemplate\":\"https:\/\/www.revue3emillenaire.com\/blog\/?s={search_term_string}\"},\"query-input\":{\"@type\":\"PropertyValueSpecification\",\"valueRequired\":true,\"valueName\":\"search_term_string\"}}],\"inLanguage\":\"fr-FR\"},{\"@type\":\"Person\",\"@id\":\"https:\/\/www.revue3emillenaire.com\/blog\/#\/schema\/person\/b692dacff720a5344a6190bc714397eb\",\"name\":\"3e mill\u00e9naire\",\"url\":\"https:\/\/www.revue3emillenaire.com\/blog\/author\/scoussa\/\"}]}<\/script>\n<!-- \/ Yoast SEO plugin. -->","yoast_head_json":{"title":"\u00c0 la m\u00e9moire de Paul Brodeur par la section du Nouveau-Mexique des personnes sans t\u00e9l\u00e9phone portable - 3e mill\u00e9naire - Spiritualit\u00e9 - Connaissance de soi - Non-dualit\u00e9 - M\u00e9ditation","robots":{"index":"index","follow":"follow","max-snippet":"max-snippet:-1","max-image-preview":"max-image-preview:large","max-video-preview":"max-video-preview:-1"},"canonical":"https:\/\/www.revue3emillenaire.com\/blog\/a-la-memoire-de-paul-brodeur-par-la-section-du-nouveau-mexique-des-personnes-sans-telephone-portable\/","og_locale":"fr_FR","og_type":"article","og_title":"\u00c0 la m\u00e9moire de Paul Brodeur par la section du Nouveau-Mexique des personnes sans t\u00e9l\u00e9phone portable - 3e mill\u00e9naire - Spiritualit\u00e9 - Connaissance de soi - Non-dualit\u00e9 - M\u00e9ditation","og_description":"Paul Brodeur, ancien r\u00e9dacteur du magazine New Yorker, est d\u00e9c\u00e9d\u00e9 le 2\u00a0ao\u00fbt 2023. Il \u00e9tait l\u2019auteur d\u2019un livre pionnier, The Zapping of America, qu\u2019il a publi\u00e9 en 1977. C\u2019est le premier livre que j\u2019ai lu sur le sujet des micro-ondes. Personne n\u2019avait de t\u00e9l\u00e9phone portable \u00e0 l\u2019\u00e9poque. Les premiers ordinateurs personnels n\u2019ont \u00e9t\u00e9 mis sur [&hellip;]","og_url":"https:\/\/www.revue3emillenaire.com\/blog\/a-la-memoire-de-paul-brodeur-par-la-section-du-nouveau-mexique-des-personnes-sans-telephone-portable\/","og_site_name":"3e mill\u00e9naire - Spiritualit\u00e9 - Connaissance de soi - Non-dualit\u00e9 - M\u00e9ditation","article_published_time":"2023-08-23T15:34:36+00:00","article_modified_time":"2023-08-24T00:03:02+00:00","og_image":[{"width":280,"height":412,"url":"https:\/\/www.revue3emillenaire.com\/blog\/wp-content\/uploads\/2022\/02\/Arthur-Firstenberg2.jpg","type":"image\/jpeg"}],"author":"3e mill\u00e9naire","twitter_card":"summary_large_image","twitter_misc":{"\u00c9crit par":"3e mill\u00e9naire","Dur\u00e9e de lecture estim\u00e9e":"4 minutes"},"schema":{"@context":"https:\/\/schema.org","@graph":[{"@type":"Article","@id":"https:\/\/www.revue3emillenaire.com\/blog\/a-la-memoire-de-paul-brodeur-par-la-section-du-nouveau-mexique-des-personnes-sans-telephone-portable\/#article","isPartOf":{"@id":"https:\/\/www.revue3emillenaire.com\/blog\/a-la-memoire-de-paul-brodeur-par-la-section-du-nouveau-mexique-des-personnes-sans-telephone-portable\/"},"author":{"name":"3e mill\u00e9naire","@id":"https:\/\/www.revue3emillenaire.com\/blog\/#\/schema\/person\/b692dacff720a5344a6190bc714397eb"},"headline":"\u00c0 la m\u00e9moire de Paul Brodeur par la section du Nouveau-Mexique des personnes sans t\u00e9l\u00e9phone portable","datePublished":"2023-08-23T15:34:36+00:00","dateModified":"2023-08-24T00:03:02+00:00","mainEntityOfPage":{"@id":"https:\/\/www.revue3emillenaire.com\/blog\/a-la-memoire-de-paul-brodeur-par-la-section-du-nouveau-mexique-des-personnes-sans-telephone-portable\/"},"wordCount":826,"image":{"@id":"https:\/\/www.revue3emillenaire.com\/blog\/a-la-memoire-de-paul-brodeur-par-la-section-du-nouveau-mexique-des-personnes-sans-telephone-portable\/#primaryimage"},"thumbnailUrl":"https:\/\/www.revue3emillenaire.com\/blog\/wp-content\/uploads\/2022\/02\/Arthur-Firstenberg2.jpg","keywords":["Pollution \u00e9lectromagn\u00e9tique"],"articleSection":["Actualit\u00e9s","Firstenberg Arthur"],"inLanguage":"fr-FR"},{"@type":"WebPage","@id":"https:\/\/www.revue3emillenaire.com\/blog\/a-la-memoire-de-paul-brodeur-par-la-section-du-nouveau-mexique-des-personnes-sans-telephone-portable\/","url":"https:\/\/www.revue3emillenaire.com\/blog\/a-la-memoire-de-paul-brodeur-par-la-section-du-nouveau-mexique-des-personnes-sans-telephone-portable\/","name":"\u00c0 la m\u00e9moire de Paul Brodeur par la section du Nouveau-Mexique des personnes sans t\u00e9l\u00e9phone portable - 3e mill\u00e9naire - Spiritualit\u00e9 - Connaissance de soi - Non-dualit\u00e9 - M\u00e9ditation","isPartOf":{"@id":"https:\/\/www.revue3emillenaire.com\/blog\/#website"},"primaryImageOfPage":{"@id":"https:\/\/www.revue3emillenaire.com\/blog\/a-la-memoire-de-paul-brodeur-par-la-section-du-nouveau-mexique-des-personnes-sans-telephone-portable\/#primaryimage"},"image":{"@id":"https:\/\/www.revue3emillenaire.com\/blog\/a-la-memoire-de-paul-brodeur-par-la-section-du-nouveau-mexique-des-personnes-sans-telephone-portable\/#primaryimage"},"thumbnailUrl":"https:\/\/www.revue3emillenaire.com\/blog\/wp-content\/uploads\/2022\/02\/Arthur-Firstenberg2.jpg","datePublished":"2023-08-23T15:34:36+00:00","dateModified":"2023-08-24T00:03:02+00:00","author":{"@id":"https:\/\/www.revue3emillenaire.com\/blog\/#\/schema\/person\/b692dacff720a5344a6190bc714397eb"},"breadcrumb":{"@id":"https:\/\/www.revue3emillenaire.com\/blog\/a-la-memoire-de-paul-brodeur-par-la-section-du-nouveau-mexique-des-personnes-sans-telephone-portable\/#breadcrumb"},"inLanguage":"fr-FR","potentialAction":[{"@type":"ReadAction","target":["https:\/\/www.revue3emillenaire.com\/blog\/a-la-memoire-de-paul-brodeur-par-la-section-du-nouveau-mexique-des-personnes-sans-telephone-portable\/"]}]},{"@type":"ImageObject","inLanguage":"fr-FR","@id":"https:\/\/www.revue3emillenaire.com\/blog\/a-la-memoire-de-paul-brodeur-par-la-section-du-nouveau-mexique-des-personnes-sans-telephone-portable\/#primaryimage","url":"https:\/\/www.revue3emillenaire.com\/blog\/wp-content\/uploads\/2022\/02\/Arthur-Firstenberg2.jpg","contentUrl":"https:\/\/www.revue3emillenaire.com\/blog\/wp-content\/uploads\/2022\/02\/Arthur-Firstenberg2.jpg","width":280,"height":412},{"@type":"BreadcrumbList","@id":"https:\/\/www.revue3emillenaire.com\/blog\/a-la-memoire-de-paul-brodeur-par-la-section-du-nouveau-mexique-des-personnes-sans-telephone-portable\/#breadcrumb","itemListElement":[{"@type":"ListItem","position":1,"name":"Accueil","item":"https:\/\/www.revue3emillenaire.com\/blog\/"},{"@type":"ListItem","position":2,"name":"\u00c0 la m\u00e9moire de Paul Brodeur par la section du Nouveau-Mexique des personnes sans t\u00e9l\u00e9phone portable"}]},{"@type":"WebSite","@id":"https:\/\/www.revue3emillenaire.com\/blog\/#website","url":"https:\/\/www.revue3emillenaire.com\/blog\/","name":"3e mill\u00e9naire - Spiritualit\u00e9 - Connaissance de soi - Non-dualit\u00e9 - M\u00e9ditation","description":"L&#039;Homme en devenir","potentialAction":[{"@type":"SearchAction","target":{"@type":"EntryPoint","urlTemplate":"https:\/\/www.revue3emillenaire.com\/blog\/?s={search_term_string}"},"query-input":{"@type":"PropertyValueSpecification","valueRequired":true,"valueName":"search_term_string"}}],"inLanguage":"fr-FR"},{"@type":"Person","@id":"https:\/\/www.revue3emillenaire.com\/blog\/#\/schema\/person\/b692dacff720a5344a6190bc714397eb","name":"3e mill\u00e9naire","url":"https:\/\/www.revue3emillenaire.com\/blog\/author\/scoussa\/"}]}},"_links":{"self":[{"href":"https:\/\/www.revue3emillenaire.com\/blog\/wp-json\/wp\/v2\/posts\/19457","targetHints":{"allow":["GET"]}}],"collection":[{"href":"https:\/\/www.revue3emillenaire.com\/blog\/wp-json\/wp\/v2\/posts"}],"about":[{"href":"https:\/\/www.revue3emillenaire.com\/blog\/wp-json\/wp\/v2\/types\/post"}],"author":[{"embeddable":true,"href":"https:\/\/www.revue3emillenaire.com\/blog\/wp-json\/wp\/v2\/users\/2"}],"replies":[{"embeddable":true,"href":"https:\/\/www.revue3emillenaire.com\/blog\/wp-json\/wp\/v2\/comments?post=19457"}],"version-history":[{"count":0,"href":"https:\/\/www.revue3emillenaire.com\/blog\/wp-json\/wp\/v2\/posts\/19457\/revisions"}],"wp:featuredmedia":[{"embeddable":true,"href":"https:\/\/www.revue3emillenaire.com\/blog\/wp-json\/wp\/v2\/media\/18864"}],"wp:attachment":[{"href":"https:\/\/www.revue3emillenaire.com\/blog\/wp-json\/wp\/v2\/media?parent=19457"}],"wp:term":[{"taxonomy":"category","embeddable":true,"href":"https:\/\/www.revue3emillenaire.com\/blog\/wp-json\/wp\/v2\/categories?post=19457"},{"taxonomy":"post_tag","embeddable":true,"href":"https:\/\/www.revue3emillenaire.com\/blog\/wp-json\/wp\/v2\/tags?post=19457"}],"curies":[{"name":"wp","href":"https:\/\/api.w.org\/{rel}","templated":true}]}}