{"id":19459,"date":"2023-09-17T13:16:53","date_gmt":"2023-09-17T12:16:53","guid":{"rendered":"https:\/\/www.revue3emillenaire.com\/blog\/?p=19459"},"modified":"2023-09-17T13:16:53","modified_gmt":"2023-09-17T12:16:53","slug":"le-miracle-de-la-presence-par-joan-tollifson","status":"publish","type":"post","link":"https:\/\/www.revue3emillenaire.com\/blog\/le-miracle-de-la-presence-par-joan-tollifson\/","title":{"rendered":"Le miracle de la pr\u00e9sence par Joan Tollifson"},"content":{"rendered":"<p align=\"justify\"><i>Traduction libre<\/i><\/p>\n<p align=\"justify\">8\u00a0ao\u00fbt\u00a02023<\/p>\n<p align=\"justify\">Il y a des ann\u00e9es, j\u2019ai bri\u00e8vement \u00e9tudi\u00e9 la m\u00e9decine traditionnelle chinoise et nous avons appris que, dans le calendrier traditionnel chinois, les solstices et les \u00e9quinoxes sont consid\u00e9r\u00e9s non pas comme le <i>d\u00e9but <\/i>de nouvelles saisons, mais comme l\u2019<i>apog\u00e9e<\/i> de la saison. Dans ce calendrier traditionnel, un jour diff\u00e9rent marque le d\u00e9but d\u2019une nouvelle saison. Selon ce calendrier, aujourd\u2019hui est le d\u00e9but de l\u2019automne, le jour o\u00f9 l\u2019\u00e9nergie automnale commence \u00e0 entrer en sc\u00e8ne, ou si vous \u00eates de l\u2019autre c\u00f4t\u00e9 de la boule bleue, je suppose que c\u2019est le jour o\u00f9 l\u2019\u00e9nergie printani\u00e8re commence \u00e0 entrer en sc\u00e8ne. Je trouve que le jour qu\u2019ils marquent comme le d\u00e9but de chaque nouvelle saison indique toujours un changement \u00e9nerg\u00e9tique notable et pour les premiers signes de la nouvelle saison. Alors, joyeux automne&#8230;.<\/p>\n<p align=\"justify\">Je change p\u00e9riodiquement le titre et le texte de <span style=\"color: #000080;\"><u><a href=\"https:\/\/www.joantollifson.com\/\" target=\"_blank\" rel=\"noopener\">la page d\u2019accueil<\/a><\/u><\/span> de mon site web et, peut-\u00eatre en accord avec le changement de saison, je viens de le faire \u00e0 nouveau. Il s\u2019agit de la version la plus r\u00e9cente, intitul\u00e9e <i>Le miracle de la pr\u00e9sence<\/i>\u00a0:<\/p>\n<p align=\"justify\">La pr\u00e9sence est ind\u00e9niablement ici maintenant, elle ne n\u00e9cessite aucune croyance, il est impossible d\u2019en douter. Nous pouvons douter de toutes nos<i> id\u00e9es<\/i> sur ce qui est et sur ce que nous sommes, mais pas de la simple r\u00e9alit\u00e9 d\u2019\u00eatre ici, pr\u00e9sent et conscient. Cette pr\u00e9sence est illimit\u00e9e et non encapsul\u00e9e \u2014 il n\u2019y a nulle part o\u00f9 elle n\u2019est pas. Elle est rayonnante et consciente, homog\u00e8ne mais infiniment vari\u00e9e, en perp\u00e9tuel changement sans jamais s\u2019\u00e9loigner de l\u2019Ici-Maintenant.<\/p>\n<p align=\"justify\">Les apparences sont comme une tache de Rorschach kal\u00e9idoscopique que l\u2019esprit en qu\u00eate de sch\u00e9mas ne cesse d\u2019interpr\u00e9ter \u2014 en les \u00e9tiquetant, en les classant dans des cat\u00e9gories, en tissant des r\u00e9cits autour d\u2019elles \u2014 cr\u00e9ant l\u2019illusion d\u2019un monde apparemment solide de choses s\u00e9par\u00e9es \u00ab\u00a0l\u00e0 dehors\u00a0\u00bb. Mais plus nous sommes attentifs \u00e0 la pr\u00e9sence nue, plus nous voyons qu\u2019il n\u2019y a pas de fronti\u00e8re r\u00e9elle entre l\u2019int\u00e9rieur et l\u2019ext\u00e9rieur, et que rien ne se forme r\u00e9ellement en choses solides, persistantes et ind\u00e9pendantes. Chaque vague de l\u2019oc\u00e9an est absolument unique et en m\u00eame temps ins\u00e9parable de l\u2019ensemble de l\u2019oc\u00e9an et de toutes les autres vagues. Nous nous imaginons \u00eatre quelque chose de petit et de s\u00e9par\u00e9, le personnage de l\u2019histoire. Nous nous identifions \u00e0 la voix dans notre t\u00eate, aux pens\u00e9es qui se pr\u00e9sentent comme \u00ab\u00a0moi\u00a0\u00bb. Mais ce \u00ab\u00a0moi\u00a0\u00bb qui ressemble \u00e0 un mirage peut-il vraiment \u00eatre trouv\u00e9\u00a0?<\/p>\n<p align=\"justify\">Qu\u2019est-ce qui per\u00e7oit le personnage, le monde et l\u2019univers tout entier\u00a0? La conscience est comme le vaste espace ou l\u2019amour inconditionnel. Elle accepte tout et ne s\u2019attache \u00e0 rien. C\u2019est le pouvoir de transformation qui illumine et dissout les illusions et ouvre le c\u0153ur. La beaut\u00e9 que nous voyons, l\u2019amour que nous ressentons se trouvent dans la conscience, la pr\u00e9sence attentive. Lorsque nous sommes vraiment \u00e9veill\u00e9s et pr\u00e9sents, nous voyons tout avec amour, avec pl\u00e9nitude \u2014 y comprit tout ce qui vient de l\u2019ignorance, de l\u2019insensibilit\u00e9 ou de l\u2019illusion, et nous savons que r\u00e9agir \u00e0 tout cela par la peur, la haine ou le jugement ne fait qu\u2019alimenter l\u2019illusion. Le simple fait d\u2019\u00eatre pr\u00e9sent est l\u2019un des plus beaux cadeaux que nous puissions offrir \u00e0 nous-m\u00eames et au monde.<\/p>\n<p align=\"justify\">Nous recherchons habituellement des exp\u00e9riences particuli\u00e8res, des certitudes et quelque chose \u00e0 saisir. Mais en ne s\u2019accrochant \u00e0 rien du tout, il y a une ouverture et une libert\u00e9 immenses. Ce qui est propos\u00e9 ici invite \u00e0 l\u2019exploration de premi\u00e8re main et \u00e0 la d\u00e9couverte directe, et non \u00e0 la croyance ou au dogme. Sur ce chemin sans chemin qui consiste \u00e0 \u00eatre \u00e9veill\u00e9 ici et maintenant, il n\u2019y a pas de ligne d\u2019arriv\u00e9e, pas de formule, pas de m\u00e9thode, seulement cette radieuse vivacit\u00e9.<\/p>\n<p align=\"center\"><b>***<\/b><\/p>\n<p align=\"justify\"><b>R\u00e9flexions sur l\u2019amour et le sacr\u00e9<\/b><\/p>\n<p align=\"justify\"><b>Quelques notes pr\u00e9liminaires que j\u2019ai not\u00e9es\u00a0:<\/b><\/p>\n<p align=\"justify\">Ces derniers temps, j\u2019ai beaucoup r\u00e9fl\u00e9chi \u00e0 l\u2019amour. La phrase \u00ab\u00a0Dieu est Amour\u00a0\u00bb me revient sans cesse \u00e0 l\u2019esprit. Et pour ceux d\u2019entre vous qui sont allergiques au mot Dieu, je dois dire que pour moi, Dieu est un autre mot pour d\u00e9signer la pr\u00e9sence illimit\u00e9e, l\u2019infini et l\u2019\u00e9ternel Ici-Maintenant, la conscience sans forme, la non-chos\u00e9it\u00e9 (<span style=\"font-size: small;\">no-<\/span><span style=\"font-size: small;\"><i>thing<\/i><\/span><span style=\"font-size: small;\">-ness<\/span>) de tout, le z\u00e9ro dont d\u00e9pendent tous les autres nombres, le fondement de l\u2019\u00eatre, l\u2019absence de fondement, la conscience primordiale, l\u2019Amour inconditionnel, le calme au centre de la temp\u00eate, le silence au c\u0153ur de tout, la vivacit\u00e9 de l\u2019\u00eatre, ce qui est \u00e0 la fois illimit\u00e9, inclusif, plus proche que proche, et le plus intime.<\/p>\n<p align=\"justify\">Quoi qu\u2019il en soit, depuis un certain temps, je ne cesse d\u2019\u00eatre guid\u00e9e vers des choses concernant l\u2019amour. En juin, par exemple, je suis tomb\u00e9e sur une <span style=\"color: #000080;\"><u><a href=\"https:\/\/www.youtube.com\/live\/DknbP8rb6L8?feature=share\" target=\"_blank\" rel=\"noopener\">conversation sur YouTube<\/a><\/u><\/span> entre l\u2019enseignante bouddhiste Tara Brach et A.H. Almaas, cr\u00e9ateur de l\u2019Approche Diamant, \u00e0 propos de son nouveau livre, <i>Nondual Love\u00a0: Awakening to the Loving Nature of Reality<\/i>. Je n\u2019ai pas encore lu le livre, mais je l\u2019ai et j\u2019appr\u00e9cie beaucoup les couleurs jaune-orange, avec un peu de rouge et de blanc, et les galaxies de lumi\u00e8re qui scintillent sur la couverture. J\u2019aime le regarder, j\u2019aime le prendre et le tenir, et dans cette communion visuelle et tactile avec lui, je ressens de l\u2019Amour. L\u2019une des raisons pour lesquelles je pr\u00e9f\u00e8re tant les livres imprim\u00e9s est que les livres sont bien plus que de simples mots. Et avec ce livre, le simple fait d\u2019\u00eatre en pr\u00e9sence du titre et du sous-titre est une m\u00e9ditation en soi. \u00ab\u00a0S\u2019\u00e9veiller \u00e0 la nature aimante de la r\u00e9alit\u00e9\u00a0\u00bb est un koan exceptionnellement difficile avec lequel j\u2019ai pass\u00e9 toute ma vie sous diverses formes.<\/p>\n<p align=\"justify\">J\u2019ai un souvenir de ma m\u00e8re dans sa derni\u00e8re ann\u00e9e, \u00e0 l\u2019\u00e2ge de 95\u00a0ans, qui semble capturer l\u2019essence de l\u2019amour. Je suis dans son appartement et, \u00e9puis\u00e9e, je m\u2019allonge pour faire une sieste sur son canap\u00e9. Elle se l\u00e8ve de son fauteuil \u00e0 bascule et me couvre tendrement.<\/p>\n<p align=\"justify\">Peut-\u00eatre cela donne-t-il un indice sur la raison pour laquelle j\u2019aime le mot Dieu, en plus de tous les autres mots que je pourrais utiliser \u00e0 la place. Le mot Dieu a une dimension personnelle, une sorte d\u2019amour parental, et c\u2019est un mot qui remonte \u00e0 l\u2019enfance. Je n\u2019ai pas \u00e9t\u00e9 \u00e9lev\u00e9e dans une religion organis\u00e9e \u2014 mon p\u00e8re \u00e9tait ath\u00e9e et la religion de ma m\u00e8re \u00e9tait l\u2019amour \u2014 et heureusement, je n\u2019ai jamais \u00e9t\u00e9 forc\u00e9e de pratiquer une religion litt\u00e9raliste. Enfant, j\u2019ai \u00e9t\u00e9 myst\u00e9rieusement attir\u00e9e par la religion \u2014 j\u2019ai <i>ressenti<\/i> tr\u00e8s profond\u00e9ment la dimension spirituelle de la vie. J\u2019avais un v\u00e9ritable <i>sens<\/i> de Dieu, non pas en tant que personne, ni en tant que quelque chose que j\u2019aurais pu exprimer avec des mots \u00e0 l\u2019\u00e9poque.<\/p>\n<p align=\"justify\">Ma m\u00e8re disait toujours que Dieu est Amour. C\u2019est ce que la religion signifiait pour elle. Voyant que j\u2019avais parfois tendance \u00e0 m\u2019autocritiquer et \u00e0 douter de moi, elle me r\u00e9p\u00e9tait sans cesse de m\u2019aimer. Elle avait des amis de toutes les classes sociales, riches et pauvres, de tous \u00e2ges, races et orientations sexuelles, r\u00e9publicains et d\u00e9mocrates, d\u2019extr\u00eame gauche et d\u2019extr\u00eame droite, de diff\u00e9rentes religions, et elle organisait chaque ann\u00e9e une grande f\u00eate o\u00f9 elle invitait quelque quatre-vingts personnes tr\u00e8s diff\u00e9rentes dans son petit appartement, et elle me disait\u00a0: \u00ab\u00a0Nous devons tous apprendre \u00e0 nous aimer les uns les autres\u00a0\u00bb. Elle a v\u00e9cu et incarn\u00e9 l\u2019amour plus que toute autre personne que j\u2019ai rencontr\u00e9e. J\u2019ai une carte qu\u2019elle m\u2019a envoy\u00e9e il y a longtemps et qui dit\u00a0: \u00ab\u00a0Ne laisse rien t\u2019abattre\u00a0\u00bb. Elle voyait toujours le bon c\u00f4t\u00e9 des choses. Elle m\u2019a dit qu\u2019elle serait toujours avec moi, et je sens sa pr\u00e9sence dans mon c\u0153ur.<\/p>\n<p align=\"justify\">J\u2019ai lu r\u00e9cemment que nos actions d\u00e9coulent soit de la peur, soit de l\u2019amour, et j\u2019y ai pr\u00eat\u00e9 attention \u2014 en remarquant mes motifs lorsque je dis ou fais des choses. C\u2019est une exploration riche et parfois surprenante.<\/p>\n<p align=\"justify\">La haine s\u00e9pare et divise, l\u2019amour unit.<\/p>\n<p align=\"justify\">La haine voit les autres, l\u2019amour ne voit que Lui-m\u00eame partout.<\/p>\n<p align=\"justify\">L\u2019amour voit la lumi\u00e8re, m\u00eame dans l\u2019obscurit\u00e9.<\/p>\n<p align=\"justify\">L\u2019amour <i>est<\/i> la lumi\u00e8re.<\/p>\n<p align=\"justify\">Comme je l\u2019ai mentionn\u00e9 dans des articles pr\u00e9c\u00e9dents, je m\u2019efforce d\u2019\u00e9couter un large \u00e9ventail de points de vue sur les questions br\u00fblantes de notre \u00e9poque et, ce faisant, je continue \u00e0 d\u00e9couvrir \u00e0 quel point nous avons tous tendance \u00e0 nous enfermer dans nos bulles, de gauche ou de droite, \u00e0 quel point j\u2019\u00e9tais enferm\u00e9 dans la bulle de gauche, \u00e0 quel point nous sommes tous sujets au biais de confirmation, \u00e0 quel point nous nous identifions facilement \u00e0 un point de vue ou \u00e0 un sujet particulier et le d\u00e9fendons ensuite comme si notre vie m\u00eame \u00e9tait en jeu (ce qui n\u2019est presque jamais le cas), \u00e0 quel point nous diabolisons et caricaturons l\u2019autre camp, et \u00e0 quel point, \u00e0 bien des \u00e9gards, chaque camp r\u00e9agit aux exc\u00e8s de l\u2019autre camp. <i>Je d\u00e9couvre \u00e0 quel point mon obsession pour diverses questions politiques et l\u2019urgence que je ressens parfois \u00e0 convaincre les autres proviennent de la peur et non de l\u2019amour.<\/i><\/p>\n<p align=\"justify\">Et j\u2019ai vraiment le sentiment profond qu\u2019\u00eatre pr\u00e9sente et se dissoudre dans la pr\u00e9sence, comme j\u2019en ai parl\u00e9 dans ma nouvelle page d\u2019accueil ci-dessus, est le plus grand cadeau que nous puissions offrir au monde, les uns aux autres, et \u00e0 nous-m\u00eames.<\/p>\n<p align=\"justify\">Je terminerai par deux citations que j\u2019aime beaucoup, l\u2019une de Simone Weil et l\u2019autre de Leonard Jacobson\u00a0:<\/p>\n<p style=\"padding-left: 80px;\" align=\"justify\"><i>L\u2019attention est la forme la plus rare et la plus pure de la g\u00e9n\u00e9rosit\u00e9. L\u2019attention sans m\u00e9lange est une pri\u00e8re.<\/i><\/p>\n<p style=\"padding-left: 80px;\" align=\"justify\">\u2013\u00a0Simone Weil<\/p>\n<p style=\"padding-left: 80px;\" align=\"justify\"><i>\u00catre vraiment \u00e9veill\u00e9 est en fait tr\u00e8s ordinaire. Cela signifie simplement que vous \u00eates ici comme les arbres sont ici. Vous \u00eates ici comme les fleurs sont ici. C\u2019est tout ce que c\u2019est. Vous \u00eates ici, plut\u00f4t que d\u2019\u00eatre perdu dans un monde de nulle part. Au fur et \u00e0 mesure que vous vous d\u00e9tendez et que vous p\u00e9n\u00e9trez dans le moment pr\u00e9sent, m\u00eame s\u2019il semble ordinaire, les niveaux plus profonds de la Pr\u00e9sence s\u2019ouvrent lentement et doucement\u2026<\/i><\/p>\n<p style=\"padding-left: 80px;\" align=\"justify\"><i>Dieu ne peut \u00eatre connu par l\u2019esprit. Dieu ne peut \u00eatre ni compris ni d\u00e9fini. Le mieux que l\u2019esprit puisse faire est de croire en Dieu. Mais croire en Dieu est un tr\u00e8s mauvais substitut \u00e0 la connaissance de Dieu par sa propre exp\u00e9rience directe. Et une fois que l\u2019on sait, il n\u2019est plus n\u00e9cessaire de croire.<\/i><\/p>\n<p style=\"padding-left: 80px;\" align=\"justify\"><i>Pour moi, Dieu est la Pr\u00e9sence silencieuse au c\u0153ur m\u00eame de toutes les choses pr\u00e9sentes\u2026 Si vous voulez faire l\u2019exp\u00e9rience de la Pr\u00e9sence vivante de Dieu dans toutes les choses pr\u00e9sentes, vous devrez venir l\u00e0 o\u00f9 Dieu se trouve. Vous devrez sortir de l\u2019esprit et devenir pr\u00e9sent. Lorsque nous serons pleinement pr\u00e9sents, nous commencerons \u00e0 ressentir la Pr\u00e9sence qui est en toute chose. Cette Pr\u00e9sence est ce que j\u2019entends par Dieu.<\/i><\/p>\n<p style=\"padding-left: 80px;\" align=\"justify\">\u2013\u00a0Leonard Jacobson<\/p>\n<p align=\"justify\">Avec amour pour vous tous&#8230;..<\/p>\n","protected":false},"excerpt":{"rendered":"<p>Traduction libre 8\u00a0ao\u00fbt\u00a02023 Il y a des ann\u00e9es, j\u2019ai bri\u00e8vement \u00e9tudi\u00e9 la m\u00e9decine traditionnelle chinoise et nous avons appris que, dans le calendrier traditionnel chinois, les solstices et les \u00e9quinoxes sont consid\u00e9r\u00e9s non pas comme le d\u00e9but de nouvelles saisons, mais comme l\u2019apog\u00e9e de la saison. Dans ce calendrier traditionnel, un jour diff\u00e9rent marque le [&hellip;]<\/p>\n","protected":false},"author":2,"featured_media":18434,"comment_status":"closed","ping_status":"closed","sticky":false,"template":"","format":"standard","meta":{"footnotes":""},"categories":[1558],"tags":[8],"class_list":["post-19459","post","type-post","status-publish","format-standard","has-post-thumbnail","hentry","category-tollifson-joan","tag-non-dualite"],"yoast_head":"<!-- This site is optimized with the Yoast SEO plugin v27.0 - https:\/\/yoast.com\/product\/yoast-seo-wordpress\/ -->\n<title>Le miracle de la pr\u00e9sence par Joan Tollifson - 3e mill\u00e9naire - Spiritualit\u00e9 - Connaissance de soi - Non-dualit\u00e9 - M\u00e9ditation<\/title>\n<meta name=\"robots\" content=\"index, follow, max-snippet:-1, max-image-preview:large, max-video-preview:-1\" \/>\n<link rel=\"canonical\" href=\"https:\/\/www.revue3emillenaire.com\/blog\/le-miracle-de-la-presence-par-joan-tollifson\/\" \/>\n<meta property=\"og:locale\" content=\"fr_FR\" \/>\n<meta property=\"og:type\" content=\"article\" \/>\n<meta property=\"og:title\" content=\"Le miracle de la pr\u00e9sence par Joan Tollifson - 3e mill\u00e9naire - Spiritualit\u00e9 - Connaissance de soi - Non-dualit\u00e9 - M\u00e9ditation\" \/>\n<meta property=\"og:description\" content=\"Traduction libre 8\u00a0ao\u00fbt\u00a02023 Il y a des ann\u00e9es, j\u2019ai bri\u00e8vement \u00e9tudi\u00e9 la m\u00e9decine traditionnelle chinoise et nous avons appris que, dans le calendrier traditionnel chinois, les solstices et les \u00e9quinoxes sont consid\u00e9r\u00e9s non pas comme le d\u00e9but de nouvelles saisons, mais comme l\u2019apog\u00e9e de la saison. Dans ce calendrier traditionnel, un jour diff\u00e9rent marque le [&hellip;]\" \/>\n<meta property=\"og:url\" content=\"https:\/\/www.revue3emillenaire.com\/blog\/le-miracle-de-la-presence-par-joan-tollifson\/\" \/>\n<meta property=\"og:site_name\" content=\"3e mill\u00e9naire - Spiritualit\u00e9 - Connaissance de soi - Non-dualit\u00e9 - M\u00e9ditation\" \/>\n<meta property=\"article:published_time\" content=\"2023-09-17T12:16:53+00:00\" \/>\n<meta property=\"og:image\" content=\"https:\/\/www.revue3emillenaire.com\/blog\/wp-content\/uploads\/2021\/05\/Joan-Tollifson.jpg\" \/>\n\t<meta property=\"og:image:width\" content=\"230\" \/>\n\t<meta property=\"og:image:height\" content=\"258\" \/>\n\t<meta property=\"og:image:type\" content=\"image\/jpeg\" \/>\n<meta name=\"author\" content=\"3e mill\u00e9naire\" \/>\n<meta name=\"twitter:card\" content=\"summary_large_image\" \/>\n<meta name=\"twitter:label1\" content=\"\u00c9crit par\" \/>\n\t<meta name=\"twitter:data1\" content=\"3e mill\u00e9naire\" \/>\n\t<meta name=\"twitter:label2\" content=\"Dur\u00e9e de lecture estim\u00e9e\" \/>\n\t<meta name=\"twitter:data2\" content=\"10 minutes\" \/>\n<script type=\"application\/ld+json\" class=\"yoast-schema-graph\">{\"@context\":\"https:\/\/schema.org\",\"@graph\":[{\"@type\":\"Article\",\"@id\":\"https:\/\/www.revue3emillenaire.com\/blog\/le-miracle-de-la-presence-par-joan-tollifson\/#article\",\"isPartOf\":{\"@id\":\"https:\/\/www.revue3emillenaire.com\/blog\/le-miracle-de-la-presence-par-joan-tollifson\/\"},\"author\":{\"name\":\"3e mill\u00e9naire\",\"@id\":\"https:\/\/www.revue3emillenaire.com\/blog\/#\/schema\/person\/b692dacff720a5344a6190bc714397eb\"},\"headline\":\"Le miracle de la pr\u00e9sence par Joan Tollifson\",\"datePublished\":\"2023-09-17T12:16:53+00:00\",\"mainEntityOfPage\":{\"@id\":\"https:\/\/www.revue3emillenaire.com\/blog\/le-miracle-de-la-presence-par-joan-tollifson\/\"},\"wordCount\":2058,\"image\":{\"@id\":\"https:\/\/www.revue3emillenaire.com\/blog\/le-miracle-de-la-presence-par-joan-tollifson\/#primaryimage\"},\"thumbnailUrl\":\"https:\/\/www.revue3emillenaire.com\/blog\/wp-content\/uploads\/2021\/05\/Joan-Tollifson.jpg\",\"keywords\":[\"Non-dualit\u00e9\"],\"articleSection\":[\"Tollifson Joan\"],\"inLanguage\":\"fr-FR\"},{\"@type\":\"WebPage\",\"@id\":\"https:\/\/www.revue3emillenaire.com\/blog\/le-miracle-de-la-presence-par-joan-tollifson\/\",\"url\":\"https:\/\/www.revue3emillenaire.com\/blog\/le-miracle-de-la-presence-par-joan-tollifson\/\",\"name\":\"Le miracle de la pr\u00e9sence par Joan Tollifson - 3e mill\u00e9naire - Spiritualit\u00e9 - Connaissance de soi - Non-dualit\u00e9 - M\u00e9ditation\",\"isPartOf\":{\"@id\":\"https:\/\/www.revue3emillenaire.com\/blog\/#website\"},\"primaryImageOfPage\":{\"@id\":\"https:\/\/www.revue3emillenaire.com\/blog\/le-miracle-de-la-presence-par-joan-tollifson\/#primaryimage\"},\"image\":{\"@id\":\"https:\/\/www.revue3emillenaire.com\/blog\/le-miracle-de-la-presence-par-joan-tollifson\/#primaryimage\"},\"thumbnailUrl\":\"https:\/\/www.revue3emillenaire.com\/blog\/wp-content\/uploads\/2021\/05\/Joan-Tollifson.jpg\",\"datePublished\":\"2023-09-17T12:16:53+00:00\",\"author\":{\"@id\":\"https:\/\/www.revue3emillenaire.com\/blog\/#\/schema\/person\/b692dacff720a5344a6190bc714397eb\"},\"breadcrumb\":{\"@id\":\"https:\/\/www.revue3emillenaire.com\/blog\/le-miracle-de-la-presence-par-joan-tollifson\/#breadcrumb\"},\"inLanguage\":\"fr-FR\",\"potentialAction\":[{\"@type\":\"ReadAction\",\"target\":[\"https:\/\/www.revue3emillenaire.com\/blog\/le-miracle-de-la-presence-par-joan-tollifson\/\"]}]},{\"@type\":\"ImageObject\",\"inLanguage\":\"fr-FR\",\"@id\":\"https:\/\/www.revue3emillenaire.com\/blog\/le-miracle-de-la-presence-par-joan-tollifson\/#primaryimage\",\"url\":\"https:\/\/www.revue3emillenaire.com\/blog\/wp-content\/uploads\/2021\/05\/Joan-Tollifson.jpg\",\"contentUrl\":\"https:\/\/www.revue3emillenaire.com\/blog\/wp-content\/uploads\/2021\/05\/Joan-Tollifson.jpg\",\"width\":230,\"height\":258},{\"@type\":\"BreadcrumbList\",\"@id\":\"https:\/\/www.revue3emillenaire.com\/blog\/le-miracle-de-la-presence-par-joan-tollifson\/#breadcrumb\",\"itemListElement\":[{\"@type\":\"ListItem\",\"position\":1,\"name\":\"Accueil\",\"item\":\"https:\/\/www.revue3emillenaire.com\/blog\/\"},{\"@type\":\"ListItem\",\"position\":2,\"name\":\"Le miracle de la pr\u00e9sence par Joan Tollifson\"}]},{\"@type\":\"WebSite\",\"@id\":\"https:\/\/www.revue3emillenaire.com\/blog\/#website\",\"url\":\"https:\/\/www.revue3emillenaire.com\/blog\/\",\"name\":\"3e mill\u00e9naire - Spiritualit\u00e9 - Connaissance de soi - Non-dualit\u00e9 - M\u00e9ditation\",\"description\":\"L&#039;Homme en devenir\",\"potentialAction\":[{\"@type\":\"SearchAction\",\"target\":{\"@type\":\"EntryPoint\",\"urlTemplate\":\"https:\/\/www.revue3emillenaire.com\/blog\/?s={search_term_string}\"},\"query-input\":{\"@type\":\"PropertyValueSpecification\",\"valueRequired\":true,\"valueName\":\"search_term_string\"}}],\"inLanguage\":\"fr-FR\"},{\"@type\":\"Person\",\"@id\":\"https:\/\/www.revue3emillenaire.com\/blog\/#\/schema\/person\/b692dacff720a5344a6190bc714397eb\",\"name\":\"3e mill\u00e9naire\",\"url\":\"https:\/\/www.revue3emillenaire.com\/blog\/author\/scoussa\/\"}]}<\/script>\n<!-- \/ Yoast SEO plugin. -->","yoast_head_json":{"title":"Le miracle de la pr\u00e9sence par Joan Tollifson - 3e mill\u00e9naire - Spiritualit\u00e9 - Connaissance de soi - Non-dualit\u00e9 - M\u00e9ditation","robots":{"index":"index","follow":"follow","max-snippet":"max-snippet:-1","max-image-preview":"max-image-preview:large","max-video-preview":"max-video-preview:-1"},"canonical":"https:\/\/www.revue3emillenaire.com\/blog\/le-miracle-de-la-presence-par-joan-tollifson\/","og_locale":"fr_FR","og_type":"article","og_title":"Le miracle de la pr\u00e9sence par Joan Tollifson - 3e mill\u00e9naire - Spiritualit\u00e9 - Connaissance de soi - Non-dualit\u00e9 - M\u00e9ditation","og_description":"Traduction libre 8\u00a0ao\u00fbt\u00a02023 Il y a des ann\u00e9es, j\u2019ai bri\u00e8vement \u00e9tudi\u00e9 la m\u00e9decine traditionnelle chinoise et nous avons appris que, dans le calendrier traditionnel chinois, les solstices et les \u00e9quinoxes sont consid\u00e9r\u00e9s non pas comme le d\u00e9but de nouvelles saisons, mais comme l\u2019apog\u00e9e de la saison. Dans ce calendrier traditionnel, un jour diff\u00e9rent marque le [&hellip;]","og_url":"https:\/\/www.revue3emillenaire.com\/blog\/le-miracle-de-la-presence-par-joan-tollifson\/","og_site_name":"3e mill\u00e9naire - Spiritualit\u00e9 - Connaissance de soi - Non-dualit\u00e9 - M\u00e9ditation","article_published_time":"2023-09-17T12:16:53+00:00","og_image":[{"width":230,"height":258,"url":"https:\/\/www.revue3emillenaire.com\/blog\/wp-content\/uploads\/2021\/05\/Joan-Tollifson.jpg","type":"image\/jpeg"}],"author":"3e mill\u00e9naire","twitter_card":"summary_large_image","twitter_misc":{"\u00c9crit par":"3e mill\u00e9naire","Dur\u00e9e de lecture estim\u00e9e":"10 minutes"},"schema":{"@context":"https:\/\/schema.org","@graph":[{"@type":"Article","@id":"https:\/\/www.revue3emillenaire.com\/blog\/le-miracle-de-la-presence-par-joan-tollifson\/#article","isPartOf":{"@id":"https:\/\/www.revue3emillenaire.com\/blog\/le-miracle-de-la-presence-par-joan-tollifson\/"},"author":{"name":"3e mill\u00e9naire","@id":"https:\/\/www.revue3emillenaire.com\/blog\/#\/schema\/person\/b692dacff720a5344a6190bc714397eb"},"headline":"Le miracle de la pr\u00e9sence par Joan Tollifson","datePublished":"2023-09-17T12:16:53+00:00","mainEntityOfPage":{"@id":"https:\/\/www.revue3emillenaire.com\/blog\/le-miracle-de-la-presence-par-joan-tollifson\/"},"wordCount":2058,"image":{"@id":"https:\/\/www.revue3emillenaire.com\/blog\/le-miracle-de-la-presence-par-joan-tollifson\/#primaryimage"},"thumbnailUrl":"https:\/\/www.revue3emillenaire.com\/blog\/wp-content\/uploads\/2021\/05\/Joan-Tollifson.jpg","keywords":["Non-dualit\u00e9"],"articleSection":["Tollifson Joan"],"inLanguage":"fr-FR"},{"@type":"WebPage","@id":"https:\/\/www.revue3emillenaire.com\/blog\/le-miracle-de-la-presence-par-joan-tollifson\/","url":"https:\/\/www.revue3emillenaire.com\/blog\/le-miracle-de-la-presence-par-joan-tollifson\/","name":"Le miracle de la pr\u00e9sence par Joan Tollifson - 3e mill\u00e9naire - Spiritualit\u00e9 - Connaissance de soi - Non-dualit\u00e9 - M\u00e9ditation","isPartOf":{"@id":"https:\/\/www.revue3emillenaire.com\/blog\/#website"},"primaryImageOfPage":{"@id":"https:\/\/www.revue3emillenaire.com\/blog\/le-miracle-de-la-presence-par-joan-tollifson\/#primaryimage"},"image":{"@id":"https:\/\/www.revue3emillenaire.com\/blog\/le-miracle-de-la-presence-par-joan-tollifson\/#primaryimage"},"thumbnailUrl":"https:\/\/www.revue3emillenaire.com\/blog\/wp-content\/uploads\/2021\/05\/Joan-Tollifson.jpg","datePublished":"2023-09-17T12:16:53+00:00","author":{"@id":"https:\/\/www.revue3emillenaire.com\/blog\/#\/schema\/person\/b692dacff720a5344a6190bc714397eb"},"breadcrumb":{"@id":"https:\/\/www.revue3emillenaire.com\/blog\/le-miracle-de-la-presence-par-joan-tollifson\/#breadcrumb"},"inLanguage":"fr-FR","potentialAction":[{"@type":"ReadAction","target":["https:\/\/www.revue3emillenaire.com\/blog\/le-miracle-de-la-presence-par-joan-tollifson\/"]}]},{"@type":"ImageObject","inLanguage":"fr-FR","@id":"https:\/\/www.revue3emillenaire.com\/blog\/le-miracle-de-la-presence-par-joan-tollifson\/#primaryimage","url":"https:\/\/www.revue3emillenaire.com\/blog\/wp-content\/uploads\/2021\/05\/Joan-Tollifson.jpg","contentUrl":"https:\/\/www.revue3emillenaire.com\/blog\/wp-content\/uploads\/2021\/05\/Joan-Tollifson.jpg","width":230,"height":258},{"@type":"BreadcrumbList","@id":"https:\/\/www.revue3emillenaire.com\/blog\/le-miracle-de-la-presence-par-joan-tollifson\/#breadcrumb","itemListElement":[{"@type":"ListItem","position":1,"name":"Accueil","item":"https:\/\/www.revue3emillenaire.com\/blog\/"},{"@type":"ListItem","position":2,"name":"Le miracle de la pr\u00e9sence par Joan Tollifson"}]},{"@type":"WebSite","@id":"https:\/\/www.revue3emillenaire.com\/blog\/#website","url":"https:\/\/www.revue3emillenaire.com\/blog\/","name":"3e mill\u00e9naire - Spiritualit\u00e9 - Connaissance de soi - Non-dualit\u00e9 - M\u00e9ditation","description":"L&#039;Homme en devenir","potentialAction":[{"@type":"SearchAction","target":{"@type":"EntryPoint","urlTemplate":"https:\/\/www.revue3emillenaire.com\/blog\/?s={search_term_string}"},"query-input":{"@type":"PropertyValueSpecification","valueRequired":true,"valueName":"search_term_string"}}],"inLanguage":"fr-FR"},{"@type":"Person","@id":"https:\/\/www.revue3emillenaire.com\/blog\/#\/schema\/person\/b692dacff720a5344a6190bc714397eb","name":"3e mill\u00e9naire","url":"https:\/\/www.revue3emillenaire.com\/blog\/author\/scoussa\/"}]}},"_links":{"self":[{"href":"https:\/\/www.revue3emillenaire.com\/blog\/wp-json\/wp\/v2\/posts\/19459","targetHints":{"allow":["GET"]}}],"collection":[{"href":"https:\/\/www.revue3emillenaire.com\/blog\/wp-json\/wp\/v2\/posts"}],"about":[{"href":"https:\/\/www.revue3emillenaire.com\/blog\/wp-json\/wp\/v2\/types\/post"}],"author":[{"embeddable":true,"href":"https:\/\/www.revue3emillenaire.com\/blog\/wp-json\/wp\/v2\/users\/2"}],"replies":[{"embeddable":true,"href":"https:\/\/www.revue3emillenaire.com\/blog\/wp-json\/wp\/v2\/comments?post=19459"}],"version-history":[{"count":0,"href":"https:\/\/www.revue3emillenaire.com\/blog\/wp-json\/wp\/v2\/posts\/19459\/revisions"}],"wp:featuredmedia":[{"embeddable":true,"href":"https:\/\/www.revue3emillenaire.com\/blog\/wp-json\/wp\/v2\/media\/18434"}],"wp:attachment":[{"href":"https:\/\/www.revue3emillenaire.com\/blog\/wp-json\/wp\/v2\/media?parent=19459"}],"wp:term":[{"taxonomy":"category","embeddable":true,"href":"https:\/\/www.revue3emillenaire.com\/blog\/wp-json\/wp\/v2\/categories?post=19459"},{"taxonomy":"post_tag","embeddable":true,"href":"https:\/\/www.revue3emillenaire.com\/blog\/wp-json\/wp\/v2\/tags?post=19459"}],"curies":[{"name":"wp","href":"https:\/\/api.w.org\/{rel}","templated":true}]}}