{"id":19468,"date":"2023-09-15T20:53:46","date_gmt":"2023-09-15T19:53:46","guid":{"rendered":"https:\/\/www.revue3emillenaire.com\/blog\/?p=19468"},"modified":"2023-09-15T20:53:46","modified_gmt":"2023-09-15T19:53:46","slug":"existe-t-il-un-lien-entre-la-physique-quantique-et-la-pensee-positive","status":"publish","type":"post","link":"https:\/\/www.revue3emillenaire.com\/blog\/existe-t-il-un-lien-entre-la-physique-quantique-et-la-pensee-positive\/","title":{"rendered":"Existe-t-il un lien entre la physique quantique et la pens\u00e9e positive\u00a0?"},"content":{"rendered":"<p align=\"justify\"><em>Traduction libre<\/em><\/p>\n<p align=\"justify\">Depuis plusieurs ann\u00e9es, un flot croissant de livres et de documentaires Nouvel \u00c2ge tente, au grand dam des critiques, d\u2019utiliser la th\u00e9orie quantique pour \u00ab\u00a0prouver\u00a0\u00bb que l\u2019esprit poss\u00e8de des pouvoirs causaux. Les enthousiastes affirment que les exp\u00e9riences quantiques d\u00e9montrent que la pr\u00e9sence ou la perspective d\u2019un observateur d\u00e9termine la nature des objets \u00e0 l\u2019\u00e9chelle subatomique.<\/p>\n<p align=\"justify\">R\u00e9cemment, Robert Lanza, professeur adjoint \u00e0 l\u2019Institut de m\u00e9decine r\u00e9g\u00e9n\u00e9rative de l\u2019universit\u00e9 de Wake Forest, a affirm\u00e9 que la mort elle-m\u00eame est en fin de compte un ph\u00e9nom\u00e8ne mental \u2014 nous \u00ab\u00a0mourons\u00a0\u00bb parce que l\u2019esprit per\u00e7oit la disparition [<a class=\"sdfootnoteanc\" href=\"#sdfootnote1sym\" name=\"sdfootnote1anc\"><sup>1<\/sup><\/a>].<\/p>\n<p align=\"justify\">Les chercheurs sont \u00e0 juste titre vex\u00e9s lorsque des concepts de la th\u00e9orie quantique sont abord\u00e9s de mani\u00e8re superficielle ou sensationnelle. La plupart des scientifiques veulent fermer la porte \u00e0 ce lien (certes t\u00e9nu) entre la physique quantique et les propri\u00e9t\u00e9s, tant vant\u00e9es, de l\u2019esprit qui fa\u00e7onnent la r\u00e9alit\u00e9. Mais les d\u00e9couvertes en cours dans le domaine de la physique quantique \u2014 lorsqu\u2019elles sont examin\u00e9es sans compr\u00e9hension approximative \u2014 ne cessent de repousser la porte.<\/p>\n<p align=\"justify\">Il y a place pour une conversation entre les physiciens et les personnes s\u00e9rieuses de la culture m\u00e9taphysique \u2014 y compris celles qui s\u2019int\u00e9ressent \u00e0 la pratique largement d\u00e9cri\u00e9e de la \u00ab\u00a0pens\u00e9e positive\u00a0\u00bb, qui soutient que la pens\u00e9e influence la r\u00e9alit\u00e9. Les autorit\u00e9s scientifiques rejettent rapidement la proposition initiale selon laquelle la th\u00e9orie quantique soul\u00e8ve une question viable sur l\u2019influence causale de l\u2019esprit, du moins dans un monde de particules et d\u2019ondes subatomiques. De nombreux scientifiques objectent que de telles notions d\u00e9coulent d\u2019une mauvaise compr\u00e9hension des donn\u00e9es quantiques.<\/p>\n<p align=\"justify\">Pourtant, si elle est abord\u00e9e avec prudence, cette discussion \u2014 \u00e0 savoir si l\u2019observation r\u00e9v\u00e8le des propri\u00e9t\u00e9s causales dans un monde d\u2019ondes et de particules \u2014 m\u00e9rite l\u2019oreille des personnes raisonnables.<\/p>\n<p align=\"justify\">Tout d\u2019abord, les bases\u00a0: Aujourd\u2019hui, les revues de physique traitent r\u00e9guli\u00e8rement de ce que l\u2019on appelle le \u00ab\u00a0probl\u00e8me de la mesure quantique\u00a0\u00bb. Nombreux sont ceux qui ont entendu parler d\u2019une version ou d\u2019une autre de ce probl\u00e8me. En substance, plus de quatre-vingts ann\u00e9es d\u2019exp\u00e9riences en laboratoire montrent que les particules \u00e0 l\u2019\u00e9chelle atomique n\u2019apparaissent \u00e0 un endroit donn\u00e9 que lorsqu\u2019une mesure est effectu\u00e9e. Aussi \u00e9tonnant que cela puisse para\u00eetre \u2014 et les physiciens eux-m\u00eames d\u00e9battent de ces donn\u00e9es depuis des g\u00e9n\u00e9rations \u2014 la th\u00e9orie quantique affirme que l\u2019absence de mesure signifie qu\u2019il n\u2019y a pas d\u2019objet pr\u00e9cis et localis\u00e9 au niveau atomique.<\/p>\n<p align=\"justify\">En d\u2019autres termes, une particule subatomique occupe litt\u00e9ralement un nombre infini d\u2019endroits (un \u00e9tat appel\u00e9 \u00ab\u00a0superposition\u00a0\u00bb) jusqu\u2019\u00e0 ce que l\u2019observation la fasse appara\u00eetre \u00e0 un endroit pr\u00e9cis. En m\u00e9canique quantique, la d\u00e9cision de regarder ou de ne pas regarder d\u00e9termine en fait ce qui sera l\u00e0. En ce sens, la conscience de l\u2019observateur d\u00e9termine la r\u00e9alit\u00e9 objective dans le domaine subatomique.<\/p>\n<p align=\"justify\">Certains physiciens contesteraient cette caract\u00e9risation. Les critiques soutiennent parfois que certaines particules sont trop petites pour \u00eatre mesur\u00e9es\u00a0; par cons\u00e9quent, toute tentative de mesure affecte in\u00e9vitablement ce que l\u2019on voit. Mais il existe toute une cat\u00e9gorie d\u2019exp\u00e9riences quantiques de \u00ab\u00a0mesure sans interaction\u00a0\u00bb qui n\u2019impliquent aucun d\u00e9tecteur. Ces exp\u00e9riences ont montr\u00e9 \u00e0 plusieurs reprises qu\u2019un objet subatomique existe litt\u00e9ralement \u00e0 plusieurs endroits \u00e0 la fois jusqu\u2019\u00e0 ce qu\u2019une mesure d\u00e9termine son lieu de repos final.<\/p>\n<p align=\"justify\">Comment cela peut-il \u00eatre prouv\u00e9\u00a0? Dans le langage de la physique quantique, on dit qu\u2019une particule \u00e0 l\u2019\u00e9chelle atomique existe \u00e0 l\u2019\u00e9tat d\u2019onde, ce qui signifie que l\u2019emplacement de la particule dans l\u2019espace-temps n\u2019est connu que de mani\u00e8re probabiliste\u00a0; elle n\u2019a pas de propri\u00e9t\u00e9s dans cet \u00e9tat, juste des potentialit\u00e9s. Lorsque des particules ou des ondes \u2014 g\u00e9n\u00e9ralement sous la forme d\u2019un faisceau de photons ou d\u2019\u00e9lectrons \u2014 sont dirig\u00e9es vers un syst\u00e8me cible, tel qu\u2019une double fente, les scientifiques ont d\u00e9couvert que leur configuration ou leur trajectoire change ou \u00ab\u00a0s\u2019effondre\u00a0\u00bb en fonction de la pr\u00e9sence ou des choix de mesure d\u2019un observateur. Ainsi, un sch\u00e9ma d\u2019onde se transformera, ou s\u2019effondrera, en un sch\u00e9ma de particule. Contrairement \u00e0 toute raison, la th\u00e9orie quantique soutient que des r\u00e9sultats oppos\u00e9s existent simultan\u00e9ment.<\/p>\n<p align=\"justify\">La situation devient encore plus \u00e9trange lorsqu\u2019il s\u2019agit de l\u2019exp\u00e9rience de pens\u00e9e connue sous le nom de \u00ab\u00a0chat de Schr\u00f6dinger\u00a0\u00bb. Le physicien du vingti\u00e8me si\u00e8cle Erwin Schr\u00f6dinger \u00e9tait frustr\u00e9 par l\u2019absurdit\u00e9 \u00e9vidente de la th\u00e9orie quantique qui montrait des objets apparaissant simultan\u00e9ment \u00e0 plus d\u2019un endroit \u00e0 la fois. Il estimait qu\u2019une telle perspective violait toutes les lois physiques commun\u00e9ment observ\u00e9es. En 1935, Schr\u00f6dinger a cherch\u00e9 \u00e0 mettre en \u00e9vidence cette situation difficile par le biais d\u2019une exp\u00e9rience de pens\u00e9e volontairement absurde, destin\u00e9e \u00e0 forcer les physiciens quantiques \u00e0 suivre leurs donn\u00e9es jusqu\u2019au bout.<\/p>\n<p align=\"justify\">Schr\u00f6dinger a expliqu\u00e9 que les donn\u00e9es quantiques imposent qu\u2019un \u00eatre sensible, tel qu\u2019un chat, puisse \u00eatre \u00e0 la fois vivant et mort. Une variante de l\u2019exp\u00e9rience du chat de Schr\u00f6dinger pourrait \u00eatre pr\u00e9sent\u00e9e de la mani\u00e8re suivante\u00a0: Supposons qu\u2019un chat soit plac\u00e9 dans l\u2019une des deux bo\u00eetes. Le chat est accompagn\u00e9 de ce que Schr\u00f6dinger appelait un \u00ab\u00a0dispositif diabolique\u00a0\u00bb. Ce dispositif, s\u2019il est expos\u00e9 \u00e0 un atome, lib\u00e8re un poison mortel. Un observateur tire alors un atome sur les bo\u00eetes. L\u2019observateur utilise ensuite une forme de mesure pour v\u00e9rifier dans quelle bo\u00eete se trouve l\u2019atome\u00a0: la bo\u00eete vide ou celle o\u00f9 se trouvent le chat et le dispositif d\u2019empoisonnement. Lorsque l\u2019observateur proc\u00e8de \u00e0 la v\u00e9rification, la fonction d\u2019onde de l\u2019atome \u2014 c\u2019est-\u00e0-dire l\u2019\u00e9tat dans lequel il existe dans les deux bo\u00eetes \u2014 s\u2019effondre en une fonction de particule \u2014 c\u2019est-\u00e0-dire l\u2019\u00e9tat dans lequel il est localis\u00e9 dans une bo\u00eete. Une fois que l\u2019observateur a pris sa mesure, la convention veut que l\u2019on d\u00e9couvre que le chat est mort ou vivant. Mais Schr\u00f6dinger a expliqu\u00e9 que la physique quantique d\u00e9crit un r\u00e9sultat dans lequel le chat est \u00e0 la fois mort et vivant. En effet, l\u2019atome, dans sa fonction d\u2019onde, a \u00e9t\u00e9, \u00e0 un moment donn\u00e9, dans l\u2019une ou l\u2019autre bo\u00eete, et l\u2019un ou l\u2019autre r\u00e9sultat est r\u00e9el.<\/p>\n<p style=\"text-align: center;\" align=\"justify\"><a href=\"https:\/\/www.revue3emillenaire.com\/blog\/wp-content\/uploads\/2023\/08\/Chayshro.jpg\"><img loading=\"lazy\" decoding=\"async\" class=\"aligncenter size-full wp-image-19469\" src=\"https:\/\/www.revue3emillenaire.com\/blog\/wp-content\/uploads\/2023\/08\/Chayshro.jpg\" alt=\"\" width=\"1003\" height=\"531\" srcset=\"https:\/\/www.revue3emillenaire.com\/blog\/wp-content\/uploads\/2023\/08\/Chayshro.jpg 1003w, https:\/\/www.revue3emillenaire.com\/blog\/wp-content\/uploads\/2023\/08\/Chayshro-300x159.jpg 300w, https:\/\/www.revue3emillenaire.com\/blog\/wp-content\/uploads\/2023\/08\/Chayshro-768x407.jpg 768w\" sizes=\"auto, (max-width: 1003px) 100vw, 1003px\" \/><\/a><\/p>\n<p align=\"justify\"><i>Exp\u00e9rience de pens\u00e9e du chat de Schr\u00f6dinger : un chat, une fiole de poison et une source radioactive sont plac\u00e9s dans une bo\u00eete scell\u00e9e. Si un moniteur interne (par exemple un compteur Geiger) d\u00e9tecte de la radioactivit\u00e9 (c\u2019est-\u00e0-dire la d\u00e9sint\u00e9gration d\u2019un seul atome), la fiole est bris\u00e9e, lib\u00e9rant le poison, qui tue le chat. L\u2019interpr\u00e9tation de Copenhague de la m\u00e9canique quantique implique qu\u2019apr\u00e8s un certain temps, le chat est \u00e0 la fois vivant et mort. Pourtant, lorsqu\u2019on regarde dans la bo\u00eete, on voit que le chat est soit vivant, soit mort, mais pas \u00e0 la fois vivant et mort. Cela pose la question de savoir quand exactement la superposition quantique prend fin et quand la r\u00e9alit\u00e9 s\u2019effondre dans l\u2019une ou l\u2019autre possibilit\u00e9.<\/i><\/p>\n<p align=\"justify\">Bien s\u00fbr, toute l\u2019exp\u00e9rience v\u00e9cue nous dit que si l\u2019atome est entr\u00e9 dans la bo\u00eete vide, le chat est vivant\u00a0; et s\u2019il est entr\u00e9 dans la bo\u00eete avec le chat et le dispositif d\u2019empoisonnement, le chat est mort. Mais Schr\u00f6dinger, soucieux de mettre en \u00e9vidence les frustrations de la th\u00e9orie quantique, a soutenu que si les observations des exp\u00e9riences de m\u00e9canique quantique sont correctes, il faut tenir compte de chaque r\u00e9sultat.<\/p>\n<p align=\"justify\">Pour aller encore plus loin, une cohorte de physiciens quantiques des ann\u00e9es\u00a01950 a th\u00e9oris\u00e9 que si un observateur attendait un certain temps, disons huit heures, avant de v\u00e9rifier le chat mort-vivant, il d\u00e9couvrirait un chat qui est mort depuis huit heures et un autre qui est vivant depuis huit heures (et maintenant affam\u00e9). Dans ce raisonnement, l\u2019observation consciente a effectivement manifest\u00e9 l\u2019atome localis\u00e9, le chat mort, le chat vivant \u2014 et a \u00e9galement manifest\u00e9 le pass\u00e9, c\u2019est-\u00e0-dire qu\u2019elle a cr\u00e9\u00e9 une histoire \u00e0 la fois pour un chat mort et pour un chat vivant. Les deux r\u00e9sultats sont vrais.<\/p>\n<p align=\"justify\">Absurde\u00a0? Impossible\u00a0? Les physiciens quantiques r\u00e9pondent par l\u2019affirmative, mais des d\u00e9cennies d\u2019exp\u00e9riences quantiques font de ce mod\u00e8le \u2014 dans lequel une cr\u00e9ature peut \u00eatre morte ou vivante \u2014 une r\u00e9alit\u00e9 impossible\u00a0: un \u00e9tat de la nature incroyable, mais tout \u00e0 fait tenable, voire n\u00e9cessaire. L\u2019exp\u00e9rience de pens\u00e9e de Schr\u00f6dinger a forc\u00e9 une r\u00e9flexion sur la signification de la m\u00e9canique quantique (bien que peu de physiciens pr\u00eatent attention aux implications radicales).<\/p>\n<p align=\"justify\">Pourquoi existe-t-il une fracture apparente dans notre vision de la r\u00e9alit\u00e9, dans laquelle un ensemble de r\u00e8gles r\u00e9git les \u00e9v\u00e9nements du micro-monde et un autre ensemble r\u00e9git le macro-monde\u00a0? Cela peut \u00eatre d\u00fb aux limites de notre observation dans le macro-monde. Certains physiciens quantiques du XXI<sup>e<\/sup>\u00a0si\u00e8cle appellent ce ph\u00e9nom\u00e8ne \u00ab\u00a0fuite d\u2019information\u00a0\u00bb.<\/p>\n<p align=\"justify\">Selon la th\u00e9orie de la \u00ab\u00a0fuite d\u2019informations\u00a0\u00bb, les impossibilit\u00e9s apparentes de l\u2019activit\u00e9 quantique existent tout autour de nous. Elles r\u00e9gissent la r\u00e9alit\u00e9. Cependant, lorsque nous nous \u00e9loignons de l\u2019instrument que nous utilisons pour mesurer les microparticules et que nous commen\u00e7ons \u00e0 regarder les choses dans des cadres et des formes plus larges, nous voyons de moins en moins ce qui se passe r\u00e9ellement. Nous faisons l\u2019exp\u00e9rience d\u2019une \u00ab\u00a0fuite\u00a0\u00bb de donn\u00e9es. William James a fait allusion \u00e0 une dynamique similaire dans ses conf\u00e9rences Gifford de 1902\u00a0: \u00ab\u00a0Nous en apprenons le plus sur une chose lorsque nous l\u2019observons au microscope, pour ainsi dire, ou sous sa forme la plus exag\u00e9r\u00e9e. C\u2019est aussi vrai pour les ph\u00e9nom\u00e8nes religieux que pour n\u2019importe quel autre type de fait\u00a0\u00bb.<\/p>\n<p align=\"justify\">Seules des exp\u00e9riences futures permettront de d\u00e9terminer les implications plus larges des ph\u00e9nom\u00e8nes subnaturels dans le monde m\u00e9canique dans lequel nous vivons. Pour l\u2019instant, cependant, des d\u00e9cennies de donn\u00e9es quantiques permettent de conclure que l\u2019observation \u00e0 l\u2019\u00e9chelle subatomique\u00a0: (1) fa\u00e7onne la nature des r\u00e9sultats, (2) d\u00e9termine la pr\u00e9sence ou l\u2019absence d\u2019un objet localis\u00e9, et (3) con\u00e7oit \u00e9ventuellement des pass\u00e9s et des pr\u00e9sents multiples. Ce dernier point est parfois appel\u00e9 \u00ab\u00a0interpr\u00e9tation des mondes multiples\u00a0\u00bb, selon les termes du physicien Hugh Everett. Cette th\u00e9orie des \u00ab\u00a0mondes multiples\u00a0\u00bb ouvre la perspective d\u2019un nombre infini de r\u00e9alit\u00e9s et d\u2019\u00e9tats d\u2019\u00eatre, chacun d\u00e9pendant de nos choix. Et c\u2019est l\u00e0 que nous rencontrons la th\u00e8se frustrante, mais persistante de la pens\u00e9e positive, qui soutient, dans une mesure plus ou moins grande, que notre pens\u00e9e influence \u2014 concr\u00e8tement \u2014 notre exp\u00e9rience.<\/p>\n<p align=\"justify\">Le concept d\u2019Everett de mondes multiples et de r\u00e9sultats bas\u00e9s sur le point de vue de l\u2019observateur trouve son analogue m\u00e9taphysique le plus proche dans les id\u00e9es de Neville Goddard (1905-1972) [<a class=\"sdfootnoteanc\" href=\"#sdfootnote2sym\" name=\"sdfootnote2anc\"><sup>2<\/sup><\/a>], un \u00e9crivain et conf\u00e9rencier mystique du milieu du vingti\u00e8me si\u00e8cle, qui soutenait que nos pens\u00e9es cr\u00e9ent une infinit\u00e9 de r\u00e9alit\u00e9s et de r\u00e9sultats. Neville (qui se faisait appeler par son pr\u00e9nom) affirmait que tout ce que nous voyons et exp\u00e9rimentons, y compris les uns les autres, est le produit de ce qui se passe dans notre propre r\u00eave individuel de la r\u00e9alit\u00e9. Selon Neville, c\u2019est par une combinaison de convictions \u00e9motionnelles et d\u2019images mentales que chaque personne imagine son propre monde \u2014 toutes les personnes et tous les \u00e9v\u00e9nements sont enracin\u00e9s en nous, comme nous sommes en fin de compte enracin\u00e9s en Dieu. Selon Neville, lorsqu\u2019une personne s\u2019\u00e9veille \u00e0 son v\u00e9ritable moi, elle d\u00e9couvre en fait qu\u2019elle est une branche endormie du Cr\u00e9ateur, rev\u00eatue d\u2019une forme humaine, et qu\u2019elle est \u00e0 la t\u00eate de possibilit\u00e9s infinies.<\/p>\n<p align=\"justify\">La plupart des physiciens quantiques ne seraient pas pris morts\/vivants comme le chat de Schr\u00f6dinger en train de lire un philosophe occulte tel que Neville. En effet, de nombreux physiciens rejettent l\u2019id\u00e9e d\u2019interpr\u00e9ter les implications plus larges des donn\u00e9es quantiques. \u00ab\u00a0Taisez-vous et calculez\u00a0!\u00a0\u00bb est le cri de guerre popularis\u00e9 par le physicien N. David Mermin. Le r\u00f4le de la physique, insistent les critiques, est de <i>mesurer les choses<\/i> \u2014 et non, pour reprendre l\u2019expression d\u2019Einstein, de lever \u00ab\u00a0le voile qui enveloppe Dieu (<i>the old One<\/i>)\u00a0\u00bb. Laissons cela aux gourous et aux philosophes, mais, pour l\u2019amour du ciel, disent les critiques, gardons cela en dehors du laboratoire de physique. D\u2019autres adoptent la position inverse\u00a0: Si la physique ne sert pas \u00e0 expliquer la r\u00e9alit\u00e9, alors \u00e0 quoi sert-elle\u00a0?<\/p>\n<p align=\"justify\">Ce dernier principe pourrait l\u2019emporter. Une nouvelle g\u00e9n\u00e9ration de physiciens, form\u00e9s dans les ann\u00e9es soixante et soixante-dix et ouverts aux questions de conscience, acc\u00e8de actuellement \u00e0 des postes de direction dans les d\u00e9partements de physique (et gagne en autorit\u00e9 dans les domaines de l\u2019octroi de subventions et de financements). Cette cohorte a \u00e9t\u00e9 \u00e9duqu\u00e9e dans un monde peupl\u00e9 de zen et d\u2019entretien de motos, d\u2019exp\u00e9rimentations psych\u00e9d\u00e9liques et de Star Trek\u00a0; elle a tendance \u00e0 \u00eatre ouverte aux questions philosophiques et aux m\u00e9ta-analyses. En tant que scientifiques, ils sont tout aussi rigoureux que la g\u00e9n\u00e9ration pr\u00e9c\u00e9dente d\u2019empiristes classiques. Nous pourrions donc \u00eatre \u00e0 l\u2019aube d\u2019une renaissance de la recherche sur la question scientifique la plus remarquable depuis que Newton a codifi\u00e9 la m\u00e9canique classique. Au fur et \u00e0 mesure que les donn\u00e9es sont connues, les tenants de la physique quantique et de la m\u00e9taphysique pourraient s\u2019engager dans une nouvelle et s\u00e9rieuse conversation.<\/p>\n<p align=\"justify\">Mais les pi\u00e8ges sont trop importants pour ne pas les consid\u00e9rer avant de se lancer dans le monde des r\u00e9alit\u00e9s \u00ab\u00a0\u00e0 la fois\/et\u00a0\u00bb. \u00c0 la grande frustration des scientifiques, les chercheurs spirituels se montrent souvent trop empress\u00e9s de s\u2019emparer des implications des donn\u00e9es quantiques, d\u00e9clarant que nous avons d\u00e9sormais la preuve que l\u2019univers est le r\u00e9sultat de notre esprit. La corr\u00e9lation entre les \u00e9v\u00e9nements du micro-monde et ceux de la vie quotidienne que nous voyons et ressentons est loin d\u2019\u00eatre \u00e9vidente. Les personnes en qu\u00eate de spiritualit\u00e9 doivent r\u00e9sister \u00e0 la tentation de s\u00e9lectionner les donn\u00e9es qui semblent confirmer leurs id\u00e9es les plus ch\u00e8res. De m\u00eame, les physiciens devraient faire preuve de patience \u00e0 l\u2019\u00e9gard des profanes qui veulent r\u00e9fl\u00e9chir aux possibilit\u00e9s de la physique quantique. Si l\u2019on parvient \u00e0 trouver le bon \u00e9quilibre, les personnes s\u00e9rieuses et r\u00e9fl\u00e9chies des deux mondes, celui de la science et celui de la spiritualit\u00e9, auront quelque chose \u00e0 se dire. Une telle discussion pourrait, en fin de compte, r\u00e9volutionner la fa\u00e7on dont nous nous percevons au XXI<sup>e<\/sup>\u00a0si\u00e8cle, autant que le darwinisme l\u2019a fait \u00e0 l\u2019\u00e9poque victorienne.<\/p>\n<p align=\"justify\">Texte original\u00a0: <span style=\"color: #000080;\"><u><a href=\"https:\/\/www.newdawnmagazine.com\/articles\/is-there-a-connection-between-quantum-physics-positive-thinking\" target=\"_blank\" rel=\"noopener\">https:\/\/www.newdawnmagazine.com\/articles\/is-there-a-connection-between-quantum-physics-positive-thinking<\/a> <\/u><\/span><\/p>\n<p align=\"justify\">________________________<\/p>\n<div id=\"sdfootnote1\">\n<p align=\"justify\"><a class=\"sdfootnotesym\" href=\"#sdfootnote1anc\" name=\"sdfootnote1sym\">1<\/a> La mort existe-t-elle\u00a0? Une nouvelle th\u00e9orie dit \u00ab\u00a0non\u00a0\u00bb par Robert Lanza, M.D., <span style=\"color: #000080;\"><u><a href=\"http:\/\/www.huffpost.com\/entry\/does-death-exist-new-theo_b_384515\" target=\"_blank\" rel=\"noopener\">www.huffpost.com\/entry\/does-death-exist-new-theo_b_384515<\/a><\/u><\/span><\/p>\n<\/div>\n<div id=\"sdfootnote2\">\n<p align=\"justify\"><a class=\"sdfootnotesym\" href=\"#sdfootnote2anc\" name=\"sdfootnote2sym\">2<\/a> Le plus grand philosophe dont vous n\u2019avez jamais entendu parler par Mitch Horowitz, <span style=\"color: #000080;\"><u><a href=\"https:\/\/medium.com\/universal-quest\/the-greatest-philosopher-youve-never-heard-of-336231e26885\" target=\"_blank\" rel=\"noopener\">https:\/\/medium.com\/universal-quest\/the-greatest-philosopher-youve-never-heard-of-336231e26885<\/a><\/u><\/span><\/p>\n<\/div>\n","protected":false},"excerpt":{"rendered":"<p>Traduction libre Depuis plusieurs ann\u00e9es, un flot croissant de livres et de documentaires Nouvel \u00c2ge tente, au grand dam des critiques, d\u2019utiliser la th\u00e9orie quantique pour \u00ab\u00a0prouver\u00a0\u00bb que l\u2019esprit poss\u00e8de des pouvoirs causaux. Les enthousiastes affirment que les exp\u00e9riences quantiques d\u00e9montrent que la pr\u00e9sence ou la perspective d\u2019un observateur d\u00e9termine la nature des objets \u00e0 [&hellip;]<\/p>\n","protected":false},"author":2,"featured_media":19469,"comment_status":"closed","ping_status":"closed","sticky":false,"template":"","format":"standard","meta":{"footnotes":""},"categories":[1540],"tags":[1215,1316,1056,100,1590],"class_list":["post-19468","post","type-post","status-publish","format-standard","has-post-thumbnail","hentry","category-actualite","tag-mecanique-quantique","tag-microphysique","tag-pensee-positive","tag-physique","tag-science-et-conscience"],"yoast_head":"<!-- This site is optimized with the Yoast SEO plugin v27.0 - https:\/\/yoast.com\/product\/yoast-seo-wordpress\/ -->\n<title>Existe-t-il un lien entre la physique quantique et la pens\u00e9e positive\u00a0? - 3e mill\u00e9naire - Spiritualit\u00e9 - Connaissance de soi - Non-dualit\u00e9 - M\u00e9ditation<\/title>\n<meta name=\"robots\" content=\"index, follow, max-snippet:-1, max-image-preview:large, max-video-preview:-1\" \/>\n<link rel=\"canonical\" href=\"https:\/\/www.revue3emillenaire.com\/blog\/existe-t-il-un-lien-entre-la-physique-quantique-et-la-pensee-positive\/\" \/>\n<meta property=\"og:locale\" content=\"fr_FR\" \/>\n<meta property=\"og:type\" content=\"article\" \/>\n<meta property=\"og:title\" content=\"Existe-t-il un lien entre la physique quantique et la pens\u00e9e positive\u00a0? - 3e mill\u00e9naire - Spiritualit\u00e9 - Connaissance de soi - Non-dualit\u00e9 - M\u00e9ditation\" \/>\n<meta property=\"og:description\" content=\"Traduction libre Depuis plusieurs ann\u00e9es, un flot croissant de livres et de documentaires Nouvel \u00c2ge tente, au grand dam des critiques, d\u2019utiliser la th\u00e9orie quantique pour \u00ab\u00a0prouver\u00a0\u00bb que l\u2019esprit poss\u00e8de des pouvoirs causaux. Les enthousiastes affirment que les exp\u00e9riences quantiques d\u00e9montrent que la pr\u00e9sence ou la perspective d\u2019un observateur d\u00e9termine la nature des objets \u00e0 [&hellip;]\" \/>\n<meta property=\"og:url\" content=\"https:\/\/www.revue3emillenaire.com\/blog\/existe-t-il-un-lien-entre-la-physique-quantique-et-la-pensee-positive\/\" \/>\n<meta property=\"og:site_name\" content=\"3e mill\u00e9naire - Spiritualit\u00e9 - Connaissance de soi - Non-dualit\u00e9 - M\u00e9ditation\" \/>\n<meta property=\"article:published_time\" content=\"2023-09-15T19:53:46+00:00\" \/>\n<meta property=\"og:image\" content=\"https:\/\/www.revue3emillenaire.com\/blog\/wp-content\/uploads\/2023\/08\/Chayshro.jpg\" \/>\n\t<meta property=\"og:image:width\" content=\"1003\" \/>\n\t<meta property=\"og:image:height\" content=\"531\" \/>\n\t<meta property=\"og:image:type\" content=\"image\/jpeg\" \/>\n<meta name=\"author\" content=\"3e mill\u00e9naire\" \/>\n<meta name=\"twitter:card\" content=\"summary_large_image\" \/>\n<meta name=\"twitter:label1\" content=\"\u00c9crit par\" \/>\n\t<meta name=\"twitter:data1\" content=\"3e mill\u00e9naire\" \/>\n\t<meta name=\"twitter:label2\" content=\"Dur\u00e9e de lecture estim\u00e9e\" \/>\n\t<meta name=\"twitter:data2\" content=\"12 minutes\" \/>\n<script type=\"application\/ld+json\" class=\"yoast-schema-graph\">{\"@context\":\"https:\/\/schema.org\",\"@graph\":[{\"@type\":\"Article\",\"@id\":\"https:\/\/www.revue3emillenaire.com\/blog\/existe-t-il-un-lien-entre-la-physique-quantique-et-la-pensee-positive\/#article\",\"isPartOf\":{\"@id\":\"https:\/\/www.revue3emillenaire.com\/blog\/existe-t-il-un-lien-entre-la-physique-quantique-et-la-pensee-positive\/\"},\"author\":{\"name\":\"3e mill\u00e9naire\",\"@id\":\"https:\/\/www.revue3emillenaire.com\/blog\/#\/schema\/person\/b692dacff720a5344a6190bc714397eb\"},\"headline\":\"Existe-t-il un lien entre la physique quantique et la pens\u00e9e positive\u00a0?\",\"datePublished\":\"2023-09-15T19:53:46+00:00\",\"mainEntityOfPage\":{\"@id\":\"https:\/\/www.revue3emillenaire.com\/blog\/existe-t-il-un-lien-entre-la-physique-quantique-et-la-pensee-positive\/\"},\"wordCount\":2718,\"image\":{\"@id\":\"https:\/\/www.revue3emillenaire.com\/blog\/existe-t-il-un-lien-entre-la-physique-quantique-et-la-pensee-positive\/#primaryimage\"},\"thumbnailUrl\":\"https:\/\/www.revue3emillenaire.com\/blog\/wp-content\/uploads\/2023\/08\/Chayshro.jpg\",\"keywords\":[\"M\u00e9canique quantique\",\"Microphysique\",\"Pens\u00e9e Positive\",\"Physique\",\"science et conscience\"],\"articleSection\":[\"Actualit\u00e9s\"],\"inLanguage\":\"fr-FR\"},{\"@type\":\"WebPage\",\"@id\":\"https:\/\/www.revue3emillenaire.com\/blog\/existe-t-il-un-lien-entre-la-physique-quantique-et-la-pensee-positive\/\",\"url\":\"https:\/\/www.revue3emillenaire.com\/blog\/existe-t-il-un-lien-entre-la-physique-quantique-et-la-pensee-positive\/\",\"name\":\"Existe-t-il un lien entre la physique quantique et la pens\u00e9e positive\u00a0? - 3e mill\u00e9naire - Spiritualit\u00e9 - Connaissance de soi - Non-dualit\u00e9 - M\u00e9ditation\",\"isPartOf\":{\"@id\":\"https:\/\/www.revue3emillenaire.com\/blog\/#website\"},\"primaryImageOfPage\":{\"@id\":\"https:\/\/www.revue3emillenaire.com\/blog\/existe-t-il-un-lien-entre-la-physique-quantique-et-la-pensee-positive\/#primaryimage\"},\"image\":{\"@id\":\"https:\/\/www.revue3emillenaire.com\/blog\/existe-t-il-un-lien-entre-la-physique-quantique-et-la-pensee-positive\/#primaryimage\"},\"thumbnailUrl\":\"https:\/\/www.revue3emillenaire.com\/blog\/wp-content\/uploads\/2023\/08\/Chayshro.jpg\",\"datePublished\":\"2023-09-15T19:53:46+00:00\",\"author\":{\"@id\":\"https:\/\/www.revue3emillenaire.com\/blog\/#\/schema\/person\/b692dacff720a5344a6190bc714397eb\"},\"breadcrumb\":{\"@id\":\"https:\/\/www.revue3emillenaire.com\/blog\/existe-t-il-un-lien-entre-la-physique-quantique-et-la-pensee-positive\/#breadcrumb\"},\"inLanguage\":\"fr-FR\",\"potentialAction\":[{\"@type\":\"ReadAction\",\"target\":[\"https:\/\/www.revue3emillenaire.com\/blog\/existe-t-il-un-lien-entre-la-physique-quantique-et-la-pensee-positive\/\"]}]},{\"@type\":\"ImageObject\",\"inLanguage\":\"fr-FR\",\"@id\":\"https:\/\/www.revue3emillenaire.com\/blog\/existe-t-il-un-lien-entre-la-physique-quantique-et-la-pensee-positive\/#primaryimage\",\"url\":\"https:\/\/www.revue3emillenaire.com\/blog\/wp-content\/uploads\/2023\/08\/Chayshro.jpg\",\"contentUrl\":\"https:\/\/www.revue3emillenaire.com\/blog\/wp-content\/uploads\/2023\/08\/Chayshro.jpg\",\"width\":1003,\"height\":531},{\"@type\":\"BreadcrumbList\",\"@id\":\"https:\/\/www.revue3emillenaire.com\/blog\/existe-t-il-un-lien-entre-la-physique-quantique-et-la-pensee-positive\/#breadcrumb\",\"itemListElement\":[{\"@type\":\"ListItem\",\"position\":1,\"name\":\"Accueil\",\"item\":\"https:\/\/www.revue3emillenaire.com\/blog\/\"},{\"@type\":\"ListItem\",\"position\":2,\"name\":\"Existe-t-il un lien entre la physique quantique et la pens\u00e9e positive\u00a0?\"}]},{\"@type\":\"WebSite\",\"@id\":\"https:\/\/www.revue3emillenaire.com\/blog\/#website\",\"url\":\"https:\/\/www.revue3emillenaire.com\/blog\/\",\"name\":\"3e mill\u00e9naire - Spiritualit\u00e9 - Connaissance de soi - Non-dualit\u00e9 - M\u00e9ditation\",\"description\":\"L&#039;Homme en devenir\",\"potentialAction\":[{\"@type\":\"SearchAction\",\"target\":{\"@type\":\"EntryPoint\",\"urlTemplate\":\"https:\/\/www.revue3emillenaire.com\/blog\/?s={search_term_string}\"},\"query-input\":{\"@type\":\"PropertyValueSpecification\",\"valueRequired\":true,\"valueName\":\"search_term_string\"}}],\"inLanguage\":\"fr-FR\"},{\"@type\":\"Person\",\"@id\":\"https:\/\/www.revue3emillenaire.com\/blog\/#\/schema\/person\/b692dacff720a5344a6190bc714397eb\",\"name\":\"3e mill\u00e9naire\",\"url\":\"https:\/\/www.revue3emillenaire.com\/blog\/author\/scoussa\/\"}]}<\/script>\n<!-- \/ Yoast SEO plugin. -->","yoast_head_json":{"title":"Existe-t-il un lien entre la physique quantique et la pens\u00e9e positive\u00a0? - 3e mill\u00e9naire - Spiritualit\u00e9 - Connaissance de soi - Non-dualit\u00e9 - M\u00e9ditation","robots":{"index":"index","follow":"follow","max-snippet":"max-snippet:-1","max-image-preview":"max-image-preview:large","max-video-preview":"max-video-preview:-1"},"canonical":"https:\/\/www.revue3emillenaire.com\/blog\/existe-t-il-un-lien-entre-la-physique-quantique-et-la-pensee-positive\/","og_locale":"fr_FR","og_type":"article","og_title":"Existe-t-il un lien entre la physique quantique et la pens\u00e9e positive\u00a0? - 3e mill\u00e9naire - Spiritualit\u00e9 - Connaissance de soi - Non-dualit\u00e9 - M\u00e9ditation","og_description":"Traduction libre Depuis plusieurs ann\u00e9es, un flot croissant de livres et de documentaires Nouvel \u00c2ge tente, au grand dam des critiques, d\u2019utiliser la th\u00e9orie quantique pour \u00ab\u00a0prouver\u00a0\u00bb que l\u2019esprit poss\u00e8de des pouvoirs causaux. Les enthousiastes affirment que les exp\u00e9riences quantiques d\u00e9montrent que la pr\u00e9sence ou la perspective d\u2019un observateur d\u00e9termine la nature des objets \u00e0 [&hellip;]","og_url":"https:\/\/www.revue3emillenaire.com\/blog\/existe-t-il-un-lien-entre-la-physique-quantique-et-la-pensee-positive\/","og_site_name":"3e mill\u00e9naire - Spiritualit\u00e9 - Connaissance de soi - Non-dualit\u00e9 - M\u00e9ditation","article_published_time":"2023-09-15T19:53:46+00:00","og_image":[{"width":1003,"height":531,"url":"https:\/\/www.revue3emillenaire.com\/blog\/wp-content\/uploads\/2023\/08\/Chayshro.jpg","type":"image\/jpeg"}],"author":"3e mill\u00e9naire","twitter_card":"summary_large_image","twitter_misc":{"\u00c9crit par":"3e mill\u00e9naire","Dur\u00e9e de lecture estim\u00e9e":"12 minutes"},"schema":{"@context":"https:\/\/schema.org","@graph":[{"@type":"Article","@id":"https:\/\/www.revue3emillenaire.com\/blog\/existe-t-il-un-lien-entre-la-physique-quantique-et-la-pensee-positive\/#article","isPartOf":{"@id":"https:\/\/www.revue3emillenaire.com\/blog\/existe-t-il-un-lien-entre-la-physique-quantique-et-la-pensee-positive\/"},"author":{"name":"3e mill\u00e9naire","@id":"https:\/\/www.revue3emillenaire.com\/blog\/#\/schema\/person\/b692dacff720a5344a6190bc714397eb"},"headline":"Existe-t-il un lien entre la physique quantique et la pens\u00e9e positive\u00a0?","datePublished":"2023-09-15T19:53:46+00:00","mainEntityOfPage":{"@id":"https:\/\/www.revue3emillenaire.com\/blog\/existe-t-il-un-lien-entre-la-physique-quantique-et-la-pensee-positive\/"},"wordCount":2718,"image":{"@id":"https:\/\/www.revue3emillenaire.com\/blog\/existe-t-il-un-lien-entre-la-physique-quantique-et-la-pensee-positive\/#primaryimage"},"thumbnailUrl":"https:\/\/www.revue3emillenaire.com\/blog\/wp-content\/uploads\/2023\/08\/Chayshro.jpg","keywords":["M\u00e9canique quantique","Microphysique","Pens\u00e9e Positive","Physique","science et conscience"],"articleSection":["Actualit\u00e9s"],"inLanguage":"fr-FR"},{"@type":"WebPage","@id":"https:\/\/www.revue3emillenaire.com\/blog\/existe-t-il-un-lien-entre-la-physique-quantique-et-la-pensee-positive\/","url":"https:\/\/www.revue3emillenaire.com\/blog\/existe-t-il-un-lien-entre-la-physique-quantique-et-la-pensee-positive\/","name":"Existe-t-il un lien entre la physique quantique et la pens\u00e9e positive\u00a0? - 3e mill\u00e9naire - Spiritualit\u00e9 - Connaissance de soi - Non-dualit\u00e9 - M\u00e9ditation","isPartOf":{"@id":"https:\/\/www.revue3emillenaire.com\/blog\/#website"},"primaryImageOfPage":{"@id":"https:\/\/www.revue3emillenaire.com\/blog\/existe-t-il-un-lien-entre-la-physique-quantique-et-la-pensee-positive\/#primaryimage"},"image":{"@id":"https:\/\/www.revue3emillenaire.com\/blog\/existe-t-il-un-lien-entre-la-physique-quantique-et-la-pensee-positive\/#primaryimage"},"thumbnailUrl":"https:\/\/www.revue3emillenaire.com\/blog\/wp-content\/uploads\/2023\/08\/Chayshro.jpg","datePublished":"2023-09-15T19:53:46+00:00","author":{"@id":"https:\/\/www.revue3emillenaire.com\/blog\/#\/schema\/person\/b692dacff720a5344a6190bc714397eb"},"breadcrumb":{"@id":"https:\/\/www.revue3emillenaire.com\/blog\/existe-t-il-un-lien-entre-la-physique-quantique-et-la-pensee-positive\/#breadcrumb"},"inLanguage":"fr-FR","potentialAction":[{"@type":"ReadAction","target":["https:\/\/www.revue3emillenaire.com\/blog\/existe-t-il-un-lien-entre-la-physique-quantique-et-la-pensee-positive\/"]}]},{"@type":"ImageObject","inLanguage":"fr-FR","@id":"https:\/\/www.revue3emillenaire.com\/blog\/existe-t-il-un-lien-entre-la-physique-quantique-et-la-pensee-positive\/#primaryimage","url":"https:\/\/www.revue3emillenaire.com\/blog\/wp-content\/uploads\/2023\/08\/Chayshro.jpg","contentUrl":"https:\/\/www.revue3emillenaire.com\/blog\/wp-content\/uploads\/2023\/08\/Chayshro.jpg","width":1003,"height":531},{"@type":"BreadcrumbList","@id":"https:\/\/www.revue3emillenaire.com\/blog\/existe-t-il-un-lien-entre-la-physique-quantique-et-la-pensee-positive\/#breadcrumb","itemListElement":[{"@type":"ListItem","position":1,"name":"Accueil","item":"https:\/\/www.revue3emillenaire.com\/blog\/"},{"@type":"ListItem","position":2,"name":"Existe-t-il un lien entre la physique quantique et la pens\u00e9e positive\u00a0?"}]},{"@type":"WebSite","@id":"https:\/\/www.revue3emillenaire.com\/blog\/#website","url":"https:\/\/www.revue3emillenaire.com\/blog\/","name":"3e mill\u00e9naire - Spiritualit\u00e9 - Connaissance de soi - Non-dualit\u00e9 - M\u00e9ditation","description":"L&#039;Homme en devenir","potentialAction":[{"@type":"SearchAction","target":{"@type":"EntryPoint","urlTemplate":"https:\/\/www.revue3emillenaire.com\/blog\/?s={search_term_string}"},"query-input":{"@type":"PropertyValueSpecification","valueRequired":true,"valueName":"search_term_string"}}],"inLanguage":"fr-FR"},{"@type":"Person","@id":"https:\/\/www.revue3emillenaire.com\/blog\/#\/schema\/person\/b692dacff720a5344a6190bc714397eb","name":"3e mill\u00e9naire","url":"https:\/\/www.revue3emillenaire.com\/blog\/author\/scoussa\/"}]}},"_links":{"self":[{"href":"https:\/\/www.revue3emillenaire.com\/blog\/wp-json\/wp\/v2\/posts\/19468","targetHints":{"allow":["GET"]}}],"collection":[{"href":"https:\/\/www.revue3emillenaire.com\/blog\/wp-json\/wp\/v2\/posts"}],"about":[{"href":"https:\/\/www.revue3emillenaire.com\/blog\/wp-json\/wp\/v2\/types\/post"}],"author":[{"embeddable":true,"href":"https:\/\/www.revue3emillenaire.com\/blog\/wp-json\/wp\/v2\/users\/2"}],"replies":[{"embeddable":true,"href":"https:\/\/www.revue3emillenaire.com\/blog\/wp-json\/wp\/v2\/comments?post=19468"}],"version-history":[{"count":0,"href":"https:\/\/www.revue3emillenaire.com\/blog\/wp-json\/wp\/v2\/posts\/19468\/revisions"}],"wp:featuredmedia":[{"embeddable":true,"href":"https:\/\/www.revue3emillenaire.com\/blog\/wp-json\/wp\/v2\/media\/19469"}],"wp:attachment":[{"href":"https:\/\/www.revue3emillenaire.com\/blog\/wp-json\/wp\/v2\/media?parent=19468"}],"wp:term":[{"taxonomy":"category","embeddable":true,"href":"https:\/\/www.revue3emillenaire.com\/blog\/wp-json\/wp\/v2\/categories?post=19468"},{"taxonomy":"post_tag","embeddable":true,"href":"https:\/\/www.revue3emillenaire.com\/blog\/wp-json\/wp\/v2\/tags?post=19468"}],"curies":[{"name":"wp","href":"https:\/\/api.w.org\/{rel}","templated":true}]}}