{"id":19472,"date":"2023-09-24T03:37:42","date_gmt":"2023-09-24T02:37:42","guid":{"rendered":"https:\/\/www.revue3emillenaire.com\/blog\/?p=19472"},"modified":"2023-09-24T03:37:42","modified_gmt":"2023-09-24T02:37:42","slug":"ecouter-sans-idees-toni-packer-et-notre-noyau-le-plus-intime-par-joan-tollifson","status":"publish","type":"post","link":"https:\/\/www.revue3emillenaire.com\/blog\/ecouter-sans-idees-toni-packer-et-notre-noyau-le-plus-intime-par-joan-tollifson\/","title":{"rendered":"\u00c9couter sans id\u00e9es. Toni Packer et notre noyau le plus intime par Joan Tollifson"},"content":{"rendered":"<p align=\"justify\"><i>Traduction libre<\/i><\/p>\n<p align=\"justify\">13 ao\u00fbt 2023<\/p>\n<p align=\"justify\"><span style=\"color: #000080;\"><u><a href=\"https:\/\/www.revue3emillenaire.com\/blog\/wp-content\/uploads\/2022\/04\/toni-packer.jpg\"><img loading=\"lazy\" decoding=\"async\" class=\"alignleft size-thumbnail wp-image-18915\" src=\"https:\/\/www.revue3emillenaire.com\/blog\/wp-content\/uploads\/2022\/04\/toni-packer-150x150.jpg\" alt=\"\" width=\"150\" height=\"150\" \/><\/a><a href=\"https:\/\/www.springwatercenter.org\/teachers\/toni-packer\/\" target=\"_blank\" rel=\"noopener\">Toni Packer<\/a><\/u><\/span> a \u00e9t\u00e9 ma principale enseignante, et c\u2019\u00e9tait une rare merveille. Elle parlait \u00e0 partir de la pr\u00e9sence, et l\u2019essence de ses discours \u00e9tait toujours cette pr\u00e9sence d\u2019\u00e9coute ouverte d\u2019o\u00f9 ils \u00e9mergeaient. Dans ce texte, je vais partager un extrait de l\u2019un de ses livres, suivi d\u2019un peu plus d\u2019informations sur elle et de quelques liens vers le Springwater Center et la cha\u00eene YouTube o\u00f9 vous pouvez trouver un tr\u00e9sor de conf\u00e9rences de Toni. Toni nous a toujours encourag\u00e9s \u00e0 regarder et \u00e0 \u00e9couter par nous-m\u00eames, \u00e0 ne rien croire sans l\u2019avoir test\u00e9 par nous-m\u00eames. Plut\u00f4t que de faire des affirmations, elle posait souvent des questions, nous invitant \u00e0 explorer et \u00e0 d\u00e9couvrir par nous-m\u00eames \u2014 et elle disait clairement que tout ce qu\u2019elle disait pouvait \u00eatre remis en question.<\/p>\n<p align=\"justify\">Ce qui suit est tir\u00e9 d\u2019un chapitre intitul\u00e9 \u00ab\u00a0<i>What Is My Innnermost Core?<\/i>\u00a0\u00bb (Quel est mon noyau le plus intime\u00a0?) du livre de Toni Packer <i>The Wonder of Presence<\/i> (<i>Le miracle de la pr\u00e9sence<\/i>)\u00a0:<\/p>\n<p style=\"padding-left: 80px;\" align=\"justify\">Est-ce l\u00e0 notre v\u00e9ritable \u00eatre \u2014 une pr\u00e9sence vivante, indivise, sans effort ni conflit\u00a0? Les mots que nous utilisons pour d\u00e9crire cela n\u2019ont pas d\u2019importance. Utilisez le mot qui vous semble le plus significatif et le plus intime. Parfois, nous disons simplement <i>\u00e9couter<\/i>, <i>respirer<\/i>, <i>gazouiller<\/i>, <i>pleuvoir<\/i>, <i>s\u2019\u00e9veiller<\/i>. \u00catre l\u00e0 simplement, c\u2019est tout\u00a0! Non en tant que \u00ab\u00a0quelqu\u2019un\u00a0\u00bb \u2014 un m\u00e9ditant accompli ou un m\u00e9ditant m\u00e9diocre, car tout cela n\u2019est que la pens\u00e9e, qui s\u00e9pare et divise continuellement\u2026<\/p>\n<p style=\"padding-left: 80px;\" align=\"justify\">Jusqu\u2019\u00e0 quel point l\u2019\u00e9coute actuelle peut-elle \u00eatre silencieuse, simple\u00a0? Qu\u2019il y ait un calme int\u00e9rieur ou une agitation bruyante, l\u2019\u00e9coute saine peut-elle \u00eatre silencieuse\u00a0? De plus en plus, calme, cela signifie de moins en moins de r\u00e9sistance \u00e0 ce qui est l\u00e0, moins de jugements, moins d\u2019opposition, moins de combats. La tranquillit\u00e9 consiste \u00e0 laisser tout appara\u00eetre dans la conscience tel que c\u2019est, qu\u2019il s\u2019agisse de fantasmes, de projets d\u2019avenir ou d\u2019inqui\u00e9tudes concernant le pass\u00e9, qu\u2019il s\u2019agisse de douleur ou de plaisir, ou d\u2019un \u00e9claircissement inattendu de l\u2019esprit\u2026<\/p>\n<p style=\"padding-left: 80px;\" align=\"justify\">En \u00e9tant ici et maintenant, est-il normal de ne pas savoir ce que je suis \u2014 ce que je suis, o\u00f9 je vais, ce que je ressens\u00a0? Que suis-je sans penser \u00e0 moi, sans mots et sans images, sans identit\u00e9s\u00a0? C\u2019est un soulagement indescriptible de r\u00e9aliser que je n\u2019ai pas besoin de savoir quoi que ce soit \u00e0 propos de moi, de ce moment o\u00f9 je suis ici, tranquillement\u00a0!<\/p>\n<p style=\"padding-left: 80px;\" align=\"justify\">Tout ce qui se passe se passe tout seul. Le cerveau fonctionne selon ses programmes en cours, reconnaissant, nommant, associant, comparant, interpr\u00e9tant, r\u00e9agissant. Il n\u2019y a pas de moi en train de faire cela \u2014 cela se produit tout simplement. Cela peut-il devenir clairement transparent dans la conscience sans choix\u00a0?<\/p>\n<p style=\"padding-left: 80px;\" align=\"justify\">En ce moment, Il y a juste l\u2019\u00e9coute et se demander si le fait de penser \u00e0 propos de moi-m\u00eame doit continuer ce moment d\u2019\u00eatre. Il n\u2019est pas n\u00e9cessaire de dire que la r\u00e9flexion \u00e0 propos de moi-m\u00eame ne doit pas avoir lieu. Quand c\u2019est en cours, c\u2019est en cours, consciemment ou inconsciemment. Pour l\u2019instant, il y a audition des mots et \u00e9coute ouverte entre les mots. Juste l\u2019\u00e9coute, l\u2019immobilit\u00e9, maintenant. Avons-nous besoin de savoir ce qu\u2019est n\u2019importe quelle chose\u00a0?<\/p>\n<p style=\"padding-left: 80px;\" align=\"justify\">L\u2019obscurit\u00e9 de l\u2019ignorance est ant\u00e9rieure \u00e0 la connaissance. C\u2019est l\u2019\u00eatre avant le savoir. Tout ce qui se passe habituellement, peut-il simplement aller et venir dans une conscience sans jugement\u00a0?<\/p>\n<p style=\"padding-left: 80px;\" align=\"justify\">C\u2019est une d\u00e9couverte \u00e9tonnante\u00a0: moins nous en savons, plus les choses ont l\u2019air fra\u00eeches\u00a0! Lorsque nous pensons conna\u00eetre la fleur, nous ne la regardons pas vraiment \u2014 l\u2019esprit est pris dans la fausse certitude qu\u2019il conna\u00eet les marguerites et ne peut donc pas contempler l\u2019\u00e9merveillement de cette petite fleur \u00e0 p\u00e9tales blancs avec un point jaune vif \u00e0 l\u2019int\u00e9rieur. Le cerveau qui sait ne voit que l\u2019image d\u2019une marguerite\u2026<\/p>\n<p style=\"padding-left: 80px;\" align=\"justify\">Lorsque l\u2019on essaie d\u2019atteindre le noyau le plus profond de tout cela, on ne le trouve pas. Tout ce que l\u2019on trouve, c\u2019est un r\u00e9seau complexe d\u2019id\u00e9es, d\u2019images et de souvenirs qui s\u2019accrochent \u00e0 des sensations et des \u00e9motions d\u00e9rangeantes qui crient leur douleur et leur col\u00e8re et cherchent \u00e0 se prot\u00e9ger. Existe-t-il un noyau intime au-del\u00e0 de tout cela\u00a0?<\/p>\n<p style=\"padding-left: 80px;\" align=\"justify\">\u00c0 nouveau, pouvons-nous commencer par ne pas savoir\u00a0? Pouvons-nous nous enqu\u00e9rir hors de l\u2019obscurit\u00e9 de l\u2019ignorance\u00a0? Dans l\u2019obscurit\u00e9 de l\u2019ignorance\u00a0? S\u2019informer ne signifie pas r\u00e9p\u00e9ter une question. Questionner signifie ici\u00a0: \u00ab\u00a0Je ne sais vraiment pas. Tout ce que je sais, c\u2019est ce dont je me souviens du pass\u00e9, de mes lectures ou de ce que d\u2019autres personnes ont dit\u00a0\u00bb. Quel est le noyau le plus profond de moi-m\u00eame, en ce moment m\u00eame\u00a0?<\/p>\n<p style=\"padding-left: 80px;\" align=\"justify\">L\u2019interrogation silencieuse est confront\u00e9e \u00e0 une question \u00e0 laquelle on ne peut pas r\u00e9pondre. Tout ce qui vient au cerveau du chercheur est ce qu\u2019il sait d\u00e9j\u00e0 \u2014 des id\u00e9es sur l\u2019\u00e2me, des concepts sur l\u2019\u00e9tincelle de Dieu en moi, la croyance en une essence divine, l\u2019atman, un Bouddha dans mon ventre, ou quoi que ce soit d\u2019autre. Maintenant, je ne sais m\u00eame pas s\u2019il existe une chose telle que \u00ab\u00a0l\u2019int\u00e9rieur\u00a0\u00bb ou un \u00ab\u00a0noyau le plus profond\u00a0\u00bb \u2014 cela aussi est consid\u00e9r\u00e9 comme des concepts\u00a0! Est-il possible de s\u2019interroger tranquillement, d\u2019\u00e9couter, sans aucune id\u00e9e\u00a0?<\/p>\n<p style=\"padding-left: 80px;\" align=\"justify\">L\u2019espace d\u2019\u00e9coute sans savoir est ouvert, libre, non divis\u00e9 par la pens\u00e9e. Il y a des oiseaux qui gazouillent, un ventilateur qui vrombit, des gens qui respirent, qui toussent \u2014 une \u00e9nergie palpitante qui n\u2019est pas confin\u00e9e dans la peau. Personne n\u2019est s\u00e9par\u00e9 de tout cela, rien n\u2019a besoin d\u2019\u00eatre exclu ou enferm\u00e9. Il n\u2019y a pas d\u2019int\u00e9rieur ni d\u2019ext\u00e9rieur ici\u00a0! Une vibrante vivacit\u00e9 sans fronti\u00e8res, une \u00e9treinte d\u2019amour.<\/p>\n<p style=\"padding-left: 80px;\" align=\"justify\">\u2014\u00a0Toni Packer, extrait de <i>The Wonder of Presence and the Way of Meditative Inquiry<\/i>, publi\u00e9 par Shambhala, 2002.<\/p>\n<p align=\"justify\">Toni \u00e9tait une enseignante zen qui a abandonn\u00e9 la tradition pour travailler d\u2019une mani\u00e8re plus simple et plus ouverte. Son approche globale, qu\u2019elle appelait \u00ab\u00a0le travail de ce moment\u00a0\u00bb ou \u00ab\u00a0l\u2019enqu\u00eate m\u00e9ditative\u00a0\u00bb, consiste \u00e0 rencontrer tout ce qui est l\u00e0 avec une curiosit\u00e9 sans jugement, \u00e0 voir \u00e0 travers les pens\u00e9es et les histoires qui dirigent si souvent nos vies, et \u00e0 parvenir \u00e0 \u00ab\u00a0un silence int\u00e9rieur\/ext\u00e9rieur, une tranquillit\u00e9, un espace dans lequel il n\u2019y a pas de sens de s\u00e9paration ou de limitation, ext\u00e9rieure ou int\u00e9rieure\u00a0\u00bb. Toni consid\u00e9rait les r\u00f4les d\u2019\u00ab\u00a0enseignant\u00a0\u00bb et d\u2019\u00ab\u00a0\u00e9l\u00e8ve\u00a0\u00bb comme une entrave \u00e0 la libert\u00e9 d\u2019une recherche ouverte, et elle s\u2019est toujours consid\u00e9r\u00e9e comme une amie et une compagne d\u2019exploration. Son travail est empreint d\u2019une d\u00e9licate subtilit\u00e9 et d\u2019une grande libert\u00e9, combin\u00e9es \u00e0 une capacit\u00e9 implacable \u00e0 trancher toute forme d\u2019auto-illusion.<\/p>\n<p align=\"justify\">Toni a grandi en Allemagne, \u00e0 moiti\u00e9 juive, pendant l\u2019ascension et le r\u00e8gne d\u2019Hitler. La ville o\u00f9 elle vivait a \u00e9t\u00e9 bombard\u00e9e pendant la guerre et sa famille risquait constamment d\u2019\u00eatre envoy\u00e9e dans un camp de concentration. Vivre dans une atmosph\u00e8re de guerre, de pers\u00e9cution, d\u2019incertitude et d\u2019atrocit\u00e9s a pouss\u00e9 Toni \u00e0 une profonde remise en question de la vie.<\/p>\n<p align=\"justify\">Apr\u00e8s la guerre, elle a \u00e9pous\u00e9 un Am\u00e9ricain et a finalement commenc\u00e9 \u00e0 pratiquer le zen au centre zen de Rochester. Elle aurait probablement \u00e9t\u00e9 la premi\u00e8re successeur dharmique de Philip Kapleau si elle n\u2019avait pas commenc\u00e9 \u00e0 remettre en question les aspects traditionnels du zen\u00a0: le rituel, la hi\u00e9rarchie, l\u2019autorit\u00e9, les dogmes. En m\u00eame temps, elle rencontra J.\u00a0Krishnamurti, assista \u00e0 plusieurs de ses discours, et il valida, renfor\u00e7a et ouvrit davantage ce qu\u2019elle avait d\u00e9couvert elle-m\u00eame. Elle quitta le Centre Zen en 1982 et, avec ses \u00e9tudiants (ou ses amis, comme elle pr\u00e9f\u00e9rait), fonda ce qui est devenu le <i>Springwater Center for Meditative Inquiry and Retreats<\/i> dans la campagne du nord-ouest de l\u2019\u00c9tat de New York.<\/p>\n<p align=\"justify\">Je l\u2019ai rencontr\u00e9e \u00e0 la fin des ann\u00e9es\u00a080 et j\u2019ai fait partie du personnel de Springwater jusqu\u2019au milieu des ann\u00e9es\u00a090. Toni et moi sommes rest\u00e9s en contact jusqu\u2019\u00e0 sa mort en 2013, \u00e0 l\u2019\u00e2ge de 86\u00a0ans. Mon premier livre, <span style=\"color: #000080;\"><u><a href=\"https:\/\/www.joantollifson.com\/books-bare-bones-meditation.html\" target=\"_blank\" rel=\"noopener\"><i>Bare-Bones Meditation\u00a0: Waking Up from the Story of My Life<\/i><\/a><\/u><\/span>, publi\u00e9 en 1996, parle en grande partie de mon s\u00e9jour \u00e0 Springwater et de mon travail avec Toni.<\/p>\n<p align=\"justify\">Il existe un tr\u00e9sor de conf\u00e9rences de Toni, principalement en audio, mais aussi en vid\u00e9o, sur <span style=\"color: #000080;\"><u><a href=\"https:\/\/www.youtube.com\/@SpringwaterCenter\/playlists\" target=\"_blank\" rel=\"noopener\">la cha\u00eene YouTube de Springwater<\/a><\/u><\/span>. Vous pouvez entendre certaines de ses toutes premi\u00e8res conf\u00e9rences, qui utilisaient encore des koans zen, et je dirais que le z\u00e9nith de sa carri\u00e8re d\u2019enseignante se situe en gros entre la seconde moiti\u00e9 des ann\u00e9es\u00a01980 et le tout d\u00e9but des ann\u00e9es\u00a02000. Ses derni\u00e8res conf\u00e9rences sont \u00e9galement magnifiques et profondes, mais elle a pass\u00e9 les dix derni\u00e8res ann\u00e9es de sa vie \u00e0 d\u00e9cliner physiquement, \u00e0 vivre avec de graves douleurs chroniques et une perte croissante de mobilit\u00e9, \u00e0 prendre des m\u00e9dicaments et \u00e0 \u00eatre alit\u00e9e la plupart du temps pendant ses derni\u00e8res ann\u00e9es. Vous trouverez \u00e9galement sur la cha\u00eene des conf\u00e9rences donn\u00e9es par les enseignants actuels de Springwater, ainsi qu\u2019une interview que j\u2019ai r\u00e9alis\u00e9e avec Toni et l\u2019histoire de sa vie en photos.<\/p>\n<p align=\"justify\"><span style=\"color: #000080;\"><u><a href=\"https:\/\/www.springwatercenter.org\/\" target=\"_blank\" rel=\"noopener\">Le Springwater Center<\/a><\/u><\/span> est bien vivant et huit personnes qui ont travaill\u00e9 avec Toni poursuivent le travail. C\u2019est un endroit merveilleux pour les retraites silencieuses (le programme est toujours facultatif, il n\u2019y a pas de m\u00e9thode ni de rituel, il y a de nombreuses chaises et m\u00eame des fauteuils et des fauteuils inclinables en plus des coussins de m\u00e9ditation, et l\u2019approche est ouverte et exploratoire). Vous pouvez \u00e9galement vous y rendre et faire une retraite personnelle ou simplement \u00eatre un invit\u00e9 ou un b\u00e9n\u00e9vole. Il y a parfois des postes \u00e0 pourvoir au sein du personnel.<\/p>\n<p align=\"justify\">Toni a \u00e9crit cinq livres, tous excellents, mais j\u2019en recommande tout particuli\u00e8rement\u00a0: <i>The Wonder of Presence<\/i> (Le miracle de la pr\u00e9sence), <i>The Light of Discovery<\/i> (La lumi\u00e8re de la d\u00e9couverte, qui comprend une pr\u00e9face de ma part et une interview de Toni) et <i>The Silent Question<\/i> (La question silencieuse)\u00a0: <i>Meditating in the Stillness of Not-Knowing<\/i> (son dernier livre).<\/p>\n<p align=\"justify\">Je recommande vivement les conf\u00e9rences et les livres de Toni, ainsi que le Springwater Center et les enseignants qui y poursuivent son travail (m\u00eame si, comme moi et comme Toni, ils pr\u00e9f\u00e8rent ne pas \u00eatre appel\u00e9s enseignants, bien qu\u2019ils utilisent le mot en \u00ab\u00a0t\u00a0\u00bb [t pour teacher] sur le site web).<\/p>\n<p align=\"justify\">Tout cela pour l\u2019instant. Je vous embrasse tous.<\/p>\n<p align=\"justify\">Texte original\u00a0: <span style=\"color: #000080;\"><u><a href=\"https:\/\/joantollifson.substack.com\/p\/listening-without-ideas\" target=\"_blank\" rel=\"noopener\">https:\/\/joantollifson.substack.com\/p\/listening-without-ideas<\/a><\/u><\/span><\/p>\n<p style=\"text-align: center;\" align=\"justify\">____________________________<\/p>\n<p class=\"western\" align=\"justify\"><strong><span style=\"color: #000080;\"><span style=\"font-family: Times New Roman, serif;\"><span style=\"font-size: medium;\">Deux recommandations. Une vision claire \u00e9mergeant de la pr\u00e9sence par Joan Tollifson<\/span><\/span><\/span><\/strong><\/p>\n<p class=\"western\" align=\"justify\"><i>Traduction libre<\/i><\/p>\n<p class=\"western\" align=\"justify\">24\u00a0ao\u00fbt 2023<\/p>\n<blockquote class=\"western\"><p><em>D\u00e8s que vous entrez dans le moment pr\u00e9sent avec votre attention, vous r\u00e9alisez que la vie est sacr\u00e9e. Il y a un caract\u00e8re sacr\u00e9 dans tout ce que vous percevez lorsque vous \u00eates pr\u00e9sent\u2026 Il y a une vivacit\u00e9 en vous que vous pouvez ressentir de tout votre \u00eatre\u2026<\/em><\/p><\/blockquote>\n<blockquote class=\"western\"><p>\u2013\u00a0Eckhart <em>Tolle <\/em><\/p><\/blockquote>\n<p class=\"western\" align=\"justify\">Dans un r\u00e9cent Substack (<span style=\"color: #000080;\"><u><a href=\"https:\/\/joantollifson.substack.com\/p\/listening-without-ideas\" target=\"_blank\" rel=\"noopener\"><i>Listening without Ideas<\/i><\/a><\/u><\/span><em>, <\/em><em>13<\/em>\/08\/23; <strong>voir plus haut<\/strong>), j\u2019ai partag\u00e9 quelques \u00e9crits de mon amie et enseignante Toni Packer, ainsi que des informations sur elle et sur le Springwater Center et la cha\u00eene YouTube o\u00f9 vous pouvez trouver ses conf\u00e9rences.<\/p>\n<p class=\"western\" align=\"justify\">Eckhart Tolle est un autre enseignant qui parle \u00e0 partir de la pr\u00e9sence et dont j\u2019aime et recommande vivement le travail. Je consid\u00e8re Eckhart comme l\u2019un des enseignants contemporains les plus clairs et les plus accessibles. On peut sentir la pr\u00e9sence et le calme lorsqu\u2019il parle et dans les pages de ses livres, et son enseignement est tr\u00e8s similaire, dans son essence, \u00e0 celui de Toni Packer. Il a \u00e9galement un charmant sens de l\u2019humour et une belle fa\u00e7on d\u2019imiter et de se moquer gentiment et avec amour de l\u2019esprit \u00e9go\u00efste et pensif.<\/p>\n<p class=\"western\" align=\"justify\">Je tiens particuli\u00e8rement \u00e0 recommander deux de mes vieux favoris, tous deux en vid\u00e9o\u00a0: (1) les vid\u00e9os d\u2019une retraite qu\u2019Eckhart a donn\u00e9e imm\u00e9diatement apr\u00e8s le 11\u00a0septembre, et (2) un excellent film dans lequel il parle avec un jeune homme. Voici une description de chaque vid\u00e9o et o\u00f9 les trouver\u00a0:<\/p>\n<h3 class=\"western\" align=\"justify\"><span style=\"font-family: Times New Roman, serif;\"><span style=\"font-size: medium;\">La retraite apr\u00e8s le 11\u00a0septembre\u00a0:<\/span><\/span><\/h3>\n<p class=\"western\" align=\"justify\">R\u00e9cemment, j\u2019ai \u00e9t\u00e9 ravie de d\u00e9couvrir, gratuitement sur YouTube, les vid\u00e9os de huit conf\u00e9rences donn\u00e9es par Eckhart lors d\u2019une retraite au centre Omega, \u00e0 New York, en 2001, quelques jours seulement apr\u00e8s les attentats du 11\u00a0septembre 2001. Ces conf\u00e9rences sont immens\u00e9ment puissantes, en partie \u00e0 cause de la situation tr\u00e8s tendue de l\u2019\u00e9poque. J\u2019ai re\u00e7u les cassettes vid\u00e9o de ces entretiens peu apr\u00e8s cette retraite en 2001 et j\u2019en ai \u00e9t\u00e9 profond\u00e9ment \u00e9mue. \u00c0 un moment donn\u00e9, j\u2019ai transmis les cassettes \u00e0 quelqu\u2019un d\u2019autre, puis la vid\u00e9o elle-m\u00eame a disparu dans l\u2019histoire.<\/p>\n<p class=\"western\" align=\"justify\">J\u2019ai donc \u00e9t\u00e9 ravie de d\u00e9couvrir qu\u2019ils sont disponibles sur la <span style=\"color: #000080;\"><u><a href=\"https:\/\/www.youtube.com\/@NamastePublishing\/videos\" target=\"_blank\" rel=\"noopener\">cha\u00eene YouTube de<\/a><\/u><\/span> Namaste Publishing. Ils y sont pr\u00e9sent\u00e9s dans le d\u00e9sordre, mais il est facile de s\u2019y retrouver. Il est pr\u00e9f\u00e9rable de les \u00e9couter dans l\u2019ordre.<\/p>\n<p class=\"western\" align=\"justify\">La qualit\u00e9 de la vid\u00e9o est loin d\u2019\u00eatre parfaite, mais je pr\u00e9f\u00e9rais le style vid\u00e9o plus simple de l\u2019\u00e9poque, o\u00f9 il n\u2019y avait qu\u2019une seule cam\u00e9ra, simplement pos\u00e9e sur Eckhart, pour que vous puissiez vraiment entrer profond\u00e9ment dans ce qu\u2019il dit. (Je ne suis pas une enthousiaste du style vid\u00e9o plus charg\u00e9 qui a \u00e9volu\u00e9 au cours des ann\u00e9es suivantes, avec des vues multiples et changeantes de l\u2019orateur entrecoup\u00e9es de vues de l\u2019auditoire, ce qui, \u00e0 mon avis, d\u00e9tournait l\u2019attention de la tranquillit\u00e9 et de l\u2019\u00e9coute profonde).<\/p>\n<p class=\"western\" align=\"justify\">Ces conf\u00e9rences sont \u00e9galement disponibles \u00e0 l\u2019achat en version audio uniquement sur <span style=\"color: #000080;\"><u><a href=\"https:\/\/shop.eckharttolle.com\/collections\/cds\/products\/sustaining-presence-in-the-face-of-catastrophe\" target=\"_blank\" rel=\"noopener\">le site web d\u2019Eckhart Tolle<\/a><\/u><\/span> sous le titre \u00ab\u00a0<em>Sustaining Presence in the Face of Catastrophe\u00a0\u00bb (Soutenir la pr\u00e9sence face \u00e0 la catastrophe).<\/em> Mais comme il utilise beaucoup les expressions faciales et les gestes, les vid\u00e9os sont bien meilleures \u00e0 mon avis, et en plus elles sont gratuites. Je les recommande vivement.<\/p>\n<h3 class=\"western\" align=\"justify\"><span style=\"font-family: Times New Roman, serif;\"><span style=\"font-size: medium;\">Le film avec le jeune homme\u00a0:<\/span><\/span><\/h3>\n<p class=\"western\" align=\"justify\">On peut \u00e9galement trouver sur YouTube un excellent film d\u2019ET r\u00e9alis\u00e9 il y a quelque temps et que j\u2019ai trouv\u00e9 tout \u00e0 fait merveilleux, dans lequel un jeune homme vient poser des questions \u00e0 Eckhart. Pendant les quinze premi\u00e8res minutes environ, ils discutent assis au bord de l\u2019eau avec Kim Eng, la partenaire d\u2019Eckhart, mais ils se rendent bient\u00f4t dans la maison d\u2019Eckhart et il n\u2019y a plus qu\u2019Eckhart et le jeune homme pendant la majeure partie du film, et Eckhart parle presque tout seul et est vraiment en pleine forme. La qualit\u00e9 vid\u00e9o n\u2019est pas excellente, et il y a un petit probl\u00e8me de montage o\u00f9 quelque chose que le jeune homme dit \u00e0 propos de la culpabilit\u00e9 est accidentellement r\u00e9p\u00e9t\u00e9, mais l\u2019erreur se r\u00e9sout rapidement. Tr\u00e8s fortement recommand\u00e9\u00a0:<\/p>\n<p><iframe loading=\"lazy\" title=\"Eckhart Teaches a Young Man - Full Length Movie\" src=\"https:\/\/www.youtube.com\/embed\/eGH6sdODcOw\" width=\"728\" height=\"410\" frameborder=\"0\" allowfullscreen=\"allowfullscreen\"><\/iframe><\/p>\n<p class=\"western\" align=\"justify\">Je recommande \u00e9galement vivement les livres d\u2019Eckhart\u00a0: <b>Le pouvoir du moment pr\u00e9sent<\/b><strong>\u00a0; Nouvelle terre\u00a0; L\u2019art du calme int\u00e9rieur\u00a0; Mettre en pratique le pouvoir du moment pr\u00e9sent,\u00a0etc.<\/strong><\/p>\n<p class=\"western\" align=\"justify\">Pour en savoir plus sur Eckhart, consultez <span style=\"color: #000080;\"><u><a href=\"https:\/\/eckharttolle.com\/\" target=\"_blank\" rel=\"noopener\">son site web<\/a><\/u><\/span>.<\/p>\n<p class=\"western\" align=\"justify\">Enfin, pour ceux qui ne l\u2019ont pas encore d\u00e9couvert, j\u2019ai une <span style=\"color: #000080;\"><u><a href=\"https:\/\/www.joantollifson.com\/recommend.html\">liste annot\u00e9e<\/a><\/u><\/span> de livres et d\u2019auteurs recommand\u00e9s sur mon site web, ainsi qu\u2019une <span style=\"color: #000080;\"><u><a href=\"https:\/\/www.joantollifson.com\/videos.html\" target=\"_blank\" rel=\"noopener\">page audio\/vid\u00e9o<\/a><\/u><\/span> sur mon site web avec des liens vers tous mes propres enregistrements audio et vid\u00e9o et une <span style=\"color: #000080;\"><u><a href=\"https:\/\/www.joantollifson.com\/books-joan-tollifson.html\" target=\"_blank\" rel=\"noopener\">page livres<\/a><\/u><\/span> d\u00e9crivant mes cinq propres livres.<\/p>\n<p class=\"western\" align=\"justify\"><strong>Comme je le dis dans l\u2019introduction de la page des livres recommand\u00e9s de mon site web\u00a0:<\/strong> Il s\u2019agit de quelques livres, \u00e9crivains et conf\u00e9renciers que j\u2019ai appr\u00e9ci\u00e9s, avec lesquels j\u2019ai \u00e9t\u00e9 en r\u00e9sonance et\/ou que j\u2019ai trouv\u00e9s utiles au cours de nombreuses ann\u00e9es. Je ne cautionne pas tous les mots prononc\u00e9s ou \u00e9crits par les auteurs que j\u2019ai inclus ici (y compris Joan Tollifson, dont on sait qu\u2019elle change d\u2019avis). J\u2019ai lu certains de ces auteurs il y a plusieurs dizaines d\u2019ann\u00e9es, et il se peut que je voie leurs livres diff\u00e9remment aujourd\u2019hui.<\/p>\n<p class=\"western\" align=\"justify\">Parfois, lorsque je reviens \u00e0 un livre, je l\u2019entends d\u2019une toute nouvelle mani\u00e8re. En fait, nous ne lisons jamais deux fois le m\u00eame livre, pas plus que nous ne remontons deux fois la m\u00eame rivi\u00e8re ou que nous ne sommes la m\u00eame personne d\u2019un instant \u00e0 l\u2019autre. Le mot imprim\u00e9 peut sembler fig\u00e9, mais il ne l\u2019est pas vraiment. Il est vivant, et la lecture est une sorte de danse entre le lecteur et le texte.<\/p>\n<p class=\"western\" align=\"justify\">Cette liste comprend des livres qui ont des points de vue diff\u00e9rents et qui, dans de nombreux cas, peuvent sembler se contredire. Qui a raison\u00a0? Que faut-il croire\u00a0? Aucun mot ou concept ne peut rendre compte de la r\u00e9alit\u00e9. Les cartes sont utiles, mais elles ne peuvent que d\u00e9crire et indiquer le territoire lui-m\u00eame, qui est vivant et en constante \u00e9volution, et qui peut \u00eatre vu de nombreuses fa\u00e7ons diff\u00e9rentes. C\u2019est en mangeant que l\u2019on se nourrit, pas en lisant le menu. Prenez ce qui r\u00e9sonne et laissez le reste derri\u00e8re vous. Ne croyez pas tout ce que vous lisez, mais questionnez, regardez, \u00e9coutez, ressentez et voyez par vous-m\u00eame. Soyez toujours pr\u00eat \u00e0 remettre en question vos conclusions et \u00e0 voir quelque chose de nouveau et d\u2019inattendu.<\/p>\n<p class=\"western\" align=\"justify\"><span style=\"color: #000080;\"><u>Texte original\u00a0: <a href=\"https:\/\/joantollifson.substack.com\/p\/two-recommendations\" target=\"_blank\" rel=\"noopener\">https:\/\/joantollifson.substack.com\/p\/two-recommendations<\/a><\/u><\/span><\/p>\n","protected":false},"excerpt":{"rendered":"<p>Traduction libre 13 ao\u00fbt 2023 Toni Packer a \u00e9t\u00e9 ma principale enseignante, et c\u2019\u00e9tait une rare merveille. Elle parlait \u00e0 partir de la pr\u00e9sence, et l\u2019essence de ses discours \u00e9tait toujours cette pr\u00e9sence d\u2019\u00e9coute ouverte d\u2019o\u00f9 ils \u00e9mergeaient. Dans ce texte, je vais partager un extrait de l\u2019un de ses livres, suivi d\u2019un peu plus [&hellip;]<\/p>\n","protected":false},"author":2,"featured_media":18434,"comment_status":"closed","ping_status":"closed","sticky":false,"template":"","format":"standard","meta":{"footnotes":""},"categories":[1558],"tags":[136,8],"class_list":["post-19472","post","type-post","status-publish","format-standard","has-post-thumbnail","hentry","category-tollifson-joan","tag-connaissance-de-soi","tag-non-dualite"],"yoast_head":"<!-- This site is optimized with the Yoast SEO plugin v27.0 - https:\/\/yoast.com\/product\/yoast-seo-wordpress\/ -->\n<title>\u00c9couter sans id\u00e9es. Toni Packer et notre noyau le plus intime par Joan Tollifson - 3e mill\u00e9naire - Spiritualit\u00e9 - Connaissance de soi - Non-dualit\u00e9 - M\u00e9ditation<\/title>\n<meta name=\"robots\" content=\"index, follow, max-snippet:-1, max-image-preview:large, max-video-preview:-1\" \/>\n<link rel=\"canonical\" href=\"https:\/\/www.revue3emillenaire.com\/blog\/ecouter-sans-idees-toni-packer-et-notre-noyau-le-plus-intime-par-joan-tollifson\/\" \/>\n<meta property=\"og:locale\" content=\"fr_FR\" \/>\n<meta property=\"og:type\" content=\"article\" \/>\n<meta property=\"og:title\" content=\"\u00c9couter sans id\u00e9es. Toni Packer et notre noyau le plus intime par Joan Tollifson - 3e mill\u00e9naire - Spiritualit\u00e9 - Connaissance de soi - Non-dualit\u00e9 - M\u00e9ditation\" \/>\n<meta property=\"og:description\" content=\"Traduction libre 13 ao\u00fbt 2023 Toni Packer a \u00e9t\u00e9 ma principale enseignante, et c\u2019\u00e9tait une rare merveille. Elle parlait \u00e0 partir de la pr\u00e9sence, et l\u2019essence de ses discours \u00e9tait toujours cette pr\u00e9sence d\u2019\u00e9coute ouverte d\u2019o\u00f9 ils \u00e9mergeaient. Dans ce texte, je vais partager un extrait de l\u2019un de ses livres, suivi d\u2019un peu plus [&hellip;]\" \/>\n<meta property=\"og:url\" content=\"https:\/\/www.revue3emillenaire.com\/blog\/ecouter-sans-idees-toni-packer-et-notre-noyau-le-plus-intime-par-joan-tollifson\/\" \/>\n<meta property=\"og:site_name\" content=\"3e mill\u00e9naire - Spiritualit\u00e9 - Connaissance de soi - Non-dualit\u00e9 - M\u00e9ditation\" \/>\n<meta property=\"article:published_time\" content=\"2023-09-24T02:37:42+00:00\" \/>\n<meta property=\"og:image\" content=\"https:\/\/www.revue3emillenaire.com\/blog\/wp-content\/uploads\/2021\/05\/Joan-Tollifson.jpg\" \/>\n\t<meta property=\"og:image:width\" content=\"230\" \/>\n\t<meta property=\"og:image:height\" content=\"258\" \/>\n\t<meta property=\"og:image:type\" content=\"image\/jpeg\" \/>\n<meta name=\"author\" content=\"3e mill\u00e9naire\" \/>\n<meta name=\"twitter:card\" content=\"summary_large_image\" \/>\n<meta name=\"twitter:label1\" content=\"\u00c9crit par\" \/>\n\t<meta name=\"twitter:data1\" content=\"3e mill\u00e9naire\" \/>\n\t<meta name=\"twitter:label2\" content=\"Dur\u00e9e de lecture estim\u00e9e\" \/>\n\t<meta name=\"twitter:data2\" content=\"15 minutes\" \/>\n<script type=\"application\/ld+json\" class=\"yoast-schema-graph\">{\"@context\":\"https:\/\/schema.org\",\"@graph\":[{\"@type\":\"Article\",\"@id\":\"https:\/\/www.revue3emillenaire.com\/blog\/ecouter-sans-idees-toni-packer-et-notre-noyau-le-plus-intime-par-joan-tollifson\/#article\",\"isPartOf\":{\"@id\":\"https:\/\/www.revue3emillenaire.com\/blog\/ecouter-sans-idees-toni-packer-et-notre-noyau-le-plus-intime-par-joan-tollifson\/\"},\"author\":{\"name\":\"3e mill\u00e9naire\",\"@id\":\"https:\/\/www.revue3emillenaire.com\/blog\/#\/schema\/person\/b692dacff720a5344a6190bc714397eb\"},\"headline\":\"\u00c9couter sans id\u00e9es. Toni Packer et notre noyau le plus intime par Joan Tollifson\",\"datePublished\":\"2023-09-24T02:37:42+00:00\",\"mainEntityOfPage\":{\"@id\":\"https:\/\/www.revue3emillenaire.com\/blog\/ecouter-sans-idees-toni-packer-et-notre-noyau-le-plus-intime-par-joan-tollifson\/\"},\"wordCount\":3126,\"image\":{\"@id\":\"https:\/\/www.revue3emillenaire.com\/blog\/ecouter-sans-idees-toni-packer-et-notre-noyau-le-plus-intime-par-joan-tollifson\/#primaryimage\"},\"thumbnailUrl\":\"https:\/\/www.revue3emillenaire.com\/blog\/wp-content\/uploads\/2021\/05\/Joan-Tollifson.jpg\",\"keywords\":[\"connaissance de soi\",\"Non-dualit\u00e9\"],\"articleSection\":[\"Tollifson Joan\"],\"inLanguage\":\"fr-FR\"},{\"@type\":\"WebPage\",\"@id\":\"https:\/\/www.revue3emillenaire.com\/blog\/ecouter-sans-idees-toni-packer-et-notre-noyau-le-plus-intime-par-joan-tollifson\/\",\"url\":\"https:\/\/www.revue3emillenaire.com\/blog\/ecouter-sans-idees-toni-packer-et-notre-noyau-le-plus-intime-par-joan-tollifson\/\",\"name\":\"\u00c9couter sans id\u00e9es. Toni Packer et notre noyau le plus intime par Joan Tollifson - 3e mill\u00e9naire - Spiritualit\u00e9 - Connaissance de soi - Non-dualit\u00e9 - M\u00e9ditation\",\"isPartOf\":{\"@id\":\"https:\/\/www.revue3emillenaire.com\/blog\/#website\"},\"primaryImageOfPage\":{\"@id\":\"https:\/\/www.revue3emillenaire.com\/blog\/ecouter-sans-idees-toni-packer-et-notre-noyau-le-plus-intime-par-joan-tollifson\/#primaryimage\"},\"image\":{\"@id\":\"https:\/\/www.revue3emillenaire.com\/blog\/ecouter-sans-idees-toni-packer-et-notre-noyau-le-plus-intime-par-joan-tollifson\/#primaryimage\"},\"thumbnailUrl\":\"https:\/\/www.revue3emillenaire.com\/blog\/wp-content\/uploads\/2021\/05\/Joan-Tollifson.jpg\",\"datePublished\":\"2023-09-24T02:37:42+00:00\",\"author\":{\"@id\":\"https:\/\/www.revue3emillenaire.com\/blog\/#\/schema\/person\/b692dacff720a5344a6190bc714397eb\"},\"breadcrumb\":{\"@id\":\"https:\/\/www.revue3emillenaire.com\/blog\/ecouter-sans-idees-toni-packer-et-notre-noyau-le-plus-intime-par-joan-tollifson\/#breadcrumb\"},\"inLanguage\":\"fr-FR\",\"potentialAction\":[{\"@type\":\"ReadAction\",\"target\":[\"https:\/\/www.revue3emillenaire.com\/blog\/ecouter-sans-idees-toni-packer-et-notre-noyau-le-plus-intime-par-joan-tollifson\/\"]}]},{\"@type\":\"ImageObject\",\"inLanguage\":\"fr-FR\",\"@id\":\"https:\/\/www.revue3emillenaire.com\/blog\/ecouter-sans-idees-toni-packer-et-notre-noyau-le-plus-intime-par-joan-tollifson\/#primaryimage\",\"url\":\"https:\/\/www.revue3emillenaire.com\/blog\/wp-content\/uploads\/2021\/05\/Joan-Tollifson.jpg\",\"contentUrl\":\"https:\/\/www.revue3emillenaire.com\/blog\/wp-content\/uploads\/2021\/05\/Joan-Tollifson.jpg\",\"width\":230,\"height\":258},{\"@type\":\"BreadcrumbList\",\"@id\":\"https:\/\/www.revue3emillenaire.com\/blog\/ecouter-sans-idees-toni-packer-et-notre-noyau-le-plus-intime-par-joan-tollifson\/#breadcrumb\",\"itemListElement\":[{\"@type\":\"ListItem\",\"position\":1,\"name\":\"Accueil\",\"item\":\"https:\/\/www.revue3emillenaire.com\/blog\/\"},{\"@type\":\"ListItem\",\"position\":2,\"name\":\"\u00c9couter sans id\u00e9es. Toni Packer et notre noyau le plus intime par Joan Tollifson\"}]},{\"@type\":\"WebSite\",\"@id\":\"https:\/\/www.revue3emillenaire.com\/blog\/#website\",\"url\":\"https:\/\/www.revue3emillenaire.com\/blog\/\",\"name\":\"3e mill\u00e9naire - Spiritualit\u00e9 - Connaissance de soi - Non-dualit\u00e9 - M\u00e9ditation\",\"description\":\"L&#039;Homme en devenir\",\"potentialAction\":[{\"@type\":\"SearchAction\",\"target\":{\"@type\":\"EntryPoint\",\"urlTemplate\":\"https:\/\/www.revue3emillenaire.com\/blog\/?s={search_term_string}\"},\"query-input\":{\"@type\":\"PropertyValueSpecification\",\"valueRequired\":true,\"valueName\":\"search_term_string\"}}],\"inLanguage\":\"fr-FR\"},{\"@type\":\"Person\",\"@id\":\"https:\/\/www.revue3emillenaire.com\/blog\/#\/schema\/person\/b692dacff720a5344a6190bc714397eb\",\"name\":\"3e mill\u00e9naire\",\"url\":\"https:\/\/www.revue3emillenaire.com\/blog\/author\/scoussa\/\"}]}<\/script>\n<!-- \/ Yoast SEO plugin. -->","yoast_head_json":{"title":"\u00c9couter sans id\u00e9es. Toni Packer et notre noyau le plus intime par Joan Tollifson - 3e mill\u00e9naire - Spiritualit\u00e9 - Connaissance de soi - Non-dualit\u00e9 - M\u00e9ditation","robots":{"index":"index","follow":"follow","max-snippet":"max-snippet:-1","max-image-preview":"max-image-preview:large","max-video-preview":"max-video-preview:-1"},"canonical":"https:\/\/www.revue3emillenaire.com\/blog\/ecouter-sans-idees-toni-packer-et-notre-noyau-le-plus-intime-par-joan-tollifson\/","og_locale":"fr_FR","og_type":"article","og_title":"\u00c9couter sans id\u00e9es. Toni Packer et notre noyau le plus intime par Joan Tollifson - 3e mill\u00e9naire - Spiritualit\u00e9 - Connaissance de soi - Non-dualit\u00e9 - M\u00e9ditation","og_description":"Traduction libre 13 ao\u00fbt 2023 Toni Packer a \u00e9t\u00e9 ma principale enseignante, et c\u2019\u00e9tait une rare merveille. Elle parlait \u00e0 partir de la pr\u00e9sence, et l\u2019essence de ses discours \u00e9tait toujours cette pr\u00e9sence d\u2019\u00e9coute ouverte d\u2019o\u00f9 ils \u00e9mergeaient. Dans ce texte, je vais partager un extrait de l\u2019un de ses livres, suivi d\u2019un peu plus [&hellip;]","og_url":"https:\/\/www.revue3emillenaire.com\/blog\/ecouter-sans-idees-toni-packer-et-notre-noyau-le-plus-intime-par-joan-tollifson\/","og_site_name":"3e mill\u00e9naire - Spiritualit\u00e9 - Connaissance de soi - Non-dualit\u00e9 - M\u00e9ditation","article_published_time":"2023-09-24T02:37:42+00:00","og_image":[{"width":230,"height":258,"url":"https:\/\/www.revue3emillenaire.com\/blog\/wp-content\/uploads\/2021\/05\/Joan-Tollifson.jpg","type":"image\/jpeg"}],"author":"3e mill\u00e9naire","twitter_card":"summary_large_image","twitter_misc":{"\u00c9crit par":"3e mill\u00e9naire","Dur\u00e9e de lecture estim\u00e9e":"15 minutes"},"schema":{"@context":"https:\/\/schema.org","@graph":[{"@type":"Article","@id":"https:\/\/www.revue3emillenaire.com\/blog\/ecouter-sans-idees-toni-packer-et-notre-noyau-le-plus-intime-par-joan-tollifson\/#article","isPartOf":{"@id":"https:\/\/www.revue3emillenaire.com\/blog\/ecouter-sans-idees-toni-packer-et-notre-noyau-le-plus-intime-par-joan-tollifson\/"},"author":{"name":"3e mill\u00e9naire","@id":"https:\/\/www.revue3emillenaire.com\/blog\/#\/schema\/person\/b692dacff720a5344a6190bc714397eb"},"headline":"\u00c9couter sans id\u00e9es. Toni Packer et notre noyau le plus intime par Joan Tollifson","datePublished":"2023-09-24T02:37:42+00:00","mainEntityOfPage":{"@id":"https:\/\/www.revue3emillenaire.com\/blog\/ecouter-sans-idees-toni-packer-et-notre-noyau-le-plus-intime-par-joan-tollifson\/"},"wordCount":3126,"image":{"@id":"https:\/\/www.revue3emillenaire.com\/blog\/ecouter-sans-idees-toni-packer-et-notre-noyau-le-plus-intime-par-joan-tollifson\/#primaryimage"},"thumbnailUrl":"https:\/\/www.revue3emillenaire.com\/blog\/wp-content\/uploads\/2021\/05\/Joan-Tollifson.jpg","keywords":["connaissance de soi","Non-dualit\u00e9"],"articleSection":["Tollifson Joan"],"inLanguage":"fr-FR"},{"@type":"WebPage","@id":"https:\/\/www.revue3emillenaire.com\/blog\/ecouter-sans-idees-toni-packer-et-notre-noyau-le-plus-intime-par-joan-tollifson\/","url":"https:\/\/www.revue3emillenaire.com\/blog\/ecouter-sans-idees-toni-packer-et-notre-noyau-le-plus-intime-par-joan-tollifson\/","name":"\u00c9couter sans id\u00e9es. Toni Packer et notre noyau le plus intime par Joan Tollifson - 3e mill\u00e9naire - Spiritualit\u00e9 - Connaissance de soi - Non-dualit\u00e9 - M\u00e9ditation","isPartOf":{"@id":"https:\/\/www.revue3emillenaire.com\/blog\/#website"},"primaryImageOfPage":{"@id":"https:\/\/www.revue3emillenaire.com\/blog\/ecouter-sans-idees-toni-packer-et-notre-noyau-le-plus-intime-par-joan-tollifson\/#primaryimage"},"image":{"@id":"https:\/\/www.revue3emillenaire.com\/blog\/ecouter-sans-idees-toni-packer-et-notre-noyau-le-plus-intime-par-joan-tollifson\/#primaryimage"},"thumbnailUrl":"https:\/\/www.revue3emillenaire.com\/blog\/wp-content\/uploads\/2021\/05\/Joan-Tollifson.jpg","datePublished":"2023-09-24T02:37:42+00:00","author":{"@id":"https:\/\/www.revue3emillenaire.com\/blog\/#\/schema\/person\/b692dacff720a5344a6190bc714397eb"},"breadcrumb":{"@id":"https:\/\/www.revue3emillenaire.com\/blog\/ecouter-sans-idees-toni-packer-et-notre-noyau-le-plus-intime-par-joan-tollifson\/#breadcrumb"},"inLanguage":"fr-FR","potentialAction":[{"@type":"ReadAction","target":["https:\/\/www.revue3emillenaire.com\/blog\/ecouter-sans-idees-toni-packer-et-notre-noyau-le-plus-intime-par-joan-tollifson\/"]}]},{"@type":"ImageObject","inLanguage":"fr-FR","@id":"https:\/\/www.revue3emillenaire.com\/blog\/ecouter-sans-idees-toni-packer-et-notre-noyau-le-plus-intime-par-joan-tollifson\/#primaryimage","url":"https:\/\/www.revue3emillenaire.com\/blog\/wp-content\/uploads\/2021\/05\/Joan-Tollifson.jpg","contentUrl":"https:\/\/www.revue3emillenaire.com\/blog\/wp-content\/uploads\/2021\/05\/Joan-Tollifson.jpg","width":230,"height":258},{"@type":"BreadcrumbList","@id":"https:\/\/www.revue3emillenaire.com\/blog\/ecouter-sans-idees-toni-packer-et-notre-noyau-le-plus-intime-par-joan-tollifson\/#breadcrumb","itemListElement":[{"@type":"ListItem","position":1,"name":"Accueil","item":"https:\/\/www.revue3emillenaire.com\/blog\/"},{"@type":"ListItem","position":2,"name":"\u00c9couter sans id\u00e9es. Toni Packer et notre noyau le plus intime par Joan Tollifson"}]},{"@type":"WebSite","@id":"https:\/\/www.revue3emillenaire.com\/blog\/#website","url":"https:\/\/www.revue3emillenaire.com\/blog\/","name":"3e mill\u00e9naire - Spiritualit\u00e9 - Connaissance de soi - Non-dualit\u00e9 - M\u00e9ditation","description":"L&#039;Homme en devenir","potentialAction":[{"@type":"SearchAction","target":{"@type":"EntryPoint","urlTemplate":"https:\/\/www.revue3emillenaire.com\/blog\/?s={search_term_string}"},"query-input":{"@type":"PropertyValueSpecification","valueRequired":true,"valueName":"search_term_string"}}],"inLanguage":"fr-FR"},{"@type":"Person","@id":"https:\/\/www.revue3emillenaire.com\/blog\/#\/schema\/person\/b692dacff720a5344a6190bc714397eb","name":"3e mill\u00e9naire","url":"https:\/\/www.revue3emillenaire.com\/blog\/author\/scoussa\/"}]}},"_links":{"self":[{"href":"https:\/\/www.revue3emillenaire.com\/blog\/wp-json\/wp\/v2\/posts\/19472","targetHints":{"allow":["GET"]}}],"collection":[{"href":"https:\/\/www.revue3emillenaire.com\/blog\/wp-json\/wp\/v2\/posts"}],"about":[{"href":"https:\/\/www.revue3emillenaire.com\/blog\/wp-json\/wp\/v2\/types\/post"}],"author":[{"embeddable":true,"href":"https:\/\/www.revue3emillenaire.com\/blog\/wp-json\/wp\/v2\/users\/2"}],"replies":[{"embeddable":true,"href":"https:\/\/www.revue3emillenaire.com\/blog\/wp-json\/wp\/v2\/comments?post=19472"}],"version-history":[{"count":0,"href":"https:\/\/www.revue3emillenaire.com\/blog\/wp-json\/wp\/v2\/posts\/19472\/revisions"}],"wp:featuredmedia":[{"embeddable":true,"href":"https:\/\/www.revue3emillenaire.com\/blog\/wp-json\/wp\/v2\/media\/18434"}],"wp:attachment":[{"href":"https:\/\/www.revue3emillenaire.com\/blog\/wp-json\/wp\/v2\/media?parent=19472"}],"wp:term":[{"taxonomy":"category","embeddable":true,"href":"https:\/\/www.revue3emillenaire.com\/blog\/wp-json\/wp\/v2\/categories?post=19472"},{"taxonomy":"post_tag","embeddable":true,"href":"https:\/\/www.revue3emillenaire.com\/blog\/wp-json\/wp\/v2\/tags?post=19472"}],"curies":[{"name":"wp","href":"https:\/\/api.w.org\/{rel}","templated":true}]}}