{"id":19482,"date":"2023-09-28T01:52:30","date_gmt":"2023-09-28T00:52:30","guid":{"rendered":"https:\/\/www.revue3emillenaire.com\/blog\/?p=19482"},"modified":"2023-09-28T01:52:30","modified_gmt":"2023-09-28T00:52:30","slug":"le-fantome-dans-la-coquille-par-grace-endries","status":"publish","type":"post","link":"https:\/\/www.revue3emillenaire.com\/blog\/le-fantome-dans-la-coquille-par-grace-endries\/","title":{"rendered":"Le fant\u00f4me dans la coquille par Grace Endries"},"content":{"rendered":"<p align=\"justify\"><i>Traduction libre<\/i><\/p>\n<p align=\"justify\">20\/08\/2023<\/p>\n<p align=\"justify\"><b>Une br\u00e8ve introduction<\/b><\/p>\n<p align=\"justify\"><i><b>Grace Endries est \u00e9tudiante en master \u00e0 l\u2019universit\u00e9 d\u2019\u00c9tat de l\u2019Oregon, o\u00f9 elle \u00e9tudie l\u2019intersection des sciences politiques et de la philosophie, en particulier la mani\u00e8re dont nous comprenons et engageons la conscience. Sa formation en th\u00e9orie politique et en psychologie a inspir\u00e9 des enqu\u00eates philosophiques sur ce que l\u2019Occident per\u00e7oit comme des \u00e9tats de conscience marginales, y compris des sujets tels que la maladie mentale, les psych\u00e9d\u00e9liques et l\u2019exp\u00e9rience incarn\u00e9e.<\/b><\/i><\/p>\n<p align=\"justify\"><i><b>La physique quantique nous oblige \u00e0 reconna\u00eetre que la conscience est inh\u00e9rente \u00e0 un ordre s\u00e9mantique unitaire au niveau fondamental de la r\u00e9alit\u00e9, qui se pr\u00e9sente \u00e0 nous sous la forme de mati\u00e8re, affirme Grace Endries. Son approche associe les neurosciences (notamment la th\u00e9orie de l\u2019information int\u00e9gr\u00e9e) et la m\u00e9canique quantique (notamment l\u2019ordre implicite de David Bohm) et propose une relation de cause \u00e0 effet entre la conscience et l\u2019effondrement de la fonction d\u2019onde. Nous pensons qu\u2019Endries et le programme de recherche qu\u2019elle suit sont sur la bonne voie. Mais nous consid\u00e9rons comme inutile leur insistance \u00e0 red\u00e9finir les termes \u00ab\u00a0panpsychisme\u00a0\u00bb et \u00ab\u00a0mati\u00e8re\u00a0\u00bb\/\u00ab\u00a0mat\u00e9rialisme\u00a0\u00bb d\u2019une mani\u00e8re qui ne ressemble en rien \u00e0 la signification r\u00e9elle de ces mots. Dans l\u2019approche d\u2019Endries, la mati\u00e8re n\u2019est ni purement math\u00e9matique ni fragmentaire\u00a0; Alors pourquoi utiliser ce mot\u00a0? Ce qui est fondamentalement conscient, c\u2019est un ordre implicite unitaire au niveau du fondement de la r\u00e9alit\u00e9, ce qui implique que son approche est beaucoup plus proche de ce que nous appelons le \u00ab\u00a0cosmopsychisme\u00a0\u00bb ou l\u2019\u00ab\u00a0id\u00e9alisme objectif\u00a0\u00bb que du panpsychisme \u2014 car elle n\u2019est pas confront\u00e9e \u00e0 une combinaison, mais seulement \u00e0 un probl\u00e8me de d\u00e9composition \u2014 alors pourquoi insister sur le mauvais mot\u00a0? Nous savons que ce n\u2019est pas par malveillance, mais peut-\u00eatre par d\u00e9sir de se conformer aux attentes du courant dominant. N\u00e9anmoins, nous pensons qu\u2019en proc\u00e9dant de la sorte, le \u00ab\u00a0mat\u00e9rialisme\u00a0\u00bb et le \u00ab\u00a0panpsychisme\u00a0\u00bb deviennent vrais par simple red\u00e9finition des mots, et que cela contribue \u00e0 la confusion. Si ce que l\u2019on propose n\u2019est ni le mat\u00e9rialisme ni le panpsychisme tels qu\u2019ils sont g\u00e9n\u00e9ralement compris, alors il ne faut pas l\u2019appeler ainsi.<\/b><\/i><\/p>\n<p align=\"center\">***<\/p>\n<p align=\"justify\"><b>Introduction<\/b><\/p>\n<p align=\"justify\">La relation entre la conscience et la m\u00e9taphysique est aussi ancienne que la discipline de la philosophie. Les philosophes de l\u2019Antiquit\u00e9 ne faisaient aucune distinction entre les deux et utilisaient souvent la conscience comme fondement pour comprendre les ph\u00e9nom\u00e8nes plus vastes de l\u2019existence. Il s\u2019agit d\u2019un vestige de la pens\u00e9e dont nous n\u2019avons pas encore r\u00e9ussi \u00e0 nous d\u00e9barrasser\u00a0: l\u2019insistance ferme sur la conscience en tant que chose, et qui plus est une chose \u00e0 travers laquelle nous sommes en mesure de comprendre le monde. Le divorce entre la psych\u00e9 et la science est une invention plus r\u00e9cente\u00a0; le philosophe Philip Goff identifie la rupture dans le changement de paradigme op\u00e9r\u00e9 par Galil\u00e9e, qui a postul\u00e9 que nous pouvions conna\u00eetre le monde par des m\u00e9thodes exclusivement empiriques en d\u00e9clarant que les math\u00e9matiques \u00e9taient le langage de l\u2019univers. Pr\u00e9c\u00e9dant Descartes, l\u2019affirmation de Galil\u00e9e a effectivement r\u00e9duit les propri\u00e9t\u00e9s qualitatives de la vie \u00e0 la conscience de chaque individu, s\u00e9parant l\u2019objectif du subjectif et ouvrant la porte \u00e0 une vision dualiste du monde [<a class=\"sdfootnoteanc\" href=\"#sdfootnote1sym\" name=\"sdfootnote1anc\"><sup>1<\/sup><\/a>].<\/p>\n<p align=\"justify\">Cette trajectoire s\u2019est av\u00e9r\u00e9e incroyablement fructueuse en produisant une compr\u00e9hension profonde des m\u00e9canismes du monde et en influen\u00e7ant le progr\u00e8s technologique ainsi que les \u00e9coles de pens\u00e9e. Cependant, alors que le pendule revient \u00e0 un endroit o\u00f9 nous cherchons \u00e0 comprendre la psych\u00e9 humaine, l\u2019\u00e2me ou, comme le dit Stephen Hawking, le feu dans l\u2019\u00e9quation, nous constatons que nos m\u00e9thodes empiriques sont d\u00e9ficientes. L\u2019\u0153uvre du math\u00e9maticien et philosophe du XX<sup>e<\/sup>\u00a0si\u00e8cle Bertrand Russell conna\u00eet un renouveau contemporain alors que nous sommes confront\u00e9s \u00e0 l\u2019incapacit\u00e9 des m\u00e9thodes empiriques standard \u00e0 produire une th\u00e9orie convaincante ou substantielle de la conscience. Les observations de Russell sur la m\u00e9thodologie scientifique font \u00e9tat de l\u2019incapacit\u00e9 de nos m\u00e9thodes \u00e0 sonder exactement l\u2019essence de quelque chose (au sens le plus large), cat\u00e9gorisant plut\u00f4t avec une sp\u00e9cificit\u00e9 croissante la \u00ab\u00a0nature extrins\u00e8que, relationnelle, math\u00e9matique ou dispositionnelle de la mati\u00e8re\u2026 nous laissant dans l\u2019ignorance de sa nature intrins\u00e8que, concr\u00e8te et cat\u00e9gorique\u00a0\u00bb [<a class=\"sdfootnoteanc\" href=\"#sdfootnote2sym\" name=\"sdfootnote2anc\"><sup>2<\/sup><\/a>].<\/p>\n<p align=\"justify\">Cette critique de la science physique est extr\u00eamement attrayante pour les chercheurs en sciences cognitives et les philosophes insatisfaits des th\u00e9ories r\u00e9ductrices ou m\u00e9prisantes de la conscience qui ont \u00e9t\u00e9 propos\u00e9es jusqu\u2019\u00e0 pr\u00e9sent. Il devient de plus en plus difficile d\u2019envisager la compr\u00e9hension de la conscience par le biais de la recherche sur les corr\u00e9lats neuronaux. L\u2019exp\u00e9rience sensationnelle et ph\u00e9nom\u00e9nale sous-tend toutes les fonctions de l\u2019esprit que nous avons cartographi\u00e9es jusqu\u2019\u00e0 pr\u00e9sent. Les \u00e9tudes de cas sur des patients souffrant de l\u00e9sions c\u00e9r\u00e9brales ne donnent pas de r\u00e9sultats permettant d\u2019identifier le lieu de la conscience. La perception des ph\u00e9nom\u00e8nes ne semble pas s\u2019arr\u00eater \u00e0 un point particulier de la cha\u00eene de l\u2019\u00e9volution. Plus r\u00e9cemment, la recherche en m\u00e9canique quantique a apport\u00e9 la preuve que la conscience pourrait en fait \u00eatre omnipr\u00e9sente, les mol\u00e9cules quantiques pr\u00e9sentant des \u00ab\u00a0qualit\u00e9s semblables \u00e0 celles de l\u2019esprit\u00a0\u00bb [<a class=\"sdfootnoteanc\" href=\"#sdfootnote3sym\" name=\"sdfootnote3anc\"><sup>3<\/sup><\/a>]. [Les deux domaines ont des raisons de penser qu\u2019une int\u00e9gration pourrait donner des r\u00e9sultats fructueux dans l\u2019\u00e9tude de la r\u00e9alit\u00e9 fondamentale. Le biologiste J.B.S. Haldane souligne la n\u00e9cessit\u00e9 de mener des recherches sur cette intersection\u00a0: \u00ab\u00a0Si le point de vue scientifique est correct, nous finirons par trouver [des signes de conscience dans la mati\u00e8re inerte], au moins sous une forme rudimentaire, partout dans l\u2019univers\u00a0\u00bb. [<a class=\"sdfootnoteanc\" href=\"#sdfootnote4sym\" name=\"sdfootnote4anc\"><sup>4<\/sup><\/a>]<\/p>\n<p align=\"justify\">La m\u00e9canique quantique rend l\u2019ancienne th\u00e9orie du panpsychisme infiniment plus attrayante. Cela s\u2019explique par le changement de paradigme ontologique rendu n\u00e9cessaire par les d\u00e9couvertes de la m\u00e9canique quantique. Le physicien Robert Jahn affirme que \u00ab\u00a0trois myst\u00e8res (\u2026) demandent \u00e0 \u00eatre \u00e9claircis\u00a0: le quantum, l\u2019univers et l\u2019esprit. Ces trois myst\u00e8res se situent \u00e0 l\u2019endroit o\u00f9, pour reprendre l\u2019expression de Fred Hoyle, \u201cl\u2019esprit et la mati\u00e8re se confondent\u201d. Tous trois menacent la s\u00e9paration nette entre l\u2019observateur et l\u2019observ\u00e9 qui, pendant si longtemps, a sembl\u00e9 \u00eatre l\u2019essence m\u00eame de la science\u00a0\u00bb [<a class=\"sdfootnoteanc\" href=\"#sdfootnote5sym\" name=\"sdfootnote5anc\"><sup>5<\/sup><\/a>]. Certains domaines de la physique ne c\u00e9deront probablement pas aux m\u00e9thodes d\u2019investigations de plus en plus puissantes\u00a0; il devient \u00e9vident qu\u2019ils doivent \u00eatre interpr\u00e9t\u00e9s plut\u00f4t que d\u00e9construits. Les quarks, d\u00e9compos\u00e9s, peuvent \u00eatre interpr\u00e9t\u00e9s comme des \u00e9v\u00e9nements. Les ondes quantiques sont des potentiels. Il devient de plus en plus clair que l\u2019esprit et la mati\u00e8re doivent \u00e0 nouveau se rejoindre. La physique quantique rend cela \u00e9vident, et sa synth\u00e8se avec une vision panpsychiste de la nature fournit le cadre pour y parvenir.<\/p>\n<p align=\"justify\">La physique quantique se pr\u00eate \u00e0 autant d\u2019interpr\u00e9tations que le ph\u00e9nom\u00e8ne de la conscience. Cependant, je soutiens qu\u2019elle fournit un cadre \u00e0 partir duquel nous pouvons mod\u00e9liser les nouvelles recherches sur la conscience, en suivant ses conseils et en travaillant dans le cadre de sa n\u00e9cessaire r\u00e9orientation ontologique. \u00c0 partir de la m\u00e9canique quantique, nous apprenons sur la nature fondamentale de la r\u00e9alit\u00e9 et sur la mani\u00e8re dont la conscience interagit avec elle. Il s\u2019ensuit que la conscience est un \u00e9l\u00e9ment fondamental de la r\u00e9alit\u00e9 et que nos m\u00e9thodologies pour l\u2019appr\u00e9hender doivent en tenir compte.<\/p>\n<p align=\"justify\"><b>D\u00e9finitions<\/b><\/p>\n<p align=\"justify\">Lorsque l\u2019on aborde la question de la conscience, il est de la plus haute importance d\u2019agir avec pr\u00e9cision. Dans le cadre de ce travail, je partirai des hypoth\u00e8ses suivantes et j\u2019aimerais \u00e9tablir un terrain d\u2019entente \u00e0 partir duquel le lecteur et moi-m\u00eame pourrons communiquer. Pour les besoins de ce travail, veuillez reconna\u00eetre les d\u00e9finitions suivantes\u00a0:<\/p>\n<p align=\"justify\"><b>Physicalisme\u00a0:<\/b> je reconnais ce terme comme un raccourci g\u00e9n\u00e9ral pour le mat\u00e9rialisme pur et dur, qui est un terme quelque peu englobant. Comme l\u2019explique le travail de Goff, il s\u2019agit de l\u2019avanc\u00e9e de la m\u00e9thodologie scientifique de Galil\u00e9e, qui tente de comprendre le monde par des m\u00e9thodes exclusivement empiriques, et qui consid\u00e8re par la suite la conscience comme un ph\u00e9nom\u00e8ne individuel qui \u00e9merge de m\u00e9canismes physiques. Il s\u2019agit \u00e9galement de la th\u00e9orie ontologique transpos\u00e9e \u00e0 la r\u00e9alit\u00e9, qui propose de comprendre le monde uniquement \u00e0 travers les syst\u00e8mes mesurables que nous avons construits.<\/p>\n<p align=\"justify\">Je tiens \u00e0 souligner la diff\u00e9rence que je per\u00e7ois entre le physicalisme et le mat\u00e9rialisme. Le physicalisme, ou mat\u00e9rialisme dur, est une ontologie r\u00e9ductrice qui ouvre la porte au dualisme. Le dualisme a longtemps \u00e9t\u00e9 rejet\u00e9 en tant que th\u00e9orie de la conscience, mais David Chalmers soutient que son attrait intuitif est une raison suffisante pour que nous le prenions au s\u00e9rieux [<a class=\"sdfootnoteanc\" href=\"#sdfootnote6sym\" name=\"sdfootnote6anc\"><sup>6<\/sup><\/a>]. En effet, la cons\u00e9quence naturelle du physicalisme, bloqu\u00e9 face au probl\u00e8me de l\u2019\u00e9mergence, est de pratiquer un r\u00e9ductionnisme extr\u00eame, au point de rejeter compl\u00e8tement le ph\u00e9nom\u00e8ne de la conscience. La r\u00e9ticence \u00e0 accepter cela est due \u00e0 la connaissance intuitive que nous avons tous de l\u2019exp\u00e9rience subjective et consciente.<\/p>\n<p align=\"justify\">En outre, comme l\u2019indique l\u2019approche russellienne de la science physique, le physicalisme ne nous permet pas d\u2019investiguer la sensation, le sens ou l\u2019exp\u00e9rience, ce qui semble intuitivement incorrect. Il ne permet pas d\u2019expliquer pourquoi nous avons une exp\u00e9rience et pousse plut\u00f4t la recherche dans une voie qui nie l\u2019existence d\u2019une dimension subjective de la r\u00e9alit\u00e9. La recherche sur les corr\u00e9lats neuronaux peut expliquer pourquoi le rouge produit une r\u00e9action \u00e9motionnelle chez un individu, mais elle ne peut pas expliquer pourquoi on fait l\u2019exp\u00e9rience du rouge. Plus fondamentalement encore, quelle est l\u2019exp\u00e9rience du rouge\u00a0?<\/p>\n<p align=\"justify\">Le mat\u00e9rialisme, en tant que m\u00e9thode \u00e9pist\u00e9mologique, n\u2019est pas incompatible avec la compr\u00e9hension de la m\u00e9canique quantique, sauf dans sa forme dure de physicalisme. C\u2019est pourquoi l\u2019int\u00e9gration de la physique quantique peut nous rapprocher de la compr\u00e9hension de la conscience\u00a0; elle justifie simplement un \u00e9largissement de la d\u00e9finition de la nature de la r\u00e9alit\u00e9 physique.<\/p>\n<p align=\"justify\"><b>Mat\u00e9rialisme\u00a0:<\/b> je pense qu\u2019il est n\u00e9cessaire de faire la diff\u00e9rence entre le physicalisme et le mat\u00e9rialisme. Le mat\u00e9rialisme est la doctrine selon laquelle la mati\u00e8re est fondamentale, et la connaissance avance exclusivement par l\u2019\u00e9tude des mouvements et des modifications de la mati\u00e8re. Cette doctrine est diff\u00e9rente du physicalisme, auquel il est fait r\u00e9f\u00e9rence dans ce travail, lorsque nous comprenons la raison pour laquelle de nombreux philosophes panpsychistes se qualifient de mat\u00e9rialistes. Le panpsychisme est une th\u00e9orie qui postule que la conscience est une caract\u00e9ristique fondamentale de la r\u00e9alit\u00e9, et qu\u2019elle peut \u00eatre mesur\u00e9e par des syst\u00e8mes physiques, mais pas expliqu\u00e9e par eux par essence. De m\u00eame, le mat\u00e9rialisme est une th\u00e9orie ontologique. Cependant, dans le cadre de cet essai, il diff\u00e8re du physicalisme en ce qu\u2019il \u00e9largit sa d\u00e9finition de la nature fondamentale de la mati\u00e8re pour englober les caract\u00e9ristiques de la conscience qui \u00e9chappent \u00e0 la r\u00e9duction. Ce point de vue n\u2019est pas anti-scientifique lorsqu\u2019il \u00e9value la conscience. Au contraire, dans ses recherches sur la conscience, elle progresse sur la base de la compr\u00e9hension de la r\u00e9alit\u00e9 fondamentale en utilisant les difficult\u00e9s rencontr\u00e9es dans les sciences cognitives comme preuves de la nouvelle vision du monde. Lorsque ces difficult\u00e9s sont interpr\u00e9t\u00e9es avec les th\u00e9ories quantiques, telles que l\u2019ordre implicite et l\u2019information active de Bohm, nous d\u00e9veloppons une compr\u00e9hension plus pr\u00e9cise de la v\u00e9ritable nature de la r\u00e9alit\u00e9.<\/p>\n<p align=\"justify\"><b>La conscience\u00a0:<\/b> Il est \u00e9vident que des tomes ont \u00e9t\u00e9 \u00e9crits pour tenter d\u2019expliquer ce terme particulier, et il est int\u00e9ressant de noter que plus il y a d\u2019informations produites sur le sujet, moins nous sommes capables de communiquer clairement \u00e0 son sujet. C\u2019est pourquoi je vous invite \u00e0 accepter ma d\u00e9finition particuli\u00e8re, m\u00eame si elle est potentiellement incompatible avec les croyances personnelles du lecteur. Lorsque je fais r\u00e9f\u00e9rence au ph\u00e9nom\u00e8ne de la conscience, je me r\u00e9f\u00e8re sp\u00e9cifiquement \u00e0 la conscience en tant qu\u2019\u00e9l\u00e9ment fondamental de la r\u00e9alit\u00e9. En d\u2019autres termes, elle est omnipr\u00e9sente. Cela diff\u00e8re du simple fait de faire appel aux diff\u00e9rentes fonctions du cerveau humain, parce que la conscience op\u00e8re en leur sein. Les fonctions particuli\u00e8res qui sont souvent attribu\u00e9es ou associ\u00e9es \u00e0 la conscience peuvent \u00eatre consid\u00e9r\u00e9es comme d\u00e9velopp\u00e9es par le processus d\u2019\u00e9volution. En fin de compte, et je reconnais qu\u2019il s\u2019agit d\u2019une proposition controvers\u00e9e, la conscience peut \u00eatre consid\u00e9r\u00e9e comme un \u00e9l\u00e9ment fondamental qui produit l\u2019exp\u00e9rience et gr\u00e2ce auquel nous sommes en mesure d\u2019en tirer un sens ou une compr\u00e9hension. Ceci est coh\u00e9rent avec la th\u00e9orie de David Bohm sur l\u2019information active en tant que force fondamentale, intrins\u00e8quement s\u00e9mantique, qui anime les ondes de mati\u00e8re rencontr\u00e9es en physique quantique [<a class=\"sdfootnoteanc\" href=\"#sdfootnote7sym\" name=\"sdfootnote7anc\"><sup>7<\/sup><\/a>].<\/p>\n<p align=\"justify\"><b>La vue depuis le bas<\/b><\/p>\n<p align=\"justify\">L\u2019adoption d\u2019une perspective moniste russellienne exige bien plus qu\u2019une progression des m\u00eames vieilles m\u00e9thodes utilis\u00e9es par les sciences cognitives. Les r\u00e9sultats obtenus jusqu\u2019\u00e0 pr\u00e9sent dans la recherche de la conscience par les sciences cognitives nous le r\u00e9v\u00e8lent de mani\u00e8re plut\u00f4t abrupte. En fin de compte, l\u2019\u00e9tude de la conscience r\u00e9v\u00e8le la n\u00e9cessit\u00e9 d\u2019une r\u00e9orientation ontologique fondamentale. Le monisme russellien, s\u2019il est int\u00e9ressant pour mettre en \u00e9vidence les lacunes de notre compr\u00e9hension, peut \u00e9galement fournir une orientation \u00e0 la recherche. Malgr\u00e9 cela, la contribution de Russell \u00e0 l\u2019\u00e9tude de la conscience est particuli\u00e8rement importante lorsqu\u2019il s\u2019agit de fusionner cette entreprise avec la physique quantique. Il a \u00e9crit une phrase c\u00e9l\u00e8bre\u00a0: \u00ab\u00a0La physique est math\u00e9matique non pas parce que nous en savons beaucoup sur le monde physique, mais parce que nous en savons si peu\u00a0: ce sont seulement ses propri\u00e9t\u00e9s math\u00e9matiques que nous pouvons d\u00e9couvrir.\u00a0\u00bb [<a class=\"sdfootnoteanc\" href=\"#sdfootnote8sym\" name=\"sdfootnote8anc\"><sup>8<\/sup><\/a>] La conscience n\u00e9cessite un \u00e9largissement de nos m\u00e9thodes scientifiques, car nous devons toujours nous efforcer d\u2019adopter une approche scientifique lorsque nous cherchons \u00e0 comprendre la conscience. La th\u00e9orie de l\u2019ordre implicite de David Bohm peut nous fournir un cadre pour ce faire et invite \u00e0 l\u2019int\u00e9gration de nombreuses th\u00e9ories des sciences cognitives.<\/p>\n<p align=\"justify\">La th\u00e9orie de l\u2019ordre implicite de Bohm n\u00e9cessite une vision panpsychiste du monde. \u00c0 l\u2019instar de la compr\u00e9hension qui a donn\u00e9 naissance \u00e0 la \u00ab\u00a0mati\u00e8re de l\u2019esprit\u00a0\u00bb de William Kingdon Clifford, les deux th\u00e9oriciens ont cherch\u00e9 une th\u00e9orie parcimonieuse de la r\u00e9alit\u00e9 fondamentale. Clifford identifie\u00a0:<\/p>\n<p align=\"justify\">\u00ab\u00a0<i>Un parall\u00e8le entre les faits physiques et mentaux, arguant qu\u2019ils doivent ob\u00e9ir aux m\u00eames lois\u00a0: puisque l\u2019objet per\u00e7u et le cerveau qui produit une image c\u00e9r\u00e9brale du m\u00eame objet (sur le ganglion optique) sont faits de la m\u00eame substance ou mati\u00e8re (mais pas de la m\u00eame mati\u00e8re \u00e9videmment), et puisque l\u2019image que j\u2019ai dans mon esprit de l\u2019objet \u00e0 l\u2019ext\u00e9rieur de moi est faite de simples faits mentaux, alors l\u2019objet \u00e0 l\u2019ext\u00e9rieur de ma conscience doit \u00eatre fait de la m\u00eame chose ou mati\u00e8re de l\u2019esprit (mind-stuff)<\/i>\u00a0\u00bb. [<a class=\"sdfootnoteanc\" href=\"#sdfootnote9sym\" name=\"sdfootnote9anc\"><sup>9<\/sup><\/a>]<\/p>\n<p align=\"justify\">Certes, le terme \u00ab\u00a0mind-stuff\u00a0\u00bb a tendance \u00e0 faire froncer les sourcils. Cependant, pour comprendre la conscience et son r\u00f4le dans l\u2019ordre implicite, son chevauchement avec la conception de Bohm de l\u2019information active est tout \u00e0 fait utile. Pour Clifford, \u00ab\u00a0il doit exister des \u201cfaits \u00e9jectifs \u00e9l\u00e9mentaires\u201d dans chaque organisme\u00a0\u00bb [<a class=\"sdfootnoteanc\" href=\"#sdfootnote10sym\" name=\"sdfootnote10anc\"><sup>10<\/sup><\/a>]. Pour Bohm, m\u00eame les \u00e9l\u00e9ments quantiques ont des qualit\u00e9s semblables \u00e0 celles de l\u2019esprit. L\u2019information qui existe au niveau quantique de la r\u00e9alit\u00e9 est ce qui organise et fait bouger la mati\u00e8re\u00a0: Son effondrement au point d\u2019interaction avec la conscience produit la subjectivit\u00e9.<\/p>\n<p align=\"justify\">Les critiques de Russell sur la science physique trouvent peut-\u00eatre une r\u00e9ponse dans les th\u00e9ories de Bohm, \u00e0 la recherche d\u2019un ensemble unifi\u00e9. La th\u00e9orie de Bohm pose le sens comme \u00e9l\u00e9ment fondamental de l\u2019univers, conceptualis\u00e9 en tant qu\u2019information active. Bohm s\u2019oppose \u00e0 la th\u00e9orie selon laquelle nos \u00e9l\u00e9ments fondamentaux sont s\u00e9par\u00e9s, et postule au contraire une r\u00e9alit\u00e9 fondamentale \u00e0 partir de laquelle l\u2019information active \u00e9merge et forge les structures dont nous faisons l\u2019exp\u00e9rience. Cette interpr\u00e9tation de la m\u00e9canique quantique diverge de la physique classique, qui consid\u00e8re que les \u00ab\u00a0caract\u00e9ristiques structurelles de la r\u00e9alit\u00e9\u00a0\u00bb sont fondamentales, contrairement \u00e0 l\u2019identification par Bohm de \u00ab\u00a0quelque chose qui sous-tend la structure \u00e9tudi\u00e9e par la physique\u00a0\u00bb [<a class=\"sdfootnoteanc\" href=\"#sdfootnote11sym\" name=\"sdfootnote11anc\"><sup>11<\/sup><\/a>].<\/p>\n<p align=\"justify\"><i>En d\u00e9finitive, l\u2019univers entier (avec toutes ses \u00ab\u00a0particules\u00a0\u00bb, y compris celles qui constituent les \u00eatres humains, leurs laboratoires, leurs instruments d\u2019observation, etc.) doit \u00eatre compris comme un tout unique et indivisible, dans lequel l\u2019analyse en parties distinctes et ind\u00e9pendantes n\u2019a pas de statut fondamental.<\/i><\/p>\n<p align=\"justify\">Ce qui d\u00e9coule de la th\u00e9orie ontologique de Bohm est une relation entre la conscience et la r\u00e9alit\u00e9 fondamentale\u00a0: \u00ab\u00a0Les \u00e9tats mentaux sont le terminus de l\u2019interpr\u00e9tation et semblent \u00eatre les seuls porteurs d\u2019une information intrins\u00e8quement s\u00e9mantique.\u00a0\u00bb [<a class=\"sdfootnoteanc\" href=\"#sdfootnote12sym\" name=\"sdfootnote12anc\"><sup>12<\/sup><\/a>]<\/p>\n<p align=\"justify\">En fin de compte, cette interpr\u00e9tation de la m\u00e9canique quantique fait du sens un \u00e9l\u00e9ment fondamental de la r\u00e9alit\u00e9. L\u2019information active de Bohm n\u2019est pas locale, ni confin\u00e9e \u00e0 la psych\u00e9 individuelle. Elle est intrins\u00e8quement s\u00e9mantique, par opposition \u00e0 \u00ab\u00a0l\u2019information syntaxique ou structurelle\u00a0\u00bb que nous consid\u00e9rons g\u00e9n\u00e9ralement comme de la connaissance. L\u2019information active \u00ab\u00a0sous-tend le syst\u00e8me des relations physiques\u00a0\u00bb et \u00ab\u00a0donne activement donne forme \u00e0 quelque chose\u00a0\u00bb [<a class=\"sdfootnoteanc\" href=\"#sdfootnote13sym\" name=\"sdfootnote13anc\"><sup>13<\/sup><\/a>]. Ce syst\u00e8me s\u00e9mantique fondamental anime la fonction de la conscience. L\u2019information active est le m\u00e9canisme qui donne forme \u00e0 la mati\u00e8re et organise les ondes de potentialit\u00e9. Elle sous-tend la potentialit\u00e9 et en est ins\u00e9parable. Cette vision du monde est fondamentalement mat\u00e9rielle, mais elle r\u00e9v\u00e8le comment la mati\u00e8re doit prendre une nouvelle d\u00e9finition.<\/p>\n<p align=\"justify\">Bohm propose une th\u00e9orie sur la globalit\u00e9 intriqu\u00e9e et comment la conscience doit fonctionner au niveau quantique. Cette hypoth\u00e8se a \u00e9t\u00e9 formul\u00e9e dans le cadre de sa recherche d\u2019une th\u00e9orie parcimonieuse de la nature. Lorsque nous appliquons cette lentille \u00e0 l\u2019\u00e9tude de la conscience, nous constatons que ni le physicalisme pur et dur ni le dualisme ne r\u00e9pondent \u00e0 ces crit\u00e8res. Nous avons plut\u00f4t besoin d\u2019une nouvelle d\u00e9finition du mat\u00e9rialisme qui consid\u00e8re la conscience comme une force fondamentale.<\/p>\n<p align=\"justify\">L\u2019importance de cette constatation pour les recherches sur la conscience ne permet pas de poser une \u00e9quation ou de d\u00e9signer une localit\u00e9, ni m\u00eame de d\u00e9crire avec pr\u00e9cision ce qu\u2019est cette mati\u00e8re insaisissable qu\u2019est l\u2019esprit. Cependant, Bohm a trouv\u00e9 la preuve la plus convaincante dans le besoin d\u2019homog\u00e9n\u00e9it\u00e9 au niveau fondamental. Faire de la conscience un \u00e9l\u00e9ment fondamental implique un syst\u00e8me physique qui comprend les aspects relationnels de la conscience de la m\u00eame mani\u00e8re que la physique classique comprend les aspects relationnels de la gravit\u00e9.<\/p>\n<p align=\"justify\">Roger Penrose rel\u00e8ve le d\u00e9fi\u00a0: \u00ab\u00a0Une vision scientifique de l\u2019Univers qui n\u2019int\u00e8gre pas le probl\u00e8me de l\u2019esprit conscient ne peut s\u00e9rieusement pr\u00e9tendre \u00eatre une vision compl\u00e8te. La conscience faisant partie de notre Univers, toute th\u00e9orie physique qui ne lui accorde pas une place convenable ne peut qu\u2019\u00e9chouer \u00e0 donner une v\u00e9ritable description de cet Univers.\u00a0\u00bb [<a class=\"sdfootnoteanc\" href=\"#sdfootnote14sym\" name=\"sdfootnote14anc\"><sup>14<\/sup><\/a>]. La th\u00e9orie la plus parcimonieuse dont nous disposons \u00e0 cet \u00e9gard, qui int\u00e8gre l\u2019information \u00e0 tous les niveaux, du cerveau au niveau quantique, est la th\u00e9orie de Bohm sur l\u2019information pan-existante<\/p>\n<p align=\"justify\"><b>Th\u00e9orie de l\u2019information int\u00e9gr\u00e9e<\/b><\/p>\n<p align=\"justify\">La prise de conscience la plus importante de la m\u00e9canique quantique est que nous devons modifier notre compr\u00e9hension du monde physique et notre d\u00e9finition de la mati\u00e8re. Les panpsychistes se consid\u00e8rent comme des mat\u00e9rialistes, mais l\u2019int\u00e9gration de la m\u00e9canique quantique nous permet d\u2019op\u00e9rer sur une nouvelle d\u00e9finition du mat\u00e9rialisme. Lorsque nous consid\u00e9rons la conscience comme un \u00e9l\u00e9ment fondamental, au m\u00eame titre que l\u2019espace et le temps, nous avons la possibilit\u00e9 de d\u00e9velopper un nouveau syst\u00e8me de mesure relatif \u00e0 la conscience. C\u2019est pr\u00e9cis\u00e9ment ce que vise la th\u00e9orie de l\u2019information int\u00e9gr\u00e9e de Giulio Tononi.<\/p>\n<p align=\"justify\">Reconna\u00eetre la conscience comme un \u00e9l\u00e9ment fondamental n\u2019est que la premi\u00e8re \u00e9tape du d\u00e9veloppement d\u2019une science de la conscience. Gr\u00e2ce \u00e0 la compr\u00e9hension apport\u00e9e par la physique quantique, nous pouvons \u00e9tudier la conscience dans sa structure relationnelle. Les physiciens quantiques, historiquement et actuellement, sont enthousiasm\u00e9s par cette potentialit\u00e9. Cette intersection concerne moins les th\u00e9ories quantiques op\u00e9rant au sein de la conscience que les similitudes et les chevauchements entre la conscience et les actions quantiques. L\u2019information active de Bohm est l\u2019un de ces exemples o\u00f9 le fait de consid\u00e9rer la conscience comme fondamentale permet d\u2019expliquer les qualit\u00e9s semblable \u00e0 l\u2019esprit des \u00e9l\u00e9ments quantiques. La th\u00e9orie de l\u2019effondrement de la conscience est une autre th\u00e9orie convaincante qui stimule cette interaction entre les disciplines. Cette th\u00e9orie a \u00e9t\u00e9 postul\u00e9e pour la premi\u00e8re fois dans le domaine de la physique quantique lorsque les th\u00e9oriciens ont identifi\u00e9 la relation entre la conscience et l\u2019effondrement de la fonction d\u2019onde. Depuis, elle a donn\u00e9 lieu \u00e0 un effort interdisciplinaire entre la physique et les sciences cognitives pour cr\u00e9er une m\u00e9thodologie permettant de comprendre la conscience, connue sous le nom de th\u00e9orie de l\u2019information int\u00e9gr\u00e9e (TII).<\/p>\n<p align=\"justify\"><a name=\"_GoBack\"><\/a> La difficult\u00e9 de l\u2019\u00e9tude de ce sujet est de comprendre les implications de la m\u00e9canique quantique en tant que m\u00e9canisme de la conscience sans faire appel \u00e0 la m\u00e9canique quantique en tant que simple explication de la conscience. Il s\u2019agirait d\u2019une sorte de publicit\u00e9 mensong\u00e8re, similaire au ph\u00e9nom\u00e8ne identifi\u00e9 dans les sciences cognitives o\u00f9 les scientifiques proposent une explication pour la conscience et parlent ensuite exclusivement des m\u00e9canismes de la cognition, n\u00e9gligeant la question difficile et esp\u00e9rant peut-\u00eatre que le lecteur ne le remarque pas (Chalmers est tr\u00e8s critique de ce programme, citant sp\u00e9cifiquement la m\u00e9canique quantique comme coupable [<a class=\"sdfootnoteanc\" href=\"#sdfootnote15sym\" name=\"sdfootnote15anc\"><sup>15<\/sup><\/a>]). Cependant, il ne rejette pas la nature du fonctionnement de la conscience au niveau quantique en tant qu\u2019\u00e9l\u00e9ment fondamental, et affirme en outre que l\u2019int\u00e9gration de cette compr\u00e9hension dans notre \u00e9tude de la conscience peut conduire \u00e0 une approche plus compl\u00e8te de la conscience. \u00c0 cette fin, Chalmers et McQueen entreprennent de synth\u00e9tiser la TII et la physique quantique [<a class=\"sdfootnoteanc\" href=\"#sdfootnote16sym\" name=\"sdfootnote16anc\"><sup>16<\/sup><\/a>]. Propos\u00e9e par Giulio Tononi, cette th\u00e9orie offre une nouvelle orientation \u00e0 notre compr\u00e9hension de la conscience et de la m\u00e9canique quantique en produisant un cadre empirique permettant de mieux comprendre la structure qu\u2019assume la conscience. Ce syst\u00e8me est \u00e9quivalent \u00e0 la physique classique dans sa mesure de l\u2019engagement entre la mati\u00e8re, mais dans ce cas la mati\u00e8re est la conscience et les ondes quantiques [<a class=\"sdfootnoteanc\" href=\"#sdfootnote17sym\" name=\"sdfootnote17anc\"><sup>17<\/sup><\/a>].<\/p>\n<p align=\"justify\">La TII fonctionne sur la base d\u2019un cadre panpsychiste, en supposant que la conscience est pr\u00e9sente dans la mati\u00e8re \u00e9l\u00e9mentaire. Elle propose \u00e9galement qu\u2019au fur et \u00e0 mesure que l\u2019esprit se complexifie, sa capacit\u00e9 \u00e0 interagir avec le potentiel quantique augmente. Lorsqu\u2019un esprit atteint un certain niveau de complexit\u00e9, il devient capable d\u2019effondrer l\u2019onde quantique. Cette int\u00e9gration s\u2019appuie sur des id\u00e9es propos\u00e9es par des penseurs ant\u00e9rieurs dans le domaine de la physique quantique, notamment les th\u00e9ories propos\u00e9es par Wigner et von\u00a0Neumann, qui avancent l\u2019id\u00e9e que la conscience joue un r\u00f4le dans l\u2019effondrement de la fonction d\u2019onde de la potentialit\u00e9 [<a class=\"sdfootnoteanc\" href=\"#sdfootnote18sym\" name=\"sdfootnote18anc\"><sup>18<\/sup><\/a>].<\/p>\n<p align=\"justify\">Chalmers et McQueen reconnaissent que la recherche sur la conscience n\u2019est pas r\u00e9solue par la simple d\u00e9limitation de la relation entre la m\u00e9canique quantique et la conscience. Cependant, elle donne des r\u00e9sultats prometteurs en identifiant que la conscience est mieux comprise lorsque nous l\u2019abordons comme un \u00e9l\u00e9ment fondamental [<a class=\"sdfootnoteanc\" href=\"#sdfootnote19sym\" name=\"sdfootnote19anc\"><sup>19<\/sup><\/a>]. La TII est un premier pas vers une nouvelle science des m\u00e9canismes relationnels de la conscience.<\/p>\n<p align=\"justify\">En fin de compte, la physique quantique se pr\u00eate \u00e0 autant d\u2019interpr\u00e9tations que le ph\u00e9nom\u00e8ne de la conscience. Cependant, nous constatons un certain chevauchement dans l\u2019\u00e9tude de chacune d\u2019entre elles\u00a0: Certains th\u00e9oriciens soulignent les similitudes entre le fonctionnement de la conscience et celui des particules quantiques (Pauli), d\u2019autres font r\u00e9f\u00e9rence \u00e0 l\u2019interaction entre la conscience et les particules quantiques (von Neumman, Wigner), et d\u2019autres encore avancent des th\u00e9ories fond\u00e9es sur la n\u00e9cessit\u00e9 d\u2019une th\u00e9orie parcimonieuse du monde incluant la conscience comme une cat\u00e9gorie de mati\u00e8re interagissant avec la mati\u00e8re \u00e9tudi\u00e9e dans le cadre des sciences physiques. Le point commun entre ces th\u00e9ories est la n\u00e9cessit\u00e9 d\u2019une r\u00e9orientation ontologique \u00e0 la lumi\u00e8re des nouvelles informations fournies par la physique quantique, qui concerne l\u2019\u00e9tude de la conscience \u00e0 travers l\u2019identification de l\u2019interaction entre la conscience et la r\u00e9alit\u00e9 fondamentale et la recherche d\u2019une d\u00e9finition unificatrice de la mati\u00e8re et d\u2019une th\u00e9orie parcimonieuse de la r\u00e9alit\u00e9.<\/p>\n<p align=\"justify\"><b>Bibliographie<\/b><\/p>\n<p align=\"justify\">Bohm, David. \u00ab\u00a0<span lang=\"en-US\">A New Theory of the Relationship of Mind and Matter<\/span>\u00a0\u00bb. Philosophical Psychology\u00a03, no.\u00a02-3 (1er\u00a0janvier 1990)\u00a0: 271\u201386. https:\/\/doi.org\/10.1080\/09515089008573004. En fran\u00e7ais\u00a0: <span style=\"font-family: TimesNewRomanPSMT, serif;\">David BOHM : La relation Esprit\/Mati\u00e8re, dans 3<\/span><sup><span style=\"font-family: TimesNewRomanPSMT, serif;\">e\u00a0<\/span><\/sup><span style=\"font-family: TimesNewRomanPSMT, serif;\">Mill\u00e9naire n<\/span><sup><span style=\"font-family: TimesNewRomanPSMT, serif;\">O\u00a0<\/span><\/sup><span style=\"font-family: TimesNewRomanPSMT, serif;\">21, automne\u00a01991.<\/span><\/p>\n<p align=\"justify\">Chalmers, David J. <span lang=\"en-US\">The Character of Consciousness (<\/span>Le caract\u00e8re de la conscience). Oxford University Press, 2010. Chalmers, David J., et Kelvin J. McQueen. \u00ab\u00a0Consciousness and the Collapse of the Wave Function\u00a0\u00bb, arXiv, 5\u00a0mai 2021. <span style=\"color: #000080;\"><u><a href=\"http:\/\/arxiv.org\/abs\/2105.02314\" target=\"_blank\" rel=\"noopener\">http:\/\/arxiv.org\/abs\/2105.02314<\/a><\/u><\/span>.<\/p>\n<p align=\"justify\">Goff, Philip, et Philip Goff. <span lang=\"en-US\"><i>Consciousness and Fundamental Reality. Philosophy of Mind<\/i><\/span><span lang=\"en-US\"> (<\/span>Conscience et r\u00e9alit\u00e9 fondamentale. Philosophie de l\u2019esprit). Oxford, New York\u00a0: Oxford University Press, 2017.<\/p>\n<p align=\"justify\">Goff, Philip, William Seager et Sean Allen-Hermanson. \u00ab\u00a0Panpsychisme\u00a0\u00bb. Dans The Stanford Encyclopedia of Philosophy, \u00e9dit\u00e9 par Edward N. Zalta, \u00e9t\u00e9\u00a02022. Metaphysics Research Lab, Stanford University, 2022. <span style=\"color: #000080;\"><u><a href=\"https:\/\/plato.stanford.edu\/archives\/sum2022\/entries\/panpsychism\/\" target=\"_blank\" rel=\"noopener\">https:\/\/plato.stanford.edu\/archives\/sum2022\/entries\/panpsychism\/<\/a><\/u><\/span>.<\/p>\n<p align=\"justify\">Harris, A. \u00ab\u00a0A Solution to the Combination Problem and the Future of Panpsychism\u00a0\u00bb. Journal of Consciousness Studies 28, no.\u00a09 (1<sup>er\u00a0<\/sup>janvier 2021): 129\u201340. <span style=\"color: #000080;\"><u><a href=\"https:\/\/doi.org\/10.53765\/20512201.28.9.129\" target=\"_blank\" rel=\"noopener\">https:\/\/doi.org\/10.53765\/20512201.28.9.129<\/a><\/u><\/span>.<\/p>\n<p align=\"justify\">\u201c<span lang=\"en-US\">Integrated Information Theory of Consciousness | Internet Encyclopedia of Philosophy.\u201d \u00ab\u00a0<\/span>Th\u00e9orie de l\u2019information int\u00e9gr\u00e9e de la conscience | Encyclop\u00e9die Internet de la philosophie\u00a0\u00bb. Consult\u00e9 le 14\u00a0juin 2023. <span style=\"color: #000080;\"><u><a href=\"https:\/\/iep.utm.edu\/integrated-information-theory-of-consciousness\/\" target=\"_blank\" rel=\"noopener\">https:\/\/iep.utm.edu\/integrated-information-theory-of-consciousness\/<\/a><\/u><\/span>.<\/p>\n<p align=\"justify\">Jahn, Robert G. <span lang=\"en-US\">\u201cThe Role of Consciousness in the Physical World.\u201d (<\/span>Le r\u00f4le de la conscience dans le monde physique). AAAS Selected Symposium\u00a057. Boulder, Colo\u00a0: Westview Press, 1981.<\/p>\n<p align=\"justify\">Penrose, Roger. \u2018Shadows of the Mind: A Search for the Missing Science of Consciousness (Tr fr Les ombres de l\u2019esprit\u00a0: \u00e0 la recherche de la science manquante de la conscience). Oxford\u00a0; Oxford University Press, 1994.<\/p>\n<p align=\"justify\">Riedberger, Charlotte. \u201c<span lang=\"en-US\">From Clifford\u2019s Theory of Consciousness to A New Quantum Model of the Mind.\u201d (<\/span>De la th\u00e9orie de la conscience de Clifford \u00e0 un nouveau mod\u00e8le quantique de l\u2019esprit). Advances in Applied Clifford Algebras\u00a019, no. 3-4 (2009): 929-46.<\/p>\n<p align=\"justify\">Seager, William. <span lang=\"en-US\">\u201cThe Philosophical and Scientific Metaphysics of David Bohm.\u201d (<\/span>La m\u00e9taphysique philosophique et scientifique de David Bohm). Entropie\u00a020, n\u00b0\u00a07 (juillet 2018)\u00a0: 493. <span style=\"color: #000080;\"><u><a href=\"https:\/\/doi.org\/10.3390\/e20070493\" target=\"_blank\" rel=\"noopener\">https:\/\/doi.org\/10.3390\/e20070493<\/a><\/u><\/span>.<\/p>\n<p align=\"justify\">Tononi, Giulio. <span lang=\"en-US\">\u201cConsciousness as Integrated Information: A Provisional Manifesto.\u201d (<\/span>La conscience comme information int\u00e9gr\u00e9e\u00a0: Un manifeste provisoire). The Biological Bulletin\u00a0215, no.\u00a03 (d\u00e9cembre 2008): 216\u201342. <span style=\"color: #000080;\"><u><a href=\"https:\/\/doi.org\/10.2307\/25470707\" target=\"_blank\" rel=\"noopener\">https:\/\/doi.org\/10.2307\/25470707<\/a><\/u><\/span>.<\/p>\n<p align=\"justify\">Texte original\u00a0: <span style=\"color: #000080;\"><u><a href=\"https:\/\/www.essentiafoundation.org\/the-ghost-in-the-shell\/reading\/\" target=\"_blank\" rel=\"noopener\">https:\/\/www.essentiafoundation.org\/the-ghost-in-the-shell\/reading\/<\/a><\/u><\/span><\/p>\n<p align=\"justify\">_______________________________<\/p>\n<div id=\"sdfootnote1\">\n<p align=\"justify\"><a class=\"sdfootnotesym\" href=\"#sdfootnote1anc\" name=\"sdfootnote1sym\">1<\/a> Goff et Goff, \u00ab\u00a0Consciousness and Fundamental Reality (Conscience et r\u00e9alit\u00e9 fondamentale)\u00a0\u00bb.<\/p>\n<\/div>\n<div id=\"sdfootnote2\">\n<p align=\"justify\"><a class=\"sdfootnotesym\" href=\"#sdfootnote2anc\" name=\"sdfootnote2sym\">2<\/a> Goff, Seager et Allen-Hermanson, \u00ab\u00a0Panpsychism\u00a0\u00bb.<\/p>\n<\/div>\n<div id=\"sdfootnote3\">\n<p align=\"justify\"><a class=\"sdfootnotesym\" href=\"#sdfootnote3anc\" name=\"sdfootnote3sym\">3<\/a> Bohm, \u00ab\u00a0A New Theory of the Relationship of Mind and Matter (Une nouvelle th\u00e9orie de la relation entre l\u2019esprit et la mati\u00e8re)\u00a0\u00bb.<\/p>\n<\/div>\n<div id=\"sdfootnote4\">\n<p align=\"justify\"><a class=\"sdfootnotesym\" href=\"#sdfootnote4anc\" name=\"sdfootnote4sym\">4<\/a> Harris, \u00ab\u00a0A Solution to the Combination Problem and the Future of Panpsychism\u00a0\u00bb (Une solution au probl\u00e8me de la combinaison et l\u2019avenir du panpsychisme).<\/p>\n<\/div>\n<div id=\"sdfootnote5\">\n<p align=\"justify\"><a class=\"sdfootnotesym\" href=\"#sdfootnote5anc\" name=\"sdfootnote5sym\">5<\/a><span lang=\"en-US\"> Jahn, \u201cThe Role of Consciousness in the Physical World.\u201d<\/span><\/p>\n<\/div>\n<div id=\"sdfootnote6\">\n<p align=\"justify\"><a class=\"sdfootnotesym\" href=\"#sdfootnote6anc\" name=\"sdfootnote6sym\">6<\/a><span lang=\"en-US\"> Chalmers and McQueen, \u201cConsciousness and the Collapse of the Wave Function.\u201d (Conscience et effondrement de la fonction d\u2019onde).<\/span><\/p>\n<\/div>\n<div id=\"sdfootnote7\">\n<p align=\"justify\"><a class=\"sdfootnotesym\" href=\"#sdfootnote7anc\" name=\"sdfootnote7sym\">7<\/a><span lang=\"en-US\"> Bohm, \u201cA New Theory of the Relationship of Mind and Matter.\u201d<\/span><\/p>\n<\/div>\n<div id=\"sdfootnote8\">\n<p align=\"justify\"><a class=\"sdfootnotesym\" href=\"#sdfootnote8anc\" name=\"sdfootnote8sym\">8<\/a><span lang=\"en-US\"> Seager, \u201cThe Philosophical and Scientific Metaphysics of David Bohm.\u201d<\/span><\/p>\n<\/div>\n<div id=\"sdfootnote9\">\n<p align=\"justify\"><a class=\"sdfootnotesym\" href=\"#sdfootnote9anc\" name=\"sdfootnote9sym\">9<\/a><span lang=\"en-US\"> Riedberger, \u201cFrom Clifford\u2019s Theory of Consciousness to A New Quantum Model of the Mind\u201d (De la th\u00e9orie de la conscience de Clifford \u00e0 un nouveau mod\u00e8le quantique de l\u2019esprit).<\/span><\/p>\n<\/div>\n<div id=\"sdfootnote10\">\n<p align=\"justify\"><a class=\"sdfootnotesym\" href=\"#sdfootnote10anc\" name=\"sdfootnote10sym\">10<\/a><span lang=\"en-US\"> Riedberger.<\/span><\/p>\n<\/div>\n<div id=\"sdfootnote11\">\n<p align=\"justify\"><a class=\"sdfootnotesym\" href=\"#sdfootnote11anc\" name=\"sdfootnote11sym\">11<\/a><span lang=\"en-US\"> Seager, \u201cThe Philosophical and Scientific Metaphysics of David Bohm.\u201d<\/span><\/p>\n<\/div>\n<div id=\"sdfootnote12\">\n<p align=\"justify\"><a class=\"sdfootnotesym\" href=\"#sdfootnote12anc\" name=\"sdfootnote12sym\">12<\/a><span lang=\"en-US\"> Bohm, \u201cA New Theory of the Relationship of Mind and Matter.\u201d<\/span><\/p>\n<\/div>\n<div id=\"sdfootnote13\">\n<p align=\"justify\"><a class=\"sdfootnotesym\" href=\"#sdfootnote13anc\" name=\"sdfootnote13sym\">13<\/a><span lang=\"en-US\"> Seager, \u201cThe Philosophical and Scientific Metaphysics of David Bohm.\u201d<\/span><\/p>\n<\/div>\n<div id=\"sdfootnote14\">\n<p align=\"justify\"><a class=\"sdfootnotesym\" href=\"#sdfootnote14anc\" name=\"sdfootnote14sym\">14<\/a><span lang=\"en-US\"> Penrose, \u201c<\/span><span lang=\"en-US\"><i>Shadows of the Mind: A Search for the Missing Science of Consciousness<\/i><\/span><span lang=\"en-US\">.\u201d (TR fr <\/span><span lang=\"en-US\"><i>Les ombres de l\u2019esprit \u2014 \u00c0 la recherche d\u2019une science de la conscience<\/i><\/span><span lang=\"en-US\">)<\/span><\/p>\n<\/div>\n<div id=\"sdfootnote15\">\n<p align=\"justify\"><a class=\"sdfootnotesym\" href=\"#sdfootnote15anc\" name=\"sdfootnote15sym\">15<\/a> Chalmers, \u00ab\u00a0The Character of Consciousness\u00a0\u00bb.<\/p>\n<\/div>\n<div id=\"sdfootnote16\">\n<p class=\"sdfootnote\" align=\"justify\"><a class=\"sdfootnotesym\" href=\"#sdfootnote16anc\" name=\"sdfootnote16sym\">16<\/a><span style=\"font-size: medium;\"> Chalmers and McQueen, \u201cConsciousness and the Collapse of the Wave Function.\u201d (Conscience et effondrement de la fonction d\u2019onde).<\/span><\/p>\n<\/div>\n<div id=\"sdfootnote17\">\n<p align=\"justify\"><a class=\"sdfootnotesym\" href=\"#sdfootnote17anc\" name=\"sdfootnote17sym\">17<\/a> Tononi, <span style=\"color: #000000;\">\u201cConsciousness as Integrated Information.\u201d<\/span> \u00ab\u00a0La conscience comme information int\u00e9gr\u00e9e\u00a0\u00bb.<\/p>\n<\/div>\n<div id=\"sdfootnote18\">\n<p align=\"justify\"><a class=\"sdfootnotesym\" href=\"#sdfootnote18anc\" name=\"sdfootnote18sym\">18<\/a><span style=\"color: #000000;\"> \u201cIntegrated Information Theory of Consciousness | Internet Encyclopedia of Philosophy.\u201d<\/span> \u00ab\u00a0Th\u00e9orie de l\u2019information int\u00e9gr\u00e9e de la conscience | Encyclop\u00e9die Internet de la philosophie\u00a0\u00bb.<\/p>\n<\/div>\n<div id=\"sdfootnote19\">\n<p align=\"justify\"><a class=\"sdfootnotesym\" href=\"#sdfootnote19anc\" name=\"sdfootnote19sym\">19<\/a> Chalmers et McQueen, \u00ab\u00a0Consciousness and the Collapse of the Wave Function\u00a0\u00bb<\/p>\n<\/div>\n","protected":false},"excerpt":{"rendered":"<p>Traduction libre 20\/08\/2023 Une br\u00e8ve introduction Grace Endries est \u00e9tudiante en master \u00e0 l\u2019universit\u00e9 d\u2019\u00c9tat de l\u2019Oregon, o\u00f9 elle \u00e9tudie l\u2019intersection des sciences politiques et de la philosophie, en particulier la mani\u00e8re dont nous comprenons et engageons la conscience. Sa formation en th\u00e9orie politique et en psychologie a inspir\u00e9 des enqu\u00eates philosophiques sur ce que [&hellip;]<\/p>\n","protected":false},"author":2,"featured_media":19483,"comment_status":"closed","ping_status":"closed","sticky":false,"template":"","format":"standard","meta":{"footnotes":""},"categories":[1540],"tags":[1494,928,298,1493,1765,1590],"class_list":["post-19482","post","type-post","status-publish","format-standard","has-post-thumbnail","hentry","category-actualite","tag-idealisme","tag-information","tag-materialisme","tag-panpsychisme","tag-physicalisme","tag-science-et-conscience"],"yoast_head":"<!-- This site is optimized with the Yoast SEO plugin v27.0 - https:\/\/yoast.com\/product\/yoast-seo-wordpress\/ -->\n<title>Le fant\u00f4me dans la coquille par Grace Endries - 3e mill\u00e9naire - Spiritualit\u00e9 - Connaissance de soi - Non-dualit\u00e9 - M\u00e9ditation<\/title>\n<meta name=\"robots\" content=\"index, follow, max-snippet:-1, max-image-preview:large, max-video-preview:-1\" \/>\n<link rel=\"canonical\" href=\"https:\/\/www.revue3emillenaire.com\/blog\/le-fantome-dans-la-coquille-par-grace-endries\/\" \/>\n<meta property=\"og:locale\" content=\"fr_FR\" \/>\n<meta property=\"og:type\" content=\"article\" \/>\n<meta property=\"og:title\" content=\"Le fant\u00f4me dans la coquille par Grace Endries - 3e mill\u00e9naire - Spiritualit\u00e9 - Connaissance de soi - Non-dualit\u00e9 - M\u00e9ditation\" \/>\n<meta property=\"og:description\" content=\"Traduction libre 20\/08\/2023 Une br\u00e8ve introduction Grace Endries est \u00e9tudiante en master \u00e0 l\u2019universit\u00e9 d\u2019\u00c9tat de l\u2019Oregon, o\u00f9 elle \u00e9tudie l\u2019intersection des sciences politiques et de la philosophie, en particulier la mani\u00e8re dont nous comprenons et engageons la conscience. Sa formation en th\u00e9orie politique et en psychologie a inspir\u00e9 des enqu\u00eates philosophiques sur ce que [&hellip;]\" \/>\n<meta property=\"og:url\" content=\"https:\/\/www.revue3emillenaire.com\/blog\/le-fantome-dans-la-coquille-par-grace-endries\/\" \/>\n<meta property=\"og:site_name\" content=\"3e mill\u00e9naire - Spiritualit\u00e9 - Connaissance de soi - Non-dualit\u00e9 - M\u00e9ditation\" \/>\n<meta property=\"article:published_time\" content=\"2023-09-28T00:52:30+00:00\" \/>\n<meta property=\"og:image\" content=\"https:\/\/www.revue3emillenaire.com\/blog\/wp-content\/uploads\/2023\/09\/Grace-Endries.jpg\" \/>\n\t<meta property=\"og:image:width\" content=\"280\" \/>\n\t<meta property=\"og:image:height\" content=\"280\" \/>\n\t<meta property=\"og:image:type\" content=\"image\/jpeg\" \/>\n<meta name=\"author\" content=\"3e mill\u00e9naire\" \/>\n<meta name=\"twitter:card\" content=\"summary_large_image\" \/>\n<meta name=\"twitter:label1\" content=\"\u00c9crit par\" \/>\n\t<meta name=\"twitter:data1\" content=\"3e mill\u00e9naire\" \/>\n\t<meta name=\"twitter:label2\" content=\"Dur\u00e9e de lecture estim\u00e9e\" \/>\n\t<meta name=\"twitter:data2\" content=\"23 minutes\" \/>\n<script type=\"application\/ld+json\" class=\"yoast-schema-graph\">{\"@context\":\"https:\/\/schema.org\",\"@graph\":[{\"@type\":\"Article\",\"@id\":\"https:\/\/www.revue3emillenaire.com\/blog\/le-fantome-dans-la-coquille-par-grace-endries\/#article\",\"isPartOf\":{\"@id\":\"https:\/\/www.revue3emillenaire.com\/blog\/le-fantome-dans-la-coquille-par-grace-endries\/\"},\"author\":{\"name\":\"3e mill\u00e9naire\",\"@id\":\"https:\/\/www.revue3emillenaire.com\/blog\/#\/schema\/person\/b692dacff720a5344a6190bc714397eb\"},\"headline\":\"Le fant\u00f4me dans la coquille par Grace Endries\",\"datePublished\":\"2023-09-28T00:52:30+00:00\",\"mainEntityOfPage\":{\"@id\":\"https:\/\/www.revue3emillenaire.com\/blog\/le-fantome-dans-la-coquille-par-grace-endries\/\"},\"wordCount\":5112,\"image\":{\"@id\":\"https:\/\/www.revue3emillenaire.com\/blog\/le-fantome-dans-la-coquille-par-grace-endries\/#primaryimage\"},\"thumbnailUrl\":\"https:\/\/www.revue3emillenaire.com\/blog\/wp-content\/uploads\/2023\/09\/Grace-Endries.jpg\",\"keywords\":[\"Id\u00e9alisme\",\"Information\",\"mat\u00e9rialisme\",\"Panpsychisme\",\"Physicalisme\",\"science et conscience\"],\"articleSection\":[\"Actualit\u00e9s\"],\"inLanguage\":\"fr-FR\"},{\"@type\":\"WebPage\",\"@id\":\"https:\/\/www.revue3emillenaire.com\/blog\/le-fantome-dans-la-coquille-par-grace-endries\/\",\"url\":\"https:\/\/www.revue3emillenaire.com\/blog\/le-fantome-dans-la-coquille-par-grace-endries\/\",\"name\":\"Le fant\u00f4me dans la coquille par Grace Endries - 3e mill\u00e9naire - Spiritualit\u00e9 - Connaissance de soi - Non-dualit\u00e9 - M\u00e9ditation\",\"isPartOf\":{\"@id\":\"https:\/\/www.revue3emillenaire.com\/blog\/#website\"},\"primaryImageOfPage\":{\"@id\":\"https:\/\/www.revue3emillenaire.com\/blog\/le-fantome-dans-la-coquille-par-grace-endries\/#primaryimage\"},\"image\":{\"@id\":\"https:\/\/www.revue3emillenaire.com\/blog\/le-fantome-dans-la-coquille-par-grace-endries\/#primaryimage\"},\"thumbnailUrl\":\"https:\/\/www.revue3emillenaire.com\/blog\/wp-content\/uploads\/2023\/09\/Grace-Endries.jpg\",\"datePublished\":\"2023-09-28T00:52:30+00:00\",\"author\":{\"@id\":\"https:\/\/www.revue3emillenaire.com\/blog\/#\/schema\/person\/b692dacff720a5344a6190bc714397eb\"},\"breadcrumb\":{\"@id\":\"https:\/\/www.revue3emillenaire.com\/blog\/le-fantome-dans-la-coquille-par-grace-endries\/#breadcrumb\"},\"inLanguage\":\"fr-FR\",\"potentialAction\":[{\"@type\":\"ReadAction\",\"target\":[\"https:\/\/www.revue3emillenaire.com\/blog\/le-fantome-dans-la-coquille-par-grace-endries\/\"]}]},{\"@type\":\"ImageObject\",\"inLanguage\":\"fr-FR\",\"@id\":\"https:\/\/www.revue3emillenaire.com\/blog\/le-fantome-dans-la-coquille-par-grace-endries\/#primaryimage\",\"url\":\"https:\/\/www.revue3emillenaire.com\/blog\/wp-content\/uploads\/2023\/09\/Grace-Endries.jpg\",\"contentUrl\":\"https:\/\/www.revue3emillenaire.com\/blog\/wp-content\/uploads\/2023\/09\/Grace-Endries.jpg\",\"width\":280,\"height\":280},{\"@type\":\"BreadcrumbList\",\"@id\":\"https:\/\/www.revue3emillenaire.com\/blog\/le-fantome-dans-la-coquille-par-grace-endries\/#breadcrumb\",\"itemListElement\":[{\"@type\":\"ListItem\",\"position\":1,\"name\":\"Accueil\",\"item\":\"https:\/\/www.revue3emillenaire.com\/blog\/\"},{\"@type\":\"ListItem\",\"position\":2,\"name\":\"Le fant\u00f4me dans la coquille par Grace Endries\"}]},{\"@type\":\"WebSite\",\"@id\":\"https:\/\/www.revue3emillenaire.com\/blog\/#website\",\"url\":\"https:\/\/www.revue3emillenaire.com\/blog\/\",\"name\":\"3e mill\u00e9naire - Spiritualit\u00e9 - Connaissance de soi - Non-dualit\u00e9 - M\u00e9ditation\",\"description\":\"L&#039;Homme en devenir\",\"potentialAction\":[{\"@type\":\"SearchAction\",\"target\":{\"@type\":\"EntryPoint\",\"urlTemplate\":\"https:\/\/www.revue3emillenaire.com\/blog\/?s={search_term_string}\"},\"query-input\":{\"@type\":\"PropertyValueSpecification\",\"valueRequired\":true,\"valueName\":\"search_term_string\"}}],\"inLanguage\":\"fr-FR\"},{\"@type\":\"Person\",\"@id\":\"https:\/\/www.revue3emillenaire.com\/blog\/#\/schema\/person\/b692dacff720a5344a6190bc714397eb\",\"name\":\"3e mill\u00e9naire\",\"url\":\"https:\/\/www.revue3emillenaire.com\/blog\/author\/scoussa\/\"}]}<\/script>\n<!-- \/ Yoast SEO plugin. -->","yoast_head_json":{"title":"Le fant\u00f4me dans la coquille par Grace Endries - 3e mill\u00e9naire - Spiritualit\u00e9 - Connaissance de soi - Non-dualit\u00e9 - M\u00e9ditation","robots":{"index":"index","follow":"follow","max-snippet":"max-snippet:-1","max-image-preview":"max-image-preview:large","max-video-preview":"max-video-preview:-1"},"canonical":"https:\/\/www.revue3emillenaire.com\/blog\/le-fantome-dans-la-coquille-par-grace-endries\/","og_locale":"fr_FR","og_type":"article","og_title":"Le fant\u00f4me dans la coquille par Grace Endries - 3e mill\u00e9naire - Spiritualit\u00e9 - Connaissance de soi - Non-dualit\u00e9 - M\u00e9ditation","og_description":"Traduction libre 20\/08\/2023 Une br\u00e8ve introduction Grace Endries est \u00e9tudiante en master \u00e0 l\u2019universit\u00e9 d\u2019\u00c9tat de l\u2019Oregon, o\u00f9 elle \u00e9tudie l\u2019intersection des sciences politiques et de la philosophie, en particulier la mani\u00e8re dont nous comprenons et engageons la conscience. Sa formation en th\u00e9orie politique et en psychologie a inspir\u00e9 des enqu\u00eates philosophiques sur ce que [&hellip;]","og_url":"https:\/\/www.revue3emillenaire.com\/blog\/le-fantome-dans-la-coquille-par-grace-endries\/","og_site_name":"3e mill\u00e9naire - Spiritualit\u00e9 - Connaissance de soi - Non-dualit\u00e9 - M\u00e9ditation","article_published_time":"2023-09-28T00:52:30+00:00","og_image":[{"width":280,"height":280,"url":"https:\/\/www.revue3emillenaire.com\/blog\/wp-content\/uploads\/2023\/09\/Grace-Endries.jpg","type":"image\/jpeg"}],"author":"3e mill\u00e9naire","twitter_card":"summary_large_image","twitter_misc":{"\u00c9crit par":"3e mill\u00e9naire","Dur\u00e9e de lecture estim\u00e9e":"23 minutes"},"schema":{"@context":"https:\/\/schema.org","@graph":[{"@type":"Article","@id":"https:\/\/www.revue3emillenaire.com\/blog\/le-fantome-dans-la-coquille-par-grace-endries\/#article","isPartOf":{"@id":"https:\/\/www.revue3emillenaire.com\/blog\/le-fantome-dans-la-coquille-par-grace-endries\/"},"author":{"name":"3e mill\u00e9naire","@id":"https:\/\/www.revue3emillenaire.com\/blog\/#\/schema\/person\/b692dacff720a5344a6190bc714397eb"},"headline":"Le fant\u00f4me dans la coquille par Grace Endries","datePublished":"2023-09-28T00:52:30+00:00","mainEntityOfPage":{"@id":"https:\/\/www.revue3emillenaire.com\/blog\/le-fantome-dans-la-coquille-par-grace-endries\/"},"wordCount":5112,"image":{"@id":"https:\/\/www.revue3emillenaire.com\/blog\/le-fantome-dans-la-coquille-par-grace-endries\/#primaryimage"},"thumbnailUrl":"https:\/\/www.revue3emillenaire.com\/blog\/wp-content\/uploads\/2023\/09\/Grace-Endries.jpg","keywords":["Id\u00e9alisme","Information","mat\u00e9rialisme","Panpsychisme","Physicalisme","science et conscience"],"articleSection":["Actualit\u00e9s"],"inLanguage":"fr-FR"},{"@type":"WebPage","@id":"https:\/\/www.revue3emillenaire.com\/blog\/le-fantome-dans-la-coquille-par-grace-endries\/","url":"https:\/\/www.revue3emillenaire.com\/blog\/le-fantome-dans-la-coquille-par-grace-endries\/","name":"Le fant\u00f4me dans la coquille par Grace Endries - 3e mill\u00e9naire - Spiritualit\u00e9 - Connaissance de soi - Non-dualit\u00e9 - M\u00e9ditation","isPartOf":{"@id":"https:\/\/www.revue3emillenaire.com\/blog\/#website"},"primaryImageOfPage":{"@id":"https:\/\/www.revue3emillenaire.com\/blog\/le-fantome-dans-la-coquille-par-grace-endries\/#primaryimage"},"image":{"@id":"https:\/\/www.revue3emillenaire.com\/blog\/le-fantome-dans-la-coquille-par-grace-endries\/#primaryimage"},"thumbnailUrl":"https:\/\/www.revue3emillenaire.com\/blog\/wp-content\/uploads\/2023\/09\/Grace-Endries.jpg","datePublished":"2023-09-28T00:52:30+00:00","author":{"@id":"https:\/\/www.revue3emillenaire.com\/blog\/#\/schema\/person\/b692dacff720a5344a6190bc714397eb"},"breadcrumb":{"@id":"https:\/\/www.revue3emillenaire.com\/blog\/le-fantome-dans-la-coquille-par-grace-endries\/#breadcrumb"},"inLanguage":"fr-FR","potentialAction":[{"@type":"ReadAction","target":["https:\/\/www.revue3emillenaire.com\/blog\/le-fantome-dans-la-coquille-par-grace-endries\/"]}]},{"@type":"ImageObject","inLanguage":"fr-FR","@id":"https:\/\/www.revue3emillenaire.com\/blog\/le-fantome-dans-la-coquille-par-grace-endries\/#primaryimage","url":"https:\/\/www.revue3emillenaire.com\/blog\/wp-content\/uploads\/2023\/09\/Grace-Endries.jpg","contentUrl":"https:\/\/www.revue3emillenaire.com\/blog\/wp-content\/uploads\/2023\/09\/Grace-Endries.jpg","width":280,"height":280},{"@type":"BreadcrumbList","@id":"https:\/\/www.revue3emillenaire.com\/blog\/le-fantome-dans-la-coquille-par-grace-endries\/#breadcrumb","itemListElement":[{"@type":"ListItem","position":1,"name":"Accueil","item":"https:\/\/www.revue3emillenaire.com\/blog\/"},{"@type":"ListItem","position":2,"name":"Le fant\u00f4me dans la coquille par Grace Endries"}]},{"@type":"WebSite","@id":"https:\/\/www.revue3emillenaire.com\/blog\/#website","url":"https:\/\/www.revue3emillenaire.com\/blog\/","name":"3e mill\u00e9naire - Spiritualit\u00e9 - Connaissance de soi - Non-dualit\u00e9 - M\u00e9ditation","description":"L&#039;Homme en devenir","potentialAction":[{"@type":"SearchAction","target":{"@type":"EntryPoint","urlTemplate":"https:\/\/www.revue3emillenaire.com\/blog\/?s={search_term_string}"},"query-input":{"@type":"PropertyValueSpecification","valueRequired":true,"valueName":"search_term_string"}}],"inLanguage":"fr-FR"},{"@type":"Person","@id":"https:\/\/www.revue3emillenaire.com\/blog\/#\/schema\/person\/b692dacff720a5344a6190bc714397eb","name":"3e mill\u00e9naire","url":"https:\/\/www.revue3emillenaire.com\/blog\/author\/scoussa\/"}]}},"_links":{"self":[{"href":"https:\/\/www.revue3emillenaire.com\/blog\/wp-json\/wp\/v2\/posts\/19482","targetHints":{"allow":["GET"]}}],"collection":[{"href":"https:\/\/www.revue3emillenaire.com\/blog\/wp-json\/wp\/v2\/posts"}],"about":[{"href":"https:\/\/www.revue3emillenaire.com\/blog\/wp-json\/wp\/v2\/types\/post"}],"author":[{"embeddable":true,"href":"https:\/\/www.revue3emillenaire.com\/blog\/wp-json\/wp\/v2\/users\/2"}],"replies":[{"embeddable":true,"href":"https:\/\/www.revue3emillenaire.com\/blog\/wp-json\/wp\/v2\/comments?post=19482"}],"version-history":[{"count":0,"href":"https:\/\/www.revue3emillenaire.com\/blog\/wp-json\/wp\/v2\/posts\/19482\/revisions"}],"wp:featuredmedia":[{"embeddable":true,"href":"https:\/\/www.revue3emillenaire.com\/blog\/wp-json\/wp\/v2\/media\/19483"}],"wp:attachment":[{"href":"https:\/\/www.revue3emillenaire.com\/blog\/wp-json\/wp\/v2\/media?parent=19482"}],"wp:term":[{"taxonomy":"category","embeddable":true,"href":"https:\/\/www.revue3emillenaire.com\/blog\/wp-json\/wp\/v2\/categories?post=19482"},{"taxonomy":"post_tag","embeddable":true,"href":"https:\/\/www.revue3emillenaire.com\/blog\/wp-json\/wp\/v2\/tags?post=19482"}],"curies":[{"name":"wp","href":"https:\/\/api.w.org\/{rel}","templated":true}]}}