{"id":19491,"date":"2023-09-16T00:05:55","date_gmt":"2023-09-15T23:05:55","guid":{"rendered":"https:\/\/www.revue3emillenaire.com\/blog\/?p=19491"},"modified":"2023-09-16T00:05:55","modified_gmt":"2023-09-15T23:05:55","slug":"declaration-au-dela-du-colonialisme-climatique-et-de-limperialisme-alimentaire-vers-la-democratie-de-la-terre-et-la-liberte-alimentaire-par-le-dr-vandana-shiva","status":"publish","type":"post","link":"https:\/\/www.revue3emillenaire.com\/blog\/declaration-au-dela-du-colonialisme-climatique-et-de-limperialisme-alimentaire-vers-la-democratie-de-la-terre-et-la-liberte-alimentaire-par-le-dr-vandana-shiva\/","title":{"rendered":"D\u00e9claration \u2014 Au-del\u00e0 du colonialisme climatique et de l\u2019imp\u00e9rialisme alimentaire vers la d\u00e9mocratie de la Terre et la libert\u00e9 alimentaire par le Dr Vandana Shiva"},"content":{"rendered":"<p align=\"justify\"><i>Traduction libre<\/i><\/p>\n<p align=\"justify\">6\u00a0septembre 2023<\/p>\n<p align=\"justify\">1. <b>La Terre M\u00e8re est un \u00eatre vivant, sacr\u00e9 et auto-organis\u00e9. Elle cr\u00e9e et soutient la vie<\/b>. \u00c0 travers sa biosph\u00e8re et ses processus \u00e9cologiques complexes, elle r\u00e9gule ses syst\u00e8mes d\u2019eau, ses cycles de nutrition et son syst\u00e8me climatique. En l\u2019espace de 4\u00a0milliards d\u2019ann\u00e9es, en utilisant l\u2019\u00e9nergie du soleil, le pouvoir de la photosynth\u00e8se par les microbes et la feuille verte des plantes, elle a r\u00e9ussi \u00e0 abaisser la temp\u00e9rature de la plan\u00e8te de 290\u00a0\u00b0C \u00e0 13\u00a0\u00b0C, et la concentration de CO<sub>2<\/sub> atmosph\u00e9rique de 98\u00a0% \u00e0 0,03\u00a0%, passant d\u2019environ 4\u00a0000 \u00e0 environ 250-270. Par le biais de la photosynth\u00e8se, elle convertit le dioxyde de carbone en glucides, la mol\u00e9cule de la vie, la nourriture que nous mangeons, et l\u2019oxyg\u00e8ne que nous respirons.<\/p>\n<p align=\"justify\">2. Nous sommes les membres les plus jeunes de la famille de la Terre M\u00e8re, <i>Vasudhaiva Kutumbkam<\/i>. Les plantes et les microbes sont nos a\u00een\u00e9s. Ils peuvent nous apprendre \u00e0 vivre sur la Terre en tant que citoyens de la Terre, en pratiquant la d\u00e9mocratie de la Terre avec toute la vie sur Terre. <b>Nous avons le devoir de respecter et de prot\u00e9ger les droits de la Terre, son int\u00e9grit\u00e9 et sa r\u00e9gulation autonome<\/b>. Nous avons le devoir de vivre dans les limites \u00e9cologiques fix\u00e9es par la Terre. Nous avons le devoir de partager les dons de la Terre avec tous ses \u00eatres. Nous n\u2019avons pas le droit de la polluer ni de perturber ses processus \u00e9cologiques. Prendre la part d\u2019autres esp\u00e8ces, d\u2019autres peuples et des g\u00e9n\u00e9rations futures est un crime \u00e9cologique.<\/p>\n<p align=\"justify\">3. La nourriture est la monnaie de la vie. C\u2019est le flux qui relie le sol, les plantes, notre intestin et notre cerveau. L\u2019Ayurveda reconna\u00eet que \u00ab\u00a0<i>Annam Sarva Aushadhi<\/i>\u00a0\u00bb, la nourriture est le meilleur rem\u00e8de. Hippocrate disait\u00a0: \u00ab\u00a0Que la nourriture soit ton m\u00e9dicament.\u00a0\u00bb <b>Cultiver, servir et manger de la bonne nourriture, saine <\/b><b>et <\/b><b>en abondance, conform\u00e9ment aux lois et processus de la nature est notre devoir \u00e9cologique et \u00e9thique sup\u00e9rieur \u2014 \u00ab\u00a0<\/b><i><b>Annam Bahu Kurvita<\/b><\/i><b>\u00a0\u00bb<\/b>. C\u2019est par les syst\u00e8mes alimentaires que nous participons aux processus biologiques et \u00e9cologiques de la Terre, et nous devenons des citoyens de la Terre. Et c\u2019est \u00e0 travers le syst\u00e8me alimentaire industrialis\u00e9 et mondialis\u00e9 que les limites de la Terre sont viol\u00e9es et que ses syst\u00e8mes d\u2019autor\u00e9gulation sont perturb\u00e9s et d\u00e9stabilis\u00e9s.<\/p>\n<p align=\"justify\">4. <b>Deux cents ans d\u2019industrialisme, combin\u00e9s \u00e0 la colonisation de la nature et de nos cultures diverses, ont d\u00e9truit les \u00e9cosyst\u00e8mes et la biosph\u00e8re de la Terre<\/b>. La combustion des combustibles fossiles a pollu\u00e9 la terre, l\u2019eau et l\u2019atmosph\u00e8re, accumul\u00e9 des \u00e9missions et perturb\u00e9 l\u2019\u00e9quilibre d\u00e9licat des syst\u00e8mes climatiques et hydrologiques de la Terre, intensifiant les inondations, les s\u00e9cheresses et les cyclones, provoquant le chaos climatique et les catastrophes.<\/p>\n<p align=\"justify\">5. L\u2019\u00e9nergie bas\u00e9e sur les combustibles fossiles, l\u2019agriculture industrielle intensive en produits chimiques et les syst\u00e8mes mondiaux de produits de base contr\u00f4l\u00e9s par des soci\u00e9t\u00e9s comme Bayer-Monsanto, Cargill, Coke, Pepsi et Nestl\u00e9 sont parmi les plus grands contributeurs des gaz \u00e0 effet de serre responsables du changement climatique. Provenant de la production intensive de combustibles fossiles et de produits chimiques, l\u2019agriculture industrielle a entra\u00een\u00e9 la destruction de for\u00eats comme l\u2019Amazonie pour la culture de produits comme le soja g\u00e9n\u00e9tiquement modifi\u00e9, les kilom\u00e8tres parcourus par les aliments, la transformation et l\u2019emballage excessifs, et le gaspillage alimentaire. Les syst\u00e8mes alimentaires et agricoles industriels et mondialis\u00e9s sont \u00e9galement responsables de la crise de l\u2019extinction, de la d\u00e9sertification des sols et de la disparition de l\u2019eau. Ils sont \u00e9galement responsables de la mont\u00e9e des maladies chroniques. <b>Tout ce qui nuit \u00e0 la sant\u00e9 de la plan\u00e8te affecte \u00e9galement notre sant\u00e9, car nous faisons partie de la Terre.<\/b> Nous sommes compos\u00e9s des m\u00eames <a href=\"https:\/\/en.wikipedia.org\/wiki\/Pancha_Bhuta\" target=\"_blank\" rel=\"noopener\"><i>Panchmahabhutas<\/i><\/a> dont est faite la Terre.<\/p>\n<p align=\"justify\">6. Nous emprunterons un chemin au-del\u00e0 du colonialisme climatique et du d\u00e9ni du climat. Nous emprunterons le chemin de la justice climatique et de la libert\u00e9 alimentaire. <b>En tant qu\u2019esp\u00e8ce, les humains n\u2019ont pas caus\u00e9 les catastrophes climatiques, la cupidit\u00e9 de 1\u00a0% l\u2019a fait.<\/b> Les catastrophes climatiques sont r\u00e9elles et sont caus\u00e9es par la pollution des super riches et de l\u2019\u00e9lite. Ils s\u2019ajoutent \u00e0 l\u2019impact destructeur du sous-d\u00e9veloppement qui place les profits au-dessus de la nature et des personnes. Le top 1\u00a0% des \u00e9metteurs produit plus de 1000\u00a0fois plus de pollution que le bas 1\u00a0%.<b> Les \u00e9missions de carbone des 1\u00a0% sont plus du double des \u00e9missions de la moiti\u00e9 la plus pauvre de l\u2019humanit\u00e9.<\/b> <b>Il ne s\u2019agit pas d\u2019impacts anthropog\u00e9niques englobant toute l\u2019humanit\u00e9.<\/b> Ce sont des impacts capitalistes de la cupidit\u00e9 du 1\u00a0%. Ceux d\u2019entre nous qui n\u2019ont pas contribu\u00e9 \u00e0 la pollution subissent les pires cons\u00e9quences des inondations et des s\u00e9cheresses, des cyclones et des vagues de chaleur. Le changement climatique est une question de justice. Les pollueurs doivent cesser de polluer. Les pollueurs doivent payer. Nous n\u2019accepterons pas les fausses solutions au changement climatique impos\u00e9es par les pollueurs. Nous n\u2019acceptons pas le colonialisme climatique.<\/p>\n<p align=\"justify\">7. Les syst\u00e8mes alimentaires industriels bas\u00e9s sur des intrants externes, qui sont gourmands en ressources et en \u00e9nergie, violent les lois et les processus \u00e9cologiques. Les syst\u00e8mes alimentaires industriels incluent la r\u00e9volution verte chimique, les OGM, la mondialisation et la marchandisation de l\u2019alimentation. Ils contribuent \u00e0 la pollution toxique et aux \u00e9missions et sont responsables du changement climatique, de la crise de l\u2019extinction et de la crise alimentaire. <b>Les pollueurs tentent maintenant d\u2019imposer une industrialisation et une mondialisation accrues de l\u2019alimentation sous forme de \u00ab\u00a0fausse nourriture\u00a0\u00bb en tant que fausse solution \u00e0 la crise climatique.<\/b> Les aliments de laboratoire \u00e0 forte intensit\u00e9 de mati\u00e8res premi\u00e8res et d\u2019\u00e9nergie, tels que les aliments synth\u00e9tiques, les aliments cellulaires et les aliments de laboratoire, <a href=\"https:\/\/lachefnet.wordpress.com\/2023\/07\/17\/the-irony-of-protein-corporations\/\" target=\"_blank\" rel=\"noopener\">augmenteront la demande de mati\u00e8res premi\u00e8res par un facteur de cinq et les \u00e9missions par un facteur de 25<\/a>. L\u2019intensification des processus \u00e0 l\u2019origine de la crise ne fera qu\u2019aggraver la crise climatique, sans la r\u00e9soudre.<\/p>\n<p align=\"justify\">L\u2019industrialisation de l\u2019alimentation avec des engrais synth\u00e9tiques et des ingr\u00e9dients synth\u00e9tiques dans les aliments ultra-transform\u00e9s a d\u00e9j\u00e0 contribu\u00e9 \u00e0 la crise climatique et sanitaire. <b>Les syst\u00e8mes alimentaires industriels ont caus\u00e9 le probl\u00e8me. Une intensification accrue de l\u2019industrialisation de l\u2019alimentation ne fera qu\u2019aggraver et acc\u00e9l\u00e9rer la crise climatique et sanitaire.<\/b> Comme Einstein nous avait mis en garde, \u00ab\u00a0Faire la m\u00eame chose encore et encore et s\u2019attendre \u00e0 des r\u00e9sultats diff\u00e9rents, c\u2019est la d\u00e9finition de la folie\u00a0\u00bb.<\/p>\n<p align=\"justify\">8. \u00ab\u00a0L\u2019agriculture sans agriculteurs\u00a0\u00bb et \u00ab\u00a0la nourriture sans fermes\u00a0\u00bb sont une dystopie. Les humains font partie de la nature, nous ne sommes pas s\u00e9par\u00e9s de la nature. La nourriture est ce qui nous relie. <b>Cultiver de la vraie nourriture avec soin, c\u2019est agir pour le climat.<\/b><\/p>\n<p align=\"justify\">Les agriculteurs ont le potentiel de prendre soin de la terre et de la r\u00e9g\u00e9n\u00e9rer tout en cultivant de la nourriture. <b>Nous avons besoin de plus d\u2019agriculteurs, pas moins<\/b>. Une industrialisation accrue de l\u2019alimentation chassera les petits agriculteurs et les ouvriers agricoles et utilisera plus de \u00ab\u00a0serviteurs \u00e9nerg\u00e9tiques\u00a0\u00bb, contribuant \u00e0 davantage d\u2019\u00e9missions et non moins.<\/p>\n<p align=\"justify\">Les agriculteurs ont offert au monde la science de l\u2019agro\u00e9cologie et de l\u2019agriculture biologique r\u00e9g\u00e9n\u00e9ratrice, cultivant de la nourriture selon les lois de la biodiversit\u00e9 de la nature et la loi de la circularit\u00e9, la loi du retour. Nos graines diverses, nos aliments et nos syst\u00e8mes \u00e9cologiques de production alimentaire et agricole bas\u00e9s sur les lois de la nature nous ont soutenus, nous et la Terre, pendant des milliers d\u2019ann\u00e9es. Cultiver sans combustibles fossiles et sans agrotoxines \u00e0 base de combustibles fossiles, intensifier la biodiversit\u00e9 de la nature et ses processus de photosynth\u00e8se, r\u00e9g\u00e9n\u00e9rer sa biosph\u00e8re, voil\u00e0 la r\u00e9ponse \u00e0 la crise climatique, \u00e0 la crise alimentaire, \u00e0 la crise sanitaire. Nous pouvons apprendre de la Terre comment la gu\u00e9rir et la r\u00e9g\u00e9n\u00e9rer. <b>Nous pouvons suivre ses lois pour faire face \u00e0 la crise climatique.<\/b><\/p>\n<p align=\"justify\"><i>La libert\u00e9 alimentaire et la souverainet\u00e9 alimentaire sont notre droit de naissance.<\/i><\/p>\n<p align=\"justify\"><i>Nous r\u00e9sisterons au nouvel imp\u00e9rialisme alimentaire de la fausse nourriture en tant que fausse solution au climat.<\/i><\/p>\n<p align=\"justify\"><i>Nous respecterons et prot\u00e9gerons les droits de la Terre M\u00e8re.<\/i><\/p>\n<p align=\"justify\"><i>Nous gu\u00e9rirons la Terre et nous-m\u00eames en cultivant et en mangeant de la vraie nourriture, de la nourriture pour la sant\u00e9.<\/i><\/p>\n<p align=\"justify\"><i>Nous ferons pousser des jardins d\u2019espoir partout.<\/i><\/p>\n<p align=\"justify\">Texte original\u00a0: <a href=\"https:\/\/navdanyainternational.org\/beyond-climate-colonialism-and-food-imperialism-to-earth-democracy-and-food-freedom\/\" target=\"_blank\" rel=\"noopener\">https:\/\/navdanyainternational.org\/beyond-climate-colonialism-and-food-imperialism-to-earth-democracy-and-food-freedom\/<\/a><\/p>\n","protected":false},"excerpt":{"rendered":"<p>Traduction libre 6\u00a0septembre 2023 1. La Terre M\u00e8re est un \u00eatre vivant, sacr\u00e9 et auto-organis\u00e9. Elle cr\u00e9e et soutient la vie. \u00c0 travers sa biosph\u00e8re et ses processus \u00e9cologiques complexes, elle r\u00e9gule ses syst\u00e8mes d\u2019eau, ses cycles de nutrition et son syst\u00e8me climatique. En l\u2019espace de 4\u00a0milliards d\u2019ann\u00e9es, en utilisant l\u2019\u00e9nergie du soleil, le pouvoir [&hellip;]<\/p>\n","protected":false},"author":2,"featured_media":18357,"comment_status":"closed","ping_status":"closed","sticky":false,"template":"","format":"standard","meta":{"footnotes":""},"categories":[1540,1541],"tags":[],"class_list":["post-19491","post","type-post","status-publish","format-standard","has-post-thumbnail","hentry","category-actualite","category-shiva-vandana"],"yoast_head":"<!-- This site is optimized with the Yoast SEO plugin v27.0 - https:\/\/yoast.com\/product\/yoast-seo-wordpress\/ -->\n<title>D\u00e9claration \u2014 Au-del\u00e0 du colonialisme climatique et de l\u2019imp\u00e9rialisme alimentaire vers la d\u00e9mocratie de la Terre et la libert\u00e9 alimentaire par le Dr Vandana Shiva - 3e mill\u00e9naire - Spiritualit\u00e9 - Connaissance de soi - Non-dualit\u00e9 - M\u00e9ditation<\/title>\n<meta name=\"robots\" content=\"index, follow, max-snippet:-1, max-image-preview:large, max-video-preview:-1\" \/>\n<link rel=\"canonical\" href=\"https:\/\/www.revue3emillenaire.com\/blog\/declaration-au-dela-du-colonialisme-climatique-et-de-limperialisme-alimentaire-vers-la-democratie-de-la-terre-et-la-liberte-alimentaire-par-le-dr-vandana-shiva\/\" \/>\n<meta property=\"og:locale\" content=\"fr_FR\" \/>\n<meta property=\"og:type\" content=\"article\" \/>\n<meta property=\"og:title\" content=\"D\u00e9claration \u2014 Au-del\u00e0 du colonialisme climatique et de l\u2019imp\u00e9rialisme alimentaire vers la d\u00e9mocratie de la Terre et la libert\u00e9 alimentaire par le Dr Vandana Shiva - 3e mill\u00e9naire - Spiritualit\u00e9 - Connaissance de soi - Non-dualit\u00e9 - M\u00e9ditation\" \/>\n<meta property=\"og:description\" content=\"Traduction libre 6\u00a0septembre 2023 1. La Terre M\u00e8re est un \u00eatre vivant, sacr\u00e9 et auto-organis\u00e9. Elle cr\u00e9e et soutient la vie. \u00c0 travers sa biosph\u00e8re et ses processus \u00e9cologiques complexes, elle r\u00e9gule ses syst\u00e8mes d\u2019eau, ses cycles de nutrition et son syst\u00e8me climatique. En l\u2019espace de 4\u00a0milliards d\u2019ann\u00e9es, en utilisant l\u2019\u00e9nergie du soleil, le pouvoir [&hellip;]\" \/>\n<meta property=\"og:url\" content=\"https:\/\/www.revue3emillenaire.com\/blog\/declaration-au-dela-du-colonialisme-climatique-et-de-limperialisme-alimentaire-vers-la-democratie-de-la-terre-et-la-liberte-alimentaire-par-le-dr-vandana-shiva\/\" \/>\n<meta property=\"og:site_name\" content=\"3e mill\u00e9naire - Spiritualit\u00e9 - Connaissance de soi - Non-dualit\u00e9 - M\u00e9ditation\" \/>\n<meta property=\"article:published_time\" content=\"2023-09-15T23:05:55+00:00\" \/>\n<meta property=\"og:image\" content=\"https:\/\/www.revue3emillenaire.com\/blog\/wp-content\/uploads\/2021\/03\/Vandana-Shiva.jpg\" \/>\n\t<meta property=\"og:image:width\" content=\"166\" \/>\n\t<meta property=\"og:image:height\" content=\"151\" \/>\n\t<meta property=\"og:image:type\" content=\"image\/jpeg\" \/>\n<meta name=\"author\" content=\"3e mill\u00e9naire\" \/>\n<meta name=\"twitter:card\" content=\"summary_large_image\" \/>\n<meta name=\"twitter:label1\" content=\"\u00c9crit par\" \/>\n\t<meta name=\"twitter:data1\" content=\"3e mill\u00e9naire\" \/>\n\t<meta name=\"twitter:label2\" content=\"Dur\u00e9e de lecture estim\u00e9e\" \/>\n\t<meta name=\"twitter:data2\" content=\"7 minutes\" \/>\n<script type=\"application\/ld+json\" class=\"yoast-schema-graph\">{\"@context\":\"https:\/\/schema.org\",\"@graph\":[{\"@type\":\"Article\",\"@id\":\"https:\/\/www.revue3emillenaire.com\/blog\/declaration-au-dela-du-colonialisme-climatique-et-de-limperialisme-alimentaire-vers-la-democratie-de-la-terre-et-la-liberte-alimentaire-par-le-dr-vandana-shiva\/#article\",\"isPartOf\":{\"@id\":\"https:\/\/www.revue3emillenaire.com\/blog\/declaration-au-dela-du-colonialisme-climatique-et-de-limperialisme-alimentaire-vers-la-democratie-de-la-terre-et-la-liberte-alimentaire-par-le-dr-vandana-shiva\/\"},\"author\":{\"name\":\"3e mill\u00e9naire\",\"@id\":\"https:\/\/www.revue3emillenaire.com\/blog\/#\/schema\/person\/b692dacff720a5344a6190bc714397eb\"},\"headline\":\"D\u00e9claration \u2014 Au-del\u00e0 du colonialisme climatique et de l\u2019imp\u00e9rialisme alimentaire vers la d\u00e9mocratie de la Terre et la libert\u00e9 alimentaire par le Dr Vandana Shiva\",\"datePublished\":\"2023-09-15T23:05:55+00:00\",\"mainEntityOfPage\":{\"@id\":\"https:\/\/www.revue3emillenaire.com\/blog\/declaration-au-dela-du-colonialisme-climatique-et-de-limperialisme-alimentaire-vers-la-democratie-de-la-terre-et-la-liberte-alimentaire-par-le-dr-vandana-shiva\/\"},\"wordCount\":1527,\"image\":{\"@id\":\"https:\/\/www.revue3emillenaire.com\/blog\/declaration-au-dela-du-colonialisme-climatique-et-de-limperialisme-alimentaire-vers-la-democratie-de-la-terre-et-la-liberte-alimentaire-par-le-dr-vandana-shiva\/#primaryimage\"},\"thumbnailUrl\":\"https:\/\/www.revue3emillenaire.com\/blog\/wp-content\/uploads\/2021\/03\/Vandana-Shiva.jpg\",\"articleSection\":[\"Actualit\u00e9s\",\"Shiva Vandana\"],\"inLanguage\":\"fr-FR\"},{\"@type\":\"WebPage\",\"@id\":\"https:\/\/www.revue3emillenaire.com\/blog\/declaration-au-dela-du-colonialisme-climatique-et-de-limperialisme-alimentaire-vers-la-democratie-de-la-terre-et-la-liberte-alimentaire-par-le-dr-vandana-shiva\/\",\"url\":\"https:\/\/www.revue3emillenaire.com\/blog\/declaration-au-dela-du-colonialisme-climatique-et-de-limperialisme-alimentaire-vers-la-democratie-de-la-terre-et-la-liberte-alimentaire-par-le-dr-vandana-shiva\/\",\"name\":\"D\u00e9claration \u2014 Au-del\u00e0 du colonialisme climatique et de l\u2019imp\u00e9rialisme alimentaire vers la d\u00e9mocratie de la Terre et la libert\u00e9 alimentaire par le Dr Vandana Shiva - 3e mill\u00e9naire - Spiritualit\u00e9 - Connaissance de soi - Non-dualit\u00e9 - M\u00e9ditation\",\"isPartOf\":{\"@id\":\"https:\/\/www.revue3emillenaire.com\/blog\/#website\"},\"primaryImageOfPage\":{\"@id\":\"https:\/\/www.revue3emillenaire.com\/blog\/declaration-au-dela-du-colonialisme-climatique-et-de-limperialisme-alimentaire-vers-la-democratie-de-la-terre-et-la-liberte-alimentaire-par-le-dr-vandana-shiva\/#primaryimage\"},\"image\":{\"@id\":\"https:\/\/www.revue3emillenaire.com\/blog\/declaration-au-dela-du-colonialisme-climatique-et-de-limperialisme-alimentaire-vers-la-democratie-de-la-terre-et-la-liberte-alimentaire-par-le-dr-vandana-shiva\/#primaryimage\"},\"thumbnailUrl\":\"https:\/\/www.revue3emillenaire.com\/blog\/wp-content\/uploads\/2021\/03\/Vandana-Shiva.jpg\",\"datePublished\":\"2023-09-15T23:05:55+00:00\",\"author\":{\"@id\":\"https:\/\/www.revue3emillenaire.com\/blog\/#\/schema\/person\/b692dacff720a5344a6190bc714397eb\"},\"breadcrumb\":{\"@id\":\"https:\/\/www.revue3emillenaire.com\/blog\/declaration-au-dela-du-colonialisme-climatique-et-de-limperialisme-alimentaire-vers-la-democratie-de-la-terre-et-la-liberte-alimentaire-par-le-dr-vandana-shiva\/#breadcrumb\"},\"inLanguage\":\"fr-FR\",\"potentialAction\":[{\"@type\":\"ReadAction\",\"target\":[\"https:\/\/www.revue3emillenaire.com\/blog\/declaration-au-dela-du-colonialisme-climatique-et-de-limperialisme-alimentaire-vers-la-democratie-de-la-terre-et-la-liberte-alimentaire-par-le-dr-vandana-shiva\/\"]}]},{\"@type\":\"ImageObject\",\"inLanguage\":\"fr-FR\",\"@id\":\"https:\/\/www.revue3emillenaire.com\/blog\/declaration-au-dela-du-colonialisme-climatique-et-de-limperialisme-alimentaire-vers-la-democratie-de-la-terre-et-la-liberte-alimentaire-par-le-dr-vandana-shiva\/#primaryimage\",\"url\":\"https:\/\/www.revue3emillenaire.com\/blog\/wp-content\/uploads\/2021\/03\/Vandana-Shiva.jpg\",\"contentUrl\":\"https:\/\/www.revue3emillenaire.com\/blog\/wp-content\/uploads\/2021\/03\/Vandana-Shiva.jpg\",\"width\":166,\"height\":151},{\"@type\":\"BreadcrumbList\",\"@id\":\"https:\/\/www.revue3emillenaire.com\/blog\/declaration-au-dela-du-colonialisme-climatique-et-de-limperialisme-alimentaire-vers-la-democratie-de-la-terre-et-la-liberte-alimentaire-par-le-dr-vandana-shiva\/#breadcrumb\",\"itemListElement\":[{\"@type\":\"ListItem\",\"position\":1,\"name\":\"Accueil\",\"item\":\"https:\/\/www.revue3emillenaire.com\/blog\/\"},{\"@type\":\"ListItem\",\"position\":2,\"name\":\"D\u00e9claration \u2014 Au-del\u00e0 du colonialisme climatique et de l\u2019imp\u00e9rialisme alimentaire vers la d\u00e9mocratie de la Terre et la libert\u00e9 alimentaire par le Dr Vandana Shiva\"}]},{\"@type\":\"WebSite\",\"@id\":\"https:\/\/www.revue3emillenaire.com\/blog\/#website\",\"url\":\"https:\/\/www.revue3emillenaire.com\/blog\/\",\"name\":\"3e mill\u00e9naire - Spiritualit\u00e9 - Connaissance de soi - Non-dualit\u00e9 - M\u00e9ditation\",\"description\":\"L&#039;Homme en devenir\",\"potentialAction\":[{\"@type\":\"SearchAction\",\"target\":{\"@type\":\"EntryPoint\",\"urlTemplate\":\"https:\/\/www.revue3emillenaire.com\/blog\/?s={search_term_string}\"},\"query-input\":{\"@type\":\"PropertyValueSpecification\",\"valueRequired\":true,\"valueName\":\"search_term_string\"}}],\"inLanguage\":\"fr-FR\"},{\"@type\":\"Person\",\"@id\":\"https:\/\/www.revue3emillenaire.com\/blog\/#\/schema\/person\/b692dacff720a5344a6190bc714397eb\",\"name\":\"3e mill\u00e9naire\",\"url\":\"https:\/\/www.revue3emillenaire.com\/blog\/author\/scoussa\/\"}]}<\/script>\n<!-- \/ Yoast SEO plugin. -->","yoast_head_json":{"title":"D\u00e9claration \u2014 Au-del\u00e0 du colonialisme climatique et de l\u2019imp\u00e9rialisme alimentaire vers la d\u00e9mocratie de la Terre et la libert\u00e9 alimentaire par le Dr Vandana Shiva - 3e mill\u00e9naire - Spiritualit\u00e9 - Connaissance de soi - Non-dualit\u00e9 - M\u00e9ditation","robots":{"index":"index","follow":"follow","max-snippet":"max-snippet:-1","max-image-preview":"max-image-preview:large","max-video-preview":"max-video-preview:-1"},"canonical":"https:\/\/www.revue3emillenaire.com\/blog\/declaration-au-dela-du-colonialisme-climatique-et-de-limperialisme-alimentaire-vers-la-democratie-de-la-terre-et-la-liberte-alimentaire-par-le-dr-vandana-shiva\/","og_locale":"fr_FR","og_type":"article","og_title":"D\u00e9claration \u2014 Au-del\u00e0 du colonialisme climatique et de l\u2019imp\u00e9rialisme alimentaire vers la d\u00e9mocratie de la Terre et la libert\u00e9 alimentaire par le Dr Vandana Shiva - 3e mill\u00e9naire - Spiritualit\u00e9 - Connaissance de soi - Non-dualit\u00e9 - M\u00e9ditation","og_description":"Traduction libre 6\u00a0septembre 2023 1. La Terre M\u00e8re est un \u00eatre vivant, sacr\u00e9 et auto-organis\u00e9. Elle cr\u00e9e et soutient la vie. \u00c0 travers sa biosph\u00e8re et ses processus \u00e9cologiques complexes, elle r\u00e9gule ses syst\u00e8mes d\u2019eau, ses cycles de nutrition et son syst\u00e8me climatique. En l\u2019espace de 4\u00a0milliards d\u2019ann\u00e9es, en utilisant l\u2019\u00e9nergie du soleil, le pouvoir [&hellip;]","og_url":"https:\/\/www.revue3emillenaire.com\/blog\/declaration-au-dela-du-colonialisme-climatique-et-de-limperialisme-alimentaire-vers-la-democratie-de-la-terre-et-la-liberte-alimentaire-par-le-dr-vandana-shiva\/","og_site_name":"3e mill\u00e9naire - Spiritualit\u00e9 - Connaissance de soi - Non-dualit\u00e9 - M\u00e9ditation","article_published_time":"2023-09-15T23:05:55+00:00","og_image":[{"width":166,"height":151,"url":"https:\/\/www.revue3emillenaire.com\/blog\/wp-content\/uploads\/2021\/03\/Vandana-Shiva.jpg","type":"image\/jpeg"}],"author":"3e mill\u00e9naire","twitter_card":"summary_large_image","twitter_misc":{"\u00c9crit par":"3e mill\u00e9naire","Dur\u00e9e de lecture estim\u00e9e":"7 minutes"},"schema":{"@context":"https:\/\/schema.org","@graph":[{"@type":"Article","@id":"https:\/\/www.revue3emillenaire.com\/blog\/declaration-au-dela-du-colonialisme-climatique-et-de-limperialisme-alimentaire-vers-la-democratie-de-la-terre-et-la-liberte-alimentaire-par-le-dr-vandana-shiva\/#article","isPartOf":{"@id":"https:\/\/www.revue3emillenaire.com\/blog\/declaration-au-dela-du-colonialisme-climatique-et-de-limperialisme-alimentaire-vers-la-democratie-de-la-terre-et-la-liberte-alimentaire-par-le-dr-vandana-shiva\/"},"author":{"name":"3e mill\u00e9naire","@id":"https:\/\/www.revue3emillenaire.com\/blog\/#\/schema\/person\/b692dacff720a5344a6190bc714397eb"},"headline":"D\u00e9claration \u2014 Au-del\u00e0 du colonialisme climatique et de l\u2019imp\u00e9rialisme alimentaire vers la d\u00e9mocratie de la Terre et la libert\u00e9 alimentaire par le Dr Vandana Shiva","datePublished":"2023-09-15T23:05:55+00:00","mainEntityOfPage":{"@id":"https:\/\/www.revue3emillenaire.com\/blog\/declaration-au-dela-du-colonialisme-climatique-et-de-limperialisme-alimentaire-vers-la-democratie-de-la-terre-et-la-liberte-alimentaire-par-le-dr-vandana-shiva\/"},"wordCount":1527,"image":{"@id":"https:\/\/www.revue3emillenaire.com\/blog\/declaration-au-dela-du-colonialisme-climatique-et-de-limperialisme-alimentaire-vers-la-democratie-de-la-terre-et-la-liberte-alimentaire-par-le-dr-vandana-shiva\/#primaryimage"},"thumbnailUrl":"https:\/\/www.revue3emillenaire.com\/blog\/wp-content\/uploads\/2021\/03\/Vandana-Shiva.jpg","articleSection":["Actualit\u00e9s","Shiva Vandana"],"inLanguage":"fr-FR"},{"@type":"WebPage","@id":"https:\/\/www.revue3emillenaire.com\/blog\/declaration-au-dela-du-colonialisme-climatique-et-de-limperialisme-alimentaire-vers-la-democratie-de-la-terre-et-la-liberte-alimentaire-par-le-dr-vandana-shiva\/","url":"https:\/\/www.revue3emillenaire.com\/blog\/declaration-au-dela-du-colonialisme-climatique-et-de-limperialisme-alimentaire-vers-la-democratie-de-la-terre-et-la-liberte-alimentaire-par-le-dr-vandana-shiva\/","name":"D\u00e9claration \u2014 Au-del\u00e0 du colonialisme climatique et de l\u2019imp\u00e9rialisme alimentaire vers la d\u00e9mocratie de la Terre et la libert\u00e9 alimentaire par le Dr Vandana Shiva - 3e mill\u00e9naire - Spiritualit\u00e9 - Connaissance de soi - Non-dualit\u00e9 - M\u00e9ditation","isPartOf":{"@id":"https:\/\/www.revue3emillenaire.com\/blog\/#website"},"primaryImageOfPage":{"@id":"https:\/\/www.revue3emillenaire.com\/blog\/declaration-au-dela-du-colonialisme-climatique-et-de-limperialisme-alimentaire-vers-la-democratie-de-la-terre-et-la-liberte-alimentaire-par-le-dr-vandana-shiva\/#primaryimage"},"image":{"@id":"https:\/\/www.revue3emillenaire.com\/blog\/declaration-au-dela-du-colonialisme-climatique-et-de-limperialisme-alimentaire-vers-la-democratie-de-la-terre-et-la-liberte-alimentaire-par-le-dr-vandana-shiva\/#primaryimage"},"thumbnailUrl":"https:\/\/www.revue3emillenaire.com\/blog\/wp-content\/uploads\/2021\/03\/Vandana-Shiva.jpg","datePublished":"2023-09-15T23:05:55+00:00","author":{"@id":"https:\/\/www.revue3emillenaire.com\/blog\/#\/schema\/person\/b692dacff720a5344a6190bc714397eb"},"breadcrumb":{"@id":"https:\/\/www.revue3emillenaire.com\/blog\/declaration-au-dela-du-colonialisme-climatique-et-de-limperialisme-alimentaire-vers-la-democratie-de-la-terre-et-la-liberte-alimentaire-par-le-dr-vandana-shiva\/#breadcrumb"},"inLanguage":"fr-FR","potentialAction":[{"@type":"ReadAction","target":["https:\/\/www.revue3emillenaire.com\/blog\/declaration-au-dela-du-colonialisme-climatique-et-de-limperialisme-alimentaire-vers-la-democratie-de-la-terre-et-la-liberte-alimentaire-par-le-dr-vandana-shiva\/"]}]},{"@type":"ImageObject","inLanguage":"fr-FR","@id":"https:\/\/www.revue3emillenaire.com\/blog\/declaration-au-dela-du-colonialisme-climatique-et-de-limperialisme-alimentaire-vers-la-democratie-de-la-terre-et-la-liberte-alimentaire-par-le-dr-vandana-shiva\/#primaryimage","url":"https:\/\/www.revue3emillenaire.com\/blog\/wp-content\/uploads\/2021\/03\/Vandana-Shiva.jpg","contentUrl":"https:\/\/www.revue3emillenaire.com\/blog\/wp-content\/uploads\/2021\/03\/Vandana-Shiva.jpg","width":166,"height":151},{"@type":"BreadcrumbList","@id":"https:\/\/www.revue3emillenaire.com\/blog\/declaration-au-dela-du-colonialisme-climatique-et-de-limperialisme-alimentaire-vers-la-democratie-de-la-terre-et-la-liberte-alimentaire-par-le-dr-vandana-shiva\/#breadcrumb","itemListElement":[{"@type":"ListItem","position":1,"name":"Accueil","item":"https:\/\/www.revue3emillenaire.com\/blog\/"},{"@type":"ListItem","position":2,"name":"D\u00e9claration \u2014 Au-del\u00e0 du colonialisme climatique et de l\u2019imp\u00e9rialisme alimentaire vers la d\u00e9mocratie de la Terre et la libert\u00e9 alimentaire par le Dr Vandana Shiva"}]},{"@type":"WebSite","@id":"https:\/\/www.revue3emillenaire.com\/blog\/#website","url":"https:\/\/www.revue3emillenaire.com\/blog\/","name":"3e mill\u00e9naire - Spiritualit\u00e9 - Connaissance de soi - Non-dualit\u00e9 - M\u00e9ditation","description":"L&#039;Homme en devenir","potentialAction":[{"@type":"SearchAction","target":{"@type":"EntryPoint","urlTemplate":"https:\/\/www.revue3emillenaire.com\/blog\/?s={search_term_string}"},"query-input":{"@type":"PropertyValueSpecification","valueRequired":true,"valueName":"search_term_string"}}],"inLanguage":"fr-FR"},{"@type":"Person","@id":"https:\/\/www.revue3emillenaire.com\/blog\/#\/schema\/person\/b692dacff720a5344a6190bc714397eb","name":"3e mill\u00e9naire","url":"https:\/\/www.revue3emillenaire.com\/blog\/author\/scoussa\/"}]}},"_links":{"self":[{"href":"https:\/\/www.revue3emillenaire.com\/blog\/wp-json\/wp\/v2\/posts\/19491","targetHints":{"allow":["GET"]}}],"collection":[{"href":"https:\/\/www.revue3emillenaire.com\/blog\/wp-json\/wp\/v2\/posts"}],"about":[{"href":"https:\/\/www.revue3emillenaire.com\/blog\/wp-json\/wp\/v2\/types\/post"}],"author":[{"embeddable":true,"href":"https:\/\/www.revue3emillenaire.com\/blog\/wp-json\/wp\/v2\/users\/2"}],"replies":[{"embeddable":true,"href":"https:\/\/www.revue3emillenaire.com\/blog\/wp-json\/wp\/v2\/comments?post=19491"}],"version-history":[{"count":0,"href":"https:\/\/www.revue3emillenaire.com\/blog\/wp-json\/wp\/v2\/posts\/19491\/revisions"}],"wp:featuredmedia":[{"embeddable":true,"href":"https:\/\/www.revue3emillenaire.com\/blog\/wp-json\/wp\/v2\/media\/18357"}],"wp:attachment":[{"href":"https:\/\/www.revue3emillenaire.com\/blog\/wp-json\/wp\/v2\/media?parent=19491"}],"wp:term":[{"taxonomy":"category","embeddable":true,"href":"https:\/\/www.revue3emillenaire.com\/blog\/wp-json\/wp\/v2\/categories?post=19491"},{"taxonomy":"post_tag","embeddable":true,"href":"https:\/\/www.revue3emillenaire.com\/blog\/wp-json\/wp\/v2\/tags?post=19491"}],"curies":[{"name":"wp","href":"https:\/\/api.w.org\/{rel}","templated":true}]}}