{"id":19538,"date":"2023-10-03T02:32:06","date_gmt":"2023-10-03T01:32:06","guid":{"rendered":"https:\/\/www.revue3emillenaire.com\/blog\/?p=19538"},"modified":"2023-10-09T12:30:08","modified_gmt":"2023-10-09T11:30:08","slug":"et-le-prix-nobel-est-decerne-a-par-byram-w-bridle","status":"publish","type":"post","link":"https:\/\/www.revue3emillenaire.com\/blog\/et-le-prix-nobel-est-decerne-a-par-byram-w-bridle\/","title":{"rendered":"Et le prix Nobel est d\u00e9cern\u00e9 \u00e0\u2026 par Byram W. Bridle"},"content":{"rendered":"<p class=\"western\" align=\"justify\"><span style=\"font-family: Times New Roman, serif;\"><span style=\"font-size: medium;\"><i>Traduction libre<\/i><\/span><\/span><\/p>\n<p class=\"western\" align=\"justify\"><span style=\"font-family: Times New Roman, serif;\"><span style=\"font-size: medium;\">2\u00a0OCT 2023<\/span><\/span><\/p>\n<p class=\"western\" align=\"justify\"><strong><i><span style=\"font-family: Times New Roman, serif;\"><span style=\"font-size: medium;\">Deux non-d\u00e9couvreurs d\u2019une technologie mal utilis\u00e9e pour fabriquer les pires \u00ab\u00a0vaccins\u00a0\u00bb de l\u2019histoire<\/span><\/span><\/i><\/strong><\/p>\n<p class=\"western\" align=\"justify\"><span style=\"font-family: Times New Roman, serif;\"><span style=\"font-size: medium;\">Il vient d\u2019\u00eatre <\/span><\/span><span style=\"color: #000080;\"><u><a href=\"https:\/\/www.nobelprize.org\/prizes\/medicine\/2023\/press-release\/\" target=\"_blank\" rel=\"noopener\"><span style=\"font-family: Times New Roman, serif;\"><span style=\"font-size: medium;\">annonc\u00e9<\/span><\/span><\/a><\/u><\/span><span style=\"font-family: Times New Roman, serif;\"><span style=\"font-size: medium;\"> que le prix Nobel de physiologie ou de m\u00e9decine\u00a02023 a \u00e9t\u00e9 attribu\u00e9 conjointement aux docteurs Katalin Karik\u00f3 et Drew Weissman. La reconnaissance a \u00e9t\u00e9 faite \u00ab\u00a0pour leurs d\u00e9couvertes concernant les modifications des bases nucl\u00e9osidiques qui ont permis le d\u00e9veloppement de <\/span><\/span><strong><span style=\"font-family: Times New Roman, serif;\"><span style=\"font-size: medium;\">vaccins ARNm efficaces contre le COVID-19\u00a0\u00bb<\/span><\/span><\/strong><span style=\"font-family: Times New Roman, serif;\"><span style=\"font-size: medium;\">.<\/span><\/span><\/p>\n<p class=\"western\" align=\"justify\"><span style=\"font-family: Times New Roman, serif;\"><span style=\"font-size: medium;\">Il s\u2019agit d\u2019une trag\u00e9die pour au moins trois raisons\u00a0:<\/span><\/span><\/p>\n<ol>\n<li>\n<p class=\"western\" align=\"justify\"><span style=\"font-family: Times New Roman, serif;\"><span style=\"font-size: medium;\">Les injections d\u2019ARN modifi\u00e9 se sont non seulement r\u00e9v\u00e9l\u00e9es inefficaces, mais des donn\u00e9es de plus en plus nombreuses sugg\u00e8rent qu\u2019elles pourraient avoir pr\u00e9dispos\u00e9 les personnes qui les ont prises \u00e0 contracter le COVID-19.<\/span><\/span><\/p>\n<\/li>\n<li>\n<p class=\"western\" align=\"justify\"><span style=\"font-family: Times New Roman, serif;\"><span style=\"font-size: medium;\">Les modifications nucl\u00e9osidiques pour lesquelles le prix a \u00e9t\u00e9 d\u00e9cern\u00e9 sont responsables du fait que les ARN modifi\u00e9s de ces injections se retrouvent dans le corps pendant de nombreuses semaines, voire des mois, apr\u00e8s l\u2019injection. On nous a publiquement garanti que ces ARN modifi\u00e9s ne se retrouveraient pas dans le corps au-del\u00e0 de 36 \u00e0 48\u00a0heures environ, parce qu\u2019une dur\u00e9e plus longue pourrait \u00eatre dangereuse. Pour l\u2019amour du ciel, ces ARN modifi\u00e9s sont m\u00eame transf\u00e9r\u00e9s par inadvertance aux b\u00e9b\u00e9s allait\u00e9s par le biais de leur <\/span><\/span><span style=\"font-family: Times New Roman, serif;\"><span style=\"font-size: medium;\">diffusion<\/span><\/span><span style=\"font-family: Times New Roman, serif;\"><span style=\"font-size: medium;\"> dans le lait maternel. Ainsi, une modification dangereuse qui a fini par faire mentir tous ceux qui d\u00e9fendent la th\u00e8se de la sant\u00e9 publique m\u00e9rite un prix\u00a0?!?<\/span><\/span><\/p>\n<\/li>\n<li>\n<p class=\"western\" align=\"justify\"><span style=\"font-family: Times New Roman, serif;\"><span style=\"font-size: medium;\">Le Dr Robert Malone est manifestement (par le biais de brevets et de publications) l\u2019inventeur original de la technologie de base utilis\u00e9e pour fabriquer les injections de COVID-19. Il est \u00e9trange qu\u2019une modification nuisible de cette technologie ait \u00e9t\u00e9 reconnue au d\u00e9triment de la technologie de base elle-m\u00eame. Il semble que le Dr Malone ait \u00e9t\u00e9 <\/span><\/span><span style=\"font-family: Times New Roman, serif;\"><span style=\"font-size: medium;\">ignor<\/span><\/span><span style=\"font-family: Times New Roman, serif;\"><span style=\"font-size: medium;\">\u00e9 pour des raisons politiques\u00a0; <\/span><\/span><span style=\"font-family: Times New Roman, serif;\"><span style=\"font-size: medium;\">raisons <\/span><\/span><span style=\"font-family: Times New Roman, serif;\"><span style=\"font-size: medium;\">qui ne devraient jamais jouer un r\u00f4le dans l\u2019attribution d\u2019un prix \u00e0 la recherche scientifique. Le Dr Malone ne consid\u00e8re pas que les injections actuelles d\u2019ARN modifi\u00e9 soient efficaces, ni particuli\u00e8rement s\u00fbres. Son nom n\u2019aurait donc pas sa place \u00e0 c\u00f4t\u00e9 d\u2019une d\u00e9claration de prix affirmant que les injections de COVID-19 sont \u00ab\u00a0efficaces\u00a0\u00bb. J\u2019ai not\u00e9 que le comit\u00e9 de s\u00e9lection du prix a supprim\u00e9 le terme \u00ab\u00a0s\u00fbr\u00a0\u00bb du mantra utilis\u00e9 pour d\u00e9crire les injections.<\/span><\/span><\/p>\n<\/li>\n<\/ol>\n<p class=\"western\" align=\"justify\"><span style=\"font-family: Times New Roman, serif;\"><span style=\"font-size: medium;\">L\u2019une des choses les plus folles \u00e0 propos de cette annonce est l\u2019image suivante qui a \u00e9t\u00e9 pr\u00e9sent\u00e9e pour souligner les \u00ab\u00a0M\u00e9thodes de production de vaccins avant la pand\u00e9mie de COVID-19\u00a0\u00bb.\u2026<\/span><\/span><\/p>\n<p class=\"western\" align=\"justify\"><a href=\"https:\/\/www.revue3emillenaire.com\/blog\/wp-content\/uploads\/2023\/10\/Vax-Bridle.jpg\"><img loading=\"lazy\" decoding=\"async\" class=\"aligncenter size-full wp-image-19539\" src=\"https:\/\/www.revue3emillenaire.com\/blog\/wp-content\/uploads\/2023\/10\/Vax-Bridle.jpg\" alt=\"\" width=\"1024\" height=\"498\" srcset=\"https:\/\/www.revue3emillenaire.com\/blog\/wp-content\/uploads\/2023\/10\/Vax-Bridle.jpg 1024w, https:\/\/www.revue3emillenaire.com\/blog\/wp-content\/uploads\/2023\/10\/Vax-Bridle-300x146.jpg 300w, https:\/\/www.revue3emillenaire.com\/blog\/wp-content\/uploads\/2023\/10\/Vax-Bridle-768x374.jpg 768w\" sizes=\"auto, (max-width: 1024px) 100vw, 1024px\" \/><\/a><span style=\"font-family: Times New Roman, serif;\"><span style=\"font-size: medium;\">..en fait, cette illustration me rappelle \u00e0 quel point les technologies traditionnelles \u00e9taient meilleures que les vaccins \u00e0 ARN modifi\u00e9. Avec des vaccins plus traditionnels, tels que ceux recommand\u00e9s avant qu\u2019une personne ne parte en vacances dans un lieu exotique o\u00f9 un pathog\u00e8ne unique est end\u00e9mique\u00a0:<\/span><\/span><\/p>\n<ul>\n<li>\n<p class=\"western\" align=\"justify\"><span style=\"font-family: Times New Roman, serif;\"><span style=\"font-size: medium;\">Une personne serait prot\u00e9g\u00e9e contre la maladie<\/span><\/span><\/p>\n<\/li>\n<li>\n<p class=\"western\" align=\"justify\"><span style=\"font-family: Times New Roman, serif;\"><span style=\"font-size: medium;\">Une personne est prot\u00e9g\u00e9e contre la transmission de l\u2019agent causal de la maladie \u00e0 d\u2019autres personnes.<\/span><\/span><\/p>\n<\/li>\n<li>\n<p class=\"western\" align=\"justify\"><span style=\"font-family: Times New Roman, serif;\"><span style=\"font-size: medium;\">Une personne n\u2019a pas besoin que tout le monde autour d\u2019elle prenne l\u2019<\/span><\/span><span style=\"font-family: Times New Roman, serif;\"><span style=\"font-size: medium;\">injection<\/span><\/span><span style=\"font-family: Times New Roman, serif;\"><span style=\"font-size: medium;\"> pour \u00eatre prot\u00e9g\u00e9e personnellement<\/span><\/span><\/p>\n<\/li>\n<li>\n<p class=\"western\" align=\"justify\"><span style=\"font-family: Times New Roman, serif;\"><span style=\"font-size: medium;\">Un professionnel de la sant\u00e9 administrerait le vaccin et souhaiterait ensuite \u00e0 la personne de passer de bonnes vacances\u00a0; il ne lui dirait pas de rester \u00e0 l\u2019\u00e9cart de la \u00ab\u00a0zone dangereuse\u00a0\u00bb ou de la destination de vacances.<\/span><\/span><\/p>\n<\/li>\n<li>\n<p class=\"western\" align=\"justify\"><span style=\"font-family: Times New Roman, serif;\"><span style=\"font-size: medium;\">Ce m\u00eame professionnel de la sant\u00e9 n\u2019aurait aucune inqui\u00e9tude quant au retour de la personne dans son pays d\u2019origine, car il aurait la certitude que l\u2019agent de la maladie exotique n\u2019est pas ramen\u00e9 dans le pays.<\/span><\/span><\/p>\n<\/li>\n<li>\n<p class=\"western\" align=\"justify\"><span style=\"font-family: Times New Roman, serif;\"><span style=\"font-size: medium;\">Le vaccin aurait fait l\u2019objet d\u2019au moins dix ans d\u2019essais cliniques avant d\u2019\u00eatre utilis\u00e9 par le public, de sorte que son profil de s\u00e9curit\u00e9 (y compris \u00e0 long terme) serait mieux d\u00e9fini que celui d\u2019une technologie mise en \u0153uvre apr\u00e8s un an.<\/span><\/span><\/p>\n<\/li>\n<li>\n<p class=\"western\" align=\"justify\"><span style=\"font-family: Times New Roman, serif;\"><span style=\"font-size: medium;\">Une seule injection (deux au maximum) pourrait fournir une protection \u00e0 vie (contre les maladies et la transmission).<\/span><\/span><\/p>\n<\/li>\n<\/ul>\n<p class=\"western\" align=\"justify\"><span style=\"font-family: Times New Roman, serif;\"><span style=\"font-size: medium;\">Il <\/span><\/span><span style=\"font-family: Times New Roman, serif;\"><span style=\"font-size: medium;\">y a<\/span><\/span><span style=\"font-family: Times New Roman, serif;\"><span style=\"font-size: medium;\"> donc quelque chose <\/span><\/span><span style=\"font-family: Times New Roman, serif;\"><span style=\"font-size: medium;\">qui m\u2019\u00e9chappe<\/span><\/span><span style=\"font-family: Times New Roman, serif;\"><span style=\"font-size: medium;\">. Si c\u2019\u00e9tait moi et que je me sentais oblig\u00e9 de d\u00e9cerner un prix \u00e0 une technologie vaccinale et que je comparais les performances des vaccins \u00e0 ARN modifi\u00e9 \u00e0 celles des technologies traditionnelles, il n\u2019y aurait pas de contestation possible. Les technologies traditionnelles l\u2019emporteraient haut la main.<\/span><\/span><\/p>\n<p class=\"western\" align=\"justify\"><span style=\"font-family: Times New Roman, serif;\"><span style=\"font-size: medium;\">Le jour o\u00f9 le prix Nobel sera d\u00e9cern\u00e9 \u00e0 une technologie m\u00e9dicale dont les performances ont \u00e9t\u00e9 dramatiquement inf\u00e9rieures \u00e0 la r\u00e9alit\u00e9, voire qui s\u2019est retourn\u00e9e contre elle, et qui n\u2019a toujours pas fait l\u2019objet d\u2019essais cliniques complets et appropri\u00e9s, je perdrai tout respect pour ce prix autrefois si noble.<\/span><\/span><\/p>\n<p class=\"western\" align=\"justify\"><span style=\"font-family: Times New Roman, serif;\"><span style=\"font-size: medium;\">Malheureusement, ce jour est arriv\u00e9. Le prix Nobel a \u00e9t\u00e9 r\u00e9trograd\u00e9 au rang de simple outil de promotion de la propagande.<\/span><\/span><\/p>\n<p class=\"western\"><strong><span style=\"font-family: Times New Roman, serif;\"><span style=\"font-size: medium;\">Mise \u00e0 jour\u00a0: <\/span><\/span><\/strong><span style=\"font-family: Times New Roman, serif;\"><span style=\"font-size: medium;\">j\u2019ai \u00e9t\u00e9 contact\u00e9 par des personnes qui ont perdu la foi dans le prix Nobel depuis longtemps. Je dois admettre une certaine na\u00efvet\u00e9 dans le domaine de l\u2019histoire de la m\u00e9decine. Par souci d\u2019\u00e9quit\u00e9, il y a eu quelques b\u00e9vues majeures avant celle-ci. Le prix Nobel a notamment \u00e9t\u00e9 d\u00e9cern\u00e9 \u00e0 <\/span><\/span><span style=\"color: #000080;\"><u><a href=\"https:\/\/www.newstalk.com\/futureproof\/the-worst-nobel-prize-ever-awarded-was-for-the-creation-of-the-lobotomy-656215\" target=\"_blank\" rel=\"noopener\"><span style=\"font-family: Times New Roman, serif;\"><span style=\"font-size: medium;\">Ant\u00f3nio Egas Moniz<\/span><\/span><\/a><\/u><\/span><span style=\"font-family: Times New Roman, serif;\"><span style=\"font-size: medium;\"> en 1949 pour avoir mis au point des lobotomies frontales, et \u00e0 <\/span><\/span><span style=\"color: #000080;\"><u><a href=\"https:\/\/www.bbc.com\/news\/world-europe-34277960\" target=\"_blank\" rel=\"noopener\"><span style=\"font-family: Times New Roman, serif;\"><span style=\"font-size: medium;\">Barack Obama<\/span><\/span><\/a><\/u><\/span><span style=\"font-family: Times New Roman, serif;\"><span style=\"font-size: medium;\"> pour la \u00ab\u00a0paix\u00a0\u00bb.<\/span><\/span><\/p>\n<p class=\"western\" align=\"justify\"><span style=\"font-family: Times New Roman, serif;\"><span style=\"font-size: medium;\">Texte original\u00a0: <\/span><\/span><span style=\"color: #000080;\"><u><a href=\"https:\/\/viralimmunologist.substack.com\/p\/and-the-nobel-prize-goes-to\" target=\"_blank\" rel=\"noopener\"><span style=\"font-family: Times New Roman, serif;\"><span style=\"font-size: medium;\">https:\/\/viralimmunologist.substack.com\/p\/and-the-nobel-prize-goes-to<\/span><\/span><\/a><\/u><\/span><\/p>\n<p style=\"text-align: center;\" align=\"justify\">_____________________________________________<\/p>\n<p class=\"western\" style=\"text-align: center;\" align=\"justify\"><strong><span style=\"font-family: Times New Roman, serif;\"><span style=\"font-size: medium;\">Cette image vaut mille mots\u00a0: Les laur\u00e9ats du prix Nobel ne font pas confiance \u00e0 leur propre \u00ab\u00a0innovation\u00a0\u00bb et s\u2019appuient sur des couches faciales pseudo-scientifiques.<\/span><\/span><\/strong><\/p>\n<p align=\"justify\"><a href=\"https:\/\/www.revue3emillenaire.com\/blog\/wp-content\/uploads\/2023\/10\/Nobel2.jpg\"><img loading=\"lazy\" decoding=\"async\" class=\"aligncenter size-full wp-image-19540\" src=\"https:\/\/www.revue3emillenaire.com\/blog\/wp-content\/uploads\/2023\/10\/Nobel2.jpg\" alt=\"\" width=\"707\" height=\"676\" srcset=\"https:\/\/www.revue3emillenaire.com\/blog\/wp-content\/uploads\/2023\/10\/Nobel2.jpg 707w, https:\/\/www.revue3emillenaire.com\/blog\/wp-content\/uploads\/2023\/10\/Nobel2-300x287.jpg 300w\" sizes=\"auto, (max-width: 707px) 100vw, 707px\" \/><\/a><\/p>\n<p class=\"western\" style=\"text-align: center;\" align=\"justify\"><strong><span style=\"font-family: Times New Roman, serif;\"><span style=\"font-size: medium;\">Si les masques \u00e9taient cens\u00e9s les prot\u00e9ger, pourquoi auraient-ils eu besoin du vaccin ? Si les vaccins fonctionnent si bien, pourquoi le masque ?<\/span><\/span><\/strong><\/p>\n<p style=\"text-align: center;\" align=\"justify\">_____________________________________________<\/p>\n<p class=\"western\" align=\"justify\"><b>Le laur\u00e9at du prix Nobel souligne les effets secondaires \u00ab\u00a0non n\u00e9gligeables\u00a0\u00bb des vaccins \u00e0 ARNm, notamment les risques d\u2019auto-immunit\u00e9 et de formation de caillots sanguins par Robert\u00a0Kogon<\/b><\/p>\n<p class=\"western\" align=\"justify\">Dans ce qui semble \u00eatre un d\u00e9veloppement in\u00e9vitable, les scientifiques Katalin Karik\u00f3 et Drew Weissman ont re\u00e7u le prix Nobel de m\u00e9decine\u00a02023 pour leur r\u00f4le dans le d\u00e9veloppement de la technologie ARNm sous-jacente aux vaccins Pfizer-BioNTech et Moderna COVID-19, qui ont \u00e9t\u00e9 d\u00e9ploy\u00e9s \u00e0 la fin de l\u2019ann\u00e9e\u00a02020.<\/p>\n<p class=\"western\" align=\"justify\">Mais dans un article publi\u00e9 en 2018 et largement cit\u00e9 dans un article de <i>MedPageToday<\/i>, nul autre que Drew Weissman a averti que les essais cliniques ant\u00e9rieurs de vaccins \u00e0 ARNm avaient donn\u00e9 des r\u00e9sultats \u00ab\u00a0plus modestes chez l\u2019homme que ce qui \u00e9tait attendu sur la base des mod\u00e8les animaux [\u2026] et que les effets secondaires n\u2019\u00e9taient pas anodins\u00a0\u00bb, notamment \u00ab\u00a0des r\u00e9actions mod\u00e9r\u00e9es et, dans de rares cas, graves au site d\u2019injection ou des r\u00e9actions syst\u00e9miques\u00a0\u00bb.<\/p>\n<p class=\"western\" align=\"justify\"><i>MedPageToday<\/i> r\u00e9sume l\u2019article de Weissman et de trois coll\u00e8gues publi\u00e9 dans Nature Reviews Drug Discovery\u00a0:<\/p>\n<p class=\"western\" align=\"justify\">Leurs principales pr\u00e9occupations en mati\u00e8re de s\u00e9curit\u00e9, qui devraient \u00eatre surveill\u00e9es de pr\u00e8s lors des futurs essais, concernaient l\u2019inflammation locale et syst\u00e9mique, ainsi que la surveillance de \u00ab\u00a0l\u2019immunog\u00e8ne exprim\u00e9\u00a0\u00bb et de tout anticorps auto-r\u00e9actif.<\/p>\n<p class=\"western\" align=\"justify\">\u00ab\u00a0Une pr\u00e9occupation possible pourrait \u00eatre que certaines plateformes de vaccins \u00e0 base d\u2019ARNm induisent de puissantes r\u00e9ponses d\u2019interf\u00e9ron de type I, qui ont \u00e9t\u00e9 associ\u00e9es non seulement \u00e0 l\u2019inflammation, mais aussi potentiellement \u00e0 l\u2019auto-immunit\u00e9\u00a0\u00bb, \u00e9crivent-ils. \u00ab\u00a0Ainsi, l\u2019identification des individus pr\u00e9sentant un risque accru de r\u00e9actions auto-immunes avant la vaccination par ARNm pourrait permettre de prendre des pr\u00e9cautions raisonnables.<\/p>\n<p class=\"western\" align=\"justify\">Les auteurs ont \u00e9galement not\u00e9 que l\u2019ARN extracellulaire pouvait contribuer \u00e0 l\u2019\u0153d\u00e8me et ont cit\u00e9 une \u00e9tude qui a montr\u00e9 qu\u2019il \u201cfavorisait la coagulation sanguine et la formation de thrombus pathologiques\u201d.<\/p>\n<p class=\"western\" align=\"justify\">L\u2019article de <i>MedPageToday<\/i> s\u2019intitule \u201c<a href=\"https:\/\/www.medpagetoday.com\/infectiousdisease\/covid19\/89998\" target=\"_blank\" rel=\"noopener\">Vous voulez en savoir plus sur l\u2019ARNm avant de prendre votre Covid Jab<\/a>\u201d. Combien de lecteurs sont all\u00e9s le chercher apr\u00e8s l\u2019avoir appris\u00a0?<\/p>\n<p class=\"western\" align=\"justify\"><i>Robert Kogon est le nom de plume d\u2019un journaliste largement publi\u00e9 qui couvre les affaires europ\u00e9ennes.<\/i><\/p>\n<p class=\"western\" align=\"justify\">Texte original\u00a0: <a href=\"https:\/\/dailysceptic.org\/2023\/10\/02\/nobel-winner-highlighted-non-trivial-side-effects-of-mrna-vaccines-including-auto-immunity-and-blood-clotting-risks\/\" target=\"_blank\" rel=\"noopener\">https:\/\/dailysceptic.org\/2023\/10\/02\/nobel-winner-highlighted-non-trivial-side-effects-of-mrna-vaccines-including-auto-immunity-and-blood-clotting-risks\/<\/a><\/p>\n<p align=\"justify\">Lire aussi l&rsquo;article de Robert Malone : <a href=\"https:\/\/rwmalonemd.substack.com\/p\/nobel-prize-for-physiology-or-medicine\" target=\"_blank\" rel=\"noopener\">https:\/\/rwmalonemd.substack.com\/p\/nobel-prize-for-physiology-or-medicine<\/a>\u00a0et celui de Denis Rancourt: <a href=\"https:\/\/denisrancourt.substack.com\/p\/quantitative-evaluation-of-whether\" target=\"_blank\" rel=\"noopener\">https:\/\/denisrancourt.substack.com\/p\/quantitative-evaluation-of-whether<\/a><\/p>\n","protected":false},"excerpt":{"rendered":"<p>Traduction libre 2\u00a0OCT 2023 Deux non-d\u00e9couvreurs d\u2019une technologie mal utilis\u00e9e pour fabriquer les pires \u00ab\u00a0vaccins\u00a0\u00bb de l\u2019histoire Il vient d\u2019\u00eatre annonc\u00e9 que le prix Nobel de physiologie ou de m\u00e9decine\u00a02023 a \u00e9t\u00e9 attribu\u00e9 conjointement aux docteurs Katalin Karik\u00f3 et Drew Weissman. La reconnaissance a \u00e9t\u00e9 faite \u00ab\u00a0pour leurs d\u00e9couvertes concernant les modifications des bases nucl\u00e9osidiques [&hellip;]<\/p>\n","protected":false},"author":2,"featured_media":19541,"comment_status":"closed","ping_status":"closed","sticky":false,"template":"","format":"standard","meta":{"footnotes":""},"categories":[1540],"tags":[1776,1777],"class_list":["post-19538","post","type-post","status-publish","format-standard","has-post-thumbnail","hentry","category-actualite","tag-prix-nobel","tag-vaccin"],"yoast_head":"<!-- This site is optimized with the Yoast SEO plugin v27.0 - https:\/\/yoast.com\/product\/yoast-seo-wordpress\/ -->\n<title>Et le prix Nobel est d\u00e9cern\u00e9 \u00e0\u2026 par Byram W. Bridle - 3e mill\u00e9naire - Spiritualit\u00e9 - Connaissance de soi - Non-dualit\u00e9 - M\u00e9ditation<\/title>\n<meta name=\"robots\" content=\"index, follow, max-snippet:-1, max-image-preview:large, max-video-preview:-1\" \/>\n<link rel=\"canonical\" href=\"https:\/\/www.revue3emillenaire.com\/blog\/et-le-prix-nobel-est-decerne-a-par-byram-w-bridle\/\" \/>\n<meta property=\"og:locale\" content=\"fr_FR\" \/>\n<meta property=\"og:type\" content=\"article\" \/>\n<meta property=\"og:title\" content=\"Et le prix Nobel est d\u00e9cern\u00e9 \u00e0\u2026 par Byram W. Bridle - 3e mill\u00e9naire - Spiritualit\u00e9 - Connaissance de soi - Non-dualit\u00e9 - M\u00e9ditation\" \/>\n<meta property=\"og:description\" content=\"Traduction libre 2\u00a0OCT 2023 Deux non-d\u00e9couvreurs d\u2019une technologie mal utilis\u00e9e pour fabriquer les pires \u00ab\u00a0vaccins\u00a0\u00bb de l\u2019histoire Il vient d\u2019\u00eatre annonc\u00e9 que le prix Nobel de physiologie ou de m\u00e9decine\u00a02023 a \u00e9t\u00e9 attribu\u00e9 conjointement aux docteurs Katalin Karik\u00f3 et Drew Weissman. La reconnaissance a \u00e9t\u00e9 faite \u00ab\u00a0pour leurs d\u00e9couvertes concernant les modifications des bases nucl\u00e9osidiques [&hellip;]\" \/>\n<meta property=\"og:url\" content=\"https:\/\/www.revue3emillenaire.com\/blog\/et-le-prix-nobel-est-decerne-a-par-byram-w-bridle\/\" \/>\n<meta property=\"og:site_name\" content=\"3e mill\u00e9naire - Spiritualit\u00e9 - Connaissance de soi - Non-dualit\u00e9 - M\u00e9ditation\" \/>\n<meta property=\"article:published_time\" content=\"2023-10-03T01:32:06+00:00\" \/>\n<meta property=\"article:modified_time\" content=\"2023-10-09T11:30:08+00:00\" \/>\n<meta property=\"og:image\" content=\"https:\/\/www.revue3emillenaire.com\/blog\/wp-content\/uploads\/2023\/10\/BYRAM-W.-BRIDLE.jpg\" \/>\n\t<meta property=\"og:image:width\" content=\"128\" \/>\n\t<meta property=\"og:image:height\" content=\"128\" \/>\n\t<meta property=\"og:image:type\" content=\"image\/jpeg\" \/>\n<meta name=\"author\" content=\"3e mill\u00e9naire\" \/>\n<meta name=\"twitter:card\" content=\"summary_large_image\" \/>\n<meta name=\"twitter:label1\" content=\"\u00c9crit par\" \/>\n\t<meta name=\"twitter:data1\" content=\"3e mill\u00e9naire\" \/>\n\t<meta name=\"twitter:label2\" content=\"Dur\u00e9e de lecture estim\u00e9e\" \/>\n\t<meta name=\"twitter:data2\" content=\"7 minutes\" \/>\n<script type=\"application\/ld+json\" class=\"yoast-schema-graph\">{\"@context\":\"https:\/\/schema.org\",\"@graph\":[{\"@type\":\"Article\",\"@id\":\"https:\/\/www.revue3emillenaire.com\/blog\/et-le-prix-nobel-est-decerne-a-par-byram-w-bridle\/#article\",\"isPartOf\":{\"@id\":\"https:\/\/www.revue3emillenaire.com\/blog\/et-le-prix-nobel-est-decerne-a-par-byram-w-bridle\/\"},\"author\":{\"name\":\"3e mill\u00e9naire\",\"@id\":\"https:\/\/www.revue3emillenaire.com\/blog\/#\/schema\/person\/b692dacff720a5344a6190bc714397eb\"},\"headline\":\"Et le prix Nobel est d\u00e9cern\u00e9 \u00e0\u2026 par Byram W. Bridle\",\"datePublished\":\"2023-10-03T01:32:06+00:00\",\"dateModified\":\"2023-10-09T11:30:08+00:00\",\"mainEntityOfPage\":{\"@id\":\"https:\/\/www.revue3emillenaire.com\/blog\/et-le-prix-nobel-est-decerne-a-par-byram-w-bridle\/\"},\"wordCount\":1388,\"image\":{\"@id\":\"https:\/\/www.revue3emillenaire.com\/blog\/et-le-prix-nobel-est-decerne-a-par-byram-w-bridle\/#primaryimage\"},\"thumbnailUrl\":\"https:\/\/www.revue3emillenaire.com\/blog\/wp-content\/uploads\/2023\/10\/BYRAM-W.-BRIDLE.jpg\",\"keywords\":[\"Prix Nobel\",\"Vaccin\"],\"articleSection\":[\"Actualit\u00e9s\"],\"inLanguage\":\"fr-FR\"},{\"@type\":\"WebPage\",\"@id\":\"https:\/\/www.revue3emillenaire.com\/blog\/et-le-prix-nobel-est-decerne-a-par-byram-w-bridle\/\",\"url\":\"https:\/\/www.revue3emillenaire.com\/blog\/et-le-prix-nobel-est-decerne-a-par-byram-w-bridle\/\",\"name\":\"Et le prix Nobel est d\u00e9cern\u00e9 \u00e0\u2026 par Byram W. Bridle - 3e mill\u00e9naire - Spiritualit\u00e9 - Connaissance de soi - Non-dualit\u00e9 - M\u00e9ditation\",\"isPartOf\":{\"@id\":\"https:\/\/www.revue3emillenaire.com\/blog\/#website\"},\"primaryImageOfPage\":{\"@id\":\"https:\/\/www.revue3emillenaire.com\/blog\/et-le-prix-nobel-est-decerne-a-par-byram-w-bridle\/#primaryimage\"},\"image\":{\"@id\":\"https:\/\/www.revue3emillenaire.com\/blog\/et-le-prix-nobel-est-decerne-a-par-byram-w-bridle\/#primaryimage\"},\"thumbnailUrl\":\"https:\/\/www.revue3emillenaire.com\/blog\/wp-content\/uploads\/2023\/10\/BYRAM-W.-BRIDLE.jpg\",\"datePublished\":\"2023-10-03T01:32:06+00:00\",\"dateModified\":\"2023-10-09T11:30:08+00:00\",\"author\":{\"@id\":\"https:\/\/www.revue3emillenaire.com\/blog\/#\/schema\/person\/b692dacff720a5344a6190bc714397eb\"},\"breadcrumb\":{\"@id\":\"https:\/\/www.revue3emillenaire.com\/blog\/et-le-prix-nobel-est-decerne-a-par-byram-w-bridle\/#breadcrumb\"},\"inLanguage\":\"fr-FR\",\"potentialAction\":[{\"@type\":\"ReadAction\",\"target\":[\"https:\/\/www.revue3emillenaire.com\/blog\/et-le-prix-nobel-est-decerne-a-par-byram-w-bridle\/\"]}]},{\"@type\":\"ImageObject\",\"inLanguage\":\"fr-FR\",\"@id\":\"https:\/\/www.revue3emillenaire.com\/blog\/et-le-prix-nobel-est-decerne-a-par-byram-w-bridle\/#primaryimage\",\"url\":\"https:\/\/www.revue3emillenaire.com\/blog\/wp-content\/uploads\/2023\/10\/BYRAM-W.-BRIDLE.jpg\",\"contentUrl\":\"https:\/\/www.revue3emillenaire.com\/blog\/wp-content\/uploads\/2023\/10\/BYRAM-W.-BRIDLE.jpg\",\"width\":128,\"height\":128},{\"@type\":\"BreadcrumbList\",\"@id\":\"https:\/\/www.revue3emillenaire.com\/blog\/et-le-prix-nobel-est-decerne-a-par-byram-w-bridle\/#breadcrumb\",\"itemListElement\":[{\"@type\":\"ListItem\",\"position\":1,\"name\":\"Accueil\",\"item\":\"https:\/\/www.revue3emillenaire.com\/blog\/\"},{\"@type\":\"ListItem\",\"position\":2,\"name\":\"Et le prix Nobel est d\u00e9cern\u00e9 \u00e0\u2026 par Byram W. Bridle\"}]},{\"@type\":\"WebSite\",\"@id\":\"https:\/\/www.revue3emillenaire.com\/blog\/#website\",\"url\":\"https:\/\/www.revue3emillenaire.com\/blog\/\",\"name\":\"3e mill\u00e9naire - Spiritualit\u00e9 - Connaissance de soi - Non-dualit\u00e9 - M\u00e9ditation\",\"description\":\"L&#039;Homme en devenir\",\"potentialAction\":[{\"@type\":\"SearchAction\",\"target\":{\"@type\":\"EntryPoint\",\"urlTemplate\":\"https:\/\/www.revue3emillenaire.com\/blog\/?s={search_term_string}\"},\"query-input\":{\"@type\":\"PropertyValueSpecification\",\"valueRequired\":true,\"valueName\":\"search_term_string\"}}],\"inLanguage\":\"fr-FR\"},{\"@type\":\"Person\",\"@id\":\"https:\/\/www.revue3emillenaire.com\/blog\/#\/schema\/person\/b692dacff720a5344a6190bc714397eb\",\"name\":\"3e mill\u00e9naire\",\"url\":\"https:\/\/www.revue3emillenaire.com\/blog\/author\/scoussa\/\"}]}<\/script>\n<!-- \/ Yoast SEO plugin. -->","yoast_head_json":{"title":"Et le prix Nobel est d\u00e9cern\u00e9 \u00e0\u2026 par Byram W. Bridle - 3e mill\u00e9naire - Spiritualit\u00e9 - Connaissance de soi - Non-dualit\u00e9 - M\u00e9ditation","robots":{"index":"index","follow":"follow","max-snippet":"max-snippet:-1","max-image-preview":"max-image-preview:large","max-video-preview":"max-video-preview:-1"},"canonical":"https:\/\/www.revue3emillenaire.com\/blog\/et-le-prix-nobel-est-decerne-a-par-byram-w-bridle\/","og_locale":"fr_FR","og_type":"article","og_title":"Et le prix Nobel est d\u00e9cern\u00e9 \u00e0\u2026 par Byram W. Bridle - 3e mill\u00e9naire - Spiritualit\u00e9 - Connaissance de soi - Non-dualit\u00e9 - M\u00e9ditation","og_description":"Traduction libre 2\u00a0OCT 2023 Deux non-d\u00e9couvreurs d\u2019une technologie mal utilis\u00e9e pour fabriquer les pires \u00ab\u00a0vaccins\u00a0\u00bb de l\u2019histoire Il vient d\u2019\u00eatre annonc\u00e9 que le prix Nobel de physiologie ou de m\u00e9decine\u00a02023 a \u00e9t\u00e9 attribu\u00e9 conjointement aux docteurs Katalin Karik\u00f3 et Drew Weissman. La reconnaissance a \u00e9t\u00e9 faite \u00ab\u00a0pour leurs d\u00e9couvertes concernant les modifications des bases nucl\u00e9osidiques [&hellip;]","og_url":"https:\/\/www.revue3emillenaire.com\/blog\/et-le-prix-nobel-est-decerne-a-par-byram-w-bridle\/","og_site_name":"3e mill\u00e9naire - Spiritualit\u00e9 - Connaissance de soi - Non-dualit\u00e9 - M\u00e9ditation","article_published_time":"2023-10-03T01:32:06+00:00","article_modified_time":"2023-10-09T11:30:08+00:00","og_image":[{"width":128,"height":128,"url":"https:\/\/www.revue3emillenaire.com\/blog\/wp-content\/uploads\/2023\/10\/BYRAM-W.-BRIDLE.jpg","type":"image\/jpeg"}],"author":"3e mill\u00e9naire","twitter_card":"summary_large_image","twitter_misc":{"\u00c9crit par":"3e mill\u00e9naire","Dur\u00e9e de lecture estim\u00e9e":"7 minutes"},"schema":{"@context":"https:\/\/schema.org","@graph":[{"@type":"Article","@id":"https:\/\/www.revue3emillenaire.com\/blog\/et-le-prix-nobel-est-decerne-a-par-byram-w-bridle\/#article","isPartOf":{"@id":"https:\/\/www.revue3emillenaire.com\/blog\/et-le-prix-nobel-est-decerne-a-par-byram-w-bridle\/"},"author":{"name":"3e mill\u00e9naire","@id":"https:\/\/www.revue3emillenaire.com\/blog\/#\/schema\/person\/b692dacff720a5344a6190bc714397eb"},"headline":"Et le prix Nobel est d\u00e9cern\u00e9 \u00e0\u2026 par Byram W. Bridle","datePublished":"2023-10-03T01:32:06+00:00","dateModified":"2023-10-09T11:30:08+00:00","mainEntityOfPage":{"@id":"https:\/\/www.revue3emillenaire.com\/blog\/et-le-prix-nobel-est-decerne-a-par-byram-w-bridle\/"},"wordCount":1388,"image":{"@id":"https:\/\/www.revue3emillenaire.com\/blog\/et-le-prix-nobel-est-decerne-a-par-byram-w-bridle\/#primaryimage"},"thumbnailUrl":"https:\/\/www.revue3emillenaire.com\/blog\/wp-content\/uploads\/2023\/10\/BYRAM-W.-BRIDLE.jpg","keywords":["Prix Nobel","Vaccin"],"articleSection":["Actualit\u00e9s"],"inLanguage":"fr-FR"},{"@type":"WebPage","@id":"https:\/\/www.revue3emillenaire.com\/blog\/et-le-prix-nobel-est-decerne-a-par-byram-w-bridle\/","url":"https:\/\/www.revue3emillenaire.com\/blog\/et-le-prix-nobel-est-decerne-a-par-byram-w-bridle\/","name":"Et le prix Nobel est d\u00e9cern\u00e9 \u00e0\u2026 par Byram W. Bridle - 3e mill\u00e9naire - Spiritualit\u00e9 - Connaissance de soi - Non-dualit\u00e9 - M\u00e9ditation","isPartOf":{"@id":"https:\/\/www.revue3emillenaire.com\/blog\/#website"},"primaryImageOfPage":{"@id":"https:\/\/www.revue3emillenaire.com\/blog\/et-le-prix-nobel-est-decerne-a-par-byram-w-bridle\/#primaryimage"},"image":{"@id":"https:\/\/www.revue3emillenaire.com\/blog\/et-le-prix-nobel-est-decerne-a-par-byram-w-bridle\/#primaryimage"},"thumbnailUrl":"https:\/\/www.revue3emillenaire.com\/blog\/wp-content\/uploads\/2023\/10\/BYRAM-W.-BRIDLE.jpg","datePublished":"2023-10-03T01:32:06+00:00","dateModified":"2023-10-09T11:30:08+00:00","author":{"@id":"https:\/\/www.revue3emillenaire.com\/blog\/#\/schema\/person\/b692dacff720a5344a6190bc714397eb"},"breadcrumb":{"@id":"https:\/\/www.revue3emillenaire.com\/blog\/et-le-prix-nobel-est-decerne-a-par-byram-w-bridle\/#breadcrumb"},"inLanguage":"fr-FR","potentialAction":[{"@type":"ReadAction","target":["https:\/\/www.revue3emillenaire.com\/blog\/et-le-prix-nobel-est-decerne-a-par-byram-w-bridle\/"]}]},{"@type":"ImageObject","inLanguage":"fr-FR","@id":"https:\/\/www.revue3emillenaire.com\/blog\/et-le-prix-nobel-est-decerne-a-par-byram-w-bridle\/#primaryimage","url":"https:\/\/www.revue3emillenaire.com\/blog\/wp-content\/uploads\/2023\/10\/BYRAM-W.-BRIDLE.jpg","contentUrl":"https:\/\/www.revue3emillenaire.com\/blog\/wp-content\/uploads\/2023\/10\/BYRAM-W.-BRIDLE.jpg","width":128,"height":128},{"@type":"BreadcrumbList","@id":"https:\/\/www.revue3emillenaire.com\/blog\/et-le-prix-nobel-est-decerne-a-par-byram-w-bridle\/#breadcrumb","itemListElement":[{"@type":"ListItem","position":1,"name":"Accueil","item":"https:\/\/www.revue3emillenaire.com\/blog\/"},{"@type":"ListItem","position":2,"name":"Et le prix Nobel est d\u00e9cern\u00e9 \u00e0\u2026 par Byram W. Bridle"}]},{"@type":"WebSite","@id":"https:\/\/www.revue3emillenaire.com\/blog\/#website","url":"https:\/\/www.revue3emillenaire.com\/blog\/","name":"3e mill\u00e9naire - Spiritualit\u00e9 - Connaissance de soi - Non-dualit\u00e9 - M\u00e9ditation","description":"L&#039;Homme en devenir","potentialAction":[{"@type":"SearchAction","target":{"@type":"EntryPoint","urlTemplate":"https:\/\/www.revue3emillenaire.com\/blog\/?s={search_term_string}"},"query-input":{"@type":"PropertyValueSpecification","valueRequired":true,"valueName":"search_term_string"}}],"inLanguage":"fr-FR"},{"@type":"Person","@id":"https:\/\/www.revue3emillenaire.com\/blog\/#\/schema\/person\/b692dacff720a5344a6190bc714397eb","name":"3e mill\u00e9naire","url":"https:\/\/www.revue3emillenaire.com\/blog\/author\/scoussa\/"}]}},"_links":{"self":[{"href":"https:\/\/www.revue3emillenaire.com\/blog\/wp-json\/wp\/v2\/posts\/19538","targetHints":{"allow":["GET"]}}],"collection":[{"href":"https:\/\/www.revue3emillenaire.com\/blog\/wp-json\/wp\/v2\/posts"}],"about":[{"href":"https:\/\/www.revue3emillenaire.com\/blog\/wp-json\/wp\/v2\/types\/post"}],"author":[{"embeddable":true,"href":"https:\/\/www.revue3emillenaire.com\/blog\/wp-json\/wp\/v2\/users\/2"}],"replies":[{"embeddable":true,"href":"https:\/\/www.revue3emillenaire.com\/blog\/wp-json\/wp\/v2\/comments?post=19538"}],"version-history":[{"count":0,"href":"https:\/\/www.revue3emillenaire.com\/blog\/wp-json\/wp\/v2\/posts\/19538\/revisions"}],"wp:featuredmedia":[{"embeddable":true,"href":"https:\/\/www.revue3emillenaire.com\/blog\/wp-json\/wp\/v2\/media\/19541"}],"wp:attachment":[{"href":"https:\/\/www.revue3emillenaire.com\/blog\/wp-json\/wp\/v2\/media?parent=19538"}],"wp:term":[{"taxonomy":"category","embeddable":true,"href":"https:\/\/www.revue3emillenaire.com\/blog\/wp-json\/wp\/v2\/categories?post=19538"},{"taxonomy":"post_tag","embeddable":true,"href":"https:\/\/www.revue3emillenaire.com\/blog\/wp-json\/wp\/v2\/tags?post=19538"}],"curies":[{"name":"wp","href":"https:\/\/api.w.org\/{rel}","templated":true}]}}