{"id":19572,"date":"2023-10-13T01:11:02","date_gmt":"2023-10-13T00:11:02","guid":{"rendered":"https:\/\/www.revue3emillenaire.com\/blog\/?p=19572"},"modified":"2023-10-16T23:00:12","modified_gmt":"2023-10-16T22:00:12","slug":"la-guerre-et-une-autre-possibilite-par-joan-tollifson","status":"publish","type":"post","link":"https:\/\/www.revue3emillenaire.com\/blog\/la-guerre-et-une-autre-possibilite-par-joan-tollifson\/","title":{"rendered":"La guerre et une autre possibilit\u00e9 par Joan Tollifson"},"content":{"rendered":"<p class=\"western\" align=\"justify\"><span lang=\"fr-FR\"><i>Traduction libre<\/i><\/span><\/p>\n<p class=\"western\" align=\"justify\"><span lang=\"fr-FR\">10\u00a0oct. 2023<\/span><\/p>\n<p class=\"western\" align=\"justify\"><span lang=\"fr-FR\">Les nouvelles sont remplies d\u2019horreur\u00a0: la guerre interminable en Ukraine, suivie de l\u2019attaque horrible contre Isra\u00ebl et de la brutale riposte contre Gaza. Des gens de tous c\u00f4t\u00e9s souffrent d\u2019une douleur inimaginable, tant physiquement qu\u2019\u00e9motionnellement.<\/span><\/p>\n<p class=\"western\" align=\"justify\"><span lang=\"fr-FR\">Non seulement dans les zones de guerre, mais aussi dans l\u2019esprit des <\/span><span lang=\"fr-FR\">personne<\/span><span lang=\"fr-FR\">s du monde entier qui <\/span><span lang=\"fr-FR\">observ<\/span><span lang=\"fr-FR\">ent, il y a des r\u00e9cits contradictoires, des syst\u00e8mes de croyance<\/span><span lang=\"fr-FR\">s<\/span><span lang=\"fr-FR\"> et des versions de l\u2019histoire contradictoires, des id\u00e9ologies contradictoires \u2014 tant de conflits et de malentendus, tant d\u2019incapacit\u00e9 \u00e0 voir les gens tels qu\u2019ils sont, en tant qu\u2019\u00eatres vivants vuln\u00e9rables, avant de les \u00e9tiqueter et de les cat\u00e9goriser et de les <\/span><span lang=\"fr-FR\">ins\u00e9rer<\/span><span lang=\"fr-FR\"> dans une id\u00e9ologie. Tant de personnes traumatis\u00e9es de tous <\/span><span lang=\"fr-FR\">c\u00f4t\u00e9s<\/span><span lang=\"fr-FR\">, incapables de distin<\/span><span lang=\"fr-FR\">guer<\/span><span lang=\"fr-FR\"> entre les \u00eatres vivants et les id\u00e9es, entre ce qui est ici maintenant et ce qui est m\u00e9mor<\/span><span lang=\"fr-FR\">is<\/span><span lang=\"fr-FR\">\u00e9, imagin\u00e9, cru ou projet\u00e9. Autant d\u2019humains pouss\u00e9s par le brouillard de l\u2019\u00e9motion-pens\u00e9e, ce brouillard que nous connaissons tous si bien.<\/span><\/p>\n<p class=\"western\" align=\"justify\"><span lang=\"fr-FR\">Nous pouvons voir l\u2019immense souffrance du point de vue humain, ce qui n\u2019est certainement pas \u00e0 nier, et en tant qu\u2019\u00eatres sensibles, nous pouvons ressentir le chagrin, mais que se passerait-il si nous pouvions aussi la voir comme un mouvement impersonnel d\u2019\u00e9nergie, comme l\u2019oc\u00e9an.<\/span><\/p>\n<p class=\"western\" align=\"justify\"><span lang=\"fr-FR\">En regardant cette tr\u00e8s courte vid\u00e9o (moins d\u2019une minute) de John Astin, imaginez que c\u2019est la situation mondiale\u00a0:<\/span><\/p>\n<p><iframe loading=\"lazy\" title=\"YouTube video player\" src=\"https:\/\/www.youtube.com\/embed\/LZVOC0IgA_8?si=-_HZtSX5ODXLKUGx\" width=\"560\" height=\"315\" frameborder=\"0\" allowfullscreen=\"allowfullscreen\"><\/iframe><\/p>\n<p class=\"western\" align=\"justify\"><span lang=\"fr-FR\">La vid\u00e9o de John offre une fa\u00e7on de voir tous nos drames humains comme une \u00e9nergie impersonnelle, comme le mouvement continu et tourbillonnant de l\u2019oc\u00e9an \u2014 <\/span><span lang=\"fr-FR\">d<\/span><span lang=\"fr-FR\">\u00e9nu\u00e9 de sens, une impermanence totale, <\/span><span lang=\"fr-FR\">fluide<\/span><span lang=\"fr-FR\"> et indivisible, qui ne s\u2019arr\u00eate jamais, sans aucune forme durable \u2014 une \u00e9nergie impersonnelle en mouvement. En regardant la vid\u00e9o, nous avons l\u2019impression de regarder la mer, mais en r\u00e9alit\u00e9, nous sommes la mer \u2014 il n\u2019y a pas de s\u00e9paration. C\u2019est la vie. M\u00eame ce que l\u2019on appelle \u00ab\u00a0l\u2019observation\u00a0\u00bb n\u2019est qu\u2019une ondulation de l\u2019oc\u00e9an <\/span><span lang=\"fr-FR\">fluide<\/span><span lang=\"fr-FR\">.<\/span><\/p>\n<p class=\"western\" align=\"justify\"><span lang=\"fr-FR\">Cette perspective non duelle ou holistique n<\/span><span lang=\"fr-FR\">e consiste pas en un<\/span><span lang=\"fr-FR\"> d\u00e9tachement \u2014 il ne s\u2019agit pas d\u2019une fa\u00e7on de s\u2019<\/span><span lang=\"fr-FR\">isoler<\/span><span lang=\"fr-FR\">, d\u2019ignorer ou de nier l\u2019\u00e9norme douleur et l\u2019angoisse \u2014 c\u2019est une fa\u00e7on de la voir <\/span><span lang=\"fr-FR\">dans sa totalit\u00e9<\/span><span lang=\"fr-FR\">, en reconnaissant que toutes nos pens\u00e9es, \u00e9motions, croyances et actions sont un mouvement in<\/span><span lang=\"fr-FR\">divisible<\/span><span lang=\"fr-FR\"> d\u2019une \u00e9nergie insondable. M\u00eame ce qui semble profond\u00e9ment personnel \u2014 le chagrin, l\u2019agonie, la rage et la terreur \u2014 sont des mouvements impersonnels d\u2019une \u00e9nergie indivisible et en constante \u00e9volution (ou unicit\u00e9 ou absence de toute chose).<\/span><\/p>\n<p class=\"western\" align=\"justify\"><span lang=\"fr-FR\">Nous souffrons en partie parce que nous essayons de nous accrocher, de saisir ce qui est insaisissable, et parce que nous essayons de solidifier avec nos id\u00e9es ce qui n\u2019est pas solide <\/span><span lang=\"fr-FR\">en r\u00e9alit\u00e9<\/span><span lang=\"fr-FR\">. Nous voulons de la permanence l\u00e0 o\u00f9 il n\u2019y en a pas. Mais chaque fois qu\u2019il y a un l\u00e2cher-prise ou un rel\u00e2chement de ce mouvement contract\u00e9 de saisie et d\u2019imagination de la s\u00e9paration, chaque fois qu\u2019il y a un sentiment de dissolution dans la totalit\u00e9 fluide que nous sommes toujours et que nous ne pouvons pas ne pas \u00eatre, on peut d\u00e9couvrir que nous n\u2019avons plus besoin de permanence. Le seul vrai fondement est dans l\u2019absence de fondement. La seule vraie certitude est dans l\u2019ouverture du non-savoir.<\/span><\/p>\n<p class=\"western\" align=\"justify\"><span lang=\"fr-FR\">Il existe de nombreuses fa\u00e7ons de penser \u00e0 ce qui se passe en Isra\u00ebl, \u00e0 Gaza et en Ukraine (et dans bien d\u2019autres endroits). Il existe de nombreuses perspectives diff\u00e9rentes, et beaucoup d\u2019entre nous sont profond\u00e9ment identifi\u00e9s \u00e0 leur point de vue particulier. Nous sommes profond\u00e9ment convaincus qu\u2019elle est juste et vraie. Nous voyons les choses comme nous le <\/span><span lang=\"fr-FR\">faisons<\/span><span lang=\"fr-FR\"> en raison de nos exp\u00e9riences de vie et des informations dont nous disposons. D\u2019autres personnes ayant des exp\u00e9riences de vie et des informations diff\u00e9rentes voient les choses diff\u00e9remment. Les points de vue oppos\u00e9s peuvent \u00eatre per\u00e7us comme une menace pour la vie, et nous pouvons tous si facilement mal comprendre, mal interpr\u00e9ter et d\u00e9former les points de vue qui semblent nous menacer. Rien de tout cela n\u2019est dit pour nier le danger r\u00e9el ou l\u2019immense douleur d\u2019\u00eatre dans une zone de guerre (ou de l\u2019observer \u00e0 distance), mais nos esprits humains ont une fa\u00e7on d\u2019aggraver la peur, la col\u00e8re et tout le reste par la fa\u00e7on dont nous pensons \u00e0 ce sujet. Nous entretenons ces guerres <\/span><span lang=\"fr-FR\">interminables<\/span><span lang=\"fr-FR\"> en croyant <\/span><span lang=\"fr-FR\">en nos<\/span><span lang=\"fr-FR\"> pens<\/span><span lang=\"fr-FR\">\u00e9es<\/span><span lang=\"fr-FR\"> tout en ignorant la r\u00e9alit\u00e9 <\/span><span lang=\"fr-FR\">vivante<\/span><span lang=\"fr-FR\">.<\/span><\/p>\n<p class=\"western\" align=\"justify\"><span lang=\"fr-FR\">Voici une autre courte vid\u00e9o de John (un peu plus de 10\u00a0minutes) qui aborde ce sujet\u00a0:<\/span><\/p>\n<p><iframe loading=\"lazy\" title=\"YouTube video player\" src=\"https:\/\/www.youtube.com\/embed\/TlUFSwdXXEg?si=Ox_Ba-CIVRUzkGNX\" width=\"560\" height=\"315\" frameborder=\"0\" allowfullscreen=\"allowfullscreen\"><\/iframe><\/p>\n<p class=\"western\" align=\"justify\"><span lang=\"fr-FR\">Dans le contexte de ces guerres, ce message peut \u00eatre tr\u00e8s difficile \u00e0 entendre. Mais remarquez la r\u00e9sistance \u00e0 ce message, s\u2019il y en a une, remarquez comment nous nous <\/span><span lang=\"fr-FR\">crispons face \u00e0 lui<\/span><span lang=\"fr-FR\">, si <\/span><span lang=\"fr-FR\">c\u2019est<\/span><span lang=\"fr-FR\"> le <\/span><span lang=\"fr-FR\">cas<\/span><span lang=\"fr-FR\">, comment nous d\u00e9fendons la solidit\u00e9 de ce que nous pensons \u00eatre en train de se produire, peut-\u00eatre surtout notre douleur et notre souffrance et celles d\u2019autres personnes auxquelles nous nous identifions. Encore une fois, il ne s\u2019agit pas de nier la douleur humaine ou de sugg\u00e9rer en aucune fa\u00e7on que nous ne devrions pas ressentir un chagrin atroce, de la rage ou tout autre <\/span><span lang=\"fr-FR\">sentiment<\/span><span lang=\"fr-FR\"> que nous pourrions ressentir si notre enfant est tu\u00e9 ou notre quartier d\u00e9truit \u2014 mais imaginez comment la situation pourrait changer si chacun d\u2019entre nous comprenait vraiment que ce qui appara\u00eet n\u2019est jamais ce que nous <\/span><span lang=\"fr-FR\">croy<\/span><span lang=\"fr-FR\">ons qu<\/span><span lang=\"fr-FR\">e c<\/span><span lang=\"fr-FR\">\u2019est.<\/span><\/p>\n<p class=\"western\" align=\"justify\"><span lang=\"fr-FR\">Texte original\u00a0: <\/span><span style=\"color: #000080;\"><u><a href=\"https:\/\/joantollifson.substack.com\/p\/war\"><span lang=\"fr-FR\">https:\/\/joantollifson.substack.com\/p\/war<\/span><\/a><\/u><\/span><\/p>\n","protected":false},"excerpt":{"rendered":"<p>Traduction libre 10\u00a0oct. 2023 Les nouvelles sont remplies d\u2019horreur\u00a0: la guerre interminable en Ukraine, suivie de l\u2019attaque horrible contre Isra\u00ebl et de la brutale riposte contre Gaza. Des gens de tous c\u00f4t\u00e9s souffrent d\u2019une douleur inimaginable, tant physiquement qu\u2019\u00e9motionnellement. Non seulement dans les zones de guerre, mais aussi dans l\u2019esprit des personnes du monde entier [&hellip;]<\/p>\n","protected":false},"author":2,"featured_media":18434,"comment_status":"closed","ping_status":"closed","sticky":false,"template":"","format":"standard","meta":{"footnotes":""},"categories":[1540,1558],"tags":[1784,174,8],"class_list":["post-19572","post","type-post","status-publish","format-standard","has-post-thumbnail","hentry","category-actualite","category-tollifson-joan","tag-actualites-et-spiritualite","tag-guerre","tag-non-dualite"],"yoast_head":"<!-- This site is optimized with the Yoast SEO plugin v27.0 - https:\/\/yoast.com\/product\/yoast-seo-wordpress\/ -->\n<title>La guerre et une autre possibilit\u00e9 par Joan Tollifson - 3e mill\u00e9naire - Spiritualit\u00e9 - Connaissance de soi - Non-dualit\u00e9 - M\u00e9ditation<\/title>\n<meta name=\"robots\" content=\"index, follow, max-snippet:-1, max-image-preview:large, max-video-preview:-1\" \/>\n<link rel=\"canonical\" href=\"https:\/\/www.revue3emillenaire.com\/blog\/la-guerre-et-une-autre-possibilite-par-joan-tollifson\/\" \/>\n<meta property=\"og:locale\" content=\"fr_FR\" \/>\n<meta property=\"og:type\" content=\"article\" \/>\n<meta property=\"og:title\" content=\"La guerre et une autre possibilit\u00e9 par Joan Tollifson - 3e mill\u00e9naire - Spiritualit\u00e9 - Connaissance de soi - Non-dualit\u00e9 - M\u00e9ditation\" \/>\n<meta property=\"og:description\" content=\"Traduction libre 10\u00a0oct. 2023 Les nouvelles sont remplies d\u2019horreur\u00a0: la guerre interminable en Ukraine, suivie de l\u2019attaque horrible contre Isra\u00ebl et de la brutale riposte contre Gaza. Des gens de tous c\u00f4t\u00e9s souffrent d\u2019une douleur inimaginable, tant physiquement qu\u2019\u00e9motionnellement. Non seulement dans les zones de guerre, mais aussi dans l\u2019esprit des personnes du monde entier [&hellip;]\" \/>\n<meta property=\"og:url\" content=\"https:\/\/www.revue3emillenaire.com\/blog\/la-guerre-et-une-autre-possibilite-par-joan-tollifson\/\" \/>\n<meta property=\"og:site_name\" content=\"3e mill\u00e9naire - Spiritualit\u00e9 - Connaissance de soi - Non-dualit\u00e9 - M\u00e9ditation\" \/>\n<meta property=\"article:published_time\" content=\"2023-10-13T00:11:02+00:00\" \/>\n<meta property=\"article:modified_time\" content=\"2023-10-16T22:00:12+00:00\" \/>\n<meta property=\"og:image\" content=\"https:\/\/www.revue3emillenaire.com\/blog\/wp-content\/uploads\/2021\/05\/Joan-Tollifson.jpg\" \/>\n\t<meta property=\"og:image:width\" content=\"230\" \/>\n\t<meta property=\"og:image:height\" content=\"258\" \/>\n\t<meta property=\"og:image:type\" content=\"image\/jpeg\" \/>\n<meta name=\"author\" content=\"3e mill\u00e9naire\" \/>\n<meta name=\"twitter:card\" content=\"summary_large_image\" \/>\n<meta name=\"twitter:label1\" content=\"\u00c9crit par\" \/>\n\t<meta name=\"twitter:data1\" content=\"3e mill\u00e9naire\" \/>\n\t<meta name=\"twitter:label2\" content=\"Dur\u00e9e de lecture estim\u00e9e\" \/>\n\t<meta name=\"twitter:data2\" content=\"5 minutes\" \/>\n<script type=\"application\/ld+json\" class=\"yoast-schema-graph\">{\"@context\":\"https:\/\/schema.org\",\"@graph\":[{\"@type\":\"Article\",\"@id\":\"https:\/\/www.revue3emillenaire.com\/blog\/la-guerre-et-une-autre-possibilite-par-joan-tollifson\/#article\",\"isPartOf\":{\"@id\":\"https:\/\/www.revue3emillenaire.com\/blog\/la-guerre-et-une-autre-possibilite-par-joan-tollifson\/\"},\"author\":{\"name\":\"3e mill\u00e9naire\",\"@id\":\"https:\/\/www.revue3emillenaire.com\/blog\/#\/schema\/person\/b692dacff720a5344a6190bc714397eb\"},\"headline\":\"La guerre et une autre possibilit\u00e9 par Joan Tollifson\",\"datePublished\":\"2023-10-13T00:11:02+00:00\",\"dateModified\":\"2023-10-16T22:00:12+00:00\",\"mainEntityOfPage\":{\"@id\":\"https:\/\/www.revue3emillenaire.com\/blog\/la-guerre-et-une-autre-possibilite-par-joan-tollifson\/\"},\"wordCount\":1008,\"image\":{\"@id\":\"https:\/\/www.revue3emillenaire.com\/blog\/la-guerre-et-une-autre-possibilite-par-joan-tollifson\/#primaryimage\"},\"thumbnailUrl\":\"https:\/\/www.revue3emillenaire.com\/blog\/wp-content\/uploads\/2021\/05\/Joan-Tollifson.jpg\",\"keywords\":[\"Actualit\u00e9s et Spiritualit\u00e9\",\"guerre\",\"Non-dualit\u00e9\"],\"articleSection\":[\"Actualit\u00e9s\",\"Tollifson Joan\"],\"inLanguage\":\"fr-FR\"},{\"@type\":\"WebPage\",\"@id\":\"https:\/\/www.revue3emillenaire.com\/blog\/la-guerre-et-une-autre-possibilite-par-joan-tollifson\/\",\"url\":\"https:\/\/www.revue3emillenaire.com\/blog\/la-guerre-et-une-autre-possibilite-par-joan-tollifson\/\",\"name\":\"La guerre et une autre possibilit\u00e9 par Joan Tollifson - 3e mill\u00e9naire - Spiritualit\u00e9 - Connaissance de soi - Non-dualit\u00e9 - M\u00e9ditation\",\"isPartOf\":{\"@id\":\"https:\/\/www.revue3emillenaire.com\/blog\/#website\"},\"primaryImageOfPage\":{\"@id\":\"https:\/\/www.revue3emillenaire.com\/blog\/la-guerre-et-une-autre-possibilite-par-joan-tollifson\/#primaryimage\"},\"image\":{\"@id\":\"https:\/\/www.revue3emillenaire.com\/blog\/la-guerre-et-une-autre-possibilite-par-joan-tollifson\/#primaryimage\"},\"thumbnailUrl\":\"https:\/\/www.revue3emillenaire.com\/blog\/wp-content\/uploads\/2021\/05\/Joan-Tollifson.jpg\",\"datePublished\":\"2023-10-13T00:11:02+00:00\",\"dateModified\":\"2023-10-16T22:00:12+00:00\",\"author\":{\"@id\":\"https:\/\/www.revue3emillenaire.com\/blog\/#\/schema\/person\/b692dacff720a5344a6190bc714397eb\"},\"breadcrumb\":{\"@id\":\"https:\/\/www.revue3emillenaire.com\/blog\/la-guerre-et-une-autre-possibilite-par-joan-tollifson\/#breadcrumb\"},\"inLanguage\":\"fr-FR\",\"potentialAction\":[{\"@type\":\"ReadAction\",\"target\":[\"https:\/\/www.revue3emillenaire.com\/blog\/la-guerre-et-une-autre-possibilite-par-joan-tollifson\/\"]}]},{\"@type\":\"ImageObject\",\"inLanguage\":\"fr-FR\",\"@id\":\"https:\/\/www.revue3emillenaire.com\/blog\/la-guerre-et-une-autre-possibilite-par-joan-tollifson\/#primaryimage\",\"url\":\"https:\/\/www.revue3emillenaire.com\/blog\/wp-content\/uploads\/2021\/05\/Joan-Tollifson.jpg\",\"contentUrl\":\"https:\/\/www.revue3emillenaire.com\/blog\/wp-content\/uploads\/2021\/05\/Joan-Tollifson.jpg\",\"width\":230,\"height\":258},{\"@type\":\"BreadcrumbList\",\"@id\":\"https:\/\/www.revue3emillenaire.com\/blog\/la-guerre-et-une-autre-possibilite-par-joan-tollifson\/#breadcrumb\",\"itemListElement\":[{\"@type\":\"ListItem\",\"position\":1,\"name\":\"Accueil\",\"item\":\"https:\/\/www.revue3emillenaire.com\/blog\/\"},{\"@type\":\"ListItem\",\"position\":2,\"name\":\"La guerre et une autre possibilit\u00e9 par Joan Tollifson\"}]},{\"@type\":\"WebSite\",\"@id\":\"https:\/\/www.revue3emillenaire.com\/blog\/#website\",\"url\":\"https:\/\/www.revue3emillenaire.com\/blog\/\",\"name\":\"3e mill\u00e9naire - Spiritualit\u00e9 - Connaissance de soi - Non-dualit\u00e9 - M\u00e9ditation\",\"description\":\"L&#039;Homme en devenir\",\"potentialAction\":[{\"@type\":\"SearchAction\",\"target\":{\"@type\":\"EntryPoint\",\"urlTemplate\":\"https:\/\/www.revue3emillenaire.com\/blog\/?s={search_term_string}\"},\"query-input\":{\"@type\":\"PropertyValueSpecification\",\"valueRequired\":true,\"valueName\":\"search_term_string\"}}],\"inLanguage\":\"fr-FR\"},{\"@type\":\"Person\",\"@id\":\"https:\/\/www.revue3emillenaire.com\/blog\/#\/schema\/person\/b692dacff720a5344a6190bc714397eb\",\"name\":\"3e mill\u00e9naire\",\"url\":\"https:\/\/www.revue3emillenaire.com\/blog\/author\/scoussa\/\"}]}<\/script>\n<!-- \/ Yoast SEO plugin. -->","yoast_head_json":{"title":"La guerre et une autre possibilit\u00e9 par Joan Tollifson - 3e mill\u00e9naire - Spiritualit\u00e9 - Connaissance de soi - Non-dualit\u00e9 - M\u00e9ditation","robots":{"index":"index","follow":"follow","max-snippet":"max-snippet:-1","max-image-preview":"max-image-preview:large","max-video-preview":"max-video-preview:-1"},"canonical":"https:\/\/www.revue3emillenaire.com\/blog\/la-guerre-et-une-autre-possibilite-par-joan-tollifson\/","og_locale":"fr_FR","og_type":"article","og_title":"La guerre et une autre possibilit\u00e9 par Joan Tollifson - 3e mill\u00e9naire - Spiritualit\u00e9 - Connaissance de soi - Non-dualit\u00e9 - M\u00e9ditation","og_description":"Traduction libre 10\u00a0oct. 2023 Les nouvelles sont remplies d\u2019horreur\u00a0: la guerre interminable en Ukraine, suivie de l\u2019attaque horrible contre Isra\u00ebl et de la brutale riposte contre Gaza. Des gens de tous c\u00f4t\u00e9s souffrent d\u2019une douleur inimaginable, tant physiquement qu\u2019\u00e9motionnellement. Non seulement dans les zones de guerre, mais aussi dans l\u2019esprit des personnes du monde entier [&hellip;]","og_url":"https:\/\/www.revue3emillenaire.com\/blog\/la-guerre-et-une-autre-possibilite-par-joan-tollifson\/","og_site_name":"3e mill\u00e9naire - Spiritualit\u00e9 - Connaissance de soi - Non-dualit\u00e9 - M\u00e9ditation","article_published_time":"2023-10-13T00:11:02+00:00","article_modified_time":"2023-10-16T22:00:12+00:00","og_image":[{"width":230,"height":258,"url":"https:\/\/www.revue3emillenaire.com\/blog\/wp-content\/uploads\/2021\/05\/Joan-Tollifson.jpg","type":"image\/jpeg"}],"author":"3e mill\u00e9naire","twitter_card":"summary_large_image","twitter_misc":{"\u00c9crit par":"3e mill\u00e9naire","Dur\u00e9e de lecture estim\u00e9e":"5 minutes"},"schema":{"@context":"https:\/\/schema.org","@graph":[{"@type":"Article","@id":"https:\/\/www.revue3emillenaire.com\/blog\/la-guerre-et-une-autre-possibilite-par-joan-tollifson\/#article","isPartOf":{"@id":"https:\/\/www.revue3emillenaire.com\/blog\/la-guerre-et-une-autre-possibilite-par-joan-tollifson\/"},"author":{"name":"3e mill\u00e9naire","@id":"https:\/\/www.revue3emillenaire.com\/blog\/#\/schema\/person\/b692dacff720a5344a6190bc714397eb"},"headline":"La guerre et une autre possibilit\u00e9 par Joan Tollifson","datePublished":"2023-10-13T00:11:02+00:00","dateModified":"2023-10-16T22:00:12+00:00","mainEntityOfPage":{"@id":"https:\/\/www.revue3emillenaire.com\/blog\/la-guerre-et-une-autre-possibilite-par-joan-tollifson\/"},"wordCount":1008,"image":{"@id":"https:\/\/www.revue3emillenaire.com\/blog\/la-guerre-et-une-autre-possibilite-par-joan-tollifson\/#primaryimage"},"thumbnailUrl":"https:\/\/www.revue3emillenaire.com\/blog\/wp-content\/uploads\/2021\/05\/Joan-Tollifson.jpg","keywords":["Actualit\u00e9s et Spiritualit\u00e9","guerre","Non-dualit\u00e9"],"articleSection":["Actualit\u00e9s","Tollifson Joan"],"inLanguage":"fr-FR"},{"@type":"WebPage","@id":"https:\/\/www.revue3emillenaire.com\/blog\/la-guerre-et-une-autre-possibilite-par-joan-tollifson\/","url":"https:\/\/www.revue3emillenaire.com\/blog\/la-guerre-et-une-autre-possibilite-par-joan-tollifson\/","name":"La guerre et une autre possibilit\u00e9 par Joan Tollifson - 3e mill\u00e9naire - Spiritualit\u00e9 - Connaissance de soi - Non-dualit\u00e9 - M\u00e9ditation","isPartOf":{"@id":"https:\/\/www.revue3emillenaire.com\/blog\/#website"},"primaryImageOfPage":{"@id":"https:\/\/www.revue3emillenaire.com\/blog\/la-guerre-et-une-autre-possibilite-par-joan-tollifson\/#primaryimage"},"image":{"@id":"https:\/\/www.revue3emillenaire.com\/blog\/la-guerre-et-une-autre-possibilite-par-joan-tollifson\/#primaryimage"},"thumbnailUrl":"https:\/\/www.revue3emillenaire.com\/blog\/wp-content\/uploads\/2021\/05\/Joan-Tollifson.jpg","datePublished":"2023-10-13T00:11:02+00:00","dateModified":"2023-10-16T22:00:12+00:00","author":{"@id":"https:\/\/www.revue3emillenaire.com\/blog\/#\/schema\/person\/b692dacff720a5344a6190bc714397eb"},"breadcrumb":{"@id":"https:\/\/www.revue3emillenaire.com\/blog\/la-guerre-et-une-autre-possibilite-par-joan-tollifson\/#breadcrumb"},"inLanguage":"fr-FR","potentialAction":[{"@type":"ReadAction","target":["https:\/\/www.revue3emillenaire.com\/blog\/la-guerre-et-une-autre-possibilite-par-joan-tollifson\/"]}]},{"@type":"ImageObject","inLanguage":"fr-FR","@id":"https:\/\/www.revue3emillenaire.com\/blog\/la-guerre-et-une-autre-possibilite-par-joan-tollifson\/#primaryimage","url":"https:\/\/www.revue3emillenaire.com\/blog\/wp-content\/uploads\/2021\/05\/Joan-Tollifson.jpg","contentUrl":"https:\/\/www.revue3emillenaire.com\/blog\/wp-content\/uploads\/2021\/05\/Joan-Tollifson.jpg","width":230,"height":258},{"@type":"BreadcrumbList","@id":"https:\/\/www.revue3emillenaire.com\/blog\/la-guerre-et-une-autre-possibilite-par-joan-tollifson\/#breadcrumb","itemListElement":[{"@type":"ListItem","position":1,"name":"Accueil","item":"https:\/\/www.revue3emillenaire.com\/blog\/"},{"@type":"ListItem","position":2,"name":"La guerre et une autre possibilit\u00e9 par Joan Tollifson"}]},{"@type":"WebSite","@id":"https:\/\/www.revue3emillenaire.com\/blog\/#website","url":"https:\/\/www.revue3emillenaire.com\/blog\/","name":"3e mill\u00e9naire - Spiritualit\u00e9 - Connaissance de soi - Non-dualit\u00e9 - M\u00e9ditation","description":"L&#039;Homme en devenir","potentialAction":[{"@type":"SearchAction","target":{"@type":"EntryPoint","urlTemplate":"https:\/\/www.revue3emillenaire.com\/blog\/?s={search_term_string}"},"query-input":{"@type":"PropertyValueSpecification","valueRequired":true,"valueName":"search_term_string"}}],"inLanguage":"fr-FR"},{"@type":"Person","@id":"https:\/\/www.revue3emillenaire.com\/blog\/#\/schema\/person\/b692dacff720a5344a6190bc714397eb","name":"3e mill\u00e9naire","url":"https:\/\/www.revue3emillenaire.com\/blog\/author\/scoussa\/"}]}},"_links":{"self":[{"href":"https:\/\/www.revue3emillenaire.com\/blog\/wp-json\/wp\/v2\/posts\/19572","targetHints":{"allow":["GET"]}}],"collection":[{"href":"https:\/\/www.revue3emillenaire.com\/blog\/wp-json\/wp\/v2\/posts"}],"about":[{"href":"https:\/\/www.revue3emillenaire.com\/blog\/wp-json\/wp\/v2\/types\/post"}],"author":[{"embeddable":true,"href":"https:\/\/www.revue3emillenaire.com\/blog\/wp-json\/wp\/v2\/users\/2"}],"replies":[{"embeddable":true,"href":"https:\/\/www.revue3emillenaire.com\/blog\/wp-json\/wp\/v2\/comments?post=19572"}],"version-history":[{"count":0,"href":"https:\/\/www.revue3emillenaire.com\/blog\/wp-json\/wp\/v2\/posts\/19572\/revisions"}],"wp:featuredmedia":[{"embeddable":true,"href":"https:\/\/www.revue3emillenaire.com\/blog\/wp-json\/wp\/v2\/media\/18434"}],"wp:attachment":[{"href":"https:\/\/www.revue3emillenaire.com\/blog\/wp-json\/wp\/v2\/media?parent=19572"}],"wp:term":[{"taxonomy":"category","embeddable":true,"href":"https:\/\/www.revue3emillenaire.com\/blog\/wp-json\/wp\/v2\/categories?post=19572"},{"taxonomy":"post_tag","embeddable":true,"href":"https:\/\/www.revue3emillenaire.com\/blog\/wp-json\/wp\/v2\/tags?post=19572"}],"curies":[{"name":"wp","href":"https:\/\/api.w.org\/{rel}","templated":true}]}}