{"id":19580,"date":"2023-10-18T23:58:18","date_gmt":"2023-10-18T22:58:18","guid":{"rendered":"https:\/\/www.revue3emillenaire.com\/blog\/?p=19580"},"modified":"2023-10-19T00:01:21","modified_gmt":"2023-10-18T23:01:21","slug":"lampleur-mondiale-de-larmageddon-des-oiseaux-par-arthur-firstenberg","status":"publish","type":"post","link":"https:\/\/www.revue3emillenaire.com\/blog\/lampleur-mondiale-de-larmageddon-des-oiseaux-par-arthur-firstenberg\/","title":{"rendered":"L\u2019ampleur mondiale de l\u2019armageddon des oiseaux par Arthur Firstenberg"},"content":{"rendered":"<p class=\"western\" align=\"justify\"><a href=\"https:\/\/www.revue3emillenaire.com\/blog\/wp-content\/uploads\/2023\/10\/global-1.jpg\"><img loading=\"lazy\" decoding=\"async\" class=\"aligncenter size-full wp-image-19581\" src=\"https:\/\/www.revue3emillenaire.com\/blog\/wp-content\/uploads\/2023\/10\/global-1.jpg\" alt=\"\" width=\"650\" height=\"366\" srcset=\"https:\/\/www.revue3emillenaire.com\/blog\/wp-content\/uploads\/2023\/10\/global-1.jpg 650w, https:\/\/www.revue3emillenaire.com\/blog\/wp-content\/uploads\/2023\/10\/global-1-300x169.jpg 300w\" sizes=\"auto, (max-width: 650px) 100vw, 650px\" \/><\/a><\/p>\n<p class=\"western\" align=\"justify\"><span lang=\"fr-FR\"><b>Anders Brunstad m\u2019a alert\u00e9 sur l\u2019installation<\/b><\/span><span lang=\"fr-FR\"> de l\u2019une des stations radars les plus puissantes au monde sur la p\u00e9ninsule de Varanger, dans le Finnmark, en Norv\u00e8ge, juste avant que des dizaines de milliers d\u2019oiseaux ne tombent morts sur toute la p\u00e9ninsule. Les c\u00f4tes sud et est de la p\u00e9ninsule disposent \u00e9galement d\u2019une couverture\u00a04G+ et, de plus en plus, de la 5G, ajout\u00e9e r\u00e9cemment.<\/span><\/p>\n<p class=\"western\" align=\"justify\"><span lang=\"fr-FR\">Dans la r\u00e9serve naturelle d\u2019Ekker\u00f8y, sur la c\u00f4te sud de la p\u00e9ninsule, au moins 15\u00a0000\u00a0mouettes tridactyles en voie de disparition sont mortes fin juillet et d\u00e9but ao\u00fbt 2023. Les mouettes nichent en \u00e9t\u00e9 sur de hautes falaises, directement dans la ligne de mire du radar, qui se trouve \u00e0 50\u00a0kilom\u00e8tres de l\u00e0. Le restaurant d\u2019Ekker\u00f8y a \u00e9t\u00e9 contraint de fermer pour l\u2019\u00e9t\u00e9, car il \u00ab\u00a0pleuvait\u00a0\u00bb des oiseaux morts. La population totale de ces oiseaux marins en Norv\u00e8ge n\u2019\u00e9tait que de 50\u00a0000 environ. Des sternes et d\u2019autres types de go\u00e9lands morts ont \u00e9galement \u00e9t\u00e9 ramass\u00e9s. La moiti\u00e9 des grues d\u2019Ekker\u00f8y sont mortes.<\/span><\/p>\n<p class=\"western\" align=\"justify\"><a href=\"https:\/\/www.revue3emillenaire.com\/blog\/wp-content\/uploads\/2023\/10\/global-2.jpg\"><img loading=\"lazy\" decoding=\"async\" class=\"aligncenter size-full wp-image-19582\" src=\"https:\/\/www.revue3emillenaire.com\/blog\/wp-content\/uploads\/2023\/10\/global-2.jpg\" alt=\"\" width=\"620\" height=\"416\" srcset=\"https:\/\/www.revue3emillenaire.com\/blog\/wp-content\/uploads\/2023\/10\/global-2.jpg 620w, https:\/\/www.revue3emillenaire.com\/blog\/wp-content\/uploads\/2023\/10\/global-2-300x201.jpg 300w\" sizes=\"auto, (max-width: 620px) 100vw, 620px\" \/><\/a><\/p>\n<p class=\"western\" align=\"justify\"><span lang=\"fr-FR\">Le radar, appel\u00e9 Globus\u00a0III, a \u00e9t\u00e9 construit par les \u00c9tats-Unis sur l\u2019\u00eele de Vard\u00f8ya \u00e0 Vard\u00f8, la ville la plus \u00e0 l\u2019est de la Norv\u00e8ge, qui se trouve de l\u2019autre c\u00f4t\u00e9 d\u2019une baie du nord de la Russie. Il semble faire partie d\u2019un r\u00e9seau de d\u00e9fense civile appel\u00e9 \u00ab\u00a0Space Fence\u00a0\u00bb. Les d\u00e9tails concernant ce site ont \u00e9t\u00e9 tenus secrets, mais j\u2019ai trouv\u00e9 <\/span><span style=\"color: #000080;\"><u><a href=\"https:\/\/sam.gov\/opp\/88b8532ddf9c42b4bf32638f4d34fc93\/view\" target=\"_blank\" rel=\"noopener\"><span lang=\"fr-FR\">une demande d\u2019information<\/span><\/a><\/u><\/span><span lang=\"fr-FR\"> publi\u00e9e le 22\u00a0f\u00e9vrier 2022 sur le site web du gouvernement am\u00e9ricain, SAM.gov. On peut y lire ce qui suit\u00a0:<\/span><\/p>\n<p class=\"western\" align=\"justify\"><span lang=\"fr-FR\">\u00ab\u00a0<\/span><span lang=\"fr-FR\"><i>Ce syst\u00e8me est unique en son genre et sera mis en service en 2023. Il s\u2019agit d\u2019un syst\u00e8me de collecte sp\u00e9cialis\u00e9 binational et collaboratif. Le programme GLOBUS est un syst\u00e8me radar terrestre \u00e0 double bande compos\u00e9 d\u2019un r\u00e9seau phas\u00e9 \u00e0 semi-conducteurs en bande S, d\u2019une antenne parabolique en bande X, d\u2019un contr\u00f4leur de syst\u00e8me int\u00e9gr\u00e9 (ISC) et d\u2019une suite de communication de mission (MCS) h\u00e9berg\u00e9e sur un site situ\u00e9 en dehors de la zone continentale des \u00c9tats-Unis (OCONUS)<\/i><\/span><span lang=\"fr-FR\">\u00a0\u00bb.<\/span><\/p>\n<p class=\"western\" align=\"justify\"><a href=\"https:\/\/www.revue3emillenaire.com\/blog\/wp-content\/uploads\/2023\/10\/global-3.jpg\"><img loading=\"lazy\" decoding=\"async\" class=\"aligncenter size-full wp-image-19583\" src=\"https:\/\/www.revue3emillenaire.com\/blog\/wp-content\/uploads\/2023\/10\/global-3.jpg\" alt=\"\" width=\"1000\" height=\"598\" srcset=\"https:\/\/www.revue3emillenaire.com\/blog\/wp-content\/uploads\/2023\/10\/global-3.jpg 1000w, https:\/\/www.revue3emillenaire.com\/blog\/wp-content\/uploads\/2023\/10\/global-3-300x179.jpg 300w, https:\/\/www.revue3emillenaire.com\/blog\/wp-content\/uploads\/2023\/10\/global-3-768x459.jpg 768w\" sizes=\"auto, (max-width: 1000px) 100vw, 1000px\" \/><\/a><\/p>\n<p class=\"western\" align=\"justify\"><span lang=\"fr-FR\">D\u2019autres radars de la Space Fence sont situ\u00e9s sur l\u2019\u00eele de Kwajalein, dans les \u00eeles Marshall, et en Australie occidentale. Ces radars \u00e0 r\u00e9seaux \u00e0 phase en bande S (2\u00a0GHz \u00e0 4\u00a0GHz) poss\u00e8dent chacun 36\u00a0000\u00a0antennes \u00e9mettrices, une puissance de cr\u00eate de 2,7\u00a0MW et, lorsqu\u2019ils sont concentr\u00e9s en un faisceau \u00e9troit qui balaie le ciel dans toutes les directions, une puissance rayonn\u00e9e effective de cr\u00eate de plusieurs milliards de watts.<\/span><\/p>\n<p class=\"western\" align=\"justify\"><span lang=\"fr-FR\">La conflagration ne se limite pas au Finnmark ou \u00e0 la Norv\u00e8ge. L\u2019\u00e9t\u00e9 dernier, j\u2019ai fait \u00e9tat de la mort massive d\u2019oiseaux marins nichant \u00e0 proximit\u00e9 de nouvelles antennes aux Pays-Bas et en France (<\/span><span style=\"color: #000080;\"><u><a href=\"https:\/\/www.revue3emillenaire.com\/blog\/le-ciel-nous-tombe-sur-la-tete-par-arthur-firstenberg\/\" target=\"_blank\" rel=\"noopener\"><span lang=\"fr-FR\">Oiseaux sur l\u2019\u00eele Texel<\/span><\/a><\/u><\/span><span lang=\"fr-FR\">\u00a0; <\/span><span style=\"color: #000080;\"><u><a href=\"https:\/\/www.revue3emillenaire.com\/blog\/les-derniers-refuges-des-oiseaux-de-mer-par-arthur-firstenberg\/\" target=\"_blank\" rel=\"noopener\"><span lang=\"fr-FR\">Les derniers refuges des oiseaux de mer<\/span><\/a><\/u><\/span><span lang=\"fr-FR\">). Cet \u00e9t\u00e9, la situation est bien pire. La prolif\u00e9ration continue, dans le monde entier, de tours et d\u2019antennes cellulaires\u00a04G et 5G, ainsi que de parcs \u00e9oliens offshore, a tu\u00e9 des millions d\u2019oiseaux sauvages sur cinq continents, <\/span><span style=\"color: #000080;\"><u><a href=\"https:\/\/www.precisionvaccinations.com\/mammals-infected-bird-flu\"><span lang=\"fr-FR\">ainsi que<\/span><\/a><\/u><\/span><span lang=\"fr-FR\"> des renards, des mouffettes, des ratons laveurs, des p\u00eacheurs, des blaireaux, des martres, des ours noirs, des grizzlis, des lynx, des lions de montagne, des sangliers, des loutres, des opossums de Virginie, des phoques, des pingouins, et d\u2019autres animaux encore.<\/span><\/p>\n<p class=\"western\" align=\"justify\"><span lang=\"fr-FR\">L\u2019ann\u00e9e derni\u00e8re, 40\u00a0% des p\u00e9licans dalmates nichant en Gr\u00e8ce sont morts, ainsi que 20\u00a0% de ceux de Roumanie et un grand nombre de ceux du Mont\u00e9n\u00e9gro et d\u2019Albanie. En mai 2023, plus de 50\u00a0000\u00a0oiseaux sauvages morts de toutes sortes avaient \u00e9t\u00e9 signal\u00e9s au Royaume-Uni, 40\u00a0000 dans l\u2019est du Canada et des dizaines de milliers aux \u00c9tats-Unis. Au 31\u00a0juillet 2023, la Chine signalait 5\u00a0100\u00a0oiseaux morts au Tibet. Des rapports de mortalit\u00e9 proviennent de tous les \u00c9tats des \u00c9tats-Unis et concernent 129\u00a0esp\u00e8ces d\u2019oiseaux. Un tr\u00e8s grand nombre de pygargues \u00e0 t\u00eate blanche sont morts. Rien qu\u2019en novembre et d\u00e9cembre 2022, plus de 50\u00a0000\u00a0oiseaux marins sont morts le long des c\u00f4tes p\u00e9ruviennes, dont 16\u00a0890\u00a0p\u00e9licans p\u00e9ruviens et 4\u00a0324\u00a0fous bruns, deux esp\u00e8ces menac\u00e9es au P\u00e9rou. Au Chili, au 1<\/span><sup><span lang=\"fr-FR\">er<\/span><\/sup><span lang=\"fr-FR\">\u00a0janvier 2023, environ 10\u00a0000\u00a0oiseaux marins sont morts, notamment des p\u00e9licans, des go\u00e9lands de varech, des go\u00e9lands de Belcher, des go\u00e9lands gris, des cormorans guanay, des fous du P\u00e9rou, des sternes \u00e9l\u00e9gantes et des urubus \u00e0 t\u00eate rouge.<\/span><\/p>\n<p class=\"western\" align=\"justify\"><span lang=\"fr-FR\">Le 9\u00a0mai 2023, le gouvernement chilien a signal\u00e9 la mort de 27\u00a0977\u00a0oiseaux marins et le 21\u00a0juillet 2023, le gouvernement p\u00e9ruvien a signal\u00e9 la mort de 519\u00a0541\u00a0oiseaux marins. Il s\u2019agissait d\u2019oiseaux de 65\u00a0esp\u00e8ces diff\u00e9rentes. En outre, le Chili a signal\u00e9 la mort de 2\u00a0517\u00a0manchots de Humboldt, 460\u00a0manchots de Magellan, 16\u00a0856\u00a0otaries \u00e0 crini\u00e8re et un plus petit nombre de dauphins, de marsouins, de loutres et d\u2019autres types de phoques, tandis que le P\u00e9rou a signal\u00e9 la mort de 9\u00a0314\u00a0otaries et de 100\u00a0autres mammif\u00e8res marins. Selon <\/span><span style=\"color: #000080;\"><u><a href=\"https:\/\/www.offlu.org\/wp-content\/uploads\/2023\/08\/OFFLU-statement-HPAI-wildlife-South-America-20230823.pdf\" target=\"_blank\" rel=\"noopener\"><span lang=\"fr-FR\">un rapport de l\u2019OFFLU<\/span><\/a><\/u><\/span><span lang=\"fr-FR\">, un r\u00e9seau mondial d\u2019expertise sur la grippe animale, le Chili a perdu au moins 13\u00a0% de ses manchots de Humboldt, le P\u00e9rou a perdu au moins 36\u00a0% de ses p\u00e9licans p\u00e9ruviens et le Chili et le P\u00e9rou ont perdu ensemble au moins 9\u00a0% de leurs lions de mer.<\/span><\/p>\n<p class=\"western\" align=\"justify\"><span lang=\"fr-FR\">Les ornithologues attribuent tous cette catastrophe \u00e0 la grippe aviaire, bien que la plupart des oiseaux morts ont un test n\u00e9gatif pour tout virus de la grippe, et que ceux qui sont positifs pr\u00e9sentent tous des variantes diff\u00e9rentes du virus, ce qui les emp\u00eacherait de le transmettre les uns aux autres, encore moins aux ours et aux manchots. Par exemple, 233 oiseaux morts <\/span><span style=\"color: #000080;\"><u><a href=\"https:\/\/www.vetinst.no\/dyr\/vilt\/fugleinfluensa-i-norge\"><span lang=\"fr-FR\">ont \u00e9t\u00e9 examin\u00e9s pour le virus de la grippe<\/span><\/a><\/u><\/span><span lang=\"fr-FR\"> par l\u2019Institut v\u00e9t\u00e9rinaire norv\u00e9gien entre le 14\u00a0ao\u00fbt et le 1<\/span><sup><span lang=\"fr-FR\">er\u00a0<\/span><\/sup><span lang=\"fr-FR\">octobre 2023. Ils ont trouv\u00e9 le virus\u00a0H5N1 hautement pathog\u00e8ne chez 8\u00a0oiseaux, le H5N5 hautement pathog\u00e8ne chez 2\u00a0oiseaux, le H5Nx hautement pathog\u00e8ne (autres sous-types) chez 2\u00a0oiseaux, le H5Nx faiblement pathog\u00e8ne chez 6\u00a0oiseaux, un \u00ab\u00a0autre virus de la grippe A\u00a0\u00bb chez 8\u00a0oiseaux et aucun virus chez 207\u00a0oiseaux.<\/span><\/p>\n<p class=\"western\" align=\"justify\"><span lang=\"fr-FR\">Pourtant, <\/span><span style=\"color: #000080;\"><u><a href=\"https:\/\/www.scientificamerican.com\/article\/vaccine-makers-are-preparing-for-bird-flu\/\" target=\"_blank\" rel=\"noopener\"><span lang=\"fr-FR\">les \u00c9tats-Unis stockent d\u00e9j\u00e0 un vaccin<\/span><\/a><\/u><\/span><span lang=\"fr-FR\"> contre le H5N1 au cas o\u00f9 il se propagerait \u00e0 l\u2019homme et provoquerait une pand\u00e9mie.<\/span><\/p>\n<p class=\"western\" align=\"justify\"><span lang=\"fr-FR\">La disparition des insectes a \u00e9galement fait la une des journaux. Le Dr Norman Leppla, professeur d\u2019entomologie \u00e0 l\u2019universit\u00e9 de Floride, a d\u00e9clar\u00e9 que l\u2019infestation de moucherons d\u2019amour de l\u2019\u00c9tat avait compl\u00e8tement disparu. Les moucherons d\u2019amour arrivaient en masse au printemps et \u00e0 l\u2019automne, entre mai et septembre, avec une l\u00e9g\u00e8re variation selon que l\u2019on se trouve dans le nord ou le sud de l\u2019\u00c9tat. \u00ab\u00a0Ce n\u2019est pas subtil, ils ne sont vraiment pas l\u00e0 cette saison\u00a0\u00bb, a-t-il d\u00e9clar\u00e9 dans une interview <\/span><span style=\"color: #000080;\"><u><a href=\"https:\/\/www.clickorlando.com\/podcasts\/2023\/10\/05\/where-did-all-the-lovebugs-go\/\" target=\"_blank\" rel=\"noopener\"><span lang=\"fr-FR\">publi\u00e9e le 5\u00a0octobre 2023<\/span><\/a><\/u><\/span><span lang=\"fr-FR\">. Mais personne ne met cela sur le compte de la \u00ab\u00a0grippe aviaire\u00a0\u00bb.<\/span><\/p>\n<p class=\"western\" align=\"justify\"><span lang=\"fr-FR\">Les parcs \u00e9oliens ont \u00e9galement des effets d\u00e9vastateurs sur les oiseaux, comme l\u2019ont d\u00e9montr\u00e9 des scientifiques allemands dans <\/span><span style=\"color: #000080;\"><u><a href=\"https:\/\/www.nature.com\/articles\/s41598-023-31601-z\"><span lang=\"fr-FR\">un article<\/span><\/a><\/u><\/span><span lang=\"fr-FR\"> publi\u00e9 dans <\/span><span lang=\"fr-FR\"><i>Nature<\/i><\/span><span lang=\"fr-FR\"> le 13\u00a0avril 2023. Ils ont constat\u00e9 que les populations de plongeons catmarins se sont effondr\u00e9es en mer du Nord apr\u00e8s la construction de cinq groupes de parcs \u00e9oliens offshore entre 2010 et 2014. Leurs populations ont diminu\u00e9 en moyenne de 94\u00a0% \u00e0 moins d\u2019un kilom\u00e8tre d\u2019un parc \u00e9olien et de 52\u00a0% \u00e0 moins de 10\u00a0kilom\u00e8tres, avec une certaine r\u00e9duction de la population \u00e0 des distances allant jusqu\u2019\u00e0 24\u00a0kilom\u00e8tres.<\/span><\/p>\n<p class=\"western\" align=\"justify\"><span lang=\"fr-FR\">Les parcs \u00e9oliens tuent aussi les baleines. Au moins 32\u00a0baleines ont \u00e9t\u00e9 retrouv\u00e9es mortes sur la c\u00f4te est des \u00c9tats-Unis au cours des derniers mois, ce qui a incit\u00e9 un groupe de l\u00e9gislateurs du New Jersey \u00e0 <\/span><span style=\"color: #000080;\"><u><a href=\"https:\/\/www.senatenj.com\/index.php\/oscanlon\/video-senate-republicans-explore-whale-deaths-wind-farm-concerns-at-independent-hearing\/60283\" target=\"_blank\" rel=\"noopener\"><span lang=\"fr-FR\">demander un moratoire imm\u00e9diat<\/span><\/a><\/u><\/span><span lang=\"fr-FR\"> sur les parcs \u00e9oliens offshore dans la r\u00e9gion.<\/span><\/p>\n<p class=\"western\" align=\"center\"><span style=\"font-size: large;\"><span lang=\"fr-FR\"><b>Des communaut\u00e9s qui s\u2019\u00e9veillent<\/b><\/span><\/span><\/p>\n<p class=\"western\" align=\"justify\"><span lang=\"fr-FR\">La raison a pr\u00e9valu dans le district de Gariaband, au Chhattisgarh, dans le village indien de Lachkera, o\u00f9 vivent 600\u00a0familles. Une r\u00e9solution du village interdit l\u2019installation de toute tour de t\u00e9l\u00e9phonie mobile afin de prot\u00e9ger les oiseaux. \u00ab\u00a0Nous avons appris que les tours de transmission \u00e9mettent des radiations nocives\u00a0; nous pr\u00e9f\u00e9rons vivre avec une faible connectivit\u00e9 r\u00e9seau \u00e0 partir des localit\u00e9s avoisinantes. C\u2019est un plaisir d\u2019accueillir des cigognes \u00e0 bec ouvert au d\u00e9but de la mousson. Elles nichent dans les arbres de notre village et personne ne les d\u00e9range. Nous n\u2019autorisons aucun fournisseur de services de t\u00e9l\u00e9phonie mobile \u00e0 installer sa tour, malgr\u00e9 les pressions et les tentations de sa part\u00a0\u00bb, a d\u00e9clar\u00e9 Uday Nishad, le chef \u00e9lu du gouvernement du village.<\/span><\/p>\n<p class=\"western\" align=\"justify\"><span lang=\"fr-FR\">Ils ont appris cela <\/span><span style=\"color: #000080;\"><u><a href=\"https:\/\/www.wjpps.com\/wjpps_controller\/abstract_id\/7764\" target=\"_blank\" rel=\"noopener\"><span lang=\"fr-FR\">d\u2019une \u00e9tude de terrain<\/span><\/a><\/u><\/span><span lang=\"fr-FR\"> men\u00e9e en 2017 par des scientifiques de l\u2019universit\u00e9 C.V. Raman concernant les oiseaux vivants \u00e0 proximit\u00e9 des 9\u00a0tours de t\u00e9l\u00e9phonie mobile dans le district de Bijapur. Passant en revue 113\u00a0\u00e9tudes sur les effets \u00e9cologiques des rayonnements RF, les auteurs ont \u00e9crit\u00a0:<\/span><\/p>\n<p class=\"western\" align=\"justify\"><span lang=\"fr-FR\">\u00ab\u00a0<\/span><span lang=\"fr-FR\"><i>Lorsque les oiseaux sont expos\u00e9s \u00e0 de faibles champs \u00e9lectromagn\u00e9tiques, ils sont d\u00e9sorient\u00e9s et volent dans toutes les directions, ce qui nuit \u00e0 leurs capacit\u00e9s naturelles de navigation. Un grand nombre d\u2019oiseaux comme les pigeons, les moineaux et les cygnes se perdent \u00e0 cause des interf\u00e9rences caus\u00e9es par \u201cl\u2019ennemi invisible\u201d, c\u2019est-\u00e0-dire les antennes de t\u00e9l\u00e9phonie mobile. Il a \u00e9galement \u00e9t\u00e9 constat\u00e9 r\u00e9cemment que les animaux vivants \u00e0 proximit\u00e9 de tours de t\u00e9l\u00e9phonie mobile sont expos\u00e9s \u00e0 divers dangers et menaces pour leur vie, notamment la mortinatalit\u00e9, les avortements spontan\u00e9s, les malformations cong\u00e9nitales, les probl\u00e8mes de comportement et la d\u00e9gradation g\u00e9n\u00e9rale de leur \u00e9tat de sant\u00e9. La pollution \u00e9lectromagn\u00e9tique est \u00e9galement une cause possible de d\u00e9formations et de d\u00e9clin de certaines populations d\u2019amphibiens. Outre les oiseaux et les animaux, les radiations \u00e9lectromagn\u00e9tiques \u00e9manant des antennes-relais peuvent \u00e9galement affecter les l\u00e9gumes, les cultures et les plantes situ\u00e9es \u00e0 proximit\u00e9<\/i><\/span><span lang=\"fr-FR\">.\u00a0\u00bb<\/span><\/p>\n<p class=\"western\" align=\"justify\"><span lang=\"fr-FR\">Ils ont visit\u00e9 les zones o\u00f9 chaque antenne-relais \u00e9tait situ\u00e9e de 2 \u00e0 3\u00a0heures le matin et de 2 \u00e0 3\u00a0heures le soir, tous les jours pendant 6\u00a0mois, et ont compt\u00e9 les oiseaux\u00a0: paons, canards sauvages, corneilles, perroquets, coucous, moineaux, pigeons sauvages, aigles et pics. Il y avait beaucoup moins d\u2019oiseaux de toutes sortes en 2017 que lors d\u2019une \u00e9tude men\u00e9e en 2006, avant l\u2019\u00e9rection des tours.<\/span><\/p>\n<p class=\"western\" align=\"justify\"><span lang=\"fr-FR\">Il convient de r\u00e9p\u00e9ter une fois de plus que la grippe, qu\u2019elle soit humaine, animale ou aviaire, <\/span><span lang=\"fr-FR\"><i>n\u2019est pas<\/i><\/span><span lang=\"fr-FR\"> caus\u00e9e par un virus et qu\u2019il n\u2019a jamais \u00e9t\u00e9 d\u00e9montr\u00e9 qu\u2019il s\u2019agissait d\u2019une maladie contagieuse. En 1918, au plus fort de la grippe espagnole, les tentatives des \u00e9quipes m\u00e9dicales de Boston et de San Francisco pour d\u00e9montrer la nature contagieuse de la grippe se sont sold\u00e9es par un \u00e9chec total et retentissant. Ces exp\u00e9riences sur l\u2019homme ont \u00e9t\u00e9 publi\u00e9es dans le <\/span><span style=\"color: #000080;\"><u><a href=\"https:\/\/greatmountainpublishing.com\/wp-content\/uploads\/2020\/10\/Experiments-on-Flu-Spread-by-Rosenau.pdf\" target=\"_blank\" rel=\"noopener\"><span lang=\"fr-FR\"><i>Journal of the American Medical Association<\/i><\/span><\/a><\/u><\/span><span lang=\"fr-FR\">, le <\/span><span style=\"color: #000080;\"><u><a href=\"https:\/\/www.nejm.org\/doi\/full\/10.1056\/NEJM191912111812401\" target=\"_blank\" rel=\"noopener\"><span lang=\"fr-FR\"><i>Boston Medical and Surgical Journal<\/i><\/span><\/a><\/u><\/span><span lang=\"fr-FR\"> et les <\/span><span style=\"color: #000080;\"><u><a href=\"https:\/\/www.jstor.org\/stable\/4574984#metadata_info_tab_contents\" target=\"_blank\" rel=\"noopener\"><span lang=\"fr-FR\"><i>Public Health Reports<\/i><\/span><\/a><\/u><\/span><span lang=\"fr-FR\">. Ces exp\u00e9riences sur les chevaux ont \u00e9t\u00e9 publi\u00e9es dans le <\/span><span style=\"color: #000080;\"><u><a href=\"https:\/\/www.sciencedirect.com\/science\/article\/abs\/pii\/S0372554517560332\" target=\"_blank\" rel=\"noopener\"><span lang=\"fr-FR\"><i>Veterinary Journal<\/i><\/span><\/a><\/u><\/span><span lang=\"fr-FR\">. Les chapitres\u00a07, 8 et 9 de mon livre, <\/span><span style=\"color: #000080;\"><u><a href=\"https:\/\/www.chelseagreen.com\/product\/the-invisible-rainbow\/\" target=\"_blank\" rel=\"noopener\"><span lang=\"fr-FR\"><i>The Invisible Rainbow\u00a0: A History of Electricity and Life<\/i><\/span><\/a><\/u><\/span><i> <\/i><span lang=\"fr-FR\">(Tr fr <\/span><span style=\"color: #000080;\"><u><a href=\"https:\/\/www.amazon.fr\/LArc-en-ciel-invisible-Lhistoire-l%C3%A9lectricit%C3%A9-vie\/dp\/2940594325\" target=\"_blank\" rel=\"noopener\"><span lang=\"fr-FR\"><i>L\u2019arc-en-ciel invisible\u00a0: Une histoire de l\u2019\u00e9lectricit\u00e9 et de la vie<\/i><\/span><\/a><\/u><\/span><span lang=\"fr-FR\">)<\/span><span lang=\"fr-FR\">, sont consacr\u00e9s \u00e0 un examen complet et d\u00e9taill\u00e9 de l\u2019histoire et de la science de la grippe. Le chapitre\u00a016, le plus long du livre, est consacr\u00e9 en partie aux effets des radiations \u00e9lectromagn\u00e9tiques sur les oiseaux. Certaines maladies sont caus\u00e9es par des virus, mais la grippe n\u2019en fait pas partie. Je sugg\u00e8re une fois de plus \u00e0 toutes les organisations de conservation des oiseaux d\u2019acqu\u00e9rir mon livre et de le lire attentivement.<\/span><\/p>\n<p align=\"justify\">Texte original: <a href=\"https:\/\/cellphonetaskforce.org\/global-extent-of-bird-armageddon\/\" target=\"_blank\" rel=\"noopener\">https:\/\/cellphonetaskforce.org\/global-extent-of-bird-armageddon\/<\/a><\/p>\n","protected":false},"excerpt":{"rendered":"<p>Anders Brunstad m\u2019a alert\u00e9 sur l\u2019installation de l\u2019une des stations radars les plus puissantes au monde sur la p\u00e9ninsule de Varanger, dans le Finnmark, en Norv\u00e8ge, juste avant que des dizaines de milliers d\u2019oiseaux ne tombent morts sur toute la p\u00e9ninsule. Les c\u00f4tes sud et est de la p\u00e9ninsule disposent \u00e9galement d\u2019une couverture\u00a04G+ et, de [&hellip;]<\/p>\n","protected":false},"author":2,"featured_media":18864,"comment_status":"closed","ping_status":"closed","sticky":false,"template":"","format":"standard","meta":{"footnotes":""},"categories":[1540,1594],"tags":[1624],"class_list":["post-19580","post","type-post","status-publish","format-standard","has-post-thumbnail","hentry","category-actualite","category-firstenberg-arthur","tag-pollution-electromagnetique"],"yoast_head":"<!-- This site is optimized with the Yoast SEO plugin v27.0 - https:\/\/yoast.com\/product\/yoast-seo-wordpress\/ -->\n<title>L\u2019ampleur mondiale de l\u2019armageddon des oiseaux par Arthur Firstenberg - 3e mill\u00e9naire - Spiritualit\u00e9 - Connaissance de soi - Non-dualit\u00e9 - M\u00e9ditation<\/title>\n<meta name=\"robots\" content=\"index, follow, max-snippet:-1, max-image-preview:large, max-video-preview:-1\" \/>\n<link rel=\"canonical\" href=\"https:\/\/www.revue3emillenaire.com\/blog\/lampleur-mondiale-de-larmageddon-des-oiseaux-par-arthur-firstenberg\/\" \/>\n<meta property=\"og:locale\" content=\"fr_FR\" \/>\n<meta property=\"og:type\" content=\"article\" \/>\n<meta property=\"og:title\" content=\"L\u2019ampleur mondiale de l\u2019armageddon des oiseaux par Arthur Firstenberg - 3e mill\u00e9naire - Spiritualit\u00e9 - Connaissance de soi - Non-dualit\u00e9 - M\u00e9ditation\" \/>\n<meta property=\"og:description\" content=\"Anders Brunstad m\u2019a alert\u00e9 sur l\u2019installation de l\u2019une des stations radars les plus puissantes au monde sur la p\u00e9ninsule de Varanger, dans le Finnmark, en Norv\u00e8ge, juste avant que des dizaines de milliers d\u2019oiseaux ne tombent morts sur toute la p\u00e9ninsule. Les c\u00f4tes sud et est de la p\u00e9ninsule disposent \u00e9galement d\u2019une couverture\u00a04G+ et, de [&hellip;]\" \/>\n<meta property=\"og:url\" content=\"https:\/\/www.revue3emillenaire.com\/blog\/lampleur-mondiale-de-larmageddon-des-oiseaux-par-arthur-firstenberg\/\" \/>\n<meta property=\"og:site_name\" content=\"3e mill\u00e9naire - Spiritualit\u00e9 - Connaissance de soi - Non-dualit\u00e9 - M\u00e9ditation\" \/>\n<meta property=\"article:published_time\" content=\"2023-10-18T22:58:18+00:00\" \/>\n<meta property=\"article:modified_time\" content=\"2023-10-18T23:01:21+00:00\" \/>\n<meta property=\"og:image\" content=\"https:\/\/www.revue3emillenaire.com\/blog\/wp-content\/uploads\/2022\/02\/Arthur-Firstenberg2.jpg\" \/>\n\t<meta property=\"og:image:width\" content=\"280\" \/>\n\t<meta property=\"og:image:height\" content=\"412\" \/>\n\t<meta property=\"og:image:type\" content=\"image\/jpeg\" \/>\n<meta name=\"author\" content=\"3e mill\u00e9naire\" \/>\n<meta name=\"twitter:card\" content=\"summary_large_image\" \/>\n<meta name=\"twitter:label1\" content=\"\u00c9crit par\" \/>\n\t<meta name=\"twitter:data1\" content=\"3e mill\u00e9naire\" \/>\n\t<meta name=\"twitter:label2\" content=\"Dur\u00e9e de lecture estim\u00e9e\" \/>\n\t<meta name=\"twitter:data2\" content=\"11 minutes\" \/>\n<script type=\"application\/ld+json\" class=\"yoast-schema-graph\">{\"@context\":\"https:\/\/schema.org\",\"@graph\":[{\"@type\":\"Article\",\"@id\":\"https:\/\/www.revue3emillenaire.com\/blog\/lampleur-mondiale-de-larmageddon-des-oiseaux-par-arthur-firstenberg\/#article\",\"isPartOf\":{\"@id\":\"https:\/\/www.revue3emillenaire.com\/blog\/lampleur-mondiale-de-larmageddon-des-oiseaux-par-arthur-firstenberg\/\"},\"author\":{\"name\":\"3e mill\u00e9naire\",\"@id\":\"https:\/\/www.revue3emillenaire.com\/blog\/#\/schema\/person\/b692dacff720a5344a6190bc714397eb\"},\"headline\":\"L\u2019ampleur mondiale de l\u2019armageddon des oiseaux par Arthur Firstenberg\",\"datePublished\":\"2023-10-18T22:58:18+00:00\",\"dateModified\":\"2023-10-18T23:01:21+00:00\",\"mainEntityOfPage\":{\"@id\":\"https:\/\/www.revue3emillenaire.com\/blog\/lampleur-mondiale-de-larmageddon-des-oiseaux-par-arthur-firstenberg\/\"},\"wordCount\":2028,\"image\":{\"@id\":\"https:\/\/www.revue3emillenaire.com\/blog\/lampleur-mondiale-de-larmageddon-des-oiseaux-par-arthur-firstenberg\/#primaryimage\"},\"thumbnailUrl\":\"https:\/\/www.revue3emillenaire.com\/blog\/wp-content\/uploads\/2022\/02\/Arthur-Firstenberg2.jpg\",\"keywords\":[\"Pollution \u00e9lectromagn\u00e9tique\"],\"articleSection\":[\"Actualit\u00e9s\",\"Firstenberg Arthur\"],\"inLanguage\":\"fr-FR\"},{\"@type\":\"WebPage\",\"@id\":\"https:\/\/www.revue3emillenaire.com\/blog\/lampleur-mondiale-de-larmageddon-des-oiseaux-par-arthur-firstenberg\/\",\"url\":\"https:\/\/www.revue3emillenaire.com\/blog\/lampleur-mondiale-de-larmageddon-des-oiseaux-par-arthur-firstenberg\/\",\"name\":\"L\u2019ampleur mondiale de l\u2019armageddon des oiseaux par Arthur Firstenberg - 3e mill\u00e9naire - Spiritualit\u00e9 - Connaissance de soi - Non-dualit\u00e9 - M\u00e9ditation\",\"isPartOf\":{\"@id\":\"https:\/\/www.revue3emillenaire.com\/blog\/#website\"},\"primaryImageOfPage\":{\"@id\":\"https:\/\/www.revue3emillenaire.com\/blog\/lampleur-mondiale-de-larmageddon-des-oiseaux-par-arthur-firstenberg\/#primaryimage\"},\"image\":{\"@id\":\"https:\/\/www.revue3emillenaire.com\/blog\/lampleur-mondiale-de-larmageddon-des-oiseaux-par-arthur-firstenberg\/#primaryimage\"},\"thumbnailUrl\":\"https:\/\/www.revue3emillenaire.com\/blog\/wp-content\/uploads\/2022\/02\/Arthur-Firstenberg2.jpg\",\"datePublished\":\"2023-10-18T22:58:18+00:00\",\"dateModified\":\"2023-10-18T23:01:21+00:00\",\"author\":{\"@id\":\"https:\/\/www.revue3emillenaire.com\/blog\/#\/schema\/person\/b692dacff720a5344a6190bc714397eb\"},\"breadcrumb\":{\"@id\":\"https:\/\/www.revue3emillenaire.com\/blog\/lampleur-mondiale-de-larmageddon-des-oiseaux-par-arthur-firstenberg\/#breadcrumb\"},\"inLanguage\":\"fr-FR\",\"potentialAction\":[{\"@type\":\"ReadAction\",\"target\":[\"https:\/\/www.revue3emillenaire.com\/blog\/lampleur-mondiale-de-larmageddon-des-oiseaux-par-arthur-firstenberg\/\"]}]},{\"@type\":\"ImageObject\",\"inLanguage\":\"fr-FR\",\"@id\":\"https:\/\/www.revue3emillenaire.com\/blog\/lampleur-mondiale-de-larmageddon-des-oiseaux-par-arthur-firstenberg\/#primaryimage\",\"url\":\"https:\/\/www.revue3emillenaire.com\/blog\/wp-content\/uploads\/2022\/02\/Arthur-Firstenberg2.jpg\",\"contentUrl\":\"https:\/\/www.revue3emillenaire.com\/blog\/wp-content\/uploads\/2022\/02\/Arthur-Firstenberg2.jpg\",\"width\":280,\"height\":412},{\"@type\":\"BreadcrumbList\",\"@id\":\"https:\/\/www.revue3emillenaire.com\/blog\/lampleur-mondiale-de-larmageddon-des-oiseaux-par-arthur-firstenberg\/#breadcrumb\",\"itemListElement\":[{\"@type\":\"ListItem\",\"position\":1,\"name\":\"Accueil\",\"item\":\"https:\/\/www.revue3emillenaire.com\/blog\/\"},{\"@type\":\"ListItem\",\"position\":2,\"name\":\"L\u2019ampleur mondiale de l\u2019armageddon des oiseaux par Arthur Firstenberg\"}]},{\"@type\":\"WebSite\",\"@id\":\"https:\/\/www.revue3emillenaire.com\/blog\/#website\",\"url\":\"https:\/\/www.revue3emillenaire.com\/blog\/\",\"name\":\"3e mill\u00e9naire - Spiritualit\u00e9 - Connaissance de soi - Non-dualit\u00e9 - M\u00e9ditation\",\"description\":\"L&#039;Homme en devenir\",\"potentialAction\":[{\"@type\":\"SearchAction\",\"target\":{\"@type\":\"EntryPoint\",\"urlTemplate\":\"https:\/\/www.revue3emillenaire.com\/blog\/?s={search_term_string}\"},\"query-input\":{\"@type\":\"PropertyValueSpecification\",\"valueRequired\":true,\"valueName\":\"search_term_string\"}}],\"inLanguage\":\"fr-FR\"},{\"@type\":\"Person\",\"@id\":\"https:\/\/www.revue3emillenaire.com\/blog\/#\/schema\/person\/b692dacff720a5344a6190bc714397eb\",\"name\":\"3e mill\u00e9naire\",\"url\":\"https:\/\/www.revue3emillenaire.com\/blog\/author\/scoussa\/\"}]}<\/script>\n<!-- \/ Yoast SEO plugin. -->","yoast_head_json":{"title":"L\u2019ampleur mondiale de l\u2019armageddon des oiseaux par Arthur Firstenberg - 3e mill\u00e9naire - Spiritualit\u00e9 - Connaissance de soi - Non-dualit\u00e9 - M\u00e9ditation","robots":{"index":"index","follow":"follow","max-snippet":"max-snippet:-1","max-image-preview":"max-image-preview:large","max-video-preview":"max-video-preview:-1"},"canonical":"https:\/\/www.revue3emillenaire.com\/blog\/lampleur-mondiale-de-larmageddon-des-oiseaux-par-arthur-firstenberg\/","og_locale":"fr_FR","og_type":"article","og_title":"L\u2019ampleur mondiale de l\u2019armageddon des oiseaux par Arthur Firstenberg - 3e mill\u00e9naire - Spiritualit\u00e9 - Connaissance de soi - Non-dualit\u00e9 - M\u00e9ditation","og_description":"Anders Brunstad m\u2019a alert\u00e9 sur l\u2019installation de l\u2019une des stations radars les plus puissantes au monde sur la p\u00e9ninsule de Varanger, dans le Finnmark, en Norv\u00e8ge, juste avant que des dizaines de milliers d\u2019oiseaux ne tombent morts sur toute la p\u00e9ninsule. Les c\u00f4tes sud et est de la p\u00e9ninsule disposent \u00e9galement d\u2019une couverture\u00a04G+ et, de [&hellip;]","og_url":"https:\/\/www.revue3emillenaire.com\/blog\/lampleur-mondiale-de-larmageddon-des-oiseaux-par-arthur-firstenberg\/","og_site_name":"3e mill\u00e9naire - Spiritualit\u00e9 - Connaissance de soi - Non-dualit\u00e9 - M\u00e9ditation","article_published_time":"2023-10-18T22:58:18+00:00","article_modified_time":"2023-10-18T23:01:21+00:00","og_image":[{"width":280,"height":412,"url":"https:\/\/www.revue3emillenaire.com\/blog\/wp-content\/uploads\/2022\/02\/Arthur-Firstenberg2.jpg","type":"image\/jpeg"}],"author":"3e mill\u00e9naire","twitter_card":"summary_large_image","twitter_misc":{"\u00c9crit par":"3e mill\u00e9naire","Dur\u00e9e de lecture estim\u00e9e":"11 minutes"},"schema":{"@context":"https:\/\/schema.org","@graph":[{"@type":"Article","@id":"https:\/\/www.revue3emillenaire.com\/blog\/lampleur-mondiale-de-larmageddon-des-oiseaux-par-arthur-firstenberg\/#article","isPartOf":{"@id":"https:\/\/www.revue3emillenaire.com\/blog\/lampleur-mondiale-de-larmageddon-des-oiseaux-par-arthur-firstenberg\/"},"author":{"name":"3e mill\u00e9naire","@id":"https:\/\/www.revue3emillenaire.com\/blog\/#\/schema\/person\/b692dacff720a5344a6190bc714397eb"},"headline":"L\u2019ampleur mondiale de l\u2019armageddon des oiseaux par Arthur Firstenberg","datePublished":"2023-10-18T22:58:18+00:00","dateModified":"2023-10-18T23:01:21+00:00","mainEntityOfPage":{"@id":"https:\/\/www.revue3emillenaire.com\/blog\/lampleur-mondiale-de-larmageddon-des-oiseaux-par-arthur-firstenberg\/"},"wordCount":2028,"image":{"@id":"https:\/\/www.revue3emillenaire.com\/blog\/lampleur-mondiale-de-larmageddon-des-oiseaux-par-arthur-firstenberg\/#primaryimage"},"thumbnailUrl":"https:\/\/www.revue3emillenaire.com\/blog\/wp-content\/uploads\/2022\/02\/Arthur-Firstenberg2.jpg","keywords":["Pollution \u00e9lectromagn\u00e9tique"],"articleSection":["Actualit\u00e9s","Firstenberg Arthur"],"inLanguage":"fr-FR"},{"@type":"WebPage","@id":"https:\/\/www.revue3emillenaire.com\/blog\/lampleur-mondiale-de-larmageddon-des-oiseaux-par-arthur-firstenberg\/","url":"https:\/\/www.revue3emillenaire.com\/blog\/lampleur-mondiale-de-larmageddon-des-oiseaux-par-arthur-firstenberg\/","name":"L\u2019ampleur mondiale de l\u2019armageddon des oiseaux par Arthur Firstenberg - 3e mill\u00e9naire - Spiritualit\u00e9 - Connaissance de soi - Non-dualit\u00e9 - M\u00e9ditation","isPartOf":{"@id":"https:\/\/www.revue3emillenaire.com\/blog\/#website"},"primaryImageOfPage":{"@id":"https:\/\/www.revue3emillenaire.com\/blog\/lampleur-mondiale-de-larmageddon-des-oiseaux-par-arthur-firstenberg\/#primaryimage"},"image":{"@id":"https:\/\/www.revue3emillenaire.com\/blog\/lampleur-mondiale-de-larmageddon-des-oiseaux-par-arthur-firstenberg\/#primaryimage"},"thumbnailUrl":"https:\/\/www.revue3emillenaire.com\/blog\/wp-content\/uploads\/2022\/02\/Arthur-Firstenberg2.jpg","datePublished":"2023-10-18T22:58:18+00:00","dateModified":"2023-10-18T23:01:21+00:00","author":{"@id":"https:\/\/www.revue3emillenaire.com\/blog\/#\/schema\/person\/b692dacff720a5344a6190bc714397eb"},"breadcrumb":{"@id":"https:\/\/www.revue3emillenaire.com\/blog\/lampleur-mondiale-de-larmageddon-des-oiseaux-par-arthur-firstenberg\/#breadcrumb"},"inLanguage":"fr-FR","potentialAction":[{"@type":"ReadAction","target":["https:\/\/www.revue3emillenaire.com\/blog\/lampleur-mondiale-de-larmageddon-des-oiseaux-par-arthur-firstenberg\/"]}]},{"@type":"ImageObject","inLanguage":"fr-FR","@id":"https:\/\/www.revue3emillenaire.com\/blog\/lampleur-mondiale-de-larmageddon-des-oiseaux-par-arthur-firstenberg\/#primaryimage","url":"https:\/\/www.revue3emillenaire.com\/blog\/wp-content\/uploads\/2022\/02\/Arthur-Firstenberg2.jpg","contentUrl":"https:\/\/www.revue3emillenaire.com\/blog\/wp-content\/uploads\/2022\/02\/Arthur-Firstenberg2.jpg","width":280,"height":412},{"@type":"BreadcrumbList","@id":"https:\/\/www.revue3emillenaire.com\/blog\/lampleur-mondiale-de-larmageddon-des-oiseaux-par-arthur-firstenberg\/#breadcrumb","itemListElement":[{"@type":"ListItem","position":1,"name":"Accueil","item":"https:\/\/www.revue3emillenaire.com\/blog\/"},{"@type":"ListItem","position":2,"name":"L\u2019ampleur mondiale de l\u2019armageddon des oiseaux par Arthur Firstenberg"}]},{"@type":"WebSite","@id":"https:\/\/www.revue3emillenaire.com\/blog\/#website","url":"https:\/\/www.revue3emillenaire.com\/blog\/","name":"3e mill\u00e9naire - Spiritualit\u00e9 - Connaissance de soi - Non-dualit\u00e9 - M\u00e9ditation","description":"L&#039;Homme en devenir","potentialAction":[{"@type":"SearchAction","target":{"@type":"EntryPoint","urlTemplate":"https:\/\/www.revue3emillenaire.com\/blog\/?s={search_term_string}"},"query-input":{"@type":"PropertyValueSpecification","valueRequired":true,"valueName":"search_term_string"}}],"inLanguage":"fr-FR"},{"@type":"Person","@id":"https:\/\/www.revue3emillenaire.com\/blog\/#\/schema\/person\/b692dacff720a5344a6190bc714397eb","name":"3e mill\u00e9naire","url":"https:\/\/www.revue3emillenaire.com\/blog\/author\/scoussa\/"}]}},"_links":{"self":[{"href":"https:\/\/www.revue3emillenaire.com\/blog\/wp-json\/wp\/v2\/posts\/19580","targetHints":{"allow":["GET"]}}],"collection":[{"href":"https:\/\/www.revue3emillenaire.com\/blog\/wp-json\/wp\/v2\/posts"}],"about":[{"href":"https:\/\/www.revue3emillenaire.com\/blog\/wp-json\/wp\/v2\/types\/post"}],"author":[{"embeddable":true,"href":"https:\/\/www.revue3emillenaire.com\/blog\/wp-json\/wp\/v2\/users\/2"}],"replies":[{"embeddable":true,"href":"https:\/\/www.revue3emillenaire.com\/blog\/wp-json\/wp\/v2\/comments?post=19580"}],"version-history":[{"count":0,"href":"https:\/\/www.revue3emillenaire.com\/blog\/wp-json\/wp\/v2\/posts\/19580\/revisions"}],"wp:featuredmedia":[{"embeddable":true,"href":"https:\/\/www.revue3emillenaire.com\/blog\/wp-json\/wp\/v2\/media\/18864"}],"wp:attachment":[{"href":"https:\/\/www.revue3emillenaire.com\/blog\/wp-json\/wp\/v2\/media?parent=19580"}],"wp:term":[{"taxonomy":"category","embeddable":true,"href":"https:\/\/www.revue3emillenaire.com\/blog\/wp-json\/wp\/v2\/categories?post=19580"},{"taxonomy":"post_tag","embeddable":true,"href":"https:\/\/www.revue3emillenaire.com\/blog\/wp-json\/wp\/v2\/tags?post=19580"}],"curies":[{"name":"wp","href":"https:\/\/api.w.org\/{rel}","templated":true}]}}