{"id":19586,"date":"2023-10-26T00:13:56","date_gmt":"2023-10-25T23:13:56","guid":{"rendered":"https:\/\/www.revue3emillenaire.com\/blog\/?p=19586"},"modified":"2023-10-26T01:48:55","modified_gmt":"2023-10-26T00:48:55","slug":"le-delirant-compte-a-rebours-climatique-une-evaluation-holistique-du-changement-climatique-reel-par-julian-rose","status":"publish","type":"post","link":"https:\/\/www.revue3emillenaire.com\/blog\/le-delirant-compte-a-rebours-climatique-une-evaluation-holistique-du-changement-climatique-reel-par-julian-rose\/","title":{"rendered":"Le d\u00e9lirant compte \u00e0 rebours climatique \u2014 Une \u00e9valuation holistique du changement climatique r\u00e9el par Julian Rose"},"content":{"rendered":"<p class=\"western\" align=\"justify\"><span style=\"color: #000000;\"><span style=\"font-size: medium;\"><span lang=\"fr-FR\"><i>Traduction libre<\/i><\/span><\/span><\/span><\/p>\n<p class=\"western\" align=\"justify\"><span style=\"color: #000000;\"><span style=\"font-size: medium;\"><span lang=\"fr-FR\">24\/10\/2023<\/span><\/span><\/span><\/p>\n<p class=\"western\" align=\"justify\"><span style=\"color: #000000;\"><span style=\"font-size: medium;\"><span lang=\"fr-FR\"><i><b>J\u2019ai choisi de r\u00e9diger cet essai sous la forme d\u2019un dialogue questions\/r\u00e9ponses afin de pr\u00e9senter des r\u00e9ponses claires aux falsifications qui divisent actuellement notre monde.<\/b><\/i><\/span><\/span><\/span><\/p>\n<p class=\"western\" align=\"justify\"><span style=\"color: #000000;\"><span style=\"font-size: medium;\"><span lang=\"fr-FR\">Q. Le climat change-t-il\u00a0?<\/span><\/span><\/span><\/p>\n<p class=\"western\" align=\"justify\"><span style=\"color: #000000;\"><span style=\"font-size: medium;\"><span lang=\"fr-FR\">A. Oui<\/span><\/span><\/span><\/p>\n<p class=\"western\" align=\"justify\"><span style=\"color: #000000;\"><span style=\"font-size: medium;\"><span lang=\"fr-FR\">Q. De quelle mani\u00e8re\u00a0?<\/span><\/span><\/span><\/p>\n<p class=\"western\" align=\"justify\"><span style=\"color: #000000;\"><span style=\"font-size: medium;\"><span lang=\"fr-FR\">A. \u00c0 bien des \u00e9gards. Tout ce qui existe est soumis \u00e0 un processus continu de changement.<\/span><\/span><\/span><\/p>\n<p class=\"western\" align=\"justify\"><span style=\"color: #000000;\"><span style=\"font-size: medium;\"><span lang=\"fr-FR\">Q. Pouvez-vous expliquer&#8230;<\/span><\/span><\/span><\/p>\n<p class=\"western\" align=\"justify\"><span style=\"color: #000000;\"><span style=\"font-size: medium;\"><span lang=\"fr-FR\">A. Ce monde, sa biosph\u00e8re et l\u2019univers dans lequel se d\u00e9roule le drame de la vie sont totalement li\u00e9s et ins\u00e9parables\u00a0; toutes les parties contribuent aux changements de l\u2019ensemble. Par cons\u00e9quent, <\/span><\/span><\/span><span style=\"color: #000000;\"><span style=\"font-size: medium;\"><span lang=\"fr-FR\">il n\u2019est pas juste d\u2019<\/span><\/span><\/span><span style=\"color: #000000;\"><span style=\"font-size: medium;\"><span lang=\"fr-FR\">affirmer qu\u2019un seul facteur, par exemple le CO<\/span><\/span><\/span><span style=\"color: #000000;\"><sub><span style=\"font-size: medium;\"><span lang=\"fr-FR\">2<\/span><\/span><\/sub><\/span><span style=\"color: #000000;\"><span style=\"font-size: medium;\"><span lang=\"fr-FR\">, est l\u2019agent causal du changement climatique.<\/span><\/span><\/span><\/p>\n<p class=\"western\" align=\"justify\"><span style=\"color: #000000;\"><span style=\"font-size: medium;\"><span lang=\"fr-FR\">Q. Mais il y a un agent causal qui fait monter les temp\u00e9ratures et provoque le changement climatique, n\u2019est-ce pas\u00a0?<\/span><\/span><\/span><\/p>\n<p class=\"western\" align=\"justify\"><span style=\"color: #000000;\"><span style=\"font-size: medium;\"><span lang=\"fr-FR\">A. Bien que les institutions mondiales charg\u00e9es du climat, comme le Groupe d\u2019experts intergouvernemental sur l\u2019\u00e9volution du climat (GIEC), mettent l\u2019accent, de mani\u00e8re tr\u00e8s partiale, sur la combustion d\u2019hydrocarbures en tant que principal agent causal du r\u00e9chauffement\/changement climatique, il s\u2019agit l\u00e0 d\u2019une interpr\u00e9tation grossi\u00e8rement r\u00e9ductrice de la r\u00e9alit\u00e9. Ces \u00ab\u00a0scientifiques\u00a0\u00bb sont incapables de fournir des preuves empiriques de la nature de ce changement, ou m\u00eame de dire si les temp\u00e9ratures moyennes mondiales augmentent, diminuent ou restent \u00e0 peu pr\u00e8s les m\u00eames.<\/span><\/span><\/span><\/p>\n<p class=\"western\" align=\"justify\"><span style=\"color: #000000;\"><span style=\"font-size: medium;\"><span lang=\"fr-FR\">Q. Nous ne pouvons donc pas nous attendre \u00e0 ce que la science, telle qu\u2019elle est formellement enseign\u00e9e dans les institutions acad\u00e9miques, apporte des r\u00e9ponses\u00a0?<\/span><\/span><\/span><\/p>\n<p class=\"western\" align=\"justify\"><span style=\"color: #000000;\"><span style=\"font-size: medium;\"><span lang=\"fr-FR\">A. Exactement. Nous ne devrions pas non plus accorder <\/span><\/span><\/span><span style=\"color: #000000;\"><span style=\"font-size: medium;\"><span lang=\"fr-FR\">la moindre cr\u00e9dibilit\u00e9<\/span><\/span><\/span><span style=\"color: #000000;\"><span style=\"font-size: medium;\"><span lang=\"fr-FR\"> \u00e0 des politiciens irresponsables dont la r\u00e9ponse robotique \u00e0 toute critique de l\u2019histoire du CO<\/span><\/span><\/span><span style=\"color: #000000;\"><sub><span style=\"font-size: medium;\"><span lang=\"fr-FR\">2<\/span><\/span><\/sub><\/span><span style=\"color: #000000;\"><span style=\"font-size: medium;\"><span lang=\"fr-FR\"> est \u00ab\u00a0Suivez la science\u00a0\u00bb.<\/span><\/span><\/span><\/p>\n<p class=\"western\" align=\"justify\"><span style=\"color: #000000;\"><span style=\"font-size: medium;\"><span lang=\"fr-FR\">Seule une co<\/span><\/span><\/span><span style=\"color: #000000;\"><span style=\"font-size: medium;\"><span lang=\"fr-FR\">mpr\u00e9hension<\/span><\/span><\/span><span style=\"color: #000000;\"><span style=\"font-size: medium;\"><span lang=\"fr-FR\"> de base de la physique quantique, avec ses sch\u00e9mas multidimensionnels r\u00e9currents de cause et d\u2019effet, pourrait commencer \u00e0 identifier les agents causaux <\/span><\/span><\/span><span style=\"color: #000000;\"><span style=\"font-size: medium;\"><span lang=\"fr-FR\">derri\u00e8re<\/span><\/span><\/span> <span style=\"color: #000000;\"><span style=\"font-size: medium;\"><span lang=\"fr-FR\">l<\/span><\/span><\/span><span style=\"color: #000000;\"><span style=\"font-size: medium;\"><span lang=\"fr-FR\">es processus de changement <\/span><\/span><\/span><span style=\"color: #000000;\"><span style=\"font-size: medium;\"><span lang=\"fr-FR\">observable dans le <\/span><\/span><\/span><span style=\"color: #000000;\"><span style=\"font-size: medium;\"><span lang=\"fr-FR\">climat. Et encore moins de qualifier l\u2019existence de <\/span><\/span><\/span><span style=\"color: #000000;\"><span style=\"font-size: medium;\"><span lang=\"fr-FR\">pr\u00e9tendus <\/span><\/span><\/span><span style=\"color: #000000;\"><span style=\"font-size: medium;\"><span lang=\"fr-FR\">changements \u00ab\u00a0provoqu\u00e9s par l\u2019homme\u00a0\u00bb.<\/span><\/span><\/span><\/p>\n<p class=\"western\" align=\"justify\"><span style=\"color: #000000;\"><span style=\"font-size: medium;\"><span lang=\"fr-FR\">Q. Mais <\/span><\/span><\/span><span style=\"color: #000000;\"><span style=\"font-size: medium;\"><span lang=\"fr-FR\">ne peut-on pas <\/span><\/span><\/span><span style=\"color: #000000;\"><span style=\"font-size: medium;\"><span lang=\"fr-FR\">affirmer avec certitude que des ph\u00e9nom\u00e8nes climatiques observables et plus extr\u00eames se produisent \u00e0 l\u2019heure actuelle\u00a0?<\/span><\/span><\/span><\/p>\n<p class=\"western\" align=\"justify\"><span style=\"color: #000000;\"><span style=\"font-size: medium;\"><span lang=\"fr-FR\">A. Il semble que les \u00e9v\u00e9nements extr\u00eames soient plus nombreux. Il peut y avoir un certain nombre de raisons \u00e0 cela, dont aucune n\u2019est imputable \u00e0 un agent causal sp\u00e9cifique. Par exemple, l<\/span><\/span><\/span><span style=\"color: #000000;\"><span style=\"font-size: medium;\"><span lang=\"fr-FR\">a rar\u00e9faction<\/span><\/span><\/span><span style=\"color: #000000;\"><span style=\"font-size: medium;\"><span lang=\"fr-FR\"> continue de la couche d\u2019ozone, une activit\u00e9 solaire sp\u00e9cifique, une magn\u00e9tosph\u00e8re plus faible et\/ou le d\u00e9placement continu des p\u00f4les magn\u00e9tiques. Chacun de ces facteurs, ou les trois, peut jouer sur les changements que vous mentionnez.<\/span><\/span><\/span><\/p>\n<p class=\"western\" align=\"justify\"><span style=\"color: #000000;\"><span style=\"font-size: medium;\"><span lang=\"fr-FR\">Q. Comment est-il possible que pr\u00e8s de 100\u00a0% des d\u00e9cideurs politiques mondiaux aient accept\u00e9 sans esprit critique la v\u00e9racit\u00e9 des exercices de mod\u00e9lisation informatique (utilis\u00e9s par les climatologues du GIEC) comme \u00ab\u00a0preuve absolue\u00a0\u00bb du fait que le dioxyde de carbone est le facteur cl\u00e9 du r\u00e9chauffement de la plan\u00e8te\u00a0?<\/span><\/span><\/span><\/p>\n<p class=\"western\" align=\"justify\"><span style=\"color: #000000;\"><span style=\"font-size: medium;\"><span lang=\"fr-FR\">A. Pour r\u00e9pondre \u00e0 cette question, il faut \u00eatre conscient du pouvoir de persuasion psychologique qui <\/span><\/span><\/span><span style=\"color: #000000;\"><span style=\"font-size: medium;\"><span lang=\"fr-FR\">op\u00e8re<\/span><\/span><\/span><span style=\"color: #000000;\"><span style=\"font-size: medium;\"><span lang=\"fr-FR\"> derri\u00e8re la croyance irrationnelle que \u00ab\u00a0la science a la r\u00e9ponse\u00a0\u00bb. On r\u00e9clame \u00e0 cor et \u00e0 cri \u00ab\u00a0un rem\u00e8de <\/span><\/span><\/span><span style=\"color: #000000;\"><span style=\"font-size: medium;\"><span lang=\"fr-FR\">d\u00e9finitif<\/span><\/span><\/span><span style=\"color: #000000;\"><span style=\"font-size: medium;\"><span lang=\"fr-FR\">\u00a0\u00bb \u00e0 tout probl\u00e8me per\u00e7u, et lorsque cela ne se concr\u00e9tise pas, on adopte n\u2019importe quelle invention qui fait l\u2019objet d\u2019un consensus parmi les personnes partageant les m\u00eames id\u00e9es et qui correspond aux param\u00e8tres de la position politiquement acceptable du moment.<\/span><\/span><\/span><\/p>\n<p class=\"western\" align=\"justify\"><span style=\"color: #000000;\"><span style=\"font-size: medium;\"><span lang=\"fr-FR\">En d\u2019autres termes, il s\u2019agit de maintenir \u00e0 tout prix le cap de la structure de pouvoir totalitaire mondialiste.<\/span><\/span><\/span><\/p>\n<p class=\"western\" align=\"justify\"><span style=\"color: #000000;\"><span style=\"font-size: medium;\"><span lang=\"fr-FR\">Q. Cela ne signifie-t-il pas qu\u2019une histoire fabriqu\u00e9e, pourvu que suffisamment de personnes influentes soient persuad\u00e9es de l\u2019adopter, pourrait devenir la base de toutes les actions entreprises pour \u00ab\u00a0arr\u00eater le r\u00e9chauffement climatique\u00a0\u00bb\u00a0? <\/span><\/span><\/span><\/p>\n<p class=\"western\" align=\"justify\"><span style=\"color: #000000;\"><span style=\"font-size: medium;\"><span lang=\"fr-FR\">A. Cette possibilit\u00e9 est tout \u00e0 fait plausible. Il existe des preuves v\u00e9rifiables d\u2019une telle fabrication provenant des r\u00e9unions des Bilderberger et du Club de Rome qui remontent \u00e0 1972 et au-del\u00e0. Les plans \u00e9taient ax\u00e9s sur les moyens de maintenir le pouvoir entre les mains de l\u2019\u00e9lite des banquiers et des industriels en cr\u00e9ant des histoires d\u2019\u00e9pouvante climatique pour effrayer le public et l\u2019amener \u00e0 se soumettre \u00e0 l\u2019autorit\u00e9 apparente de mod\u00e8les informatiques corrompus.<\/span><\/span><\/span><\/p>\n<p class=\"western\" align=\"justify\"><span style=\"color: #000000;\"><span style=\"font-size: medium;\"><span lang=\"fr-FR\">Q. Est-il erron\u00e9 d\u2019associer l<\/span><\/span><\/span><span style=\"color: #000000;\"><span style=\"font-size: medium;\"><span lang=\"fr-FR\">a m\u00e9t\u00e9o<\/span><\/span><\/span><span style=\"color: #000000;\"><span style=\"font-size: medium;\"><span lang=\"fr-FR\"> et le climat\u00a0? Ou s\u2019agit-il essentiellement de la m\u00eame chose\u00a0?<\/span><\/span><\/span><\/p>\n<p class=\"western\" align=\"justify\"><span style=\"color: #000000;\"><span style=\"font-size: medium;\"><span lang=\"fr-FR\">A. Non, ce n\u2019est pas la m\u00eame chose. Le climat est plus important que la m\u00e9t\u00e9o. Le climat est directement associ\u00e9 \u00e0 notre syst\u00e8me solaire. Il a des origines cosmiques. L\u2019influence de nos activit\u00e9s plan\u00e9taires n\u2019est que secondaire.<\/span><\/span><\/span><\/p>\n<p class=\"western\" align=\"justify\"><span style=\"color: #000000;\"><span style=\"font-size: medium;\"><span lang=\"fr-FR\">Les conditions m\u00e9t\u00e9orologiques sur terre sont influenc\u00e9es par les activit\u00e9s g\u00e9ologiques et les interventions grossi\u00e8res de l\u2019homme. <\/span><\/span><\/span><span style=\"color: #000000;\"><span style=\"font-size: medium;\"><span lang=\"fr-FR\">S<\/span><\/span><\/span><span style=\"color: #000000;\"><span style=\"font-size: medium;\"><span lang=\"fr-FR\">ur le plan g\u00e9ologique\u00a0: les \u00e9ruptions volcaniques, les changements de courant oc\u00e9anique <\/span><\/span><\/span><span style=\"color: #000000;\"><span style=\"font-size: medium;\"><span lang=\"fr-FR\">li\u00e9s \u00e0 <\/span><\/span><\/span><span style=\"color: #000000;\"><span style=\"font-size: medium;\"><span lang=\"fr-FR\">El Ni\u00f1o et les d\u00e9placements <\/span><\/span><\/span><span style=\"color: #000000;\"><span style=\"font-size: medium;\"><span lang=\"fr-FR\">des p\u00f4les<\/span><\/span><\/span><span style=\"color: #000000;\"><span style=\"font-size: medium;\"><span lang=\"fr-FR\">, <\/span><\/span><\/span><span style=\"color: #000000;\"><span style=\"font-size: medium;\"><span lang=\"fr-FR\">p<\/span><\/span><\/span><span style=\"color: #000000;\"><span style=\"font-size: medium;\"><span lang=\"fr-FR\">ar exemple.<\/span><\/span><\/span><\/p>\n<p class=\"western\" align=\"justify\"><span style=\"color: #000000;\"><span style=\"font-size: medium;\"><span lang=\"fr-FR\">Dans la sph\u00e8re <\/span><\/span><\/span><span style=\"color: #000000;\"><span style=\"font-size: medium;\"><span lang=\"fr-FR\">d\u2019intervention<\/span><\/span><\/span><span style=\"color: #000000;\"><span style=\"font-size: medium;\"><span lang=\"fr-FR\"> h<\/span><\/span><\/span><span style=\"color: #000000;\"><span style=\"font-size: medium;\"><span lang=\"fr-FR\">u<\/span><\/span><\/span><span style=\"color: #000000;\"><span style=\"font-size: medium;\"><span lang=\"fr-FR\">m<\/span><\/span><\/span><span style=\"color: #000000;\"><span style=\"font-size: medium;\"><span lang=\"fr-FR\">ain<\/span><\/span><\/span><span style=\"color: #000000;\"><span style=\"font-size: medium;\"><span lang=\"fr-FR\">e\u00a0: <\/span><\/span><\/span><span style=\"color: #000000;\"><span style=\"font-size: medium;\"><span lang=\"fr-FR\">la <\/span><\/span><\/span><span style=\"color: #000000;\"><span style=\"font-size: medium;\"><span lang=\"fr-FR\">g\u00e9o-ing\u00e9nierie atmosph\u00e9rique extensive (<\/span><\/span><\/span><span style=\"color: #000000;\"><span style=\"font-size: medium;\"><span lang=\"fr-FR\">tra\u00een\u00e9es chimiques ou <\/span><\/span><\/span><span style=\"color: #000000;\"><span style=\"font-size: medium;\"><span lang=\"fr-FR\">chemtrails)\u00a0; <\/span><\/span><\/span><span style=\"color: #000000;\"><span style=\"font-size: medium;\"><span lang=\"fr-FR\">le <\/span><\/span><\/span><span style=\"color: #000000;\"><span style=\"font-size: medium;\"><span lang=\"fr-FR\">chauffage ionosph\u00e9rique (HAARP)\u00a0; <\/span><\/span><\/span><span style=\"color: #000000;\"><span style=\"font-size: medium;\"><span lang=\"fr-FR\">les <\/span><\/span><\/span><span style=\"color: #000000;\"><span style=\"font-size: medium;\"><span lang=\"fr-FR\">armes \u00e0 \u00e9nergie directe\u00a0; <\/span><\/span><\/span><span style=\"color: #000000;\"><span style=\"font-size: medium;\"><span lang=\"fr-FR\">les <\/span><\/span><\/span><span style=\"color: #000000;\"><span style=\"font-size: medium;\"><span lang=\"fr-FR\">guerres\u00a0; <\/span><\/span><\/span><span style=\"color: #000000;\"><span style=\"font-size: medium;\"><span lang=\"fr-FR\">les <\/span><\/span><\/span><span style=\"color: #000000;\"><span style=\"font-size: medium;\"><span lang=\"fr-FR\">radiations \u00e9lectromagn\u00e9tiques (<\/span><\/span><\/span><span style=\"color: #000000;\"><span style=\"font-size: medium;\"><span lang=\"fr-FR\">CEM<\/span><\/span><\/span><span style=\"color: #000000;\"><span style=\"font-size: medium;\"><span lang=\"fr-FR\">)\u00a0; <\/span><\/span><\/span><span style=\"color: #000000;\"><span style=\"font-size: medium;\"><span lang=\"fr-FR\">la <\/span><\/span><\/span><span style=\"color: #000000;\"><span style=\"font-size: medium;\"><span lang=\"fr-FR\">b\u00e9ton<\/span><\/span><\/span><span style=\"color: #000000;\"><span style=\"font-size: medium;\"><span lang=\"fr-FR\">isation<\/span><\/span><\/span><span style=\"color: #000000;\"><span style=\"font-size: medium;\"><span lang=\"fr-FR\"> et <\/span><\/span><\/span><span style=\"color: #000000;\"><span style=\"font-size: medium;\"><span lang=\"fr-FR\">la <\/span><\/span><\/span><span style=\"color: #000000;\"><span style=\"font-size: medium;\"><span lang=\"fr-FR\">d\u00e9sertification de l\u2019environnement naturel\u00a0; l\u2019agriculture chimique en monoculture et la perte significative de biodiversit\u00e9 que cela entra\u00eene.<\/span><\/span><\/span><\/p>\n<p class=\"western\" align=\"justify\"><span style=\"color: #000000;\"><span style=\"font-size: medium;\"><span lang=\"fr-FR\">Q. Les termes \u00ab\u00a0changement m\u00e9t\u00e9orologique\u00a0\u00bb et \u00ab\u00a0changement climatique\u00a0\u00bb sont-ils d\u00e9lib\u00e9r\u00e9ment confondus\u00a0?<\/span><\/span><\/span><\/p>\n<p class=\"western\" align=\"justify\"><span style=\"color: #000000;\"><span style=\"font-size: medium;\"><span lang=\"fr-FR\">A. Il n\u2019est que trop clair que la distinction appropri\u00e9e n\u2019est pas faite \u2014 et cela ouvre la porte \u00e0 une exploitation massive de l\u2019opinion publique. Cette confusion remonte \u00e0 plus de trois d\u00e9cennies. Il suffit de se rappeler l\u2019\u00e9volution des noms donn\u00e9s \u00e0 ce ph\u00e9nom\u00e8ne\u00a0: \u00ab\u00a0l\u2019effet de serre\u00a0\u00bb, puis \u00ab\u00a0le r\u00e9chauffement climatique\u00a0\u00bb et maintenant \u00ab\u00a0le changement climatique\u00a0\u00bb.<\/span><\/span><\/span><\/p>\n<p class=\"western\" align=\"justify\"><span style=\"color: #000000;\"><span style=\"font-size: medium;\"><span lang=\"fr-FR\">Q. Le grand public a \u00e9t\u00e9 forc\u00e9 de croire que les changements m\u00e9t\u00e9orologiques aigus ont pour agent causal les activit\u00e9s de changement climatique\/r\u00e9chauffement de la plan\u00e8te men\u00e9es par l\u2019homme. Cela ressemble de plus en plus \u00e0 un obscurcissement intentionnel de la r\u00e9alit\u00e9.<\/span><\/span><\/span><\/p>\n<p class=\"western\" align=\"justify\"><span style=\"color: #000000;\"><span style=\"font-size: medium;\"><span lang=\"fr-FR\">A. Oui, c\u2019est vrai. Cependant, nous ne pouvons pas s\u00e9parer compl\u00e8tement le climat d<\/span><\/span><\/span><span style=\"color: #000000;\"><span style=\"font-size: medium;\"><span lang=\"fr-FR\">e la m\u00e9t\u00e9o<\/span><\/span><\/span><span style=\"color: #000000;\"><span style=\"font-size: medium;\"><span lang=\"fr-FR\">. Toutes les forces \u00e9nerg\u00e9tiques fondamentales de l\u2019univers, y compris les plan\u00e8tes, les \u00e9toiles, les m\u00e9t\u00e9ores et les com\u00e8tes, ne sont jamais s\u00e9par\u00e9es les unes des autres. Nous parlons d\u2019UNE entit\u00e9 en constante \u00e9volution, compos\u00e9e de milliards d\u2019expressions \u00e9nerg\u00e9tiques de la volont\u00e9 de notre Cr\u00e9ateur (conception). Il s\u2019agit l\u00e0 d\u2019une vue d\u2019ensemble.<\/span><\/span><\/span><\/p>\n<p class=\"western\" align=\"justify\"><span style=\"color: #000000;\"><span style=\"font-size: medium;\"><span lang=\"fr-FR\">Q. Pouvez-vous nous en dire plus sur ce tableau d\u2019ensemble\u00a0?<\/span><\/span><\/span><\/p>\n<p class=\"western\" align=\"justify\"><span style=\"color: #000000;\"><span style=\"font-size: medium;\"><span lang=\"fr-FR\">A. Nous devons reconna\u00eetre la distinction entre le \u00ab\u00a0macrocosme\u00a0\u00bb et le \u00ab\u00a0microcosme\u00a0\u00bb. C\u2019est au niveau microcosmique que nous pouvons discerner\/exp\u00e9rimenter \u2014 de pr\u00e8s \u2014 les diff\u00e9rences d\u2019importance, les mod\u00e8les de comportement et les changements subtils par rapport aux normes apparentes. Au niveau macrocosmique, les \u00e9v\u00e9nements sont trop importants pour \u00eatre observ\u00e9s de pr\u00e8s\u00a0; nous en faisons plut\u00f4t l\u2019exp\u00e9rience par nos sens, nos intuitions et nos observations \u00e0 long terme.<\/span><\/span><\/span><\/p>\n<p class=\"western\" align=\"justify\"><span style=\"color: #000000;\"><span style=\"font-size: medium;\"><span lang=\"fr-FR\">Ainsi, par exemple, nous pouvons supposer que l\u2019activit\u00e9 volcanique est caus\u00e9e par les mouvements des plaques tectoniques des plan\u00e8tes. Mais le mouvement des plaques tectoniques pourrait \u00eatre caus\u00e9 par des d\u00e9placements magn\u00e9tiques de l\u2019\u00e9nergie dans le cosmos. Et les d\u00e9placements d\u2019\u00e9nergie dans le cosmos peuvent \u00eatre caus\u00e9s par l\u2019implosion de trous noirs ou la naissance de nouvelles \u00e9toiles.<\/span><\/span><\/span><\/p>\n<p class=\"western\" align=\"justify\"><span style=\"color: #000000;\"><span style=\"font-size: medium;\"><span lang=\"fr-FR\">L\u2019existence est un \u00e9v\u00e9nement quantique holistique. <\/span><\/span><\/span><span style=\"color: #000000;\"><span style=\"font-size: medium;\"><span lang=\"fr-FR\">Nous<\/span><\/span><\/span><span style=\"color: #000000;\"><span style=\"font-size: medium;\"><span lang=\"fr-FR\"> ne p<\/span><\/span><\/span><span style=\"color: #000000;\"><span style=\"font-size: medium;\"><span lang=\"fr-FR\">ouvons<\/span><\/span><\/span><span style=\"color: #000000;\"><span style=\"font-size: medium;\"><span lang=\"fr-FR\"> donc jamais dire que l<\/span><\/span><\/span><span style=\"color: #000000;\"><span style=\"font-size: medium;\"><span lang=\"fr-FR\">a<\/span><\/span><\/span> <span style=\"color: #000000;\"><span style=\"font-size: medium;\"><span lang=\"fr-FR\">m\u00e9t\u00e9o<\/span><\/span><\/span><span style=\"color: #000000;\"><span style=\"font-size: medium;\"><span lang=\"fr-FR\"> et le climat sont totalement distincts l\u2019un de l\u2019autre. Mais <\/span><\/span><\/span><span style=\"color: #000000;\"><span style=\"font-size: medium;\"><span lang=\"fr-FR\">nous<\/span><\/span><\/span><span style=\"color: #000000;\"><span style=\"font-size: medium;\"><span lang=\"fr-FR\"> p<\/span><\/span><\/span><span style=\"color: #000000;\"><span style=\"font-size: medium;\"><span lang=\"fr-FR\">ouvons<\/span><\/span><\/span><span style=\"color: #000000;\"><span style=\"font-size: medium;\"><span lang=\"fr-FR\"> dire qu\u2019ils sont des expressions \u00ab\u00a0pr\u00e9dominantes\u00a0\u00bb d\u2019activit\u00e9s terrestres locales (microcosmiques), ou des expressions \u00ab\u00a0pr\u00e9dominantes\u00a0\u00bb d\u2019activit\u00e9s cosmiques (macrocosmiques).<\/span><\/span><\/span><\/p>\n<p class=\"western\" align=\"justify\"><span style=\"color: #000000;\"><span style=\"font-size: medium;\"><span lang=\"fr-FR\">Q. Ceux qui imposent \u00e0 l\u2019humanit\u00e9 des contr\u00f4les globaux de type \u00ab\u00a0Z\u00e9ro <\/span><\/span><\/span><span style=\"color: #000000;\"><span style=\"font-size: medium;\"><span lang=\"fr-FR\">Net<\/span><\/span><\/span><span style=\"color: #000000;\"><span style=\"font-size: medium;\"><span lang=\"fr-FR\">\u00a0\u00bb en ont-ils la moindre id\u00e9e\u00a0? Ou agissent-ils dans l\u2019obscurit\u00e9\u00a0?<\/span><\/span><\/span><\/p>\n<p class=\"western\" align=\"justify\"><span style=\"color: #000000;\"><span style=\"font-size: medium;\"><span lang=\"fr-FR\">A. S\u2019ils en ont conscience, c\u2019est parce que ceux qui choisissent des strat\u00e9gies sombres et sournoises pour arriver \u00e0 leurs fins sont, \u00e0 un certain niveau intellectuel, conscients de l\u2019ordre cosmique des choses et de la mani\u00e8re de les manipuler.<\/span><\/span><\/span><\/p>\n<p class=\"western\" align=\"justify\"><span style=\"color: #000000;\"><span style=\"font-size: medium;\"><span lang=\"fr-FR\">\u00c0 l\u2019extr\u00e9mit\u00e9 active des contr\u00f4les <\/span><\/span><\/span><span style=\"color: #000000;\"><span style=\"font-size: medium;\"><span lang=\"fr-FR\">impos<\/span><\/span><\/span><span style=\"color: #000000;\"><span style=\"font-size: medium;\"><span lang=\"fr-FR\">\u00e9s <\/span><\/span><\/span><span style=\"color: #000000;\"><span style=\"font-size: medium;\"><span lang=\"fr-FR\">\u00e0<\/span><\/span><\/span><span style=\"color: #000000;\"><span style=\"font-size: medium;\"><span lang=\"fr-FR\"> l\u2019humanit\u00e9 <\/span><\/span><\/span><span style=\"color: #000000;\"><span style=\"font-size: medium;\"><span lang=\"fr-FR\">se trouvent <\/span><\/span><\/span><span style=\"color: #000000;\"><span style=\"font-size: medium;\"><span lang=\"fr-FR\">des individus psychopathes et psychotiques dont le credo est essentiellement caract\u00e9ris\u00e9 <\/span><\/span><\/span><span style=\"color: #000000;\"><span style=\"font-size: medium;\"><span lang=\"fr-FR\">par une<\/span><\/span><\/span><span style=\"color: #000000;\"><span style=\"font-size: medium;\"><span lang=\"fr-FR\"> vision tunnel, le narcissisme et l\u2019anti-vie. Ce sont ces personnes qui ont choisi d\u2019imposer aux habitants de la plan\u00e8te Terre un r\u00e9gime despotique, r\u00e9pressif et factice de \u00ab\u00a0lutte contre le changement climatique\u00a0\u00bb.<\/span><\/span><\/span><\/p>\n<p class=\"western\" align=\"justify\"><span style=\"color: #000000;\"><span style=\"font-size: medium;\"><span lang=\"fr-FR\">Q. <\/span><\/span><\/span><span style=\"color: #000000;\"><span style=\"font-size: medium;\"><span lang=\"fr-FR\">Ainsi, n<\/span><\/span><\/span><span style=\"color: #000000;\"><span style=\"font-size: medium;\"><span lang=\"fr-FR\">ous ne pouvons donc pas consid\u00e9rer l<\/span><\/span><\/span><span style=\"color: #000000;\"><span style=\"font-size: medium;\"><span lang=\"fr-FR\">e courant dominant de l<\/span><\/span><\/span><span style=\"color: #000000;\"><span style=\"font-size: medium;\"><span lang=\"fr-FR\">a \u00ab\u00a0science\u00a0\u00bb comme un guide <\/span><\/span><\/span><span style=\"color: #000000;\"><span style=\"font-size: medium;\"><span lang=\"fr-FR\">fiable<\/span><\/span><\/span><span style=\"color: #000000;\"><span style=\"font-size: medium;\"><span lang=\"fr-FR\"> pour comprendre ce qui se passe si ses porte-parole prennent leurs ordres aupr\u00e8s de sources aussi d\u00e9s\u00e9quilibr\u00e9es\u2026<\/span><\/span><\/span><\/p>\n<p class=\"western\" align=\"justify\"><span style=\"color: #000000;\"><span style=\"font-size: medium;\"><span lang=\"fr-FR\">A. Non, certainement pas. Seuls les scientifiques qui suivent une discipline intuitive et empirique orient\u00e9e vers l<\/span><\/span><\/span><span style=\"color: #000000;\"><span style=\"font-size: medium;\"><span lang=\"fr-FR\">a physique <\/span><\/span><\/span><span style=\"color: #000000;\"><span style=\"font-size: medium;\"><span lang=\"fr-FR\">quant<\/span><\/span><\/span><span style=\"color: #000000;\"><span style=\"font-size: medium;\"><span lang=\"fr-FR\">ique <\/span><\/span><\/span><span style=\"color: #000000;\"><span style=\"font-size: medium;\"><span lang=\"fr-FR\">peuvent interpr\u00e9ter correctement les complexit\u00e9s non seulement du changement climatique, mais aussi de toutes les interactions cl\u00e9s qui influencent le comportement des organismes vivants <\/span><\/span><\/span><span style=\"color: #000000;\"><span style=\"font-size: medium;\"><span lang=\"fr-FR\">au sein du <\/span><\/span><\/span><span style=\"color: #000000;\"><span style=\"font-size: medium;\"><span lang=\"fr-FR\">mouvement \u00e9volutif du cosmos.<\/span><\/span><\/span><\/p>\n<p class=\"western\" align=\"justify\"><span style=\"color: #000000;\"><span style=\"font-size: medium;\"><span lang=\"fr-FR\">Q. Hmm\u2026 c\u2019est un nouveau paradigme massif que l\u2019humanit\u00e9 doit dig\u00e9rer\u2026<\/span><\/span><\/span><\/p>\n<p class=\"western\" align=\"justify\"><span style=\"color: #000000;\"><span style=\"font-size: medium;\"><span lang=\"fr-FR\">A. C\u2019est vrai. Mais \u00e0 moins de pouvoir le dig\u00e9rer \u2014 par \u00e9tapes pour la plupart d\u2019entre nous \u2014 nous ne pouvons pas et ne pourrons pas sauver notre plan\u00e8te de l\u2019agenda aveugle et suicidaire auquel elle est forc\u00e9e d\u2019adh\u00e9rer.<\/span><\/span><\/span><\/p>\n<p class=\"western\" align=\"justify\"><span style=\"color: #000000;\"><span style=\"font-size: medium;\"><span lang=\"fr-FR\">Q. Les personnes bienveillantes ont-elles un r\u00f4le \u00e0 jouer pour aider \u00e0 mettre fin \u00e0 cette exploitation froidement calcul\u00e9e\u00a0?<\/span><\/span><\/span><\/p>\n<p class=\"western\" align=\"justify\"><span style=\"color: #000000;\"><span style=\"font-size: medium;\"><span lang=\"fr-FR\">A. Absolument. Prenons une perspective centr\u00e9e sur le c\u0153ur\u00a0: tout commence par une chose cl\u00e9, l\u2019\u00ab\u00a0amour de la vie\u00a0\u00bb. Tant que l\u2019amour de la vie est plus fort que la peur, le cynisme et le d\u00e9sespoir, les \u00e9motions catalytiques qui nous motivent sont directement en phase avec les forces \u00e9volutives universelles. Un cordon ombilical avec notre Cr\u00e9ateur.<\/span><\/span><\/span><\/p>\n<p class=\"western\" align=\"justify\"><span style=\"color: #000000;\"><span style=\"font-size: medium;\"><span lang=\"fr-FR\">Sur cette base, correctement entretenue, nous acqu\u00e9rons le pouvoir de nous organiser pour d\u00e9fendre la magnifique diversit\u00e9 de ce don unique qu\u2019est la vie, ce qui implique de r\u00e9sister au dogme mortel d\u2019une fausse science.<\/span><\/span><\/span><\/p>\n<p class=\"western\" align=\"justify\"><span style=\"color: #000000;\"><span style=\"font-size: medium;\"><span lang=\"fr-FR\">Une science qui a l\u2019audace de pr\u00e9tendre qu\u2019il faut d\u00e9raciner les principes fondamentaux de notre vie quotidienne, se soumettre aux r\u00e8gles d\u2019une dictature centralis\u00e9e et accepter le blocage du CO<\/span><\/span><\/span><span style=\"color: #000000;\"><sub><span style=\"font-size: medium;\"><span lang=\"fr-FR\">2<\/span><\/span><\/sub><\/span><span style=\"color: #000000;\"><span style=\"font-size: medium;\"><span lang=\"fr-FR\">, ce gaz inoffensif dont chaque plante a besoin pour fabriquer l\u2019oxyg\u00e8ne dont nous et le r\u00e8gne animal ne pouvons nous passer. Nous devons trouver en nous la d\u00e9termination d\u2019avorter ce g\u00e9nocide de masse.<\/span><\/span><\/span><\/p>\n<p class=\"western\" align=\"justify\"><span style=\"color: #000000;\"><span style=\"font-size: medium;\"><span lang=\"fr-FR\">Q. Nous devons donc nous tourner vers nous-m\u00eames pour trouver les r\u00e9ponses\u00a0?<\/span><\/span><\/span><\/p>\n<p class=\"western\" align=\"justify\"><span style=\"color: #000000;\"><span style=\"font-size: medium;\"><span lang=\"fr-FR\">A. Au point dynamique central de toutes nos vies individuelles se trouve la m\u00eame pierre de naissance qui a form\u00e9 l\u2019univers dont nous sommes une partie int\u00e9grante et une expression. On <\/span><\/span><\/span><span style=\"color: #000000;\"><span style=\"font-size: medium;\"><span lang=\"fr-FR\">d\u00e9couvri<\/span><\/span><\/span><span style=\"color: #000000;\"><span style=\"font-size: medium;\"><span lang=\"fr-FR\">ra donc que les artistes, les philosophes, les agriculteurs traditionnels et les personnes orient\u00e9es spiritu<\/span><\/span><\/span><span style=\"color: #000000;\"><span style=\"font-size: medium;\"><span lang=\"fr-FR\">ellement<\/span><\/span><\/span><span style=\"color: #000000;\"><span style=\"font-size: medium;\"><span lang=\"fr-FR\"> sont bien mieux \u00e9quip\u00e9s que les scientifiques institutionnels, les politiciens et les d\u00e9cideurs \u00ab\u00a0experts\u00a0\u00bb pour guider la plan\u00e8te \u00e0 travers cette crise.<\/span><\/span><\/span><\/p>\n<p class=\"western\" align=\"justify\"><span style=\"color: #000000;\"><span style=\"font-size: medium;\"><span lang=\"fr-FR\">La sagesse, la v\u00e9rit\u00e9 et la justice sont les manifestations d\u2019une compr\u00e9hension de plus en plus profonde du fait que \u00ab\u00a0l\u2019amour de la vie\u00a0\u00bb est une condition dont nous s<\/span><\/span><\/span><span style=\"color: #000000;\"><span style=\"font-size: medium;\"><span lang=\"fr-FR\">avons \u00e9t\u00e9 <\/span><\/span><\/span><span style=\"color: #000000;\"><span style=\"font-size: medium;\"><span lang=\"fr-FR\">b\u00e9nis par le cr\u00e9ateur omnipotent de ce grand firmament. \u00c9tant ainsi b\u00e9ni, il est de notre responsabilit\u00e9 de prendre la barre et de r\u00e9gler notre boussole en fonction du phare allum\u00e9 par l\u2019appel le plus profond de nos \u00e2mes.<\/span><\/span><\/span><\/p>\n<p class=\"western\" align=\"justify\"><span style=\"color: #000000;\"><span style=\"font-size: medium;\"><span lang=\"fr-FR\">Toutes les \u00ab\u00a0figures d\u2019autorit\u00e9\u00a0\u00bb qui choisissent de ne pas \u00eatre guid\u00e9es par le point <\/span><\/span><\/span><span style=\"color: #000000;\"><span style=\"font-size: medium;\"><span lang=\"fr-FR\">source<\/span><\/span><\/span><span style=\"color: #000000;\"><span style=\"font-size: medium;\"><span lang=\"fr-FR\"> de leur propre vie, mais par des <\/span><\/span><\/span><span style=\"color: #000000;\"><span style=\"font-size: medium;\"><span lang=\"fr-FR\">im<\/span><\/span><\/span><span style=\"color: #000000;\"><span style=\"font-size: medium;\"><span lang=\"fr-FR\">pos<\/span><\/span><\/span><span style=\"color: #000000;\"><span style=\"font-size: medium;\"><span lang=\"fr-FR\">t<\/span><\/span><\/span><span style=\"color: #000000;\"><span style=\"font-size: medium;\"><span lang=\"fr-FR\">eurs et des trompeurs hostiles, doivent \u00eatre reconnues et trait\u00e9es comme les criminelles qu\u2019elles sont. Ceux qui imposent \u00e0 l\u2019humanit\u00e9 le<\/span><\/span><\/span><span style=\"color: #000000;\"><span style=\"font-size: medium;\"><span lang=\"fr-FR\">s<\/span><\/span><\/span><span style=\"color: #000000;\"><span style=\"font-size: medium;\"><span lang=\"fr-FR\"> chim\u00e8re<\/span><\/span><\/span><span style=\"color: #000000;\"><span style=\"font-size: medium;\"><span lang=\"fr-FR\">s<\/span><\/span><\/span><span style=\"color: #000000;\"><span style=\"font-size: medium;\"><span lang=\"fr-FR\"> du F<\/span><\/span><\/span><span style=\"color: #000000;\"><span style=\"font-size: medium;\"><span lang=\"fr-FR\">EM\u00a0:<\/span><\/span><\/span><span style=\"color: #000000;\"><span style=\"font-size: medium;\"><span lang=\"fr-FR\"> Green Deal \u00ab\u00a0Net Zero\u00a0\u00bb, \u00ab\u00a0Stop Climate Change\u00a0\u00bb, appartiennent \u00e0 ce groupe.<\/span><\/span><\/span><\/p>\n<p class=\"western\" align=\"justify\"><span style=\"color: #000000;\"><span style=\"font-size: medium;\"><span lang=\"fr-FR\">Notre t\u00e2che est d\u2019avancer courageusement en portant avec nous la reconnaissance de plus en plus grande que nous sommes les porte-\u00e9tendards d\u2019un processus dynamique de transformation. Une m\u00e9tamorphose totale de l\u2019obscurit\u00e9 d\u00e9lib\u00e9r\u00e9ment inflig\u00e9e en son exact oppos\u00e9 \u2014 un grand \u00e9panouissement du g\u00e9nie cr\u00e9atif et de la passion d\u2019une humanit\u00e9 qui s\u2019\u00e9veille.<\/span><\/span><\/span><\/p>\n<p class=\"western\" align=\"center\"><span style=\"color: #000000;\"><span style=\"font-size: medium;\"><span lang=\"fr-FR\">***<\/span><\/span><\/span><\/p>\n<p class=\"western\" align=\"justify\"><span style=\"color: #000000;\"><span style=\"font-size: medium;\"><span lang=\"fr-FR\">Julian Rose est un pionnier de l\u2019agriculture biologique au Royaume-Uni, un \u00e9crivain, un communicateur et un activiste international. Il est \u00e9galement l\u2019auteur de \u00ab\u00a0<\/span><\/span><\/span><span style=\"color: #000000;\"><span style=\"font-size: medium;\"><span lang=\"fr-FR\"><i>Overcoming the Robotic Mind<\/i><\/span><\/span><\/span><span style=\"color: #000000;\"><span style=\"font-size: medium;\"><span lang=\"fr-FR\">\u00a0\u00bb, \u00ab\u00a0<\/span><\/span><\/span><span style=\"color: #000000;\"><span style=\"font-size: medium;\"><span lang=\"fr-FR\"><i>In Defence of Life<\/i><\/span><\/span><\/span><span style=\"color: #000000;\"><span style=\"font-size: medium;\"><span lang=\"fr-FR\">\u00a0\u00bb et \u00ab\u00a0<\/span><\/span><\/span><span style=\"color: #000000;\"><span style=\"font-size: medium;\"><span lang=\"fr-FR\"><i>Creative Solutions to a World in Crisis<\/i><\/span><\/span><\/span><span style=\"color: #000000;\"><span style=\"font-size: medium;\"><span lang=\"fr-FR\"> \u00bb. Pour plus d\u2019informations, voir son site web <\/span><\/span><\/span><span style=\"color: #000080;\"><u><span style=\"color: #000000;\"><span style=\"font-size: medium;\"><span lang=\"fr-FR\"><a href=\"http:\/\/www.julianrose.info\" target=\"_blank\" rel=\"noopener\">www.julianrose.info<\/a><\/span><\/span><\/span><\/u><\/span><\/p>\n<p class=\"western\" align=\"justify\"><span style=\"color: #000000;\"><span style=\"font-size: medium;\"><span lang=\"fr-FR\">Texte original\u00a0: <\/span><\/span><\/span><span style=\"color: #000080;\"><u><a href=\"https:\/\/21stcenturywire.com\/2023\/10\/24\/the-delusional-climate-countdown-a-holistic-appraisal-of-real-climate-change\/\" target=\"_blank\" rel=\"noopener\"><span style=\"color: #000000;\"><span style=\"font-size: medium;\"><span lang=\"fr-FR\">https:\/\/21stcenturywire.com\/2023\/10\/24\/the-delusional-climate-countdown-a-holistic-appraisal-of-real-climate-change\/<\/span><\/span><\/span><\/a><\/u><\/span><\/p>\n","protected":false},"excerpt":{"rendered":"<p>Traduction libre 24\/10\/2023 J\u2019ai choisi de r\u00e9diger cet essai sous la forme d\u2019un dialogue questions\/r\u00e9ponses afin de pr\u00e9senter des r\u00e9ponses claires aux falsifications qui divisent actuellement notre monde. Q. Le climat change-t-il\u00a0? A. Oui Q. De quelle mani\u00e8re\u00a0? A. \u00c0 bien des \u00e9gards. Tout ce qui existe est soumis \u00e0 un processus continu de changement. [&hellip;]<\/p>\n","protected":false},"author":2,"featured_media":19427,"comment_status":"closed","ping_status":"closed","sticky":false,"template":"","format":"standard","meta":{"footnotes":""},"categories":[1540,1786],"tags":[],"class_list":["post-19586","post","type-post","status-publish","format-standard","has-post-thumbnail","hentry","category-actualite","category-rose-julian"],"yoast_head":"<!-- This site is optimized with the Yoast SEO plugin v27.0 - https:\/\/yoast.com\/product\/yoast-seo-wordpress\/ -->\n<title>Le d\u00e9lirant compte \u00e0 rebours climatique \u2014 Une \u00e9valuation holistique du changement climatique r\u00e9el par Julian Rose - 3e mill\u00e9naire - Spiritualit\u00e9 - Connaissance de soi - Non-dualit\u00e9 - M\u00e9ditation<\/title>\n<meta name=\"robots\" content=\"index, follow, max-snippet:-1, max-image-preview:large, max-video-preview:-1\" \/>\n<link rel=\"canonical\" href=\"https:\/\/www.revue3emillenaire.com\/blog\/le-delirant-compte-a-rebours-climatique-une-evaluation-holistique-du-changement-climatique-reel-par-julian-rose\/\" \/>\n<meta property=\"og:locale\" content=\"fr_FR\" \/>\n<meta property=\"og:type\" content=\"article\" \/>\n<meta property=\"og:title\" content=\"Le d\u00e9lirant compte \u00e0 rebours climatique \u2014 Une \u00e9valuation holistique du changement climatique r\u00e9el par Julian Rose - 3e mill\u00e9naire - Spiritualit\u00e9 - Connaissance de soi - Non-dualit\u00e9 - M\u00e9ditation\" \/>\n<meta property=\"og:description\" content=\"Traduction libre 24\/10\/2023 J\u2019ai choisi de r\u00e9diger cet essai sous la forme d\u2019un dialogue questions\/r\u00e9ponses afin de pr\u00e9senter des r\u00e9ponses claires aux falsifications qui divisent actuellement notre monde. Q. Le climat change-t-il\u00a0? A. Oui Q. De quelle mani\u00e8re\u00a0? A. \u00c0 bien des \u00e9gards. Tout ce qui existe est soumis \u00e0 un processus continu de changement. [&hellip;]\" \/>\n<meta property=\"og:url\" content=\"https:\/\/www.revue3emillenaire.com\/blog\/le-delirant-compte-a-rebours-climatique-une-evaluation-holistique-du-changement-climatique-reel-par-julian-rose\/\" \/>\n<meta property=\"og:site_name\" content=\"3e mill\u00e9naire - Spiritualit\u00e9 - Connaissance de soi - Non-dualit\u00e9 - M\u00e9ditation\" \/>\n<meta property=\"article:published_time\" content=\"2023-10-25T23:13:56+00:00\" \/>\n<meta property=\"article:modified_time\" content=\"2023-10-26T00:48:55+00:00\" \/>\n<meta property=\"og:image\" content=\"https:\/\/www.revue3emillenaire.com\/blog\/wp-content\/uploads\/2023\/07\/Julian-Rose.jpg\" \/>\n\t<meta property=\"og:image:width\" content=\"200\" \/>\n\t<meta property=\"og:image:height\" content=\"182\" \/>\n\t<meta property=\"og:image:type\" content=\"image\/jpeg\" \/>\n<meta name=\"author\" content=\"3e mill\u00e9naire\" \/>\n<meta name=\"twitter:card\" content=\"summary_large_image\" \/>\n<meta name=\"twitter:label1\" content=\"\u00c9crit par\" \/>\n\t<meta name=\"twitter:data1\" content=\"3e mill\u00e9naire\" \/>\n\t<meta name=\"twitter:label2\" content=\"Dur\u00e9e de lecture estim\u00e9e\" \/>\n\t<meta name=\"twitter:data2\" content=\"10 minutes\" \/>\n<script type=\"application\/ld+json\" class=\"yoast-schema-graph\">{\"@context\":\"https:\/\/schema.org\",\"@graph\":[{\"@type\":\"Article\",\"@id\":\"https:\/\/www.revue3emillenaire.com\/blog\/le-delirant-compte-a-rebours-climatique-une-evaluation-holistique-du-changement-climatique-reel-par-julian-rose\/#article\",\"isPartOf\":{\"@id\":\"https:\/\/www.revue3emillenaire.com\/blog\/le-delirant-compte-a-rebours-climatique-une-evaluation-holistique-du-changement-climatique-reel-par-julian-rose\/\"},\"author\":{\"name\":\"3e mill\u00e9naire\",\"@id\":\"https:\/\/www.revue3emillenaire.com\/blog\/#\/schema\/person\/b692dacff720a5344a6190bc714397eb\"},\"headline\":\"Le d\u00e9lirant compte \u00e0 rebours climatique \u2014 Une \u00e9valuation holistique du changement climatique r\u00e9el par Julian Rose\",\"datePublished\":\"2023-10-25T23:13:56+00:00\",\"dateModified\":\"2023-10-26T00:48:55+00:00\",\"mainEntityOfPage\":{\"@id\":\"https:\/\/www.revue3emillenaire.com\/blog\/le-delirant-compte-a-rebours-climatique-une-evaluation-holistique-du-changement-climatique-reel-par-julian-rose\/\"},\"wordCount\":2241,\"image\":{\"@id\":\"https:\/\/www.revue3emillenaire.com\/blog\/le-delirant-compte-a-rebours-climatique-une-evaluation-holistique-du-changement-climatique-reel-par-julian-rose\/#primaryimage\"},\"thumbnailUrl\":\"https:\/\/www.revue3emillenaire.com\/blog\/wp-content\/uploads\/2023\/07\/Julian-Rose.jpg\",\"articleSection\":[\"Actualit\u00e9s\",\"Rose Julian\"],\"inLanguage\":\"fr-FR\"},{\"@type\":\"WebPage\",\"@id\":\"https:\/\/www.revue3emillenaire.com\/blog\/le-delirant-compte-a-rebours-climatique-une-evaluation-holistique-du-changement-climatique-reel-par-julian-rose\/\",\"url\":\"https:\/\/www.revue3emillenaire.com\/blog\/le-delirant-compte-a-rebours-climatique-une-evaluation-holistique-du-changement-climatique-reel-par-julian-rose\/\",\"name\":\"Le d\u00e9lirant compte \u00e0 rebours climatique \u2014 Une \u00e9valuation holistique du changement climatique r\u00e9el par Julian Rose - 3e mill\u00e9naire - Spiritualit\u00e9 - Connaissance de soi - Non-dualit\u00e9 - M\u00e9ditation\",\"isPartOf\":{\"@id\":\"https:\/\/www.revue3emillenaire.com\/blog\/#website\"},\"primaryImageOfPage\":{\"@id\":\"https:\/\/www.revue3emillenaire.com\/blog\/le-delirant-compte-a-rebours-climatique-une-evaluation-holistique-du-changement-climatique-reel-par-julian-rose\/#primaryimage\"},\"image\":{\"@id\":\"https:\/\/www.revue3emillenaire.com\/blog\/le-delirant-compte-a-rebours-climatique-une-evaluation-holistique-du-changement-climatique-reel-par-julian-rose\/#primaryimage\"},\"thumbnailUrl\":\"https:\/\/www.revue3emillenaire.com\/blog\/wp-content\/uploads\/2023\/07\/Julian-Rose.jpg\",\"datePublished\":\"2023-10-25T23:13:56+00:00\",\"dateModified\":\"2023-10-26T00:48:55+00:00\",\"author\":{\"@id\":\"https:\/\/www.revue3emillenaire.com\/blog\/#\/schema\/person\/b692dacff720a5344a6190bc714397eb\"},\"breadcrumb\":{\"@id\":\"https:\/\/www.revue3emillenaire.com\/blog\/le-delirant-compte-a-rebours-climatique-une-evaluation-holistique-du-changement-climatique-reel-par-julian-rose\/#breadcrumb\"},\"inLanguage\":\"fr-FR\",\"potentialAction\":[{\"@type\":\"ReadAction\",\"target\":[\"https:\/\/www.revue3emillenaire.com\/blog\/le-delirant-compte-a-rebours-climatique-une-evaluation-holistique-du-changement-climatique-reel-par-julian-rose\/\"]}]},{\"@type\":\"ImageObject\",\"inLanguage\":\"fr-FR\",\"@id\":\"https:\/\/www.revue3emillenaire.com\/blog\/le-delirant-compte-a-rebours-climatique-une-evaluation-holistique-du-changement-climatique-reel-par-julian-rose\/#primaryimage\",\"url\":\"https:\/\/www.revue3emillenaire.com\/blog\/wp-content\/uploads\/2023\/07\/Julian-Rose.jpg\",\"contentUrl\":\"https:\/\/www.revue3emillenaire.com\/blog\/wp-content\/uploads\/2023\/07\/Julian-Rose.jpg\",\"width\":200,\"height\":182},{\"@type\":\"BreadcrumbList\",\"@id\":\"https:\/\/www.revue3emillenaire.com\/blog\/le-delirant-compte-a-rebours-climatique-une-evaluation-holistique-du-changement-climatique-reel-par-julian-rose\/#breadcrumb\",\"itemListElement\":[{\"@type\":\"ListItem\",\"position\":1,\"name\":\"Accueil\",\"item\":\"https:\/\/www.revue3emillenaire.com\/blog\/\"},{\"@type\":\"ListItem\",\"position\":2,\"name\":\"Le d\u00e9lirant compte \u00e0 rebours climatique \u2014 Une \u00e9valuation holistique du changement climatique r\u00e9el par Julian Rose\"}]},{\"@type\":\"WebSite\",\"@id\":\"https:\/\/www.revue3emillenaire.com\/blog\/#website\",\"url\":\"https:\/\/www.revue3emillenaire.com\/blog\/\",\"name\":\"3e mill\u00e9naire - Spiritualit\u00e9 - Connaissance de soi - Non-dualit\u00e9 - M\u00e9ditation\",\"description\":\"L&#039;Homme en devenir\",\"potentialAction\":[{\"@type\":\"SearchAction\",\"target\":{\"@type\":\"EntryPoint\",\"urlTemplate\":\"https:\/\/www.revue3emillenaire.com\/blog\/?s={search_term_string}\"},\"query-input\":{\"@type\":\"PropertyValueSpecification\",\"valueRequired\":true,\"valueName\":\"search_term_string\"}}],\"inLanguage\":\"fr-FR\"},{\"@type\":\"Person\",\"@id\":\"https:\/\/www.revue3emillenaire.com\/blog\/#\/schema\/person\/b692dacff720a5344a6190bc714397eb\",\"name\":\"3e mill\u00e9naire\",\"url\":\"https:\/\/www.revue3emillenaire.com\/blog\/author\/scoussa\/\"}]}<\/script>\n<!-- \/ Yoast SEO plugin. -->","yoast_head_json":{"title":"Le d\u00e9lirant compte \u00e0 rebours climatique \u2014 Une \u00e9valuation holistique du changement climatique r\u00e9el par Julian Rose - 3e mill\u00e9naire - Spiritualit\u00e9 - Connaissance de soi - Non-dualit\u00e9 - M\u00e9ditation","robots":{"index":"index","follow":"follow","max-snippet":"max-snippet:-1","max-image-preview":"max-image-preview:large","max-video-preview":"max-video-preview:-1"},"canonical":"https:\/\/www.revue3emillenaire.com\/blog\/le-delirant-compte-a-rebours-climatique-une-evaluation-holistique-du-changement-climatique-reel-par-julian-rose\/","og_locale":"fr_FR","og_type":"article","og_title":"Le d\u00e9lirant compte \u00e0 rebours climatique \u2014 Une \u00e9valuation holistique du changement climatique r\u00e9el par Julian Rose - 3e mill\u00e9naire - Spiritualit\u00e9 - Connaissance de soi - Non-dualit\u00e9 - M\u00e9ditation","og_description":"Traduction libre 24\/10\/2023 J\u2019ai choisi de r\u00e9diger cet essai sous la forme d\u2019un dialogue questions\/r\u00e9ponses afin de pr\u00e9senter des r\u00e9ponses claires aux falsifications qui divisent actuellement notre monde. Q. Le climat change-t-il\u00a0? A. Oui Q. De quelle mani\u00e8re\u00a0? A. \u00c0 bien des \u00e9gards. Tout ce qui existe est soumis \u00e0 un processus continu de changement. [&hellip;]","og_url":"https:\/\/www.revue3emillenaire.com\/blog\/le-delirant-compte-a-rebours-climatique-une-evaluation-holistique-du-changement-climatique-reel-par-julian-rose\/","og_site_name":"3e mill\u00e9naire - Spiritualit\u00e9 - Connaissance de soi - Non-dualit\u00e9 - M\u00e9ditation","article_published_time":"2023-10-25T23:13:56+00:00","article_modified_time":"2023-10-26T00:48:55+00:00","og_image":[{"width":200,"height":182,"url":"https:\/\/www.revue3emillenaire.com\/blog\/wp-content\/uploads\/2023\/07\/Julian-Rose.jpg","type":"image\/jpeg"}],"author":"3e mill\u00e9naire","twitter_card":"summary_large_image","twitter_misc":{"\u00c9crit par":"3e mill\u00e9naire","Dur\u00e9e de lecture estim\u00e9e":"10 minutes"},"schema":{"@context":"https:\/\/schema.org","@graph":[{"@type":"Article","@id":"https:\/\/www.revue3emillenaire.com\/blog\/le-delirant-compte-a-rebours-climatique-une-evaluation-holistique-du-changement-climatique-reel-par-julian-rose\/#article","isPartOf":{"@id":"https:\/\/www.revue3emillenaire.com\/blog\/le-delirant-compte-a-rebours-climatique-une-evaluation-holistique-du-changement-climatique-reel-par-julian-rose\/"},"author":{"name":"3e mill\u00e9naire","@id":"https:\/\/www.revue3emillenaire.com\/blog\/#\/schema\/person\/b692dacff720a5344a6190bc714397eb"},"headline":"Le d\u00e9lirant compte \u00e0 rebours climatique \u2014 Une \u00e9valuation holistique du changement climatique r\u00e9el par Julian Rose","datePublished":"2023-10-25T23:13:56+00:00","dateModified":"2023-10-26T00:48:55+00:00","mainEntityOfPage":{"@id":"https:\/\/www.revue3emillenaire.com\/blog\/le-delirant-compte-a-rebours-climatique-une-evaluation-holistique-du-changement-climatique-reel-par-julian-rose\/"},"wordCount":2241,"image":{"@id":"https:\/\/www.revue3emillenaire.com\/blog\/le-delirant-compte-a-rebours-climatique-une-evaluation-holistique-du-changement-climatique-reel-par-julian-rose\/#primaryimage"},"thumbnailUrl":"https:\/\/www.revue3emillenaire.com\/blog\/wp-content\/uploads\/2023\/07\/Julian-Rose.jpg","articleSection":["Actualit\u00e9s","Rose Julian"],"inLanguage":"fr-FR"},{"@type":"WebPage","@id":"https:\/\/www.revue3emillenaire.com\/blog\/le-delirant-compte-a-rebours-climatique-une-evaluation-holistique-du-changement-climatique-reel-par-julian-rose\/","url":"https:\/\/www.revue3emillenaire.com\/blog\/le-delirant-compte-a-rebours-climatique-une-evaluation-holistique-du-changement-climatique-reel-par-julian-rose\/","name":"Le d\u00e9lirant compte \u00e0 rebours climatique \u2014 Une \u00e9valuation holistique du changement climatique r\u00e9el par Julian Rose - 3e mill\u00e9naire - Spiritualit\u00e9 - Connaissance de soi - Non-dualit\u00e9 - M\u00e9ditation","isPartOf":{"@id":"https:\/\/www.revue3emillenaire.com\/blog\/#website"},"primaryImageOfPage":{"@id":"https:\/\/www.revue3emillenaire.com\/blog\/le-delirant-compte-a-rebours-climatique-une-evaluation-holistique-du-changement-climatique-reel-par-julian-rose\/#primaryimage"},"image":{"@id":"https:\/\/www.revue3emillenaire.com\/blog\/le-delirant-compte-a-rebours-climatique-une-evaluation-holistique-du-changement-climatique-reel-par-julian-rose\/#primaryimage"},"thumbnailUrl":"https:\/\/www.revue3emillenaire.com\/blog\/wp-content\/uploads\/2023\/07\/Julian-Rose.jpg","datePublished":"2023-10-25T23:13:56+00:00","dateModified":"2023-10-26T00:48:55+00:00","author":{"@id":"https:\/\/www.revue3emillenaire.com\/blog\/#\/schema\/person\/b692dacff720a5344a6190bc714397eb"},"breadcrumb":{"@id":"https:\/\/www.revue3emillenaire.com\/blog\/le-delirant-compte-a-rebours-climatique-une-evaluation-holistique-du-changement-climatique-reel-par-julian-rose\/#breadcrumb"},"inLanguage":"fr-FR","potentialAction":[{"@type":"ReadAction","target":["https:\/\/www.revue3emillenaire.com\/blog\/le-delirant-compte-a-rebours-climatique-une-evaluation-holistique-du-changement-climatique-reel-par-julian-rose\/"]}]},{"@type":"ImageObject","inLanguage":"fr-FR","@id":"https:\/\/www.revue3emillenaire.com\/blog\/le-delirant-compte-a-rebours-climatique-une-evaluation-holistique-du-changement-climatique-reel-par-julian-rose\/#primaryimage","url":"https:\/\/www.revue3emillenaire.com\/blog\/wp-content\/uploads\/2023\/07\/Julian-Rose.jpg","contentUrl":"https:\/\/www.revue3emillenaire.com\/blog\/wp-content\/uploads\/2023\/07\/Julian-Rose.jpg","width":200,"height":182},{"@type":"BreadcrumbList","@id":"https:\/\/www.revue3emillenaire.com\/blog\/le-delirant-compte-a-rebours-climatique-une-evaluation-holistique-du-changement-climatique-reel-par-julian-rose\/#breadcrumb","itemListElement":[{"@type":"ListItem","position":1,"name":"Accueil","item":"https:\/\/www.revue3emillenaire.com\/blog\/"},{"@type":"ListItem","position":2,"name":"Le d\u00e9lirant compte \u00e0 rebours climatique \u2014 Une \u00e9valuation holistique du changement climatique r\u00e9el par Julian Rose"}]},{"@type":"WebSite","@id":"https:\/\/www.revue3emillenaire.com\/blog\/#website","url":"https:\/\/www.revue3emillenaire.com\/blog\/","name":"3e mill\u00e9naire - Spiritualit\u00e9 - Connaissance de soi - Non-dualit\u00e9 - M\u00e9ditation","description":"L&#039;Homme en devenir","potentialAction":[{"@type":"SearchAction","target":{"@type":"EntryPoint","urlTemplate":"https:\/\/www.revue3emillenaire.com\/blog\/?s={search_term_string}"},"query-input":{"@type":"PropertyValueSpecification","valueRequired":true,"valueName":"search_term_string"}}],"inLanguage":"fr-FR"},{"@type":"Person","@id":"https:\/\/www.revue3emillenaire.com\/blog\/#\/schema\/person\/b692dacff720a5344a6190bc714397eb","name":"3e mill\u00e9naire","url":"https:\/\/www.revue3emillenaire.com\/blog\/author\/scoussa\/"}]}},"_links":{"self":[{"href":"https:\/\/www.revue3emillenaire.com\/blog\/wp-json\/wp\/v2\/posts\/19586","targetHints":{"allow":["GET"]}}],"collection":[{"href":"https:\/\/www.revue3emillenaire.com\/blog\/wp-json\/wp\/v2\/posts"}],"about":[{"href":"https:\/\/www.revue3emillenaire.com\/blog\/wp-json\/wp\/v2\/types\/post"}],"author":[{"embeddable":true,"href":"https:\/\/www.revue3emillenaire.com\/blog\/wp-json\/wp\/v2\/users\/2"}],"replies":[{"embeddable":true,"href":"https:\/\/www.revue3emillenaire.com\/blog\/wp-json\/wp\/v2\/comments?post=19586"}],"version-history":[{"count":0,"href":"https:\/\/www.revue3emillenaire.com\/blog\/wp-json\/wp\/v2\/posts\/19586\/revisions"}],"wp:featuredmedia":[{"embeddable":true,"href":"https:\/\/www.revue3emillenaire.com\/blog\/wp-json\/wp\/v2\/media\/19427"}],"wp:attachment":[{"href":"https:\/\/www.revue3emillenaire.com\/blog\/wp-json\/wp\/v2\/media?parent=19586"}],"wp:term":[{"taxonomy":"category","embeddable":true,"href":"https:\/\/www.revue3emillenaire.com\/blog\/wp-json\/wp\/v2\/categories?post=19586"},{"taxonomy":"post_tag","embeddable":true,"href":"https:\/\/www.revue3emillenaire.com\/blog\/wp-json\/wp\/v2\/tags?post=19586"}],"curies":[{"name":"wp","href":"https:\/\/api.w.org\/{rel}","templated":true}]}}