{"id":19605,"date":"2023-11-07T03:08:53","date_gmt":"2023-11-07T02:08:53","guid":{"rendered":"https:\/\/www.revue3emillenaire.com\/blog\/?p=19605"},"modified":"2023-11-15T22:39:41","modified_gmt":"2023-11-15T21:39:41","slug":"dans-les-mathematiques-wokes-il-ny-a-pas-de-mauvaise-reponse-par-steven-tucker","status":"publish","type":"post","link":"https:\/\/www.revue3emillenaire.com\/blog\/dans-les-mathematiques-wokes-il-ny-a-pas-de-mauvaise-reponse-par-steven-tucker\/","title":{"rendered":"Dans les Math\u00e9matiques wokes, il n\u2019y a pas de mauvaise r\u00e9ponse par Steven Tucker"},"content":{"rendered":"<p class=\"western\" align=\"justify\"><span style=\"color: #000000;\"><span style=\"font-size: medium;\"><span lang=\"fr-FR\"><i>Traduction libre<\/i><\/span><\/span><\/span><\/p>\n<p class=\"western\" align=\"justify\"><span style=\"color: #000000;\"><span style=\"font-size: medium;\"><span lang=\"fr-FR\">03\/11\/2023<\/span><\/span><\/span><\/p>\n<p class=\"western\" align=\"justify\"><span style=\"color: #000000;\"><span style=\"font-size: medium;\"><span lang=\"fr-FR\">Les math\u00e9matiques ont toujours \u00e9t\u00e9 l\u2019un des domaines les plus difficiles du programme scolaire\u00a0: quels que soient les efforts d\u00e9ploy\u00e9s, certains enfants ne comprennent tout simplement pas. C\u2019est pourquoi, au fil des ans, les \u00e9ducateurs ont eu recours \u00e0 un grand nombre de strat\u00e9gies compensatoires innovantes, allant des jeux de chiffres amusants avec les tout-petits \u00e0 l\u2019utilisation de calculatrices par les adolescents, en passant par la tentative de faciliter la communication interesp\u00e8ces avec des choux-fleurs <\/span><\/span><\/span><span style=\"color: #000000;\"><span style=\"font-size: medium;\"><span lang=\"fr-FR\">calculateur<\/span><\/span><\/span><span style=\"color: #000000;\"><span style=\"font-size: medium;\"><span lang=\"fr-FR\">s dans la classe.<\/span><\/span><\/span><\/p>\n<p class=\"western\" align=\"justify\"><span style=\"color: #000000;\"><span style=\"font-size: medium;\"><span lang=\"fr-FR\">Cette m\u00e9thode unique est aujourd\u2019hui recommand\u00e9e par Rochelle Guti\u00e9rrez, \u00e9minente professeure d\u2019\u00e9ducation \u00e0 l\u2019universit\u00e9 de l\u2019Illinois, qui a contribu\u00e9 \u00e0 <\/span><\/span><\/span><span style=\"color: #000080;\"><u><a href=\"https:\/\/www.lathisms.org\/calendar-2019\/rochelle-gutierrez\" target=\"_blank\" rel=\"noopener\"><span style=\"color: #000000;\"><span style=\"font-size: medium;\"><span lang=\"fr-FR\">la r\u00e9daction<\/span><\/span><\/span><\/a><\/u><\/span><span style=\"color: #000000;\"><span style=\"font-size: medium;\"><span lang=\"fr-FR\"> de lignes directrices et de normes officielles pour la formation des futurs professeurs de math\u00e9matiques am\u00e9ricains. Bien qu\u2019elle n\u2019ait aucune qualification en math\u00e9matiques \u2014 elle est dipl\u00f4m\u00e9e en biologie, ce qui est encore plus effrayant si l\u2019on consid\u00e8re ses opinions sur les l\u00e9gumes sensibles \u2014, Rochelle Guti\u00e9rrez est devenue c\u00e9l\u00e8bre en tant qu\u2019inventrice d\u2019un nouveau sous-domaine de la discipline appel\u00e9 <\/span><\/span><\/span><span style=\"color: #000080;\"><u><a href=\"https:\/\/newdiscourses.com\/tftw-mathematx\/\"><span style=\"color: #000000;\"><span style=\"font-size: medium;\"><span lang=\"fr-FR\"><i>mathematx<\/i><\/span><\/span><\/span><\/a><\/u><\/span><span style=\"color: #000000;\"><span style=\"font-size: medium;\"><span lang=\"fr-FR\"> (prononc\u00e9 \u00ab\u00a0math-e-ma-tesh\u00a0\u00bb).<\/span><\/span><\/span><\/p>\n<p class=\"western\" align=\"justify\"><span style=\"color: #000000;\"><span style=\"font-size: medium;\"><span lang=\"fr-FR\">Il s\u2019agit d\u2019une nouvelle forme, encore plus extr\u00eame, de ce que l\u2019on appelle les \u00ab\u00a0<\/span><\/span><\/span><span style=\"color: #000080;\"><u><a href=\"https:\/\/europeanconservative.com\/articles\/commentary\/irrational-numbers-the-calculating-scam-of-ethnomathematics\/\" target=\"_blank\" rel=\"noopener\"><span style=\"color: #000000;\"><span style=\"font-size: medium;\"><span lang=\"fr-FR\">ethnomath\u00e9matiques<\/span><\/span><\/span><\/a><\/u><\/span><span style=\"color: #000000;\"><span style=\"font-size: medium;\"><span lang=\"fr-FR\">\u00a0\u00bb, un non-sujet \u00e0 motivation politique qui pousse le mensonge identitaire selon lequel les enfants de diff\u00e9rentes races poss\u00e8dent des \u00ab\u00a0identit\u00e9s math\u00e9matiques\u00a0\u00bb inn\u00e9es diff\u00e9rentes, \u00e0 tel point qu\u2019il est en fait possible pour les enfants blancs et les enfants noirs de calculer l\u00e9gitimement des r\u00e9ponses diff\u00e9rentes \u00e0 des sommes identiques, car leurs cerveaux et leurs \u00e2mes sont c\u00e2bl\u00e9s de mani\u00e8re si diff\u00e9rente, num\u00e9riquement parlant. <\/span><\/span><\/span><\/p>\n<p class=\"western\" align=\"justify\"><span style=\"color: #000000;\"><span style=\"font-size: medium;\"><span lang=\"fr-FR\">Guti\u00e9rrez elle-m\u00eame va encore plus loin, esp\u00e9rant, comme l\u2019a dit une <\/span><\/span><\/span><span style=\"color: #000080;\"><u><a href=\"https:\/\/www.thecollegefix.com\/professor-proposes-mathematx-to-fix-pro-human-bias-in-math\/\" target=\"_blank\" rel=\"noopener\"><span style=\"color: #000000;\"><span style=\"font-size: medium;\"><span lang=\"fr-FR\">manchette<\/span><\/span><\/span><\/a><\/u><\/span><span style=\"color: #000000;\"><span style=\"font-size: medium;\"><span lang=\"fr-FR\"> am\u00e9ricaine sceptique de 2018, utiliser son concept de mathematx pour \u00ab\u00a0corriger les pr\u00e9jug\u00e9s prohumains dans les math\u00e9matiques\u00a0\u00bb \u2014 m\u00eame au point d\u2019impliquer la vie v\u00e9g\u00e9tale.<\/span><\/span><\/span><\/p>\n<p class=\"western\" align=\"justify\"><span style=\"color: #000000;\"><span style=\"font-size: medium;\"><span lang=\"fr-FR\"><b>Le chou apprend du chou-fleur <\/b><\/span><\/span><\/span><\/p>\n<p class=\"western\" align=\"justify\"><span style=\"color: #000000;\"><span style=\"font-size: medium;\"><span lang=\"fr-FR\">Mme\u00a0Guti\u00e9rrez expose ses curieuses id\u00e9es sur <\/span><\/span><\/span><span style=\"color: #000080;\"><u><a href=\"https:\/\/fr.wikipedia.org\/wiki\/Chou_romanesco\" target=\"_blank\" rel=\"noopener\"><span style=\"color: #000000;\"><span style=\"font-size: medium;\"><span lang=\"fr-FR\"><i>Brassica oleracea var. botrytis<\/i><\/span><\/span><\/span><\/a><\/u><\/span><span style=\"color: #000000;\"><span style=\"font-size: medium;\"><span lang=\"fr-FR\">, le chou-fleur romanesco, dans un <a href=\"https:\/\/files.eric.ed.gov\/fulltext\/ED581384.pdf\" target=\"_blank\" rel=\"noopener\">document pl\u00e9nier<\/a> de 2017\u00a0publi\u00e9 en ligne par le minist\u00e8re am\u00e9ricain de l\u2019\u00c9ducation, intitul\u00e9 \u00ab\u00a0Living Mathematx: Towards a Vision for the Future <\/span><\/span><\/span><span style=\"color: #000000;\"><span style=\"font-size: medium;\"><span lang=\"fr-FR\">(Les Mathematx vivants\u00a0: Vers une vision de l\u2019avenir)<\/span><\/span><\/span><span style=\"color: #000000;\"><span style=\"font-size: medium;\"><span lang=\"fr-FR\">\u00a0\u00bb \u2014 et quelle vision\u00a0!<\/span><\/span><\/span><\/p>\n<p class=\"western\" align=\"justify\"><span style=\"color: #000000;\"><span style=\"font-size: medium;\"><span lang=\"fr-FR\">Le chou-fleur Romanesco poss\u00e8de une structure de feuille fractale distinctive et frappante, et pourrait donc \u00eatre utilis\u00e9 comme un outil p\u00e9dagogique valable en classe, pour illustrer des choses telles que <a href=\"https:\/\/fr.wikipedia.org\/wiki\/Ensemble_de_Mandelbrot\" target=\"_blank\" rel=\"noopener\">les ensembles de Mandelbrot<\/a> et\u00a0<\/span><\/span><\/span><a href=\"https:\/\/fr.wikipedia.org\/wiki\/Suite_de_Fibonacci\" target=\"_blank\" rel=\"noopener\"><span style=\"color: #000000;\"><span style=\"font-size: medium;\"><span lang=\"fr-FR\">les s<\/span><\/span><\/span><span style=\"color: #000000;\"><span style=\"font-size: medium;\"><span lang=\"fr-FR\">uites<\/span><\/span><\/span><span style=\"color: #000000;\"><span style=\"font-size: medium;\"><span lang=\"fr-FR\"> de Fibonacci<\/span><\/span><\/span><\/a><span style=\"color: #000000;\"><span style=\"font-size: medium;\"><span lang=\"fr-FR\">. Pourtant, dans sa sagesse native, Mx <\/span><\/span><\/span><span style=\"color: #000000;\"><span style=\"font-size: medium;\"><span lang=\"fr-FR\">[<a class=\"sdfootnoteanc\" href=\"#sdfootnote1sym\" name=\"sdfootnote1anc\"><sup>1<\/sup><\/a>] <\/span><\/span><\/span><span style=\"color: #000000;\"><span style=\"font-size: medium;\"><span lang=\"fr-FR\">Guti\u00e9rrez fait bien plus. Rochelle s\u2019identifie ostensiblement comme \u00ab\u00a0latinx<\/span><\/span><\/span><span style=\"color: #000000;\"><span style=\"font-size: medium;\"><span lang=\"fr-FR\"> [<a class=\"sdfootnoteanc\" href=\"#sdfootnote2sym\" name=\"sdfootnote2anc\"><sup>2<\/sup><\/a>]<\/span><\/span><\/span><span style=\"color: #000000;\"><span style=\"font-size: medium;\"><span lang=\"fr-FR\">\u00a0\u00bb, ce qui lui conf\u00e8re une certaine origine indig\u00e8ne, peut-\u00eatre une descendance partielle des premiers Indiens d\u2019Am\u00e9rique du Sud qui ont peupl\u00e9 le Nouveau Monde avant la colonisation espagnole. <\/span><\/span><\/span><\/p>\n<p class=\"western\" align=\"justify\"><span style=\"color: #000000;\"><span style=\"font-size: medium;\"><span lang=\"fr-FR\">Guti\u00e9rrez consid\u00e8re clairement les latinx comme \u00e9tant intrins\u00e8quement en contact avec les forces de la nature qui les entourent \u2014 ou les \u00ab\u00a0personnes-autres-qu\u2019humaines\u00a0\u00bb, comme elle pr\u00e9f\u00e8re les appeler. Apparemment, \u00ab\u00a0les savoirs indig\u00e8nes reconnaissent que nous faisons partie d\u2019un syst\u00e8me d\u2019\u00eatres intelligents et sensibles, \u00e9galement connus sous le nom de personnes, avec des esprits interconnect\u00e9s, y compris les rochers et les \u00e9tendues d\u2019eau. Les plantes, par exemple, vivent sur cette plan\u00e8te depuis des millions d\u2019ann\u00e9es avant l\u2019homme [\u2026]. [et sont] nos fr\u00e8res\/s\u0153urs a\u00een\u00e9s\u00a0\u00bb.<\/span><\/span><\/span><\/p>\n<p class=\"western\" align=\"justify\"><span style=\"color: #000000;\"><span style=\"font-size: medium;\"><span lang=\"fr-FR\">Afin de \u00ab\u00a0d\u00e9centrer le domaine de la d\u00e9pendance excessive \u00e0 l\u2019\u00e9gard des points de vue du courant blanc\u00a0\u00bb, Guti\u00e9rrez cherche \u00e0 la fois \u00e0 \u00ab\u00a0reconceptualiser ce qui compte comme math\u00e9matiques en premier lieu\u00a0\u00bb et \u00e0 d\u00e9terminer qui peut \u00eatre math\u00e9maticien. L\u2019id\u00e9e classique d\u2019un \u00eatre humain assis et effectuant des calculs n\u2019est qu\u2019un st\u00e9r\u00e9otype blanc et occidental \u2014 en fait, il s\u2019agit simplement d\u2019un st\u00e9r\u00e9otype <\/span><\/span><\/span><span style=\"color: #000000;\"><span style=\"font-size: medium;\"><span lang=\"fr-FR\"><i>humain<\/i><\/span><\/span><\/span><span style=\"color: #000000;\"><span style=\"font-size: medium;\"><span lang=\"fr-FR\"> anthropocentrique, qui doit n\u00e9cessairement \u00eatre d\u00e9mantel\u00e9.<\/span><\/span><\/span><\/p>\n<p class=\"western\" align=\"justify\"><span style=\"color: #000000;\"><span style=\"font-size: medium;\"><span lang=\"fr-FR\">\u00ab\u00a0\u00c0 bien des \u00e9gards, les math\u00e9matiques [par opposition aux <\/span><\/span><\/span><span style=\"color: #000000;\"><span style=\"font-size: medium;\">mathematx<\/span><\/span><span style=\"color: #000000;\"><span style=\"font-size: medium;\"><span lang=\"fr-FR\">] fonctionnent comme de la blancheur\u00a0\u00bb, a-t-elle <a href=\"https:\/\/www.campusreform.org\/article?id=10005\" target=\"_blank\" rel=\"noopener\">d\u00e9clar\u00e9<\/a> de mani\u00e8re tristement c\u00e9l\u00e8bre en 2017. Alors que les math\u00e9matiques sont n\u00e9cessairement red\u00e9finies en tant que mathematx au nom de la d\u00e9colonisation de l\u2019ancien programme raciste, nous avons \u00e9galement la possibilit\u00e9 de red\u00e9finir le mathematxn <\/span><\/span><\/span><span style=\"color: #000000;\"><span style=\"font-size: medium;\"><span lang=\"fr-FR\">[<a class=\"sdfootnoteanc\" href=\"#sdfootnote3sym\" name=\"sdfootnote3anc\"><sup>3<\/sup><\/a>] <\/span><\/span><\/span><span style=\"color: #000000;\"><span style=\"font-size: medium;\"><span lang=\"fr-FR\">\u2014 en tant que notre estim\u00e9 \u00ab\u00a0grand fr\u00e8re\/s\u0153ur\u00a0\u00bb, le chou-fleur, par exemple.<\/span><\/span><\/span><\/p>\n<p class=\"western\" align=\"justify\"><b><span style=\"color: #000000;\"><span style=\"font-size: medium;\"><span lang=\"fr-FR\">Quelle performance\u00a0!<\/span><\/span><\/span><\/b><\/p>\n<p class=\"western\" align=\"justify\"><span style=\"color: #000000;\"><span style=\"font-size: medium;\"><span lang=\"fr-FR\">Connaissant bien la th\u00e9orie critique (c\u2019est une universitaire am\u00e9ricaine, ne l\u2019oublions pas), Guti\u00e9rrez est f\u00e9rue des travaux de <a href=\"https:\/\/fr.wikipedia.org\/wiki\/Judith_Butler\" target=\"_blank\" rel=\"noopener\">Judith Butler<\/a>, \u00e9minente sp\u00e9cialiste des \u00e9tudes sur le genre et les questions de genre, qui a soutenu que le genre et le sexe \u00e9taient purement performatifs <\/span><\/span><\/span><span style=\"color: #000000;\"><span style=\"font-size: medium;\"><span lang=\"fr-FR\">[<a class=\"sdfootnoteanc\" href=\"#sdfootnote4sym\" name=\"sdfootnote4anc\"><sup>4<\/sup><\/a>] par<\/span><\/span><\/span><span style=\"color: #000000;\"><span style=\"font-size: medium;\"><span lang=\"fr-FR\"> nature \u2014 d\u2019o\u00f9 la pr\u00e9tendue possibilit\u00e9 pour un homme de \u00ab\u00a0devenir\u00a0\u00bb une femme comme par magie, simplement en enfilant une robe et du rouge \u00e0 l\u00e8vres, \u00e0 la mani\u00e8re d\u2019Eddie Izzard. Les femmes \u00ab\u00a0jouent\u00a0\u00bb leur f\u00e9minit\u00e9 en s\u2019habillant comme des femmes, et donc un homme peut \u00ab\u00a0jouer\u00a0\u00bb \u00e0 \u00eatre une femme aussi, simplement en adoptant le bon costume, les bonnes attitudes et les bonnes mani\u00e8res.<\/span><\/span><\/span><\/p>\n<p class=\"western\" align=\"justify\"><span style=\"color: #000000;\"><span style=\"font-size: medium;\"><span lang=\"fr-FR\">Serait-il alors possible d\u2019appliquer l\u2019id\u00e9e de Butler aux nombres et de dire que les math\u00e9matiques sont elles-m\u00eames une forme de \u00ab\u00a0<\/span><\/span><\/span><span style=\"color: #000000;\"><span style=\"font-size: medium;\"><span lang=\"fr-FR\">performance<\/span><\/span><\/span><span style=\"color: #000000;\"><span style=\"font-size: medium;\"><span lang=\"fr-FR\">\u00a0\u00bb\u00a0? Les math\u00e9matiques \u00e0 l\u2019ancienne \u00ab\u00a0tendent \u00e0 \u00eatre consid\u00e9r\u00e9es comme un nom\u00a0\u00bb. En revanche, les math\u00e9matiques de Guti\u00e9rrez \u00ab\u00a0sont une <\/span><\/span><\/span><span style=\"color: #000000;\"><span style=\"font-size: medium;\"><span lang=\"fr-FR\">performance<\/span><\/span><\/span><span style=\"color: #000000;\"><span style=\"font-size: medium;\"><span lang=\"fr-FR\">, et donc un verbe\u00a0\u00bb. Il s\u2019agit en effet d\u2019une \u00ab\u00a0intervention dans la r\u00e9alit\u00e9 (action)\u00a0\u00bb, et non d\u2019une \u00ab\u00a0repr\u00e9sentation-dans-la r\u00e9alit\u00e9 (explication)\u00a0\u00bb.<\/span><\/span><\/span><\/p>\n<p class=\"western\" align=\"justify\"><span style=\"color: #000000;\"><span style=\"font-size: medium;\"><span lang=\"fr-FR\">Par le simple fait d\u2019exister, toutes les personnes (humaines ou non) <\/span><\/span><\/span><span style=\"color: #000000;\"><span style=\"font-size: medium;\"><span lang=\"fr-FR\">performe<\/span><\/span><\/span><span style=\"color: #000000;\"><span style=\"font-size: medium;\"><span lang=\"fr-FR\">nt des math\u00e9matiques, comme la structure fractale du chou-fleur Romanesco. Ainsi, les enfants de diff\u00e9rentes races peuvent naturellement \u00ab\u00a0<\/span><\/span><\/span><span style=\"color: #000000;\"><span style=\"font-size: medium;\"><span lang=\"fr-FR\">performer<\/span><\/span><\/span><span style=\"color: #000000;\"><span style=\"font-size: medium;\"><span lang=\"fr-FR\">\u00a0\u00bb des math\u00e9matiques de diff\u00e9rentes mani\u00e8res \u2014 la vieille et ennuyeuse m\u00e9thode traditionnelle consistant \u00e0 effectuer des calculs de mani\u00e8re logique, rationnelle et syst\u00e9matique n\u2019est en fait que la mani\u00e8re dont les hommes blancs, h\u00e9t\u00e9rosexuels et de sexe masculin ont longtemps pratiqu\u00e9 cette mati\u00e8re. Enseigner aux enfants que c\u2019est la seule fa\u00e7on de \u00ab\u00a0<\/span><\/span><\/span><span style=\"color: #000000;\"><span style=\"font-size: medium;\"><span lang=\"fr-FR\">performer<\/span><\/span><\/span><span style=\"color: #000000;\"><span style=\"font-size: medium;\"><span lang=\"fr-FR\">\u00a0\u00bb des math\u00e9matiques \u00e0 l\u2019\u00e9cole n\u2019est qu\u2019une autre fa\u00e7on pour les hommes blancs d\u2019essayer de coloniser l\u2019esprit et l\u2019\u00e2me de toutes les autres races.<\/span><\/span><\/span><\/p>\n<p class=\"western\" align=\"justify\"><span style=\"color: #000000;\"><span style=\"font-size: medium;\"><span lang=\"fr-FR\">D\u00e9sormais, les enfants devraient \u00e9galement apprendre d\u2019autres fa\u00e7ons de \u00ab\u00a0faire\u00a0\u00bb des math\u00e9matiques, en s\u2019inspirant d\u2019autres races, humaines ou non. Les enfants latinx, par exemple, sont peut-\u00eatre plus naturellement en phase avec la nature et donc mieux \u00e0 m\u00eame d\u2019apprendre les pr\u00e9cieuses le\u00e7ons du chou-fleur\u00a0: \u00ab\u00a0Il y a peut-\u00eatre des choses auxquelles nous n\u2019avons pas encore acc\u00e8s ou que nous ne pouvons pas encore comprendre parce que nous sommes une jeune esp\u00e8ce. D\u2019autres personnes [plus \u00e2g\u00e9es] [par exemple les choux-fleurs] peuvent avoir des moyens d\u2019acc\u00e9der \u00e0 des informations qui peuvent nous \u00eatre utiles\u00a0\u00bb.<\/span><\/span><\/span><\/p>\n<p class=\"western\" align=\"justify\"><b><span style=\"color: #000000;\"><span style=\"font-size: medium;\"><span lang=\"fr-FR\">Planter les graines de l\u2019ignorance <\/span><\/span><\/span><\/b><\/p>\n<p class=\"western\" align=\"justify\"><span style=\"color: #000000;\"><span style=\"font-size: medium;\"><span lang=\"fr-FR\">Guti\u00e9rrez ne pr\u00e9cise pas comment les \u00e9l\u00e8ves <\/span><\/span><\/span><span style=\"color: #000000;\"><span style=\"font-size: medium;\"><span lang=\"fr-FR\">au cerveau<\/span><\/span><\/span><span style=\"color: #000000;\"><span style=\"font-size: medium;\"><span lang=\"fr-FR\"> latin<\/span><\/span><\/span><span style=\"color: #000000;\"><span style=\"font-size: medium;\"><span lang=\"fr-FR\">x<\/span><\/span><\/span><span style=\"color: #000000;\"><span style=\"font-size: medium;\"><span lang=\"fr-FR\"> sont cens\u00e9s entrer en contact avec les choux-fleurs, peut-\u00eatre parce que ce n\u2019est en aucun cas possible. Cependant, comme de nombreuses plantes contiennent simultan\u00e9ment des organes sexuels m\u00e2les et femelles, elles sont consid\u00e9r\u00e9es par Guti\u00e9rrez quelque peu comme \u00ab\u00a0queer\u00a0\u00bb (elle devrait travailler \u00e0 <a href=\"https:\/\/dailysceptic.org\/2023\/10\/27\/the-paranoia-of-queer-theory\/\" target=\"_blank\" rel=\"noopener\">Kew Gardens<\/a> ces jours-ci), brisant ainsi le binaire traditionnel m\u00e2le-femelle pr\u00e9tendument impos\u00e9 \u00e0 l\u2019humanit\u00e9 par le colonialisme blanc bigot.<\/span><\/span><\/span><\/p>\n<p class=\"western\" align=\"justify\"><span style=\"color: #000000;\"><span style=\"font-size: medium;\"><span lang=\"fr-FR\">En consid\u00e9rant les plantes, les roches et l\u2019eau comme des personnes, le \u00ab\u00a0binaire humain\/non humain\u00a0\u00bb est \u00e9galement d\u00e9construit, ce qui facilitera l\u2019\u00e9limination des barri\u00e8res mentales entre les mondes humain et non humain, et nous permettra de \u00ab\u00a0consid\u00e9rer la conscience partag\u00e9e entre tous les \u00eatres vivants, la plus grande unit\u00e9 \u00e0 laquelle nous appartenons\u00a0\u00bb. Cela permettra \u00ab\u00a0une sorte d\u2019enseignement multisciences, avec des vues multiples\u00a0\u00bb, ou \u00ab\u00a0pluralit\u00e9 \u00e9pist\u00e9mique\u00a0\u00bb, si vous pr\u00e9f\u00e9rez. Ainsi, les questions de math\u00e9matiques n\u2019ont plus n\u00e9cessairement besoin d\u2019une seule r\u00e9ponse correcte, semble-t-il\u00a0: \u00ab\u00a0La valeur de <\/span><\/span><\/span><span style=\"color: #000000;\"><span style=\"font-size: medium;\"><span lang=\"fr-FR\"><i>Nepantla<\/i><\/span><\/span><\/span><span style=\"color: #000000;\"><span style=\"font-size: medium;\"><span lang=\"fr-FR\"> [terme azt\u00e8que d\u00e9signant la suppos\u00e9e capacit\u00e9 inn\u00e9e des latinx \u00e0 percevoir l\u2019espace interstitiel entre deux mondes] est de nous rappeler de rechercher des r\u00e9alit\u00e9s multiples et de les garder \u00e0 l\u2019esprit parce qu\u2019elles nous aident \u00e0 g\u00e9n\u00e9rer de nouvelles connaissances\u00a0\u00bb.<\/span><\/span><\/span><\/p>\n<p class=\"western\" align=\"justify\"><span style=\"color: #000000;\"><span style=\"font-size: medium;\"><span lang=\"fr-FR\">D\u00e9sormais, ce qui compte vraiment, ce n\u2019est pas qu\u2019ils parviennent \u00e0 calculer que 2+2=4, mais qu\u2019un jeune math\u00e9maticien en herbe <\/span><\/span><\/span><span style=\"color: #000000;\"><span style=\"font-size: medium;\"><span lang=\"fr-FR\"><i>prenne plaisir<\/i><\/span><\/span><\/span><span style=\"color: #000000;\"><span style=\"font-size: medium;\"><span lang=\"fr-FR\"> \u00e0 faire sa propre forme de math\u00e9matiques et la trouve belle d\u2019une certaine mani\u00e8re, comme l\u2019humble <\/span><\/span><\/span><span style=\"color: #000000;\"><span style=\"font-size: medium;\"><span lang=\"fr-FR\"><i>Brassica oleracea <\/i><\/span><\/span><\/span><span style=\"color: #000000;\"><span style=\"font-size: medium;\"><span lang=\"fr-FR\">var.<\/span><\/span><\/span><span style=\"color: #000000;\"><span style=\"font-size: medium;\"><span lang=\"fr-FR\"><i> botrytis<\/i><\/span><\/span><\/span><span style=\"color: #000000;\"><span style=\"font-size: medium;\"><span lang=\"fr-FR\"> le fait certainement lorsqu\u2019il fleurit dans la joie <\/span><\/span><\/span><span style=\"color: #000000;\"><span style=\"font-size: medium;\"><span lang=\"fr-FR\">\u00e0 la mode<\/span><\/span><\/span><span style=\"color: #000000;\"><span style=\"font-size: medium;\"><span lang=\"fr-FR\"> fractale\u00a0: \u00ab\u00a0Les math<\/span><\/span><\/span><span style=\"color: #000000;\"><span style=\"font-size: medium;\"><span lang=\"fr-FR\">e<\/span><\/span><\/span><span style=\"color: #000000;\"><span style=\"font-size: medium;\"><span lang=\"fr-FR\">mat<\/span><\/span><\/span><span style=\"color: #000000;\"><span style=\"font-size: medium;\"><span lang=\"fr-FR\">x<\/span><\/span><\/span><span style=\"color: #000000;\"><span style=\"font-size: medium;\"><span lang=\"fr-FR\"> sont une activit\u00e9 qui ne peut \u00eatre extraite de l\u2019\u00eatre vivant (ou des \u00eatres vivants) en train de r\u00e9soudre des probl\u00e8mes et\/ou d\u2019\u00e9prouver de la joie \u2014 le math<\/span><\/span><\/span><span style=\"color: #000000;\"><span style=\"font-size: medium;\"><span lang=\"fr-FR\">e<\/span><\/span><\/span><span style=\"color: #000000;\"><span style=\"font-size: medium;\"><span lang=\"fr-FR\">mat<\/span><\/span><\/span><span style=\"color: #000000;\"><span style=\"font-size: medium;\"><span lang=\"fr-FR\">xn<\/span><\/span><\/span><span style=\"color: #000000;\"><span style=\"font-size: medium;\"><span lang=\"fr-FR\">\u00a0\u00bb.<\/span><\/span><\/span><\/p>\n<p class=\"western\" align=\"justify\"><span style=\"color: #000000;\"><span style=\"font-size: medium;\"><span lang=\"fr-FR\">Les math<\/span><\/span><\/span><span style=\"color: #000000;\"><span style=\"font-size: medium;\"><span lang=\"fr-FR\">x<\/span><\/span><\/span><span style=\"color: #000000;\"><span style=\"font-size: medium;\"><span lang=\"fr-FR\"> marxistes du futur ne peuvent \u00eatre s\u00e9par\u00e9s des <\/span><\/span><\/span><span style=\"color: #000000;\"><span style=\"font-size: medium;\">mathematxn<\/span><\/span><span style=\"color: #000000;\"><span style=\"font-size: medium;\"><span lang=\"fr-FR\">s, pas plus que la po\u00e9sie ne peut \u00eatre s\u00e9par\u00e9e du po\u00e8te ou une chanson du chanteur. Et personne ne s\u2019attend \u00e0 ce que deux po\u00e8tes produisent exactement les m\u00eames vers, n\u2019est-ce pas\u00a0? Ce serait du plagiat. C\u2019est pourquoi l\u2019<\/span><\/span><\/span><span style=\"color: #000000;\"><span style=\"font-size: medium;\"><span lang=\"fr-FR\">affectueuse-<\/span><\/span><\/span><span style=\"color: #000000;\"><span style=\"font-size: medium;\"><span lang=\"fr-FR\">latin<\/span><\/span><\/span><span style=\"color: #000000;\"><span style=\"font-size: medium;\"><span lang=\"fr-FR\">x<\/span><\/span><\/span><span style=\"color: #000000;\"><span style=\"font-size: medium;\"><span lang=\"fr-FR\"> Guti\u00e9rrez aime tant ajouter la lettre \u00ab\u00a0x\u00a0\u00bb dans les mots\u00a0: elle repr\u00e9sente la variable inconnue, qui peut \u00eatre litt\u00e9ralement n\u2019importe quoi, un concept vraiment r\u00e9volutionnaire. Elle cite m\u00eame le nom d\u2019un c\u00e9l\u00e8bre r\u00e9volutionnaire nationaliste noir pour appuyer cette id\u00e9e \u2014 c\u2019est <\/span><\/span><\/span><span style=\"color: #000000;\"><span style=\"font-size: medium;\"><span lang=\"fr-FR\">exact<\/span><\/span><\/span><span style=\"color: #000000;\"><span style=\"font-size: medium;\"><span lang=\"fr-FR\">, \u00ab\u00a0Malcolm X\u00a0\u00bb \u00e9tait en fait \u00ab\u00a0Malcolm Alg\u00e8bre\u00a0\u00bb.<\/span><\/span><\/span><\/p>\n<p class=\"western\" align=\"justify\"><span style=\"color: #000000;\"><span style=\"font-size: medium;\"><span lang=\"fr-FR\">\u00ab\u00a0Les versions actuelles de ce qui est consid\u00e9r\u00e9 comme \u201cbeau\u201d en math\u00e9matiques tendent \u00e0 ne pas refl\u00e9ter la diversit\u00e9 de notre monde. Au contraire, elles ont tendance \u00e0 se rapporter \u00e0 la v\u00e9rit\u00e9\u2026 impliquant des universaux plut\u00f4t que l\u2019unicit\u00e9\/l\u2019expression qui s\u2019alignerait sur la performance ou une pluralit\u00e9 d\u2019\u00e9pist\u00e9mologies.\u00a0\u00bb Imaginez un monde dans lequel chaque enfant de la classe donne une r\u00e9ponse diff\u00e9rente \u00e0 la m\u00eame somme, et cela ne signifie plus qu\u2019ils ont \u00e9t\u00e9 enseign\u00e9s de mani\u00e8re inepte par un fou d\u2019extr\u00eame gauche, mais est au contraire joyeusement accueilli comme un exemple de diversit\u00e9 math\u00e9matique en action\u00a0! Est-ce vraiment ce que Guti\u00e9rrez entend par l\u00e0\u00a0? Difficile \u00e0 dire, car son essai est r\u00e9dig\u00e9 dans un langage acad\u00e9mique woke fluide, c\u2019est-\u00e0-dire un charabia ind\u00e9chiffrable quasi-marxiste.<\/span><\/span><\/span><\/p>\n<p class=\"western\" align=\"justify\"><span style=\"color: #000000;\"><span style=\"font-size: medium;\"><span lang=\"fr-FR\">Quoi qu\u2019il en soit, si l\u2019h\u00e9ritage malveillant du colonialisme blanc pouvait seulement cesser de supprimer leurs formes uniques d\u2019ethnomath<\/span><\/span><\/span><span style=\"color: #000000;\"><span style=\"font-size: medium;\"><span lang=\"fr-FR\">e<\/span><\/span><\/span><span style=\"color: #000000;\"><span style=\"font-size: medium;\"><span lang=\"fr-FR\">mat<\/span><\/span><\/span><span style=\"color: #000000;\"><span style=\"font-size: medium;\"><span lang=\"fr-FR\">x<\/span><\/span><\/span><span style=\"color: #000000;\"><span style=\"font-size: medium;\"><span lang=\"fr-FR\">, qui sait quelles merveilles num\u00e9riques les \u00e9tudiants non blancs nouvellement lib\u00e9r\u00e9s pourraient r\u00e9aliser, \u00ab\u00a0dans cet univers ou dans d\u2019autres\u00a0\u00bb\u00a0?<\/span><\/span><\/span><\/p>\n<p class=\"western\" align=\"justify\"><b><span style=\"color: #000000;\"><span style=\"font-size: medium;\"><span lang=\"fr-FR\">Une r\u00e9volution dans l\u2019apprentissage<\/span><\/span><\/span><\/b><\/p>\n<p class=\"western\" align=\"justify\"><span style=\"color: #000000;\"><span style=\"font-size: medium;\"><span lang=\"fr-FR\">\u00ab\u00a0Pour moi, mathematx est une d\u00e9claration politique visant \u00e0 r\u00e9cup\u00e9rer les personnes qui ont \u00e9t\u00e9 perdues lorsque les humains sont rest\u00e9s au centre\u00a0\u00bb, d\u00e9clare Guti\u00e9rrez. Les \u00e9l\u00e8ves apprendront \u00e0 \u00ab\u00a0reconna\u00eetre la violence qui se justifie lorsque certains sont consid\u00e9r\u00e9s comme plus humains que d\u2019autres\u00a0\u00bb. Cela signifie-t-il qu\u2019une r\u00e9volution mondiale \u00e0 base de l\u00e9gumes, de c\u00e9r\u00e9ales ou de fruits pourrait un jour se produire\u00a0? La Terre d\u2019aujourd\u2019hui, maladivement domin\u00e9e par l\u2019homme, deviendra-t-elle un jour la plan\u00e8te d<\/span><\/span><\/span><span style=\"color: #000000;\"><span style=\"font-size: medium;\"><span lang=\"fr-FR\">u<\/span><\/span><\/span><span style=\"color: #000000;\"><span style=\"font-size: medium;\"><span lang=\"fr-FR\"> raisin\u00a0?<\/span><\/span><\/span><\/p>\n<p class=\"western\" align=\"justify\"><span style=\"color: #000000;\"><span style=\"font-size: medium;\"><span lang=\"fr-FR\">Pas n\u00e9cessairement, mais enseigner \u00e0 des jeunes impressionnables que les choux peuvent \u00ab\u00a0<\/span><\/span><\/span><span style=\"color: #000000;\"><span style=\"font-size: medium;\"><span lang=\"fr-FR\">performe<\/span><\/span><\/span><span style=\"color: #000000;\"><span style=\"font-size: medium;\"><span lang=\"fr-FR\">r\u00a0\u00bb des fractales pourrait contribuer \u00e0 favoriser une r\u00e9volution politique d\u2019un autre type, tout \u00e0 fait plus humain<\/span><\/span><\/span><span style=\"color: #000000;\"><span style=\"font-size: medium;\"><span lang=\"fr-FR\">e<\/span><\/span><\/span><span style=\"color: #000000;\"><span style=\"font-size: medium;\"><span lang=\"fr-FR\"> et de gauche, car cela <\/span><\/span><\/span><span style=\"color: #000000;\"><span style=\"font-size: medium;\"><span lang=\"fr-FR\">aide<\/span><\/span><\/span><span style=\"color: #000000;\"><span style=\"font-size: medium;\"><span lang=\"fr-FR\">ra <\/span><\/span><\/span><span style=\"color: #000000;\"><span style=\"font-size: medium;\"><span lang=\"fr-FR\">\u00e0 \u00e9tablir <\/span><\/span><\/span><span style=\"color: #000000;\"><span style=\"font-size: medium;\"><span lang=\"fr-FR\">un parall\u00e8le politique d\u00e9ment \u00e9tabli par des enseignants activistes entre l\u2019exploitation colonialiste des cultures et celle des humains indig\u00e8nes non-blancs\u00a0: \u00ab\u00a0Comme les Indiens d\u2019Am\u00e9rique qui ont \u00e9t\u00e9 d\u00e9pouill\u00e9s de leurs terres et de leurs communaut\u00e9s et forc\u00e9s de vivre dans des internats, les plantes sont arrach\u00e9es \u00e0 leurs familles et forc\u00e9es de s\u2019assimiler aux modes de vie occidentaux (par exemple, pour devenir des jardins de banlieue). Oui, cette fem<\/span><\/span><\/span><span style=\"color: #000000;\"><span style=\"font-size: medium;\"><span lang=\"fr-FR\">xn (<\/span><\/span><\/span><span style=\"color: #000000;\"><span style=\"font-size: medium;\"><span lang=\"fr-FR\"><i>womxn<\/i><\/span><\/span><\/span><span style=\"color: #000000;\"><span style=\"font-size: medium;\"><span lang=\"fr-FR\">)<\/span><\/span><\/span> <span style=\"color: #000000;\"><span style=\"font-size: medium;\"><span lang=\"fr-FR\"><i>devrait<\/i><\/span><\/span><\/span><span style=\"color: #000000;\"><span style=\"font-size: medium;\"><span lang=\"fr-FR\"> vraiment travailler \u00e0 Kew ces jours-ci.<\/span><\/span><\/span><\/p>\n<p class=\"western\" align=\"justify\"><span style=\"color: #000000;\"><span style=\"font-size: medium;\"><span lang=\"fr-FR\">Comme toutes les autres mati\u00e8res de nos programmes occidentaux <a href=\"https:\/\/europeanconservative.com\/articles\/essay\/the-abuses-of-literacy-paulo-freires-marxist-redefinition-of-knowledge-as-ignorance\/\" target=\"_blank\" rel=\"noopener\">de plus en plus politis\u00e9s<\/a>, les math\u00e9matiques sont manifestement appel\u00e9es \u00e0 devenir un nouveau vecteur de l\u2019agit-prop gauchiste.<\/span><\/span><\/span><\/p>\n<p class=\"western\" align=\"justify\"><span style=\"color: #000000;\"><span style=\"font-size: medium;\"><span lang=\"fr-FR\">L\u2019une des id\u00e9es les plus influentes de Judith Butler, la th\u00e9oricienne des \u00e9tudes de genre dont les travaux ont inspir\u00e9 Rochelle Guti\u00e9rrez, est celle de la \u00ab\u00a0<a href=\"https:\/\/newrepublic.com\/article\/150687\/professor-parody\" target=\"_blank\" rel=\"noopener\">politique de la parodie<\/a>\u00a0\u00bb, qui consiste \u00e0 d\u00e9construire de force un concept existant ou une institution sociale en en faisant une sorte de blague parodique, tout comme la notion de \u00ab\u00a0femme\u00a0\u00bb peut \u00eatre parodi\u00e9e avec succ\u00e8s \u00e0 travers la figure caricaturale d\u2019une drag-queen \u2014 et c\u2019est certainement ce que le disciple latin<\/span><\/span><\/span><span style=\"color: #000000;\"><span style=\"font-size: medium;\"><span lang=\"fr-FR\">x<\/span><\/span><\/span><span style=\"color: #000000;\"><span style=\"font-size: medium;\"><span lang=\"fr-FR\"> du 21<\/span><\/span><\/span><span style=\"color: #000000;\"><sup><span style=\"font-size: medium;\"><span lang=\"fr-FR\">e\u00a0<\/span><\/span><\/sup><\/span><span style=\"color: #000000;\"><span style=\"font-size: medium;\"><span lang=\"fr-FR\">si\u00e8cle de Butler a contribu\u00e9 \u00e0 d\u00e9velopper ici, une simple parodie du concept de math\u00e9matiques.<\/span><\/span><\/span><\/p>\n<p class=\"western\" align=\"justify\"><span style=\"color: #000000;\"><span style=\"font-size: medium;\"><span lang=\"fr-FR\">La derni\u00e8re section de l\u2019article de Guti\u00e9rrez de 2017 sugg\u00e8re sp\u00e9cifiquement que les enfants soient \u00ab\u00a0d\u00e9sappris\u00a0\u00bb <\/span><\/span><\/span><span style=\"color: #000000;\"><span style=\"font-size: medium;\"><span lang=\"fr-FR\">de <\/span><\/span><\/span><span style=\"color: #000000;\"><span style=\"font-size: medium;\"><span lang=\"fr-FR\">toute math\u00e9matique r\u00e9elle qu\u2019ils pourraient d\u00e9j\u00e0 <\/span><\/span><\/span><span style=\"color: #000000;\"><span style=\"font-size: medium;\"><span lang=\"fr-FR\">savoir<\/span><\/span><\/span><span style=\"color: #000000;\"><span style=\"font-size: medium;\"><span lang=\"fr-FR\"> en arrivant \u00e0 l\u2019\u00e9cole, ou comme elle pr\u00e9f\u00e8re le dire, \u00ab\u00a0les \u00e9l\u00e8ves auraient l\u2019occasion de d\u00e9sapprendre leur arrogance \u00e9pist\u00e9mologique\u00a0\u00bb en classe. Et les enfants qui ne savent pas additionner ne devraient jamais \u00eatre r\u00e9primand\u00e9s, car \u00ab\u00a0l\u2019ignorance n\u2019est peut-\u00eatre pas seulement un manque de connaissances, mais un refus actif de savoir parce que cela perturbe les croyances ant\u00e9rieures. Si nous commen\u00e7ons t\u00f4t avec les jeunes apprenants, il peut \u00eatre plus facile de perturber ce que les humains en sont venus \u00e0 consid\u00e9rer comme normal dans la pratique des math\u00e9matiques\u00a0\u00bb &#8211; la capacit\u00e9 \u00e0 les effectuer correctement en premier lieu, par exemple.<\/span><\/span><\/span><\/p>\n<p class=\"western\" align=\"justify\"><span style=\"color: #000000;\"><span style=\"font-size: medium;\"><span lang=\"fr-FR\">Dans l\u2019\u00e9trange futur math\u00e9matique de notre esp\u00e8ce, pourquoi ai-je la nette impression que la r\u00e9ponse correcte \u00e0 chaque somme sera finalement \u00ab\u00a01984\u00a0\u00bb\u00a0?<\/span><\/span><\/span><\/p>\n<p class=\"western\" align=\"justify\"><b><span style=\"color: #000000;\"><span style=\"font-size: medium;\"><span lang=\"fr-FR\">Steven Tucker est journaliste et auteur de plus de 10\u00a0livres, le dernier \u00e9tant <\/span><\/span><\/span><a href=\"https:\/\/www.amazon.fr\/Hitlers-Stalins-Misuse-Science-Fiction-ebook\/dp\/B0CKXBP1MX\/ref=sr_1_1?__mk_fr_FR=%C3%85M%C3%85%C5%BD%C3%95%C3%91&amp;keywords=Hitler%27s+and+Stalin%E2%80%99s+Misuse+of+Science&amp;s=books&amp;sr=1-1\" target=\"_blank\" rel=\"noopener\"><span style=\"color: #000000;\"><span style=\"font-size: medium;\"><span lang=\"fr-FR\"><i>Hitler&rsquo;s and Stalin\u2019s Misuse of Science\u00a0: When Science Fiction Was Turned Into Science Fact by the Nazis and the Soviets<\/i><\/span><\/span><\/span><\/a><span style=\"color: #000000;\"><span style=\"font-size: medium;\"><span lang=\"fr-FR\">, qui vient de para\u00eetre.<\/span><\/span><\/span><\/b><\/p>\n<p class=\"western\" align=\"justify\"><span style=\"color: #000000;\"><span style=\"font-size: medium;\"><span lang=\"fr-FR\">Texte original\u00a0: <a href=\"https:\/\/dailysceptic.org\/2023\/11\/03\/in-woke-mathematics-there-is-no-wrong-answer\/\" target=\"_blank\" rel=\"noopener\">https:\/\/dailysceptic.org\/2023\/11\/03\/in-woke-mathematics-there-is-no-wrong-answer\/<\/a><\/span><\/span><\/span><\/p>\n<p align=\"justify\">___________________________________________<\/p>\n<div id=\"sdfootnote1\">\n<p class=\"sdfootnote-western\" align=\"justify\"><span style=\"font-size: medium;\"><a class=\"sdfootnotesym\" href=\"#sdfootnote1anc\" name=\"sdfootnote1sym\">1<\/a> NDT Appellation nouvelle pour les personnes dont le genre n\u2019est ni masculin (\u00ab\u00a0Mr\u00a0\u00bb) ni f\u00e9minin (\u00ab\u00a0Mme, Mlle\u00a0\u00bb).<\/span><\/p>\n<\/div>\n<div id=\"sdfootnote2\">\n<p class=\"sdfootnote-western\" align=\"justify\"><span style=\"font-size: medium;\"><a class=\"sdfootnotesym\" href=\"#sdfootnote2anc\" name=\"sdfootnote2sym\">2<\/a> NDT Latinx sont les latinos non-genr\u00e9s.<\/span><\/p>\n<\/div>\n<div id=\"sdfootnote3\">\n<p class=\"sdfootnote-western\" align=\"justify\"><span style=\"font-size: medium;\"><a class=\"sdfootnotesym\" href=\"#sdfootnote3anc\" name=\"sdfootnote3sym\">3<\/a> Le math\u00e9maticien ni genre, ni esp\u00e8ce\u2026<\/span><\/p>\n<\/div>\n<div id=\"sdfootnote4\">\n<p class=\"sdfootnote-western\" align=\"justify\"><span style=\"font-size: medium;\"><a class=\"sdfootnotesym\" href=\"#sdfootnote4anc\" name=\"sdfootnote4sym\">4<\/a> NDT Dans le texte, les mots performatif, performance, performer soulignent un r\u00f4le mis en acte.<\/span><\/p>\n<\/div>\n","protected":false},"excerpt":{"rendered":"<p>Traduction libre 03\/11\/2023 Les math\u00e9matiques ont toujours \u00e9t\u00e9 l\u2019un des domaines les plus difficiles du programme scolaire\u00a0: quels que soient les efforts d\u00e9ploy\u00e9s, certains enfants ne comprennent tout simplement pas. C\u2019est pourquoi, au fil des ans, les \u00e9ducateurs ont eu recours \u00e0 un grand nombre de strat\u00e9gies compensatoires innovantes, allant des jeux de chiffres amusants [&hellip;]<\/p>\n","protected":false},"author":2,"featured_media":19606,"comment_status":"closed","ping_status":"closed","sticky":false,"template":"","format":"standard","meta":{"footnotes":""},"categories":[1540,1789],"tags":[1764,1128,1780],"class_list":["post-19605","post","type-post","status-publish","format-standard","has-post-thumbnail","hentry","category-actualite","category-tucker-steven","tag-erreur-de-raisonnement","tag-mathematiques","tag-wokisme"],"yoast_head":"<!-- This site is optimized with the Yoast SEO plugin v27.0 - https:\/\/yoast.com\/product\/yoast-seo-wordpress\/ -->\n<title>Dans les Math\u00e9matiques wokes, il n\u2019y a pas de mauvaise r\u00e9ponse par Steven Tucker - 3e mill\u00e9naire - Spiritualit\u00e9 - Connaissance de soi - Non-dualit\u00e9 - M\u00e9ditation<\/title>\n<meta name=\"robots\" content=\"index, follow, max-snippet:-1, max-image-preview:large, max-video-preview:-1\" \/>\n<link rel=\"canonical\" href=\"https:\/\/www.revue3emillenaire.com\/blog\/dans-les-mathematiques-wokes-il-ny-a-pas-de-mauvaise-reponse-par-steven-tucker\/\" \/>\n<meta property=\"og:locale\" content=\"fr_FR\" \/>\n<meta property=\"og:type\" content=\"article\" \/>\n<meta property=\"og:title\" content=\"Dans les Math\u00e9matiques wokes, il n\u2019y a pas de mauvaise r\u00e9ponse par Steven Tucker - 3e mill\u00e9naire - Spiritualit\u00e9 - Connaissance de soi - Non-dualit\u00e9 - M\u00e9ditation\" \/>\n<meta property=\"og:description\" content=\"Traduction libre 03\/11\/2023 Les math\u00e9matiques ont toujours \u00e9t\u00e9 l\u2019un des domaines les plus difficiles du programme scolaire\u00a0: quels que soient les efforts d\u00e9ploy\u00e9s, certains enfants ne comprennent tout simplement pas. C\u2019est pourquoi, au fil des ans, les \u00e9ducateurs ont eu recours \u00e0 un grand nombre de strat\u00e9gies compensatoires innovantes, allant des jeux de chiffres amusants [&hellip;]\" \/>\n<meta property=\"og:url\" content=\"https:\/\/www.revue3emillenaire.com\/blog\/dans-les-mathematiques-wokes-il-ny-a-pas-de-mauvaise-reponse-par-steven-tucker\/\" \/>\n<meta property=\"og:site_name\" content=\"3e mill\u00e9naire - Spiritualit\u00e9 - Connaissance de soi - Non-dualit\u00e9 - M\u00e9ditation\" \/>\n<meta property=\"article:published_time\" content=\"2023-11-07T02:08:53+00:00\" \/>\n<meta property=\"article:modified_time\" content=\"2023-11-15T21:39:41+00:00\" \/>\n<meta property=\"og:image\" content=\"https:\/\/www.revue3emillenaire.com\/blog\/wp-content\/uploads\/2023\/11\/mathwoke.jpg\" \/>\n\t<meta property=\"og:image:width\" content=\"434\" \/>\n\t<meta property=\"og:image:height\" content=\"290\" \/>\n\t<meta property=\"og:image:type\" content=\"image\/jpeg\" \/>\n<meta name=\"author\" content=\"3e mill\u00e9naire\" \/>\n<meta name=\"twitter:card\" content=\"summary_large_image\" \/>\n<meta name=\"twitter:label1\" content=\"\u00c9crit par\" \/>\n\t<meta name=\"twitter:data1\" content=\"3e mill\u00e9naire\" \/>\n\t<meta name=\"twitter:label2\" content=\"Dur\u00e9e de lecture estim\u00e9e\" \/>\n\t<meta name=\"twitter:data2\" content=\"11 minutes\" \/>\n<script type=\"application\/ld+json\" class=\"yoast-schema-graph\">{\"@context\":\"https:\/\/schema.org\",\"@graph\":[{\"@type\":\"Article\",\"@id\":\"https:\/\/www.revue3emillenaire.com\/blog\/dans-les-mathematiques-wokes-il-ny-a-pas-de-mauvaise-reponse-par-steven-tucker\/#article\",\"isPartOf\":{\"@id\":\"https:\/\/www.revue3emillenaire.com\/blog\/dans-les-mathematiques-wokes-il-ny-a-pas-de-mauvaise-reponse-par-steven-tucker\/\"},\"author\":{\"name\":\"3e mill\u00e9naire\",\"@id\":\"https:\/\/www.revue3emillenaire.com\/blog\/#\/schema\/person\/b692dacff720a5344a6190bc714397eb\"},\"headline\":\"Dans les Math\u00e9matiques wokes, il n\u2019y a pas de mauvaise r\u00e9ponse par Steven Tucker\",\"datePublished\":\"2023-11-07T02:08:53+00:00\",\"dateModified\":\"2023-11-15T21:39:41+00:00\",\"mainEntityOfPage\":{\"@id\":\"https:\/\/www.revue3emillenaire.com\/blog\/dans-les-mathematiques-wokes-il-ny-a-pas-de-mauvaise-reponse-par-steven-tucker\/\"},\"wordCount\":2497,\"image\":{\"@id\":\"https:\/\/www.revue3emillenaire.com\/blog\/dans-les-mathematiques-wokes-il-ny-a-pas-de-mauvaise-reponse-par-steven-tucker\/#primaryimage\"},\"thumbnailUrl\":\"https:\/\/www.revue3emillenaire.com\/blog\/wp-content\/uploads\/2023\/11\/mathwoke.jpg\",\"keywords\":[\"Erreur de raisonnement\",\"Math\u00e9matiques\",\"Wokisme\"],\"articleSection\":[\"Actualit\u00e9s\",\"Tucker Steven\"],\"inLanguage\":\"fr-FR\"},{\"@type\":\"WebPage\",\"@id\":\"https:\/\/www.revue3emillenaire.com\/blog\/dans-les-mathematiques-wokes-il-ny-a-pas-de-mauvaise-reponse-par-steven-tucker\/\",\"url\":\"https:\/\/www.revue3emillenaire.com\/blog\/dans-les-mathematiques-wokes-il-ny-a-pas-de-mauvaise-reponse-par-steven-tucker\/\",\"name\":\"Dans les Math\u00e9matiques wokes, il n\u2019y a pas de mauvaise r\u00e9ponse par Steven Tucker - 3e mill\u00e9naire - Spiritualit\u00e9 - Connaissance de soi - Non-dualit\u00e9 - M\u00e9ditation\",\"isPartOf\":{\"@id\":\"https:\/\/www.revue3emillenaire.com\/blog\/#website\"},\"primaryImageOfPage\":{\"@id\":\"https:\/\/www.revue3emillenaire.com\/blog\/dans-les-mathematiques-wokes-il-ny-a-pas-de-mauvaise-reponse-par-steven-tucker\/#primaryimage\"},\"image\":{\"@id\":\"https:\/\/www.revue3emillenaire.com\/blog\/dans-les-mathematiques-wokes-il-ny-a-pas-de-mauvaise-reponse-par-steven-tucker\/#primaryimage\"},\"thumbnailUrl\":\"https:\/\/www.revue3emillenaire.com\/blog\/wp-content\/uploads\/2023\/11\/mathwoke.jpg\",\"datePublished\":\"2023-11-07T02:08:53+00:00\",\"dateModified\":\"2023-11-15T21:39:41+00:00\",\"author\":{\"@id\":\"https:\/\/www.revue3emillenaire.com\/blog\/#\/schema\/person\/b692dacff720a5344a6190bc714397eb\"},\"breadcrumb\":{\"@id\":\"https:\/\/www.revue3emillenaire.com\/blog\/dans-les-mathematiques-wokes-il-ny-a-pas-de-mauvaise-reponse-par-steven-tucker\/#breadcrumb\"},\"inLanguage\":\"fr-FR\",\"potentialAction\":[{\"@type\":\"ReadAction\",\"target\":[\"https:\/\/www.revue3emillenaire.com\/blog\/dans-les-mathematiques-wokes-il-ny-a-pas-de-mauvaise-reponse-par-steven-tucker\/\"]}]},{\"@type\":\"ImageObject\",\"inLanguage\":\"fr-FR\",\"@id\":\"https:\/\/www.revue3emillenaire.com\/blog\/dans-les-mathematiques-wokes-il-ny-a-pas-de-mauvaise-reponse-par-steven-tucker\/#primaryimage\",\"url\":\"https:\/\/www.revue3emillenaire.com\/blog\/wp-content\/uploads\/2023\/11\/mathwoke.jpg\",\"contentUrl\":\"https:\/\/www.revue3emillenaire.com\/blog\/wp-content\/uploads\/2023\/11\/mathwoke.jpg\",\"width\":434,\"height\":290},{\"@type\":\"BreadcrumbList\",\"@id\":\"https:\/\/www.revue3emillenaire.com\/blog\/dans-les-mathematiques-wokes-il-ny-a-pas-de-mauvaise-reponse-par-steven-tucker\/#breadcrumb\",\"itemListElement\":[{\"@type\":\"ListItem\",\"position\":1,\"name\":\"Accueil\",\"item\":\"https:\/\/www.revue3emillenaire.com\/blog\/\"},{\"@type\":\"ListItem\",\"position\":2,\"name\":\"Dans les Math\u00e9matiques wokes, il n\u2019y a pas de mauvaise r\u00e9ponse par Steven Tucker\"}]},{\"@type\":\"WebSite\",\"@id\":\"https:\/\/www.revue3emillenaire.com\/blog\/#website\",\"url\":\"https:\/\/www.revue3emillenaire.com\/blog\/\",\"name\":\"3e mill\u00e9naire - Spiritualit\u00e9 - Connaissance de soi - Non-dualit\u00e9 - M\u00e9ditation\",\"description\":\"L&#039;Homme en devenir\",\"potentialAction\":[{\"@type\":\"SearchAction\",\"target\":{\"@type\":\"EntryPoint\",\"urlTemplate\":\"https:\/\/www.revue3emillenaire.com\/blog\/?s={search_term_string}\"},\"query-input\":{\"@type\":\"PropertyValueSpecification\",\"valueRequired\":true,\"valueName\":\"search_term_string\"}}],\"inLanguage\":\"fr-FR\"},{\"@type\":\"Person\",\"@id\":\"https:\/\/www.revue3emillenaire.com\/blog\/#\/schema\/person\/b692dacff720a5344a6190bc714397eb\",\"name\":\"3e mill\u00e9naire\",\"url\":\"https:\/\/www.revue3emillenaire.com\/blog\/author\/scoussa\/\"}]}<\/script>\n<!-- \/ Yoast SEO plugin. -->","yoast_head_json":{"title":"Dans les Math\u00e9matiques wokes, il n\u2019y a pas de mauvaise r\u00e9ponse par Steven Tucker - 3e mill\u00e9naire - Spiritualit\u00e9 - Connaissance de soi - Non-dualit\u00e9 - M\u00e9ditation","robots":{"index":"index","follow":"follow","max-snippet":"max-snippet:-1","max-image-preview":"max-image-preview:large","max-video-preview":"max-video-preview:-1"},"canonical":"https:\/\/www.revue3emillenaire.com\/blog\/dans-les-mathematiques-wokes-il-ny-a-pas-de-mauvaise-reponse-par-steven-tucker\/","og_locale":"fr_FR","og_type":"article","og_title":"Dans les Math\u00e9matiques wokes, il n\u2019y a pas de mauvaise r\u00e9ponse par Steven Tucker - 3e mill\u00e9naire - Spiritualit\u00e9 - Connaissance de soi - Non-dualit\u00e9 - M\u00e9ditation","og_description":"Traduction libre 03\/11\/2023 Les math\u00e9matiques ont toujours \u00e9t\u00e9 l\u2019un des domaines les plus difficiles du programme scolaire\u00a0: quels que soient les efforts d\u00e9ploy\u00e9s, certains enfants ne comprennent tout simplement pas. C\u2019est pourquoi, au fil des ans, les \u00e9ducateurs ont eu recours \u00e0 un grand nombre de strat\u00e9gies compensatoires innovantes, allant des jeux de chiffres amusants [&hellip;]","og_url":"https:\/\/www.revue3emillenaire.com\/blog\/dans-les-mathematiques-wokes-il-ny-a-pas-de-mauvaise-reponse-par-steven-tucker\/","og_site_name":"3e mill\u00e9naire - Spiritualit\u00e9 - Connaissance de soi - Non-dualit\u00e9 - M\u00e9ditation","article_published_time":"2023-11-07T02:08:53+00:00","article_modified_time":"2023-11-15T21:39:41+00:00","og_image":[{"width":434,"height":290,"url":"https:\/\/www.revue3emillenaire.com\/blog\/wp-content\/uploads\/2023\/11\/mathwoke.jpg","type":"image\/jpeg"}],"author":"3e mill\u00e9naire","twitter_card":"summary_large_image","twitter_misc":{"\u00c9crit par":"3e mill\u00e9naire","Dur\u00e9e de lecture estim\u00e9e":"11 minutes"},"schema":{"@context":"https:\/\/schema.org","@graph":[{"@type":"Article","@id":"https:\/\/www.revue3emillenaire.com\/blog\/dans-les-mathematiques-wokes-il-ny-a-pas-de-mauvaise-reponse-par-steven-tucker\/#article","isPartOf":{"@id":"https:\/\/www.revue3emillenaire.com\/blog\/dans-les-mathematiques-wokes-il-ny-a-pas-de-mauvaise-reponse-par-steven-tucker\/"},"author":{"name":"3e mill\u00e9naire","@id":"https:\/\/www.revue3emillenaire.com\/blog\/#\/schema\/person\/b692dacff720a5344a6190bc714397eb"},"headline":"Dans les Math\u00e9matiques wokes, il n\u2019y a pas de mauvaise r\u00e9ponse par Steven Tucker","datePublished":"2023-11-07T02:08:53+00:00","dateModified":"2023-11-15T21:39:41+00:00","mainEntityOfPage":{"@id":"https:\/\/www.revue3emillenaire.com\/blog\/dans-les-mathematiques-wokes-il-ny-a-pas-de-mauvaise-reponse-par-steven-tucker\/"},"wordCount":2497,"image":{"@id":"https:\/\/www.revue3emillenaire.com\/blog\/dans-les-mathematiques-wokes-il-ny-a-pas-de-mauvaise-reponse-par-steven-tucker\/#primaryimage"},"thumbnailUrl":"https:\/\/www.revue3emillenaire.com\/blog\/wp-content\/uploads\/2023\/11\/mathwoke.jpg","keywords":["Erreur de raisonnement","Math\u00e9matiques","Wokisme"],"articleSection":["Actualit\u00e9s","Tucker Steven"],"inLanguage":"fr-FR"},{"@type":"WebPage","@id":"https:\/\/www.revue3emillenaire.com\/blog\/dans-les-mathematiques-wokes-il-ny-a-pas-de-mauvaise-reponse-par-steven-tucker\/","url":"https:\/\/www.revue3emillenaire.com\/blog\/dans-les-mathematiques-wokes-il-ny-a-pas-de-mauvaise-reponse-par-steven-tucker\/","name":"Dans les Math\u00e9matiques wokes, il n\u2019y a pas de mauvaise r\u00e9ponse par Steven Tucker - 3e mill\u00e9naire - Spiritualit\u00e9 - Connaissance de soi - Non-dualit\u00e9 - M\u00e9ditation","isPartOf":{"@id":"https:\/\/www.revue3emillenaire.com\/blog\/#website"},"primaryImageOfPage":{"@id":"https:\/\/www.revue3emillenaire.com\/blog\/dans-les-mathematiques-wokes-il-ny-a-pas-de-mauvaise-reponse-par-steven-tucker\/#primaryimage"},"image":{"@id":"https:\/\/www.revue3emillenaire.com\/blog\/dans-les-mathematiques-wokes-il-ny-a-pas-de-mauvaise-reponse-par-steven-tucker\/#primaryimage"},"thumbnailUrl":"https:\/\/www.revue3emillenaire.com\/blog\/wp-content\/uploads\/2023\/11\/mathwoke.jpg","datePublished":"2023-11-07T02:08:53+00:00","dateModified":"2023-11-15T21:39:41+00:00","author":{"@id":"https:\/\/www.revue3emillenaire.com\/blog\/#\/schema\/person\/b692dacff720a5344a6190bc714397eb"},"breadcrumb":{"@id":"https:\/\/www.revue3emillenaire.com\/blog\/dans-les-mathematiques-wokes-il-ny-a-pas-de-mauvaise-reponse-par-steven-tucker\/#breadcrumb"},"inLanguage":"fr-FR","potentialAction":[{"@type":"ReadAction","target":["https:\/\/www.revue3emillenaire.com\/blog\/dans-les-mathematiques-wokes-il-ny-a-pas-de-mauvaise-reponse-par-steven-tucker\/"]}]},{"@type":"ImageObject","inLanguage":"fr-FR","@id":"https:\/\/www.revue3emillenaire.com\/blog\/dans-les-mathematiques-wokes-il-ny-a-pas-de-mauvaise-reponse-par-steven-tucker\/#primaryimage","url":"https:\/\/www.revue3emillenaire.com\/blog\/wp-content\/uploads\/2023\/11\/mathwoke.jpg","contentUrl":"https:\/\/www.revue3emillenaire.com\/blog\/wp-content\/uploads\/2023\/11\/mathwoke.jpg","width":434,"height":290},{"@type":"BreadcrumbList","@id":"https:\/\/www.revue3emillenaire.com\/blog\/dans-les-mathematiques-wokes-il-ny-a-pas-de-mauvaise-reponse-par-steven-tucker\/#breadcrumb","itemListElement":[{"@type":"ListItem","position":1,"name":"Accueil","item":"https:\/\/www.revue3emillenaire.com\/blog\/"},{"@type":"ListItem","position":2,"name":"Dans les Math\u00e9matiques wokes, il n\u2019y a pas de mauvaise r\u00e9ponse par Steven Tucker"}]},{"@type":"WebSite","@id":"https:\/\/www.revue3emillenaire.com\/blog\/#website","url":"https:\/\/www.revue3emillenaire.com\/blog\/","name":"3e mill\u00e9naire - Spiritualit\u00e9 - Connaissance de soi - Non-dualit\u00e9 - M\u00e9ditation","description":"L&#039;Homme en devenir","potentialAction":[{"@type":"SearchAction","target":{"@type":"EntryPoint","urlTemplate":"https:\/\/www.revue3emillenaire.com\/blog\/?s={search_term_string}"},"query-input":{"@type":"PropertyValueSpecification","valueRequired":true,"valueName":"search_term_string"}}],"inLanguage":"fr-FR"},{"@type":"Person","@id":"https:\/\/www.revue3emillenaire.com\/blog\/#\/schema\/person\/b692dacff720a5344a6190bc714397eb","name":"3e mill\u00e9naire","url":"https:\/\/www.revue3emillenaire.com\/blog\/author\/scoussa\/"}]}},"_links":{"self":[{"href":"https:\/\/www.revue3emillenaire.com\/blog\/wp-json\/wp\/v2\/posts\/19605","targetHints":{"allow":["GET"]}}],"collection":[{"href":"https:\/\/www.revue3emillenaire.com\/blog\/wp-json\/wp\/v2\/posts"}],"about":[{"href":"https:\/\/www.revue3emillenaire.com\/blog\/wp-json\/wp\/v2\/types\/post"}],"author":[{"embeddable":true,"href":"https:\/\/www.revue3emillenaire.com\/blog\/wp-json\/wp\/v2\/users\/2"}],"replies":[{"embeddable":true,"href":"https:\/\/www.revue3emillenaire.com\/blog\/wp-json\/wp\/v2\/comments?post=19605"}],"version-history":[{"count":0,"href":"https:\/\/www.revue3emillenaire.com\/blog\/wp-json\/wp\/v2\/posts\/19605\/revisions"}],"wp:featuredmedia":[{"embeddable":true,"href":"https:\/\/www.revue3emillenaire.com\/blog\/wp-json\/wp\/v2\/media\/19606"}],"wp:attachment":[{"href":"https:\/\/www.revue3emillenaire.com\/blog\/wp-json\/wp\/v2\/media?parent=19605"}],"wp:term":[{"taxonomy":"category","embeddable":true,"href":"https:\/\/www.revue3emillenaire.com\/blog\/wp-json\/wp\/v2\/categories?post=19605"},{"taxonomy":"post_tag","embeddable":true,"href":"https:\/\/www.revue3emillenaire.com\/blog\/wp-json\/wp\/v2\/tags?post=19605"}],"curies":[{"name":"wp","href":"https:\/\/api.w.org\/{rel}","templated":true}]}}