{"id":19611,"date":"2023-11-16T03:29:56","date_gmt":"2023-11-16T02:29:56","guid":{"rendered":"https:\/\/www.revue3emillenaire.com\/blog\/?p=19611"},"modified":"2023-11-16T03:29:56","modified_gmt":"2023-11-16T02:29:56","slug":"letrange-histoire-de-la-propagande-nazie-sur-le-changement-climatique-par-steven-tucker","status":"publish","type":"post","link":"https:\/\/www.revue3emillenaire.com\/blog\/letrange-histoire-de-la-propagande-nazie-sur-le-changement-climatique-par-steven-tucker\/","title":{"rendered":"L\u2019\u00e9trange histoire de la propagande nazie sur le changement climatique par Steven Tucker"},"content":{"rendered":"<p class=\"western\" align=\"justify\"><span style=\"color: #000000;\"><span style=\"font-size: medium;\"><i>Traduction libre<\/i><\/span><\/span><\/p>\n<p class=\"western\" align=\"justify\"><span style=\"color: #000000;\"><span style=\"font-size: medium;\"><span lang=\"fr-FR\">28\/10\/2023<\/span><\/span><\/span><\/p>\n<p class=\"western\" align=\"justify\"><span style=\"color: #000000;\"><span style=\"font-size: medium;\"><span lang=\"fr-FR\">Bien que nous consid\u00e9rions g\u00e9n\u00e9ralement l\u2019hyst\u00e9rie li\u00e9e au changement climatique comme un ph\u00e9nom\u00e8ne typiquement moderne, ce n\u2019est pas vraiment le cas. Des \u00e9lites politiques arrogantes, dictatoriales et totalitaires ont d\u00e9j\u00e0 \u00e9t\u00e9 \u00e9prises de la m\u00eame id\u00e9e de base bien avant \u2014 le parti nazi, par exemple.<\/span><\/span><\/span><\/p>\n<p class=\"western\" align=\"justify\"><span style=\"color: #000000;\"><span style=\"font-size: medium;\"><span lang=\"fr-FR\">On l\u2019a largement oubli\u00e9 aujourd\u2019hui, mais, comme je l\u2019ai d\u00e9couvert en \u00e9crivant mon nouveau livre <\/span><\/span><\/span><span style=\"color: #000000;\"><span style=\"font-size: medium;\"><span lang=\"fr-FR\"><i>Hitler\u2019s &amp; Stalin\u2019s Misuse of Science\u00a0: When Science Fiction Was Turned Into Science Fact by the Nazis and the Soviets<\/i><\/span><\/span><\/span><span style=\"color: #000000;\"><span style=\"font-size: medium;\"><span lang=\"fr-FR\"> (<\/span><\/span><\/span><span style=\"color: #000000;\"><span style=\"font-size: medium;\"><span lang=\"fr-FR\"><i>L\u2019Utilisation Erron\u00e9e de la Science par Hitler et Staline\u00a0: Quand la Science-Fiction Devenait R\u00e9alit\u00e9 Scientifique chez les Nazis et les Sovi\u00e9tiques<\/i><\/span><\/span><\/span><span style=\"color: #000000;\"><span style=\"font-size: medium;\"><span lang=\"fr-FR\">), le parti nazi allemand des ann\u00e9es\u00a01930 et 1940 croyait lui aussi au changement climatique, mais il pensait que le monde se refroidissait inexorablement, et non qu\u2019il se r\u00e9chauffait. En outre, contrairement aux \u00e9lites politiques d\u2019aujourd\u2019hui, ils avaient tendance \u00e0 consid\u00e9rer le changement climatique comme quelque chose de positif, et non de n\u00e9gatif\u00a0: faire face aux rigueurs du gel et de la glace aiderait la race aryenne \u00e0 devenir forte et r\u00e9sistante au milieu des \u00e9tendues glac\u00e9es grandissantes de notre future plan\u00e8te de glace. Cela leur serait certainement utile s\u2019ils essayaient \u00e0 nouveau d\u2019envahir la Russie pendant l\u2019hiver.<\/span><\/span><\/span><\/p>\n<p class=\"western\" align=\"justify\"><span style=\"color: #000000;\"><span style=\"font-size: medium;\"><span lang=\"fr-FR\">La vraie \u00ab\u00a0science\u00a0\u00bb [sic] derri\u00e8re la version nazie du changement climatique est compl\u00e8tement diff\u00e9rente de celle de notre \u00e9poque \u2014 mais, \u00e9trangement, les effets sociaux et politiques de la croyance quasi forc\u00e9e du public en ce ph\u00e9nom\u00e8ne \u00e9taient souvent \u00e9trangement similaires au genre de choses que l\u2019on peut observer aujourd\u2019hui avec notre propre pr\u00e9tendue crise climatique. Personnellement, je ne conteste pas n\u00e9cessairement l\u2019id\u00e9e de base que notre climat change aujourd\u2019hui (il a toujours chang\u00e9), mais plut\u00f4t la superstructure politique douteuse construite par la suite sur cette notion initiale.<\/span><\/span><\/span><\/p>\n<p class=\"western\" align=\"justify\"><span style=\"color: #000000;\"><span style=\"font-size: medium;\"><span lang=\"fr-FR\">L\u2019it\u00e9ration nazie de la m\u00eame escroquerie scientifique de base \u2014 \u00e0 laquelle Hitler lui-m\u00eame croyait fermement \u2014 a \u00e9t\u00e9 baptis\u00e9e <\/span><\/span><\/span><span style=\"color: #000080;\"><u><a href=\"https:\/\/fr.wikipedia.org\/wiki\/Cosmogonie_glaciaire\" target=\"_blank\" rel=\"noopener\"><span style=\"color: #000000;\"><span style=\"font-size: medium;\"><span lang=\"fr-FR\"><i>Welteislehre<\/i><\/span><\/span><\/span><\/a><\/u><\/span><span style=\"color: #000000;\"><span style=\"font-size: medium;\"><span lang=\"fr-FR\"> (WEL), ou \u00ab\u00a0th\u00e9orie de la glace cosmique\u00a0\u00bb. De mani\u00e8re significative, la WEL a \u00e9t\u00e9 pr\u00e9sent\u00e9e non pas comme une simple proposition scientifique, mais comme une v\u00e9ritable <\/span><\/span><\/span><span style=\"color: #000080;\"><u><a href=\"https:\/\/www.mpiwg-berlin.mpg.de\/research\/projects\/DeptIII-ChristinaWessely-Welteislehre\" target=\"_blank\" rel=\"noopener\"><span style=\"color: #000000;\"><span style=\"font-size: medium;\"><span lang=\"fr-FR\"><i>Kosmotechnische Weltanschauung<\/i><\/span><\/span><\/span><\/a><\/u><\/span><span style=\"color: #000000;\"><span style=\"font-size: medium;\"><span lang=\"fr-FR\">, ou \u00ab\u00a0vision cosmotechnique du monde \u2014 une m\u00e9thode compl\u00e8te pour observer le monde naturel \u00e0 travers une lentille id\u00e9ologique fortement d\u00e9form\u00e9e qui fusionnait la pseudoscience, la philosophie, l\u2019arch\u00e9ologie, la religion, la mythologie, la politique et le racisme en une potion enivrante d\u2019\u00ab\u00a0histoire culturelle cosmique\u00a0\u00bb contenant de pures \u00ab\u00a0vitamines de l\u2019\u00e2me\u00a0\u00bb.<\/span><\/span><\/span><\/p>\n<p class=\"western\" align=\"justify\"><span style=\"color: #000000;\"><span style=\"font-size: medium;\"><span lang=\"fr-FR\">La WEL a \u00e9t\u00e9 d\u00e9velopp\u00e9e par un ing\u00e9nieur autrichien devenu proph\u00e8te et portant une barbe \u00e9pique, <\/span><\/span><\/span><span style=\"color: #000080;\"><u><a href=\"https:\/\/fr.wikipedia.org\/wiki\/Hans_H%C3%B6rbiger\" target=\"_blank\" rel=\"noopener\"><span style=\"color: #000000;\"><span style=\"font-size: medium;\"><span lang=\"fr-FR\">Hanns H\u00f6rbiger<\/span><\/span><\/span><\/a><\/u><\/span><span style=\"color: #000000;\"><span style=\"font-size: medium;\"><span lang=\"fr-FR\"> (1860-1931), qui refusait obstin\u00e9ment d\u2019accepter l\u2019existence des \u00e9toiles. Selon lui, les \u00e9toiles apparentes, telles que celles qui brillent dans notre \u00ab\u00a0soi-disant Voie lact\u00e9e\u00a0\u00bb, \u00e9taient en fait une illusion d\u2019optique caus\u00e9e par la lumi\u00e8re provenant de quelques soleils authentiques tr\u00e8s \u00e9loign\u00e9s, se refl\u00e9tant sur un gigantesque mur de blocs de glace de la taille d\u2019une plan\u00e8te entourant l\u2019ensemble de notre syst\u00e8me solaire, tels des icebergs flottant sur l\u2019oc\u00e9an de l\u2019espace-temps.<\/span><\/span><\/span><\/p>\n<p class=\"western\" align=\"justify\"><span style=\"color: #000000;\"><span style=\"font-size: medium;\"><span lang=\"fr-FR\">D\u2019o\u00f9 viennent ces icebergs\u00a0? Il y a des milliards d\u2019ann\u00e9es, dans la Constellation de la colombe, se trouvait un gigantesque super soleil, des millions de fois plus grand que le n\u00f4tre, autour duquel gravitait une super plan\u00e8te tout aussi gigantesque, recouverte d\u2019une couche de glace de plusieurs centaines de kilom\u00e8tres d\u2019\u00e9paisseur. Lorsque son orbite s\u2019est d\u00e9grad\u00e9e, cette plan\u00e8te de glace est tomb\u00e9e dans le super soleil et a fondu, \u00e9mettant des jets de vapeur surpuissante. Le soleil a ensuite explos\u00e9, vomissant des masses colossales de magma surchauff\u00e9 qui ont refroidi et se sont solidifi\u00e9es pour former les plan\u00e8tes bien-aim\u00e9es de notre syst\u00e8me solaire actuel. Mars, qui n\u2019est gu\u00e8re plus qu\u2019un gigantesque bloc de glace, passera un jour si pr\u00e8s de la Terre qu\u2019elle absorbera notre atmosph\u00e8re, la transformant en une boule de neige sans vie.<\/span><\/span><\/span><\/p>\n<p class=\"western\" align=\"justify\"><span style=\"color: #000000;\"><span style=\"font-size: medium;\"><span lang=\"fr-FR\">Parfaitement positionn\u00e9e entre le feu et la glace, la Terre \u00e9tait actuellement le seul monde non gel\u00e9 existant, une plan\u00e8te id\u00e9ale. \u00c0 l\u2019origine, notre syst\u00e8me solaire comptait une trentaine de plan\u00e8tes, mais les plus petites s\u2019\u00e9taient ins\u00e9r\u00e9es dans l\u2019orbite des plus grandes, devenant des lunes de glace\u00a0; les anneaux de Saturne \u00e9taient les restes bris\u00e9s d\u2019un de ces corps lunaires. Finalement, les orbites de toutes les plan\u00e8tes se d\u00e9sint\u00e9greront jusqu\u2019\u00e0 ce qu\u2019elles entrent en spirale dans le Soleil, le faisant exploser, et tout le cycle du feu et de la glace recommencera.<\/span><\/span><\/span><\/p>\n<p class=\"western\" align=\"justify\"><span style=\"color: #000000;\"><span style=\"font-size: medium;\"><span lang=\"fr-FR\">D\u2019\u00e9normes nuages d\u2019oxyg\u00e8ne ont \u00e9galement \u00e9t\u00e9 expuls\u00e9s de l\u2019explosion solaire originelle, r\u00e9agissant avec les couches \u00e9th\u00e9riques d\u2019hydrog\u00e8ne latent, cr\u00e9ant des oc\u00e9ans entiers d\u2019eau spatiale qui ont ensuite gel\u00e9 pour former ces rochers spatiaux dans le vide glacial de l\u2019univers. De temps en temps, un de ces glaciers spatiaux se d\u00e9tache, flottant dans le champ gravitationnel de notre soleil, provoquant des averses de gr\u00eale sur Terre avant d\u2019\u00e9clabousser le soleil, cr\u00e9ant une tache solaire, a d\u00e9clar\u00e9 Hanns.<\/span><\/span><\/span><\/p>\n<p class=\"western\" align=\"justify\"><span style=\"color: #000000;\"><span style=\"font-size: medium;\"><span lang=\"fr-FR\">En attendant<\/span><\/span><\/span><span style=\"color: #000000;\"><span style=\"font-size: medium;\"><span lang=\"fr-FR\">, notre lune actuelle \u2014 le sixi\u00e8me satellite de la Terre, apparemment \u2014 accumule continuellement \u00e0 sa surface de plus en plus de mat\u00e9riaux gel\u00e9s, rejet\u00e9s par les <\/span><\/span><\/span><span style=\"color: #000000;\"><span style=\"font-size: medium;\"><span lang=\"fr-FR\">espaces-<\/span><\/span><\/span><span style=\"color: #000000;\"><span style=\"font-size: medium;\"><span lang=\"fr-FR\">bergs, au point qu\u2019elle finira par s\u2019enfoncer violemment sur Terre. D\u2019autres lunes de glace plus petites se sont pr\u00e9cipit\u00e9es vers la Terre il y a des milliers d\u2019ann\u00e9es, dont la derni\u00e8re, la lune \u00ab\u00a0tertiaire\u00a0\u00bb ou \u00ab\u00a0c\u00e9nozo\u00efque\u00a0\u00bb, a d\u00e9truit l\u2019Atlantide, provoquant \u00e9galement le grand d\u00e9luge biblique et le cr\u00e9puscule des dieux de l\u2019ancien mythe nordique. Les mar\u00e9es tr\u00e8s hautes provoqu\u00e9es par l\u2019approche et la chute de la lune tertiaire ont fa\u00e7onn\u00e9 les gisements de sel et de charbon de la plan\u00e8te, et toutes les th\u00e9ories ant\u00e9rieures expliquant la formation de ces substances n\u2019\u00e9taient que de nouveaux mensonges <\/span><\/span><\/span><span style=\"color: #000000;\"><span style=\"font-size: medium;\"><span lang=\"fr-FR\">produits par<\/span><\/span><\/span><span style=\"color: #000000;\"><span style=\"font-size: medium;\"><span lang=\"fr-FR\"> l\u2019universit\u00e9.<\/span><\/span><\/span><\/p>\n<p class=\"western\" align=\"justify\"><span style=\"color: #000000;\"><span style=\"font-size: medium;\"><span lang=\"fr-FR\">L\u2019id\u00e9e de H\u00f6rbiger, expos\u00e9e en 1913 dans un livre d\u00e9cousu et non structur\u00e9 de quelque 790\u00a0pages, <\/span><\/span><\/span><span style=\"color: #000000;\"><span style=\"font-size: medium;\"><span lang=\"fr-FR\"><i>Glacial Cosmology<\/i><\/span><\/span><\/span><span style=\"color: #000000;\"><span style=\"font-size: medium;\"><span lang=\"fr-FR\">, a d\u2019abord \u00e9chou\u00e9, malgr\u00e9 l\u2019engagement d\u2019un cartographe lunaire allemand amateur, Philipp Fauth (1867-1941), en tant que co-auteur, afin de l\u2019agr\u00e9menter d\u2019un langage technique \u00e0 consonance plausible. Aigri, H\u00f6rbiger pensait que les astronomes jaloux qui n<\/span><\/span><\/span><span style=\"color: #000000;\"><span style=\"font-size: medium;\"><span lang=\"fr-FR\">e croy<\/span><\/span><\/span><span style=\"color: #000000;\"><span style=\"font-size: medium;\"><span lang=\"fr-FR\">aient pas \u00e0 la WEL \u00e9taient engag\u00e9s dans une conspiration jud\u00e9o-bolchevique antipatriotique contre l\u2019\u00e2me po\u00e9tique austro-allemande. En 1918, observant comment les citoyens avaient \u00e9t\u00e9 convaincus de la n\u00e9cessit\u00e9 de la Premi\u00e8re Guerre mondiale par la propagande, <\/span><\/span><\/span><span style=\"color: #000000;\"><span style=\"font-size: medium;\"><span lang=\"fr-FR\">c<\/span><\/span><\/span><span style=\"color: #000000;\"><span style=\"font-size: medium;\"><span lang=\"fr-FR\">e \u00ab\u00a0g\u00e9nie allemand\u00a0\u00bb autoproclam\u00e9 (qui, comme Hitler, n\u2019\u00e9tait m\u00eame pas allemand) d\u00e9cida d\u2019utiliser la fortune qu\u2019il avait accumul\u00e9e gr\u00e2ce \u00e0 un type sp\u00e9cial de valve qu\u2019il avait brevet\u00e9 \u00e0 l\u2019\u00e9poque o\u00f9 il \u00e9tait ing\u00e9nieur, pour s\u2019adresser directement aux membres du public scientifiquement analphab\u00e8tes. En bref, au lieu de persuader les gens de la v\u00e9rit\u00e9 de ses id\u00e9es de mani\u00e8re <\/span><\/span><\/span><span style=\"color: #000000;\"><span style=\"font-size: medium;\"><span lang=\"fr-FR\"><i>logique<\/i><\/span><\/span><\/span><span style=\"color: #000000;\"><span style=\"font-size: medium;\"><span lang=\"fr-FR\">, il a cherch\u00e9 \u00e0 les persuader de mani\u00e8re <\/span><\/span><\/span><span style=\"color: #000000;\"><span style=\"font-size: medium;\"><span lang=\"fr-FR\"><i>\u00e9motionnelle<\/i><\/span><\/span><\/span><span style=\"color: #000000;\"><span style=\"font-size: medium;\"><span lang=\"fr-FR\">.<\/span><\/span><\/span><\/p>\n<p class=\"western\" align=\"justify\"><span style=\"color: #000000;\"><span style=\"font-size: medium;\"><span lang=\"fr-FR\">\u00ab\u00a0Ce qui est d\u2019accord avec <\/span><\/span><\/span><span style=\"color: #000000;\"><span style=\"font-size: medium;\"><span lang=\"fr-FR\">elle<\/span><\/span><\/span><span style=\"color: #000000;\"><span style=\"font-size: medium;\"><span lang=\"fr-FR\"> est juste, ce qui ne peut pas l\u2019\u00eatre est faux\u00a0\u00bb, a d\u00e9clar\u00e9 H\u00f6rbiger \u00e0 propos de son id\u00e9e, comme tout bon id\u00e9ologue pseudo-scientifique. \u00ab\u00a0Soit vous apprenez \u00e0 croire en moi, soit je dois vous traiter en ennemi\u00a0\u00bb, a-t-il averti un sceptique qui affirmait que les mesures de la surface lunaire prouvaient qu\u2019elle \u00e9tait bien trop chaude pour \u00eatre recouverte de kilom\u00e8tres de glace. Ces preuves \u00e9tant irr\u00e9futables, il \u00e9tait plus facile de les ignorer et de salir les opposants en les qualifiant de tra\u00eetres, d\u2019adh\u00e9rents politiques \u00e0 la physique juive, les donn\u00e9es instrumentales n\u2019\u00e9tant que des \u00ab\u00a0armes dirig\u00e9es contre l\u2019esprit de Parsifal\u00a0\u00bb, le l\u00e9gendaire chevalier-h\u00e9ros wagn\u00e9rien.<\/span><\/span><\/span><\/p>\n<p class=\"western\" align=\"justify\"><span style=\"color: #000000;\"><span style=\"font-size: medium;\"><span lang=\"fr-FR\">\u00ab\u00a0Un Autrichien, Hitler, a chass\u00e9 les politiciens juifs\u00a0\u00bb, peut-on lire dans un tract de propagande de la WEL. \u00ab\u00a0Un autre Autrichien, H\u00f6rbiger, chassera les scientifiques juifs\u00a0\u00bb. Les opposants scientifiques \u00e0 la WEL n\u2019\u00e9taient plus seulement dans <\/span><\/span><\/span><span style=\"color: #000000;\"><span style=\"font-size: medium;\"><span lang=\"fr-FR\"><i>l\u2019erreur<\/i><\/span><\/span><\/span><span style=\"color: #000000;\"><span style=\"font-size: medium;\"><span lang=\"fr-FR\">, ils \u00e9taient <\/span><\/span><\/span><span style=\"color: #000000;\"><span style=\"font-size: medium;\"><span lang=\"fr-FR\"><i>diaboliques<\/i><\/span><\/span><\/span><span style=\"color: #000000;\"><span style=\"font-size: medium;\"><span lang=\"fr-FR\">, tout comme le sont aujourd\u2019hui les sceptiques du changement climatique aux yeux de nombre de leurs opposants les plus d\u00e9s\u00e9quilibr\u00e9s.<\/span><\/span><\/span><\/p>\n<p class=\"western\" align=\"justify\"><span style=\"color: #000000;\"><span style=\"font-size: medium;\"><span lang=\"fr-FR\">Bien qu\u2019il n\u2019ait pas \u00e9t\u00e9 lui-m\u00eame un nazi convaincu, H\u00f6rbiger \u00e9tait un nationaliste pangermaniste convaincu et il a exploit\u00e9 un sentiment public similaire <\/span><\/span><\/span><span style=\"color: #000000;\"><span style=\"font-size: medium;\"><span lang=\"fr-FR\">et <\/span><\/span><\/span><span style=\"color: #000000;\"><span style=\"font-size: medium;\"><span lang=\"fr-FR\">croissant pour vendre sa th\u00e9orie par le biais d\u2019un d\u00e9luge constant de livres, de pamphlets, de magazines, de films, d\u2019\u00e9missions de radio et m\u00eame d\u2019un journal sp\u00e9cial, <\/span><\/span><\/span><span style=\"color: #000000;\"><span style=\"font-size: medium;\"><span lang=\"fr-FR\"><i>La cl\u00e9 des \u00e9v\u00e9nements mondiaux<\/i><\/span><\/span><\/span><span style=\"color: #000000;\"><span style=\"font-size: medium;\"><span lang=\"fr-FR\">, qui interpr\u00e9tait de mani\u00e8re douteuse les grands \u00e9v\u00e9nements r\u00e9cents comme des expressions de l\u2019influence de la glace cosmique sur l\u2019humanit\u00e9. Lorsque le prince Charles affirme aujourd\u2019hui que la guerre civile syrienne est le r\u00e9sultat direct du changement climatique, il suit sans le savoir les traces de H\u00f6rbiger.<\/span><\/span><\/span><\/p>\n<p class=\"western\" align=\"justify\"><span style=\"color: #000000;\"><span style=\"font-size: medium;\"><span lang=\"fr-FR\">Au fil du temps, H\u00f6rbiger a essentiellement form\u00e9 son propre groupe de pression politique\u00a0; il a m\u00eame eu recours \u00e0 des voyous de rue priv\u00e9s, issus des rangs des Chemise<\/span><\/span><\/span><span style=\"color: #000000;\"><span style=\"font-size: medium;\"><span lang=\"fr-FR\">s<\/span><\/span><\/span><span style=\"color: #000000;\"><span style=\"font-size: medium;\"><span lang=\"fr-FR\"> brune<\/span><\/span><\/span><span style=\"color: #000000;\"><span style=\"font-size: medium;\"><span lang=\"fr-FR\">s<\/span><\/span><\/span><span style=\"color: #000000;\"><span style=\"font-size: medium;\"><span lang=\"fr-FR\"> nazis, qui lui ont valu un v\u00e9ritable culte. Il n\u2019a pas appel\u00e9 cette arm\u00e9e priv\u00e9e Extinction Rebellion ou Just Stop Oil, mais ces adeptes ont rempli une fonction similaire de perturbation de la vie publique et de pers\u00e9cution des dissidents, bien que de mani\u00e8re beaucoup plus violente que ce qui s\u2019est pass\u00e9 jusqu\u2019\u00e0 pr\u00e9sent avec leurs descendants activistes inconscients d\u2019aujourd\u2019hui.<\/span><\/span><\/span><\/p>\n<p class=\"western\" align=\"justify\"><span style=\"color: #000000;\"><span style=\"font-size: medium;\"><span lang=\"fr-FR\">H\u00f6rbiger a courtis\u00e9 les politiciens nazis, voyant en eux un moyen d\u2019exercer une influence future. Apr\u00e8s sa mort en 1931, les disciples de Hanns ont agressivement promu la <\/span><\/span><\/span><span style=\"color: #000000;\"><span style=\"font-size: medium;\"><span lang=\"fr-FR\"><i>Welteislehre<\/i><\/span><\/span><\/span><span style=\"color: #000000;\"><span style=\"font-size: medium;\"><span lang=\"fr-FR\"> aupr\u00e8s d\u2019\u00e9l\u00e9ments sympathisants de la SS, estimant \u00e0 juste titre que, si les nazis parvenaient \u00e0 prendre le pouvoir, comme ce fut finalement le cas en 1933, ils pourraient imposer l\u2019acceptation de la th\u00e9orie par des moyens politiques douteux plut\u00f4t que par la force rationnelle de l\u2019argumentation. Cela vous rappelle quelque chose\u00a0?<\/span><\/span><\/span><\/p>\n<p class=\"western\" align=\"justify\"><span style=\"color: #000000;\"><span style=\"font-size: medium;\"><span lang=\"fr-FR\">Le fait d\u2019\u00eatre croyant en la WEL est rapidement devenu un test de substitution pour d\u00e9terminer si vous \u00e9tiez un bon Allemand ou un fasciste loyal, des liens \u00e9tant \u00e9tablis entre la notion \u00ab\u00a0saine\u00a0\u00bb de glace cosmique et la ligne nazie tout aussi \u00ab\u00a0saine\u00a0\u00bb selon laquelle le peuple aryen \u00e9tait originaire des terres gel\u00e9es et revigorantes du p\u00f4le Nord. \u00ab\u00a0Nos anc\u00eatres nordiques ont grandi dans la glace et la neige\u00a0; la croyance en la WEL est donc l\u2019h\u00e9ritage naturel de l\u2019homme nordique\u00a0\u00bb, a-t-on d\u00e9clar\u00e9. La th\u00e9orie de la glace mondiale \u00e9tait pr\u00e9sent\u00e9e comme une preuve scientifique suppl\u00e9mentaire que les Allemands \u00e9taient vraiment la race ma\u00eetresse cosmique\u00a0; la sup\u00e9riorit\u00e9 des Blancs \u00e9tait litt\u00e9ralement inscrite dans les \u00e9toiles blanches comme la glace (ou les <\/span><\/span><\/span><span style=\"color: #000000;\"><span style=\"font-size: medium;\"><span lang=\"fr-FR\">espaces-<\/span><\/span><\/span><span style=\"color: #000000;\"><span style=\"font-size: medium;\"><span lang=\"fr-FR\">bergs de l\u2019espace, si vous pr\u00e9f\u00e9rez).<\/span><\/span><\/span><\/p>\n<p class=\"western\" align=\"justify\"><span style=\"color: #000000;\"><span style=\"font-size: medium;\"><span lang=\"fr-FR\">Hitler, s\u00e9duit, envisage<\/span><\/span><\/span><span style=\"color: #000000;\"><span style=\"font-size: medium;\"><span lang=\"fr-FR\">ait<\/span><\/span><\/span><span style=\"color: #000000;\"><span style=\"font-size: medium;\"><span lang=\"fr-FR\"> de construire un gigantesque mus\u00e9e d\u2019astronomie \u00e0 Linz une fois la guerre gagn\u00e9e, dont le dernier \u00e9tage serait enti\u00e8rement consacr\u00e9 \u00e0 H\u00f6rbiger, \u00ab\u00a0le Copernic du XX<\/span><\/span><\/span><span style=\"color: #000000;\"><sup><span style=\"font-size: medium;\"><span lang=\"fr-FR\">e<\/span><\/span><\/sup><\/span><span style=\"color: #000000;\"><span style=\"font-size: medium;\"><span lang=\"fr-FR\">\u00a0si\u00e8cle\u00a0\u00bb, symbolisant ainsi le point final de l\u2019\u00e9volution de toute la science, tandis que les SS sign<\/span><\/span><\/span><span style=\"color: #000000;\"><span style=\"font-size: medium;\"><span lang=\"fr-FR\">ai<\/span><\/span><\/span><span style=\"color: #000000;\"><span style=\"font-size: medium;\"><span lang=\"fr-FR\">ent un document reconnaissant officiellement la WEL, le \u00ab\u00a0Protocole de Pyrmont\u00a0\u00bb. Le m\u00e9t\u00e9orologue SS Hans Robert Scultetus a essay\u00e9 d\u2019utiliser l\u2019id\u00e9e pour des pr\u00e9visions m\u00e9t\u00e9orologiques \u00e0 long terme dans son unit\u00e9 sp\u00e9ciale <\/span><\/span><\/span><span style=\"color: #000000;\"><span style=\"font-size: medium;\"><span lang=\"fr-FR\"><i>Pflegest\u00e4tte f\u00fcr Wetterkunde<\/i><\/span><\/span><\/span><span style=\"color: #000000;\"><span style=\"font-size: medium;\"><span lang=\"fr-FR\">, mais sans grand succ\u00e8s.<\/span><\/span><\/span><\/p>\n<p class=\"western\" align=\"justify\"><span style=\"color: #000000;\"><span style=\"font-size: medium;\"><span lang=\"fr-FR\">De m\u00eame qu\u2019aujourd\u2019hui, vous n\u2019obtiendrez pas un poste de haut niveau au sein du conseil d\u2019administration d\u2019une entreprise \u00ab\u00a0socialement responsable\u00a0\u00bb si vous ne reconnaissez pas ostensiblement que l\u2019humanit\u00e9 est sur le point de dispara\u00eetre en raison des effets pernicieux du r\u00e9chauffement climatique aliment\u00e9 par le capitalisme, de m\u00eame, dans les ann\u00e9es\u00a01930, il \u00e9tait impossible d\u2019obtenir un emploi dans de nombreuses entreprises allemandes si vous n\u2019acceptiez pas de signer un engagement reconnaissant que la glace cosmique existait bel et bien. Apr\u00e8s avoir suscit\u00e9 une certaine inqui\u00e9tude, les nazis ont fini par \u00e9mettre un avis officiel expliquant que la croyance en la WEL n\u2019\u00e9tait pas <\/span><\/span><\/span><span style=\"color: #000000;\"><span style=\"font-size: medium;\"><span lang=\"fr-FR\"><i>l\u00e9galement<\/i><\/span><\/span><\/span><span style=\"color: #000000;\"><span style=\"font-size: medium;\"><span lang=\"fr-FR\"> n\u00e9cessaire pour participer \u00e0 la vie publique \u2014 c\u2019\u00e9tait simplement un avantage majeur.<\/span><\/span><\/span><\/p>\n<p class=\"western\" align=\"justify\"><span style=\"color: #000000;\"><span style=\"font-size: medium;\"><span lang=\"fr-FR\">L\u2019attrait de la <\/span><\/span><\/span><span style=\"color: #000000;\"><span style=\"font-size: medium;\"><span lang=\"fr-FR\"><i>Welteislehre<\/i><\/span><\/span><\/span><span style=\"color: #000000;\"><span style=\"font-size: medium;\"><span lang=\"fr-FR\"> ne reposait donc pas principalement sur des concepts d\u00e9pass\u00e9s tels que la logique, le r\u00e9alisme ou les preuves\u00a0; il s\u2019agissait plut\u00f4t d\u2019un <\/span><\/span><\/span><span style=\"color: #000000;\"><span style=\"font-size: medium;\"><span lang=\"fr-FR\"><i>d\u00e9sir<\/i><\/span><\/span><\/span><span style=\"color: #000000;\"><span style=\"font-size: medium;\"><span lang=\"fr-FR\"> politique et id\u00e9ologique de la voir vraie. En d\u2019autres termes, comme une grande partie de l\u2019hyst\u00e9rie du changement climatique aujourd\u2019hui, il s\u2019agissait de la plus pure religion politique d\u00e9guis\u00e9e en science.<\/span><\/span><\/span><\/p>\n<p class=\"western\" align=\"justify\"><span style=\"color: #000000;\"><span style=\"font-size: medium;\"><span lang=\"fr-FR\">Il n\u2019est pas \u00e9tonnant que l\u2019histoire de la d\u00e9b\u00e2cle de la WEL ne soit pas tr\u00e8s bien connue aujourd\u2019hui. Si elle l\u2019\u00e9tait, alors nos propres fanatiques contemporains du changement climatique devraient admettre qu\u2019ils sont en bien pi\u00e8tre compagnie. Peut-\u00eatre qu\u2019apr\u00e8s tout, les petits Hitlers qui harceleurs comme George Monbiot et Greta Thunberg sont vraiment des \u00ab\u00a0nazis du climat\u00a0\u00bb, comme certains aiment \u00e0 les appeler\u00a0?<\/span><\/span><\/span><\/p>\n<p class=\"western\" align=\"justify\"><span style=\"color: #000000;\"><span style=\"font-size: medium;\"><span lang=\"fr-FR\">Steven Tucker est journaliste et auteur de plus de 10\u00a0livres, le dernier \u00e9tant <\/span><\/span><\/span><span style=\"color: #000000;\"><span style=\"font-size: medium;\"><span lang=\"fr-FR\"><i>Hitler\u2019s &amp; Stalin\u2019s Misuse of Science\u00a0: When Science Fiction Was Turned Into Science Fact by the Nazis and the Soviets <\/i><\/span><\/span><\/span><span style=\"color: #000000;\"><span style=\"font-size: medium;\"><span lang=\"fr-FR\">(Pen &amp; Sword\/Frontline).<\/span><\/span><\/span><\/p>\n<p class=\"western\" align=\"justify\"><span style=\"color: #000000;\"><span style=\"font-size: medium;\"><span lang=\"fr-FR\">Texte original\u00a0: <\/span><\/span><\/span><span style=\"color: #000080;\"><u><a href=\"https:\/\/dailysceptic.org\/2023\/10\/28\/the-bizarre-history-of-nazi-climate-change-propaganda\/\" target=\"_blank\" rel=\"noopener\"><span style=\"color: #000000;\"><span style=\"font-size: medium;\"><span lang=\"fr-FR\">https:\/\/dailysceptic.org\/2023\/10\/28\/the-bizarre-history-of-nazi-climate-change-propaganda\/<\/span><\/span><\/span><\/a><\/u><\/span><\/p>\n","protected":false},"excerpt":{"rendered":"<p>Traduction libre 28\/10\/2023 Bien que nous consid\u00e9rions g\u00e9n\u00e9ralement l\u2019hyst\u00e9rie li\u00e9e au changement climatique comme un ph\u00e9nom\u00e8ne typiquement moderne, ce n\u2019est pas vraiment le cas. Des \u00e9lites politiques arrogantes, dictatoriales et totalitaires ont d\u00e9j\u00e0 \u00e9t\u00e9 \u00e9prises de la m\u00eame id\u00e9e de base bien avant \u2014 le parti nazi, par exemple. On l\u2019a largement oubli\u00e9 aujourd\u2019hui, mais, [&hellip;]<\/p>\n","protected":false},"author":2,"featured_media":19612,"comment_status":"closed","ping_status":"closed","sticky":false,"template":"","format":"standard","meta":{"footnotes":""},"categories":[1540,1789],"tags":[],"class_list":["post-19611","post","type-post","status-publish","format-standard","has-post-thumbnail","hentry","category-actualite","category-tucker-steven"],"yoast_head":"<!-- This site is optimized with the Yoast SEO plugin v27.0 - https:\/\/yoast.com\/product\/yoast-seo-wordpress\/ -->\n<title>L\u2019\u00e9trange histoire de la propagande nazie sur le changement climatique par Steven Tucker - 3e mill\u00e9naire - Spiritualit\u00e9 - Connaissance de soi - Non-dualit\u00e9 - M\u00e9ditation<\/title>\n<meta name=\"robots\" content=\"index, follow, max-snippet:-1, max-image-preview:large, max-video-preview:-1\" \/>\n<link rel=\"canonical\" href=\"https:\/\/www.revue3emillenaire.com\/blog\/letrange-histoire-de-la-propagande-nazie-sur-le-changement-climatique-par-steven-tucker\/\" \/>\n<meta property=\"og:locale\" content=\"fr_FR\" \/>\n<meta property=\"og:type\" content=\"article\" \/>\n<meta property=\"og:title\" content=\"L\u2019\u00e9trange histoire de la propagande nazie sur le changement climatique par Steven Tucker - 3e mill\u00e9naire - Spiritualit\u00e9 - Connaissance de soi - Non-dualit\u00e9 - M\u00e9ditation\" \/>\n<meta property=\"og:description\" content=\"Traduction libre 28\/10\/2023 Bien que nous consid\u00e9rions g\u00e9n\u00e9ralement l\u2019hyst\u00e9rie li\u00e9e au changement climatique comme un ph\u00e9nom\u00e8ne typiquement moderne, ce n\u2019est pas vraiment le cas. Des \u00e9lites politiques arrogantes, dictatoriales et totalitaires ont d\u00e9j\u00e0 \u00e9t\u00e9 \u00e9prises de la m\u00eame id\u00e9e de base bien avant \u2014 le parti nazi, par exemple. On l\u2019a largement oubli\u00e9 aujourd\u2019hui, mais, [&hellip;]\" \/>\n<meta property=\"og:url\" content=\"https:\/\/www.revue3emillenaire.com\/blog\/letrange-histoire-de-la-propagande-nazie-sur-le-changement-climatique-par-steven-tucker\/\" \/>\n<meta property=\"og:site_name\" content=\"3e mill\u00e9naire - Spiritualit\u00e9 - Connaissance de soi - Non-dualit\u00e9 - M\u00e9ditation\" \/>\n<meta property=\"article:published_time\" content=\"2023-11-16T02:29:56+00:00\" \/>\n<meta property=\"og:image\" content=\"https:\/\/www.revue3emillenaire.com\/blog\/wp-content\/uploads\/2023\/11\/Johannh.jpg\" \/>\n\t<meta property=\"og:image:width\" content=\"932\" \/>\n\t<meta property=\"og:image:height\" content=\"710\" \/>\n\t<meta property=\"og:image:type\" content=\"image\/jpeg\" \/>\n<meta name=\"author\" content=\"3e mill\u00e9naire\" \/>\n<meta name=\"twitter:card\" content=\"summary_large_image\" \/>\n<meta name=\"twitter:label1\" content=\"\u00c9crit par\" \/>\n\t<meta name=\"twitter:data1\" content=\"3e mill\u00e9naire\" \/>\n\t<meta name=\"twitter:label2\" content=\"Dur\u00e9e de lecture estim\u00e9e\" \/>\n\t<meta name=\"twitter:data2\" content=\"11 minutes\" \/>\n<script type=\"application\/ld+json\" class=\"yoast-schema-graph\">{\"@context\":\"https:\/\/schema.org\",\"@graph\":[{\"@type\":\"Article\",\"@id\":\"https:\/\/www.revue3emillenaire.com\/blog\/letrange-histoire-de-la-propagande-nazie-sur-le-changement-climatique-par-steven-tucker\/#article\",\"isPartOf\":{\"@id\":\"https:\/\/www.revue3emillenaire.com\/blog\/letrange-histoire-de-la-propagande-nazie-sur-le-changement-climatique-par-steven-tucker\/\"},\"author\":{\"name\":\"3e mill\u00e9naire\",\"@id\":\"https:\/\/www.revue3emillenaire.com\/blog\/#\/schema\/person\/b692dacff720a5344a6190bc714397eb\"},\"headline\":\"L\u2019\u00e9trange histoire de la propagande nazie sur le changement climatique par Steven Tucker\",\"datePublished\":\"2023-11-16T02:29:56+00:00\",\"mainEntityOfPage\":{\"@id\":\"https:\/\/www.revue3emillenaire.com\/blog\/letrange-histoire-de-la-propagande-nazie-sur-le-changement-climatique-par-steven-tucker\/\"},\"wordCount\":2363,\"image\":{\"@id\":\"https:\/\/www.revue3emillenaire.com\/blog\/letrange-histoire-de-la-propagande-nazie-sur-le-changement-climatique-par-steven-tucker\/#primaryimage\"},\"thumbnailUrl\":\"https:\/\/www.revue3emillenaire.com\/blog\/wp-content\/uploads\/2023\/11\/Johannh.jpg\",\"articleSection\":[\"Actualit\u00e9s\",\"Tucker Steven\"],\"inLanguage\":\"fr-FR\"},{\"@type\":\"WebPage\",\"@id\":\"https:\/\/www.revue3emillenaire.com\/blog\/letrange-histoire-de-la-propagande-nazie-sur-le-changement-climatique-par-steven-tucker\/\",\"url\":\"https:\/\/www.revue3emillenaire.com\/blog\/letrange-histoire-de-la-propagande-nazie-sur-le-changement-climatique-par-steven-tucker\/\",\"name\":\"L\u2019\u00e9trange histoire de la propagande nazie sur le changement climatique par Steven Tucker - 3e mill\u00e9naire - Spiritualit\u00e9 - Connaissance de soi - Non-dualit\u00e9 - M\u00e9ditation\",\"isPartOf\":{\"@id\":\"https:\/\/www.revue3emillenaire.com\/blog\/#website\"},\"primaryImageOfPage\":{\"@id\":\"https:\/\/www.revue3emillenaire.com\/blog\/letrange-histoire-de-la-propagande-nazie-sur-le-changement-climatique-par-steven-tucker\/#primaryimage\"},\"image\":{\"@id\":\"https:\/\/www.revue3emillenaire.com\/blog\/letrange-histoire-de-la-propagande-nazie-sur-le-changement-climatique-par-steven-tucker\/#primaryimage\"},\"thumbnailUrl\":\"https:\/\/www.revue3emillenaire.com\/blog\/wp-content\/uploads\/2023\/11\/Johannh.jpg\",\"datePublished\":\"2023-11-16T02:29:56+00:00\",\"author\":{\"@id\":\"https:\/\/www.revue3emillenaire.com\/blog\/#\/schema\/person\/b692dacff720a5344a6190bc714397eb\"},\"breadcrumb\":{\"@id\":\"https:\/\/www.revue3emillenaire.com\/blog\/letrange-histoire-de-la-propagande-nazie-sur-le-changement-climatique-par-steven-tucker\/#breadcrumb\"},\"inLanguage\":\"fr-FR\",\"potentialAction\":[{\"@type\":\"ReadAction\",\"target\":[\"https:\/\/www.revue3emillenaire.com\/blog\/letrange-histoire-de-la-propagande-nazie-sur-le-changement-climatique-par-steven-tucker\/\"]}]},{\"@type\":\"ImageObject\",\"inLanguage\":\"fr-FR\",\"@id\":\"https:\/\/www.revue3emillenaire.com\/blog\/letrange-histoire-de-la-propagande-nazie-sur-le-changement-climatique-par-steven-tucker\/#primaryimage\",\"url\":\"https:\/\/www.revue3emillenaire.com\/blog\/wp-content\/uploads\/2023\/11\/Johannh.jpg\",\"contentUrl\":\"https:\/\/www.revue3emillenaire.com\/blog\/wp-content\/uploads\/2023\/11\/Johannh.jpg\",\"width\":932,\"height\":710},{\"@type\":\"BreadcrumbList\",\"@id\":\"https:\/\/www.revue3emillenaire.com\/blog\/letrange-histoire-de-la-propagande-nazie-sur-le-changement-climatique-par-steven-tucker\/#breadcrumb\",\"itemListElement\":[{\"@type\":\"ListItem\",\"position\":1,\"name\":\"Accueil\",\"item\":\"https:\/\/www.revue3emillenaire.com\/blog\/\"},{\"@type\":\"ListItem\",\"position\":2,\"name\":\"L\u2019\u00e9trange histoire de la propagande nazie sur le changement climatique par Steven Tucker\"}]},{\"@type\":\"WebSite\",\"@id\":\"https:\/\/www.revue3emillenaire.com\/blog\/#website\",\"url\":\"https:\/\/www.revue3emillenaire.com\/blog\/\",\"name\":\"3e mill\u00e9naire - Spiritualit\u00e9 - Connaissance de soi - Non-dualit\u00e9 - M\u00e9ditation\",\"description\":\"L&#039;Homme en devenir\",\"potentialAction\":[{\"@type\":\"SearchAction\",\"target\":{\"@type\":\"EntryPoint\",\"urlTemplate\":\"https:\/\/www.revue3emillenaire.com\/blog\/?s={search_term_string}\"},\"query-input\":{\"@type\":\"PropertyValueSpecification\",\"valueRequired\":true,\"valueName\":\"search_term_string\"}}],\"inLanguage\":\"fr-FR\"},{\"@type\":\"Person\",\"@id\":\"https:\/\/www.revue3emillenaire.com\/blog\/#\/schema\/person\/b692dacff720a5344a6190bc714397eb\",\"name\":\"3e mill\u00e9naire\",\"url\":\"https:\/\/www.revue3emillenaire.com\/blog\/author\/scoussa\/\"}]}<\/script>\n<!-- \/ Yoast SEO plugin. -->","yoast_head_json":{"title":"L\u2019\u00e9trange histoire de la propagande nazie sur le changement climatique par Steven Tucker - 3e mill\u00e9naire - Spiritualit\u00e9 - Connaissance de soi - Non-dualit\u00e9 - M\u00e9ditation","robots":{"index":"index","follow":"follow","max-snippet":"max-snippet:-1","max-image-preview":"max-image-preview:large","max-video-preview":"max-video-preview:-1"},"canonical":"https:\/\/www.revue3emillenaire.com\/blog\/letrange-histoire-de-la-propagande-nazie-sur-le-changement-climatique-par-steven-tucker\/","og_locale":"fr_FR","og_type":"article","og_title":"L\u2019\u00e9trange histoire de la propagande nazie sur le changement climatique par Steven Tucker - 3e mill\u00e9naire - Spiritualit\u00e9 - Connaissance de soi - Non-dualit\u00e9 - M\u00e9ditation","og_description":"Traduction libre 28\/10\/2023 Bien que nous consid\u00e9rions g\u00e9n\u00e9ralement l\u2019hyst\u00e9rie li\u00e9e au changement climatique comme un ph\u00e9nom\u00e8ne typiquement moderne, ce n\u2019est pas vraiment le cas. Des \u00e9lites politiques arrogantes, dictatoriales et totalitaires ont d\u00e9j\u00e0 \u00e9t\u00e9 \u00e9prises de la m\u00eame id\u00e9e de base bien avant \u2014 le parti nazi, par exemple. On l\u2019a largement oubli\u00e9 aujourd\u2019hui, mais, [&hellip;]","og_url":"https:\/\/www.revue3emillenaire.com\/blog\/letrange-histoire-de-la-propagande-nazie-sur-le-changement-climatique-par-steven-tucker\/","og_site_name":"3e mill\u00e9naire - Spiritualit\u00e9 - Connaissance de soi - Non-dualit\u00e9 - M\u00e9ditation","article_published_time":"2023-11-16T02:29:56+00:00","og_image":[{"width":932,"height":710,"url":"https:\/\/www.revue3emillenaire.com\/blog\/wp-content\/uploads\/2023\/11\/Johannh.jpg","type":"image\/jpeg"}],"author":"3e mill\u00e9naire","twitter_card":"summary_large_image","twitter_misc":{"\u00c9crit par":"3e mill\u00e9naire","Dur\u00e9e de lecture estim\u00e9e":"11 minutes"},"schema":{"@context":"https:\/\/schema.org","@graph":[{"@type":"Article","@id":"https:\/\/www.revue3emillenaire.com\/blog\/letrange-histoire-de-la-propagande-nazie-sur-le-changement-climatique-par-steven-tucker\/#article","isPartOf":{"@id":"https:\/\/www.revue3emillenaire.com\/blog\/letrange-histoire-de-la-propagande-nazie-sur-le-changement-climatique-par-steven-tucker\/"},"author":{"name":"3e mill\u00e9naire","@id":"https:\/\/www.revue3emillenaire.com\/blog\/#\/schema\/person\/b692dacff720a5344a6190bc714397eb"},"headline":"L\u2019\u00e9trange histoire de la propagande nazie sur le changement climatique par Steven Tucker","datePublished":"2023-11-16T02:29:56+00:00","mainEntityOfPage":{"@id":"https:\/\/www.revue3emillenaire.com\/blog\/letrange-histoire-de-la-propagande-nazie-sur-le-changement-climatique-par-steven-tucker\/"},"wordCount":2363,"image":{"@id":"https:\/\/www.revue3emillenaire.com\/blog\/letrange-histoire-de-la-propagande-nazie-sur-le-changement-climatique-par-steven-tucker\/#primaryimage"},"thumbnailUrl":"https:\/\/www.revue3emillenaire.com\/blog\/wp-content\/uploads\/2023\/11\/Johannh.jpg","articleSection":["Actualit\u00e9s","Tucker Steven"],"inLanguage":"fr-FR"},{"@type":"WebPage","@id":"https:\/\/www.revue3emillenaire.com\/blog\/letrange-histoire-de-la-propagande-nazie-sur-le-changement-climatique-par-steven-tucker\/","url":"https:\/\/www.revue3emillenaire.com\/blog\/letrange-histoire-de-la-propagande-nazie-sur-le-changement-climatique-par-steven-tucker\/","name":"L\u2019\u00e9trange histoire de la propagande nazie sur le changement climatique par Steven Tucker - 3e mill\u00e9naire - Spiritualit\u00e9 - Connaissance de soi - Non-dualit\u00e9 - M\u00e9ditation","isPartOf":{"@id":"https:\/\/www.revue3emillenaire.com\/blog\/#website"},"primaryImageOfPage":{"@id":"https:\/\/www.revue3emillenaire.com\/blog\/letrange-histoire-de-la-propagande-nazie-sur-le-changement-climatique-par-steven-tucker\/#primaryimage"},"image":{"@id":"https:\/\/www.revue3emillenaire.com\/blog\/letrange-histoire-de-la-propagande-nazie-sur-le-changement-climatique-par-steven-tucker\/#primaryimage"},"thumbnailUrl":"https:\/\/www.revue3emillenaire.com\/blog\/wp-content\/uploads\/2023\/11\/Johannh.jpg","datePublished":"2023-11-16T02:29:56+00:00","author":{"@id":"https:\/\/www.revue3emillenaire.com\/blog\/#\/schema\/person\/b692dacff720a5344a6190bc714397eb"},"breadcrumb":{"@id":"https:\/\/www.revue3emillenaire.com\/blog\/letrange-histoire-de-la-propagande-nazie-sur-le-changement-climatique-par-steven-tucker\/#breadcrumb"},"inLanguage":"fr-FR","potentialAction":[{"@type":"ReadAction","target":["https:\/\/www.revue3emillenaire.com\/blog\/letrange-histoire-de-la-propagande-nazie-sur-le-changement-climatique-par-steven-tucker\/"]}]},{"@type":"ImageObject","inLanguage":"fr-FR","@id":"https:\/\/www.revue3emillenaire.com\/blog\/letrange-histoire-de-la-propagande-nazie-sur-le-changement-climatique-par-steven-tucker\/#primaryimage","url":"https:\/\/www.revue3emillenaire.com\/blog\/wp-content\/uploads\/2023\/11\/Johannh.jpg","contentUrl":"https:\/\/www.revue3emillenaire.com\/blog\/wp-content\/uploads\/2023\/11\/Johannh.jpg","width":932,"height":710},{"@type":"BreadcrumbList","@id":"https:\/\/www.revue3emillenaire.com\/blog\/letrange-histoire-de-la-propagande-nazie-sur-le-changement-climatique-par-steven-tucker\/#breadcrumb","itemListElement":[{"@type":"ListItem","position":1,"name":"Accueil","item":"https:\/\/www.revue3emillenaire.com\/blog\/"},{"@type":"ListItem","position":2,"name":"L\u2019\u00e9trange histoire de la propagande nazie sur le changement climatique par Steven Tucker"}]},{"@type":"WebSite","@id":"https:\/\/www.revue3emillenaire.com\/blog\/#website","url":"https:\/\/www.revue3emillenaire.com\/blog\/","name":"3e mill\u00e9naire - Spiritualit\u00e9 - Connaissance de soi - Non-dualit\u00e9 - M\u00e9ditation","description":"L&#039;Homme en devenir","potentialAction":[{"@type":"SearchAction","target":{"@type":"EntryPoint","urlTemplate":"https:\/\/www.revue3emillenaire.com\/blog\/?s={search_term_string}"},"query-input":{"@type":"PropertyValueSpecification","valueRequired":true,"valueName":"search_term_string"}}],"inLanguage":"fr-FR"},{"@type":"Person","@id":"https:\/\/www.revue3emillenaire.com\/blog\/#\/schema\/person\/b692dacff720a5344a6190bc714397eb","name":"3e mill\u00e9naire","url":"https:\/\/www.revue3emillenaire.com\/blog\/author\/scoussa\/"}]}},"_links":{"self":[{"href":"https:\/\/www.revue3emillenaire.com\/blog\/wp-json\/wp\/v2\/posts\/19611","targetHints":{"allow":["GET"]}}],"collection":[{"href":"https:\/\/www.revue3emillenaire.com\/blog\/wp-json\/wp\/v2\/posts"}],"about":[{"href":"https:\/\/www.revue3emillenaire.com\/blog\/wp-json\/wp\/v2\/types\/post"}],"author":[{"embeddable":true,"href":"https:\/\/www.revue3emillenaire.com\/blog\/wp-json\/wp\/v2\/users\/2"}],"replies":[{"embeddable":true,"href":"https:\/\/www.revue3emillenaire.com\/blog\/wp-json\/wp\/v2\/comments?post=19611"}],"version-history":[{"count":0,"href":"https:\/\/www.revue3emillenaire.com\/blog\/wp-json\/wp\/v2\/posts\/19611\/revisions"}],"wp:featuredmedia":[{"embeddable":true,"href":"https:\/\/www.revue3emillenaire.com\/blog\/wp-json\/wp\/v2\/media\/19612"}],"wp:attachment":[{"href":"https:\/\/www.revue3emillenaire.com\/blog\/wp-json\/wp\/v2\/media?parent=19611"}],"wp:term":[{"taxonomy":"category","embeddable":true,"href":"https:\/\/www.revue3emillenaire.com\/blog\/wp-json\/wp\/v2\/categories?post=19611"},{"taxonomy":"post_tag","embeddable":true,"href":"https:\/\/www.revue3emillenaire.com\/blog\/wp-json\/wp\/v2\/tags?post=19611"}],"curies":[{"name":"wp","href":"https:\/\/api.w.org\/{rel}","templated":true}]}}