{"id":19613,"date":"2023-11-16T03:14:31","date_gmt":"2023-11-16T02:14:31","guid":{"rendered":"https:\/\/www.revue3emillenaire.com\/blog\/?p=19613"},"modified":"2023-11-19T15:58:43","modified_gmt":"2023-11-19T14:58:43","slug":"lettre-aux-organisations-aux-scientifiques-et-aux-activistes-qui-soccupent-des-cem-par-arthur-firstenberg","status":"publish","type":"post","link":"https:\/\/www.revue3emillenaire.com\/blog\/lettre-aux-organisations-aux-scientifiques-et-aux-activistes-qui-soccupent-des-cem-par-arthur-firstenberg\/","title":{"rendered":"Lettre aux organisations, aux scientifiques et aux activistes qui s\u2019occupent des CEM et une mise-\u00e0-jour par Arthur Firstenberg"},"content":{"rendered":"<p class=\"western\" align=\"center\"><span lang=\"fr-FR\"><b>LETTRE AUX ORGANISATIONS, AUX SCIENTIFIQUES ET AUX ACTIVISTES QUI S\u2019OCCUPENT DES <\/b><\/span><span lang=\"fr-FR\"><b>CEM<\/b><\/span><\/p>\n<p class=\"western\" align=\"justify\"><span lang=\"fr-FR\">J\u2019envoie cette lettre aux organisations et aux personnes que je connais ou qui ont exprim\u00e9 le souhait de travailler avec moi. Ceux d\u2019entre vous qui souhaitent collaborer avec diligence pour briser le mur du d\u00e9ni qui nous entoure sont pri\u00e9s de m\u2019envoyer <a href=\"mailto:arthur@cellphonetaskforce.org\">un courriel<\/a> et je faciliterai la cr\u00e9ation d\u2019un groupe de travail international.<\/span><\/p>\n<p class=\"western\" align=\"justify\"><span lang=\"fr-FR\">Je d\u00e9crirai ci-dessous certains de nos points de d\u00e9saccord qui ont emp\u00each\u00e9 l\u2019unit\u00e9, et je proposerai des solutions qui nous permettront d\u2019avoir un effet r\u00e9el sur le monde. Un outil permettant de cr\u00e9er des changements dans la soci\u00e9t\u00e9 \u2014 un <\/span><span lang=\"fr-FR\">d<\/span><span lang=\"fr-FR\">ocument d\u2019orientation sur l\u2019\u00e9lectrosmog<\/span><b> <\/b><span lang=\"fr-FR\">\u2014 a d\u00e9j\u00e0 \u00e9t\u00e9 \u00e9labor\u00e9\u00a0; utilisons-la. J\u2019envoie cette lettre une semaine avant qu\u2019une d\u00e9claration internationale sur les droits des enfants <\/span><span lang=\"fr-FR\">dans<\/span><span lang=\"fr-FR\"> l\u2019\u00e8re num\u00e9rique ne soit remise aux Nations unies. Cette d\u00e9claration est un d\u00e9but d\u2019unit\u00e9. Profitons-en et commen\u00e7ons \u00e0 travailler r\u00e9ellement ensemble.<\/span><\/p>\n<p class=\"western\" align=\"center\"><span lang=\"fr-FR\">Les organisations qui re\u00e7oivent cette lettre sont les suivantes\u00a0:<\/span><\/p>\n<p class=\"western\" align=\"center\"><span lang=\"fr-FR\"><b>INTERNATIONAL<\/b><br \/>\nEuropeans for Safe Connections<br \/>\nFederaci\u00f3n Ambientalista Internacional<br \/>\nInternational Society of Doctors for the Environment (ISDE)<br \/>\nLatinoam\u00e9rica por Tecnolog\u00eda Segura<br \/>\nPermaculture Education<br \/>\nSafe Tech International<br \/>\nTake Back Your Health International<br \/>\nWorld Council for Health <\/span><\/p>\n<p class=\"western\" align=\"center\"><span lang=\"fr-FR\"><b>\u00c9TATS-UNIS<\/b><br \/>\n5G Free Rhode Island<br \/>\nA Voice for Choice Advocacy<br \/>\nAlliance for Microwave Radiation Accountability<br \/>\nAmericans for Responsible Technology<br \/>\nArizonans for Safe Technology<br \/>\nBuilding Biology Institute<br \/>\nCalifornians for Safe Technology<br \/>\nCenter for Electrosmog Prevention<br \/>\nChildren\u2019s Health Defense<br \/>\nConnecticut Residents for Responsible Technology<br \/>\nEMF Safety Network<br \/>\nEMF Wellness Tucson<br \/>\nEnvironmental Health Trust<br \/>\nEnvironmentalists Against War<br \/>\nFamilies Advocating for Chemical and Toxics Safety<br \/>\nFamilies for Safe Technology<br \/>\nHawaii Unites<br \/>\nHealth and Habitat<br \/>\nIdahoans for Safe Technology<br \/>\nLast Tree Laws<br \/>\nLongmont for Safe Technology<br \/>\nMalibu for Safe Tech<br \/>\nMassachusetts for Safe Technology<br \/>\nMCS Advocacy<br \/>\nMoms Across America<br \/>\nNapa Neighborhood Association for Safe Technology<br \/>\nNational Association for Children and Safe Technology<br \/>\nNational Toxic Encephalopathy Foundation<br \/>\nNew York Safe Utility Meter Association (NYSUMA)<br \/>\nOcean Mammal Institute<br \/>\nOregon for Safe Technology<br \/>\nPennsylvanians for Safe Technology<br \/>\nPhysicians for Safe Technology<br \/>\nRhode Islanders for Safe Technology<br \/>\nRocky Mountain Environmental Health Association<br \/>\nSafe Tech for Santa Rosa<br \/>\nSafe Tech Hawaii<br \/>\nSafe Tech Tucson<br \/>\nSafe Technology for Santa Barbara County<br \/>\nSmart Meter Education Network<br \/>\nSouthwest Pennsylvania for Safe Technology<br \/>\nStop Smart Meters!<br \/>\nThree Aunties<br \/>\nToxics Information Project<br \/>\nVermonters for a Clean Environment<br \/>\nWireless Education<br \/>\nWireless Radiation Education and Defense<br \/>\nWisconsin for Safe Technology<\/span><\/p>\n<p class=\"western\" align=\"center\"><span lang=\"fr-FR\"><b>CANADA<\/b><br \/>\nCanadian Educators for Safe Technology<br \/>\nCanadians for Safe Technology<br \/>\nCitizens for Safer Tech<br \/>\nEthical Environmental Consulting<br \/>\nManitobans for Safe Technology<br \/>\nPEACE School<br \/>\nSafe Living Technologies<br \/>\nWEEP Initiative<\/span><\/p>\n<p class=\"western\" align=\"center\"><span lang=\"fr-FR\"><b>AUSTRALIE<\/b><br \/>\nEMFacts Consultancy<br \/>\nEMR Australia<br \/>\nOceania Radiofrequency Scientific Advisory Association (ORSAA)<br \/>\nOceania Restoration Council<\/span><\/p>\n<p class=\"western\" align=\"center\"><span lang=\"fr-FR\"><b>BELGIQUE<\/b><br \/>\nAntwerpen Nieuw Society 4.0<br \/>\nStralingsArmVlaanderen<br \/>\nTeslabel Coordination<\/span><\/p>\n<p class=\"western\" align=\"center\"><b><span lang=\"fr-FR\"><b>BERMUDA<\/b><\/span><\/b><br \/>\nBermuda Advocates for Safe Technology<\/p>\n<p class=\"western\" align=\"center\"><span lang=\"fr-FR\"><b>BRAZIL<\/b><br \/>\nBrasil pela Tecnologia Segura<br \/>\nSlowphone<\/span><\/p>\n<p class=\"western\" align=\"center\"><b><span lang=\"fr-FR\">CHILI<\/span><\/b><br \/>\nUnidos por Tecnolog\u00eda Responsable<\/p>\n<p class=\"western\" align=\"center\"><span lang=\"fr-FR\"><b>CHYPRE<\/b><br \/>\nEMF Cyprus<\/span><\/p>\n<p class=\"western\" align=\"center\"><span lang=\"fr-FR\"><b>ESWATINI<\/b><br \/>\nRadio Astronomy Eswatini Ltd.<\/span><\/p>\n<p class=\"western\" align=\"center\"><span lang=\"fr-FR\"><b>FRANCE<\/b><br \/>\nAction citoyenne environnementale<br \/>\nAssociation pour un Espace Prot\u00e9g\u00e9 des Ondes Hertziennes (AEPOH)<br \/>\nCellphone Hunter<br \/>\nLes Citoyens Eclair\u00e9s<br \/>\nPhonegate Alert<br \/>\nPr\u00e9vention des Ondes \u00c9lectromagn\u00e9tiques (Poem26)<br \/>\nPRIARTEM<br \/>\nRobin des Toits<\/span><\/p>\n<p class=\"western\" align=\"center\"><span lang=\"fr-FR\"><b>GABON<\/b><br \/>\nObservatoire Gabonais de la Pollution \u00e9lectromagn\u00e9tique<\/span><\/p>\n<p class=\"western\" align=\"center\"><span lang=\"fr-FR\"><b>ALLEMAGNE<\/b><br \/>\nB\u00fcndnis Verantwortungsvoller Mobilfund Deutschland<br \/>\nB\u00fcrgerinitiative Mobilfunk T\u00fcbingen<br \/>\nDiagnose:funk<br \/>\nKompetenzinitiative zum Schutz von Mensch, Umwelt und Demokratie e. V.<\/span><\/p>\n<p class=\"western\" align=\"center\"><span lang=\"fr-FR\"><b>INDE<\/b><br \/>\nIndia Project for Animals and Nature (IPAN)<\/span><\/p>\n<p class=\"western\" align=\"center\"><span lang=\"fr-FR\"><b>ISRA\u00cbL<\/b><br \/>\nNo Radiation for You<\/span><\/p>\n<p class=\"western\" align=\"center\"><span lang=\"fr-FR\"><b>ITALIE<\/b><br \/>\nAlleanza Italiana Stop 5G<br \/>\nAssociazione Medici per l&rsquo;Ambiente<br \/>\nAssociazione Per la Prevenzione e la Lotta all&rsquo;Elettrosmog (A.P.P.L.E.)<br \/>\nCentro Studi Sereno Regis<br \/>\nElettrosmog Sicilia<br \/>\nElettrosmog Volturino<br \/>\nNo Elettrosmog a Capurso<br \/>\nRete NoElettrosmog Italia<\/span><\/p>\n<p class=\"western\" align=\"center\"><span lang=\"fr-FR\"><b>JAPON<\/b><br \/>\nLife-Environment Network<\/span><\/p>\n<p class=\"western\" align=\"center\"><span lang=\"fr-FR\"><b>MEXIQUE<\/b><br \/>\nConsumidores por una Tecnolog\u00eda Responsable<br \/>\nRed Mexicana de Periodistas Ambientales<\/span><\/p>\n<p class=\"western\" align=\"center\"><span lang=\"fr-FR\"><b>PAYS-BAS<\/b><br \/>\nStralingsBewust<\/span><\/p>\n<p class=\"western\" align=\"center\"><span lang=\"fr-FR\"><b>NOUVELLE-Z\u00c9LANDE<\/b><br \/>\nSafe Information and Communications Technology for New Zealand<br \/>\nWaiheke Action for Ethical Technology<\/span><\/p>\n<p class=\"western\" align=\"center\"><span lang=\"fr-FR\"><b>NORV\u00c8GE<\/b><br \/>\nFolkets Str\u00e5levern<br \/>\nForeningen for el-overf\u00f8lsomme<\/span><\/p>\n<p class=\"western\" align=\"center\"><span lang=\"fr-FR\"><b>P\u00c9ROU<\/b><br \/>\nRadar Verde<\/span><\/p>\n<p class=\"western\" align=\"center\"><span lang=\"fr-FR\"><b>PORTUGAL<\/b><br \/>\nPortuguese Society of Integral Medicine<\/span><\/p>\n<p class=\"western\" align=\"center\"><span lang=\"fr-FR\"><b>RUSSIE<\/b><br \/>\nRussian National Committee on Non-Ionizing Radiation Protection<\/span><\/p>\n<p class=\"western\" align=\"center\"><span lang=\"fr-FR\"><b>SLOVAQUIE<\/b><br \/>\nElektrosmog a zdravie<\/span><\/p>\n<p class=\"western\" align=\"center\"><span lang=\"fr-FR\"><b>SLOV\u00c9NIE<\/b><br \/>\nMovement for Human Friendly Technology<\/span><\/p>\n<p class=\"western\" align=\"center\"><span lang=\"fr-FR\"><b>AFRIQUE DU SUD<\/b><br \/>\nElectromagnetic Radiation Research Foundation of South Africa<br \/>\nElectromagnetic Radiation South Africa<\/span><\/p>\n<p class=\"western\" align=\"center\"><span lang=\"fr-FR\"><b>ESPAGNE<\/b><br \/>\nAsociaci\u00f3n de Afectados de Navarra por Campos Electromagn\u00e9ticos (ASANACEM)<br \/>\nAsociaci\u00f3n Vallisoletana de Afectad@s por las Antenas de Telecomunicaciones (AVAATE)<br \/>\nEcologistas en Acci\u00f3n<br \/>\nStop 5G Segovia<\/span><\/p>\n<p class=\"western\" align=\"center\"><span lang=\"fr-FR\"><b>SU\u00c8DE<\/b><br \/>\nEl\u00f6verk\u00e4nsligas Riksf\u00f6rbund<br \/>\nStr\u00e5lskyddsstiftelsen<br \/>\nV\u00e5gbrytaren<\/span><\/p>\n<p class=\"western\" align=\"center\"><span lang=\"fr-FR\"><b>SUISSE<\/b><br \/>\nDiagnose:funk Schweiz<br \/>\nGigaherz.ch<br \/>\nLa Vaud sans antennes<br \/>\nVerein Schutz vor Strahlung<\/span><\/p>\n<p class=\"western\" align=\"center\"><span lang=\"fr-FR\"><b>TUNISIE<\/b><br \/>\nAPNEK Tunisia<\/span><\/p>\n<p class=\"western\" align=\"center\"><span lang=\"fr-FR\"><b>ROYAUME-UNI<\/b><br \/>\nEM Radiation Research Trust<br \/>\nFor Trees UK<br \/>\nInterconnections<br \/>\nNailsworth 5G Action Group<br \/>\nPhysicians\u2019 Health Initiative for Radiation and Environment (PHIRE)<br \/>\nPowerwatch<\/span><\/p>\n<p class=\"western\" align=\"justify\"><span lang=\"fr-FR\">Je suis un scientifique sp\u00e9cialiste des CEM depuis 42\u00a0ans et militant depuis 27\u00a0ans. Depuis que j\u2019ai commenc\u00e9 \u00e0 travailler sur cette question, l\u2019irradiation de nos corps, de nos maisons et de notre plan\u00e8te a \u00e9t\u00e9 multipli\u00e9e par plus d\u2019un million en termes d\u2019amplitude, de largeur de bande, de nombre de signaux, de nombre d\u2019appareils et \u00e0 tous les autres \u00e9gards. M\u00eame si nous devenons tous unis, il n\u2019est pas certain que nous parvenions \u00e0 \u00e9veiller le monde \u00e0 cette r\u00e9alit\u00e9 et \u00e0 l\u2019inverser. Mais si nous restons fragment\u00e9s, cela n\u2019arrivera certainement pas et nous n\u2019aurons bient\u00f4t plus de plan\u00e8te o\u00f9 vivre. C\u2019est d\u00e9j\u00e0 presque le cas. D\u2019o\u00f9 l\u2019urgence et la raison d\u2019\u00eatre de cette lettre.<\/span><\/p>\n<p class=\"western\" align=\"justify\"><span lang=\"fr-FR\">Voici quelques-uns des probl\u00e8mes que je vois et que je soumets \u00e0 la discussion\u00a0:<\/span><\/p>\n<p class=\"western\" align=\"justify\"><b><span lang=\"fr-FR\">1. La majorit\u00e9 d\u2019entre nous poss\u00e8de un t\u00e9l\u00e9phone portable.<\/span><\/b><\/p>\n<p class=\"western\" align=\"justify\"><span lang=\"fr-FR\">Je consid\u00e8re qu\u2019il s\u2019agit d\u2019un probl\u00e8me de cr\u00e9dibilit\u00e9. M\u00eame l\u2019utilisation la plus br\u00e8ve et la moins fr\u00e9quente d\u2019un t\u00e9l\u00e9phone portable n\u00e9cessite la pr\u00e9sence de toutes les tour<\/span><span lang=\"fr-FR\">s<\/span><span lang=\"fr-FR\"> de t\u00e9l\u00e9phonie mobile et de tous les satellites du monde. Le simple fait de pouvoir utiliser un t\u00e9l\u00e9phone portable n\u00e9cessite l\u2019irradiation 24\u00a0heures sur 24 et 7\u00a0jours sur 7 de chaque centim\u00e8tre carr\u00e9 de la Terre, du ciel et des oc\u00e9ans. En outre, il semble hypocrite de protester contre les tour<\/span><span lang=\"fr-FR\">s<\/span><span lang=\"fr-FR\"> de t\u00e9l\u00e9phonie mobile avec un t\u00e9l\u00e9phone portable \u00e0 la main. Cela revient \u00e0 dire au monde\u00a0: \u00ab\u00a0Les entreprises de t\u00e9l\u00e9communications n\u2019ont pas le droit de me faire du mal. Mais j\u2019ai le droit de nuire \u00e0 ma famille, \u00e0 mes amis et \u00e0 mes voisins.\u00a0\u00bb Nous leur nuisons avec les radiations non seulement des tours de t\u00e9l\u00e9phonie cellulaire que nous commandons, mais aussi directement \u00e0 travers l\u2019espace entre nos t\u00e9l\u00e9phones et d\u2019autres \u00eatres humains.<\/span><\/p>\n<p class=\"western\" align=\"justify\"><span lang=\"fr-FR\">Ce n\u2019est que si nous nous unissons en nombre suffisant, non seulement pour pr\u00e9coniser leur \u00e9limination, mais aussi pour jeter nos t\u00e9l\u00e9phones portables, que nous pourrons commencer \u00e0 \u00eatre efficaces et \u00e0 esp\u00e9rer un avenir sur Terre.<\/span><\/p>\n<p class=\"western\" align=\"justify\"><b><span lang=\"fr-FR\">2. Nous demandons toujours aux gouvernements de r\u00e9duire les \u00ab\u00a0niveaux\u00a0\u00bb de radiation autoris\u00e9s.<\/span><\/b><\/p>\n<p class=\"western\" align=\"justify\"><span lang=\"fr-FR\">C\u2019est l\u00e0 que je suis intervenu, il y a 27\u00a0ans. En 1996, plus de 50\u00a0organisations des \u00c9tats-Unis se sont unies pour intenter un proc\u00e8s \u00e0 la Commission f\u00e9d\u00e9rale des communications pour avoir adopt\u00e9 des limites d\u2019exposition aux radiofr\u00e9quences que nous jugions trop \u00e9lev\u00e9es. Mais ce que nous n\u2019avions pas reconnu en 1996 et ce que la plupart des gens ne reconnaissent toujours pas aujourd\u2019hui, c\u2019est que non seulement il n\u2019existe pas de niveau s\u00fbr de rayonnement RF, mais qu\u2019il n\u2019existe m\u00eame pas de niveaux plus s\u00fbrs, et qu\u2019une r\u00e9duction de la puissance ne prot\u00e8ge personne. Comme Kositsky, Nizhelska et Ponezha l\u2019ont \u00e9crit dans leur <a href=\"http:\/\/r.mail.cellphonetaskforce.org\/mk\/cl\/f\/sh\/7nVU1aA2nfsTT5wc8WkCGIiEJ1rkafq\/81wKkAckxIa5\" target=\"_blank\" rel=\"noopener\">revue de la litt\u00e9rature<\/a> en 2001, c\u2019est le contenu informationnel d\u2019un signal (fr\u00e9quence, modulation, polarisation, etc.) qui affecte la biologie, et non son niveau de puissance\u00a0:<\/span><\/p>\n<p class=\"western\" align=\"justify\"><span lang=\"fr-FR\">\u00ab\u00a0Un r\u00f4le important (sinon principal) est jou\u00e9 par les interactions informationnelles. Celles-ci sont caract\u00e9ris\u00e9es par la transformation de l\u2019information et sa transmission, sa codification et son stockage. Les effets biologiques associ\u00e9s \u00e0 ces interactions ne d\u00e9pendent pas de la <\/span><span lang=\"fr-FR\">puissanc<\/span><span lang=\"fr-FR\">e de l\u2019\u00e9nergie transport\u00e9e dans l\u2019un ou l\u2019autre syst\u00e8me, mais de l\u2019information qui y est transport\u00e9e\u2026 Il r\u00e9sulte simplement de l\u2019exp\u00e9rience que l\u2019\u00e9nerg\u00e9tique de l\u2019exposition \u00e9lectromagn\u00e9tique externe ne joue aucun r\u00f4le\u00a0; m\u00eame des niveaux relativement faibles (seuil) suffisent\u00a0\u00bb.<\/span><\/p>\n<p class=\"western\" align=\"justify\"><span lang=\"fr-FR\">Tous les pionniers de la recherche sur les CEM, y compris <a href=\"http:\/\/r.mail.cellphonetaskforce.org\/mk\/cl\/f\/sh\/7nVU1aA2nfuMScRv75yeIf22TOMXKcM\/VmB9RGEXp4uz\" target=\"_blank\" rel=\"noopener\">Allan Frey<\/a>, <a href=\"http:\/\/r.mail.cellphonetaskforce.org\/mk\/cl\/f\/sh\/7nVU1aA2nfwFS8xE5fD6L1LqdkrK4Ys\/HuZN81Js4Ucr\" target=\"_blank\" rel=\"noopener\">Ross Adey<\/a> et <a href=\"http:\/\/r.mail.cellphonetaskforce.org\/mk\/cl\/f\/sh\/7nVU1aA2nfy8RfSX4ERYNNfeo7M6oVO\/OTI8NmWItyse\" target=\"_blank\" rel=\"noopener\">Neil Cherry<\/a>, ont dit la m\u00eame chose\u00a0: le seul niveau s\u00fbr est z\u00e9ro. <a href=\"http:\/\/r.mail.cellphonetaskforce.org\/mk\/cl\/f\/sh\/7nVU1aA2ng01RBxq2ng0PjzSyTqtYRu\/hyR0JJlKCvMI\" target=\"_blank\" rel=\"noopener\">Robert Becker<\/a>, \u00e0 la page\u00a0312 de <\/span><span lang=\"fr-FR\"><i>The Body Electric<\/i><\/span><span lang=\"fr-FR\">, a d\u00e9clar\u00e9 que \u00ab\u00a0les recherches accumul\u00e9es ont clairement montr\u00e9 que de petites doses ont souvent les m\u00eames effets que des doses plus importantes\u00a0\u00bb. Des chercheurs comme Carl Blackman, de l\u2019Agence pour la protection de l\u2019environnement <\/span><span lang=\"fr-FR\">(<\/span><span lang=\"en-US\">the Environmental Protection Agency<\/span><span lang=\"fr-FR\">)<\/span><span lang=\"fr-FR\">, ont trouv\u00e9 des <\/span><span lang=\"fr-FR\">cr\u00e9neaux<\/span><span lang=\"fr-FR\"> d\u2019amplitude d\u2019effet maximal pour l\u2019<\/span><span lang=\"fr-FR\">\u00e9coulement<\/span><span lang=\"fr-FR\"> de calcium des cellules c\u00e9r\u00e9brales. Les chercheurs les plus prolifiques sur la barri\u00e8re h\u00e9matoenc\u00e9phalique, <a href=\"http:\/\/r.mail.cellphonetaskforce.org\/mk\/cl\/f\/sh\/7nVU1aA2ng3nQEyRzw8uUSd5JCqT2Kw\/wpQ7KM8-sMpd\" target=\"_blank\" rel=\"noopener\">Leif Salford<\/a> et son \u00e9quipe de neurochirurgie \u00e0 l\u2019universit\u00e9 de Lund, ont constat\u00e9 que les dommages les plus importants \u00e0 la barri\u00e8re h\u00e9matoenc\u00e9phalique se produisaient au niveau d\u2019exposition la plus faible, et non les plus \u00e9lev\u00e9s, et ils ont conclu que le fait de tenir un t\u00e9l\u00e9phone portable \u00e0 une certaine distance augmentait les dommages. Comme l\u2019a \u00e9crit <a href=\"http:\/\/r.mail.cellphonetaskforce.org\/mk\/cl\/f\/sh\/7nVU1aA2ng5gPlTkyVNMWowtTZLFmHS\/CwyzOtI-Yl33\" target=\"_blank\" rel=\"noopener\">Mae-Wan Ho<\/a>, \u00ab\u00a0l\u2019une des caract\u00e9ristiques d\u2019un organisme est sa sensibilit\u00e9 exquise \u00e0 des signaux sp\u00e9cifiques et subtils\u00a0\u00bb.<\/span><\/p>\n<p class=\"western\" align=\"justify\"><span lang=\"fr-FR\">Aucun chercheur, \u00e0 l\u2019exception de ceux qui ne s\u2019int\u00e9ressent qu\u2019\u00e0 l\u2019\u00e9chauffement thermique, n\u2019a jamais d\u00e9montr\u00e9 qu\u2019une diminution du niveau de puissance rendait les rayonnements RF plus s\u00fbrs. Pourtant, tout le monde veut y croire et, ann\u00e9e apr\u00e8s ann\u00e9e, protestation apr\u00e8s protestation, p\u00e9tition apr\u00e8s p\u00e9tition, proposition de loi apr\u00e8s proposition de loi, personne ne demande rien d\u2019autre que l\u2019abaissement du niveau d\u2019exposition autoris\u00e9. Tout le monde suppose qu\u2019il existe un moyen d\u2019avoir le beurre et l\u2019argent du beurre, et nous plongeons dans le proverbial pr\u00e9cipice de l\u2019oubli biologique.<\/span><\/p>\n<p class=\"western\" align=\"justify\"><span lang=\"fr-FR\">La distance par rapport \u00e0 une source peut faire une diff\u00e9rence, non pas parce que le niveau de puissance diminue, mais parce que les r\u00e9flexions interf\u00e8rent de mani\u00e8re destructive avec le signal direct et parce que des objets se trouvent sur le chemin. Lorsque le signal est d\u00e9grad\u00e9, il devient moins coh\u00e9rent, contient moins d\u2019informations et a moins d\u2019effets biologiques. Cela n\u2019a rien \u00e0 voir avec le niveau de puissance, mais tout \u00e0 voir avec la possibilit\u00e9 d\u2019utiliser un t\u00e9l\u00e9phone portable.<\/span><\/p>\n<p class=\"western\" align=\"justify\"><b><span lang=\"fr-FR\">3. La \u00ab\u00a0HSEM\u00a0\u00bb (hypersensibilit\u00e9 \u00e9lectromagn\u00e9tique) existe-t-elle\u00a0?<\/span><\/b><\/p>\n<p class=\"western\" align=\"justify\"><span lang=\"fr-FR\">De mon point de vue, elle n\u2019existe pas, elle n\u2019est pas d\u00e9finie et nous ne serons jamais efficaces tant que l\u2019utilisation du terme et du concept d\u2019\u00ab\u00a0HSEM\u00a0\u00bb n\u2019aura pas pris fin. Pour moi, c\u2019est \u00e9vident\u00a0: nous ne qualifions pas d\u2019\u00ab\u00a0hypersensibles\u00a0\u00bb tous les oiseaux, abeilles, animaux et for\u00eats morts et mourants. Seuls les \u00eatres humains sont concern\u00e9s, et uniquement par les CEM. M\u00eame pour les \u00eatres humains, lorsque nous sommes empoisonn\u00e9s par autre chose, par exemple le plomb, nous souffrons de saturnisme, pas d\u2019\u00ab\u00a0hypersensibilit\u00e9 au plomb\u00a0\u00bb. Le terme \u00ab\u00a0HSEM\u00a0\u00bb ne fait que perp\u00e9tuer la technologie sans fil. Il incite la population mondiale \u00e0 croire que les radiations ne nuisent qu\u2019\u00e0 quelques personnes anormales. Il fait partie du d\u00e9ni profond que l\u2019utilisation universelle des appareils sans fil a engendr\u00e9 et dont elle d\u00e9pend.<\/span><\/p>\n<p class=\"western\" align=\"justify\"><span lang=\"fr-FR\">Certains chercheurs d\u00e9finissent les dommages caus\u00e9s \u00e0 l\u2019homme par les CEM comme une \u00ab\u00a0hypersensibilit\u00e9\u00a0\u00bb. Par exemple, l\u2019\u00e9tude de Magda Havas de 2012 sur la variabilit\u00e9 du rythme cardiaque, <a href=\"http:\/\/r.mail.cellphonetaskforce.org\/mk\/cl\/f\/sh\/7nVU1aA2ng7ZPHz3x4boZBGhdvq2WDy\/a1tBtYmqu5y0\" target=\"_blank\" rel=\"noopener\">republi\u00e9e en 2021<\/a>, vient de circuler parmi nous pour confirmer la r\u00e9alit\u00e9 de l\u2019\u00ab\u00a0HSEM\u00a0\u00bb. Or, elle fait tout le contraire. Je connais et respecte Magda, et j\u2019\u00e9tais dans la salle avec elle ici \u00e0 Santa Fe en 2008 lorsqu\u2019elle recrutait des sujets pour cette recherche. Mais j\u2019avais des doutes sur la conception de l\u2019\u00e9tude et je n\u2019y ai pas particip\u00e9. Elle a expos\u00e9 69\u00a0personnes \u00e0 un t\u00e9l\u00e9phone sans fil, a constat\u00e9 que les radiations affectaient le rythme cardiaque de 46 d\u2019entre elles et a d\u00e9fini ces personnes comme \u00ab\u00a0hypersensibles\u00a0\u00bb \u00e0 l\u2019\u00e9lectromagn\u00e9tisme. En d\u2019autres termes, le rythme cardiaque de deux tiers de tous ses sujets \u2014 \u00e0 la fois les 39\u00a0personnes qui se sont d\u00e9clar\u00e9es \u00ab\u00a0HSEM\u00a0\u00bb et les 30\u00a0personnes qui ne l\u2019ont pas \u00e9t\u00e9 \u2014 a \u00e9t\u00e9 affect\u00e9 par le t\u00e9l\u00e9phone sans fil. Et le taux de concordance entre l\u2019autoperception <\/span><span lang=\"fr-FR\">d\u2019\u00eatre <\/span><span lang=\"fr-FR\">\u00ab\u00a0HSEM\u00a0\u00bb ou non et le fait d\u2019\u00eatre effectivement affect\u00e9 par le t\u00e9l\u00e9phone sans fil ou non n\u2019\u00e9tait que de 42\u00a0%, ce qui est inf\u00e9rieur au hasard. Cette \u00e9tude pr\u00e9sentait des lacunes majeures\u00a0: aucune analyse statistique des donn\u00e9es n\u2019a \u00e9t\u00e9 effectu\u00e9e\u00a0; les sujets n\u2019ont pas \u00e9t\u00e9 interrog\u00e9s sur leur propre utilisation de t\u00e9l\u00e9phones sans fil ou de t\u00e9l\u00e9phones portables, ce qui pourrait avoir un rapport avec leur r\u00e9action \u00e0 l\u2019un d\u2019entre eux au cours de l\u2019exp\u00e9rience\u00a0; et chaque sujet portait une \u00ab\u00a0ceinture d\u2019\u00e9lectrodes avec \u00e9metteur\u2026 sur la poitrine, pr\u00e8s du c\u0153ur, contre la peau\u00a0\u00bb, ce qui signifie que leur c\u0153ur \u00e9tait expos\u00e9 aux rayonnements pendant toute la dur\u00e9e de l\u2019exp\u00e9rience, que le t\u00e9l\u00e9phone sans fil soit allum\u00e9 ou \u00e9teint.<\/span><\/p>\n<p class=\"western\" align=\"justify\"><span lang=\"fr-FR\">Ce que l\u2019\u00e9tude de Magda prouve, et ce que toutes les autres \u00e9tudes que j\u2019ai vues prouvent, ce n\u2019est pas que certaines personnes sont \u00ab\u00a0hypersensibles\u00a0\u00bb aux CEM et d\u2019autres non, mais que tout le monde est affect\u00e9, et que cela peut \u00eatre prouv\u00e9 en mesurant la variabilit\u00e9 de la fr\u00e9quence cardiaque, la glyc\u00e9mie, la pression art\u00e9rielle et un certain nombre d\u2019autres param\u00e8tres physiques.<\/span><\/p>\n<p class=\"western\" align=\"justify\"><span lang=\"fr-FR\">Et le probl\u00e8me n\u2019est pas le manque d\u2019\u00e9tudes \u2014 il y a d\u00e9j\u00e0 plus d\u2019\u00e9tudes sur les effets des CEM sur les humains, les animaux, les insectes, les oiseaux, les poissons et les plantes que sur presque n\u2019importe quelle autre toxine. En effet, notre monde est tellement satur\u00e9 par une \u00e9norme bande passante de fr\u00e9quences technologiques, contre lesquelles il est impossible de se prot\u00e9ger, que tout le monde sur terre est expos\u00e9 en permanence et de mani\u00e8re in\u00e9luctable, et qu\u2019il n\u2019est plus possible de r\u00e9aliser des exp\u00e9riences v\u00e9ritablement contr\u00f4l\u00e9es.<\/span><\/p>\n<p class=\"western\" align=\"justify\"><span lang=\"fr-FR\">Le probl\u00e8me n\u2019est pas le manque d\u2019\u00e9tudes, mais le d\u00e9ni profond qui existe dans notre soci\u00e9t\u00e9 d\u2019utilisateurs de t\u00e9l\u00e9phones portables.<\/span><\/p>\n<p class=\"western\" align=\"justify\"><b><span lang=\"fr-FR\">4. La communication avec la soci\u00e9t\u00e9 en g\u00e9n\u00e9ral fait d\u00e9faut.<\/span><\/b><\/p>\n<p class=\"western\" align=\"justify\"><span lang=\"fr-FR\">Je suis invit\u00e9 presque chaque semaine \u00e0 participer ou \u00e0 intervenir dans un nombre croissant de conf\u00e9rences en personne, de conf\u00e9rences en ligne, de r\u00e9unions Zoom, de podcasts, etc. qui refl\u00e8tent un besoin de plus en plus pressant de s\u2019\u00e9duquer les uns les autres, mais c\u2019est tout ce que je vois se produire. Nous nous parlons les uns aux autres et non au reste de la soci\u00e9t\u00e9. Dans une certaine mesure, cela peut conduire \u00e0 un \u00e9tat d\u2019esprit conspirationniste, r\u00e9pandu dans toute la soci\u00e9t\u00e9 actuelle, qui voit le monde en termes de \u00ab\u00a0nous\u00a0\u00bb et \u00ab\u00a0eux\u00a0\u00bb. Je dois constamment faire face au d\u00e9ni du changement climatique, aux \u00ab\u00a0chemtrails\u00a0\u00bb et \u00e0 d\u2019autres id\u00e9es qui, me semble-t-il, nous peignent tous avec un pinceau de conspirateur, emp\u00eachent la science dominante de prendre les CEM au s\u00e9rieux et dissuadent les organisations environnementales dominantes de travailler avec nous. Je <\/span><span lang=\"fr-FR\">le dis<\/span><span lang=\"fr-FR\"> parce que je la consid\u00e8re comme un obstacle majeur \u00e0 l\u2019accomplissement de quelque chose.<\/span><\/p>\n<p class=\"western\" align=\"justify\"><span lang=\"fr-FR\">Voici <\/span><span lang=\"fr-FR\">un outil existant qui peut \u00eatre appliqu\u00e9 \u00e0 l\u2019ensemble de la soci\u00e9t\u00e9\u00a0:<\/span><\/p>\n<p class=\"western\" align=\"center\"><b><span lang=\"fr-FR\">D<\/span><span lang=\"fr-FR\">ocument d\u2019orientation sur l\u2019\u00e9lectrosmog <\/span><\/b><\/p>\n<p class=\"western\" align=\"justify\"><span lang=\"fr-FR\">Le 12\u00a0juillet 2023, j\u2019ai publi\u00e9, avec mon assistante Kathleen Burke, Ian Jarvis, Christof Plothe et Tess Lawrie du Conseil mondial de la sant\u00e9, <a href=\"http:\/\/r.mail.cellphonetaskforce.org\/mk\/cl\/f\/sh\/7nVU1aA2ng9SOoUMvdqGbXaVoIKpGAU\/wl0LJZ-QYq_S\" target=\"_blank\" rel=\"noopener\">un document d\u2019orientation sur l\u2019\u00e9lectrosmog<\/a> qui a \u00e9t\u00e9 \u00e9labor\u00e9 pendant huit mois et qui, \u00e0 ce jour, est soutenu par 30\u00a0organisations dans 11\u00a0pays. Ce document d\u00e9crit les principaux \u00e9l\u00e9ments de la technologie sans fil, les effets qu\u2019ils ont sur le monde et les <\/span><span lang=\"fr-FR\">\u00e9tap<\/span><span lang=\"fr-FR\">es r\u00e9alistes \u00e0 prendre pour inverser notre d\u00e9pendance \u00e0 l\u2019\u00e9gard de cette technologie et sauver notre plan\u00e8te de l\u2019extinction. Il s\u2019adresse aux gouvernements, aux l\u00e9gislateurs, aux organisations environnementales, aux \u00e9coles et aux responsables religieux, politiques et communautaires. Il s\u2019agit du premier document jamais r\u00e9dig\u00e9 qui expose les termes d\u2019un trait\u00e9 international sur l\u2019\u00e9lectrosmog qui devrait \u00eatre adopt\u00e9.<\/span><\/p>\n<p class=\"western\" align=\"justify\"><span lang=\"fr-FR\">Cette note d\u2019orientation peut \u00eatre le point de convergence d\u2019une action commune de <\/span><span lang=\"fr-FR\">nous <\/span><span lang=\"fr-FR\">tous qui travaill<\/span><span lang=\"fr-FR\">o<\/span><span lang=\"fr-FR\">ns ensemble. J\u2019invite toutes les organisations auxquelles j\u2019envoie ce courriel \u00e0 <\/span><span lang=\"fr-FR\">adh\u00e9rer<\/span> <span lang=\"fr-FR\">\u00e0 <\/span><span lang=\"fr-FR\">cette note <\/span><span lang=\"fr-FR\">d\u2019orientation<\/span><span lang=\"fr-FR\">, si <\/span><span lang=\"fr-FR\">ce n\u2019est d\u00e9j\u00e0<\/span><span lang=\"fr-FR\"> fait\u00a0; si vous repr\u00e9sentez une organisation, r\u00e9pondez simplement \u00e0 ce courriel et je l\u2019ajouterai \u00e0 la liste des <\/span><span lang=\"fr-FR\">soutien<\/span><span lang=\"fr-FR\">s. Nous devrons ensuite nous organiser, nous unir et commencer \u00e0 pr\u00e9senter ce document aux instances locales, nationales et internationales.<\/span><\/p>\n<p class=\"western\" align=\"justify\"><span lang=\"fr-FR\">Pour la Terre,<\/span><\/p>\n<p class=\"western\" align=\"justify\"><span lang=\"fr-FR\">Arthur Firstenberg <\/span><\/p>\n<p>President, <span style=\"color: #000080;\"><u><a href=\"http:\/\/r.mail.cellphonetaskforce.org\/mk\/cl\/f\/sh\/WCPzyXJTZ6vLwtyd1cfRzqJvMjvJPP5G\/7Xak-vaaBIKC\"><span lang=\"fr-FR\">Cellular Phone Task Force<\/span><\/a><\/u><\/span><br \/>\nAuteur, <span style=\"color: #000080;\"><u><a href=\"https:\/\/www.amazon.fr\/LArc-en-ciel-invisible-Lhistoire-l%C3%A9lectricit%C3%A9-vie\/dp\/2940594325\/ref=sr_1_1?keywords=arthur+firstenberg&amp;sr=8-1\"><span lang=\"fr-FR\">L\u2019arc-en-ciel invisible\u00a0: Une histoire de l\u2019\u00e9lectricit\u00e9 et de la vie<\/span><\/a><\/u><\/span><br \/>\nP.O. box\u00a06216<br \/>\nSanta Fe, NM\u00a087502<br \/>\nUSA<br \/>\nt\u00e9l\u00e9phone\u00a0: +1 505-471-0129<\/p>\n<p class=\"western\" align=\"justify\"><span style=\"color: #000080;\"><u><a href=\"mailto:arthur@cellphonetaskforce.org\"><span lang=\"fr-FR\">arthur@cellphonetaskforce.org<\/span><\/a><\/u><\/span><\/p>\n<p class=\"western\" align=\"justify\"><span lang=\"fr-FR\">14\u00a0novembre 2023<\/span><\/p>\n<p style=\"text-align: center;\" align=\"justify\">_____________________________<\/p>\n<p class=\"western\" align=\"center\"><b><span lang=\"fr-FR\">Correction et Discussion importante<\/span><\/b><\/p>\n<p class=\"western\" align=\"justify\">La lettre que je vous ai envoy\u00e9e mardi contenait une section controvers\u00e9e sur l\u2019hypersensibilit\u00e9 \u00e9lectromagn\u00e9tique (HSEM), un terme qui, selon moi, ne repr\u00e9sente pas la r\u00e9alit\u00e9 et joue en notre d\u00e9faveur. Ma lettre contenait une erreur\u00a0: le \u00ab\u00a0transmetteur\u00a0\u00bb dans l\u2019\u00e9tude de Magda Havas \u00e9tait un \u00e9metteur filaire, et non sans fil, et n\u2019ajoutait donc pas de radiation dans son \u00e9tude. Je lui pr\u00e9sente mes excuses pour cette erreur.<\/p>\n<p class=\"western\" align=\"justify\">Mes \u00e9changes avec Magda depuis mardi ont \u00e9t\u00e9 productifs et importants. Nous avons discut\u00e9 de l\u2019utilisation du terme \u00ab\u00a0HSEM\u00a0\u00bb, avec lequel aucun de nous n\u2019est \u00e0 l\u2019aise. De mon point de vue, l\u2019utilisation de ce terme \u00e9tiquette les gens, les marginalise et les d\u00e9munit. Nous devrions plut\u00f4t donner aux gens les moyens de cesser de penser qu\u2019ils sont diff\u00e9rents des autres ou qu\u2019il y a quelque chose qui ne va pas chez eux, et les encourager \u00e0 travailler ensemble pour mettre fin \u00e0 l\u2019agression. Il ne s\u2019agit pas d\u2019essayer de se cacher futilement ou de se faire traiter pour une maladie ou un handicap qu\u2019ils n\u2019ont pas. Tout le monde est touch\u00e9, et ceux d\u2019entre nous qui en sont conscients devraient collaborer pour y mettre fin.<\/p>\n<p class=\"western\" align=\"justify\">L\u2019autre probl\u00e8me, encore plus important, que mes conversations avec Magda et d\u2019autres depuis mardi ont mis en lumi\u00e8re est l\u2019utilisation des t\u00e9l\u00e9phones portables. Une personne m\u2019a envoy\u00e9 un e-mail pour objecter \u00e0 l\u2019utilisation d\u2019un langage trop fort. Elle voulait que je fasse comprendre que poss\u00e9der un t\u00e9l\u00e9phone portable ou non est un choix, plut\u00f4t que de dire aux gens de les \u00ab\u00a0jeter\u00a0\u00bb. J\u2019ai r\u00e9alis\u00e9 au cours de cette conversation que je veux que les gens soient r\u00e9vuls\u00e9s par les t\u00e9l\u00e9phones portables. Qu\u2019il n\u2019y ait pas d\u2019autre choix que de s\u2019en d\u00e9barrasser, car ils d\u00e9truisent notre monde.<\/p>\n<p class=\"western\" align=\"justify\">Les propos de Magda sur une campagne visant \u00e0 se d\u00e9barrasser des t\u00e9l\u00e9phones portables m\u2019ont \u00e9galement fait r\u00e9fl\u00e9chir. Elle a exprim\u00e9 ce que beaucoup d\u2019autres disent\u00a0:<\/p>\n<p class=\"western\" align=\"justify\">\u00ab\u00a0Ce que vous demandez ne se produira pas&#8230; \u00c0 mon avis, nous devons rendre la technologie CEM\/R aussi s\u00fbre que possible. Je ne vais pas consacrer le temps qu\u2019il me reste sur cette plan\u00e8te \u00e0 tenter quelque chose qui ne se r\u00e9alisera pas. Je vous souhaite du succ\u00e8s, mais doute que vous y parveniez. La d\u00e9marche est bien trop radicale. \u00c0 mon avis, la seule chose qui doit \u00eatre sans fil, ce sont les appareils mobiles tels que les t\u00e9l\u00e9phones portables.\u00a0\u00bb<\/p>\n<p class=\"western\" align=\"justify\">Je lui ai r\u00e9pondu de la mani\u00e8re suivante\u00a0:<\/p>\n<p class=\"western\" align=\"justify\">\u00ab\u00a0C\u2019est le t\u00e9l\u00e9phone portable lui-m\u00eame qui est responsable, contr\u00f4le, exige et coordonne toutes les antennes-relais, les satellites et la plupart des autres dispositifs sans fil et \u00e9quipements. On ne peut pas poss\u00e9der un t\u00e9l\u00e9phone portable sans qu\u2019au moins toutes les antennes-relais sur terre soient pr\u00e9sentes. Et elles d\u00e9truisent toute vie sur terre. Nous ne pouvons pas nous r\u00e9signer \u00e0 cela. Nous devons agir comme si cela allait se produire, car l\u2019alternative \u2014 la fin imminente de la vie sur terre \u2014 est inimaginable. Vous avez peut-\u00eatre raison, cela ne se produira peut-\u00eatre pas de toute fa\u00e7on, mais cela ne se produira certainement pas si nous n\u2019essayons pas. C\u2019est une urgence et nous devons agir en cons\u00e9quence. Il est impossible, m\u00eame th\u00e9oriquement, de rendre les CEM\/R \u201caussi s\u00fbrs que possible.\u00a0\u00bb Soit nous irradiions chaque centim\u00e8tre carr\u00e9 de la plan\u00e8te, soit nous arr\u00eatons.\u00a0\u00bb<\/p>\n<p class=\"western\" align=\"justify\">J\u2019ai envoy\u00e9 ma lettre mardi pour motiver non seulement les activistes, mais aussi les organisations et les scientifiques \u00e0 cesser de seulement \u00e9tudier le probl\u00e8me et \u00e0 agir. La seule solution pour ne pas \u00eatre tu\u00e9 est de travailler ensemble pour sensibiliser le public au d\u00e9sastre caus\u00e9 par les radiations et mettre fin \u00e0 cette agression.<\/p>\n<p class=\"western\" align=\"justify\">Merci \u00e0 ceux qui ont d\u00e9j\u00e0 r\u00e9pondu en voulant rejoindre un groupe de travail international. Apr\u00e8s notre cong\u00e9 de l\u2019Action de gr\u00e2ce, j\u2019enverrai un e-mail \u00e0 tous ceux qui ont r\u00e9pondu et nous pourrons commencer \u00e0 travailler. Bien que je me sois port\u00e9 volontaire pour le faciliter, mon intention est que cela soit une collaboration, de mani\u00e8re \u00e9gale entre nous tous.<\/p>\n<p class=\"western\" align=\"justify\">Pour la Terre,<\/p>\n<p class=\"western\" align=\"justify\"><span lang=\"fr-FR\">Arthur Firstenberg <\/span><\/p>\n<p>President, <span style=\"color: #000080;\"><u><a href=\"http:\/\/r.mail.cellphonetaskforce.org\/mk\/cl\/f\/sh\/WCPzyXJTZ6vLwtyd1cfRzqJvMjvJPP5G\/7Xak-vaaBIKC\"><span lang=\"fr-FR\">Cellular Phone Task Force<\/span><\/a><\/u><\/span><br \/>\nAuteur, <span style=\"color: #000080;\"><u><a href=\"https:\/\/www.amazon.fr\/LArc-en-ciel-invisible-Lhistoire-l%C3%A9lectricit%C3%A9-vie\/dp\/2940594325\/ref=sr_1_1?keywords=arthur+firstenberg&amp;sr=8-1\"><span lang=\"fr-FR\">L\u2019arc-en-ciel invisible\u00a0: Une histoire de l\u2019\u00e9lectricit\u00e9 et de la vie<\/span><\/a><\/u><\/span><br \/>\nP.O. box\u00a06216<br \/>\nSanta Fe, NM\u00a087502<br \/>\nUSA<br \/>\nt\u00e9l\u00e9phone\u00a0: +1 505-471-0129<\/p>\n<p class=\"western\" align=\"justify\"><span style=\"color: #000080;\"><u><a href=\"mailto:arthur@cellphonetaskforce.org\"><span lang=\"fr-FR\">arthur@cellphonetaskforce.org<\/span><\/a><\/u><\/span><\/p>\n<p class=\"western\" align=\"justify\"><span style=\"color: #000080;\"><u><span lang=\"fr-FR\">1<\/span><\/u><\/span><span style=\"color: #000080;\"><u><span lang=\"fr-FR\">7<\/span><\/u><\/span><span style=\"color: #000080;\"><u><span lang=\"fr-FR\">\u00a0novembre 2023<\/span><\/u><\/span><\/p>\n","protected":false},"excerpt":{"rendered":"<p>LETTRE AUX ORGANISATIONS, AUX SCIENTIFIQUES ET AUX ACTIVISTES QUI S\u2019OCCUPENT DES CEM J\u2019envoie cette lettre aux organisations et aux personnes que je connais ou qui ont exprim\u00e9 le souhait de travailler avec moi. Ceux d\u2019entre vous qui souhaitent collaborer avec diligence pour briser le mur du d\u00e9ni qui nous entoure sont pri\u00e9s de m\u2019envoyer un [&hellip;]<\/p>\n","protected":false},"author":2,"featured_media":18864,"comment_status":"closed","ping_status":"closed","sticky":false,"template":"","format":"standard","meta":{"footnotes":""},"categories":[1540,1594],"tags":[1746,1624],"class_list":["post-19613","post","type-post","status-publish","format-standard","has-post-thumbnail","hentry","category-actualite","category-firstenberg-arthur","tag-electrosmog","tag-pollution-electromagnetique"],"yoast_head":"<!-- This site is optimized with the Yoast SEO plugin v27.0 - https:\/\/yoast.com\/product\/yoast-seo-wordpress\/ -->\n<title>Lettre aux organisations, aux scientifiques et aux activistes qui s\u2019occupent des CEM et une mise-\u00e0-jour par Arthur Firstenberg - 3e mill\u00e9naire - Spiritualit\u00e9 - Connaissance de soi - Non-dualit\u00e9 - M\u00e9ditation<\/title>\n<meta name=\"robots\" content=\"index, follow, max-snippet:-1, max-image-preview:large, max-video-preview:-1\" \/>\n<link rel=\"canonical\" href=\"https:\/\/www.revue3emillenaire.com\/blog\/lettre-aux-organisations-aux-scientifiques-et-aux-activistes-qui-soccupent-des-cem-par-arthur-firstenberg\/\" \/>\n<meta property=\"og:locale\" content=\"fr_FR\" \/>\n<meta property=\"og:type\" content=\"article\" \/>\n<meta property=\"og:title\" content=\"Lettre aux organisations, aux scientifiques et aux activistes qui s\u2019occupent des CEM et une mise-\u00e0-jour par Arthur Firstenberg - 3e mill\u00e9naire - Spiritualit\u00e9 - Connaissance de soi - Non-dualit\u00e9 - M\u00e9ditation\" \/>\n<meta property=\"og:description\" content=\"LETTRE AUX ORGANISATIONS, AUX SCIENTIFIQUES ET AUX ACTIVISTES QUI S\u2019OCCUPENT DES CEM J\u2019envoie cette lettre aux organisations et aux personnes que je connais ou qui ont exprim\u00e9 le souhait de travailler avec moi. Ceux d\u2019entre vous qui souhaitent collaborer avec diligence pour briser le mur du d\u00e9ni qui nous entoure sont pri\u00e9s de m\u2019envoyer un [&hellip;]\" \/>\n<meta property=\"og:url\" content=\"https:\/\/www.revue3emillenaire.com\/blog\/lettre-aux-organisations-aux-scientifiques-et-aux-activistes-qui-soccupent-des-cem-par-arthur-firstenberg\/\" \/>\n<meta property=\"og:site_name\" content=\"3e mill\u00e9naire - Spiritualit\u00e9 - Connaissance de soi - Non-dualit\u00e9 - M\u00e9ditation\" \/>\n<meta property=\"article:published_time\" content=\"2023-11-16T02:14:31+00:00\" \/>\n<meta property=\"article:modified_time\" content=\"2023-11-19T14:58:43+00:00\" \/>\n<meta property=\"og:image\" content=\"https:\/\/www.revue3emillenaire.com\/blog\/wp-content\/uploads\/2022\/02\/Arthur-Firstenberg2.jpg\" \/>\n\t<meta property=\"og:image:width\" content=\"280\" \/>\n\t<meta property=\"og:image:height\" content=\"412\" \/>\n\t<meta property=\"og:image:type\" content=\"image\/jpeg\" \/>\n<meta name=\"author\" content=\"3e mill\u00e9naire\" \/>\n<meta name=\"twitter:card\" content=\"summary_large_image\" \/>\n<meta name=\"twitter:label1\" content=\"\u00c9crit par\" \/>\n\t<meta name=\"twitter:data1\" content=\"3e mill\u00e9naire\" \/>\n\t<meta name=\"twitter:label2\" content=\"Dur\u00e9e de lecture estim\u00e9e\" \/>\n\t<meta name=\"twitter:data2\" content=\"18 minutes\" \/>\n<script type=\"application\/ld+json\" class=\"yoast-schema-graph\">{\"@context\":\"https:\/\/schema.org\",\"@graph\":[{\"@type\":\"Article\",\"@id\":\"https:\/\/www.revue3emillenaire.com\/blog\/lettre-aux-organisations-aux-scientifiques-et-aux-activistes-qui-soccupent-des-cem-par-arthur-firstenberg\/#article\",\"isPartOf\":{\"@id\":\"https:\/\/www.revue3emillenaire.com\/blog\/lettre-aux-organisations-aux-scientifiques-et-aux-activistes-qui-soccupent-des-cem-par-arthur-firstenberg\/\"},\"author\":{\"name\":\"3e mill\u00e9naire\",\"@id\":\"https:\/\/www.revue3emillenaire.com\/blog\/#\/schema\/person\/b692dacff720a5344a6190bc714397eb\"},\"headline\":\"Lettre aux organisations, aux scientifiques et aux activistes qui s\u2019occupent des CEM et une mise-\u00e0-jour par Arthur Firstenberg\",\"datePublished\":\"2023-11-16T02:14:31+00:00\",\"dateModified\":\"2023-11-19T14:58:43+00:00\",\"mainEntityOfPage\":{\"@id\":\"https:\/\/www.revue3emillenaire.com\/blog\/lettre-aux-organisations-aux-scientifiques-et-aux-activistes-qui-soccupent-des-cem-par-arthur-firstenberg\/\"},\"wordCount\":3784,\"image\":{\"@id\":\"https:\/\/www.revue3emillenaire.com\/blog\/lettre-aux-organisations-aux-scientifiques-et-aux-activistes-qui-soccupent-des-cem-par-arthur-firstenberg\/#primaryimage\"},\"thumbnailUrl\":\"https:\/\/www.revue3emillenaire.com\/blog\/wp-content\/uploads\/2022\/02\/Arthur-Firstenberg2.jpg\",\"keywords\":[\"\u00c9lectrosmog\",\"Pollution \u00e9lectromagn\u00e9tique\"],\"articleSection\":[\"Actualit\u00e9s\",\"Firstenberg Arthur\"],\"inLanguage\":\"fr-FR\"},{\"@type\":\"WebPage\",\"@id\":\"https:\/\/www.revue3emillenaire.com\/blog\/lettre-aux-organisations-aux-scientifiques-et-aux-activistes-qui-soccupent-des-cem-par-arthur-firstenberg\/\",\"url\":\"https:\/\/www.revue3emillenaire.com\/blog\/lettre-aux-organisations-aux-scientifiques-et-aux-activistes-qui-soccupent-des-cem-par-arthur-firstenberg\/\",\"name\":\"Lettre aux organisations, aux scientifiques et aux activistes qui s\u2019occupent des CEM et une mise-\u00e0-jour par Arthur Firstenberg - 3e mill\u00e9naire - Spiritualit\u00e9 - Connaissance de soi - Non-dualit\u00e9 - M\u00e9ditation\",\"isPartOf\":{\"@id\":\"https:\/\/www.revue3emillenaire.com\/blog\/#website\"},\"primaryImageOfPage\":{\"@id\":\"https:\/\/www.revue3emillenaire.com\/blog\/lettre-aux-organisations-aux-scientifiques-et-aux-activistes-qui-soccupent-des-cem-par-arthur-firstenberg\/#primaryimage\"},\"image\":{\"@id\":\"https:\/\/www.revue3emillenaire.com\/blog\/lettre-aux-organisations-aux-scientifiques-et-aux-activistes-qui-soccupent-des-cem-par-arthur-firstenberg\/#primaryimage\"},\"thumbnailUrl\":\"https:\/\/www.revue3emillenaire.com\/blog\/wp-content\/uploads\/2022\/02\/Arthur-Firstenberg2.jpg\",\"datePublished\":\"2023-11-16T02:14:31+00:00\",\"dateModified\":\"2023-11-19T14:58:43+00:00\",\"author\":{\"@id\":\"https:\/\/www.revue3emillenaire.com\/blog\/#\/schema\/person\/b692dacff720a5344a6190bc714397eb\"},\"breadcrumb\":{\"@id\":\"https:\/\/www.revue3emillenaire.com\/blog\/lettre-aux-organisations-aux-scientifiques-et-aux-activistes-qui-soccupent-des-cem-par-arthur-firstenberg\/#breadcrumb\"},\"inLanguage\":\"fr-FR\",\"potentialAction\":[{\"@type\":\"ReadAction\",\"target\":[\"https:\/\/www.revue3emillenaire.com\/blog\/lettre-aux-organisations-aux-scientifiques-et-aux-activistes-qui-soccupent-des-cem-par-arthur-firstenberg\/\"]}]},{\"@type\":\"ImageObject\",\"inLanguage\":\"fr-FR\",\"@id\":\"https:\/\/www.revue3emillenaire.com\/blog\/lettre-aux-organisations-aux-scientifiques-et-aux-activistes-qui-soccupent-des-cem-par-arthur-firstenberg\/#primaryimage\",\"url\":\"https:\/\/www.revue3emillenaire.com\/blog\/wp-content\/uploads\/2022\/02\/Arthur-Firstenberg2.jpg\",\"contentUrl\":\"https:\/\/www.revue3emillenaire.com\/blog\/wp-content\/uploads\/2022\/02\/Arthur-Firstenberg2.jpg\",\"width\":280,\"height\":412},{\"@type\":\"BreadcrumbList\",\"@id\":\"https:\/\/www.revue3emillenaire.com\/blog\/lettre-aux-organisations-aux-scientifiques-et-aux-activistes-qui-soccupent-des-cem-par-arthur-firstenberg\/#breadcrumb\",\"itemListElement\":[{\"@type\":\"ListItem\",\"position\":1,\"name\":\"Accueil\",\"item\":\"https:\/\/www.revue3emillenaire.com\/blog\/\"},{\"@type\":\"ListItem\",\"position\":2,\"name\":\"Lettre aux organisations, aux scientifiques et aux activistes qui s\u2019occupent des CEM et une mise-\u00e0-jour par Arthur Firstenberg\"}]},{\"@type\":\"WebSite\",\"@id\":\"https:\/\/www.revue3emillenaire.com\/blog\/#website\",\"url\":\"https:\/\/www.revue3emillenaire.com\/blog\/\",\"name\":\"3e mill\u00e9naire - Spiritualit\u00e9 - Connaissance de soi - Non-dualit\u00e9 - M\u00e9ditation\",\"description\":\"L&#039;Homme en devenir\",\"potentialAction\":[{\"@type\":\"SearchAction\",\"target\":{\"@type\":\"EntryPoint\",\"urlTemplate\":\"https:\/\/www.revue3emillenaire.com\/blog\/?s={search_term_string}\"},\"query-input\":{\"@type\":\"PropertyValueSpecification\",\"valueRequired\":true,\"valueName\":\"search_term_string\"}}],\"inLanguage\":\"fr-FR\"},{\"@type\":\"Person\",\"@id\":\"https:\/\/www.revue3emillenaire.com\/blog\/#\/schema\/person\/b692dacff720a5344a6190bc714397eb\",\"name\":\"3e mill\u00e9naire\",\"url\":\"https:\/\/www.revue3emillenaire.com\/blog\/author\/scoussa\/\"}]}<\/script>\n<!-- \/ Yoast SEO plugin. -->","yoast_head_json":{"title":"Lettre aux organisations, aux scientifiques et aux activistes qui s\u2019occupent des CEM et une mise-\u00e0-jour par Arthur Firstenberg - 3e mill\u00e9naire - Spiritualit\u00e9 - Connaissance de soi - Non-dualit\u00e9 - M\u00e9ditation","robots":{"index":"index","follow":"follow","max-snippet":"max-snippet:-1","max-image-preview":"max-image-preview:large","max-video-preview":"max-video-preview:-1"},"canonical":"https:\/\/www.revue3emillenaire.com\/blog\/lettre-aux-organisations-aux-scientifiques-et-aux-activistes-qui-soccupent-des-cem-par-arthur-firstenberg\/","og_locale":"fr_FR","og_type":"article","og_title":"Lettre aux organisations, aux scientifiques et aux activistes qui s\u2019occupent des CEM et une mise-\u00e0-jour par Arthur Firstenberg - 3e mill\u00e9naire - Spiritualit\u00e9 - Connaissance de soi - Non-dualit\u00e9 - M\u00e9ditation","og_description":"LETTRE AUX ORGANISATIONS, AUX SCIENTIFIQUES ET AUX ACTIVISTES QUI S\u2019OCCUPENT DES CEM J\u2019envoie cette lettre aux organisations et aux personnes que je connais ou qui ont exprim\u00e9 le souhait de travailler avec moi. Ceux d\u2019entre vous qui souhaitent collaborer avec diligence pour briser le mur du d\u00e9ni qui nous entoure sont pri\u00e9s de m\u2019envoyer un [&hellip;]","og_url":"https:\/\/www.revue3emillenaire.com\/blog\/lettre-aux-organisations-aux-scientifiques-et-aux-activistes-qui-soccupent-des-cem-par-arthur-firstenberg\/","og_site_name":"3e mill\u00e9naire - Spiritualit\u00e9 - Connaissance de soi - Non-dualit\u00e9 - M\u00e9ditation","article_published_time":"2023-11-16T02:14:31+00:00","article_modified_time":"2023-11-19T14:58:43+00:00","og_image":[{"width":280,"height":412,"url":"https:\/\/www.revue3emillenaire.com\/blog\/wp-content\/uploads\/2022\/02\/Arthur-Firstenberg2.jpg","type":"image\/jpeg"}],"author":"3e mill\u00e9naire","twitter_card":"summary_large_image","twitter_misc":{"\u00c9crit par":"3e mill\u00e9naire","Dur\u00e9e de lecture estim\u00e9e":"18 minutes"},"schema":{"@context":"https:\/\/schema.org","@graph":[{"@type":"Article","@id":"https:\/\/www.revue3emillenaire.com\/blog\/lettre-aux-organisations-aux-scientifiques-et-aux-activistes-qui-soccupent-des-cem-par-arthur-firstenberg\/#article","isPartOf":{"@id":"https:\/\/www.revue3emillenaire.com\/blog\/lettre-aux-organisations-aux-scientifiques-et-aux-activistes-qui-soccupent-des-cem-par-arthur-firstenberg\/"},"author":{"name":"3e mill\u00e9naire","@id":"https:\/\/www.revue3emillenaire.com\/blog\/#\/schema\/person\/b692dacff720a5344a6190bc714397eb"},"headline":"Lettre aux organisations, aux scientifiques et aux activistes qui s\u2019occupent des CEM et une mise-\u00e0-jour par Arthur Firstenberg","datePublished":"2023-11-16T02:14:31+00:00","dateModified":"2023-11-19T14:58:43+00:00","mainEntityOfPage":{"@id":"https:\/\/www.revue3emillenaire.com\/blog\/lettre-aux-organisations-aux-scientifiques-et-aux-activistes-qui-soccupent-des-cem-par-arthur-firstenberg\/"},"wordCount":3784,"image":{"@id":"https:\/\/www.revue3emillenaire.com\/blog\/lettre-aux-organisations-aux-scientifiques-et-aux-activistes-qui-soccupent-des-cem-par-arthur-firstenberg\/#primaryimage"},"thumbnailUrl":"https:\/\/www.revue3emillenaire.com\/blog\/wp-content\/uploads\/2022\/02\/Arthur-Firstenberg2.jpg","keywords":["\u00c9lectrosmog","Pollution \u00e9lectromagn\u00e9tique"],"articleSection":["Actualit\u00e9s","Firstenberg Arthur"],"inLanguage":"fr-FR"},{"@type":"WebPage","@id":"https:\/\/www.revue3emillenaire.com\/blog\/lettre-aux-organisations-aux-scientifiques-et-aux-activistes-qui-soccupent-des-cem-par-arthur-firstenberg\/","url":"https:\/\/www.revue3emillenaire.com\/blog\/lettre-aux-organisations-aux-scientifiques-et-aux-activistes-qui-soccupent-des-cem-par-arthur-firstenberg\/","name":"Lettre aux organisations, aux scientifiques et aux activistes qui s\u2019occupent des CEM et une mise-\u00e0-jour par Arthur Firstenberg - 3e mill\u00e9naire - Spiritualit\u00e9 - Connaissance de soi - Non-dualit\u00e9 - M\u00e9ditation","isPartOf":{"@id":"https:\/\/www.revue3emillenaire.com\/blog\/#website"},"primaryImageOfPage":{"@id":"https:\/\/www.revue3emillenaire.com\/blog\/lettre-aux-organisations-aux-scientifiques-et-aux-activistes-qui-soccupent-des-cem-par-arthur-firstenberg\/#primaryimage"},"image":{"@id":"https:\/\/www.revue3emillenaire.com\/blog\/lettre-aux-organisations-aux-scientifiques-et-aux-activistes-qui-soccupent-des-cem-par-arthur-firstenberg\/#primaryimage"},"thumbnailUrl":"https:\/\/www.revue3emillenaire.com\/blog\/wp-content\/uploads\/2022\/02\/Arthur-Firstenberg2.jpg","datePublished":"2023-11-16T02:14:31+00:00","dateModified":"2023-11-19T14:58:43+00:00","author":{"@id":"https:\/\/www.revue3emillenaire.com\/blog\/#\/schema\/person\/b692dacff720a5344a6190bc714397eb"},"breadcrumb":{"@id":"https:\/\/www.revue3emillenaire.com\/blog\/lettre-aux-organisations-aux-scientifiques-et-aux-activistes-qui-soccupent-des-cem-par-arthur-firstenberg\/#breadcrumb"},"inLanguage":"fr-FR","potentialAction":[{"@type":"ReadAction","target":["https:\/\/www.revue3emillenaire.com\/blog\/lettre-aux-organisations-aux-scientifiques-et-aux-activistes-qui-soccupent-des-cem-par-arthur-firstenberg\/"]}]},{"@type":"ImageObject","inLanguage":"fr-FR","@id":"https:\/\/www.revue3emillenaire.com\/blog\/lettre-aux-organisations-aux-scientifiques-et-aux-activistes-qui-soccupent-des-cem-par-arthur-firstenberg\/#primaryimage","url":"https:\/\/www.revue3emillenaire.com\/blog\/wp-content\/uploads\/2022\/02\/Arthur-Firstenberg2.jpg","contentUrl":"https:\/\/www.revue3emillenaire.com\/blog\/wp-content\/uploads\/2022\/02\/Arthur-Firstenberg2.jpg","width":280,"height":412},{"@type":"BreadcrumbList","@id":"https:\/\/www.revue3emillenaire.com\/blog\/lettre-aux-organisations-aux-scientifiques-et-aux-activistes-qui-soccupent-des-cem-par-arthur-firstenberg\/#breadcrumb","itemListElement":[{"@type":"ListItem","position":1,"name":"Accueil","item":"https:\/\/www.revue3emillenaire.com\/blog\/"},{"@type":"ListItem","position":2,"name":"Lettre aux organisations, aux scientifiques et aux activistes qui s\u2019occupent des CEM et une mise-\u00e0-jour par Arthur Firstenberg"}]},{"@type":"WebSite","@id":"https:\/\/www.revue3emillenaire.com\/blog\/#website","url":"https:\/\/www.revue3emillenaire.com\/blog\/","name":"3e mill\u00e9naire - Spiritualit\u00e9 - Connaissance de soi - Non-dualit\u00e9 - M\u00e9ditation","description":"L&#039;Homme en devenir","potentialAction":[{"@type":"SearchAction","target":{"@type":"EntryPoint","urlTemplate":"https:\/\/www.revue3emillenaire.com\/blog\/?s={search_term_string}"},"query-input":{"@type":"PropertyValueSpecification","valueRequired":true,"valueName":"search_term_string"}}],"inLanguage":"fr-FR"},{"@type":"Person","@id":"https:\/\/www.revue3emillenaire.com\/blog\/#\/schema\/person\/b692dacff720a5344a6190bc714397eb","name":"3e mill\u00e9naire","url":"https:\/\/www.revue3emillenaire.com\/blog\/author\/scoussa\/"}]}},"_links":{"self":[{"href":"https:\/\/www.revue3emillenaire.com\/blog\/wp-json\/wp\/v2\/posts\/19613","targetHints":{"allow":["GET"]}}],"collection":[{"href":"https:\/\/www.revue3emillenaire.com\/blog\/wp-json\/wp\/v2\/posts"}],"about":[{"href":"https:\/\/www.revue3emillenaire.com\/blog\/wp-json\/wp\/v2\/types\/post"}],"author":[{"embeddable":true,"href":"https:\/\/www.revue3emillenaire.com\/blog\/wp-json\/wp\/v2\/users\/2"}],"replies":[{"embeddable":true,"href":"https:\/\/www.revue3emillenaire.com\/blog\/wp-json\/wp\/v2\/comments?post=19613"}],"version-history":[{"count":0,"href":"https:\/\/www.revue3emillenaire.com\/blog\/wp-json\/wp\/v2\/posts\/19613\/revisions"}],"wp:featuredmedia":[{"embeddable":true,"href":"https:\/\/www.revue3emillenaire.com\/blog\/wp-json\/wp\/v2\/media\/18864"}],"wp:attachment":[{"href":"https:\/\/www.revue3emillenaire.com\/blog\/wp-json\/wp\/v2\/media?parent=19613"}],"wp:term":[{"taxonomy":"category","embeddable":true,"href":"https:\/\/www.revue3emillenaire.com\/blog\/wp-json\/wp\/v2\/categories?post=19613"},{"taxonomy":"post_tag","embeddable":true,"href":"https:\/\/www.revue3emillenaire.com\/blog\/wp-json\/wp\/v2\/tags?post=19613"}],"curies":[{"name":"wp","href":"https:\/\/api.w.org\/{rel}","templated":true}]}}