{"id":19662,"date":"2023-12-13T20:22:01","date_gmt":"2023-12-13T19:22:01","guid":{"rendered":"https:\/\/www.revue3emillenaire.com\/blog\/?p=19662"},"modified":"2023-12-13T20:22:01","modified_gmt":"2023-12-13T19:22:01","slug":"un-conte-dautomne-par-arthur-firstenberg","status":"publish","type":"post","link":"https:\/\/www.revue3emillenaire.com\/blog\/un-conte-dautomne-par-arthur-firstenberg\/","title":{"rendered":"Un conte d\u2019automne par Arthur Firstenberg"},"content":{"rendered":"<p class=\"western\" align=\"justify\"><b>Imaginez un monde<\/b> o\u00f9 tout le monde serait convaincu de pointer une arme musicale sur sa t\u00eate, qui tirait un flux continu de petites balles, si petites qu\u2019elles ne causaient aucune douleur. Mais chaque balle d\u00e9truisait des cellules c\u00e9r\u00e9brales en traversant le cr\u00e2ne. Imaginez des millions de tours d\u2019armes mitraillant la surface de la terre 24\u00a0heures sur 24, 7\u00a0jours sur 7, avec des balles similaires, divertissant les gens tout en d\u00e9truisant toute vie.<\/p>\n<p class=\"western\" align=\"justify\">Et toutes les plantes et les animaux \u00e9taient malades et mouraient, et les humains \u00e9taient malades et faisaient des AVC et des crises cardiaques, mais parce que les balles \u00e9taient si petites, peu de gens comprenaient pourquoi. Les biologistes v\u00e9g\u00e9taux attribuaient le d\u00e9clin \u00e0 la pluie acide. Les ornithologues bl\u00e2maient la grippe. Les entomologistes attribuaient cela au changement climatique et aux pesticides. La profession m\u00e9dicale bl\u00e2mait l\u2019alimentation et le manque d\u2019exercice, ainsi qu\u2019une liste toujours croissante de bact\u00e9ries et de virus.<\/p>\n<p class=\"western\" align=\"justify\">Et ici et l\u00e0, tr\u00e8s peu de gens criaient, <i><b>ARR\u00caTEZ\u00a0! JETEZ VOS ARMES\u00a0! ABATTEZ LES TOURS D\u2019ARMES\u00a0! D\u00c9SACTIVEZ LES SATELLITES QUI MITRAILLENT LA TERRE\u00a0!<\/b><\/i> Mais parce que tout le monde \u00e9tait occup\u00e9 \u00e0 \u00e9couter la musique, ils n\u2019y pr\u00eataient aucune attention. Et les personnes qui criaient, malades et faisant des AVC et des crises cardiaques, allaient chez leur m\u00e9decin qui, au lieu de donner l\u2019alerte mondiale, disait \u00e0 ses patients \u00ab\u00a0Vous devez \u00eatre sensible aux armes\u00a0\u00bb et leur donnait des tranquillisants et des antid\u00e9presseurs pour qu\u2019ils partent et arr\u00eatent de crier.<\/p>\n<p class=\"western\" align=\"justify\">Et ainsi, ces personnes ont conclu qu\u2019il devait y avoir quelque chose qui cloche chez elles. Elles ont cr\u00e9\u00e9 des groupes de soutien pour les personnes sensibles aux armes et ont demand\u00e9 au reste du monde de bien vouloir avoir piti\u00e9 d\u2019elles et de cesser de les tirer dessus. Et lorsque le monde entier \u00e9tait mitraill\u00e9, elles suppliaient leurs gouvernements de bien vouloir \u00e9tablir des refuges o\u00f9 elles pourraient vivre leur vie \u00e0 l\u2019abri des balles. Mais personne ne les prenait au s\u00e9rieux.<\/p>\n<p class=\"western\" align=\"center\">________________<\/p>\n<p class=\"western\" align=\"justify\">C\u2019est le monde dans lequel nous vivons aujourd\u2019hui.<\/p>\n<p class=\"western\" align=\"justify\">\u00ab\u00a0L\u2019Hyper\u00e9lectrosensibilit\u00e9\u00a0\u00bb (HES) est un terme qui permet aux m\u00e9decins de faire semblant que l\u2019\u00e9lectricit\u00e9 est inoffensive et que les radiations ne blessent pas leurs patients. Cela permet aux personnes qui ont d\u00e9couvert qu\u2019elles peuvent ressentir l\u2019\u00e9lectricit\u00e9 et les radiations de faire semblant qu\u2019il y a quelque chose qui ne va pas chez elles et que tout le monde ne le ressent pas. Cela permet aux \u00e9cologistes de faire semblant que la disparition des oiseaux et de la faune et l\u2019effondrement des syst\u00e8mes de soutien \u00e0 la vie de la Terre sont dus \u00e0 autre chose. Et cela permet aux utilisateurs de t\u00e9l\u00e9phones portables de faire semblant de ne pas ressentir les radiations et que leur insomnie, leurs maux de t\u00eate, leurs douleurs articulaires, leurs probl\u00e8mes digestifs, leurs crises de panique, leur perte de m\u00e9moire, leurs acouph\u00e8nes, leurs saignements de nez, leur hypertension art\u00e9rielle, leur insuffisance cardiaque, leurs probl\u00e8mes neurologiques et leur diab\u00e8te sont caus\u00e9s par autre chose.<\/p>\n<p class=\"western\" align=\"justify\">C\u2019est la fin de l\u2019automne ici \u00e0 Santa Fe.<\/p>\n<p class=\"western\" align=\"justify\">Et c\u2019est la fin de l\u2019automne dans la vie de la Terre. Nous devons emp\u00eacher l\u2019hiver de venir, car il n\u2019y aura pas de printemps s\u2019il vient. C\u2019est \u00e0 nous tous d\u2019agir.<\/p>\n<p class=\"western\" style=\"text-align: right;\" align=\"center\">Arthur Firstenberg, auteur:\u00a0 <span style=\"color: #000080;\"><u><a href=\"https:\/\/www.amazon.fr\/LArc-en-ciel-invisible-Lhistoire-l%C3%A9lectricit%C3%A9-vie\/dp\/2940594325\">L\u2019arc-en-ciel invisible : Une histoire de l\u2019\u00e9lectricit\u00e9 et de la vie<\/a><\/u><\/span><\/p>\n","protected":false},"excerpt":{"rendered":"<p>Imaginez un monde o\u00f9 tout le monde serait convaincu de pointer une arme musicale sur sa t\u00eate, qui tirait un flux continu de petites balles, si petites qu\u2019elles ne causaient aucune douleur. Mais chaque balle d\u00e9truisait des cellules c\u00e9r\u00e9brales en traversant le cr\u00e2ne. Imaginez des millions de tours d\u2019armes mitraillant la surface de la terre [&hellip;]<\/p>\n","protected":false},"author":2,"featured_media":18864,"comment_status":"closed","ping_status":"closed","sticky":false,"template":"","format":"standard","meta":{"footnotes":""},"categories":[1540,1594],"tags":[1624],"class_list":["post-19662","post","type-post","status-publish","format-standard","has-post-thumbnail","hentry","category-actualite","category-firstenberg-arthur","tag-pollution-electromagnetique"],"yoast_head":"<!-- This site is optimized with the Yoast SEO plugin v27.0 - https:\/\/yoast.com\/product\/yoast-seo-wordpress\/ -->\n<title>Un conte d\u2019automne par Arthur Firstenberg - 3e mill\u00e9naire - Spiritualit\u00e9 - Connaissance de soi - Non-dualit\u00e9 - M\u00e9ditation<\/title>\n<meta name=\"robots\" content=\"index, follow, max-snippet:-1, max-image-preview:large, max-video-preview:-1\" \/>\n<link rel=\"canonical\" href=\"https:\/\/www.revue3emillenaire.com\/blog\/un-conte-dautomne-par-arthur-firstenberg\/\" \/>\n<meta property=\"og:locale\" content=\"fr_FR\" \/>\n<meta property=\"og:type\" content=\"article\" \/>\n<meta property=\"og:title\" content=\"Un conte d\u2019automne par Arthur Firstenberg - 3e mill\u00e9naire - Spiritualit\u00e9 - Connaissance de soi - Non-dualit\u00e9 - M\u00e9ditation\" \/>\n<meta property=\"og:description\" content=\"Imaginez un monde o\u00f9 tout le monde serait convaincu de pointer une arme musicale sur sa t\u00eate, qui tirait un flux continu de petites balles, si petites qu\u2019elles ne causaient aucune douleur. Mais chaque balle d\u00e9truisait des cellules c\u00e9r\u00e9brales en traversant le cr\u00e2ne. Imaginez des millions de tours d\u2019armes mitraillant la surface de la terre [&hellip;]\" \/>\n<meta property=\"og:url\" content=\"https:\/\/www.revue3emillenaire.com\/blog\/un-conte-dautomne-par-arthur-firstenberg\/\" \/>\n<meta property=\"og:site_name\" content=\"3e mill\u00e9naire - Spiritualit\u00e9 - Connaissance de soi - Non-dualit\u00e9 - M\u00e9ditation\" \/>\n<meta property=\"article:published_time\" content=\"2023-12-13T19:22:01+00:00\" \/>\n<meta property=\"og:image\" content=\"https:\/\/www.revue3emillenaire.com\/blog\/wp-content\/uploads\/2022\/02\/Arthur-Firstenberg2.jpg\" \/>\n\t<meta property=\"og:image:width\" content=\"280\" \/>\n\t<meta property=\"og:image:height\" content=\"412\" \/>\n\t<meta property=\"og:image:type\" content=\"image\/jpeg\" \/>\n<meta name=\"author\" content=\"3e mill\u00e9naire\" \/>\n<meta name=\"twitter:card\" content=\"summary_large_image\" \/>\n<meta name=\"twitter:label1\" content=\"\u00c9crit par\" \/>\n\t<meta name=\"twitter:data1\" content=\"3e mill\u00e9naire\" \/>\n\t<meta name=\"twitter:label2\" content=\"Dur\u00e9e de lecture estim\u00e9e\" \/>\n\t<meta name=\"twitter:data2\" content=\"3 minutes\" \/>\n<script type=\"application\/ld+json\" class=\"yoast-schema-graph\">{\"@context\":\"https:\/\/schema.org\",\"@graph\":[{\"@type\":\"Article\",\"@id\":\"https:\/\/www.revue3emillenaire.com\/blog\/un-conte-dautomne-par-arthur-firstenberg\/#article\",\"isPartOf\":{\"@id\":\"https:\/\/www.revue3emillenaire.com\/blog\/un-conte-dautomne-par-arthur-firstenberg\/\"},\"author\":{\"name\":\"3e mill\u00e9naire\",\"@id\":\"https:\/\/www.revue3emillenaire.com\/blog\/#\/schema\/person\/b692dacff720a5344a6190bc714397eb\"},\"headline\":\"Un conte d\u2019automne par Arthur Firstenberg\",\"datePublished\":\"2023-12-13T19:22:01+00:00\",\"mainEntityOfPage\":{\"@id\":\"https:\/\/www.revue3emillenaire.com\/blog\/un-conte-dautomne-par-arthur-firstenberg\/\"},\"wordCount\":611,\"image\":{\"@id\":\"https:\/\/www.revue3emillenaire.com\/blog\/un-conte-dautomne-par-arthur-firstenberg\/#primaryimage\"},\"thumbnailUrl\":\"https:\/\/www.revue3emillenaire.com\/blog\/wp-content\/uploads\/2022\/02\/Arthur-Firstenberg2.jpg\",\"keywords\":[\"Pollution \u00e9lectromagn\u00e9tique\"],\"articleSection\":[\"Actualit\u00e9s\",\"Firstenberg Arthur\"],\"inLanguage\":\"fr-FR\"},{\"@type\":\"WebPage\",\"@id\":\"https:\/\/www.revue3emillenaire.com\/blog\/un-conte-dautomne-par-arthur-firstenberg\/\",\"url\":\"https:\/\/www.revue3emillenaire.com\/blog\/un-conte-dautomne-par-arthur-firstenberg\/\",\"name\":\"Un conte d\u2019automne par Arthur Firstenberg - 3e mill\u00e9naire - Spiritualit\u00e9 - Connaissance de soi - Non-dualit\u00e9 - M\u00e9ditation\",\"isPartOf\":{\"@id\":\"https:\/\/www.revue3emillenaire.com\/blog\/#website\"},\"primaryImageOfPage\":{\"@id\":\"https:\/\/www.revue3emillenaire.com\/blog\/un-conte-dautomne-par-arthur-firstenberg\/#primaryimage\"},\"image\":{\"@id\":\"https:\/\/www.revue3emillenaire.com\/blog\/un-conte-dautomne-par-arthur-firstenberg\/#primaryimage\"},\"thumbnailUrl\":\"https:\/\/www.revue3emillenaire.com\/blog\/wp-content\/uploads\/2022\/02\/Arthur-Firstenberg2.jpg\",\"datePublished\":\"2023-12-13T19:22:01+00:00\",\"author\":{\"@id\":\"https:\/\/www.revue3emillenaire.com\/blog\/#\/schema\/person\/b692dacff720a5344a6190bc714397eb\"},\"breadcrumb\":{\"@id\":\"https:\/\/www.revue3emillenaire.com\/blog\/un-conte-dautomne-par-arthur-firstenberg\/#breadcrumb\"},\"inLanguage\":\"fr-FR\",\"potentialAction\":[{\"@type\":\"ReadAction\",\"target\":[\"https:\/\/www.revue3emillenaire.com\/blog\/un-conte-dautomne-par-arthur-firstenberg\/\"]}]},{\"@type\":\"ImageObject\",\"inLanguage\":\"fr-FR\",\"@id\":\"https:\/\/www.revue3emillenaire.com\/blog\/un-conte-dautomne-par-arthur-firstenberg\/#primaryimage\",\"url\":\"https:\/\/www.revue3emillenaire.com\/blog\/wp-content\/uploads\/2022\/02\/Arthur-Firstenberg2.jpg\",\"contentUrl\":\"https:\/\/www.revue3emillenaire.com\/blog\/wp-content\/uploads\/2022\/02\/Arthur-Firstenberg2.jpg\",\"width\":280,\"height\":412},{\"@type\":\"BreadcrumbList\",\"@id\":\"https:\/\/www.revue3emillenaire.com\/blog\/un-conte-dautomne-par-arthur-firstenberg\/#breadcrumb\",\"itemListElement\":[{\"@type\":\"ListItem\",\"position\":1,\"name\":\"Accueil\",\"item\":\"https:\/\/www.revue3emillenaire.com\/blog\/\"},{\"@type\":\"ListItem\",\"position\":2,\"name\":\"Un conte d\u2019automne par Arthur Firstenberg\"}]},{\"@type\":\"WebSite\",\"@id\":\"https:\/\/www.revue3emillenaire.com\/blog\/#website\",\"url\":\"https:\/\/www.revue3emillenaire.com\/blog\/\",\"name\":\"3e mill\u00e9naire - Spiritualit\u00e9 - Connaissance de soi - Non-dualit\u00e9 - M\u00e9ditation\",\"description\":\"L&#039;Homme en devenir\",\"potentialAction\":[{\"@type\":\"SearchAction\",\"target\":{\"@type\":\"EntryPoint\",\"urlTemplate\":\"https:\/\/www.revue3emillenaire.com\/blog\/?s={search_term_string}\"},\"query-input\":{\"@type\":\"PropertyValueSpecification\",\"valueRequired\":true,\"valueName\":\"search_term_string\"}}],\"inLanguage\":\"fr-FR\"},{\"@type\":\"Person\",\"@id\":\"https:\/\/www.revue3emillenaire.com\/blog\/#\/schema\/person\/b692dacff720a5344a6190bc714397eb\",\"name\":\"3e mill\u00e9naire\",\"url\":\"https:\/\/www.revue3emillenaire.com\/blog\/author\/scoussa\/\"}]}<\/script>\n<!-- \/ Yoast SEO plugin. -->","yoast_head_json":{"title":"Un conte d\u2019automne par Arthur Firstenberg - 3e mill\u00e9naire - Spiritualit\u00e9 - Connaissance de soi - Non-dualit\u00e9 - M\u00e9ditation","robots":{"index":"index","follow":"follow","max-snippet":"max-snippet:-1","max-image-preview":"max-image-preview:large","max-video-preview":"max-video-preview:-1"},"canonical":"https:\/\/www.revue3emillenaire.com\/blog\/un-conte-dautomne-par-arthur-firstenberg\/","og_locale":"fr_FR","og_type":"article","og_title":"Un conte d\u2019automne par Arthur Firstenberg - 3e mill\u00e9naire - Spiritualit\u00e9 - Connaissance de soi - Non-dualit\u00e9 - M\u00e9ditation","og_description":"Imaginez un monde o\u00f9 tout le monde serait convaincu de pointer une arme musicale sur sa t\u00eate, qui tirait un flux continu de petites balles, si petites qu\u2019elles ne causaient aucune douleur. Mais chaque balle d\u00e9truisait des cellules c\u00e9r\u00e9brales en traversant le cr\u00e2ne. Imaginez des millions de tours d\u2019armes mitraillant la surface de la terre [&hellip;]","og_url":"https:\/\/www.revue3emillenaire.com\/blog\/un-conte-dautomne-par-arthur-firstenberg\/","og_site_name":"3e mill\u00e9naire - Spiritualit\u00e9 - Connaissance de soi - Non-dualit\u00e9 - M\u00e9ditation","article_published_time":"2023-12-13T19:22:01+00:00","og_image":[{"width":280,"height":412,"url":"https:\/\/www.revue3emillenaire.com\/blog\/wp-content\/uploads\/2022\/02\/Arthur-Firstenberg2.jpg","type":"image\/jpeg"}],"author":"3e mill\u00e9naire","twitter_card":"summary_large_image","twitter_misc":{"\u00c9crit par":"3e mill\u00e9naire","Dur\u00e9e de lecture estim\u00e9e":"3 minutes"},"schema":{"@context":"https:\/\/schema.org","@graph":[{"@type":"Article","@id":"https:\/\/www.revue3emillenaire.com\/blog\/un-conte-dautomne-par-arthur-firstenberg\/#article","isPartOf":{"@id":"https:\/\/www.revue3emillenaire.com\/blog\/un-conte-dautomne-par-arthur-firstenberg\/"},"author":{"name":"3e mill\u00e9naire","@id":"https:\/\/www.revue3emillenaire.com\/blog\/#\/schema\/person\/b692dacff720a5344a6190bc714397eb"},"headline":"Un conte d\u2019automne par Arthur Firstenberg","datePublished":"2023-12-13T19:22:01+00:00","mainEntityOfPage":{"@id":"https:\/\/www.revue3emillenaire.com\/blog\/un-conte-dautomne-par-arthur-firstenberg\/"},"wordCount":611,"image":{"@id":"https:\/\/www.revue3emillenaire.com\/blog\/un-conte-dautomne-par-arthur-firstenberg\/#primaryimage"},"thumbnailUrl":"https:\/\/www.revue3emillenaire.com\/blog\/wp-content\/uploads\/2022\/02\/Arthur-Firstenberg2.jpg","keywords":["Pollution \u00e9lectromagn\u00e9tique"],"articleSection":["Actualit\u00e9s","Firstenberg Arthur"],"inLanguage":"fr-FR"},{"@type":"WebPage","@id":"https:\/\/www.revue3emillenaire.com\/blog\/un-conte-dautomne-par-arthur-firstenberg\/","url":"https:\/\/www.revue3emillenaire.com\/blog\/un-conte-dautomne-par-arthur-firstenberg\/","name":"Un conte d\u2019automne par Arthur Firstenberg - 3e mill\u00e9naire - Spiritualit\u00e9 - Connaissance de soi - Non-dualit\u00e9 - M\u00e9ditation","isPartOf":{"@id":"https:\/\/www.revue3emillenaire.com\/blog\/#website"},"primaryImageOfPage":{"@id":"https:\/\/www.revue3emillenaire.com\/blog\/un-conte-dautomne-par-arthur-firstenberg\/#primaryimage"},"image":{"@id":"https:\/\/www.revue3emillenaire.com\/blog\/un-conte-dautomne-par-arthur-firstenberg\/#primaryimage"},"thumbnailUrl":"https:\/\/www.revue3emillenaire.com\/blog\/wp-content\/uploads\/2022\/02\/Arthur-Firstenberg2.jpg","datePublished":"2023-12-13T19:22:01+00:00","author":{"@id":"https:\/\/www.revue3emillenaire.com\/blog\/#\/schema\/person\/b692dacff720a5344a6190bc714397eb"},"breadcrumb":{"@id":"https:\/\/www.revue3emillenaire.com\/blog\/un-conte-dautomne-par-arthur-firstenberg\/#breadcrumb"},"inLanguage":"fr-FR","potentialAction":[{"@type":"ReadAction","target":["https:\/\/www.revue3emillenaire.com\/blog\/un-conte-dautomne-par-arthur-firstenberg\/"]}]},{"@type":"ImageObject","inLanguage":"fr-FR","@id":"https:\/\/www.revue3emillenaire.com\/blog\/un-conte-dautomne-par-arthur-firstenberg\/#primaryimage","url":"https:\/\/www.revue3emillenaire.com\/blog\/wp-content\/uploads\/2022\/02\/Arthur-Firstenberg2.jpg","contentUrl":"https:\/\/www.revue3emillenaire.com\/blog\/wp-content\/uploads\/2022\/02\/Arthur-Firstenberg2.jpg","width":280,"height":412},{"@type":"BreadcrumbList","@id":"https:\/\/www.revue3emillenaire.com\/blog\/un-conte-dautomne-par-arthur-firstenberg\/#breadcrumb","itemListElement":[{"@type":"ListItem","position":1,"name":"Accueil","item":"https:\/\/www.revue3emillenaire.com\/blog\/"},{"@type":"ListItem","position":2,"name":"Un conte d\u2019automne par Arthur Firstenberg"}]},{"@type":"WebSite","@id":"https:\/\/www.revue3emillenaire.com\/blog\/#website","url":"https:\/\/www.revue3emillenaire.com\/blog\/","name":"3e mill\u00e9naire - Spiritualit\u00e9 - Connaissance de soi - Non-dualit\u00e9 - M\u00e9ditation","description":"L&#039;Homme en devenir","potentialAction":[{"@type":"SearchAction","target":{"@type":"EntryPoint","urlTemplate":"https:\/\/www.revue3emillenaire.com\/blog\/?s={search_term_string}"},"query-input":{"@type":"PropertyValueSpecification","valueRequired":true,"valueName":"search_term_string"}}],"inLanguage":"fr-FR"},{"@type":"Person","@id":"https:\/\/www.revue3emillenaire.com\/blog\/#\/schema\/person\/b692dacff720a5344a6190bc714397eb","name":"3e mill\u00e9naire","url":"https:\/\/www.revue3emillenaire.com\/blog\/author\/scoussa\/"}]}},"_links":{"self":[{"href":"https:\/\/www.revue3emillenaire.com\/blog\/wp-json\/wp\/v2\/posts\/19662","targetHints":{"allow":["GET"]}}],"collection":[{"href":"https:\/\/www.revue3emillenaire.com\/blog\/wp-json\/wp\/v2\/posts"}],"about":[{"href":"https:\/\/www.revue3emillenaire.com\/blog\/wp-json\/wp\/v2\/types\/post"}],"author":[{"embeddable":true,"href":"https:\/\/www.revue3emillenaire.com\/blog\/wp-json\/wp\/v2\/users\/2"}],"replies":[{"embeddable":true,"href":"https:\/\/www.revue3emillenaire.com\/blog\/wp-json\/wp\/v2\/comments?post=19662"}],"version-history":[{"count":0,"href":"https:\/\/www.revue3emillenaire.com\/blog\/wp-json\/wp\/v2\/posts\/19662\/revisions"}],"wp:featuredmedia":[{"embeddable":true,"href":"https:\/\/www.revue3emillenaire.com\/blog\/wp-json\/wp\/v2\/media\/18864"}],"wp:attachment":[{"href":"https:\/\/www.revue3emillenaire.com\/blog\/wp-json\/wp\/v2\/media?parent=19662"}],"wp:term":[{"taxonomy":"category","embeddable":true,"href":"https:\/\/www.revue3emillenaire.com\/blog\/wp-json\/wp\/v2\/categories?post=19662"},{"taxonomy":"post_tag","embeddable":true,"href":"https:\/\/www.revue3emillenaire.com\/blog\/wp-json\/wp\/v2\/tags?post=19662"}],"curies":[{"name":"wp","href":"https:\/\/api.w.org\/{rel}","templated":true}]}}