{"id":19669,"date":"2023-12-27T14:17:57","date_gmt":"2023-12-27T13:17:57","guid":{"rendered":"https:\/\/www.revue3emillenaire.com\/blog\/?p=19669"},"modified":"2024-05-11T12:52:39","modified_gmt":"2024-05-11T11:52:39","slug":"quest-ce-qui-sest-passe-dans-nos-esprits-la-psychose-du-monde-moderne-et-la-recherche-du-soi-par-kingsley-dennis","status":"publish","type":"post","link":"https:\/\/www.revue3emillenaire.com\/blog\/quest-ce-qui-sest-passe-dans-nos-esprits-la-psychose-du-monde-moderne-et-la-recherche-du-soi-par-kingsley-dennis\/","title":{"rendered":"Qu\u2019est-ce qui s\u2019est pass\u00e9 dans nos esprits\u00a0? La psychose du monde moderne et la recherche du soi par Kingsley Dennis"},"content":{"rendered":"<p align=\"justify\"><i>Traduction libre<\/i><\/p>\n<p align=\"right\">\u2026 <i>dans l\u2019obscurit\u00e9, les charlatans sont facilement pris pour des sages.<\/i><\/p>\n<p align=\"right\">\u2013\u00a0Chantal Delsol<\/p>\n<p align=\"justify\">Il y a quelque chose de fondamentalement erron\u00e9 dans la constitution du monde d\u2019aujourd\u2019hui. Ne le voyez-vous pas, ne le sentez-vous pas\u00a0? Nous sommes une esp\u00e8ce au caract\u00e8re noble, au grand esprit et \u00e0 l\u2019\u00e2me sacr\u00e9e. Dans nos c\u0153urs, nous ne souhaitons que l\u2019am\u00e9lioration de tous les peuples, l\u2019amour, la justice et la communion. Et pourtant, ce que nous voyons se d\u00e9rouler dans le monde n\u2019est rien de moins qu\u2019une folie totale. Il faut dire les choses telles qu\u2019elles sont\u00a0: une maladie est en cours, et cet agent pathog\u00e8ne se r\u00e9pand \u00e0 grande \u00e9chelle.<\/p>\n<p align=\"justify\">Nous vivons dans un monde o\u00f9 la cupidit\u00e9 \u00e9conomique l\u2019emporte sur tous les autres facteurs. Des nations, des entreprises et des individus commettent des actes horribles, tels que l\u2019appauvrissement, la privation, la torture psychologique et physique, voire le meurtre, dans le seul but d\u2019obtenir un gain financier. Nous nous comportons de mani\u00e8re horrible les uns envers les autres\u00a0; il y a constamment des brimades et du harc\u00e8lement \u00e0 tous les niveaux sociaux et culturels. La violence est end\u00e9mique dans le monde entier et les soci\u00e9t\u00e9s pharmaceutiques pr\u00e9f\u00e8rent faire des b\u00e9n\u00e9fices plut\u00f4t que de soutenir la sant\u00e9 et le bien-\u00eatre. Les organismes et agents gouvernementaux participent au trafic de drogue \u00e0 grande \u00e9chelle afin de gagner de l\u2019argent et de promouvoir la d\u00e9pendance parmi les masses. Les personnes et les entreprises riches cachent leur argent dans des syst\u00e8mes offshore ill\u00e9gaux plut\u00f4t que de contribuer au bien-\u00eatre de leurs communaut\u00e9s. Les personnes occupant de hautes fonctions abusent, harc\u00e8lent et violentent constamment les personnes qui sont sous leur pouvoir, en signe de leur statut \u00e9lev\u00e9. La sant\u00e9 de la plan\u00e8te et son environnement naturel sont constamment malmen\u00e9s et pollu\u00e9s, l\u00e0 encore, essentiellement pour des raisons de profit \u00e9conomique. Et la liste est encore longue.<\/p>\n<p align=\"justify\">Nous sommes entr\u00e9s dans le troisi\u00e8me mill\u00e9naire et nous sommes fiers d\u2019\u00eatre une esp\u00e8ce inventive et intelligente. Nous avons effectu\u00e9 des recherches en dehors de la plan\u00e8te et nous avons pr\u00e9tendument envoy\u00e9 des hommes sur la lune. Nous pr\u00e9voyons maintenant des voyages plus lointains dans le syst\u00e8me solaire afin de faire vivre des gens sur la plan\u00e8te Mars. Nous sommes une esp\u00e8ce incroyablement cr\u00e9ative et compatissante. Alors, qu\u2019est-ce qui ne va pas\u00a0? Pourquoi tant de gens adh\u00e8rent-ils si souvent \u00e0 des modes de pens\u00e9e et de comportement qui ne sont rien de moins que de la folie\u00a0? Pourquoi tout semble-t-il \u00e0 l\u2019envers\u00a0?<\/p>\n<p align=\"justify\">La raison en est, je propose, que nous ne vivons pas dans un esprit sain. En d\u2019autres termes, nous avons \u00ab\u00a0perdu\u00a0\u00bb notre esprit au profit d\u2019une psychose collective qui cherche \u00e0 nous impr\u00e9gner d\u2019un esprit traumatique. Il ne s\u2019agit pas d\u2019une fantaisie. Il existe en effet des enseignements indig\u00e8nes et des enseignements de sagesse qui parlent d\u2019une force mentale existant dans le champ de la conscience collective et qui en est venue \u00e0 usurper notre esprit. Diverses traditions qualifient ces mentalit\u00e9s n\u00e9fastes de wetiko, de pr\u00e9dateurs, d\u2019archontes, d\u2019Ahriman, de volants, etc. Elles racontent comment un \u00ab\u00a0esprit \u00e9tranger\u00a0\u00bb a pi\u00e9g\u00e9 et traumatis\u00e9 l\u2019esprit collectif humain.<\/p>\n<p align=\"justify\">Un autre aspect de cette histoire est qu\u2019en tant qu\u2019esp\u00e8ce globale, nous projetons \u00e9galement les blessures de notre inconscient collectif dans le monde. Il s\u2019agit d\u2019un processus \u00e0 la fois traumatisant et cathartique. Peut-\u00eatre est-ce n\u00e9cessaire \u2014 un nettoyage collectif de nos traumatismes inconscients et des ombres qui se cachent dans les recoins sombres de nos esprits \u2014 pour pr\u00e9parer notre esp\u00e8ce \u00e0 la prochaine phase de notre \u00e9volution\u00a0? Ce dont nous pouvons \u00eatre s\u00fbrs, sans aucun doute, c\u2019est que nous vivons une grande transition historique. \u00c0 l\u2019heure actuelle, deux questions majeures se posent \u00e0 nous\u00a0: la folie apparente du monde moderne et la n\u00e9cessit\u00e9 de lui trouver un sens.<\/p>\n<p align=\"justify\"><b>Que se passe-t-il\u00a0?<\/b><\/p>\n<p align=\"justify\">La question \u00e0 laquelle nous sommes confront\u00e9s est collective et nous concerne tous. Pourquoi tant d\u2019entre nous, nos semblables, se comportent-ils si mal\u00a0? Et pas seulement mal, mais d\u2019une mani\u00e8re qui nuit \u00e0 notre propre bien-\u00eatre. Il semblerait plus qu\u2019\u00e9trange, \u00e0 la limite de la folie, qu\u2019une cr\u00e9ature souhaite d\u00e9lib\u00e9r\u00e9ment nuire \u00e0 son propre environnement et \u00e0 ses syst\u00e8mes de soutien. Pourtant, en tant qu\u2019\u00eatres humains, nous avons le facteur suppl\u00e9mentaire important d\u2019\u00eatre conscient de nos actions, et conscients de nous-m\u00eames dans notre compr\u00e9hension r\u00e9fl\u00e9chie. Alors, une fois de plus, nous nous demandons ce qui a bien pu se passer dans nos esprits.<\/p>\n<p align=\"justify\">La modernit\u00e9 (et la post-modernit\u00e9) nous a donn\u00e9 la perspective que tout ce qui est important est ext\u00e9rieur \u00e0 nous. L\u2019attitude de cette \u00ab\u00a0mentalit\u00e9 moderne\u00a0\u00bb \u00e0 l\u2019\u00e9gard du monde ext\u00e9rieur a \u00e9t\u00e9 largement hostile \u2014 nous avons conquis le monde ext\u00e9rieur pendant la plus grande partie de l\u2019histoire r\u00e9cente, au lieu de ma\u00eetriser notre propre nature int\u00e9rieure. Ce que nous projetons \u00e0 l\u2019ext\u00e9rieur finit par devenir notre sens de la r\u00e9alit\u00e9\u00a0; par cons\u00e9quent, si nous avons h\u00e9rit\u00e9 d\u2019un esprit collectif corrompu, nous projetons une r\u00e9alit\u00e9 collective ternie. La vie moderne a tent\u00e9 de r\u00e9interpr\u00e9ter la condition humaine, ce qui a eu pour effet de nous \u00e9loigner de notre besoin de rechercher un sens essentiel \u00e0 notre vie. Le progr\u00e8s peut att\u00e9nuer certaines de nos souffrances et de nos douleurs, mais il ne compensera jamais le manque d\u2019\u00e9panouissement que nous ressentons \u00e0 l\u2019int\u00e9rieur de nous, car cela n\u00e9cessite une nourriture m\u00e9taphysique ou transcendantale.<\/p>\n<p align=\"justify\">Toute notion de spiritualit\u00e9 ou de m\u00e9taphysique est souvent consid\u00e9r\u00e9e comme non essentielle \u00e0 notre vie quotidienne et on nous apprend \u00e0 l\u2019\u00e9carter. La t\u00e2che de la modernit\u00e9 consistait donc \u00e0 nous lib\u00e9rer des illusions de la transcendance. Et \u00e0 sa place, nous avons \u00e9t\u00e9 conditionn\u00e9s (c\u2019est-\u00e0-dire programm\u00e9s) avec une forme de pens\u00e9e qui s\u2019oppose \u00e0 une v\u00e9ritable voie de d\u00e9veloppement psychique humain. \u00c0 cet \u00e9gard, j\u2019envisage maintenant l\u2019hypoth\u00e8se selon laquelle une infection mentale (une psychose) s\u2019est introduite dans l\u2019esprit collectif de l\u2019humanit\u00e9.<\/p>\n<p align=\"justify\">J\u2019examine cette proposition \u00e0 partir de quatre contextes culturels diff\u00e9rents\u00a0: l\u2019Am\u00e9rique indig\u00e8ne, la psychologie occidentale, le chamanisme d\u2019Am\u00e9rique centrale et la th\u00e9osophie europ\u00e9enne. Et je lui ai donn\u00e9 mon propre nom\u00a0: l\u2019esprit bless\u00e9. Je me tourne tout d\u2019abord vers la tradition indig\u00e8ne am\u00e9ricaine.<\/p>\n<p align=\"justify\"><b>Le virus Wetiko<\/b><\/p>\n<p align=\"justify\"><a href=\"https:\/\/www.revue3emillenaire.com\/blog\/wp-content\/uploads\/2023\/12\/Jack-Forbes.jpg\"><img loading=\"lazy\" decoding=\"async\" class=\"aligncenter size-full wp-image-19670\" src=\"https:\/\/www.revue3emillenaire.com\/blog\/wp-content\/uploads\/2023\/12\/Jack-Forbes.jpg\" alt=\"\" width=\"500\" height=\"328\" srcset=\"https:\/\/www.revue3emillenaire.com\/blog\/wp-content\/uploads\/2023\/12\/Jack-Forbes.jpg 500w, https:\/\/www.revue3emillenaire.com\/blog\/wp-content\/uploads\/2023\/12\/Jack-Forbes-300x197.jpg 300w\" sizes=\"auto, (max-width: 500px) 100vw, 500px\" \/><\/a><\/p>\n<p style=\"text-align: center;\" align=\"justify\"><i>Jack Forbes, universitaire et militant am\u00e9rindien, a \u00e9tudi\u00e9 cette maladie de l\u2019esprit et a conclu qu\u2019elle \u00e9tait \u00ab\u00a0la plus grande maladie \u00e9pid\u00e9mique connue de l\u2019homme\u00a0\u00bb.<\/i><\/p>\n<p align=\"justify\">Jack Forbes (1934-2011), universitaire et militant am\u00e9rindien, s\u2019est longtemps pench\u00e9 sur la question de savoir ce qui s\u2019est pass\u00e9 dans l\u2019esprit humain \u2014 et a trouv\u00e9 une r\u00e9ponse. Apr\u00e8s de longues \u00e9tudes, il est parvenu \u00e0 la conclusion que l\u2019humanit\u00e9 souffre d\u2019une maladie sp\u00e9cifique, la psychose\u00a0:<\/p>\n<p align=\"justify\">Depuis plusieurs milliers d\u2019ann\u00e9es, les \u00eatres humains souffrent d\u2019un fl\u00e9au, d\u2019une maladie pire que la l\u00e8pre, d\u2019une maladie pire que la malaria, d\u2019une maladie bien plus terrible que la variole\u2026 quel que soit le nom qu\u2019on lui donne, cette maladie, cette psychose <i>wetiko <\/i>(cannibale) est la plus grande maladie \u00e9pid\u00e9mique connue de l\u2019homme [<a class=\"sdfootnoteanc\" href=\"#sdfootnote1sym\" name=\"sdfootnote1anc\"><sup>1<\/sup><\/a>].<\/p>\n<p align=\"justify\"><i>Wetiko<\/i> est un terme Cri (<i>windigo<\/i> en Ojibway, <i>wintiko<\/i> en Powhatan) qui d\u00e9signe une personne ou un esprit mal\u00e9fique qui terrorise les autres cr\u00e9atures par des actes terribles. Selon Forbes, la grande trag\u00e9die de l\u2019humanit\u00e9 est que notre histoire, au cours des deux derniers mill\u00e9naires, a \u00e9t\u00e9 en grande partie le r\u00e9cit de la psychose de la \u00ab\u00a0maladie wetiko\u00a0\u00bb, comme il l\u2019appelle. Il remonte jusqu\u2019aux \u00c9gyptiens, aux Babyloniens et aux Assyriens, qui ont contribu\u00e9 \u00e0 r\u00e9pandre la maladie <i>wetiko<\/i> au Moyen-Orient. Ensuite, ce sont les Mac\u00e9doniens et les Grecs sous Alexandre qui l\u2019ont propag\u00e9e encore plus loin, jusqu\u2019\u00e0 ce qu\u2019elle atterrisse dans le giron de l\u2019Empire romain qui, selon Forbes, a r\u00e9ellement \u00e9tendu l\u2019infection de <i>wetiko<\/i>.<\/p>\n<p align=\"justify\">Ce qu\u2019il dit ici, c\u2019est que cette psychose est un \u00e9tat d\u2019esprit particulier qui a pris forme au fur et \u00e0 mesure que certaines cultures et civilisations hi\u00e9rarchis\u00e9es commen\u00e7aient \u00e0 se d\u00e9velopper. Afin de maintenir le contr\u00f4le et le pouvoir, et de poursuivre l\u2019expansion sanglante, cet \u00e9tat d\u2019esprit a \u00e9t\u00e9 d\u00e9lib\u00e9r\u00e9ment cultiv\u00e9, encourag\u00e9, puis d\u00e9velopp\u00e9 en tant que perspective et r\u00e9cit dominants. En fait, il s\u2019agissait d\u2019une perspective cruciale qui devait \u00eatre propag\u00e9e afin de maintenir toutes les structures de pouvoir du statu quo au sein d\u2019une culture en d\u00e9veloppement. Ne pas adh\u00e9rer \u00e0 cet \u00e9tat d\u2019esprit sp\u00e9cifique signifiait presque certainement l\u2019annihilation et l\u2019\u00e9radication face \u00e0 d\u2019autres cultures concurrentes (comme ce fut le cas pour les cultures ancestrales am\u00e9rindiennes h\u00e9rit\u00e9es de Forbes).<\/p>\n<p align=\"justify\">Selon Forbes, la maladie du <i>wetiko<\/i> a tellement corrompu la pens\u00e9e europ\u00e9enne que le comportement du <i>wetiko<\/i> est d\u00e9sormais consid\u00e9r\u00e9 comme le tissu m\u00eame de la culture europ\u00e9enne et de la poursuite du progr\u00e8s. Et pour que les quelques dirigeants puissent maintenir un pouvoir et un ordre stables, ils doivent convaincre, persuader ou conditionner les masses au sein de leur soci\u00e9t\u00e9\/civilisation pour qu\u2019elles croient et soutiennent la m\u00eame chose, ou au moins pour qu\u2019elles ne se rebellent pas contre elle. Le fonctionnement de nos soci\u00e9t\u00e9s modernes d\u00e9coule de cette op\u00e9ration qui consiste \u00e0 fournir un \u00e9tat d\u2019esprit dominant \u2014 ou un r\u00e9cit social \u2014 et \u00e0 manipuler son consentement collectif par la coercition ou, comme c\u2019est aujourd\u2019hui le plus souvent le cas, par une propagande persuasive.<\/p>\n<p align=\"justify\">Forbes arrive \u00e0 la conclusion qu\u2019une soci\u00e9t\u00e9 d\u00e9velopp\u00e9e prend le d\u00e9sir <i>wetiko<\/i> de pouvoir et le canalise dans la cr\u00e9ation de structures hautement disciplin\u00e9es et rigides qui, au fil des ans, r\u00e9ussissent \u00e0 dissimuler leurs m\u00e9canismes de contr\u00f4le par le biais d\u2019un conditionnement institutionnalis\u00e9. Ces institutions cr\u00e9ent ensuite une hi\u00e9rarchie entre les individus. Ce syst\u00e8me de statut social hi\u00e9rarchique continue d\u2019exploiter la population g\u00e9n\u00e9rale par des moyens plus \u00ab\u00a0normalis\u00e9s\u00a0\u00bb socialement. Les <i>wetikos<\/i> innocents ou non conscients peuvent \u00e9galement \u00eatre coopt\u00e9s dans ce syst\u00e8me de comportement par le biais d\u2019attraits tels que les subventions, le soutien, l\u2019emploi, etc. qui les entra\u00eenent dans l\u2019illusion de la libert\u00e9 individuelle et du pouvoir personnel. Comme tout autre agent pathog\u00e8ne, le virus du <i>wetiko<\/i> tente d\u2019infecter les autres et de s\u2019en nourrir en renfor\u00e7ant sa propre corruption de l\u2019esprit humain.<\/p>\n<p align=\"justify\">La nature pr\u00e9datrice du <i>wetiko<\/i> peut se cacher sous presque n\u2019importe quelle apparence et se manifeste surtout dans des slogans tels que \u00ab\u00a0patriotisme\u00a0\u00bb, \u00ab\u00a0recherche du profit\u00a0\u00bb et \u00ab\u00a0protection de notre mode de vie\u00a0\u00bb. Nous pourrions dire que nous avons vu des exemples r\u00e9cents de \u00ab\u00a0vous \u00eates soit avec nous, soit contre nous\u00a0\u00bb. La mentalit\u00e9 <i>wetiko<\/i> s\u2019assimile \u00e0 travers des programmes de propagande intensifs con\u00e7us pour perp\u00e9tuer ses propres valeurs. En fin de compte, nombre de nos cultures nationales sont impr\u00e9gn\u00e9es de mythes, de r\u00e9cits et de sch\u00e9mas de pens\u00e9e enracin\u00e9s qui perp\u00e9tuent une soci\u00e9t\u00e9 <i>wetiko<\/i>. Mais qu\u2019en est-il si un tel \u00e9tat d\u2019esprit n\u2019est pas seulement pr\u00e9serv\u00e9 au sein de cultures particuli\u00e8res, mais s\u2019il peut \u00eatre assimil\u00e9 par l\u2019\u00e9tat d\u2019esprit collectif de l\u2019esp\u00e8ce\u00a0? Telle est la question pos\u00e9e par le psychanalyste et psychologue Carl Gustav Jung.<\/p>\n<p align=\"justify\"><b>L\u2019inconscient collectif de Jung<\/b><\/p>\n<p align=\"justify\"><a href=\"https:\/\/www.revue3emillenaire.com\/blog\/wp-content\/uploads\/2023\/11\/jung8-jun1957-lach.jpg\"><img loading=\"lazy\" decoding=\"async\" class=\"aligncenter size-full wp-image-19639\" src=\"https:\/\/www.revue3emillenaire.com\/blog\/wp-content\/uploads\/2023\/11\/jung8-jun1957-lach.jpg\" alt=\"\" width=\"500\" height=\"632\" srcset=\"https:\/\/www.revue3emillenaire.com\/blog\/wp-content\/uploads\/2023\/11\/jung8-jun1957-lach.jpg 500w, https:\/\/www.revue3emillenaire.com\/blog\/wp-content\/uploads\/2023\/11\/jung8-jun1957-lach-237x300.jpg 237w\" sizes=\"auto, (max-width: 500px) 100vw, 500px\" \/><\/a><\/p>\n<p style=\"text-align: center;\" align=\"justify\"><i>Selon Carl Gustav Jung, l\u2019enfer repr\u00e9sente, dans toutes les cultures, l\u2019aspect perturbateur de l\u2019inconscient collectif. L\u2019agent pathog\u00e8ne wetiko pourrait avoir infect\u00e9 le champ de l\u2019inconscient collectif de l\u2019humanit\u00e9.<\/i><\/p>\n<p align=\"justify\">Jung a peut-\u00eatre \u00e9t\u00e9 le premier psychologue \u00e0 r\u00e9aliser pleinement que ce que nous voyons se d\u00e9rouler sur la sc\u00e8ne mondiale est en grande partie une projection, ou un sympt\u00f4me, de la psych\u00e9 inconsciente de l\u2019humanit\u00e9. Jung consid\u00e9rait que cet inconscient collectif ne se d\u00e9veloppe pas individuellement, mais qu\u2019il est h\u00e9rit\u00e9. En d\u2019autres termes, nous h\u00e9ritons d\u2019une \u00ab\u00a0vie psychique\u00a0\u00bb remplie d\u2019\u00ab\u00a0occurrences\u00a0\u00bb qui remontent aux origines les plus lointaines. Et si une psychose, telle que l\u2019agent pathog\u00e8ne <i>wetiko<\/i>, avait d\u00e9j\u00e0 envahi cette strate psychique et se manifestait maintenant comme une perturbation dans le champ de l\u2019inconscient collectif de l\u2019humanit\u00e9\u00a0? Il pourrait bien s\u2019agir d\u2019un psycho-pathog\u00e8ne, c\u2019est-\u00e0-dire d\u2019un virus de l\u2019esprit, qui infecte nos esprits individuels \u00e0 partir de la sph\u00e8re collective sous-jacente.<\/p>\n<p align=\"justify\">Cette psychose collective fonctionne comme un ph\u00e9nom\u00e8ne de champ et, en tant que telle, elle sous-tend l\u2019ensemble du champ collectif de la conscience non locale. Le danger ici est que chaque personne peut potentiellement \u00eatre infect\u00e9e par la psychose simplement en ne faisant pas attention \u00e0 ses pens\u00e9es. Avant m\u00eame de nous en rendre compte, nous avons des pens\u00e9es malveillantes ou col\u00e9riques de type <i>wetiko<\/i>, qui peuvent alors facilement se manifester par un comportement r\u00e9el. Qui n\u2019a pas eu, \u00e0 un moment ou \u00e0 un autre, une pens\u00e9e m\u00e9chante ou d\u00e9sagr\u00e9able\u00a0? La question est de savoir si cette pens\u00e9e est n\u00e9e en nous ou si elle est venue de l\u2019ext\u00e9rieur. \u00c9tant donn\u00e9 que le virus pathog\u00e8ne de l\u2019esprit \u2014 que j\u2019appelle l\u2019esprit bless\u00e9 \u2014 est un ph\u00e9nom\u00e8ne non local, il est possible que nous en soyons tous infect\u00e9s \u00e0 des degr\u00e9s divers. Ou, il serait plus juste de dire que cet esprit <i>nous tient<\/i>. Et le pire, c\u2019est que la plupart des gens seront des porteurs inconscients et involontaires de cet agent pathog\u00e8ne. Comme l\u2019a dit Jung, \u00ab\u00a0les guerres, les dynasties, les bouleversements sociaux, les conqu\u00eates et les religions ne sont que les sympt\u00f4mes superficiels d\u2019une attitude psychique secr\u00e8te inconnue m\u00eame de l\u2019individu lui-m\u00eame\u00a0\u00bb [<a class=\"sdfootnoteanc\" href=\"#sdfootnote2sym\" name=\"sdfootnote2anc\"><sup>2<\/sup><\/a>].<\/p>\n<p align=\"justify\">Si nous prenons l\u2019analogie moderne de l\u2019informatique, la situation est semblable \u00e0 celle d\u2019un virus qui p\u00e9n\u00e8tre dans nos ordinateurs et installe des logiciels malveillants ou en modifie le codage. Un tel agent pathog\u00e8ne mental agirait de la m\u00eame mani\u00e8re en installant son propre programme malveillant dans notre esprit. La plupart du temps, nous n\u2019en sommes pas conscients, car il agit en m\u00eame temps que notre esprit \u00ab\u00a0normal\u00a0\u00bb, jusqu\u2019\u00e0 ce qu\u2019il prenne presque enti\u00e8rement le dessus. Au fil du temps, notre propre constitution mentale \u2014 notre \u00e9tat psychologique \u2014 s\u2019adapte \u00e0 l\u2019\u00ab\u00a0envahisseur\u00a0\u00bb \u00e9tranger et l\u2019assimile \u00e0 son propre fonctionnement en guise de normalisation. En d\u2019autres termes, nous finirions par le consid\u00e9rer comme <i>notre<\/i> esprit.<\/p>\n<p align=\"justify\"><b>L\u2019esprit \u00e9tranger de Don Juan<\/b><\/p>\n<p align=\"center\"><a href=\"https:\/\/www.revue3emillenaire.com\/blog\/wp-content\/uploads\/2023\/12\/Carlos-Castaneda.jpg\"><img loading=\"lazy\" decoding=\"async\" class=\"aligncenter size-full wp-image-19671\" src=\"https:\/\/www.revue3emillenaire.com\/blog\/wp-content\/uploads\/2023\/12\/Carlos-Castaneda.jpg\" alt=\"\" width=\"200\" height=\"250\" \/><\/a><\/p>\n<p align=\"center\">Carlos Casta\u00f1eda (1925-1998)<\/p>\n<p align=\"justify\">La litt\u00e9rature chamanique et anthropologique contient de nombreux t\u00e9moignages sur la vuln\u00e9rabilit\u00e9 des personnes aux invasions psychiques et aux \u00ab\u00a0forces \u00e9nerg\u00e9tiques\u00a0\u00bb pr\u00e9datrices. R\u00e9cemment, personne n\u2019a peut-\u00eatre \u00e9t\u00e9 aussi ouvertement explicite que les enseignements donn\u00e9s par don Juan dans les livres de Carlos Casta\u00f1eda. Plus tard dans la s\u00e9rie de livres, lorsque Casta\u00f1eda est rendu plus exp\u00e9riment\u00e9 et mature sur la voie chamanique, Don Juan lui r\u00e9v\u00e8le certaines \u00ab\u00a0v\u00e9rit\u00e9s\u00a0\u00bb concernant la nature des pr\u00e9dateurs. Don Juan explique qu\u2019il existe des \u00ab\u00a0forces ext\u00e9rieures\u00a0\u00bb qui nous contr\u00f4lent. Ces \u00ab\u00a0pr\u00e9dateurs\u00a0\u00bb emprisonnent les \u00eatres humains et les rendent dociles. Lorsque Casta\u00f1eda proteste contre cela, Don Juan lui explique que\u00a0:<\/p>\n<p align=\"justify\">Pour nous maintenir ob\u00e9issants, doux et faibles, les pr\u00e9dateurs se sont livr\u00e9s \u00e0 une man\u0153uvre stup\u00e9fiante \u2014 stup\u00e9fiante, bien s\u00fbr, du point de vue d\u2019un strat\u00e8ge de combat. Une man\u0153uvre \u00e9pouvantable du point de vue de ceux qui la subissent. Ils nous ont donn\u00e9 leur esprit\u00a0! Vous m\u2019entendez\u00a0? Les pr\u00e9dateurs nous donnent leur esprit qui devient notre esprit. L\u2019esprit des pr\u00e9dateurs est baroque, contradictoire, morose, rempli de la peur d\u2019\u00eatre d\u00e9couvert d\u2019une minute \u00e0 l\u2019autre\u2026 \u00c0 travers l\u2019esprit, qui apr\u00e8s tout est leur esprit, les pr\u00e9dateurs injectent dans la vie des \u00eatres humains ce qui leur convient [<a class=\"sdfootnoteanc\" href=\"#sdfootnote3sym\" name=\"sdfootnote3anc\"><sup>3<\/sup><\/a>].<\/p>\n<p align=\"justify\">Selon Don Juan, une pr\u00e9sence ou une \u00e9nergie \u00ab\u00a0\u00e9trang\u00e8re\u00a0\u00bb s\u2019est infiltr\u00e9e dans l\u2019esprit humain. En d\u2019autres termes, lorsque \u00ab\u00a0nous\u00a0\u00bb pensons ou \u00ab\u00a0avons\u00a0\u00bb des pens\u00e9es, nous manifestons en fait \u2014 ou sommes influenc\u00e9s par \u2014 un esprit corrompu qui est \u00ab\u00a0baroque, contradictoire, morose\u00a0\u00bb et rempli de peur. Lorsque nous nous connectons \u00e0 l\u2019inconscient collectif ou \u00e0 l\u2019\u00e9tat d\u2019esprit collectif, nous puisons en fait dans une psych\u00e9 qui, selon les termes de Jung, remonte \u00ab\u00a0jusqu\u2019aux origines les plus lointaines\u00a0\u00bb. Pourtant, ces d\u00e9buts peuvent aussi inclure l\u2019\u00ab\u00a0esprit \u00e9tranger\u00a0\u00bb du pr\u00e9dateur.<\/p>\n<p align=\"justify\">En tant qu\u2019esp\u00e8ce, l\u2019humanit\u00e9 a acc\u00e8s \u00e0 un inconscient collectif qui constitue la base de nos sch\u00e9mas de pens\u00e9e et de nos traits de comportement. Si un \u00e9l\u00e9ment de psychose, un traumatisme, un r\u00e9cit dominant \u2014 c\u2019est-\u00e0-dire un <i>wetiko<\/i>, un pr\u00e9dateur \u2014 a infiltr\u00e9 ce champ mental collectif, il est tr\u00e8s possible que nous ayons \u00e9galement h\u00e9rit\u00e9 de ce que j\u2019appelle l\u2019esprit bless\u00e9. Cela soul\u00e8ve \u00e9galement la question de savoir quel type de civilisation ou de soci\u00e9t\u00e9 un tel \u00ab\u00a0esprit\u00a0\u00bb psychotique parasite-pr\u00e9dateur souhaiterait cr\u00e9er.<\/p>\n<p align=\"justify\">La r\u00e9ponse \u00e0 cette question pourrait se trouver dans une forme de th\u00e9osophie du vingti\u00e8me si\u00e8cle propos\u00e9e par le philosophe et mystique autrichien Rudolf Steiner.<\/p>\n<p align=\"justify\"><b>La venue d\u2019Ahriman<\/b><\/p>\n<p align=\"justify\"><a href=\"https:\/\/www.revue3emillenaire.com\/blog\/wp-content\/uploads\/2023\/12\/peinture-steiner.jpg\"><img loading=\"lazy\" decoding=\"async\" class=\"aligncenter size-full wp-image-19673\" src=\"https:\/\/www.revue3emillenaire.com\/blog\/wp-content\/uploads\/2023\/12\/peinture-steiner.jpg\" alt=\"\" width=\"300\" height=\"405\" srcset=\"https:\/\/www.revue3emillenaire.com\/blog\/wp-content\/uploads\/2023\/12\/peinture-steiner.jpg 300w, https:\/\/www.revue3emillenaire.com\/blog\/wp-content\/uploads\/2023\/12\/peinture-steiner-222x300.jpg 222w\" sizes=\"auto, (max-width: 300px) 100vw, 300px\" \/><\/a><\/p>\n<p style=\"text-align: center;\" align=\"justify\"><i>La peinture de Rudolf Steiner (1861-1925) pr\u00e9sente les forces spirituelles \u00e0 l\u2019\u0153uvre sur l\u2019humanit\u00e9, dont celle de la pr\u00e9sence ahrimanienne qui cherche \u00e0 nous lier \u00e0 la mati\u00e8re.<\/i><\/p>\n<p align=\"justify\">Dans les \u00e9crits de Rudolf Steiner du d\u00e9but du XX<sup>e<\/sup>\u00a0si\u00e8cle, il est fait mention d\u2019une entit\u00e9 qu\u2019il appelle Ahriman. Pour Steiner, cet Ahriman est un \u00eatre suprasensible qui souhaite d\u00e9tourner l\u2019humanit\u00e9 de son potentiel d\u2019\u00e9volution. Pour ce faire, il cherche \u00e0 influencer l\u2019esprit de l\u2019humanit\u00e9 afin qu\u2019elle se d\u00e9veloppe sur une voie sp\u00e9cifique, qui correspond \u00e0 ses propres besoins plut\u00f4t qu\u2019\u00e0 ceux de l\u2019humanit\u00e9.<\/p>\n<p align=\"justify\">Les conditions que la pr\u00e9sence ahrimanienne souhaite cr\u00e9er sont les suivantes\u00a0: une conception mat\u00e9rialiste et m\u00e9canique de l\u2019univers\u00a0; un dogme scientifique fond\u00e9 sur une rationalit\u00e9-mat\u00e9rialiste\u00a0; une vision \u00e9conomique de la dynamique et des syst\u00e8mes sociaux\u00a0; une forte caract\u00e9ristique du nationalisme et des identit\u00e9s nationales\u00a0; la popularit\u00e9 des partis politiques s\u00e9paratistes\u00a0; la pr\u00e9valence du fondamentalisme dans le dogme religieux\u00a0; et la domination d\u2019une culture intellectuelle aride et s\u00e8che [<a class=\"sdfootnoteanc\" href=\"#sdfootnote4sym\" name=\"sdfootnote4anc\"><sup>4<\/sup><\/a>]. Il semblerait que cette pr\u00e9sence ahrimanienne ait \u00e9t\u00e9 assez fructueuse jusqu\u2019\u00e0 pr\u00e9sent\u00a0!<\/p>\n<p align=\"justify\">Steiner a \u00e9galement d\u00e9clar\u00e9 explicitement que l\u2019aspect le plus dangereux d\u2019Ahriman est que sa pr\u00e9sence ne soit pas reconnue, car il cherche \u00e0 se cacher (comme les pr\u00e9dateurs). Steiner, dans l\u2019une de ses conf\u00e9rences, a d\u00e9clar\u00e9\u00a0: \u00ab\u00a0\u2026 pensez \u00e0 tout ce qui nous presse sur la terre, qui nous rend ennuyeux et philistins, qui nous conduit \u00e0 d\u00e9velopper des attitudes mat\u00e9rialistes, qui nous p\u00e9n\u00e8tre d\u2019un intellect sec, et ainsi de suite\u00a0: vous avez l\u00e0 une image des pouvoirs d\u2019Ahriman\u00a0\u00bb [<a class=\"sdfootnoteanc\" href=\"#sdfootnote5sym\" name=\"sdfootnote5anc\"><sup>5<\/sup><\/a>].<\/p>\n<p align=\"justify\">Les puissances ahrimaniennes, nous dit-on, ont la ferme intention de faire entrer le domaine humain, ainsi que la terre, dans leur sph\u00e8re de pouvoir, et de rendre les \u00eatres humains d\u00e9pendants de leur contr\u00f4le. Encore une fois, cela semble \u00e9trangement familier. Steiner nous dit qu\u2019Ahriman a l\u2019intention de nous cacher que la science moderne, intellectuelle et rationaliste, est une grande illusion, une tromperie. L\u2019id\u00e9e, apparemment, est de nous abrutir avec nos paradigmes mat\u00e9rialistes au point que nous n\u2019ayons aucune envie ou besoin de chercher la connaissance concernant \u00ab\u00a0l\u2019\u00e2me et l\u2019esprit dans le cosmos\u00a0\u00bb.<\/p>\n<p align=\"justify\">Les puissances ahrimaniennes utilisent tout ce qui est \u00e0 leur disposition pour semer le m\u00e9contentement, le d\u00e9sarroi et le conflit. Elles manipulent les notions d\u2019h\u00e9r\u00e9dit\u00e9 \u2014 famille, race, tribu, peuples \u2014 pour cr\u00e9er la confusion et la division. Par le biais de ces structures de classe, elles imposent le paradigme culturel dominant des besoins \u00e9conomiques et mat\u00e9riels. Steiner avertit ses auditeurs que \u00ab\u00a0l\u2019incarnation ahrimanienne\u00a0\u00bb progressera consid\u00e9rablement si les gens ne parviennent pas \u00e0 d\u00e9velopper une vie spirituelle ind\u00e9pendante.<\/p>\n<p align=\"justify\"><b>Quelques mots de reconnaissance<\/b><\/p>\n<p align=\"justify\">Dans tous les exemples d\u00e9crits ici \u2014 indig\u00e8nes am\u00e9ricains, psychologie occidentale, chamanisme d\u2019Am\u00e9rique centrale et th\u00e9osophie europ\u00e9enne \u2014 nous avons eu un aper\u00e7u de la proposition de ce que j\u2019appelle <i>l\u2019esprit bless\u00e9<\/i>. La source de ce traumatisme, cependant, n\u2019est toujours pas claire et reste ouverte au d\u00e9bat. Il peut s\u2019agir d\u2019une psychose collective de la civilisation, d\u2019une invasion pr\u00e9datrice, d\u2019une impulsion\/pr\u00e9sence d\u00e9volutive, ou d\u2019une combinaison de ces \u00e9l\u00e9ments. Ou bien il peut s\u2019agir d\u2019autre chose, mais avec des aspects similaires. Quelle qu\u2019en soit la cause profonde, il est clair qu\u2019une pr\u00e9sence traumatique persiste dans la psych\u00e9 collective de l\u2019humanit\u00e9 et qu\u2019elle doit \u00eatre reconnue pour ce qu\u2019elle est \u2014 et expuls\u00e9e.<\/p>\n<p align=\"justify\">Peut-\u00eatre que les traumatismes que nous voyons inflig\u00e9s au monde aujourd\u2019hui font partie de cette expulsion \u2014 une sorte d\u2019exorcisme public. En fin de compte, nous devrons r\u00e9duire ces \u00ab\u00a0impulsions \u00e9trang\u00e8res\u00a0\u00bb afin d\u2019\u00e9voluer vers un avenir meilleur pour nous en tant qu\u2019esp\u00e8ce humaine sur cette plan\u00e8te.<\/p>\n<p align=\"justify\"><i><b>Kingsley L. Dennis, PhD, est \u00e9crivain et chercheur \u00e0 plein temps. Il est l\u2019auteur de plus de vingt livres. Son dernier livre s\u2019intitule The Inversion\u00a0: How We Have Been Tricked into a False Reality (L\u2019inversion\u00a0: comment nous avons \u00e9t\u00e9 tromp\u00e9s dans une fausse r\u00e9alit\u00e9). Il est l\u2019auteur de nombreux articles sur la philosophie sociale, la culture et la technologie, l\u2019\u00e9tude de la conscience et la m\u00e9taphysique. Kingsley dirige \u00e9galement sa propre maison d\u2019\u00e9dition, Beautiful Traitor Books \u2014 <\/b><\/i><span style=\"color: #000080;\"><u><a href=\"http:\/\/www.beautifultraitorbooks.com\/\" target=\"_blank\" rel=\"noopener\"><i><b>www.beautifultraitorbooks.com<\/b><\/i><\/a><\/u><\/span><i><b>. Pour plus d\u2019informations, visitez son site web\u00a0: <\/b><\/i><span style=\"color: #000080;\"><u><a href=\"http:\/\/www.kingsleydennis.com\/\" target=\"_blank\" rel=\"noopener\"><i><b>www.kingsleydennis.com<\/b><\/i><\/a><\/u><\/span><i><b>.<\/b><\/i><\/p>\n<p align=\"justify\">Texte original\u00a0: <span style=\"color: #000080;\"><u><a href=\"https:\/\/www.newdawnmagazine.com\/articles\/what-has-gotten-into-our-minds-the-psychosis-of-the-modern-world-the-search-for-the-self\" target=\"_blank\" rel=\"noopener\">https:\/\/www.newdawnmagazine.com\/articles\/what-has-gotten-into-our-minds-the-psychosis-of-the-modern-world-the-search-for-the-self<\/a><\/u><\/span><\/p>\n<p align=\"justify\">_________________<\/p>\n<div id=\"sdfootnote1\">\n<p align=\"justify\"><a class=\"sdfootnotesym\" href=\"#sdfootnote1anc\" name=\"sdfootnote1sym\">1<\/a> Jack D. Forbes, 2008 (rev). Columbus and other Cannibals, Seven Stories Press, XVI<\/p>\n<\/div>\n<div id=\"sdfootnote2\">\n<p align=\"justify\"><a class=\"sdfootnotesym\" href=\"#sdfootnote2anc\" name=\"sdfootnote2sym\">2<\/a>. Cit\u00e9 dans Meredith Sabini (ed), ed. 2008. <i>C.G. JUNG on Nature, Technology &amp; Modern Life<\/i>, North Atlantic Books, 188<\/p>\n<\/div>\n<div id=\"sdfootnote3\">\n<p class=\"sdfootnote\"><a class=\"sdfootnotesym\" href=\"#sdfootnote3anc\" name=\"sdfootnote3sym\">3<\/a><span style=\"font-size: medium;\"> Carlos Casta\u00f1eda, 1999, <\/span><span style=\"font-size: medium;\"><i>The Active Side of Infinity<\/i><\/span><span style=\"font-size: medium;\">. Thorsons, 220<\/span><\/p>\n<\/div>\n<div id=\"sdfootnote4\">\n<p class=\"sdfootnote\"><a class=\"sdfootnotesym\" href=\"#sdfootnote4anc\" name=\"sdfootnote4sym\">4<\/a><span style=\"font-size: medium;\"> R. Steiner, 2009, <\/span><span style=\"font-size: medium;\"><i>The Incarnation of Ahriman: The Embodiment of Evil on Earth<\/i><\/span><span style=\"font-size: medium;\">, Rudolf Steiner Press<\/span><\/p>\n<\/div>\n<div id=\"sdfootnote5\">\n<p align=\"justify\"><a class=\"sdfootnotesym\" href=\"#sdfootnote5anc\" name=\"sdfootnote5sym\">5<\/a> Ibid, 1<\/p>\n<\/div>\n","protected":false},"excerpt":{"rendered":"<p>Traduction libre \u2026 dans l\u2019obscurit\u00e9, les charlatans sont facilement pris pour des sages. \u2013\u00a0Chantal Delsol Il y a quelque chose de fondamentalement erron\u00e9 dans la constitution du monde d\u2019aujourd\u2019hui. Ne le voyez-vous pas, ne le sentez-vous pas\u00a0? Nous sommes une esp\u00e8ce au caract\u00e8re noble, au grand esprit et \u00e0 l\u2019\u00e2me sacr\u00e9e. Dans nos c\u0153urs, nous [&hellip;]<\/p>\n","protected":false},"author":2,"featured_media":19672,"comment_status":"closed","ping_status":"closed","sticky":false,"template":"","format":"standard","meta":{"footnotes":""},"categories":[1540,1896],"tags":[1801,797,25,1279,1799,452,1800],"class_list":["post-19669","post","type-post","status-publish","format-standard","has-post-thumbnail","hentry","category-actualite","category-dennis-kingsley-l","tag-carlos-castaneda","tag-inconscient-collectif","tag-jung","tag-manipulation","tag-psychose","tag-steiner","tag-wetico"],"yoast_head":"<!-- This site is optimized with the Yoast SEO plugin v27.0 - https:\/\/yoast.com\/product\/yoast-seo-wordpress\/ -->\n<title>Qu\u2019est-ce qui s\u2019est pass\u00e9 dans nos esprits\u00a0? La psychose du monde moderne et la recherche du soi par Kingsley Dennis - 3e mill\u00e9naire - Spiritualit\u00e9 - Connaissance de soi - Non-dualit\u00e9 - M\u00e9ditation<\/title>\n<meta name=\"robots\" content=\"index, follow, max-snippet:-1, max-image-preview:large, max-video-preview:-1\" \/>\n<link rel=\"canonical\" href=\"https:\/\/www.revue3emillenaire.com\/blog\/quest-ce-qui-sest-passe-dans-nos-esprits-la-psychose-du-monde-moderne-et-la-recherche-du-soi-par-kingsley-dennis\/\" \/>\n<meta property=\"og:locale\" content=\"fr_FR\" \/>\n<meta property=\"og:type\" content=\"article\" \/>\n<meta property=\"og:title\" content=\"Qu\u2019est-ce qui s\u2019est pass\u00e9 dans nos esprits\u00a0? La psychose du monde moderne et la recherche du soi par Kingsley Dennis - 3e mill\u00e9naire - Spiritualit\u00e9 - Connaissance de soi - Non-dualit\u00e9 - M\u00e9ditation\" \/>\n<meta property=\"og:description\" content=\"Traduction libre \u2026 dans l\u2019obscurit\u00e9, les charlatans sont facilement pris pour des sages. \u2013\u00a0Chantal Delsol Il y a quelque chose de fondamentalement erron\u00e9 dans la constitution du monde d\u2019aujourd\u2019hui. Ne le voyez-vous pas, ne le sentez-vous pas\u00a0? Nous sommes une esp\u00e8ce au caract\u00e8re noble, au grand esprit et \u00e0 l\u2019\u00e2me sacr\u00e9e. Dans nos c\u0153urs, nous [&hellip;]\" \/>\n<meta property=\"og:url\" content=\"https:\/\/www.revue3emillenaire.com\/blog\/quest-ce-qui-sest-passe-dans-nos-esprits-la-psychose-du-monde-moderne-et-la-recherche-du-soi-par-kingsley-dennis\/\" \/>\n<meta property=\"og:site_name\" content=\"3e mill\u00e9naire - Spiritualit\u00e9 - Connaissance de soi - Non-dualit\u00e9 - M\u00e9ditation\" \/>\n<meta property=\"article:published_time\" content=\"2023-12-27T13:17:57+00:00\" \/>\n<meta property=\"article:modified_time\" content=\"2024-05-11T11:52:39+00:00\" \/>\n<meta property=\"og:image\" content=\"https:\/\/www.revue3emillenaire.com\/blog\/wp-content\/uploads\/2023\/12\/Kingsley-Dennis.jpg\" \/>\n\t<meta property=\"og:image:width\" content=\"314\" \/>\n\t<meta property=\"og:image:height\" content=\"440\" \/>\n\t<meta property=\"og:image:type\" content=\"image\/jpeg\" \/>\n<meta name=\"author\" content=\"3e mill\u00e9naire\" \/>\n<meta name=\"twitter:card\" content=\"summary_large_image\" \/>\n<meta name=\"twitter:label1\" content=\"\u00c9crit par\" \/>\n\t<meta name=\"twitter:data1\" content=\"3e mill\u00e9naire\" \/>\n\t<meta name=\"twitter:label2\" content=\"Dur\u00e9e de lecture estim\u00e9e\" \/>\n\t<meta name=\"twitter:data2\" content=\"19 minutes\" \/>\n<script type=\"application\/ld+json\" class=\"yoast-schema-graph\">{\"@context\":\"https:\/\/schema.org\",\"@graph\":[{\"@type\":\"Article\",\"@id\":\"https:\/\/www.revue3emillenaire.com\/blog\/quest-ce-qui-sest-passe-dans-nos-esprits-la-psychose-du-monde-moderne-et-la-recherche-du-soi-par-kingsley-dennis\/#article\",\"isPartOf\":{\"@id\":\"https:\/\/www.revue3emillenaire.com\/blog\/quest-ce-qui-sest-passe-dans-nos-esprits-la-psychose-du-monde-moderne-et-la-recherche-du-soi-par-kingsley-dennis\/\"},\"author\":{\"name\":\"3e mill\u00e9naire\",\"@id\":\"https:\/\/www.revue3emillenaire.com\/blog\/#\/schema\/person\/b692dacff720a5344a6190bc714397eb\"},\"headline\":\"Qu\u2019est-ce qui s\u2019est pass\u00e9 dans nos esprits\u00a0? La psychose du monde moderne et la recherche du soi par Kingsley Dennis\",\"datePublished\":\"2023-12-27T13:17:57+00:00\",\"dateModified\":\"2024-05-11T11:52:39+00:00\",\"mainEntityOfPage\":{\"@id\":\"https:\/\/www.revue3emillenaire.com\/blog\/quest-ce-qui-sest-passe-dans-nos-esprits-la-psychose-du-monde-moderne-et-la-recherche-du-soi-par-kingsley-dennis\/\"},\"wordCount\":3924,\"image\":{\"@id\":\"https:\/\/www.revue3emillenaire.com\/blog\/quest-ce-qui-sest-passe-dans-nos-esprits-la-psychose-du-monde-moderne-et-la-recherche-du-soi-par-kingsley-dennis\/#primaryimage\"},\"thumbnailUrl\":\"https:\/\/www.revue3emillenaire.com\/blog\/wp-content\/uploads\/2023\/12\/Kingsley-Dennis.jpg\",\"keywords\":[\"Carlos Castaneda\",\"Inconscient Collectif\",\"Jung\",\"Manipulation\",\"Psychose\",\"Steiner\",\"Wetico\"],\"articleSection\":[\"Actualit\u00e9s\",\"Dennis Kingsley L.\"],\"inLanguage\":\"fr-FR\"},{\"@type\":\"WebPage\",\"@id\":\"https:\/\/www.revue3emillenaire.com\/blog\/quest-ce-qui-sest-passe-dans-nos-esprits-la-psychose-du-monde-moderne-et-la-recherche-du-soi-par-kingsley-dennis\/\",\"url\":\"https:\/\/www.revue3emillenaire.com\/blog\/quest-ce-qui-sest-passe-dans-nos-esprits-la-psychose-du-monde-moderne-et-la-recherche-du-soi-par-kingsley-dennis\/\",\"name\":\"Qu\u2019est-ce qui s\u2019est pass\u00e9 dans nos esprits\u00a0? La psychose du monde moderne et la recherche du soi par Kingsley Dennis - 3e mill\u00e9naire - Spiritualit\u00e9 - Connaissance de soi - Non-dualit\u00e9 - M\u00e9ditation\",\"isPartOf\":{\"@id\":\"https:\/\/www.revue3emillenaire.com\/blog\/#website\"},\"primaryImageOfPage\":{\"@id\":\"https:\/\/www.revue3emillenaire.com\/blog\/quest-ce-qui-sest-passe-dans-nos-esprits-la-psychose-du-monde-moderne-et-la-recherche-du-soi-par-kingsley-dennis\/#primaryimage\"},\"image\":{\"@id\":\"https:\/\/www.revue3emillenaire.com\/blog\/quest-ce-qui-sest-passe-dans-nos-esprits-la-psychose-du-monde-moderne-et-la-recherche-du-soi-par-kingsley-dennis\/#primaryimage\"},\"thumbnailUrl\":\"https:\/\/www.revue3emillenaire.com\/blog\/wp-content\/uploads\/2023\/12\/Kingsley-Dennis.jpg\",\"datePublished\":\"2023-12-27T13:17:57+00:00\",\"dateModified\":\"2024-05-11T11:52:39+00:00\",\"author\":{\"@id\":\"https:\/\/www.revue3emillenaire.com\/blog\/#\/schema\/person\/b692dacff720a5344a6190bc714397eb\"},\"breadcrumb\":{\"@id\":\"https:\/\/www.revue3emillenaire.com\/blog\/quest-ce-qui-sest-passe-dans-nos-esprits-la-psychose-du-monde-moderne-et-la-recherche-du-soi-par-kingsley-dennis\/#breadcrumb\"},\"inLanguage\":\"fr-FR\",\"potentialAction\":[{\"@type\":\"ReadAction\",\"target\":[\"https:\/\/www.revue3emillenaire.com\/blog\/quest-ce-qui-sest-passe-dans-nos-esprits-la-psychose-du-monde-moderne-et-la-recherche-du-soi-par-kingsley-dennis\/\"]}]},{\"@type\":\"ImageObject\",\"inLanguage\":\"fr-FR\",\"@id\":\"https:\/\/www.revue3emillenaire.com\/blog\/quest-ce-qui-sest-passe-dans-nos-esprits-la-psychose-du-monde-moderne-et-la-recherche-du-soi-par-kingsley-dennis\/#primaryimage\",\"url\":\"https:\/\/www.revue3emillenaire.com\/blog\/wp-content\/uploads\/2023\/12\/Kingsley-Dennis.jpg\",\"contentUrl\":\"https:\/\/www.revue3emillenaire.com\/blog\/wp-content\/uploads\/2023\/12\/Kingsley-Dennis.jpg\",\"width\":314,\"height\":440},{\"@type\":\"BreadcrumbList\",\"@id\":\"https:\/\/www.revue3emillenaire.com\/blog\/quest-ce-qui-sest-passe-dans-nos-esprits-la-psychose-du-monde-moderne-et-la-recherche-du-soi-par-kingsley-dennis\/#breadcrumb\",\"itemListElement\":[{\"@type\":\"ListItem\",\"position\":1,\"name\":\"Accueil\",\"item\":\"https:\/\/www.revue3emillenaire.com\/blog\/\"},{\"@type\":\"ListItem\",\"position\":2,\"name\":\"Qu\u2019est-ce qui s\u2019est pass\u00e9 dans nos esprits\u00a0? La psychose du monde moderne et la recherche du soi par Kingsley Dennis\"}]},{\"@type\":\"WebSite\",\"@id\":\"https:\/\/www.revue3emillenaire.com\/blog\/#website\",\"url\":\"https:\/\/www.revue3emillenaire.com\/blog\/\",\"name\":\"3e mill\u00e9naire - Spiritualit\u00e9 - Connaissance de soi - Non-dualit\u00e9 - M\u00e9ditation\",\"description\":\"L&#039;Homme en devenir\",\"potentialAction\":[{\"@type\":\"SearchAction\",\"target\":{\"@type\":\"EntryPoint\",\"urlTemplate\":\"https:\/\/www.revue3emillenaire.com\/blog\/?s={search_term_string}\"},\"query-input\":{\"@type\":\"PropertyValueSpecification\",\"valueRequired\":true,\"valueName\":\"search_term_string\"}}],\"inLanguage\":\"fr-FR\"},{\"@type\":\"Person\",\"@id\":\"https:\/\/www.revue3emillenaire.com\/blog\/#\/schema\/person\/b692dacff720a5344a6190bc714397eb\",\"name\":\"3e mill\u00e9naire\",\"url\":\"https:\/\/www.revue3emillenaire.com\/blog\/author\/scoussa\/\"}]}<\/script>\n<!-- \/ Yoast SEO plugin. -->","yoast_head_json":{"title":"Qu\u2019est-ce qui s\u2019est pass\u00e9 dans nos esprits\u00a0? La psychose du monde moderne et la recherche du soi par Kingsley Dennis - 3e mill\u00e9naire - Spiritualit\u00e9 - Connaissance de soi - Non-dualit\u00e9 - M\u00e9ditation","robots":{"index":"index","follow":"follow","max-snippet":"max-snippet:-1","max-image-preview":"max-image-preview:large","max-video-preview":"max-video-preview:-1"},"canonical":"https:\/\/www.revue3emillenaire.com\/blog\/quest-ce-qui-sest-passe-dans-nos-esprits-la-psychose-du-monde-moderne-et-la-recherche-du-soi-par-kingsley-dennis\/","og_locale":"fr_FR","og_type":"article","og_title":"Qu\u2019est-ce qui s\u2019est pass\u00e9 dans nos esprits\u00a0? La psychose du monde moderne et la recherche du soi par Kingsley Dennis - 3e mill\u00e9naire - Spiritualit\u00e9 - Connaissance de soi - Non-dualit\u00e9 - M\u00e9ditation","og_description":"Traduction libre \u2026 dans l\u2019obscurit\u00e9, les charlatans sont facilement pris pour des sages. \u2013\u00a0Chantal Delsol Il y a quelque chose de fondamentalement erron\u00e9 dans la constitution du monde d\u2019aujourd\u2019hui. Ne le voyez-vous pas, ne le sentez-vous pas\u00a0? Nous sommes une esp\u00e8ce au caract\u00e8re noble, au grand esprit et \u00e0 l\u2019\u00e2me sacr\u00e9e. Dans nos c\u0153urs, nous [&hellip;]","og_url":"https:\/\/www.revue3emillenaire.com\/blog\/quest-ce-qui-sest-passe-dans-nos-esprits-la-psychose-du-monde-moderne-et-la-recherche-du-soi-par-kingsley-dennis\/","og_site_name":"3e mill\u00e9naire - Spiritualit\u00e9 - Connaissance de soi - Non-dualit\u00e9 - M\u00e9ditation","article_published_time":"2023-12-27T13:17:57+00:00","article_modified_time":"2024-05-11T11:52:39+00:00","og_image":[{"width":314,"height":440,"url":"https:\/\/www.revue3emillenaire.com\/blog\/wp-content\/uploads\/2023\/12\/Kingsley-Dennis.jpg","type":"image\/jpeg"}],"author":"3e mill\u00e9naire","twitter_card":"summary_large_image","twitter_misc":{"\u00c9crit par":"3e mill\u00e9naire","Dur\u00e9e de lecture estim\u00e9e":"19 minutes"},"schema":{"@context":"https:\/\/schema.org","@graph":[{"@type":"Article","@id":"https:\/\/www.revue3emillenaire.com\/blog\/quest-ce-qui-sest-passe-dans-nos-esprits-la-psychose-du-monde-moderne-et-la-recherche-du-soi-par-kingsley-dennis\/#article","isPartOf":{"@id":"https:\/\/www.revue3emillenaire.com\/blog\/quest-ce-qui-sest-passe-dans-nos-esprits-la-psychose-du-monde-moderne-et-la-recherche-du-soi-par-kingsley-dennis\/"},"author":{"name":"3e mill\u00e9naire","@id":"https:\/\/www.revue3emillenaire.com\/blog\/#\/schema\/person\/b692dacff720a5344a6190bc714397eb"},"headline":"Qu\u2019est-ce qui s\u2019est pass\u00e9 dans nos esprits\u00a0? La psychose du monde moderne et la recherche du soi par Kingsley Dennis","datePublished":"2023-12-27T13:17:57+00:00","dateModified":"2024-05-11T11:52:39+00:00","mainEntityOfPage":{"@id":"https:\/\/www.revue3emillenaire.com\/blog\/quest-ce-qui-sest-passe-dans-nos-esprits-la-psychose-du-monde-moderne-et-la-recherche-du-soi-par-kingsley-dennis\/"},"wordCount":3924,"image":{"@id":"https:\/\/www.revue3emillenaire.com\/blog\/quest-ce-qui-sest-passe-dans-nos-esprits-la-psychose-du-monde-moderne-et-la-recherche-du-soi-par-kingsley-dennis\/#primaryimage"},"thumbnailUrl":"https:\/\/www.revue3emillenaire.com\/blog\/wp-content\/uploads\/2023\/12\/Kingsley-Dennis.jpg","keywords":["Carlos Castaneda","Inconscient Collectif","Jung","Manipulation","Psychose","Steiner","Wetico"],"articleSection":["Actualit\u00e9s","Dennis Kingsley L."],"inLanguage":"fr-FR"},{"@type":"WebPage","@id":"https:\/\/www.revue3emillenaire.com\/blog\/quest-ce-qui-sest-passe-dans-nos-esprits-la-psychose-du-monde-moderne-et-la-recherche-du-soi-par-kingsley-dennis\/","url":"https:\/\/www.revue3emillenaire.com\/blog\/quest-ce-qui-sest-passe-dans-nos-esprits-la-psychose-du-monde-moderne-et-la-recherche-du-soi-par-kingsley-dennis\/","name":"Qu\u2019est-ce qui s\u2019est pass\u00e9 dans nos esprits\u00a0? La psychose du monde moderne et la recherche du soi par Kingsley Dennis - 3e mill\u00e9naire - Spiritualit\u00e9 - Connaissance de soi - Non-dualit\u00e9 - M\u00e9ditation","isPartOf":{"@id":"https:\/\/www.revue3emillenaire.com\/blog\/#website"},"primaryImageOfPage":{"@id":"https:\/\/www.revue3emillenaire.com\/blog\/quest-ce-qui-sest-passe-dans-nos-esprits-la-psychose-du-monde-moderne-et-la-recherche-du-soi-par-kingsley-dennis\/#primaryimage"},"image":{"@id":"https:\/\/www.revue3emillenaire.com\/blog\/quest-ce-qui-sest-passe-dans-nos-esprits-la-psychose-du-monde-moderne-et-la-recherche-du-soi-par-kingsley-dennis\/#primaryimage"},"thumbnailUrl":"https:\/\/www.revue3emillenaire.com\/blog\/wp-content\/uploads\/2023\/12\/Kingsley-Dennis.jpg","datePublished":"2023-12-27T13:17:57+00:00","dateModified":"2024-05-11T11:52:39+00:00","author":{"@id":"https:\/\/www.revue3emillenaire.com\/blog\/#\/schema\/person\/b692dacff720a5344a6190bc714397eb"},"breadcrumb":{"@id":"https:\/\/www.revue3emillenaire.com\/blog\/quest-ce-qui-sest-passe-dans-nos-esprits-la-psychose-du-monde-moderne-et-la-recherche-du-soi-par-kingsley-dennis\/#breadcrumb"},"inLanguage":"fr-FR","potentialAction":[{"@type":"ReadAction","target":["https:\/\/www.revue3emillenaire.com\/blog\/quest-ce-qui-sest-passe-dans-nos-esprits-la-psychose-du-monde-moderne-et-la-recherche-du-soi-par-kingsley-dennis\/"]}]},{"@type":"ImageObject","inLanguage":"fr-FR","@id":"https:\/\/www.revue3emillenaire.com\/blog\/quest-ce-qui-sest-passe-dans-nos-esprits-la-psychose-du-monde-moderne-et-la-recherche-du-soi-par-kingsley-dennis\/#primaryimage","url":"https:\/\/www.revue3emillenaire.com\/blog\/wp-content\/uploads\/2023\/12\/Kingsley-Dennis.jpg","contentUrl":"https:\/\/www.revue3emillenaire.com\/blog\/wp-content\/uploads\/2023\/12\/Kingsley-Dennis.jpg","width":314,"height":440},{"@type":"BreadcrumbList","@id":"https:\/\/www.revue3emillenaire.com\/blog\/quest-ce-qui-sest-passe-dans-nos-esprits-la-psychose-du-monde-moderne-et-la-recherche-du-soi-par-kingsley-dennis\/#breadcrumb","itemListElement":[{"@type":"ListItem","position":1,"name":"Accueil","item":"https:\/\/www.revue3emillenaire.com\/blog\/"},{"@type":"ListItem","position":2,"name":"Qu\u2019est-ce qui s\u2019est pass\u00e9 dans nos esprits\u00a0? La psychose du monde moderne et la recherche du soi par Kingsley Dennis"}]},{"@type":"WebSite","@id":"https:\/\/www.revue3emillenaire.com\/blog\/#website","url":"https:\/\/www.revue3emillenaire.com\/blog\/","name":"3e mill\u00e9naire - Spiritualit\u00e9 - Connaissance de soi - Non-dualit\u00e9 - M\u00e9ditation","description":"L&#039;Homme en devenir","potentialAction":[{"@type":"SearchAction","target":{"@type":"EntryPoint","urlTemplate":"https:\/\/www.revue3emillenaire.com\/blog\/?s={search_term_string}"},"query-input":{"@type":"PropertyValueSpecification","valueRequired":true,"valueName":"search_term_string"}}],"inLanguage":"fr-FR"},{"@type":"Person","@id":"https:\/\/www.revue3emillenaire.com\/blog\/#\/schema\/person\/b692dacff720a5344a6190bc714397eb","name":"3e mill\u00e9naire","url":"https:\/\/www.revue3emillenaire.com\/blog\/author\/scoussa\/"}]}},"_links":{"self":[{"href":"https:\/\/www.revue3emillenaire.com\/blog\/wp-json\/wp\/v2\/posts\/19669","targetHints":{"allow":["GET"]}}],"collection":[{"href":"https:\/\/www.revue3emillenaire.com\/blog\/wp-json\/wp\/v2\/posts"}],"about":[{"href":"https:\/\/www.revue3emillenaire.com\/blog\/wp-json\/wp\/v2\/types\/post"}],"author":[{"embeddable":true,"href":"https:\/\/www.revue3emillenaire.com\/blog\/wp-json\/wp\/v2\/users\/2"}],"replies":[{"embeddable":true,"href":"https:\/\/www.revue3emillenaire.com\/blog\/wp-json\/wp\/v2\/comments?post=19669"}],"version-history":[{"count":0,"href":"https:\/\/www.revue3emillenaire.com\/blog\/wp-json\/wp\/v2\/posts\/19669\/revisions"}],"wp:featuredmedia":[{"embeddable":true,"href":"https:\/\/www.revue3emillenaire.com\/blog\/wp-json\/wp\/v2\/media\/19672"}],"wp:attachment":[{"href":"https:\/\/www.revue3emillenaire.com\/blog\/wp-json\/wp\/v2\/media?parent=19669"}],"wp:term":[{"taxonomy":"category","embeddable":true,"href":"https:\/\/www.revue3emillenaire.com\/blog\/wp-json\/wp\/v2\/categories?post=19669"},{"taxonomy":"post_tag","embeddable":true,"href":"https:\/\/www.revue3emillenaire.com\/blog\/wp-json\/wp\/v2\/tags?post=19669"}],"curies":[{"name":"wp","href":"https:\/\/api.w.org\/{rel}","templated":true}]}}