{"id":19676,"date":"2024-01-15T02:04:51","date_gmt":"2024-01-15T01:04:51","guid":{"rendered":"https:\/\/www.revue3emillenaire.com\/blog\/?p=19676"},"modified":"2024-01-15T02:04:51","modified_gmt":"2024-01-15T01:04:51","slug":"devrais-je-mediter-tout-ceci-nest-il-quun-reve-par-joan-tollifson","status":"publish","type":"post","link":"https:\/\/www.revue3emillenaire.com\/blog\/devrais-je-mediter-tout-ceci-nest-il-quun-reve-par-joan-tollifson\/","title":{"rendered":"Devrais-je m\u00e9diter\u00a0? Tout ceci n\u2019est-il qu\u2019un r\u00eave\u00a0? par Joan Tollifson"},"content":{"rendered":"<p align=\"justify\"><i>Traduction libre<\/i><\/p>\n<p align=\"justify\">15\u00a0nov. 2023<\/p>\n<p align=\"justify\">Nous imaginons que nous sommes quelque chose de s\u00e9par\u00e9 du tout, que nous avons le libre arbitre et le choix, que nous devons d\u00e9cider quoi faire, que nous pourrions nous tromper et ruiner notre vie ou endommager l\u2019univers. Devrions-nous m\u00e9diter ou cela ne fera-t-il que renforcer l\u2019illusion du \u00ab\u00a0moi\u00a0\u00bb essayant de faire quelque chose\u00a0? Il semble que nous devions comprendre cela et d\u00e9cider.<\/p>\n<p align=\"justify\">Mais la v\u00e9rit\u00e9 est que nous verrons si nous m\u00e9ditons ou non. Le d\u00e9cideur qui est cens\u00e9 contr\u00f4ler tout cela est une sorte de mirage, comme la m\u00e9ditation peut le r\u00e9v\u00e9ler. Et, bien s\u00fbr, la m\u00e9ditation peut signifier beaucoup de choses diff\u00e9rentes \u2014 elle vient dans des saveurs diverses aussi diff\u00e9rentes que la nuit l\u2019est du jour.<\/p>\n<p align=\"justify\">La m\u00e9ditation peut \u00eatre formelle ou informelle, d\u00e9lib\u00e9r\u00e9e ou spontan\u00e9e. La m\u00e9ditation est en fait l\u2019activit\u00e9 naturelle de la conscience \u2014 en ce sens, elle est continue. Mais il y a une diff\u00e9rence entre \u00eatre compl\u00e8tement perdu dans ses pens\u00e9es, hypnotis\u00e9 par le monde des r\u00eaves, et \u00eatre \u00e9veill\u00e9 \u00e0 tout cela. C\u2019est la diff\u00e9rence entre le <i>samsara<\/i> et le <i>nirvana<\/i>, la souffrance et la lib\u00e9ration. Il y a donc quelque chose \u00e0 dire sur la m\u00e9ditation d\u00e9lib\u00e9r\u00e9e.<\/p>\n<p align=\"justify\">Je m\u00e9dite de mani\u00e8re formelle \u2014 en m\u2019asseyant intentionnellement sans bouger et en silence sur un coussin, en \u00e9tant simplement pr\u00e9sente \u00e0 <i>ce qui est<\/i> \u2014 tous les matins et parfois \u00e0 d\u2019autres moments. Il y a eu des p\u00e9riodes dans ma vie o\u00f9 je n\u2019ai pas du tout m\u00e9dit\u00e9 de mani\u00e8re formelle, et d\u2019autres o\u00f9 j\u2019ai particip\u00e9 \u00e0 de longues retraites de m\u00e9ditation silencieuse chaque ann\u00e9e. Je m\u00e9dite \u00e9galement de mani\u00e8re informelle ou spontan\u00e9e, tout au long d\u2019une journ\u00e9e ordinaire, en \u00e9tant simplement pr\u00e9sente, sans rien faire d\u2019autre.<\/p>\n<p align=\"justify\">En m\u2019asseyant en silence, je red\u00e9couvre la joie enfantine d\u2019\u00e9couter le bruit de la pluie et de ressentir la respiration. La m\u00e9ditation me montre comment fonctionne mon esprit \u2014 comment je cr\u00e9e ma souffrance. Elle me permet de r\u00e9aliser directement, par exp\u00e9rience, \u00e0 quel point tout ce qui appara\u00eet est fluide, non substantiel, non r\u00e9soluble et insaisissable. Elle r\u00e9v\u00e8le le facteur commun \u00e0 toutes les exp\u00e9riences \u2014 ici-maintenant\/pr\u00e9sence consciente\u00a0: l\u2019imm\u00e9diatet\u00e9, la pr\u00e9sence, l\u2019ainsit\u00e9 (<i>suchness<\/i>) de <i>juste cela.<\/i> Dans la m\u00e9ditation, il y a une ouverture exp\u00e9rientielle vers un sentiment d\u2019\u00eatre sans limites, sans centre, spacieux et non encapsul\u00e9. La m\u00e9ditation contribue \u00e9galement \u00e0 \u00e9quilibrer mon syst\u00e8me nerveux et \u00e0 calmer mon esprit obsessionnel. Au fil de nombreuses ann\u00e9es de m\u00e9ditation, formelle et informelle, je suis devenue moins facilement rattrap\u00e9e par les intrigues, les drames, les id\u00e9es et les croyances \u2014 et plus consciente d\u2019\u00eatre prise lorsque cela se produit.<\/p>\n<p align=\"justify\">Plus nous m\u00e9ditons, plus la fronti\u00e8re entre la m\u00e9ditation et \u00ab\u00a0le reste de notre vie\u00a0\u00bb s\u2019estompe. Ce qui ne se produit initialement que dans la m\u00e9ditation commence \u00e0 se r\u00e9percuter dans tous les aspects de notre vie. Nous nous sentons plus pr\u00e9sents et plus \u00e9veill\u00e9s dans notre vie quotidienne et dans nos relations.<\/p>\n<p align=\"justify\">Je recommande donc la m\u00e9ditation, c\u2019est-\u00e0-dire le fait de s\u2019asseoir dans une position ouverte, d\u00e9tendue et droite et de ne rien faire d\u2019autre que d\u2019\u00eatre simplement pr\u00e9sent et conscient \u2014 sentir la respiration, entendre les sons, voir les pens\u00e9es qui vont et viennent, ressentir les sensations dans le corps \u2014 juste cela. Rien de plus, rien de moins.<\/p>\n<p align=\"justify\">Sans juger quoi que ce soit, sans essayer de se d\u00e9barrasser de quoi que ce soit, sans essayer d\u2019atteindre un \u00e9tat particulier \u2014 simplement \u00eatre <i>ce qui est<\/i> \u2014 en remarquant \u00e0 la fois la nature toujours changeante de l\u2019exp\u00e9rience et la fa\u00e7on dont elle ne s\u2019\u00e9loigne jamais de l\u2019imm\u00e9diatet\u00e9 toujours pr\u00e9sente de l\u2019ici-maintenant.<\/p>\n<p align=\"justify\">Bien entendu, il n\u2019est pas n\u00e9cessaire de s\u2019asseoir les jambes crois\u00e9es sur un coussin de m\u00e9ditation \u2014 il est possible de s\u2019asseoir sur une chaise, mais il faut adopter une posture ouverte, bras et jambes non crois\u00e9s, sans s\u2019avachir ou s\u2019affaisser \u2014 et si vous ne pouvez pas faire tout cela en raison de limitations physiques, faites ce qui vous convient le mieux.<\/p>\n<p align=\"justify\">Je ne consid\u00e8re pas la m\u00e9ditation formelle comme indispensable, et pour certaines personnes, ce n\u2019est tout simplement pas la voie \u00e0 suivre. Nous sommes tous diff\u00e9rents. Mais si vous \u00eates attir\u00e9 par la m\u00e9ditation, je vous dirais de vous y mettre.<\/p>\n<p align=\"justify\">N\u2019abandonnez pas si vous semblez \u00e9chouer ou si vous avez l\u2019impression que cela vous fait penser plus que jamais. Il y a de fortes chances que vous ne fassiez que constater les pens\u00e9es qui ont toujours eu lieu, mais qui n\u2019\u00e9taient pas visibles auparavant.<\/p>\n<p align=\"justify\">Et il n\u2019y a pas de bonne ou de mauvaise m\u00e9ditation. On ne peut pas \u00e9chouer. Parfois, l\u2019esprit est hyperactif, parfois il se calme. Parfois, nous vivons des exp\u00e9riences expansives, parfois l\u2019activit\u00e9 mentale est sans fin. Certaines personnes ont l\u2019esprit plus agit\u00e9 et les \u00e9motions plus turbulentes que d\u2019autres, tout comme certaines villes ont un temps plus orageux que d\u2019autres. Il ne s\u2019agit pas de se comparer \u00e0 quelqu\u2019un d\u2019autre ou \u00e0 un id\u00e9al imaginaire, mais simplement d\u2019\u00eatre pr\u00e9sent \u00e0 <i>ce qui est<\/i>, quel que soit la situation. La m\u00e9ditation n\u2019est pas ax\u00e9e sur les r\u00e9sultats. Elle est, en un sens profond, d\u00e9pourvue de but.<\/p>\n<p align=\"justify\">La m\u00e9ditation peut \u00eatre informelle et spontan\u00e9e \u2014 prendre simplement du temps, chaque fois qu\u2019elle vous invite, tout au long de la journ\u00e9e pour s\u2019arr\u00eater, regarder et \u00e9couter. \u00catre immobile. \u00catre silencieux. Ne rien faire. S\u2019asseoir simplement dans un fauteuil et regarder par la fen\u00eatre ou autour de la pi\u00e8ce. Cela peut se produire \u00e0 votre bureau, dans le bus ou le train, en avion ou en m\u00e9tro, dans une salle d\u2019attente, sur un banc public, dans un lit d\u2019h\u00f4pital ou une cellule de prison \u2014 o\u00f9 que vous soyez. Vous pouvez simplement poser votre t\u00e9l\u00e9phone ou votre livre, cesser de parler et vous contenter d\u2019\u00eatre. Cela peut durer une minute, dix minutes ou une heure.<\/p>\n<p align=\"justify\">\u00catre simplement \u00e9veill\u00e9 \u00e0 l\u2019imm\u00e9diatet\u00e9 de <i>ce qui est<\/i> \u2014 les sons, les sensations corporelles, la respiration, les sensations visuelles \u2014 juste cela. Sans le qualifier, sans l\u2019expliquer, sans essayer d\u2019en tirer quelque chose, sans essayer de provoquer quelque chose ou de l\u2019arr\u00eater, sans juger ni \u00e9valuer \u2014 simplement <i>ce qui est<\/i>, tel que c\u2019est. Simple, simple, simple.<\/p>\n<p align=\"justify\">Vous pourriez d\u00e9couvrir \u00e0 quel point c\u2019est agr\u00e9able et rafra\u00eechissant. Et vous pouvez explorer directement la nature de la r\u00e9alit\u00e9, la nature de <i>ce qui est<\/i>, non pas en lisant ou en pensant \u00e0 ce sujet, ou en d\u00e9couvrant ce que les autres en disent, mais en regardant, en \u00e9coutant, en ressentant, en prenant conscience directement \u2014 en voyant par vous-m\u00eame, en voyant ce que vous voyez.<\/p>\n<p align=\"justify\">On finit par s\u2019apercevoir que m\u00eame la pens\u00e9e, l\u2019imagination et toutes les choses que nous appelons des distractions ne sont en fait rien d\u2019autre que cette vivacit\u00e9, cette pr\u00e9sence, cette unit\u00e9 d\u2019\u00eatre. Nous ne pouvons pas perdre cela. Nous ne sommes pas s\u00e9par\u00e9s ou diff\u00e9rents de cela. C\u2019est tout ce qu\u2019il y a.<\/p>\n<p align=\"justify\">Plus nous pr\u00eatons attention \u00e0 juste cela, plus il devient \u00e9vident qu\u2019il n\u2019y a pas de centre dans l\u2019exp\u00e9rience, que la pr\u00e9sence est illimit\u00e9e, que la conscience est partout, que CELA est informe et sans forme, m\u00eame si le monde des formes apparentes se manifeste.<\/p>\n<p align=\"justify\">Et tout est inclus. Nous n\u2019avons pas besoin de nous fermer au monde avec toute sa confusion et sa souffrance apparentes. En fait, tout cela peut constituer une merveilleuse fa\u00e7on d\u2019explorer, de d\u00e9couvrir et de s\u2019\u00e9veiller. Il est beaucoup plus facile d\u2019\u00eatre \u00e9veill\u00e9 lors d\u2019une retraite de m\u00e9ditation silencieuse \u00e0 la campagne, et beaucoup plus difficile dans un bureau occup\u00e9 ou lorsque nous allumons le journal t\u00e9l\u00e9vis\u00e9 du soir.<\/p>\n<p align=\"justify\">Dans les semaines qui ont pr\u00e9c\u00e9d\u00e9 les attaques du 7\u00a0octobre contre Isra\u00ebl, j\u2019avais v\u00e9cu un approfondissement de la connaissance exp\u00e9rientielle de la fa\u00e7on dont tout est semblable \u00e0 un r\u00eave imaginaire. Et puis, juste au moment o\u00f9 cette prise de conscience approfondie se d\u00e9ployait, le 7\u00a0octobre et ses cons\u00e9quences se sont produits. Tr\u00e8s vite, j\u2019ai eu \u00e0 nouveau le sentiment que ce qui se passait \u00e9tait tr\u00e8s r\u00e9el et tr\u00e8s important. Cela m\u2019a confront\u00e9 \u00e0 mon ancien <i>koan<\/i> sur la relation entre le relatif et l\u2019absolu et sur ce qui est r\u00e9el et ce qui ne l\u2019est pas. Traverser les turbulences qui ont suivi n\u2019a pas \u00e9t\u00e9 une \u00e9norme erreur, \u00e0 mon avis \u2014 cela a permis un approfondissement suppl\u00e9mentaire. C\u2019est dans cet esprit que je vous propose ce qui suit.<\/p>\n<p align=\"justify\"><b>Qu\u2019est-ce qui est r\u00e9el\u00a0? Tout ceci n\u2019est-il qu\u2019un r\u00eave\u00a0?<\/b><\/p>\n<p align=\"justify\"><b>D\u2019autres r\u00e9flexions sur ce qui se passe dans le monde et dans nos esprits\u00a0:<\/b><\/p>\n<p align=\"justify\">Le conflit en cours depuis des d\u00e9cennies en Isra\u00ebl-Palestine peut \u00eatre consid\u00e9r\u00e9 comme un macrocosme de nos esprits\u00a0: nos peurs (parfois fond\u00e9es) de \u00ab\u00a0l\u2019autre\u00a0\u00bb, notre instinct de survie, nos revendications territoriales (de toutes sortes), notre sentiment d\u2019\u00eatre repouss\u00e9s, attaqu\u00e9s, l\u00e9s\u00e9s, invisibles ou incompris (\u00e0 la fois r\u00e9el et imaginaire), nos identit\u00e9s et nos d\u00e9fenses de ces identit\u00e9s. Isra\u00ebl-Palestine est un sujet sur lequel beaucoup de gens ont des sentiments tr\u00e8s forts, et il est clair qu\u2019il s\u2019agit d\u2019une poudri\u00e8re mondiale susceptible de d\u00e9clencher une guerre mondiale. C\u2019est un terrain fertile d\u2019exploration.<\/p>\n<p align=\"justify\">C\u2019est probablement une bonne chose pour les citoyens d\u2019une d\u00e9mocratie d\u2019\u00eatre \u00e9duqu\u00e9s et inform\u00e9s sur les \u00e9v\u00e9nements mondiaux qui nous affectent. Et pour les personnes qui suivent un chemin spirituel, il peut y avoir une capacit\u00e9 de r\u00e9ponse plus profonde, la possibilit\u00e9 de r\u00e9pondre \u00e0 partir de la pl\u00e9nitude \u2014 en examinant profond\u00e9ment la fa\u00e7on dont notre propre esprit fonctionne, en se r\u00e9veillant \u00e0 la pr\u00e9sence illimit\u00e9e, \u00e0 l\u2019amour inconditionnel qui contient tout, et en r\u00e9alisant le caract\u00e8re irr\u00e9solu et onirique de tout ce que nous pensons \u00eatre en train de se produire. Transcender la r\u00e9alit\u00e9 consensuelle, pour ainsi dire. R\u00e9aliser (concr\u00e9tiser, incarner, \u00eatre) \u00ab\u00a0la paix qui d\u00e9passe l\u2019entendement\u00a0\u00bb.<\/p>\n<p align=\"justify\">Plus profond\u00e9ment nous nous ouvrons \u00e0 cela, plus le drame mondial (et tous nos drames personnels) semble insubstantiel et illusoire. \u00c0 chaque instant o\u00f9 nous sommes simplement ici, pr\u00e9sents et conscients, il est tout \u00e0 fait clair que, comme le disait Nisargadatta, \u00ab\u00a0<i>ce qui se passe n\u2019a pas beaucoup d\u2019importance, car en fin de compte, le retour \u00e0 l\u2019\u00e9quilibre et \u00e0 l\u2019harmonie est in\u00e9vitable. Le c\u0153ur des choses est en paix<\/i>\u00a0\u00bb.<\/p>\n<p align=\"justify\">Mais en m\u00eame temps, dans le film, en tant qu\u2019\u00eatres humains avec des corps vuln\u00e9rables, cela a de l\u2019importance, la douleur et les circonstances douloureuses sont tr\u00e8s r\u00e9elles, et la souffrance qui en d\u00e9coule peut sembler aussi tout \u00e0 fait r\u00e9elle, et dans ce cas, une d\u00e9claration comme celle de Nisargadatta peut nous contrarier ou nous mettre en col\u00e8re. Si cela arrive, il peut \u00eatre tr\u00e8s r\u00e9v\u00e9lateur d\u2019examiner ce qui, exactement, se sent menac\u00e9 par cette d\u00e9claration. Qu\u2019est-ce qui se sent menac\u00e9 lorsque la solidit\u00e9 ou la substantialit\u00e9 de l\u2019histoire de notre vie, de nos probl\u00e8mes, de notre souffrance, de la souffrance de ceux auxquels nous nous identifions, ou de divers \u00e9v\u00e9nements actuels est remise en question, ou lorsque le monde est compar\u00e9 \u00e0 un r\u00eave ou \u00e0 un film\u00a0?<\/p>\n<p align=\"justify\">Comme je l\u2019ai sugg\u00e9r\u00e9 dans un pr\u00e9c\u00e9dent Substack (14\u00a0octobre, \u00ab\u00a0<span style=\"color: #000080;\"><u><a href=\"https:\/\/www.revue3emillenaire.com\/blog\/le-film-de-la-vie-eveillee-realite-ou-fiction-par-joan-tollifson\/\">Le film de la vie \u00e9veill\u00e9e<\/a><\/u><\/span>\u00a0\u00bb), ce sont des questions \u00e0 vivre et \u00e0 explorer, non pas en y pensant, mais en les explorant directement avec une attention ouverte, avec conscience, dans notre propre exp\u00e9rience imm\u00e9diate du moment pr\u00e9sent.<\/p>\n<p align=\"justify\">Et peut-\u00eatre qu\u2019au lieu d\u2019appliquer ces questions \u00e0 des situations vraiment horribles comme les attentats du 7\u00a0octobre ou le bombardement de Gaza, il est peut-\u00eatre plus facile, plus utile ou moins mena\u00e7ant \u2014 du moins dans un premier temps \u2014 de les appliquer \u00e0 n\u2019importe quel moment ordinaire, comme prendre son petit-d\u00e9jeuner, faire la vaisselle ou lire cet article de Substack. Quelle est la substantialit\u00e9 de cette exp\u00e9rience pr\u00e9sente en ce moment\u00a0? O\u00f9 est ce qui se passait il y a une heure ou une minute, sans parler d\u2019il y a un an ou une d\u00e9cennie\u00a0? \u00c0 quel point tout cela \u00e9tait-il r\u00e9el\u00a0? Que puis-je savoir sans l\u2019ombre d\u2019un doute sur ce qui appara\u00eet ici et maintenant\u00a0?<\/p>\n<p align=\"justify\">En fin de compte, tel que je le vois, nous ne pouvons pas nier ou supprimer l\u2019un ou l\u2019autre aspect de la r\u00e9alit\u00e9, le transcendant ou l\u2019humain. Nous vivons les deux. Ne voir que le transcendant peut \u00eatre un d\u00e9ni sans c\u0153ur, et ne voir que l\u2019humain peut \u00eatre une souffrance inutile qui s\u2019ajoute \u00e0 la douleur in\u00e9vitable et aux circonstances douloureuses que pr\u00e9sente ce monde de r\u00eave. Ces deux dimensions peuvent s\u2019informer l\u2019une l\u2019autre dans une danse de d\u00e9couverte qui se d\u00e9roule sans fin.<\/p>\n<p align=\"justify\">Depuis le 7\u00a0octobre, j\u2019ai \u00e9cout\u00e9 et lu de nombreux r\u00e9cits diff\u00e9rents et contradictoires sur Isra\u00ebl-Palestine. J\u2019ai \u00e9cout\u00e9 Sam Harris, Bari Weiss et The Free Press \u00e0 une extr\u00e9mit\u00e9 du spectre, et Chris Hedges, Marc Lamont Hill, Scheerpost et Democracy Now \u00e0 l\u2019autre. J\u2019ai \u00e9cout\u00e9 des Palestiniens et des Isra\u00e9liens. J\u2019ai \u00e9cout\u00e9 des Isra\u00e9liens ayant des points de vue diff\u00e9rents. J\u2019ai m\u00eame \u00e9cout\u00e9 l\u2019entretien de Lex Fridman avec Netanyahou. Ma compr\u00e9hension s\u2019est \u00e9largie, \u00e9tendue, approfondie et modifi\u00e9e de nombreuses fa\u00e7ons, et il ne fait aucun doute qu\u2019elle continuera \u00e0 le faire.<\/p>\n<p align=\"justify\">Au cours des derni\u00e8res d\u00e9cennies, j\u2019ai surtout consid\u00e9r\u00e9 la situation du point de vue de la gauche propalestinienne, mais j\u2019ai maintenant une appr\u00e9ciation beaucoup plus profonde du point de vue isra\u00e9lien, de la situation tr\u00e8s difficile dans laquelle ils se trouvent (avec le Hamas qui promet de mener d\u2019autres attaques comme celle du 7\u00a0octobre), ainsi que de la situation d\u00e9licate dans laquelle se trouve M.\u00a0Biden. Cela m\u2019a donn\u00e9 de la compassion et de l\u2019estime pour Biden, alors que j\u2019en avais tr\u00e8s peu auparavant.<\/p>\n<p align=\"justify\">En \u00e9coutant Sam Harris, Bari Weiss et Ayaan Hirsi Ali, j\u2019ai pris conscience d\u2019une dimension de ce conflit que beaucoup de gens de gauche, moi y compris, ont ignor\u00e9e \u00e0 nos risques et p\u00e9rils, \u00e0 savoir l\u2019importance de comprendre \u00e0 la fois l\u2019id\u00e9ologie islamique, les intentions du Hamas et d\u2019autres organisations et gouvernements islamiques, et la profondeur de l\u2019antis\u00e9mitisme ancr\u00e9 dans cette id\u00e9ologie et qui s\u00e9vit toujours dans le monde. Je ne suis peut-\u00eatre pas tout \u00e0 fait d\u2019accord avec Sam, Bari ou Ayaan sur chaque point, mais je pense qu\u2019il s\u2019agit d\u2019\u00e9l\u00e9ments cruciaux \u00e0 comprendre et \u00e0 ne pas sous-estimer.<\/p>\n<p align=\"justify\">La soci\u00e9t\u00e9 et les m\u00e9dias sont devenus tellement polaris\u00e9s et tribaux ces derni\u00e8res ann\u00e9es qu\u2019il est facile de se retrouver dans une bulle d\u2019information o\u00f9 tout ce que l\u2019on entend est ce que l\u2019on croit d\u00e9j\u00e0. Nous sommes tous sujets au biais de confirmation, o\u00f9 nous \u00e9vitons d\u00e9lib\u00e9r\u00e9ment d\u2019\u00e9couter ou de lire tout ce qui pourrait remettre en question nos opinions. Il est rarement facile pour nous d\u2019\u00e9couter ouvertement des opinions dont nous sommes convaincus qu\u2019elles sont erron\u00e9es, ou des opinions dont nous craignons qu\u2019elles ne remettent en cause le faux sentiment de s\u00e9curit\u00e9 que nous tirons de la certitude de nos opinions actuelles. Nous avons \u00e9galement du mal \u00e0 admettre que nous nous sommes tromp\u00e9s, car cela menace notre image de soi et peut-\u00eatre notre sentiment de contr\u00f4le et de stabilit\u00e9. Donc, \u00e0 chaque fois que tout cela commence \u00e0 se d\u00e9composer en nous, je pense que c\u2019est positif.<\/p>\n<p align=\"justify\">Et puis, si nous changeons d\u2019avis sur une chose, il est \u00e9tonnant de voir avec quelle rapidit\u00e9 nous nous solidifions et nous nous identifions \u00e0 nos nouvelles certitudes. J\u2019ai remarqu\u00e9 cela chez moi. C\u2019est un grand art que d\u2019\u00e9couter ouvertement, de rester ouvert, de ne pas se fixer ou s\u2019agripper, d\u2019\u00eatre capable de voir la v\u00e9rit\u00e9 dans diff\u00e9rentes perspectives et de remettre continuellement en question nos propres certitudes.<\/p>\n<p align=\"justify\">Je continue d\u2019\u00eatre frapp\u00e9e par la multitude de r\u00e9cits contradictoires sur l\u2019histoire de cette r\u00e9gion et par les diff\u00e9rentes mani\u00e8res dont la situation actuelle est per\u00e7ue, ainsi que par les \u00e9motions fortes que tout cela peut susciter. Je peux voir tout ce conflit sous de nombreux angles diff\u00e9rents, et je continue \u00e0 ressentir de l\u2019empathie pour les deux peuples isra\u00e9lien et palestinien. Je n\u2019ai plus d\u2019opinion sur ce que l\u2019un ou l\u2019autre camp \u00ab\u00a0devrait\u00a0\u00bb faire.<\/p>\n<p align=\"justify\">Les Isra\u00e9liens ne se sentent pas en s\u00e9curit\u00e9 (pour de bonnes raisons), l\u2019antis\u00e9mitisme est en hausse dans le monde entier et le Hamas a jur\u00e9 de r\u00e9p\u00e9ter ce qu\u2019il a fait le 7\u00a0octobre, alors que doit faire Isra\u00ebl\u00a0? Ce qu\u2019ils font aux civils \u00e0 Gaza est certainement plus qu\u2019horrible, et je crains que cela ne fasse qu\u2019attiser la haine et la violence, mais je soutiens le droit d\u2019Isra\u00ebl \u00e0 se d\u00e9fendre, et je ne sais pas ce qu\u2019ils pourraient ou devraient faire d\u2019autre que ce qu\u2019ils font. Et que devraient faire les Palestiniens\u00a0? Je n\u2019en sais rien. Rien de ce qu\u2019ils ont essay\u00e9 jusqu\u2019\u00e0 pr\u00e9sent ne semble leur avoir \u00e9t\u00e9 tr\u00e8s utile.<\/p>\n<p align=\"justify\">Je sais que toutes les personnes impliqu\u00e9es, de quelque c\u00f4t\u00e9 qu\u2019elles soient, font le seul possible \u00e0 chaque instant, et je sais que, dans une perspective plus large, tout cela n\u2019est qu\u2019un mouvement indivis d\u2019\u00e9nergie qui fait ce qu\u2019il fait, comme des taches de Rorschach kal\u00e9idoscopiques en constante \u00e9volution que l\u2019esprit en qu\u00eate de mod\u00e8les r\u00e9ifie et interpr\u00e8te en permanence.<\/p>\n<p style=\"padding-left: 80px;\" align=\"justify\"><i>Les corps, les besoins, les int\u00e9r\u00eats, les pr\u00e9occupations, les pulsions et les actions \u2014 situations familiales, \u00e9v\u00e9nements nationaux, \u00e9v\u00e9nements internationaux \u2014 tout cela surgit et s\u2019\u00e9vanouit comme des apparitions passag\u00e8res dans un \u00e9v\u00e9nement sans forme\u2026 Ces formes n\u2019existent pas r\u00e9ellement\u00a0; elles sont comme des ondulations dans l\u2019eau qui coule.<\/i><\/p>\n<p style=\"padding-left: 80px;\" align=\"justify\">\u2014Darryl Bailey<\/p>\n<p align=\"justify\">Nous devons tous trouver l\u2019\u00e9quilibre entre ignorer ce qui se passe et \u00eatre tellement immerg\u00e9s dans les nouvelles et les commentaires que cela devient obsessionnel et pr\u00e9judiciable \u00e0 notre bien-\u00eatre mental, physique et \u00e9motionnel. Nous avons tous des niveaux diff\u00e9rents de sensibilit\u00e9 et de tol\u00e9rance, et nous sommes tous appel\u00e9s \u00e0 r\u00e9agir de diff\u00e9rentes mani\u00e8res. Certains seront plus impliqu\u00e9s au niveau politique, d\u2019autres plus dans la dimension transcendantale, d\u2019autres exclusivement dans l\u2019un ou l\u2019autre, et d\u2019autres encore dans les deux. Chacun doit trouver sa propre voie. Ou plus exactement, nous d\u00e9couvrons notre voie d\u2019un moment \u00e0 l\u2019autre. Le contr\u00f4leur est une illusion.<\/p>\n<p align=\"justify\">Puissions-nous tous rester ouverts \u00e0 l\u2019id\u00e9e de voir quelque chose de nouveau et de changer d\u2019avis, puissions-nous avoir de la compassion pour les \u00eatres humains de tous bords (ce qui ne signifie pas \u00eatre d\u2019accord ou soutenir ce qu\u2019ils font), et puissions-nous tous trouver cet endroit sans lieu, ici et maintenant, auquel Nisargadatta faisait r\u00e9f\u00e9rence lorsqu\u2019il disait\u00a0: \u00ab\u00a0Le c\u0153ur des choses est en paix\u00a0\u00bb. C\u2019est \u00ab\u00a0la paix qui d\u00e9passe l\u2019entendement\u00a0\u00bb, la paix qui est l\u00e0 m\u00eame au milieu des conflits et des guerres.<\/p>\n<p align=\"justify\">Amour \u00e0 tous.\u2026<\/p>\n<p align=\"justify\">Texte original\u00a0: <span style=\"color: #000080;\"><u><a href=\"https:\/\/joantollifson.substack.com\/p\/should-i-meditate\" target=\"_blank\" rel=\"noopener\">https:\/\/joantollifson.substack.com\/p\/should-i-meditate<\/a><\/u><\/span><\/p>\n","protected":false},"excerpt":{"rendered":"<p>Traduction libre 15\u00a0nov. 2023 Nous imaginons que nous sommes quelque chose de s\u00e9par\u00e9 du tout, que nous avons le libre arbitre et le choix, que nous devons d\u00e9cider quoi faire, que nous pourrions nous tromper et ruiner notre vie ou endommager l\u2019univers. Devrions-nous m\u00e9diter ou cela ne fera-t-il que renforcer l\u2019illusion du \u00ab\u00a0moi\u00a0\u00bb essayant de [&hellip;]<\/p>\n","protected":false},"author":2,"featured_media":18434,"comment_status":"closed","ping_status":"closed","sticky":false,"template":"","format":"standard","meta":{"footnotes":""},"categories":[1558],"tags":[14,8],"class_list":["post-19676","post","type-post","status-publish","format-standard","has-post-thumbnail","hentry","category-tollifson-joan","tag-meditation","tag-non-dualite"],"yoast_head":"<!-- This site is optimized with the Yoast SEO plugin v27.0 - https:\/\/yoast.com\/product\/yoast-seo-wordpress\/ -->\n<title>Devrais-je m\u00e9diter\u00a0? Tout ceci n\u2019est-il qu\u2019un r\u00eave\u00a0? par Joan Tollifson - 3e mill\u00e9naire - Spiritualit\u00e9 - Connaissance de soi - Non-dualit\u00e9 - M\u00e9ditation<\/title>\n<meta name=\"robots\" content=\"index, follow, max-snippet:-1, max-image-preview:large, max-video-preview:-1\" \/>\n<link rel=\"canonical\" href=\"https:\/\/www.revue3emillenaire.com\/blog\/devrais-je-mediter-tout-ceci-nest-il-quun-reve-par-joan-tollifson\/\" \/>\n<meta property=\"og:locale\" content=\"fr_FR\" \/>\n<meta property=\"og:type\" content=\"article\" \/>\n<meta property=\"og:title\" content=\"Devrais-je m\u00e9diter\u00a0? Tout ceci n\u2019est-il qu\u2019un r\u00eave\u00a0? par Joan Tollifson - 3e mill\u00e9naire - Spiritualit\u00e9 - Connaissance de soi - Non-dualit\u00e9 - M\u00e9ditation\" \/>\n<meta property=\"og:description\" content=\"Traduction libre 15\u00a0nov. 2023 Nous imaginons que nous sommes quelque chose de s\u00e9par\u00e9 du tout, que nous avons le libre arbitre et le choix, que nous devons d\u00e9cider quoi faire, que nous pourrions nous tromper et ruiner notre vie ou endommager l\u2019univers. Devrions-nous m\u00e9diter ou cela ne fera-t-il que renforcer l\u2019illusion du \u00ab\u00a0moi\u00a0\u00bb essayant de [&hellip;]\" \/>\n<meta property=\"og:url\" content=\"https:\/\/www.revue3emillenaire.com\/blog\/devrais-je-mediter-tout-ceci-nest-il-quun-reve-par-joan-tollifson\/\" \/>\n<meta property=\"og:site_name\" content=\"3e mill\u00e9naire - Spiritualit\u00e9 - Connaissance de soi - Non-dualit\u00e9 - M\u00e9ditation\" \/>\n<meta property=\"article:published_time\" content=\"2024-01-15T01:04:51+00:00\" \/>\n<meta property=\"og:image\" content=\"https:\/\/www.revue3emillenaire.com\/blog\/wp-content\/uploads\/2021\/05\/Joan-Tollifson.jpg\" \/>\n\t<meta property=\"og:image:width\" content=\"230\" \/>\n\t<meta property=\"og:image:height\" content=\"258\" \/>\n\t<meta property=\"og:image:type\" content=\"image\/jpeg\" \/>\n<meta name=\"author\" content=\"3e mill\u00e9naire\" \/>\n<meta name=\"twitter:card\" content=\"summary_large_image\" \/>\n<meta name=\"twitter:label1\" content=\"\u00c9crit par\" \/>\n\t<meta name=\"twitter:data1\" content=\"3e mill\u00e9naire\" \/>\n\t<meta name=\"twitter:label2\" content=\"Dur\u00e9e de lecture estim\u00e9e\" \/>\n\t<meta name=\"twitter:data2\" content=\"16 minutes\" \/>\n<script type=\"application\/ld+json\" class=\"yoast-schema-graph\">{\"@context\":\"https:\/\/schema.org\",\"@graph\":[{\"@type\":\"Article\",\"@id\":\"https:\/\/www.revue3emillenaire.com\/blog\/devrais-je-mediter-tout-ceci-nest-il-quun-reve-par-joan-tollifson\/#article\",\"isPartOf\":{\"@id\":\"https:\/\/www.revue3emillenaire.com\/blog\/devrais-je-mediter-tout-ceci-nest-il-quun-reve-par-joan-tollifson\/\"},\"author\":{\"name\":\"3e mill\u00e9naire\",\"@id\":\"https:\/\/www.revue3emillenaire.com\/blog\/#\/schema\/person\/b692dacff720a5344a6190bc714397eb\"},\"headline\":\"Devrais-je m\u00e9diter\u00a0? Tout ceci n\u2019est-il qu\u2019un r\u00eave\u00a0? par Joan Tollifson\",\"datePublished\":\"2024-01-15T01:04:51+00:00\",\"mainEntityOfPage\":{\"@id\":\"https:\/\/www.revue3emillenaire.com\/blog\/devrais-je-mediter-tout-ceci-nest-il-quun-reve-par-joan-tollifson\/\"},\"wordCount\":3509,\"image\":{\"@id\":\"https:\/\/www.revue3emillenaire.com\/blog\/devrais-je-mediter-tout-ceci-nest-il-quun-reve-par-joan-tollifson\/#primaryimage\"},\"thumbnailUrl\":\"https:\/\/www.revue3emillenaire.com\/blog\/wp-content\/uploads\/2021\/05\/Joan-Tollifson.jpg\",\"keywords\":[\"M\u00e9ditation\",\"Non-dualit\u00e9\"],\"articleSection\":[\"Tollifson Joan\"],\"inLanguage\":\"fr-FR\"},{\"@type\":\"WebPage\",\"@id\":\"https:\/\/www.revue3emillenaire.com\/blog\/devrais-je-mediter-tout-ceci-nest-il-quun-reve-par-joan-tollifson\/\",\"url\":\"https:\/\/www.revue3emillenaire.com\/blog\/devrais-je-mediter-tout-ceci-nest-il-quun-reve-par-joan-tollifson\/\",\"name\":\"Devrais-je m\u00e9diter\u00a0? Tout ceci n\u2019est-il qu\u2019un r\u00eave\u00a0? par Joan Tollifson - 3e mill\u00e9naire - Spiritualit\u00e9 - Connaissance de soi - Non-dualit\u00e9 - M\u00e9ditation\",\"isPartOf\":{\"@id\":\"https:\/\/www.revue3emillenaire.com\/blog\/#website\"},\"primaryImageOfPage\":{\"@id\":\"https:\/\/www.revue3emillenaire.com\/blog\/devrais-je-mediter-tout-ceci-nest-il-quun-reve-par-joan-tollifson\/#primaryimage\"},\"image\":{\"@id\":\"https:\/\/www.revue3emillenaire.com\/blog\/devrais-je-mediter-tout-ceci-nest-il-quun-reve-par-joan-tollifson\/#primaryimage\"},\"thumbnailUrl\":\"https:\/\/www.revue3emillenaire.com\/blog\/wp-content\/uploads\/2021\/05\/Joan-Tollifson.jpg\",\"datePublished\":\"2024-01-15T01:04:51+00:00\",\"author\":{\"@id\":\"https:\/\/www.revue3emillenaire.com\/blog\/#\/schema\/person\/b692dacff720a5344a6190bc714397eb\"},\"breadcrumb\":{\"@id\":\"https:\/\/www.revue3emillenaire.com\/blog\/devrais-je-mediter-tout-ceci-nest-il-quun-reve-par-joan-tollifson\/#breadcrumb\"},\"inLanguage\":\"fr-FR\",\"potentialAction\":[{\"@type\":\"ReadAction\",\"target\":[\"https:\/\/www.revue3emillenaire.com\/blog\/devrais-je-mediter-tout-ceci-nest-il-quun-reve-par-joan-tollifson\/\"]}]},{\"@type\":\"ImageObject\",\"inLanguage\":\"fr-FR\",\"@id\":\"https:\/\/www.revue3emillenaire.com\/blog\/devrais-je-mediter-tout-ceci-nest-il-quun-reve-par-joan-tollifson\/#primaryimage\",\"url\":\"https:\/\/www.revue3emillenaire.com\/blog\/wp-content\/uploads\/2021\/05\/Joan-Tollifson.jpg\",\"contentUrl\":\"https:\/\/www.revue3emillenaire.com\/blog\/wp-content\/uploads\/2021\/05\/Joan-Tollifson.jpg\",\"width\":230,\"height\":258},{\"@type\":\"BreadcrumbList\",\"@id\":\"https:\/\/www.revue3emillenaire.com\/blog\/devrais-je-mediter-tout-ceci-nest-il-quun-reve-par-joan-tollifson\/#breadcrumb\",\"itemListElement\":[{\"@type\":\"ListItem\",\"position\":1,\"name\":\"Accueil\",\"item\":\"https:\/\/www.revue3emillenaire.com\/blog\/\"},{\"@type\":\"ListItem\",\"position\":2,\"name\":\"Devrais-je m\u00e9diter\u00a0? Tout ceci n\u2019est-il qu\u2019un r\u00eave\u00a0? par Joan Tollifson\"}]},{\"@type\":\"WebSite\",\"@id\":\"https:\/\/www.revue3emillenaire.com\/blog\/#website\",\"url\":\"https:\/\/www.revue3emillenaire.com\/blog\/\",\"name\":\"3e mill\u00e9naire - Spiritualit\u00e9 - Connaissance de soi - Non-dualit\u00e9 - M\u00e9ditation\",\"description\":\"L&#039;Homme en devenir\",\"potentialAction\":[{\"@type\":\"SearchAction\",\"target\":{\"@type\":\"EntryPoint\",\"urlTemplate\":\"https:\/\/www.revue3emillenaire.com\/blog\/?s={search_term_string}\"},\"query-input\":{\"@type\":\"PropertyValueSpecification\",\"valueRequired\":true,\"valueName\":\"search_term_string\"}}],\"inLanguage\":\"fr-FR\"},{\"@type\":\"Person\",\"@id\":\"https:\/\/www.revue3emillenaire.com\/blog\/#\/schema\/person\/b692dacff720a5344a6190bc714397eb\",\"name\":\"3e mill\u00e9naire\",\"url\":\"https:\/\/www.revue3emillenaire.com\/blog\/author\/scoussa\/\"}]}<\/script>\n<!-- \/ Yoast SEO plugin. -->","yoast_head_json":{"title":"Devrais-je m\u00e9diter\u00a0? Tout ceci n\u2019est-il qu\u2019un r\u00eave\u00a0? par Joan Tollifson - 3e mill\u00e9naire - Spiritualit\u00e9 - Connaissance de soi - Non-dualit\u00e9 - M\u00e9ditation","robots":{"index":"index","follow":"follow","max-snippet":"max-snippet:-1","max-image-preview":"max-image-preview:large","max-video-preview":"max-video-preview:-1"},"canonical":"https:\/\/www.revue3emillenaire.com\/blog\/devrais-je-mediter-tout-ceci-nest-il-quun-reve-par-joan-tollifson\/","og_locale":"fr_FR","og_type":"article","og_title":"Devrais-je m\u00e9diter\u00a0? Tout ceci n\u2019est-il qu\u2019un r\u00eave\u00a0? par Joan Tollifson - 3e mill\u00e9naire - Spiritualit\u00e9 - Connaissance de soi - Non-dualit\u00e9 - M\u00e9ditation","og_description":"Traduction libre 15\u00a0nov. 2023 Nous imaginons que nous sommes quelque chose de s\u00e9par\u00e9 du tout, que nous avons le libre arbitre et le choix, que nous devons d\u00e9cider quoi faire, que nous pourrions nous tromper et ruiner notre vie ou endommager l\u2019univers. Devrions-nous m\u00e9diter ou cela ne fera-t-il que renforcer l\u2019illusion du \u00ab\u00a0moi\u00a0\u00bb essayant de [&hellip;]","og_url":"https:\/\/www.revue3emillenaire.com\/blog\/devrais-je-mediter-tout-ceci-nest-il-quun-reve-par-joan-tollifson\/","og_site_name":"3e mill\u00e9naire - Spiritualit\u00e9 - Connaissance de soi - Non-dualit\u00e9 - M\u00e9ditation","article_published_time":"2024-01-15T01:04:51+00:00","og_image":[{"width":230,"height":258,"url":"https:\/\/www.revue3emillenaire.com\/blog\/wp-content\/uploads\/2021\/05\/Joan-Tollifson.jpg","type":"image\/jpeg"}],"author":"3e mill\u00e9naire","twitter_card":"summary_large_image","twitter_misc":{"\u00c9crit par":"3e mill\u00e9naire","Dur\u00e9e de lecture estim\u00e9e":"16 minutes"},"schema":{"@context":"https:\/\/schema.org","@graph":[{"@type":"Article","@id":"https:\/\/www.revue3emillenaire.com\/blog\/devrais-je-mediter-tout-ceci-nest-il-quun-reve-par-joan-tollifson\/#article","isPartOf":{"@id":"https:\/\/www.revue3emillenaire.com\/blog\/devrais-je-mediter-tout-ceci-nest-il-quun-reve-par-joan-tollifson\/"},"author":{"name":"3e mill\u00e9naire","@id":"https:\/\/www.revue3emillenaire.com\/blog\/#\/schema\/person\/b692dacff720a5344a6190bc714397eb"},"headline":"Devrais-je m\u00e9diter\u00a0? Tout ceci n\u2019est-il qu\u2019un r\u00eave\u00a0? par Joan Tollifson","datePublished":"2024-01-15T01:04:51+00:00","mainEntityOfPage":{"@id":"https:\/\/www.revue3emillenaire.com\/blog\/devrais-je-mediter-tout-ceci-nest-il-quun-reve-par-joan-tollifson\/"},"wordCount":3509,"image":{"@id":"https:\/\/www.revue3emillenaire.com\/blog\/devrais-je-mediter-tout-ceci-nest-il-quun-reve-par-joan-tollifson\/#primaryimage"},"thumbnailUrl":"https:\/\/www.revue3emillenaire.com\/blog\/wp-content\/uploads\/2021\/05\/Joan-Tollifson.jpg","keywords":["M\u00e9ditation","Non-dualit\u00e9"],"articleSection":["Tollifson Joan"],"inLanguage":"fr-FR"},{"@type":"WebPage","@id":"https:\/\/www.revue3emillenaire.com\/blog\/devrais-je-mediter-tout-ceci-nest-il-quun-reve-par-joan-tollifson\/","url":"https:\/\/www.revue3emillenaire.com\/blog\/devrais-je-mediter-tout-ceci-nest-il-quun-reve-par-joan-tollifson\/","name":"Devrais-je m\u00e9diter\u00a0? Tout ceci n\u2019est-il qu\u2019un r\u00eave\u00a0? par Joan Tollifson - 3e mill\u00e9naire - Spiritualit\u00e9 - Connaissance de soi - Non-dualit\u00e9 - M\u00e9ditation","isPartOf":{"@id":"https:\/\/www.revue3emillenaire.com\/blog\/#website"},"primaryImageOfPage":{"@id":"https:\/\/www.revue3emillenaire.com\/blog\/devrais-je-mediter-tout-ceci-nest-il-quun-reve-par-joan-tollifson\/#primaryimage"},"image":{"@id":"https:\/\/www.revue3emillenaire.com\/blog\/devrais-je-mediter-tout-ceci-nest-il-quun-reve-par-joan-tollifson\/#primaryimage"},"thumbnailUrl":"https:\/\/www.revue3emillenaire.com\/blog\/wp-content\/uploads\/2021\/05\/Joan-Tollifson.jpg","datePublished":"2024-01-15T01:04:51+00:00","author":{"@id":"https:\/\/www.revue3emillenaire.com\/blog\/#\/schema\/person\/b692dacff720a5344a6190bc714397eb"},"breadcrumb":{"@id":"https:\/\/www.revue3emillenaire.com\/blog\/devrais-je-mediter-tout-ceci-nest-il-quun-reve-par-joan-tollifson\/#breadcrumb"},"inLanguage":"fr-FR","potentialAction":[{"@type":"ReadAction","target":["https:\/\/www.revue3emillenaire.com\/blog\/devrais-je-mediter-tout-ceci-nest-il-quun-reve-par-joan-tollifson\/"]}]},{"@type":"ImageObject","inLanguage":"fr-FR","@id":"https:\/\/www.revue3emillenaire.com\/blog\/devrais-je-mediter-tout-ceci-nest-il-quun-reve-par-joan-tollifson\/#primaryimage","url":"https:\/\/www.revue3emillenaire.com\/blog\/wp-content\/uploads\/2021\/05\/Joan-Tollifson.jpg","contentUrl":"https:\/\/www.revue3emillenaire.com\/blog\/wp-content\/uploads\/2021\/05\/Joan-Tollifson.jpg","width":230,"height":258},{"@type":"BreadcrumbList","@id":"https:\/\/www.revue3emillenaire.com\/blog\/devrais-je-mediter-tout-ceci-nest-il-quun-reve-par-joan-tollifson\/#breadcrumb","itemListElement":[{"@type":"ListItem","position":1,"name":"Accueil","item":"https:\/\/www.revue3emillenaire.com\/blog\/"},{"@type":"ListItem","position":2,"name":"Devrais-je m\u00e9diter\u00a0? Tout ceci n\u2019est-il qu\u2019un r\u00eave\u00a0? par Joan Tollifson"}]},{"@type":"WebSite","@id":"https:\/\/www.revue3emillenaire.com\/blog\/#website","url":"https:\/\/www.revue3emillenaire.com\/blog\/","name":"3e mill\u00e9naire - Spiritualit\u00e9 - Connaissance de soi - Non-dualit\u00e9 - M\u00e9ditation","description":"L&#039;Homme en devenir","potentialAction":[{"@type":"SearchAction","target":{"@type":"EntryPoint","urlTemplate":"https:\/\/www.revue3emillenaire.com\/blog\/?s={search_term_string}"},"query-input":{"@type":"PropertyValueSpecification","valueRequired":true,"valueName":"search_term_string"}}],"inLanguage":"fr-FR"},{"@type":"Person","@id":"https:\/\/www.revue3emillenaire.com\/blog\/#\/schema\/person\/b692dacff720a5344a6190bc714397eb","name":"3e mill\u00e9naire","url":"https:\/\/www.revue3emillenaire.com\/blog\/author\/scoussa\/"}]}},"_links":{"self":[{"href":"https:\/\/www.revue3emillenaire.com\/blog\/wp-json\/wp\/v2\/posts\/19676","targetHints":{"allow":["GET"]}}],"collection":[{"href":"https:\/\/www.revue3emillenaire.com\/blog\/wp-json\/wp\/v2\/posts"}],"about":[{"href":"https:\/\/www.revue3emillenaire.com\/blog\/wp-json\/wp\/v2\/types\/post"}],"author":[{"embeddable":true,"href":"https:\/\/www.revue3emillenaire.com\/blog\/wp-json\/wp\/v2\/users\/2"}],"replies":[{"embeddable":true,"href":"https:\/\/www.revue3emillenaire.com\/blog\/wp-json\/wp\/v2\/comments?post=19676"}],"version-history":[{"count":0,"href":"https:\/\/www.revue3emillenaire.com\/blog\/wp-json\/wp\/v2\/posts\/19676\/revisions"}],"wp:featuredmedia":[{"embeddable":true,"href":"https:\/\/www.revue3emillenaire.com\/blog\/wp-json\/wp\/v2\/media\/18434"}],"wp:attachment":[{"href":"https:\/\/www.revue3emillenaire.com\/blog\/wp-json\/wp\/v2\/media?parent=19676"}],"wp:term":[{"taxonomy":"category","embeddable":true,"href":"https:\/\/www.revue3emillenaire.com\/blog\/wp-json\/wp\/v2\/categories?post=19676"},{"taxonomy":"post_tag","embeddable":true,"href":"https:\/\/www.revue3emillenaire.com\/blog\/wp-json\/wp\/v2\/tags?post=19676"}],"curies":[{"name":"wp","href":"https:\/\/api.w.org\/{rel}","templated":true}]}}