{"id":19680,"date":"2023-12-22T14:35:12","date_gmt":"2023-12-22T13:35:12","guid":{"rendered":"https:\/\/www.revue3emillenaire.com\/blog\/?p=19680"},"modified":"2023-12-22T14:35:12","modified_gmt":"2023-12-22T13:35:12","slug":"leffet-amnesique-de-gell-mann-par-james-corbett","status":"publish","type":"post","link":"https:\/\/www.revue3emillenaire.com\/blog\/leffet-amnesique-de-gell-mann-par-james-corbett\/","title":{"rendered":"L\u2019effet amn\u00e9sique de Gell-Mann par James Corbett"},"content":{"rendered":"<p class=\"western\" align=\"justify\"><i><span style=\"color: #000000;\"><span style=\"font-size: medium;\"><span lang=\"fr-FR\">Traduction libre<\/span><\/span><\/span><\/i><\/p>\n<p class=\"western\" align=\"justify\"><span style=\"color: #000000;\"><span style=\"font-size: medium;\"><span lang=\"fr-FR\">10\/12\/2023<\/span><\/span><\/span><\/p>\n<p class=\"western\" align=\"justify\"><span style=\"color: #000000;\"><span style=\"font-size: medium;\"><span lang=\"fr-FR\">Avez-vous d\u00e9j\u00e0 vu un reportage sur un \u00e9v\u00e9nement que vous avez vous-m\u00eame v\u00e9cu\u00a0? Ou lu un article de magazine sur un sujet qui vous est familier\u00a0? Si c\u2019est le cas, vous avez probablement ressenti ce que la plupart des gens ont ressenti dans cette situation\u00a0: de la col\u00e8re et de la perplexit\u00e9.<\/span><\/span><\/span><\/p>\n<p class=\"western\" align=\"justify\"><span style=\"color: #000000;\"><span style=\"font-size: medium;\"><span lang=\"fr-FR\">\u00ab\u00a0Comment cet idiot de journaliste a-t-il pu faire une telle erreur\u00a0? Ce n\u2019est pas du tout exact\u00a0!\u00a0\u00bb<\/span><\/span><\/span><\/p>\n<p class=\"western\" align=\"justify\"><span style=\"color: #000000;\"><span style=\"font-size: medium;\"><span lang=\"fr-FR\">Il s\u2019av\u00e8re que les journalistes se trompent souvent sur les faits les plus \u00e9l\u00e9mentaires de l\u2019histoire et que les pigistes press\u00e9s par le temps ont tendance \u00e0 faiblir lorsqu\u2019ils doivent r\u00e9sumer en quelques paragraphes ce que d\u2019autres ont pass\u00e9 des dizaines d\u2019ann\u00e9es \u00e0 rechercher.<\/span><\/span><\/span><\/p>\n<p class=\"western\" align=\"justify\"><span style=\"color: #000000;\"><span style=\"font-size: medium;\"><span lang=\"fr-FR\">Ce n\u2019est pas surprenant. En fait, il faut s\u2019y attendre. Apr\u00e8s tout, les \u00ab\u00a0reporters\u00a0\u00bb et les r\u00e9dacteurs ind\u00e9pendants surcharg\u00e9s de travail ne sont g\u00e9n\u00e9ralement pas des experts du sujet obscur que leur r\u00e9dacteur en chef leur a confi\u00e9 cette semaine. Ils sont simplement pay\u00e9s pour produire un texte sur un sujet donn\u00e9 avant de passer <\/span><\/span><\/span><span style=\"color: #000000;\"><span style=\"font-size: medium;\"><span lang=\"fr-FR\">au sujet<\/span><\/span><\/span><span style=\"color: #000000;\"><span style=\"font-size: medium;\"><span lang=\"fr-FR\"> suivant.<\/span><\/span><\/span><\/p>\n<p class=\"western\" align=\"justify\"><span style=\"color: #000000;\"><span style=\"font-size: medium;\"><span lang=\"fr-FR\">Maintenant, voici c<\/span><\/span><\/span><span style=\"color: #000000;\"><span style=\"font-size: medium;\"><span lang=\"fr-FR\">e qui est surprenant\u00a0: c\u2019est qu\u2019imm\u00e9diatement apr\u00e8s avoir lu ce rapport inexact, truff\u00e9 d\u2019erreurs et dont nous savons qu\u2019il est gravement erron\u00e9, nous tournons la page, passons \u00e0 l\u2019article suivant, oublions que ces journalistes sont des idiots et continuons \u00e0 prendre plus ou moins ce que nous lisons au pied de la lettre.<\/span><\/span><\/span><\/p>\n<p class=\"western\" align=\"justify\"><span style=\"color: #000000;\"><span style=\"font-size: medium;\"><span lang=\"fr-FR\">Saviez-vous que cette \u00e9trange amn\u00e9sie dont nous faisons tous l\u2019exp\u00e9rience \u2014 cet oubli qui nous permet de croire ce que nous lisons tant que ce<\/span><\/span><\/span><span style=\"color: #000000;\"><span style=\"font-size: medium;\"><span lang=\"fr-FR\">la ne concerne pas notre domaine d\u2019expertise <\/span><\/span><\/span><span style=\"color: #000000;\"><span style=\"font-size: medium;\"><span lang=\"fr-FR\">\u2014 a un nom\u00a0? Eh bien, <\/span><\/span><\/span><span style=\"color: #000000;\"><span style=\"font-size: medium;\"><span lang=\"fr-FR\">c\u2019est le cas<\/span><\/span><\/span><span style=\"color: #000000;\"><span style=\"font-size: medium;\"><span lang=\"fr-FR\">\u00a0!<\/span><\/span><\/span><\/p>\n<p class=\"western\" align=\"justify\"><span style=\"color: #000000;\"><span style=\"font-size: medium;\"><span lang=\"fr-FR\">Avez-vous d\u00e9j\u00e0 r\u00e9fl\u00e9chi \u00e0 la fa\u00e7on dont ce ph\u00e9nom\u00e8ne a \u00e9t\u00e9 utilis\u00e9 par les pouvoirs qui ne devraient pas l\u2019\u00eatre pour nous faire croire au non-sens et \u00e0 l\u2019absurdit\u00e9\u00a0? Eh bien, vous devriez\u00a0!<\/span><\/span><\/span><\/p>\n<p class=\"western\" align=\"justify\"><span style=\"color: #000000;\"><span style=\"font-size: medium;\"><span lang=\"fr-FR\">Vous \u00eates-vous d\u00e9j\u00e0 demand\u00e9 comment \u00e9chapper \u00e0 ce pi\u00e8ge\u00a0? Eh bien, moi, oui\u00a0!<\/span><\/span><\/span><\/p>\n<p class=\"western\" align=\"justify\"><span style=\"color: #000000;\"><span style=\"font-size: medium;\"><span lang=\"fr-FR\">Aujourd\u2019hui, explorons donc l\u2019effet d\u2019amn\u00e9sie Gell-Mann\u00a0!<\/span><\/span><\/span><\/p>\n<p class=\"western\" align=\"justify\"><span style=\"color: #000000;\"><span style=\"font-size: medium;\"><span lang=\"fr-FR\">Dans <a href=\"https:\/\/web.archive.org\/web\/20070714204136\/http:\/\/www.michaelcrichton.net\/speech-whyspeculate.html\" target=\"_blank\" rel=\"noopener\">un discours prononc\u00e9 en 2002<\/a> \u00e0 l\u2019International Leadership Forum de La Jolla, en Californie, Michael Crichton, c\u00e9l\u00e8bre auteur de best-sellers et grand <a href=\"https:\/\/www.bitchute.com\/video\/GGiTLPrMAzAn\/\" target=\"_blank\" rel=\"noopener\">critique de l\u2019hyst\u00e9rie du r\u00e9chauffement climatique<\/a>, a invent\u00e9 un nouveau terme\u00a0: l\u2019effet d\u2019amn\u00e9sie Gell-Mann.<\/span><\/span><\/span><\/p>\n<p class=\"western\" align=\"justify\"><span style=\"color: #000000;\"><span style=\"font-size: medium;\"><span lang=\"fr-FR\">L\u2019effet est nomm\u00e9 d\u2019apr\u00e8s le physicien th\u00e9orique am\u00e9ricain Murray Gell-Mann, et c\u2019est ainsi que Crichton l\u2019a d\u00e9crit\u00a0:<\/span><\/span><\/span><\/p>\n<p class=\"western\" style=\"padding-left: 80px;\" align=\"justify\"><span style=\"color: #000000;\"><span style=\"font-size: medium;\"><span lang=\"fr-FR\">En bref, l\u2019effet d\u2019amn\u00e9sie Gell-Mann fonctionne comme suit. Vous ouvrez le journal \u00e0 un article sur un sujet que vous connaissez bien. Dans le cas de Murray, <\/span><\/span><\/span><span style=\"color: #000000;\"><span style=\"font-size: medium;\"><span lang=\"fr-FR\">c\u2019est <\/span><\/span><\/span><span style=\"color: #000000;\"><span style=\"font-size: medium;\"><span lang=\"fr-FR\">la physique. Dans le mien, le show-business. Vous lisez l\u2019article et constatez que le journaliste n\u2019a absolument aucune compr\u00e9hension des faits ou des probl\u00e8mes. Souvent, l\u2019article est tellement faux qu\u2019il pr\u00e9sente l\u2019histoire \u00e0 l\u2019envers, en inversant la cause et l\u2019effet. C\u2019est ce que j\u2019appelle les \u00ab\u00a0rues humides qui provoquent la pluie\u00a0\u00bb. Les journaux en sont pleins.<\/span><\/span><\/span><\/p>\n<p class=\"western\" style=\"padding-left: 80px;\" align=\"justify\"><span style=\"color: #000000;\"><span style=\"font-size: medium;\"><span lang=\"fr-FR\">Quoi qu\u2019il en soit, vous lisez avec exasp\u00e9ration ou amusement les multiples erreurs d\u2019un article, puis vous tournez la page vers les affaires nationales ou internationales, et vous lisez avec un int\u00e9r\u00eat renouvel\u00e9, comme si le reste du journal \u00e9tait en quelque sorte plus pr\u00e9cis sur la lointaine Palestine que sur l\u2019article que vous venez de lire. Vous tournez la page et vous oubliez ce que vous savez.<\/span><\/span><\/span><\/p>\n<p class=\"western\" align=\"justify\"><span style=\"color: #000000;\"><span style=\"font-size: medium;\"><span lang=\"fr-FR\">En bref\u00a0: lorsque nous poss\u00e9dons une expertise sur le sujet examin\u00e9, nous constatons presque invariablement que les repr\u00e9sentations m\u00e9diatiques de ce sujet sont au mieux lacunaires, au pire carr\u00e9ment mensong\u00e8res. Mais, pour une raison ou une autre, une fois que nous avons tourn\u00e9 la page ou chang\u00e9 de cha\u00eene, nous nous remettons \u00e0 croire que les autres journalistes et auteurs savent de quoi ils parlent.<\/span><\/span><\/span><\/p>\n<p class=\"western\" align=\"justify\"><span style=\"color: #000000;\"><span style=\"font-size: medium;\"><span lang=\"fr-FR\">Alors pourquoi Crichton nomme-t-il le ph\u00e9nom\u00e8ne d\u2019apr\u00e8s Murray Gell-Mann\u00a0? Il vous faudra lire l\u2019int\u00e9gralit\u00e9 de son discours pour obtenir la r\u00e9ponse \u00e0 cette question. Mais si le terme \u00ab\u00a0effet d\u2019amn\u00e9sie Gell-Mann\u00a0\u00bb est original pour Crichton, il convient de noter que le concept lui-m\u00eame a d\u00e9j\u00e0 \u00e9t\u00e9 d\u00e9crit auparavant.<\/span><\/span><\/span><\/p>\n<p class=\"western\" align=\"justify\"><span style=\"color: #000000;\"><span style=\"font-size: medium;\"><span lang=\"fr-FR\">Prenons par exemple la \u00ab\u00a0<a href=\"https:\/\/effectiviology.com\/knolls-law\/\" target=\"_blank\" rel=\"noopener\">loi de Knoll sur l\u2019exactitude des m\u00e9dias<\/a>\u00a0\u00bb, attribu\u00e9e au journaliste am\u00e9ricain Edwin Knoll, qui stipule que \u00ab\u00a0tout ce que vous lisez dans les journaux est absolument vrai, \u00e0 l\u2019exception des rares histoires dont vous avez une connaissance de premi\u00e8re main\u00a0\u00bb.<\/span><\/span><\/span><\/p>\n<p class=\"western\" align=\"justify\"><span style=\"color: #000000;\"><span style=\"font-size: medium;\"><span lang=\"fr-FR\">On peut aussi remonter plus loin, jusqu\u2019\u00e0 Thomas Jefferson, qui \u00e9crivait dans <a href=\"https:\/\/www.loc.gov\/resource\/mtj1.038_0592_0594\/?sp=2&amp;st=text\" target=\"_blank\" rel=\"noopener\">une lettre \u00e0 John Norvell<\/a> en 1807\u00a0:<\/span><\/span><\/span><\/p>\n<p class=\"western\" style=\"padding-left: 80px;\" align=\"justify\"><span style=\"color: #000000;\"><span style=\"font-size: medium;\"><span lang=\"fr-FR\">On ne peut plus rien croire de ce que l\u2019on voit dans un journal. La v\u00e9rit\u00e9 elle-m\u00eame devient suspecte en \u00e9tant mise dans ce v\u00e9hicule pollu\u00e9. L\u2019\u00e9tendue r\u00e9elle de cet \u00e9tat de d\u00e9sinformation n\u2019est connue que de ceux qui sont en situation de confronter les faits qu\u2019ils connaissent aux mensonges du jour.<\/span><\/span><\/span><\/p>\n<p class=\"western\" align=\"justify\"><span style=\"color: #000000;\"><span style=\"font-size: medium;\"><span lang=\"fr-FR\">Mais, quelle que soit l\u2019origine de cette id\u00e9e, nous savons tous par exp\u00e9rience qu\u2019elle est vraie. Et, pour \u00eatre honn\u00eates, nous sommes tous coupables de cette amn\u00e9sie de temps en temps. Oui, m\u00eame moi.<\/span><\/span><\/span><\/p>\n<p class=\"western\" align=\"justify\"><span style=\"color: #000000;\"><span style=\"font-size: medium;\"><span lang=\"fr-FR\">Vous voyez, dans un effort pour rester inform\u00e9 des points de vue et des perspectives du NPC, j\u2019\u00e9coute de temps en temps des podcasts normaux, je lis des publications normales et je regarde m\u00eame des programmes normaux. R\u00e9cemment, apr\u00e8s avoir suivi le fil conducteur du livre instructif de Tom Holland, <\/span><\/span><\/span><a href=\"https:\/\/www.tom-holland.org\/titles\/tom-holland\/dominion\/9781408706954\/\" target=\"_blank\" rel=\"noopener\"><span style=\"color: #000000;\"><span style=\"font-size: medium;\"><span lang=\"fr-FR\"><i>Dominion\u00a0: The Making of the Western Mind<\/i><\/span><\/span><\/span><\/a><span style=\"color: #000000;\"><span style=\"font-size: medium;\"><span lang=\"fr-FR\">, j\u2019ai commenc\u00e9 \u00e0 \u00e9couter le podcast de Holland, d\u00e9cid\u00e9ment moins instructif, <a href=\"https:\/\/open.spotify.com\/show\/7Cvsbcjhtur7nplC148TWy\" target=\"_blank\" rel=\"noopener\">The Rest is History<\/a>. Avec son co-animateur Dominic Sandbrook, Holland tente dans chaque \u00e9pisode de r\u00e9sumer un \u00e9v\u00e9nement majeur de l\u2019histoire (dominante), de la chute de la Rome antique \u00e0 l\u2019essor de la Chine moderne (et apparemment tout ce qui se trouve entre les deux).<\/span><\/span><\/span><\/p>\n<p class=\"western\" align=\"justify\"><span style=\"color: #000000;\"><span style=\"font-size: medium;\"><span lang=\"fr-FR\">Comme on peut s\u2019y attendre dans un podcast anim\u00e9 par deux historiens du courant dominant, tout soup\u00e7on de r\u00e9alit\u00e9 conspirationniste ou tout ce qui pourrait remettre fondamentalement en question les affirmations historiques orthodoxes est imm\u00e9diatement rejet\u00e9, souvent en termes moqueurs. Et, in\u00e9vitablement, les podcasts qui traitent sp\u00e9cifiquement de sujets conspirationnistes (comme la s\u00e9rie sur le myst\u00e8re des Cathares) se transforment rapidement en un exercice de r\u00e9gurgitation de l\u2019histoire approuv\u00e9e par les manuels et de d\u00e9nonciation de la fantaisie conspirationniste.<\/span><\/span><\/span><\/p>\n<p class=\"western\" align=\"justify\"><span style=\"color: #000000;\"><span style=\"font-size: medium;\"><span lang=\"fr-FR\">Je me suis r\u00e9cemment replong\u00e9 dans l\u2019interminable et d\u00e9routant labyrinthe d\u2019informations sur l\u2019assassinat de JFK pour ma r\u00e9cente pr\u00e9sentation de JFK\u00a0: <\/span><\/span><\/span><a href=\"https:\/\/www.corbettreport.com\/jfkgladio\/\" target=\"_blank\" rel=\"noopener\"><span style=\"color: #000000;\"><span style=\"font-size: medium;\">JFK: From Mongoose to Gladio<\/span><\/span><\/a><span style=\"color: #000000;\"><span style=\"font-size: medium;\"><span lang=\"fr-FR\">, j\u2019ai d\u00fb \u00e9couter les derniers podcasts de Holland et Sandbrook sur l\u2019assassinat de JFK avec les yeux solidement attach\u00e9s pour qu\u2019ils ne sortent pas de leurs orbites.<\/span><\/span><\/span><\/p>\n<p class=\"western\" align=\"justify\"><span style=\"color: #000000;\"><span style=\"font-size: medium;\"><span lang=\"fr-FR\">Pour deux historiens \u00ab\u00a0professionnels\u00a0\u00bb, il est vraiment stup\u00e9fiant de constater \u00e0 quel point leur r\u00e9sum\u00e9 de l\u2019assassinat est d\u00e9sinvolte, trompeur et souvent carr\u00e9ment inexact. Ils passent sous silence des points qui n\u00e9cessiteraient des manuscrits entiers pour \u00eatre correctement \u00e9toff\u00e9s, rejettent des pistes enti\u00e8res d\u2019exploration avec <a href=\"https:\/\/www.logicallyfallacious.com\/cgi-bin\/uy\/webpages.cgi?\/logicalfallacies\/Argument-from-Incredulity\" target=\"_blank\" rel=\"noopener\">des arguments d\u2019incr\u00e9dulit\u00e9<\/a> et d\u2019autres raisonnements fallacieux, ignorent des domaines d\u2019\u00e9tude que de v\u00e9ritables chercheurs sur l\u2019assassinat ont parfois pass\u00e9 toute leur carri\u00e8re \u00e0 examiner, et pr\u00e9sentent des mensonges \u00e9vidents comme des v\u00e9rit\u00e9s indiscutables. (Saviez-vous, par exemple, que Jack Ruby a tu\u00e9 Oswald parce qu\u2019il \u00e9tait boulevers\u00e9 \u00e0 l\u2019id\u00e9e que Jackie doive t\u00e9moigner au proc\u00e8s d\u2019Oswald).<\/span><\/span><\/span><\/p>\n<p class=\"western\" align=\"justify\"><span style=\"color: #000000;\"><span style=\"font-size: medium;\"><span lang=\"fr-FR\">Bien s\u00fbr, un moment de contemplation m\u2019aide \u00e0 r\u00e9aliser que je ne saisis l\u2019absurdit\u00e9 de cette s\u00e9rie de podcasts que parce que je suis particuli\u00e8rement bien inform\u00e9 sur le sujet trait\u00e9. Dans les \u00e9ditions de leur podcast traitant de sujets que je ne connais pas aussi bien \u2014 comme celle sur la construction du Taj Mahal, par exemple, ou celle sur la sorcellerie viking \u2014 je suis plus enclin \u00e0 accepter les dates, les affirmations et les citations de Holland et Sandbrook comme des faits, m\u00eame si je me m\u00e9fie de leurs interpr\u00e9tations de ces faits.<\/span><\/span><\/span><\/p>\n<p class=\"western\" align=\"justify\"><span style=\"color: #000000;\"><span style=\"font-size: medium;\"><span lang=\"fr-FR\">Oui, nous sommes tous victimes de cet effet d\u2019amn\u00e9sie. Notre cr\u00e9dulit\u00e9 lorsque nous consommons des m\u00e9dias est, au moins dans une certaine mesure, en corr\u00e9lation inverse avec notre connaissance du sujet trait\u00e9.<\/span><\/span><\/span><\/p>\n<p class=\"western\" align=\"justify\"><span style=\"color: #000000;\"><span style=\"font-size: medium;\"><span lang=\"fr-FR\">En fait, quiconque pense \u00eatre immunis\u00e9 contre cet effet n\u2019a manifestement pas suivi mon cours en ligne <a href=\"https:\/\/newworldnextweek.com\/products\/mass-media-a-history\" target=\"_blank\" rel=\"noopener\">Mass Media\u00a0: Une histoire<\/a> et ignore donc probablement les recherches de <a href=\"https:\/\/archive.org\/details\/perfectmachinete00nels\/page\/68\/mode\/2up?q=krugman\" target=\"_blank\" rel=\"noopener\">Herbert Krugman<\/a>, <a href=\"https:\/\/archive.org\/details\/responsivechord00schw\/page\/96\/mode\/1up?q=%22not+concerned%22\" target=\"_blank\" rel=\"noopener\">Tony Schwarz<\/a> et d\u2019autres, qui ont d\u00e9montr\u00e9 que les m\u00e9dias de masse (et en particulier les m\u00e9dias \u00e9lectroniques) sont capables de contourner nos processus de raisonnement conscients et de nous influencer \u00e0 un niveau subconscient avant m\u00eame que nous ayons conscience de ce que nous percevons. Notre cerveau subconscient prend ce que nous voyons (ou lisons) plus ou moins pour argent comptant, jusqu\u2019\u00e0 ce que notre cerveau conscient remette activement en question ce mat\u00e9riel.<\/span><\/span><\/span><\/p>\n<p class=\"western\" align=\"justify\"><span style=\"color: #000000;\"><span style=\"font-size: medium;\"><span lang=\"fr-FR\">Vous vous di<\/span><\/span><\/span><span style=\"color: #000000;\"><span style=\"font-size: medium;\"><span lang=\"fr-FR\">rez<\/span><\/span><\/span><span style=\"color: #000000;\"><span style=\"font-size: medium;\"><span lang=\"fr-FR\"> peut-\u00eatre\u00a0: \u00ab\u00a0Et alors\u00a0? En quoi tout cela est-il important\u00a0?\u00a0\u00bb<\/span><\/span><\/span><\/p>\n<p class=\"western\" align=\"justify\"><span style=\"color: #000000;\"><span style=\"font-size: medium;\"><span lang=\"fr-FR\">Eh bien\u2026<\/span><\/span><\/span><\/p>\n<p class=\"western\" align=\"justify\"><span style=\"font-size: medium;\"><b>Pourquoi c\u2019est important<\/b><\/span><\/p>\n<p class=\"western\" align=\"justify\"><span style=\"color: #000000;\"><span style=\"font-size: medium;\"><span lang=\"fr-FR\">D\u2019accord, les gens sont des idiots cr\u00e9dules. Qu\u2019y a-t-il d\u2019autre de nouveau\u00a0?<\/span><\/span><\/span><\/p>\n<p class=\"western\" align=\"justify\"><span style=\"color: #000000;\"><span style=\"font-size: medium;\"><span lang=\"fr-FR\">Eh bien, l<\/span><\/span><\/span><span style=\"color: #000000;\"><span style=\"font-size: medium;\"><span lang=\"fr-FR\">\u2019un des probl\u00e8mes des m\u00e9dias est que, m\u00eame si vous \u00eates conscient de l\u2019idiotie du journaliste moyen, vos amis ne le sont pas. Et il suffit de voir la d\u00e9sint\u00e9gration de tant d\u2019amiti\u00e9s et de relations familiales au cours de la <\/span><\/span><\/span><span style=\"color: #000000;\"><span style=\"font-size: medium;\"><span lang=\"fr-FR\">pland\u00e9mie<\/span><\/span><\/span> <span style=\"color: #000000;\"><span style=\"font-size: medium;\"><span lang=\"fr-FR\">(ou scamd\u00e9mie) <\/span><\/span><\/span><span style=\"color: #000000;\"><span style=\"font-size: medium;\"><span lang=\"fr-FR\">pour se rendre compte \u00e0 quel point il peut \u00eatre corrosif que nos amis, nos coll\u00e8gues, nos voisins et nos proches se laissent manipuler par les m\u00e9dias.<\/span><\/span><\/span><\/p>\n<p class=\"western\" align=\"justify\"><span style=\"color: #000000;\"><span style=\"font-size: medium;\"><span lang=\"fr-FR\">Mais m\u00eame pour ceux d\u2019entre nous qui sont conscients de l\u2019incomp\u00e9tence et du mensonge des m\u00e9dias, il est encore trop facile de prendre pour argent comptant ce que nous voyons ou lisons.<\/span><\/span><\/span><\/p>\n<p class=\"western\" align=\"justify\"><span style=\"color: #000000;\"><span style=\"font-size: medium;\"><span lang=\"fr-FR\">Prenons par exemple cet \u00e9ditorial r\u00e9cent du <\/span><\/span><\/span><span style=\"color: #000000;\"><span style=\"font-size: medium;\"><span lang=\"fr-FR\"><i>New York Times<\/i><\/span><\/span><\/span><span style=\"color: #000000;\"><span style=\"font-size: medium;\"><span lang=\"fr-FR\">\u00a0: \u00ab\u00a0<a href=\"https:\/\/archive.is\/05XhE\" target=\"_blank\" rel=\"noopener\">The Startling Evidence on Learning Loss Is In<\/a> <\/span><\/span><\/span><span style=\"color: #000000;\"><span style=\"font-size: medium;\"><span lang=\"fr-FR\">(<\/span><\/span><\/span><span style=\"color: #000000;\"><span style=\"font-size: medium;\"><span lang=\"fr-FR\">Les preuves surprenantes de la perte d\u2019apprentissage sont l\u00e0<\/span><\/span><\/span><span style=\"color: #000000;\"><span style=\"font-size: medium;\"><span lang=\"fr-FR\">)\u00a0\u00bb<\/span><\/span><\/span><span style=\"color: #000000;\"><span style=\"font-size: medium;\"><span lang=\"fr-FR\">.<\/span><\/span><\/span><\/p>\n<p class=\"western\" style=\"padding-left: 80px;\" align=\"justify\"><span style=\"color: #000000;\"><span style=\"font-size: medium;\"><span lang=\"fr-FR\">Les preuves sont maintenant l\u00e0, et elles sont surprenantes. Les fermetures d\u2019\u00e9coles qui ont priv\u00e9 50\u00a0millions d\u2019enfants de leurs classes au d\u00e9but de la pand\u00e9mie pourraient s\u2019av\u00e9rer \u00eatre la perturbation la plus dommageable de l\u2019histoire de l\u2019\u00e9ducation am\u00e9ricaine. Elle a \u00e9galement fait reculer de vingt ans les progr\u00e8s des \u00e9l\u00e8ves en math\u00e9matiques et en lecture et a creus\u00e9 le foss\u00e9 qui s\u00e9pare les enfants pauvres des enfants riches.<\/span><\/span><\/span><\/p>\n<p class=\"western\" align=\"justify\"><span style=\"color: #000000;\"><span style=\"font-size: medium;\"><span lang=\"fr-FR\">Ouah\u00a0! Le <\/span><\/span><\/span><span style=\"color: #000000;\"><span style=\"font-size: medium;\"><span lang=\"fr-FR\"><i>New York Times<\/i><\/span><\/span><\/span><span style=\"color: #000000;\"><span style=\"font-size: medium;\"><span lang=\"fr-FR\"> est-il en train d\u2019admettre que les politiques qu\u2019il a d\u00e9fendues ces derni\u00e8res ann\u00e9es sont un d\u00e9sastre total\u00a0? Quelle victoire\u00a0!<\/span><\/span><\/span><\/p>\n<p class=\"western\" align=\"justify\"><span style=\"color: #000000;\"><span style=\"font-size: medium;\"><span lang=\"fr-FR\">Bien entendu, les r\u00e9alistes conspirationnistes avertis dans la foule souligneront que les \u00e9ditorialistes <\/span><\/span><\/span><span style=\"color: #000000;\"><span style=\"font-size: medium;\"><span lang=\"fr-FR\">pr\u00e9visiblement<\/span><\/span><\/span><span style=\"color: #000000;\"><span style=\"font-size: medium;\"><span lang=\"fr-FR\"> tirent la mauvaise le\u00e7on de cette histoire. Plus pr\u00e9cis\u00e9ment, le gang du <\/span><\/span><\/span><span style=\"color: #000000;\"><span style=\"font-size: medium;\"><span lang=\"fr-FR\"><i>NY Times<\/i><\/span><\/span><\/span><span style=\"color: #000000;\"><span style=\"font-size: medium;\"><span lang=\"fr-FR\"> estime, comme on pouvait s\u2019y attendre, que pour redresser les torts de l<\/span><\/span><\/span><span style=\"color: #000000;\"><span style=\"font-size: medium;\"><span lang=\"fr-FR\">a pland\u00e9mie<\/span><\/span><\/span><span style=\"color: #000000;\"><span style=\"font-size: medium;\"><span lang=\"fr-FR\">, les gouvernements doivent injecter encore plus d\u2019argent dans leurs syst\u00e8mes d\u2019endoctrinement et s\u2019assurer que les enfants re\u00e7oivent encore plus d\u2019\u00e9ducation de la part de l\u2019\u00c9tat. La manipulation est \u00e9vidente, n\u2019est-ce pas\u00a0?<\/span><\/span><\/span><\/p>\n<p class=\"western\" align=\"justify\"><span style=\"color: #000000;\"><span style=\"font-size: medium;\"><span lang=\"fr-FR\">Mais attendez, il y a pire\u00a0! Apr\u00e8s tout, qui s\u2019arr\u00eate pour remettre en question l\u2019e<\/span><\/span><\/span><span style=\"color: #000000;\"><span style=\"font-size: medium;\"><span lang=\"fr-FR\">n<\/span><\/span><\/span><span style=\"color: #000000;\"><span style=\"font-size: medium;\"><span lang=\"fr-FR\">cadre<\/span><\/span><\/span><span style=\"color: #000000;\"><span style=\"font-size: medium;\"><span lang=\"fr-FR\">ment<\/span><\/span><\/span><span style=\"color: #000000;\"><span style=\"font-size: medium;\"><span lang=\"fr-FR\"> de l\u2019histoire\u00a0: <\/span><\/span><\/span><span style=\"color: #000000;\"><span style=\"font-size: medium;\"><span lang=\"fr-FR\">que <\/span><\/span><\/span><span style=\"color: #000000;\"><span style=\"font-size: medium;\"><span lang=\"fr-FR\">personne n\u2019aurait pu savoir que fermer des \u00e9coles, masquer des enfants, les forcer \u00e0 suivre des cours <\/span><\/span><\/span><span style=\"color: #000000;\"><span style=\"font-size: medium;\"><span lang=\"fr-FR\">sur <\/span><\/span><\/span><span style=\"color: #000000;\"><span style=\"font-size: medium;\"><span lang=\"fr-FR\">Zoom (et m\u00eame des <a href=\"https:\/\/archive.is\/DMkoA\">d\u00e9jeuners Zoom<\/a>) et abuser des membres les plus jeunes et les plus vuln\u00e9rables de notre soci\u00e9t\u00e9 allait nuire au d\u00e9veloppement social et mental d\u2019une g\u00e9n\u00e9ration enti\u00e8re.<\/span><\/span><\/span><\/p>\n<p class=\"western\" align=\"justify\"><span style=\"color: #000000;\"><span style=\"font-size: medium;\"><span lang=\"fr-FR\">Qui aurait pu voir cela venir\u00a0? Et bien, que dire des parents qui ont fait de leur mieux pour prot\u00e9ger leurs enfants de cette folie\u00a0? Ces tuteurs qui se sont efforc\u00e9s de cr\u00e9er un espace de normalit\u00e9 pour les enfants pendant la folie de la scamd<\/span><\/span><\/span><span style=\"color: #000000;\"><span style=\"font-size: medium;\"><span lang=\"fr-FR\">\u00e9mie<\/span><\/span><\/span><span style=\"color: #000000;\"><span style=\"font-size: medium;\"><span lang=\"fr-FR\">\u00a0? Ces h\u00e9ros qui se sont battus pour prot\u00e9ger l\u2019autonomie corporelle des enfants contre les interventions m\u00e9dicales forc\u00e9es de l\u2019\u00c9tat bios\u00e9curitaire\u00a0? Vous savez, ces personnes qui, pendant que tous ces abus sur les enfants se d\u00e9roulaient, ont \u00e9t\u00e9 moqu\u00e9es, ridiculis\u00e9es et pers\u00e9cut\u00e9es par les m\u00eames r\u00e9dacteurs d\u2019articles d\u2019opinion du <\/span><\/span><\/span><span style=\"color: #000000;\"><span style=\"font-size: medium;\"><span lang=\"fr-FR\"><i>NY Times<\/i><\/span><\/span><\/span><span style=\"color: #000000;\"><span style=\"font-size: medium;\"><span lang=\"fr-FR\"> et leurs lecteurs cr\u00e9dules.<\/span><\/span><\/span><\/p>\n<p class=\"western\" align=\"justify\"><span style=\"color: #000000;\"><span style=\"font-size: medium;\"><span lang=\"fr-FR\">\u00c9trangement, cette saga est oubli\u00e9e par l\u2019\u00e9quipe du <\/span><\/span><\/span><span style=\"color: #000000;\"><span style=\"font-size: medium;\"><span lang=\"fr-FR\"><i>NYT<\/i><\/span><\/span><\/span><span style=\"color: #000000;\"><span style=\"font-size: medium;\"><span lang=\"fr-FR\">. Au lieu de cela, ils peuvent pr\u00e9tendre qu\u2019ils sont \u00ab\u00a0choqu\u00e9s\u00a0! choqu\u00e9s\u00a0\u00bb de d\u00e9couvrir qu\u2019il y a des cons\u00e9quences n\u00e9gatives \u00e0 enfermer la soci\u00e9t\u00e9 pendant des ann\u00e9es. Et, malheureusement, la plupart des gens qui liront cet article d\u2019opinion sur les \u00ab\u00a0preuves surprenantes\u00a0\u00bb ne penseront m\u00eame pas \u00e0 le remettre en question.<\/span><\/span><\/span><\/p>\n<p class=\"western\" align=\"justify\"><span style=\"color: #000000;\"><span style=\"font-size: medium;\"><span lang=\"fr-FR\">C\u2019est ainsi que les m\u00e9dias peuvent utiliser l\u2019effet d\u2019amn\u00e9sie de Gell-Mann comme une arme. Ils peuvent formuler une question comme ils le souhaitent, ignorer compl\u00e8tement la r\u00e9alit\u00e9 et m\u00eame contredire directement les positions qu\u2019ils ont d\u00e9fendues pr\u00e9c\u00e9demment. La plupart des gens, oubliant que les menteurs des m\u00e9dias dinosaures ont toujours tort sur tout, ne sourcilleront m\u00eame pas.<\/span><\/span><\/span><\/p>\n<p class=\"western\" align=\"justify\"><span style=\"color: #000000;\"><span style=\"font-size: medium;\"><span lang=\"fr-FR\">Une fois cette le\u00e7on comprise et int\u00e9rioris\u00e9e, il ne reste plus qu\u2019\u00e0 r\u00e9pondre \u00e0 la question suivante\u00a0: comment contrer cet effet\u00a0?<\/span><\/span><\/span><\/p>\n<p class=\"western\" align=\"justify\"><span style=\"color: #000000;\"><span style=\"font-size: medium;\"><span lang=\"fr-FR\">Alors, comment contrer l\u2019amn\u00e9sie de Gell-Mann qui nous transforme en zombies m\u00e9diatiques involontaires\u00a0? En se souvenant, bien s\u00fbr. Plus facile \u00e0 dire qu\u2019\u00e0 faire, \u00e9videmment, mais c\u2019est l\u2019essentiel.<\/span><\/span><\/span><\/p>\n<p class=\"western\" align=\"justify\"><span style=\"color: #000000;\"><span style=\"font-size: medium;\"><span lang=\"fr-FR\">Chaque fois que nous ouvrons le journal, que nous allumions la t\u00e9l\u00e9vision ou la radio, nous devons garder \u00e0 l\u2019esprit que ce que nous lisons, voyons ou entendons est une <\/span><\/span><\/span><span style=\"color: #000000;\"><span style=\"font-size: medium;\"><span lang=\"fr-FR\">diffusion<\/span><\/span><\/span><span style=\"color: #000000;\"><span style=\"font-size: medium;\"><span lang=\"fr-FR\"> de propagande ennemie. Il s\u2019agit, au mieux, de b\u00eatises inexactes \u00e9crites par des nigauds incomp\u00e9tents et, au pire, de mensonges malveillants destin\u00e9s \u00e0 nous induire en erreur sur des questions importantes. Nous ne pouvons pas accepter quoi que ce soit de leur part sans remise en question, et nous devons <\/span><\/span><\/span><span style=\"color: #000000;\"><span style=\"font-size: medium;\"><span lang=\"fr-FR\">aborder<\/span><\/span><\/span><span style=\"color: #000000;\"><span style=\"font-size: medium;\"><span lang=\"fr-FR\"> chaque exp\u00e9rience m\u00e9diatique en \u00e9tant pr\u00eats \u00e0 ne pas croire les menteurs connus et av\u00e9r\u00e9s des dinosaures m\u00e9diatiques, m\u00eame s\u2019ils nous disent que le ciel est bleu et que l\u2019eau est mouill\u00e9e.<\/span><\/span><\/span><\/p>\n<p class=\"western\" align=\"justify\"><span style=\"color: #000000;\"><span style=\"font-size: medium;\"><span lang=\"fr-FR\">Chaque fois que nous entendons Walter Cronkite ou l\u2019un de ses successeurs spirituels dans les m\u00e9dias d\u2019entreprise modernes, nous devrions garder \u00e0 l\u2019esprit que cet esprit a autrefois habit\u00e9 <a href=\"https:\/\/whorulesamerica.ucsc.edu\/power\/bohemian_grove_spy.html\" target=\"_blank\" rel=\"noopener\">la chouette de Bohemian Grove<\/a> et s\u2019est vant\u00e9 d\u2019\u00eatre <a href=\"https:\/\/www.lewrockwell.com\/political-theatre\/walter-cronkite-1999-im-glad-to-sit-here-at-the-right-hand-of-satan\/\" target=\"_blank\" rel=\"noopener\">assis \u00e0 la droite de Satan<\/a> dans sa qu\u00eate d\u2019un gouvernement mondial.<\/span><\/span><\/span><\/p>\n<p class=\"western\" align=\"justify\"><span style=\"color: #000000;\"><span style=\"font-size: medium;\"><span lang=\"fr-FR\">Chaque fois que nous voyons Dan Rather (ou son \u00e9quivalent moderne), nous devrions r\u00e9p\u00e9ter \u00e0 l\u2019infini dans notre esprit \u00ab\u00a0<a href=\"https:\/\/youtu.be\/kiSoxFHyjGY\" target=\"_blank\" rel=\"noopener\">on pouvait voir sa t\u00eate se d\u00e9placer violemment vers l\u2019avant<\/a>\u00a0\u00bb.<\/span><\/span><\/span><\/p>\n<p class=\"western\" align=\"justify\"><span style=\"color: #000000;\"><span style=\"font-size: medium;\"><span lang=\"fr-FR\">Chaque fois que les Wolf Blitzers du monde entier nous parlent de la derni\u00e8re atrocit\u00e9 commise par tel ou tel ennemi du d\u00e9partement d\u2019\u00c9tat am\u00e9ricain, nous devrions avoir la <a href=\"https:\/\/www.youtube.com\/watch?v=7qpMxydQo7U\">s\u00e9quence de son interview<\/a> sur l\u2019histoire du viol de Kadhafi avec la <\/span><\/span><\/span><span style=\"color: #000000;\"><span style=\"font-size: medium;\"><span lang=\"fr-FR\">chanson<\/span><\/span><\/span><span style=\"color: #000000;\"><span style=\"font-size: medium;\"><span lang=\"fr-FR\"> d<\/span><\/span><\/span><span style=\"color: #000000;\"><span style=\"font-size: medium;\"><span lang=\"fr-FR\">u<\/span><\/span><\/span><span style=\"color: #000000;\"><span style=\"font-size: medium;\"><span lang=\"fr-FR\"> clown de cirque en fond sonore dans notre esprit. <\/span><\/span><\/span><\/p>\n<p class=\"western\" align=\"justify\"><span style=\"color: #000000;\"><span style=\"font-size: medium;\"><span lang=\"fr-FR\">Mais si nous nous livrons s\u00e9rieusement \u00e0 cet exercice et que nous poussons ce rappel radical jusqu\u2019\u00e0 sa conclusion logique, nous aboutissons \u00e0 une conclusion encore plus radicale\u00a0: \u00e0 savoir que la bonne fa\u00e7on de reconna\u00eetre l\u2019ignorance, l\u2019incomp\u00e9tence et la dissimulation des m\u00e9dias dinosaures est de cesser compl\u00e8tement de les consommer.<\/span><\/span><\/span><\/p>\n<p class=\"western\" align=\"justify\"><span style=\"color: #000000;\"><span style=\"font-size: medium;\"><span lang=\"fr-FR\">Comme l\u2019a expliqu\u00e9 Crichton dans son discours de 2002\u00a0:<\/span><\/span><\/span><\/p>\n<p class=\"western\" style=\"padding-left: 80px;\" align=\"justify\"><span style=\"color: #000000;\"><span style=\"font-size: medium;\"><span lang=\"fr-FR\">C\u2019est l\u2019effet d\u2019amn\u00e9sie de Gell-Mann. J\u2019aimerais souligner que cet effet ne s\u2019applique pas \u00e0 d\u2019autres domaines de la vie. Dans la vie ordinaire, si quelqu\u2019un exag\u00e8re ou ment constamment, vous ne tenez pas compte de tout ce qu\u2019il vous dit. Au tribunal, il existe la doctrine juridique <\/span><\/span><\/span><span style=\"color: #000000;\"><span style=\"font-size: medium;\"><span lang=\"fr-FR\"><i>falsus in uno, falsus in omnibus<\/i><\/span><\/span><\/span><span style=\"color: #000000;\"><span style=\"font-size: medium;\"><span lang=\"fr-FR\">, qui signifie <\/span><\/span><\/span><span style=\"color: #000000;\"><span style=\"font-size: medium;\"><span lang=\"fr-FR\">menteur<\/span><\/span><\/span><span style=\"color: #000000;\"><span style=\"font-size: medium;\"><span lang=\"fr-FR\"> dans une partie, <\/span><\/span><\/span><span style=\"color: #000000;\"><span style=\"font-size: medium;\"><span lang=\"fr-FR\">menteur<\/span><\/span><\/span><span style=\"color: #000000;\"><span style=\"font-size: medium;\"><span lang=\"fr-FR\"> dans l\u2019ensemble.<\/span><\/span><\/span><\/p>\n<p class=\"western\" style=\"padding-left: 80px;\" align=\"justify\"><span style=\"color: #000000;\"><span style=\"font-size: medium;\"><span lang=\"fr-FR\">Mais lorsqu\u2019il s\u2019agit des m\u00e9dias, nous croyons, contre toute \u00e9vidence, qu\u2019il vaut probablement la peine de lire d\u2019autres parties du journal. Alors qu\u2019en fait, il est presque certain que ce n\u2019est pas le cas. La seule explication possible de notre comportement est l\u2019amn\u00e9sie.<\/span><\/span><\/span><\/p>\n<p class=\"western\" style=\"padding-left: 80px;\" align=\"justify\"><span style=\"color: #000000;\"><span style=\"font-size: medium;\"><span lang=\"fr-FR\">[. . .] <\/span><\/span><\/span><\/p>\n<p class=\"western\" style=\"padding-left: 80px;\" align=\"justify\"><span style=\"color: #000000;\"><span style=\"font-size: medium;\"><span lang=\"fr-FR\">Personnellement, je pense que nous devons commencer \u00e0 nous d\u00e9tourner des m\u00e9dias, et les donn\u00e9es montrent que c\u2019est pr\u00e9cis\u00e9ment ce que nous faisons, du moins en ce qui concerne les informations t\u00e9l\u00e9vis\u00e9es. Je constate que lorsque je ne suis pas expos\u00e9 aux m\u00e9dias, je suis beaucoup plus heureux et j\u2019ai l\u2019impression que ma vie est plus fra\u00eeche.<\/span><\/span><\/span><\/p>\n<p class=\"western\" align=\"justify\"><span style=\"color: #000000;\"><span style=\"font-size: medium;\"><span lang=\"fr-FR\">L\u2019amn\u00e9sie, en effet.<\/span><\/span><\/span><\/p>\n<p class=\"western\" align=\"justify\"><span style=\"color: #000000;\"><span style=\"font-size: medium;\"><span lang=\"fr-FR\">Moi, je ne regarderai pas les soi-disant \u00ab\u00a0informations\u00a0\u00bb diffus\u00e9es par les menteurs connus des MSM <\/span><\/span><\/span><span style=\"color: #000000;\"><span style=\"font-size: medium;\"><span lang=\"fr-FR\">(Mainstream Media)<\/span><\/span><\/span><span style=\"color: #000000;\"><span style=\"font-size: medium;\"><span lang=\"fr-FR\">. Et vous\u00a0?<\/span><\/span><\/span><\/p>\n<p class=\"western\" align=\"justify\"><span style=\"color: #000000;\"><span style=\"font-size: medium;\"><span lang=\"fr-FR\">Texte original\u00a0: <a href=\"https:\/\/corbettreport.substack.com\/p\/the-gell-mann-amnesia-effect\" target=\"_blank\" rel=\"noopener\">https:\/\/corbettreport.substack.com\/p\/the-gell-mann-amnesia-effect<\/a><\/span><\/span><\/span><\/p>\n","protected":false},"excerpt":{"rendered":"<p>Traduction libre 10\/12\/2023 Avez-vous d\u00e9j\u00e0 vu un reportage sur un \u00e9v\u00e9nement que vous avez vous-m\u00eame v\u00e9cu\u00a0? Ou lu un article de magazine sur un sujet qui vous est familier\u00a0? Si c\u2019est le cas, vous avez probablement ressenti ce que la plupart des gens ont ressenti dans cette situation\u00a0: de la col\u00e8re et de la perplexit\u00e9. [&hellip;]<\/p>\n","protected":false},"author":2,"featured_media":19248,"comment_status":"closed","ping_status":"closed","sticky":false,"template":"","format":"standard","meta":{"footnotes":""},"categories":[1540,1720],"tags":[1807,1806,1279],"class_list":["post-19680","post","type-post","status-publish","format-standard","has-post-thumbnail","hentry","category-actualite","category-corbett-james","tag-escroquerie","tag-journalisme","tag-manipulation"],"yoast_head":"<!-- This site is optimized with the Yoast SEO plugin v27.0 - https:\/\/yoast.com\/product\/yoast-seo-wordpress\/ -->\n<title>L\u2019effet amn\u00e9sique de Gell-Mann par James Corbett - 3e mill\u00e9naire - Spiritualit\u00e9 - Connaissance de soi - Non-dualit\u00e9 - M\u00e9ditation<\/title>\n<meta name=\"robots\" content=\"index, follow, max-snippet:-1, max-image-preview:large, max-video-preview:-1\" \/>\n<link rel=\"canonical\" href=\"https:\/\/www.revue3emillenaire.com\/blog\/leffet-amnesique-de-gell-mann-par-james-corbett\/\" \/>\n<meta property=\"og:locale\" content=\"fr_FR\" \/>\n<meta property=\"og:type\" content=\"article\" \/>\n<meta property=\"og:title\" content=\"L\u2019effet amn\u00e9sique de Gell-Mann par James Corbett - 3e mill\u00e9naire - Spiritualit\u00e9 - Connaissance de soi - Non-dualit\u00e9 - M\u00e9ditation\" \/>\n<meta property=\"og:description\" content=\"Traduction libre 10\/12\/2023 Avez-vous d\u00e9j\u00e0 vu un reportage sur un \u00e9v\u00e9nement que vous avez vous-m\u00eame v\u00e9cu\u00a0? Ou lu un article de magazine sur un sujet qui vous est familier\u00a0? Si c\u2019est le cas, vous avez probablement ressenti ce que la plupart des gens ont ressenti dans cette situation\u00a0: de la col\u00e8re et de la perplexit\u00e9. [&hellip;]\" \/>\n<meta property=\"og:url\" content=\"https:\/\/www.revue3emillenaire.com\/blog\/leffet-amnesique-de-gell-mann-par-james-corbett\/\" \/>\n<meta property=\"og:site_name\" content=\"3e mill\u00e9naire - Spiritualit\u00e9 - Connaissance de soi - Non-dualit\u00e9 - M\u00e9ditation\" \/>\n<meta property=\"article:published_time\" content=\"2023-12-22T13:35:12+00:00\" \/>\n<meta property=\"og:image\" content=\"https:\/\/www.revue3emillenaire.com\/blog\/wp-content\/uploads\/2023\/04\/James-Corbett.jpg\" \/>\n\t<meta property=\"og:image:width\" content=\"352\" \/>\n\t<meta property=\"og:image:height\" content=\"440\" \/>\n\t<meta property=\"og:image:type\" content=\"image\/jpeg\" \/>\n<meta name=\"author\" content=\"3e mill\u00e9naire\" \/>\n<meta name=\"twitter:card\" content=\"summary_large_image\" \/>\n<meta name=\"twitter:label1\" content=\"\u00c9crit par\" \/>\n\t<meta name=\"twitter:data1\" content=\"3e mill\u00e9naire\" \/>\n\t<meta name=\"twitter:label2\" content=\"Dur\u00e9e de lecture estim\u00e9e\" \/>\n\t<meta name=\"twitter:data2\" content=\"13 minutes\" \/>\n<script type=\"application\/ld+json\" class=\"yoast-schema-graph\">{\"@context\":\"https:\/\/schema.org\",\"@graph\":[{\"@type\":\"Article\",\"@id\":\"https:\/\/www.revue3emillenaire.com\/blog\/leffet-amnesique-de-gell-mann-par-james-corbett\/#article\",\"isPartOf\":{\"@id\":\"https:\/\/www.revue3emillenaire.com\/blog\/leffet-amnesique-de-gell-mann-par-james-corbett\/\"},\"author\":{\"name\":\"3e mill\u00e9naire\",\"@id\":\"https:\/\/www.revue3emillenaire.com\/blog\/#\/schema\/person\/b692dacff720a5344a6190bc714397eb\"},\"headline\":\"L\u2019effet amn\u00e9sique de Gell-Mann par James Corbett\",\"datePublished\":\"2023-12-22T13:35:12+00:00\",\"mainEntityOfPage\":{\"@id\":\"https:\/\/www.revue3emillenaire.com\/blog\/leffet-amnesique-de-gell-mann-par-james-corbett\/\"},\"wordCount\":2920,\"image\":{\"@id\":\"https:\/\/www.revue3emillenaire.com\/blog\/leffet-amnesique-de-gell-mann-par-james-corbett\/#primaryimage\"},\"thumbnailUrl\":\"https:\/\/www.revue3emillenaire.com\/blog\/wp-content\/uploads\/2023\/04\/James-Corbett.jpg\",\"keywords\":[\"Escroquerie\",\"Journalisme\",\"Manipulation\"],\"articleSection\":[\"Actualit\u00e9s\",\"Corbett James\"],\"inLanguage\":\"fr-FR\"},{\"@type\":\"WebPage\",\"@id\":\"https:\/\/www.revue3emillenaire.com\/blog\/leffet-amnesique-de-gell-mann-par-james-corbett\/\",\"url\":\"https:\/\/www.revue3emillenaire.com\/blog\/leffet-amnesique-de-gell-mann-par-james-corbett\/\",\"name\":\"L\u2019effet amn\u00e9sique de Gell-Mann par James Corbett - 3e mill\u00e9naire - Spiritualit\u00e9 - Connaissance de soi - Non-dualit\u00e9 - M\u00e9ditation\",\"isPartOf\":{\"@id\":\"https:\/\/www.revue3emillenaire.com\/blog\/#website\"},\"primaryImageOfPage\":{\"@id\":\"https:\/\/www.revue3emillenaire.com\/blog\/leffet-amnesique-de-gell-mann-par-james-corbett\/#primaryimage\"},\"image\":{\"@id\":\"https:\/\/www.revue3emillenaire.com\/blog\/leffet-amnesique-de-gell-mann-par-james-corbett\/#primaryimage\"},\"thumbnailUrl\":\"https:\/\/www.revue3emillenaire.com\/blog\/wp-content\/uploads\/2023\/04\/James-Corbett.jpg\",\"datePublished\":\"2023-12-22T13:35:12+00:00\",\"author\":{\"@id\":\"https:\/\/www.revue3emillenaire.com\/blog\/#\/schema\/person\/b692dacff720a5344a6190bc714397eb\"},\"breadcrumb\":{\"@id\":\"https:\/\/www.revue3emillenaire.com\/blog\/leffet-amnesique-de-gell-mann-par-james-corbett\/#breadcrumb\"},\"inLanguage\":\"fr-FR\",\"potentialAction\":[{\"@type\":\"ReadAction\",\"target\":[\"https:\/\/www.revue3emillenaire.com\/blog\/leffet-amnesique-de-gell-mann-par-james-corbett\/\"]}]},{\"@type\":\"ImageObject\",\"inLanguage\":\"fr-FR\",\"@id\":\"https:\/\/www.revue3emillenaire.com\/blog\/leffet-amnesique-de-gell-mann-par-james-corbett\/#primaryimage\",\"url\":\"https:\/\/www.revue3emillenaire.com\/blog\/wp-content\/uploads\/2023\/04\/James-Corbett.jpg\",\"contentUrl\":\"https:\/\/www.revue3emillenaire.com\/blog\/wp-content\/uploads\/2023\/04\/James-Corbett.jpg\",\"width\":352,\"height\":440},{\"@type\":\"BreadcrumbList\",\"@id\":\"https:\/\/www.revue3emillenaire.com\/blog\/leffet-amnesique-de-gell-mann-par-james-corbett\/#breadcrumb\",\"itemListElement\":[{\"@type\":\"ListItem\",\"position\":1,\"name\":\"Accueil\",\"item\":\"https:\/\/www.revue3emillenaire.com\/blog\/\"},{\"@type\":\"ListItem\",\"position\":2,\"name\":\"L\u2019effet amn\u00e9sique de Gell-Mann par James Corbett\"}]},{\"@type\":\"WebSite\",\"@id\":\"https:\/\/www.revue3emillenaire.com\/blog\/#website\",\"url\":\"https:\/\/www.revue3emillenaire.com\/blog\/\",\"name\":\"3e mill\u00e9naire - Spiritualit\u00e9 - Connaissance de soi - Non-dualit\u00e9 - M\u00e9ditation\",\"description\":\"L&#039;Homme en devenir\",\"potentialAction\":[{\"@type\":\"SearchAction\",\"target\":{\"@type\":\"EntryPoint\",\"urlTemplate\":\"https:\/\/www.revue3emillenaire.com\/blog\/?s={search_term_string}\"},\"query-input\":{\"@type\":\"PropertyValueSpecification\",\"valueRequired\":true,\"valueName\":\"search_term_string\"}}],\"inLanguage\":\"fr-FR\"},{\"@type\":\"Person\",\"@id\":\"https:\/\/www.revue3emillenaire.com\/blog\/#\/schema\/person\/b692dacff720a5344a6190bc714397eb\",\"name\":\"3e mill\u00e9naire\",\"url\":\"https:\/\/www.revue3emillenaire.com\/blog\/author\/scoussa\/\"}]}<\/script>\n<!-- \/ Yoast SEO plugin. -->","yoast_head_json":{"title":"L\u2019effet amn\u00e9sique de Gell-Mann par James Corbett - 3e mill\u00e9naire - Spiritualit\u00e9 - Connaissance de soi - Non-dualit\u00e9 - M\u00e9ditation","robots":{"index":"index","follow":"follow","max-snippet":"max-snippet:-1","max-image-preview":"max-image-preview:large","max-video-preview":"max-video-preview:-1"},"canonical":"https:\/\/www.revue3emillenaire.com\/blog\/leffet-amnesique-de-gell-mann-par-james-corbett\/","og_locale":"fr_FR","og_type":"article","og_title":"L\u2019effet amn\u00e9sique de Gell-Mann par James Corbett - 3e mill\u00e9naire - Spiritualit\u00e9 - Connaissance de soi - Non-dualit\u00e9 - M\u00e9ditation","og_description":"Traduction libre 10\/12\/2023 Avez-vous d\u00e9j\u00e0 vu un reportage sur un \u00e9v\u00e9nement que vous avez vous-m\u00eame v\u00e9cu\u00a0? Ou lu un article de magazine sur un sujet qui vous est familier\u00a0? Si c\u2019est le cas, vous avez probablement ressenti ce que la plupart des gens ont ressenti dans cette situation\u00a0: de la col\u00e8re et de la perplexit\u00e9. [&hellip;]","og_url":"https:\/\/www.revue3emillenaire.com\/blog\/leffet-amnesique-de-gell-mann-par-james-corbett\/","og_site_name":"3e mill\u00e9naire - Spiritualit\u00e9 - Connaissance de soi - Non-dualit\u00e9 - M\u00e9ditation","article_published_time":"2023-12-22T13:35:12+00:00","og_image":[{"width":352,"height":440,"url":"https:\/\/www.revue3emillenaire.com\/blog\/wp-content\/uploads\/2023\/04\/James-Corbett.jpg","type":"image\/jpeg"}],"author":"3e mill\u00e9naire","twitter_card":"summary_large_image","twitter_misc":{"\u00c9crit par":"3e mill\u00e9naire","Dur\u00e9e de lecture estim\u00e9e":"13 minutes"},"schema":{"@context":"https:\/\/schema.org","@graph":[{"@type":"Article","@id":"https:\/\/www.revue3emillenaire.com\/blog\/leffet-amnesique-de-gell-mann-par-james-corbett\/#article","isPartOf":{"@id":"https:\/\/www.revue3emillenaire.com\/blog\/leffet-amnesique-de-gell-mann-par-james-corbett\/"},"author":{"name":"3e mill\u00e9naire","@id":"https:\/\/www.revue3emillenaire.com\/blog\/#\/schema\/person\/b692dacff720a5344a6190bc714397eb"},"headline":"L\u2019effet amn\u00e9sique de Gell-Mann par James Corbett","datePublished":"2023-12-22T13:35:12+00:00","mainEntityOfPage":{"@id":"https:\/\/www.revue3emillenaire.com\/blog\/leffet-amnesique-de-gell-mann-par-james-corbett\/"},"wordCount":2920,"image":{"@id":"https:\/\/www.revue3emillenaire.com\/blog\/leffet-amnesique-de-gell-mann-par-james-corbett\/#primaryimage"},"thumbnailUrl":"https:\/\/www.revue3emillenaire.com\/blog\/wp-content\/uploads\/2023\/04\/James-Corbett.jpg","keywords":["Escroquerie","Journalisme","Manipulation"],"articleSection":["Actualit\u00e9s","Corbett James"],"inLanguage":"fr-FR"},{"@type":"WebPage","@id":"https:\/\/www.revue3emillenaire.com\/blog\/leffet-amnesique-de-gell-mann-par-james-corbett\/","url":"https:\/\/www.revue3emillenaire.com\/blog\/leffet-amnesique-de-gell-mann-par-james-corbett\/","name":"L\u2019effet amn\u00e9sique de Gell-Mann par James Corbett - 3e mill\u00e9naire - Spiritualit\u00e9 - Connaissance de soi - Non-dualit\u00e9 - M\u00e9ditation","isPartOf":{"@id":"https:\/\/www.revue3emillenaire.com\/blog\/#website"},"primaryImageOfPage":{"@id":"https:\/\/www.revue3emillenaire.com\/blog\/leffet-amnesique-de-gell-mann-par-james-corbett\/#primaryimage"},"image":{"@id":"https:\/\/www.revue3emillenaire.com\/blog\/leffet-amnesique-de-gell-mann-par-james-corbett\/#primaryimage"},"thumbnailUrl":"https:\/\/www.revue3emillenaire.com\/blog\/wp-content\/uploads\/2023\/04\/James-Corbett.jpg","datePublished":"2023-12-22T13:35:12+00:00","author":{"@id":"https:\/\/www.revue3emillenaire.com\/blog\/#\/schema\/person\/b692dacff720a5344a6190bc714397eb"},"breadcrumb":{"@id":"https:\/\/www.revue3emillenaire.com\/blog\/leffet-amnesique-de-gell-mann-par-james-corbett\/#breadcrumb"},"inLanguage":"fr-FR","potentialAction":[{"@type":"ReadAction","target":["https:\/\/www.revue3emillenaire.com\/blog\/leffet-amnesique-de-gell-mann-par-james-corbett\/"]}]},{"@type":"ImageObject","inLanguage":"fr-FR","@id":"https:\/\/www.revue3emillenaire.com\/blog\/leffet-amnesique-de-gell-mann-par-james-corbett\/#primaryimage","url":"https:\/\/www.revue3emillenaire.com\/blog\/wp-content\/uploads\/2023\/04\/James-Corbett.jpg","contentUrl":"https:\/\/www.revue3emillenaire.com\/blog\/wp-content\/uploads\/2023\/04\/James-Corbett.jpg","width":352,"height":440},{"@type":"BreadcrumbList","@id":"https:\/\/www.revue3emillenaire.com\/blog\/leffet-amnesique-de-gell-mann-par-james-corbett\/#breadcrumb","itemListElement":[{"@type":"ListItem","position":1,"name":"Accueil","item":"https:\/\/www.revue3emillenaire.com\/blog\/"},{"@type":"ListItem","position":2,"name":"L\u2019effet amn\u00e9sique de Gell-Mann par James Corbett"}]},{"@type":"WebSite","@id":"https:\/\/www.revue3emillenaire.com\/blog\/#website","url":"https:\/\/www.revue3emillenaire.com\/blog\/","name":"3e mill\u00e9naire - Spiritualit\u00e9 - Connaissance de soi - Non-dualit\u00e9 - M\u00e9ditation","description":"L&#039;Homme en devenir","potentialAction":[{"@type":"SearchAction","target":{"@type":"EntryPoint","urlTemplate":"https:\/\/www.revue3emillenaire.com\/blog\/?s={search_term_string}"},"query-input":{"@type":"PropertyValueSpecification","valueRequired":true,"valueName":"search_term_string"}}],"inLanguage":"fr-FR"},{"@type":"Person","@id":"https:\/\/www.revue3emillenaire.com\/blog\/#\/schema\/person\/b692dacff720a5344a6190bc714397eb","name":"3e mill\u00e9naire","url":"https:\/\/www.revue3emillenaire.com\/blog\/author\/scoussa\/"}]}},"_links":{"self":[{"href":"https:\/\/www.revue3emillenaire.com\/blog\/wp-json\/wp\/v2\/posts\/19680","targetHints":{"allow":["GET"]}}],"collection":[{"href":"https:\/\/www.revue3emillenaire.com\/blog\/wp-json\/wp\/v2\/posts"}],"about":[{"href":"https:\/\/www.revue3emillenaire.com\/blog\/wp-json\/wp\/v2\/types\/post"}],"author":[{"embeddable":true,"href":"https:\/\/www.revue3emillenaire.com\/blog\/wp-json\/wp\/v2\/users\/2"}],"replies":[{"embeddable":true,"href":"https:\/\/www.revue3emillenaire.com\/blog\/wp-json\/wp\/v2\/comments?post=19680"}],"version-history":[{"count":0,"href":"https:\/\/www.revue3emillenaire.com\/blog\/wp-json\/wp\/v2\/posts\/19680\/revisions"}],"wp:featuredmedia":[{"embeddable":true,"href":"https:\/\/www.revue3emillenaire.com\/blog\/wp-json\/wp\/v2\/media\/19248"}],"wp:attachment":[{"href":"https:\/\/www.revue3emillenaire.com\/blog\/wp-json\/wp\/v2\/media?parent=19680"}],"wp:term":[{"taxonomy":"category","embeddable":true,"href":"https:\/\/www.revue3emillenaire.com\/blog\/wp-json\/wp\/v2\/categories?post=19680"},{"taxonomy":"post_tag","embeddable":true,"href":"https:\/\/www.revue3emillenaire.com\/blog\/wp-json\/wp\/v2\/tags?post=19680"}],"curies":[{"name":"wp","href":"https:\/\/api.w.org\/{rel}","templated":true}]}}