{"id":19695,"date":"2023-12-31T17:39:39","date_gmt":"2023-12-31T16:39:39","guid":{"rendered":"https:\/\/www.revue3emillenaire.com\/blog\/?p=19695"},"modified":"2023-12-31T17:39:39","modified_gmt":"2023-12-31T16:39:39","slug":"cette-nouvelle-annee-appelle-une-nouvelle-vision-audacieuse-pour-lhumanite-par-julian-rose","status":"publish","type":"post","link":"https:\/\/www.revue3emillenaire.com\/blog\/cette-nouvelle-annee-appelle-une-nouvelle-vision-audacieuse-pour-lhumanite-par-julian-rose\/","title":{"rendered":"Cette nouvelle ann\u00e9e appelle une nouvelle vision audacieuse pour l\u2019humanit\u00e9 par Julian Rose"},"content":{"rendered":"<p class=\"western\" align=\"justify\"><i>Traduction libre<\/i><\/p>\n<p class=\"western\" align=\"justify\"><span lang=\"fr-FR\">30\u00a0d\u00e9cembre 2023 <\/span><\/p>\n<p class=\"western\" align=\"justify\"><b><span lang=\"fr-FR\">Depuis la fin de l\u2019ann\u00e9e\u00a02023, nous avons pu constater les terribles r\u00e9percussions des massacres contr\u00f4l\u00e9s et incontr\u00f4l\u00e9s perp\u00e9tr\u00e9s sur des hommes, des femmes et des enfants dans la bande de Gaza.<\/span><\/b><\/p>\n<p class=\"western\" align=\"justify\"><span lang=\"fr-FR\">Nous avons assist\u00e9, dans des villes am\u00e9ricaines et europ\u00e9ennes, \u00e0 l\u2019escalade d\u2019individus d\u00e9rang\u00e9s qui abattent quiconque se trouve dans leur ligne de mire.<\/span><\/p>\n<p class=\"western\" align=\"justify\"><span lang=\"fr-FR\">Nous constatons \u2014 et faisons de plus en plus directement l\u2019exp\u00e9rience \u2014 d\u2019une rupture des mod\u00e8les civilis\u00e9s de loi et d\u2019ordre, d\u2019une gouvernance responsable au sein et en dehors des organes supranationaux, des parlements nationaux, des institutions \u00e9ducatives, des services de sant\u00e9 et des h\u00f4pitaux nationaux, des syst\u00e8mes de transport, des banques, des m\u00e9dias et, dans de trop nombreux cas, au sein des familles elles-m\u00eames. Cela \u00e9quivaut \u00e0 une dissociation g\u00e9n\u00e9rale des valeurs morales de base.<\/span><\/p>\n<p class=\"western\" align=\"justify\"><span lang=\"fr-FR\">Nous voyons \u00e9galement comment les entreprises g\u00e9antes et les banques continuent d\u2019engloutir les petites entreprises et de transformer leurs travailleurs en esclaves robotis\u00e9s moins qu\u2019humains, soutenant ainsi, involontairement ou non, un monde exclusivement vou\u00e9 \u00e0 l\u2019autoagrandissement par le biais des deux totems que sont le pouvoir et l\u2019argent.<\/span><\/p>\n<p class=\"western\" align=\"justify\"><span lang=\"fr-FR\">Nous reconnaissons de plus en plus que toute une g\u00e9n\u00e9ration, qui grandit dans une \u00e8re sans \u00e2me, o\u00f9 les comportements sont mat\u00e9riellement motiv\u00e9s, \u00e9go\u00efstes et souvent agressifs, risque de devenir la victime facile des technologies de communication num\u00e9ris\u00e9es \u00e0 base de CEM, qui offrent une \u00e9chappatoire vers un monde de r\u00e9alit\u00e9 virtuelle \u2014 n\u2019ayant que peu ou pas de lien avec une existence \u00ab\u00a0reli\u00e9e \u00e0 la terre\u00a0\u00bb, significative et authentiquement humaine.<\/span><\/p>\n<p class=\"western\" align=\"justify\"><span lang=\"fr-FR\">Nombreux sont ceux qui voient tout cela et bien plus encore \u2014 et qui se sentent pourtant paralys\u00e9s et incapables de changer de direction dans leur propre vie. Ils se sentent envo\u00fbt\u00e9s par le programme centralis\u00e9 descendant qui est \u00e0 l\u2019origine de la d\u00e9gradation incessante des droits de l\u2019homme, des libert\u00e9s fondamentales, de la vie priv\u00e9e et de la justice.<\/span><\/p>\n<p class=\"western\" align=\"justify\"><span lang=\"fr-FR\">Bien que de nombreuses informations pr\u00e9cieuses soient disponibles pour ceux qui se donnent la peine de les rechercher, nous ne sommes toujours pas conscients du fait que nous vivons dans un \u00ab\u00a0programme\u00a0\u00bb. Dans le cadre d\u2019un programme dont les objectifs sont totalement oppos\u00e9s aux \u00eatres humains sensibles et bienveillants, ainsi qu\u2019\u00e0 la diversit\u00e9 \u00e9cologique vitale de la plan\u00e8te.<\/span><\/p>\n<p class=\"western\" align=\"justify\"><span lang=\"fr-FR\">Continuer \u00e0 participer \u00e0 ce programme tout en rejetant comme des \u00ab\u00a0th\u00e9ories du complot\u00a0\u00bb les informations qui r\u00e9v\u00e8lent que son origine est une petite cabale d\u2019impitoyables partisans d\u2019un \u00ab\u00a0Nouvel Ordre Mondial\u00a0\u00bb et d\u2019une \u00ab\u00a0Grande R\u00e9initialisation\u00a0\u00bb, c\u2019est nier le don de l\u2019intelligence humaine de base.<\/span><\/p>\n<p class=\"western\" align=\"justify\"><span lang=\"fr-FR\">Pour ces personnes, seule l\u2019arriv\u00e9e sur le pas de la porte d\u2019un choc bouleversant peut provoquer une prise de conscience.<\/span><\/p>\n<p class=\"western\" align=\"justify\"><span lang=\"fr-FR\">Mais il y a un nombre croissant d\u2019\u00eatres humains d\u00e9cents qui reconnaissent maintenant que les horreurs qui nous accueillent chaque matin dans les m\u00e9dias sont plus que des actes arbitraires de cruaut\u00e9 spontan\u00e9e.<\/span><\/p>\n<p class=\"western\" align=\"justify\"><span lang=\"fr-FR\">Ils reconnaissent une ligne de continuit\u00e9 entre la perp\u00e9tration d\u2019une trag\u00e9die et une autre. Une incitation d\u00e9lib\u00e9r\u00e9e \u00e0 la violence en appelle une autre. Ils commencent \u00e0 relier les points.<\/span><\/p>\n<p class=\"western\" align=\"justify\"><span lang=\"fr-FR\">C\u2019est au sein de ce groupe croissant de personnes partiellement conscientes que la nouvelle ann\u00e9e doit s\u2019accompagner d\u2019un changement dans la prise de responsabilit\u00e9 pour devenir pleinement conscient \u2014 et prendre les mesures qui, lorsqu\u2019un nombre suffisant de personnes s\u2019y engagent, provoqueront un point de basculement crucial. Un changement d\u00e9cisif dans la direction \u00e9nerg\u00e9tique de notre plan\u00e8te. Un point o\u00f9 \u00ab\u00a0nous, le peuple\u00a0\u00bb, trouverons notre v\u00e9ritable but et le suivrons.<\/span><\/p>\n<p class=\"western\" align=\"justify\"><span lang=\"fr-FR\">Deux \u00e9l\u00e9ments cl\u00e9s sont n\u00e9cessaires pour renverser l\u2019\u00ab\u00a0ordre mondial\u00a0\u00bb existant\u00a0: avoir une vision claire de ce qui devrait le remplacer et avoir le courage de s\u2019y atteler.<\/span><\/p>\n<p class=\"western\" align=\"justify\"><span lang=\"fr-FR\">Dans ce contexte, il est n\u00e9cessaire de continuer \u00e0 d\u00e9fendre les valeurs fondamentales qui, d\u2019une mani\u00e8re ou d\u2019une autre, ont perdur\u00e9 jusqu\u2019\u00e0 aujourd\u2019hui.<\/span><\/p>\n<p class=\"western\" align=\"justify\"><span lang=\"fr-FR\">La vision est essentielle pour que d\u2019autres actions positives puissent voir le jour. Si la vision n\u2019est pas le moteur de l\u2019aspiration, l\u2019objectif ne peut \u00eatre atteint. Et l\u2019objectif doit \u00eatre quelque chose qui fait fortement appel \u00e0 l\u2019inconscient collectif de l\u2019humanit\u00e9, et pas seulement au niveau conscient.<\/span><\/p>\n<p class=\"western\" align=\"justify\"><span lang=\"fr-FR\">Quelle vision est capable d\u2019inspirer une telle r\u00e9action\u00a0?<\/span><\/p>\n<p class=\"western\" align=\"justify\"><span lang=\"fr-FR\">On dit que \u00ab\u00a0l\u2019\u00e9nergie circule l\u00e0 o\u00f9 l\u2019attention se porte\u00a0\u00bb. Nous devons donc commencer par nous-m\u00eames. Nous devons tous observer o\u00f9 va notre attention \u2014 et si elle est r\u00e9ellement positive pour la vie ou essentiellement r\u00e9gressive \u2014 et ensuite \u00eatre capables de la contr\u00f4ler et de la diriger fermement vers des objectifs vraiment significatifs.<\/span><\/p>\n<p class=\"western\" align=\"justify\"><span lang=\"fr-FR\">Lorsque j\u2019utilise le terme \u00ab\u00a0nous-m\u00eames\u00a0\u00bb, il s\u2019agit d\u2019individus capables de discerner la nature de la r\u00e9alit\u00e9 dans laquelle nous vivons et d\u2019agir en cons\u00e9quence, de mani\u00e8re responsable. Cela inclut, le cas \u00e9ch\u00e9ant, un leadership responsable et non \u00e9go\u00efste.<\/span><\/p>\n<p class=\"western\" align=\"justify\"><span lang=\"fr-FR\">Il est choquant de constater que cela exclut une grande partie de la population de notre plan\u00e8te, y compris ceux qui insistent encore sur le fait que ce qui est positivement align\u00e9 sur la recherche de la clart\u00e9 et de la v\u00e9rit\u00e9 est le domaine des fauteurs de troubles et des th\u00e9oriciens de la conspiration.<\/span><\/p>\n<p class=\"western\" align=\"justify\"><span lang=\"fr-FR\">Ainsi, en \u00e9valuant quel \u00e9l\u00e9ment de la soci\u00e9t\u00e9 est capable d\u2019adopter une vision capable de faire \u00e9voluer la vie quotidienne dans une direction positive, nous devons conclure qu\u2019il s\u2019agit d\u2019un petit pourcentage de l\u2019humanit\u00e9.<\/span><\/p>\n<p class=\"western\" align=\"justify\"><span lang=\"fr-FR\">Cependant, aussi petite soit-elle, si elle est suffisamment stimul\u00e9e, elle a le pouvoir de provoquer le changement de cap fondamental qui s\u2019impose.<\/span><\/p>\n<p class=\"western\" align=\"justify\"><span lang=\"fr-FR\">La maladie qui frappe la soci\u00e9t\u00e9 aujourd\u2019hui n\u2019est pas seulement l\u2019expression de maux physiques. C\u2019est l\u2019expression d\u2019un profond d\u00e9s\u00e9quilibre qui se manifeste dans tous les aspects de la vie sur terre. Une rupture de l\u2019\u00e9quilibre plan\u00e9taire.<\/span><\/p>\n<p class=\"western\" align=\"justify\"><span lang=\"fr-FR\">Cette situation a \u00e9t\u00e9 provoqu\u00e9e, au cours de plusieurs d\u00e9cennies, voire de plusieurs si\u00e8cles, par l\u2019accent mis \u00e0 tort sur les valeurs fondamentales de l\u2019\u00e9ducation et des aspirations humaines. Un accent biais\u00e9 en faveur de l\u2019enrichissement mat\u00e9riel externe \u2014 de l\u2019\u00ab\u00a0avoir\u00a0\u00bb \u2014 plut\u00f4t que de la d\u00e9couverte et de l\u2019\u00e9panouissement de notre v\u00e9ritable potentiel corporel, mental et spirituel\u00a0: de l\u2019\u00ab\u00a0\u00eatre\u00a0\u00bb.<\/span><\/p>\n<p class=\"western\" align=\"justify\"><span lang=\"fr-FR\">Au plus profond d\u2019elle-m\u00eame, l\u2019humanit\u00e9 aspire \u00e0 \u00ab\u00a0\u00eatre\u00a0\u00bb. Elle aspire \u00e9galement au sentiment de s\u00e9curit\u00e9 que l\u2019on \u00e9prouve en se rendant compte qu\u2019elle est guid\u00e9e par une puissance omnipotente et bienveillante qui lui offre un amour inconditionnel, quel que soit son statut dans ce monde.<\/span><\/p>\n<p class=\"western\" align=\"justify\"><span lang=\"fr-FR\">Si cette aspiration \u00e9tait reconnue, respect\u00e9e et mise en \u0153uvre dans le cadre des disciplines sociales, politiques, financi\u00e8res, juridiques, \u00e9cologiques et spirituelles qui sont au c\u0153ur des pr\u00e9occupations de chacun, nous r\u00e9soudrions d\u2019un seul coup les probl\u00e8mes de l\u2019humanit\u00e9, voire du monde.<\/span><\/p>\n<p class=\"western\" align=\"justify\"><span lang=\"fr-FR\">Cela signifierait que l\u2019accent de toute \u00e9ducation serait mis sur la r\u00e9alisation des aspirations humaines dans le contexte d\u2019une recherche globale de la v\u00e9rit\u00e9, de la justice et de l\u2019\u00e9mancipation spirituelle.<\/span><\/p>\n<p class=\"western\" align=\"justify\"><span lang=\"fr-FR\">J\u2019ai utilis\u00e9 le nouveau terme de \u00ab\u00a0v<\/span><span lang=\"fr-FR\">\u00e9<\/span><span lang=\"fr-FR\">ritocratie\u00a0\u00bb (du latin \u00ab\u00a0veritas\u00a0\u00bb\u00a0: v\u00e9rit\u00e9) pour d\u00e9crire ce nouvel \u00e9tat d\u2019existence, qui doit remplacer l\u2019institution sociopolitique compl\u00e8tement us\u00e9e qu\u2019est la \u00ab\u00a0d\u00e9mocratie\u00a0\u00bb.<\/span><\/p>\n<p class=\"western\" align=\"justify\"><span lang=\"fr-FR\">Une V\u00e9ritocratie fera <\/span><span lang=\"fr-FR\"><i>de la recherche de la v\u00e9rit\u00e9 et de la justice<\/i><\/span><span lang=\"fr-FR\"> l\u2019objectif central de la vie sociale, politique et \u00e9conomique. Elle signifiera la fin de la politique telle que nous la connaissons.<\/span><\/p>\n<p class=\"western\" align=\"justify\"><span lang=\"fr-FR\">Au c\u0153ur de cette vision se trouve la croyance en la r\u00e9alisation des pouvoirs encore inexploit\u00e9s dont nous avons h\u00e9rit\u00e9 en tant que don divin de notre Cr\u00e9ateur.<\/span><\/p>\n<p class=\"western\" align=\"justify\"><span lang=\"fr-FR\">Un cadeau d\u2019une valeur incommensurable que nous n\u2019avons pas su reconna\u00eetre et que nous avons donc gaspill\u00e9 en faveur de fausses pistes menant \u00e0 des royaumes de compromis et de d\u00e9sastre qui ne nous satisfont pas.<\/span><\/p>\n<p class=\"western\" align=\"justify\"><span lang=\"fr-FR\">Je propose donc la naissance de la <\/span><span lang=\"fr-FR\"><i>V\u00e9ritocratie<\/i><\/span><span lang=\"fr-FR\"> comme une vision pour que 2024 d\u00e9marre du bon pied.<\/span><\/p>\n<p class=\"western\" align=\"justify\"><span lang=\"fr-FR\">Une vision qui, une fois mise en \u0153uvre, changera nos vies de fond en comble. Elle r\u00e9orientera fondamentalement notre sens de l\u2019orientation et mettra l\u2019humanit\u00e9 sur la voie de son v\u00e9ritable destin.<\/span><\/p>\n<p class=\"western\" align=\"justify\"><span lang=\"fr-FR\">Une voie qui assurera la disparition rapide de ceux dont l\u2019existence est enti\u00e8rement consacr\u00e9e \u00e0 emp\u00eacher l\u2019\u00e9panouissement glorieux et sans entrave de l\u2019humanit\u00e9.<\/span><\/p>\n<p class=\"western\" align=\"justify\"><span lang=\"fr-FR\"><i>Julian Rose est un agriculteur biologique, un \u00e9crivain, un communicateur et un activiste international. Il est l\u2019auteur de quatre livres, dont le dernier, \u00ab\u00a0Overcoming the Robotic Mind\u00a0\u00bb, est un appel \u00e0 r\u00e9sister \u00e0 la prise de contr\u00f4le de nos vies par le despotisme du Nouvel Ordre Mondial. Pour plus d\u2019informations, visitez son site web\u00a0: <a href=\"http:\/\/www.julianrose.info\/\" target=\"_blank\" rel=\"noopener\">www.julianrose.info<\/a>.<\/i><\/span><\/p>\n<p class=\"western\" align=\"justify\"><span lang=\"fr-FR\">Texte original\u00a0: <a href=\"https:\/\/21stcenturywire.com\/2023\/12\/30\/this-new-year-calls-for-a-bold-new-vision-for-mankind\/\" target=\"_blank\" rel=\"noopener\">https:\/\/21stcenturywire.com\/2023\/12\/30\/this-new-year-calls-for-a-bold-new-vision-for-mankind\/<\/a><\/span><\/p>\n","protected":false},"excerpt":{"rendered":"<p>Traduction libre 30\u00a0d\u00e9cembre 2023 Depuis la fin de l\u2019ann\u00e9e\u00a02023, nous avons pu constater les terribles r\u00e9percussions des massacres contr\u00f4l\u00e9s et incontr\u00f4l\u00e9s perp\u00e9tr\u00e9s sur des hommes, des femmes et des enfants dans la bande de Gaza. Nous avons assist\u00e9, dans des villes am\u00e9ricaines et europ\u00e9ennes, \u00e0 l\u2019escalade d\u2019individus d\u00e9rang\u00e9s qui abattent quiconque se trouve dans leur [&hellip;]<\/p>\n","protected":false},"author":2,"featured_media":19427,"comment_status":"closed","ping_status":"closed","sticky":false,"template":"","format":"standard","meta":{"footnotes":""},"categories":[1540,1786],"tags":[],"class_list":["post-19695","post","type-post","status-publish","format-standard","has-post-thumbnail","hentry","category-actualite","category-rose-julian"],"yoast_head":"<!-- This site is optimized with the Yoast SEO plugin v27.0 - https:\/\/yoast.com\/product\/yoast-seo-wordpress\/ -->\n<title>Cette nouvelle ann\u00e9e appelle une nouvelle vision audacieuse pour l\u2019humanit\u00e9 par Julian Rose - 3e mill\u00e9naire - Spiritualit\u00e9 - Connaissance de soi - Non-dualit\u00e9 - M\u00e9ditation<\/title>\n<meta name=\"robots\" content=\"index, follow, max-snippet:-1, max-image-preview:large, max-video-preview:-1\" \/>\n<link rel=\"canonical\" href=\"https:\/\/www.revue3emillenaire.com\/blog\/cette-nouvelle-annee-appelle-une-nouvelle-vision-audacieuse-pour-lhumanite-par-julian-rose\/\" \/>\n<meta property=\"og:locale\" content=\"fr_FR\" \/>\n<meta property=\"og:type\" content=\"article\" \/>\n<meta property=\"og:title\" content=\"Cette nouvelle ann\u00e9e appelle une nouvelle vision audacieuse pour l\u2019humanit\u00e9 par Julian Rose - 3e mill\u00e9naire - Spiritualit\u00e9 - Connaissance de soi - Non-dualit\u00e9 - M\u00e9ditation\" \/>\n<meta property=\"og:description\" content=\"Traduction libre 30\u00a0d\u00e9cembre 2023 Depuis la fin de l\u2019ann\u00e9e\u00a02023, nous avons pu constater les terribles r\u00e9percussions des massacres contr\u00f4l\u00e9s et incontr\u00f4l\u00e9s perp\u00e9tr\u00e9s sur des hommes, des femmes et des enfants dans la bande de Gaza. Nous avons assist\u00e9, dans des villes am\u00e9ricaines et europ\u00e9ennes, \u00e0 l\u2019escalade d\u2019individus d\u00e9rang\u00e9s qui abattent quiconque se trouve dans leur [&hellip;]\" \/>\n<meta property=\"og:url\" content=\"https:\/\/www.revue3emillenaire.com\/blog\/cette-nouvelle-annee-appelle-une-nouvelle-vision-audacieuse-pour-lhumanite-par-julian-rose\/\" \/>\n<meta property=\"og:site_name\" content=\"3e mill\u00e9naire - Spiritualit\u00e9 - Connaissance de soi - Non-dualit\u00e9 - M\u00e9ditation\" \/>\n<meta property=\"article:published_time\" content=\"2023-12-31T16:39:39+00:00\" \/>\n<meta property=\"og:image\" content=\"https:\/\/www.revue3emillenaire.com\/blog\/wp-content\/uploads\/2023\/07\/Julian-Rose.jpg\" \/>\n\t<meta property=\"og:image:width\" content=\"200\" \/>\n\t<meta property=\"og:image:height\" content=\"182\" \/>\n\t<meta property=\"og:image:type\" content=\"image\/jpeg\" \/>\n<meta name=\"author\" content=\"3e mill\u00e9naire\" \/>\n<meta name=\"twitter:card\" content=\"summary_large_image\" \/>\n<meta name=\"twitter:label1\" content=\"\u00c9crit par\" \/>\n\t<meta name=\"twitter:data1\" content=\"3e mill\u00e9naire\" \/>\n\t<meta name=\"twitter:label2\" content=\"Dur\u00e9e de lecture estim\u00e9e\" \/>\n\t<meta name=\"twitter:data2\" content=\"8 minutes\" \/>\n<script type=\"application\/ld+json\" class=\"yoast-schema-graph\">{\"@context\":\"https:\/\/schema.org\",\"@graph\":[{\"@type\":\"Article\",\"@id\":\"https:\/\/www.revue3emillenaire.com\/blog\/cette-nouvelle-annee-appelle-une-nouvelle-vision-audacieuse-pour-lhumanite-par-julian-rose\/#article\",\"isPartOf\":{\"@id\":\"https:\/\/www.revue3emillenaire.com\/blog\/cette-nouvelle-annee-appelle-une-nouvelle-vision-audacieuse-pour-lhumanite-par-julian-rose\/\"},\"author\":{\"name\":\"3e mill\u00e9naire\",\"@id\":\"https:\/\/www.revue3emillenaire.com\/blog\/#\/schema\/person\/b692dacff720a5344a6190bc714397eb\"},\"headline\":\"Cette nouvelle ann\u00e9e appelle une nouvelle vision audacieuse pour l\u2019humanit\u00e9 par Julian Rose\",\"datePublished\":\"2023-12-31T16:39:39+00:00\",\"mainEntityOfPage\":{\"@id\":\"https:\/\/www.revue3emillenaire.com\/blog\/cette-nouvelle-annee-appelle-une-nouvelle-vision-audacieuse-pour-lhumanite-par-julian-rose\/\"},\"wordCount\":1558,\"image\":{\"@id\":\"https:\/\/www.revue3emillenaire.com\/blog\/cette-nouvelle-annee-appelle-une-nouvelle-vision-audacieuse-pour-lhumanite-par-julian-rose\/#primaryimage\"},\"thumbnailUrl\":\"https:\/\/www.revue3emillenaire.com\/blog\/wp-content\/uploads\/2023\/07\/Julian-Rose.jpg\",\"articleSection\":[\"Actualit\u00e9s\",\"Rose Julian\"],\"inLanguage\":\"fr-FR\"},{\"@type\":\"WebPage\",\"@id\":\"https:\/\/www.revue3emillenaire.com\/blog\/cette-nouvelle-annee-appelle-une-nouvelle-vision-audacieuse-pour-lhumanite-par-julian-rose\/\",\"url\":\"https:\/\/www.revue3emillenaire.com\/blog\/cette-nouvelle-annee-appelle-une-nouvelle-vision-audacieuse-pour-lhumanite-par-julian-rose\/\",\"name\":\"Cette nouvelle ann\u00e9e appelle une nouvelle vision audacieuse pour l\u2019humanit\u00e9 par Julian Rose - 3e mill\u00e9naire - Spiritualit\u00e9 - Connaissance de soi - Non-dualit\u00e9 - M\u00e9ditation\",\"isPartOf\":{\"@id\":\"https:\/\/www.revue3emillenaire.com\/blog\/#website\"},\"primaryImageOfPage\":{\"@id\":\"https:\/\/www.revue3emillenaire.com\/blog\/cette-nouvelle-annee-appelle-une-nouvelle-vision-audacieuse-pour-lhumanite-par-julian-rose\/#primaryimage\"},\"image\":{\"@id\":\"https:\/\/www.revue3emillenaire.com\/blog\/cette-nouvelle-annee-appelle-une-nouvelle-vision-audacieuse-pour-lhumanite-par-julian-rose\/#primaryimage\"},\"thumbnailUrl\":\"https:\/\/www.revue3emillenaire.com\/blog\/wp-content\/uploads\/2023\/07\/Julian-Rose.jpg\",\"datePublished\":\"2023-12-31T16:39:39+00:00\",\"author\":{\"@id\":\"https:\/\/www.revue3emillenaire.com\/blog\/#\/schema\/person\/b692dacff720a5344a6190bc714397eb\"},\"breadcrumb\":{\"@id\":\"https:\/\/www.revue3emillenaire.com\/blog\/cette-nouvelle-annee-appelle-une-nouvelle-vision-audacieuse-pour-lhumanite-par-julian-rose\/#breadcrumb\"},\"inLanguage\":\"fr-FR\",\"potentialAction\":[{\"@type\":\"ReadAction\",\"target\":[\"https:\/\/www.revue3emillenaire.com\/blog\/cette-nouvelle-annee-appelle-une-nouvelle-vision-audacieuse-pour-lhumanite-par-julian-rose\/\"]}]},{\"@type\":\"ImageObject\",\"inLanguage\":\"fr-FR\",\"@id\":\"https:\/\/www.revue3emillenaire.com\/blog\/cette-nouvelle-annee-appelle-une-nouvelle-vision-audacieuse-pour-lhumanite-par-julian-rose\/#primaryimage\",\"url\":\"https:\/\/www.revue3emillenaire.com\/blog\/wp-content\/uploads\/2023\/07\/Julian-Rose.jpg\",\"contentUrl\":\"https:\/\/www.revue3emillenaire.com\/blog\/wp-content\/uploads\/2023\/07\/Julian-Rose.jpg\",\"width\":200,\"height\":182},{\"@type\":\"BreadcrumbList\",\"@id\":\"https:\/\/www.revue3emillenaire.com\/blog\/cette-nouvelle-annee-appelle-une-nouvelle-vision-audacieuse-pour-lhumanite-par-julian-rose\/#breadcrumb\",\"itemListElement\":[{\"@type\":\"ListItem\",\"position\":1,\"name\":\"Accueil\",\"item\":\"https:\/\/www.revue3emillenaire.com\/blog\/\"},{\"@type\":\"ListItem\",\"position\":2,\"name\":\"Cette nouvelle ann\u00e9e appelle une nouvelle vision audacieuse pour l\u2019humanit\u00e9 par Julian Rose\"}]},{\"@type\":\"WebSite\",\"@id\":\"https:\/\/www.revue3emillenaire.com\/blog\/#website\",\"url\":\"https:\/\/www.revue3emillenaire.com\/blog\/\",\"name\":\"3e mill\u00e9naire - Spiritualit\u00e9 - Connaissance de soi - Non-dualit\u00e9 - M\u00e9ditation\",\"description\":\"L&#039;Homme en devenir\",\"potentialAction\":[{\"@type\":\"SearchAction\",\"target\":{\"@type\":\"EntryPoint\",\"urlTemplate\":\"https:\/\/www.revue3emillenaire.com\/blog\/?s={search_term_string}\"},\"query-input\":{\"@type\":\"PropertyValueSpecification\",\"valueRequired\":true,\"valueName\":\"search_term_string\"}}],\"inLanguage\":\"fr-FR\"},{\"@type\":\"Person\",\"@id\":\"https:\/\/www.revue3emillenaire.com\/blog\/#\/schema\/person\/b692dacff720a5344a6190bc714397eb\",\"name\":\"3e mill\u00e9naire\",\"url\":\"https:\/\/www.revue3emillenaire.com\/blog\/author\/scoussa\/\"}]}<\/script>\n<!-- \/ Yoast SEO plugin. -->","yoast_head_json":{"title":"Cette nouvelle ann\u00e9e appelle une nouvelle vision audacieuse pour l\u2019humanit\u00e9 par Julian Rose - 3e mill\u00e9naire - Spiritualit\u00e9 - Connaissance de soi - Non-dualit\u00e9 - M\u00e9ditation","robots":{"index":"index","follow":"follow","max-snippet":"max-snippet:-1","max-image-preview":"max-image-preview:large","max-video-preview":"max-video-preview:-1"},"canonical":"https:\/\/www.revue3emillenaire.com\/blog\/cette-nouvelle-annee-appelle-une-nouvelle-vision-audacieuse-pour-lhumanite-par-julian-rose\/","og_locale":"fr_FR","og_type":"article","og_title":"Cette nouvelle ann\u00e9e appelle une nouvelle vision audacieuse pour l\u2019humanit\u00e9 par Julian Rose - 3e mill\u00e9naire - Spiritualit\u00e9 - Connaissance de soi - Non-dualit\u00e9 - M\u00e9ditation","og_description":"Traduction libre 30\u00a0d\u00e9cembre 2023 Depuis la fin de l\u2019ann\u00e9e\u00a02023, nous avons pu constater les terribles r\u00e9percussions des massacres contr\u00f4l\u00e9s et incontr\u00f4l\u00e9s perp\u00e9tr\u00e9s sur des hommes, des femmes et des enfants dans la bande de Gaza. Nous avons assist\u00e9, dans des villes am\u00e9ricaines et europ\u00e9ennes, \u00e0 l\u2019escalade d\u2019individus d\u00e9rang\u00e9s qui abattent quiconque se trouve dans leur [&hellip;]","og_url":"https:\/\/www.revue3emillenaire.com\/blog\/cette-nouvelle-annee-appelle-une-nouvelle-vision-audacieuse-pour-lhumanite-par-julian-rose\/","og_site_name":"3e mill\u00e9naire - Spiritualit\u00e9 - Connaissance de soi - Non-dualit\u00e9 - M\u00e9ditation","article_published_time":"2023-12-31T16:39:39+00:00","og_image":[{"width":200,"height":182,"url":"https:\/\/www.revue3emillenaire.com\/blog\/wp-content\/uploads\/2023\/07\/Julian-Rose.jpg","type":"image\/jpeg"}],"author":"3e mill\u00e9naire","twitter_card":"summary_large_image","twitter_misc":{"\u00c9crit par":"3e mill\u00e9naire","Dur\u00e9e de lecture estim\u00e9e":"8 minutes"},"schema":{"@context":"https:\/\/schema.org","@graph":[{"@type":"Article","@id":"https:\/\/www.revue3emillenaire.com\/blog\/cette-nouvelle-annee-appelle-une-nouvelle-vision-audacieuse-pour-lhumanite-par-julian-rose\/#article","isPartOf":{"@id":"https:\/\/www.revue3emillenaire.com\/blog\/cette-nouvelle-annee-appelle-une-nouvelle-vision-audacieuse-pour-lhumanite-par-julian-rose\/"},"author":{"name":"3e mill\u00e9naire","@id":"https:\/\/www.revue3emillenaire.com\/blog\/#\/schema\/person\/b692dacff720a5344a6190bc714397eb"},"headline":"Cette nouvelle ann\u00e9e appelle une nouvelle vision audacieuse pour l\u2019humanit\u00e9 par Julian Rose","datePublished":"2023-12-31T16:39:39+00:00","mainEntityOfPage":{"@id":"https:\/\/www.revue3emillenaire.com\/blog\/cette-nouvelle-annee-appelle-une-nouvelle-vision-audacieuse-pour-lhumanite-par-julian-rose\/"},"wordCount":1558,"image":{"@id":"https:\/\/www.revue3emillenaire.com\/blog\/cette-nouvelle-annee-appelle-une-nouvelle-vision-audacieuse-pour-lhumanite-par-julian-rose\/#primaryimage"},"thumbnailUrl":"https:\/\/www.revue3emillenaire.com\/blog\/wp-content\/uploads\/2023\/07\/Julian-Rose.jpg","articleSection":["Actualit\u00e9s","Rose Julian"],"inLanguage":"fr-FR"},{"@type":"WebPage","@id":"https:\/\/www.revue3emillenaire.com\/blog\/cette-nouvelle-annee-appelle-une-nouvelle-vision-audacieuse-pour-lhumanite-par-julian-rose\/","url":"https:\/\/www.revue3emillenaire.com\/blog\/cette-nouvelle-annee-appelle-une-nouvelle-vision-audacieuse-pour-lhumanite-par-julian-rose\/","name":"Cette nouvelle ann\u00e9e appelle une nouvelle vision audacieuse pour l\u2019humanit\u00e9 par Julian Rose - 3e mill\u00e9naire - Spiritualit\u00e9 - Connaissance de soi - Non-dualit\u00e9 - M\u00e9ditation","isPartOf":{"@id":"https:\/\/www.revue3emillenaire.com\/blog\/#website"},"primaryImageOfPage":{"@id":"https:\/\/www.revue3emillenaire.com\/blog\/cette-nouvelle-annee-appelle-une-nouvelle-vision-audacieuse-pour-lhumanite-par-julian-rose\/#primaryimage"},"image":{"@id":"https:\/\/www.revue3emillenaire.com\/blog\/cette-nouvelle-annee-appelle-une-nouvelle-vision-audacieuse-pour-lhumanite-par-julian-rose\/#primaryimage"},"thumbnailUrl":"https:\/\/www.revue3emillenaire.com\/blog\/wp-content\/uploads\/2023\/07\/Julian-Rose.jpg","datePublished":"2023-12-31T16:39:39+00:00","author":{"@id":"https:\/\/www.revue3emillenaire.com\/blog\/#\/schema\/person\/b692dacff720a5344a6190bc714397eb"},"breadcrumb":{"@id":"https:\/\/www.revue3emillenaire.com\/blog\/cette-nouvelle-annee-appelle-une-nouvelle-vision-audacieuse-pour-lhumanite-par-julian-rose\/#breadcrumb"},"inLanguage":"fr-FR","potentialAction":[{"@type":"ReadAction","target":["https:\/\/www.revue3emillenaire.com\/blog\/cette-nouvelle-annee-appelle-une-nouvelle-vision-audacieuse-pour-lhumanite-par-julian-rose\/"]}]},{"@type":"ImageObject","inLanguage":"fr-FR","@id":"https:\/\/www.revue3emillenaire.com\/blog\/cette-nouvelle-annee-appelle-une-nouvelle-vision-audacieuse-pour-lhumanite-par-julian-rose\/#primaryimage","url":"https:\/\/www.revue3emillenaire.com\/blog\/wp-content\/uploads\/2023\/07\/Julian-Rose.jpg","contentUrl":"https:\/\/www.revue3emillenaire.com\/blog\/wp-content\/uploads\/2023\/07\/Julian-Rose.jpg","width":200,"height":182},{"@type":"BreadcrumbList","@id":"https:\/\/www.revue3emillenaire.com\/blog\/cette-nouvelle-annee-appelle-une-nouvelle-vision-audacieuse-pour-lhumanite-par-julian-rose\/#breadcrumb","itemListElement":[{"@type":"ListItem","position":1,"name":"Accueil","item":"https:\/\/www.revue3emillenaire.com\/blog\/"},{"@type":"ListItem","position":2,"name":"Cette nouvelle ann\u00e9e appelle une nouvelle vision audacieuse pour l\u2019humanit\u00e9 par Julian Rose"}]},{"@type":"WebSite","@id":"https:\/\/www.revue3emillenaire.com\/blog\/#website","url":"https:\/\/www.revue3emillenaire.com\/blog\/","name":"3e mill\u00e9naire - Spiritualit\u00e9 - Connaissance de soi - Non-dualit\u00e9 - M\u00e9ditation","description":"L&#039;Homme en devenir","potentialAction":[{"@type":"SearchAction","target":{"@type":"EntryPoint","urlTemplate":"https:\/\/www.revue3emillenaire.com\/blog\/?s={search_term_string}"},"query-input":{"@type":"PropertyValueSpecification","valueRequired":true,"valueName":"search_term_string"}}],"inLanguage":"fr-FR"},{"@type":"Person","@id":"https:\/\/www.revue3emillenaire.com\/blog\/#\/schema\/person\/b692dacff720a5344a6190bc714397eb","name":"3e mill\u00e9naire","url":"https:\/\/www.revue3emillenaire.com\/blog\/author\/scoussa\/"}]}},"_links":{"self":[{"href":"https:\/\/www.revue3emillenaire.com\/blog\/wp-json\/wp\/v2\/posts\/19695","targetHints":{"allow":["GET"]}}],"collection":[{"href":"https:\/\/www.revue3emillenaire.com\/blog\/wp-json\/wp\/v2\/posts"}],"about":[{"href":"https:\/\/www.revue3emillenaire.com\/blog\/wp-json\/wp\/v2\/types\/post"}],"author":[{"embeddable":true,"href":"https:\/\/www.revue3emillenaire.com\/blog\/wp-json\/wp\/v2\/users\/2"}],"replies":[{"embeddable":true,"href":"https:\/\/www.revue3emillenaire.com\/blog\/wp-json\/wp\/v2\/comments?post=19695"}],"version-history":[{"count":0,"href":"https:\/\/www.revue3emillenaire.com\/blog\/wp-json\/wp\/v2\/posts\/19695\/revisions"}],"wp:featuredmedia":[{"embeddable":true,"href":"https:\/\/www.revue3emillenaire.com\/blog\/wp-json\/wp\/v2\/media\/19427"}],"wp:attachment":[{"href":"https:\/\/www.revue3emillenaire.com\/blog\/wp-json\/wp\/v2\/media?parent=19695"}],"wp:term":[{"taxonomy":"category","embeddable":true,"href":"https:\/\/www.revue3emillenaire.com\/blog\/wp-json\/wp\/v2\/categories?post=19695"},{"taxonomy":"post_tag","embeddable":true,"href":"https:\/\/www.revue3emillenaire.com\/blog\/wp-json\/wp\/v2\/tags?post=19695"}],"curies":[{"name":"wp","href":"https:\/\/api.w.org\/{rel}","templated":true}]}}