{"id":19696,"date":"2023-12-31T19:08:25","date_gmt":"2023-12-31T18:08:25","guid":{"rendered":"https:\/\/www.revue3emillenaire.com\/blog\/?p=19696"},"modified":"2023-12-31T19:08:25","modified_gmt":"2023-12-31T18:08:25","slug":"se-sacrifier-pour-le-bien-commun-par-todd-hayen","status":"publish","type":"post","link":"https:\/\/www.revue3emillenaire.com\/blog\/se-sacrifier-pour-le-bien-commun-par-todd-hayen\/","title":{"rendered":"Se sacrifier pour le bien commun par Todd Hayen"},"content":{"rendered":"<p class=\"western\" align=\"justify\"><i>Traduction libre<\/i><\/p>\n<p class=\"western\" align=\"justify\"><span lang=\"fr-FR\">Je pense que beaucoup de gens croient que notre soci\u00e9t\u00e9 est devenue si complexe, avec tant de personnes et un tel besoin de consommer des ressources naturelles pour \u00eatre \u00e0 l\u2019aise, que ce que le gouvernement nous impose aujourd\u2019hui est n\u00e9cessaire pour survivre.<\/span><\/p>\n<p class=\"western\" align=\"justify\"><span lang=\"fr-FR\">Cela inclut tous les contr\u00f4les, les restrictions, les vaccins forc\u00e9s, les <\/span><span lang=\"fr-FR\">confinement<\/span><span lang=\"fr-FR\">s, la censure de la libert\u00e9 d\u2019expression, les villes de 15\u00a0minutes et une myriade d\u2019autres restrictions et mandats. Cette croyance est d\u2019une stupidit\u00e9 inou\u00efe, mais la stupidit\u00e9 est <\/span><span lang=\"fr-FR\">comme <\/span><span lang=\"fr-FR\">ce qu\u2019elle <\/span><span lang=\"fr-FR\">fai<\/span><span lang=\"fr-FR\">t. Que peut-on dire\u00a0?<\/span><\/p>\n<p class=\"western\" align=\"justify\"><span lang=\"fr-FR\">J\u2019en ai vraiment assez de tourner autour du pot. J\u2019appelle d\u00e9sormais un chat, un chat et j\u2019oublie la politesse et le politiquement correct. Ces gens qui croient \u00e0 cette mascarade sont en train de d\u00e9truire nos vies, ainsi que l\u2019humanit\u00e9 elle-m\u00eame.<\/span><\/p>\n<p class=\"western\" align=\"justify\"><span lang=\"fr-FR\">Je ne leur souhaite pas de mal (enfin, aux <\/span><span lang=\"fr-FR\">responsable<\/span><span lang=\"fr-FR\">s, je souhaite la justice), mais j\u2019en ai assez d\u2019essayer d\u2019\u00eatre gentille dans tout \u00e7a. \u00c9coutez-moi, bande de <a href=\"https:\/\/shrewviews.substack.com\/p\/sheep-and-shrew?s=w\" target=\"_blank\" rel=\"noopener\">moutons<\/a>\u00a0! Prenez vos responsabilit\u00e9s et faites ce pour quoi votre cerveau a \u00e9t\u00e9 con\u00e7u. Arr\u00eatez de baver aux pieds de la maman m\u00e9decine et du papa dictateur et reprenez votre vie en main. Trop c\u2019est trop.<\/span><\/p>\n<p class=\"western\" align=\"justify\"><span lang=\"fr-FR\">Ouf. Je suis content de l\u2019avoir dit.<\/span><\/p>\n<p class=\"western\" align=\"justify\"><span lang=\"fr-FR\">J\u2019ai beaucoup lu <a href=\"https:\/\/www.amazon.ca\/s?k=patrick+wood&amp;crid=374MZ38OGSHW5&amp;sprefix=patrick+wood%2Caps%2C96&amp;ref=nb_sb_noss_1\" target=\"_blank\" rel=\"noopener\">Patrick Wood<\/a> ces derniers temps, allez <\/span><span lang=\"fr-FR\">jeter un coup d\u2019\u0153il<\/span><span lang=\"fr-FR\"> si vous ne l\u2019avez pas encore fait. Il semble que je sois un peu lent avec ce genre de choses et je suis souvent le dernier \u00e0 d\u00e9couvrir quelque chose que la plupart d\u2019entre vous connaissent depuis des d\u00e9cennies.<\/span><\/p>\n<p class=\"western\" align=\"justify\"><span lang=\"fr-FR\">Wood nous tire vers le haut pour avoir une vue d\u2019ensemble de tout cela, ce qui est tr\u00e8s utile pour moi afin d\u2019avoir une meilleure perspective. Bien s\u00fbr, je connaissais les efforts d\u00e9ploy\u00e9s par Klaus Schwab pour mettre en place un gouvernement centriste mondial, mais je n\u2019\u00e9tais pas vraiment au courant des d\u00e9buts de tout cela avec <a href=\"https:\/\/fr.wikipedia.org\/wiki\/Commission_trilat%C3%A9rale\" target=\"_blank\" rel=\"noopener\">la Commission trilat\u00e9rale<\/a> fond\u00e9e par notre cher ami David Rockefeller et ses copains Zbigniew Brzezinski et Jimmy Carter (qui l\u2019e\u00fbt cru\u00a0?) dans les ann\u00e9es soixante-dix. Et bien s\u00fbr, il se passait d\u00e9j\u00e0 pas mal de choses avant cette date. Les objectifs utopiques\/dystopiques de l\u2019ONU en mati\u00e8re de <a href=\"https:\/\/sdgs.un.org\/fr\/goals\" target=\"_blank\" rel=\"noopener\">d\u00e9veloppement durable<\/a>, qui comprennent les initiatives de villes intelligentes, l\u2019Agenda\u00a021 et <a href=\"https:\/\/sdgs.un.org\/fr\/2030agenda\" target=\"_blank\" rel=\"noopener\">l\u2019Agenda\u00a02030 pour le d\u00e9veloppement durable<\/a>, n\u2019\u00e9taient pas quelque chose dont j\u2019avais connaissance jusqu\u2019\u00e0 une date relativement r\u00e9cente (vers 2022).<\/span><\/p>\n<p class=\"western\" align=\"justify\"><span lang=\"fr-FR\">Ce qui est clair, d\u2019une mani\u00e8re g\u00e9n\u00e9rale, c\u2019est l\u2019approche sous-jacente de la carotte et du b\u00e2ton dans tout cela. La carotte est agit\u00e9e depuis des d\u00e9cennies, et nous commen\u00e7ons tout juste \u00e0 obtenir un tout petit <\/span><span lang=\"fr-FR\">bout<\/span><span lang=\"fr-FR\"> du b\u00e2ton. <a href=\"https:\/\/www.shrewviews.com\/p\/sheep-and-shrew?s=w\" target=\"_blank\" rel=\"noopener\">Les tr\u00e8s bonnes musaraignes<\/a> (ce que je ne suis pas, mon nez n\u2019\u00e9tant manifestement pas assez long) savaient ce qui se passait depuis le premier jour. Les musaraignes au nez court, comme moi, ont besoin d\u2019un peu de b\u00e2ton pour commencer \u00e0 vraiment comprendre. Les moutons ont apparemment besoin d\u2019\u00eatre assomm\u00e9s avant de s\u2019en apercevoir. Et les coups s\u00e9rieux n\u2019ont pas encore commenc\u00e9.<\/span><\/p>\n<p class=\"western\" align=\"justify\"><span lang=\"fr-FR\">Wood parle d\u2019<a href=\"https:\/\/fr.wikipedia.org\/wiki\/Antony_Cyril_Sutton\" target=\"_blank\" rel=\"noopener\">Antony Sutton<\/a>, une musaraigne au nez tr\u00e8s long, qui a invent\u00e9 le \u00ab\u00a0paradoxe de Sutton\u00a0\u00bb (en fait, Wood a peut-\u00eatre invent\u00e9 l\u2019adage qui correspond au travail et au point de vue de Sutton). \u00ab\u00a0<\/span><span lang=\"fr-FR\"><i>Le degr\u00e9 de r\u00e9ponse personnelle est inversement proportionnel \u00e0 la dur\u00e9e de la douleur personnelle<\/i><\/span><span lang=\"fr-FR\">\u00a0\u00bb. Cet adage devrait \u00eatre rebaptis\u00e9 \u00ab\u00a0Le credo des moutons\u00a0\u00bb. Les moutons ne ressentent que tr\u00e8s peu le b\u00e2ton ces jours-ci.<\/span><\/p>\n<p class=\"western\" align=\"justify\"><span lang=\"fr-FR\">Tout cela leur semble absolument merveilleux. On leur parle d\u2019abord de la plan\u00e8te qui meurt \u00e0 cause du changement climatique (et bien s\u00fbr, nous sommes tous responsables), ils sont clairement conscients de la pauvret\u00e9, du racisme, des violations des droits de l\u2019homme et des droits des femmes dans le monde, et bien s\u00fbr des dangers de<\/span><span lang=\"fr-FR\">s<\/span><span lang=\"fr-FR\"> maladie<\/span><span lang=\"fr-FR\">s<\/span><span lang=\"fr-FR\">, des virus et des pand\u00e9mies. On leur dit alors que les organisations de GloboCap telles que l\u2019ONU, le FEM et l\u2019OMS sont l\u00e0 pour les prot\u00e9ger et les rendre heureux.<\/span><\/p>\n<p class=\"western\" align=\"justify\"><span lang=\"fr-FR\">Il suffit de regarder les <a href=\"https:\/\/sdgs.un.org\/fr\/goals\" target=\"_blank\" rel=\"noopener\">17\u00a0objectifs de d\u00e9veloppement durable<\/a>. Qui pourrait contester qu\u2019il s\u2019agit l\u00e0 d\u2019objectifs merveilleux pour un monde meilleur\u00a0? Mettre fin \u00e0 la pauvret\u00e9, mettre fin \u00e0 la faim, favoriser l\u2019\u00e9galit\u00e9 entre les hommes et les femmes, fournir de l\u2019eau potable \u00e0 tout le monde\u00a0: il faudrait \u00eatre tr\u00e8s froid pour ne pas admettre que le monde serait meilleur si ces objectifs \u00e9taient atteints. Quelle belle carotte bien juteuse\u00a0! Le premier signe du b\u00e2ton est de se rendre compte que ces objectifs sont un peu trop merveilleux. Cela me semble un peu utopique, non\u00a0? Et nous savons tous, du moins ceux d\u2019entre nous qui ont un cerveau \u00e2g\u00e9 de plus de 10\u00a0ans en termes de capacit\u00e9 mentale, qu\u2019utopie = dystopie.<\/span><\/p>\n<p class=\"western\" align=\"justify\"><span lang=\"fr-FR\">Quel est donc le probl\u00e8me\u00a0? Si vous \u00eates id\u00e9aliste, pourquoi ne pas poursuivre ces nobles objectifs\u00a0? Tout d\u2019abord, les personnes qui dirigent tout cela ont un cerveau plus vieux qu\u2019un enfant de 10\u00a0ans. Ils savent que tout cela est de la foutaise. Ils savent qu\u2019il s\u2019agit d\u2019une carotte et que le but est d\u2019amener tous les \u00ab\u00a0<\/span><span lang=\"fr-FR\"><i>\u00e9quivalents mentaux de 7\u00a0ans<\/i><\/span><span lang=\"fr-FR\">\u00a0\u00bb \u00e0 se joindre \u00e0 eux et \u00e0 b\u00ealer \u00ab\u00a0<\/span><span lang=\"fr-FR\"><i>di<\/i><\/span><span lang=\"fr-FR\"><i>te<\/i><\/span><span lang=\"fr-FR\"><i>s-moi, di<\/i><\/span><span lang=\"fr-FR\"><i>te<\/i><\/span><span lang=\"fr-FR\"><i>s-moi, qu\u2019est-ce que je peux faire pour aider ? Dites-moi ce que je dois faire, s\u2019il vous pla\u00eet, s\u2019il vous pla\u00eet, s\u2019il vous pla\u00eet, je veux tout cela aussi\u00a0!<\/i><\/span><span lang=\"fr-FR\">\u00a0\u00bb<\/span><\/p>\n<p class=\"western\" align=\"justify\"><span lang=\"fr-FR\">La r\u00e9ponse\u00a0? C\u2019est \u00e0 vous de me le dire. Vous l\u2019avez entendue\u00a0: \u00ab\u00a0<\/span><span lang=\"fr-FR\"><i>minimisez votre empreinte carbone, achetez des voitures \u00e9lectriques, mangez des insectes, voyagez moins, vivez dans des villes intelligentes, prenez des vaccins dont nous ne savons rien, recyclez, <\/i><\/span><span lang=\"fr-FR\"><i>emballez tout<\/i><\/span><span lang=\"fr-FR\"><i> et mourez, ou suicidez-<\/i><\/span><span lang=\"fr-FR\"><i>vous<\/i><\/span><span lang=\"fr-FR\">\u2026\u00a0\u00bb. Et ainsi de suite. Et ce n\u2019est que le d\u00e9but.<\/span><\/p>\n<p class=\"western\" align=\"justify\"><span lang=\"fr-FR\">Le probl\u00e8me r\u00e9side d\u2019abord dans les objectifs irr\u00e9alistes, ce qui devrait \u00eatre le premier indice. Mais m\u00eame si les objectifs \u00e9taient r\u00e9alistes, c\u2019est la mani\u00e8re dont tout cela est mis en \u0153uvre qui pose le plus gros probl\u00e8me. Les objectifs sont une ruse, une carotte, car le v\u00e9ritable but est au minimum de cr\u00e9er un gouvernement mondial central, non \u00e9lu, non repr\u00e9sentatif et technocratique qui contr\u00f4lera en fin de compte chaque aspect de notre vie \u2014 y compris la cr\u00e9ation d\u2019un corps synth\u00e9tique. Et ce ne sera pas \u00e0 notre avantage non plus, ce sera un monde cr\u00e9\u00e9 uniquement pour une tr\u00e8s petite \u00e9lite qui contr\u00f4lera tous les d\u00e9tails de la vie sur la plan\u00e8te. Ce n\u2019est que le d\u00e9but et cela peut devenir assez bizarre si vous vous plongez dans tout cela, comme je sais que beaucoup d\u2019entre vous l\u2019ont fait. Je ne vous en dis pas la moiti\u00e9. Et au fur et \u00e0 mesure que vous vous enfoncez dans ce trou de lapin, vous aurez l\u2019impression d\u2019\u00eatre dans un film d\u2019horreur de science-fiction tr\u00e8s macabre. Oui, c\u2019est aussi grave que cela. C\u2019est presque inimaginable.<\/span><\/p>\n<p class=\"western\" align=\"justify\"><span lang=\"fr-FR\">\u00ab\u00a0<\/span><span lang=\"fr-FR\"><i>Oh, mais nous devons sauver la plan\u00e8te\u00a0! Ne devrions-nous pas \u00eatre pr\u00eats \u00e0 faire des sacrifices pour cela\u00a0? Ne devrions-nous pas \u00eatre pr\u00eats, pour le bien des autres, \u00e0 r\u00e9duire notre consommation, \u00e0 restreindre nos libert\u00e9s, \u00e0 devenir des esclaves, euh, des serviteurs de ce syst\u00e8me afin de rendre le monde meilleur\u00a0?<\/i><\/span><span lang=\"fr-FR\">\u00a0\u00bb<\/span><\/p>\n<p class=\"western\" align=\"justify\"><span lang=\"fr-FR\">Non, <\/span><span lang=\"fr-FR\">nous ne le devons pas<\/span><span lang=\"fr-FR\">. Mais il semble <\/span><span lang=\"fr-FR\">bien que oui<\/span><span lang=\"fr-FR\">, n\u2019est-ce pas\u00a0?<\/span><\/p>\n<p class=\"western\" align=\"justify\"><span lang=\"fr-FR\">Bien s\u00fbr, une partie de l\u2019efficacit\u00e9 de leur jeu de manipulation vient du fait que certains des probl\u00e8mes auxquels la plan\u00e8te est confront\u00e9e concernant la pollution, le viol gratuit de ses ressources, les humains affam\u00e9s, la mauvaise qualit\u00e9 de l\u2019eau et le niveau insens\u00e9 de consum\u00e9risme que nous connaissons, sont fond\u00e9s en v\u00e9rit\u00e9. Principalement parce que cet agenda a cr\u00e9\u00e9 ce m\u00eame monde \u2014 un monde qui a \u00e9t\u00e9 mis en place, de mani\u00e8re consciente et intentionnelle, depuis un certain temps.<\/span><\/p>\n<p class=\"western\" align=\"justify\"><span lang=\"fr-FR\">Mais une grande partie de l\u2019horrible tableau d\u00e9peint par l\u2019agenda n\u2019est tout simplement pas vrai. Et m\u00eame si tout \u00e9tait vrai, la mani\u00e8re de rem\u00e9dier \u00e0 la situation n\u2019est pas celle des mondialistes. Leur programme est diabolique, il est g\u00e9nocidaire, non seulement pour les humains, mais aussi pour tous les organismes vivants sur terre, et il est enti\u00e8rement fabriqu\u00e9 pour obtenir le contr\u00f4le et l\u2019exploitation de la population de la terre \u2014 du moins ce qu\u2019il en restera une fois que la premi\u00e8re op\u00e9ration d\u2019abattage sera termin\u00e9e.<\/span><\/p>\n<p class=\"western\" align=\"justify\"><span lang=\"fr-FR\">Ne croyez pas une seconde \u00e0 la carotte. Le b\u00e2ton suivra \u00e0 coup s\u00fbr. Et ce b\u00e2ton est v\u00e9ritable<\/span><span lang=\"fr-FR\">ment<\/span> <span lang=\"fr-FR\">foutu<\/span><span lang=\"fr-FR\">.<\/span><\/p>\n<p class=\"western\" align=\"center\">_______________<\/p>\n<p class=\"western\" align=\"justify\"><i><span lang=\"fr-FR\">Todd Hayen est un psychoth\u00e9rapeute agr\u00e9\u00e9 qui exerce \u00e0 Toronto, en Ontario, au Canada. Il est titulaire d\u2019un doctorat en psychoth\u00e9rapie des profondeurs et d\u2019une ma\u00eetrise en \u00e9tudes de la conscience. Il est sp\u00e9cialis\u00e9 dans la psychologie jungienne et arch\u00e9typale. Todd \u00e9crit \u00e9galement pour son propre blog, que vous pouvez lire <a href=\"http:\/\/shrewviews.substack.com\/\" target=\"_blank\" rel=\"noopener\">ici<\/a>.<\/span><\/i><\/p>\n<p class=\"western\" align=\"justify\"><span lang=\"fr-FR\">Texte original\u00a0: <a href=\"https:\/\/www.shrewviews.com\/p\/sacrificing-for-the-greater-good\" target=\"_blank\" rel=\"noopener\">https:\/\/www.shrewviews.com\/p\/sacrificing-for-the-greater-good<\/a><\/span><\/p>\n","protected":false},"excerpt":{"rendered":"<p>Traduction libre Je pense que beaucoup de gens croient que notre soci\u00e9t\u00e9 est devenue si complexe, avec tant de personnes et un tel besoin de consommer des ressources naturelles pour \u00eatre \u00e0 l\u2019aise, que ce que le gouvernement nous impose aujourd\u2019hui est n\u00e9cessaire pour survivre. Cela inclut tous les contr\u00f4les, les restrictions, les vaccins forc\u00e9s, [&hellip;]<\/p>\n","protected":false},"author":2,"featured_media":18821,"comment_status":"closed","ping_status":"closed","sticky":false,"template":"","format":"standard","meta":{"footnotes":""},"categories":[1540,1790],"tags":[1411,1585,1657],"class_list":["post-19696","post","type-post","status-publish","format-standard","has-post-thumbnail","hentry","category-actualite","category-hayen-todd","tag-controle","tag-dictature","tag-mondialisme"],"yoast_head":"<!-- This site is optimized with the Yoast SEO plugin v27.0 - https:\/\/yoast.com\/product\/yoast-seo-wordpress\/ -->\n<title>Se sacrifier pour le bien commun par Todd Hayen - 3e mill\u00e9naire - Spiritualit\u00e9 - Connaissance de soi - Non-dualit\u00e9 - M\u00e9ditation<\/title>\n<meta name=\"robots\" content=\"index, follow, max-snippet:-1, max-image-preview:large, max-video-preview:-1\" \/>\n<link rel=\"canonical\" href=\"https:\/\/www.revue3emillenaire.com\/blog\/se-sacrifier-pour-le-bien-commun-par-todd-hayen\/\" \/>\n<meta property=\"og:locale\" content=\"fr_FR\" \/>\n<meta property=\"og:type\" content=\"article\" \/>\n<meta property=\"og:title\" content=\"Se sacrifier pour le bien commun par Todd Hayen - 3e mill\u00e9naire - Spiritualit\u00e9 - Connaissance de soi - Non-dualit\u00e9 - M\u00e9ditation\" \/>\n<meta property=\"og:description\" content=\"Traduction libre Je pense que beaucoup de gens croient que notre soci\u00e9t\u00e9 est devenue si complexe, avec tant de personnes et un tel besoin de consommer des ressources naturelles pour \u00eatre \u00e0 l\u2019aise, que ce que le gouvernement nous impose aujourd\u2019hui est n\u00e9cessaire pour survivre. Cela inclut tous les contr\u00f4les, les restrictions, les vaccins forc\u00e9s, [&hellip;]\" \/>\n<meta property=\"og:url\" content=\"https:\/\/www.revue3emillenaire.com\/blog\/se-sacrifier-pour-le-bien-commun-par-todd-hayen\/\" \/>\n<meta property=\"og:site_name\" content=\"3e mill\u00e9naire - Spiritualit\u00e9 - Connaissance de soi - Non-dualit\u00e9 - M\u00e9ditation\" \/>\n<meta property=\"article:published_time\" content=\"2023-12-31T18:08:25+00:00\" \/>\n<meta property=\"og:image\" content=\"https:\/\/www.revue3emillenaire.com\/blog\/wp-content\/uploads\/2021\/12\/Todd-Hayen.jpg\" \/>\n\t<meta property=\"og:image:width\" content=\"292\" \/>\n\t<meta property=\"og:image:height\" content=\"266\" \/>\n\t<meta property=\"og:image:type\" content=\"image\/jpeg\" \/>\n<meta name=\"author\" content=\"3e mill\u00e9naire\" \/>\n<meta name=\"twitter:card\" content=\"summary_large_image\" \/>\n<meta name=\"twitter:label1\" content=\"\u00c9crit par\" \/>\n\t<meta name=\"twitter:data1\" content=\"3e mill\u00e9naire\" \/>\n\t<meta name=\"twitter:label2\" content=\"Dur\u00e9e de lecture estim\u00e9e\" \/>\n\t<meta name=\"twitter:data2\" content=\"8 minutes\" \/>\n<script type=\"application\/ld+json\" class=\"yoast-schema-graph\">{\"@context\":\"https:\/\/schema.org\",\"@graph\":[{\"@type\":\"Article\",\"@id\":\"https:\/\/www.revue3emillenaire.com\/blog\/se-sacrifier-pour-le-bien-commun-par-todd-hayen\/#article\",\"isPartOf\":{\"@id\":\"https:\/\/www.revue3emillenaire.com\/blog\/se-sacrifier-pour-le-bien-commun-par-todd-hayen\/\"},\"author\":{\"name\":\"3e mill\u00e9naire\",\"@id\":\"https:\/\/www.revue3emillenaire.com\/blog\/#\/schema\/person\/b692dacff720a5344a6190bc714397eb\"},\"headline\":\"Se sacrifier pour le bien commun par Todd Hayen\",\"datePublished\":\"2023-12-31T18:08:25+00:00\",\"mainEntityOfPage\":{\"@id\":\"https:\/\/www.revue3emillenaire.com\/blog\/se-sacrifier-pour-le-bien-commun-par-todd-hayen\/\"},\"wordCount\":1615,\"image\":{\"@id\":\"https:\/\/www.revue3emillenaire.com\/blog\/se-sacrifier-pour-le-bien-commun-par-todd-hayen\/#primaryimage\"},\"thumbnailUrl\":\"https:\/\/www.revue3emillenaire.com\/blog\/wp-content\/uploads\/2021\/12\/Todd-Hayen.jpg\",\"keywords\":[\"Contr\u00f4le\",\"Dictature\",\"Mondialisme\"],\"articleSection\":[\"Actualit\u00e9s\",\"Hayen Todd\"],\"inLanguage\":\"fr-FR\"},{\"@type\":\"WebPage\",\"@id\":\"https:\/\/www.revue3emillenaire.com\/blog\/se-sacrifier-pour-le-bien-commun-par-todd-hayen\/\",\"url\":\"https:\/\/www.revue3emillenaire.com\/blog\/se-sacrifier-pour-le-bien-commun-par-todd-hayen\/\",\"name\":\"Se sacrifier pour le bien commun par Todd Hayen - 3e mill\u00e9naire - Spiritualit\u00e9 - Connaissance de soi - Non-dualit\u00e9 - M\u00e9ditation\",\"isPartOf\":{\"@id\":\"https:\/\/www.revue3emillenaire.com\/blog\/#website\"},\"primaryImageOfPage\":{\"@id\":\"https:\/\/www.revue3emillenaire.com\/blog\/se-sacrifier-pour-le-bien-commun-par-todd-hayen\/#primaryimage\"},\"image\":{\"@id\":\"https:\/\/www.revue3emillenaire.com\/blog\/se-sacrifier-pour-le-bien-commun-par-todd-hayen\/#primaryimage\"},\"thumbnailUrl\":\"https:\/\/www.revue3emillenaire.com\/blog\/wp-content\/uploads\/2021\/12\/Todd-Hayen.jpg\",\"datePublished\":\"2023-12-31T18:08:25+00:00\",\"author\":{\"@id\":\"https:\/\/www.revue3emillenaire.com\/blog\/#\/schema\/person\/b692dacff720a5344a6190bc714397eb\"},\"breadcrumb\":{\"@id\":\"https:\/\/www.revue3emillenaire.com\/blog\/se-sacrifier-pour-le-bien-commun-par-todd-hayen\/#breadcrumb\"},\"inLanguage\":\"fr-FR\",\"potentialAction\":[{\"@type\":\"ReadAction\",\"target\":[\"https:\/\/www.revue3emillenaire.com\/blog\/se-sacrifier-pour-le-bien-commun-par-todd-hayen\/\"]}]},{\"@type\":\"ImageObject\",\"inLanguage\":\"fr-FR\",\"@id\":\"https:\/\/www.revue3emillenaire.com\/blog\/se-sacrifier-pour-le-bien-commun-par-todd-hayen\/#primaryimage\",\"url\":\"https:\/\/www.revue3emillenaire.com\/blog\/wp-content\/uploads\/2021\/12\/Todd-Hayen.jpg\",\"contentUrl\":\"https:\/\/www.revue3emillenaire.com\/blog\/wp-content\/uploads\/2021\/12\/Todd-Hayen.jpg\",\"width\":292,\"height\":266},{\"@type\":\"BreadcrumbList\",\"@id\":\"https:\/\/www.revue3emillenaire.com\/blog\/se-sacrifier-pour-le-bien-commun-par-todd-hayen\/#breadcrumb\",\"itemListElement\":[{\"@type\":\"ListItem\",\"position\":1,\"name\":\"Accueil\",\"item\":\"https:\/\/www.revue3emillenaire.com\/blog\/\"},{\"@type\":\"ListItem\",\"position\":2,\"name\":\"Se sacrifier pour le bien commun par Todd Hayen\"}]},{\"@type\":\"WebSite\",\"@id\":\"https:\/\/www.revue3emillenaire.com\/blog\/#website\",\"url\":\"https:\/\/www.revue3emillenaire.com\/blog\/\",\"name\":\"3e mill\u00e9naire - Spiritualit\u00e9 - Connaissance de soi - Non-dualit\u00e9 - M\u00e9ditation\",\"description\":\"L&#039;Homme en devenir\",\"potentialAction\":[{\"@type\":\"SearchAction\",\"target\":{\"@type\":\"EntryPoint\",\"urlTemplate\":\"https:\/\/www.revue3emillenaire.com\/blog\/?s={search_term_string}\"},\"query-input\":{\"@type\":\"PropertyValueSpecification\",\"valueRequired\":true,\"valueName\":\"search_term_string\"}}],\"inLanguage\":\"fr-FR\"},{\"@type\":\"Person\",\"@id\":\"https:\/\/www.revue3emillenaire.com\/blog\/#\/schema\/person\/b692dacff720a5344a6190bc714397eb\",\"name\":\"3e mill\u00e9naire\",\"url\":\"https:\/\/www.revue3emillenaire.com\/blog\/author\/scoussa\/\"}]}<\/script>\n<!-- \/ Yoast SEO plugin. -->","yoast_head_json":{"title":"Se sacrifier pour le bien commun par Todd Hayen - 3e mill\u00e9naire - Spiritualit\u00e9 - Connaissance de soi - Non-dualit\u00e9 - M\u00e9ditation","robots":{"index":"index","follow":"follow","max-snippet":"max-snippet:-1","max-image-preview":"max-image-preview:large","max-video-preview":"max-video-preview:-1"},"canonical":"https:\/\/www.revue3emillenaire.com\/blog\/se-sacrifier-pour-le-bien-commun-par-todd-hayen\/","og_locale":"fr_FR","og_type":"article","og_title":"Se sacrifier pour le bien commun par Todd Hayen - 3e mill\u00e9naire - Spiritualit\u00e9 - Connaissance de soi - Non-dualit\u00e9 - M\u00e9ditation","og_description":"Traduction libre Je pense que beaucoup de gens croient que notre soci\u00e9t\u00e9 est devenue si complexe, avec tant de personnes et un tel besoin de consommer des ressources naturelles pour \u00eatre \u00e0 l\u2019aise, que ce que le gouvernement nous impose aujourd\u2019hui est n\u00e9cessaire pour survivre. Cela inclut tous les contr\u00f4les, les restrictions, les vaccins forc\u00e9s, [&hellip;]","og_url":"https:\/\/www.revue3emillenaire.com\/blog\/se-sacrifier-pour-le-bien-commun-par-todd-hayen\/","og_site_name":"3e mill\u00e9naire - Spiritualit\u00e9 - Connaissance de soi - Non-dualit\u00e9 - M\u00e9ditation","article_published_time":"2023-12-31T18:08:25+00:00","og_image":[{"width":292,"height":266,"url":"https:\/\/www.revue3emillenaire.com\/blog\/wp-content\/uploads\/2021\/12\/Todd-Hayen.jpg","type":"image\/jpeg"}],"author":"3e mill\u00e9naire","twitter_card":"summary_large_image","twitter_misc":{"\u00c9crit par":"3e mill\u00e9naire","Dur\u00e9e de lecture estim\u00e9e":"8 minutes"},"schema":{"@context":"https:\/\/schema.org","@graph":[{"@type":"Article","@id":"https:\/\/www.revue3emillenaire.com\/blog\/se-sacrifier-pour-le-bien-commun-par-todd-hayen\/#article","isPartOf":{"@id":"https:\/\/www.revue3emillenaire.com\/blog\/se-sacrifier-pour-le-bien-commun-par-todd-hayen\/"},"author":{"name":"3e mill\u00e9naire","@id":"https:\/\/www.revue3emillenaire.com\/blog\/#\/schema\/person\/b692dacff720a5344a6190bc714397eb"},"headline":"Se sacrifier pour le bien commun par Todd Hayen","datePublished":"2023-12-31T18:08:25+00:00","mainEntityOfPage":{"@id":"https:\/\/www.revue3emillenaire.com\/blog\/se-sacrifier-pour-le-bien-commun-par-todd-hayen\/"},"wordCount":1615,"image":{"@id":"https:\/\/www.revue3emillenaire.com\/blog\/se-sacrifier-pour-le-bien-commun-par-todd-hayen\/#primaryimage"},"thumbnailUrl":"https:\/\/www.revue3emillenaire.com\/blog\/wp-content\/uploads\/2021\/12\/Todd-Hayen.jpg","keywords":["Contr\u00f4le","Dictature","Mondialisme"],"articleSection":["Actualit\u00e9s","Hayen Todd"],"inLanguage":"fr-FR"},{"@type":"WebPage","@id":"https:\/\/www.revue3emillenaire.com\/blog\/se-sacrifier-pour-le-bien-commun-par-todd-hayen\/","url":"https:\/\/www.revue3emillenaire.com\/blog\/se-sacrifier-pour-le-bien-commun-par-todd-hayen\/","name":"Se sacrifier pour le bien commun par Todd Hayen - 3e mill\u00e9naire - Spiritualit\u00e9 - Connaissance de soi - Non-dualit\u00e9 - M\u00e9ditation","isPartOf":{"@id":"https:\/\/www.revue3emillenaire.com\/blog\/#website"},"primaryImageOfPage":{"@id":"https:\/\/www.revue3emillenaire.com\/blog\/se-sacrifier-pour-le-bien-commun-par-todd-hayen\/#primaryimage"},"image":{"@id":"https:\/\/www.revue3emillenaire.com\/blog\/se-sacrifier-pour-le-bien-commun-par-todd-hayen\/#primaryimage"},"thumbnailUrl":"https:\/\/www.revue3emillenaire.com\/blog\/wp-content\/uploads\/2021\/12\/Todd-Hayen.jpg","datePublished":"2023-12-31T18:08:25+00:00","author":{"@id":"https:\/\/www.revue3emillenaire.com\/blog\/#\/schema\/person\/b692dacff720a5344a6190bc714397eb"},"breadcrumb":{"@id":"https:\/\/www.revue3emillenaire.com\/blog\/se-sacrifier-pour-le-bien-commun-par-todd-hayen\/#breadcrumb"},"inLanguage":"fr-FR","potentialAction":[{"@type":"ReadAction","target":["https:\/\/www.revue3emillenaire.com\/blog\/se-sacrifier-pour-le-bien-commun-par-todd-hayen\/"]}]},{"@type":"ImageObject","inLanguage":"fr-FR","@id":"https:\/\/www.revue3emillenaire.com\/blog\/se-sacrifier-pour-le-bien-commun-par-todd-hayen\/#primaryimage","url":"https:\/\/www.revue3emillenaire.com\/blog\/wp-content\/uploads\/2021\/12\/Todd-Hayen.jpg","contentUrl":"https:\/\/www.revue3emillenaire.com\/blog\/wp-content\/uploads\/2021\/12\/Todd-Hayen.jpg","width":292,"height":266},{"@type":"BreadcrumbList","@id":"https:\/\/www.revue3emillenaire.com\/blog\/se-sacrifier-pour-le-bien-commun-par-todd-hayen\/#breadcrumb","itemListElement":[{"@type":"ListItem","position":1,"name":"Accueil","item":"https:\/\/www.revue3emillenaire.com\/blog\/"},{"@type":"ListItem","position":2,"name":"Se sacrifier pour le bien commun par Todd Hayen"}]},{"@type":"WebSite","@id":"https:\/\/www.revue3emillenaire.com\/blog\/#website","url":"https:\/\/www.revue3emillenaire.com\/blog\/","name":"3e mill\u00e9naire - Spiritualit\u00e9 - Connaissance de soi - Non-dualit\u00e9 - M\u00e9ditation","description":"L&#039;Homme en devenir","potentialAction":[{"@type":"SearchAction","target":{"@type":"EntryPoint","urlTemplate":"https:\/\/www.revue3emillenaire.com\/blog\/?s={search_term_string}"},"query-input":{"@type":"PropertyValueSpecification","valueRequired":true,"valueName":"search_term_string"}}],"inLanguage":"fr-FR"},{"@type":"Person","@id":"https:\/\/www.revue3emillenaire.com\/blog\/#\/schema\/person\/b692dacff720a5344a6190bc714397eb","name":"3e mill\u00e9naire","url":"https:\/\/www.revue3emillenaire.com\/blog\/author\/scoussa\/"}]}},"_links":{"self":[{"href":"https:\/\/www.revue3emillenaire.com\/blog\/wp-json\/wp\/v2\/posts\/19696","targetHints":{"allow":["GET"]}}],"collection":[{"href":"https:\/\/www.revue3emillenaire.com\/blog\/wp-json\/wp\/v2\/posts"}],"about":[{"href":"https:\/\/www.revue3emillenaire.com\/blog\/wp-json\/wp\/v2\/types\/post"}],"author":[{"embeddable":true,"href":"https:\/\/www.revue3emillenaire.com\/blog\/wp-json\/wp\/v2\/users\/2"}],"replies":[{"embeddable":true,"href":"https:\/\/www.revue3emillenaire.com\/blog\/wp-json\/wp\/v2\/comments?post=19696"}],"version-history":[{"count":0,"href":"https:\/\/www.revue3emillenaire.com\/blog\/wp-json\/wp\/v2\/posts\/19696\/revisions"}],"wp:featuredmedia":[{"embeddable":true,"href":"https:\/\/www.revue3emillenaire.com\/blog\/wp-json\/wp\/v2\/media\/18821"}],"wp:attachment":[{"href":"https:\/\/www.revue3emillenaire.com\/blog\/wp-json\/wp\/v2\/media?parent=19696"}],"wp:term":[{"taxonomy":"category","embeddable":true,"href":"https:\/\/www.revue3emillenaire.com\/blog\/wp-json\/wp\/v2\/categories?post=19696"},{"taxonomy":"post_tag","embeddable":true,"href":"https:\/\/www.revue3emillenaire.com\/blog\/wp-json\/wp\/v2\/tags?post=19696"}],"curies":[{"name":"wp","href":"https:\/\/api.w.org\/{rel}","templated":true}]}}