{"id":19700,"date":"2024-01-28T15:22:04","date_gmt":"2024-01-28T14:22:04","guid":{"rendered":"https:\/\/www.revue3emillenaire.com\/blog\/?p=19700"},"modified":"2024-01-28T15:22:04","modified_gmt":"2024-01-28T14:22:04","slug":"le-cerveau-et-la-pensee-par-claude-tresmontant","status":"publish","type":"post","link":"https:\/\/www.revue3emillenaire.com\/blog\/le-cerveau-et-la-pensee-par-claude-tresmontant\/","title":{"rendered":"Le cerveau et la pens\u00e9e par Claude Tresmontant"},"content":{"rendered":"<h3 class=\"western\" align=\"justify\"><span style=\"font-size: medium;\"><span lang=\"fr-FR\">Dans l\u2019histoire de l\u2019Univers et de la nature que nous connaissons maintenant sur une dur\u00e9e de quelque vingt milliards d\u2019ann\u00e9es, le cerveau de l\u2019Homme est le syst\u00e8me le plus compliqu\u00e9 que nous connaissions. Cent ou deux cents milliards de neurones, selon les estimations, et des milliers de connexions entre chaque neurone. Le syst\u00e8me le plus compliqu\u00e9 qui existe \u00e0 notre connaissance dans l\u2019Univers est apparu le dernier, ce matin \u00e0 l\u2019aube si l\u2019on consid\u00e8re les dur\u00e9es cosmologiques connues.<\/span><\/span><\/h3>\n<h3 class=\"western\" align=\"justify\"><\/h3>\n<h3 class=\"western\" align=\"justify\"><span style=\"font-size: medium;\"><span lang=\"fr-FR\">Lorsque l\u2019Homme a commenc\u00e9 \u00e0 penser et \u00e0 r\u00e9fl\u00e9chir \u00e0 sa condition, il a commenc\u00e9, semble-t-il, \u00e0 regarder au-dehors, et au-dessus de lui\u00a0: L\u00e8ve les yeux vers les cieux et compte les \u00e9toiles si tu peux les compter\u2026 L\u2019astronomie est l\u2019une des sciences les plus anciennes. L\u2019Homme a d\u2019abord suppos\u00e9 que notre microscopique syst\u00e8me solaire constituait l\u2019Univers tout entier. Ce n\u2019est que depuis 1924 que nous savons avec certitude que les autres galaxies sont ext\u00e9rieures \u00e0 la n\u00f4tre et que l\u2019Univers est un gaz de galaxies, un gaz dont les galaxies sont les mol\u00e9cules.<\/span><\/span><\/h3>\n<h3 class=\"western\" align=\"justify\"><\/h3>\n<h3 class=\"western\" align=\"justify\"><span style=\"font-size: medium;\"><span lang=\"fr-FR\">Le cerveau qui est le syst\u00e8me le plus compliqu\u00e9 que nous connaissions \u00e0 cette heure dans l\u2019Univers est aussi le dernier dont nous abordions l\u2019\u00e9tude. L\u2019\u00e9tude scientifique du cerveau a commenc\u00e9 en somme il y a \u00e0 peu pr\u00e8s un si\u00e8cle. Elle se poursuit, elle est loin d\u2019\u00eatre achev\u00e9e.<\/span><\/span><\/h3>\n<h3 class=\"western\" align=\"justify\"><\/h3>\n<h3 class=\"western\" align=\"justify\"><span style=\"font-size: medium;\"><span lang=\"fr-FR\">La question est de savoir \u00e0 quoi sert exactement le cerveau, et quelle est la relation entre le cerveau et la pens\u00e9e, le cerveau et la conscience.<\/span><\/span><\/h3>\n<h3 class=\"western\" align=\"justify\"><\/h3>\n<h3 class=\"western\" align=\"justify\"><span style=\"font-size: medium;\"><span lang=\"fr-FR\">Nombre de livres paraissent dans le monde \u00e0 ce sujet depuis plusieurs ann\u00e9es. Nous en retiendrons aujourd\u2019hui deux seulement. \u2014\u00a0Le remarquable ouvrage du docteur Dominique Laplane, professeur \u00e0 la Facult\u00e9 de M\u00e9decine\u00a0: <\/span><\/span><span style=\"font-size: medium;\"><span lang=\"fr-FR\"><i>Essai sur la Libert\u00e9 de l\u2019Homme neuronal, La Mouche dans le Bocal<\/i><\/span><\/span><span style=\"font-size: medium;\"><span lang=\"fr-FR\"> (\u00e9d. Pion) et Salomon Snyder, <\/span><\/span><span style=\"font-size: medium;\"><span lang=\"fr-FR\"><i>Les Drogues et le Cerveau <\/i><\/span><\/span><span style=\"font-size: medium;\"><span lang=\"fr-FR\">(\u00e9d. Belin).<\/span><\/span><\/h3>\n<h3 class=\"western\" align=\"justify\"><\/h3>\n<h3 class=\"western\" align=\"justify\"><span style=\"font-size: medium;\"><span lang=\"fr-FR\">Il est tout \u00e0 fait \u00e9tonnant de constater qu\u2019aujourd\u2019hui les plus beaux ouvrages de philosophie des sciences de la nature sont l\u2019\u0153uvre de chercheurs, astrophysiciens, physiciens, biologistes, neurophysiologistes, etc. Tendis que les philosophes de profession \u00e9crivent des ouvrages qui sont le plus souvent des commentaires de commentaires de textes. \u00c9videmment, pour voir les probl\u00e8mes philosophiques que posent l\u2019Univers, la nature et l\u2019Homme qui vient d\u2019appara\u00eetre dans l\u2019Univers et la nature, il faut \u00e9tudier l\u2019Univers et la nature. Il faut \u00e9tudier l\u2019astrophysique, la physique, la biochimie, la biologie, la neurophysiologie, etc. Les scientifiques qui abordent ces probl\u00e8mes qu\u2019ils aper\u00e7oivent fort bien, ne sont \u00e9videmment pas form\u00e9s dans l\u2019analyse philosophique. Ils sont comp\u00e9tents dans leur domaine scientifique et amateurs \u00e9clair\u00e9s lorsqu\u2019ils abordent l\u2019analyse philosophique des probl\u00e8mes. Les philosophes de profession, en France du moins, et pour la plupart, ont sans doute une longue formation philosophique dans et par les textes, mais, sauf exceptions, ils n\u2019ont pas pris la peine d\u2019\u00e9tudier l\u2019Univers et la nature. D\u2019o\u00f9 l\u2019extraordinaire confusion qui r\u00e8gne aujourd\u2019hui dans l\u2019analyse des probl\u00e8mes philosophiques les plus difficiles et les plus importants.<\/span><\/span><\/h3>\n<h3 class=\"western\" align=\"justify\"><\/h3>\n<h3 class=\"western\" align=\"justify\"><span style=\"font-size: medium;\"><span lang=\"fr-FR\">Nous savons aujourd\u2019hui en cette fin du XX<\/span><\/span><sup><span style=\"font-size: medium;\"><span lang=\"fr-FR\">e<\/span><\/span><\/sup><span style=\"font-size: medium;\"><span lang=\"fr-FR\">\u00a0si\u00e8cle que l\u2019Univers entier dans son histoire et dans son d\u00e9veloppement est fait ou constitu\u00e9 de lumi\u00e8re et d\u2019information. La lumi\u00e8re est la premi\u00e8re r\u00e9alit\u00e9 qui apparaisse il y a quelque vingt milliards d\u2019ann\u00e9es. Ce que nous appelons la mati\u00e8re, depuis des si\u00e8cles, c\u2019est en somme de la lumi\u00e8re compos\u00e9e, ou des compositions faites avec de la lumi\u00e8re. On a appel\u00e9 atomes, ces compositions. Et nous savons aujourd\u2019hui que les atomes ne sont pas des atomes, puisque le vieux mot grec a-tomos signifie\u00a0: ce que l\u2019on ne peut pas couper. Or un atome est une composition, et m\u00eame le noyau de l\u2019atome est une composition.<\/span><\/span><\/h3>\n<h3 class=\"western\" align=\"justify\"><\/h3>\n<h3 class=\"western\" align=\"justify\"><span style=\"font-size: medium;\"><span lang=\"fr-FR\">Nous savons maintenant que la composition des atomes s\u2019effectue ou se r\u00e9alise progressivement dans le c\u0153ur des \u00e9toiles, qui sont en somme des laboratoires de synth\u00e8se, en allant du plus simple, l\u2019atome d\u2019hydrog\u00e8ne, au plus compliqu\u00e9. La mati\u00e8re la plus simple est la plus ancienne. La mati\u00e8re la plus complexe est la plus r\u00e9cente.<\/span><\/span><\/h3>\n<h3 class=\"western\" align=\"justify\"><span style=\"font-size: medium;\"><span lang=\"fr-FR\">Puisque de fait l\u2019atome est une composition, il est d\u2019une certaine mani\u00e8re et \u00e0 ce titre de l\u2019information. Tout est information dans l\u2019Univers et dans la Nature. Nous pouvons donc pr\u00e9ciser et dire\u00a0: l\u2019Univers en son histoire est fait de lumi\u00e8re, de vide et d\u2019information. Ce que nous avons pour coutume d\u2019appeler Mati\u00e8re, c\u2019est aussi, c\u2019est d\u00e9j\u00e0 de l\u2019information. L\u2019histoire de l\u2019Univers est l\u2019histoire d\u2019une composition.<\/span><\/span><\/h3>\n<h3 class=\"western\" align=\"justify\"><\/h3>\n<h3 class=\"western\" align=\"justify\"><span style=\"font-size: medium;\"><span lang=\"fr-FR\">A partir du moment o\u00f9 notre microscopique syst\u00e8me solaire est constitu\u00e9, il y a environ cinq milliards d\u2019ann\u00e9es, \u00e0 partir du moment o\u00f9 notre plan\u00e8te la Terre est suffisamment fra\u00eeche pour recevoir la composition des mol\u00e9cules complexes, la composition de la mati\u00e8re se continue ou se poursuit. \u2014 Invention des mol\u00e9cules principales avec lesquelles vont \u00eatre \u00e9crits les messages g\u00e9n\u00e9tiques de tous les \u00eatres vivants, depuis environ quatre milliards d\u2019ann\u00e9es. \u2014 Invention des mol\u00e9cules avec lesquelles sont \u00e9crites toutes les prot\u00e9ines de tous les \u00eatres vivants, depuis bient\u00f4t quatre milliards d\u2019ann\u00e9es. \u2014 Invention du lexique ou du syst\u00e8me de correspondance entre la langue des messages g\u00e9n\u00e9tiques et la langue des prot\u00e9ines.<\/span><\/span><\/h3>\n<h3 class=\"western\" align=\"justify\"><\/h3>\n<h3 class=\"western\" align=\"justify\"><span style=\"font-size: medium;\"><span lang=\"fr-FR\">Les premiers \u00eatres vivants qui apparaissent il y a environ quatre milliards d\u2019ann\u00e9es sur notre plan\u00e8te Terre, sont de fait d\u00e9j\u00e0 des psychismes. Ce ne sont pas des choses. Or ils n\u2019ont pas de cerveau, ils n\u2019ont pas de syst\u00e8me nerveux. C\u2019est donc que le psychisme, un certain psychisme, est possible avant l\u2019apparition du syst\u00e8me nerveux et avant l\u2019apparition du Cerveau. C\u2019est donc que le syst\u00e8me nerveux ne produit pas le psychisme.<\/span><\/span><\/h3>\n<h3 class=\"western\" align=\"justify\"><\/h3>\n<h3 class=\"western\" align=\"justify\"><span style=\"font-size: medium;\"><span lang=\"fr-FR\">L\u2019invention du cerveau commence il y a cinq ou six cents millions d\u2019ann\u00e9es. Gr\u00e2ce aux fossiles, nous pouvons assister \u00e0 cette invention progressive et par \u00e9tapes du cerveau, \u2014 ce que l\u2019on appelle la phylogen\u00e8se du cerveau. Chez les Primates, puis chez les Anthropo\u00efdes nous voyons le cerveau se d\u00e9velopper constamment.<\/span><\/span><\/h3>\n<h3 class=\"western\" align=\"justify\"><\/h3>\n<h3 class=\"western\" align=\"justify\"><span style=\"font-size: medium;\"><span lang=\"fr-FR\">Lorsque depuis le XIX<\/span><\/span><sup><span style=\"font-size: medium;\"><span lang=\"fr-FR\">e<\/span><\/span><\/sup><span style=\"font-size: medium;\"><span lang=\"fr-FR\"> si\u00e8cle principalement on a commenc\u00e9 \u00e0 \u00e9tudier s\u00e9rieusement le cerveau de l\u2019Homme, plusieurs th\u00e8ses philosophiques se sont oppos\u00e9es, affront\u00e9es. \u2014\u00a0Les uns disaient\u00a0: Le cerveau produit la pens\u00e9e et la conscience \u00e0 peu pr\u00e8s comme le foie produit la bile. \u2014 D\u2019autres proposaient un syst\u00e8me de parall\u00e8les\u00a0: le cerveau d\u2019une part, avec ses op\u00e9rations physiques, chimiques et autres, que l\u2019on \u00e9tait en train de d\u00e9couvrir, \u2014 et la pens\u00e9e ou la conscience, de l\u2019autre, \u2014 constituent deux s\u00e9ries parall\u00e8les. Celui qui conna\u00eetrait parfaitement l\u2019\u00e9tat du cerveau \u00e0 un moment donn\u00e9, conna\u00eetrait aussi parfaitement les ph\u00e9nom\u00e8nes psychologiques, affectifs et autres, qui s\u2019y d\u00e9roulent. \u2014 Les uns professaient en somme que la mati\u00e8re, tr\u00e8s compliqu\u00e9e, celle du cerveau, produit de la pens\u00e9e. \u2014 D\u2019autres pr\u00e9f\u00e9raient un syst\u00e8me dans lequel la mati\u00e8re et la pens\u00e9e ont chacun leur r\u00e9alit\u00e9. C\u2019\u00e9tait l\u2019h\u00e9ritage de Descartes. \u2014 Les mat\u00e9rialistes adoptaient la premi\u00e8re hypoth\u00e8se ou conjecture. Les spiritualistes pr\u00e9f\u00e9raient le syst\u00e8me cart\u00e9sien.<\/span><\/span><\/h3>\n<h3 class=\"western\" align=\"justify\"><\/h3>\n<h3 class=\"western\" align=\"justify\"><span style=\"font-size: medium;\"><span lang=\"fr-FR\">Ce qui est tout \u00e0 fait nouveau, en cette fin du XX<\/span><\/span><sup><span style=\"font-size: medium;\"><span lang=\"fr-FR\">e<\/span><\/span><\/sup><span style=\"font-size: medium;\"><span lang=\"fr-FR\">\u00a0si\u00e8cle, c\u2019est que nous venons de red\u00e9couvrir la notion d\u2019information, qui avait \u00e9t\u00e9 d\u00e9j\u00e0 entrevue par Aristote au IV<\/span><\/span><sup><span style=\"font-size: medium;\"><span lang=\"fr-FR\">e<\/span><\/span><\/sup><span style=\"font-size: medium;\"><span lang=\"fr-FR\">\u00a0si\u00e8cle avant notre \u00e8re. \u2014\u00a0La notion d\u2019information peut signifier au moins deux choses\u00a0: donner une forme \u00e0 un mat\u00e9riau, \u00e0 une mati\u00e8re, par exemple le potier, ou celui qui sculpte une pirogue, ou le sculpteur, le tailleur de marbre. \u2014\u00a0Communiquer un message, une science, une information qui est re\u00e7ue par l\u2019intelligence.<\/span><\/span><\/h3>\n<h3 class=\"western\" align=\"justify\"><\/h3>\n<h3 class=\"western\" align=\"justify\"><span style=\"font-size: medium;\"><span lang=\"fr-FR\">Or depuis la fin du XIX<\/span><\/span><sup><span style=\"font-size: medium;\"><span lang=\"fr-FR\">e<\/span><\/span><\/sup><span style=\"font-size: medium;\"><span lang=\"fr-FR\">\u00a0si\u00e8cle et surtout depuis le milieu du XX<\/span><\/span><sup><span style=\"font-size: medium;\"><span lang=\"fr-FR\">e<\/span><\/span><\/sup><span style=\"font-size: medium;\"><span lang=\"fr-FR\">, nous savons que ces deux acceptions, ces deux significations du terme information se sont r\u00e9unies, se sont rencontr\u00e9es. \u2014 Un \u00eatre vivant, c\u2019est un message g\u00e9n\u00e9tique, \u00e9crit avec un alphabet invent\u00e9 il y a environ quatre milliards d\u2019ann\u00e9es, et qui compose une multiplicit\u00e9 d\u2019atomes et de mol\u00e9cules pour constituer ce syst\u00e8me biologique, cet organisme qu\u2019il est. C\u2019est un message qui compose une mati\u00e8re multiple pour faire, pour constituer un organisme. \u2014\u00a0Claude Bernard, au si\u00e8cle dernier, l\u2019avait d\u00e9j\u00e0 devin\u00e9. \u00ab\u00a0Ce qui est essentiellement du domaine de la vie, \u00e9crivait-il, et ce qui n\u2019appartient ni \u00e0 la chimie, ni \u00e0 la physique, ni \u00e0 autre chose, c\u2019est l\u2019id\u00e9e directrice de cette \u00e9volution. Dans tout germe vivant, il y a une id\u00e9e cr\u00e9atrice qui se d\u00e9veloppe et se manifeste par l\u2019organisation\u2026 Ici comme partout, tout d\u00e9rive de l\u2019id\u00e9e qui elle seule cr\u00e9e et dirige\u2026\u00a0\u00bb<\/span><\/span><\/h3>\n<h3 class=\"western\" align=\"justify\"><span style=\"font-size: medium;\"><span lang=\"fr-FR\">Claude Bernard avait retrouv\u00e9 par la voie de la m\u00e9thode exp\u00e9rimentale, l\u2019id\u00e9e m\u00eame d\u2019Aristote\u00a0; un \u00eatre vivant, c\u2019est une pens\u00e9e qui informe une mati\u00e8re pour constituer un organisme.<\/span><\/span><\/h3>\n<h3 class=\"western\" align=\"justify\"><\/h3>\n<h3 class=\"western\" align=\"justify\"><span style=\"font-size: medium;\"><span lang=\"fr-FR\">Au milieu du XX<\/span><\/span><sup><span style=\"font-size: medium;\"><span lang=\"fr-FR\">e<\/span><\/span><\/sup><span style=\"font-size: medium;\"><span lang=\"fr-FR\">\u00a0si\u00e8cle, avec les d\u00e9couvertes de Watson et Crick, nous avons pu v\u00e9rifier que l\u2019id\u00e9e directrice ou cr\u00e9atrice dont parlait Claude Bernard est \u00e9crite physiquement dans ou sur ces mol\u00e9cules g\u00e9antes qui sont pelotonn\u00e9es dans le noyau de la cellule. Tous les renseignements, toutes les instructions n\u00e9cessaires pour composer un petit Lion, ou un petit \u00c9l\u00e9phant, ou un petit Homme, sont inscrits dans ou sur ces mol\u00e9cules g\u00e9antes, dans une masse de quelques millioni\u00e8mes de milligramme. De l\u2019information quasiment sans masse. L\u2019information est premi\u00e8re. C\u2019est elle qui constitue, qui compose le vivant.<\/span><\/span><\/h3>\n<h3 class=\"western\" align=\"justify\"><\/h3>\n<h3 class=\"western\" align=\"justify\"><span style=\"font-size: medium;\"><span lang=\"fr-FR\">Or l\u2019information est de l\u2019ordre de la pens\u00e9e.<\/span><\/span><\/h3>\n<h3 class=\"western\" align=\"justify\"><\/h3>\n<h3 class=\"western\" align=\"justify\"><span style=\"font-size: medium;\"><span lang=\"fr-FR\">A partir de l\u00e0 la question ou le probl\u00e8me des rapports entre le cerveau et la pens\u00e9e est totalement renouvel\u00e9.<\/span><\/span><\/h3>\n<h3 class=\"western\" align=\"justify\"><\/h3>\n<h3 class=\"western\" align=\"justify\"><span style=\"font-size: medium;\"><span lang=\"fr-FR\">Et tout d\u2019abord, le cerveau, ce n\u2019est pas de la mati\u00e8re seulement. Ce n\u2019est pas de la mati\u00e8re brute. C\u2019est de la mati\u00e8re inform\u00e9e. Ce qui distingue le cerveau d\u2019un tas de briques dans la rue, ou d\u2019un tas de charbon, c\u2019est l\u2019information qui constitue le cerveau. \u2014\u00a0Et ce qui distingue le cerveau v\u00e9ritable, qui est le cerveau vivant, le cerveau pensant et conscient, du cerveau du cadavre, c\u2019est encore l\u2019information. L\u2019information est pr\u00e9sente dans le cerveau vivant qui est le cerveau conscient et pensant. L\u2019information est absente du cerveau du cadavre. En sorte que, pour parler le langage d\u2019Aristote, le cerveau d\u2019un cadavre n\u2019est pas un cerveau du tout. C\u2019est une apparence ou une illusion du cerveau. Tr\u00e8s exactement\u00a0: c\u2019est la mati\u00e8re qui avait \u00e9t\u00e9 inform\u00e9e, et qui ne l\u2019est plus. Cette mati\u00e8re inform\u00e9e, c\u2019\u00e9tait le cerveau vivant. Maintenant que l\u2019information organisatrice est partie, il ne reste plus le cerveau, mais la mati\u00e8re du cerveau qui avait \u00e9t\u00e9 inform\u00e9e et qui ne l\u2019est plus. Elle se d\u00e9compose.<\/span><\/span><\/h3>\n<h3 class=\"western\" align=\"justify\"><\/h3>\n<h3 class=\"western\" align=\"justify\"><span style=\"font-size: medium;\"><span lang=\"fr-FR\">De m\u00eame, lorsque l\u2019\u00e2me s\u2019en va, \u00e0 la mort, il ne reste pas un corps, mais un cadavre, qui est une apparence ou une illusion de corps. Le cadavre, c\u2019est la mati\u00e8re du corps, qui avait \u00e9t\u00e9 inform\u00e9e, et qui ne l\u2019est plus. Elle avait \u00e9t\u00e9 compos\u00e9e, comme un po\u00e8me. Elle se d\u00e9compose.<\/span><\/span><\/h3>\n<h3 class=\"western\" align=\"justify\"><\/h3>\n<h3 class=\"western\" align=\"justify\"><span style=\"font-size: medium;\"><span lang=\"fr-FR\">Il est donc inutile de parler aux cadavres dans les cimeti\u00e8res lors des enterrements. Il n\u2019y a personne dans les cimeti\u00e8res. Laissez les morts enterrer leurs morts.<\/span><\/span><\/h3>\n<h3 class=\"western\" align=\"justify\"><\/h3>\n<h3 class=\"western\" align=\"justify\"><span style=\"font-size: medium;\"><span lang=\"fr-FR\">Au si\u00e8cle dernier, nombre de savants et de philosophes s\u2019imaginaient que le cerveau produit la pens\u00e9e \u00e0 peu pr\u00e8s comme le foie produit la bile. C\u2019\u00e9tait une imagination d\u00e9pourvue de sens.<\/span><\/span><\/h3>\n<h3 class=\"western\" align=\"justify\"><\/h3>\n<h3 class=\"western\" align=\"justify\"><span style=\"font-size: medium;\"><span lang=\"fr-FR\">Car la premi\u00e8re donn\u00e9e, la donn\u00e9e la plus certaine au d\u00e9part, la donn\u00e9e imm\u00e9diate de la conscience, c\u2019est notre propre pens\u00e9e. Avant m\u00eame que nous n\u2019ouvrions les yeux sur le Monde, nous d\u00e9couvrons que nous sommes une conscience, une pens\u00e9e. Nous ne savons pas exactement \u00e0 quoi sert le cerveau, mais ce qui est s\u00fbr et certain, c\u2019est qu\u2019il n\u2019est pas de la mati\u00e8re brute. Il est de la mati\u00e8re inform\u00e9e d\u2019une mani\u00e8re extraordinairement complexe. Or tout ce qui est information est de l\u2019ordre de la pens\u00e9e. Aux origines de la vie, il y a environ quatre milliards d\u2019ann\u00e9es, il y a un message g\u00e9n\u00e9tique, \u00e9crit avec un certain alphabet, et puis traduit dans une autre langue, celle des prot\u00e9ines. Ce message qui est de l\u2019information est de l\u2019ordre ou du domaine de la pens\u00e9e. Il a \u00e9t\u00e9 pens\u00e9, il est une pens\u00e9e, ou une id\u00e9e directrice pour parler comme Claude Bernard. Chaque nouveau Groupe zoologique qui appara\u00eet dans l\u2019Histoire naturelle des esp\u00e8ces, c\u2019est un nouveau message, une nouvelle id\u00e9e cr\u00e9atrice qui est communiqu\u00e9e. Chaque nouveau syst\u00e8me biologique qui n\u2019existait pas auparavant, c\u2019est tout d\u2019abord un nouveau message g\u00e9n\u00e9tique qui est inscrit dans le rouleau de la torah qui est la mol\u00e9cule g\u00e9ante pelotonn\u00e9e dans le noyau de la cellule.<\/span><\/span><\/h3>\n<h3 class=\"western\" align=\"justify\"><\/h3>\n<h3 class=\"western\" align=\"justify\"><span style=\"font-size: medium;\"><span lang=\"fr-FR\">Pour chacun d\u2019entre nous, le commencement de notre \u00eatre ce n\u2019est pas la naissance, mais la conception, c\u2019est-\u00e0-dire la communication ou la combinaison des deux messages g\u00e9n\u00e9tiques, celui qui vient du p\u00e8re, celui qui provient de la m\u00e8re. Ces deux messages g\u00e9n\u00e9tiques combin\u00e9s constituent ensemble un troisi\u00e8me message g\u00e9n\u00e9tique, absolument original. Et ce troisi\u00e8me message g\u00e9n\u00e9tique qui r\u00e9sulte de la combinaison des deux pr\u00e9c\u00e9dents va commander \u00e0 la construction progressive de l\u2019organisme entier, y compris bien entendu le cerveau.<\/span><\/span><\/h3>\n<h3 class=\"western\" align=\"justify\"><\/h3>\n<h3 class=\"western\" align=\"justify\"><span style=\"font-size: medium;\"><span lang=\"fr-FR\">Par cons\u00e9quent l\u2019information est premi\u00e8re, aux origines de la vie et \u00e0 l\u2019origine de notre \u00eatre pour chacun d\u2019entre nous. Tout l\u2019organisme est mati\u00e8re inform\u00e9e, ou ce qui revient au m\u00eame, information de mati\u00e8re. La mati\u00e8re inform\u00e9e est constamment chang\u00e9e, renouvel\u00e9e. La seule chose qui subsiste, c\u2019est le sujet, la substance, le psychisme, ou l\u2019\u00e2me, celui ou celle qui dit\u00a0: Je\u00a0! Le cerveau fait partie \u00e9videmment de l\u2019organisme tout entier. Il n\u2019y a donc pas lieu de se demander si le cerveau produit la pens\u00e9e, ou la conscience. Le cerveau ne produit pas plus la pens\u00e9e, la conscience, le psychisme, que le petit doigt de pied. C\u2019est l\u2019inverse qui est vrai. C\u2019est la pens\u00e9e, ou quelque pens\u00e9e, une pens\u00e9e, \u2014 c\u2019est la conscience, ou quelque conscience, une conscience, \u2014 c\u2019est le psychisme qui constitue le corps, l\u2019organisme, et par cons\u00e9quent le cerveau. C\u2019est le principe informant subsistant, qui constitue l\u2019organisme, et par cons\u00e9quent le cerveau.<\/span><\/span><\/h3>\n<h3 class=\"western\" align=\"justify\"><\/h3>\n<h3 class=\"western\" align=\"justify\"><span style=\"font-size: medium;\"><span lang=\"fr-FR\">Le cerveau r\u00e9el est un cerveau vivant, et donc conscient et pensant, m\u00eame si la conscience est endormie et si l\u2019expression de la pens\u00e9e est l\u00e9s\u00e9e. Le cerveau r\u00e9el est un cerveau inform\u00e9. C\u2019est l\u2019information, qui est de l\u2019ordre de la pens\u00e9e, qui produit le cerveau. Il n\u2019y a donc pas lieu de se demander si le cerveau produit la pens\u00e9e et la conscience, puisque la pens\u00e9e et la conscience font partie du cerveau r\u00e9el, qui n\u2019est pas un cerveau de cadavre. Il n\u2019y a m\u00eame pas \u00e0 vrai dire de probl\u00e8me de rapports entre le cerveau et la pens\u00e9e, puisque le cerveau r\u00e9el est pens\u00e9e, pens\u00e9e informante.<\/span><\/span><\/h3>\n<h3 class=\"western\" align=\"justify\"><\/h3>\n<h3 class=\"western\" align=\"justify\"><span style=\"font-size: medium;\"><span lang=\"fr-FR\">Arr\u00eatons-nous un instant sur cette illusion. Lorsqu\u2019un gentil clochard a bu trop de vin clairet, il croit voir deux agents de police ou deux becs de gaz l\u00e0 o\u00f9 en r\u00e9alit\u00e9 il n\u2019y en a qu\u2019un. S\u2019il cherche \u00e0 passer entre les deux becs de gaz ou les deux agents de police, il tente de r\u00e9soudre un probl\u00e8me impossible. S\u2019il se demande philosophiquement quel est le rapport, ou quelle est la relation, entre les deux agents de police qu\u2019il croit voir, lequel commande sur l\u2019autre, etc., \u2014 il se pose une question qui n\u2019a pas de solution, parce qu\u2019elle est mal pos\u00e9e.<\/span><\/span><\/h3>\n<h3 class=\"western\" align=\"justify\"><\/h3>\n<h3 class=\"western\" align=\"justify\"><span style=\"font-size: medium;\"><span lang=\"fr-FR\">Reprenons l\u2019antique question de l\u2019\u00e2me et du corps. Dans le syst\u00e8me orphique, pythagoricien, platonicien, l\u2019\u00e2me est une chose, une substance divine tomb\u00e9e dans le monde de la mati\u00e8re et du mal. Le corps en est une autre. L\u2019\u00e2me vient dans le corps. Elle descend dans le corps. Elle est exil\u00e9e ou ali\u00e9n\u00e9e dans le corps qui la souille.<\/span><\/span><\/h3>\n<h3 class=\"western\" align=\"justify\"><\/h3>\n<h3 class=\"western\" align=\"justify\"><span style=\"font-size: medium;\"><span lang=\"fr-FR\">En r\u00e9alit\u00e9, faites l\u2019analyse, et vous verrez que le corps r\u00e9el, c\u2019est-\u00e0-dire cet organisme que je vois et que je touche du doigt, est constitu\u00e9 par un principe informant que je peux appeler l\u2019\u00e2me si je veux, et d\u2019une mati\u00e8re multiple, qui est constamment renouvel\u00e9e et chang\u00e9e. Puisque c\u2019est en fait le principe informant, \u00e0 savoir l\u2019\u00e2me, qui constitue cet organisme r\u00e9el et concret que je vois et que je d\u00e9signe du doigt, \u2014 alors il n\u2019y a pas de probl\u00e8me de rapports entre l\u2019\u00e2me et le corps, puisque le corps, le corps r\u00e9el, le corps vivant, c\u2019est l\u2019\u00e2me qui informe une mati\u00e8re\u00a0!<\/span><\/span><\/h3>\n<h3 class=\"western\" align=\"justify\"><\/h3>\n<h3 class=\"western\" align=\"justify\"><span style=\"font-size: medium;\"><span lang=\"fr-FR\">Le probl\u00e8me des rapports entre l\u2019\u00e2me et le corps serait en r\u00e9alit\u00e9 le probl\u00e8me des rapports entre l\u2019\u00e2me et elle-m\u00eame, pour autant qu\u2019elle informe une mati\u00e8re multiple, afin de constituer cet organisme qu\u2019elle est\u00a0!<\/span><\/span><\/h3>\n<h3 class=\"western\" align=\"justify\"><\/h3>\n<h3 class=\"western\" align=\"justify\"><span style=\"font-size: medium;\"><span lang=\"fr-FR\">Nous sommes donc bien dans le cas du gentil clochard qui voit deux becs de gaz ou deux agents de police l\u00e0 o\u00f9 il n\u2019y en a qu\u2019un.<\/span><\/span><\/h3>\n<h3 class=\"western\" align=\"justify\"><\/h3>\n<h3 class=\"western\" align=\"justify\"><span style=\"font-size: medium;\"><span lang=\"fr-FR\">Pour le cerveau, c\u2019est exactement le m\u00eame probl\u00e8me. Le cerveau qui est une partie du corps, est constitu\u00e9 par de l\u2019information, par un principe informant, que vous appellerez comme vous voudrez, selon l\u2019\u00e9cole philosophique et politique \u00e0 laquelle vous appartenez. Mais personne ne peut nier le fait, \u00e0 savoir que tout l\u2019organisme, et par cons\u00e9quent le cerveau, sont constitu\u00e9s par de l\u2019information. L\u2019information est de l\u2019ordre de la pens\u00e9e. En fait c\u2019est la pens\u00e9e cr\u00e9atrice. Nous retrouvons l\u2019expression de Claude Bernard. Par cons\u00e9quent il n\u2019y a pas lieu de se demander si le cerveau produit la pens\u00e9e, puisqu\u2019en r\u00e9alit\u00e9 c\u2019est lui, le cerveau, qui est constitu\u00e9 par une pens\u00e9e, la pens\u00e9e qui est inscrite physiquement dans les g\u00e8nes au moment de la conception, c\u2019est-\u00e0-dire de la communication des deux messages g\u00e9n\u00e9tiques qui vont par combinaison donner un seul message g\u00e9n\u00e9tique.<\/span><\/span><\/h3>\n<h3 class=\"western\" align=\"justify\"><\/h3>\n<h3 class=\"western\" align=\"justify\"><span style=\"font-size: medium;\"><span lang=\"fr-FR\">Au si\u00e8cle dernier, nombre de savants et quelques philosophes se sont imagin\u00e9s que le cerveau, c\u2019est de la mati\u00e8re, de la mati\u00e8re brute, \u00e0 peu pr\u00e8s comme celle de votre machine, de votre r\u00e9veille-matin, de votre moteur. Et ils se sont demand\u00e9 comment de la mati\u00e8re brute peut produire de la pens\u00e9e.<\/span><\/span><\/h3>\n<h3 class=\"western\" align=\"justify\"><\/h3>\n<h3 class=\"western\" align=\"justify\"><span style=\"font-size: medium;\"><span lang=\"fr-FR\">C\u2019est Denis Diderot qui, au si\u00e8cle pr\u00e9c\u00e9dent, avait fort bien r\u00e9pondu \u00e0 cette question. Avec de la mati\u00e8re brute, priv\u00e9e de pens\u00e9e et de conscience, aussi compliqu\u00e9e que vous l\u2019imaginiez, vous ne ferez jamais le moindre acte de conscience, le moindre psychisme. Tout simplement parce que la pens\u00e9e, la conscience, le psychisme, sont d\u2019un autre ordre. Avec de la mati\u00e8re priv\u00e9e de pens\u00e9e on ne peut pas faire de la pens\u00e9e, de m\u00eame qu\u2019avec du n\u00e9ant vous ne pouvez pas faire de l\u2019\u00eatre. Du n\u00e9ant absolu, c\u2019est-\u00e0-dire de la n\u00e9gation de tout \u00eatre quel qu\u2019il soit, vous ne pouvez pas faire surgir le moindre petit pois, la moindre puce, la moindre amibe, le moindre atome. De m\u00eame, si l\u2019Univers est seul, et si \u00e0 l\u2019origine il est mati\u00e8re brute priv\u00e9e de conscience, alors il doit rester \u00e9ternellement ce qu\u2019il \u00e9tait\u00a0: mati\u00e8re brute et priv\u00e9e de pens\u00e9e. Car la pens\u00e9e ne peut pas sortir de la non-pens\u00e9e, de m\u00eame que l\u2019\u00eatre ne peut pas sortir du n\u00e9ant.<\/span><\/span><\/h3>\n<h3 class=\"western\" align=\"justify\"><\/h3>\n<h3 class=\"western\" align=\"justify\"><span style=\"font-size: medium;\"><span lang=\"fr-FR\">C\u2019est ce que disaient justement les ma\u00eetres de l\u2019id\u00e9alisme fran\u00e7ais, au d\u00e9but de ce si\u00e8cle\u00a0: la pens\u00e9e ne peut pas commencer \u00e0 partir de l\u2019absence de pens\u00e9e. C\u2019est-\u00e0-dire que la pens\u00e9e est premi\u00e8re.<\/span><\/span><\/h3>\n<h3 class=\"western\" align=\"justify\"><\/h3>\n<h3 class=\"western\" align=\"justify\"><span style=\"font-size: medium;\"><span lang=\"fr-FR\">Il fallait pr\u00e9ciser, s\u2019exprimer mieux, et dire\u00a0: Quelque pens\u00e9e est premi\u00e8re. Il existe une Pens\u00e9e au moins qui ne peut pas avoir commenc\u00e9. De m\u00eame il faut dire\u00a0: Quelque \u00eatre est premier. Il existe un \u00catre qui est tel qu\u2019il ne peut pas avoir commenc\u00e9. Et cet \u00catre est Pens\u00e9e, parce que la pens\u00e9e ne peut pas surgir ou commencer \u00e0 partir de ce qui n\u2019est pas elle.<\/span><\/span><\/h3>\n<h3 class=\"western\" align=\"justify\"><\/h3>\n<h3 class=\"western\" align=\"justify\"><span style=\"font-size: medium;\"><span lang=\"fr-FR\">La difficult\u00e9 r\u00e9elle n\u2019est donc pas de comprendre comment de la mati\u00e8re priv\u00e9e de pens\u00e9e a bien pu produire de la pens\u00e9e\u00a0: car cela n\u2019a aucun sens pour personne. La mati\u00e8re priv\u00e9e de pens\u00e9e ne peut pas produire seule de la pens\u00e9e, de m\u00eame que le n\u00e9ant ne peut pas produire de l\u2019\u00eatre.<\/span><\/span><\/h3>\n<h3 class=\"western\" align=\"justify\"><\/h3>\n<h3 class=\"western\" align=\"justify\"><span style=\"font-size: medium;\"><span lang=\"fr-FR\">La vraie question est de savoir comment la Pens\u00e9e premi\u00e8re, la Pens\u00e9e cr\u00e9atrice, a bien pu cr\u00e9er de la mati\u00e8re, qui est autre chose que la pens\u00e9e.<\/span><\/span><\/h3>\n<h3 class=\"western\" align=\"justify\"><\/h3>\n<h3 class=\"western\" align=\"justify\"><span style=\"font-size: medium;\"><span lang=\"fr-FR\">Cette difficult\u00e9 \u00e9tait insoluble dans les si\u00e8cles pass\u00e9s, \u00e0 cause de l\u2019id\u00e9e que nous nous faisions de la mati\u00e8re\u00a0: un ensemble de choses inusables, sans commencement, sans fin, sans \u00e9volution, sans usure.<\/span><\/span><\/h3>\n<h3 class=\"western\" align=\"justify\"><\/h3>\n<h3 class=\"western\" align=\"justify\"><span style=\"font-size: medium;\"><span lang=\"fr-FR\">Depuis le d\u00e9but du XX<\/span><\/span><sup><span style=\"font-size: medium;\"><span lang=\"fr-FR\">e<\/span><\/span><\/sup><span style=\"font-size: medium;\"><span lang=\"fr-FR\">\u00a0si\u00e8cle, chacun le sait, les physiciens nous d\u00e9couvrent que la mati\u00e8re, ce que nos grands-p\u00e8res appelaient la mati\u00e8re, est beaucoup plus subtile que nous ne l\u2019imaginions dans les si\u00e8cles pass\u00e9s.<\/span><\/span><\/h3>\n<h3 class=\"western\" align=\"justify\"><\/h3>\n<h3 class=\"western\" align=\"justify\"><span style=\"font-size: medium;\"><span lang=\"fr-FR\">Nous savons maintenant que la mati\u00e8re est en r\u00e9alit\u00e9 une composition faite avec de la lumi\u00e8re. Mais nous ne savons pas ce que c\u2019est que la lumi\u00e8re. Et par cons\u00e9quent nous ne savons pas ce que c\u2019est que la mati\u00e8re.<\/span><\/span><\/h3>\n<h3 class=\"western\" align=\"justify\"><\/h3>\n<h3 class=\"western\" align=\"justify\"><span style=\"font-size: medium;\"><span lang=\"fr-FR\">Dans les si\u00e8cles pass\u00e9s, nombre de savants et de philosophes se sont imagin\u00e9s que le corps ou l\u2019organisme est une sorte de machine\u00a0: c\u2019est le point de vue de Descartes.<\/span><\/span><\/h3>\n<h3 class=\"western\" align=\"justify\"><\/h3>\n<h3 class=\"western\" align=\"justify\"><span style=\"font-size: medium;\"><span lang=\"fr-FR\">A partir de l\u00e0, personne ne comprenait plus l\u2019existence de la pens\u00e9e, de la conscience, ni les rapports ou les relations entre la conscience, la pens\u00e9e, le psychisme, et le corps. J\u2019injecte une mol\u00e9cule toxique, par exemple de l\u2019alcool, ou de la morphine, ou de la coca\u00efne, dans un corps vivant. Comment se fait-il que le psychisme en soit modifi\u00e9, alt\u00e9r\u00e9\u00a0? Dans le syst\u00e8me cart\u00e9sien, c\u2019\u00e9tait incompr\u00e9hensible. Le P\u00e8re Malebranche de l\u2019Oratoire avait invent\u00e9 un syst\u00e8me tr\u00e8s compliqu\u00e9 pour expliquer que, si je pique mon corps avec une aiguille, alors mon \u00e2me en est inform\u00e9e\u00a0! On le lui fait savoir\u00a0!<\/span><\/span><\/h3>\n<h3 class=\"western\" align=\"justify\"><\/h3>\n<h3 class=\"western\" align=\"justify\"><span style=\"font-size: medium;\"><span lang=\"fr-FR\">En r\u00e9alit\u00e9, et si nous faisons l\u2019analyse correctement, les difficult\u00e9s disparaissent. Un organisme, c\u2019est de l\u2019information. C\u2019est un psychisme qui informe une mati\u00e8re pour constituer cet organisme qu\u2019il est, \u2014 et non pas qu\u2019il a\u00a0! Le cerveau fait \u00e9videmment partie de l\u2019organisme. Si vous introduisez dans l\u2019organisme une mol\u00e9cule toxique quelconque, vous ne l\u2019introduisez pas dans un corps distinct de l\u2019\u00e2me ou du psychisme. Vous introduisez votre mol\u00e9cule toxique dans un syst\u00e8me qui est un psychisme, un syst\u00e8me inform\u00e9 et informant. La mol\u00e9cule que vous introduisez, elle a une certaine forme physique. Elle a une certaine constitution physique. Elle est, elle aussi, de l\u2019information. Vous faites entrer de l\u2019information dans un syst\u00e8me, l\u2019organisme, qui est tout entier inform\u00e9, tout entier psychisme. Vous ne devez donc pas vous \u00e9tonner que votre injection produise un effet psychique.<\/span><\/span><\/h3>\n<h3 class=\"western\" align=\"justify\"><\/h3>\n<h3 class=\"western\" align=\"justify\"><span style=\"font-size: medium;\"><span lang=\"fr-FR\">Notons en passant de nouveau que ce que vous introduisez dans l\u2019organisme, lorsque vous introduisez de l\u2019alcool ou de la mescaline, ce n\u2019est pas de la mati\u00e8re brute. C\u2019est de l\u2019information. Ce n\u2019est pas la mati\u00e8re brute qui a une action sur le psychisme. C\u2019est de la mati\u00e8re inform\u00e9e. Regardez la structure, la composition, la constitution des mol\u00e9cules toxiques dans le beau livre que j\u2019ai l\u2019honneur de pr\u00e9senter, <\/span><\/span><span style=\"font-size: medium;\"><span lang=\"fr-FR\"><i>Les drogues et le cerveau<\/i><\/span><\/span><span style=\"font-size: medium;\"><span lang=\"fr-FR\">, par Salomon Snyder. Vous verrez que c\u2019est la forme de la mol\u00e9cule qui produit un effet psychique. Ce ne sont pas les atomes d\u2019hydrog\u00e8ne, de carbone, d\u2019azote, d\u2019oxyg\u00e8ne tout seuls, en tas, en vrac\u00a0!<\/span><\/span><\/h3>\n<h3 class=\"western\" align=\"justify\"><\/h3>\n<h3 class=\"western\" align=\"justify\"><span style=\"font-size: medium;\"><span lang=\"fr-FR\">Tout dans l\u2019Univers est lumi\u00e8re et information.<\/span><\/span><\/h3>\n<h3 class=\"western\" align=\"justify\"><\/h3>\n<h3 class=\"western\" align=\"justify\"><span style=\"font-size: medium;\"><span lang=\"fr-FR\">Le docteur Dominique Laplane, dans le livre que nous pr\u00e9sentons\u00a0: <\/span><\/span><span style=\"font-size: medium;\"><span lang=\"fr-FR\"><i>Essai sur la Libert\u00e9 de l\u2019Homme neuronal<\/i><\/span><\/span><span style=\"font-size: medium;\"><span lang=\"fr-FR\">, non seulement s\u2019efforce vaillamment de traiter les probl\u00e8mes concernant les rapports entre le cerveau et la pens\u00e9e, le cerveau et la conscience, \u2014 mais il aborde de plus le probl\u00e8me de la libert\u00e9.<\/span><\/span><\/h3>\n<h3 class=\"western\" align=\"justify\"><\/h3>\n<h3 class=\"western\" align=\"justify\"><span style=\"font-size: medium;\"><span lang=\"fr-FR\">Rappelons ici qu\u2019en cette fin du XX<\/span><\/span><sup><span style=\"font-size: medium;\"><span lang=\"fr-FR\">e<\/span><\/span><\/sup><span style=\"font-size: medium;\"><span lang=\"fr-FR\">\u00a0si\u00e8cle, une arm\u00e9e de savants et de chercheurs a d\u00e9couvert que tous les \u00eatres vivants sont programm\u00e9s. Dans toutes les esp\u00e8ces animales on d\u00e9couvre des programmations qui sont inscrites dans le patrimoine g\u00e9n\u00e9tique, transmises g\u00e9n\u00e9tiquement, et puis inscrites dans le pal\u00e9o-cortex. Ces programmations portent sur la d\u00e9fense du territoire, l\u2019accumulation des richesses, les rituels de domination et de soumission, le syst\u00e8me des castes, la r\u00e9ponse de l\u2019agression \u00e0 l\u2019agression, la chasse, les amours, etc.<\/span><\/span><\/h3>\n<h3 class=\"western\" align=\"justify\"><\/h3>\n<h3 class=\"western\" align=\"justify\"><span style=\"font-size: medium;\"><span lang=\"fr-FR\">Plusieurs chercheurs ont \u00e9tabli que bien \u00e9videmment le petit homme qui vient de na\u00eetre est lui aussi programm\u00e9.<\/span><\/span><\/h3>\n<h3 class=\"western\" align=\"justify\"><\/h3>\n<h3 class=\"western\" align=\"justify\"><span style=\"font-size: medium;\"><span lang=\"fr-FR\">Dans ces conditions, la question de la libert\u00e9 se pose en ces termes\u00a0: Si le petit d\u2019Homme est programm\u00e9 lui aussi, \u2014 ce qui est certain\u00a0; \u2014\u00a0s\u2019il est programm\u00e9 pour la d\u00e9fense du territoire, les rituels de domination et de soumission, le syst\u00e8me des actes, etc. \u2014 alors qu\u2019en est-il de la libert\u00e9 ? O\u00f9 est-elle donc\u00a0? O\u00f9 pourrait-elle bien se loger et trouver une place\u00a0? Si les programmations animales sont transmises g\u00e9n\u00e9tiquement et inscrites dans le pal\u00e9ocortex, que reste-t-il de la libert\u00e9 humaine\u00a0?<\/span><\/span><\/h3>\n<h3 class=\"western\" align=\"justify\"><\/h3>\n<h3 class=\"western\" align=\"justify\"><span style=\"font-size: medium;\"><span lang=\"fr-FR\">C\u2019est \u00e0 ce probl\u00e8me que s\u2019attaque le docteur Laplane dans son remarquable ouvrage.<\/span><\/span><\/h3>\n<h3 class=\"western\" align=\"justify\"><\/h3>\n<h3 class=\"western\" align=\"justify\"><span style=\"font-size: medium;\"><span lang=\"fr-FR\">Nous aborderons peut-\u00eatre dans une chronique ult\u00e9rieure ce probl\u00e8me de la libert\u00e9 ainsi pos\u00e9 in\u00e9vitablement pour nous en fin du XX<\/span><\/span><sup><span style=\"font-size: medium;\"><span lang=\"fr-FR\">e<\/span><\/span><\/sup><span style=\"font-size: medium;\"><span lang=\"fr-FR\">\u00a0si\u00e8cle, et nous verrons o\u00f9 se trouve la solution de la difficult\u00e9. Il est vrai que nous sommes programm\u00e9s g\u00e9n\u00e9tiquement pour r\u00e9pondre \u00e0 l\u2019agression par l\u2019agression. C\u2019est cela le d\u00e9terminisme g\u00e9n\u00e9tique. \u2014\u00a0Mais si nous sommes capables, une fois dans notre vie, de ne pas r\u00e9pondre \u00e0 l\u2019agression par l\u2019agression, \u2014 alors nous aurons \u00e9t\u00e9 libres. \u2014\u00a0Nous sommes programm\u00e9s pour l\u2019accumulation des richesses, la domination, le syst\u00e8me des castes, les rites et les rituels de dominants et de domin\u00e9s. Mais si nous sommes capables, une fois dans notre vie, de choisir par exemple la pauvret\u00e9 librement, alors nous serons libres\u00a0! Si nous sommes capables de surmonter, de d\u00e9passer, de transcender le syst\u00e8me des castes qui de fait est programm\u00e9, et de dire, comme un certain rabbin qui s\u2019appelait Schaoul ha-qatan (l\u2019h\u00e9breu ha-qatan se traduit en latin\u00a0: Paulus, le petit\u00a0!)\u00a0: La diff\u00e9rence, la distinction des classes, des races, des nations, des castes, la diff\u00e9rence entre le ma\u00eetre et l\u2019esclave, \u2014 tout cela n\u2019existe plus, tout cela est p\u00e9rim\u00e9. Tout cela appartient \u00e0 la vieille humanit\u00e9 animale avec ses antiques programmations reptiliennes. \u2014\u00a0Si nous sommes capables de d\u00e9passer, de transcender ces antiques programmations reptiliennes, alors nous entrons dans le r\u00e8gne de la libert\u00e9, c\u2019est-\u00e0-dire de l\u2019humanit\u00e9 v\u00e9ritable, qui est l\u2019humanit\u00e9 nouvelle, l\u00e0 o\u00f9 il n\u2019y a plus de diff\u00e9rence, plus de distinction entre le ma\u00eetre et l\u2019esclave, le dominant et le domin\u00e9\u00a0; l\u00e0 o\u00f9 la diff\u00e9rence des nations, des races, des castes, n\u2019est plus qu\u2019un souvenir de la vieille humanit\u00e9 animale d\u2019autrefois.<\/span><\/span><\/h3>\n<h3 class=\"western\" align=\"justify\"><\/h3>\n<h3 class=\"western\" align=\"justify\"><span style=\"font-size: medium;\"><span lang=\"fr-FR\">Au d\u00e9but du XIX<\/span><\/span><sup><span style=\"font-size: medium;\"><span lang=\"fr-FR\">e<\/span><\/span><\/sup><span style=\"font-size: medium;\"><span lang=\"fr-FR\">\u00a0si\u00e8cle, Laplace avait formul\u00e9 son c\u00e9l\u00e8bre th\u00e9or\u00e8me que chacun conna\u00eet par c\u0153ur\u00a0: Une intelligence toute-puissante qui conna\u00eetrait parfaitement l\u2019\u00e9tat de l\u2019Univers \u00e0 un moment donn\u00e9, conna\u00eetrait aussi son avenir. Le pass\u00e9 et l\u2019avenir seraient pr\u00e9sents \u00e0 ses yeux.<\/span><\/span><\/h3>\n<h3 class=\"western\" align=\"justify\"><\/h3>\n<h3 class=\"western\" align=\"justify\"><span style=\"font-size: medium;\"><span lang=\"fr-FR\">Eh bien, ce bon Monsieur Laplace s\u2019\u00e9tait lourdement tromp\u00e9. Une intelligence qui conna\u00eetrait parfaitement le pass\u00e9 de l\u2019Univers et son pr\u00e9sent, \u00e0 un moment donn\u00e9 quelconque de l\u2019Univers, ne conna\u00eetrait pas du tout l\u2019avenir de l\u2019Univers. Elle ne conna\u00eetrait de l\u2019avenir de l\u2019Univers que les processus, les ph\u00e9nom\u00e8nes d\u2019usure et de vieillissement. Connaissant parfaitement notre \u00e9toile, le Soleil, qui transforme d\u2019une mani\u00e8re irr\u00e9versible son hydrog\u00e8ne en h\u00e9lium depuis environ cinq milliards d\u2019ann\u00e9es, je peux pr\u00e9voir avec certitude ce qui va arriver au Soleil\u00a0: il va s\u2019user, s\u2019\u00e9puiser, et finira comme tant d\u2019autres \u00e9toiles de notre Galaxie par exploser. Il restera un r\u00e9sidu, de la mati\u00e8re d\u00e9g\u00e9n\u00e9r\u00e9e. \u2014\u00a0Mais la composition continu\u00e9e dans l\u2019histoire de l\u2019Univers, l\u2019intelligence de Laplace ne pouvait pas la pr\u00e9voir, car pour la pr\u00e9voir, il fallait la cr\u00e9er, l\u2019inventer\u00a0! Seul le Cr\u00e9ateur peut pr\u00e9voir l\u2019avenir de sa cr\u00e9ation. Pour nous qui assistons \u00e0 l\u2019histoire de la Cr\u00e9ation, l\u2019avenir est impr\u00e9visible, pour autant qu\u2019il est une cr\u00e9ation nouvelle. Ainsi Laplace, situ\u00e9 ou plac\u00e9 dans l\u2019Univers il y a dix milliards d\u2019ann\u00e9es, n\u2019aurait pas pu pr\u00e9voir l\u2019apparition de la vie, car pour pr\u00e9voir l\u2019apparition de la vie, il fallait inventer et cr\u00e9er les deux syst\u00e8mes linguistiques qui n\u2019existaient pas auparavant, celui des messages g\u00e9n\u00e9tiques, et celui des prot\u00e9ines, et puis le lexique, le syst\u00e8me de correspondance entre les deux langues, et bien d\u2019autres choses encore. Tout cela n\u2019\u00e9tait pas pr\u00e9-contenu dans l\u2019Univers ancien, dans l\u2019Univers pass\u00e9. De m\u00eame Laplace situ\u00e9 au moment o\u00f9 la vie appara\u00eet sur la Terre, et connaissant parfaitement le message g\u00e9n\u00e9tique du premier vivant, n\u2019aurait pas pu pr\u00e9voir les messages g\u00e9n\u00e9tiques ult\u00e9rieurs, parce que pour pr\u00e9voir ces messages g\u00e9n\u00e9tiques ult\u00e9rieurs qui commandent \u00e0 la construction de syst\u00e8mes biologiques nouveaux et qui n\u2019existaient pas auparavant, il fallait les inventer, les cr\u00e9er\u00a0!<\/span><\/span><\/h3>\n<h3 class=\"western\" align=\"justify\"><\/h3>\n<h3 class=\"western\" align=\"justify\"><span style=\"font-size: medium;\"><span lang=\"fr-FR\">L\u2019illusion de Laplace, et son erreur, c\u2019est qu\u2019il s\u2019imaginait que l\u2019Univers est une vaste machine. \u00c9videmment, connaissant parfaitement une machine, on conna\u00eet son avenir, puisque l\u2019avenir de la machine ne lui apporte rien de nouveau \u2014 sauf l\u2019usure, sauf la rouille\u00a0!<\/span><\/span><\/h3>\n<h3 class=\"western\" align=\"justify\"><\/h3>\n<h3 class=\"western\" align=\"justify\"><span style=\"font-size: medium;\"><span lang=\"fr-FR\">Mais l\u2019Univers n\u2019est pas du tout comparable \u00e0 une machine. Et l\u2019organisme vivant n\u2019est pas lui non plus comparable \u00e0 une machine. Car une machine ne se d\u00e9veloppe pas. Elle n\u2019assimile pas. Elle n\u2019\u00e9limine pas ce qui ne lui convient pas. Elle ne r\u00e9agit pas aux intoxications en produisant des anticorps. Elle ne se r\u00e9g\u00e9n\u00e8re pas si elle est ab\u00eem\u00e9e. Elle n\u2019est pas un psychisme. Elle n\u2019est pas une conscience. Elle n\u2019est pas une pens\u00e9e subsistante.<\/span><\/span><\/h3>\n<h3 class=\"western\" align=\"justify\"><\/h3>\n<h3 class=\"western\" align=\"justify\"><span style=\"font-size: medium;\"><span lang=\"fr-FR\">L\u2019erreur \u00e9tait de comparer l\u2019Univers \u00e0 une machine. Et c\u2019est de cette erreur que provient le dogme du d\u00e9terminisme\u00a0: le pass\u00e9 \u00e9tant connu, on peut en d\u00e9duire l\u2019avenir.<\/span><\/span><\/h3>\n<h3 class=\"western\" align=\"justify\"><\/h3>\n<h3 class=\"western\" align=\"justify\"><span style=\"font-size: medium;\"><span lang=\"fr-FR\">On le voit, c\u2019est toujours la fausse analogie avec la machine qui a provoqu\u00e9 les catastrophes, aussi bien dans l\u2019analyse philosophique des probl\u00e8mes, qu\u2019en m\u00e9decine. Car pour une grande part la m\u00e9decine moderne d\u00e9pend de cette fausse analogie.<\/span><\/span><\/h3>\n<h3 class=\"western\" align=\"justify\"><span style=\"font-size: medium;\"><span lang=\"fr-FR\">Pour traiter correctement le probl\u00e8me de la libert\u00e9 humaine, il faut tout d\u2019abord se lib\u00e9rer de cette illusion qui tient \u00e0 la fausse comparaison entre l\u2019Univers et la machine, l\u2019organisme et la machine.<\/span><\/span><\/h3>\n<h3 class=\"western\" align=\"justify\"><\/h3>\n<h3 class=\"western\" align=\"justify\"><span style=\"font-size: medium;\"><span lang=\"fr-FR\">Il faut ensuite se lib\u00e9rer de l\u2019illusion que l\u2019Homme serait un \u00eatre achev\u00e9. L\u2019Homme est un animal en r\u00e9gime de transformation. Il est pour l\u2019instant soumis aux antiques programmations reptiliennes, comme cela se voit si clairement et si nettement dans le domaine politique. Pour acc\u00e9der \u00e0 la libert\u00e9, il doit d\u00e9passer ces antiques programmations. C\u2019est-\u00e0-dire qu\u2019il doit devenir v\u00e9ritablement un Homme.<\/span><\/span><\/h3>\n<h3 class=\"western\" align=\"justify\"><\/h3>\n<h3 class=\"western\" align=\"justify\"><span style=\"font-size: medium;\"><span lang=\"fr-FR\">Extrait de <\/span><\/span><span style=\"font-size: medium;\"><span lang=\"fr-FR\"><i>La Voix du Nord<\/i><\/span><\/span><span style=\"font-size: medium;\"><span lang=\"fr-FR\">, 10, 13 et 17\u00a0avril 1988.<\/span><\/span><\/h3>\n","protected":false},"excerpt":{"rendered":"<p>Dans l\u2019histoire de l\u2019Univers et de la nature que nous connaissons maintenant sur une dur\u00e9e de quelque vingt milliards d\u2019ann\u00e9es, le cerveau de l\u2019Homme est le syst\u00e8me le plus compliqu\u00e9 que nous connaissions. Cent ou deux cents milliards de neurones, selon les estimations, et des milliers de connexions entre chaque neurone. Le syst\u00e8me le plus [&hellip;]<\/p>\n","protected":false},"author":2,"featured_media":17574,"comment_status":"closed","ping_status":"closed","sticky":false,"template":"","format":"standard","meta":{"footnotes":""},"categories":[1419],"tags":[1663,928,253],"class_list":["post-19700","post","type-post","status-publish","format-standard","has-post-thumbnail","hentry","category-tresmontant-claude","tag-aristote","tag-information","tag-sicence-et-conscience"],"yoast_head":"<!-- This site is optimized with the Yoast SEO plugin v27.0 - https:\/\/yoast.com\/product\/yoast-seo-wordpress\/ -->\n<title>Le cerveau et la pens\u00e9e par Claude Tresmontant - 3e mill\u00e9naire - Spiritualit\u00e9 - Connaissance de soi - Non-dualit\u00e9 - M\u00e9ditation<\/title>\n<meta name=\"robots\" content=\"index, follow, max-snippet:-1, max-image-preview:large, max-video-preview:-1\" \/>\n<link rel=\"canonical\" href=\"https:\/\/www.revue3emillenaire.com\/blog\/le-cerveau-et-la-pensee-par-claude-tresmontant\/\" \/>\n<meta property=\"og:locale\" content=\"fr_FR\" \/>\n<meta property=\"og:type\" content=\"article\" \/>\n<meta property=\"og:title\" content=\"Le cerveau et la pens\u00e9e par Claude Tresmontant - 3e mill\u00e9naire - Spiritualit\u00e9 - Connaissance de soi - Non-dualit\u00e9 - M\u00e9ditation\" \/>\n<meta property=\"og:description\" content=\"Dans l\u2019histoire de l\u2019Univers et de la nature que nous connaissons maintenant sur une dur\u00e9e de quelque vingt milliards d\u2019ann\u00e9es, le cerveau de l\u2019Homme est le syst\u00e8me le plus compliqu\u00e9 que nous connaissions. Cent ou deux cents milliards de neurones, selon les estimations, et des milliers de connexions entre chaque neurone. Le syst\u00e8me le plus [&hellip;]\" \/>\n<meta property=\"og:url\" content=\"https:\/\/www.revue3emillenaire.com\/blog\/le-cerveau-et-la-pensee-par-claude-tresmontant\/\" \/>\n<meta property=\"og:site_name\" content=\"3e mill\u00e9naire - Spiritualit\u00e9 - Connaissance de soi - Non-dualit\u00e9 - M\u00e9ditation\" \/>\n<meta property=\"article:published_time\" content=\"2024-01-28T14:22:04+00:00\" \/>\n<meta property=\"og:image\" content=\"https:\/\/www.revue3emillenaire.com\/blog\/wp-content\/uploads\/2017\/08\/Claude-Tresmontant.jpg\" \/>\n\t<meta property=\"og:image:width\" content=\"253\" \/>\n\t<meta property=\"og:image:height\" content=\"289\" \/>\n\t<meta property=\"og:image:type\" content=\"image\/jpeg\" \/>\n<meta name=\"author\" content=\"3e mill\u00e9naire\" \/>\n<meta name=\"twitter:card\" content=\"summary_large_image\" \/>\n<meta name=\"twitter:label1\" content=\"\u00c9crit par\" \/>\n\t<meta name=\"twitter:data1\" content=\"3e mill\u00e9naire\" \/>\n\t<meta name=\"twitter:label2\" content=\"Dur\u00e9e de lecture estim\u00e9e\" \/>\n\t<meta name=\"twitter:data2\" content=\"25 minutes\" \/>\n<script type=\"application\/ld+json\" class=\"yoast-schema-graph\">{\"@context\":\"https:\/\/schema.org\",\"@graph\":[{\"@type\":\"Article\",\"@id\":\"https:\/\/www.revue3emillenaire.com\/blog\/le-cerveau-et-la-pensee-par-claude-tresmontant\/#article\",\"isPartOf\":{\"@id\":\"https:\/\/www.revue3emillenaire.com\/blog\/le-cerveau-et-la-pensee-par-claude-tresmontant\/\"},\"author\":{\"name\":\"3e mill\u00e9naire\",\"@id\":\"https:\/\/www.revue3emillenaire.com\/blog\/#\/schema\/person\/b692dacff720a5344a6190bc714397eb\"},\"headline\":\"Le cerveau et la pens\u00e9e par Claude Tresmontant\",\"datePublished\":\"2024-01-28T14:22:04+00:00\",\"mainEntityOfPage\":{\"@id\":\"https:\/\/www.revue3emillenaire.com\/blog\/le-cerveau-et-la-pensee-par-claude-tresmontant\/\"},\"wordCount\":5725,\"image\":{\"@id\":\"https:\/\/www.revue3emillenaire.com\/blog\/le-cerveau-et-la-pensee-par-claude-tresmontant\/#primaryimage\"},\"thumbnailUrl\":\"https:\/\/www.revue3emillenaire.com\/blog\/wp-content\/uploads\/2017\/08\/Claude-Tresmontant.jpg\",\"keywords\":[\"Aristote\",\"Information\",\"sicence et conscience\"],\"articleSection\":[\"Tresmontant Claude\"],\"inLanguage\":\"fr-FR\"},{\"@type\":\"WebPage\",\"@id\":\"https:\/\/www.revue3emillenaire.com\/blog\/le-cerveau-et-la-pensee-par-claude-tresmontant\/\",\"url\":\"https:\/\/www.revue3emillenaire.com\/blog\/le-cerveau-et-la-pensee-par-claude-tresmontant\/\",\"name\":\"Le cerveau et la pens\u00e9e par Claude Tresmontant - 3e mill\u00e9naire - Spiritualit\u00e9 - Connaissance de soi - Non-dualit\u00e9 - M\u00e9ditation\",\"isPartOf\":{\"@id\":\"https:\/\/www.revue3emillenaire.com\/blog\/#website\"},\"primaryImageOfPage\":{\"@id\":\"https:\/\/www.revue3emillenaire.com\/blog\/le-cerveau-et-la-pensee-par-claude-tresmontant\/#primaryimage\"},\"image\":{\"@id\":\"https:\/\/www.revue3emillenaire.com\/blog\/le-cerveau-et-la-pensee-par-claude-tresmontant\/#primaryimage\"},\"thumbnailUrl\":\"https:\/\/www.revue3emillenaire.com\/blog\/wp-content\/uploads\/2017\/08\/Claude-Tresmontant.jpg\",\"datePublished\":\"2024-01-28T14:22:04+00:00\",\"author\":{\"@id\":\"https:\/\/www.revue3emillenaire.com\/blog\/#\/schema\/person\/b692dacff720a5344a6190bc714397eb\"},\"breadcrumb\":{\"@id\":\"https:\/\/www.revue3emillenaire.com\/blog\/le-cerveau-et-la-pensee-par-claude-tresmontant\/#breadcrumb\"},\"inLanguage\":\"fr-FR\",\"potentialAction\":[{\"@type\":\"ReadAction\",\"target\":[\"https:\/\/www.revue3emillenaire.com\/blog\/le-cerveau-et-la-pensee-par-claude-tresmontant\/\"]}]},{\"@type\":\"ImageObject\",\"inLanguage\":\"fr-FR\",\"@id\":\"https:\/\/www.revue3emillenaire.com\/blog\/le-cerveau-et-la-pensee-par-claude-tresmontant\/#primaryimage\",\"url\":\"https:\/\/www.revue3emillenaire.com\/blog\/wp-content\/uploads\/2017\/08\/Claude-Tresmontant.jpg\",\"contentUrl\":\"https:\/\/www.revue3emillenaire.com\/blog\/wp-content\/uploads\/2017\/08\/Claude-Tresmontant.jpg\",\"width\":253,\"height\":289},{\"@type\":\"BreadcrumbList\",\"@id\":\"https:\/\/www.revue3emillenaire.com\/blog\/le-cerveau-et-la-pensee-par-claude-tresmontant\/#breadcrumb\",\"itemListElement\":[{\"@type\":\"ListItem\",\"position\":1,\"name\":\"Accueil\",\"item\":\"https:\/\/www.revue3emillenaire.com\/blog\/\"},{\"@type\":\"ListItem\",\"position\":2,\"name\":\"Le cerveau et la pens\u00e9e par Claude Tresmontant\"}]},{\"@type\":\"WebSite\",\"@id\":\"https:\/\/www.revue3emillenaire.com\/blog\/#website\",\"url\":\"https:\/\/www.revue3emillenaire.com\/blog\/\",\"name\":\"3e mill\u00e9naire - Spiritualit\u00e9 - Connaissance de soi - Non-dualit\u00e9 - M\u00e9ditation\",\"description\":\"L&#039;Homme en devenir\",\"potentialAction\":[{\"@type\":\"SearchAction\",\"target\":{\"@type\":\"EntryPoint\",\"urlTemplate\":\"https:\/\/www.revue3emillenaire.com\/blog\/?s={search_term_string}\"},\"query-input\":{\"@type\":\"PropertyValueSpecification\",\"valueRequired\":true,\"valueName\":\"search_term_string\"}}],\"inLanguage\":\"fr-FR\"},{\"@type\":\"Person\",\"@id\":\"https:\/\/www.revue3emillenaire.com\/blog\/#\/schema\/person\/b692dacff720a5344a6190bc714397eb\",\"name\":\"3e mill\u00e9naire\",\"url\":\"https:\/\/www.revue3emillenaire.com\/blog\/author\/scoussa\/\"}]}<\/script>\n<!-- \/ Yoast SEO plugin. -->","yoast_head_json":{"title":"Le cerveau et la pens\u00e9e par Claude Tresmontant - 3e mill\u00e9naire - Spiritualit\u00e9 - Connaissance de soi - Non-dualit\u00e9 - M\u00e9ditation","robots":{"index":"index","follow":"follow","max-snippet":"max-snippet:-1","max-image-preview":"max-image-preview:large","max-video-preview":"max-video-preview:-1"},"canonical":"https:\/\/www.revue3emillenaire.com\/blog\/le-cerveau-et-la-pensee-par-claude-tresmontant\/","og_locale":"fr_FR","og_type":"article","og_title":"Le cerveau et la pens\u00e9e par Claude Tresmontant - 3e mill\u00e9naire - Spiritualit\u00e9 - Connaissance de soi - Non-dualit\u00e9 - M\u00e9ditation","og_description":"Dans l\u2019histoire de l\u2019Univers et de la nature que nous connaissons maintenant sur une dur\u00e9e de quelque vingt milliards d\u2019ann\u00e9es, le cerveau de l\u2019Homme est le syst\u00e8me le plus compliqu\u00e9 que nous connaissions. Cent ou deux cents milliards de neurones, selon les estimations, et des milliers de connexions entre chaque neurone. Le syst\u00e8me le plus [&hellip;]","og_url":"https:\/\/www.revue3emillenaire.com\/blog\/le-cerveau-et-la-pensee-par-claude-tresmontant\/","og_site_name":"3e mill\u00e9naire - Spiritualit\u00e9 - Connaissance de soi - Non-dualit\u00e9 - M\u00e9ditation","article_published_time":"2024-01-28T14:22:04+00:00","og_image":[{"width":253,"height":289,"url":"https:\/\/www.revue3emillenaire.com\/blog\/wp-content\/uploads\/2017\/08\/Claude-Tresmontant.jpg","type":"image\/jpeg"}],"author":"3e mill\u00e9naire","twitter_card":"summary_large_image","twitter_misc":{"\u00c9crit par":"3e mill\u00e9naire","Dur\u00e9e de lecture estim\u00e9e":"25 minutes"},"schema":{"@context":"https:\/\/schema.org","@graph":[{"@type":"Article","@id":"https:\/\/www.revue3emillenaire.com\/blog\/le-cerveau-et-la-pensee-par-claude-tresmontant\/#article","isPartOf":{"@id":"https:\/\/www.revue3emillenaire.com\/blog\/le-cerveau-et-la-pensee-par-claude-tresmontant\/"},"author":{"name":"3e mill\u00e9naire","@id":"https:\/\/www.revue3emillenaire.com\/blog\/#\/schema\/person\/b692dacff720a5344a6190bc714397eb"},"headline":"Le cerveau et la pens\u00e9e par Claude Tresmontant","datePublished":"2024-01-28T14:22:04+00:00","mainEntityOfPage":{"@id":"https:\/\/www.revue3emillenaire.com\/blog\/le-cerveau-et-la-pensee-par-claude-tresmontant\/"},"wordCount":5725,"image":{"@id":"https:\/\/www.revue3emillenaire.com\/blog\/le-cerveau-et-la-pensee-par-claude-tresmontant\/#primaryimage"},"thumbnailUrl":"https:\/\/www.revue3emillenaire.com\/blog\/wp-content\/uploads\/2017\/08\/Claude-Tresmontant.jpg","keywords":["Aristote","Information","sicence et conscience"],"articleSection":["Tresmontant Claude"],"inLanguage":"fr-FR"},{"@type":"WebPage","@id":"https:\/\/www.revue3emillenaire.com\/blog\/le-cerveau-et-la-pensee-par-claude-tresmontant\/","url":"https:\/\/www.revue3emillenaire.com\/blog\/le-cerveau-et-la-pensee-par-claude-tresmontant\/","name":"Le cerveau et la pens\u00e9e par Claude Tresmontant - 3e mill\u00e9naire - Spiritualit\u00e9 - Connaissance de soi - Non-dualit\u00e9 - M\u00e9ditation","isPartOf":{"@id":"https:\/\/www.revue3emillenaire.com\/blog\/#website"},"primaryImageOfPage":{"@id":"https:\/\/www.revue3emillenaire.com\/blog\/le-cerveau-et-la-pensee-par-claude-tresmontant\/#primaryimage"},"image":{"@id":"https:\/\/www.revue3emillenaire.com\/blog\/le-cerveau-et-la-pensee-par-claude-tresmontant\/#primaryimage"},"thumbnailUrl":"https:\/\/www.revue3emillenaire.com\/blog\/wp-content\/uploads\/2017\/08\/Claude-Tresmontant.jpg","datePublished":"2024-01-28T14:22:04+00:00","author":{"@id":"https:\/\/www.revue3emillenaire.com\/blog\/#\/schema\/person\/b692dacff720a5344a6190bc714397eb"},"breadcrumb":{"@id":"https:\/\/www.revue3emillenaire.com\/blog\/le-cerveau-et-la-pensee-par-claude-tresmontant\/#breadcrumb"},"inLanguage":"fr-FR","potentialAction":[{"@type":"ReadAction","target":["https:\/\/www.revue3emillenaire.com\/blog\/le-cerveau-et-la-pensee-par-claude-tresmontant\/"]}]},{"@type":"ImageObject","inLanguage":"fr-FR","@id":"https:\/\/www.revue3emillenaire.com\/blog\/le-cerveau-et-la-pensee-par-claude-tresmontant\/#primaryimage","url":"https:\/\/www.revue3emillenaire.com\/blog\/wp-content\/uploads\/2017\/08\/Claude-Tresmontant.jpg","contentUrl":"https:\/\/www.revue3emillenaire.com\/blog\/wp-content\/uploads\/2017\/08\/Claude-Tresmontant.jpg","width":253,"height":289},{"@type":"BreadcrumbList","@id":"https:\/\/www.revue3emillenaire.com\/blog\/le-cerveau-et-la-pensee-par-claude-tresmontant\/#breadcrumb","itemListElement":[{"@type":"ListItem","position":1,"name":"Accueil","item":"https:\/\/www.revue3emillenaire.com\/blog\/"},{"@type":"ListItem","position":2,"name":"Le cerveau et la pens\u00e9e par Claude Tresmontant"}]},{"@type":"WebSite","@id":"https:\/\/www.revue3emillenaire.com\/blog\/#website","url":"https:\/\/www.revue3emillenaire.com\/blog\/","name":"3e mill\u00e9naire - Spiritualit\u00e9 - Connaissance de soi - Non-dualit\u00e9 - M\u00e9ditation","description":"L&#039;Homme en devenir","potentialAction":[{"@type":"SearchAction","target":{"@type":"EntryPoint","urlTemplate":"https:\/\/www.revue3emillenaire.com\/blog\/?s={search_term_string}"},"query-input":{"@type":"PropertyValueSpecification","valueRequired":true,"valueName":"search_term_string"}}],"inLanguage":"fr-FR"},{"@type":"Person","@id":"https:\/\/www.revue3emillenaire.com\/blog\/#\/schema\/person\/b692dacff720a5344a6190bc714397eb","name":"3e mill\u00e9naire","url":"https:\/\/www.revue3emillenaire.com\/blog\/author\/scoussa\/"}]}},"_links":{"self":[{"href":"https:\/\/www.revue3emillenaire.com\/blog\/wp-json\/wp\/v2\/posts\/19700","targetHints":{"allow":["GET"]}}],"collection":[{"href":"https:\/\/www.revue3emillenaire.com\/blog\/wp-json\/wp\/v2\/posts"}],"about":[{"href":"https:\/\/www.revue3emillenaire.com\/blog\/wp-json\/wp\/v2\/types\/post"}],"author":[{"embeddable":true,"href":"https:\/\/www.revue3emillenaire.com\/blog\/wp-json\/wp\/v2\/users\/2"}],"replies":[{"embeddable":true,"href":"https:\/\/www.revue3emillenaire.com\/blog\/wp-json\/wp\/v2\/comments?post=19700"}],"version-history":[{"count":0,"href":"https:\/\/www.revue3emillenaire.com\/blog\/wp-json\/wp\/v2\/posts\/19700\/revisions"}],"wp:featuredmedia":[{"embeddable":true,"href":"https:\/\/www.revue3emillenaire.com\/blog\/wp-json\/wp\/v2\/media\/17574"}],"wp:attachment":[{"href":"https:\/\/www.revue3emillenaire.com\/blog\/wp-json\/wp\/v2\/media?parent=19700"}],"wp:term":[{"taxonomy":"category","embeddable":true,"href":"https:\/\/www.revue3emillenaire.com\/blog\/wp-json\/wp\/v2\/categories?post=19700"},{"taxonomy":"post_tag","embeddable":true,"href":"https:\/\/www.revue3emillenaire.com\/blog\/wp-json\/wp\/v2\/tags?post=19700"}],"curies":[{"name":"wp","href":"https:\/\/api.w.org\/{rel}","templated":true}]}}