{"id":19731,"date":"2024-01-28T15:22:16","date_gmt":"2024-01-28T14:22:16","guid":{"rendered":"https:\/\/www.revue3emillenaire.com\/blog\/?p=19731"},"modified":"2024-01-28T15:22:16","modified_gmt":"2024-01-28T14:22:16","slug":"lintelligence-supreme-par-vimala-thakar","status":"publish","type":"post","link":"https:\/\/www.revue3emillenaire.com\/blog\/lintelligence-supreme-par-vimala-thakar\/","title":{"rendered":"L\u2019intelligence supr\u00eame par Vimala Thakar"},"content":{"rendered":"<p align=\"justify\"><span style=\"color: #000000;\"><span style=\"font-size: medium;\"><i>Traduction libre<\/i><\/span><\/span><\/p>\n<p align=\"justify\"><span style=\"color: #000000;\"><span style=\"font-size: medium;\">Aujourd\u2019hui, le corps est r\u00e9duit \u00e0 un champ du vide o\u00f9 la parole semble s\u2019\u00eatre dilu\u00e9e dans le silence. Depuis un certain temps, on essaie de persuader la parole de revenir et de rassembler les mots qui se sont cach\u00e9s.<\/span><\/span><\/p>\n<p align=\"justify\"><span style=\"color: #000000;\"><span style=\"font-size: medium;\">Je ne sais pas si vous avez d\u00e9j\u00e0 observ\u00e9 ou si cela vous est d\u00e9j\u00e0 arriv\u00e9, que le mot commence \u00e0 se fondre dans des ondes sonores n\u00e9buleuses et que les ondes sonores s\u2019\u00e9vanouissent dans un silence sans sons. Votre corps devient un champ du vide\u00a0? Il y a une question\u00a0: \u00ab\u00a0<\/span><\/span><span style=\"color: #000000;\"><span style=\"font-size: medium;\"><i>Y a-t-il des dimensions dans l\u2019Intelligence Supr\u00eame et y a-t-il une diff\u00e9rence de qualit\u00e9 dans l\u2019Ordre qui est le mouvement de l\u2019Intelligence, qui se manifeste dans un brin d\u2019herbe et dans la vie humaine\u00a0?<\/i><\/span><\/span><span style=\"color: #000000;\"><span style=\"font-size: medium;\">\u00a0\u00bb<\/span><\/span><\/p>\n<p align=\"justify\"><span style=\"color: #000000;\"><span style=\"font-size: medium;\">Le mot \u00ab\u00a0Supr\u00eame\u00a0\u00bb n\u2019indique-t-il pas qu\u2019il n\u2019y a rien au-del\u00e0 de lui, le mot \u00ab\u00a0Supr\u00eame\u00a0\u00bb indique qu\u2019il impr\u00e8gne tout ce qui existe dans le cosmos. S\u2019il n\u2019est pas omnipr\u00e9sent et absolu, s\u2019il n\u2019est pas le fondement m\u00eame de l\u2019\u00eatre, le fondement m\u00eame de toute existence, on ne peut pas le qualifier de Supr\u00eame. La supr\u00e9matie semble connoter l\u2019absoluit\u00e9 et l\u2019impr\u00e9gnation.<\/span><\/span><\/p>\n<p align=\"justify\"><span style=\"color: #000000;\"><span style=\"font-size: medium;\">L\u2019intelligence semble \u00eatre une \u00e9nergie. L\u2019intelligence supr\u00eame signifie l\u2019\u00e9nergie supr\u00eame \u2014 l\u2019\u00e9nergie supr\u00eame, absolue et omnipr\u00e9sente \u2014 qui maintient l\u2019harmonie dans l\u2019existence cosmique. Comme elle est omnipr\u00e9sente, il ne peut y avoir de diff\u00e9rence de qualit\u00e9 dans l\u2019Intelligence elle-m\u00eame. L\u2019\u00e9nergie de l\u2019intelligence, l\u2019\u00e9nergie de l\u2019harmonie, se manifeste \u00e0 travers une substance. L\u2019\u00e9nergie se solidifie en neutrons, protons et atomes. Les atomes deviennent alors le contenu des mol\u00e9cules et les mol\u00e9cules s\u2019assemblent pour organiser ce que nous appelons une substance.<\/span><\/span><\/p>\n<p align=\"justify\"><span style=\"color: #000000;\"><span style=\"font-size: medium;\">Dans et \u00e0 travers la substance, l\u2019\u00e9nergie de l\u2019Harmonie qui est ordre, l\u2019\u00e9nergie de l\u2019Intelligence se manifeste. L\u00e0 o\u00f9 il y a du chaos, il y a de la stupidit\u00e9. Partout o\u00f9 il y a un ordre organique, harmonieux, spontan\u00e9, il semble y avoir de l\u2019Intelligence.<\/span><\/span><\/p>\n<p align=\"justify\"><span style=\"color: #000000;\"><span style=\"font-size: medium;\">Nous devrons faire la diff\u00e9rence, en poursuivant, entre l\u2019ordre que la pens\u00e9e humaine cr\u00e9e dans tout ce qu\u2019elle construit et l\u2019ordre que l\u2019on trouve dans le cosmos.<\/span><\/span><\/p>\n<p align=\"justify\"><span style=\"color: #000000;\"><span style=\"font-size: medium;\">L\u2019\u00e9nergie se solidifie en prenant la forme de mol\u00e9cules, d\u2019atomes, puis s\u2019assemble harmonieusement, s\u2019organisant en substance. La substance manifeste cette intelligence par une harmonie int\u00e9gr\u00e9e, un ordre spontan\u00e9 int\u00e9gr\u00e9. Cet ordre spontan\u00e9, cette harmonie spontan\u00e9e, s\u2019exprime dans un brin d\u2019herbe, dans l\u2019\u00e9coulement des ruisseaux et des rivi\u00e8res, dans la croissance des arbres, dans les montagnes, etc. Mais il s\u2019agit d\u2019une manifestation limit\u00e9e du Supr\u00eame. Si vous avez un rosier dans votre jardin et qu\u2019un ami vous dit pourquoi ne pas greffer une autre vari\u00e9t\u00e9 de rose sur ce beau plant, vous obtiendrez une vari\u00e9t\u00e9 sup\u00e9rieure \u2014 lorsque vous le faites, l\u2019ordre change et vous obtenez des fleurs de couleur, de parfum, de beaut\u00e9, etc. diff\u00e9rents. Ainsi, l\u2019ordre spontan\u00e9 et intelligent du rosier est conditionn\u00e9, modifi\u00e9 et c\u00e8de au changement d\u2019un nouvel ordre lorsque l\u2019\u00eatre humain intervient. Il c\u00e8de aux changements, il succombe aux conditionnements. On peut aussi le faire avec les cultures, les animaux, les oiseaux et maintenant avec les \u00eatres humains sous le nom de g\u00e9nie g\u00e9n\u00e9tique.<\/span><\/span><\/p>\n<p align=\"justify\"><span style=\"color: #000000;\"><span style=\"font-size: medium;\">Bien que l\u2019\u00e9nergie de l\u2019Intelligence soit la m\u00eame, elle est devenue limit\u00e9e, restreinte d\u00e8s qu\u2019elle est devenue une substance.<\/span><\/span><\/p>\n<p align=\"justify\"><span style=\"color: #000000;\"><span style=\"font-size: medium;\">Si nous passons de l\u2019image d\u2019une plante \u00e0 celle de l\u2019esp\u00e8ce humaine, nous pouvons remarquer deux types d\u2019ordre\u00a0: L\u2019un, contenu dans la structure biologique et qui est semblable \u00e0 l\u2019ordre qui r\u00e8gne dans le monde animal, le monde min\u00e9ral et le monde v\u00e9g\u00e9tal \u2014 une harmonie et un ordre, beaux et spontan\u00e9s.<\/span><\/span><\/p>\n<p align=\"justify\"><span style=\"color: #000000;\"><span style=\"font-size: medium;\">Je me demande si vous avez \u00e9tudi\u00e9 et observ\u00e9 ce qui se passe au moment de la conception et comment l\u2019enfant na\u00eet dans la m\u00e8re, y cro\u00eet et y na\u00eet. C\u2019est une merveilleuse intelligence. Tout l\u2019\u00eatre humain est contenu dans le petit ventre de la m\u00e8re. Ce n\u2019est pas un ordre cr\u00e9\u00e9 par l\u2019homme.<\/span><\/span><\/p>\n<p align=\"justify\"><span style=\"color: #000000;\"><span style=\"font-size: medium;\">Deuxi\u00e8mement, l\u2019esp\u00e8ce humaine a construit un ordre psychologique dans cet organisme biologique. Elle a essay\u00e9 de conditionner et de modifier le syst\u00e8me neurochimique du corps. Elle a essay\u00e9 de le conditionner par des sons, \u00e0 l\u2019aide de mots \u2014 en leur conf\u00e9rant un sens, en construisant des pens\u00e9es et des id\u00e9es. C\u2019est ainsi que se construit l\u2019organisme psychologique, invisible, qui n\u2019a qu\u2019une existence vibratoire. Il a un ordre, mais c\u2019est un ordre m\u00e9canique.<\/span><\/span><\/p>\n<p align=\"justify\"><span style=\"color: #000000;\"><span style=\"font-size: medium;\">L\u2019esp\u00e8ce humaine a cr\u00e9\u00e9 \u00e0 l\u2019ext\u00e9rieur de la peau, dans la vie collective, une vari\u00e9t\u00e9 d\u2019ordres\u00a0: de la science et de la technologie aux ordres politique, \u00e9conomique, \u00e9thique, th\u00e9ologique. Ici, ce n\u2019est que l\u2019\u00e9nergie de la pens\u00e9e qui fonctionne. Elle se fait avec l\u2019aide du cerveau et n\u2019a pas d\u2019intelligence. Il s\u2019agit d\u2019une activit\u00e9 constructive. Il n\u2019y a pas de cr\u00e9ativit\u00e9. Il y a un mouvement de la cr\u00e9ativit\u00e9, lorsque l\u2019enfant na\u00eet de vous, vous participez \u00e0 l\u2019\u00e9nergie cr\u00e9atrice de l\u2019intelligence cosmique. Mais ici, il s\u2019agit d\u2019un ordre m\u00e9canique. La voiture est un ordre m\u00e9canique froid. Et une voiture ne peut pas produire une autre voiture.<\/span><\/span><\/p>\n<p align=\"justify\"><span style=\"color: #000000;\"><span style=\"font-size: medium;\">Nous ne parlons pas de l\u2019ordre m\u00e9canique. Nous nous demandons s\u2019il existe une diff\u00e9rence dans la qualit\u00e9 de l\u2019ordre manifest\u00e9 dans un brin d\u2019herbe et dans la vie humaine.<\/span><\/span><\/p>\n<p align=\"justify\"><span style=\"color: #000000;\"><span style=\"font-size: medium;\">Je pense que la substance dont est constitu\u00e9 le corps humain est plus d\u00e9velopp\u00e9e que le brin d\u2019herbe ou le corps de l\u2019aigle, du cheval, etc. Elle a connu une \u00e9volution. Cette formation de substance a \u00e9t\u00e9 raffin\u00e9e et sophistiqu\u00e9e. L\u2019\u00e9volution biologique a pris des millions d\u2019ann\u00e9es apr\u00e8s le \u00ab\u00a0big bang\u00a0\u00bb.<\/span><\/span><\/p>\n<p align=\"justify\"><span style=\"color: #000000;\"><span style=\"font-size: medium;\">L\u2019organisme humain est plus sensible. L\u2019\u00e9nergie de l\u2019Intelligence exprim\u00e9e \u00e0 travers la substance du corps humain semble plus \u00e9loquente. Elle s\u2019enrichit d\u2019une conscience de soi qui n\u2019est pas un produit de la pens\u00e9e. Personne n\u2019a besoin de vous dire que \u00ab\u00a0vous \u00eates\u00a0\u00bb. Quelqu\u2019un peut vous dire que vous \u00eates un Hindou, un Indien. Cette qualit\u00e9 d\u2019\u00eatre (Je Suis, I-amness)<\/span><\/span> <span style=\"color: #000000;\"><span style=\"font-size: medium;\">peut \u00eatre limit\u00e9e par la race, la religion, la nationalit\u00e9, mais personne n\u2019a besoin de vous dire que \u00ab\u00a0vous \u00eates\u00a0\u00bb. Vous ne le prenez pas pour acquis, mais vous avez conscience d\u2019exister. C\u2019est pourquoi on dit qu\u2019il est si pr\u00e9cieux de na\u00eetre dans un corps humain.<\/span><\/span><\/p>\n<p align=\"justify\"><span style=\"color: #000000;\"><span style=\"font-size: medium;\">Cette intelligence supr\u00eame peut se manifester d\u2019innombrables fa\u00e7ons dans un \u00eatre humain. Il n\u2019y aura pas qu\u2019un mouvement unidimensionnel. L\u2019\u00eatre humain est une cr\u00e9ature multidimensionnelle. Il est possible pour un \u00eatre humain de transcender l\u2019ordre, l\u2019\u00e9nergie individualis\u00e9e de l\u2019intelligence et de fusionner avec l\u2019\u00e9nergie cosmique non individualis\u00e9e et non diff\u00e9renci\u00e9e de l\u2019Intelligence supr\u00eame.<\/span><\/span><\/p>\n<p align=\"justify\"><span style=\"color: #000000;\"><span style=\"font-size: medium;\">Entour\u00e9 par la relativit\u00e9 de la forme humaine et emp\u00eatr\u00e9 dans la structure de la pens\u00e9e, de l\u2019exp\u00e9rience, de la m\u00e9moire, etc., il est encore possible de se lib\u00e9rer de cette limitation, de cette individualit\u00e9 et de se fondre dans l\u2019illimit\u00e9 de l\u2019Intelligence supr\u00eame.<\/span><\/span><\/p>\n","protected":false},"excerpt":{"rendered":"<p>Traduction libre Aujourd\u2019hui, le corps est r\u00e9duit \u00e0 un champ du vide o\u00f9 la parole semble s\u2019\u00eatre dilu\u00e9e dans le silence. Depuis un certain temps, on essaie de persuader la parole de revenir et de rassembler les mots qui se sont cach\u00e9s. Je ne sais pas si vous avez d\u00e9j\u00e0 observ\u00e9 ou si cela vous [&hellip;]<\/p>\n","protected":false},"author":2,"featured_media":17288,"comment_status":"closed","ping_status":"closed","sticky":false,"template":"","format":"standard","meta":{"footnotes":""},"categories":[1369],"tags":[136],"class_list":["post-19731","post","type-post","status-publish","format-standard","has-post-thumbnail","hentry","category-thakar-vimala","tag-connaissance-de-soi"],"yoast_head":"<!-- This site is optimized with the Yoast SEO plugin v27.0 - https:\/\/yoast.com\/product\/yoast-seo-wordpress\/ -->\n<title>L\u2019intelligence supr\u00eame par Vimala Thakar - 3e mill\u00e9naire - Spiritualit\u00e9 - Connaissance de soi - Non-dualit\u00e9 - M\u00e9ditation<\/title>\n<meta name=\"robots\" content=\"index, follow, max-snippet:-1, max-image-preview:large, max-video-preview:-1\" \/>\n<link rel=\"canonical\" href=\"https:\/\/www.revue3emillenaire.com\/blog\/lintelligence-supreme-par-vimala-thakar\/\" \/>\n<meta property=\"og:locale\" content=\"fr_FR\" \/>\n<meta property=\"og:type\" content=\"article\" \/>\n<meta property=\"og:title\" content=\"L\u2019intelligence supr\u00eame par Vimala Thakar - 3e mill\u00e9naire - Spiritualit\u00e9 - Connaissance de soi - Non-dualit\u00e9 - M\u00e9ditation\" \/>\n<meta property=\"og:description\" content=\"Traduction libre Aujourd\u2019hui, le corps est r\u00e9duit \u00e0 un champ du vide o\u00f9 la parole semble s\u2019\u00eatre dilu\u00e9e dans le silence. Depuis un certain temps, on essaie de persuader la parole de revenir et de rassembler les mots qui se sont cach\u00e9s. Je ne sais pas si vous avez d\u00e9j\u00e0 observ\u00e9 ou si cela vous [&hellip;]\" \/>\n<meta property=\"og:url\" content=\"https:\/\/www.revue3emillenaire.com\/blog\/lintelligence-supreme-par-vimala-thakar\/\" \/>\n<meta property=\"og:site_name\" content=\"3e mill\u00e9naire - Spiritualit\u00e9 - Connaissance de soi - Non-dualit\u00e9 - M\u00e9ditation\" \/>\n<meta property=\"article:published_time\" content=\"2024-01-28T14:22:16+00:00\" \/>\n<meta property=\"og:image\" content=\"https:\/\/www.revue3emillenaire.com\/blog\/wp-content\/uploads\/2016\/09\/vimala-thakar.jpg\" \/>\n\t<meta property=\"og:image:width\" content=\"351\" \/>\n\t<meta property=\"og:image:height\" content=\"358\" \/>\n\t<meta property=\"og:image:type\" content=\"image\/jpeg\" \/>\n<meta name=\"author\" content=\"3e mill\u00e9naire\" \/>\n<meta name=\"twitter:card\" content=\"summary_large_image\" \/>\n<meta name=\"twitter:label1\" content=\"\u00c9crit par\" \/>\n\t<meta name=\"twitter:data1\" content=\"3e mill\u00e9naire\" \/>\n\t<meta name=\"twitter:label2\" content=\"Dur\u00e9e de lecture estim\u00e9e\" \/>\n\t<meta name=\"twitter:data2\" content=\"6 minutes\" \/>\n<script type=\"application\/ld+json\" class=\"yoast-schema-graph\">{\"@context\":\"https:\/\/schema.org\",\"@graph\":[{\"@type\":\"Article\",\"@id\":\"https:\/\/www.revue3emillenaire.com\/blog\/lintelligence-supreme-par-vimala-thakar\/#article\",\"isPartOf\":{\"@id\":\"https:\/\/www.revue3emillenaire.com\/blog\/lintelligence-supreme-par-vimala-thakar\/\"},\"author\":{\"name\":\"3e mill\u00e9naire\",\"@id\":\"https:\/\/www.revue3emillenaire.com\/blog\/#\/schema\/person\/b692dacff720a5344a6190bc714397eb\"},\"headline\":\"L\u2019intelligence supr\u00eame par Vimala Thakar\",\"datePublished\":\"2024-01-28T14:22:16+00:00\",\"mainEntityOfPage\":{\"@id\":\"https:\/\/www.revue3emillenaire.com\/blog\/lintelligence-supreme-par-vimala-thakar\/\"},\"wordCount\":1314,\"image\":{\"@id\":\"https:\/\/www.revue3emillenaire.com\/blog\/lintelligence-supreme-par-vimala-thakar\/#primaryimage\"},\"thumbnailUrl\":\"https:\/\/www.revue3emillenaire.com\/blog\/wp-content\/uploads\/2016\/09\/vimala-thakar.jpg\",\"keywords\":[\"connaissance de soi\"],\"articleSection\":[\"Thakar Vimala\"],\"inLanguage\":\"fr-FR\"},{\"@type\":\"WebPage\",\"@id\":\"https:\/\/www.revue3emillenaire.com\/blog\/lintelligence-supreme-par-vimala-thakar\/\",\"url\":\"https:\/\/www.revue3emillenaire.com\/blog\/lintelligence-supreme-par-vimala-thakar\/\",\"name\":\"L\u2019intelligence supr\u00eame par Vimala Thakar - 3e mill\u00e9naire - Spiritualit\u00e9 - Connaissance de soi - Non-dualit\u00e9 - M\u00e9ditation\",\"isPartOf\":{\"@id\":\"https:\/\/www.revue3emillenaire.com\/blog\/#website\"},\"primaryImageOfPage\":{\"@id\":\"https:\/\/www.revue3emillenaire.com\/blog\/lintelligence-supreme-par-vimala-thakar\/#primaryimage\"},\"image\":{\"@id\":\"https:\/\/www.revue3emillenaire.com\/blog\/lintelligence-supreme-par-vimala-thakar\/#primaryimage\"},\"thumbnailUrl\":\"https:\/\/www.revue3emillenaire.com\/blog\/wp-content\/uploads\/2016\/09\/vimala-thakar.jpg\",\"datePublished\":\"2024-01-28T14:22:16+00:00\",\"author\":{\"@id\":\"https:\/\/www.revue3emillenaire.com\/blog\/#\/schema\/person\/b692dacff720a5344a6190bc714397eb\"},\"breadcrumb\":{\"@id\":\"https:\/\/www.revue3emillenaire.com\/blog\/lintelligence-supreme-par-vimala-thakar\/#breadcrumb\"},\"inLanguage\":\"fr-FR\",\"potentialAction\":[{\"@type\":\"ReadAction\",\"target\":[\"https:\/\/www.revue3emillenaire.com\/blog\/lintelligence-supreme-par-vimala-thakar\/\"]}]},{\"@type\":\"ImageObject\",\"inLanguage\":\"fr-FR\",\"@id\":\"https:\/\/www.revue3emillenaire.com\/blog\/lintelligence-supreme-par-vimala-thakar\/#primaryimage\",\"url\":\"https:\/\/www.revue3emillenaire.com\/blog\/wp-content\/uploads\/2016\/09\/vimala-thakar.jpg\",\"contentUrl\":\"https:\/\/www.revue3emillenaire.com\/blog\/wp-content\/uploads\/2016\/09\/vimala-thakar.jpg\",\"width\":351,\"height\":358},{\"@type\":\"BreadcrumbList\",\"@id\":\"https:\/\/www.revue3emillenaire.com\/blog\/lintelligence-supreme-par-vimala-thakar\/#breadcrumb\",\"itemListElement\":[{\"@type\":\"ListItem\",\"position\":1,\"name\":\"Accueil\",\"item\":\"https:\/\/www.revue3emillenaire.com\/blog\/\"},{\"@type\":\"ListItem\",\"position\":2,\"name\":\"L\u2019intelligence supr\u00eame par Vimala Thakar\"}]},{\"@type\":\"WebSite\",\"@id\":\"https:\/\/www.revue3emillenaire.com\/blog\/#website\",\"url\":\"https:\/\/www.revue3emillenaire.com\/blog\/\",\"name\":\"3e mill\u00e9naire - Spiritualit\u00e9 - Connaissance de soi - Non-dualit\u00e9 - M\u00e9ditation\",\"description\":\"L&#039;Homme en devenir\",\"potentialAction\":[{\"@type\":\"SearchAction\",\"target\":{\"@type\":\"EntryPoint\",\"urlTemplate\":\"https:\/\/www.revue3emillenaire.com\/blog\/?s={search_term_string}\"},\"query-input\":{\"@type\":\"PropertyValueSpecification\",\"valueRequired\":true,\"valueName\":\"search_term_string\"}}],\"inLanguage\":\"fr-FR\"},{\"@type\":\"Person\",\"@id\":\"https:\/\/www.revue3emillenaire.com\/blog\/#\/schema\/person\/b692dacff720a5344a6190bc714397eb\",\"name\":\"3e mill\u00e9naire\",\"url\":\"https:\/\/www.revue3emillenaire.com\/blog\/author\/scoussa\/\"}]}<\/script>\n<!-- \/ Yoast SEO plugin. -->","yoast_head_json":{"title":"L\u2019intelligence supr\u00eame par Vimala Thakar - 3e mill\u00e9naire - Spiritualit\u00e9 - Connaissance de soi - Non-dualit\u00e9 - M\u00e9ditation","robots":{"index":"index","follow":"follow","max-snippet":"max-snippet:-1","max-image-preview":"max-image-preview:large","max-video-preview":"max-video-preview:-1"},"canonical":"https:\/\/www.revue3emillenaire.com\/blog\/lintelligence-supreme-par-vimala-thakar\/","og_locale":"fr_FR","og_type":"article","og_title":"L\u2019intelligence supr\u00eame par Vimala Thakar - 3e mill\u00e9naire - Spiritualit\u00e9 - Connaissance de soi - Non-dualit\u00e9 - M\u00e9ditation","og_description":"Traduction libre Aujourd\u2019hui, le corps est r\u00e9duit \u00e0 un champ du vide o\u00f9 la parole semble s\u2019\u00eatre dilu\u00e9e dans le silence. Depuis un certain temps, on essaie de persuader la parole de revenir et de rassembler les mots qui se sont cach\u00e9s. Je ne sais pas si vous avez d\u00e9j\u00e0 observ\u00e9 ou si cela vous [&hellip;]","og_url":"https:\/\/www.revue3emillenaire.com\/blog\/lintelligence-supreme-par-vimala-thakar\/","og_site_name":"3e mill\u00e9naire - Spiritualit\u00e9 - Connaissance de soi - Non-dualit\u00e9 - M\u00e9ditation","article_published_time":"2024-01-28T14:22:16+00:00","og_image":[{"width":351,"height":358,"url":"https:\/\/www.revue3emillenaire.com\/blog\/wp-content\/uploads\/2016\/09\/vimala-thakar.jpg","type":"image\/jpeg"}],"author":"3e mill\u00e9naire","twitter_card":"summary_large_image","twitter_misc":{"\u00c9crit par":"3e mill\u00e9naire","Dur\u00e9e de lecture estim\u00e9e":"6 minutes"},"schema":{"@context":"https:\/\/schema.org","@graph":[{"@type":"Article","@id":"https:\/\/www.revue3emillenaire.com\/blog\/lintelligence-supreme-par-vimala-thakar\/#article","isPartOf":{"@id":"https:\/\/www.revue3emillenaire.com\/blog\/lintelligence-supreme-par-vimala-thakar\/"},"author":{"name":"3e mill\u00e9naire","@id":"https:\/\/www.revue3emillenaire.com\/blog\/#\/schema\/person\/b692dacff720a5344a6190bc714397eb"},"headline":"L\u2019intelligence supr\u00eame par Vimala Thakar","datePublished":"2024-01-28T14:22:16+00:00","mainEntityOfPage":{"@id":"https:\/\/www.revue3emillenaire.com\/blog\/lintelligence-supreme-par-vimala-thakar\/"},"wordCount":1314,"image":{"@id":"https:\/\/www.revue3emillenaire.com\/blog\/lintelligence-supreme-par-vimala-thakar\/#primaryimage"},"thumbnailUrl":"https:\/\/www.revue3emillenaire.com\/blog\/wp-content\/uploads\/2016\/09\/vimala-thakar.jpg","keywords":["connaissance de soi"],"articleSection":["Thakar Vimala"],"inLanguage":"fr-FR"},{"@type":"WebPage","@id":"https:\/\/www.revue3emillenaire.com\/blog\/lintelligence-supreme-par-vimala-thakar\/","url":"https:\/\/www.revue3emillenaire.com\/blog\/lintelligence-supreme-par-vimala-thakar\/","name":"L\u2019intelligence supr\u00eame par Vimala Thakar - 3e mill\u00e9naire - Spiritualit\u00e9 - Connaissance de soi - Non-dualit\u00e9 - M\u00e9ditation","isPartOf":{"@id":"https:\/\/www.revue3emillenaire.com\/blog\/#website"},"primaryImageOfPage":{"@id":"https:\/\/www.revue3emillenaire.com\/blog\/lintelligence-supreme-par-vimala-thakar\/#primaryimage"},"image":{"@id":"https:\/\/www.revue3emillenaire.com\/blog\/lintelligence-supreme-par-vimala-thakar\/#primaryimage"},"thumbnailUrl":"https:\/\/www.revue3emillenaire.com\/blog\/wp-content\/uploads\/2016\/09\/vimala-thakar.jpg","datePublished":"2024-01-28T14:22:16+00:00","author":{"@id":"https:\/\/www.revue3emillenaire.com\/blog\/#\/schema\/person\/b692dacff720a5344a6190bc714397eb"},"breadcrumb":{"@id":"https:\/\/www.revue3emillenaire.com\/blog\/lintelligence-supreme-par-vimala-thakar\/#breadcrumb"},"inLanguage":"fr-FR","potentialAction":[{"@type":"ReadAction","target":["https:\/\/www.revue3emillenaire.com\/blog\/lintelligence-supreme-par-vimala-thakar\/"]}]},{"@type":"ImageObject","inLanguage":"fr-FR","@id":"https:\/\/www.revue3emillenaire.com\/blog\/lintelligence-supreme-par-vimala-thakar\/#primaryimage","url":"https:\/\/www.revue3emillenaire.com\/blog\/wp-content\/uploads\/2016\/09\/vimala-thakar.jpg","contentUrl":"https:\/\/www.revue3emillenaire.com\/blog\/wp-content\/uploads\/2016\/09\/vimala-thakar.jpg","width":351,"height":358},{"@type":"BreadcrumbList","@id":"https:\/\/www.revue3emillenaire.com\/blog\/lintelligence-supreme-par-vimala-thakar\/#breadcrumb","itemListElement":[{"@type":"ListItem","position":1,"name":"Accueil","item":"https:\/\/www.revue3emillenaire.com\/blog\/"},{"@type":"ListItem","position":2,"name":"L\u2019intelligence supr\u00eame par Vimala Thakar"}]},{"@type":"WebSite","@id":"https:\/\/www.revue3emillenaire.com\/blog\/#website","url":"https:\/\/www.revue3emillenaire.com\/blog\/","name":"3e mill\u00e9naire - Spiritualit\u00e9 - Connaissance de soi - Non-dualit\u00e9 - M\u00e9ditation","description":"L&#039;Homme en devenir","potentialAction":[{"@type":"SearchAction","target":{"@type":"EntryPoint","urlTemplate":"https:\/\/www.revue3emillenaire.com\/blog\/?s={search_term_string}"},"query-input":{"@type":"PropertyValueSpecification","valueRequired":true,"valueName":"search_term_string"}}],"inLanguage":"fr-FR"},{"@type":"Person","@id":"https:\/\/www.revue3emillenaire.com\/blog\/#\/schema\/person\/b692dacff720a5344a6190bc714397eb","name":"3e mill\u00e9naire","url":"https:\/\/www.revue3emillenaire.com\/blog\/author\/scoussa\/"}]}},"_links":{"self":[{"href":"https:\/\/www.revue3emillenaire.com\/blog\/wp-json\/wp\/v2\/posts\/19731","targetHints":{"allow":["GET"]}}],"collection":[{"href":"https:\/\/www.revue3emillenaire.com\/blog\/wp-json\/wp\/v2\/posts"}],"about":[{"href":"https:\/\/www.revue3emillenaire.com\/blog\/wp-json\/wp\/v2\/types\/post"}],"author":[{"embeddable":true,"href":"https:\/\/www.revue3emillenaire.com\/blog\/wp-json\/wp\/v2\/users\/2"}],"replies":[{"embeddable":true,"href":"https:\/\/www.revue3emillenaire.com\/blog\/wp-json\/wp\/v2\/comments?post=19731"}],"version-history":[{"count":0,"href":"https:\/\/www.revue3emillenaire.com\/blog\/wp-json\/wp\/v2\/posts\/19731\/revisions"}],"wp:featuredmedia":[{"embeddable":true,"href":"https:\/\/www.revue3emillenaire.com\/blog\/wp-json\/wp\/v2\/media\/17288"}],"wp:attachment":[{"href":"https:\/\/www.revue3emillenaire.com\/blog\/wp-json\/wp\/v2\/media?parent=19731"}],"wp:term":[{"taxonomy":"category","embeddable":true,"href":"https:\/\/www.revue3emillenaire.com\/blog\/wp-json\/wp\/v2\/categories?post=19731"},{"taxonomy":"post_tag","embeddable":true,"href":"https:\/\/www.revue3emillenaire.com\/blog\/wp-json\/wp\/v2\/tags?post=19731"}],"curies":[{"name":"wp","href":"https:\/\/api.w.org\/{rel}","templated":true}]}}