{"id":19733,"date":"2024-02-19T01:31:00","date_gmt":"2024-02-19T00:31:00","guid":{"rendered":"https:\/\/www.revue3emillenaire.com\/blog\/?p=19733"},"modified":"2024-02-19T01:31:00","modified_gmt":"2024-02-19T00:31:00","slug":"lillumination-et-la-liberation-par-vimala-thakar","status":"publish","type":"post","link":"https:\/\/www.revue3emillenaire.com\/blog\/lillumination-et-la-liberation-par-vimala-thakar\/","title":{"rendered":"L\u2019illumination et la lib\u00e9ration par Vimala Thakar"},"content":{"rendered":"<p align=\"justify\"><span style=\"font-size: medium;\"><i>Traduction libre<\/i><\/span><\/p>\n<p align=\"justify\"><span style=\"font-size: medium;\"><i>Le terme \u00ab\u00a0illumination\u00a0\u00bb utilis\u00e9 dans les religions traditionnelles a-t-il un sens dans une approche scientifique de la spiritualit\u00e9\u00a0?<\/i><\/span><\/p>\n<p align=\"justify\"><span style=\"font-size: medium;\">\u00ab\u00a0L\u2019illumination et la lib\u00e9ration sont des termes utilis\u00e9s dans la litt\u00e9rature ancienne. De la langue h\u00e9bra\u00efque \u00e0 l\u2019ancienne langue sanskrite, la cosmogen\u00e8se nous ram\u00e8ne \u00e0 la sensation omnipr\u00e9sente de l\u2019\u00caTRE\u00a0; comme si le cosmos tout entier r\u00e9sonnait de la sensation de l\u2019\u00caTRE, comme si le cosmos tout entier \u00e9tait un son homog\u00e8ne et entier de HUM ou AUM, comme s\u2019il proclamait la v\u00e9rit\u00e9\u00a0: JE SUIS, JE SUIS, JE SUIS\u00a0\u00bb.<\/span><\/p>\n<p align=\"justify\"><span style=\"font-size: medium;\">Lorsque ce sentiment du \u00ab\u00a0JE SUIS\u00a0\u00bb, lorsque ce sentiment de l\u2019\u00ab\u00a0\u00caTRE\u00a0\u00bb se r\u00e9duit \u00e0 la forme d\u2019un corps humain, qu\u2019il est emprisonn\u00e9 dans le corps humain, qu\u2019il est limit\u00e9 et li\u00e9, lorsqu\u2019il est limit\u00e9 au petit corps humain et que le mot \u00ab\u00a0JE SUIS\u00a0\u00bb ou le mot \u00ab\u00a0\u00caTRE\u00a0\u00bb commence \u00e0 signifier pour nous ce petit corps \u2014 homme ou femme, russe ou indien, hindou ou musulman \u2014 les anciens l\u2019appelaient \u00ab\u00a0t\u00e9n\u00e8bre\u00a0\u00bb. Selon les V\u00e9das, l\u2019ignorance primordiale est AHMKAR, cette r\u00e9duction du sentiment d\u2019identification du \u00ab\u00a0JE SUIS\u00a0\u00bb ou de l\u2019\u00ab\u00a0\u00caTRE\u00a0\u00bb au corps. C\u2019est pourquoi on l\u2019appelle \u00ab\u00a0t\u00e9n\u00e8bres\u00a0\u00bb. Il est emprisonn\u00e9 et les murs sont construits brique par brique par le sens du \u00ab\u00a0Mien\u00a0\u00bb. Ma maison, ma famille, mes parents, mon mari, ma femme, mes enfants, mes connaissances, mes croyances, mon exp\u00e9rience, mes pr\u00e9f\u00e9rences, mes pr\u00e9jug\u00e9s \u2014 les murs sont si \u00e9pais qu\u2019aucune lumi\u00e8re ne peut p\u00e9n\u00e9trer ces murs du \u00ab\u00a0Mien\u00a0\u00bb et que l\u2019\u00eatre humain passe toute sa vie \u00e0 dire \u00ab\u00a0Je\u00a0\u00bb et \u00ab\u00a0Mien\u00a0\u00bb. Rendre les murs plus \u00e9pais et plus solides, de sorte que rien ne puisse p\u00e9n\u00e9trer ces murs et les briser.<\/span><\/p>\n<p align=\"justify\"><span style=\"font-size: medium;\">Comme le sentiment du \u00ab\u00a0JE SUIS\u00a0\u00bb emprisonn\u00e9 dans le corps est entour\u00e9 par les murs invisibles du \u00ab\u00a0Mien\u00a0\u00bb, il y a isolement, emprisonnement, t\u00e9n\u00e8bres, il n\u2019y a pas de libert\u00e9.<\/span><span style=\"color: #000000;\"><span style=\"font-size: medium;\"> C\u2019est ainsi que le mot \u00ab\u00a0servitude\u00a0\u00bb a d\u00fb \u00eatre cr\u00e9\u00e9. Lorsqu\u2019une personne est lib\u00e9r\u00e9e du sentiment du \u00ab\u00a0mien\u00a0\u00bb et du \u00ab\u00a0je\u00a0\u00bb, lorsque, brique par brique, les murs de la prison s\u2019effondrent et que l\u2019on comprend que je ne suis pas le corps, que je ne suis pas seulement les organes des sens, que je ne suis pas la maison, la propri\u00e9t\u00e9, que je ne suis pas les valeurs, les pr\u00e9f\u00e9rences, les pr\u00e9jug\u00e9s qui sont des modes de comportement c\u00e9r\u00e9braux et \u00e9motionnels standardis\u00e9s (j\u2019utilise maintenant le langage moderne pour d\u00e9crire quelque chose d\u2019ancien), alors on dit qu\u2019elle a \u00e9t\u00e9 lib\u00e9r\u00e9e. Ainsi, lorsque l\u2019on brise les murs et que l\u2019on voit que le \u00ab\u00a0JE SUIS\u00a0\u00bb impr\u00e8gne tout l\u2019univers, qu\u2019il ne peut \u00eatre identifi\u00e9, qu\u2019il ne peut \u00eatre assimil\u00e9 \u00e0 un corps minuscule, le \u00ab\u00a0JE SUIS\u00a0\u00bb est pr\u00e9sent dans tout l\u2019univers. Le \u00ab\u00a0JE SUIS\u00a0\u00bb est l\u00e0, mais le \u00ab\u00a0JE\u00a0\u00bb n\u2019est pas le petit corps \u2014 l\u2019homme, la femme, etc. ; ce n\u2019est pas la petite connaissance humaine globale, tout en est impr\u00e9gn\u00e9\u00a0; alors on est lib\u00e9r\u00e9 de la prison de ce sens \u00e9troit de la limitation, de l\u2019attachement.<\/span><\/span><\/p>\n<p align=\"justify\"><span style=\"color: #000000;\"><span style=\"font-size: medium;\">\u00ab\u00a0JE SUIS\u00a0\u00bb est la lumi\u00e8re primordiale. Selon la cosmogen\u00e8se, l\u2019univers entier peut \u00eatre r\u00e9duit \u00e0 la lumi\u00e8re. Certains parlent de son et d\u2019autres de lumi\u00e8re. Ce sont les deux \u00e9nergies primaires auxquelles l\u2019univers entier se r\u00e9duit, d\u2019o\u00f9 le mot \u00ab\u00a0illumination\u00a0\u00bb. Celui qui a compris la source premi\u00e8re du cosmos, la source premi\u00e8re de la lumi\u00e8re, est consid\u00e9r\u00e9 comme \u00ab\u00a0\u00e9veill\u00e9\u00a0\u00bb. Et celui qui s\u2019est lib\u00e9r\u00e9 des murs autocr\u00e9\u00e9s de la connaissance, de l\u2019exp\u00e9rience, des valeurs et du \u00ab\u00a0mien\u00a0\u00bb \u00e9tait consid\u00e9r\u00e9 comme \u00ab\u00a0lib\u00e9r\u00e9\u00a0\u00bb. \u00c9veill\u00e9 et lib\u00e9r\u00e9 ou \u00ab\u00a0Mukti\u00a0\u00bb, qui signifie \u00eatre lib\u00e9r\u00e9, \u00e9taient les termes utilis\u00e9s dans l\u2019ancien langage. Et le terme \u00ab\u00a0gourou\u00a0\u00bb d\u00e9signe la personne dont la conscience s\u2019est compl\u00e8tement lib\u00e9r\u00e9e des t\u00e9n\u00e8bres de l\u2019ignorance. Guru est celui qui vit dans la lumi\u00e8re de cette \u00e9nergie primordiale, qui vit \u00e0 la source du Cosmos.<\/span><\/span><\/p>\n<p align=\"justify\"><span style=\"color: #000000;\"><span style=\"font-size: medium;\">Je ne pense pas que la science moderne diff\u00e9rerait beaucoup dans l\u2019expression de la chose, seul le langage serait diff\u00e9rent. Par exemple, la science de la physique d\u00e9crirait une personne \u00e9veill\u00e9e comme quelqu\u2019un qui a analys\u00e9 la r\u00e9alit\u00e9, en partant de la mati\u00e8re, en allant jusqu\u2019\u00e0 l\u2019\u00e9nergie, en allant jusqu\u2019au vide au-del\u00e0 de l\u2019\u00e9nergie et aussi au-del\u00e0 du vide jusqu\u2019au silence \u2014 en voyant, en percevant le fondement absolu de l\u2019existence. Pour la science moderne, le langage serait peut-\u00eatre celui de la perception. Avant, le langage \u00e9tait celui de la lib\u00e9ration, de l\u2019illumination, des t\u00e9n\u00e8bres \u00e0 la lumi\u00e8re, de l\u2019ignorance \u00e0 la compr\u00e9hension, de la mort \u00e0 l\u2019immortalit\u00e9. C\u2019est le langage des Upanishads, des Vedas, et les scientifiques le nommeraient celui qui est parvenu \u00e0 une th\u00e9orie unifi\u00e9e de l\u2019existence cosmique, celui qui a vu le principe unificateur, ce fondement absolu de l\u2019existence impr\u00e9gnant le cosmos \u2014 reliant, joignant la vari\u00e9t\u00e9 apparente dans l\u2019existence unifi\u00e9e. Pour la science moderne, l\u2019illumination serait donc la perception et la compr\u00e9hension.<\/span><\/span><\/p>\n<p align=\"justify\"><span style=\"color: #000000;\"><span style=\"font-size: medium;\">La perception ne peut avoir lieu \u00e0 travers l\u2019activit\u00e9 r\u00e9p\u00e9titive et m\u00e9caniste de l\u2019esprit humain global, du cerveau humain entra\u00een\u00e9. Le cerveau qui a \u00e9t\u00e9 conditionn\u00e9 par la connaissance et l\u2019exp\u00e9rience ne peut pas percevoir l\u2019\u00e9nergie primordiale, il ne peut pas percevoir la R\u00e9alit\u00e9, il ne peut pas percevoir ind\u00e9pendamment des mots. La perception du cerveau est limit\u00e9e par les mots, par la connaissance, par l\u2019exp\u00e9rience.<\/span><\/span><\/p>\n<p align=\"justify\"><span style=\"color: #000000;\"><span style=\"font-size: medium;\">Un visionnaire, un sage, une personne lib\u00e9r\u00e9e, une personne \u00e9veill\u00e9e est une personne chez qui le mouvement des conditionnements humains globaux est interrompu. Il n\u2019y a pas d\u2019esprit individuel en ce qui nous concerne, vous et moi. En ce vingti\u00e8me si\u00e8cle, nous avons vu qu\u2019il n\u2019y a pas un esprit humain, pas un esprit individuel. Il y a un esprit humain global dont les personnes sont des expressions particuli\u00e8res. Votre cerveau et le mien ont \u00e9t\u00e9 limit\u00e9s. Tout comme le sens restreint et limit\u00e9 du \u00ab\u00a0Je\u00a0\u00bb, il y a ici le sens limit\u00e9 et born\u00e9 de la perception. Le cerveau sent qu\u2019il sait, qu\u2019il voit, mais tout cela est enferm\u00e9 dans la prison des mots, de la verbalisation. Enlevez le cerveau de l\u2019orbite de la verbalisation et il ne peut rien voir parce qu\u2019il a besoin du temps, de mesurer l\u2019espace et des mots pour voir. Sans mot, le cerveau ne voit rien.<\/span><\/span><\/p>\n<p align=\"justify\"><span style=\"color: #000000;\"><span style=\"font-size: medium;\">Une personne \u00e9veill\u00e9e, une personne lib\u00e9r\u00e9e est une personne chez qui ce mouvement conditionn\u00e9 r\u00e9p\u00e9titif et m\u00e9caniste a cess\u00e9 et \u00e0 la place une \u00e9nergie non conditionn\u00e9e per\u00e7oit. Il s\u2019agit donc d\u2019une perception incluant la compr\u00e9hension \u2014 et non pas deux choses, comme voir et ensuite avoir la connaissance. La perception est la compr\u00e9hension et aussi l\u2019illumination. Ici, il s\u2019agit d\u2019une perception, l\u00e0 d\u2019une \u00ab\u00a0lib\u00e9ration\u00a0\u00bb du sens du \u00ab\u00a0Je\u00a0\u00bb, d\u2019une lib\u00e9ration du mouvement mental global conditionn\u00e9 et des conditionnements humains globaux. Ce ne sont que de diff\u00e9rentes fa\u00e7ons de voir la m\u00eame chose tant que les anciens et les modernes s\u2019accordent sur le fait que l\u2019\u00e9nergie primordiale derri\u00e8re la cr\u00e9ation est la Lumi\u00e8re ou le Son. Et je ne pense pas qu\u2019ils en doutent aujourd\u2019hui.<\/span><\/span><\/p>\n<p align=\"justify\"><span style=\"color: #000000;\"><span style=\"font-size: medium;\">La perception est donc le mouvement de votre totalit\u00e9. Votre \u00eatre entier, du sommet de votre t\u00eate \u00e0 votre gros orteil, l\u2019\u00e9nergie centr\u00e9e dans l\u2019\u00eatre total, participe \u00e0 l\u2019acte de perception, au mouvement de la perception, et la sensibilit\u00e9 qui vibre dans chaque centre nerveux provoque ce que vous appelez la compr\u00e9hension. L\u2019\u00e9radication totale du sentiment \u00e9troit du \u00ab\u00a0je\u00a0\u00bb et l\u2019effondrement des murs du \u00ab\u00a0mien\u00a0\u00bb aboutissent au sentiment d\u2019unit\u00e9 de la vie et donc \u00e0 l\u2019amour et \u00e0 la compassion. En langage moderne, lorsqu\u2019il y a un mouvement de la totalit\u00e9 de votre \u00eatre en relation avec le mouvement de la totalit\u00e9 \u00e0 l\u2019ext\u00e9rieur de vous, le mouvement r\u00e9sulte en ce que vous appelez l\u2019amour et la compassion.<\/span><\/span><\/p>\n<p align=\"justify\"><span style=\"color: #000000;\"><span style=\"font-size: medium;\">Une fois que l\u2019on voit qu\u2019une seule \u00e9nergie de base impr\u00e8gne tout le cosmos, le sentiment de l\u2019alt\u00e9rit\u00e9, du \u00ab\u00a0MOI\u00a0\u00bb et de l\u2019\u00ab\u00a0AUTRE\u00a0\u00bb dispara\u00eet. Non en tant qu\u2019une th\u00e9orie de la non-dualit\u00e9, mais comme un fait de la vie. Ce sentiment de dualit\u00e9, la tension de la dualit\u00e9 tombe simplement comme les feuilles d\u2019automne des arbres sans donner aucun trouble \u00e0 votre esprit. Vous ne renoncez pas. Le \u00ab\u00a0Je\u00a0\u00bb ne renonce pas \u00e0 son sentiment de \u00ab\u00a0Je\u00a0\u00bb, il se brise simplement, se d\u00e9molit et ce qui reste est la conscience vibrante de l\u2019unit\u00e9 de la Vie et de l\u2019unicit\u00e9 de cette Intelligence qui impr\u00e8gne tout. La mort est ressentie comme la chute des feuilles d\u2019automne et la naissance est ressentie comme un petit bourgeon qui appara\u00eet sur une plante ou un arbre \u2014 un mouvement dans l\u2019\u00e9nergie vitale illimit\u00e9e.<\/span><\/span><\/p>\n","protected":false},"excerpt":{"rendered":"<p>Traduction libre Le terme \u00ab\u00a0illumination\u00a0\u00bb utilis\u00e9 dans les religions traditionnelles a-t-il un sens dans une approche scientifique de la spiritualit\u00e9\u00a0? \u00ab\u00a0L\u2019illumination et la lib\u00e9ration sont des termes utilis\u00e9s dans la litt\u00e9rature ancienne. De la langue h\u00e9bra\u00efque \u00e0 l\u2019ancienne langue sanskrite, la cosmogen\u00e8se nous ram\u00e8ne \u00e0 la sensation omnipr\u00e9sente de l\u2019\u00caTRE\u00a0; comme si le cosmos tout [&hellip;]<\/p>\n","protected":false},"author":2,"featured_media":17288,"comment_status":"closed","ping_status":"closed","sticky":false,"template":"","format":"standard","meta":{"footnotes":""},"categories":[1369],"tags":[],"class_list":["post-19733","post","type-post","status-publish","format-standard","has-post-thumbnail","hentry","category-thakar-vimala"],"yoast_head":"<!-- This site is optimized with the Yoast SEO plugin v27.0 - https:\/\/yoast.com\/product\/yoast-seo-wordpress\/ -->\n<title>L\u2019illumination et la lib\u00e9ration par Vimala Thakar - 3e mill\u00e9naire - Spiritualit\u00e9 - Connaissance de soi - Non-dualit\u00e9 - M\u00e9ditation<\/title>\n<meta name=\"robots\" content=\"index, follow, max-snippet:-1, max-image-preview:large, max-video-preview:-1\" \/>\n<link rel=\"canonical\" href=\"https:\/\/www.revue3emillenaire.com\/blog\/lillumination-et-la-liberation-par-vimala-thakar\/\" \/>\n<meta property=\"og:locale\" content=\"fr_FR\" \/>\n<meta property=\"og:type\" content=\"article\" \/>\n<meta property=\"og:title\" content=\"L\u2019illumination et la lib\u00e9ration par Vimala Thakar - 3e mill\u00e9naire - Spiritualit\u00e9 - Connaissance de soi - Non-dualit\u00e9 - M\u00e9ditation\" \/>\n<meta property=\"og:description\" content=\"Traduction libre Le terme \u00ab\u00a0illumination\u00a0\u00bb utilis\u00e9 dans les religions traditionnelles a-t-il un sens dans une approche scientifique de la spiritualit\u00e9\u00a0? \u00ab\u00a0L\u2019illumination et la lib\u00e9ration sont des termes utilis\u00e9s dans la litt\u00e9rature ancienne. De la langue h\u00e9bra\u00efque \u00e0 l\u2019ancienne langue sanskrite, la cosmogen\u00e8se nous ram\u00e8ne \u00e0 la sensation omnipr\u00e9sente de l\u2019\u00caTRE\u00a0; comme si le cosmos tout [&hellip;]\" \/>\n<meta property=\"og:url\" content=\"https:\/\/www.revue3emillenaire.com\/blog\/lillumination-et-la-liberation-par-vimala-thakar\/\" \/>\n<meta property=\"og:site_name\" content=\"3e mill\u00e9naire - Spiritualit\u00e9 - Connaissance de soi - Non-dualit\u00e9 - M\u00e9ditation\" \/>\n<meta property=\"article:published_time\" content=\"2024-02-19T00:31:00+00:00\" \/>\n<meta property=\"og:image\" content=\"https:\/\/www.revue3emillenaire.com\/blog\/wp-content\/uploads\/2016\/09\/vimala-thakar.jpg\" \/>\n\t<meta property=\"og:image:width\" content=\"351\" \/>\n\t<meta property=\"og:image:height\" content=\"358\" \/>\n\t<meta property=\"og:image:type\" content=\"image\/jpeg\" \/>\n<meta name=\"author\" content=\"3e mill\u00e9naire\" \/>\n<meta name=\"twitter:card\" content=\"summary_large_image\" \/>\n<meta name=\"twitter:label1\" content=\"\u00c9crit par\" \/>\n\t<meta name=\"twitter:data1\" content=\"3e mill\u00e9naire\" \/>\n\t<meta name=\"twitter:label2\" content=\"Dur\u00e9e de lecture estim\u00e9e\" \/>\n\t<meta name=\"twitter:data2\" content=\"8 minutes\" \/>\n<script type=\"application\/ld+json\" class=\"yoast-schema-graph\">{\"@context\":\"https:\/\/schema.org\",\"@graph\":[{\"@type\":\"Article\",\"@id\":\"https:\/\/www.revue3emillenaire.com\/blog\/lillumination-et-la-liberation-par-vimala-thakar\/#article\",\"isPartOf\":{\"@id\":\"https:\/\/www.revue3emillenaire.com\/blog\/lillumination-et-la-liberation-par-vimala-thakar\/\"},\"author\":{\"name\":\"3e mill\u00e9naire\",\"@id\":\"https:\/\/www.revue3emillenaire.com\/blog\/#\/schema\/person\/b692dacff720a5344a6190bc714397eb\"},\"headline\":\"L\u2019illumination et la lib\u00e9ration par Vimala Thakar\",\"datePublished\":\"2024-02-19T00:31:00+00:00\",\"mainEntityOfPage\":{\"@id\":\"https:\/\/www.revue3emillenaire.com\/blog\/lillumination-et-la-liberation-par-vimala-thakar\/\"},\"wordCount\":1608,\"image\":{\"@id\":\"https:\/\/www.revue3emillenaire.com\/blog\/lillumination-et-la-liberation-par-vimala-thakar\/#primaryimage\"},\"thumbnailUrl\":\"https:\/\/www.revue3emillenaire.com\/blog\/wp-content\/uploads\/2016\/09\/vimala-thakar.jpg\",\"articleSection\":[\"Thakar Vimala\"],\"inLanguage\":\"fr-FR\"},{\"@type\":\"WebPage\",\"@id\":\"https:\/\/www.revue3emillenaire.com\/blog\/lillumination-et-la-liberation-par-vimala-thakar\/\",\"url\":\"https:\/\/www.revue3emillenaire.com\/blog\/lillumination-et-la-liberation-par-vimala-thakar\/\",\"name\":\"L\u2019illumination et la lib\u00e9ration par Vimala Thakar - 3e mill\u00e9naire - Spiritualit\u00e9 - Connaissance de soi - Non-dualit\u00e9 - M\u00e9ditation\",\"isPartOf\":{\"@id\":\"https:\/\/www.revue3emillenaire.com\/blog\/#website\"},\"primaryImageOfPage\":{\"@id\":\"https:\/\/www.revue3emillenaire.com\/blog\/lillumination-et-la-liberation-par-vimala-thakar\/#primaryimage\"},\"image\":{\"@id\":\"https:\/\/www.revue3emillenaire.com\/blog\/lillumination-et-la-liberation-par-vimala-thakar\/#primaryimage\"},\"thumbnailUrl\":\"https:\/\/www.revue3emillenaire.com\/blog\/wp-content\/uploads\/2016\/09\/vimala-thakar.jpg\",\"datePublished\":\"2024-02-19T00:31:00+00:00\",\"author\":{\"@id\":\"https:\/\/www.revue3emillenaire.com\/blog\/#\/schema\/person\/b692dacff720a5344a6190bc714397eb\"},\"breadcrumb\":{\"@id\":\"https:\/\/www.revue3emillenaire.com\/blog\/lillumination-et-la-liberation-par-vimala-thakar\/#breadcrumb\"},\"inLanguage\":\"fr-FR\",\"potentialAction\":[{\"@type\":\"ReadAction\",\"target\":[\"https:\/\/www.revue3emillenaire.com\/blog\/lillumination-et-la-liberation-par-vimala-thakar\/\"]}]},{\"@type\":\"ImageObject\",\"inLanguage\":\"fr-FR\",\"@id\":\"https:\/\/www.revue3emillenaire.com\/blog\/lillumination-et-la-liberation-par-vimala-thakar\/#primaryimage\",\"url\":\"https:\/\/www.revue3emillenaire.com\/blog\/wp-content\/uploads\/2016\/09\/vimala-thakar.jpg\",\"contentUrl\":\"https:\/\/www.revue3emillenaire.com\/blog\/wp-content\/uploads\/2016\/09\/vimala-thakar.jpg\",\"width\":351,\"height\":358},{\"@type\":\"BreadcrumbList\",\"@id\":\"https:\/\/www.revue3emillenaire.com\/blog\/lillumination-et-la-liberation-par-vimala-thakar\/#breadcrumb\",\"itemListElement\":[{\"@type\":\"ListItem\",\"position\":1,\"name\":\"Accueil\",\"item\":\"https:\/\/www.revue3emillenaire.com\/blog\/\"},{\"@type\":\"ListItem\",\"position\":2,\"name\":\"L\u2019illumination et la lib\u00e9ration par Vimala Thakar\"}]},{\"@type\":\"WebSite\",\"@id\":\"https:\/\/www.revue3emillenaire.com\/blog\/#website\",\"url\":\"https:\/\/www.revue3emillenaire.com\/blog\/\",\"name\":\"3e mill\u00e9naire - Spiritualit\u00e9 - Connaissance de soi - Non-dualit\u00e9 - M\u00e9ditation\",\"description\":\"L&#039;Homme en devenir\",\"potentialAction\":[{\"@type\":\"SearchAction\",\"target\":{\"@type\":\"EntryPoint\",\"urlTemplate\":\"https:\/\/www.revue3emillenaire.com\/blog\/?s={search_term_string}\"},\"query-input\":{\"@type\":\"PropertyValueSpecification\",\"valueRequired\":true,\"valueName\":\"search_term_string\"}}],\"inLanguage\":\"fr-FR\"},{\"@type\":\"Person\",\"@id\":\"https:\/\/www.revue3emillenaire.com\/blog\/#\/schema\/person\/b692dacff720a5344a6190bc714397eb\",\"name\":\"3e mill\u00e9naire\",\"url\":\"https:\/\/www.revue3emillenaire.com\/blog\/author\/scoussa\/\"}]}<\/script>\n<!-- \/ Yoast SEO plugin. -->","yoast_head_json":{"title":"L\u2019illumination et la lib\u00e9ration par Vimala Thakar - 3e mill\u00e9naire - Spiritualit\u00e9 - Connaissance de soi - Non-dualit\u00e9 - M\u00e9ditation","robots":{"index":"index","follow":"follow","max-snippet":"max-snippet:-1","max-image-preview":"max-image-preview:large","max-video-preview":"max-video-preview:-1"},"canonical":"https:\/\/www.revue3emillenaire.com\/blog\/lillumination-et-la-liberation-par-vimala-thakar\/","og_locale":"fr_FR","og_type":"article","og_title":"L\u2019illumination et la lib\u00e9ration par Vimala Thakar - 3e mill\u00e9naire - Spiritualit\u00e9 - Connaissance de soi - Non-dualit\u00e9 - M\u00e9ditation","og_description":"Traduction libre Le terme \u00ab\u00a0illumination\u00a0\u00bb utilis\u00e9 dans les religions traditionnelles a-t-il un sens dans une approche scientifique de la spiritualit\u00e9\u00a0? \u00ab\u00a0L\u2019illumination et la lib\u00e9ration sont des termes utilis\u00e9s dans la litt\u00e9rature ancienne. De la langue h\u00e9bra\u00efque \u00e0 l\u2019ancienne langue sanskrite, la cosmogen\u00e8se nous ram\u00e8ne \u00e0 la sensation omnipr\u00e9sente de l\u2019\u00caTRE\u00a0; comme si le cosmos tout [&hellip;]","og_url":"https:\/\/www.revue3emillenaire.com\/blog\/lillumination-et-la-liberation-par-vimala-thakar\/","og_site_name":"3e mill\u00e9naire - Spiritualit\u00e9 - Connaissance de soi - Non-dualit\u00e9 - M\u00e9ditation","article_published_time":"2024-02-19T00:31:00+00:00","og_image":[{"width":351,"height":358,"url":"https:\/\/www.revue3emillenaire.com\/blog\/wp-content\/uploads\/2016\/09\/vimala-thakar.jpg","type":"image\/jpeg"}],"author":"3e mill\u00e9naire","twitter_card":"summary_large_image","twitter_misc":{"\u00c9crit par":"3e mill\u00e9naire","Dur\u00e9e de lecture estim\u00e9e":"8 minutes"},"schema":{"@context":"https:\/\/schema.org","@graph":[{"@type":"Article","@id":"https:\/\/www.revue3emillenaire.com\/blog\/lillumination-et-la-liberation-par-vimala-thakar\/#article","isPartOf":{"@id":"https:\/\/www.revue3emillenaire.com\/blog\/lillumination-et-la-liberation-par-vimala-thakar\/"},"author":{"name":"3e mill\u00e9naire","@id":"https:\/\/www.revue3emillenaire.com\/blog\/#\/schema\/person\/b692dacff720a5344a6190bc714397eb"},"headline":"L\u2019illumination et la lib\u00e9ration par Vimala Thakar","datePublished":"2024-02-19T00:31:00+00:00","mainEntityOfPage":{"@id":"https:\/\/www.revue3emillenaire.com\/blog\/lillumination-et-la-liberation-par-vimala-thakar\/"},"wordCount":1608,"image":{"@id":"https:\/\/www.revue3emillenaire.com\/blog\/lillumination-et-la-liberation-par-vimala-thakar\/#primaryimage"},"thumbnailUrl":"https:\/\/www.revue3emillenaire.com\/blog\/wp-content\/uploads\/2016\/09\/vimala-thakar.jpg","articleSection":["Thakar Vimala"],"inLanguage":"fr-FR"},{"@type":"WebPage","@id":"https:\/\/www.revue3emillenaire.com\/blog\/lillumination-et-la-liberation-par-vimala-thakar\/","url":"https:\/\/www.revue3emillenaire.com\/blog\/lillumination-et-la-liberation-par-vimala-thakar\/","name":"L\u2019illumination et la lib\u00e9ration par Vimala Thakar - 3e mill\u00e9naire - Spiritualit\u00e9 - Connaissance de soi - Non-dualit\u00e9 - M\u00e9ditation","isPartOf":{"@id":"https:\/\/www.revue3emillenaire.com\/blog\/#website"},"primaryImageOfPage":{"@id":"https:\/\/www.revue3emillenaire.com\/blog\/lillumination-et-la-liberation-par-vimala-thakar\/#primaryimage"},"image":{"@id":"https:\/\/www.revue3emillenaire.com\/blog\/lillumination-et-la-liberation-par-vimala-thakar\/#primaryimage"},"thumbnailUrl":"https:\/\/www.revue3emillenaire.com\/blog\/wp-content\/uploads\/2016\/09\/vimala-thakar.jpg","datePublished":"2024-02-19T00:31:00+00:00","author":{"@id":"https:\/\/www.revue3emillenaire.com\/blog\/#\/schema\/person\/b692dacff720a5344a6190bc714397eb"},"breadcrumb":{"@id":"https:\/\/www.revue3emillenaire.com\/blog\/lillumination-et-la-liberation-par-vimala-thakar\/#breadcrumb"},"inLanguage":"fr-FR","potentialAction":[{"@type":"ReadAction","target":["https:\/\/www.revue3emillenaire.com\/blog\/lillumination-et-la-liberation-par-vimala-thakar\/"]}]},{"@type":"ImageObject","inLanguage":"fr-FR","@id":"https:\/\/www.revue3emillenaire.com\/blog\/lillumination-et-la-liberation-par-vimala-thakar\/#primaryimage","url":"https:\/\/www.revue3emillenaire.com\/blog\/wp-content\/uploads\/2016\/09\/vimala-thakar.jpg","contentUrl":"https:\/\/www.revue3emillenaire.com\/blog\/wp-content\/uploads\/2016\/09\/vimala-thakar.jpg","width":351,"height":358},{"@type":"BreadcrumbList","@id":"https:\/\/www.revue3emillenaire.com\/blog\/lillumination-et-la-liberation-par-vimala-thakar\/#breadcrumb","itemListElement":[{"@type":"ListItem","position":1,"name":"Accueil","item":"https:\/\/www.revue3emillenaire.com\/blog\/"},{"@type":"ListItem","position":2,"name":"L\u2019illumination et la lib\u00e9ration par Vimala Thakar"}]},{"@type":"WebSite","@id":"https:\/\/www.revue3emillenaire.com\/blog\/#website","url":"https:\/\/www.revue3emillenaire.com\/blog\/","name":"3e mill\u00e9naire - Spiritualit\u00e9 - Connaissance de soi - Non-dualit\u00e9 - M\u00e9ditation","description":"L&#039;Homme en devenir","potentialAction":[{"@type":"SearchAction","target":{"@type":"EntryPoint","urlTemplate":"https:\/\/www.revue3emillenaire.com\/blog\/?s={search_term_string}"},"query-input":{"@type":"PropertyValueSpecification","valueRequired":true,"valueName":"search_term_string"}}],"inLanguage":"fr-FR"},{"@type":"Person","@id":"https:\/\/www.revue3emillenaire.com\/blog\/#\/schema\/person\/b692dacff720a5344a6190bc714397eb","name":"3e mill\u00e9naire","url":"https:\/\/www.revue3emillenaire.com\/blog\/author\/scoussa\/"}]}},"_links":{"self":[{"href":"https:\/\/www.revue3emillenaire.com\/blog\/wp-json\/wp\/v2\/posts\/19733","targetHints":{"allow":["GET"]}}],"collection":[{"href":"https:\/\/www.revue3emillenaire.com\/blog\/wp-json\/wp\/v2\/posts"}],"about":[{"href":"https:\/\/www.revue3emillenaire.com\/blog\/wp-json\/wp\/v2\/types\/post"}],"author":[{"embeddable":true,"href":"https:\/\/www.revue3emillenaire.com\/blog\/wp-json\/wp\/v2\/users\/2"}],"replies":[{"embeddable":true,"href":"https:\/\/www.revue3emillenaire.com\/blog\/wp-json\/wp\/v2\/comments?post=19733"}],"version-history":[{"count":0,"href":"https:\/\/www.revue3emillenaire.com\/blog\/wp-json\/wp\/v2\/posts\/19733\/revisions"}],"wp:featuredmedia":[{"embeddable":true,"href":"https:\/\/www.revue3emillenaire.com\/blog\/wp-json\/wp\/v2\/media\/17288"}],"wp:attachment":[{"href":"https:\/\/www.revue3emillenaire.com\/blog\/wp-json\/wp\/v2\/media?parent=19733"}],"wp:term":[{"taxonomy":"category","embeddable":true,"href":"https:\/\/www.revue3emillenaire.com\/blog\/wp-json\/wp\/v2\/categories?post=19733"},{"taxonomy":"post_tag","embeddable":true,"href":"https:\/\/www.revue3emillenaire.com\/blog\/wp-json\/wp\/v2\/tags?post=19733"}],"curies":[{"name":"wp","href":"https:\/\/api.w.org\/{rel}","templated":true}]}}