{"id":19734,"date":"2024-03-03T01:50:12","date_gmt":"2024-03-03T00:50:12","guid":{"rendered":"https:\/\/www.revue3emillenaire.com\/blog\/?p=19734"},"modified":"2024-03-03T01:50:12","modified_gmt":"2024-03-03T00:50:12","slug":"le-silence-et-le-vide-par-vimala-thakar","status":"publish","type":"post","link":"https:\/\/www.revue3emillenaire.com\/blog\/le-silence-et-le-vide-par-vimala-thakar\/","title":{"rendered":"Le silence et le vide par Vimala Thakar"},"content":{"rendered":"<p align=\"justify\"><span style=\"color: #000000;\"><span style=\"font-size: medium;\"><i>Traduction libre<\/i><\/span><\/span><\/p>\n<p align=\"justify\"><span style=\"color: #000000;\"><span style=\"font-size: medium;\">Ce que nous allons aborder cet apr\u00e8s-midi concerne le silence, le vide et la pl\u00e9nitude.<\/span><\/span><\/p>\n<p align=\"justify\"><span style=\"color: #000000;\"><span style=\"font-size: medium;\">Si et quand une personne, un chercheur se familiarise avec la structure, le m\u00e9canisme et le mode de fonctionnement de la pens\u00e9e\u00a0; quand un chercheur a per\u00e7u et compris les limites inh\u00e9rentes \u00e0 la structure de la pens\u00e9e et a observ\u00e9 les subtilit\u00e9s du mouvement de la pens\u00e9e, de la connaissance, de l\u2019exp\u00e9rience, etc., le chercheur, \u00e0 la fin de cette observation et de cette compr\u00e9hension, peut arriver \u00e0 la r\u00e9alisation que le mouvement de la pens\u00e9e qui est le mouvement de l\u2019ensemble du pass\u00e9 humain n\u2019a aucune pertinence en ce qui concerne l\u2019exploration de l\u2019infini, de l\u2019immortel, de l\u2019indiscible, de l\u2019illimit\u00e9. Il n\u2019y a plus d\u2019attachement au pass\u00e9 dans la conscience de la personne. Aucun sentiment de s\u00e9curit\u00e9 n\u2019est ressenti dans le mouvement de la pens\u00e9e. Il est ressenti comme une limitation et, par cons\u00e9quent, il devient possible pour le chercheur de laisser le mouvement entier de la pens\u00e9e prendre fin, de permettre \u00e0 la structure de la pens\u00e9e d\u2019interrompre son mouvement, de se mettre en suspens, d\u2019entrer en non-action.<\/span><\/span><\/p>\n<p align=\"justify\"><span style=\"color: #000000;\"><span style=\"font-size: medium;\">La fin du mouvement de la pens\u00e9e est le contenu du silence. Je vous prie de comprendre que le silence n\u2019est pas l\u2019absence de bruit. Sur le plan physique, lorsque vous vous \u00e9loignez d\u2019un endroit tr\u00e8s bruyant et bond\u00e9 pour vous rendre dans un endroit calme comme Dalhousie, vous dites qu\u2019il y a du silence. Parce qu\u2019il n\u2019y a pas de foule, pas de bruit, les sens enregistrent l\u2019absence de bruit et de foule comme du silence. Ce n\u2019est pas ce que nous entendons par le mot \u00ab\u00a0silence\u00a0\u00bb tel que nous l\u2019utilisons cet apr\u00e8s-midi. Lorsqu\u2019une personne ne verbalise pas, ne parle pas, nous disons qu\u2019elle observe le silence, qu\u2019elle est silencieuse. Le mot \u00ab\u00a0silence\u00a0\u00bb est \u00e9galement associ\u00e9 \u00e0 l\u2019absence de parole. Mais lorsque la personne qui a observ\u00e9 le silence pendant 24\u00a0heures, par exemple, commence \u00e0 parler, \u00e0 verbaliser \u00e0 nouveau, il se peut que le chaos et la stupidit\u00e9 qui r\u00e9gnaient la veille r\u00e9apparaissent. L\u2019intervalle entre les verbalisations n\u2019est donc pas le contenu du silence. Sur le plan physique, le mot est utilis\u00e9 de mani\u00e8re assez vague.<\/span><\/span><\/p>\n<p align=\"justify\"><span style=\"color: #000000;\"><span style=\"font-size: medium;\">Vous pouvez vivre seul, mais cela ne signifie pas que vous vivez dans la solitude. Votre esprit porte les souvenirs de toutes les relations. Il porte les souvenirs de vos relations et vous continuez \u00e0 vous rem\u00e9morer ces relations. Vous jouez avec les souvenirs des \u00e9v\u00e9nements que vous avez v\u00e9cus avec votre femme, vos enfants, votre petit ami. Vous vivez avec ces souvenirs et vivre avec les souvenirs de vos relations est bien pire que de les vivre r\u00e9ellement parce que vous vivez de seconde main, par procuration \u2014 en vous remplissant vous-m\u00eame, votre temps, votre \u00e9nergie \u2014 avec ces souvenirs.<\/span><\/span><\/p>\n<p align=\"justify\"><span style=\"color: #000000;\"><span style=\"font-size: medium;\">La solitude n\u2019est pas le fait de vivre physiquement dans un endroit isol\u00e9 et le silence n\u2019est pas l\u2019absence de parole.<\/span><\/span><\/p>\n<p align=\"justify\"><span style=\"color: #000000;\"><span style=\"font-size: medium;\">Si un chercheur qui a fait preuve de s\u00e9rieux et d\u2019int\u00e9grit\u00e9 dans sa recherche franchit les fronti\u00e8res du mouvement de la pens\u00e9e, il peut se retrouver dans un \u00e9tat de conscience o\u00f9 la pens\u00e9e ne bouge pas, o\u00f9 le temps s\u2019est arr\u00eat\u00e9. Toutes les mesures \u2014 non seulement celles du temps et de l\u2019espace, mais aussi toutes les mesures \u2014 disparaissent compl\u00e8tement.<\/span><\/span><\/p>\n<p align=\"justify\"><span style=\"color: #000000;\"><span style=\"font-size: medium;\">D\u2019un autre point de vue, on pourrait dire\u00a0: la dimension du silence implique que la connaissance, l\u2019exp\u00e9rience contenue dans votre syst\u00e8me neurochimique, imprim\u00e9e sur votre syst\u00e8me neurochimique, reste \u00e0 l\u2019int\u00e9rieur de vous sans stimuler un connaisseur. Ce n\u2019est que lorsque le flux du mouvement de la connaissance contenue en vous cr\u00e9e l\u2019illusion du connaisseur, lorsque le mouvement de la pens\u00e9e cr\u00e9e l\u2019illusion d\u2019un penseur que les ennuis commencent. Regardez, le mouvement de la respiration se poursuit en nous \u2014 inspirer, expirer. Lorsque vous le faites consciemment, vous dites que vous avez fait du pranayama pendant une demi-heure, mais vous ne dites pas \u00ab\u00a0j\u2019ai respir\u00e9 pendant une demi-heure\u00a0\u00bb. Il n\u2019y a pas de \u00ab\u00a0respirateur\u00a0\u00bb, le mouvement de la respiration se poursuit, l\u2019oxydation de la circulation sanguine a lieu. Le mouvement de l\u2019inspiration et de l\u2019expiration affecte, modifie la qualit\u00e9 de vos cellules sanguines, de vos cellules c\u00e9r\u00e9brales et pourtant il n\u2019y a pas de \u00ab\u00a0respirateur\u00a0\u00bb. Vous ne le faites pas consciemment, cela se produit, cela continue.<\/span><\/span><\/p>\n<p align=\"justify\"><span style=\"color: #000000;\"><span style=\"font-size: medium;\">De m\u00eame, dans la dimension du silence, le mouvement de la pens\u00e9e se poursuit sans cr\u00e9er l\u2019illusion d\u2019un penseur. Qu\u2019est-ce que cela signifie\u00a0? Cela signifie que lorsque vos yeux sont ouverts, \u00e0 l\u2019\u00e9tat de veille comme on l\u2019appelle, les sensations sont re\u00e7ues par les organes sensoriels. Regardez, s\u2019il vous pla\u00eet, c\u2019est tr\u00e8s int\u00e9ressant. Les sensations sont re\u00e7ues, les impulsions \u00e9lectriques g\u00e9n\u00e9r\u00e9es par les sensations sont cr\u00e9\u00e9es, la stimulation de l\u2019impulsion \u00e9lectrique et la reconnaissance de ces sensations en fonction de la connaissance et de l\u2019exp\u00e9rience ant\u00e9rieures ont \u00e9galement lieu. Il s\u2019agit d\u2019une activit\u00e9 c\u00e9r\u00e9brale involontaire, comme l\u2019inspiration et l\u2019expiration involontaires. Un arbre n\u2019est pas pris pour un cheval. La r\u00e9ception des sensations et l\u2019interpr\u00e9tation des objets qui nous entourent se font sans interpr\u00e8te. Le mouvement de la pens\u00e9e se poursuit sans le penseur. Il n\u2019y a pas d\u2019enregistrement psychologique, il n\u2019y a pas de centre pour dire \u00ab\u00a0j\u2019aime ceci et je n\u2019aime pas cela, je pr\u00e9f\u00e8re ceci et je d\u00e9teste cela\u00a0\u00bb.<\/span><\/span><\/p>\n<p align=\"justify\"><span style=\"color: #000000;\"><span style=\"font-size: medium;\">Il y a donc une activit\u00e9 c\u00e9r\u00e9brale involontaire sans enregistrement psychologique. Ce n\u2019est que lorsqu\u2019elle est enregistr\u00e9e psychologiquement que nous l\u2019appelons une exp\u00e9rience qui vous conditionne. Le mouvement de la pens\u00e9e, le mouvement de la connaissance se poursuit dans le corps comme le mouvement de la respiration, du sang. La circulation sanguine se poursuit, mais vous ne dites pas \u00ab\u00a0je le transmets maintenant au c\u0153ur et du c\u0153ur au reste du corps\u00a0\u00bb, vous ne dites pas cela. Vous pouvez prendre un repas, mais vous ne vous asseyez pas et ne dites pas\u00a0: \u00ab\u00a0Je vais dig\u00e9rer toute la nourriture\u00a0\u00bb. La digestion de la nourriture est le mouvement de votre totalit\u00e9 et non de votre ego. Vous ne faites pas pousser les ongles de vos doigts ou les cheveux de votre t\u00eate, c\u2019est sans le \u00ab\u00a0cultivateur\u00a0\u00bb, sans le \u00ab\u00a0penseur\u00a0\u00bb, que la croissance a lieu. C\u2019est ainsi que l\u2019\u00e9nergie de la vie se d\u00e9place.<\/span><\/span><\/p>\n<p align=\"justify\"><span style=\"color: #000000;\"><span style=\"font-size: medium;\">Le silence implique l\u2019existence de la totalit\u00e9 du pass\u00e9 humain en vous, \u00e0 l\u2019int\u00e9rieur de vous. Il implique \u00e9galement le mouvement de la connaissance, de la pens\u00e9e, etc. sans le connaisseur, sans le penseur. Mais voyez qu\u2019il n\u2019y a pas d\u2019exp\u00e9rience. Il y a le mouvement de la connaissance et de la pens\u00e9e sans l\u2019\u00e9v\u00e9nement de l\u2019exp\u00e9rience. L\u2019exp\u00e9rience n\u00e9cessite un exp\u00e9rimentateur. Lorsqu\u2019il y a un centre qui regarde l\u2019interpr\u00e9tation c\u00e9r\u00e9brale et qui s\u00e9lectionne, choisit, nomme, identifie, accepte ou rejette l\u2019interpr\u00e9tation, alors l\u2019exp\u00e9rience commence, jusqu\u2019\u00e0 ce moment-l\u00e0 il n\u2019y a pas d\u2019exp\u00e9rience.<\/span><\/span><\/p>\n<p align=\"justify\"><span style=\"color: #000000;\"><span style=\"font-size: medium;\">L\u2019absence du connaisseur, du penseur, de l\u2019exp\u00e9rimentateur, du centre \u2014 est la partie essentielle de ce que nous appelons le silence. Cela ne signifie pas que le connaisseur, le penseur, l\u2019exp\u00e9rimentateur \u00e9tait absent hier et qu\u2019aujourd\u2019hui le centre est revenu. Ce n\u2019est pas un intervalle entre deux mouvements d\u2019exp\u00e9rience ou deux mouvements de pens\u00e9e. Il s\u2019agit d\u2019une dimension. Une fois qu\u2019elle est l\u00e0, elle est l\u00e0. Et parce qu\u2019il n\u2019y a pas de centre, pas de connaisseur, pas d\u2019exp\u00e9rimentateur, vous l\u2019appelez le vide.<\/span><\/span><\/p>\n<p align=\"justify\"><span style=\"color: #000000;\"><span style=\"font-size: medium;\">La vacuit\u00e9 n\u2019implique pas la destruction de la connaissance. Elle n\u2019implique pas la destruction de toutes les connaissances, exp\u00e9riences, conditionnements. Pourquoi les conditionnements devraient-ils \u00eatre d\u00e9truits\u00a0? Ils sont le contenu de la civilisation. Par l\u2019\u00e9ducation, nous conditionnons aussi. Le conditionnement permet de sophistiquer, d\u2019affiner, de rendre plus sensible. La musique peut conditionner l\u2019\u00e9nergie sonore\u00a0; o\u00f9 est la faute\u00a0? Le vide n\u2019implique donc pas la destruction.<\/span><\/span><\/p>\n<p align=\"justify\"><span style=\"color: #000000;\"><span style=\"font-size: medium;\">La question est la suivante\u00a0: <\/span><\/span><span style=\"color: #000000;\"><span style=\"font-size: medium;\"><i>dans la dimension du silence, o\u00f9 il y a un tel vide inconditionnel et total, il y a une discontinuit\u00e9 compl\u00e8te du mouvement du connu, du pass\u00e9, du limit\u00e9, du conditionn\u00e9, etc. Qu\u2019arrive-t-il au chercheur\u00a0?<\/i><\/span><\/span><span style=\"color: #000000;\"><span style=\"font-size: medium;\"> Il ne s\u2019agit pas d\u2019une question sp\u00e9culative, mais d\u2019une question pos\u00e9e par un chercheur s\u00e9rieux qui n\u2019a pas seulement \u00e9tudi\u00e9 intellectuellement, mais qui a explor\u00e9, exp\u00e9riment\u00e9, mis en jeu toute sa vie. Il s\u2019agit d\u2019un dialogue avec un chercheur tr\u00e8s s\u00e9rieux et supposons que nous sommes tous de tels chercheurs s\u00e9rieux qui mettent leur vie enti\u00e8re en jeu pour apprendre et d\u00e9couvrir la V\u00e9rit\u00e9.<\/span><\/span><\/p>\n<p align=\"justify\"><span style=\"color: #000000;\"><span style=\"font-size: medium;\">Il est \u00e9vident que lorsque l\u2019\u00e9tat de silence vous enveloppe, vous prend dans son \u00e9treinte, le contact est tr\u00e8s agr\u00e9able au d\u00e9but. Cet \u00e9tat o\u00f9 l\u2019enqu\u00eateur est arriv\u00e9 syst\u00e9matiquement, \u00e9tape par \u00e9tape, est quelque chose de nouveau \u2014 ce silence est sans pr\u00e9c\u00e9dent. La premi\u00e8re chose qui se produit est que le vide se transforme en exp\u00e9rience. Le \u00ab\u00a0Je\u00a0\u00bb intervient, car il n\u2019a pas \u00e9t\u00e9 d\u00e9truit, il bondit et dit\u00a0: \u00ab\u00a0Mon Dieu, il n\u2019y a rien \u00e0 nommer, \u00e0 identifier, \u00e0 accepter, \u00e0 rejeter. Il n\u2019y a rien \u00e0 exp\u00e9rimenter, tout est d\u00e9pouill\u00e9, tout est vide\u00a0\u00bb. Ainsi, de la suspension, de la non-action, il y a un renversement, un renversement temporaire. Le \u00ab\u00a0moi\u00a0\u00bb veut utiliser toutes ses mesures pour \u00e9valuer cet \u00e9tat de vide, pour le reconna\u00eetre, pour le peser, pour savoir o\u00f9 il va le conduire. Il ne veut peut-\u00eatre pas dire\u00a0: \u00ab\u00a0Qu\u2019est-ce que je vais en retirer\u00a0?\u00a0\u00bb Il a d\u00e9pass\u00e9 l\u2019\u00e9tat de marchandage, voulant acqu\u00e9rir, poss\u00e9der \u2014 tout ce qui est abandonn\u00e9. Pourtant, il y a le d\u00e9sir de nommer, d\u2019identifier, et le silence ne peut pas \u00eatre nomm\u00e9. Quel nom pouvez-vous donner au vide\u00a0? Vous pouvez dire \u00ab\u00a0n\u00e9ant, pas de personne\u00a0\u00bb.<\/span><\/span><\/p>\n<p align=\"justify\"><span style=\"color: #000000;\"><span style=\"font-size: medium;\">Le chercheur doit avoir l\u2019audace de rester dans cette dimension, o\u00f9 il n\u2019y a rien \u00e0 conna\u00eetre, \u00e0 exp\u00e9rimenter, \u00e0 nommer, \u00e0 identifier. Le Centre doit \u00eatre avec lui-m\u00eame. Il ne peut pas la convertir en exp\u00e9rience. Il peut y mettre toute l\u2019\u00e9nergie qu\u2019il veut, mais il ne peut pas la convertir en exp\u00e9rience. La sensation peut \u00eatre agr\u00e9able, puis elle dispara\u00eet parce que dans le vide, il n\u2019y a pas de stimulation. Les sens sont habitu\u00e9s \u00e0 la stimulation caus\u00e9e par les sensations. Toujours de nouvelles sensations, de nouvelles choses \u00e0 nommer, \u00e0 identifier, \u00e0 exp\u00e9rimenter, \u00e0 accepter, \u00e0 rejeter, \u00e0 choisir, \u00e0 acqu\u00e9rir, \u00e0 poss\u00e9der, \u00e0 renoncer \u2014 c\u2019est l\u2019\u00e9toffe de notre vie. Dans le vide, il n\u2019y a rien \u00e0 faire, alors le chercheur s\u2019accroche. Il vit dans l\u2019\u00e9tat o\u00f9 le \u00ab\u00a0je\u00a0\u00bb dit\u00a0: \u00ab\u00a0Je suis perdu\u00a0!\u00a0\u00bb Soyez perdu\u00a0! L\u00e0 o\u00f9 le \u00ab\u00a0je\u00a0\u00bb dit\u00a0: \u00ab\u00a0Je ne sais rien\u00a0\u00bb \u2014 Pas besoin de savoir\u00a0! Il n\u2019y a pas d\u2019exp\u00e9rience \u2014 C\u2019est tr\u00e8s bon pour vous\u00a0! Vous devez vous y tenir. Vous devez \u00eatre dans l\u2019\u00e9tat d\u2019\u00eatre perdu. L\u00e0 o\u00f9 vous n\u2019avez pas d\u2019amarres, pas d\u2019orientation, pas de direction. O\u00f9 pouvez-vous vous d\u00e9placer dans le vide\u00a0? Il n\u2019y a donc pas de direction. Il faut \u00eatre au centre. La conscience du \u00ab\u00a0je\u00a0\u00bb, l\u2019Ego, le Soi est oblig\u00e9 de retourner en suspens.<\/span><\/span><\/p>\n<p align=\"justify\"><span style=\"color: #000000;\"><span style=\"font-size: medium;\">Le chercheur doit supporter la sensation d\u2019\u00eatre perdu, de se sentir seul \u2014 parce que sans les mots, on se sent seul. Vous pouvez vivre loin des objets mat\u00e9riels, mais si les mots vous sont arrach\u00e9s, vous vous sentez vraiment seul \u2014 c\u2019est effrayant. Si l\u2019on maintient ce sentiment d\u2019\u00eatre perdu, c\u2019est-\u00e0-dire d\u2019\u00eatre en fusion avec le vide, on est r\u00e9duit au n\u00e9ant. C\u2019est une vie sans direction, sans mouvement, sans pens\u00e9e.<\/span><\/span><\/p>\n<p align=\"justify\"><span style=\"color: #000000;\"><span style=\"font-size: medium;\">Du centre de l\u2019ego, on passe \u00e0 une vie sans pens\u00e9e, sans mouvement, sans exp\u00e9rience. Quelle chose inint\u00e9ressante et mis\u00e9rable que cette sensation d\u2019\u00eatre perdu\u00a0! Lorsqu\u2019elle est maintenue, la sensation, le sentiment d\u2019\u00eatre perdu dispara\u00eet, parce que le \u00ab\u00a0je\u00a0\u00bb qui avait saut\u00e9 de la suspension au centre, pour \u00e9valuer, etc. constate qu\u2019il ne peut rien en faire et retourne donc \u00e0 la non-action.<\/span><\/span><\/p>\n<p align=\"justify\"><span style=\"color: #000000;\"><span style=\"font-size: medium;\">En termes de dimension temporelle, l\u2019investigateur doit peut-\u00eatre passer des jours, des semaines, des mois dans cet \u00e9tat. Cela d\u00e9pend de l\u2019intensit\u00e9, de la profondeur, de la passion \u2014 physique et mentale \u2014 dans laquelle le demandeur a v\u00e9cu. Cela peut durer une heure, un jour, un mois \u2014 c\u2019est sans importance. On reste dans cet \u00e9tat merveilleux o\u00f9 l\u2019on se perd, o\u00f9 l\u2019on est compl\u00e8tement perdu. Aucune initiative n\u2019est prise. La personne poursuit sa routine quotidienne, prend soin de son corps, etc., mais aucune initiative psychologique ou intellectuelle n\u2019est prise. Il n\u2019y a pas d\u2019envie de faire quelque chose. Mes amis, c\u2019est un grand pas. Il n\u2019y a pas eu d\u2019\u00e9ducation pour cela, pas de formation pour cela.<\/span><\/span><\/p>\n<p align=\"justify\"><span style=\"color: #000000;\"><span style=\"font-size: medium;\">Si cela est maintenu, la tension du sentiment d\u2019\u00eatre perdu dispara\u00eet et il y a une relaxation totale. C\u2019est alors que l\u2019inconnu, les \u00e9nergies non conditionn\u00e9es dissimul\u00e9es dans le vide du silence, dissimul\u00e9es dans la fin du mouvement de la pens\u00e9e, commencent \u00e0 op\u00e9rer.<\/span><\/span><\/p>\n<p align=\"justify\"><span style=\"color: #000000;\"><span style=\"font-size: medium;\">Ce qu\u2019a v\u00e9cu votre amie ici n\u2019est pas le dernier mot en la mati\u00e8re, mais comme vous me posez une question, je ne peux r\u00e9pondre qu\u2019en me r\u00e9f\u00e9rant \u00e0 ce qui s\u2019est pass\u00e9 ici.<\/span><\/span><\/p>\n<p align=\"justify\"><span style=\"color: #000000;\"><span style=\"font-size: medium;\">Comme on l\u2019a vu, lorsque ce vide est maintenu et que la relaxation est l\u00e0, les \u00e9nergies non conditionn\u00e9es commencent \u00e0 se manifester \u2014 d\u2019abord au niveau physique.<\/span><\/span><\/p>\n<p align=\"justify\"><span style=\"color: #000000;\"><span style=\"font-size: medium;\"><i>Y a-t-il un avertissement\u00a0? Comment les \u00e9nergies cosmiques inondent-elles la conscience\u00a0?<\/i><\/span><\/span><\/p>\n<p align=\"justify\"><span style=\"color: #000000;\"><span style=\"font-size: medium;\">Ce ne sont pas encore les \u00e9nergies cosmiques. Ce sont les \u00e9nergies de gu\u00e9rison contenues dans le corps qui commencent \u00e0 se manifester en premier. L\u2019\u00e9nergie de gu\u00e9rison commence \u00e0 gu\u00e9rir le corps et vous ressentez une \u00e9nergie \u00e9trange qui n\u2019est pas glandulaire, musculaire, etc. (mais vient du vide). Tout comme l\u2019\u00e9nergie de la pens\u00e9e, tout comme l\u2019\u00e9nergie contenue dans l\u2019atome, il y a de l\u2019\u00e9nergie cach\u00e9e dans le vide, dans l\u2019espace, dans le silence. Elle n\u2019a pas encore \u00e9t\u00e9 mesur\u00e9e. L\u2019\u00e9nergie du proton, de l\u2019\u00e9lectron, etc. a \u00e9t\u00e9 utilis\u00e9e, exploit\u00e9e, canalis\u00e9e, etc., mais c\u2019est l\u2019\u00e9nergie du silence, l\u2019\u00e9nergie de gu\u00e9rison.<\/span><\/span><\/p>\n<p align=\"justify\"><span style=\"color: #000000;\"><span style=\"font-size: medium;\">Ce n\u2019est pas encore l\u2019\u00e9nergie cosmique. C\u2019est l\u2019\u00e9nergie de la relaxation. Ainsi, la personne se sent joyeuse dans la dimension du vide, elle ne se sent plus perdue. Il n\u2019y a plus de sentiment d\u2019isolement et les sens ne se sentent plus affam\u00e9s par l\u2019absence de pens\u00e9es. Il y a donc une sorte de sentiment de compagnie de l\u2019int\u00e9rieur. Comment l\u2019exprimer\u00a0? Il s\u2019agit de la compagnie d\u2019une \u00e9nergie au niveau physique et psychologique. Lorsque le corps et sa structure neurochimique sont remplis d\u2019un sentiment de gu\u00e9rison et de d\u00e9tente et qu\u2019ils n\u2019ont besoin de rien d\u2019ext\u00e9rieur pour entretenir la joie et la d\u00e9tente, alors le silence ou le vide est m\u00fbr.<\/span><\/span><\/p>\n<p align=\"justify\"><span style=\"color: #000000;\"><span style=\"font-size: medium;\">Dans l\u2019\u00e9tat de joie, de relaxation et de gu\u00e9rison libre du centre se trouve l\u2019\u00e9mergence ou la descente de l\u2019\u00e9nergie cosmique.<\/span><\/span><\/p>\n<p align=\"justify\"><span style=\"color: #000000;\"><span style=\"font-size: medium;\">Nous avons parl\u00e9 de deux ou trois \u00e9tapes diff\u00e9rentes.<\/span><\/span><\/p>\n<p align=\"justify\"><span style=\"color: #000000;\"><span style=\"font-size: medium;\"><i>L\u2019\u00e9nergie cosmique vous donne-t-elle un avertissement, une intimation lorsqu\u2019elle inonde l\u2019\u00eatre\u00a0?<\/i><\/span><\/span><\/p>\n<p align=\"justify\"><span style=\"color: #000000;\"><span style=\"font-size: medium;\">Pour autant qu\u2019on puisse le voir, c\u2019est le cas.<\/span><\/span><\/p>\n<p align=\"justify\"><span style=\"color: #000000;\"><span style=\"font-size: medium;\">Aujourd\u2019hui, les impressions ne sont plus n\u00e9gatives. Il y a un sentiment d\u2019appartenance \u00e0 tous. Il y a un sentiment d\u2019appartenance \u00e0 l\u2019ensemble du cosmos. Vous savez que c\u2019est un langage \u00e9trange que l\u2019on utilise. Vous appartenez aux arbres, aux oiseaux, aux animaux. Il y a un sentiment de relation. Il y a un sentiment d\u2019amiti\u00e9 avec le cosmos tout entier \u2014 un sentiment d\u2019amiti\u00e9 avec l\u2019obscurit\u00e9 de la nuit et la clart\u00e9 du jour.<\/span><\/span><\/p>\n<p align=\"justify\"><span style=\"color: #000000;\"><span style=\"font-size: medium;\">Quelqu\u2019un vient vous insulter, vous blesser \u2014 le dommage caus\u00e9 par la blessure est enregistr\u00e9 par le corps ou bien la douleur est ressentie, mais le sentiment d\u2019appartenance \u00e0 la totalit\u00e9 de cette personne ne dispara\u00eet pas pour autant. Il n\u2019y a pas de retrait de la douleur, des blessures. Je pense donc que l\u2019\u00eatre est rempli du sentiment d\u2019appartenance \u00e0 l\u2019\u00e9ternit\u00e9 intemporelle, \u00e0 l\u2019espace sans limites, sans bornes. Cette personne ne peut pas lire les \u00e9tiquettes \u00e9crites sur les fronts, comme les Noirs et les Blancs, les Am\u00e9ricains et les Russes \u2014 ces \u00e9tiquettes au niveau physique ou psychologique deviennent absolument insignifiantes pour cette personne parce qu\u2019il y a une perception directe de l\u2019essence, de la Vie \u00e0 l\u2019int\u00e9rieur de l\u2019animal, de l\u2019oiseau, de l\u2019\u00eatre humain. Elle n\u2019appartient \u00e0 aucune race, \u00e0 aucune religion. C\u2019est un niveau de communication diff\u00e9rent qui s\u2019ouvre et vous avez un sentiment de pr\u00e9occupation, une pr\u00e9occupation \u00e9gale pour tous les \u00eatres \u2014 c\u2019est ce qu\u2019on appelle la compassion.<\/span><\/span><\/p>\n<p align=\"justify\"><span style=\"color: #000000;\"><span style=\"font-size: medium;\">L\u2019\u00eatre se remplit donc de ce que l\u2019on pourrait appeler l\u2019amour et la compassion. L\u2019\u00e9nergie cosmique se manifeste \u00e0 travers l\u2019amour et la compassion. Et partout o\u00f9 il y a amour, il y a intelligence. L\u2019\u00e9nergie de l\u2019intelligence, l\u2019\u00e9nergie de l\u2019amour, n\u2019a aucun rapport avec votre h\u00e9r\u00e9dit\u00e9. Elle n\u2019a rien \u00e0 voir avec l\u2019ensemble du pass\u00e9 humain. C\u2019est une \u00e9nergie ind\u00e9pendante. Votre \u00eatre est donc rempli d\u2019une nouvelle forme d\u2019intelligence. Le cosmos tout entier est votre demeure et tout ce qui y existe est votre semblable. Ainsi, lorsque l\u2019amour vous visite et que la compassion vous enveloppe, cela indique peut-\u00eatre que l\u2019\u00e9nergie cosmique impr\u00e8gne votre \u00eatre.<\/span><\/span><\/p>\n<p align=\"justify\"><span style=\"color: #000000;\"><span style=\"font-size: medium;\">Elle impr\u00e8gne vos pens\u00e9es, vos connaissances, votre conditionnement.<\/span><\/span><\/p>\n<p align=\"justify\"><span style=\"color: #000000;\"><span style=\"font-size: medium;\">L\u2019impr\u00e9gnation de votre \u00eatre conditionn\u00e9 par cette \u00e9nergie non conditionn\u00e9e est appel\u00e9e transformation.<\/span><\/span><\/p>\n<p align=\"justify\"><span style=\"color: #000000;\"><span style=\"font-size: medium;\">Physiquement, biologiquement, il y a un individu, mais \u00e0 l\u2019int\u00e9rieur de l\u2019individu, il n\u2019y a que l\u2019impr\u00e9gnation de l\u2019\u00e9nergie cosmique. Il n\u2019y a pas de centre.<\/span><\/span><\/p>\n<p align=\"justify\"><span style=\"color: #000000;\"><span style=\"font-size: medium;\">Il existe une personne sans personnalit\u00e9. Il y a un individu sans identit\u00e9. Il n\u2019est pas facile de reconna\u00eetre une personne \u00e9veill\u00e9e parce qu\u2019elle n\u2019a pas d\u2019entit\u00e9, pas de personnalit\u00e9, pas d\u2019identit\u00e9.<\/span><\/span><\/p>\n<p align=\"justify\"><a name=\"_GoBack\"><\/a> <span style=\"color: #000000;\"><span style=\"font-size: medium;\">Vous sentez que tout fond en vous, toute la rigidit\u00e9 de l\u2019ego, la conscience du \u00ab\u00a0je\u00a0\u00bb, tout le sentiment d\u2019identification \u00e0 la race, \u00e0 la religion, \u00e0 la nationalit\u00e9, \u00e0 la connaissance, \u00e0 l\u2019exp\u00e9rience se dissolvent compl\u00e8tement. Tous les n\u0153uds que la psych\u00e9 avait cr\u00e9\u00e9s commencent \u00e0 fondre dans cette immense fournaise de vide et vous avez l\u2019impression qu\u2019il n\u2019y a pas d\u2019os dans votre corps, qu\u2019il n\u2019y a pas de pens\u00e9es dans votre conscience. Vous vous sentez vaste comme le ciel, profond comme les oc\u00e9ans, l\u00e9ger comme le soleil, et vous sentez la paix des montagnes en vous. Vous savez que le cosmos commence \u00e0 conf\u00e9rer toutes ses qualit\u00e9s avec l\u2019\u00e9mergence de l\u2019\u00e9nergie cosmique. L\u2019\u00e9nergie de la paix et l\u2019\u00e9nergie de la clart\u00e9, l\u2019\u00e9nergie de l\u2019immensit\u00e9, l\u2019\u00e9nergie de la profondeur remplissent l\u2019\u00eatre.<\/span><\/span><\/p>\n<p align=\"justify\"><span style=\"color: #000000;\"><span style=\"font-size: medium;\">Tout ceci peut sembler une description et j\u2019en suis d\u00e9sol\u00e9. On ne parle gu\u00e8re de ces choses parce qu\u2019elles sont trop sacr\u00e9es pour les mots. C\u2019est une aventure de verbaliser ce qui d\u00e9fie la verbalisation. Mais on ne veut partager avec ses amis qu\u2019une seule chose\u00a0: qu\u2019il est possible de vivre dans cette dimension. Vous pouvez \u00eatre entour\u00e9 de dizaines d\u2019\u00eatres humains et la pr\u00e9sence de ces \u00eatres humains ne porte pas atteinte \u00e0 l\u2019int\u00e9grit\u00e9 de votre solitude int\u00e9rieure. Vous pouvez \u00eatre amen\u00e9 \u00e0 parler, mais les mots naissent du silence int\u00e9rieur. Vous pouvez \u00eatre amen\u00e9 \u00e0 vous d\u00e9placer d\u2019un endroit \u00e0 l\u2019autre, mais c\u2019est la paix qui se d\u00e9place. Maintenant, le mouvement ne perturbe pas la paix. Vous savez que la paix est inaccessible et que le silence est invincible. La pl\u00e9nitude conf\u00e8re donc la saintet\u00e9 \u00e0 la personne. La personne est devenue enti\u00e8re. D\u2019un minuscule individu isol\u00e9 par l\u2019ego, fragment\u00e9 par la pens\u00e9e, il est pass\u00e9 \u00e0 autre chose. Ce n\u2019est que lorsqu\u2019une personne grandit dans cette pl\u00e9nitude qu\u2019elle devient sainte ou sacr\u00e9e.<\/span><\/span><\/p>\n","protected":false},"excerpt":{"rendered":"<p>Traduction libre Ce que nous allons aborder cet apr\u00e8s-midi concerne le silence, le vide et la pl\u00e9nitude. Si et quand une personne, un chercheur se familiarise avec la structure, le m\u00e9canisme et le mode de fonctionnement de la pens\u00e9e\u00a0; quand un chercheur a per\u00e7u et compris les limites inh\u00e9rentes \u00e0 la structure de la pens\u00e9e [&hellip;]<\/p>\n","protected":false},"author":2,"featured_media":17288,"comment_status":"closed","ping_status":"closed","sticky":false,"template":"","format":"standard","meta":{"footnotes":""},"categories":[1369],"tags":[],"class_list":["post-19734","post","type-post","status-publish","format-standard","has-post-thumbnail","hentry","category-thakar-vimala"],"yoast_head":"<!-- This site is optimized with the Yoast SEO plugin v27.0 - https:\/\/yoast.com\/product\/yoast-seo-wordpress\/ -->\n<title>Le silence et le vide par Vimala Thakar - 3e mill\u00e9naire - Spiritualit\u00e9 - Connaissance de soi - Non-dualit\u00e9 - M\u00e9ditation<\/title>\n<meta name=\"robots\" content=\"index, follow, max-snippet:-1, max-image-preview:large, max-video-preview:-1\" \/>\n<link rel=\"canonical\" href=\"https:\/\/www.revue3emillenaire.com\/blog\/le-silence-et-le-vide-par-vimala-thakar\/\" \/>\n<meta property=\"og:locale\" content=\"fr_FR\" \/>\n<meta property=\"og:type\" content=\"article\" \/>\n<meta property=\"og:title\" content=\"Le silence et le vide par Vimala Thakar - 3e mill\u00e9naire - Spiritualit\u00e9 - Connaissance de soi - Non-dualit\u00e9 - M\u00e9ditation\" \/>\n<meta property=\"og:description\" content=\"Traduction libre Ce que nous allons aborder cet apr\u00e8s-midi concerne le silence, le vide et la pl\u00e9nitude. Si et quand une personne, un chercheur se familiarise avec la structure, le m\u00e9canisme et le mode de fonctionnement de la pens\u00e9e\u00a0; quand un chercheur a per\u00e7u et compris les limites inh\u00e9rentes \u00e0 la structure de la pens\u00e9e [&hellip;]\" \/>\n<meta property=\"og:url\" content=\"https:\/\/www.revue3emillenaire.com\/blog\/le-silence-et-le-vide-par-vimala-thakar\/\" \/>\n<meta property=\"og:site_name\" content=\"3e mill\u00e9naire - Spiritualit\u00e9 - Connaissance de soi - Non-dualit\u00e9 - M\u00e9ditation\" \/>\n<meta property=\"article:published_time\" content=\"2024-03-03T00:50:12+00:00\" \/>\n<meta property=\"og:image\" content=\"https:\/\/www.revue3emillenaire.com\/blog\/wp-content\/uploads\/2016\/09\/vimala-thakar.jpg\" \/>\n\t<meta property=\"og:image:width\" content=\"351\" \/>\n\t<meta property=\"og:image:height\" content=\"358\" \/>\n\t<meta property=\"og:image:type\" content=\"image\/jpeg\" \/>\n<meta name=\"author\" content=\"3e mill\u00e9naire\" \/>\n<meta name=\"twitter:card\" content=\"summary_large_image\" \/>\n<meta name=\"twitter:label1\" content=\"\u00c9crit par\" \/>\n\t<meta name=\"twitter:data1\" content=\"3e mill\u00e9naire\" \/>\n\t<meta name=\"twitter:label2\" content=\"Dur\u00e9e de lecture estim\u00e9e\" \/>\n\t<meta name=\"twitter:data2\" content=\"17 minutes\" \/>\n<script type=\"application\/ld+json\" class=\"yoast-schema-graph\">{\"@context\":\"https:\/\/schema.org\",\"@graph\":[{\"@type\":\"Article\",\"@id\":\"https:\/\/www.revue3emillenaire.com\/blog\/le-silence-et-le-vide-par-vimala-thakar\/#article\",\"isPartOf\":{\"@id\":\"https:\/\/www.revue3emillenaire.com\/blog\/le-silence-et-le-vide-par-vimala-thakar\/\"},\"author\":{\"name\":\"3e mill\u00e9naire\",\"@id\":\"https:\/\/www.revue3emillenaire.com\/blog\/#\/schema\/person\/b692dacff720a5344a6190bc714397eb\"},\"headline\":\"Le silence et le vide par Vimala Thakar\",\"datePublished\":\"2024-03-03T00:50:12+00:00\",\"mainEntityOfPage\":{\"@id\":\"https:\/\/www.revue3emillenaire.com\/blog\/le-silence-et-le-vide-par-vimala-thakar\/\"},\"wordCount\":3613,\"image\":{\"@id\":\"https:\/\/www.revue3emillenaire.com\/blog\/le-silence-et-le-vide-par-vimala-thakar\/#primaryimage\"},\"thumbnailUrl\":\"https:\/\/www.revue3emillenaire.com\/blog\/wp-content\/uploads\/2016\/09\/vimala-thakar.jpg\",\"articleSection\":[\"Thakar Vimala\"],\"inLanguage\":\"fr-FR\"},{\"@type\":\"WebPage\",\"@id\":\"https:\/\/www.revue3emillenaire.com\/blog\/le-silence-et-le-vide-par-vimala-thakar\/\",\"url\":\"https:\/\/www.revue3emillenaire.com\/blog\/le-silence-et-le-vide-par-vimala-thakar\/\",\"name\":\"Le silence et le vide par Vimala Thakar - 3e mill\u00e9naire - Spiritualit\u00e9 - Connaissance de soi - Non-dualit\u00e9 - M\u00e9ditation\",\"isPartOf\":{\"@id\":\"https:\/\/www.revue3emillenaire.com\/blog\/#website\"},\"primaryImageOfPage\":{\"@id\":\"https:\/\/www.revue3emillenaire.com\/blog\/le-silence-et-le-vide-par-vimala-thakar\/#primaryimage\"},\"image\":{\"@id\":\"https:\/\/www.revue3emillenaire.com\/blog\/le-silence-et-le-vide-par-vimala-thakar\/#primaryimage\"},\"thumbnailUrl\":\"https:\/\/www.revue3emillenaire.com\/blog\/wp-content\/uploads\/2016\/09\/vimala-thakar.jpg\",\"datePublished\":\"2024-03-03T00:50:12+00:00\",\"author\":{\"@id\":\"https:\/\/www.revue3emillenaire.com\/blog\/#\/schema\/person\/b692dacff720a5344a6190bc714397eb\"},\"breadcrumb\":{\"@id\":\"https:\/\/www.revue3emillenaire.com\/blog\/le-silence-et-le-vide-par-vimala-thakar\/#breadcrumb\"},\"inLanguage\":\"fr-FR\",\"potentialAction\":[{\"@type\":\"ReadAction\",\"target\":[\"https:\/\/www.revue3emillenaire.com\/blog\/le-silence-et-le-vide-par-vimala-thakar\/\"]}]},{\"@type\":\"ImageObject\",\"inLanguage\":\"fr-FR\",\"@id\":\"https:\/\/www.revue3emillenaire.com\/blog\/le-silence-et-le-vide-par-vimala-thakar\/#primaryimage\",\"url\":\"https:\/\/www.revue3emillenaire.com\/blog\/wp-content\/uploads\/2016\/09\/vimala-thakar.jpg\",\"contentUrl\":\"https:\/\/www.revue3emillenaire.com\/blog\/wp-content\/uploads\/2016\/09\/vimala-thakar.jpg\",\"width\":351,\"height\":358},{\"@type\":\"BreadcrumbList\",\"@id\":\"https:\/\/www.revue3emillenaire.com\/blog\/le-silence-et-le-vide-par-vimala-thakar\/#breadcrumb\",\"itemListElement\":[{\"@type\":\"ListItem\",\"position\":1,\"name\":\"Accueil\",\"item\":\"https:\/\/www.revue3emillenaire.com\/blog\/\"},{\"@type\":\"ListItem\",\"position\":2,\"name\":\"Le silence et le vide par Vimala Thakar\"}]},{\"@type\":\"WebSite\",\"@id\":\"https:\/\/www.revue3emillenaire.com\/blog\/#website\",\"url\":\"https:\/\/www.revue3emillenaire.com\/blog\/\",\"name\":\"3e mill\u00e9naire - Spiritualit\u00e9 - Connaissance de soi - Non-dualit\u00e9 - M\u00e9ditation\",\"description\":\"L&#039;Homme en devenir\",\"potentialAction\":[{\"@type\":\"SearchAction\",\"target\":{\"@type\":\"EntryPoint\",\"urlTemplate\":\"https:\/\/www.revue3emillenaire.com\/blog\/?s={search_term_string}\"},\"query-input\":{\"@type\":\"PropertyValueSpecification\",\"valueRequired\":true,\"valueName\":\"search_term_string\"}}],\"inLanguage\":\"fr-FR\"},{\"@type\":\"Person\",\"@id\":\"https:\/\/www.revue3emillenaire.com\/blog\/#\/schema\/person\/b692dacff720a5344a6190bc714397eb\",\"name\":\"3e mill\u00e9naire\",\"url\":\"https:\/\/www.revue3emillenaire.com\/blog\/author\/scoussa\/\"}]}<\/script>\n<!-- \/ Yoast SEO plugin. -->","yoast_head_json":{"title":"Le silence et le vide par Vimala Thakar - 3e mill\u00e9naire - Spiritualit\u00e9 - Connaissance de soi - Non-dualit\u00e9 - M\u00e9ditation","robots":{"index":"index","follow":"follow","max-snippet":"max-snippet:-1","max-image-preview":"max-image-preview:large","max-video-preview":"max-video-preview:-1"},"canonical":"https:\/\/www.revue3emillenaire.com\/blog\/le-silence-et-le-vide-par-vimala-thakar\/","og_locale":"fr_FR","og_type":"article","og_title":"Le silence et le vide par Vimala Thakar - 3e mill\u00e9naire - Spiritualit\u00e9 - Connaissance de soi - Non-dualit\u00e9 - M\u00e9ditation","og_description":"Traduction libre Ce que nous allons aborder cet apr\u00e8s-midi concerne le silence, le vide et la pl\u00e9nitude. Si et quand une personne, un chercheur se familiarise avec la structure, le m\u00e9canisme et le mode de fonctionnement de la pens\u00e9e\u00a0; quand un chercheur a per\u00e7u et compris les limites inh\u00e9rentes \u00e0 la structure de la pens\u00e9e [&hellip;]","og_url":"https:\/\/www.revue3emillenaire.com\/blog\/le-silence-et-le-vide-par-vimala-thakar\/","og_site_name":"3e mill\u00e9naire - Spiritualit\u00e9 - Connaissance de soi - Non-dualit\u00e9 - M\u00e9ditation","article_published_time":"2024-03-03T00:50:12+00:00","og_image":[{"width":351,"height":358,"url":"https:\/\/www.revue3emillenaire.com\/blog\/wp-content\/uploads\/2016\/09\/vimala-thakar.jpg","type":"image\/jpeg"}],"author":"3e mill\u00e9naire","twitter_card":"summary_large_image","twitter_misc":{"\u00c9crit par":"3e mill\u00e9naire","Dur\u00e9e de lecture estim\u00e9e":"17 minutes"},"schema":{"@context":"https:\/\/schema.org","@graph":[{"@type":"Article","@id":"https:\/\/www.revue3emillenaire.com\/blog\/le-silence-et-le-vide-par-vimala-thakar\/#article","isPartOf":{"@id":"https:\/\/www.revue3emillenaire.com\/blog\/le-silence-et-le-vide-par-vimala-thakar\/"},"author":{"name":"3e mill\u00e9naire","@id":"https:\/\/www.revue3emillenaire.com\/blog\/#\/schema\/person\/b692dacff720a5344a6190bc714397eb"},"headline":"Le silence et le vide par Vimala Thakar","datePublished":"2024-03-03T00:50:12+00:00","mainEntityOfPage":{"@id":"https:\/\/www.revue3emillenaire.com\/blog\/le-silence-et-le-vide-par-vimala-thakar\/"},"wordCount":3613,"image":{"@id":"https:\/\/www.revue3emillenaire.com\/blog\/le-silence-et-le-vide-par-vimala-thakar\/#primaryimage"},"thumbnailUrl":"https:\/\/www.revue3emillenaire.com\/blog\/wp-content\/uploads\/2016\/09\/vimala-thakar.jpg","articleSection":["Thakar Vimala"],"inLanguage":"fr-FR"},{"@type":"WebPage","@id":"https:\/\/www.revue3emillenaire.com\/blog\/le-silence-et-le-vide-par-vimala-thakar\/","url":"https:\/\/www.revue3emillenaire.com\/blog\/le-silence-et-le-vide-par-vimala-thakar\/","name":"Le silence et le vide par Vimala Thakar - 3e mill\u00e9naire - Spiritualit\u00e9 - Connaissance de soi - Non-dualit\u00e9 - M\u00e9ditation","isPartOf":{"@id":"https:\/\/www.revue3emillenaire.com\/blog\/#website"},"primaryImageOfPage":{"@id":"https:\/\/www.revue3emillenaire.com\/blog\/le-silence-et-le-vide-par-vimala-thakar\/#primaryimage"},"image":{"@id":"https:\/\/www.revue3emillenaire.com\/blog\/le-silence-et-le-vide-par-vimala-thakar\/#primaryimage"},"thumbnailUrl":"https:\/\/www.revue3emillenaire.com\/blog\/wp-content\/uploads\/2016\/09\/vimala-thakar.jpg","datePublished":"2024-03-03T00:50:12+00:00","author":{"@id":"https:\/\/www.revue3emillenaire.com\/blog\/#\/schema\/person\/b692dacff720a5344a6190bc714397eb"},"breadcrumb":{"@id":"https:\/\/www.revue3emillenaire.com\/blog\/le-silence-et-le-vide-par-vimala-thakar\/#breadcrumb"},"inLanguage":"fr-FR","potentialAction":[{"@type":"ReadAction","target":["https:\/\/www.revue3emillenaire.com\/blog\/le-silence-et-le-vide-par-vimala-thakar\/"]}]},{"@type":"ImageObject","inLanguage":"fr-FR","@id":"https:\/\/www.revue3emillenaire.com\/blog\/le-silence-et-le-vide-par-vimala-thakar\/#primaryimage","url":"https:\/\/www.revue3emillenaire.com\/blog\/wp-content\/uploads\/2016\/09\/vimala-thakar.jpg","contentUrl":"https:\/\/www.revue3emillenaire.com\/blog\/wp-content\/uploads\/2016\/09\/vimala-thakar.jpg","width":351,"height":358},{"@type":"BreadcrumbList","@id":"https:\/\/www.revue3emillenaire.com\/blog\/le-silence-et-le-vide-par-vimala-thakar\/#breadcrumb","itemListElement":[{"@type":"ListItem","position":1,"name":"Accueil","item":"https:\/\/www.revue3emillenaire.com\/blog\/"},{"@type":"ListItem","position":2,"name":"Le silence et le vide par Vimala Thakar"}]},{"@type":"WebSite","@id":"https:\/\/www.revue3emillenaire.com\/blog\/#website","url":"https:\/\/www.revue3emillenaire.com\/blog\/","name":"3e mill\u00e9naire - Spiritualit\u00e9 - Connaissance de soi - Non-dualit\u00e9 - M\u00e9ditation","description":"L&#039;Homme en devenir","potentialAction":[{"@type":"SearchAction","target":{"@type":"EntryPoint","urlTemplate":"https:\/\/www.revue3emillenaire.com\/blog\/?s={search_term_string}"},"query-input":{"@type":"PropertyValueSpecification","valueRequired":true,"valueName":"search_term_string"}}],"inLanguage":"fr-FR"},{"@type":"Person","@id":"https:\/\/www.revue3emillenaire.com\/blog\/#\/schema\/person\/b692dacff720a5344a6190bc714397eb","name":"3e mill\u00e9naire","url":"https:\/\/www.revue3emillenaire.com\/blog\/author\/scoussa\/"}]}},"_links":{"self":[{"href":"https:\/\/www.revue3emillenaire.com\/blog\/wp-json\/wp\/v2\/posts\/19734","targetHints":{"allow":["GET"]}}],"collection":[{"href":"https:\/\/www.revue3emillenaire.com\/blog\/wp-json\/wp\/v2\/posts"}],"about":[{"href":"https:\/\/www.revue3emillenaire.com\/blog\/wp-json\/wp\/v2\/types\/post"}],"author":[{"embeddable":true,"href":"https:\/\/www.revue3emillenaire.com\/blog\/wp-json\/wp\/v2\/users\/2"}],"replies":[{"embeddable":true,"href":"https:\/\/www.revue3emillenaire.com\/blog\/wp-json\/wp\/v2\/comments?post=19734"}],"version-history":[{"count":0,"href":"https:\/\/www.revue3emillenaire.com\/blog\/wp-json\/wp\/v2\/posts\/19734\/revisions"}],"wp:featuredmedia":[{"embeddable":true,"href":"https:\/\/www.revue3emillenaire.com\/blog\/wp-json\/wp\/v2\/media\/17288"}],"wp:attachment":[{"href":"https:\/\/www.revue3emillenaire.com\/blog\/wp-json\/wp\/v2\/media?parent=19734"}],"wp:term":[{"taxonomy":"category","embeddable":true,"href":"https:\/\/www.revue3emillenaire.com\/blog\/wp-json\/wp\/v2\/categories?post=19734"},{"taxonomy":"post_tag","embeddable":true,"href":"https:\/\/www.revue3emillenaire.com\/blog\/wp-json\/wp\/v2\/tags?post=19734"}],"curies":[{"name":"wp","href":"https:\/\/api.w.org\/{rel}","templated":true}]}}