{"id":19838,"date":"2024-03-21T03:09:05","date_gmt":"2024-03-21T02:09:05","guid":{"rendered":"https:\/\/www.revue3emillenaire.com\/blog\/?p=19838"},"modified":"2024-03-21T03:09:05","modified_gmt":"2024-03-21T02:09:05","slug":"comment-le-capitalisme-americain-sest-il-transforme-en-corporatisme-americain-par-jeffrey-a-tucker","status":"publish","type":"post","link":"https:\/\/www.revue3emillenaire.com\/blog\/comment-le-capitalisme-americain-sest-il-transforme-en-corporatisme-americain-par-jeffrey-a-tucker\/","title":{"rendered":"Comment le capitalisme am\u00e9ricain s\u2019est-il transform\u00e9 en corporatisme am\u00e9ricain\u00a0? par Jeffrey A. Tucker"},"content":{"rendered":"<p class=\"western\" align=\"justify\"><i>Traduction libre<\/i><\/p>\n<p class=\"western\" align=\"justify\">15\u00a0mars 2024<\/p>\n<p class=\"western\" align=\"justify\">Dans les ann\u00e9es\u00a01990 et pendant des ann\u00e9es au cours de notre si\u00e8cle, il \u00e9tait courant de ridiculiser le gouvernement pour son retard technologique. Nous avions tous acc\u00e8s \u00e0 des choses fabuleuses, comme les sites web, les applications, les outils de recherche et les m\u00e9dias sociaux. Mais les gouvernements, \u00e0 tous les niveaux, \u00e9taient bloqu\u00e9s dans le pass\u00e9, utilisant des ordinateurs centraux IBM et de grosses disquettes. Nous nous sommes amus\u00e9s \u00e0 nous moquer d\u2019eux.<\/p>\n<p class=\"western\" align=\"justify\">Je me souviens de l\u2019\u00e9poque o\u00f9 je pensais que le gouvernement ne rattraperait jamais la gloire et la puissance du march\u00e9 lui-m\u00eame. J\u2019ai \u00e9crit plusieurs livres \u00e0 ce sujet, pleins de techno-optimisme.<\/p>\n<p class=\"western\" align=\"justify\">Le nouveau secteur des technologies avait une \u00e9thique libertaire. Il ne se souciait pas du gouvernement et de ses bureaucrates. Il n\u2019avait pas de lobbyistes \u00e0 Washington. Il repr\u00e9sentait les nouvelles technologies de la libert\u00e9 et ne se souciait gu\u00e8re de l\u2019Ancien Monde analogique du commandement et du contr\u00f4le. Il allait inaugurer une nouvelle \u00e8re de pouvoir populaire.<\/p>\n<p class=\"western\" align=\"justify\">Un quart de si\u00e8cle plus tard, nous avons la preuve document\u00e9e que c\u2019est le contraire qui s\u2019est produit. Le secteur priv\u00e9 collecte les donn\u00e9es que le gouvernement ach\u00e8te et utilise comme outil de contr\u00f4le. Ce qui est partag\u00e9 et le nombre de personnes qui\u00a0peuvent le voir d\u00e9pend des\u00a0algorithmes convenus par une combinaison d\u2019agences gouvernementales, de centres universitaires, de diverses organisations \u00e0 but non lucratif et des entreprises elles-m\u00eames. L\u2019ensemble est devenu une masse oppressante.<\/p>\n<p class=\"western\" align=\"justify\">Voici le nouveau si\u00e8ge de Google \u00e0 Reston, en Virginie.<\/p>\n<p align=\"justify\"><a href=\"https:\/\/www.revue3emillenaire.com\/blog\/wp-content\/uploads\/2024\/03\/google.jpg\"><img loading=\"lazy\" decoding=\"async\" class=\"aligncenter size-full wp-image-19839\" src=\"https:\/\/www.revue3emillenaire.com\/blog\/wp-content\/uploads\/2024\/03\/google.jpg\" alt=\"\" width=\"768\" height=\"432\" srcset=\"https:\/\/www.revue3emillenaire.com\/blog\/wp-content\/uploads\/2024\/03\/google.jpg 768w, https:\/\/www.revue3emillenaire.com\/blog\/wp-content\/uploads\/2024\/03\/google-300x169.jpg 300w\" sizes=\"auto, (max-width: 768px) 100vw, 768px\" \/><\/a><\/p>\n<p class=\"western\" align=\"justify\">Et voici celui d\u2019Amazon, \u00e0 Arlington, en Virginie.<\/p>\n<p align=\"justify\"><a href=\"https:\/\/www.revue3emillenaire.com\/blog\/wp-content\/uploads\/2024\/03\/Amazon.jpg\"><img loading=\"lazy\" decoding=\"async\" class=\"aligncenter size-full wp-image-19840\" src=\"https:\/\/www.revue3emillenaire.com\/blog\/wp-content\/uploads\/2024\/03\/Amazon.jpg\" alt=\"\" width=\"768\" height=\"429\" srcset=\"https:\/\/www.revue3emillenaire.com\/blog\/wp-content\/uploads\/2024\/03\/Amazon.jpg 768w, https:\/\/www.revue3emillenaire.com\/blog\/wp-content\/uploads\/2024\/03\/Amazon-300x168.jpg 300w\" sizes=\"auto, (max-width: 768px) 100vw, 768px\" \/><\/a><\/p>\n<p class=\"western\" align=\"justify\">Toutes les grandes entreprises qui se tenaient autrefois \u00e0 l\u2019\u00e9cart de Washington poss\u00e8dent aujourd\u2019hui, \u00e0 Washington ou dans ses environs, un palais g\u00e9ant similaire, et elles per\u00e7oivent des dizaines de milliards de dollars de recettes publiques. Le gouvernement est devenu un client important, sinon le principal client, des services fournis par les grandes entreprises de m\u00e9dias sociaux et de technologie. Elles sont des annonceurs, mais aussi des acheteurs massifs du produit principal.<\/p>\n<p class=\"western\" align=\"justify\">Amazon, Microsoft et Google sont les principaux b\u00e9n\u00e9ficiaires des contrats gouvernementaux, selon un <a href=\"https:\/\/www.tussell.com\/ss2023\" target=\"_blank\" rel=\"noopener\">rapport<\/a> de Tussel. Amazon h\u00e9berge les donn\u00e9es de la National Security Agency dans le cadre d\u2019un contrat de 10\u00a0milliards de dollars, et re\u00e7oit des centaines de millions d\u2019autres gouvernements. Nous ne savons pas combien Google a re\u00e7u du gouvernement am\u00e9ricain, mais il s\u2019agit certainement d\u2019une part importante des 694\u00a0milliards de dollars que le gouvernement f\u00e9d\u00e9ral distribue sous forme de contrats.<\/p>\n<p class=\"western\" align=\"justify\">Microsoft d\u00e9tient \u00e9galement une part importante des contrats gouvernementaux. En 2023, le minist\u00e8re am\u00e9ricain de la D\u00e9fense a attribu\u00e9 le contrat <a href=\"https:\/\/breakingdefense.com\/2023\/12\/one-year-in-pentagon-looks-ahead-to-joint-warfighter-cloud-capability-2-0\/\" target=\"_blank\" rel=\"noopener\">Joint Warfighter Cloud Capability<\/a> (Capacit\u00e9 en nuage num\u00e9rique conjointe pour les combattants) \u00e0 Microsoft, Amazon, Google et Oracle. Ce contrat, d\u2019une valeur maximale de 9\u00a0milliards de dollars, fournit au minist\u00e8re de la D\u00e9fense des services en nuage. Ce n\u2019est qu\u2019un d\u00e9but. Le Pentagone est \u00e0 la recherche <a href=\"https:\/\/www.c4isrnet.com\/smr\/cloud\/2023\/12\/13\/pentagon-eyes-successor-to-joint-warfighting-cloud-capability-contract\/\" target=\"_blank\" rel=\"noopener\">d\u2019un plan de remplacement<\/a> qui sera plus important.<\/p>\n<p class=\"western\" align=\"justify\">En fait, nous n\u2019en connaissons m\u00eame pas l\u2019\u00e9tendue totale, mais elle est gargantuesque. Certes, ces entreprises fournissent les services habituels aux consommateurs, mais l\u2019un de leurs principaux clients, voire le plus important, est le gouvernement lui-m\u00eame. Par cons\u00e9quent, la vieille rengaine sur les technologies\u00a0arri\u00e9r\u00e9es\u00a0dans les agences gouvernementales n\u2019est plus d\u2019actualit\u00e9. Aujourd\u2019hui, le gouvernement est l\u2019un des principaux acheteurs de services technologiques et l\u2019un des principaux moteurs de l\u2019essor de l\u2019IA.<\/p>\n<p class=\"western\" align=\"justify\">C\u2019est l\u2019un des secrets les mieux gard\u00e9s de la vie publique am\u00e9ricaine, dont les grands m\u00e9dias ne parlent pratiquement pas. La plupart des gens consid\u00e8rent encore que les entreprises technologiques comme des rebelles de l\u2019entreprise libre. Ce n\u2019est pas le cas.<\/p>\n<p class=\"western\" align=\"justify\">La m\u00eame situation existe bien s\u00fbr pour les entreprises pharmaceutiques. Cette relation remonte encore plus loin dans le temps et est encore plus \u00e9troite au point qu\u2019il n\u2019y a pas de r\u00e9elle distinction entre les int\u00e9r\u00eats de la FDA\/CDC et ceux des grandes entreprises pharmaceutiques. Elles ne font qu\u2019un.<\/p>\n<p class=\"western\" align=\"justify\">Dans ce cadre, nous pourrions \u00e9galement \u00e9tiqueter le secteur agricole, qui est domin\u00e9 par des cartels qui ont chass\u00e9 les exploitations familiales. C\u2019est un plan gouvernemental et des subventions massives qui d\u00e9terminent ce qui est produit et en quelle quantit\u00e9. Ce n\u2019est pas gr\u00e2ce aux consommateurs que votre Coca est rempli d\u2019un produit effrayant appel\u00e9 \u00ab\u00a0sirop de ma\u00efs \u00e0 haute teneur en fructose\u00a0\u00bb, que votre barre chocolat\u00e9e et votre pain aux raisins contiennent le m\u00eame produit et qu\u2019il y a du ma\u00efs dans votre r\u00e9servoir d\u2019essence. Tout cela est enti\u00e8rement le fait des agences gouvernementales et des budgets.<\/p>\n<p class=\"western\" align=\"justify\">Dans la libre entreprise, la vieille r\u00e8gle veut que le client ait toujours raison. Il s\u2019agit d\u2019un syst\u00e8me merveilleux, parfois appel\u00e9 souverainet\u00e9 du consommateur. Son av\u00e8nement dans l\u2019histoire, qui remonte peut-\u00eatre au XVI<sup>e<\/sup>\u00a0si\u00e8cle, a repr\u00e9sent\u00e9 une avanc\u00e9e consid\u00e9rable par rapport \u00e0 l\u2019ancien syst\u00e8me de guildes du f\u00e9odalisme et certainement un grand pas en avant par rapport aux anciens despotismes. Cela a \u00e9t\u00e9 le cri de ralliement de l\u2019\u00e9conomie de march\u00e9 depuis lors.<\/p>\n<p class=\"western\" align=\"justify\">Mais que se passe-t-il lorsque le gouvernement lui-m\u00eame devient un client principal, voire dominant\u00a0? L\u2019\u00e9thique de l\u2019entreprise priv\u00e9e s\u2019en trouve modifi\u00e9e. Loin d\u2019\u00eatre int\u00e9ress\u00e9e par le service au public, l\u2019entreprise se met au service de ses puissants ma\u00eetres dans les couloirs de l\u2019\u00c9tat, tissant peu \u00e0 peu des relations \u00e9troites et formant une classe dirigeante qui devient une conspiration contre le public.<\/p>\n<p class=\"western\" align=\"justify\">C\u2019est ce qu\u2019on appelait autrefois le \u00ab\u00a0capitalisme de copinage\u00a0\u00bb, ce qui d\u00e9crit peut-\u00eatre certains des probl\u00e8mes \u00e0 petite \u00e9chelle. Il s\u2019agit d\u2019un autre niveau de r\u00e9alit\u00e9 qui a besoin d\u2019un nom enti\u00e8rement diff\u00e9rent. Ce nom est le corporatisme, un terme invent\u00e9 dans les ann\u00e9es\u00a01930 et synonyme de fascisme avant que celui-ci ne devienne un gros mot en raison des alliances en temps de guerre. Le corporatisme est une chose sp\u00e9cifique, ni capitalisme ni socialisme, mais un syst\u00e8me de propri\u00e9t\u00e9 priv\u00e9e avec une industrie cartellis\u00e9e qui sert principalement l\u2019\u00c9tat.<\/p>\n<p class=\"western\" align=\"justify\">Les anciennes distinctions entre le secteur public et le secteur priv\u00e9 \u2014 largement pr\u00e9sum\u00e9es par tous les grands syst\u00e8mes id\u00e9ologiques \u2014 sont devenues si floues qu\u2019elles n\u2019ont plus beaucoup de sens. Et pourtant, nous ne sommes pas pr\u00e9par\u00e9s id\u00e9ologiquement et philosophiquement \u00e0 faire face \u00e0 ce Nouveau Monde avec une certaine perspicacit\u00e9 intellectuelle. De plus, il est parfois extr\u00eamement difficile de distinguer les bons des m\u00e9chants dans le flot d\u2019informations. Nous ne savons plus gu\u00e8re pour qui applaudir ou huer dans les grandes luttes de notre temps.<\/p>\n<p class=\"western\" align=\"justify\">C\u2019est dire \u00e0 quel point tout est devenu confus. On est bien loin des ann\u00e9es\u00a01990\u00a0!<\/p>\n<p class=\"western\" align=\"justify\">D\u2019aucuns pourraient faire remarquer que ce probl\u00e8me remonte \u00e0 tr\u00e8s loin dans le temps. Depuis la guerre hispano-am\u00e9ricaine, nous assistons \u00e0 une fusion du public et du priv\u00e9 dans l\u2019industrie des munitions.<\/p>\n<p class=\"western\" align=\"justify\">C\u2019est vrai. De nombreuses fortunes de l\u2019\u00e2ge d\u2019or \u00e9taient des entreprises tout \u00e0 fait l\u00e9gitimes et fond\u00e9es sur le march\u00e9, mais d\u2019autres provenaient du complexe militaro-industriel naissant qui a commenc\u00e9 \u00e0 m\u00fbrir pendant la Grande Guerre et qui impliquait un vaste \u00e9ventail de secteurs allant de l\u2019industrie aux transports en passant par les communications.<\/p>\n<p class=\"western\" align=\"justify\">Bien s\u00fbr, en 1913, nous avons assist\u00e9 \u00e0 l\u2019av\u00e8nement d\u2019un partenariat public-priv\u00e9 particuli\u00e8rement flagrant avec la R\u00e9serve f\u00e9d\u00e9rale, dans lequel les banques priv\u00e9es ont fusionn\u00e9 en un front unifi\u00e9 et ont accept\u00e9 d\u2019assurer le service des obligations de la dette du gouvernement am\u00e9ricain en \u00e9change de garanties de renflouement. Ce corporatisme mon\u00e9taire continue de nous contrarier \u00e0 ce jour, tout comme le complexe militaro-industriel.<\/p>\n<p class=\"western\" align=\"justify\">En quoi est-il diff\u00e9rent du pass\u00e9 ? Il est diff\u00e9rent en termes de degr\u00e9 et de port\u00e9e. La machine corporatiste g\u00e8re d\u00e9sormais les principaux produits et services de notre vie civile, y compris la mani\u00e8re dont nous nous informons, travaillons, effectuons nos op\u00e9rations bancaires, contactons nos amis et achetons. Elle g\u00e8re l\u2019ensemble de nos vies \u00e0 tous \u00e9gards et est devenue le moteur de l\u2019innovation et de la conception des produits. Elle est devenue un outil de surveillance des aspects les plus intimes de notre vie, y compris les informations financi\u00e8res et les dispositifs d\u2019\u00e9coute que nous avons volontairement install\u00e9s dans nos propres maisons.<\/p>\n<p class=\"western\" align=\"justify\">En d\u2019autres termes, il ne s\u2019agit plus seulement d\u2019entreprises priv\u00e9es fournissant les balles et les bombes aux deux camps dans une guerre \u00e0 l&rsquo;\u00e9tranger et obtenant les contrats de reconstruction par la suite. Le complexe militaro-industriel est rentr\u00e9 au pays, s\u2019est \u00e9tendu \u00e0 tout et a envahi tous les aspects de notre vie.<\/p>\n<p class=\"western\" align=\"justify\">Il est devenu le principal conservateur et censeur de nos nouvelles et de notre pr\u00e9sence et de nos publications sur les m\u00e9dias sociaux. Il a son mot \u00e0 dire sur quelles entreprises et quels produits r\u00e9ussissent et lesquels \u00e9chouent. Il peut tuer des applications en un \u00e9clair si la personne bien plac\u00e9e n\u2019aime pas ce qu\u2019elle fait. Il peut ordonner \u00e0 d\u2019autres applications d\u2019ajouter ou de retrancher des \u00e9l\u00e9ments \u00e0 une liste noire fond\u00e9e sur des opinions politiques. Il peut ordonner aux plus petites entreprises de se conformer ou de risquer la mort par guerre juridique. Elle peut s\u2019emparer de n\u2019importe quel individu et en faire un ennemi public sur la seule base d\u2019une opinion ou d\u2019une action qui va \u00e0 l\u2019encontre des priorit\u00e9s du r\u00e9gime.<\/p>\n<p class=\"western\" align=\"justify\">En bref, ce corporatisme \u2014 sous toutes ses formes, y compris l\u2019\u00c9tat r\u00e9gulateur et le tr\u00e9sor de guerre des brevets qui maintient et renforce le monopole \u2014 est la source principale de tout le despotisme actuel.<\/p>\n<p class=\"western\" align=\"justify\">Il a obtenu son premier essai complet avec les confinements de 2020, lorsque les entreprises technologiques et les m\u00e9dias se sont joints \u00e0 la campagne de propagande pour inciter les gens \u00e0 s\u2019abriter sur place, \u00e0 annuler leurs vacances et \u00e0 ne pas rendre visite \u00e0 leur grand-m\u00e8re \u00e0 l\u2019h\u00f4pital ou dans une maison de retraite. Il a applaudi la destruction de millions de petites entreprises et la prosp\u00e9rit\u00e9 des grandes surfaces en tant que distributeurs de produits approuv\u00e9s, tandis que de vastes pans de la main-d\u2019\u0153uvre \u00e9taient consid\u00e9r\u00e9s comme non essentiels et mis au b\u00e9n\u00e9fice de l\u2019aide sociale.<\/p>\n<p class=\"western\" align=\"justify\">C\u2019est l\u2019\u00c9tat corporatiste qui est \u00e0 l\u2019\u0153uvre, avec un secteur des grandes entreprises enti\u00e8rement soumis aux priorit\u00e9s du r\u00e9gime et un gouvernement enti\u00e8rement vou\u00e9 \u00e0 r\u00e9compenser ses partenaires industriels dans tous les secteurs qui vont dans le sens de la priorit\u00e9 politique du moment. Le d\u00e9clenchement de la construction de la vaste machinerie qui r\u00e9git nos vies remonte remonte loin dans le temps et commence toujours de la m\u00eame mani\u00e8re : par un contrat gouvernemental apparemment peu recommandable.<\/p>\n<p class=\"western\" align=\"justify\">Je me souviens tr\u00e8s bien de cette \u00e9poque, dans les ann\u00e9es\u00a01990, o\u00f9 les \u00e9coles publiques ont commenc\u00e9 \u00e0 acheter des ordinateurs \u00e0 Microsoft. La sonnette d\u2019alarme a-t-elle \u00e9t\u00e9 tir\u00e9e\u00a0? Pas pour moi. J\u2019avais l\u2019attitude typique de tout libertaire pro-entreprise\u00a0: tout ce que l\u2019entreprise veut faire, elle doit le faire. C\u2019est certainement \u00e0 l\u2019entreprise de vendre \u00e0 tous les acheteurs consentants, m\u00eame si cela inclut les gouvernements. En tout \u00e9tat de cause, comment peut-on emp\u00eacher cela\u00a0? La conclusion de contrats entre les pouvoirs publics et les entreprises priv\u00e9es est la norme depuis des temps imm\u00e9moriaux. Il n\u2019y a pas de mal \u00e0 cela.<\/p>\n<p class=\"western\" align=\"justify\">Et pourtant, il s\u2019av\u00e8re que le mal a \u00e9t\u00e9 immense. Ce n\u2019\u00e9tait que le d\u00e9but de ce qui est devenu l\u2019une des plus grandes industries du monde, bien plus puissante et d\u00e9terminante pour l\u2019organisation industrielle que les march\u00e9s traditionnels entre producteurs et consommateurs. Les \u00ab\u00a0boucheries, boulangeries et brasseries\u00a0\u00bb d\u2019Adam Smith ont \u00e9t\u00e9 \u00e9vinc\u00e9es par les conspirations commerciales contre lesquelles il mettait gravement en garde. Ces gigantesques soci\u00e9t\u00e9s commerciales publiques et \u00e0 but lucratif sont devenues le fondement op\u00e9rationnel du complexe corporatiste ax\u00e9 sur la surveillance.<\/p>\n<p class=\"western\" align=\"justify\">Nous sommes loin d\u2019avoir compris les implications de ce ph\u00e9nom\u00e8ne. Il va bien au-del\u00e0 des vieux d\u00e9bats entre le capitalisme et le socialisme et les transcende totalement. En effet, ce n\u2019est pas de cela qu\u2019il s\u2019agit. L\u2019accent mis sur cette question peut \u00eatre int\u00e9ressant d\u2019un point de vue th\u00e9orique, mais il n\u2019a que peu ou pas de pertinence par rapport \u00e0 la r\u00e9alit\u00e9 actuelle dans laquelle le public et le priv\u00e9 ont totalement fusionn\u00e9 et se sont immisc\u00e9s dans tous les aspects de notre vie, avec des r\u00e9sultats tout \u00e0 fait pr\u00e9visibles\u00a0: le d\u00e9clin \u00e9conomique pour le plus grand nombre et la richesse pour une poign\u00e9e de personnes.<\/p>\n<p class=\"western\" align=\"justify\">C\u2019est \u00e9galement la raison pour laquelle ni la gauche, ni la droite, ni les d\u00e9mocrates, ni les r\u00e9publicains, ni les capitalistes, ni les socialistes ne semblent s\u2019exprimer clairement sur l\u2019\u00e9poque que nous vivons. La force dominante sur la sc\u00e8ne nationale et mondiale aujourd\u2019hui est le technocorporatisme qui s\u2019immisce dans notre alimentation, notre m\u00e9decine, nos m\u00e9dias, nos flux d\u2019informations, nos maisons, et jusqu\u2019aux centaines d\u2019outils de surveillance que nous portons dans nos poches.<\/p>\n<p class=\"western\" align=\"justify\">J\u2019aimerais vraiment que ces entreprises soient v\u00e9ritablement priv\u00e9es, mais elles ne le sont pas. Elles sont de facto des actrices \u00e9tatiques. Plus pr\u00e9cis\u00e9ment, elles travaillent toutes main dans la main et nous ne savons plus tr\u00e8s bien \u00e0 quelle main nous avons affaire.<\/p>\n<p class=\"western\" align=\"justify\">L\u2019accepter intellectuellement est le d\u00e9fi majeur de notre \u00e9poque. Traiter cela juridiquement et politiquement semble \u00eatre une t\u00e2che bien plus ardue, c\u2019est le moins que l\u2019on puisse dire. Le probl\u00e8me est compliqu\u00e9 par la volont\u00e9 d\u2019\u00e9liminer toute dissidence s\u00e9rieuse \u00e0 tous les niveaux de la soci\u00e9t\u00e9. Comment le capitalisme am\u00e9ricain est-il devenu le corporatisme am\u00e9ricain ? Un petit peu \u00e0 chaque fois et puis d\u2019un seul coup.<\/p>\n<p class=\"western\" align=\"justify\">Texte original\u00a0: <span style=\"color: #000080;\"><u><a href=\"https:\/\/brownstone.org\/articles\/how-did-american-capitalism-mutate-into-american-corporatism\/\" target=\"_blank\" rel=\"noopener\">https:\/\/brownstone.org\/articles\/how-did-american-capitalism-mutate-into-american-corporatism\/<\/a><\/u><\/span><\/p>\n","protected":false},"excerpt":{"rendered":"<p>Traduction libre 15\u00a0mars 2024 Dans les ann\u00e9es\u00a01990 et pendant des ann\u00e9es au cours de notre si\u00e8cle, il \u00e9tait courant de ridiculiser le gouvernement pour son retard technologique. Nous avions tous acc\u00e8s \u00e0 des choses fabuleuses, comme les sites web, les applications, les outils de recherche et les m\u00e9dias sociaux. Mais les gouvernements, \u00e0 tous les [&hellip;]<\/p>\n","protected":false},"author":2,"featured_media":19779,"comment_status":"closed","ping_status":"closed","sticky":false,"template":"","format":"standard","meta":{"footnotes":""},"categories":[1540,1852],"tags":[],"class_list":["post-19838","post","type-post","status-publish","format-standard","has-post-thumbnail","hentry","category-actualite","category-tucker-jeffrey-a"],"yoast_head":"<!-- This site is optimized with the Yoast SEO plugin v27.0 - https:\/\/yoast.com\/product\/yoast-seo-wordpress\/ -->\n<title>Comment le capitalisme am\u00e9ricain s\u2019est-il transform\u00e9 en corporatisme am\u00e9ricain\u00a0? par Jeffrey A. Tucker - 3e mill\u00e9naire - Spiritualit\u00e9 - Connaissance de soi - Non-dualit\u00e9 - M\u00e9ditation<\/title>\n<meta name=\"robots\" content=\"index, follow, max-snippet:-1, max-image-preview:large, max-video-preview:-1\" \/>\n<link rel=\"canonical\" href=\"https:\/\/www.revue3emillenaire.com\/blog\/comment-le-capitalisme-americain-sest-il-transforme-en-corporatisme-americain-par-jeffrey-a-tucker\/\" \/>\n<meta property=\"og:locale\" content=\"fr_FR\" \/>\n<meta property=\"og:type\" content=\"article\" \/>\n<meta property=\"og:title\" content=\"Comment le capitalisme am\u00e9ricain s\u2019est-il transform\u00e9 en corporatisme am\u00e9ricain\u00a0? par Jeffrey A. Tucker - 3e mill\u00e9naire - Spiritualit\u00e9 - Connaissance de soi - Non-dualit\u00e9 - M\u00e9ditation\" \/>\n<meta property=\"og:description\" content=\"Traduction libre 15\u00a0mars 2024 Dans les ann\u00e9es\u00a01990 et pendant des ann\u00e9es au cours de notre si\u00e8cle, il \u00e9tait courant de ridiculiser le gouvernement pour son retard technologique. Nous avions tous acc\u00e8s \u00e0 des choses fabuleuses, comme les sites web, les applications, les outils de recherche et les m\u00e9dias sociaux. Mais les gouvernements, \u00e0 tous les [&hellip;]\" \/>\n<meta property=\"og:url\" content=\"https:\/\/www.revue3emillenaire.com\/blog\/comment-le-capitalisme-americain-sest-il-transforme-en-corporatisme-americain-par-jeffrey-a-tucker\/\" \/>\n<meta property=\"og:site_name\" content=\"3e mill\u00e9naire - Spiritualit\u00e9 - Connaissance de soi - Non-dualit\u00e9 - M\u00e9ditation\" \/>\n<meta property=\"article:published_time\" content=\"2024-03-21T02:09:05+00:00\" \/>\n<meta property=\"og:image\" content=\"https:\/\/www.revue3emillenaire.com\/blog\/wp-content\/uploads\/2024\/02\/Jeffrey-A.-Tucker.jpg\" \/>\n\t<meta property=\"og:image:width\" content=\"314\" \/>\n\t<meta property=\"og:image:height\" content=\"423\" \/>\n\t<meta property=\"og:image:type\" content=\"image\/jpeg\" \/>\n<meta name=\"author\" content=\"3e mill\u00e9naire\" \/>\n<meta name=\"twitter:card\" content=\"summary_large_image\" \/>\n<meta name=\"twitter:label1\" content=\"\u00c9crit par\" \/>\n\t<meta name=\"twitter:data1\" content=\"3e mill\u00e9naire\" \/>\n\t<meta name=\"twitter:label2\" content=\"Dur\u00e9e de lecture estim\u00e9e\" \/>\n\t<meta name=\"twitter:data2\" content=\"12 minutes\" \/>\n<script type=\"application\/ld+json\" class=\"yoast-schema-graph\">{\"@context\":\"https:\/\/schema.org\",\"@graph\":[{\"@type\":\"Article\",\"@id\":\"https:\/\/www.revue3emillenaire.com\/blog\/comment-le-capitalisme-americain-sest-il-transforme-en-corporatisme-americain-par-jeffrey-a-tucker\/#article\",\"isPartOf\":{\"@id\":\"https:\/\/www.revue3emillenaire.com\/blog\/comment-le-capitalisme-americain-sest-il-transforme-en-corporatisme-americain-par-jeffrey-a-tucker\/\"},\"author\":{\"name\":\"3e mill\u00e9naire\",\"@id\":\"https:\/\/www.revue3emillenaire.com\/blog\/#\/schema\/person\/b692dacff720a5344a6190bc714397eb\"},\"headline\":\"Comment le capitalisme am\u00e9ricain s\u2019est-il transform\u00e9 en corporatisme am\u00e9ricain\u00a0? par Jeffrey A. Tucker\",\"datePublished\":\"2024-03-21T02:09:05+00:00\",\"mainEntityOfPage\":{\"@id\":\"https:\/\/www.revue3emillenaire.com\/blog\/comment-le-capitalisme-americain-sest-il-transforme-en-corporatisme-americain-par-jeffrey-a-tucker\/\"},\"wordCount\":2482,\"image\":{\"@id\":\"https:\/\/www.revue3emillenaire.com\/blog\/comment-le-capitalisme-americain-sest-il-transforme-en-corporatisme-americain-par-jeffrey-a-tucker\/#primaryimage\"},\"thumbnailUrl\":\"https:\/\/www.revue3emillenaire.com\/blog\/wp-content\/uploads\/2024\/02\/Jeffrey-A.-Tucker.jpg\",\"articleSection\":[\"Actualit\u00e9s\",\"Tucker Jeffrey A.\"],\"inLanguage\":\"fr-FR\"},{\"@type\":\"WebPage\",\"@id\":\"https:\/\/www.revue3emillenaire.com\/blog\/comment-le-capitalisme-americain-sest-il-transforme-en-corporatisme-americain-par-jeffrey-a-tucker\/\",\"url\":\"https:\/\/www.revue3emillenaire.com\/blog\/comment-le-capitalisme-americain-sest-il-transforme-en-corporatisme-americain-par-jeffrey-a-tucker\/\",\"name\":\"Comment le capitalisme am\u00e9ricain s\u2019est-il transform\u00e9 en corporatisme am\u00e9ricain\u00a0? par Jeffrey A. Tucker - 3e mill\u00e9naire - Spiritualit\u00e9 - Connaissance de soi - Non-dualit\u00e9 - M\u00e9ditation\",\"isPartOf\":{\"@id\":\"https:\/\/www.revue3emillenaire.com\/blog\/#website\"},\"primaryImageOfPage\":{\"@id\":\"https:\/\/www.revue3emillenaire.com\/blog\/comment-le-capitalisme-americain-sest-il-transforme-en-corporatisme-americain-par-jeffrey-a-tucker\/#primaryimage\"},\"image\":{\"@id\":\"https:\/\/www.revue3emillenaire.com\/blog\/comment-le-capitalisme-americain-sest-il-transforme-en-corporatisme-americain-par-jeffrey-a-tucker\/#primaryimage\"},\"thumbnailUrl\":\"https:\/\/www.revue3emillenaire.com\/blog\/wp-content\/uploads\/2024\/02\/Jeffrey-A.-Tucker.jpg\",\"datePublished\":\"2024-03-21T02:09:05+00:00\",\"author\":{\"@id\":\"https:\/\/www.revue3emillenaire.com\/blog\/#\/schema\/person\/b692dacff720a5344a6190bc714397eb\"},\"breadcrumb\":{\"@id\":\"https:\/\/www.revue3emillenaire.com\/blog\/comment-le-capitalisme-americain-sest-il-transforme-en-corporatisme-americain-par-jeffrey-a-tucker\/#breadcrumb\"},\"inLanguage\":\"fr-FR\",\"potentialAction\":[{\"@type\":\"ReadAction\",\"target\":[\"https:\/\/www.revue3emillenaire.com\/blog\/comment-le-capitalisme-americain-sest-il-transforme-en-corporatisme-americain-par-jeffrey-a-tucker\/\"]}]},{\"@type\":\"ImageObject\",\"inLanguage\":\"fr-FR\",\"@id\":\"https:\/\/www.revue3emillenaire.com\/blog\/comment-le-capitalisme-americain-sest-il-transforme-en-corporatisme-americain-par-jeffrey-a-tucker\/#primaryimage\",\"url\":\"https:\/\/www.revue3emillenaire.com\/blog\/wp-content\/uploads\/2024\/02\/Jeffrey-A.-Tucker.jpg\",\"contentUrl\":\"https:\/\/www.revue3emillenaire.com\/blog\/wp-content\/uploads\/2024\/02\/Jeffrey-A.-Tucker.jpg\",\"width\":314,\"height\":423},{\"@type\":\"BreadcrumbList\",\"@id\":\"https:\/\/www.revue3emillenaire.com\/blog\/comment-le-capitalisme-americain-sest-il-transforme-en-corporatisme-americain-par-jeffrey-a-tucker\/#breadcrumb\",\"itemListElement\":[{\"@type\":\"ListItem\",\"position\":1,\"name\":\"Accueil\",\"item\":\"https:\/\/www.revue3emillenaire.com\/blog\/\"},{\"@type\":\"ListItem\",\"position\":2,\"name\":\"Comment le capitalisme am\u00e9ricain s\u2019est-il transform\u00e9 en corporatisme am\u00e9ricain\u00a0? par Jeffrey A. Tucker\"}]},{\"@type\":\"WebSite\",\"@id\":\"https:\/\/www.revue3emillenaire.com\/blog\/#website\",\"url\":\"https:\/\/www.revue3emillenaire.com\/blog\/\",\"name\":\"3e mill\u00e9naire - Spiritualit\u00e9 - Connaissance de soi - Non-dualit\u00e9 - M\u00e9ditation\",\"description\":\"L&#039;Homme en devenir\",\"potentialAction\":[{\"@type\":\"SearchAction\",\"target\":{\"@type\":\"EntryPoint\",\"urlTemplate\":\"https:\/\/www.revue3emillenaire.com\/blog\/?s={search_term_string}\"},\"query-input\":{\"@type\":\"PropertyValueSpecification\",\"valueRequired\":true,\"valueName\":\"search_term_string\"}}],\"inLanguage\":\"fr-FR\"},{\"@type\":\"Person\",\"@id\":\"https:\/\/www.revue3emillenaire.com\/blog\/#\/schema\/person\/b692dacff720a5344a6190bc714397eb\",\"name\":\"3e mill\u00e9naire\",\"url\":\"https:\/\/www.revue3emillenaire.com\/blog\/author\/scoussa\/\"}]}<\/script>\n<!-- \/ Yoast SEO plugin. -->","yoast_head_json":{"title":"Comment le capitalisme am\u00e9ricain s\u2019est-il transform\u00e9 en corporatisme am\u00e9ricain\u00a0? par Jeffrey A. Tucker - 3e mill\u00e9naire - Spiritualit\u00e9 - Connaissance de soi - Non-dualit\u00e9 - M\u00e9ditation","robots":{"index":"index","follow":"follow","max-snippet":"max-snippet:-1","max-image-preview":"max-image-preview:large","max-video-preview":"max-video-preview:-1"},"canonical":"https:\/\/www.revue3emillenaire.com\/blog\/comment-le-capitalisme-americain-sest-il-transforme-en-corporatisme-americain-par-jeffrey-a-tucker\/","og_locale":"fr_FR","og_type":"article","og_title":"Comment le capitalisme am\u00e9ricain s\u2019est-il transform\u00e9 en corporatisme am\u00e9ricain\u00a0? par Jeffrey A. Tucker - 3e mill\u00e9naire - Spiritualit\u00e9 - Connaissance de soi - Non-dualit\u00e9 - M\u00e9ditation","og_description":"Traduction libre 15\u00a0mars 2024 Dans les ann\u00e9es\u00a01990 et pendant des ann\u00e9es au cours de notre si\u00e8cle, il \u00e9tait courant de ridiculiser le gouvernement pour son retard technologique. Nous avions tous acc\u00e8s \u00e0 des choses fabuleuses, comme les sites web, les applications, les outils de recherche et les m\u00e9dias sociaux. Mais les gouvernements, \u00e0 tous les [&hellip;]","og_url":"https:\/\/www.revue3emillenaire.com\/blog\/comment-le-capitalisme-americain-sest-il-transforme-en-corporatisme-americain-par-jeffrey-a-tucker\/","og_site_name":"3e mill\u00e9naire - Spiritualit\u00e9 - Connaissance de soi - Non-dualit\u00e9 - M\u00e9ditation","article_published_time":"2024-03-21T02:09:05+00:00","og_image":[{"width":314,"height":423,"url":"https:\/\/www.revue3emillenaire.com\/blog\/wp-content\/uploads\/2024\/02\/Jeffrey-A.-Tucker.jpg","type":"image\/jpeg"}],"author":"3e mill\u00e9naire","twitter_card":"summary_large_image","twitter_misc":{"\u00c9crit par":"3e mill\u00e9naire","Dur\u00e9e de lecture estim\u00e9e":"12 minutes"},"schema":{"@context":"https:\/\/schema.org","@graph":[{"@type":"Article","@id":"https:\/\/www.revue3emillenaire.com\/blog\/comment-le-capitalisme-americain-sest-il-transforme-en-corporatisme-americain-par-jeffrey-a-tucker\/#article","isPartOf":{"@id":"https:\/\/www.revue3emillenaire.com\/blog\/comment-le-capitalisme-americain-sest-il-transforme-en-corporatisme-americain-par-jeffrey-a-tucker\/"},"author":{"name":"3e mill\u00e9naire","@id":"https:\/\/www.revue3emillenaire.com\/blog\/#\/schema\/person\/b692dacff720a5344a6190bc714397eb"},"headline":"Comment le capitalisme am\u00e9ricain s\u2019est-il transform\u00e9 en corporatisme am\u00e9ricain\u00a0? par Jeffrey A. Tucker","datePublished":"2024-03-21T02:09:05+00:00","mainEntityOfPage":{"@id":"https:\/\/www.revue3emillenaire.com\/blog\/comment-le-capitalisme-americain-sest-il-transforme-en-corporatisme-americain-par-jeffrey-a-tucker\/"},"wordCount":2482,"image":{"@id":"https:\/\/www.revue3emillenaire.com\/blog\/comment-le-capitalisme-americain-sest-il-transforme-en-corporatisme-americain-par-jeffrey-a-tucker\/#primaryimage"},"thumbnailUrl":"https:\/\/www.revue3emillenaire.com\/blog\/wp-content\/uploads\/2024\/02\/Jeffrey-A.-Tucker.jpg","articleSection":["Actualit\u00e9s","Tucker Jeffrey A."],"inLanguage":"fr-FR"},{"@type":"WebPage","@id":"https:\/\/www.revue3emillenaire.com\/blog\/comment-le-capitalisme-americain-sest-il-transforme-en-corporatisme-americain-par-jeffrey-a-tucker\/","url":"https:\/\/www.revue3emillenaire.com\/blog\/comment-le-capitalisme-americain-sest-il-transforme-en-corporatisme-americain-par-jeffrey-a-tucker\/","name":"Comment le capitalisme am\u00e9ricain s\u2019est-il transform\u00e9 en corporatisme am\u00e9ricain\u00a0? par Jeffrey A. Tucker - 3e mill\u00e9naire - Spiritualit\u00e9 - Connaissance de soi - Non-dualit\u00e9 - M\u00e9ditation","isPartOf":{"@id":"https:\/\/www.revue3emillenaire.com\/blog\/#website"},"primaryImageOfPage":{"@id":"https:\/\/www.revue3emillenaire.com\/blog\/comment-le-capitalisme-americain-sest-il-transforme-en-corporatisme-americain-par-jeffrey-a-tucker\/#primaryimage"},"image":{"@id":"https:\/\/www.revue3emillenaire.com\/blog\/comment-le-capitalisme-americain-sest-il-transforme-en-corporatisme-americain-par-jeffrey-a-tucker\/#primaryimage"},"thumbnailUrl":"https:\/\/www.revue3emillenaire.com\/blog\/wp-content\/uploads\/2024\/02\/Jeffrey-A.-Tucker.jpg","datePublished":"2024-03-21T02:09:05+00:00","author":{"@id":"https:\/\/www.revue3emillenaire.com\/blog\/#\/schema\/person\/b692dacff720a5344a6190bc714397eb"},"breadcrumb":{"@id":"https:\/\/www.revue3emillenaire.com\/blog\/comment-le-capitalisme-americain-sest-il-transforme-en-corporatisme-americain-par-jeffrey-a-tucker\/#breadcrumb"},"inLanguage":"fr-FR","potentialAction":[{"@type":"ReadAction","target":["https:\/\/www.revue3emillenaire.com\/blog\/comment-le-capitalisme-americain-sest-il-transforme-en-corporatisme-americain-par-jeffrey-a-tucker\/"]}]},{"@type":"ImageObject","inLanguage":"fr-FR","@id":"https:\/\/www.revue3emillenaire.com\/blog\/comment-le-capitalisme-americain-sest-il-transforme-en-corporatisme-americain-par-jeffrey-a-tucker\/#primaryimage","url":"https:\/\/www.revue3emillenaire.com\/blog\/wp-content\/uploads\/2024\/02\/Jeffrey-A.-Tucker.jpg","contentUrl":"https:\/\/www.revue3emillenaire.com\/blog\/wp-content\/uploads\/2024\/02\/Jeffrey-A.-Tucker.jpg","width":314,"height":423},{"@type":"BreadcrumbList","@id":"https:\/\/www.revue3emillenaire.com\/blog\/comment-le-capitalisme-americain-sest-il-transforme-en-corporatisme-americain-par-jeffrey-a-tucker\/#breadcrumb","itemListElement":[{"@type":"ListItem","position":1,"name":"Accueil","item":"https:\/\/www.revue3emillenaire.com\/blog\/"},{"@type":"ListItem","position":2,"name":"Comment le capitalisme am\u00e9ricain s\u2019est-il transform\u00e9 en corporatisme am\u00e9ricain\u00a0? par Jeffrey A. Tucker"}]},{"@type":"WebSite","@id":"https:\/\/www.revue3emillenaire.com\/blog\/#website","url":"https:\/\/www.revue3emillenaire.com\/blog\/","name":"3e mill\u00e9naire - Spiritualit\u00e9 - Connaissance de soi - Non-dualit\u00e9 - M\u00e9ditation","description":"L&#039;Homme en devenir","potentialAction":[{"@type":"SearchAction","target":{"@type":"EntryPoint","urlTemplate":"https:\/\/www.revue3emillenaire.com\/blog\/?s={search_term_string}"},"query-input":{"@type":"PropertyValueSpecification","valueRequired":true,"valueName":"search_term_string"}}],"inLanguage":"fr-FR"},{"@type":"Person","@id":"https:\/\/www.revue3emillenaire.com\/blog\/#\/schema\/person\/b692dacff720a5344a6190bc714397eb","name":"3e mill\u00e9naire","url":"https:\/\/www.revue3emillenaire.com\/blog\/author\/scoussa\/"}]}},"_links":{"self":[{"href":"https:\/\/www.revue3emillenaire.com\/blog\/wp-json\/wp\/v2\/posts\/19838","targetHints":{"allow":["GET"]}}],"collection":[{"href":"https:\/\/www.revue3emillenaire.com\/blog\/wp-json\/wp\/v2\/posts"}],"about":[{"href":"https:\/\/www.revue3emillenaire.com\/blog\/wp-json\/wp\/v2\/types\/post"}],"author":[{"embeddable":true,"href":"https:\/\/www.revue3emillenaire.com\/blog\/wp-json\/wp\/v2\/users\/2"}],"replies":[{"embeddable":true,"href":"https:\/\/www.revue3emillenaire.com\/blog\/wp-json\/wp\/v2\/comments?post=19838"}],"version-history":[{"count":0,"href":"https:\/\/www.revue3emillenaire.com\/blog\/wp-json\/wp\/v2\/posts\/19838\/revisions"}],"wp:featuredmedia":[{"embeddable":true,"href":"https:\/\/www.revue3emillenaire.com\/blog\/wp-json\/wp\/v2\/media\/19779"}],"wp:attachment":[{"href":"https:\/\/www.revue3emillenaire.com\/blog\/wp-json\/wp\/v2\/media?parent=19838"}],"wp:term":[{"taxonomy":"category","embeddable":true,"href":"https:\/\/www.revue3emillenaire.com\/blog\/wp-json\/wp\/v2\/categories?post=19838"},{"taxonomy":"post_tag","embeddable":true,"href":"https:\/\/www.revue3emillenaire.com\/blog\/wp-json\/wp\/v2\/tags?post=19838"}],"curies":[{"name":"wp","href":"https:\/\/api.w.org\/{rel}","templated":true}]}}