{"id":19872,"date":"2024-04-03T17:35:46","date_gmt":"2024-04-03T16:35:46","guid":{"rendered":"https:\/\/www.revue3emillenaire.com\/blog\/?p=19872"},"modified":"2024-04-03T17:36:46","modified_gmt":"2024-04-03T16:36:46","slug":"les-ondes-radio-sont-nocives-point-final-par-arthur-firstenberg","status":"publish","type":"post","link":"https:\/\/www.revue3emillenaire.com\/blog\/les-ondes-radio-sont-nocives-point-final-par-arthur-firstenberg\/","title":{"rendered":"Les ondes radio sont nocives, point final\u00a0! par Arthur Firstenberg"},"content":{"rendered":"<p class=\"western\" align=\"justify\"><a href=\"https:\/\/www.revue3emillenaire.com\/blog\/wp-content\/uploads\/2024\/04\/artorchestra.jpg\"><img loading=\"lazy\" decoding=\"async\" class=\"aligncenter size-full wp-image-19873\" src=\"https:\/\/www.revue3emillenaire.com\/blog\/wp-content\/uploads\/2024\/04\/artorchestra.jpg\" alt=\"\" width=\"530\" height=\"331\" srcset=\"https:\/\/www.revue3emillenaire.com\/blog\/wp-content\/uploads\/2024\/04\/artorchestra.jpg 530w, https:\/\/www.revue3emillenaire.com\/blog\/wp-content\/uploads\/2024\/04\/artorchestra-300x187.jpg 300w\" sizes=\"auto, (max-width: 530px) 100vw, 530px\" \/><\/a><\/p>\n<p class=\"western\" align=\"center\"><span style=\"font-size: large;\"><b>LA PUISSANCE EST SANS IMPORTANCE<\/b><\/span><\/p>\n<p class=\"western\" align=\"justify\"><b>Il suffit d\u2019un violon d\u00e9saccord\u00e9<\/b> dans un orchestre ou d\u2019une voix fausse dans une chorale pour g\u00e2cher une belle harmonie ou un ensemble enchanteur. Peu importe que le grincement soit fort ou faible, s\u2019il ne s\u2019arr\u00eate pas, la repr\u00e9sentation prendra fin.<\/p>\n<p class=\"western\" align=\"justify\">Il en va de m\u00eame pour les cellules de notre corps, ainsi que pour les oiseaux, les insectes, les animaux et les plantes dont la musique emplit la Terre. Lorsqu\u2019une note discordante est introduite, m\u00eame tr\u00e8s doucement, les accords deviennent des discordes, la m\u00e9lodie devient du bruit, la vie se d\u00e9grade et dispara\u00eet.<\/p>\n<p class=\"western\" align=\"center\"><span style=\"font-size: large;\"><b>Vie, information et \u00e9lectricit\u00e9<\/b><\/span><\/p>\n<p class=\"western\" align=\"justify\">La coh\u00e9sion de la vie ne vient pas de la chimie. Elle vient de la Terre, du Soleil et des \u00e9toiles.<\/p>\n<p class=\"western\" align=\"justify\"><i><b>K.H. Li<\/b><\/i> a \u00e9crit, dans sa pr\u00e9face au livre <i>Electromagnetic Bio-Information\u00a0<\/i>:<\/p>\n<p class=\"western\" style=\"padding-left: 80px;\" align=\"justify\">\u00ab\u00a0C\u2019est l\u2019aspect informationnel des syst\u00e8mes biologiques qui caract\u00e9rise la vision essentielle de la vie. Et ceci est moins refl\u00e9t\u00e9 par les d\u00e9couvertes biochimiques, mais plut\u00f4t par un niveau qui d\u00e9passe le domaine de la r\u00e9activit\u00e9 chimique, \u00e0 savoir celui des champs \u00e9lectromagn\u00e9tiques.\u00a0\u00bb [1]<\/p>\n<p class=\"western\" align=\"justify\"><i><b>Nikolai Kositsky, Aljona Nizhelska et Grigory Ponezha<\/b><\/i> ont pass\u00e9 en revue 40\u00a0ans de recherche en Ukraine et en Russie et ont conclu\u00a0:<\/p>\n<p class=\"western\" style=\"padding-left: 80px;\" align=\"justify\">\u00ab\u00a0Les effets biologiques [des rayons \u00e9lectromagn\u00e9tiques] ne d\u00e9pendent pas de la force de l\u2019\u00e9nergie transport\u00e9e dans un syst\u00e8me ou un autre, mais de l\u2019information qui y est transport\u00e9e.\u00a0\u00bb [2]<\/p>\n<p class=\"western\" align=\"justify\"><i><b>W.\u00a0Grundler et F.\u00a0Kaiser<\/b><\/i> ont \u00e9crit\u00a0:<\/p>\n<p class=\"western\" style=\"padding-left: 80px;\" align=\"justify\">\u00ab\u00a0Les cellules vivantes pr\u00e9sentent un degr\u00e9 \u00e9lev\u00e9 de traitement de l\u2019information et de communication\u2026 Il est clairement d\u00e9montr\u00e9 qu\u2019un champ ext\u00e9rieur tr\u00e8s faible, oscillant rapidement, influence les r\u00e9actions biologiques des cellules\u2026 Nous devons tenir compte d\u2019un oscillateur \u201cinterne\u201d (la cellule elle-m\u00eame ou des parties de la cellule ou de son environnement) qui se couple avec le champ ext\u00e9rieur.\u00a0\u00bb [3]<\/p>\n<p class=\"western\" align=\"justify\">John Zimmerman et Vernon Rogers ont \u00e9crit\u00a0:<\/p>\n<p class=\"western\" style=\"padding-left: 80px;\" align=\"justify\">\u00ab\u00a0La bioinformation \u00e9lectromagn\u00e9tique d\u00e9pend de la capacit\u00e9 des organismes \u00e0 \u00e9mettre, recevoir et interpr\u00e9ter des mod\u00e8les spatio-temporels de champs \u00e9lectromagn\u00e9tiques\u00a0\u00bb. [4]<\/p>\n<p class=\"western\" align=\"justify\">Herbert L. K\u00f6nig, <i>\u00e9l\u00e8ve de Winfried Schumann<\/i>, a \u00e9crit\u00a0:<\/p>\n<p class=\"western\" style=\"padding-left: 80px;\" align=\"justify\">\u00ab\u00a0Les forces \u00e9lectromagn\u00e9tiques en g\u00e9n\u00e9ral doivent jouer un r\u00f4le d\u2019une importance encore incalculable dans le transfert d\u2019informations entre ou vers les organismes vivants.\u00a0\u00bb [5]<\/p>\n<p class=\"western\" align=\"justify\">Ulrich Warnke a \u00e9crit\u00a0:<\/p>\n<p class=\"western\" style=\"padding-left: 80px;\" align=\"justify\">\u00ab\u00a0La forme communicative des antennes de contact chez les abeilles et les fourmis peut \u00eatre enregistr\u00e9e par un oscillographe. Chaque fois qu\u2019un court contact se produit entre les antennes, un signal est g\u00e9n\u00e9r\u00e9 dans le syst\u00e8me \u00e9lectrolytique du destinataire sous la forme d\u2019une impulsion\u00a0\u00bb. [6]<\/p>\n<p class=\"western\" align=\"justify\">G\u00fcnther Becker a montr\u00e9 que le taux de construction de galeries par les termites \u00e9tait affect\u00e9 par l\u2019existence de termites dans un conteneur adjacent, mais pas si le mur qui les s\u00e9pare \u00e9tait prot\u00e9g\u00e9 par un mat\u00e9riau conducteur. \u00ab\u00a0Ces r\u00e9sultats indiquent que la communication entre les groupes de termites est bas\u00e9e sur des champs \u00e9lectriques ou \u00e9lectromagn\u00e9tiques produits par les insectes\u00a0\u00bb, a-t-il \u00e9crit. [7]<\/p>\n<p class=\"western\" align=\"justify\">Bernhard Ruth a \u00e9crit que la croissance des plantes et des animaux ne peut \u00eatre expliqu\u00e9e en termes de r\u00e9actions chimiques parce que \u00ab\u00a0toutes les r\u00e9actions chimiques se produisent \u00e9galement dans toutes les directions\u00a0\u00bb et que la croissance biologique est directionnelle. \u00ab\u00a0Les cellules existantes d\u2019un organisme doivent d\u00e9terminer quand et o\u00f9 une nouvelle cellule doit \u00eatre g\u00e9n\u00e9r\u00e9e par mitose. Cela n\u2019est possible qu\u2019au moyen d\u2019un transfert d\u2019informations qui stimule la cellule requise \u00e0 se diviser et qui n\u2019est pas \u00e9mis dans toutes les directions de mani\u00e8re homog\u00e8ne.\u00a0\u00bb [8]<\/p>\n<p class=\"western\" align=\"justify\">Helmut A. Fischer a \u00e9crit\u00a0:<\/p>\n<p class=\"western\" style=\"padding-left: 80px;\" align=\"justify\">\u00ab\u00a0Il y a de bonnes raisons de penser qu\u2019en plus des formes de communication m\u00e9caniques et chimiques, il existe d\u2019autres moyens de communication biophysiques\u2026 Les d\u00e9couvertes faites jusqu\u2019\u00e0 pr\u00e9sent confirment que les processus biochimiques dans une cellule, outre les effets thermiques, d\u00e9clenchent \u00e9galement d\u2019autres signaux \u00e9lectromagn\u00e9tiques.\u00a0\u00bb [9]<\/p>\n<p class=\"western\" align=\"justify\">Igor Jerman a \u00e9crit\u00a0:<\/p>\n<p class=\"western\" style=\"padding-left: 80px;\" align=\"justify\">\u00ab\u00a0Les oscillations \u00e9lectromagn\u00e9tiques coh\u00e9rentes dans les cellules permettent des processus intermol\u00e9culaires ordonn\u00e9s et des attractions hautement s\u00e9lectives entre les enzymes et les substrats. Ces oscillations\u2026 repr\u00e9sentent un moyen important de connexion intercellulaire \u00e0 longue port\u00e9e et jouent donc un r\u00f4le important dans le maintien de l\u2019ordre intercellulaire\u2026 Les n\u00e9oplasmes r\u00e9sultent du fait que certaines cellules de l\u2019organisme s\u2019\u00e9chappent du champ coh\u00e9rent intercellulaire et donc de l\u2019ordre intercellulaire\u00a0\u00bb. [10]<\/p>\n<p class=\"western\" align=\"center\"><span style=\"font-size: large;\"><b>Les cellules vivantes \u00e9mettent des signaux<br \/>\ndans l\u2019ensemble du spectre \u00e9lectromagn\u00e9tique<\/b><\/span><\/p>\n<p class=\"western\" align=\"justify\">Dans leur \u00e9tude intitul\u00e9e \u00ab\u00a0Electromagnetic emission at micron wavelengths from active nerves\u00a0\u00bb (\u00c9mission \u00e9lectromagn\u00e9tique \u00e0 des longueurs d\u2019onde de l\u2019ordre de micron \u00e0 partir de nerfs actifs), <i><b>Allan Fraser et Allan Frey<\/b><\/i> ont mesur\u00e9 les \u00e9missions infrarouges des nerfs avec des longueurs d\u2019onde comprises entre 2 et 20\u00a0microns, \u00e0 une intensit\u00e9 de 6 ?W\/cm2. [11]<\/p>\n<p class=\"western\" align=\"justify\"><i><b>Bernhard Ruth<\/b><\/i> <i>a d\u00e9tect\u00e9 les photons de lumi\u00e8re \u00e9mis par les plantes\u00a0:<\/i><\/p>\n<p class=\"western\" style=\"padding-left: 80px;\" align=\"justify\">\u00ab\u00a0L\u2019intensit\u00e9 lumineuse \u00e9mise par les semis de bl\u00e9, de haricots, de lentilles et de ma\u00efs variait entre 700\u00a0cps (comptes par seconde) et 250\u00a0cps\u2026 La distribution spectrale s\u2019\u00e9tendait de 400\u00a0nm \u00e0 600\u00a0nm\u2026 Les cellules de levure pr\u00e9sentent un rayonnement compris entre 150 et 380\u00a0nm.\u00a0\u00bb [8]<\/p>\n<p class=\"western\" align=\"justify\"><i><b>Shou Sin-Sung<\/b><\/i> <i>a \u00e9crit que<\/i> \u00ab\u00a0l\u2019ADN est une source possible de rayonnement\u00a0\u00bb. [12]<\/p>\n<p class=\"western\" align=\"justify\"><i><b>A.H.\u00a0Jafary-Asl et Cyril W. Smith<\/b><\/i> ont d\u00e9tect\u00e9 des signaux de radiofr\u00e9quence provenant de la levure \u00e0 une fr\u00e9quence de 8\u00a0MHz. [13]<\/p>\n<p class=\"western\" align=\"justify\"><i><b>Herbert A. Pohl<\/b><\/i> a d\u00e9tect\u00e9 des signaux \u00e0 7 et 33\u00a0kHz provenant d\u2019une esp\u00e8ce d\u2019algue. [14]<\/p>\n<p class=\"western\" align=\"justify\"><i><b>J. Kent Pollock et Douglas G. Pohl<\/b><\/i> ont d\u00e9tect\u00e9, lors d\u2019\u00e9tudes par di\u00e9lectrophor\u00e8se, des \u00e9missions de radiofr\u00e9quences provenant de cellules de souris \u00e0 des fr\u00e9quences comprises entre 4 et 9\u00a0MHz. Des \u00e9missions similaires ont \u00e9t\u00e9 d\u00e9tect\u00e9es dans des cellules de bact\u00e9ries, de levures, de vers, de poulets, de grenouilles, de singes et d\u2019humains. Les \u00e9missions maximales se produisaient pendant la division cellulaire, et aucune \u00e9mission n\u2019a \u00e9t\u00e9 d\u00e9tect\u00e9e dans les cellules mortes\u00a0:<\/p>\n<p class=\"western\" style=\"padding-left: 80px;\" align=\"justify\">\u00ab\u00a0Les preuves issues des exp\u00e9riences m-DEP et des exp\u00e9riences de sch\u00e9ma \u00e9troitement li\u00e9es indiquent de mani\u00e8re coh\u00e9rente que les cellules produisent des champs \u00e9lectriques de radiofr\u00e9quence\u00a0\u00bb. [15]<\/p>\n<p class=\"western\" align=\"justify\"><i><b>Sergey Sit&rsquo;ko<\/b><\/i> et ses coll\u00e8gues ont mesur\u00e9 les \u00e9missions du corps humain entre 37 et 78\u00a0GHz de 10<sup>-15<\/sup> \u00e0 10<sup>-16\u00a0<\/sup>mW\/cm<sup>\u00b2 <\/sup>Hz. [16]<\/p>\n<p class=\"western\" align=\"center\"><span style=\"font-size: large;\"><b>Il ne faut que peu ou pas de puissance pour interf\u00e9rer avec la vie<\/b><\/span><\/p>\n<p class=\"western\" align=\"justify\"><i><b>Allan Frey<\/b><\/i><i> a \u00e9crit\u00a0:<\/i><\/p>\n<p class=\"western\" style=\"padding-left: 80px;\" align=\"justify\">\u00ab\u00a0Les champs \u00e9lectromagn\u00e9tiques ne sont pas une substance \u00e9trang\u00e8re aux \u00eatres vivants comme le plomb ou le cyanure. Avec des substances \u00e9trang\u00e8res, plus la dose est \u00e9lev\u00e9e, plus l\u2019effet est important \u2014 une relation dose-r\u00e9ponse. Les \u00eatres vivants sont plut\u00f4t des syst\u00e8mes \u00e9lectrochimiques qui utilisent les CEM (champs \u00e9lectromagn\u00e9tiques) \u00e0 tr\u00e8s basse fr\u00e9quence dans tous les domaines, du pliage des prot\u00e9ines au fonctionnement du syst\u00e8me nerveux, en passant par la communication cellulaire. Pour mod\u00e9liser la mani\u00e8re dont les CEM affectent les \u00eatres vivants, on pourrait les comparer \u00e0 la radio que nous utilisons pour \u00e9couter de la musique.<\/p>\n<p class=\"western\" style=\"padding-left: 80px;\" align=\"justify\">Le signal CEM que la radio d\u00e9tecte et transpose en son de musique est d\u2019une faiblesse presque incommensurable. En m\u00eame temps, il y a, dans l\u2019ensemble, des CEM forts qui affectent la radio. Nous ne remarquons pas les signaux CEM plus forts parce qu\u2019ils ne sont pas \u00e0 la fr\u00e9quence ou \u00e0 la modulation appropri\u00e9e. Ils ne perturbent donc pas la musique que nous entendons. Cependant, si vous imposez \u00e0 la radio un CEM ou une harmonique convenablement accord\u00e9, m\u00eame s\u2019il est tr\u00e8s faible, il interf\u00e9rera avec la musique. De m\u00eame, si vous imposez un signal CEM tr\u00e8s faible \u00e0 un \u00eatre vivant, il est possible qu\u2019il interf\u00e8re avec son fonctionnement normal s\u2019il est correctement accord\u00e9. C\u2019est le mod\u00e8le que la plupart des donn\u00e9es et th\u00e9ories biologiques nous disent d\u2019utiliser, et non un mod\u00e8le toxicologique\u00a0\u00bb. [17]<\/p>\n<p class=\"western\" align=\"justify\"><i><b>Gerard Hyland <\/b><\/i><i>a d\u00e9clar\u00e9\u00a0:<\/i><\/p>\n<p class=\"western\" style=\"padding-left: 80px;\" align=\"justify\">\u00ab\u00a0Le corps humain est un instrument \u00e9lectrochimique d\u2019une sensibilit\u00e9 exquise\u00a0\u00bb. [18] \u00ab\u00a0Si un signal peut faire fonctionner un dispositif m\u00e9canique, il peut perturber chaque cellule du corps humain\u00a0\u00bb. [19]<\/p>\n<p class=\"western\" align=\"justify\"><i><b>Igor Belyaev<\/b><\/i><i> a \u00e9crit\u00a0:<\/i><\/p>\n<p class=\"western\" style=\"padding-left: 80px;\" align=\"justify\">\u00ab\u00a0Alors que le concept de d\u00e9bit de dose\/SAR (d\u00e9bit d\u2019absorption sp\u00e9cifique) est ad\u00e9quat pour d\u00e9crire les effets thermiques aigus, il n\u2019est pas applicable aux expositions chroniques aux Micro-ondes Non Thermiques\u00a0\u00bb [20], et \u00ab\u00a0La fr\u00e9quence de r\u00e9sonance de 51,755\u00a0GHz de la r\u00e9action cellulaire aux MMW (ondes millim\u00e9triques) ne d\u00e9pend pas de la densit\u00e9 de puissance (DP) dans la plage de 10<sup>-19<\/sup> \u00e0 3 \u00d7 10<sup>-3<\/sup> W\/cm<sup>2<\/sup>.\u00a0\u00bb [21]<\/p>\n<p class=\"western\" align=\"justify\"><i><b>Ross Adey<\/b><\/i><i>, de l\u2019universit\u00e9 de Loma Linda, a \u00e9crit\u00a0:<\/i><\/p>\n<p class=\"western\" style=\"padding-left: 80px;\" align=\"justify\">\u00ab\u00a0Nous avons d\u00e9couvert certaines des cl\u00e9s permettant de comprendre comment les cellules du corps \u201cchuchotent\u201d entre elles et, ce faisant, nous avons d\u00e9couvert certaines des cl\u00e9s permettant de comprendre comment les champs \u00e9lectromagn\u00e9tiques, si faibles que certains scientifiques les consid\u00e9raient comme incapables d\u2019avoir des effets biologiques, sont d\u00e9tect\u00e9s par les tissus vivants, et nous avons \u00e9tudi\u00e9 certaines des cons\u00e9quences probables sur la sant\u00e9 humaine\u2026 Ces champs peuvent exercer des effets m\u00eame \u00e0 des intensit\u00e9s proches de z\u00e9ro\u00a0; en d\u2019autres termes, il se peut qu\u2019il n\u2019y ait pas de limite inf\u00e9rieure ou de seuil\u00a0\u00bb. [22]<\/p>\n<p class=\"western\" align=\"justify\"><i><b>Neil Cherry<\/b><\/i> a pr\u00e9sent\u00e9 des \u00ab\u00a0preuves concluantes\u00a0\u00bb que \u00ab\u00a0le niveau d\u2019exposition s\u00fbr est nul\u00a0\u00bb [23] et que les signaux radio \u00ab\u00a0peuvent interf\u00e9rer avec les c\u0153urs, les cerveaux et les cellules \u00e0 des intensit\u00e9s extr\u00eamement faibles\u00a0\u00bb. [24]<\/p>\n<p class=\"western\" align=\"justify\"><i><b>Robert Becker<\/b><\/i><i> a \u00e9crit\u00a0:<\/i><\/p>\n<p class=\"western\" style=\"padding-left: 80px;\" align=\"justify\">\u00ab\u00a0Il n\u2019existe aucun moyen efficace de se prot\u00e9ger des champs environnementaux, si ce n\u2019est en \u00e9vitant les zones o\u00f9 ils sont pr\u00e9sents\u00a0\u00bb [25] et \u00ab\u00a0Si la sensibilit\u00e9 du syst\u00e8me est telle que d\u00e9crite actuellement, alors la fr\u00e9quence devient un param\u00e8tre plus important que l\u2019intensit\u00e9 du champ dans toute exp\u00e9rience\u00a0\u00bb [26].<\/p>\n<p class=\"western\" align=\"justify\">Dans <i>The Body Electric<\/i>, il \u00e9crit<\/p>\n<p class=\"western\" style=\"padding-left: 80px;\" align=\"justify\">\u00ab\u00a0Les recherches accumul\u00e9es ont clairement montr\u00e9 que les petites doses ont souvent les m\u00eames effets que les doses plus importantes\u2026 En effet, un rapport a d\u00e9j\u00e0 fait \u00e9tat de modifications des ondes c\u00e9r\u00e9brales sugg\u00e9rant une r\u00e9sonance des courants \u00e9lectriques neuronaux avec les ondes radio et les micro-ondes jusqu\u2019\u00e0 un milliardi\u00e8me de microwatt\u2026 Nous devons comprendre qu\u2019aucune quantit\u00e9 de REM artificiels, aussi petite soit-elle, n\u2019a \u00e9t\u00e9 prouv\u00e9e s\u00fbre pour une exposition continue. Des effets biologiques ont \u00e9t\u00e9 constat\u00e9s aux doses mesurables les plus faibles\u00a0\u00bb. [27]<\/p>\n<p class=\"western\" align=\"justify\"><i><b>Herbert L. K\u00f6nig<\/b><\/i><i> a \u00e9crit\u00a0:<\/i><\/p>\n<p class=\"western\" style=\"padding-left: 80px;\" align=\"justify\">\u00ab\u00a0Les syst\u00e8mes biologiques ont des valeurs de sensibilit\u00e9 du m\u00eame ordre de grandeur que les valeurs d\u2019intensit\u00e9 des champs naturels.\u00a0\u00bb [5]<\/p>\n<p class=\"western\" align=\"justify\"><i><b>William Bise<\/b><\/i> a t\u00e9moign\u00e9 devant le S\u00e9nat am\u00e9ricain des effets sur les ondes c\u00e9r\u00e9brales qu\u2019il a provoqu\u00e9s par des ondes radio d\u2019une intensit\u00e9 proche de z\u00e9ro. Les r\u00e9sultats de ses exp\u00e9riences devraient terrifier toute personne qui utilise un t\u00e9l\u00e9phone portable et tout m\u00e9decin confront\u00e9 \u00e0 l\u2019extraordinaire quantit\u00e9 d\u2019anxi\u00e9t\u00e9 et de d\u00e9pression chez ses patients aujourd\u2019hui. En effet, les radiations utilis\u00e9es dans les exp\u00e9riences de Bise, \u00e0 des niveaux d\u2019exposition de 10\u00a0000\u00a0000\u00a0000 \u00e0 100\u00a0000\u00a0000\u00a0000\u00a0000\u00a0fois inf\u00e9rieurs \u00e0 ceux d\u2019un t\u00e9l\u00e9phone portable, ont eu des effets puissants et instantan\u00e9s sur les ondes c\u00e9r\u00e9brales et les \u00e9tats mentaux de tous les sujets\u00a0:<\/p>\n<p class=\"western\" style=\"padding-left: 80px;\" align=\"justify\">\u00ab\u00a0Une \u00e9tude pilote a \u00e9t\u00e9 men\u00e9e sur cinq hommes et cinq femmes volontaires\u2026 Ils \u00e9taient \u00e2g\u00e9s de 18 \u00e0 48\u00a0ans. Trois d\u2019entre eux avaient \u00e9t\u00e9 expos\u00e9s de mani\u00e8re professionnelle \u00e0 l\u2019\u00e9nergie RF\u00a0; les sept autres ne l\u2019avaient pas \u00e9t\u00e9 et tous \u00e9taient apparemment en bonne sant\u00e9. Les gammes de radiofr\u00e9quences allaient de 0,1 \u00e0 960\u00a0Mhz CW (en onde continue) et de 8,5 \u00e0 9,6\u00a0GHz en modulation d\u2019impulsions. Les niveaux de puissance variaient de 10<sup>-16\u00a0<\/sup>wt\/cm<sup>2<\/sup> \u00e0 10<sup>-12<\/sup> wt\/cm<sup>2<\/sup>\u2026 La dur\u00e9e de l\u2019exp\u00e9rience pour chaque volontaire \u00e9tait typiquement de 50\u00a0minutes\u2026<\/p>\n<p class=\"western\" style=\"padding-left: 80px;\" align=\"justify\">Les mesures EEG des sujets pr\u00e9sentaient des ondes alpha d\u00e9synchronis\u00e9es d\u2019une amplitude de 15 \u00e0 25\u00a0% sup\u00e9rieure \u00e0 la normale et des ondes lentes apparaissaient \u00e0 certaines radiofr\u00e9quences. Inversement, une diminution et une d\u00e9synchronisation de l\u2019amplitude des ondes alpha de l\u2019ordre de 20 \u00e0 50\u00a0% se produisaient \u00e0 d\u2019autres radiofr\u00e9quences et des ondes lentes de 2 \u00e0 6\u00a0Hz apparaissaient. Ces deux anomalies ont \u00e9t\u00e9 observ\u00e9es aussi bien chez les volontaires hommes ou femmes. Les attitudes mentales semblaient changer au cours des tests. Les fr\u00e9quences en onde continue avec une densit\u00e9 de puissance d\u2019environ 10<sup>-15\u00a0<\/sup>wt\/cm<sup>2<\/sup> qui ont produit des modifications de l\u2019EEG chez les hommes ont \u00e9t\u00e9 trouv\u00e9es entre 130 et 780\u00a0MHz. Chez les volontaires f\u00e9minines, les modifications de l\u2019EEG se sont produites entre 350 et 960\u00a0MHz. Des tests de modulation d\u2019impulsion sur deux hommes, \u00e0 une densit\u00e9 de puissance d\u2019environ 10<sup>-12\u00a0<\/sup>wt\/cm<sup>2<\/sup>, ont montr\u00e9 des modifications de l\u2019EEG autour de 9,1 et 9,15\u00a0GHz. Les ondes c\u00e9r\u00e9brales se modifient presque imm\u00e9diatement lorsqu\u2019on r\u00e8gle un g\u00e9n\u00e9rateur sur une fr\u00e9quence qui les produit, puis reviennent presque imm\u00e9diatement \u00e0 leur configuration normale lorsque la fr\u00e9quence du g\u00e9n\u00e9rateur est modifi\u00e9e ou \u00e9teinte\u00a0\u00bb. [28]<\/p>\n<p class=\"western\" align=\"justify\"><i><b>Sheldon Meyers<\/b><\/i>, Directeur du Bureau des Programmes de Radioprotection de l\u2019Agence de Protection de l\u2019Environnement des \u00c9tats-Unis, a d\u00e9clar\u00e9 au Congr\u00e8s qu\u2019\u00ab\u00a0il n\u2019est pas possible d\u2019attribuer une limite ou un seuil de faible intensit\u00e9 en dessous duquel les expositions sont sans effet\u00a0\u00bb [29].<\/p>\n<p class=\"western\" align=\"justify\"><i><b>Reba Goodman et Martin Blank<\/b><\/i><i> ont \u00e9crit\u00a0:<\/i><\/p>\n<p class=\"western\" style=\"padding-left: 80px;\" align=\"justify\">\u00ab\u00a0L\u2019induction de la r\u00e9ponse au stress par les champs magn\u00e9tiques se produit \u00e0 une densit\u00e9 d\u2019\u00e9nergie inf\u00e9rieure de 14\u00a0ordres de grandeur \u00e0 celle des stimuli thermiques, le point de r\u00e9f\u00e9rence actuel pour les normes de s\u00e9curit\u00e9 des t\u00e9l\u00e9phones portables.\u00a0\u00bb [30]<\/p>\n<p class=\"western\" align=\"justify\"><i><b>Yury Shckorbatov<\/b><\/i> a constat\u00e9 des dommages cellulaires apr\u00e8s seulement une seconde d\u2019exposition \u00e0 des micro-ondes de 18,75\u00a0GHz \u00e0 un niveau de 0,2\u00a0mW\/cm\u00b2 [31].<\/p>\n<p class=\"western\" align=\"center\"><span style=\"font-size: large;\"><b>Une faible puissance peut \u00eatre plus nocive qu\u2019une puissance \u00e9lev\u00e9e<\/b><\/span><\/p>\n<p class=\"western\" align=\"justify\"><i><b>Andrew Wood, Rohan Mate et Ken Karipidis<\/b><\/i> ont pass\u00e9 en revue 107\u00a0\u00e9tudes exp\u00e9rimentales et ont constat\u00e9 qu\u2019un niveau d\u2019exposition plus faible avait tendance \u00e0 avoir un effet biologique plus important, et que la diff\u00e9rence \u00e9tait tr\u00e8s significative (p &lt; 0,001). [32]<\/p>\n<p class=\"western\" align=\"justify\"><i><b>Stefano Cucurachi et al.<\/b><\/i> ont pass\u00e9 en revue 113\u00a0\u00e9tudes de terrain et de laboratoire \u00e9valu\u00e9es par des pairs et ont constat\u00e9 que les rayonnements RF avec la plus faible puissance avaient tendance \u00e0 causer les plus grands dommages \u00e9cologiques [33].<\/p>\n<p class=\"western\" align=\"justify\"><i><b>Maria Sadchikova<\/b><\/i> a constat\u00e9 que parmi les personnes expos\u00e9es professionnellement aux radiofr\u00e9quences dans les ann\u00e9es\u00a01950, 1960 et 1970, les plus malades \u00e9taient celles qui \u00e9taient expos\u00e9es aux niveaux les plus faibles, et non les plus \u00e9lev\u00e9s. [34], [35]<\/p>\n<p class=\"western\" align=\"justify\"><i><b>Abraham Lilienfeld<\/b><\/i> a analys\u00e9 la sant\u00e9 des employ\u00e9s de l\u2019ambassade de Moscou dans les ann\u00e9es\u00a01950, 1960 et 1970, \u00e0 une \u00e9poque o\u00f9 la Russie irradiait continuellement l\u2019ambassade avec des micro-ondes. Son rapport a \u00e9t\u00e9 r\u00e9dig\u00e9 pour le d\u00e9partement d\u2019\u00c9tat am\u00e9ricain. Le tableau\u00a06.32 de son rapport montre que les employ\u00e9s masculins expos\u00e9s au niveau de rayonnement le plus faible pr\u00e9sentaient le plus de sympt\u00f4mes dans 18 des 20\u00a0cat\u00e9gories de sympt\u00f4mes [36]. Ils avaient plus de\u00a0:<\/p>\n<p class=\"western\" style=\"padding-left: 80px;\" align=\"justify\">d\u00e9pression<br \/>\nmigraine<br \/>\nlassitude<br \/>\nirritabilit\u00e9<br \/>\ntroubles nerveux<br \/>\nanxi\u00e9t\u00e9<br \/>\nvibrations<br \/>\ndouleur intraoculaire<br \/>\nsensations<br \/>\nperte d\u2019app\u00e9tit<br \/>\ndifficult\u00e9s de concentration<br \/>\nperte de m\u00e9moire<br \/>\nvertiges<br \/>\ntremblement des doigts<br \/>\nhallucinations<br \/>\ninsomnie<br \/>\nn\u00e9vrose<br \/>\nautres sympt\u00f4mes<\/p>\n<p class=\"western\" align=\"justify\"><i><b>Liliya M. Fatkhoutdinova<\/b><\/i> a \u00e9tudi\u00e9 les effets des terminaux d\u2019affichage vid\u00e9o sur la pression art\u00e9rielle. Les niveaux inf\u00e9rieurs de champs \u00e9lectromagn\u00e9tiques augmentent davantage la pression art\u00e9rielle que les niveaux sup\u00e9rieurs. [37]<\/p>\n<p class=\"western\" align=\"justify\"><i><b>Vladimir N. Binhi et Robert J. Goldman<\/b><\/i> ont \u00e9tudi\u00e9 la prolif\u00e9ration des cellules des plaies en r\u00e9ponse \u00e0 des champs \u00e9lectriques. Ils ont \u00e9crit\u00a0:<\/p>\n<p class=\"western\" style=\"padding-left: 80px;\" align=\"justify\">\u00ab\u00a0Le plus frappant est le fait que des champs \u00e9lectriques relativement intenses ne provoquent parfois aucun effet appr\u00e9ciable alors que des champs plus faibles le font.\u00a0\u00bb [38]<\/p>\n<p class=\"western\" align=\"justify\"><i><b>Herbert L. K\u00f6nig<\/b><\/i><i> a \u00e9crit\u00a0:<\/i><\/p>\n<p class=\"western\" style=\"padding-left: 80px;\" align=\"justify\">\u00ab\u00a0Des champs exceptionnellement intenses ne provoquent souvent aucune r\u00e9action.\u00a0\u00bb [5]<\/p>\n<p class=\"western\" align=\"justify\"><i><b>Leif Salford, Bertil Persson, Arne Brun, Henrietta Nittby<\/b><\/i> et leur \u00e9quipe de l\u2019universit\u00e9 de Lund en Su\u00e8de ont \u00e9tudi\u00e9 les effets des rayonnements RF sur la barri\u00e8re h\u00e9matoenc\u00e9phalique pendant 20\u00a0ans. Ils ont constat\u00e9 que les niveaux d\u2019exposition les plus faibles \u00e9taient ceux qui endommageaient le plus la barri\u00e8re h\u00e9matoenc\u00e9phalique [39]. Ils ont calcul\u00e9 que vous causeriez plus de dommages \u00e0 votre cerveau si vous teniez un t\u00e9l\u00e9phone portable \u00e0 un m\u00e8tre de vous que si vous le teniez \u00e0 hauteur de votre t\u00eate [40].<\/p>\n<p class=\"western\" align=\"justify\"><i><b>Dimitris Panagopoulos<\/b><\/i> a constat\u00e9 que les rayonnements RF r\u00e9duisaient la reproduction des mouches des fruits. L\u2019impact maximal sur la reproduction des mouches des fruits se produisait lorsque la source de rayonnement se trouvait \u00e0 une certaine distance des mouches. [41]<\/p>\n<p class=\"western\" align=\"justify\"><i><b>Igor Belyaev<\/b><\/i>, en faisant des exp\u00e9riences sur E. coli, a constat\u00e9 que les effets g\u00e9n\u00e9tiques se produisaient \u00e0 des fr\u00e9quences sp\u00e9cifiques et que l\u2019ampleur de l\u2019effet ne changeait pas avec le niveau de puissance sur 16\u00a0ordres de grandeur, jusqu\u2019\u00e0 0,000\u00a0000\u00a0000\u00a0001\u00a0mW\/cm<sup>2<\/sup>. [21]<\/p>\n<p class=\"western\" align=\"justify\">De nombreux scientifiques dans de nombreux laboratoires \u2014 <i><b>Carl Blackman et al<\/b><\/i>. \u00e0 l\u2019Agence am\u00e9ricaine de protection de l\u2019environnement [42]\u00a0; <i><b>Suzanne M. Bawin, Leonard K. Kaczmarek et W. Ross Adey<\/b><\/i> [43]\u00a0; <i><b>Sisir K. Dutta et al.<\/b><\/i> [44]\u00a0; <i><b>Jean-Louis Schwartz, Dennis E. House et Geoffrey<\/b><\/i> A. R. Mealing [45]\u00a0; et <i><b>Kumud K. Kunjilwar et Jitendra Behari<\/b><\/i> [46] \u2014 ont constat\u00e9 que la d\u00e9pl\u00e9tion en calcium des cellules c\u00e9r\u00e9brales et cardiaques se produisait \u00e0 des fr\u00e9quences et des niveaux d\u2019exposition sp\u00e9cifiques et n\u2019augmentait pas avec la puissance. Dutta a constat\u00e9 qu\u2019une diminution de 3\u00a0000\u00a0fois de la puissance entra\u00eenait une augmentation de 4\u00a0fois du calcium sortant des cellules.<\/p>\n<p class=\"western\" align=\"justify\"><i><b>W.\u00a0Grundler et F.\u00a0Kaiser<\/b><\/i> ont r\u00e9duit de moiti\u00e9 le taux de croissance de la levure \u00e0 une fr\u00e9quence pr\u00e9cise de micro-ondes. L\u2019ampleur de l\u2019effet de cette fr\u00e9quence n\u2019a pas chang\u00e9 avec l\u2019intensit\u00e9 sur plusieurs ordres de grandeur, jusqu\u2019\u00e0 5\u00a0pW\/cm<sup>2<\/sup>. [3]<\/p>\n<p class=\"western\" align=\"center\"><span style=\"font-size: large;\"><b>Cuisiner votre cerveau et votre ADN<\/b><\/span><\/p>\n<p class=\"western\" align=\"justify\">Voici d\u2019autres r\u00e9sultats qui devraient terrifier tous ceux qui utilisent un t\u00e9l\u00e9phone portable, compte tenu aujourd\u2019hui du nombre sans pr\u00e9c\u00e9dent de jeunes atteints de cancers et de maladies neurologiques.<\/p>\n<p class=\"western\" align=\"justify\">Voici d\u2019abord quelques mesures effectu\u00e9es par <i><b>Markus Antonietti<\/b><\/i>, directeur de l\u2019Institut Max Planck des collo\u00efdes et des interfaces en Allemagne. En 2006, alors que l\u2019utilisation des t\u00e9l\u00e9phones portables se g\u00e9n\u00e9ralisait, il s\u2019est interrog\u00e9 sur les effets de ces appareils sur le cerveau. Les t\u00e9l\u00e9phones portables exposaient le cerveau \u00e0 environ 1\u00a0W\/kg SAR, ce qui ne chauffait pas l\u2019ensemble du cerveau de plus d\u2019un degr\u00e9 Celsius, mais qu\u2019en est-il des conditions qui existent dans les minuscules synapses, les jonctions entre les neurones o\u00f9 les impulsions nerveuses sont transmises d\u2019une cellule nerveuse \u00e0 l\u2019autre\u00a0? Son \u00e9quipe de recherche a d\u00e9cid\u00e9 de simuler les conditions entre les membranes cellulaires avec de minuscules gouttelettes de graisse dans de l\u2019eau sal\u00e9e [47]. \u00ab\u00a0Des ions s\u2019accumulent sur celles-ci\u00a0\u00bb, rapporte le journal <i>Zeit Online<\/i> qui l\u2019a interview\u00e9, \u00ab\u00a0et en changeant la concentration de sel et la taille des gouttelettes, nous pouvons simuler les conditions du tissu biologique, c\u2019est-\u00e0-dire une sorte de cerveau liquide concentr\u00e9\u00a0\u00bb.<\/p>\n<p class=\"western\" align=\"justify\">Le directeur de Max Planck a d\u00e9clar\u00e9\u00a0: \u00ab\u00a0C\u2019est maintenant que vient la trag\u00e9die. C\u2019est exactement l\u00e0 o\u00f9 nous sommes le plus proches des conditions qui r\u00e8gnent dans le cerveau que nous observons le r\u00e9chauffement le plus important\u00a0\u00bb. Des pics de temp\u00e9rature de 100\u00a0degr\u00e9s. Il s\u2019attendait \u00e0 un r\u00e9chauffement, mais pas \u00e0 ce point. \u00ab\u00a0L\u2019\u00e9nergie absorb\u00e9e est cent fois plus importante que ce que l\u2019on pensait. C\u2019est une horreur\u00a0\u00bb. [48]<\/p>\n<p class=\"western\" align=\"justify\">Il s\u2019av\u00e8re qu\u2019un t\u00e9l\u00e9phone portable ne fait pas seulement bouillir vos synapses, mais aussi votre ADN. Plusieurs \u00e9quipes de recherche ont d\u00e9couvert que l\u2019ADN est un bon conducteur et que, comme dans les synapses, les rayonnements RF sont conduits et amplifi\u00e9s de mani\u00e8re consid\u00e9rable dans l\u2019ADN.<\/p>\n<p class=\"western\" align=\"justify\"><i><b>Jacqueline K. Barton et ses coll\u00e8gues<\/b><\/i> de l\u2019Institut de technologie de Californie \u00e0 Pasadena ont observ\u00e9 un transfert ultrarapide d\u2019\u00e9lectrons dans l\u2019ADN sur de grandes distances [49]. \u00ab\u00a0En effet\u00a0\u00bb, a-t-elle d\u00e9clar\u00e9 \u00e0 <i>Science News<\/i>, \u00ab\u00a0l\u2019ADN agit comme un fil mol\u00e9culaire\u00a0\u00bb [50].<\/p>\n<p class=\"western\" align=\"justify\"><i><b>Hans-Werner Fink et Christian Sch\u00f6nenberger<\/b><\/i> ont rapport\u00e9 que la conductivit\u00e9 de l\u2019ADN est de 10<sup>5<\/sup>\u00a0Siemens par m\u00e8tre, soit dix fois plus que celle de la plupart des polym\u00e8res conducteurs d\u2019\u00e9lectricit\u00e9 et environ un dixi\u00e8me de la conductivit\u00e9 du mercure [51].<\/p>\n<p class=\"western\" align=\"justify\">Et <i><b>Charles Polk<\/b><\/i> nous explique quelles en sont les cons\u00e9quences. Sur la base des mesures de Fink et Sch\u00f6nenberger, Polk a calcul\u00e9 que le taux d\u2019augmentation de la temp\u00e9rature \u00e0 l\u2019int\u00e9rieur de l\u2019ADN expos\u00e9 \u00e0 un t\u00e9l\u00e9phone cellulaire \u00e0 1\u00a0W\/kg SAR est de 60\u00a0degr\u00e9s Celsius par seconde\u00a0! [52].<\/p>\n<p class=\"western\" align=\"justify\">Votre t\u00e9l\u00e9phone portable, si vous en utilisez encore un, est en train de cuire votre cerveau et de l\u2019endommager, chaque seconde que vous l\u2019utilisez. Les tours de t\u00e9l\u00e9phonie mobile qu\u2019il commande nous rendent malades, quelle que soit la distance \u00e0 laquelle nous parvenons \u00e0 nous trouver. Les satellites \u2014 au nombre de 9\u00a0500 et en augmentation rapide \u2014 polluent nos corps, st\u00e9rilisent notre plan\u00e8te et rompent notre connexion \u00e0 nos sources de vitalit\u00e9, sous nos pieds, dans l\u2019air, dans les oc\u00e9ans et dans les cieux.<\/p>\n<p class=\"western\" align=\"justify\"><span style=\"font-size: large;\"><b>R\u00e9f\u00e9rences<\/b><\/span><\/p>\n<p class=\"western\" align=\"justify\">[1] K.H. Li. Foreword to Electromagnetic Bio-Information, Fritz Albert Popp et al, eds, Urban &amp; Schwarzenberg, M\u00fcnchen (1989).<\/p>\n<p class=\"western\" align=\"justify\">[2] Nikolai Kositsky, Alona Nizhelska et Grigory Ponezha. Influence of High-frequency Electromagnetic Radiation at Non-thermal Intensities on the Human Body (Influence du rayonnement \u00e9lectromagn\u00e9tique \u00e0 haute fr\u00e9quence \u00e0 des intensit\u00e9s non thermiques sur le corps humain). No Place To Hide 3(1) Supplement (2001).<\/p>\n<p class=\"western\" align=\"justify\">[3] W. Grundler et F. Kaiser. Experimental evidence for coherent excitations correlated with cell growth\u201d. Nanobiology 1:163-176 (1992).<\/p>\n<p class=\"western\" align=\"justify\">[4] John Zimmerman et Vernon Rogers. Biomagnetic Fields as External Evidence of Electromagnetic Bioinformation. Dans Electromagnetic Bio-Information, Fritz Albert Popp et al, eds, 1989, pp. 226-237.<\/p>\n<p class=\"western\" align=\"justify\">[5] Herbert L. K\u00f6nig. Bioinformation \u2014 Aspects \u00e9lectrophysiques. Dans Electromagnetic Bio-Information. Actes du symposium, Marburg, 5\u00a0septembre 1977, Fritz Albert Popp et al, eds. Urban et Schwarzenberg, Munich 1979, p. 25-54.<\/p>\n<p class=\"western\" align=\"justify\">[6] Ulrich Warnke. Information Transmission by Means of Electrical Biofields. In Electromagnetic Bio-Information, Fritz Albert Popp et al, eds, 1979, pp. 55-79.<\/p>\n<p class=\"western\" align=\"justify\">[7] G\u00fcnther Becker. Communication between Termites by Means of Biofields and the Influence of Magnetic and Electric Fields on Termites. In Electromagnetic Bio-Information, Fritz Albert Popp et al, eds, 1979, pp. 95-106.<\/p>\n<p class=\"western\" align=\"justify\">[8] Bernhard Ruth. Experimental Investigations on Ultraweak Photon Emission. Dans Electromagnetic Bio-Information, Fritz Albert Popp et al, eds, 1979, pp.\u00a0107-121.<\/p>\n<p class=\"western\" align=\"justify\">[9] Helmut A.\u00a0Fischer. Photons as Transmitter for Intra- and Intercellular Biological and Biochemial Communication\u2014The Construction of a Hypothesis. In Electromagnetic Bio-Information, Fritz Albert Popp et al, eds, 1979, pp. 175-180.<\/p>\n<p class=\"western\" align=\"justify\">[10] Igor Jerman. L\u2019origine \u00e9lectromagn\u00e9tique de la vie. Electro- and Magnetobiology\u00a017(3): 401-413 (1998)<\/p>\n<p class=\"western\" align=\"justify\">[11] Allan Fraser et Allan H. Frey. Electromagnetic emission at micron wavelengths from active nerves. Biophysical Journal\u00a08 :731-734 (1968).<\/p>\n<p class=\"western\" align=\"justify\">[12] Shou Sin-Sung. A Possible Biophotochemical Mechanism for Cell Communication (Un m\u00e9canisme biophotochimique possible pour la communication cellulaire). In Electromagnetic Bio-Information, Fritz Albert Popp et al, eds, 1979, pp. 151-174.<\/p>\n<p class=\"western\" align=\"justify\">[13] A.H. Jafary-Asl AH et Cyril W.\u00a0Smith. Biological dielectric in electric and magnetic fields. IEEE Annual Report Conference on Electrical Insulation and Delectric Phenomena, 1983, p.\u00a0350.<\/p>\n<p class=\"western\" align=\"justify\">[14] H.A. Pohl. AC field effects of and by living cells. Dans Chiabrera A. et al, eds, Interactions between electromagnetic fields and cells, NATO ASI Series A, Life Sciences, Plenum, NY (1985), pp. 435-456.<\/p>\n<p class=\"western\" align=\"justify\">[15] J.\u00a0Kent Pollock et Douglas G. Pohl. Emission of radiation by active cells. In Biological Coherence and Response to External Stimuli, Herbert Fr\u00f6hlich, \u00e9d. Springer Verlag, Berlin, 1988, pp. 139-147.<\/p>\n<p class=\"western\" align=\"justify\">[16] Sergei P. Sit&rsquo;ko, Yurij A. Skripnik et Aleksey F. Yanenko. Experimental Study of Mm-Range Radiation from Certain Objects. Physics of the Alive 6(1): 15-18 (1998).<\/p>\n<p class=\"western\" align=\"justify\">[17] Allan H. Frey. Is a toxicology model appropriate as a guide for biological research with electromagnetic fields? Journal of Bioelectricity\u00a09(2):233-234 (1990).<\/p>\n<p class=\"western\" align=\"justify\">[18] Gerard J. Hyland. Physics and biology of mobile telephony. The Lancet 356:1833-1836 (2000).<\/p>\n<p class=\"western\" align=\"justify\">[19] Communication personnelle, d\u00e9cembre 2018.<\/p>\n<p class=\"western\" align=\"justify\">[20] Igor Y. Belyaev. Dur\u00e9e d\u2019exposition et dose dans l\u2019\u00e9valuation des effets biologiques non thermiques des micro-ondes. In Dosimetry in Bioelectromagnetics, CRC Press 2017, pp. 171-184.<\/p>\n<p class=\"western\" align=\"justify\">[21] Igor Y. Belyaev et al. Resonance effect of millimeter waves in the power range from 10-19 to 3 x 10-3 W\/cm\u00a02 on Escherichia coli cells at different concentrations. Bioelectromagnetics\u00a017 :312-321 (1996).<\/p>\n<p class=\"western\" align=\"justify\">[22] W.\u00a0Ross Adey. Testimony before the Ad Hoc Subcommittee on Consumer and Environmental Issues of the Committee on Governmental Affairs, United States Senate, August 10, 1992.<\/p>\n<p class=\"western\" align=\"justify\">[23] Neil Cherry. Evidence of brain cancer from occupational exposure to pulsed microwaves from a police radar. Universit\u00e9 de Lincoln, 15\u00a0ao\u00fbt 2001.<\/p>\n<p class=\"western\" align=\"justify\">[24] Neil Cherry. Safe Exposure Levels. Universit\u00e9 de Lincoln, 25\u00a0avril 2000.<\/p>\n<p class=\"western\" align=\"justify\">[25} Robert O. Becker. Communication personnelle, 15\u00a0mai 1986.<\/p>\n<p class=\"western\" align=\"justify\">[26] Robert O.\u00a0Becker. A theory of the interaction between DC and ELF electromagnetic fields and living organisms. Journal of Bioelectricity\u00a04(1):133-140 (1985).<\/p>\n<p class=\"western\" align=\"justify\">[27] Robert O.\u00a0Becker et Gary Selden. The Body Electric: Electromagnetism and the Foundation of Life, NY: William Morrow\u00a01985, pp. 312-313.<\/p>\n<p class=\"western\" align=\"justify\">[28] William Bise. Hearings before the Committee on Commerce, Science, and Transportation, United States Senate, Ninety-Fifth Congress. Premi\u00e8re session sur le contr\u00f4le de la sant\u00e9 et de la s\u00e9curit\u00e9 en mati\u00e8re de radiations, 16, 17, 27, 28 et 29\u00a0juin 1977, n\u00b0 de s\u00e9rie\u00a095-49, p. 1220-1223.<\/p>\n<p class=\"western\" align=\"justify\">[29] Sheldon Meyers. Oversight Hearing before the Subcommittee on Water and Power Resources of the Committee on Interior and Insular Affairs, House of Representatives, First Session on Health Effects of Transmission Lines, 6 octobre 1987, Serial No. 100-22, p.\u00a0166.<\/p>\n<p class=\"western\" align=\"justify\">[30] Reba Goodman et Martin Blank. Magnetic field-induced stress responses in biological cells by use of cell phones (R\u00e9ponses au stress induites par les champs magn\u00e9tiques dans les cellules biologiques par l\u2019utilisation de t\u00e9l\u00e9phones cellulaires). EBEA\u00a02001. 5e\u00a0congr\u00e8s international de l\u2019Association europ\u00e9enne de bio\u00e9lectromagn\u00e9tisme (EBEA). 6\u20148 septembre 2001, Helsinki, Finlande. Actes, pp.\u00a0197-198.<\/p>\n<p class=\"western\" align=\"justify\">[31] Yury G. Shckorbatov et al, Modification of electrokinetic properties of nuclei and membrane permeability in human buccal epithelial cells under the influence of low-level microwave radiation. EBEA\u00a02001, pp. 204-206.<\/p>\n<p class=\"western\" align=\"justify\">[32] Andrew Wood, Rohan Mate et Ken Karipidis. Meta-analysis of in vitro and in vivo studies of the biological effects of low-level millimetre waves (m\u00e9ta-analyse des \u00e9tudes in vitro et in vivo des effets biologiques des ondes millim\u00e9triques de faible intensit\u00e9). Journal of Exposure Science &amp; Environmental Epidemiology\u00a031 :606-613 (2021).<\/p>\n<p class=\"western\" align=\"justify\">[33] Stefano Cucurachi et al. A review of the ecological effects of radiofrequency electromagnetic fields (RF-EMF). Environment International 51\u00a0: 116-140 (2013), Tableau\u00a04.<\/p>\n<p class=\"western\" align=\"justify\">[34] Maria N. Sadchikova. State of the nervous system under the influence of UHF. Dans The Biological Action of Ultrahigh Frequencies, A. A. Letavet et Z. V. Gordon, eds, Acad\u00e9mie des sciences m\u00e9dicales, Moscou, 1960, pp.\u00a025-29.<\/p>\n<p class=\"western\" align=\"justify\">[35] Maria N. Sadchikova. Clinical manifestations of reactions to microwave irradiation in various occupational groups. In Biologic Effects and Health Hazards of Microwave Radiation: Proceedings of an International Symposium, Warsaw, 15-18 October, 1973, P. Czerski et al, eds, 1974, pp. 261-267.<\/p>\n<p class=\"western\" align=\"justify\">[36] Abraham Lilienfeld. Evaluation of Health Status of Foreign Service and Other Employees from Selected Eastern European Posts. Johns Hopkins University, Department of Epidemiology, Baltimore, MD, pr\u00e9par\u00e9 pour le Dept. of State, DC Office of Medical Services, U.S. Dept. of Commerce, National Technical Information Service, 31\u00a0juillet 1978.<\/p>\n<p class=\"western\" align=\"justify\">[37] Liliya M. Fatkhoutdinova. Hemodynamic indices in VDT users with different exposure to electric and magnetic fields and controls,\u201d EBEA\u00a02001, pp. 292-294.<\/p>\n<p class=\"western\" align=\"justify\">[38] Vladimir N. Binhi et Robert J. Goldman. The Ion Interference and Electric Field-Induced Wound-Cell Proliferation. In BEMS Twenty-Second Annual Meeting in Cooperation with the European Bioelectromagnetics Association, Abstract Book. The Technical University, Munich, Allemagne, 11-16 juin 2000, pp. 11-12.<\/p>\n<p class=\"western\" align=\"justify\">[39] Bertil Persson, Leif Salford et Arne Brun. Blood-brain barrier permeability in rats exposed to electromagnetic fields used in wireless communications. Wireless Networks 3:455-461 (1997).<\/p>\n<p class=\"western\" align=\"justify\">[Henrietta Nittby, Gustav Grafstr\u00f6m, Jacob L. Eberhardt et al. Radiofrequency and Extremely Low-Frequency Electromagnetic Field Effects on the Blood-Brain Barrier (Effets des champs \u00e9lectromagn\u00e9tiques de radiofr\u00e9quence et d\u2019extr\u00eamement basse fr\u00e9quence sur la barri\u00e8re h\u00e9matoenc\u00e9phalique). Electromagnetic Biology and Medicine\u00a027 :103-126 (2008).<\/p>\n<p class=\"western\" align=\"justify\">[41] Dimitris J. Panagopoulos. Analyzing the health impacts of modern telecommunications microwaves (analyse de l\u2019impact sur la sant\u00e9 des micro-ondes des t\u00e9l\u00e9communications modernes). Dans L. V. Berhardt (\u00e9d.), Advances in Medicine and Biology, vol.\u00a017, Nova Science Publishers 2011, chapitre 1.<\/p>\n<p class=\"western\" align=\"justify\">[42] Carl F. Blackman et al. Induction of calcium-ion efflux from brain tissue by radiofrequency radiation. Bioelectromagnetics 1:35-43 (1980).<\/p>\n<p class=\"western\" align=\"justify\">[43] Suzanne M. Bawin, Leonard K. Kaczmarek et W. Ross Adey. Effects of modulated VHF fields on the central nervous system (Effets des champs VHF modul\u00e9s sur le syst\u00e8me nerveux central). Annales de l\u2019Acad\u00e9mie des sciences de New York\u00a0247\u00a0: 74-80 (1970).<\/p>\n<p class=\"western\" align=\"justify\">[44] Sisir K. Dutta et al. Microwave radiation-induced calcium ion flux from human neuroblastoma cells: dependence on depth of amplitude modulation and exposure time. Dans Biological Effects of Electropollution, Sisir K. Dutta et Richard M.\u00a0Millis, eds. Information Ventures, Philadelphie, 1986, pp.\u00a063-69.<\/p>\n<p class=\"western\" align=\"justify\">[45] Jean-Louis Schwartz, Dennis E. House et Geoffrey A. R. Mealing. Exposure of frog hearts to CW or amplitude-modulated VHF fields: selective efflux of calcium ions at 16\u00a0Hz. Bioelectromagnetics\u00a011 :349-358 (1990).<\/p>\n<p class=\"western\" align=\"justify\">[46] Kumud K. Kunjilwar et Jitendra Behari. Effect of amplitude-modulated RF radiation on cholinergic system of developing rats. Brain Research 601:321-324 (1993).<\/p>\n<p class=\"western\" align=\"justify\">[47] Christian Holtze, R. Sivaramakrishnan, Markus Antonietti, et al. The microwave absorption of emulsions containing aqueous micro- and nanodroplets: A means to optimize microwave heating. Journal of Colloid and Interface Science\u00a0302 :651-657 (2006).<\/p>\n<p class=\"western\" align=\"justify\">[48] Cit\u00e9 par Max Rauner dans Zeit Online, 21\u00a0ao\u00fbt 2006.<\/p>\n<p class=\"western\" align=\"justify\">[49] Chaozhi Wan et al. Femtosecond dynamics of DNA-mediated electron transfer. PNAS\u00a096 (11) 6014-6019 (1999).<\/p>\n<p class=\"western\" align=\"justify\">[50] Corinna Wu. An Electrifying DNA Debate: New evidence explains how DNA conducts charge\u201d, Science News\u00a0156(7): 104-106 (1999).<\/p>\n<p class=\"western\" align=\"justify\">[51] Hans-Werner Fink et Christian Sch\u00f6nenberger. Conduction \u00e9lectrique \u00e0 travers les mol\u00e9cules d\u2019ADN. Nature\u00a0398\u00a0: 407-410 (1999).<\/p>\n<p class=\"western\" align=\"justify\">[52] Charles Polk. Implications of Measured Electrical Conductivity of DNA for Bio-Effects of E.M. Fields. In BEMS Twenty-Second Annual Meeting, 2000, pp. 22-23.<\/p>\n<p class=\"western\" align=\"center\">Arthur Firstenberg,<\/p>\n<p class=\"western\" align=\"center\">Pr\u00e9sident <span style=\"color: #000080;\"><u><a href=\"http:\/\/r.mail.cellphonetaskforce.org\/mk\/cl\/f\/sh\/7nVU1aA2nfsTT5wc8WkCGIiEJ1rkafq\/wRbdzIUUnsW4\" target=\"_blank\" rel=\"noopener\">Cellular Phone Task Force<\/a><\/u><\/span><\/p>\n<p class=\"western\" align=\"center\">Auteur, <span style=\"color: #000080;\"><u><a href=\"https:\/\/www.amazon.fr\/LArc-en-ciel-invisible-Lhistoire-l%C3%A9lectricit%C3%A9-vie\/dp\/2940594325?ref_=ast_author_dp\" target=\"_blank\" rel=\"noopener\">L\u2019arc-en-ciel invisible\u00a0: Une histoire de l\u2019\u00e9lectricit\u00e9 et de la vie<\/a><\/u><\/span><\/p>\n","protected":false},"excerpt":{"rendered":"<p>LA PUISSANCE EST SANS IMPORTANCE Il suffit d\u2019un violon d\u00e9saccord\u00e9 dans un orchestre ou d\u2019une voix fausse dans une chorale pour g\u00e2cher une belle harmonie ou un ensemble enchanteur. Peu importe que le grincement soit fort ou faible, s\u2019il ne s\u2019arr\u00eate pas, la repr\u00e9sentation prendra fin. Il en va de m\u00eame pour les cellules de [&hellip;]<\/p>\n","protected":false},"author":2,"featured_media":18864,"comment_status":"closed","ping_status":"closed","sticky":false,"template":"","format":"standard","meta":{"footnotes":""},"categories":[1540,1594],"tags":[243,116,1624,344],"class_list":["post-19872","post","type-post","status-publish","format-standard","has-post-thumbnail","hentry","category-actualite","category-firstenberg-arthur","tag-cellule","tag-cerveau","tag-pollution-electromagnetique","tag-sante"],"yoast_head":"<!-- This site is optimized with the Yoast SEO plugin v27.0 - https:\/\/yoast.com\/product\/yoast-seo-wordpress\/ -->\n<title>Les ondes radio sont nocives, point final\u00a0! par Arthur Firstenberg - 3e mill\u00e9naire - Spiritualit\u00e9 - Connaissance de soi - Non-dualit\u00e9 - M\u00e9ditation<\/title>\n<meta name=\"robots\" content=\"index, follow, max-snippet:-1, max-image-preview:large, max-video-preview:-1\" \/>\n<link rel=\"canonical\" href=\"https:\/\/www.revue3emillenaire.com\/blog\/les-ondes-radio-sont-nocives-point-final-par-arthur-firstenberg\/\" \/>\n<meta property=\"og:locale\" content=\"fr_FR\" \/>\n<meta property=\"og:type\" content=\"article\" \/>\n<meta property=\"og:title\" content=\"Les ondes radio sont nocives, point final\u00a0! par Arthur Firstenberg - 3e mill\u00e9naire - Spiritualit\u00e9 - Connaissance de soi - Non-dualit\u00e9 - M\u00e9ditation\" \/>\n<meta property=\"og:description\" content=\"LA PUISSANCE EST SANS IMPORTANCE Il suffit d\u2019un violon d\u00e9saccord\u00e9 dans un orchestre ou d\u2019une voix fausse dans une chorale pour g\u00e2cher une belle harmonie ou un ensemble enchanteur. Peu importe que le grincement soit fort ou faible, s\u2019il ne s\u2019arr\u00eate pas, la repr\u00e9sentation prendra fin. Il en va de m\u00eame pour les cellules de [&hellip;]\" \/>\n<meta property=\"og:url\" content=\"https:\/\/www.revue3emillenaire.com\/blog\/les-ondes-radio-sont-nocives-point-final-par-arthur-firstenberg\/\" \/>\n<meta property=\"og:site_name\" content=\"3e mill\u00e9naire - Spiritualit\u00e9 - Connaissance de soi - Non-dualit\u00e9 - M\u00e9ditation\" \/>\n<meta property=\"article:published_time\" content=\"2024-04-03T16:35:46+00:00\" \/>\n<meta property=\"article:modified_time\" content=\"2024-04-03T16:36:46+00:00\" \/>\n<meta property=\"og:image\" content=\"https:\/\/www.revue3emillenaire.com\/blog\/wp-content\/uploads\/2022\/02\/Arthur-Firstenberg2.jpg\" \/>\n\t<meta property=\"og:image:width\" content=\"280\" \/>\n\t<meta property=\"og:image:height\" content=\"412\" \/>\n\t<meta property=\"og:image:type\" content=\"image\/jpeg\" \/>\n<meta name=\"author\" content=\"3e mill\u00e9naire\" \/>\n<meta name=\"twitter:card\" content=\"summary_large_image\" \/>\n<meta name=\"twitter:label1\" content=\"\u00c9crit par\" \/>\n\t<meta name=\"twitter:data1\" content=\"3e mill\u00e9naire\" \/>\n\t<meta name=\"twitter:label2\" content=\"Dur\u00e9e de lecture estim\u00e9e\" \/>\n\t<meta name=\"twitter:data2\" content=\"26 minutes\" \/>\n<script type=\"application\/ld+json\" class=\"yoast-schema-graph\">{\"@context\":\"https:\/\/schema.org\",\"@graph\":[{\"@type\":\"Article\",\"@id\":\"https:\/\/www.revue3emillenaire.com\/blog\/les-ondes-radio-sont-nocives-point-final-par-arthur-firstenberg\/#article\",\"isPartOf\":{\"@id\":\"https:\/\/www.revue3emillenaire.com\/blog\/les-ondes-radio-sont-nocives-point-final-par-arthur-firstenberg\/\"},\"author\":{\"name\":\"3e mill\u00e9naire\",\"@id\":\"https:\/\/www.revue3emillenaire.com\/blog\/#\/schema\/person\/b692dacff720a5344a6190bc714397eb\"},\"headline\":\"Les ondes radio sont nocives, point final\u00a0! par Arthur Firstenberg\",\"datePublished\":\"2024-04-03T16:35:46+00:00\",\"dateModified\":\"2024-04-03T16:36:46+00:00\",\"mainEntityOfPage\":{\"@id\":\"https:\/\/www.revue3emillenaire.com\/blog\/les-ondes-radio-sont-nocives-point-final-par-arthur-firstenberg\/\"},\"wordCount\":5091,\"image\":{\"@id\":\"https:\/\/www.revue3emillenaire.com\/blog\/les-ondes-radio-sont-nocives-point-final-par-arthur-firstenberg\/#primaryimage\"},\"thumbnailUrl\":\"https:\/\/www.revue3emillenaire.com\/blog\/wp-content\/uploads\/2022\/02\/Arthur-Firstenberg2.jpg\",\"keywords\":[\"cellule\",\"cerveau\",\"Pollution \u00e9lectromagn\u00e9tique\",\"Sant\u00e9\"],\"articleSection\":[\"Actualit\u00e9s\",\"Firstenberg Arthur\"],\"inLanguage\":\"fr-FR\"},{\"@type\":\"WebPage\",\"@id\":\"https:\/\/www.revue3emillenaire.com\/blog\/les-ondes-radio-sont-nocives-point-final-par-arthur-firstenberg\/\",\"url\":\"https:\/\/www.revue3emillenaire.com\/blog\/les-ondes-radio-sont-nocives-point-final-par-arthur-firstenberg\/\",\"name\":\"Les ondes radio sont nocives, point final\u00a0! par Arthur Firstenberg - 3e mill\u00e9naire - Spiritualit\u00e9 - Connaissance de soi - Non-dualit\u00e9 - M\u00e9ditation\",\"isPartOf\":{\"@id\":\"https:\/\/www.revue3emillenaire.com\/blog\/#website\"},\"primaryImageOfPage\":{\"@id\":\"https:\/\/www.revue3emillenaire.com\/blog\/les-ondes-radio-sont-nocives-point-final-par-arthur-firstenberg\/#primaryimage\"},\"image\":{\"@id\":\"https:\/\/www.revue3emillenaire.com\/blog\/les-ondes-radio-sont-nocives-point-final-par-arthur-firstenberg\/#primaryimage\"},\"thumbnailUrl\":\"https:\/\/www.revue3emillenaire.com\/blog\/wp-content\/uploads\/2022\/02\/Arthur-Firstenberg2.jpg\",\"datePublished\":\"2024-04-03T16:35:46+00:00\",\"dateModified\":\"2024-04-03T16:36:46+00:00\",\"author\":{\"@id\":\"https:\/\/www.revue3emillenaire.com\/blog\/#\/schema\/person\/b692dacff720a5344a6190bc714397eb\"},\"breadcrumb\":{\"@id\":\"https:\/\/www.revue3emillenaire.com\/blog\/les-ondes-radio-sont-nocives-point-final-par-arthur-firstenberg\/#breadcrumb\"},\"inLanguage\":\"fr-FR\",\"potentialAction\":[{\"@type\":\"ReadAction\",\"target\":[\"https:\/\/www.revue3emillenaire.com\/blog\/les-ondes-radio-sont-nocives-point-final-par-arthur-firstenberg\/\"]}]},{\"@type\":\"ImageObject\",\"inLanguage\":\"fr-FR\",\"@id\":\"https:\/\/www.revue3emillenaire.com\/blog\/les-ondes-radio-sont-nocives-point-final-par-arthur-firstenberg\/#primaryimage\",\"url\":\"https:\/\/www.revue3emillenaire.com\/blog\/wp-content\/uploads\/2022\/02\/Arthur-Firstenberg2.jpg\",\"contentUrl\":\"https:\/\/www.revue3emillenaire.com\/blog\/wp-content\/uploads\/2022\/02\/Arthur-Firstenberg2.jpg\",\"width\":280,\"height\":412},{\"@type\":\"BreadcrumbList\",\"@id\":\"https:\/\/www.revue3emillenaire.com\/blog\/les-ondes-radio-sont-nocives-point-final-par-arthur-firstenberg\/#breadcrumb\",\"itemListElement\":[{\"@type\":\"ListItem\",\"position\":1,\"name\":\"Accueil\",\"item\":\"https:\/\/www.revue3emillenaire.com\/blog\/\"},{\"@type\":\"ListItem\",\"position\":2,\"name\":\"Les ondes radio sont nocives, point final\u00a0! par Arthur Firstenberg\"}]},{\"@type\":\"WebSite\",\"@id\":\"https:\/\/www.revue3emillenaire.com\/blog\/#website\",\"url\":\"https:\/\/www.revue3emillenaire.com\/blog\/\",\"name\":\"3e mill\u00e9naire - Spiritualit\u00e9 - Connaissance de soi - Non-dualit\u00e9 - M\u00e9ditation\",\"description\":\"L&#039;Homme en devenir\",\"potentialAction\":[{\"@type\":\"SearchAction\",\"target\":{\"@type\":\"EntryPoint\",\"urlTemplate\":\"https:\/\/www.revue3emillenaire.com\/blog\/?s={search_term_string}\"},\"query-input\":{\"@type\":\"PropertyValueSpecification\",\"valueRequired\":true,\"valueName\":\"search_term_string\"}}],\"inLanguage\":\"fr-FR\"},{\"@type\":\"Person\",\"@id\":\"https:\/\/www.revue3emillenaire.com\/blog\/#\/schema\/person\/b692dacff720a5344a6190bc714397eb\",\"name\":\"3e mill\u00e9naire\",\"url\":\"https:\/\/www.revue3emillenaire.com\/blog\/author\/scoussa\/\"}]}<\/script>\n<!-- \/ Yoast SEO plugin. -->","yoast_head_json":{"title":"Les ondes radio sont nocives, point final\u00a0! par Arthur Firstenberg - 3e mill\u00e9naire - Spiritualit\u00e9 - Connaissance de soi - Non-dualit\u00e9 - M\u00e9ditation","robots":{"index":"index","follow":"follow","max-snippet":"max-snippet:-1","max-image-preview":"max-image-preview:large","max-video-preview":"max-video-preview:-1"},"canonical":"https:\/\/www.revue3emillenaire.com\/blog\/les-ondes-radio-sont-nocives-point-final-par-arthur-firstenberg\/","og_locale":"fr_FR","og_type":"article","og_title":"Les ondes radio sont nocives, point final\u00a0! par Arthur Firstenberg - 3e mill\u00e9naire - Spiritualit\u00e9 - Connaissance de soi - Non-dualit\u00e9 - M\u00e9ditation","og_description":"LA PUISSANCE EST SANS IMPORTANCE Il suffit d\u2019un violon d\u00e9saccord\u00e9 dans un orchestre ou d\u2019une voix fausse dans une chorale pour g\u00e2cher une belle harmonie ou un ensemble enchanteur. Peu importe que le grincement soit fort ou faible, s\u2019il ne s\u2019arr\u00eate pas, la repr\u00e9sentation prendra fin. Il en va de m\u00eame pour les cellules de [&hellip;]","og_url":"https:\/\/www.revue3emillenaire.com\/blog\/les-ondes-radio-sont-nocives-point-final-par-arthur-firstenberg\/","og_site_name":"3e mill\u00e9naire - Spiritualit\u00e9 - Connaissance de soi - Non-dualit\u00e9 - M\u00e9ditation","article_published_time":"2024-04-03T16:35:46+00:00","article_modified_time":"2024-04-03T16:36:46+00:00","og_image":[{"width":280,"height":412,"url":"https:\/\/www.revue3emillenaire.com\/blog\/wp-content\/uploads\/2022\/02\/Arthur-Firstenberg2.jpg","type":"image\/jpeg"}],"author":"3e mill\u00e9naire","twitter_card":"summary_large_image","twitter_misc":{"\u00c9crit par":"3e mill\u00e9naire","Dur\u00e9e de lecture estim\u00e9e":"26 minutes"},"schema":{"@context":"https:\/\/schema.org","@graph":[{"@type":"Article","@id":"https:\/\/www.revue3emillenaire.com\/blog\/les-ondes-radio-sont-nocives-point-final-par-arthur-firstenberg\/#article","isPartOf":{"@id":"https:\/\/www.revue3emillenaire.com\/blog\/les-ondes-radio-sont-nocives-point-final-par-arthur-firstenberg\/"},"author":{"name":"3e mill\u00e9naire","@id":"https:\/\/www.revue3emillenaire.com\/blog\/#\/schema\/person\/b692dacff720a5344a6190bc714397eb"},"headline":"Les ondes radio sont nocives, point final\u00a0! par Arthur Firstenberg","datePublished":"2024-04-03T16:35:46+00:00","dateModified":"2024-04-03T16:36:46+00:00","mainEntityOfPage":{"@id":"https:\/\/www.revue3emillenaire.com\/blog\/les-ondes-radio-sont-nocives-point-final-par-arthur-firstenberg\/"},"wordCount":5091,"image":{"@id":"https:\/\/www.revue3emillenaire.com\/blog\/les-ondes-radio-sont-nocives-point-final-par-arthur-firstenberg\/#primaryimage"},"thumbnailUrl":"https:\/\/www.revue3emillenaire.com\/blog\/wp-content\/uploads\/2022\/02\/Arthur-Firstenberg2.jpg","keywords":["cellule","cerveau","Pollution \u00e9lectromagn\u00e9tique","Sant\u00e9"],"articleSection":["Actualit\u00e9s","Firstenberg Arthur"],"inLanguage":"fr-FR"},{"@type":"WebPage","@id":"https:\/\/www.revue3emillenaire.com\/blog\/les-ondes-radio-sont-nocives-point-final-par-arthur-firstenberg\/","url":"https:\/\/www.revue3emillenaire.com\/blog\/les-ondes-radio-sont-nocives-point-final-par-arthur-firstenberg\/","name":"Les ondes radio sont nocives, point final\u00a0! par Arthur Firstenberg - 3e mill\u00e9naire - Spiritualit\u00e9 - Connaissance de soi - Non-dualit\u00e9 - M\u00e9ditation","isPartOf":{"@id":"https:\/\/www.revue3emillenaire.com\/blog\/#website"},"primaryImageOfPage":{"@id":"https:\/\/www.revue3emillenaire.com\/blog\/les-ondes-radio-sont-nocives-point-final-par-arthur-firstenberg\/#primaryimage"},"image":{"@id":"https:\/\/www.revue3emillenaire.com\/blog\/les-ondes-radio-sont-nocives-point-final-par-arthur-firstenberg\/#primaryimage"},"thumbnailUrl":"https:\/\/www.revue3emillenaire.com\/blog\/wp-content\/uploads\/2022\/02\/Arthur-Firstenberg2.jpg","datePublished":"2024-04-03T16:35:46+00:00","dateModified":"2024-04-03T16:36:46+00:00","author":{"@id":"https:\/\/www.revue3emillenaire.com\/blog\/#\/schema\/person\/b692dacff720a5344a6190bc714397eb"},"breadcrumb":{"@id":"https:\/\/www.revue3emillenaire.com\/blog\/les-ondes-radio-sont-nocives-point-final-par-arthur-firstenberg\/#breadcrumb"},"inLanguage":"fr-FR","potentialAction":[{"@type":"ReadAction","target":["https:\/\/www.revue3emillenaire.com\/blog\/les-ondes-radio-sont-nocives-point-final-par-arthur-firstenberg\/"]}]},{"@type":"ImageObject","inLanguage":"fr-FR","@id":"https:\/\/www.revue3emillenaire.com\/blog\/les-ondes-radio-sont-nocives-point-final-par-arthur-firstenberg\/#primaryimage","url":"https:\/\/www.revue3emillenaire.com\/blog\/wp-content\/uploads\/2022\/02\/Arthur-Firstenberg2.jpg","contentUrl":"https:\/\/www.revue3emillenaire.com\/blog\/wp-content\/uploads\/2022\/02\/Arthur-Firstenberg2.jpg","width":280,"height":412},{"@type":"BreadcrumbList","@id":"https:\/\/www.revue3emillenaire.com\/blog\/les-ondes-radio-sont-nocives-point-final-par-arthur-firstenberg\/#breadcrumb","itemListElement":[{"@type":"ListItem","position":1,"name":"Accueil","item":"https:\/\/www.revue3emillenaire.com\/blog\/"},{"@type":"ListItem","position":2,"name":"Les ondes radio sont nocives, point final\u00a0! par Arthur Firstenberg"}]},{"@type":"WebSite","@id":"https:\/\/www.revue3emillenaire.com\/blog\/#website","url":"https:\/\/www.revue3emillenaire.com\/blog\/","name":"3e mill\u00e9naire - Spiritualit\u00e9 - Connaissance de soi - Non-dualit\u00e9 - M\u00e9ditation","description":"L&#039;Homme en devenir","potentialAction":[{"@type":"SearchAction","target":{"@type":"EntryPoint","urlTemplate":"https:\/\/www.revue3emillenaire.com\/blog\/?s={search_term_string}"},"query-input":{"@type":"PropertyValueSpecification","valueRequired":true,"valueName":"search_term_string"}}],"inLanguage":"fr-FR"},{"@type":"Person","@id":"https:\/\/www.revue3emillenaire.com\/blog\/#\/schema\/person\/b692dacff720a5344a6190bc714397eb","name":"3e mill\u00e9naire","url":"https:\/\/www.revue3emillenaire.com\/blog\/author\/scoussa\/"}]}},"_links":{"self":[{"href":"https:\/\/www.revue3emillenaire.com\/blog\/wp-json\/wp\/v2\/posts\/19872","targetHints":{"allow":["GET"]}}],"collection":[{"href":"https:\/\/www.revue3emillenaire.com\/blog\/wp-json\/wp\/v2\/posts"}],"about":[{"href":"https:\/\/www.revue3emillenaire.com\/blog\/wp-json\/wp\/v2\/types\/post"}],"author":[{"embeddable":true,"href":"https:\/\/www.revue3emillenaire.com\/blog\/wp-json\/wp\/v2\/users\/2"}],"replies":[{"embeddable":true,"href":"https:\/\/www.revue3emillenaire.com\/blog\/wp-json\/wp\/v2\/comments?post=19872"}],"version-history":[{"count":0,"href":"https:\/\/www.revue3emillenaire.com\/blog\/wp-json\/wp\/v2\/posts\/19872\/revisions"}],"wp:featuredmedia":[{"embeddable":true,"href":"https:\/\/www.revue3emillenaire.com\/blog\/wp-json\/wp\/v2\/media\/18864"}],"wp:attachment":[{"href":"https:\/\/www.revue3emillenaire.com\/blog\/wp-json\/wp\/v2\/media?parent=19872"}],"wp:term":[{"taxonomy":"category","embeddable":true,"href":"https:\/\/www.revue3emillenaire.com\/blog\/wp-json\/wp\/v2\/categories?post=19872"},{"taxonomy":"post_tag","embeddable":true,"href":"https:\/\/www.revue3emillenaire.com\/blog\/wp-json\/wp\/v2\/tags?post=19872"}],"curies":[{"name":"wp","href":"https:\/\/api.w.org\/{rel}","templated":true}]}}