{"id":19901,"date":"2024-04-20T18:04:15","date_gmt":"2024-04-20T17:04:15","guid":{"rendered":"https:\/\/www.revue3emillenaire.com\/blog\/?p=19901"},"modified":"2024-04-20T18:06:00","modified_gmt":"2024-04-20T17:06:00","slug":"19901-2","status":"publish","type":"post","link":"https:\/\/www.revue3emillenaire.com\/blog\/19901-2\/","title":{"rendered":"La conscience et le paradoxe de Dennett par John Horgan"},"content":{"rendered":"<p class=\"western\" align=\"justify\"><i>Traduction libre<\/i><\/p>\n<p align=\"justify\"><a href=\"https:\/\/www.revue3emillenaire.com\/blog\/wp-content\/uploads\/2024\/04\/Daniel_Dennett_2.jpg\"><img loading=\"lazy\" decoding=\"async\" class=\"aligncenter size-full wp-image-19902\" src=\"https:\/\/www.revue3emillenaire.com\/blog\/wp-content\/uploads\/2024\/04\/Daniel_Dennett_2.jpg\" alt=\"\" width=\"400\" height=\"600\" srcset=\"https:\/\/www.revue3emillenaire.com\/blog\/wp-content\/uploads\/2024\/04\/Daniel_Dennett_2.jpg 400w, https:\/\/www.revue3emillenaire.com\/blog\/wp-content\/uploads\/2024\/04\/Daniel_Dennett_2-200x300.jpg 200w\" sizes=\"auto, (max-width: 400px) 100vw, 400px\" \/><\/a><\/p>\n<p class=\"western\" align=\"center\"><i>Daniel Dennett est d\u00e9c\u00e9d\u00e9 le 19\u00a0avril 2024. Lorsqu\u2019il affirme que nous surestimons la conscience, il d\u00e9montre, paradoxalement, \u00e0 quel point il est conscient, et il rend son public plus conscient. Ce \u00ab\u00a0paradoxe de Dennett\u00a0\u00bb est une copie et un corollaire du <\/i><span style=\"color: #000080;\"><u><a href=\"https:\/\/www.revue3emillenaire.com\/blog\/libre-arbitre-ou-determinisme-par-w-briggs-et-j-horagn\/\" target=\"_blank\" rel=\"noopener\"><i>paradoxe de Sapolsky<\/i><\/a><\/u><\/span><i>. J\u2019ai trouv\u00e9 cette photo de Dennett sur <a href=\"https:\/\/en.wikipedia.org\/wiki\/Daniel_Dennett\" target=\"_blank\" rel=\"noopener\">Wikip\u00e9dia<\/a>. <\/i><\/p>\n<p class=\"western\" align=\"justify\"><i>La mort de Daniel Dennett sonne comme la fin d\u2019une \u00e9poque, celle du scientisme ultra-mat\u00e9rialiste, ultra-darwinien, <\/i><i>arrogant<\/i><i> et <a href=\"https:\/\/johnhorgan.org\/cross-check\/the-delusion-of-scientific-omniscience\" target=\"_blank\" rel=\"noopener\">omniscient<\/a>. Qui reste-t-il\u00a0? Dawkins\u00a0? J\u2019avais l\u2019habitude de dire que Dennett n\u2019est pas aussi intelligent qu\u2019il le pense, parce que personne ne l\u2019est. Il lui manquait le g\u00e8ne d<\/i><i>u<\/i><i> doute de so<\/i><i>i<\/i><i>, mais il m\u2019a forc\u00e9 \u00e0 <a href=\"https:\/\/johnhorgan.org\/cross-check\/self-doubt-is-my-superpower\" target=\"_blank\" rel=\"noopener\">douter de moi-m\u00eame<\/a>, il m\u2019a <\/i><i>pouss\u00e9 \u00e0<\/i><i> repenser ce que je pense, et que demander de plus \u00e0 un philosophe\u00a0? J\u2019ai rencontr\u00e9 pour la premi\u00e8re fois la brillance sans d\u00e9tour de Dennett en 1981 lorsque j\u2019ai lu The Mind\u2019s I, et son nom est apparu <\/i><i>r\u00e9cemment <\/i><i>lors <a href=\"https:\/\/johnhorgan.org\/cross-check\/the-consciousness-salon\" target=\"_blank\" rel=\"noopener\">d\u2019une f\u00eate de la conscience \u00e0 laquelle j\u2019ai assist\u00e9 la semaine derni\u00e8re<\/a>. Pour rendre hommage \u00e0 Dennett, je publie une version gratuite et r\u00e9vis\u00e9e de ma critique de 2017 de son affirmation selon laquelle la conscience est une \u00ab\u00a0illusion\u00a0\u00bb. J\u2019invente \u00e9galement une expression, le paradoxe de Dennett, expliqu\u00e9e ci-dessous. John Horgan, Hoboken, 20\u00a0avril 2024.<\/i><\/p>\n<p style=\"text-align: center;\" align=\"justify\">___________________________<\/p>\n<p class=\"western\" align=\"justify\">De toutes les notions \u00e9tranges qui \u00e9mergent des d\u00e9bats sur la conscience, la plus \u00e9trange est qu\u2019elle n\u2019existe pas, du moins pas de la mani\u00e8re dont nous le pensons. C\u2019est une illusion, comme le \u00ab\u00a0P\u00e8re No\u00ebl\u00a0\u00bb ou la \u00ab\u00a0d\u00e9mocratie am\u00e9ricaine\u00a0\u00bb.<\/p>\n<p class=\"western\" align=\"justify\">Descartes a dit que la conscience est le seul fait ind\u00e9niable de notre existence, et il m\u2019est difficile de ne pas \u00eatre d\u2019accord. Je suis conscient en ce moment m\u00eame, au moment o\u00f9 je tape cette phrase, et vous \u00eates vraisemblablement conscient au moment o\u00f9 vous la lisez (m\u00eame si <a href=\"https:\/\/johnhorgan.org\/cross-check\/the-solipsism-problem\" target=\"_blank\" rel=\"noopener\">je ne peux pas en \u00eatre absolument s\u00fbr<\/a>).<\/p>\n<p class=\"western\" align=\"justify\">L\u2019id\u00e9e que la conscience n\u2019est pas r\u00e9elle m\u2019a toujours sembl\u00e9 folle, mais des gens intelligents l\u2019adoptent. L\u2019un des plus intelligents est le philosophe Daniel Dennett, qui s\u2019interroge sur la conscience depuis des d\u00e9cennies, notamment dans son best-seller de 1991, <i>Consciousness Explained<\/i> (<i>La conscience expliqu\u00e9e<\/i>).<\/p>\n<p class=\"western\" align=\"justify\">J\u2019ai toujours pens\u00e9 que je devais manquer quelque chose dans l\u2019argumentation de Dennett, et j\u2019ai donc esp\u00e9r\u00e9 que son livre <i>From Bacteria to Bach and Back\u00a0: The Evolution of Minds<\/i> (De la bact\u00e9rie \u00e0 Bach et retour\u00a0: l\u2019\u00e9volution des esprits) m\u2019\u00e9clairerait. Il le fait, mais pas de la mani\u00e8re dont Dennett l\u2019entendait.<\/p>\n<p class=\"western\" align=\"justify\">Dennett r\u00e9it\u00e8re son affirmation selon laquelle la th\u00e9orie darwinienne peut rendre compte de tous les aspects de notre existence. Nous n\u2019avons pas besoin d\u2019un concepteur intelligent, ou d\u2019un \u00ab\u00a0crochet c\u00e9leste\u00a0\u00bb, pour expliquer comment les yeux, les mains et les esprits sont apparus, car l\u2019\u00e9volution fournit des \u00ab\u00a0grues\u00a0\u00bb pour construire tous les ph\u00e9nom\u00e8nes biologiques.<\/p>\n<p class=\"western\" align=\"justify\">La s\u00e9lection naturelle produit ce que Dennett appelle \u00ab\u00a0<a href=\"https:\/\/johnhorgan.org\/books\/my-quantum-experiment\/chapter-five\" target=\"_blank\" rel=\"noopener\">la comp\u00e9tence sans la compr\u00e9hension<\/a>\u00a0\u00bb (D.D. adore les allit\u00e9rations). M\u00eame la bact\u00e9rie la plus simple est une merveilleuse machine, qui extrait de son environnement ce dont elle a besoin pour survivre et se reproduire. Finalement, le processus d\u2019\u00e9volution sans intention ni but a produit l\u2019Homo sapiens, une esp\u00e8ce capable de comp\u00e9tence et de compr\u00e9hension.<\/p>\n<p class=\"western\" align=\"justify\">Mais la cognition humaine, souligne Dennett, consiste encore principalement en une comp\u00e9tence sans compr\u00e9hension. Nos pens\u00e9es conscientes ne repr\u00e9sentent qu\u2019une infime partie de tout le traitement de l\u2019information effectu\u00e9 par notre cerveau. La s\u00e9lection naturelle a con\u00e7u notre cerveau pour qu\u2019il nous fournisse des pens\u00e9es sur la base du \u00ab\u00a0besoin de savoir\u00a0\u00bb, afin que nous ne soyons pas submerg\u00e9s de donn\u00e9es.<\/p>\n<p class=\"western\" align=\"justify\">Dennett compare la conscience \u00e0 l\u2019interface utilisateur d\u2019un ordinateur. Le contenu de notre conscience, affirme-t-il, a la m\u00eame relation avec notre cerveau que les petits r\u00e9pertoires et autres ic\u00f4nes sur l\u2019\u00e9cran d\u2019un ordinateur le sont avec ses circuits et logiciels sous-jacents. Nos perceptions, nos souvenirs et nos \u00e9motions sont des repr\u00e9sentations grossi\u00e8rement simplifi\u00e9es et caricaturales de computations cach\u00e9es et affreusement complexes.<\/p>\n<p class=\"western\" align=\"justify\">Rien de tout cela n\u2019est nouveau ou controvers\u00e9. Dennett ne fait que r\u00e9it\u00e9rer, \u00e0 sa mani\u00e8re par un flot de paroles si habile, ce que les sp\u00e9cialistes des sciences de l\u2019esprit et la plupart des gens instruits ont accept\u00e9 depuis longtemps, \u00e0 savoir que l\u2019essentiel de la cognition se produit sous la surface de la conscience. Dennett remercie m\u00eame <a href=\"https:\/\/johnhorgan.org\/books\/mind-body-problems\/chapter-five\" target=\"_blank\" rel=\"noopener\">le tr\u00e8s vilipend\u00e9 Freud<\/a> pour sa \u00ab\u00a0d\u00e9fense des motivations inconscientes\u00a0\u00bb\u00a0!<\/p>\n<p class=\"western\" align=\"justify\">Le probl\u00e8me survient lorsque Dennett, prolongeant l\u2019analogie de l\u2019interface informatique, qualifie la conscience d\u2019\u00ab\u00a0<i>illusion<\/i> de l\u2019utilisateur\u00a0\u00bb. Je mets en italique le mot illusion, car tant de confusion d\u00e9coule de l\u2019utilisation de ce terme par Dennet. Une illusion est une fausse perception. Nos pens\u00e9es sont des repr\u00e9sentations imparfaites de notre cerveau\/esprit et du monde, mais cela ne les rend pas n\u00e9cessairement fausses.<\/p>\n<p class=\"western\" align=\"justify\">Prenez cette pens\u00e9e\u00a0: \u00ab\u00a0Donald Trump est un abruti narcissique\u00a0\u00bb. C\u2019est une d\u00e9claration extr\u00eamement condens\u00e9e \u00e0 propos d\u2019une r\u00e9alit\u00e9 ext\u00e9rieure extr\u00eamement d\u00e9sordonn\u00e9e. De plus, ma capacit\u00e9 \u00e0 penser cette pens\u00e9e, ou \u00e0 la taper sur mon ordinateur portable, d\u00e9pend d\u2019un mat\u00e9riel et d\u2019un logiciel complexes, dont j\u2019ignore heureusement le fonctionnement. Mais cela ne signifie pas que \u00ab\u00a0Donald Trump est un abruti narcissique\u00a0\u00bb est une illusion, pas plus que \u00ab\u00a02 + 2 = 4\u00a0\u00bb.<\/p>\n<p class=\"western\" align=\"justify\">Et si je pense que \u00ab\u00a02 + 2 = 5\u00a0\u00bb, que \u00ab\u00a0le r\u00e9chauffement climatique est un canular\u00a0\u00bb ou que \u00ab\u00a0Donald Trump est l\u2019homme le plus sage de la plan\u00e8te\u00a0\u00bb\u00a0? Et si je suis psychotique, ou si je vis dans une simulation cr\u00e9\u00e9e par des robots malveillants, et que toutes mes pens\u00e9es sont des illusions\u00a0? Dire que ma conscience est donc une illusion reviendrait \u00e0 confondre la conscience avec son contenu. C\u2019est comme dire qu\u2019un livre n\u2019existe pas s\u2019il d\u00e9peint des choses inexistantes. C\u2019est pourtant ce que Dennett semble sugg\u00e9rer.<\/p>\n<p class=\"western\" align=\"justify\">Consid\u00e9rons la mani\u00e8re dont Dennett parle des qualia, terme philosophique d\u00e9signant les exp\u00e9riences subjectives. Mes qualia \u00e0 cet instant sont l\u2019odeur du caf\u00e9, le bruit d\u2019un camion qui passe dans la rue, ma perplexit\u00e9 face aux id\u00e9es de Dennett. Dennett note que nous surestimons souvent la pr\u00e9cision objective et le pouvoir causal de nos qualia. C\u2019est vrai.<\/p>\n<p class=\"western\" align=\"justify\">Mais il conclut, bizarrement, que les qualia sont des fictions, \u00ab\u00a0un artefact d\u2019une mauvaise th\u00e9orisation\u00a0\u00bb. Si nous n\u2019avons pas de qualia, alors nous sommes des \u00ab\u00a0zombies\u00a0\u00bb, des cr\u00e9atures qui ressemblent \u00e0 des humains, voire se comportent comme tels, mais qui n\u2019ont pas de vie int\u00e9rieure et subjective. Imaginant un lecteur qui insiste sur le fait qu\u2019il n\u2019est pas un zombie, Dennett \u00e9crit\u00a0:<\/p>\n<p class=\"western\" align=\"justify\">\u00ab\u00a0<i>Le seul soutien \u00e0 cette conviction [que vous n\u2019\u00eates pas un zombie] est la v\u00e9h\u00e9mence de la conviction elle-m\u00eame, et d\u00e8s que vous admettez la possibilit\u00e9 th\u00e9orique qu\u2019il puisse y avoir des zombies, vous devez renoncer \u00e0 votre autorit\u00e9 papale sur votre propre non-<\/i><i>appartenance-aux-<\/i><i>zombie<\/i><i>s<\/i>\u00a0\u00bb.<\/p>\n<p class=\"western\" align=\"justify\">Vous pensez \u00eatre conscient\u00a0? R\u00e9fl\u00e9chissez encore.<\/p>\n<p class=\"western\" align=\"justify\">Dennett est contrari\u00e9 lorsque ses d\u00e9tracteurs l\u2019accusent de dire que \u00ab\u00a0la conscience n\u2019existe pas\u00a0\u00bb, et pour \u00eatre juste, il ne l\u2019affirme jamais cat\u00e9goriquement. Son point de vue semble plut\u00f4t \u00eatre que la conscience est si insignifiante, surtout compar\u00e9e aux notions exalt\u00e9es que nous en avons, qu\u2019elle <i>pourrait tout aussi bien ne pas exister<\/i>.<\/p>\n<p class=\"western\" align=\"justify\">Lorsque je rencontre une croyance d\u00e9concertante, il arrive un moment o\u00f9 j\u2019arr\u00eate d\u2019essayer de comprendre la croyance et o\u00f9 je me concentre sur le croyant. Quel est le motif\u00a0? Pourquoi Dennett d\u00e9penserait-il autant d\u2019\u00e9nergie \u00e0 d\u00e9fendre une position aussi absurde\u00a0?<\/p>\n<p class=\"western\" align=\"justify\">Comme beaucoup de philosophes, Dennett semble clairement prendre plaisir \u00e0 d\u00e9fendre des positions qui d\u00e9fient le sens commun. Mais son principal objectif est de d\u00e9fendre la science contre la religion et d\u2019autres syst\u00e8mes de croyances irrationnels. Ath\u00e9e d\u00e9clar\u00e9, Dennett craint que le cr\u00e9ationnisme et d\u2019autres absurdit\u00e9s superstitieuses ne perdurent tant que des myst\u00e8res subsistent. Il insiste donc sur le fait que la science peut d\u00e9m\u00ealer les \u00e9nigmes les plus complexes, y compris l\u2019origine de la vie (qu\u2019il affirme que les r\u00e9centes \u00ab\u00a0perc\u00e9es\u00a0\u00bb contribuent \u00e0 r\u00e9soudre) et la conscience.<\/p>\n<p class=\"western\" align=\"justify\">Dennett accuse de mauvaise foi ceux qui remettent en cause le pouvoir de la science\u00a0; ces sceptiques ne veulent pas que leurs \u00ab\u00a0myst\u00e8res bien-aim\u00e9s\u00a0\u00bb soient expliqu\u00e9s. Dennett ne peut accepter que quelqu\u2019un puisse avoir des raisons l\u00e9gitimes et rationnelles de s\u2019opposer \u00e0 sa vision r\u00e9ductionniste.<\/p>\n<p class=\"western\" align=\"justify\">Certes, certaines personnes ont un attachement malsain aux myst\u00e8res, mais Dennett a une aversion malsaine pour eux, ce qui l\u2019oblige \u00e0 d\u00e9fendre des positions insoutenables. Sa croyance que la conscience est une illusion est plus farfelue que la croyance en l\u2019existence de Dieu. La science a de vrais ennemis \u2014 certains en position de grand pouvoir \u2014 mais Dennett ne rend pas service \u00e0 la science en la d\u00e9fendant de mani\u00e8re aussi agressive.<\/p>\n<p class=\"western\" align=\"justify\">Permettez-moi n\u00e9anmoins de conclure en remerciant Dennett. Que nous soyons d\u2019accord ou non avec lui, je le trouve toujours provocateur et divertissant. Et lorsqu\u2019il argumente passionn\u00e9ment, brillamment, contre la conscience, il ne d\u00e9montre pas seulement \u00e0 quel point il est hyperconscient\u00a0; il r\u00e9veille \u00e9galement le reste d\u2019entre nous de notre l\u00e9thargie de zombie et nous rend plus conscients. Appelons cela le paradoxe de Dennett.<\/p>\n<p class=\"western\" align=\"justify\"><i><b>Pour en savoir plus\u00a0:<\/b><\/i><\/p>\n<p class=\"western\" align=\"justify\">Ma r\u00e9cente <a href=\"https:\/\/johnhorgan.org\/books\/my-quantum-experiment\/introduction\" target=\"_blank\" rel=\"noopener\">exp\u00e9rience quantique<\/a> m\u2019a rendu plus sympathique la notion de \u00ab\u00a0<a href=\"https:\/\/johnhorgan.org\/books\/my-quantum-experiment\/chapter-five\" target=\"_blank\" rel=\"noopener\">comp\u00e9tence sans compr\u00e9hension<\/a>\u00a0\u00bb de Dennett. Voir aussi mon <a href=\"https:\/\/johnhorgan.org\/books\/mind-body-problems\/chapter-two\" target=\"_blank\" rel=\"noopener\">profil de Douglas Hofstadter<\/a>, qui partage les vues de Dennett sur l\u2019esprit, dans mon livre <a href=\"https:\/\/johnhorgan.org\/books\/mind-body-problems\" target=\"_blank\" rel=\"noopener\"><i>Mind-Body Problems<\/i><\/a>. Et voici quelques chroniques hant\u00e9es par le fant\u00f4me de Dennett\u00a0:<\/p>\n<p class=\"western\" align=\"justify\"><a href=\"https:\/\/www.revue3emillenaire.com\/blog\/libre-arbitre-ou-determinisme-par-w-briggs-et-j-horagn\/\" target=\"_blank\" rel=\"noopener\">Le libre arbitre et le paradoxe de Sapolsky<\/a><\/p>\n<p class=\"western\" align=\"justify\"><a href=\"https:\/\/johnhorgan.org\/cross-check\/quantum-mechanics-the-chinese-room-and-the-limits-of-understanding\" target=\"_blank\" rel=\"noopener\">Quantum Mechanics, the Chinese Room and the Limits of Understanding<\/a> (M\u00e9canique quantique, chambre chinoise et limites de la compr\u00e9hension)<\/p>\n<p class=\"western\" align=\"justify\"><a href=\"https:\/\/johnhorgan.org\/cross-check\/the-dark-matter-inside-our-heads\" target=\"_blank\" rel=\"noopener\">The Dark Matter Inside Our Heads<\/a> (La mati\u00e8re noire dans nos t\u00eates)<\/p>\n<p class=\"western\" align=\"justify\"><a href=\"https:\/\/johnhorgan.org\/cross-check\/the-solipsism-problem\" target=\"_blank\" rel=\"noopener\">The Solipsism Problem<\/a> (Le probl\u00e8me du solipsisme)<\/p>\n<p class=\"western\" align=\"justify\"><a href=\"https:\/\/johnhorgan.org\/cross-check\/the-delusion-of-scientific-omniscience\" target=\"_blank\" rel=\"noopener\">The Delusion of Scientific Omniscience<\/a> (L\u2019illusion de l\u2019omniscience scientifique)<\/p>\n<p class=\"western\" align=\"justify\"><a href=\"https:\/\/johnhorgan.org\/cross-check\/drawing-a-pen-with-the-same-pen-and-other-strange-loops\" target=\"_blank\" rel=\"noopener\">Drawing a Pen with the Same Pen and Other Strange Loops<\/a> (Dessiner un stylo avec le m\u00eame stylo et autres boucles \u00e9tranges)<\/p>\n<p class=\"western\" align=\"justify\"><a href=\"https:\/\/johnhorgan.org\/cross-check\/the-brouhaha-over-consciousness-and-pseudoscience\" target=\"_blank\" rel=\"noopener\">The Brouhaha Over Consciousness and \u201cPseudoscience\u201d<\/a> (Le brouhaha autour de la conscience et de la \u00ab\u00a0pseudoscience\u00a0\u00bb)<\/p>\n<p class=\"western\" align=\"justify\">Texte original\u00a0: <span style=\"color: #000080;\"><u><a href=\"https:\/\/johnhorgan.org\/cross-check\/consciousness-and-the-dennett-paradox\" target=\"_blank\" rel=\"noopener\">https:\/\/johnhorgan.org\/cross-check\/consciousness-and-the-dennett-paradox<\/a><\/u><\/span><\/p>\n","protected":false},"excerpt":{"rendered":"<p>Traduction libre Daniel Dennett est d\u00e9c\u00e9d\u00e9 le 19\u00a0avril 2024. Lorsqu\u2019il affirme que nous surestimons la conscience, il d\u00e9montre, paradoxalement, \u00e0 quel point il est conscient, et il rend son public plus conscient. Ce \u00ab\u00a0paradoxe de Dennett\u00a0\u00bb est une copie et un corollaire du paradoxe de Sapolsky. J\u2019ai trouv\u00e9 cette photo de Dennett sur Wikip\u00e9dia. La [&hellip;]<\/p>\n","protected":false},"author":2,"featured_media":19571,"comment_status":"closed","ping_status":"closed","sticky":false,"template":"","format":"standard","meta":{"footnotes":""},"categories":[1540,1788],"tags":[37,1877,298,99],"class_list":["post-19901","post","type-post","status-publish","format-standard","has-post-thumbnail","hentry","category-actualite","category-horgan-john","tag-conscience","tag-daniel-dennett","tag-materialisme","tag-science"],"yoast_head":"<!-- This site is optimized with the Yoast SEO plugin v27.0 - https:\/\/yoast.com\/product\/yoast-seo-wordpress\/ -->\n<title>La conscience et le paradoxe de Dennett par John Horgan - 3e mill\u00e9naire - Spiritualit\u00e9 - Connaissance de soi - Non-dualit\u00e9 - M\u00e9ditation<\/title>\n<meta name=\"robots\" content=\"index, follow, max-snippet:-1, max-image-preview:large, max-video-preview:-1\" \/>\n<link rel=\"canonical\" href=\"https:\/\/www.revue3emillenaire.com\/blog\/19901-2\/\" \/>\n<meta property=\"og:locale\" content=\"fr_FR\" \/>\n<meta property=\"og:type\" content=\"article\" \/>\n<meta property=\"og:title\" content=\"La conscience et le paradoxe de Dennett par John Horgan - 3e mill\u00e9naire - Spiritualit\u00e9 - Connaissance de soi - Non-dualit\u00e9 - M\u00e9ditation\" \/>\n<meta property=\"og:description\" content=\"Traduction libre Daniel Dennett est d\u00e9c\u00e9d\u00e9 le 19\u00a0avril 2024. Lorsqu\u2019il affirme que nous surestimons la conscience, il d\u00e9montre, paradoxalement, \u00e0 quel point il est conscient, et il rend son public plus conscient. Ce \u00ab\u00a0paradoxe de Dennett\u00a0\u00bb est une copie et un corollaire du paradoxe de Sapolsky. J\u2019ai trouv\u00e9 cette photo de Dennett sur Wikip\u00e9dia. La [&hellip;]\" \/>\n<meta property=\"og:url\" content=\"https:\/\/www.revue3emillenaire.com\/blog\/19901-2\/\" \/>\n<meta property=\"og:site_name\" content=\"3e mill\u00e9naire - Spiritualit\u00e9 - Connaissance de soi - Non-dualit\u00e9 - M\u00e9ditation\" \/>\n<meta property=\"article:published_time\" content=\"2024-04-20T17:04:15+00:00\" \/>\n<meta property=\"article:modified_time\" content=\"2024-04-20T17:06:00+00:00\" \/>\n<meta property=\"og:image\" content=\"https:\/\/www.revue3emillenaire.com\/blog\/wp-content\/uploads\/2023\/10\/John-Horgan.jpg\" \/>\n\t<meta property=\"og:image:width\" content=\"450\" \/>\n\t<meta property=\"og:image:height\" content=\"506\" \/>\n\t<meta property=\"og:image:type\" content=\"image\/jpeg\" \/>\n<meta name=\"author\" content=\"3e mill\u00e9naire\" \/>\n<meta name=\"twitter:card\" content=\"summary_large_image\" \/>\n<meta name=\"twitter:label1\" content=\"\u00c9crit par\" \/>\n\t<meta name=\"twitter:data1\" content=\"3e mill\u00e9naire\" \/>\n\t<meta name=\"twitter:label2\" content=\"Dur\u00e9e de lecture estim\u00e9e\" \/>\n\t<meta name=\"twitter:data2\" content=\"9 minutes\" \/>\n<script type=\"application\/ld+json\" class=\"yoast-schema-graph\">{\"@context\":\"https:\/\/schema.org\",\"@graph\":[{\"@type\":\"Article\",\"@id\":\"https:\/\/www.revue3emillenaire.com\/blog\/19901-2\/#article\",\"isPartOf\":{\"@id\":\"https:\/\/www.revue3emillenaire.com\/blog\/19901-2\/\"},\"author\":{\"name\":\"3e mill\u00e9naire\",\"@id\":\"https:\/\/www.revue3emillenaire.com\/blog\/#\/schema\/person\/b692dacff720a5344a6190bc714397eb\"},\"headline\":\"La conscience et le paradoxe de Dennett par John Horgan\",\"datePublished\":\"2024-04-20T17:04:15+00:00\",\"dateModified\":\"2024-04-20T17:06:00+00:00\",\"mainEntityOfPage\":{\"@id\":\"https:\/\/www.revue3emillenaire.com\/blog\/19901-2\/\"},\"wordCount\":1843,\"image\":{\"@id\":\"https:\/\/www.revue3emillenaire.com\/blog\/19901-2\/#primaryimage\"},\"thumbnailUrl\":\"https:\/\/www.revue3emillenaire.com\/blog\/wp-content\/uploads\/2023\/10\/John-Horgan.jpg\",\"keywords\":[\"Conscience\",\"Daniel Dennett\",\"mat\u00e9rialisme\",\"Science\"],\"articleSection\":[\"Actualit\u00e9s\",\"Horgan John\"],\"inLanguage\":\"fr-FR\"},{\"@type\":\"WebPage\",\"@id\":\"https:\/\/www.revue3emillenaire.com\/blog\/19901-2\/\",\"url\":\"https:\/\/www.revue3emillenaire.com\/blog\/19901-2\/\",\"name\":\"La conscience et le paradoxe de Dennett par John Horgan - 3e mill\u00e9naire - Spiritualit\u00e9 - Connaissance de soi - Non-dualit\u00e9 - M\u00e9ditation\",\"isPartOf\":{\"@id\":\"https:\/\/www.revue3emillenaire.com\/blog\/#website\"},\"primaryImageOfPage\":{\"@id\":\"https:\/\/www.revue3emillenaire.com\/blog\/19901-2\/#primaryimage\"},\"image\":{\"@id\":\"https:\/\/www.revue3emillenaire.com\/blog\/19901-2\/#primaryimage\"},\"thumbnailUrl\":\"https:\/\/www.revue3emillenaire.com\/blog\/wp-content\/uploads\/2023\/10\/John-Horgan.jpg\",\"datePublished\":\"2024-04-20T17:04:15+00:00\",\"dateModified\":\"2024-04-20T17:06:00+00:00\",\"author\":{\"@id\":\"https:\/\/www.revue3emillenaire.com\/blog\/#\/schema\/person\/b692dacff720a5344a6190bc714397eb\"},\"breadcrumb\":{\"@id\":\"https:\/\/www.revue3emillenaire.com\/blog\/19901-2\/#breadcrumb\"},\"inLanguage\":\"fr-FR\",\"potentialAction\":[{\"@type\":\"ReadAction\",\"target\":[\"https:\/\/www.revue3emillenaire.com\/blog\/19901-2\/\"]}]},{\"@type\":\"ImageObject\",\"inLanguage\":\"fr-FR\",\"@id\":\"https:\/\/www.revue3emillenaire.com\/blog\/19901-2\/#primaryimage\",\"url\":\"https:\/\/www.revue3emillenaire.com\/blog\/wp-content\/uploads\/2023\/10\/John-Horgan.jpg\",\"contentUrl\":\"https:\/\/www.revue3emillenaire.com\/blog\/wp-content\/uploads\/2023\/10\/John-Horgan.jpg\",\"width\":450,\"height\":506},{\"@type\":\"BreadcrumbList\",\"@id\":\"https:\/\/www.revue3emillenaire.com\/blog\/19901-2\/#breadcrumb\",\"itemListElement\":[{\"@type\":\"ListItem\",\"position\":1,\"name\":\"Accueil\",\"item\":\"https:\/\/www.revue3emillenaire.com\/blog\/\"},{\"@type\":\"ListItem\",\"position\":2,\"name\":\"La conscience et le paradoxe de Dennett par John Horgan\"}]},{\"@type\":\"WebSite\",\"@id\":\"https:\/\/www.revue3emillenaire.com\/blog\/#website\",\"url\":\"https:\/\/www.revue3emillenaire.com\/blog\/\",\"name\":\"3e mill\u00e9naire - Spiritualit\u00e9 - Connaissance de soi - Non-dualit\u00e9 - M\u00e9ditation\",\"description\":\"L&#039;Homme en devenir\",\"potentialAction\":[{\"@type\":\"SearchAction\",\"target\":{\"@type\":\"EntryPoint\",\"urlTemplate\":\"https:\/\/www.revue3emillenaire.com\/blog\/?s={search_term_string}\"},\"query-input\":{\"@type\":\"PropertyValueSpecification\",\"valueRequired\":true,\"valueName\":\"search_term_string\"}}],\"inLanguage\":\"fr-FR\"},{\"@type\":\"Person\",\"@id\":\"https:\/\/www.revue3emillenaire.com\/blog\/#\/schema\/person\/b692dacff720a5344a6190bc714397eb\",\"name\":\"3e mill\u00e9naire\",\"url\":\"https:\/\/www.revue3emillenaire.com\/blog\/author\/scoussa\/\"}]}<\/script>\n<!-- \/ Yoast SEO plugin. -->","yoast_head_json":{"title":"La conscience et le paradoxe de Dennett par John Horgan - 3e mill\u00e9naire - Spiritualit\u00e9 - Connaissance de soi - Non-dualit\u00e9 - M\u00e9ditation","robots":{"index":"index","follow":"follow","max-snippet":"max-snippet:-1","max-image-preview":"max-image-preview:large","max-video-preview":"max-video-preview:-1"},"canonical":"https:\/\/www.revue3emillenaire.com\/blog\/19901-2\/","og_locale":"fr_FR","og_type":"article","og_title":"La conscience et le paradoxe de Dennett par John Horgan - 3e mill\u00e9naire - Spiritualit\u00e9 - Connaissance de soi - Non-dualit\u00e9 - M\u00e9ditation","og_description":"Traduction libre Daniel Dennett est d\u00e9c\u00e9d\u00e9 le 19\u00a0avril 2024. Lorsqu\u2019il affirme que nous surestimons la conscience, il d\u00e9montre, paradoxalement, \u00e0 quel point il est conscient, et il rend son public plus conscient. Ce \u00ab\u00a0paradoxe de Dennett\u00a0\u00bb est une copie et un corollaire du paradoxe de Sapolsky. J\u2019ai trouv\u00e9 cette photo de Dennett sur Wikip\u00e9dia. La [&hellip;]","og_url":"https:\/\/www.revue3emillenaire.com\/blog\/19901-2\/","og_site_name":"3e mill\u00e9naire - Spiritualit\u00e9 - Connaissance de soi - Non-dualit\u00e9 - M\u00e9ditation","article_published_time":"2024-04-20T17:04:15+00:00","article_modified_time":"2024-04-20T17:06:00+00:00","og_image":[{"width":450,"height":506,"url":"https:\/\/www.revue3emillenaire.com\/blog\/wp-content\/uploads\/2023\/10\/John-Horgan.jpg","type":"image\/jpeg"}],"author":"3e mill\u00e9naire","twitter_card":"summary_large_image","twitter_misc":{"\u00c9crit par":"3e mill\u00e9naire","Dur\u00e9e de lecture estim\u00e9e":"9 minutes"},"schema":{"@context":"https:\/\/schema.org","@graph":[{"@type":"Article","@id":"https:\/\/www.revue3emillenaire.com\/blog\/19901-2\/#article","isPartOf":{"@id":"https:\/\/www.revue3emillenaire.com\/blog\/19901-2\/"},"author":{"name":"3e mill\u00e9naire","@id":"https:\/\/www.revue3emillenaire.com\/blog\/#\/schema\/person\/b692dacff720a5344a6190bc714397eb"},"headline":"La conscience et le paradoxe de Dennett par John Horgan","datePublished":"2024-04-20T17:04:15+00:00","dateModified":"2024-04-20T17:06:00+00:00","mainEntityOfPage":{"@id":"https:\/\/www.revue3emillenaire.com\/blog\/19901-2\/"},"wordCount":1843,"image":{"@id":"https:\/\/www.revue3emillenaire.com\/blog\/19901-2\/#primaryimage"},"thumbnailUrl":"https:\/\/www.revue3emillenaire.com\/blog\/wp-content\/uploads\/2023\/10\/John-Horgan.jpg","keywords":["Conscience","Daniel Dennett","mat\u00e9rialisme","Science"],"articleSection":["Actualit\u00e9s","Horgan John"],"inLanguage":"fr-FR"},{"@type":"WebPage","@id":"https:\/\/www.revue3emillenaire.com\/blog\/19901-2\/","url":"https:\/\/www.revue3emillenaire.com\/blog\/19901-2\/","name":"La conscience et le paradoxe de Dennett par John Horgan - 3e mill\u00e9naire - Spiritualit\u00e9 - Connaissance de soi - Non-dualit\u00e9 - M\u00e9ditation","isPartOf":{"@id":"https:\/\/www.revue3emillenaire.com\/blog\/#website"},"primaryImageOfPage":{"@id":"https:\/\/www.revue3emillenaire.com\/blog\/19901-2\/#primaryimage"},"image":{"@id":"https:\/\/www.revue3emillenaire.com\/blog\/19901-2\/#primaryimage"},"thumbnailUrl":"https:\/\/www.revue3emillenaire.com\/blog\/wp-content\/uploads\/2023\/10\/John-Horgan.jpg","datePublished":"2024-04-20T17:04:15+00:00","dateModified":"2024-04-20T17:06:00+00:00","author":{"@id":"https:\/\/www.revue3emillenaire.com\/blog\/#\/schema\/person\/b692dacff720a5344a6190bc714397eb"},"breadcrumb":{"@id":"https:\/\/www.revue3emillenaire.com\/blog\/19901-2\/#breadcrumb"},"inLanguage":"fr-FR","potentialAction":[{"@type":"ReadAction","target":["https:\/\/www.revue3emillenaire.com\/blog\/19901-2\/"]}]},{"@type":"ImageObject","inLanguage":"fr-FR","@id":"https:\/\/www.revue3emillenaire.com\/blog\/19901-2\/#primaryimage","url":"https:\/\/www.revue3emillenaire.com\/blog\/wp-content\/uploads\/2023\/10\/John-Horgan.jpg","contentUrl":"https:\/\/www.revue3emillenaire.com\/blog\/wp-content\/uploads\/2023\/10\/John-Horgan.jpg","width":450,"height":506},{"@type":"BreadcrumbList","@id":"https:\/\/www.revue3emillenaire.com\/blog\/19901-2\/#breadcrumb","itemListElement":[{"@type":"ListItem","position":1,"name":"Accueil","item":"https:\/\/www.revue3emillenaire.com\/blog\/"},{"@type":"ListItem","position":2,"name":"La conscience et le paradoxe de Dennett par John Horgan"}]},{"@type":"WebSite","@id":"https:\/\/www.revue3emillenaire.com\/blog\/#website","url":"https:\/\/www.revue3emillenaire.com\/blog\/","name":"3e mill\u00e9naire - Spiritualit\u00e9 - Connaissance de soi - Non-dualit\u00e9 - M\u00e9ditation","description":"L&#039;Homme en devenir","potentialAction":[{"@type":"SearchAction","target":{"@type":"EntryPoint","urlTemplate":"https:\/\/www.revue3emillenaire.com\/blog\/?s={search_term_string}"},"query-input":{"@type":"PropertyValueSpecification","valueRequired":true,"valueName":"search_term_string"}}],"inLanguage":"fr-FR"},{"@type":"Person","@id":"https:\/\/www.revue3emillenaire.com\/blog\/#\/schema\/person\/b692dacff720a5344a6190bc714397eb","name":"3e mill\u00e9naire","url":"https:\/\/www.revue3emillenaire.com\/blog\/author\/scoussa\/"}]}},"_links":{"self":[{"href":"https:\/\/www.revue3emillenaire.com\/blog\/wp-json\/wp\/v2\/posts\/19901","targetHints":{"allow":["GET"]}}],"collection":[{"href":"https:\/\/www.revue3emillenaire.com\/blog\/wp-json\/wp\/v2\/posts"}],"about":[{"href":"https:\/\/www.revue3emillenaire.com\/blog\/wp-json\/wp\/v2\/types\/post"}],"author":[{"embeddable":true,"href":"https:\/\/www.revue3emillenaire.com\/blog\/wp-json\/wp\/v2\/users\/2"}],"replies":[{"embeddable":true,"href":"https:\/\/www.revue3emillenaire.com\/blog\/wp-json\/wp\/v2\/comments?post=19901"}],"version-history":[{"count":0,"href":"https:\/\/www.revue3emillenaire.com\/blog\/wp-json\/wp\/v2\/posts\/19901\/revisions"}],"wp:featuredmedia":[{"embeddable":true,"href":"https:\/\/www.revue3emillenaire.com\/blog\/wp-json\/wp\/v2\/media\/19571"}],"wp:attachment":[{"href":"https:\/\/www.revue3emillenaire.com\/blog\/wp-json\/wp\/v2\/media?parent=19901"}],"wp:term":[{"taxonomy":"category","embeddable":true,"href":"https:\/\/www.revue3emillenaire.com\/blog\/wp-json\/wp\/v2\/categories?post=19901"},{"taxonomy":"post_tag","embeddable":true,"href":"https:\/\/www.revue3emillenaire.com\/blog\/wp-json\/wp\/v2\/tags?post=19901"}],"curies":[{"name":"wp","href":"https:\/\/api.w.org\/{rel}","templated":true}]}}