{"id":19917,"date":"2024-05-01T15:53:04","date_gmt":"2024-05-01T14:53:04","guid":{"rendered":"https:\/\/www.revue3emillenaire.com\/blog\/?p=19917"},"modified":"2024-05-01T15:54:32","modified_gmt":"2024-05-01T14:54:32","slug":"international-dark-sky-association-vs-fcc-et-spacex-par-arthur-firstenberg","status":"publish","type":"post","link":"https:\/\/www.revue3emillenaire.com\/blog\/international-dark-sky-association-vs-fcc-et-spacex-par-arthur-firstenberg\/","title":{"rendered":"International dark sky association vs. FCC et SPACEX par Arthur Firstenberg"},"content":{"rendered":"<p class=\"western\" align=\"justify\">Le 29\u00a0d\u00e9cembre 2022, l\u2019International Dark-Sky Association (IDA) a intent\u00e9 un proc\u00e8s contre la Commission f\u00e9d\u00e9rale des communications (FCC) des \u00c9tats-Unis suite \u00e0 sa d\u00e9cision d\u2019approuver la demande de SpaceX d\u2019ajouter jusqu\u2019\u00e0 30\u00a0000\u00a0satellites en orbite basse, en plus des 12\u00a0000 d\u00e9j\u00e0 approuv\u00e9s et en cours de d\u00e9ploiement dans notre ciel. Il s\u2019agit de l\u2019affaire n\u00b0\u00a022-1337 devant la Cour d\u2019appel des \u00c9tats-Unis pour le Circuit du District de Columbia, et la d\u00e9cision de la cour n\u2019a pas encore \u00e9t\u00e9 rendue.<\/p>\n<p class=\"western\" align=\"justify\">Les photographies \u00e0 longue exposition du ciel prises par les astronomes ressemblent d\u00e9j\u00e0 \u00e0 cela\u00a0:<\/p>\n<p class=\"western\" align=\"justify\"><a href=\"https:\/\/www.revue3emillenaire.com\/blog\/wp-content\/uploads\/2024\/05\/Sky1First.jpg\"><img loading=\"lazy\" decoding=\"async\" class=\"aligncenter size-full wp-image-19918\" src=\"https:\/\/www.revue3emillenaire.com\/blog\/wp-content\/uploads\/2024\/05\/Sky1First.jpg\" alt=\"\" width=\"624\" height=\"350\" srcset=\"https:\/\/www.revue3emillenaire.com\/blog\/wp-content\/uploads\/2024\/05\/Sky1First.jpg 624w, https:\/\/www.revue3emillenaire.com\/blog\/wp-content\/uploads\/2024\/05\/Sky1First-300x168.jpg 300w\" sizes=\"auto, (max-width: 624px) 100vw, 624px\" \/><\/a><\/p>\n<p class=\"western\" align=\"justify\">La photo ci-dessus a \u00e9t\u00e9 prise par un astronome amateur dans une zone suburbaine en Australie occidentale. Les traces circulaires sont des \u00e9toiles. Les traces droites beaucoup plus lumineuses sont toutes des satellites, \u00e0 l\u2019exception d\u2019une trace qui est un m\u00e9t\u00e9ore.<\/p>\n<p class=\"western\" align=\"justify\">Ci-dessous, une exposition de 77\u00a0minutes prise par l\u2019astronome Dave Thanatos \u00e0 Salisbury, en Angleterre. Dans cet endroit plus sombre, les traces circulaires des \u00e9toiles sont plus lumineuses que les traces droites des m\u00e9t\u00e9ores et des satellites qui, eux, remplissent tout le cadre de la photographie. Il n\u2019y a que 10\u00a0m\u00e9t\u00e9ores dans cette image. Toutes les autres traces droites sont des satellites. Et comme l\u2019a dit l\u2019astronome \u00e9cossais Andy Lawrence, auteur principal de \u00ab\u00a0<span style=\"color: #000080;\"><u><a href=\"https:\/\/www.nature.com\/articles\/s41550-022-01655-6\" target=\"_blank\" rel=\"noopener\"><i>The Case for Space Environmentalism<\/i><\/a><\/u><\/span> (<i>Le Plaidoyer pour l\u2019Environnement Spatial<\/i>)\u00a0\u00bb, \u00ab\u00a0Bonne chance pour faire la diff\u00e9rence\u00a0!\u00a0\u00bb<\/p>\n<p class=\"western\" align=\"justify\"><a href=\"https:\/\/www.revue3emillenaire.com\/blog\/wp-content\/uploads\/2024\/05\/Sky2First.jpg\"><img loading=\"lazy\" decoding=\"async\" class=\"aligncenter size-full wp-image-19919\" src=\"https:\/\/www.revue3emillenaire.com\/blog\/wp-content\/uploads\/2024\/05\/Sky2First.jpg\" alt=\"\" width=\"622\" height=\"351\" srcset=\"https:\/\/www.revue3emillenaire.com\/blog\/wp-content\/uploads\/2024\/05\/Sky2First.jpg 622w, https:\/\/www.revue3emillenaire.com\/blog\/wp-content\/uploads\/2024\/05\/Sky2First-300x169.jpg 300w\" sizes=\"auto, (max-width: 622px) 100vw, 622px\" \/><\/a><\/p>\n<p class=\"western\" align=\"justify\">La physicienne des plasmas am\u00e9ricaine Sierra Solter a <span style=\"color: #000080;\"><u><a href=\"https:\/\/licensing.fcc.gov\/myibfs\/download.do?attachment_key=17223235\" target=\"_blank\" rel=\"noopener\">implor\u00e9 la FCC<\/a><\/u><\/span> de \u00ab\u00a0sauver notre ciel nocturne\u2026 S\u2019il vous pla\u00eet, s\u2019il vous pla\u00eet, ne m\u2019enlevez pas mes \u00e9toiles. Ressentir que mon lieu de confort et de calme \u2014 un ciel \u00e9toil\u00e9 \u2014 est en train de m\u2019\u00eatre enlev\u00e9 pour le donner \u00e0 des milliardaires est suffocant\u00a0\u00bb.<\/p>\n<p class=\"western\" align=\"justify\">Le 18\u00a0d\u00e9cembre 2023, Mme\u00a0Solter a publi\u00e9 <span style=\"color: #000080;\"><u><a href=\"https:\/\/arxiv.org\/pdf\/2312.09329\" target=\"_blank\" rel=\"noopener\">un article scientifique<\/a><\/u><\/span> d\u00e9taillant ses craintes pour notre plan\u00e8te. Chacun des 42\u00a0000\u00a0satellites Starlink pr\u00e9vus, a-t-elle \u00e9crit, a une dur\u00e9e de vie de seulement 5\u00a0ans, apr\u00e8s quoi il sera d\u00e9sorbit\u00e9, br\u00fbl\u00e9 dans l\u2019atmosph\u00e8re et remplac\u00e9. Elle a calcul\u00e9 qu\u2019il faudrait br\u00fbler 23\u00a0satellites par jour dans l\u2019atmosph\u00e8re pour toujours \u2014 chacun de la taille d\u2019un v\u00e9hicule utilitaire sport ou d\u2019un camion \u2014, laissant une \u00e9norme quantit\u00e9 de produits chimiques toxiques et de poussi\u00e8res m\u00e9talliques s\u2019accumuler dans l\u2019air que nous respirons et dans l\u2019ionosph\u00e8re.<\/p>\n<p class=\"western\" align=\"justify\">Cela se produit d\u00e9j\u00e0, a-t-elle \u00e9crit, et il faut y mettre un terme si nous tenons \u00e0 nos vies. \u00ab\u00a0Depuis le d\u00e9but de l\u2019industrie spatiale, environ 20\u00a0000\u00a0tonnes de mat\u00e9riaux ont \u00e9t\u00e9 d\u00e9truites lors de la rentr\u00e9e dans l\u2019atmosph\u00e8re\u2026 Cette quantit\u00e9 est plus de 100\u00a0milliards de fois sup\u00e9rieure \u00e0 la masse des ceintures de Van Allen\u00a0\u00bb. Elle a estim\u00e9 que si 42\u00a0000\u00a0satellites Starlink sont d\u00e9ploy\u00e9s et r\u00e9guli\u00e8rement d\u00e9truits \u2014 sans parler des 1\u00a0000\u00a0000 de satellites pr\u00e9vus par d\u2019autres entreprises et gouvernements \u2014 \u00ab\u00a0\u00e0 chaque seconde, l\u2019industrie spatiale ajoute dans l\u2019ionosph\u00e8re environ 2\u00a0000\u00a0fois plus de mat\u00e9riaux conducteurs que la masse des ceintures de Van Allen\u00a0\u00bb.<\/p>\n<p class=\"western\" align=\"justify\">\u00ab\u00a0Contrairement aux m\u00e9t\u00e9orites, qui sont petites et ne contiennent que des traces d\u2019aluminium, ces \u00e9paves de vaisseaux spatiaux sont \u00e9normes et enti\u00e8rement constitu\u00e9es d\u2019aluminium et d\u2019autres mat\u00e9riaux exotiques hautement conducteurs\u00a0\u00bb, a-t-elle expliqu\u00e9 dans un <span style=\"color: #000080;\"><u><a href=\"https:\/\/www.theguardian.com\/commentisfree\/2024\/apr\/16\/dead-satellite-space-earth-magnetic-field\" target=\"_blank\" rel=\"noopener\">article paru le 16\u00a0avril 2024<\/a><\/u><\/span> dans The Guardian.<\/p>\n<p class=\"western\" align=\"justify\">Une grande partie de la poussi\u00e8re m\u00e9tallique se d\u00e9posera dans l\u2019ionosph\u00e8re, o\u00f9 elle pourrait agir comme un bouclier magn\u00e9tique, r\u00e9duisant l\u2019ampleur du champ magn\u00e9tique terrestre dans l\u2019espace. Si cela se produit, l\u2019atmosph\u00e8re elle-m\u00eame pourrait finir par \u00eatre d\u00e9truite, car le champ magn\u00e9tique terrestre \u2014 la magn\u00e9tosph\u00e8re \u2014 est ce qui d\u00e9vie le vent solaire et l\u2019emp\u00eache de d\u00e9caper l\u2019atmosph\u00e8re terrestre, comme elle l\u2019a expliqu\u00e9 \u00e0 Teresa Pulterova lors d\u2019une <span style=\"color: #000080;\"><u><a href=\"https:\/\/www.space.com\/satellites-re-entering-magnetosphere-effects-study\" target=\"_blank\" rel=\"noopener\">interview<\/a><\/u><\/span> sur Space.com.<\/p>\n<p class=\"western\" align=\"justify\">Parmi les autres astronomes impliqu\u00e9s dans le litige devant la FCC et maintenant devant la Cour d\u2019appel, citons Meredith Rawls, de l\u2019Observatoire Vera C. Rubin au Chili\u00a0; Gary Hunt de\u00a0Action Against Satellite Light Pollution au Royaume-Uni\u00a0; Samantha Lawler de l\u2019Universit\u00e9 de Regina au Canada\u00a0; Graeme Cuffy de Port of Spain, Trinit\u00e9-et-Tobago\u00a0; Mark Phillips, pr\u00e9sident de l&rsquo;Astronomical Society of Edinburgh ; Roberto Trotta de l\u2019Imperial Centre for Inference and Cosmology \u00e0 Londres\u00a0; Carrie Nugent, professeur associ\u00e9 de physique computationnelle et de science plan\u00e9taire \u00e0 l\u2019Olin College of Engineering dans le Massachusetts\u00a0; et Cameron Nelson de\u00a0Tenzing Startup Consultants en Virginie.<\/p>\n<p class=\"western\" align=\"justify\">D\u2019autres probl\u00e8mes sont \u00e9galement mentionn\u00e9s dans l\u2019appel. Par exemple, l\u2019aluminium br\u00fbl\u00e9 produit de l\u2019oxyde d\u2019aluminium, qui d\u00e9truit la couche d\u2019ozone et contribue au changement climatique. Il en va de m\u00eame pour la vapeur d\u2019eau, la suie et les oxydes d\u2019azote contenus dans les gaz d\u2019\u00e9chappement des fus\u00e9es.<\/p>\n<p class=\"western\" align=\"justify\">Cameron Nelson a d\u00e9clar\u00e9 \u00e0 la FCC que \u00ab\u00a0les humains, sans parler de toutes les autres formes de vie animale et v\u00e9g\u00e9tale, n\u2019ont pas donn\u00e9 leur consentement pour que SpaceX envoie les signaux qu\u2019elle propose dans nos corps et nous modifie irr\u00e9vocablement\u00a0\u00bb.<\/p>\n<p class=\"western\" align=\"justify\">Le BroadBand International Legal Action Network (BBILAN\u00a0; R\u00e9seau d\u2019Action L\u00e9gale Internationale pour le Haut D\u00e9bit) a mentionn\u00e9 les \u00ab\u00a0radiations RF\/EMF des stations de base et des stations terrestres li\u00e9es\u00a0\u00bb dans des commentaires envoy\u00e9s \u00e0 la FCC. Les stations terrestres Starlink, \u00e9galement appel\u00e9es Gateways, sont beaucoup plus puissantes que les antennes paraboliques Starlink que les gens installent sur leur maison. Les 2,6\u00a0millions d\u2019antennes paraboliques Starlink (en date de mars 2024) envoient chacune un signal au r\u00e9seau mobile de satellites qui les surplombe. Tout ce trafic est coordonn\u00e9 dans l\u2019espace par des milliers de lasers reliant les satellites les uns aux autres, et au sol par des passerelles (Gateways) qui relaient les milliers de signaux dans une vaste zone g\u00e9ographique \u00e0 destination et en provenance des satellites. Voici \u00e0 quoi ressemble une passerelle dot\u00e9e de 5\u00a0antennes (\u00ab\u00a0radomes\u00a0\u00bb)\u00a0:<\/p>\n<p class=\"western\" align=\"justify\"><a href=\"https:\/\/www.revue3emillenaire.com\/blog\/wp-content\/uploads\/2024\/05\/Sky3First.jpg\"><img loading=\"lazy\" decoding=\"async\" class=\"aligncenter size-full wp-image-19920\" src=\"https:\/\/www.revue3emillenaire.com\/blog\/wp-content\/uploads\/2024\/05\/Sky3First.jpg\" alt=\"\" width=\"528\" height=\"293\" srcset=\"https:\/\/www.revue3emillenaire.com\/blog\/wp-content\/uploads\/2024\/05\/Sky3First.jpg 528w, https:\/\/www.revue3emillenaire.com\/blog\/wp-content\/uploads\/2024\/05\/Sky3First-300x166.jpg 300w\" sizes=\"auto, (max-width: 528px) 100vw, 528px\" \/><\/a><br clear=\"left\" \/>Certaines passerelles ont jusqu\u2019\u00e0 40\u00a0rad\u00f4mes. Chacun de ces d\u00f4mes p\u00e8se 1\u00a0750\u00a0kilogrammes. Chacun d\u2019entre eux dirige un faisceau \u00e9troit vers les satellites en mouvement. Selon les documents d\u00e9pos\u00e9s par SpaceX aupr\u00e8s de la FCC, chaque faisceau peut avoir une puissance rayonn\u00e9e effective de plus de 1\u00a0000\u00a0000\u00a0watts, qu\u2019il peut diriger aussi bas que 25\u00a0degr\u00e9s au-dessus de l\u2019horizon. Si vous \u00eates un oiseau, vous ne voulez pas voler \u00e0 proximit\u00e9 d\u2019une passerelle Starlink. Et si vous \u00eates un \u00eatre humain, vous ne voulez pas non plus vivre \u00e0 proximit\u00e9. Lorsqu\u2019un satellite dirige son faisceau contenant des milliers de signaux vers une passerelle, ce faisceau a un diam\u00e8tre d\u2019environ 10\u00a0miles lorsqu\u2019il atteint la Terre.<\/p>\n<p class=\"western\" align=\"justify\">Robin est une abonn\u00e9e qui vit dans une r\u00e9gion isol\u00e9e de l\u2019Idaho, \u00e0 moins de 3\u00a0miles de la passerelle Starlink \u00e0 Colburn. Elle \u00e9crit au sujet des effets sur sa famille et ses animaux \u2014 effets qui disparaissent lorsqu\u2019ils se trouvent dans leur autre maison dans le Montana, o\u00f9 ils sont entour\u00e9s de for\u00eats nationales. Les effets sur ses pintades sont similaires \u00e0 ceux que j\u2019ai d\u00e9crits dans ma derni\u00e8re lettre d\u2019information\u00a0:<\/p>\n<p class=\"western\" style=\"padding-left: 80px;\" align=\"justify\"><i>Nos pintades font un bruit \u00e9trange en se d\u00e9pla\u00e7ant en cercle. Cela ne se produit qu\u2019en Idaho, o\u00f9 nous vivons \u00e0 moins de 3\u00a0miles d\u2019une station terrestre de SpaceX. Nous ne voyons jamais ce ph\u00e9nom\u00e8ne dans le Montana.<\/i><\/p>\n<p class=\"western\" style=\"padding-left: 80px;\" align=\"justify\"><i>Nous avons \u00e9galement eu deux port\u00e9es distinctes de chiots chihuahua. Les deux port\u00e9es pr\u00e9sentaient des d\u00e9fauts, ont perdu un chiot et \u00e9taient de taille plus petite.<\/i> <i>La m\u00eame chose s\u2019est produite avec notre chat, une petite port\u00e9e, des malformations \u00e0 la naissance et la perte d\u2019un chaton. Il y a eu un incendie l\u2019ann\u00e9e derni\u00e8re et nous avons \u00e9t\u00e9 contraints de retourner dans l\u2019Idaho et nous faisons TOUS LES EFFORTS pour nous \u00e9loigner de la passerelle et des antennes paraboliques Starlink de nos voisins aussi vite que possible. Ma sant\u00e9 est pr\u00e9occupante ici, mais lorsque je rentre dans le Montana, je suis compl\u00e8tement r\u00e9tablie, tout comme mon mari et mon fils. Dans les deux cas, nous vivons en dehors du r\u00e9seau. Pas d\u2019\u00e9lectricit\u00e9, pas d\u2019eau courante, et c\u2019est une honte criante de voir ce qui arrive au monde avec tous ces dispositifs fabriqu\u00e9s par l\u2019homme.<\/i><\/p>\n<p class=\"western\" align=\"justify\">Dans l\u2019Idaho, Robin souffre de vertiges et de naus\u00e9es extr\u00eames, de migraines br\u00fblantes, de douleurs intenses dans la colonne vert\u00e9brale et dans toutes les articulations, de picotements dans les doigts et les orteils, de troubles de la m\u00e9moire, de \u00ab\u00a0douleurs intestinales extr\u00eames et parfois de douleurs lancinantes dans la v\u00e9sicule biliaire et le foie\u00a0\u00bb, de bradycardie, de douleurs dentaires et d\u2019infections des sinus, et de \u00ab\u00a0palpitations cardiaques s\u00e9v\u00e8res au point que je m\u2019essouffle tandis que mon c\u0153ur bat la chamade\u00a0\u00bb. Son mari souffre de douleurs articulaires, des envies fr\u00e9quentes d\u2019uriner pendant la nuit et des maux de t\u00eate. Son fils souffre d\u2019arythmie cardiaque, de douleurs lancinantes dans l\u2019intestin et de brouillard c\u00e9r\u00e9bral. Elle et son mari entendent les radiations. \u00ab\u00a0Nous entendons une sorte de code morse acc\u00e9l\u00e9r\u00e9\u00a0\u00bb, dit-elle. \u00ab\u00a0Lorsque je rentre dans le Montana, je suis compl\u00e8tement r\u00e9tablie, tout comme mon mari et mon fils\u00a0\u00bb.<\/p>\n<p class=\"western\" align=\"justify\">Robin conna\u00eet de nombreuses personnes dans sa r\u00e9gion qui sont touch\u00e9es de la m\u00eame mani\u00e8re. Elle ajoute que \u00ab\u00a0<i>lorsque nous avons emm\u00e9nag\u00e9 ici en 2019, nous avions BEAUCOUP d\u2019oiseaux. Nous avons maintenant un printemps silencieux, c\u2019est comme une zone morte. J\u2019ai entendu\/vu un seul rouge-gorge et une poign\u00e9e d\u2019oiseaux. Nous avions l\u2019habitude de mettre 11\u00a0mangeoires \u00e0 colibris et depuis l\u2019ann\u00e9e derni\u00e8re, nous n\u2019avons besoin que d\u2019une seule. Il y avait pas mal d\u2019ours noirs et quelques grizzlis, mais il n\u2019y a plus qu\u2019un seul grizzli dans les parages<\/i>\u00a0\u00bb.<\/p>\n<p class=\"western\" align=\"justify\">Aux derni\u00e8res nouvelles, 277\u00a0passerelles Starlink \u00e9taient en service ou en construction dans le monde\u00a0: 181 en Am\u00e9rique du Nord et dans les Cara\u00efbes, 26 en Am\u00e9rique du Sud, 2 en Afrique, 26 en Europe et 42 en Asie et dans le Pacifique.<\/p>\n<p class=\"western\" align=\"justify\">La FCC tient \u00e0 jour une page web r\u00e9pertoriant les milliers de permis qu\u2019elle a accord\u00e9s \u00e0 des centaines d\u2019entreprises pour l\u2019exploitation de stations terrestres fixes et mobiles de transmission par satellite aux \u00c9tats-Unis. Certaines de ces stations sont bien plus puissantes que les passerelles Starlink. La station terrestre de SES \u00e0 Bristol, en Virginie, \u00e9met jusqu\u2019\u00e0 1\u00a0900\u00a0000\u00a0000\u00a0watts de puissance rayonn\u00e9e effective, et elle est autoris\u00e9e \u00e0 l\u2019orienter aussi bas que 5\u00a0degr\u00e9s au-dessus de l\u2019horizon. La station terrestre de SES \u00e0 Brewster, Washington, est autoris\u00e9e \u00e0 \u00e9mettre pr\u00e8s de 1\u00a0000\u00a0000\u00a0watts dans la direction r\u00e9elle de l\u2019horizon\u00a0! SES poss\u00e8de O3b mPOWER, le syst\u00e8me satellitaire dont les premiers rad\u00f4mes se trouvaient \u00e0 bord du bateau de croisi\u00e8re Diamond Princess, le navire qui a connu la fameuse \u00e9pid\u00e9mie attribu\u00e9e au COVID-19 au d\u00e9but de la pand\u00e9mie.<\/p>\n<p class=\"western\" align=\"center\">Arthur Firstenberg,<\/p>\n<p class=\"western\" align=\"center\">Pr\u00e9sident <span style=\"color: #000080;\"><u><a href=\"http:\/\/r.mail.cellphonetaskforce.org\/mk\/cl\/f\/sh\/7nVU1aA2nfsTT5wc8WkCGIiEJ1rkafq\/wRbdzIUUnsW4\" target=\"_blank\" rel=\"noopener\">Cellular Phone Task Force<\/a><\/u><\/span><\/p>\n<p class=\"western\" align=\"center\">Auteur, <span style=\"color: #000080;\"><u><a href=\"https:\/\/www.amazon.fr\/LArc-en-ciel-invisible-Lhistoire-l%C3%A9lectricit%C3%A9-vie\/dp\/2940594325?ref_=ast_author_dp\" target=\"_blank\" rel=\"noopener\">L\u2019arc-en-ciel invisible\u00a0: Une histoire de l\u2019\u00e9lectricit\u00e9 et de la vie<\/a><\/u><\/span><\/p>\n","protected":false},"excerpt":{"rendered":"<p>Le 29\u00a0d\u00e9cembre 2022, l\u2019International Dark-Sky Association (IDA) a intent\u00e9 un proc\u00e8s contre la Commission f\u00e9d\u00e9rale des communications (FCC) des \u00c9tats-Unis suite \u00e0 sa d\u00e9cision d\u2019approuver la demande de SpaceX d\u2019ajouter jusqu\u2019\u00e0 30\u00a0000\u00a0satellites en orbite basse, en plus des 12\u00a0000 d\u00e9j\u00e0 approuv\u00e9s et en cours de d\u00e9ploiement dans notre ciel. Il s\u2019agit de l\u2019affaire n\u00b0\u00a022-1337 devant [&hellip;]<\/p>\n","protected":false},"author":2,"featured_media":18304,"comment_status":"closed","ping_status":"closed","sticky":false,"template":"","format":"standard","meta":{"footnotes":""},"categories":[1540,1594],"tags":[1624],"class_list":["post-19917","post","type-post","status-publish","format-standard","has-post-thumbnail","hentry","category-actualite","category-firstenberg-arthur","tag-pollution-electromagnetique"],"yoast_head":"<!-- This site is optimized with the Yoast SEO plugin v27.0 - https:\/\/yoast.com\/product\/yoast-seo-wordpress\/ -->\n<title>International dark sky association vs. FCC et SPACEX par Arthur Firstenberg - 3e mill\u00e9naire - Spiritualit\u00e9 - Connaissance de soi - Non-dualit\u00e9 - M\u00e9ditation<\/title>\n<meta name=\"robots\" content=\"index, follow, max-snippet:-1, max-image-preview:large, max-video-preview:-1\" \/>\n<link rel=\"canonical\" href=\"https:\/\/www.revue3emillenaire.com\/blog\/international-dark-sky-association-vs-fcc-et-spacex-par-arthur-firstenberg\/\" \/>\n<meta property=\"og:locale\" content=\"fr_FR\" \/>\n<meta property=\"og:type\" content=\"article\" \/>\n<meta property=\"og:title\" content=\"International dark sky association vs. FCC et SPACEX par Arthur Firstenberg - 3e mill\u00e9naire - Spiritualit\u00e9 - Connaissance de soi - Non-dualit\u00e9 - M\u00e9ditation\" \/>\n<meta property=\"og:description\" content=\"Le 29\u00a0d\u00e9cembre 2022, l\u2019International Dark-Sky Association (IDA) a intent\u00e9 un proc\u00e8s contre la Commission f\u00e9d\u00e9rale des communications (FCC) des \u00c9tats-Unis suite \u00e0 sa d\u00e9cision d\u2019approuver la demande de SpaceX d\u2019ajouter jusqu\u2019\u00e0 30\u00a0000\u00a0satellites en orbite basse, en plus des 12\u00a0000 d\u00e9j\u00e0 approuv\u00e9s et en cours de d\u00e9ploiement dans notre ciel. Il s\u2019agit de l\u2019affaire n\u00b0\u00a022-1337 devant [&hellip;]\" \/>\n<meta property=\"og:url\" content=\"https:\/\/www.revue3emillenaire.com\/blog\/international-dark-sky-association-vs-fcc-et-spacex-par-arthur-firstenberg\/\" \/>\n<meta property=\"og:site_name\" content=\"3e mill\u00e9naire - Spiritualit\u00e9 - Connaissance de soi - Non-dualit\u00e9 - M\u00e9ditation\" \/>\n<meta property=\"article:published_time\" content=\"2024-05-01T14:53:04+00:00\" \/>\n<meta property=\"article:modified_time\" content=\"2024-05-01T14:54:32+00:00\" \/>\n<meta property=\"og:image\" content=\"https:\/\/www.revue3emillenaire.com\/blog\/wp-content\/uploads\/2020\/12\/Arthur-Firstenberg.jpg\" \/>\n\t<meta property=\"og:image:width\" content=\"329\" \/>\n\t<meta property=\"og:image:height\" content=\"365\" \/>\n\t<meta property=\"og:image:type\" content=\"image\/jpeg\" \/>\n<meta name=\"author\" content=\"3e mill\u00e9naire\" \/>\n<meta name=\"twitter:card\" content=\"summary_large_image\" \/>\n<meta name=\"twitter:label1\" content=\"\u00c9crit par\" \/>\n\t<meta name=\"twitter:data1\" content=\"3e mill\u00e9naire\" \/>\n\t<meta name=\"twitter:label2\" content=\"Dur\u00e9e de lecture estim\u00e9e\" \/>\n\t<meta name=\"twitter:data2\" content=\"10 minutes\" \/>\n<script type=\"application\/ld+json\" class=\"yoast-schema-graph\">{\"@context\":\"https:\/\/schema.org\",\"@graph\":[{\"@type\":\"Article\",\"@id\":\"https:\/\/www.revue3emillenaire.com\/blog\/international-dark-sky-association-vs-fcc-et-spacex-par-arthur-firstenberg\/#article\",\"isPartOf\":{\"@id\":\"https:\/\/www.revue3emillenaire.com\/blog\/international-dark-sky-association-vs-fcc-et-spacex-par-arthur-firstenberg\/\"},\"author\":{\"name\":\"3e mill\u00e9naire\",\"@id\":\"https:\/\/www.revue3emillenaire.com\/blog\/#\/schema\/person\/b692dacff720a5344a6190bc714397eb\"},\"headline\":\"International dark sky association vs. FCC et SPACEX par Arthur Firstenberg\",\"datePublished\":\"2024-05-01T14:53:04+00:00\",\"dateModified\":\"2024-05-01T14:54:32+00:00\",\"mainEntityOfPage\":{\"@id\":\"https:\/\/www.revue3emillenaire.com\/blog\/international-dark-sky-association-vs-fcc-et-spacex-par-arthur-firstenberg\/\"},\"wordCount\":1943,\"image\":{\"@id\":\"https:\/\/www.revue3emillenaire.com\/blog\/international-dark-sky-association-vs-fcc-et-spacex-par-arthur-firstenberg\/#primaryimage\"},\"thumbnailUrl\":\"https:\/\/www.revue3emillenaire.com\/blog\/wp-content\/uploads\/2020\/12\/Arthur-Firstenberg.jpg\",\"keywords\":[\"Pollution \u00e9lectromagn\u00e9tique\"],\"articleSection\":[\"Actualit\u00e9s\",\"Firstenberg Arthur\"],\"inLanguage\":\"fr-FR\"},{\"@type\":\"WebPage\",\"@id\":\"https:\/\/www.revue3emillenaire.com\/blog\/international-dark-sky-association-vs-fcc-et-spacex-par-arthur-firstenberg\/\",\"url\":\"https:\/\/www.revue3emillenaire.com\/blog\/international-dark-sky-association-vs-fcc-et-spacex-par-arthur-firstenberg\/\",\"name\":\"International dark sky association vs. FCC et SPACEX par Arthur Firstenberg - 3e mill\u00e9naire - Spiritualit\u00e9 - Connaissance de soi - Non-dualit\u00e9 - M\u00e9ditation\",\"isPartOf\":{\"@id\":\"https:\/\/www.revue3emillenaire.com\/blog\/#website\"},\"primaryImageOfPage\":{\"@id\":\"https:\/\/www.revue3emillenaire.com\/blog\/international-dark-sky-association-vs-fcc-et-spacex-par-arthur-firstenberg\/#primaryimage\"},\"image\":{\"@id\":\"https:\/\/www.revue3emillenaire.com\/blog\/international-dark-sky-association-vs-fcc-et-spacex-par-arthur-firstenberg\/#primaryimage\"},\"thumbnailUrl\":\"https:\/\/www.revue3emillenaire.com\/blog\/wp-content\/uploads\/2020\/12\/Arthur-Firstenberg.jpg\",\"datePublished\":\"2024-05-01T14:53:04+00:00\",\"dateModified\":\"2024-05-01T14:54:32+00:00\",\"author\":{\"@id\":\"https:\/\/www.revue3emillenaire.com\/blog\/#\/schema\/person\/b692dacff720a5344a6190bc714397eb\"},\"breadcrumb\":{\"@id\":\"https:\/\/www.revue3emillenaire.com\/blog\/international-dark-sky-association-vs-fcc-et-spacex-par-arthur-firstenberg\/#breadcrumb\"},\"inLanguage\":\"fr-FR\",\"potentialAction\":[{\"@type\":\"ReadAction\",\"target\":[\"https:\/\/www.revue3emillenaire.com\/blog\/international-dark-sky-association-vs-fcc-et-spacex-par-arthur-firstenberg\/\"]}]},{\"@type\":\"ImageObject\",\"inLanguage\":\"fr-FR\",\"@id\":\"https:\/\/www.revue3emillenaire.com\/blog\/international-dark-sky-association-vs-fcc-et-spacex-par-arthur-firstenberg\/#primaryimage\",\"url\":\"https:\/\/www.revue3emillenaire.com\/blog\/wp-content\/uploads\/2020\/12\/Arthur-Firstenberg.jpg\",\"contentUrl\":\"https:\/\/www.revue3emillenaire.com\/blog\/wp-content\/uploads\/2020\/12\/Arthur-Firstenberg.jpg\",\"width\":329,\"height\":365},{\"@type\":\"BreadcrumbList\",\"@id\":\"https:\/\/www.revue3emillenaire.com\/blog\/international-dark-sky-association-vs-fcc-et-spacex-par-arthur-firstenberg\/#breadcrumb\",\"itemListElement\":[{\"@type\":\"ListItem\",\"position\":1,\"name\":\"Accueil\",\"item\":\"https:\/\/www.revue3emillenaire.com\/blog\/\"},{\"@type\":\"ListItem\",\"position\":2,\"name\":\"International dark sky association vs. FCC et SPACEX par Arthur Firstenberg\"}]},{\"@type\":\"WebSite\",\"@id\":\"https:\/\/www.revue3emillenaire.com\/blog\/#website\",\"url\":\"https:\/\/www.revue3emillenaire.com\/blog\/\",\"name\":\"3e mill\u00e9naire - Spiritualit\u00e9 - Connaissance de soi - Non-dualit\u00e9 - M\u00e9ditation\",\"description\":\"L&#039;Homme en devenir\",\"potentialAction\":[{\"@type\":\"SearchAction\",\"target\":{\"@type\":\"EntryPoint\",\"urlTemplate\":\"https:\/\/www.revue3emillenaire.com\/blog\/?s={search_term_string}\"},\"query-input\":{\"@type\":\"PropertyValueSpecification\",\"valueRequired\":true,\"valueName\":\"search_term_string\"}}],\"inLanguage\":\"fr-FR\"},{\"@type\":\"Person\",\"@id\":\"https:\/\/www.revue3emillenaire.com\/blog\/#\/schema\/person\/b692dacff720a5344a6190bc714397eb\",\"name\":\"3e mill\u00e9naire\",\"url\":\"https:\/\/www.revue3emillenaire.com\/blog\/author\/scoussa\/\"}]}<\/script>\n<!-- \/ Yoast SEO plugin. -->","yoast_head_json":{"title":"International dark sky association vs. FCC et SPACEX par Arthur Firstenberg - 3e mill\u00e9naire - Spiritualit\u00e9 - Connaissance de soi - Non-dualit\u00e9 - M\u00e9ditation","robots":{"index":"index","follow":"follow","max-snippet":"max-snippet:-1","max-image-preview":"max-image-preview:large","max-video-preview":"max-video-preview:-1"},"canonical":"https:\/\/www.revue3emillenaire.com\/blog\/international-dark-sky-association-vs-fcc-et-spacex-par-arthur-firstenberg\/","og_locale":"fr_FR","og_type":"article","og_title":"International dark sky association vs. FCC et SPACEX par Arthur Firstenberg - 3e mill\u00e9naire - Spiritualit\u00e9 - Connaissance de soi - Non-dualit\u00e9 - M\u00e9ditation","og_description":"Le 29\u00a0d\u00e9cembre 2022, l\u2019International Dark-Sky Association (IDA) a intent\u00e9 un proc\u00e8s contre la Commission f\u00e9d\u00e9rale des communications (FCC) des \u00c9tats-Unis suite \u00e0 sa d\u00e9cision d\u2019approuver la demande de SpaceX d\u2019ajouter jusqu\u2019\u00e0 30\u00a0000\u00a0satellites en orbite basse, en plus des 12\u00a0000 d\u00e9j\u00e0 approuv\u00e9s et en cours de d\u00e9ploiement dans notre ciel. Il s\u2019agit de l\u2019affaire n\u00b0\u00a022-1337 devant [&hellip;]","og_url":"https:\/\/www.revue3emillenaire.com\/blog\/international-dark-sky-association-vs-fcc-et-spacex-par-arthur-firstenberg\/","og_site_name":"3e mill\u00e9naire - Spiritualit\u00e9 - Connaissance de soi - Non-dualit\u00e9 - M\u00e9ditation","article_published_time":"2024-05-01T14:53:04+00:00","article_modified_time":"2024-05-01T14:54:32+00:00","og_image":[{"width":329,"height":365,"url":"https:\/\/www.revue3emillenaire.com\/blog\/wp-content\/uploads\/2020\/12\/Arthur-Firstenberg.jpg","type":"image\/jpeg"}],"author":"3e mill\u00e9naire","twitter_card":"summary_large_image","twitter_misc":{"\u00c9crit par":"3e mill\u00e9naire","Dur\u00e9e de lecture estim\u00e9e":"10 minutes"},"schema":{"@context":"https:\/\/schema.org","@graph":[{"@type":"Article","@id":"https:\/\/www.revue3emillenaire.com\/blog\/international-dark-sky-association-vs-fcc-et-spacex-par-arthur-firstenberg\/#article","isPartOf":{"@id":"https:\/\/www.revue3emillenaire.com\/blog\/international-dark-sky-association-vs-fcc-et-spacex-par-arthur-firstenberg\/"},"author":{"name":"3e mill\u00e9naire","@id":"https:\/\/www.revue3emillenaire.com\/blog\/#\/schema\/person\/b692dacff720a5344a6190bc714397eb"},"headline":"International dark sky association vs. FCC et SPACEX par Arthur Firstenberg","datePublished":"2024-05-01T14:53:04+00:00","dateModified":"2024-05-01T14:54:32+00:00","mainEntityOfPage":{"@id":"https:\/\/www.revue3emillenaire.com\/blog\/international-dark-sky-association-vs-fcc-et-spacex-par-arthur-firstenberg\/"},"wordCount":1943,"image":{"@id":"https:\/\/www.revue3emillenaire.com\/blog\/international-dark-sky-association-vs-fcc-et-spacex-par-arthur-firstenberg\/#primaryimage"},"thumbnailUrl":"https:\/\/www.revue3emillenaire.com\/blog\/wp-content\/uploads\/2020\/12\/Arthur-Firstenberg.jpg","keywords":["Pollution \u00e9lectromagn\u00e9tique"],"articleSection":["Actualit\u00e9s","Firstenberg Arthur"],"inLanguage":"fr-FR"},{"@type":"WebPage","@id":"https:\/\/www.revue3emillenaire.com\/blog\/international-dark-sky-association-vs-fcc-et-spacex-par-arthur-firstenberg\/","url":"https:\/\/www.revue3emillenaire.com\/blog\/international-dark-sky-association-vs-fcc-et-spacex-par-arthur-firstenberg\/","name":"International dark sky association vs. FCC et SPACEX par Arthur Firstenberg - 3e mill\u00e9naire - Spiritualit\u00e9 - Connaissance de soi - Non-dualit\u00e9 - M\u00e9ditation","isPartOf":{"@id":"https:\/\/www.revue3emillenaire.com\/blog\/#website"},"primaryImageOfPage":{"@id":"https:\/\/www.revue3emillenaire.com\/blog\/international-dark-sky-association-vs-fcc-et-spacex-par-arthur-firstenberg\/#primaryimage"},"image":{"@id":"https:\/\/www.revue3emillenaire.com\/blog\/international-dark-sky-association-vs-fcc-et-spacex-par-arthur-firstenberg\/#primaryimage"},"thumbnailUrl":"https:\/\/www.revue3emillenaire.com\/blog\/wp-content\/uploads\/2020\/12\/Arthur-Firstenberg.jpg","datePublished":"2024-05-01T14:53:04+00:00","dateModified":"2024-05-01T14:54:32+00:00","author":{"@id":"https:\/\/www.revue3emillenaire.com\/blog\/#\/schema\/person\/b692dacff720a5344a6190bc714397eb"},"breadcrumb":{"@id":"https:\/\/www.revue3emillenaire.com\/blog\/international-dark-sky-association-vs-fcc-et-spacex-par-arthur-firstenberg\/#breadcrumb"},"inLanguage":"fr-FR","potentialAction":[{"@type":"ReadAction","target":["https:\/\/www.revue3emillenaire.com\/blog\/international-dark-sky-association-vs-fcc-et-spacex-par-arthur-firstenberg\/"]}]},{"@type":"ImageObject","inLanguage":"fr-FR","@id":"https:\/\/www.revue3emillenaire.com\/blog\/international-dark-sky-association-vs-fcc-et-spacex-par-arthur-firstenberg\/#primaryimage","url":"https:\/\/www.revue3emillenaire.com\/blog\/wp-content\/uploads\/2020\/12\/Arthur-Firstenberg.jpg","contentUrl":"https:\/\/www.revue3emillenaire.com\/blog\/wp-content\/uploads\/2020\/12\/Arthur-Firstenberg.jpg","width":329,"height":365},{"@type":"BreadcrumbList","@id":"https:\/\/www.revue3emillenaire.com\/blog\/international-dark-sky-association-vs-fcc-et-spacex-par-arthur-firstenberg\/#breadcrumb","itemListElement":[{"@type":"ListItem","position":1,"name":"Accueil","item":"https:\/\/www.revue3emillenaire.com\/blog\/"},{"@type":"ListItem","position":2,"name":"International dark sky association vs. FCC et SPACEX par Arthur Firstenberg"}]},{"@type":"WebSite","@id":"https:\/\/www.revue3emillenaire.com\/blog\/#website","url":"https:\/\/www.revue3emillenaire.com\/blog\/","name":"3e mill\u00e9naire - Spiritualit\u00e9 - Connaissance de soi - Non-dualit\u00e9 - M\u00e9ditation","description":"L&#039;Homme en devenir","potentialAction":[{"@type":"SearchAction","target":{"@type":"EntryPoint","urlTemplate":"https:\/\/www.revue3emillenaire.com\/blog\/?s={search_term_string}"},"query-input":{"@type":"PropertyValueSpecification","valueRequired":true,"valueName":"search_term_string"}}],"inLanguage":"fr-FR"},{"@type":"Person","@id":"https:\/\/www.revue3emillenaire.com\/blog\/#\/schema\/person\/b692dacff720a5344a6190bc714397eb","name":"3e mill\u00e9naire","url":"https:\/\/www.revue3emillenaire.com\/blog\/author\/scoussa\/"}]}},"_links":{"self":[{"href":"https:\/\/www.revue3emillenaire.com\/blog\/wp-json\/wp\/v2\/posts\/19917","targetHints":{"allow":["GET"]}}],"collection":[{"href":"https:\/\/www.revue3emillenaire.com\/blog\/wp-json\/wp\/v2\/posts"}],"about":[{"href":"https:\/\/www.revue3emillenaire.com\/blog\/wp-json\/wp\/v2\/types\/post"}],"author":[{"embeddable":true,"href":"https:\/\/www.revue3emillenaire.com\/blog\/wp-json\/wp\/v2\/users\/2"}],"replies":[{"embeddable":true,"href":"https:\/\/www.revue3emillenaire.com\/blog\/wp-json\/wp\/v2\/comments?post=19917"}],"version-history":[{"count":0,"href":"https:\/\/www.revue3emillenaire.com\/blog\/wp-json\/wp\/v2\/posts\/19917\/revisions"}],"wp:featuredmedia":[{"embeddable":true,"href":"https:\/\/www.revue3emillenaire.com\/blog\/wp-json\/wp\/v2\/media\/18304"}],"wp:attachment":[{"href":"https:\/\/www.revue3emillenaire.com\/blog\/wp-json\/wp\/v2\/media?parent=19917"}],"wp:term":[{"taxonomy":"category","embeddable":true,"href":"https:\/\/www.revue3emillenaire.com\/blog\/wp-json\/wp\/v2\/categories?post=19917"},{"taxonomy":"post_tag","embeddable":true,"href":"https:\/\/www.revue3emillenaire.com\/blog\/wp-json\/wp\/v2\/tags?post=19917"}],"curies":[{"name":"wp","href":"https:\/\/api.w.org\/{rel}","templated":true}]}}