{"id":19947,"date":"2024-06-20T04:39:31","date_gmt":"2024-06-20T03:39:31","guid":{"rendered":"https:\/\/www.revue3emillenaire.com\/blog\/?p=19947"},"modified":"2024-06-20T04:39:31","modified_gmt":"2024-06-20T03:39:31","slug":"connecter-les-chainons-manquants-du-cerveau-entretien-avec-iain-mcgilchrist-par-nilantha-ilangamuwa","status":"publish","type":"post","link":"https:\/\/www.revue3emillenaire.com\/blog\/connecter-les-chainons-manquants-du-cerveau-entretien-avec-iain-mcgilchrist-par-nilantha-ilangamuwa\/","title":{"rendered":"Connecter les cha\u00eenons manquants du cerveau\u00a0: entretien avec Iain McGilchrist par Nilantha Ilangamuwa"},"content":{"rendered":"<p align=\"justify\"><i>Traduction libre<\/i><\/p>\n<p style=\"text-align: center;\" align=\"justify\"><span style=\"font-size: large;\"><i><b>Le bouddhisme est une pratique id\u00e9ale et un outil puissant pour \u00e9quilibrer les h\u00e9misph\u00e8res gauche et droit du cerveau humain<\/b><\/i><\/span><\/p>\n<p align=\"justify\">Dans cet entretien avec le Dr Iain McGilchrist, \u00e9minent sp\u00e9cialiste des neurosciences, nous explorons les nuances de la soci\u00e9t\u00e9 contemporaine, l\u2019\u00e9ducation et les implications profondes des progr\u00e8s technologiques, en particulier de l\u2019intelligence artificielle (IA). Le Dr McGilchrist, r\u00e9put\u00e9 pour ses recherches approfondies sur la sp\u00e9cialisation h\u00e9misph\u00e9rique du cerveau humain, nous \u00e9claire sur le d\u00e9s\u00e9quilibre entre la pens\u00e9e m\u00e9caniste et la compr\u00e9hension holistique, et pr\u00e9conise une r\u00e9\u00e9valuation critique des paradigmes \u00e9ducatifs.<\/p>\n<p align=\"justify\">L\u2019entretien commence par une explication de la pr\u00e9dominance de l\u2019h\u00e9misph\u00e8re gauche dans la soci\u00e9t\u00e9 occidentale moderne, tir\u00e9e de son ouvrage phare \u00ab\u00a0<i>The Master and His Emissary<\/i> (<i>Le ma\u00eetre et son \u00e9missaire<\/i>)\u00a0\u00bb. Il d\u00e9peint m\u00e9taphoriquement l\u2019h\u00e9misph\u00e8re droit comme le v\u00e9ritable ma\u00eetre, incarnant la sagesse intuitive et la perception holistique, tandis que l\u2019h\u00e9misph\u00e8re gauche endosse le r\u00f4le d\u2019un \u00e9missaire arrogant, surestimant ses capacit\u00e9s et ne tenant pas compte d\u2019une compr\u00e9hension plus large du contexte.<\/p>\n<p align=\"justify\">R\u00e9put\u00e9 pour la diversit\u00e9 de son expertise et de ses id\u00e9es, le Dr McGilchrist est un ancien membre distingu\u00e9 du All Souls College, \u00e0 Oxford, et un membre associ\u00e9 du Green Templeton College, \u00e0 Oxford. Avec une exp\u00e9rience couvrant les domaines de la psychiatrie, des neurosciences et de la litt\u00e9rature, ses contributions scientifiques ont laiss\u00e9 une marque ind\u00e9l\u00e9bile sur notre compr\u00e9hension de l\u2019esprit humain et de ses relations complexes dans des contextes culturels et soci\u00e9taux plus larges. Sa vaste exp\u00e9rience clinique, associ\u00e9e \u00e0 ses travaux scientifiques, a abouti \u00e0 des recherches novatrices sur la neuro-imagerie, la schizophr\u00e9nie et la relation entre le corps et l\u2019esprit.<\/p>\n<p align=\"justify\"><i>Le ma\u00eetre et son \u00e9missaire<\/i> a \u00e9t\u00e9 largement acclam\u00e9 pour son exploration du cerveau divis\u00e9 et ses implications pour la civilisation occidentale. Sa derni\u00e8re publication, \u00ab\u00a0<i>The Matter with Things<\/i>\u00a0\u00bb, est une critique du mat\u00e9rialisme r\u00e9ducteur, invitant les lecteurs \u00e0 contempler les questions existentielles concernant la nature de l\u2019humanit\u00e9, de la conscience et du divin. Auteur prolifique, conf\u00e9rencier et consultant, il continue d\u2019inspirer des publics dans le monde entier, suscitant des conversations qui comblent le foss\u00e9 entre la science, la philosophie et les sciences humaines.<\/p>\n<p align=\"center\">___________________________________<\/p>\n<p align=\"justify\"><b>Question\u00a0: Certains \u00e9v\u00e9nements ou influences sp\u00e9cifiques de votre enfance ont-ils \u00e9veill\u00e9 votre int\u00e9r\u00eat pour la compr\u00e9hension du cerveau et de ses fonctions, vous incitant \u00e0 devenir neuroscientifique et \u00e9crivain par la suite\u00a0?<\/b><\/p>\n<p align=\"justify\"><b>R\u00e9ponse\u00a0:<\/b> En effet. Ma famille, dont le p\u00e8re et le grand-p\u00e8re \u00e9taient m\u00e9decins, a \u00e9veill\u00e9 tr\u00e8s t\u00f4t ma curiosit\u00e9 pour la m\u00e9decine. Mon grand-p\u00e8re maternel, un scientifique, m\u2019a fait d\u00e9couvrir les complexit\u00e9s du cerveau lorsque j\u2019\u00e9tais jeune, ce qui a \u00e9veill\u00e9 ma fascination. Les interrogations philosophiques de mon adolescence ont \u00e9galement fa\u00e7onn\u00e9 mon int\u00e9r\u00eat, parall\u00e8lement \u00e0 l\u2019environnement stimulant des paysages naturels et des traditions chr\u00e9tiennes \u00e0 l\u2019\u00e9cole. D\u2019abord attir\u00e9 par la philosophie ou la pr\u00eatrise, je me suis tourn\u00e9 vers la m\u00e9decine pour explorer le probl\u00e8me corps-esprit de mani\u00e8re empirique. Guid\u00e9 par des \u00e9ducateurs qui ont reconnu mon potentiel, je me suis orient\u00e9 vers les neurosciences, finalement plus influenc\u00e9 par les enseignants et la recherche philosophique que par les liens familiaux.<\/p>\n<p align=\"justify\"><b>Q\u00a0: Pourquoi est-il important d\u2019\u00e9tudier les complexit\u00e9s du cerveau et quelles sont les raisons imp\u00e9rieuses qui poussent les individus \u00e0 en explorer les myst\u00e8res\u00a0? Quels sont les avantages potentiels que vous attendez de la compr\u00e9hension de son fonctionnement\u00a0?<\/b><\/p>\n<p align=\"justify\"><b>R\u00a0:<\/b> La compr\u00e9hension du cerveau permet de comprendre comment nous percevons le monde et traitons l\u2019information, et pas seulement de saisir des d\u00e9tails m\u00e9caniques. Si les diff\u00e9rences entre les h\u00e9misph\u00e8res sont importantes pour comprendre les conflits mentaux, les id\u00e9es fausses qui circulaient jusqu\u2019\u00e0 pr\u00e9sent \u00e0 leur sujet ont \u00e9t\u00e9 d\u00e9menties. Les deux h\u00e9misph\u00e8res jouent un r\u00f4le unique, ce qui remet en question la notion d\u2019un h\u00e9misph\u00e8re rationnel et d\u2019un h\u00e9misph\u00e8re cr\u00e9atif. Au contraire, ils contribuent diff\u00e9remment \u00e0 nos exp\u00e9riences, un peu comme deux individus r\u00e9agissant aux m\u00eames stimuli.<\/p>\n<p align=\"justify\">Par exemple, les diff\u00e9rences entre les h\u00e9misph\u00e8res \u00e9clairent les diverses fa\u00e7ons dont nous percevons et interpr\u00e9tons le monde qui nous entoure. Plut\u00f4t que de consid\u00e9rer le cerveau comme une simple unit\u00e9 de traitement, la compr\u00e9hension de ces diff\u00e9rences peut mettre en lumi\u00e8re la richesse et la complexit\u00e9 de l\u2019exp\u00e9rience humaine. Les id\u00e9es fausses sur les fonctions des h\u00e9misph\u00e8res ont \u00e9t\u00e9 remises en question, r\u00e9v\u00e9lant que les deux h\u00e9misph\u00e8res jouent un r\u00f4le unique et nuanc\u00e9 dans la formation de nos perceptions et de notre comportement.<\/p>\n<p align=\"justify\">Contrairement aux id\u00e9es re\u00e7ues, l\u2019h\u00e9misph\u00e8re gauche n\u2019est pas uniquement rationnel et fiable, et l\u2019h\u00e9misph\u00e8re droit n\u2019est pas uniquement responsable de la cr\u00e9ativit\u00e9 et des \u00e9motions. Au contraire, les deux h\u00e9misph\u00e8res sont \u00e9troitement impliqu\u00e9s dans tous les aspects de la cognition et du comportement, bien que de mani\u00e8res diff\u00e9rentes. Par exemple, si l\u2019h\u00e9misph\u00e8re gauche peut \u00eatre moins fiable dans certains contextes et sensible \u00e0 des \u00e9motions comme la col\u00e8re, il n\u2019englobe pas la totalit\u00e9 de la rationalit\u00e9 ou de l\u2019\u00e9motivit\u00e9.<\/p>\n<p align=\"justify\">En reconnaissant les contributions distinctes de chaque h\u00e9misph\u00e8re, nous comprenons mieux comment notre cerveau construit les exp\u00e9riences subjectives. Cette compr\u00e9hension va au-del\u00e0 des dichotomies simplistes et r\u00e9v\u00e8le la nature multiforme de la cognition humaine. En fin de compte, ces connaissances ne font pas seulement progresser la science, elles ont aussi des implications pratiques dans des domaines allant de l\u2019\u00e9ducation \u00e0 la sant\u00e9 mentale.<\/p>\n<p align=\"justify\">Par essence, l\u2019\u00e9tude du cerveau permet de percer les myst\u00e8res de la conscience et du comportement humains, avec des implications consid\u00e9rables pour am\u00e9liorer notre compr\u00e9hension de nous-m\u00eames et du monde dans lequel nous vivons.<\/p>\n<p align=\"justify\"><b>Q\u00a0: Est-il exact d\u2019affirmer que le cerveau est l\u2019organe le plus mal compris de la civilisation humaine\u00a0?<\/b><\/p>\n<p align=\"justify\"><b>R\u00a0: <\/b>Sans aucun doute, oui. Le cerveau reste remarquablement \u00e9nigmatique, malgr\u00e9 les progr\u00e8s constants des neurosciences. Bien que notre compr\u00e9hension du cerveau ait consid\u00e9rablement progress\u00e9, il reste encore beaucoup \u00e0 d\u00e9couvrir sur ses complexit\u00e9s et ses fonctions.<\/p>\n<p align=\"justify\"><b>Q\u00a0: Pouvez-vous fournir un r\u00e9sum\u00e9 sur les cha\u00eenons manquants dans notre compr\u00e9hension du cerveau\u00a0?<\/b><\/p>\n<p align=\"justify\"><b>R\u00a0:<\/b> Certainement. L\u2019un des principaux domaines de recherche concerne la relation entre le cerveau et la conscience. Bien qu\u2019il soit \u00e9troitement impliqu\u00e9 dans notre exp\u00e9rience consciente, le r\u00f4le du cerveau en tant qu\u2019initiateur de la conscience reste controvers\u00e9. Expliquer comment l\u2019exp\u00e9rience subjective \u00e9merge du cerveau physique remet en question les notions conventionnelles de mati\u00e8re et de conscience.<\/p>\n<p align=\"justify\">En outre, la complexit\u00e9 des connexions neuronales du cerveau, souvent cit\u00e9e comme la base de la conscience, n\u2019explique pas enti\u00e8rement l\u2019\u00e9mergence de la conscience. La r\u00e9partition disproportionn\u00e9e des neurones entre le t\u00e9lenc\u00e9phale et le cervelet soul\u00e8ve d\u2019autres questions sur la base neuronale de la conscience, surtout si l\u2019on consid\u00e8re la vaste interconnexion du cervelet.<\/p>\n<p align=\"justify\">En outre, notre compr\u00e9hension de la neurochimie du cerveau n\u2019en est qu\u2019\u00e0 ses d\u00e9buts. Si les preuves empiriques d\u00e9montrent l\u2019impact des neurotransmetteurs sur l\u2019humeur et le comportement, les m\u00e9canismes sous-jacents restent insaisissables. D\u00e9crire le c\u00e2blage du cerveau et l\u2019activit\u00e9 neuronale est une chose, mais comprendre les processus qui sous-tendent la conscience et les interactions neurochimiques constitue un formidable d\u00e9fi.<\/p>\n<p align=\"justify\">En outre, la remarquable capacit\u00e9 du cerveau \u00e0 compenser les dommages et \u00e0 s\u2019adapter \u00e0 des circonstances changeantes soul\u00e8ve des questions intrigantes sur sa conscience de soi et sa r\u00e9organisation fonctionnelle. Comprendre comment le cerveau maintient ses fonctions essentielles face aux l\u00e9sions, souligne la complexit\u00e9 des r\u00e9seaux neuronaux et des processus cognitifs.<\/p>\n<p align=\"justify\">Par essence, l\u2019\u00e9lucidation de ces cha\u00eenons manquants n\u00e9cessite une approche pluridisciplinaire qui int\u00e8gre les neurosciences, la philosophie et l\u2019\u00e9tude de la conscience. La r\u00e9ponse \u00e0 ces questions permet non seulement d\u2019approfondir notre compr\u00e9hension du cerveau, mais aussi d\u2019\u00e9clairer la nature de la conscience et de la cognition humaine.<\/p>\n<p align=\"justify\"><b>Q\u00a0: Qu\u2019est-ce qui a suscit\u00e9 votre int\u00e9r\u00eat pour les diff\u00e9rences entre les h\u00e9misph\u00e8res gauche et droit du cerveau, dont il est question dans votre livre \u00ab\u00a0<\/b><i><b>The Master and His Emissary<\/b><\/i><b>\u00a0\u00bb (<\/b><i><b>Le ma\u00eetre et son \u00e9missaire<\/b><\/i><b>)\u00a0? Qu\u2019est-ce qui vous a incit\u00e9 \u00e0 approfondir ce sujet\u00a0?<\/b><\/p>\n<p align=\"justify\"><b>R\u00a0:<\/b> Ma fascination pour les diff\u00e9rences entre les h\u00e9misph\u00e8res est n\u00e9e d\u2019enqu\u00eates philosophiques sur la nature de l\u2019interpr\u00e9tation et les tendances r\u00e9ductionnistes des \u00e9tudes litt\u00e9raires universitaires. J\u2019ai \u00e9t\u00e9 frapp\u00e9e par le fait que la dissection des \u0153uvres litt\u00e9raires dans les s\u00e9minaires les d\u00e9pouille souvent de leur pouvoir unique et de leur r\u00e9sonance \u00e9motionnelle, les r\u00e9duisant \u00e0 de simples paraphrases d\u00e9pourvues de leur essence originale. Cette prise de conscience m\u2019a incit\u00e9 \u00e0 explorer la mani\u00e8re dont l\u2019analyse intellectuelle peut n\u00e9gliger le sens implicite et les exp\u00e9riences incarn\u00e9es, ce qui m\u2019a amen\u00e9 \u00e0 m\u2019interroger sur le r\u00f4le du cerveau dans la formation de notre compr\u00e9hension du monde.<\/p>\n<p align=\"justify\">Mon int\u00e9r\u00eat pour les diff\u00e9rences entre les h\u00e9misph\u00e8res a \u00e9t\u00e9 aiguis\u00e9 au cours de ma formation m\u00e9dicale \u00e0 l\u2019h\u00f4pital Maudsley de Londres, o\u00f9 j\u2019ai assist\u00e9 \u00e0 la conf\u00e9rence d\u2019un coll\u00e8gue sur l\u2019h\u00e9misph\u00e8re droit. Malgr\u00e9 le peu d\u2019importance accord\u00e9e \u00e0 l\u2019h\u00e9misph\u00e8re droit dans l\u2019enseignement m\u00e9dical, ses id\u00e9es sur les fonctions distinctes de chaque h\u00e9misph\u00e8re, tir\u00e9es de l\u2019\u00e9tude de patients souffrant de l\u00e9sions c\u00e9r\u00e9brales, m\u2019ont captiv\u00e9. Ses observations sur la tendance de l\u2019h\u00e9misph\u00e8re gauche \u00e0 cat\u00e9goriser et \u00e0 privil\u00e9gier le sens explicite par rapport au sens implicite ont trouv\u00e9 un \u00e9cho dans mes r\u00e9flexions philosophiques sur les limites de l\u2019analyse intellectuelle. Cette rencontre a suscit\u00e9 une profonde curiosit\u00e9 pour les fondements neuronaux de la conscience et de la cognition, et m\u2019a incit\u00e9 \u00e0 me lancer dans une recherche interdisciplinaire sur les diff\u00e9rences entre les h\u00e9misph\u00e8res.<\/p>\n<p align=\"justify\">Malgr\u00e9 le scepticisme de certains coll\u00e8gues s\u00e9niors et le fait que les diff\u00e9rences entre les h\u00e9misph\u00e8res soient consid\u00e9r\u00e9es comme de la psychologie populaire, j\u2019ai continu\u00e9 \u00e0 chercher \u00e0 comprendre les complexit\u00e9s du cerveau. Au fil des ans, je me suis efforc\u00e9 de remettre en question les id\u00e9es fausses et d\u2019offrir un aper\u00e7u nuanc\u00e9 des fonctions des h\u00e9misph\u00e8res, malgr\u00e9 la r\u00e9sistance de ceux qui n\u2019\u00e9taient pas dispos\u00e9s \u00e0 reconsid\u00e9rer leurs id\u00e9es pr\u00e9con\u00e7ues. Si faire face au scepticisme a engendr\u00e9 de la frustration, l\u2019int\u00e9r\u00eat croissant pour mon travail a confirm\u00e9 l\u2019importance de poursuivre l\u2019exploration et le dialogue pour percer les myst\u00e8res du cerveau humain.<\/p>\n<p align=\"justify\"><b>Q\u00a0: Avez-vous d\u00e9j\u00e0 \u00e9t\u00e9 d\u00e9\u00e7u en expliquant les diff\u00e9rences entre les h\u00e9misph\u00e8res et leur fonctionnement dans le cerveau\u00a0?<\/b><\/p>\n<p align=\"justify\"><b>R\u00a0:<\/b> Oui, il y a eu des moments de frustration. Certaines personnes rejetaient mes id\u00e9es sans s\u2019y int\u00e9resser, ce qui pouvait \u00eatre d\u00e9courageant. Cependant, j\u2019ai appris \u00e0 accepter que tout le monde ne soit pas ouvert \u00e0 de nouvelles perspectives. Malgr\u00e9 le scepticisme, je suis rest\u00e9e encourag\u00e9e par l\u2019int\u00e9r\u00eat croissant que suscite mon travail, ce qui l\u2019emporte sur toute d\u00e9ception.<\/p>\n<p align=\"justify\"><b>Q\u00a0: Votre travail porte souvent sur les d\u00e9s\u00e9quilibres des h\u00e9misph\u00e8res et leur impact sur la soci\u00e9t\u00e9 moderne. Comment percevez-vous ce d\u00e9s\u00e9quilibre dans les diff\u00e9rents aspects de notre culture et de notre vie quotidienne\u00a0?<\/b><\/p>\n<p align=\"justify\"><b>R\u00a0:<\/b> Le d\u00e9s\u00e9quilibre entre les h\u00e9misph\u00e8res gauche et droit se refl\u00e8te dans nos normes culturelles et soci\u00e9tales, l\u2019h\u00e9misph\u00e8re gauche dominant souvent dans les contextes modernes. La tendance de l\u2019h\u00e9misph\u00e8re gauche \u00e0 fragmenter l\u2019information et \u00e0 rechercher la certitude conduit \u00e0 une approche r\u00e9ductionniste, o\u00f9 les questions complexes sont simplifi\u00e9es \u00e0 l\u2019extr\u00eame dans des perspectives en noir et blanc. Ce d\u00e9sir de r\u00e9ponses d\u00e9finitives ne tient pas compte de la compr\u00e9hension nuanc\u00e9e offerte par l\u2019h\u00e9misph\u00e8re droit, qui embrasse la complexit\u00e9 et l\u2019incertitude.<\/p>\n<p align=\"justify\">Dans la soci\u00e9t\u00e9 contemporaine, nous assistons \u00e0 une prolif\u00e9ration de la proc\u00e9duralisation et de la bureaucratisation, favorisant la pens\u00e9e m\u00e9caniste au d\u00e9triment des perspectives holistiques. Cet \u00e9tat d\u2019esprit m\u00e9caniste, caract\u00e9ristique de l\u2019h\u00e9misph\u00e8re gauche, privil\u00e9gie le contr\u00f4le et l\u2019efficacit\u00e9 au d\u00e9triment de l\u2019intuition, de l\u2019imagination et de la compr\u00e9hension holistique. En cons\u00e9quence, nous risquons de perdre le contact avec la riche tapisserie de l\u2019exp\u00e9rience humaine et des valeurs \u00e9thiques, en succombant \u00e0 une focalisation \u00e9troite sur la productivit\u00e9 et le gain mat\u00e9riel.<\/p>\n<p align=\"justify\">Pour contrer cette tendance, il est essentiel de renouer avec des pratiques qui nourrissent le fonctionnement holistique du cerveau, telles que la contemplation spirituelle, la connexion avec la nature et le silence. En favorisant l\u2019\u00e9quilibre entre les h\u00e9misph\u00e8res gauche et droit, nous pouvons cultiver une compr\u00e9hension plus profonde de nous-m\u00eames et du monde qui nous entoure, en transcendant la pens\u00e9e m\u00e9caniste pour embrasser les complexit\u00e9s profondes de l\u2019existence humaine.<\/p>\n<p align=\"justify\"><b>Q\u00a0: Comment envisagez-vous l\u2019extension de vos recherches au-del\u00e0 des neurosciences, dans des domaines tels que la philosophie, la psychologie et l\u2019\u00e9ducation, et quelles contributions esp\u00e9rez-vous qu\u2019elles apportent\u00a0?<\/b><\/p>\n<p align=\"justify\"><b>R\u00a0:<\/b> J\u2019esp\u00e8re que mes recherches serviront de catalyseur au dialogue interdisciplinaire et \u00e0 la r\u00e9flexion dans divers domaines. Bien que je puisse offrir des perspectives, c\u2019est en fin de compte aux personnes travaillant dans ces domaines qu\u2019il revient de s\u2019engager dans la recherche et de l\u2019appliquer comme ils l\u2019entendent. J\u2019ai \u00e9t\u00e9 agr\u00e9ablement surpris par l\u2019accueil r\u00e9serv\u00e9 \u00e0 mes travaux par des hommes politiques, des \u00e9conomistes, des juristes, des philosophes, des psychologues et des neuroscientifiques, qui y ont trouv\u00e9 une pertinence et une valeur dans leurs implications pour leurs domaines respectifs. Par le biais d\u2019un dialogue et d\u2019une collaboration continus, je vise \u00e0 favoriser une compr\u00e9hension et une application plus approfondies des connaissances tir\u00e9es des neurosciences dans divers domaines.<\/p>\n<p align=\"justify\"><b>Q\u00a0: Comment conciliez-vous la compr\u00e9hension scientifique du cerveau avec les exp\u00e9riences personnelles de la conscience, et quelles perspectives votre travail offre-t-il\u00a0?<\/b><\/p>\n<p align=\"justify\"><b>R\u00a0:<\/b> Mon dernier livre, \u00ab\u00a0<i>The Matter with Things<\/i>\u00a0\u00bb, s\u2019efforce de passer des neurosciences \u00e0 la philosophie pour parvenir \u00e0 une compr\u00e9hension globale de l\u2019existence. Il est essentiel de reconna\u00eetre qu\u2019aucun esprit humain ne peut tout comprendre, mais nous devons discerner ce que nous consid\u00e9rons comme plus vrai que d\u2019autres. Si la complexit\u00e9 du cerveau est intrigante, elle ne doit jamais conduire \u00e0 r\u00e9duire l\u2019\u00eatre humain \u00e0 son seul cerveau.<\/p>\n<p align=\"justify\">Nous sommes bien plus que nos fonctions neurologiques. Les questions fondamentales sur l\u2019existence et la finalit\u00e9 de l\u2019homme restent primordiales, et mon travail vise \u00e0 faire la lumi\u00e8re sur ces questions, en incitant les individus \u00e0 envisager les choses au-del\u00e0 des points de vue m\u00e9canistes. En outre, je pr\u00e9conise une approche \u00e9ducative \u00e9quilibr\u00e9e qui valorise \u00e0 la fois la pens\u00e9e analytique et la compr\u00e9hension holistique. Si la rigueur analytique est cruciale, elle doit coexister avec une appr\u00e9ciation des aspects profonds et inexplicables de l\u2019exp\u00e9rience humaine. Encourager la recherche philosophique et enseigner des techniques d\u2019\u00e9coute empathique peut favoriser une soci\u00e9t\u00e9 plus respectueuse et intellectuellement dynamique, en enrichissant notre compr\u00e9hension collective de l\u2019existence et de la conscience.<\/p>\n<p align=\"justify\"><b>Q\u00a0: Dans votre exploration du cerveau divis\u00e9 et de ses implications pour la soci\u00e9t\u00e9, vous avez soulign\u00e9 l\u2019importance de la pleine conscience, qui a des racines profondes dans la tradition bouddhiste. Comment envisagez-vous les enseignements et les pratiques du bouddhisme pour nous aider \u00e0 comprendre et \u00e0 cultiver la pleine conscience dans la soci\u00e9t\u00e9 d\u2019aujourd\u2019hui\u00a0? En outre, comment l\u2019int\u00e9gration de la sagesse ancienne du bouddhisme et des connaissances des neurosciences modernes pourrait-elle \u00e9clairer nos approches de l\u2019\u00e9ducation, de la sant\u00e9 mentale et du bien-\u00eatre de la soci\u00e9t\u00e9\u00a0?<\/b><\/p>\n<p align=\"justify\"><b>R\u00a0:<\/b> L\u2019un des aspects qui me procure une grande satisfaction est la convergence que j\u2019ai observ\u00e9e entre les connaissances tir\u00e9es des neurosciences et les traditions de sagesse de l\u2019Orient, telles que le bouddhisme. J\u2019ai constat\u00e9 que les d\u00e9couvertes de la science moderne, y compris celles de la biologie, de la physique et de la philosophie, s\u2019alignent harmonieusement sur les enseignements anciens. Malgr\u00e9 les diff\u00e9rences d\u2019accent, des principes fondamentaux tels que la patience, la compassion et la pr\u00e9sence sont partag\u00e9s par toutes les traditions, ce qui favorise la compr\u00e9hension et l\u2019unit\u00e9 entre les diverses croyances.<\/p>\n<p align=\"justify\">Bien que je ne pr\u00e9tende pas \u00eatre un sp\u00e9cialiste du bouddhisme, j\u2019ai \u00e9t\u00e9 encourag\u00e9 par le fait que ses praticiens ont reconnu les parall\u00e8les entre mon travail et leur tradition. Cette intersection entre la sagesse ancienne et la science contemporaine offre des perspectives inestimables sur la conscience humaine et le bien-\u00eatre. La pleine conscience, profond\u00e9ment enracin\u00e9e dans la pratique bouddhiste, est un outil puissant pour r\u00e9\u00e9quilibrer la dominance de l\u2019h\u00e9misph\u00e8re gauche dans notre esprit. En favorisant une r\u00e9partition plus \u00e9quitable de l\u2019activit\u00e9 c\u00e9r\u00e9brale, les pratiques de pleine conscience sont prometteuses pour am\u00e9liorer la sant\u00e9 mentale et promouvoir un bien-\u00eatre holistique dans la soci\u00e9t\u00e9 moderne.<\/p>\n<p align=\"justify\"><b>Q\u00a0: Les progr\u00e8s de l\u2019intelligence artificielle (IA) et de l\u2019apprentissage automatique suscitent un int\u00e9r\u00eat croissant pour la mani\u00e8re dont ces technologies interagissent avec la cognition humaine et l\u2019imitent. Compte tenu de notre compr\u00e9hension des sp\u00e9cialisations des h\u00e9misph\u00e8res du cerveau, comment pensez-vous que l\u2019IA aura un impact sur notre compr\u00e9hension de l\u2019intelligence et de la conscience humaines\u00a0?<\/b><\/p>\n<p align=\"justify\"><b>R\u00a0:<\/b> L\u2019impact de l\u2019IA sur notre compr\u00e9hension de l\u2019intelligence et de la conscience humaines sera probablement pr\u00e9judiciable. Si les machines peuvent imiter la pens\u00e9e de l\u2019h\u00e9misph\u00e8re gauche, en reproduisant des processus s\u00e9quentiels et lin\u00e9aires, elles se heurtent aux incertitudes qui caract\u00e9risent la cognition de l\u2019h\u00e9misph\u00e8re droit, qui n\u2019est pas computable et qui est ancr\u00e9e dans l\u2019exp\u00e9rience humaine. La domination croissante de la pens\u00e9e m\u00e9caniste amplifi\u00e9e par l\u2019IA pr\u00e9sente des risques importants, car elle perp\u00e9tue les pr\u00e9jug\u00e9s et les limites inh\u00e9rents \u00e0 sa programmation, sans la boussole morale et la profondeur de compr\u00e9hension que l\u2019on trouve dans la conscience humaine.<\/p>\n<p align=\"justify\">En outre, la nature autor\u00e9f\u00e9rentielle de la pens\u00e9e de l\u2019h\u00e9misph\u00e8re gauche, associ\u00e9e \u00e0 la d\u00e9pendance de l\u2019IA \u00e0 l\u2019\u00e9gard du contenu g\u00e9n\u00e9r\u00e9 par les machines, cr\u00e9e une boucle d\u2019information ferm\u00e9e qui manque de la perspective critique et de la perspicacit\u00e9 d\u00e9riv\u00e9es de l\u2019exp\u00e9rience humaine. Cette tendance suscite des inqui\u00e9tudes quant \u00e0 l\u2019\u00e9rosion de la v\u00e9rit\u00e9, \u00e0 la manipulation de l\u2019opinion publique et \u00e0 la perte de la cr\u00e9ativit\u00e9 et de la sagesse humaines authentiques dans un monde de plus en plus fa\u00e7onn\u00e9 par la pens\u00e9e m\u00e9canique. Alors que l\u2019IA continue d\u2019\u00e9voluer, il est essentiel de reconna\u00eetre ses limites et de se pr\u00e9munir contre les cons\u00e9quences potentielles pour le bien-\u00eatre et l\u2019autonomie des g\u00e9n\u00e9rations futures.<\/p>\n<p align=\"justify\"><b>Q\u00a0: Si cette tendance \u00e0 la cr\u00e9ation se poursuit, il pourrait arriver un moment o\u00f9 nous oublierons l\u2019essence de l\u2019humanit\u00e9, ce qui am\u00e8nerait les humains \u00e0 s\u2019interroger sur leur propre identit\u00e9. \u00cates-vous d\u2019accord\u00a0?<\/b><\/p>\n<p align=\"justify\"><b>R\u00a0:<\/b> Oui, l\u2019IA sera programm\u00e9e pour fournir des informations sur la nature humaine, m\u00eame si elles ne sont pas toutes exactes. Cependant, la v\u00e9ritable compr\u00e9hension de l\u2019humanit\u00e9 vient de la vie plut\u00f4t que de la fixation sur des \u00e9crans, ce qui permet d\u2019avoir une perspective plus large du monde. Alors que l\u2019h\u00e9misph\u00e8re gauche facilite l\u2019acquisition de biens mat\u00e9riels, l\u2019h\u00e9misph\u00e8re droit comprend la situation dans son ensemble, y compris la conscience de l\u2019environnement et des relations. Malheureusement, la soci\u00e9t\u00e9 contemporaine donne souvent la priorit\u00e9 aux gains mat\u00e9riels et au contr\u00f4le, n\u00e9gligeant l\u2019appr\u00e9ciation des nuances qui \u00e9chappent au contr\u00f4le de l\u2019homme. Ce d\u00e9s\u00e9quilibre, qui favorise la dominance de l\u2019h\u00e9misph\u00e8re gauche, entra\u00eene un manque d\u2019humilit\u00e9 et de conscience de nos limites, ce qui contribue \u00e0 l\u2019arrogance et aux malentendus au sein de la soci\u00e9t\u00e9. En outre, l\u2019effet Dunning-Kruger illustre la corr\u00e9lation entre l\u2019exc\u00e8s de confiance et les connaissances limit\u00e9es, soulignant l\u2019importance de reconna\u00eetre l\u2019\u00e9tendue de notre compr\u00e9hension et les dangers de se croire omniscient.<\/p>\n<p align=\"justify\"><b>Q\u00a0: Votre concept d\u2019\u00e9missaire souligne la pr\u00e9dominance de l\u2019h\u00e9misph\u00e8re gauche dans la soci\u00e9t\u00e9 occidentale contemporaine. Comment sugg\u00e9rez-vous de r\u00e9tablir un \u00e9quilibre plus harmonieux entre les deux h\u00e9misph\u00e8res, tant au niveau individuel que collectif\u00a0?<\/b><\/p>\n<p align=\"justify\"><b>R\u00a0:<\/b> Dans \u00ab\u00a0<i>Le ma\u00eetre et son \u00e9missaire<\/i>\u00a0\u00bb, la repr\u00e9sentation m\u00e9taphorique sugg\u00e8re que l\u2019h\u00e9misph\u00e8re droit incarne la sagesse en tant que v\u00e9ritable ma\u00eetre, tandis que l\u2019h\u00e9misph\u00e8re gauche agit comme un \u00e9missaire arrogant, trop d\u00e9pendant de sa compr\u00e9hension limit\u00e9e. Pour r\u00e9tablir l\u2019\u00e9quilibre entre ces domaines cognitifs, il faut reconna\u00eetre ce d\u00e9s\u00e9quilibre, un peu comme si un patient prenait conscience de la n\u00e9cessit\u00e9 d\u2019une transformation personnelle dans le cadre d\u2019une th\u00e9rapie. La premi\u00e8re \u00e9tape consiste \u00e0 faire prendre conscience de cette disparit\u00e9, car la prise de conscience pr\u00e9c\u00e8de souvent un changement significatif. Les individus doivent reconna\u00eetre la pr\u00e9dominance de l\u2019h\u00e9misph\u00e8re gauche dans la soci\u00e9t\u00e9 contemporaine et ses effets n\u00e9fastes sur le bien-\u00eatre collectif.<\/p>\n<p align=\"justify\">En outre, la r\u00e9solution de ce probl\u00e8me va au-del\u00e0 de la prise de conscience individuelle et passe par une r\u00e9forme syst\u00e9mique, en particulier dans le domaine de l\u2019\u00e9ducation. Le syst\u00e8me \u00e9ducatif actuel, marqu\u00e9 par son approche m\u00e9caniste et l\u2019accent mis sur les mati\u00e8res STEM (sciences, technologie, \u00e9ducation, math\u00e9matiques), n\u00e9glige les sciences humaines, essentielles pour cultiver l\u2019empathie, la pens\u00e9e critique et une compr\u00e9hension plus profonde de l\u2019exp\u00e9rience humaine. Pour r\u00e9tablir l\u2019\u00e9quilibre, il faut r\u00e9int\u00e9grer les sciences humaines dans le programme d\u2019\u00e9tudes, en incitant les \u00e9l\u00e8ves \u00e0 s\u2019int\u00e9resser \u00e0 la litt\u00e9rature, \u00e0 l\u2019histoire, \u00e0 la philosophie et aux arts. De telles r\u00e9formes ne visent pas \u00e0 diminuer la rigueur, mais \u00e0 favoriser une approche holistique de l\u2019apprentissage qui nourrit la curiosit\u00e9 et le d\u00e9veloppement intellectuel.<\/p>\n<p align=\"justify\">En outre, pour r\u00e9tablir l\u2019\u00e9quilibre, il faut r\u00e9\u00e9valuer les structures professionnelles, notamment dans le domaine m\u00e9dical, o\u00f9 le contr\u00f4le bureaucratique sape l\u2019autonomie et l\u2019expertise des praticiens. Les m\u00e9decins, par exemple, devraient se r\u00e9approprier leur r\u00f4le de gu\u00e9risseurs de confiance plut\u00f4t que de se laisser dicter par des agendas ax\u00e9s sur le profit. Ce changement soci\u00e9tal plus large implique de reconna\u00eetre la valeur intrins\u00e8que des professions au-del\u00e0 de la simple utilit\u00e9 \u00e9conomique, en reconnaissant l\u2019importance de la sagesse, de la compassion et de l\u2019int\u00e9grit\u00e9 \u00e9thique dans l\u2019orientation des efforts humains. En adoptant une perspective plus holistique qui transcende les paradigmes m\u00e9canistes, la soci\u00e9t\u00e9 peut cultiver une appr\u00e9ciation plus profonde des complexit\u00e9s de l\u2019existence humaine et de la recherche d\u2019un v\u00e9ritable bien-\u00eatre.<\/p>\n<p align=\"justify\">Texte original\u00a0: <span style=\"color: #000080;\"><u><a href=\"https:\/\/island.lk\/buddhism-is-an-ideal-practice-and-potent-tool-for-balancing-the-left-and-right-hemispheres-of-the-human-brain\/\" target=\"_blank\" rel=\"noopener\">https:\/\/slguardian.org\/connecting-the-brains-missing-links-my-talk-with-iain-mcgilchrist\/<\/a><\/u><\/span><\/p>\n","protected":false},"excerpt":{"rendered":"<p>Traduction libre Le bouddhisme est une pratique id\u00e9ale et un outil puissant pour \u00e9quilibrer les h\u00e9misph\u00e8res gauche et droit du cerveau humain Dans cet entretien avec le Dr Iain McGilchrist, \u00e9minent sp\u00e9cialiste des neurosciences, nous explorons les nuances de la soci\u00e9t\u00e9 contemporaine, l\u2019\u00e9ducation et les implications profondes des progr\u00e8s technologiques, en particulier de l\u2019intelligence artificielle [&hellip;]<\/p>\n","protected":false},"author":2,"featured_media":18856,"comment_status":"closed","ping_status":"closed","sticky":false,"template":"","format":"standard","meta":{"footnotes":""},"categories":[5,1652],"tags":[10,116,1114,37,301,14,1667],"class_list":["post-19947","post","type-post","status-publish","format-standard","has-post-thumbnail","hentry","category-interview","category-mcgilchrist-iain","tag-bouddhisme","tag-cerveau","tag-civilisation","tag-conscience","tag-hemisphere","tag-meditation","tag-neuroscience"],"yoast_head":"<!-- This site is optimized with the Yoast SEO plugin v27.0 - https:\/\/yoast.com\/product\/yoast-seo-wordpress\/ -->\n<title>Connecter les cha\u00eenons manquants du cerveau\u00a0: entretien avec Iain McGilchrist par Nilantha Ilangamuwa - 3e mill\u00e9naire - Spiritualit\u00e9 - Connaissance de soi - Non-dualit\u00e9 - M\u00e9ditation<\/title>\n<meta name=\"robots\" content=\"index, follow, max-snippet:-1, max-image-preview:large, max-video-preview:-1\" \/>\n<link rel=\"canonical\" href=\"https:\/\/www.revue3emillenaire.com\/blog\/connecter-les-chainons-manquants-du-cerveau-entretien-avec-iain-mcgilchrist-par-nilantha-ilangamuwa\/\" \/>\n<meta property=\"og:locale\" content=\"fr_FR\" \/>\n<meta property=\"og:type\" content=\"article\" \/>\n<meta property=\"og:title\" content=\"Connecter les cha\u00eenons manquants du cerveau\u00a0: entretien avec Iain McGilchrist par Nilantha Ilangamuwa - 3e mill\u00e9naire - Spiritualit\u00e9 - Connaissance de soi - Non-dualit\u00e9 - M\u00e9ditation\" \/>\n<meta property=\"og:description\" content=\"Traduction libre Le bouddhisme est une pratique id\u00e9ale et un outil puissant pour \u00e9quilibrer les h\u00e9misph\u00e8res gauche et droit du cerveau humain Dans cet entretien avec le Dr Iain McGilchrist, \u00e9minent sp\u00e9cialiste des neurosciences, nous explorons les nuances de la soci\u00e9t\u00e9 contemporaine, l\u2019\u00e9ducation et les implications profondes des progr\u00e8s technologiques, en particulier de l\u2019intelligence artificielle [&hellip;]\" \/>\n<meta property=\"og:url\" content=\"https:\/\/www.revue3emillenaire.com\/blog\/connecter-les-chainons-manquants-du-cerveau-entretien-avec-iain-mcgilchrist-par-nilantha-ilangamuwa\/\" \/>\n<meta property=\"og:site_name\" content=\"3e mill\u00e9naire - Spiritualit\u00e9 - Connaissance de soi - Non-dualit\u00e9 - M\u00e9ditation\" \/>\n<meta property=\"article:published_time\" content=\"2024-06-20T03:39:31+00:00\" \/>\n<meta property=\"og:image\" content=\"https:\/\/www.revue3emillenaire.com\/blog\/wp-content\/uploads\/2022\/02\/Iain-McGilchrist.jpg\" \/>\n\t<meta property=\"og:image:width\" content=\"251\" \/>\n\t<meta property=\"og:image:height\" content=\"245\" \/>\n\t<meta property=\"og:image:type\" content=\"image\/jpeg\" \/>\n<meta name=\"author\" content=\"3e mill\u00e9naire\" \/>\n<meta name=\"twitter:card\" content=\"summary_large_image\" \/>\n<meta name=\"twitter:label1\" content=\"\u00c9crit par\" \/>\n\t<meta name=\"twitter:data1\" content=\"3e mill\u00e9naire\" \/>\n\t<meta name=\"twitter:label2\" content=\"Dur\u00e9e de lecture estim\u00e9e\" \/>\n\t<meta name=\"twitter:data2\" content=\"18 minutes\" \/>\n<script type=\"application\/ld+json\" class=\"yoast-schema-graph\">{\"@context\":\"https:\/\/schema.org\",\"@graph\":[{\"@type\":\"Article\",\"@id\":\"https:\/\/www.revue3emillenaire.com\/blog\/connecter-les-chainons-manquants-du-cerveau-entretien-avec-iain-mcgilchrist-par-nilantha-ilangamuwa\/#article\",\"isPartOf\":{\"@id\":\"https:\/\/www.revue3emillenaire.com\/blog\/connecter-les-chainons-manquants-du-cerveau-entretien-avec-iain-mcgilchrist-par-nilantha-ilangamuwa\/\"},\"author\":{\"name\":\"3e mill\u00e9naire\",\"@id\":\"https:\/\/www.revue3emillenaire.com\/blog\/#\/schema\/person\/b692dacff720a5344a6190bc714397eb\"},\"headline\":\"Connecter les cha\u00eenons manquants du cerveau\u00a0: entretien avec Iain McGilchrist par Nilantha Ilangamuwa\",\"datePublished\":\"2024-06-20T03:39:31+00:00\",\"mainEntityOfPage\":{\"@id\":\"https:\/\/www.revue3emillenaire.com\/blog\/connecter-les-chainons-manquants-du-cerveau-entretien-avec-iain-mcgilchrist-par-nilantha-ilangamuwa\/\"},\"wordCount\":4130,\"image\":{\"@id\":\"https:\/\/www.revue3emillenaire.com\/blog\/connecter-les-chainons-manquants-du-cerveau-entretien-avec-iain-mcgilchrist-par-nilantha-ilangamuwa\/#primaryimage\"},\"thumbnailUrl\":\"https:\/\/www.revue3emillenaire.com\/blog\/wp-content\/uploads\/2022\/02\/Iain-McGilchrist.jpg\",\"keywords\":[\"Bouddhisme\",\"cerveau\",\"Civilisation\",\"Conscience\",\"h\u00e9misph\u00e8re\",\"M\u00e9ditation\",\"Neuroscience\"],\"articleSection\":[\"Entretien\/Interview\",\"McGilchrist Iain\"],\"inLanguage\":\"fr-FR\"},{\"@type\":\"WebPage\",\"@id\":\"https:\/\/www.revue3emillenaire.com\/blog\/connecter-les-chainons-manquants-du-cerveau-entretien-avec-iain-mcgilchrist-par-nilantha-ilangamuwa\/\",\"url\":\"https:\/\/www.revue3emillenaire.com\/blog\/connecter-les-chainons-manquants-du-cerveau-entretien-avec-iain-mcgilchrist-par-nilantha-ilangamuwa\/\",\"name\":\"Connecter les cha\u00eenons manquants du cerveau\u00a0: entretien avec Iain McGilchrist par Nilantha Ilangamuwa - 3e mill\u00e9naire - Spiritualit\u00e9 - Connaissance de soi - Non-dualit\u00e9 - M\u00e9ditation\",\"isPartOf\":{\"@id\":\"https:\/\/www.revue3emillenaire.com\/blog\/#website\"},\"primaryImageOfPage\":{\"@id\":\"https:\/\/www.revue3emillenaire.com\/blog\/connecter-les-chainons-manquants-du-cerveau-entretien-avec-iain-mcgilchrist-par-nilantha-ilangamuwa\/#primaryimage\"},\"image\":{\"@id\":\"https:\/\/www.revue3emillenaire.com\/blog\/connecter-les-chainons-manquants-du-cerveau-entretien-avec-iain-mcgilchrist-par-nilantha-ilangamuwa\/#primaryimage\"},\"thumbnailUrl\":\"https:\/\/www.revue3emillenaire.com\/blog\/wp-content\/uploads\/2022\/02\/Iain-McGilchrist.jpg\",\"datePublished\":\"2024-06-20T03:39:31+00:00\",\"author\":{\"@id\":\"https:\/\/www.revue3emillenaire.com\/blog\/#\/schema\/person\/b692dacff720a5344a6190bc714397eb\"},\"breadcrumb\":{\"@id\":\"https:\/\/www.revue3emillenaire.com\/blog\/connecter-les-chainons-manquants-du-cerveau-entretien-avec-iain-mcgilchrist-par-nilantha-ilangamuwa\/#breadcrumb\"},\"inLanguage\":\"fr-FR\",\"potentialAction\":[{\"@type\":\"ReadAction\",\"target\":[\"https:\/\/www.revue3emillenaire.com\/blog\/connecter-les-chainons-manquants-du-cerveau-entretien-avec-iain-mcgilchrist-par-nilantha-ilangamuwa\/\"]}]},{\"@type\":\"ImageObject\",\"inLanguage\":\"fr-FR\",\"@id\":\"https:\/\/www.revue3emillenaire.com\/blog\/connecter-les-chainons-manquants-du-cerveau-entretien-avec-iain-mcgilchrist-par-nilantha-ilangamuwa\/#primaryimage\",\"url\":\"https:\/\/www.revue3emillenaire.com\/blog\/wp-content\/uploads\/2022\/02\/Iain-McGilchrist.jpg\",\"contentUrl\":\"https:\/\/www.revue3emillenaire.com\/blog\/wp-content\/uploads\/2022\/02\/Iain-McGilchrist.jpg\",\"width\":251,\"height\":245},{\"@type\":\"BreadcrumbList\",\"@id\":\"https:\/\/www.revue3emillenaire.com\/blog\/connecter-les-chainons-manquants-du-cerveau-entretien-avec-iain-mcgilchrist-par-nilantha-ilangamuwa\/#breadcrumb\",\"itemListElement\":[{\"@type\":\"ListItem\",\"position\":1,\"name\":\"Accueil\",\"item\":\"https:\/\/www.revue3emillenaire.com\/blog\/\"},{\"@type\":\"ListItem\",\"position\":2,\"name\":\"Connecter les cha\u00eenons manquants du cerveau\u00a0: entretien avec Iain McGilchrist par Nilantha Ilangamuwa\"}]},{\"@type\":\"WebSite\",\"@id\":\"https:\/\/www.revue3emillenaire.com\/blog\/#website\",\"url\":\"https:\/\/www.revue3emillenaire.com\/blog\/\",\"name\":\"3e mill\u00e9naire - Spiritualit\u00e9 - Connaissance de soi - Non-dualit\u00e9 - M\u00e9ditation\",\"description\":\"L&#039;Homme en devenir\",\"potentialAction\":[{\"@type\":\"SearchAction\",\"target\":{\"@type\":\"EntryPoint\",\"urlTemplate\":\"https:\/\/www.revue3emillenaire.com\/blog\/?s={search_term_string}\"},\"query-input\":{\"@type\":\"PropertyValueSpecification\",\"valueRequired\":true,\"valueName\":\"search_term_string\"}}],\"inLanguage\":\"fr-FR\"},{\"@type\":\"Person\",\"@id\":\"https:\/\/www.revue3emillenaire.com\/blog\/#\/schema\/person\/b692dacff720a5344a6190bc714397eb\",\"name\":\"3e mill\u00e9naire\",\"url\":\"https:\/\/www.revue3emillenaire.com\/blog\/author\/scoussa\/\"}]}<\/script>\n<!-- \/ Yoast SEO plugin. -->","yoast_head_json":{"title":"Connecter les cha\u00eenons manquants du cerveau\u00a0: entretien avec Iain McGilchrist par Nilantha Ilangamuwa - 3e mill\u00e9naire - Spiritualit\u00e9 - Connaissance de soi - Non-dualit\u00e9 - M\u00e9ditation","robots":{"index":"index","follow":"follow","max-snippet":"max-snippet:-1","max-image-preview":"max-image-preview:large","max-video-preview":"max-video-preview:-1"},"canonical":"https:\/\/www.revue3emillenaire.com\/blog\/connecter-les-chainons-manquants-du-cerveau-entretien-avec-iain-mcgilchrist-par-nilantha-ilangamuwa\/","og_locale":"fr_FR","og_type":"article","og_title":"Connecter les cha\u00eenons manquants du cerveau\u00a0: entretien avec Iain McGilchrist par Nilantha Ilangamuwa - 3e mill\u00e9naire - Spiritualit\u00e9 - Connaissance de soi - Non-dualit\u00e9 - M\u00e9ditation","og_description":"Traduction libre Le bouddhisme est une pratique id\u00e9ale et un outil puissant pour \u00e9quilibrer les h\u00e9misph\u00e8res gauche et droit du cerveau humain Dans cet entretien avec le Dr Iain McGilchrist, \u00e9minent sp\u00e9cialiste des neurosciences, nous explorons les nuances de la soci\u00e9t\u00e9 contemporaine, l\u2019\u00e9ducation et les implications profondes des progr\u00e8s technologiques, en particulier de l\u2019intelligence artificielle [&hellip;]","og_url":"https:\/\/www.revue3emillenaire.com\/blog\/connecter-les-chainons-manquants-du-cerveau-entretien-avec-iain-mcgilchrist-par-nilantha-ilangamuwa\/","og_site_name":"3e mill\u00e9naire - Spiritualit\u00e9 - Connaissance de soi - Non-dualit\u00e9 - M\u00e9ditation","article_published_time":"2024-06-20T03:39:31+00:00","og_image":[{"width":251,"height":245,"url":"https:\/\/www.revue3emillenaire.com\/blog\/wp-content\/uploads\/2022\/02\/Iain-McGilchrist.jpg","type":"image\/jpeg"}],"author":"3e mill\u00e9naire","twitter_card":"summary_large_image","twitter_misc":{"\u00c9crit par":"3e mill\u00e9naire","Dur\u00e9e de lecture estim\u00e9e":"18 minutes"},"schema":{"@context":"https:\/\/schema.org","@graph":[{"@type":"Article","@id":"https:\/\/www.revue3emillenaire.com\/blog\/connecter-les-chainons-manquants-du-cerveau-entretien-avec-iain-mcgilchrist-par-nilantha-ilangamuwa\/#article","isPartOf":{"@id":"https:\/\/www.revue3emillenaire.com\/blog\/connecter-les-chainons-manquants-du-cerveau-entretien-avec-iain-mcgilchrist-par-nilantha-ilangamuwa\/"},"author":{"name":"3e mill\u00e9naire","@id":"https:\/\/www.revue3emillenaire.com\/blog\/#\/schema\/person\/b692dacff720a5344a6190bc714397eb"},"headline":"Connecter les cha\u00eenons manquants du cerveau\u00a0: entretien avec Iain McGilchrist par Nilantha Ilangamuwa","datePublished":"2024-06-20T03:39:31+00:00","mainEntityOfPage":{"@id":"https:\/\/www.revue3emillenaire.com\/blog\/connecter-les-chainons-manquants-du-cerveau-entretien-avec-iain-mcgilchrist-par-nilantha-ilangamuwa\/"},"wordCount":4130,"image":{"@id":"https:\/\/www.revue3emillenaire.com\/blog\/connecter-les-chainons-manquants-du-cerveau-entretien-avec-iain-mcgilchrist-par-nilantha-ilangamuwa\/#primaryimage"},"thumbnailUrl":"https:\/\/www.revue3emillenaire.com\/blog\/wp-content\/uploads\/2022\/02\/Iain-McGilchrist.jpg","keywords":["Bouddhisme","cerveau","Civilisation","Conscience","h\u00e9misph\u00e8re","M\u00e9ditation","Neuroscience"],"articleSection":["Entretien\/Interview","McGilchrist Iain"],"inLanguage":"fr-FR"},{"@type":"WebPage","@id":"https:\/\/www.revue3emillenaire.com\/blog\/connecter-les-chainons-manquants-du-cerveau-entretien-avec-iain-mcgilchrist-par-nilantha-ilangamuwa\/","url":"https:\/\/www.revue3emillenaire.com\/blog\/connecter-les-chainons-manquants-du-cerveau-entretien-avec-iain-mcgilchrist-par-nilantha-ilangamuwa\/","name":"Connecter les cha\u00eenons manquants du cerveau\u00a0: entretien avec Iain McGilchrist par Nilantha Ilangamuwa - 3e mill\u00e9naire - Spiritualit\u00e9 - Connaissance de soi - Non-dualit\u00e9 - M\u00e9ditation","isPartOf":{"@id":"https:\/\/www.revue3emillenaire.com\/blog\/#website"},"primaryImageOfPage":{"@id":"https:\/\/www.revue3emillenaire.com\/blog\/connecter-les-chainons-manquants-du-cerveau-entretien-avec-iain-mcgilchrist-par-nilantha-ilangamuwa\/#primaryimage"},"image":{"@id":"https:\/\/www.revue3emillenaire.com\/blog\/connecter-les-chainons-manquants-du-cerveau-entretien-avec-iain-mcgilchrist-par-nilantha-ilangamuwa\/#primaryimage"},"thumbnailUrl":"https:\/\/www.revue3emillenaire.com\/blog\/wp-content\/uploads\/2022\/02\/Iain-McGilchrist.jpg","datePublished":"2024-06-20T03:39:31+00:00","author":{"@id":"https:\/\/www.revue3emillenaire.com\/blog\/#\/schema\/person\/b692dacff720a5344a6190bc714397eb"},"breadcrumb":{"@id":"https:\/\/www.revue3emillenaire.com\/blog\/connecter-les-chainons-manquants-du-cerveau-entretien-avec-iain-mcgilchrist-par-nilantha-ilangamuwa\/#breadcrumb"},"inLanguage":"fr-FR","potentialAction":[{"@type":"ReadAction","target":["https:\/\/www.revue3emillenaire.com\/blog\/connecter-les-chainons-manquants-du-cerveau-entretien-avec-iain-mcgilchrist-par-nilantha-ilangamuwa\/"]}]},{"@type":"ImageObject","inLanguage":"fr-FR","@id":"https:\/\/www.revue3emillenaire.com\/blog\/connecter-les-chainons-manquants-du-cerveau-entretien-avec-iain-mcgilchrist-par-nilantha-ilangamuwa\/#primaryimage","url":"https:\/\/www.revue3emillenaire.com\/blog\/wp-content\/uploads\/2022\/02\/Iain-McGilchrist.jpg","contentUrl":"https:\/\/www.revue3emillenaire.com\/blog\/wp-content\/uploads\/2022\/02\/Iain-McGilchrist.jpg","width":251,"height":245},{"@type":"BreadcrumbList","@id":"https:\/\/www.revue3emillenaire.com\/blog\/connecter-les-chainons-manquants-du-cerveau-entretien-avec-iain-mcgilchrist-par-nilantha-ilangamuwa\/#breadcrumb","itemListElement":[{"@type":"ListItem","position":1,"name":"Accueil","item":"https:\/\/www.revue3emillenaire.com\/blog\/"},{"@type":"ListItem","position":2,"name":"Connecter les cha\u00eenons manquants du cerveau\u00a0: entretien avec Iain McGilchrist par Nilantha Ilangamuwa"}]},{"@type":"WebSite","@id":"https:\/\/www.revue3emillenaire.com\/blog\/#website","url":"https:\/\/www.revue3emillenaire.com\/blog\/","name":"3e mill\u00e9naire - Spiritualit\u00e9 - Connaissance de soi - Non-dualit\u00e9 - M\u00e9ditation","description":"L&#039;Homme en devenir","potentialAction":[{"@type":"SearchAction","target":{"@type":"EntryPoint","urlTemplate":"https:\/\/www.revue3emillenaire.com\/blog\/?s={search_term_string}"},"query-input":{"@type":"PropertyValueSpecification","valueRequired":true,"valueName":"search_term_string"}}],"inLanguage":"fr-FR"},{"@type":"Person","@id":"https:\/\/www.revue3emillenaire.com\/blog\/#\/schema\/person\/b692dacff720a5344a6190bc714397eb","name":"3e mill\u00e9naire","url":"https:\/\/www.revue3emillenaire.com\/blog\/author\/scoussa\/"}]}},"_links":{"self":[{"href":"https:\/\/www.revue3emillenaire.com\/blog\/wp-json\/wp\/v2\/posts\/19947","targetHints":{"allow":["GET"]}}],"collection":[{"href":"https:\/\/www.revue3emillenaire.com\/blog\/wp-json\/wp\/v2\/posts"}],"about":[{"href":"https:\/\/www.revue3emillenaire.com\/blog\/wp-json\/wp\/v2\/types\/post"}],"author":[{"embeddable":true,"href":"https:\/\/www.revue3emillenaire.com\/blog\/wp-json\/wp\/v2\/users\/2"}],"replies":[{"embeddable":true,"href":"https:\/\/www.revue3emillenaire.com\/blog\/wp-json\/wp\/v2\/comments?post=19947"}],"version-history":[{"count":0,"href":"https:\/\/www.revue3emillenaire.com\/blog\/wp-json\/wp\/v2\/posts\/19947\/revisions"}],"wp:featuredmedia":[{"embeddable":true,"href":"https:\/\/www.revue3emillenaire.com\/blog\/wp-json\/wp\/v2\/media\/18856"}],"wp:attachment":[{"href":"https:\/\/www.revue3emillenaire.com\/blog\/wp-json\/wp\/v2\/media?parent=19947"}],"wp:term":[{"taxonomy":"category","embeddable":true,"href":"https:\/\/www.revue3emillenaire.com\/blog\/wp-json\/wp\/v2\/categories?post=19947"},{"taxonomy":"post_tag","embeddable":true,"href":"https:\/\/www.revue3emillenaire.com\/blog\/wp-json\/wp\/v2\/tags?post=19947"}],"curies":[{"name":"wp","href":"https:\/\/api.w.org\/{rel}","templated":true}]}}