{"id":20016,"date":"2024-06-29T01:08:52","date_gmt":"2024-06-29T00:08:52","guid":{"rendered":"https:\/\/www.revue3emillenaire.com\/blog\/?p=20016"},"modified":"2024-06-29T01:08:52","modified_gmt":"2024-06-29T00:08:52","slug":"la-realite-est-la-tapisserie-de-la-perception-par-helen-yetter-chappell","status":"publish","type":"post","link":"https:\/\/www.revue3emillenaire.com\/blog\/la-realite-est-la-tapisserie-de-la-perception-par-helen-yetter-chappell\/","title":{"rendered":"La r\u00e9alit\u00e9 est la tapisserie de la perception par Helen Yetter-Chappell"},"content":{"rendered":"<p align=\"justify\"><i>Traduction libre<\/i><\/p>\n<p align=\"justify\">2024-05-26<\/p>\n<p align=\"justify\"><b>Une br\u00e8ve introduction<\/b><\/p>\n<p align=\"justify\"><i>Dr\u00a0Yetter-Chappell est titulaire d\u2019un doctorat en philosophie de l\u2019universit\u00e9 de Princeton. Elle a \u00e9t\u00e9 charg\u00e9e de cours \u00e0 l\u2019universit\u00e9 de York, professeure adjointe \u00e0 l\u2019universit\u00e9 de Bowling Green et est actuellement professeure adjointe \u00e0 l\u2019universit\u00e9 de Miami. Helen travaille sur des sujets \u00e0 l\u2019intersection de la m\u00e9taphysique et de la philosophie de l\u2019esprit. Elle d\u00e9veloppe actuellement un nouvel id\u00e9alisme quasi berkeleyen. Son objectif est de garantir des jugements de bon sens sur l\u2019objectivit\u00e9 et la persistance dans un monde o\u00f9 les objets sont fondamentalement ph\u00e9nom\u00e9naux, sans s\u2019appuyer sur les ressources controvers\u00e9es du th\u00e9isme. Elle s\u2019int\u00e9resse particuli\u00e8rement \u00e0 la place des agents conscients ordinaires (comme nous) dans la r\u00e9alit\u00e9, explorant les implications de l\u2019id\u00e9alisme pour le probl\u00e8me corps-esprit et la perception. Ses autres recherches portent sur la conscience (sa nature, son contenu et la mani\u00e8re dont des agents limit\u00e9s comme nous la conceptualisent). Elle s\u2019int\u00e9resse \u00e9galement au naturalisme\/non-naturalisme m\u00e9ta\u00e9thique (et \u00e0 sa relation avec le physicalisme\/dualisme dans la philosophie de l\u2019esprit), \u00e0 l\u2019ind\u00e9termination m\u00e9taphysique et au flou ontique, \u00e0 l\u2019imagerie mentale, \u00e0 l\u2019introspection et au caract\u00e8re\/vertu.<\/i><\/p>\n<p align=\"justify\"><b>La vision mat\u00e9rialiste du monde prive la r\u00e9alit\u00e9 de sa couleur, de sa temp\u00e9rature, de son odeur, nous laissant avec une image qui est radicalement en d\u00e9saccord avec notre compr\u00e9hension du monde par le sens commun. Helen Yetter-Chappell propose une alternative\u00a0: la r\u00e9alit\u00e9 est faite d\u2019exp\u00e9riences, tiss\u00e9es ensemble en une tapisserie exp\u00e9rientielle qui persiste m\u00eame lorsque nous ne regardons pas. Cet essai est un autre volet de la s\u00e9rie \u00ab\u00a0Le retour de l\u2019id\u00e9alisme\u00a0\u00bb.<\/b><\/p>\n<p align=\"center\">____________________________________<\/p>\n<p align=\"justify\">La neige est blanche. Le feu est chaud. Quoi de plus \u00e9vident\u00a0? Pourtant, un nombre surprenant de philosophes ne pensent pas que ces choses soient vraies de la mani\u00e8re dont nous le supposons habituellement.<\/p>\n<p align=\"justify\">Qu\u2019est-ce que cela signifie qu\u2019une chose est chaude\u00a0? Vous le savez. Vous avez d\u00e9j\u00e0 ressenti de la chaleur. C\u2019est chaud, puis c\u2019est d\u00e9sagr\u00e9able, puis \u00e7a br\u00fble. C\u2019est\u2026 chaud. Mais lorsque les scientifiques regardent autour d\u2019eux, ils ne trouvent pas cette sensation de chaleur. Ce qu\u2019ils trouvent, ce sont des mol\u00e9cules qui rebondissent rapidement. Les scientifiques (re)d\u00e9finissent donc la chaleur comme l\u2019\u00e9nergie cin\u00e9tique mol\u00e9culaire.<\/p>\n<p align=\"justify\">Qu\u2019est-ce que cela signifie qu\u2019une chose est blanche\u00a0? Vous le savez aussi. \u00c7a a l\u2019air\u2026 blanc. Mais lorsque les scientifiques regardent autour d\u2019eux, ils ne trouvent pas cette \u00ab\u00a0apparence\u00a0\u00bb blanch\u00e2tre. Ils trouvent des objets ayant des structures mol\u00e9culaires diff\u00e9rentes, qui r\u00e9fl\u00e9chissent et absorbent diff\u00e9rentes gammes du spectre \u00e9lectromagn\u00e9tique. Le blanc est donc (re)d\u00e9fini comme ayant une structure mol\u00e9culaire qui r\u00e9fl\u00e9chit toutes les radiations \u00e9lectromagn\u00e9tiques dont la longueur d\u2019onde est comprise entre 380 et 700\u00a0nanom\u00e8tres.<\/p>\n<p align=\"justify\">Il serait absurde de nier que les objets chauds ont une \u00e9nergie cin\u00e9tique mol\u00e9culaire \u00e9lev\u00e9e ou que les objets blancs r\u00e9fl\u00e9chissent la lumi\u00e8re dans une certaine longueur d\u2019onde. C\u2019est le r\u00f4le de la science de r\u00e9v\u00e9ler les caract\u00e9ristiques structurelles du monde qui nous entoure. Et elle y parvient \u00e0 merveille. Mais de nombreux philosophes vont plus loin. Ils consid\u00e8rent que ces caract\u00e9ristiques structurelles sont tout ce que le monde contient en mati\u00e8re de chaleur et de couleur. La blancheur que je croyais faire partie de la r\u00e9alit\u00e9 n\u2019est qu\u2019une illusion g\u00e9n\u00e9r\u00e9e par mon cerveau.<\/p>\n<p align=\"justify\">Ce sont des simplifications extr\u00eames d\u2019une <span style=\"color: #000080;\"><u><a href=\"https:\/\/plato.stanford.edu\/entries\/color\/\" target=\"_blank\" rel=\"noopener\">riche litt\u00e9rature philosophique sur la nature de la couleur<\/a><\/u><\/span>. Le point essentiel est que l\u2019image scientifique standard du monde d\u00e9peint un lieu radicalement \u00e9tranger, d\u00e9pourvu de toute la chaleur et de la couleur qui infusent nos exp\u00e9riences. Le monde devient une s\u00e9rie de points sans substance.<\/p>\n<p align=\"justify\">Mais doit-il en \u00eatre ainsi\u00a0? Les structures r\u00e9v\u00e9l\u00e9es par la science pourraient-elles elles-m\u00eames \u00eatre impr\u00e9gn\u00e9es de qualit\u00e9s telles que la chaleur et la couleur\u00a0? Et \u00e0 quoi devrait ressembler le monde pour que cela soit possible\u00a0?<\/p>\n<p align=\"justify\"><b>L\u2019id\u00e9alisme de Berkeley<\/b><\/p>\n<p align=\"justify\">Le philosophe des Lumi\u00e8res George Berkeley s\u2019est oppos\u00e9 \u00e0 cette vision mat\u00e9rialiste de la r\u00e9alit\u00e9 d\u00e9pourvue de \u00ab\u00a0qualit\u00e9s sensibles\u00a0\u00bb\u00a0:<\/p>\n<p style=\"padding-left: 80px;\" align=\"justify\"><span style=\"color: #c9211e;\"><i>Je suis d\u2019avis que les choses r\u00e9elles sont celles-l\u00e0 m\u00eames que je vois, que je sens et que je per\u00e7ois par mes sens. Celles-l\u00e0, je les connais et, comme elles r\u00e9pondent \u00e0 toutes les n\u00e9cessit\u00e9s et \u00e0 tous les objectifs de la vie, je n\u2019ai aucune raison de me pr\u00e9occuper au sujet d\u2019autres \u00eatres inconnus. &#8230; Je suis \u00e9galement d\u2019avis que les couleurs et les autres qualit\u00e9s sensibles se trouvent sur les objets. Je ne peux m\u2019emp\u00eacher de penser que la neige est blanche et le feu chaud.<\/i><\/span> (Troisi\u00e8me dialogue)<\/p>\n<p align=\"justify\">Berkeley soutenait que rien d\u2019autre qu\u2019une exp\u00e9rience ne peut ressembler \u00e0 une exp\u00e9rience. (Si vous n\u2019\u00eates pas s\u00fbr, essayez de le nier. Essayez d\u2019imaginer quelque chose qui n\u2019est pas une exp\u00e9rience, mais qui ressemble qualitativement \u00e0 une chatouille. Cela n\u2019a pas beaucoup de sens, n\u2019est-ce pas\u00a0? Berkeley pense qu\u2019il en va de m\u00eame pour l\u2019exp\u00e9rience de la chaleur et de la blancheur). Si cela est vrai, il n\u2019est pas \u00e9tonnant que la plupart des philosophes embrassent une conception de la r\u00e9alit\u00e9 qui nous est radicalement \u00e9trang\u00e8re. La plupart des philosophes sont mat\u00e9rialistes. C\u2019est-\u00e0-dire qu\u2019ils soutiennent que la r\u00e9alit\u00e9 est ind\u00e9pendante de l\u2019esprit. Mais le monde tel que nous le connaissons est celui dont nous faisons l\u2019exp\u00e9rience. Tout ce que nous savons de la r\u00e9alit\u00e9 \u2014 m\u00eame tout ce que nous savons de la science \u2014 provient de notre exp\u00e9rience du monde dans lequel nous vivons. Si le monde ext\u00e9rieur n\u2019inclut pas l\u2019exp\u00e9rientialit\u00e9, et que rien d\u2019autre qu\u2019une exp\u00e9rience ne peut ressembler \u00e0 une exp\u00e9rience, le monde dans lequel nous vivons n\u2019a rien \u00e0 voir avec le monde dans lequel nous pensons vivre.<\/p>\n<p align=\"justify\">Je suis en fait tr\u00e8s favorable \u00e0 l\u2019id\u00e9e que notre connaissance du monde dans lequel nous vivons est radicalement appauvrie. Mais c\u2019est une vision suffisamment ali\u00e9nante pour que je pense qu\u2019il vaut la peine d\u2019explorer des conceptions alternatives de la r\u00e9alit\u00e9 afin de voir si nous ne pouvons pas embrasser \u00e0 la fois notre compr\u00e9hension intuitive du monde et les le\u00e7ons que la science nous enseigne sur la structure de la r\u00e9alit\u00e9.<\/p>\n<p align=\"justify\">La r\u00e9ponse de Berkeley \u00e9tait que le monde qui nous entoure est un ensemble d\u2019id\u00e9es, que l\u2019on peut grossi\u00e8rement consid\u00e9rer comme des images mentales. C\u2019est un point de vue connu sous le nom d\u2019id\u00e9alisme. Pensez au g\u00e2teau au chocolat que vous avez pr\u00e9par\u00e9 hier soir. Que savez-vous de lui\u00a0? Il est brun et spongieux\u00a0; sucr\u00e9 et chocolat\u00e9\u00a0; il est recouvert d\u2019un gla\u00e7age au beurre cr\u00e9meux et plus clair. Selon Berkeley, le g\u00e2teau n\u2019est qu\u2019un ensemble d\u2019exp\u00e9riences que l\u2019on a en le rencontrant (brun, sucr\u00e9, etc.). Il pourrait \u00e9galement y avoir bien plus dans le g\u00e2teau que ce que vous ou moi exp\u00e9rimentons. Votre ami atteint de covid n\u2019est peut-\u00eatre pas capable de go\u00fbter le chocolat que vous go\u00fbtez. Votre ami aveugle ne peut peut-\u00eatre pas voir la couleur brune que vous voyez. \u00c0 l\u2019inverse, vous ne pouvez pas sentir les nuances complexes que le chien sent, ni percevoir les infrarouges que le serpent sent, ni voir la structure mol\u00e9culaire qu\u2019un scientifique observe au microscope. Mais Berkeley peut accepter que tous ces \u00e9l\u00e9ments soient \u00e9galement des caract\u00e9ristiques r\u00e9elles du g\u00e2teau.<\/p>\n<p align=\"justify\">Ainsi, les id\u00e9alistes soutiennent donc que la r\u00e9alit\u00e9 est fondamentalement mentale\u00a0: un ensemble structur\u00e9 d\u2019exp\u00e9riences. Ce point de vue pose imm\u00e9diatement un probl\u00e8me. Si la r\u00e9alit\u00e9 est un ensemble d\u2019exp\u00e9riences, que se passe-t-il lorsque personne n\u2019est l\u00e0 pour en faire l\u2019exp\u00e9rience\u00a0? Supposons que vous mettiez votre g\u00e2teau au chocolat au r\u00e9frig\u00e9rateur pendant la nuit. Il n\u2019y a personne dans le r\u00e9frig\u00e9rateur pour en faire l\u2019exp\u00e9rience. Lorsque j\u2019ouvre le r\u00e9frig\u00e9rateur le matin, il est l\u00e0. Mais que s\u2019est-il pass\u00e9 entre-temps\u00a0? A-t-il disparu de l\u2019existence, puis est-il revenu\u00a0? Pire encore, que se passe-t-il s\u2019il n\u2019y a personne derri\u00e8re mon g\u00e2teau, regardant de l\u2019autre c\u00f4t\u00e9\u00a0? L\u2019autre c\u00f4t\u00e9 n\u2019existe-t-il pas\u00a0? Sa douceur existe-t-elle lorsque personne ne le mange, ou n\u2019appara\u00eet-elle que lorsque je commence \u00e0 manger\u00a0?<\/p>\n<p align=\"justify\">R\u00e9pondre par l\u2019affirmative \u00e0 ces questions serait une source d\u2019embarras, en particulier pour un point de vue qui se veut en accord avec le sens commun. Et ce d\u00e9fi soul\u00e8ve une inqui\u00e9tude plus g\u00e9n\u00e9rale\u00a0: la crainte qu\u2019en consid\u00e9rant la r\u00e9alit\u00e9 comme d\u00e9pendante de l\u2019esprit nous ayons \u00e9limin\u00e9 la r\u00e9alit\u00e9, la r\u00e9duisant \u00e0 une simple imagination \u00e9labor\u00e9e.<\/p>\n<p align=\"justify\">Heureusement, Berkeley a une r\u00e9ponse\u00a0: Dieu. Les d\u00e9tails de l\u2019explication de Berkeley font l\u2019objet d\u2019un d\u00e9bat. Mais une interpr\u00e9tation simple (qui n\u2019est probablement pas le point de vue r\u00e9el de Berkeley) est illustr\u00e9e par un c\u00e9l\u00e8bre limerick\u00a0:<\/p>\n<p style=\"padding-left: 80px;\" align=\"justify\"><span style=\"color: #c9211e;\"><i>Il \u00e9tait un jeune homme qui disait\u00a0: Dieu<br \/>\ndoit trouver cela extr\u00eamement \u00e9trange<br \/>\ns\u2019il d\u00e9couvre que l\u2019arbre continue d\u2019exister<br \/>\nquand personne n\u2019est pr\u00e9sent dans la cour.<br \/>\nCher Monsieur, votre \u00e9tonnement est \u00e9trange,<br \/>\nje suis toujours pr\u00e9sent dans la cour<br \/>\net c\u2019est pourquoi l\u2019arbre<br \/>\ncontinue d\u2019exister,<br \/>\ncar il est observ\u00e9 par, fid\u00e8lement v\u00f4tre, Dieu. <\/i><\/span><\/p>\n<p align=\"justify\">Le g\u00e2teau n\u2019appara\u00eet pas et ne dispara\u00eet pas. Pourquoi\u00a0? Qu\u2019il soit dans le r\u00e9frig\u00e9rateur, dans mon assiette ou dans mon estomac, Dieu le per\u00e7oit toujours. De m\u00eame, les attributs du g\u00e2teau (son verso, son go\u00fbt sucr\u00e9) restent constants. Il en va de m\u00eame pour le monde en g\u00e9n\u00e9ral\u00a0: Il persiste et se d\u00e9ploie, ind\u00e9pendamment de nos pens\u00e9es, de notre attention ou de nos exp\u00e9riences, dans l\u2019esprit de Dieu. La r\u00e9alit\u00e9 peut d\u00e9pendante de l\u2019esprit, mais elle n\u2019est pas d\u00e9pendante de mon esprit ou de l\u2019esprit humain.<\/p>\n<p align=\"justify\">Berkeley n\u2019a pas \u00e9limin\u00e9 la r\u00e9alit\u00e9\u00a0: il a rendu compte de la nature de la r\u00e9alit\u00e9. Il n\u2019a pas rendu la r\u00e9alit\u00e9 insubstantielle. Au contraire, il nous a donn\u00e9 de la substance \u2014 en remplissant les points de la vision mat\u00e9rialiste. Comme le dit Berkeley avec humour, \u00ab\u00a0un morceau de pain sensible, par exemple, calmerait mieux mon estomac que dix mille fois plus de ce pain insensible, inintelligible et r\u00e9el dont parlent les mat\u00e9rialistes\u00a0\u00bb.<\/p>\n<p align=\"justify\"><b>L\u2019id\u00e9alisme non th\u00e9iste<\/b><\/p>\n<p align=\"justify\">Je suis moi-m\u00eame agnostique. Si l\u2019id\u00e9alisme exige un Dieu jud\u00e9o-chr\u00e9tien traditionnel, cela me semble co\u00fbteux. Mon livre, <span style=\"color: #000080;\"><u><a href=\"http:\/\/yetterchappell.net\/Helen\/idealism-book.html\" target=\"_blank\" rel=\"noopener\"><i>The View from Everywhere<\/i><\/a><\/u><\/span> (\u00e0 para\u00eetre chez Oxford University Press), affirme que l\u2019id\u00e9alisme ne n\u00e9cessite pas un tel Dieu.<\/p>\n<p align=\"justify\">Dieu est traditionnellement consid\u00e9r\u00e9 comme un agent omnibienveillant, omnipotent et omniscient. Mais aucune de ces caract\u00e9ristiques n\u2019est essentielle au r\u00f4le de Dieu dans le maintien de votre g\u00e2teau au chocolat. Dieu pourrait avoir des pens\u00e9es occasionnellement malveillantes ou \u00eatre incapable d\u2019accomplir des miracles tout en assurant la subsistance de votre g\u00e2teau au chocolat. Et il n\u2019est pas n\u00e9cessaire que Dieu ait des croyances (et donc des connaissances) pour maintenir le g\u00e2teau. Ce qui est essentiel, du moins selon le point de vue incarn\u00e9 par le limerick, ce sont simplement les exp\u00e9riences sensorielles de Dieu\u00a0: Les exp\u00e9riences du brun, du chocolat, du sucr\u00e9 et du spongieux, ainsi que les relations structurelles entre ces exp\u00e9riences. J\u2019ai propos\u00e9 de retirer les attributs inessentiels pour obtenir une forme d\u2019id\u00e9alisme non th\u00e9iste plus minimaliste.<\/p>\n<p align=\"justify\">L\u2019esprit de Dieu est pour nous comme une \u00ab\u00a0bo\u00eete noire\u00a0\u00bb. Pour l\u2019id\u00e9aliste th\u00e9iste traditionnel, une \u00e9norme quantit\u00e9 de travail nous est cach\u00e9e \u00e0 l\u2019int\u00e9rieur de cette bo\u00eete noire. L\u2019id\u00e9alisme non th\u00e9iste nous invite \u00e0 jeter un coup d\u2019\u0153il \u00e0 l\u2019int\u00e9rieur de la bo\u00eete noire et \u00e0 d\u00e9couvrir les myst\u00e8res de la fa\u00e7on dont tout cela s\u2019imbrique.<\/p>\n<p align=\"justify\">Je sugg\u00e8re que la r\u00e9alit\u00e9 est une sorte de \u00ab\u00a0tapisserie exp\u00e9rientielle\u00a0\u00bb tiss\u00e9e \u00e0 partir de fils exp\u00e9rientiels. Le travail principal consiste \u00e0 expliquer (i) ce qui constitue les fils, (ii) comment les fils sont structur\u00e9s ou \u00ab\u00a0tiss\u00e9s\u00a0\u00bb en un monde, et (iii) comment nous nous rapportons \u00e0 la tapisserie exp\u00e9rientielle\u2026 et, enfin, (iv) \u00e0 montrer qu\u2019il n\u2019est pas n\u00e9cessaire d\u2019abandonner notre vision scientifique du monde pour y parvenir.<\/p>\n<p align=\"justify\">Les fils exp\u00e9rientiels qui constituent notre monde vont bien au-del\u00e0 des exp\u00e9riences que vous ou moi avons. La tapisserie exp\u00e9rientielle s\u2019\u00e9tend jusqu\u2019\u00e0 mon r\u00e9frig\u00e9rateur ferm\u00e9 (tout comme les exp\u00e9riences de Dieu le feraient). Et les fils qui composent la tapisserie vont bien au-del\u00e0 des exp\u00e9riences que les \u00eatres humains sont m\u00eame capables de vivre. Les abeilles, avec leur capacit\u00e9 \u00e0 voir les ultraviolets, les serpents, avec leur capacit\u00e9 \u00e0 d\u00e9tecter les infrarouges, et les oiseaux migrateurs, avec leur capacit\u00e9 \u00e0 d\u00e9tecter le champ magn\u00e9tique terrestre, font tous l\u2019exp\u00e9rience des aspects de la r\u00e9alit\u00e9 \u2014 de la tapisserie exp\u00e9rientielle \u2014 que nous ne faisons pas.<\/p>\n<p align=\"justify\">Une tapisserie en laine n\u2019est pas un simple amas de fils. Le fil est tiss\u00e9 \u2014 structur\u00e9 \u2014 en un tout. De m\u00eame, la tapisserie exp\u00e9rientielle n\u2019est pas un amas d\u2019exp\u00e9riences d\u00e9connect\u00e9es les unes des autres. La r\u00e9alit\u00e9 a une structure. Ce qui structure la r\u00e9alit\u00e9, ce ne sont pas les relations dessus-dessous, mais les m\u00eames types de relations que celles qui structurent notre esprit. Pensez \u00e0 l\u2019exp\u00e9rience de s\u2019asseoir dehors par une chaude journ\u00e9e d\u2019\u00e9t\u00e9, de siroter une boisson fra\u00eeche et d\u2019observer un cardinal sauter sur les branches d\u2019un arbre. Votre exp\u00e9rience comprend la chaleur, le froid, le rouge et le vert. Mais ces exp\u00e9riences ne sont pas d\u00e9sordonn\u00e9es. Le froid semble li\u00e9 \u00e0 la tasse, aux gla\u00e7ons, au liquide. Le rouge semble inh\u00e9rent \u00e0 la forme de l\u2019oiseau\u00a0; le vert, \u00e0 l\u2019aspect des feuilles au-dessus de nos t\u00eates. Les philosophes et les psychologues ont beaucoup travaill\u00e9 sur la mani\u00e8re de donner un sens aux relations qui structurent nos exp\u00e9riences. Selon le point de vue que je d\u00e9veloppe, ces m\u00eames relations qui structurent notre esprit \u2014 l\u2019unit\u00e9 de la conscience, la liaison des propri\u00e9t\u00e9s et les relations spatio-temporelles \u2014 fournissent \u00e9galement la structure de la tapisserie exp\u00e9rientielle.<\/p>\n<p align=\"justify\">L\u2019id\u00e9alisme non th\u00e9iste, comme celui de Berkeley, offre une image de la r\u00e9alit\u00e9 telle qu\u2019elle appara\u00eet, en int\u00e9grant des qualit\u00e9s sensibles dans sa nature la plus fondamentale.<\/p>\n<p align=\"justify\">Mais l\u2019un des aspects de ce point de vue que je trouve le plus passionnant est qu\u2019il ouvre une nouvelle voie de r\u00e9flexion sur notre relation au monde dans lequel nous vivons. Nous sommes tous bien familiers avec nos propres sentiments. Lorsque vous vous cognez l\u2019orteil, vous n\u2019avez pas besoin de d\u00e9duire que vous avez mal. Vous le savez directement. Votre douleur fait partie de vous. Je soutiens que notre esprit peut se superposer \u00e0 la tapisserie exp\u00e9rimentale, de sorte que nous pouvons \u00eatre aussi intimement li\u00e9s au monde que nous percevons qu\u2019\u00e0 nos propres douleurs. La douceur que vous go\u00fbtez en mordant dans le g\u00e2teau fait litt\u00e9ralement partie du g\u00e2teau (et de la tapisserie exp\u00e9rientielle). Mais lorsque vous le go\u00fbtez, il devient \u00e9galement une partie de votre esprit. Nous ne sommes pas d\u00e9connect\u00e9s de la r\u00e9alit\u00e9, mais nous y sommes int\u00e9gr\u00e9s et imbriqu\u00e9s.<\/p>\n<p align=\"justify\">Enfin, je soutiens que l\u2019id\u00e9alisme est compatible avec la science contemporaine. La science nous renseigne sur la structure de la r\u00e9alit\u00e9. Aucune exp\u00e9rience ne peut nous r\u00e9v\u00e9ler la nature ultime qui exhibe cette structure. L\u2019id\u00e9alisme, en revanche, est un point de vue sur la nature ultime de la r\u00e9alit\u00e9. La science nous renseigne sur les effets gravitationnels des trous noirs, sur les processus de fission nucl\u00e9aire, sur les particules qui composent les atomes, sur les forces qui lient ces particules entre elles. \u00c0 cela, l\u2019id\u00e9aliste r\u00e9pond \u00ab\u00a0oui, et tout cela n\u2019est qu\u2019exp\u00e9riences\u00a0\u00bb.<\/p>\n<p align=\"justify\">Ceci n\u2019est qu\u2019un aper\u00e7u du point de vue que je d\u00e9veloppe. Je ne peux pas en dire assez ici pour le d\u00e9velopper compl\u00e8tement ou le d\u00e9fendre (bien que j\u2019en discute plus en d\u00e9tail ici et dans des articles r\u00e9cents). Mais je pense qu\u2019il est clair qu\u2019il donne une conception radicalement diff\u00e9rente de la r\u00e9alit\u00e9 et de la place que nous y occupons \u2014 une image dans laquelle le monde que nous habitons n\u2019est pas dissoci\u00e9 du monde dont nous faisons l\u2019exp\u00e9rience.<\/p>\n<p align=\"justify\">Rien de tout cela ne constitue un argument d\u00e9cisif en faveur ou en d\u00e9faveur de l\u2019id\u00e9alisme. Je ne pense pas qu\u2019il existe un tel argument. Je ne pense pas que nous devions nous attendre \u00e0 avoir une connaissance incontestable de la nature du monde dans lequel nous vivons. Peut-\u00eatre que la r\u00e9alit\u00e9 est en effet aust\u00e8re et \u00e9trang\u00e8re. Mais nous ne sommes pas oblig\u00e9s d\u2019accepter la vision ali\u00e9nante du mat\u00e9rialisme. L\u2019id\u00e9alisme offre une alternative s\u00e9duisante, qui m\u00e9rite d\u2019\u00eatre prise au s\u00e9rieux.<\/p>\n<p align=\"justify\">Texte original\u00a0: <span style=\"color: #000080;\"><u><a href=\"https:\/\/www.essentiafoundation.org\/reality-is-the-tapestry-of-perception-the-return-of-idealism\/reading\/\" target=\"_blank\" rel=\"noopener\">https:\/\/www.essentiafoundation.org\/reality-is-the-tapestry-of-perception-the-return-of-idealism\/reading\/<\/a><\/u><\/span><\/p>\n","protected":false},"excerpt":{"rendered":"<p>Traduction libre 2024-05-26 Une br\u00e8ve introduction Dr\u00a0Yetter-Chappell est titulaire d\u2019un doctorat en philosophie de l\u2019universit\u00e9 de Princeton. Elle a \u00e9t\u00e9 charg\u00e9e de cours \u00e0 l\u2019universit\u00e9 de York, professeure adjointe \u00e0 l\u2019universit\u00e9 de Bowling Green et est actuellement professeure adjointe \u00e0 l\u2019universit\u00e9 de Miami. Helen travaille sur des sujets \u00e0 l\u2019intersection de la m\u00e9taphysique et de [&hellip;]<\/p>\n","protected":false},"author":2,"featured_media":20017,"comment_status":"closed","ping_status":"closed","sticky":false,"template":"","format":"standard","meta":{"footnotes":""},"categories":[1866],"tags":[1893,1494,1929,1741],"class_list":["post-20016","post","type-post","status-publish","format-standard","has-post-thumbnail","hentry","category-le-retour-de-lidealisme","tag-berkeley","tag-idealisme","tag-idealisme-non-theiste","tag-theisme"],"yoast_head":"<!-- This site is optimized with the Yoast SEO plugin v27.0 - https:\/\/yoast.com\/product\/yoast-seo-wordpress\/ -->\n<title>La r\u00e9alit\u00e9 est la tapisserie de la perception par Helen Yetter-Chappell - 3e mill\u00e9naire - Spiritualit\u00e9 - Connaissance de soi - Non-dualit\u00e9 - M\u00e9ditation<\/title>\n<meta name=\"robots\" content=\"index, follow, max-snippet:-1, max-image-preview:large, max-video-preview:-1\" \/>\n<link rel=\"canonical\" href=\"https:\/\/www.revue3emillenaire.com\/blog\/la-realite-est-la-tapisserie-de-la-perception-par-helen-yetter-chappell\/\" \/>\n<meta property=\"og:locale\" content=\"fr_FR\" \/>\n<meta property=\"og:type\" content=\"article\" \/>\n<meta property=\"og:title\" content=\"La r\u00e9alit\u00e9 est la tapisserie de la perception par Helen Yetter-Chappell - 3e mill\u00e9naire - Spiritualit\u00e9 - Connaissance de soi - Non-dualit\u00e9 - M\u00e9ditation\" \/>\n<meta property=\"og:description\" content=\"Traduction libre 2024-05-26 Une br\u00e8ve introduction Dr\u00a0Yetter-Chappell est titulaire d\u2019un doctorat en philosophie de l\u2019universit\u00e9 de Princeton. Elle a \u00e9t\u00e9 charg\u00e9e de cours \u00e0 l\u2019universit\u00e9 de York, professeure adjointe \u00e0 l\u2019universit\u00e9 de Bowling Green et est actuellement professeure adjointe \u00e0 l\u2019universit\u00e9 de Miami. Helen travaille sur des sujets \u00e0 l\u2019intersection de la m\u00e9taphysique et de [&hellip;]\" \/>\n<meta property=\"og:url\" content=\"https:\/\/www.revue3emillenaire.com\/blog\/la-realite-est-la-tapisserie-de-la-perception-par-helen-yetter-chappell\/\" \/>\n<meta property=\"og:site_name\" content=\"3e mill\u00e9naire - Spiritualit\u00e9 - Connaissance de soi - Non-dualit\u00e9 - M\u00e9ditation\" \/>\n<meta property=\"article:published_time\" content=\"2024-06-29T00:08:52+00:00\" \/>\n<meta property=\"og:image\" content=\"https:\/\/www.revue3emillenaire.com\/blog\/wp-content\/uploads\/2024\/06\/Helen-Yetter-Chappell.jpg\" \/>\n\t<meta property=\"og:image:width\" content=\"209\" \/>\n\t<meta property=\"og:image:height\" content=\"209\" \/>\n\t<meta property=\"og:image:type\" content=\"image\/jpeg\" \/>\n<meta name=\"author\" content=\"3e mill\u00e9naire\" \/>\n<meta name=\"twitter:card\" content=\"summary_large_image\" \/>\n<meta name=\"twitter:label1\" content=\"\u00c9crit par\" \/>\n\t<meta name=\"twitter:data1\" content=\"3e mill\u00e9naire\" \/>\n\t<meta name=\"twitter:label2\" content=\"Dur\u00e9e de lecture estim\u00e9e\" \/>\n\t<meta name=\"twitter:data2\" content=\"14 minutes\" \/>\n<script type=\"application\/ld+json\" class=\"yoast-schema-graph\">{\"@context\":\"https:\/\/schema.org\",\"@graph\":[{\"@type\":\"Article\",\"@id\":\"https:\/\/www.revue3emillenaire.com\/blog\/la-realite-est-la-tapisserie-de-la-perception-par-helen-yetter-chappell\/#article\",\"isPartOf\":{\"@id\":\"https:\/\/www.revue3emillenaire.com\/blog\/la-realite-est-la-tapisserie-de-la-perception-par-helen-yetter-chappell\/\"},\"author\":{\"name\":\"3e mill\u00e9naire\",\"@id\":\"https:\/\/www.revue3emillenaire.com\/blog\/#\/schema\/person\/b692dacff720a5344a6190bc714397eb\"},\"headline\":\"La r\u00e9alit\u00e9 est la tapisserie de la perception par Helen Yetter-Chappell\",\"datePublished\":\"2024-06-29T00:08:52+00:00\",\"mainEntityOfPage\":{\"@id\":\"https:\/\/www.revue3emillenaire.com\/blog\/la-realite-est-la-tapisserie-de-la-perception-par-helen-yetter-chappell\/\"},\"wordCount\":3106,\"image\":{\"@id\":\"https:\/\/www.revue3emillenaire.com\/blog\/la-realite-est-la-tapisserie-de-la-perception-par-helen-yetter-chappell\/#primaryimage\"},\"thumbnailUrl\":\"https:\/\/www.revue3emillenaire.com\/blog\/wp-content\/uploads\/2024\/06\/Helen-Yetter-Chappell.jpg\",\"keywords\":[\"Berkeley\",\"Id\u00e9alisme\",\"Id\u00e9alisme non th\u00e9iste\",\"Th\u00e9isme\"],\"articleSection\":[\"Le retour de l\u2019id\u00e9alisme\"],\"inLanguage\":\"fr-FR\"},{\"@type\":\"WebPage\",\"@id\":\"https:\/\/www.revue3emillenaire.com\/blog\/la-realite-est-la-tapisserie-de-la-perception-par-helen-yetter-chappell\/\",\"url\":\"https:\/\/www.revue3emillenaire.com\/blog\/la-realite-est-la-tapisserie-de-la-perception-par-helen-yetter-chappell\/\",\"name\":\"La r\u00e9alit\u00e9 est la tapisserie de la perception par Helen Yetter-Chappell - 3e mill\u00e9naire - Spiritualit\u00e9 - Connaissance de soi - Non-dualit\u00e9 - M\u00e9ditation\",\"isPartOf\":{\"@id\":\"https:\/\/www.revue3emillenaire.com\/blog\/#website\"},\"primaryImageOfPage\":{\"@id\":\"https:\/\/www.revue3emillenaire.com\/blog\/la-realite-est-la-tapisserie-de-la-perception-par-helen-yetter-chappell\/#primaryimage\"},\"image\":{\"@id\":\"https:\/\/www.revue3emillenaire.com\/blog\/la-realite-est-la-tapisserie-de-la-perception-par-helen-yetter-chappell\/#primaryimage\"},\"thumbnailUrl\":\"https:\/\/www.revue3emillenaire.com\/blog\/wp-content\/uploads\/2024\/06\/Helen-Yetter-Chappell.jpg\",\"datePublished\":\"2024-06-29T00:08:52+00:00\",\"author\":{\"@id\":\"https:\/\/www.revue3emillenaire.com\/blog\/#\/schema\/person\/b692dacff720a5344a6190bc714397eb\"},\"breadcrumb\":{\"@id\":\"https:\/\/www.revue3emillenaire.com\/blog\/la-realite-est-la-tapisserie-de-la-perception-par-helen-yetter-chappell\/#breadcrumb\"},\"inLanguage\":\"fr-FR\",\"potentialAction\":[{\"@type\":\"ReadAction\",\"target\":[\"https:\/\/www.revue3emillenaire.com\/blog\/la-realite-est-la-tapisserie-de-la-perception-par-helen-yetter-chappell\/\"]}]},{\"@type\":\"ImageObject\",\"inLanguage\":\"fr-FR\",\"@id\":\"https:\/\/www.revue3emillenaire.com\/blog\/la-realite-est-la-tapisserie-de-la-perception-par-helen-yetter-chappell\/#primaryimage\",\"url\":\"https:\/\/www.revue3emillenaire.com\/blog\/wp-content\/uploads\/2024\/06\/Helen-Yetter-Chappell.jpg\",\"contentUrl\":\"https:\/\/www.revue3emillenaire.com\/blog\/wp-content\/uploads\/2024\/06\/Helen-Yetter-Chappell.jpg\",\"width\":209,\"height\":209},{\"@type\":\"BreadcrumbList\",\"@id\":\"https:\/\/www.revue3emillenaire.com\/blog\/la-realite-est-la-tapisserie-de-la-perception-par-helen-yetter-chappell\/#breadcrumb\",\"itemListElement\":[{\"@type\":\"ListItem\",\"position\":1,\"name\":\"Accueil\",\"item\":\"https:\/\/www.revue3emillenaire.com\/blog\/\"},{\"@type\":\"ListItem\",\"position\":2,\"name\":\"La r\u00e9alit\u00e9 est la tapisserie de la perception par Helen Yetter-Chappell\"}]},{\"@type\":\"WebSite\",\"@id\":\"https:\/\/www.revue3emillenaire.com\/blog\/#website\",\"url\":\"https:\/\/www.revue3emillenaire.com\/blog\/\",\"name\":\"3e mill\u00e9naire - Spiritualit\u00e9 - Connaissance de soi - Non-dualit\u00e9 - M\u00e9ditation\",\"description\":\"L&#039;Homme en devenir\",\"potentialAction\":[{\"@type\":\"SearchAction\",\"target\":{\"@type\":\"EntryPoint\",\"urlTemplate\":\"https:\/\/www.revue3emillenaire.com\/blog\/?s={search_term_string}\"},\"query-input\":{\"@type\":\"PropertyValueSpecification\",\"valueRequired\":true,\"valueName\":\"search_term_string\"}}],\"inLanguage\":\"fr-FR\"},{\"@type\":\"Person\",\"@id\":\"https:\/\/www.revue3emillenaire.com\/blog\/#\/schema\/person\/b692dacff720a5344a6190bc714397eb\",\"name\":\"3e mill\u00e9naire\",\"url\":\"https:\/\/www.revue3emillenaire.com\/blog\/author\/scoussa\/\"}]}<\/script>\n<!-- \/ Yoast SEO plugin. -->","yoast_head_json":{"title":"La r\u00e9alit\u00e9 est la tapisserie de la perception par Helen Yetter-Chappell - 3e mill\u00e9naire - Spiritualit\u00e9 - Connaissance de soi - Non-dualit\u00e9 - M\u00e9ditation","robots":{"index":"index","follow":"follow","max-snippet":"max-snippet:-1","max-image-preview":"max-image-preview:large","max-video-preview":"max-video-preview:-1"},"canonical":"https:\/\/www.revue3emillenaire.com\/blog\/la-realite-est-la-tapisserie-de-la-perception-par-helen-yetter-chappell\/","og_locale":"fr_FR","og_type":"article","og_title":"La r\u00e9alit\u00e9 est la tapisserie de la perception par Helen Yetter-Chappell - 3e mill\u00e9naire - Spiritualit\u00e9 - Connaissance de soi - Non-dualit\u00e9 - M\u00e9ditation","og_description":"Traduction libre 2024-05-26 Une br\u00e8ve introduction Dr\u00a0Yetter-Chappell est titulaire d\u2019un doctorat en philosophie de l\u2019universit\u00e9 de Princeton. Elle a \u00e9t\u00e9 charg\u00e9e de cours \u00e0 l\u2019universit\u00e9 de York, professeure adjointe \u00e0 l\u2019universit\u00e9 de Bowling Green et est actuellement professeure adjointe \u00e0 l\u2019universit\u00e9 de Miami. Helen travaille sur des sujets \u00e0 l\u2019intersection de la m\u00e9taphysique et de [&hellip;]","og_url":"https:\/\/www.revue3emillenaire.com\/blog\/la-realite-est-la-tapisserie-de-la-perception-par-helen-yetter-chappell\/","og_site_name":"3e mill\u00e9naire - Spiritualit\u00e9 - Connaissance de soi - Non-dualit\u00e9 - M\u00e9ditation","article_published_time":"2024-06-29T00:08:52+00:00","og_image":[{"width":209,"height":209,"url":"https:\/\/www.revue3emillenaire.com\/blog\/wp-content\/uploads\/2024\/06\/Helen-Yetter-Chappell.jpg","type":"image\/jpeg"}],"author":"3e mill\u00e9naire","twitter_card":"summary_large_image","twitter_misc":{"\u00c9crit par":"3e mill\u00e9naire","Dur\u00e9e de lecture estim\u00e9e":"14 minutes"},"schema":{"@context":"https:\/\/schema.org","@graph":[{"@type":"Article","@id":"https:\/\/www.revue3emillenaire.com\/blog\/la-realite-est-la-tapisserie-de-la-perception-par-helen-yetter-chappell\/#article","isPartOf":{"@id":"https:\/\/www.revue3emillenaire.com\/blog\/la-realite-est-la-tapisserie-de-la-perception-par-helen-yetter-chappell\/"},"author":{"name":"3e mill\u00e9naire","@id":"https:\/\/www.revue3emillenaire.com\/blog\/#\/schema\/person\/b692dacff720a5344a6190bc714397eb"},"headline":"La r\u00e9alit\u00e9 est la tapisserie de la perception par Helen Yetter-Chappell","datePublished":"2024-06-29T00:08:52+00:00","mainEntityOfPage":{"@id":"https:\/\/www.revue3emillenaire.com\/blog\/la-realite-est-la-tapisserie-de-la-perception-par-helen-yetter-chappell\/"},"wordCount":3106,"image":{"@id":"https:\/\/www.revue3emillenaire.com\/blog\/la-realite-est-la-tapisserie-de-la-perception-par-helen-yetter-chappell\/#primaryimage"},"thumbnailUrl":"https:\/\/www.revue3emillenaire.com\/blog\/wp-content\/uploads\/2024\/06\/Helen-Yetter-Chappell.jpg","keywords":["Berkeley","Id\u00e9alisme","Id\u00e9alisme non th\u00e9iste","Th\u00e9isme"],"articleSection":["Le retour de l\u2019id\u00e9alisme"],"inLanguage":"fr-FR"},{"@type":"WebPage","@id":"https:\/\/www.revue3emillenaire.com\/blog\/la-realite-est-la-tapisserie-de-la-perception-par-helen-yetter-chappell\/","url":"https:\/\/www.revue3emillenaire.com\/blog\/la-realite-est-la-tapisserie-de-la-perception-par-helen-yetter-chappell\/","name":"La r\u00e9alit\u00e9 est la tapisserie de la perception par Helen Yetter-Chappell - 3e mill\u00e9naire - Spiritualit\u00e9 - Connaissance de soi - Non-dualit\u00e9 - M\u00e9ditation","isPartOf":{"@id":"https:\/\/www.revue3emillenaire.com\/blog\/#website"},"primaryImageOfPage":{"@id":"https:\/\/www.revue3emillenaire.com\/blog\/la-realite-est-la-tapisserie-de-la-perception-par-helen-yetter-chappell\/#primaryimage"},"image":{"@id":"https:\/\/www.revue3emillenaire.com\/blog\/la-realite-est-la-tapisserie-de-la-perception-par-helen-yetter-chappell\/#primaryimage"},"thumbnailUrl":"https:\/\/www.revue3emillenaire.com\/blog\/wp-content\/uploads\/2024\/06\/Helen-Yetter-Chappell.jpg","datePublished":"2024-06-29T00:08:52+00:00","author":{"@id":"https:\/\/www.revue3emillenaire.com\/blog\/#\/schema\/person\/b692dacff720a5344a6190bc714397eb"},"breadcrumb":{"@id":"https:\/\/www.revue3emillenaire.com\/blog\/la-realite-est-la-tapisserie-de-la-perception-par-helen-yetter-chappell\/#breadcrumb"},"inLanguage":"fr-FR","potentialAction":[{"@type":"ReadAction","target":["https:\/\/www.revue3emillenaire.com\/blog\/la-realite-est-la-tapisserie-de-la-perception-par-helen-yetter-chappell\/"]}]},{"@type":"ImageObject","inLanguage":"fr-FR","@id":"https:\/\/www.revue3emillenaire.com\/blog\/la-realite-est-la-tapisserie-de-la-perception-par-helen-yetter-chappell\/#primaryimage","url":"https:\/\/www.revue3emillenaire.com\/blog\/wp-content\/uploads\/2024\/06\/Helen-Yetter-Chappell.jpg","contentUrl":"https:\/\/www.revue3emillenaire.com\/blog\/wp-content\/uploads\/2024\/06\/Helen-Yetter-Chappell.jpg","width":209,"height":209},{"@type":"BreadcrumbList","@id":"https:\/\/www.revue3emillenaire.com\/blog\/la-realite-est-la-tapisserie-de-la-perception-par-helen-yetter-chappell\/#breadcrumb","itemListElement":[{"@type":"ListItem","position":1,"name":"Accueil","item":"https:\/\/www.revue3emillenaire.com\/blog\/"},{"@type":"ListItem","position":2,"name":"La r\u00e9alit\u00e9 est la tapisserie de la perception par Helen Yetter-Chappell"}]},{"@type":"WebSite","@id":"https:\/\/www.revue3emillenaire.com\/blog\/#website","url":"https:\/\/www.revue3emillenaire.com\/blog\/","name":"3e mill\u00e9naire - Spiritualit\u00e9 - Connaissance de soi - Non-dualit\u00e9 - M\u00e9ditation","description":"L&#039;Homme en devenir","potentialAction":[{"@type":"SearchAction","target":{"@type":"EntryPoint","urlTemplate":"https:\/\/www.revue3emillenaire.com\/blog\/?s={search_term_string}"},"query-input":{"@type":"PropertyValueSpecification","valueRequired":true,"valueName":"search_term_string"}}],"inLanguage":"fr-FR"},{"@type":"Person","@id":"https:\/\/www.revue3emillenaire.com\/blog\/#\/schema\/person\/b692dacff720a5344a6190bc714397eb","name":"3e mill\u00e9naire","url":"https:\/\/www.revue3emillenaire.com\/blog\/author\/scoussa\/"}]}},"_links":{"self":[{"href":"https:\/\/www.revue3emillenaire.com\/blog\/wp-json\/wp\/v2\/posts\/20016","targetHints":{"allow":["GET"]}}],"collection":[{"href":"https:\/\/www.revue3emillenaire.com\/blog\/wp-json\/wp\/v2\/posts"}],"about":[{"href":"https:\/\/www.revue3emillenaire.com\/blog\/wp-json\/wp\/v2\/types\/post"}],"author":[{"embeddable":true,"href":"https:\/\/www.revue3emillenaire.com\/blog\/wp-json\/wp\/v2\/users\/2"}],"replies":[{"embeddable":true,"href":"https:\/\/www.revue3emillenaire.com\/blog\/wp-json\/wp\/v2\/comments?post=20016"}],"version-history":[{"count":0,"href":"https:\/\/www.revue3emillenaire.com\/blog\/wp-json\/wp\/v2\/posts\/20016\/revisions"}],"wp:featuredmedia":[{"embeddable":true,"href":"https:\/\/www.revue3emillenaire.com\/blog\/wp-json\/wp\/v2\/media\/20017"}],"wp:attachment":[{"href":"https:\/\/www.revue3emillenaire.com\/blog\/wp-json\/wp\/v2\/media?parent=20016"}],"wp:term":[{"taxonomy":"category","embeddable":true,"href":"https:\/\/www.revue3emillenaire.com\/blog\/wp-json\/wp\/v2\/categories?post=20016"},{"taxonomy":"post_tag","embeddable":true,"href":"https:\/\/www.revue3emillenaire.com\/blog\/wp-json\/wp\/v2\/tags?post=20016"}],"curies":[{"name":"wp","href":"https:\/\/api.w.org\/{rel}","templated":true}]}}