{"id":20030,"date":"2024-06-30T14:36:23","date_gmt":"2024-06-30T13:36:23","guid":{"rendered":"https:\/\/www.revue3emillenaire.com\/blog\/?p=20030"},"modified":"2025-07-12T14:02:44","modified_gmt":"2025-07-12T13:02:44","slug":"expose-comment-les-racketteurs-du-climat-veulent-nous-forcer-a-entrer-dans-des-goulags-intelligents-par-paul-cudenec","status":"publish","type":"post","link":"https:\/\/www.revue3emillenaire.com\/blog\/expose-comment-les-racketteurs-du-climat-veulent-nous-forcer-a-entrer-dans-des-goulags-intelligents-par-paul-cudenec\/","title":{"rendered":"Expos\u00e9\u00a0: Comment les racketteurs du climat veulent nous forcer \u00e0 entrer dans des goulags intelligents par Paul Cudenec"},"content":{"rendered":"<p class=\"western\" align=\"justify\"><i>Traduction libre<\/i><\/p>\n<p class=\"western\" align=\"center\"><i>En Australie et en Nouvelle-Z\u00e9lande, des programmes de \u00ab\u00a0retraite g\u00e9r\u00e9e\u00a0\u00bb pourraient obliger les gens \u00e0 quitter des maisons que les mod\u00e8les de \u00ab\u00a0changement climatique\u00a0\u00bb rendent \u00ab\u00a0inassurables\u00a0\u00bb<\/i><\/p>\n<p class=\"western\" align=\"justify\">Des preuves choquantes \u00e9mergent d\u2019Australie et de la Nouvelle-Z\u00e9lande sur la fa\u00e7on dont l\u2019arnaque climatique est utilis\u00e9e pour imposer un avenir technototalitaire de villes intelligentes.<\/p>\n<p class=\"western\" align=\"justify\">Les imp\u00e9rialistes globaux criminocrates utilisent souvent leurs colonies du <a href=\"https:\/\/winteroak.org.uk\/2022\/05\/15\/empire-of-hypocrisy\/\" target=\"_blank\" rel=\"noopener\">Commonwealth<\/a> pour exp\u00e9rimenter les escalades les plus insidieuses de leur tyrannie \u2014 pensez au Canada, \u00e0 la Nouvelle-Z\u00e9lande et \u00e0 l\u2019Australie pendant Covid.<\/p>\n<p class=\"western\" align=\"justify\">Nous pouvons donc supposer qu\u2019il s\u2019agira du sch\u00e9ma directeur pour la mise en \u0153uvre de leur agenda de <a href=\"https:\/\/winteroak.org.uk\/2020\/04\/17\/resist-the-fourth-industrial-repression\/\" target=\"_blank\" rel=\"noopener\">la quatri\u00e8me r\u00e9volution industrielle<\/a> dans le monde entier.<\/p>\n<p class=\"western\" align=\"justify\">Le sinistre syst\u00e8me en question, appel\u00e9 \u00ab\u00a0Managed Retreat (Retraite G\u00e9r\u00e9e)\u00a0\u00bb, a \u00e9t\u00e9 expos\u00e9 par la chercheuse ind\u00e9pendante Kate Mason sur son <a href=\"https:\/\/kate739.substack.com\/\" target=\"_blank\" rel=\"noopener\">excellent blog Substack<\/a> visant \u00e0 \u00ab\u00a0d\u00e9construire les r\u00e9cits de la 4IR (4<sup>e\u00a0<\/sup>r\u00e9volution industrielle)\u00a0\u00bb.<\/p>\n<p class=\"western\" align=\"justify\">L\u2019id\u00e9e est que la \u00ab\u00a0mod\u00e9lisation\u00a0\u00bb exag\u00e9r\u00e9e des effets imaginaires du \u00ab\u00a0changement climatique\u00a0\u00bb est utilis\u00e9e pour d\u00e9finir certaines zones comme impropres \u00e0 l\u2019\u00e9tablissement humain.<\/p>\n<p class=\"western\" align=\"justify\">Travaillant main dans la main avec l\u2019\u00c9tat, l\u2019industrie de l\u2019assurance \u2014 qui est depuis longtemps un \u00e9l\u00e9ment central de l\u2019empire criminel corrompu \u2014 consid\u00e8re que les maisons situ\u00e9es dans ces zones ne sont pas \u00ab\u00a0assurables\u00a0\u00bb.<\/p>\n<p class=\"western\" align=\"justify\">Les banques jouent \u00e9galement leur r\u00f4le (bien s\u00fbr\u00a0!) en refusant d\u2019accorder des pr\u00eats hypoth\u00e9caires pour ces biens \u00ab\u00a0non assurables\u00a0\u00bb.<\/p>\n<p class=\"western\" align=\"justify\"><a href=\"https:\/\/www.revue3emillenaire.com\/blog\/wp-content\/uploads\/2024\/06\/AustCudenec.jpg\"><img loading=\"lazy\" decoding=\"async\" class=\"aligncenter size-full wp-image-20031\" src=\"https:\/\/www.revue3emillenaire.com\/blog\/wp-content\/uploads\/2024\/06\/AustCudenec.jpg\" alt=\"\" width=\"650\" height=\"318\" srcset=\"https:\/\/www.revue3emillenaire.com\/blog\/wp-content\/uploads\/2024\/06\/AustCudenec.jpg 650w, https:\/\/www.revue3emillenaire.com\/blog\/wp-content\/uploads\/2024\/06\/AustCudenec-300x147.jpg 300w\" sizes=\"auto, (max-width: 650px) 100vw, 650px\" \/><\/a><\/p>\n<p class=\"western\" align=\"justify\">Dans son <a href=\"https:\/\/kate739.substack.com\/p\/managed-retreat-australia\" target=\"_blank\" rel=\"noopener\">dernier article<\/a>, Kate fait r\u00e9f\u00e9rence \u00e0 un reportage t\u00e9l\u00e9vis\u00e9 sur Kensington Banks, pr\u00e8s du centre-ville de Melbourne, qui vient d\u2019\u00eatre d\u00e9clar\u00e9 zone inondable.<\/p>\n<p class=\"western\" align=\"justify\">Elle \u00e9crit\u00a0: \u00ab\u00a0<i>On s\u2019attend \u00e0 ce que les prix de l\u2019immobilier chutent de 20\u00a0%. Je pense que c\u2019est plut\u00f4t <\/i><i>conservateur<\/i><i> \u2014 qui va acheter dans une zone inondable\u00a0? \u00c0 moins qu\u2019il ne s\u2019agisse d\u2019un promoteur qui va tout raser pour construire un complexe \u201cSmart Resilient\u201d<\/i>.\u00a0\u00bb<\/p>\n<p class=\"western\" align=\"justify\">Pendant ce temps, en Nouvelle-Z\u00e9lande, les r\u00e9sidents s\u2019insurgent contre les tentatives d\u2019imposer un \u00ab\u00a0retrait\u00a0\u00bb des zones c\u00f4ti\u00e8res sous le pr\u00e9texte de l\u2019\u00e9l\u00e9vation pr\u00e9vue du niveau de la mer.<\/p>\n<p class=\"western\" align=\"justify\">Comme le montre ce reportage, ils ne sont pas dupes face \u00e0 la propagande climatique alarmiste.<\/p>\n<p class=\"western\" align=\"justify\">Tim Rees a d\u00e9clar\u00e9\u00a0: \u00ab\u00a0Je vis pr\u00e8s de la plage de Paraparaumu depuis 1965 et la plage ne cesse de s\u2019agrandir. Cela fait 45\u00a0ans que je plonge au large de l\u2019\u00eele de K?piti et les rochers sont toujours \u00e0 la m\u00eame hauteur \u00e0 mar\u00e9e basse\u00a0\u00bb.<\/p>\n<p class=\"western\" align=\"justify\">Tania Lees a ajout\u00e9\u00a0: \u00ab\u00a0La science n\u2019est pas \u00e9tablie et il n\u2019y a pas de consensus. Nous ne croyons pas que le niveau de la mer augmente de mani\u00e8re significative et que nous serons tous inond\u00e9s\u00a0\u00bb.<\/p>\n<p class=\"western\" align=\"justify\">Le gouvernement central et local ne pouvait pas financer \u00ab\u00a0un processus de cette ampleur\u00a0\u00bb, a-t-elle d\u00e9clar\u00e9. \u00ab\u00a0Jusqu\u2019\u00e0 pr\u00e9sent, les contribuables ont pay\u00e9 plus de 4\u00a0millions de dollars pour le processus de Takutai K?piti.<\/p>\n<p class=\"western\" align=\"justify\">Nous ne pouvons tout simplement pas nous permettre de d\u00e9penser davantage. S\u2019il \u00e9tait mis en \u0153uvre, le retrait g\u00e9r\u00e9 d\u00e9passerait le milliard de dollars.\u00a0\u00bb<\/p>\n<p class=\"western\" align=\"justify\">Quant \u00e0 l\u2019agenda qui se cache derri\u00e8re tout cela, Kate \u00e9crit\u00a0:<\/p>\n<p class=\"western\" style=\"padding-left: 80px;\" align=\"justify\">\u00ab\u00a0Le fait de trouver des informations sur la mod\u00e9lisation du changement climatique et sur l\u2019assurance m\u2019a permis de faire le lien avec le nombre \u00e9norme de d\u00e9veloppements immobiliers de type \u201cpack and stack\u201d en cours en Australie\u00a0\u00bb.<\/p>\n<p class=\"western\" align=\"justify\">Ils devront tous nous loger quelque part lorsque nos maisons ne seront plus assurables et que nous devrons les vendre pour une bouch\u00e9e de pain.<\/p>\n<p class=\"western\" align=\"justify\">Il est clair qu\u2019il s\u2019agit de villes intelligentes \u00ab\u00a0r\u00e9silientes\u00a0\u00bb. Tout est connect\u00e9 \u00e0 Internet et les donn\u00e9es sont collect\u00e9es, stock\u00e9es et utilis\u00e9es comme mod\u00e8les pour dicter des mesures gouvernementales de contr\u00f4le et d\u2019application de plus en plus dystopique et de coercition\u00a0\u00bb.<\/p>\n<p class=\"western\" align=\"justify\">En guise de confirmation, elle r\u00e9v\u00e8le que le Conseil des Assurances d\u2019Australie, impliqu\u00e9 dans la Retraite G\u00e9r\u00e9e, travaille selon le cadre du mod\u00e8le de partenariat public-priv\u00e9 et adh\u00e8re aux objectifs de d\u00e9veloppement durable des Nations unies, \u00e9tant m\u00eame membre fondateur des Principes pour l\u2019assurance durable des Nations unies.<\/p>\n<p class=\"western\" align=\"justify\">L\u2019agenda des \u00ab\u00a0goulags intelligents\u00a0\u00bb de l\u2019ONU a \u00e9t\u00e9 pr\u00e9sent\u00e9 dans un livret de 80\u00a0pages intitul\u00e9 \u00ab\u00a0Centrer les personnes dans les villes intelligentes\u00a0: un guide pratique pour les gouvernements locaux et r\u00e9gionaux\u00a0\u00bb, comme nous l\u2019avons rapport\u00e9 en 2022.<\/p>\n<p class=\"western\" align=\"justify\">Toujours en 2022, un organisme appel\u00e9 Australian Climate Council a publi\u00e9 une \u00e9tude estimant qu\u2019une maison ou un b\u00e2timent commercial sur 25 dans le pays deviendrait effectivement non assurable d\u2019ici \u00e0 2030 en raison de \u00ab\u00a0l\u2019aggravation des ph\u00e9nom\u00e8nes m\u00e9t\u00e9orologiques extr\u00eames\u00a0\u00bb.<\/p>\n<p class=\"western\" align=\"justify\">Selon l\u2019\u00e9tude, les inondations fluviales repr\u00e9sentent le risque le plus important, les crues soudaines et les feux de brousse \u00e9tant les autres risques principaux contribuant \u00e0 rendre les biens immobiliers \u00ab\u00a0non assurables\u00a0\u00bb.<\/p>\n<p class=\"western\" align=\"justify\">Tout en appelant \u00e0 des \u00ab\u00a0relocalisations g\u00e9r\u00e9es\u00a0\u00bb, le rapport souligne la n\u00e9cessit\u00e9 d\u2019\u00ab\u00a0augmenter les investissements publics dans la r\u00e9silience\u00a0\u00bb et de \u00ab\u00a0soutenir les communaut\u00e9s \u00e0 \u201creb\u00e2tir en mieux\u201d\u00a0\u00bb.<\/p>\n<p class=\"western\" align=\"justify\">Il y est d\u00e9clar\u00e9\u00a0: \u00ab\u00a0Les villes et les communaut\u00e9s doivent \u00eatre reconstruites \u2014 l\u00e0 o\u00f9 cela est appropri\u00e9 \u2014 d\u2019une mani\u00e8re qui tienne compte des in\u00e9vitables changements climatiques \u00e0 venir et qui les rende plus r\u00e9silientes\u00a0\u00bb.<\/p>\n<p class=\"western\" align=\"justify\">Il n\u2019est gu\u00e8re surprenant que ce rapport ait \u00e9t\u00e9 fi\u00e8rement pr\u00e9sent\u00e9 sur le site web du Forum \u00e9conomique mondial\u2026<\/p>\n<p class=\"western\" align=\"justify\">Texte original\u00a0: <span style=\"color: #000080;\"><u><a href=\"https:\/\/off-guardian.org\/2024\/06\/26\/exposed-how-climate-racketeers-aim-to-force-us-into-smart-gulags\/\" target=\"_blank\" rel=\"noopener\">https:\/\/off-guardian.org\/2024\/06\/26\/exposed-how-climate-racketeers-aim-to-force-us-into-smart-gulags\/<\/a><\/u><\/span><\/p>\n","protected":false},"excerpt":{"rendered":"<p>Traduction libre En Australie et en Nouvelle-Z\u00e9lande, des programmes de \u00ab\u00a0retraite g\u00e9r\u00e9e\u00a0\u00bb pourraient obliger les gens \u00e0 quitter des maisons que les mod\u00e8les de \u00ab\u00a0changement climatique\u00a0\u00bb rendent \u00ab\u00a0inassurables\u00a0\u00bb Des preuves choquantes \u00e9mergent d\u2019Australie et de la Nouvelle-Z\u00e9lande sur la fa\u00e7on dont l\u2019arnaque climatique est utilis\u00e9e pour imposer un avenir technototalitaire de villes intelligentes. Les imp\u00e9rialistes [&hellip;]<\/p>\n","protected":false},"author":2,"featured_media":20032,"comment_status":"closed","ping_status":"closed","sticky":false,"template":"","format":"standard","meta":{"footnotes":""},"categories":[1540,2133],"tags":[1931,1930,1702,1932,1933,1773],"class_list":["post-20030","post","type-post","status-publish","format-standard","has-post-thumbnail","hentry","category-actualite","category-cudenec-paul","tag-4e-revolution-industrielle","tag-assurance","tag-changement-climatique","tag-goulags-intelligents","tag-onu","tag-villes-intelligentes"],"yoast_head":"<!-- This site is optimized with the Yoast SEO plugin v27.0 - https:\/\/yoast.com\/product\/yoast-seo-wordpress\/ -->\n<title>Expos\u00e9\u00a0: Comment les racketteurs du climat veulent nous forcer \u00e0 entrer dans des goulags intelligents par Paul Cudenec - 3e mill\u00e9naire - Spiritualit\u00e9 - Connaissance de soi - Non-dualit\u00e9 - M\u00e9ditation<\/title>\n<meta name=\"robots\" content=\"index, follow, max-snippet:-1, max-image-preview:large, max-video-preview:-1\" \/>\n<link rel=\"canonical\" href=\"https:\/\/www.revue3emillenaire.com\/blog\/expose-comment-les-racketteurs-du-climat-veulent-nous-forcer-a-entrer-dans-des-goulags-intelligents-par-paul-cudenec\/\" \/>\n<meta property=\"og:locale\" content=\"fr_FR\" \/>\n<meta property=\"og:type\" content=\"article\" \/>\n<meta property=\"og:title\" content=\"Expos\u00e9\u00a0: Comment les racketteurs du climat veulent nous forcer \u00e0 entrer dans des goulags intelligents par Paul Cudenec - 3e mill\u00e9naire - Spiritualit\u00e9 - Connaissance de soi - Non-dualit\u00e9 - M\u00e9ditation\" \/>\n<meta property=\"og:description\" content=\"Traduction libre En Australie et en Nouvelle-Z\u00e9lande, des programmes de \u00ab\u00a0retraite g\u00e9r\u00e9e\u00a0\u00bb pourraient obliger les gens \u00e0 quitter des maisons que les mod\u00e8les de \u00ab\u00a0changement climatique\u00a0\u00bb rendent \u00ab\u00a0inassurables\u00a0\u00bb Des preuves choquantes \u00e9mergent d\u2019Australie et de la Nouvelle-Z\u00e9lande sur la fa\u00e7on dont l\u2019arnaque climatique est utilis\u00e9e pour imposer un avenir technototalitaire de villes intelligentes. Les imp\u00e9rialistes [&hellip;]\" \/>\n<meta property=\"og:url\" content=\"https:\/\/www.revue3emillenaire.com\/blog\/expose-comment-les-racketteurs-du-climat-veulent-nous-forcer-a-entrer-dans-des-goulags-intelligents-par-paul-cudenec\/\" \/>\n<meta property=\"og:site_name\" content=\"3e mill\u00e9naire - Spiritualit\u00e9 - Connaissance de soi - Non-dualit\u00e9 - M\u00e9ditation\" \/>\n<meta property=\"article:published_time\" content=\"2024-06-30T13:36:23+00:00\" \/>\n<meta property=\"article:modified_time\" content=\"2025-07-12T13:02:44+00:00\" \/>\n<meta property=\"og:image\" content=\"https:\/\/www.revue3emillenaire.com\/blog\/wp-content\/uploads\/2024\/06\/Paul-cudenec.jpg\" \/>\n\t<meta property=\"og:image:width\" content=\"335\" \/>\n\t<meta property=\"og:image:height\" content=\"344\" \/>\n\t<meta property=\"og:image:type\" content=\"image\/jpeg\" \/>\n<meta name=\"author\" content=\"3e mill\u00e9naire\" \/>\n<meta name=\"twitter:card\" content=\"summary_large_image\" \/>\n<meta name=\"twitter:label1\" content=\"\u00c9crit par\" \/>\n\t<meta name=\"twitter:data1\" content=\"3e mill\u00e9naire\" \/>\n\t<meta name=\"twitter:label2\" content=\"Dur\u00e9e de lecture estim\u00e9e\" \/>\n\t<meta name=\"twitter:data2\" content=\"5 minutes\" \/>\n<script type=\"application\/ld+json\" class=\"yoast-schema-graph\">{\"@context\":\"https:\/\/schema.org\",\"@graph\":[{\"@type\":\"Article\",\"@id\":\"https:\/\/www.revue3emillenaire.com\/blog\/expose-comment-les-racketteurs-du-climat-veulent-nous-forcer-a-entrer-dans-des-goulags-intelligents-par-paul-cudenec\/#article\",\"isPartOf\":{\"@id\":\"https:\/\/www.revue3emillenaire.com\/blog\/expose-comment-les-racketteurs-du-climat-veulent-nous-forcer-a-entrer-dans-des-goulags-intelligents-par-paul-cudenec\/\"},\"author\":{\"name\":\"3e mill\u00e9naire\",\"@id\":\"https:\/\/www.revue3emillenaire.com\/blog\/#\/schema\/person\/b692dacff720a5344a6190bc714397eb\"},\"headline\":\"Expos\u00e9\u00a0: Comment les racketteurs du climat veulent nous forcer \u00e0 entrer dans des goulags intelligents par Paul Cudenec\",\"datePublished\":\"2024-06-30T13:36:23+00:00\",\"dateModified\":\"2025-07-12T13:02:44+00:00\",\"mainEntityOfPage\":{\"@id\":\"https:\/\/www.revue3emillenaire.com\/blog\/expose-comment-les-racketteurs-du-climat-veulent-nous-forcer-a-entrer-dans-des-goulags-intelligents-par-paul-cudenec\/\"},\"wordCount\":969,\"image\":{\"@id\":\"https:\/\/www.revue3emillenaire.com\/blog\/expose-comment-les-racketteurs-du-climat-veulent-nous-forcer-a-entrer-dans-des-goulags-intelligents-par-paul-cudenec\/#primaryimage\"},\"thumbnailUrl\":\"https:\/\/www.revue3emillenaire.com\/blog\/wp-content\/uploads\/2024\/06\/Paul-cudenec.jpg\",\"keywords\":[\"4e r\u00e9volution industrielle\",\"Assurance\",\"Changement Climatique\",\"Goulags Intelligents\",\"ONU\",\"villes intelligentes\"],\"articleSection\":[\"Actualit\u00e9s\",\"Cudenec Paul\"],\"inLanguage\":\"fr-FR\"},{\"@type\":\"WebPage\",\"@id\":\"https:\/\/www.revue3emillenaire.com\/blog\/expose-comment-les-racketteurs-du-climat-veulent-nous-forcer-a-entrer-dans-des-goulags-intelligents-par-paul-cudenec\/\",\"url\":\"https:\/\/www.revue3emillenaire.com\/blog\/expose-comment-les-racketteurs-du-climat-veulent-nous-forcer-a-entrer-dans-des-goulags-intelligents-par-paul-cudenec\/\",\"name\":\"Expos\u00e9\u00a0: Comment les racketteurs du climat veulent nous forcer \u00e0 entrer dans des goulags intelligents par Paul Cudenec - 3e mill\u00e9naire - Spiritualit\u00e9 - Connaissance de soi - Non-dualit\u00e9 - M\u00e9ditation\",\"isPartOf\":{\"@id\":\"https:\/\/www.revue3emillenaire.com\/blog\/#website\"},\"primaryImageOfPage\":{\"@id\":\"https:\/\/www.revue3emillenaire.com\/blog\/expose-comment-les-racketteurs-du-climat-veulent-nous-forcer-a-entrer-dans-des-goulags-intelligents-par-paul-cudenec\/#primaryimage\"},\"image\":{\"@id\":\"https:\/\/www.revue3emillenaire.com\/blog\/expose-comment-les-racketteurs-du-climat-veulent-nous-forcer-a-entrer-dans-des-goulags-intelligents-par-paul-cudenec\/#primaryimage\"},\"thumbnailUrl\":\"https:\/\/www.revue3emillenaire.com\/blog\/wp-content\/uploads\/2024\/06\/Paul-cudenec.jpg\",\"datePublished\":\"2024-06-30T13:36:23+00:00\",\"dateModified\":\"2025-07-12T13:02:44+00:00\",\"author\":{\"@id\":\"https:\/\/www.revue3emillenaire.com\/blog\/#\/schema\/person\/b692dacff720a5344a6190bc714397eb\"},\"breadcrumb\":{\"@id\":\"https:\/\/www.revue3emillenaire.com\/blog\/expose-comment-les-racketteurs-du-climat-veulent-nous-forcer-a-entrer-dans-des-goulags-intelligents-par-paul-cudenec\/#breadcrumb\"},\"inLanguage\":\"fr-FR\",\"potentialAction\":[{\"@type\":\"ReadAction\",\"target\":[\"https:\/\/www.revue3emillenaire.com\/blog\/expose-comment-les-racketteurs-du-climat-veulent-nous-forcer-a-entrer-dans-des-goulags-intelligents-par-paul-cudenec\/\"]}]},{\"@type\":\"ImageObject\",\"inLanguage\":\"fr-FR\",\"@id\":\"https:\/\/www.revue3emillenaire.com\/blog\/expose-comment-les-racketteurs-du-climat-veulent-nous-forcer-a-entrer-dans-des-goulags-intelligents-par-paul-cudenec\/#primaryimage\",\"url\":\"https:\/\/www.revue3emillenaire.com\/blog\/wp-content\/uploads\/2024\/06\/Paul-cudenec.jpg\",\"contentUrl\":\"https:\/\/www.revue3emillenaire.com\/blog\/wp-content\/uploads\/2024\/06\/Paul-cudenec.jpg\",\"width\":335,\"height\":344},{\"@type\":\"BreadcrumbList\",\"@id\":\"https:\/\/www.revue3emillenaire.com\/blog\/expose-comment-les-racketteurs-du-climat-veulent-nous-forcer-a-entrer-dans-des-goulags-intelligents-par-paul-cudenec\/#breadcrumb\",\"itemListElement\":[{\"@type\":\"ListItem\",\"position\":1,\"name\":\"Accueil\",\"item\":\"https:\/\/www.revue3emillenaire.com\/blog\/\"},{\"@type\":\"ListItem\",\"position\":2,\"name\":\"Expos\u00e9\u00a0: Comment les racketteurs du climat veulent nous forcer \u00e0 entrer dans des goulags intelligents par Paul Cudenec\"}]},{\"@type\":\"WebSite\",\"@id\":\"https:\/\/www.revue3emillenaire.com\/blog\/#website\",\"url\":\"https:\/\/www.revue3emillenaire.com\/blog\/\",\"name\":\"3e mill\u00e9naire - Spiritualit\u00e9 - Connaissance de soi - Non-dualit\u00e9 - M\u00e9ditation\",\"description\":\"L&#039;Homme en devenir\",\"potentialAction\":[{\"@type\":\"SearchAction\",\"target\":{\"@type\":\"EntryPoint\",\"urlTemplate\":\"https:\/\/www.revue3emillenaire.com\/blog\/?s={search_term_string}\"},\"query-input\":{\"@type\":\"PropertyValueSpecification\",\"valueRequired\":true,\"valueName\":\"search_term_string\"}}],\"inLanguage\":\"fr-FR\"},{\"@type\":\"Person\",\"@id\":\"https:\/\/www.revue3emillenaire.com\/blog\/#\/schema\/person\/b692dacff720a5344a6190bc714397eb\",\"name\":\"3e mill\u00e9naire\",\"url\":\"https:\/\/www.revue3emillenaire.com\/blog\/author\/scoussa\/\"}]}<\/script>\n<!-- \/ Yoast SEO plugin. -->","yoast_head_json":{"title":"Expos\u00e9\u00a0: Comment les racketteurs du climat veulent nous forcer \u00e0 entrer dans des goulags intelligents par Paul Cudenec - 3e mill\u00e9naire - Spiritualit\u00e9 - Connaissance de soi - Non-dualit\u00e9 - M\u00e9ditation","robots":{"index":"index","follow":"follow","max-snippet":"max-snippet:-1","max-image-preview":"max-image-preview:large","max-video-preview":"max-video-preview:-1"},"canonical":"https:\/\/www.revue3emillenaire.com\/blog\/expose-comment-les-racketteurs-du-climat-veulent-nous-forcer-a-entrer-dans-des-goulags-intelligents-par-paul-cudenec\/","og_locale":"fr_FR","og_type":"article","og_title":"Expos\u00e9\u00a0: Comment les racketteurs du climat veulent nous forcer \u00e0 entrer dans des goulags intelligents par Paul Cudenec - 3e mill\u00e9naire - Spiritualit\u00e9 - Connaissance de soi - Non-dualit\u00e9 - M\u00e9ditation","og_description":"Traduction libre En Australie et en Nouvelle-Z\u00e9lande, des programmes de \u00ab\u00a0retraite g\u00e9r\u00e9e\u00a0\u00bb pourraient obliger les gens \u00e0 quitter des maisons que les mod\u00e8les de \u00ab\u00a0changement climatique\u00a0\u00bb rendent \u00ab\u00a0inassurables\u00a0\u00bb Des preuves choquantes \u00e9mergent d\u2019Australie et de la Nouvelle-Z\u00e9lande sur la fa\u00e7on dont l\u2019arnaque climatique est utilis\u00e9e pour imposer un avenir technototalitaire de villes intelligentes. Les imp\u00e9rialistes [&hellip;]","og_url":"https:\/\/www.revue3emillenaire.com\/blog\/expose-comment-les-racketteurs-du-climat-veulent-nous-forcer-a-entrer-dans-des-goulags-intelligents-par-paul-cudenec\/","og_site_name":"3e mill\u00e9naire - Spiritualit\u00e9 - Connaissance de soi - Non-dualit\u00e9 - M\u00e9ditation","article_published_time":"2024-06-30T13:36:23+00:00","article_modified_time":"2025-07-12T13:02:44+00:00","og_image":[{"width":335,"height":344,"url":"https:\/\/www.revue3emillenaire.com\/blog\/wp-content\/uploads\/2024\/06\/Paul-cudenec.jpg","type":"image\/jpeg"}],"author":"3e mill\u00e9naire","twitter_card":"summary_large_image","twitter_misc":{"\u00c9crit par":"3e mill\u00e9naire","Dur\u00e9e de lecture estim\u00e9e":"5 minutes"},"schema":{"@context":"https:\/\/schema.org","@graph":[{"@type":"Article","@id":"https:\/\/www.revue3emillenaire.com\/blog\/expose-comment-les-racketteurs-du-climat-veulent-nous-forcer-a-entrer-dans-des-goulags-intelligents-par-paul-cudenec\/#article","isPartOf":{"@id":"https:\/\/www.revue3emillenaire.com\/blog\/expose-comment-les-racketteurs-du-climat-veulent-nous-forcer-a-entrer-dans-des-goulags-intelligents-par-paul-cudenec\/"},"author":{"name":"3e mill\u00e9naire","@id":"https:\/\/www.revue3emillenaire.com\/blog\/#\/schema\/person\/b692dacff720a5344a6190bc714397eb"},"headline":"Expos\u00e9\u00a0: Comment les racketteurs du climat veulent nous forcer \u00e0 entrer dans des goulags intelligents par Paul Cudenec","datePublished":"2024-06-30T13:36:23+00:00","dateModified":"2025-07-12T13:02:44+00:00","mainEntityOfPage":{"@id":"https:\/\/www.revue3emillenaire.com\/blog\/expose-comment-les-racketteurs-du-climat-veulent-nous-forcer-a-entrer-dans-des-goulags-intelligents-par-paul-cudenec\/"},"wordCount":969,"image":{"@id":"https:\/\/www.revue3emillenaire.com\/blog\/expose-comment-les-racketteurs-du-climat-veulent-nous-forcer-a-entrer-dans-des-goulags-intelligents-par-paul-cudenec\/#primaryimage"},"thumbnailUrl":"https:\/\/www.revue3emillenaire.com\/blog\/wp-content\/uploads\/2024\/06\/Paul-cudenec.jpg","keywords":["4e r\u00e9volution industrielle","Assurance","Changement Climatique","Goulags Intelligents","ONU","villes intelligentes"],"articleSection":["Actualit\u00e9s","Cudenec Paul"],"inLanguage":"fr-FR"},{"@type":"WebPage","@id":"https:\/\/www.revue3emillenaire.com\/blog\/expose-comment-les-racketteurs-du-climat-veulent-nous-forcer-a-entrer-dans-des-goulags-intelligents-par-paul-cudenec\/","url":"https:\/\/www.revue3emillenaire.com\/blog\/expose-comment-les-racketteurs-du-climat-veulent-nous-forcer-a-entrer-dans-des-goulags-intelligents-par-paul-cudenec\/","name":"Expos\u00e9\u00a0: Comment les racketteurs du climat veulent nous forcer \u00e0 entrer dans des goulags intelligents par Paul Cudenec - 3e mill\u00e9naire - Spiritualit\u00e9 - Connaissance de soi - Non-dualit\u00e9 - M\u00e9ditation","isPartOf":{"@id":"https:\/\/www.revue3emillenaire.com\/blog\/#website"},"primaryImageOfPage":{"@id":"https:\/\/www.revue3emillenaire.com\/blog\/expose-comment-les-racketteurs-du-climat-veulent-nous-forcer-a-entrer-dans-des-goulags-intelligents-par-paul-cudenec\/#primaryimage"},"image":{"@id":"https:\/\/www.revue3emillenaire.com\/blog\/expose-comment-les-racketteurs-du-climat-veulent-nous-forcer-a-entrer-dans-des-goulags-intelligents-par-paul-cudenec\/#primaryimage"},"thumbnailUrl":"https:\/\/www.revue3emillenaire.com\/blog\/wp-content\/uploads\/2024\/06\/Paul-cudenec.jpg","datePublished":"2024-06-30T13:36:23+00:00","dateModified":"2025-07-12T13:02:44+00:00","author":{"@id":"https:\/\/www.revue3emillenaire.com\/blog\/#\/schema\/person\/b692dacff720a5344a6190bc714397eb"},"breadcrumb":{"@id":"https:\/\/www.revue3emillenaire.com\/blog\/expose-comment-les-racketteurs-du-climat-veulent-nous-forcer-a-entrer-dans-des-goulags-intelligents-par-paul-cudenec\/#breadcrumb"},"inLanguage":"fr-FR","potentialAction":[{"@type":"ReadAction","target":["https:\/\/www.revue3emillenaire.com\/blog\/expose-comment-les-racketteurs-du-climat-veulent-nous-forcer-a-entrer-dans-des-goulags-intelligents-par-paul-cudenec\/"]}]},{"@type":"ImageObject","inLanguage":"fr-FR","@id":"https:\/\/www.revue3emillenaire.com\/blog\/expose-comment-les-racketteurs-du-climat-veulent-nous-forcer-a-entrer-dans-des-goulags-intelligents-par-paul-cudenec\/#primaryimage","url":"https:\/\/www.revue3emillenaire.com\/blog\/wp-content\/uploads\/2024\/06\/Paul-cudenec.jpg","contentUrl":"https:\/\/www.revue3emillenaire.com\/blog\/wp-content\/uploads\/2024\/06\/Paul-cudenec.jpg","width":335,"height":344},{"@type":"BreadcrumbList","@id":"https:\/\/www.revue3emillenaire.com\/blog\/expose-comment-les-racketteurs-du-climat-veulent-nous-forcer-a-entrer-dans-des-goulags-intelligents-par-paul-cudenec\/#breadcrumb","itemListElement":[{"@type":"ListItem","position":1,"name":"Accueil","item":"https:\/\/www.revue3emillenaire.com\/blog\/"},{"@type":"ListItem","position":2,"name":"Expos\u00e9\u00a0: Comment les racketteurs du climat veulent nous forcer \u00e0 entrer dans des goulags intelligents par Paul Cudenec"}]},{"@type":"WebSite","@id":"https:\/\/www.revue3emillenaire.com\/blog\/#website","url":"https:\/\/www.revue3emillenaire.com\/blog\/","name":"3e mill\u00e9naire - Spiritualit\u00e9 - Connaissance de soi - Non-dualit\u00e9 - M\u00e9ditation","description":"L&#039;Homme en devenir","potentialAction":[{"@type":"SearchAction","target":{"@type":"EntryPoint","urlTemplate":"https:\/\/www.revue3emillenaire.com\/blog\/?s={search_term_string}"},"query-input":{"@type":"PropertyValueSpecification","valueRequired":true,"valueName":"search_term_string"}}],"inLanguage":"fr-FR"},{"@type":"Person","@id":"https:\/\/www.revue3emillenaire.com\/blog\/#\/schema\/person\/b692dacff720a5344a6190bc714397eb","name":"3e mill\u00e9naire","url":"https:\/\/www.revue3emillenaire.com\/blog\/author\/scoussa\/"}]}},"_links":{"self":[{"href":"https:\/\/www.revue3emillenaire.com\/blog\/wp-json\/wp\/v2\/posts\/20030","targetHints":{"allow":["GET"]}}],"collection":[{"href":"https:\/\/www.revue3emillenaire.com\/blog\/wp-json\/wp\/v2\/posts"}],"about":[{"href":"https:\/\/www.revue3emillenaire.com\/blog\/wp-json\/wp\/v2\/types\/post"}],"author":[{"embeddable":true,"href":"https:\/\/www.revue3emillenaire.com\/blog\/wp-json\/wp\/v2\/users\/2"}],"replies":[{"embeddable":true,"href":"https:\/\/www.revue3emillenaire.com\/blog\/wp-json\/wp\/v2\/comments?post=20030"}],"version-history":[{"count":0,"href":"https:\/\/www.revue3emillenaire.com\/blog\/wp-json\/wp\/v2\/posts\/20030\/revisions"}],"wp:featuredmedia":[{"embeddable":true,"href":"https:\/\/www.revue3emillenaire.com\/blog\/wp-json\/wp\/v2\/media\/20032"}],"wp:attachment":[{"href":"https:\/\/www.revue3emillenaire.com\/blog\/wp-json\/wp\/v2\/media?parent=20030"}],"wp:term":[{"taxonomy":"category","embeddable":true,"href":"https:\/\/www.revue3emillenaire.com\/blog\/wp-json\/wp\/v2\/categories?post=20030"},{"taxonomy":"post_tag","embeddable":true,"href":"https:\/\/www.revue3emillenaire.com\/blog\/wp-json\/wp\/v2\/tags?post=20030"}],"curies":[{"name":"wp","href":"https:\/\/api.w.org\/{rel}","templated":true}]}}