{"id":20041,"date":"2024-07-09T00:36:42","date_gmt":"2024-07-08T23:36:42","guid":{"rendered":"https:\/\/www.revue3emillenaire.com\/blog\/?p=20041"},"modified":"2024-07-09T00:37:52","modified_gmt":"2024-07-08T23:37:52","slug":"sans-precedent-lere-de-letude-par-asa-boxer","status":"publish","type":"post","link":"https:\/\/www.revue3emillenaire.com\/blog\/sans-precedent-lere-de-letude-par-asa-boxer\/","title":{"rendered":"Sans pr\u00e9c\u00e9dent\u00a0: L\u2019\u00e8re de \u00ab\u00a0l\u2019\u00c9tude\u00a0\u00bb par Asa Boxer"},"content":{"rendered":"<p class=\"western\" align=\"justify\">30\u00a0juin 2024<\/p>\n<p align=\"center\"><a href=\"https:\/\/www.revue3emillenaire.com\/blog\/wp-content\/uploads\/2024\/07\/HeatDome.jpg\"><img loading=\"lazy\" decoding=\"async\" class=\"aligncenter size-full wp-image-20042\" src=\"https:\/\/www.revue3emillenaire.com\/blog\/wp-content\/uploads\/2024\/07\/HeatDome.jpg\" alt=\"\" width=\"647\" height=\"474\" srcset=\"https:\/\/www.revue3emillenaire.com\/blog\/wp-content\/uploads\/2024\/07\/HeatDome.jpg 647w, https:\/\/www.revue3emillenaire.com\/blog\/wp-content\/uploads\/2024\/07\/HeatDome-300x220.jpg 300w\" sizes=\"auto, (max-width: 647px) 100vw, 647px\" \/><\/a><\/p>\n<p class=\"western\" align=\"center\"><em>Le mod\u00e8le du d\u00f4me de chaleur a fait la une des journaux pour la premi\u00e8re fois en 2021, apr\u00e8s le d\u00e9ploiement de l\u2019injection \u00e0 ARNm en d\u00e9cembre 2020. Le changement climatique a soudainement commenc\u00e9 \u00e0 tuer des gens en masse, expliquant le ph\u00e9nom\u00e8ne de mort subite et la hausse des taux de mortalit\u00e9. Ce n\u2019\u00e9tait pas le vaccin, c\u2019\u00e9tait la m\u00e9t\u00e9o. Cette image a \u00e9t\u00e9 utilis\u00e9e dans un certain nombre de reportages\u00a0: voir <a href=\"https:\/\/www.the-sun.com\/news\/us-news\/3194091\/heat-dome-claims-500-lives\/\" target=\"_blank\" rel=\"noopener\">celui-ci<\/a> dans The Sun avec le titre \u00ab\u00a0Hell on Earth: Heat dome kills at least 500 people across Canada, Oregon and Washington as temps reach 118<sup>o<\/sup>F\u2014hotter than Death Valley (Enfer sur Terre\u00a0: le d\u00f4me de chaleur tue au moins 500\u00a0personnes au Canada, en Oregon et dans l\u2019\u00c9tat de Washington alors que les temp\u00e9ratures atteignent 118\u00a0\u00b0F \u2014 plus chaud que la Vall\u00e9e de la Mort)\u00a0\u00bb<\/em>.<\/p>\n<p class=\"western\" align=\"justify\">Alors je lis le chiffon local et il y a un gros titre en premi\u00e8re page qui dit\u00a0: \u00ab\u00a0Un rapport de la commission s\u00e9natoriale appelle \u00e0 une action sur la d\u00e9gradation des sols\u00a0\u00bb. L\u2019article, qui est manifestement un communiqu\u00e9 de presse politique con\u00e7u par l\u2019\u00e9quipe du s\u00e9nateur Rob Black, explique que les sols agricoles canadiens sont d\u00e9grad\u00e9s. Apr\u00e8s avoir d\u00e9pens\u00e9 140\u00a0000\u00a0dollars de l\u2019argent des contribuables et s\u2019\u00eatre rendu au Royaume-Uni et en Italie pour discuter avec qui exactement\u00a0? \u2026 des experts en sols\u00a0? Je ne peux que le deviner, car l\u2019article ne le dit pas. Peut-\u00eatre que la commission a simplement pris des vacances et les a mises sur la note de frais. Quoi qu\u2019il en soit, nous sommes confront\u00e9s \u00e0 des d\u00e9fis \u00ab\u00a0sans pr\u00e9c\u00e9dent\u00a0\u00bb. Le terme \u00ab\u00a0sans pr\u00e9c\u00e9dent\u00a0\u00bb est mal choisi puisque le titre de la page int\u00e9rieure indique\u00a0: \u00ab\u00a0L\u2019\u00e9tude \u201cCritical Ground\u201d arrive 40\u00a0ans apr\u00e8s que le S\u00e9nat a tir\u00e9 la sonnette d\u2019alarme sur l\u2019\u00e9rosion des sols au Canada\u00a0\u00bb. C\u2019est donc loin d\u2019\u00eatre sans pr\u00e9c\u00e9dent. La plaisanterie r\u00e9side en partie dans le fait que nous n\u2019avions manifestement pas besoin d\u2019une nouvelle enqu\u00eate. Si une commission s\u00e9natoriale a constat\u00e9 l\u2019existence d\u2019un probl\u00e8me en 1984 et que personne n\u2019a rien fait pour y rem\u00e9dier, le probl\u00e8me ne s\u2019est pas r\u00e9solu tout seul, n\u2019est-ce pas\u00a0? Je suppose que nous avons besoin de LaScience<sup>MD<\/sup> et de vacances \u00e0 140\u00a0000\u00a0dollars pour que les politiciens trouvent comment nous expliquer le probl\u00e8me ou alors ce n\u2019est pas r\u00e9el.<\/p>\n<p class=\"western\" align=\"justify\">L\u2019article ne contient aucune explication sur les raisons pour lesquelles les sols sont en mauvais \u00e9tat ni ce qu\u2019il faut faire pour y rem\u00e9dier. Mais il y a un lien vers les 25\u00a0recommandations du comit\u00e9 ici. Comme on pouvait s\u2019y attendre, avec une facture d\u2019\u00e0 peine 140\u00a0000\u00a0euros, aucune \u00ab\u00a0\u00e9tude\u00a0\u00bb n\u2019a \u00e9t\u00e9 r\u00e9alis\u00e9e. C\u2019est une pr\u00e9paration \u00e0 de multiples \u00e9tudes et continues, qui co\u00fbteront des millions (voire des milliards) aux contribuables. Les recommandations\u00a04 \u00e0 6 pr\u00e9conisent la collecte d\u2019un grand nombre de donn\u00e9es, notamment \u00ab\u00a0un institut national des sols et une base de donn\u00e9es\u00a0\u00bb. Les 25\u00a0points sont parfois des appels redondants \u00e0 l\u2019action\u00a0; certains d\u2019entre eux (comme les points\u00a08 et 9) n\u2019ont pas de sens\u00a0; et l\u2019on peut deviner, \u00e0 la lecture de la formulation, que la mise en \u0153uvre ne r\u00e9soudra pas vraiment le probl\u00e8me parce que la question sous-jacente n\u2019est pas abord\u00e9e\u00a0: l\u2019agriculture industrielle massive \u00e0 des fins de distribution nationale et d\u2019exportation. Les hommes politiques ne voudraient pas contrarier les cartels de l\u2019alimentation plus qu\u2019ils ne le doivent en sugg\u00e9rant, par malheur, qu\u2019il faut supprimer l\u2019industrie au profit de projets agricoles locaux. Alors que les prix des denr\u00e9es alimentaires montent d\u00e9j\u00e0 en fl\u00e8che, quel sera, selon vous, l\u2019impact de ce g\u00e2chis sur le co\u00fbt des produits alimentaires\u00a0?<\/p>\n<p class=\"western\" align=\"justify\">La chronique d\u2019aujourd\u2019hui ne concerne pas l\u2019agriculture. J\u2019ai l\u2019intention d\u2019aborder ce sujet un autre jour. Mais je tiens \u00e0 souligner qu\u2019une grande partie du probl\u00e8me de cette histoire de \u00ab\u00a0sols d\u00e9grad\u00e9s\u00a0\u00bb est que les priorit\u00e9s sont totalement erron\u00e9es. L\u2019argent des contribuables devrait \u00eatre utilis\u00e9 pour am\u00e9liorer les choses qui ont un impact sur les citoyens, et non pour assurer l\u2019avenir des profits des entreprises. Les sols sont-ils le probl\u00e8me\u00a0? Ou bien est-ce la s\u00e9curit\u00e9 alimentaire\u00a0? R\u00e9soudre le probl\u00e8me de la s\u00e9curit\u00e9 alimentaire impliquera de r\u00e9parer les sols. Et rien de tout cela ne co\u00fbterait aux contribuables les millions qui sont sur le point d\u2019\u00eatre d\u00e9vers\u00e9s dans ce projet via l\u2019Institut des sols de la R\u00e9publique populaire du Canada, \u00e0 travers lequel \u00ab\u00a0les donn\u00e9es [seront] partag\u00e9es avec les provinces, les territoires, les gouvernements autochtones, le monde universitaire et les producteurs agricoles et forestiers\u00a0\u00bb. Si la s\u00e9curit\u00e9 alimentaire \u00e9tait prise en compte, les Canadiens \u00e9conomiseraient de l\u2019argent, au lieu d\u2019en perdre, et il n\u2019y aurait pas besoin d\u2019un institut national des sols accompagn\u00e9 de toute la bureaucratie que cela implique.<\/p>\n<p class=\"western\" align=\"justify\">Mais le gouvernement est avide de donn\u00e9es. Sans LesDonn\u00e9es<sup><b>MD<\/b><\/sup>, comment pourrons-nous suivre LaScience<sup><b>MD<\/b><\/sup>\u00a0? Les gouvernements ont besoin d\u2019\u00e9tudes regorgeant de donn\u00e9es pour justifier les d\u00e9penses li\u00e9es aux projets. Que les impacts sur le terrain soient r\u00e9ellement b\u00e9n\u00e9fiques ou non n\u2019a pas d\u2019importance. Ce qui compte, c\u2019est qu\u2019un mod\u00e8le de r\u00e9ussite soit cr\u00e9\u00e9 par une \u00e9tude et que l\u2019Institute of Whositwhatsit (institut de n\u2019importe quoi) puisse montrer des courbes de donn\u00e9es positives dans ses livres.<\/p>\n<p class=\"western\" align=\"justify\">Et cela m\u2019am\u00e8ne au sujet de la chronique d\u2019aujourd\u2019hui\u00a0: la r\u00e9alit\u00e9 r\u00e9elle et nos mod\u00e8les de r\u00e9alit\u00e9. Nous sommes confront\u00e9s \u00e0 une \u00e9poque de folie totale, o\u00f9 les donn\u00e9es et les \u00e9tudes l\u2019emportent sur la r\u00e9alit\u00e9. Je regarde mon t\u00e9l\u00e9phone \u00ab\u00a0intelligent\u00a0\u00bb et je vois une alerte m\u00e9t\u00e9o. Oooo\u2026 qu\u2019est-ce qui se passe\u00a0? Avertissement de chaleur extr\u00eame\u00a0: plein de statistiques sur le nombre de d\u00e9c\u00e8s dus \u00e0 la chaleur extr\u00eame et sur ce qu\u2019il faut faire si vous voyez quelqu\u2019un qui cesse de transpirer ou qui s\u2019\u00e9vanouit. Nous devons prot\u00e9ger les enfants et les personnes \u00e2g\u00e9es, car le changement climatique est contagieux. C\u2019est le Covid \u00e0 nouveau. Alors que la chaleur extr\u00eame atteint des temp\u00e9ratures de 27 \u00e0 32\u00a0degr\u00e9s Celsius cette semaine, nous devrions nous cacher sous nos lits. Il est implicite, bien s\u00fbr, que cette chaleur est sans pr\u00e9c\u00e9dent et qu\u2019elle est le r\u00e9sultat du changement climatique. Apparemment, nous devons croire que l\u2019arriv\u00e9e de l\u2019\u00e9t\u00e9 \u00e0 la mi-juin est sans pr\u00e9c\u00e9dent, qu\u2019il s\u2019agit d\u2019un \u00ab\u00a0\u00e9v\u00e9nement m\u00e9t\u00e9orologique extr\u00eame\u00a0\u00bb qui restera dans les annales pour qu\u2019un expert (et tous les experts qui liront un article citant cet expert) puisse parler de \u00ab\u00a0l\u2019augmentation des \u00e9v\u00e9nements m\u00e9t\u00e9orologiques extr\u00eames\u00a0\u00bb comme preuve du r\u00e9chauffement de la plan\u00e8te.<\/p>\n<p class=\"western\" align=\"justify\">Le terme utilis\u00e9 par <a href=\"https:\/\/www.youtube.com\/watch?v=9D50C-eaVbU\" target=\"_blank\" rel=\"noopener\">The Weather Network<\/a> est \u00ab\u00a0le d\u00f4me de chaleur\u00a0\u00bb. Ce n\u2019est pas le d\u00f4me de la terre plate. Non. C\u2019est de la m\u00e9t\u00e9orologie grand public, mesdames et messieurs. On se demande qui sont les responsables marketing de cette nouvelle terminologie si effrayante. \u00ab\u00a0Vague de chaleur\u00a0? Allez, les gars, c\u2019est tellement d\u00e9pass\u00e9. On peut faire mieux que \u00e7a\u00a0! Donnez-nous quelque chose de chaud \u00e0 l\u2019\u00e9chelle mondiale\u00a0!\u00a0\u00bb<\/p>\n<p class=\"western\" align=\"justify\">Je vois des gros titres qui annoncent que Calgary souffre d\u2019une s\u00e9cheresse sans pr\u00e9c\u00e9dent. Puis, une semaine plus tard\u00a0: Calgary d\u00e9clare l\u2019\u00e9tat d\u2019urgence. J\u2019appelle alors mon ami \u00e0 Calgary et il me dit\u00a0: \u00ab\u00a0Oui, c\u2019est une blague courante ici, alors que nous sommes sous la pluie. L\u2019\u00e9tat d\u2019urgence est d\u00fb \u00e0 la rupture d\u2019une conduite d\u2019eau, qu\u2019ils ont besoin de deux semaines pour r\u00e9parer.\u00a0\u00bb D\u2019apr\u00e8s les donn\u00e9es, il y a une s\u00e9cheresse, mais il y a eu beaucoup de pluie. Un autre \u00e9v\u00e9nement m\u00e9t\u00e9orologique extr\u00eame pour le livre de cuisine climatique.<\/p>\n<p class=\"western\" align=\"justify\">C\u2019est le monde dans lequel nous vivons. Comme dans l<a href=\"https:\/\/analogymagazine.substack.com\/p\/gullivers-medical-doctors-2021\" target=\"_blank\" rel=\"noopener\">a chronique de la semaine derni\u00e8re<\/a>, o\u00f9 j\u2019ai parl\u00e9 du directeur d\u2019une unit\u00e9 de soins intensifs d\u2019un h\u00f4pital de Washington pendant l\u2019escroquerie du Covid, qui a lu un article ridicule et manifestement faux dans le journal, selon lequel son unit\u00e9 de soins intensifs \u00e9tait submerg\u00e9e de patients et avait du mal \u00e0 suivre le rythme. Qu\u2019a-t-il fait\u00a0? Au lieu d\u2019appeler le journal pour l\u2019informer que son unit\u00e9 de soins intensifs \u00e9tait seulement \u00e0 30\u00a0% de sa capacit\u00e9, il commen\u00e7a \u00e0 paniquer pour r\u00e9agir \u00e0 l\u2019\u00e9tat d\u2019urgence.<\/p>\n<p class=\"western\" align=\"justify\">Je passe beaucoup de temps ici \u00e0 examiner <a href=\"https:\/\/analogymagazine.substack.com\/p\/the-flaws-of-probability\" target=\"_blank\" rel=\"noopener\">la m\u00e9taphysique de cette folie<\/a>. Comment se manifeste-t-elle concr\u00e8tement\u00a0? Eh bien, c\u2019est \u00e7a. Rien de ce que je souligne n\u2019est particuli\u00e8rement nouveau. Comme le laissait entendre la chronique de la semaine derni\u00e8re, le satiriste du XVIII<sup>e<\/sup>\u00a0si\u00e8cle, Jonathan Swift (1667-1745), avait tout compris sur ce sujet lorsqu\u2019il a invent\u00e9 l\u2019\u00eele volante de Laputa \u2014 un endroit d\u00e9connect\u00e9 de la r\u00e9alit\u00e9 o\u00f9 les universitaires et les scientifiques travaillent \u00e0 extraire des arcs-en-ciel des concombres. Ce n\u2019est pas de la fiction, mes amis. Il suffit de regarder le collisionneur de hadrons du Cern\u00a0! Le plus grand aimant \u00e0 b\u00eatises de la plan\u00e8te, responsable de l\u2019extraction de la \u00ab\u00a0particule de Dieu\u00a0\u00bb. Le prix Nobel a \u00e9t\u00e9 d\u00e9cern\u00e9 pour cette particule. Une fois de plus, je me demande quelle soci\u00e9t\u00e9 de marketing est responsable du terme \u00ab\u00a0particule de Dieu\u00a0\u00bb.<\/p>\n<p class=\"western\" align=\"justify\">La raison pour laquelle je me r\u00e9f\u00e8re si souvent aux notions de mondes int\u00e9rieurs et ext\u00e9rieurs est de parvenir \u00e0 la cause profonde de nos probl\u00e8mes. Ceux qui rejettent les sciences humaines, la fiction litt\u00e9raire, la mythologie, les contes de f\u00e9es et les histoires anciennes comme \u00e9tant des mensonges. Ce sont eux qui ont le plus de mal \u00e0 distinguer la fantaisie de la r\u00e9alit\u00e9. Leur imagination n\u2019est pas entra\u00een\u00e9e et ils ne savent donc pas quand ils l\u2019activent. Ce sont les adeptes du \u00ab\u00a0suivez la science\u00a0\u00bb qui projettent sur le monde des mod\u00e8les r\u00eav\u00e9s et inventent sans le savoir des mondes irr\u00e9els qu\u2019ils prennent pour des r\u00e9alit\u00e9s. En d\u2019autres termes, ils sont d\u00e9lirants. Et ils con\u00e7oivent des IA hallucinantes pour les aider \u00e0 prot\u00e9ger et \u00e0 augmenter leurs faux mondes. Nous avons maintenant des personnes d\u00e9lirantes qui dirigent tout aux c\u00f4t\u00e9s de leurs homologues num\u00e9riques. Nos institutions publiques, nos laboratoires et nos universit\u00e9s sont des asiles de fous. Hyperbole\u00a0? Dites-le-moi dans les commentaires.<\/p>\n<p class=\"western\" align=\"justify\">Texte original\u00a0: <a href=\"https:\/\/analogymagazine.substack.com\/p\/unprecedented-the-age-of-the-study\" target=\"_blank\" rel=\"noopener\">https:\/\/analogymagazine.substack.com\/p\/unprecedented-the-age-of-the-study<\/a><\/p>\n","protected":false},"excerpt":{"rendered":"<p>30\u00a0juin 2024 Le mod\u00e8le du d\u00f4me de chaleur a fait la une des journaux pour la premi\u00e8re fois en 2021, apr\u00e8s le d\u00e9ploiement de l\u2019injection \u00e0 ARNm en d\u00e9cembre 2020. Le changement climatique a soudainement commenc\u00e9 \u00e0 tuer des gens en masse, expliquant le ph\u00e9nom\u00e8ne de mort subite et la hausse des taux de mortalit\u00e9. [&hellip;]<\/p>\n","protected":false},"author":2,"featured_media":19824,"comment_status":"closed","ping_status":"closed","sticky":false,"template":"","format":"standard","meta":{"footnotes":""},"categories":[1540,1851],"tags":[1943,1702],"class_list":["post-20041","post","type-post","status-publish","format-standard","has-post-thumbnail","hentry","category-actualite","category-boxer-asa","tag-bureaucratie","tag-changement-climatique"],"yoast_head":"<!-- This site is optimized with the Yoast SEO plugin v27.0 - https:\/\/yoast.com\/product\/yoast-seo-wordpress\/ -->\n<title>Sans pr\u00e9c\u00e9dent\u00a0: L\u2019\u00e8re de \u00ab\u00a0l\u2019\u00c9tude\u00a0\u00bb par Asa Boxer - 3e mill\u00e9naire - Spiritualit\u00e9 - Connaissance de soi - Non-dualit\u00e9 - M\u00e9ditation<\/title>\n<meta name=\"robots\" content=\"index, follow, max-snippet:-1, max-image-preview:large, max-video-preview:-1\" \/>\n<link rel=\"canonical\" href=\"https:\/\/www.revue3emillenaire.com\/blog\/sans-precedent-lere-de-letude-par-asa-boxer\/\" \/>\n<meta property=\"og:locale\" content=\"fr_FR\" \/>\n<meta property=\"og:type\" content=\"article\" \/>\n<meta property=\"og:title\" content=\"Sans pr\u00e9c\u00e9dent\u00a0: L\u2019\u00e8re de \u00ab\u00a0l\u2019\u00c9tude\u00a0\u00bb par Asa Boxer - 3e mill\u00e9naire - Spiritualit\u00e9 - Connaissance de soi - Non-dualit\u00e9 - M\u00e9ditation\" \/>\n<meta property=\"og:description\" content=\"30\u00a0juin 2024 Le mod\u00e8le du d\u00f4me de chaleur a fait la une des journaux pour la premi\u00e8re fois en 2021, apr\u00e8s le d\u00e9ploiement de l\u2019injection \u00e0 ARNm en d\u00e9cembre 2020. Le changement climatique a soudainement commenc\u00e9 \u00e0 tuer des gens en masse, expliquant le ph\u00e9nom\u00e8ne de mort subite et la hausse des taux de mortalit\u00e9. [&hellip;]\" \/>\n<meta property=\"og:url\" content=\"https:\/\/www.revue3emillenaire.com\/blog\/sans-precedent-lere-de-letude-par-asa-boxer\/\" \/>\n<meta property=\"og:site_name\" content=\"3e mill\u00e9naire - Spiritualit\u00e9 - Connaissance de soi - Non-dualit\u00e9 - M\u00e9ditation\" \/>\n<meta property=\"article:published_time\" content=\"2024-07-08T23:36:42+00:00\" \/>\n<meta property=\"article:modified_time\" content=\"2024-07-08T23:37:52+00:00\" \/>\n<meta property=\"og:image\" content=\"https:\/\/www.revue3emillenaire.com\/blog\/wp-content\/uploads\/2024\/03\/Asa-Boxer.jpg\" \/>\n\t<meta property=\"og:image:width\" content=\"227\" \/>\n\t<meta property=\"og:image:height\" content=\"282\" \/>\n\t<meta property=\"og:image:type\" content=\"image\/jpeg\" \/>\n<meta name=\"author\" content=\"3e mill\u00e9naire\" \/>\n<meta name=\"twitter:card\" content=\"summary_large_image\" \/>\n<meta name=\"twitter:label1\" content=\"\u00c9crit par\" \/>\n\t<meta name=\"twitter:data1\" content=\"3e mill\u00e9naire\" \/>\n\t<meta name=\"twitter:label2\" content=\"Dur\u00e9e de lecture estim\u00e9e\" \/>\n\t<meta name=\"twitter:data2\" content=\"9 minutes\" \/>\n<script type=\"application\/ld+json\" class=\"yoast-schema-graph\">{\"@context\":\"https:\/\/schema.org\",\"@graph\":[{\"@type\":\"Article\",\"@id\":\"https:\/\/www.revue3emillenaire.com\/blog\/sans-precedent-lere-de-letude-par-asa-boxer\/#article\",\"isPartOf\":{\"@id\":\"https:\/\/www.revue3emillenaire.com\/blog\/sans-precedent-lere-de-letude-par-asa-boxer\/\"},\"author\":{\"name\":\"3e mill\u00e9naire\",\"@id\":\"https:\/\/www.revue3emillenaire.com\/blog\/#\/schema\/person\/b692dacff720a5344a6190bc714397eb\"},\"headline\":\"Sans pr\u00e9c\u00e9dent\u00a0: L\u2019\u00e8re de \u00ab\u00a0l\u2019\u00c9tude\u00a0\u00bb par Asa Boxer\",\"datePublished\":\"2024-07-08T23:36:42+00:00\",\"dateModified\":\"2024-07-08T23:37:52+00:00\",\"mainEntityOfPage\":{\"@id\":\"https:\/\/www.revue3emillenaire.com\/blog\/sans-precedent-lere-de-letude-par-asa-boxer\/\"},\"wordCount\":1885,\"image\":{\"@id\":\"https:\/\/www.revue3emillenaire.com\/blog\/sans-precedent-lere-de-letude-par-asa-boxer\/#primaryimage\"},\"thumbnailUrl\":\"https:\/\/www.revue3emillenaire.com\/blog\/wp-content\/uploads\/2024\/03\/Asa-Boxer.jpg\",\"keywords\":[\"Bureaucratie\",\"Changement Climatique\"],\"articleSection\":[\"Actualit\u00e9s\",\"Boxer Asa\"],\"inLanguage\":\"fr-FR\"},{\"@type\":\"WebPage\",\"@id\":\"https:\/\/www.revue3emillenaire.com\/blog\/sans-precedent-lere-de-letude-par-asa-boxer\/\",\"url\":\"https:\/\/www.revue3emillenaire.com\/blog\/sans-precedent-lere-de-letude-par-asa-boxer\/\",\"name\":\"Sans pr\u00e9c\u00e9dent\u00a0: L\u2019\u00e8re de \u00ab\u00a0l\u2019\u00c9tude\u00a0\u00bb par Asa Boxer - 3e mill\u00e9naire - Spiritualit\u00e9 - Connaissance de soi - Non-dualit\u00e9 - M\u00e9ditation\",\"isPartOf\":{\"@id\":\"https:\/\/www.revue3emillenaire.com\/blog\/#website\"},\"primaryImageOfPage\":{\"@id\":\"https:\/\/www.revue3emillenaire.com\/blog\/sans-precedent-lere-de-letude-par-asa-boxer\/#primaryimage\"},\"image\":{\"@id\":\"https:\/\/www.revue3emillenaire.com\/blog\/sans-precedent-lere-de-letude-par-asa-boxer\/#primaryimage\"},\"thumbnailUrl\":\"https:\/\/www.revue3emillenaire.com\/blog\/wp-content\/uploads\/2024\/03\/Asa-Boxer.jpg\",\"datePublished\":\"2024-07-08T23:36:42+00:00\",\"dateModified\":\"2024-07-08T23:37:52+00:00\",\"author\":{\"@id\":\"https:\/\/www.revue3emillenaire.com\/blog\/#\/schema\/person\/b692dacff720a5344a6190bc714397eb\"},\"breadcrumb\":{\"@id\":\"https:\/\/www.revue3emillenaire.com\/blog\/sans-precedent-lere-de-letude-par-asa-boxer\/#breadcrumb\"},\"inLanguage\":\"fr-FR\",\"potentialAction\":[{\"@type\":\"ReadAction\",\"target\":[\"https:\/\/www.revue3emillenaire.com\/blog\/sans-precedent-lere-de-letude-par-asa-boxer\/\"]}]},{\"@type\":\"ImageObject\",\"inLanguage\":\"fr-FR\",\"@id\":\"https:\/\/www.revue3emillenaire.com\/blog\/sans-precedent-lere-de-letude-par-asa-boxer\/#primaryimage\",\"url\":\"https:\/\/www.revue3emillenaire.com\/blog\/wp-content\/uploads\/2024\/03\/Asa-Boxer.jpg\",\"contentUrl\":\"https:\/\/www.revue3emillenaire.com\/blog\/wp-content\/uploads\/2024\/03\/Asa-Boxer.jpg\",\"width\":227,\"height\":282},{\"@type\":\"BreadcrumbList\",\"@id\":\"https:\/\/www.revue3emillenaire.com\/blog\/sans-precedent-lere-de-letude-par-asa-boxer\/#breadcrumb\",\"itemListElement\":[{\"@type\":\"ListItem\",\"position\":1,\"name\":\"Accueil\",\"item\":\"https:\/\/www.revue3emillenaire.com\/blog\/\"},{\"@type\":\"ListItem\",\"position\":2,\"name\":\"Sans pr\u00e9c\u00e9dent\u00a0: L\u2019\u00e8re de \u00ab\u00a0l\u2019\u00c9tude\u00a0\u00bb par Asa Boxer\"}]},{\"@type\":\"WebSite\",\"@id\":\"https:\/\/www.revue3emillenaire.com\/blog\/#website\",\"url\":\"https:\/\/www.revue3emillenaire.com\/blog\/\",\"name\":\"3e mill\u00e9naire - Spiritualit\u00e9 - Connaissance de soi - Non-dualit\u00e9 - M\u00e9ditation\",\"description\":\"L&#039;Homme en devenir\",\"potentialAction\":[{\"@type\":\"SearchAction\",\"target\":{\"@type\":\"EntryPoint\",\"urlTemplate\":\"https:\/\/www.revue3emillenaire.com\/blog\/?s={search_term_string}\"},\"query-input\":{\"@type\":\"PropertyValueSpecification\",\"valueRequired\":true,\"valueName\":\"search_term_string\"}}],\"inLanguage\":\"fr-FR\"},{\"@type\":\"Person\",\"@id\":\"https:\/\/www.revue3emillenaire.com\/blog\/#\/schema\/person\/b692dacff720a5344a6190bc714397eb\",\"name\":\"3e mill\u00e9naire\",\"url\":\"https:\/\/www.revue3emillenaire.com\/blog\/author\/scoussa\/\"}]}<\/script>\n<!-- \/ Yoast SEO plugin. -->","yoast_head_json":{"title":"Sans pr\u00e9c\u00e9dent\u00a0: L\u2019\u00e8re de \u00ab\u00a0l\u2019\u00c9tude\u00a0\u00bb par Asa Boxer - 3e mill\u00e9naire - Spiritualit\u00e9 - Connaissance de soi - Non-dualit\u00e9 - M\u00e9ditation","robots":{"index":"index","follow":"follow","max-snippet":"max-snippet:-1","max-image-preview":"max-image-preview:large","max-video-preview":"max-video-preview:-1"},"canonical":"https:\/\/www.revue3emillenaire.com\/blog\/sans-precedent-lere-de-letude-par-asa-boxer\/","og_locale":"fr_FR","og_type":"article","og_title":"Sans pr\u00e9c\u00e9dent\u00a0: L\u2019\u00e8re de \u00ab\u00a0l\u2019\u00c9tude\u00a0\u00bb par Asa Boxer - 3e mill\u00e9naire - Spiritualit\u00e9 - Connaissance de soi - Non-dualit\u00e9 - M\u00e9ditation","og_description":"30\u00a0juin 2024 Le mod\u00e8le du d\u00f4me de chaleur a fait la une des journaux pour la premi\u00e8re fois en 2021, apr\u00e8s le d\u00e9ploiement de l\u2019injection \u00e0 ARNm en d\u00e9cembre 2020. Le changement climatique a soudainement commenc\u00e9 \u00e0 tuer des gens en masse, expliquant le ph\u00e9nom\u00e8ne de mort subite et la hausse des taux de mortalit\u00e9. [&hellip;]","og_url":"https:\/\/www.revue3emillenaire.com\/blog\/sans-precedent-lere-de-letude-par-asa-boxer\/","og_site_name":"3e mill\u00e9naire - Spiritualit\u00e9 - Connaissance de soi - Non-dualit\u00e9 - M\u00e9ditation","article_published_time":"2024-07-08T23:36:42+00:00","article_modified_time":"2024-07-08T23:37:52+00:00","og_image":[{"width":227,"height":282,"url":"https:\/\/www.revue3emillenaire.com\/blog\/wp-content\/uploads\/2024\/03\/Asa-Boxer.jpg","type":"image\/jpeg"}],"author":"3e mill\u00e9naire","twitter_card":"summary_large_image","twitter_misc":{"\u00c9crit par":"3e mill\u00e9naire","Dur\u00e9e de lecture estim\u00e9e":"9 minutes"},"schema":{"@context":"https:\/\/schema.org","@graph":[{"@type":"Article","@id":"https:\/\/www.revue3emillenaire.com\/blog\/sans-precedent-lere-de-letude-par-asa-boxer\/#article","isPartOf":{"@id":"https:\/\/www.revue3emillenaire.com\/blog\/sans-precedent-lere-de-letude-par-asa-boxer\/"},"author":{"name":"3e mill\u00e9naire","@id":"https:\/\/www.revue3emillenaire.com\/blog\/#\/schema\/person\/b692dacff720a5344a6190bc714397eb"},"headline":"Sans pr\u00e9c\u00e9dent\u00a0: L\u2019\u00e8re de \u00ab\u00a0l\u2019\u00c9tude\u00a0\u00bb par Asa Boxer","datePublished":"2024-07-08T23:36:42+00:00","dateModified":"2024-07-08T23:37:52+00:00","mainEntityOfPage":{"@id":"https:\/\/www.revue3emillenaire.com\/blog\/sans-precedent-lere-de-letude-par-asa-boxer\/"},"wordCount":1885,"image":{"@id":"https:\/\/www.revue3emillenaire.com\/blog\/sans-precedent-lere-de-letude-par-asa-boxer\/#primaryimage"},"thumbnailUrl":"https:\/\/www.revue3emillenaire.com\/blog\/wp-content\/uploads\/2024\/03\/Asa-Boxer.jpg","keywords":["Bureaucratie","Changement Climatique"],"articleSection":["Actualit\u00e9s","Boxer Asa"],"inLanguage":"fr-FR"},{"@type":"WebPage","@id":"https:\/\/www.revue3emillenaire.com\/blog\/sans-precedent-lere-de-letude-par-asa-boxer\/","url":"https:\/\/www.revue3emillenaire.com\/blog\/sans-precedent-lere-de-letude-par-asa-boxer\/","name":"Sans pr\u00e9c\u00e9dent\u00a0: L\u2019\u00e8re de \u00ab\u00a0l\u2019\u00c9tude\u00a0\u00bb par Asa Boxer - 3e mill\u00e9naire - Spiritualit\u00e9 - Connaissance de soi - Non-dualit\u00e9 - M\u00e9ditation","isPartOf":{"@id":"https:\/\/www.revue3emillenaire.com\/blog\/#website"},"primaryImageOfPage":{"@id":"https:\/\/www.revue3emillenaire.com\/blog\/sans-precedent-lere-de-letude-par-asa-boxer\/#primaryimage"},"image":{"@id":"https:\/\/www.revue3emillenaire.com\/blog\/sans-precedent-lere-de-letude-par-asa-boxer\/#primaryimage"},"thumbnailUrl":"https:\/\/www.revue3emillenaire.com\/blog\/wp-content\/uploads\/2024\/03\/Asa-Boxer.jpg","datePublished":"2024-07-08T23:36:42+00:00","dateModified":"2024-07-08T23:37:52+00:00","author":{"@id":"https:\/\/www.revue3emillenaire.com\/blog\/#\/schema\/person\/b692dacff720a5344a6190bc714397eb"},"breadcrumb":{"@id":"https:\/\/www.revue3emillenaire.com\/blog\/sans-precedent-lere-de-letude-par-asa-boxer\/#breadcrumb"},"inLanguage":"fr-FR","potentialAction":[{"@type":"ReadAction","target":["https:\/\/www.revue3emillenaire.com\/blog\/sans-precedent-lere-de-letude-par-asa-boxer\/"]}]},{"@type":"ImageObject","inLanguage":"fr-FR","@id":"https:\/\/www.revue3emillenaire.com\/blog\/sans-precedent-lere-de-letude-par-asa-boxer\/#primaryimage","url":"https:\/\/www.revue3emillenaire.com\/blog\/wp-content\/uploads\/2024\/03\/Asa-Boxer.jpg","contentUrl":"https:\/\/www.revue3emillenaire.com\/blog\/wp-content\/uploads\/2024\/03\/Asa-Boxer.jpg","width":227,"height":282},{"@type":"BreadcrumbList","@id":"https:\/\/www.revue3emillenaire.com\/blog\/sans-precedent-lere-de-letude-par-asa-boxer\/#breadcrumb","itemListElement":[{"@type":"ListItem","position":1,"name":"Accueil","item":"https:\/\/www.revue3emillenaire.com\/blog\/"},{"@type":"ListItem","position":2,"name":"Sans pr\u00e9c\u00e9dent\u00a0: L\u2019\u00e8re de \u00ab\u00a0l\u2019\u00c9tude\u00a0\u00bb par Asa Boxer"}]},{"@type":"WebSite","@id":"https:\/\/www.revue3emillenaire.com\/blog\/#website","url":"https:\/\/www.revue3emillenaire.com\/blog\/","name":"3e mill\u00e9naire - Spiritualit\u00e9 - Connaissance de soi - Non-dualit\u00e9 - M\u00e9ditation","description":"L&#039;Homme en devenir","potentialAction":[{"@type":"SearchAction","target":{"@type":"EntryPoint","urlTemplate":"https:\/\/www.revue3emillenaire.com\/blog\/?s={search_term_string}"},"query-input":{"@type":"PropertyValueSpecification","valueRequired":true,"valueName":"search_term_string"}}],"inLanguage":"fr-FR"},{"@type":"Person","@id":"https:\/\/www.revue3emillenaire.com\/blog\/#\/schema\/person\/b692dacff720a5344a6190bc714397eb","name":"3e mill\u00e9naire","url":"https:\/\/www.revue3emillenaire.com\/blog\/author\/scoussa\/"}]}},"_links":{"self":[{"href":"https:\/\/www.revue3emillenaire.com\/blog\/wp-json\/wp\/v2\/posts\/20041","targetHints":{"allow":["GET"]}}],"collection":[{"href":"https:\/\/www.revue3emillenaire.com\/blog\/wp-json\/wp\/v2\/posts"}],"about":[{"href":"https:\/\/www.revue3emillenaire.com\/blog\/wp-json\/wp\/v2\/types\/post"}],"author":[{"embeddable":true,"href":"https:\/\/www.revue3emillenaire.com\/blog\/wp-json\/wp\/v2\/users\/2"}],"replies":[{"embeddable":true,"href":"https:\/\/www.revue3emillenaire.com\/blog\/wp-json\/wp\/v2\/comments?post=20041"}],"version-history":[{"count":0,"href":"https:\/\/www.revue3emillenaire.com\/blog\/wp-json\/wp\/v2\/posts\/20041\/revisions"}],"wp:featuredmedia":[{"embeddable":true,"href":"https:\/\/www.revue3emillenaire.com\/blog\/wp-json\/wp\/v2\/media\/19824"}],"wp:attachment":[{"href":"https:\/\/www.revue3emillenaire.com\/blog\/wp-json\/wp\/v2\/media?parent=20041"}],"wp:term":[{"taxonomy":"category","embeddable":true,"href":"https:\/\/www.revue3emillenaire.com\/blog\/wp-json\/wp\/v2\/categories?post=20041"},{"taxonomy":"post_tag","embeddable":true,"href":"https:\/\/www.revue3emillenaire.com\/blog\/wp-json\/wp\/v2\/tags?post=20041"}],"curies":[{"name":"wp","href":"https:\/\/api.w.org\/{rel}","templated":true}]}}