{"id":20051,"date":"2024-07-14T15:13:22","date_gmt":"2024-07-14T14:13:22","guid":{"rendered":"https:\/\/www.revue3emillenaire.com\/blog\/?p=20051"},"modified":"2024-07-14T15:13:22","modified_gmt":"2024-07-14T14:13:22","slug":"voici-pourquoi-le-monde-secroule-et-ce-que-vous-pouvez-faire-a-ce-sujet-par-james-corbett","status":"publish","type":"post","link":"https:\/\/www.revue3emillenaire.com\/blog\/voici-pourquoi-le-monde-secroule-et-ce-que-vous-pouvez-faire-a-ce-sujet-par-james-corbett\/","title":{"rendered":"Voici pourquoi le monde s\u2019\u00e9croule (et ce que vous pouvez faire \u00e0 ce sujet\u00a0!) par James Corbett"},"content":{"rendered":"<p class=\"western\" lang=\"en-US\" align=\"justify\"><em><span style=\"font-size: medium;\"><span lang=\"fr-FR\">23\u00a0juin 2024<\/span><\/span><\/em><\/p>\n<p class=\"western\" lang=\"en-US\" align=\"justify\"><span style=\"font-size: medium;\"><span lang=\"fr-FR\">Avez-vous parfois l\u2019impression que tout s\u2019\u00e9croule en m\u00eame temps\u00a0?<\/span><\/span><\/p>\n<p class=\"western\" lang=\"en-US\" align=\"justify\"><span style=\"font-size: medium;\"><span lang=\"fr-FR\">Oubliez l\u2019id\u00e9e de fonder une famille ou d\u2019acheter une maison. Il devient de plus en plus difficile pour les jeunes hommes et les jeunes femmes de simplement mettre de la nourriture sur la table.<\/span><\/span><\/p>\n<p class=\"western\" lang=\"en-US\" align=\"justify\"><span style=\"font-size: medium;\"><span lang=\"fr-FR\">Et ceux qui ont la chance de d\u00e9fier les probabilit\u00e9s et de r\u00e9ussir \u00e0 fonder une famille ne passent certainement pas leur temps \u00e0 participer \u00e0 des barbecues de quartier pendant que les enfants jouent une partie de hockey de rue. Aujourd\u2019hui, ils seraient chanceux de pouvoir arracher les enfants \u00e0 leur appareil suffisamment longtemps pour qu\u2019ils remarquent qu\u2019il y <\/span><\/span><em><span style=\"font-size: medium;\"><span lang=\"fr-FR\">a d\u2019<\/span><\/span><\/em><span style=\"font-size: medium;\"><span lang=\"fr-FR\">autres enfants dans leur quartier. Ce n\u2019est pas que les parents vivent mieux leur vie.<\/span><\/span><\/p>\n<p class=\"western\" lang=\"en-US\" align=\"justify\"><span style=\"font-size: medium;\"><span lang=\"fr-FR\">Que <\/span><\/span><em><span style=\"font-size: medium;\"><span lang=\"fr-FR\">font <\/span><\/span><\/em><span style=\"font-size: medium;\"><span lang=\"fr-FR\">tous les utilisateurs de ces appareils\u00a0? Ils font d\u00e9filer sans fin sur les r\u00e9seaux sociaux leurs fils d\u2019actualit\u00e9 remplis de catastrophes tragiques et d\u2019app\u00e2ts pour s\u2019enrager, bien s\u00fbr\u00a0! Ils sont occup\u00e9s \u00e0 regarder Isra\u00ebl perp\u00e9trer un holocauste contre la Palestine et l\u2019OTAN se rapprocher d\u2019une guerre nucl\u00e9aire avec la Russie et les gens chez eux se livrer \u00e0 des <\/span><\/span><span style=\"color: #000080;\"><u><a href=\"https:\/\/old.reddit.com\/r\/PublicFreakout\/\"><span style=\"font-size: medium;\"><span lang=\"fr-FR\">crises de panique publiques<\/span><\/span><\/a><\/u><\/span><span style=\"font-size: medium;\"><span lang=\"fr-FR\"> alors que la soci\u00e9t\u00e9 se d\u00e9sint\u00e8gre et que le monde bascule dans la folie.<\/span><\/span><\/p>\n<p class=\"western\" lang=\"en-US\" align=\"justify\"><span style=\"font-size: medium;\"><span lang=\"fr-FR\">Cette foi dans la capacit\u00e9 du travail et de la d\u00e9termination \u00e0 nous aider \u00e0 am\u00e9liorer la plan\u00e8te et \u00e0 laisser un meilleur endroit \u00e0 nos enfants\u00a0? Disparue. Remplac\u00e9e par le sentiment de plus en plus fort que le monde va droit en enfer et que, de toute fa\u00e7on, il ne vaut peut-\u00eatre pas la peine d\u2019\u00eatre sauv\u00e9.<\/span><\/span><\/p>\n<p class=\"western\" lang=\"en-US\" align=\"justify\"><span style=\"font-size: medium;\"><span lang=\"fr-FR\">Oui, du macrocosme des crises g\u00e9opolitiques et des fraudes financi\u00e8res au microcosme de la d\u00e9sint\u00e9gration \u00e9conomique et du malaise spirituel, il semble que tout ce qui pourrait <\/span><\/span><em><span style=\"font-size: medium;\"><span lang=\"fr-FR\">mal tourner est en train de mal tourner.<\/span><\/span><\/em><span style=\"font-size: medium;\"><span lang=\"fr-FR\"> De plus en plus, nous avons l\u2019impression de n\u2019\u00eatre que de simples spectateurs d\u2019un spectacle d\u00e9sordonn\u00e9 qui se joue sur nos \u00e9crans, des conducteurs num\u00e9riques ralentissant pour regarder sans broncher l\u2019accident chaotique qui se d\u00e9roule sur les autoroutes de l\u2019information.<\/span><\/span><\/p>\n<p class=\"western\" lang=\"en-US\" align=\"justify\"><span style=\"font-size: medium;\"><span lang=\"fr-FR\">Mais saviez-vous que ce ph\u00e9nom\u00e8ne porte un <\/span><\/span><em><span style=\"font-size: medium;\"><span lang=\"fr-FR\">nom\u00a0<\/span><\/span><\/em><span style=\"font-size: medium;\"><span lang=\"fr-FR\">? Et qu\u2019il fait partie d\u2019un plan \u00e9labor\u00e9 depuis des ann\u00e9es par les pouvoirs en place pour d\u00e9stabiliser le monde et faire avancer leur agenda\u00a0? Et saviez-vous aussi qu\u2019en regardant simplement ce d\u00e9sastre, nous contribuons \u00e0 la r\u00e9alisation de ce plan\u00a0?<\/span><\/span><\/p>\n<p class=\"western\" lang=\"en-US\" align=\"justify\"><span style=\"font-size: medium;\"><span lang=\"fr-FR\">Non\u00a0? Eh bien, vous allez tout apprendre \u00e0 ce sujet\u00a0! Allons-y.<\/span><\/span><\/p>\n<h3 class=\"western\" lang=\"en-US\" align=\"justify\"><span style=\"font-family: Times New Roman, serif;\"><span style=\"font-size: medium;\"><span lang=\"fr-FR\">Le pr\u00e9cariat<\/span><\/span><\/span><\/h3>\n<p class=\"western\" lang=\"en-US\" align=\"justify\"><span style=\"font-size: medium;\"><span lang=\"fr-FR\">En 2011, Guy Standing, \u00e9conomiste marxiste et professeur d\u2019\u00e9tudes du d\u00e9veloppement \u00e0 l\u2019universit\u00e9 de Londres, a publi\u00e9 <\/span><\/span><span style=\"color: #000080;\"><u><a href=\"https:\/\/archive.org\/details\/oapen-20.500.12657-58691\/page\/10\/mode\/1up\"><span style=\"font-size: medium;\"><span lang=\"fr-FR\"><i>The Precariat\u00a0: The New Dangerous Class<\/i><\/span><\/span><\/a><\/u><\/span><span style=\"font-size: medium;\"><span lang=\"fr-FR\">, dans lequel il d\u00e9finit un nouveau type de classe sociale apparu sur le march\u00e9 du travail du XXI<\/span><\/span><sup><span style=\"font-size: medium;\"><span lang=\"fr-FR\">e<\/span><\/span><\/sup><span style=\"font-size: medium;\"><span lang=\"fr-FR\">\u00a0si\u00e8cle\u00a0:<\/span><\/span><\/p>\n<blockquote class=\"western\" lang=\"en-US\">\n<p style=\"padding-left: 80px;\"><span style=\"font-size: medium;\"><span lang=\"fr-FR\">Le pr\u00e9cariat ne fait pas partie de la \u00ab\u00a0classe ouvri\u00e8re\u00a0\u00bb ou du \u00ab\u00a0prol\u00e9tariat\u00a0\u00bb. Ces derniers termes sugg\u00e8rent une soci\u00e9t\u00e9 compos\u00e9e principalement de travailleurs occupant des emplois stables, \u00e0 long terme et \u00e0 heures fixes, avec des titres d\u2019emploi que leurs p\u00e8res et leurs m\u00e8res auraient compris, face \u00e0 des employeurs locaux dont les noms et les caract\u00e9ristiques leur \u00e9taient familiers.<\/span><\/span><\/p>\n<\/blockquote>\n<blockquote class=\"western\" lang=\"en-US\" style=\"padding-left: 80px;\"><p><span style=\"font-size: medium;\"><span lang=\"fr-FR\">De nombreuses personnes entrant dans le pr\u00e9cariat ne connaissaient pas leur employeur ni le nombre de coll\u00e8gues qu\u2019elles avaient ou qu\u2019elles allaient probablement avoir \u00e0 l\u2019avenir. Elles n\u2019appartiennent pas non plus \u00e0 la \u00ab\u00a0classe moyenne\u00a0\u00bb, puisqu\u2019elles n\u2019ont pas de salaire stable ou pr\u00e9visible, ni le statut et les avantages que les membres de la classe moyenne sont cens\u00e9s poss\u00e9der.<\/span><\/span><\/p><\/blockquote>\n<p class=\"western\" lang=\"en-US\" align=\"justify\"><span style=\"font-size: medium;\"><span lang=\"fr-FR\">En d\u2019autres termes, selon Standing, la \u00ab\u00a0gig economy (\u00e9conomie des petits boulots)\u00a0\u00bb de ces derni\u00e8res ann\u00e9es a cr\u00e9\u00e9 une classe enti\u00e8rement nouvelle de travailleurs dont l\u2019existence \u00e9conomique m\u00eame est d\u00e9finie par sa nature pr\u00e9caire.<\/span><\/span><\/p>\n<p class=\"western\" lang=\"en-US\" align=\"justify\"><span style=\"font-size: medium;\"><span lang=\"fr-FR\">Issu d\u2019une vision marxiste du monde, ce concept de \u00ab\u00a0pr\u00e9cariat\u00a0\u00bb d\u00e9peint ces travailleurs comme une masse indivise de travailleurs parmi d\u2019autres dans la grande lutte des classes et insiste sur le fait qu\u2019ils sont les victimes impuissantes de vastes forces \u00e9conomiques \u00e9chappant \u00e0 leur contr\u00f4le. Il insiste sur le fait que le seul espoir de ces pauvres masses de cr\u00e9tins travailleurs est de faire pression sur les gouvernements pour qu\u2019ils accordent plus de droits aux travailleurs de l\u2019\u00e9conomie des petits boulots\u2026 ou de renverser le gouvernement et d\u2019instaurer une dictature du pr\u00e9cariat\u2026 ou tout ce que croient les \u00e9conomistes marxistes.<\/span><\/span><\/p>\n<p class=\"western\" lang=\"en-US\" align=\"justify\"><span style=\"font-size: medium;\"><span lang=\"fr-FR\">Naturellement, cette vision du monde pla\u00eet aux plus grands collectivistes de tous\u00a0: les mondialistes. Il n\u2019est donc pas surprenant qu\u2019en l\u2019espace de quelques ann\u00e9es, Standing ait \u00e9t\u00e9 <\/span><\/span><span style=\"color: #000080;\"><u><a href=\"https:\/\/web.archive.org\/web\/20190528164041\/https:\/\/www.bilderbergmeetings.org\/meetings\/meeting-2016\/participants-2016-1\"><span style=\"font-size: medium;\"><span lang=\"fr-FR\">invit\u00e9 \u00e0 s\u2019exprimer au Bilderberg\u00a02016<\/span><\/span><\/a><\/u><\/span><span style=\"font-size: medium;\"><span lang=\"fr-FR\"> sur le th\u00e8me \u00ab\u00a0<\/span><\/span><span style=\"color: #000080;\"><u><span style=\"font-size: medium;\"><span lang=\"fr-FR\"><a href=\"https:\/\/web.archive.org\/web\/20190528164014\/https:\/\/www.bilderbergmeetings.org\/meetings\/meeting-2016\/press-release-2016\">Pr\u00e9cariat et classe moyenne<\/a>\u00a0\u00bb<\/span><\/span><\/u><\/span><span style=\"font-size: medium;\"><span lang=\"fr-FR\">, ou que son travail ait ensuite \u00e9t\u00e9 <\/span><\/span><span style=\"color: #000080;\"><u><a href=\"https:\/\/www.weforum.org\/agenda\/2016\/11\/precariat-global-class-rise-of-populism\/\"><span style=\"font-size: medium;\"><span lang=\"fr-FR\">promu par le Forum \u00e9conomique mondial<\/span><\/span><\/a><\/u><\/span><span style=\"font-size: medium;\"><span lang=\"fr-FR\">, qui l\u2019a invit\u00e9 \u00e0 <\/span><\/span><span style=\"color: #000080;\"><u><a href=\"https:\/\/www.youtube.com\/watch?v=N5n4j8-zUE4\"><span style=\"font-size: medium;\"><span lang=\"fr-FR\">s\u2019exprimer \u00e0 Davos\u00a02017<\/span><\/span><\/a><\/u><\/span><span style=\"font-size: medium;\"><span lang=\"fr-FR\">.<\/span><\/span><\/p>\n<p class=\"western\" lang=\"en-US\" align=\"justify\"><span style=\"font-size: medium;\"><span lang=\"fr-FR\">Mais cela soul\u00e8ve la question suivante\u00a0: <\/span><\/span><em><span style=\"font-size: medium;\"><span lang=\"fr-FR\">pourquoi <\/span><\/span><\/em><span style=\"font-size: medium;\"><span lang=\"fr-FR\">les archimondialistes de Bilderberg et de Davos sont-ils <\/span><\/span><em><span style=\"font-size: medium;\"><span lang=\"fr-FR\">si <\/span><\/span><\/em><span style=\"font-size: medium;\"><span lang=\"fr-FR\">int\u00e9ress\u00e9s par la promotion de cette id\u00e9e de \u00ab\u00a0pr\u00e9cariat\u00a0\u00bb\u00a0?<\/span><\/span><\/p>\n<p class=\"western\" lang=\"en-US\" align=\"justify\"><span style=\"font-size: medium;\"><span lang=\"fr-FR\">Pour r\u00e9pondre \u00e0 cette question, nous devons d\u2019abord nous pencher sur un autre terme que le pouvoir en place a tent\u00e9 d\u2019implanter dans la conscience publique au cours des derni\u00e8res ann\u00e9es.<\/span><\/span><\/p>\n<h3 class=\"western\" lang=\"en-US\" align=\"justify\"><span style=\"font-family: Times New Roman, serif;\"><span style=\"font-size: medium;\"><span lang=\"fr-FR\">La polycrise<\/span><\/span><\/span><\/h3>\n<p class=\"western\" lang=\"en-US\" align=\"justify\"><span style=\"font-size: medium;\"><span lang=\"fr-FR\">La seule chose que les <\/span><\/span><span style=\"color: #000080;\"><u><a href=\"https:\/\/corbettreport.com\/interview-1024-tjeerd-andringa-exposes-the-kakistocracy\/\"><span style=\"font-size: medium;\"><span lang=\"fr-FR\">kakistocrates<\/span><\/span><\/a><\/u><\/span><span style=\"font-size: medium;\"><span lang=\"fr-FR\"> au sommet de la pathocratie mondiale aiment plus qu\u2019un \u00e9conomiste marxiste, c\u2019est un sociologue fran\u00e7ais \u00ab\u00a0post-marxiste\u00a0\u00bb. Cela explique pourquoi les travaux d\u2019Edgar Morin \u2014 un th\u00e9oricien fran\u00e7ais de 103\u00a0ans qui \u00e9crit depuis les ann\u00e9es\u00a01940 \u2014 ont \u00e9t\u00e9 exhum\u00e9s, d\u00e9poussi\u00e9r\u00e9s et examin\u00e9s par les porte-parole de l\u2019establishment et les coursiers mondialistes au cours des derni\u00e8res ann\u00e9es. Leur chasse au tr\u00e9sor a d\u00e9bouch\u00e9 sur une d\u00e9couverte pr\u00e9cieuse\u00a0: le mot \u00ab\u00a0polycrise\u00a0\u00bb.<\/span><\/span><\/p>\n<p class=\"western\" lang=\"en-US\" align=\"justify\"><span style=\"font-size: medium;\"><span lang=\"fr-FR\">Plus pr\u00e9cis\u00e9ment, l\u2019ancien pr\u00e9sident de la Commission europ\u00e9enne (et pilier de Bilderberg de longue date) Jean-Claude Juncker a utilis\u00e9 un <\/span><\/span><span style=\"color: #000080;\"><u><a href=\"https:\/\/ec.europa.eu\/commission\/presscorner\/detail\/fr\/SPEECH_16_2293\"><span style=\"font-size: medium;\"><span lang=\"fr-FR\">discours de 2016<\/span><\/span><\/a><\/u><\/span><span style=\"font-size: medium;\"><span lang=\"fr-FR\"> sur les difficult\u00e9s de l\u2019Union europ\u00e9enne pour r\u00e9introduire le terme \u2014 invent\u00e9 pour la premi\u00e8re fois par Morin dans les ann\u00e9es\u00a01990 \u2014 dans le discours politique moderne\u00a0:<\/span><\/span><\/p>\n<blockquote class=\"western\" lang=\"en-US\">\n<p style=\"padding-left: 80px;\"><span style=\"font-size: medium;\"><span lang=\"fr-FR\">L\u2019Union europ\u00e9enne a \u00e9t\u00e9 confront\u00e9e \u00e0 la pire crise \u00e9conomique, financi\u00e8re et sociale qu\u2019elle ait connue depuis la Seconde Guerre mondiale. Et elle continue de se d\u00e9battre avec les cons\u00e9quences de cette crise. J\u2019ai souvent utilis\u00e9 le mot grec \u00ab\u00a0polycrise\u00a0\u00bb pour d\u00e9crire la situation actuelle. Nos diff\u00e9rents d\u00e9fis \u2014 des menaces pour la s\u00e9curit\u00e9 dans notre voisinage et \u00e0 l\u2019int\u00e9rieur de nos fronti\u00e8res, \u00e0 la crise des r\u00e9fugi\u00e9s et au r\u00e9f\u00e9rendum britannique \u2014 ne sont pas seulement arriv\u00e9s en m\u00eame temps. Ils s\u2019alimentent les uns les autres, cr\u00e9ant un sentiment de doute et d\u2019incertitude dans l\u2019esprit de nos concitoyens.<\/span><\/span><\/p>\n<\/blockquote>\n<p class=\"western\" lang=\"en-US\" align=\"justify\"><span style=\"font-size: medium;\"><span lang=\"fr-FR\">Si cette remarque en passant sur la \u00ab\u00a0polycrise\u00a0\u00bb peut sembler anodine aux personnes normales qui ont les id\u00e9es claires, les machiav\u00e9liques de l\u2019\u00e9lite mondialiste n\u2019ont manifestement <\/span><\/span><em><span style=\"font-size: medium;\"><span lang=\"fr-FR\">pas les id\u00e9es <\/span><\/span><\/em><span style=\"font-size: medium;\"><span lang=\"fr-FR\">claires.<\/span><\/span><\/p>\n<p class=\"western\" lang=\"en-US\" align=\"justify\"><span style=\"font-size: medium;\"><span lang=\"fr-FR\">Ainsi, la r\u00e9f\u00e9rence fugace de Juncker \u00e0 ce terme a \u00e9t\u00e9 <\/span><\/span><span style=\"color: #000080;\"><u><a href=\"https:\/\/archive.is\/Ujph3\"><span style=\"font-size: medium;\"><span lang=\"fr-FR\">reprise et d\u00e9velopp\u00e9e<\/span><\/span><\/a><\/u><\/span><span style=\"font-size: medium;\"><span lang=\"fr-FR\"> par l\u2019historien du courant dominant (et participant \u00e0 Davos) Adam Tooze dans les pages du <\/span><\/span><em><span style=\"font-size: medium;\"><span lang=\"fr-FR\">Financial Times<\/span><\/span><\/em><span style=\"font-size: medium;\"><span lang=\"fr-FR\">, le porte-parole de La City de Londres, en 2022. De l\u00e0, il est devenu <\/span><\/span><span style=\"color: #000080;\"><u><a href=\"https:\/\/time.com\/6247799\/polycrisis-in-davos-wef-2023\/\"><span style=\"font-size: medium;\"><span lang=\"fr-FR\">le \u00ab\u00a0mot \u00e0 la mode\u00a0\u00bb \u00e0 Davos l\u2019ann\u00e9e derni\u00e8re<\/span><\/span><\/a><\/u><\/span><span style=\"font-size: medium;\"><span lang=\"fr-FR\">, et le Forum \u00e9conomique mondial a alors r\u00e9alis\u00e9 une <\/span><\/span><span style=\"color: #000080;\"><u><a href=\"https:\/\/www.weforum.org\/agenda\/2023\/03\/polycrisis-adam-tooze-historian-explains\/\"><span style=\"font-size: medium;\"><span lang=\"fr-FR\">interview avec Tooze<\/span><\/span><\/a><\/u><\/span><span style=\"font-size: medium;\"><span lang=\"fr-FR\"> sur le terme et les raisons pour lesquels il d\u00e9crit si parfaitement le monde chaotique que les dirigeants mondiaux en puissance sont en train de mettre en place.<\/span><\/span><\/p>\n<p class=\"western\" lang=\"en-US\" align=\"justify\"><span style=\"font-size: medium;\"><span lang=\"fr-FR\">Citant la <\/span><\/span><span style=\"color: #000080;\"><u><a href=\"https:\/\/corbettreport.com\/limitstogrowth\/\"><span style=\"font-size: medium;\"><span lang=\"fr-FR\">propagande malthusienne<\/span><\/span><\/a><\/u><\/span><span style=\"font-size: medium;\"><span lang=\"fr-FR\"> du Club de Rome <\/span><\/span><span style=\"color: #000080;\"><u><a href=\"https:\/\/corbettreport.com\/limitstogrowth\/\"><span style=\"font-size: medium;\"><span lang=\"fr-FR\">sur les limites de la croissance<\/span><\/span><\/a><\/u><\/span><span style=\"font-size: medium;\"><span lang=\"fr-FR\"> dans les ann\u00e9es\u00a01970 comme l\u2019une des \u00ab\u00a0premi\u00e8res pr\u00e9visions\u00a0\u00bb de la polycrise moderne, Tooze s\u2019extasie ensuite sur la fa\u00e7on dont le grand plan visant \u00e0 instaurer un <\/span><\/span><span style=\"color: #000080;\"><u><a href=\"https:\/\/corbettreport.com\/chaos-out-of-order\/\"><span style=\"font-size: medium;\"><span lang=\"fr-FR\"><i>ordre<\/i><\/span><\/span><\/a><\/u><\/span><span style=\"font-size: medium;\"><span lang=\"fr-FR\"> (technocratique) <\/span><\/span><span style=\"color: #000080;\"><u><a href=\"https:\/\/corbettreport.com\/chaos-out-of-order\/\"><span style=\"font-size: medium;\"><span lang=\"fr-FR\"><i>ab chao<\/i><\/span><\/span><\/a><\/u><\/span><span style=\"font-size: medium;\"><span lang=\"fr-FR\"> culmine dans la d\u00e9sint\u00e9gration totale de l\u2019\u00e9conomie mondiale et de la soci\u00e9t\u00e9 civile dans le monde post-COVID.<\/span><\/span><\/p>\n<blockquote class=\"western\" lang=\"en-US\">\n<p style=\"padding-left: 80px;\"><span style=\"font-size: medium;\"><span lang=\"fr-FR\">Comme le rapport du Club de Rome et divers types d\u2019expertise \u00e9pid\u00e9miologique le disaient \u00e0 l\u2019\u00e9poque, la prise de conscience naissante que le miracle de la croissance \u00e9conomique, qui avait vraiment pris une ampleur spectaculaire apr\u00e8s la Seconde Guerre mondiale, a un revers [sic]. Le succ\u00e8s m\u00eame de notre croissance \u00e9conomique engendre donc une s\u00e9rie de risques vraiment dramatiques \u2014 du c\u00f4t\u00e9 de l\u2019enveloppe environnementale des ressources, mais aussi du c\u00f4t\u00e9 des mutations zoonotiques des maladies pand\u00e9miques. Edgar Morin, le th\u00e9oricien fran\u00e7ais qui a \u00e9t\u00e9 le premier \u00e0 inventer ce terme, est un analyste alarmiste environnemental classique des ann\u00e9es\u00a01970. Il y a donc une certaine coh\u00e9rence dans cette chronologie.<\/span><\/span><\/p>\n<\/blockquote>\n<blockquote class=\"western\" lang=\"en-US\" style=\"padding-left: 80px;\"><p><span style=\"font-size: medium;\"><span lang=\"fr-FR\">Mais c\u2019est une chose de voir la forme de quelque chose, c\u2019en est une autre de voir sa r\u00e9alit\u00e9. Et c\u2019est l\u00e0 que l\u2019exp\u00e9rience de la pand\u00e9mie de 2020, 2021, est un v\u00e9ritable coup d\u2019arr\u00eat, car nous stoppons l\u2019\u00e9conomie mondiale dans son \u00e9lan. Nous n\u2019avons jamais rien fait de tel auparavant \u2014 une baisse de 15 \u00e0 20\u00a0% du PIB mondial en l\u2019espace de quelques semaines.<\/span><\/span><\/p><\/blockquote>\n<p class=\"western\" lang=\"en-US\" align=\"justify\"><span style=\"font-size: medium;\"><span lang=\"fr-FR\">En d\u2019autres termes, la polycrise ne se d\u00e9finit pas par l\u2019une ou l\u2019autre des crises individuelles qui la composent \u2014 la (fausse) crise climatique ou la (fausse) crise COVID ou la crise \u00e9conomique (g\u00e9n\u00e9r\u00e9e), etc. C\u2019est pourquoi le chaos de ces derni\u00e8res ann\u00e9es semble si accablant pour tous ceux d\u2019entre nous qui regardent le d\u00e9sastre se d\u00e9rouler sur leur fil d\u2019actualit\u00e9. Il ne s\u2019agit pas d\u2019une s\u00e9rie de probl\u00e8mes qui admettent chacun des solutions individuelles, mais d\u2019une boule de neige compos\u00e9e de probl\u00e8mes dans laquelle chaque crise individuelle alimente toutes les autres crises.<\/span><\/span><\/p>\n<p class=\"western\" lang=\"en-US\" align=\"justify\"><span style=\"font-size: medium;\"><span lang=\"fr-FR\">Maintenant, voici la vraie question\u00a0: pourquoi ces pr\u00e9sum\u00e9s potentats de la plan\u00e8te sont-ils si <\/span><\/span><em><span style=\"font-size: medium;\"><span lang=\"fr-FR\">excit\u00e9s <\/span><\/span><\/em><span style=\"font-size: medium;\"><span lang=\"fr-FR\">par ces id\u00e9es de \u00ab\u00a0pr\u00e9cariat\u00a0\u00bb et de \u00ab\u00a0polycrise\u00a0\u00bb\u00a0?<\/span><\/span><\/p>\n<p class=\"western\" lang=\"en-US\" align=\"justify\"><span style=\"font-size: medium;\"><span lang=\"fr-FR\">Pourquoi\u00a0? Parce que cela fait partie de leur grand plan, bien s\u00fbr.<\/span><\/span><\/p>\n<h3 class=\"western\" lang=\"en-US\" align=\"justify\"><span style=\"font-family: Times New Roman, serif;\"><span style=\"font-size: medium;\"><span lang=\"fr-FR\">\u00c0 suivre\u00a0: La polycrise du pr\u00e9cariat\u00a0? \u2026<\/span><\/span><\/span><\/h3>\n<p class=\"western\" lang=\"en-US\" align=\"justify\"><span style=\"font-size: medium;\"><span lang=\"fr-FR\">Il n\u2019est pas difficile de comprendre pourquoi les Bilderbergers et leurs larbins dans le <\/span><\/span><span style=\"font-size: medium;\"><span lang=\"fr-FR\">monde acad\u00e9mique<\/span><\/span><span style=\"font-size: medium;\"><span lang=\"fr-FR\"> et les m\u00e9dias <\/span><\/span><span style=\"font-size: medium;\"><span lang=\"fr-FR\">\u00e9tablis<\/span><\/span><span style=\"font-size: medium;\"><span lang=\"fr-FR\"> tentent d\u2019ins\u00e9rer le<\/span><\/span><span style=\"font-size: medium;\"><span lang=\"fr-FR\">s termes<\/span><\/span><span style=\"font-size: medium;\"><span lang=\"fr-FR\"> \u00ab\u00a0pr\u00e9cariat\u00a0\u00bb et \u00ab\u00a0polycrise\u00a0\u00bb dans la conscience publique. Ces termes s\u2019inscrivent <\/span><\/span><em><span style=\"font-size: medium;\"><span lang=\"fr-FR\">parfaitement <\/span><\/span><\/em><span style=\"font-size: medium;\"><span lang=\"fr-FR\">dans leur plan \u00e0 long terme visant \u00e0 <\/span><\/span><span style=\"font-size: medium;\"><span lang=\"fr-FR\">instaurer<\/span><\/span><span style=\"font-size: medium;\"><span lang=\"fr-FR\"> l\u2019ordre (du Nouveau Monde) <\/span><\/span><span style=\"font-size: medium;\"><span lang=\"fr-FR\">\u00e0 partir <\/span><\/span><span style=\"font-size: medium;\"><span lang=\"fr-FR\">du chaos (g\u00e9n\u00e9r\u00e9).<\/span><\/span><\/p>\n<p class=\"western\" lang=\"en-US\" align=\"justify\"><span style=\"font-size: medium;\"><span lang=\"fr-FR\">Ne me croyez pas sur parole. Regardez, par exemple, ce que le marxiste pr\u00e9f\u00e9r\u00e9 du Bilderberg, Guy Standing, a soutenu dans sa <\/span><\/span><span style=\"color: #000080;\"><u><a href=\"https:\/\/www.weforum.org\/agenda\/2016\/12\/the-precariat-populism-and-robots-is-basic-income-a-political-imperative\/\"><span style=\"font-size: medium;\"><span lang=\"fr-FR\">tribune sur le pr\u00e9cariat<\/span><\/span><\/a><\/u><\/span><span style=\"font-size: medium;\"><span lang=\"fr-FR\"> organis\u00e9e par le Forum \u00e9conomique mondial en 2016. Apr\u00e8s avoir propos\u00e9 que les gouvernements du monde entier collectent <\/span><\/span><em><span style=\"font-size: medium;\"><span lang=\"fr-FR\">davantage d\u2019<\/span><\/span><\/em><span style=\"font-size: medium;\"><span lang=\"fr-FR\">argent aupr\u00e8s de leur b\u00e9tail fiscal au moyen d\u2019un \u00ab\u00a0pr\u00e9l\u00e8vement sp\u00e9cial sur les revenus g\u00e9n\u00e9r\u00e9s par les brevets, les droits d\u2019auteur et d\u2019autres formes de propri\u00e9t\u00e9 intellectuelle\u00a0\u00bb et d\u2019un pr\u00e9l\u00e8vement \u00ab\u00a0sur les revenus <\/span><\/span><span style=\"font-size: medium;\"><span lang=\"fr-FR\">d<\/span><\/span><span style=\"font-size: medium;\"><span lang=\"fr-FR\">es entreprises de plateformes num\u00e9riques provenant des transactions de travail pilot\u00e9es par des applications\u00a0\u00bb, il propose ensuite une nouvelle id\u00e9e audacieuse sur ce que les parasites politiques suceurs de sang devraient <\/span><\/span><em><span style=\"font-size: medium;\"><span lang=\"fr-FR\">faire de <\/span><\/span><\/em><span style=\"font-size: medium;\"><span lang=\"fr-FR\">toute cette richesse vol\u00e9e\u00a0: <a href=\"https:\/\/corbettreport.com\/universal-basic-enslavement\/\">Le revenu <\/a><\/span><\/span><a href=\"https:\/\/corbettreport.com\/universal-basic-enslavement\/\"><span style=\"color: #000080;\"><span style=\"font-size: medium;\"><span lang=\"fr-FR\">universel<\/span><\/span><\/span><span style=\"font-size: medium;\"><span lang=\"fr-FR\"> d\u2019<\/span><\/span><span style=\"color: #000080;\"><span style=\"text-decoration: line-through;\"><span style=\"font-size: medium;\"><span lang=\"fr-FR\">asservissement<\/span><\/span><\/span><\/span><\/a> <span style=\"color: #000080;\"><span style=\"font-size: medium;\"><span lang=\"fr-FR\">de base<\/span><\/span><\/span><span style=\"font-size: medium;\"><span lang=\"fr-FR\">, bien s\u00fbr\u00a0!<\/span><\/span><\/p>\n<blockquote class=\"western\" lang=\"en-US\">\n<p style=\"padding-left: 80px;\"><span style=\"font-size: medium;\"><span lang=\"fr-FR\">En r\u00e9sum\u00e9, le revenu de base doit faire partie d\u2019un nouveau syst\u00e8me de distribution des revenus. La mise en place de la base de financement peut prendre du temps. C\u2019est pourquoi les d\u00e9cideurs politiques doivent pr\u00e9parer le terrain avec soin et proposer une approche \u00e9volutive, qui d\u00e9mant\u00e8le progressivement l\u2019ancien syst\u00e8me de protection sociale, construit par bribes \u00e0 une autre \u00e9poque, tout en construisant un nouveau syst\u00e8me adapt\u00e9 \u00e0 notre temps. Pour nous autres, il s\u2019agit de renforcer la colonne vert\u00e9brale des hommes politiques et des institutions qui les soutiennent. Le revenu de base est en effet un imp\u00e9ratif politique.<\/span><\/span><\/p>\n<\/blockquote>\n<p class=\"western\" lang=\"en-US\" align=\"justify\"><em><span style=\"font-size: medium;\"><span lang=\"fr-FR\">Quoi\u00a0<\/span><\/span><\/em><span style=\"font-size: medium;\"><span lang=\"fr-FR\">? Un \u00e9conomiste marxiste propose que la r\u00e9ponse \u00e0 la grande lutte des classes consiste \u00e0 voler l\u2019argent des gens et \u00e0 leur en rendre <\/span><\/span><em><span style=\"font-size: medium;\"><span lang=\"fr-FR\">une partie sous la forme d\u2019une <\/span><\/span><\/em><span style=\"font-size: medium;\"><span lang=\"fr-FR\">allocation mensuelle assortie de conditions\u00a0? Et cette id\u00e9e \u00ab\u00a0radicale\u00a0\u00bb est promue par le Forum \u00e9conomique mondial\u00a0? Je suis choqu\u00e9 (&lt;\u2014 SARCASM).<\/span><\/span><\/p>\n<p class=\"western\" lang=\"en-US\" align=\"justify\"><span style=\"font-size: medium;\"><span lang=\"fr-FR\">Et<\/span><\/span><span style=\"font-size: medium;\"><span lang=\"fr-FR\"> la polycrise\u00a0? S\u2019agit-il \u00e9galement d\u2019un cheval de Troie pour le plan mondialiste\u00a0?<\/span><\/span><\/p>\n<p class=\"western\" lang=\"en-US\" align=\"justify\"><span style=\"font-size: medium;\"><span lang=\"fr-FR\">Eh bien, regardez ce que conclut Adam Tooze, porte-parole de l\u2019establishment, dans <\/span><\/span><em><span style=\"font-size: medium;\"><span lang=\"fr-FR\">sa tribune sur <\/span><\/span><\/em><span style=\"color: #000080;\"><u><a href=\"https:\/\/www.weforum.org\/agenda\/2023\/03\/polycrisis-adam-tooze-historian-explains\/\"><span style=\"font-size: medium;\"><span lang=\"fr-FR\">la polycrise<\/span><\/span><\/a><\/u><\/span><span style=\"font-size: medium;\"><span lang=\"fr-FR\"> organis\u00e9e par le Forum \u00e9conomique mondial. Apr\u00e8s avoir not\u00e9 les <\/span><\/span><em><span style=\"font-size: medium;\"><span lang=\"fr-FR\">avantages que <\/span><\/span><\/em><span style=\"font-size: medium;\"><span lang=\"fr-FR\">la polycrise peut apporter en aidant \u00e0 renforcer les diff\u00e9rentes branches de l\u2019\u00c9tat profond \u2014 il se r\u00e9jouit en fait de la fa\u00e7on dont les propagandistes du COVID, par exemple, peuvent partager ce qu\u2019ils ont appris sur la fa\u00e7on de manipuler le public avec les agences gouvernementales allemandes qui cherchent \u00e0 vendre au public l\u2019agenda n\u00e9o-f\u00e9odal vert \u2014, il nous dit ensuite de <\/span><\/span><em><span style=\"font-size: medium;\"><span lang=\"fr-FR\">nous d\u00e9tendre<\/span><\/span><\/em><span style=\"font-size: medium;\"><span lang=\"fr-FR\">. Au moins, nous avons un <\/span><\/span><em><span style=\"font-size: medium;\"><span lang=\"fr-FR\">nom <\/span><\/span><\/em><span style=\"font-size: medium;\"><span lang=\"fr-FR\">pour le chaos qui nous entoure\u00a0!<\/span><\/span><\/p>\n<blockquote class=\"western\" lang=\"en-US\">\n<p style=\"padding-left: 80px;\"><span style=\"font-size: medium;\"><span lang=\"fr-FR\">L\u2019objectif, l\u2019id\u00e9e du concept est simplement d\u2019ouvrir les fils \u00e0 travers lesquels vous pouvez commencer \u00e0 voir les connexions. Si vous lisez un journal ou regardez les <\/span><\/span><span style=\"font-size: medium;\"><span lang=\"fr-FR\">nouvelle<\/span><\/span><span style=\"font-size: medium;\"><span lang=\"fr-FR\">s, vous vous retrouvez face \u00e0 un collage qui vous semble incoh\u00e9rent et fou, au point que vous commencez \u00e0 vous demander si vous pouvez vraiment faire confiance \u00e0 vos propres sens.<\/span><\/span><\/p>\n<\/blockquote>\n<blockquote class=\"western\" lang=\"en-US\" style=\"padding-left: 80px;\"><p><span style=\"font-size: medium;\"><span lang=\"fr-FR\">Le concept de polycrise dit\u00a0: \u00ab\u00a0D\u00e9tendez-vous, c\u2019est en fait la condition de notre moment pr\u00e9sent\u00a0\u00bb. Je pense qu\u2019il est utile de donner un nom \u00e0 ce sentiment. C\u2019est th\u00e9rapeutique. \u00ab\u00a0Voici votre peur, voici quelque chose qui vous angoisse fondamentalement. Voici comment on pourrait l\u2019appeler\u00a0\u00bb.<\/span><\/span><\/p><\/blockquote>\n<p class=\"western\" lang=\"en-US\" align=\"justify\"><span style=\"font-size: medium;\"><span lang=\"fr-FR\">\u00ab\u00a0Oui\u00a0\u00bb, disent les mondialistes. \u00ab\u00a0Vous, les travailleurs, <\/span><\/span><em><span style=\"font-size: medium;\"><span lang=\"fr-FR\">\u00eates <\/span><\/span><\/em><span style=\"font-size: medium;\"><span lang=\"fr-FR\">une classe pr\u00e9caire et vous <\/span><\/span><em><span style=\"font-size: medium;\"><span lang=\"fr-FR\">faites partie de <\/span><\/span><\/em><span style=\"font-size: medium;\"><span lang=\"fr-FR\">la Grande Dialectique\u00a0! Maintenant, \u00e9coutez bien\u00a0: votre salut r\u00e9side dans le <\/span><\/span><span style=\"color: #000080;\"><u><a href=\"https:\/\/corbettreport.com\/universal-basic-enslavement\/\"><span style=\"font-size: medium;\"><span lang=\"fr-FR\">revenu universel de base<\/span><\/span><\/a><\/u><\/span><span style=\"font-size: medium;\"><span lang=\"fr-FR\"> et dans d\u2019autres interventions gouvernementales dans l\u2019\u00e9conomie qui, par hasard, nous donnent un plus grand contr\u00f4le sur vos vies\u00a0!\u00a0\u00bb<\/span><\/span><\/p>\n<p class=\"western\" lang=\"en-US\" align=\"justify\"><span style=\"font-size: medium;\"><span lang=\"fr-FR\">Et \u00ab\u00a0Oui\u00a0!\u00a0\u00bb disent les mondialistes. \u00ab\u00a0Le monde <\/span><\/span><em><span style=\"font-size: medium;\"><span lang=\"fr-FR\">est <\/span><\/span><\/em><span style=\"font-size: medium;\"><span lang=\"fr-FR\">en polycrise\u00a0! Regardez vos fils d\u2019actualit\u00e9\u00a0! Vous savez que c\u2019est vrai. Donnez-nous <\/span><\/span><span style=\"font-size: medium;\"><span lang=\"fr-FR\">juste <\/span><\/span><span style=\"font-size: medium;\"><span lang=\"fr-FR\">plus de contr\u00f4le et d\u00e9tendez-vous en sachant que nous allons tout r\u00e9gler pour vous\u00a0!\u00a0\u00bb<\/span><\/span><\/p>\n<p class=\"western\" lang=\"en-US\" align=\"justify\"><em><span style=\"font-size: medium;\"><span lang=\"fr-FR\">C\u2019est <\/span><\/span><\/em><span style=\"font-size: medium;\"><span lang=\"fr-FR\">ainsi que le public est men\u00e9 par le bout du nez depuis des g\u00e9n\u00e9rations. Des id\u00e9es et des phrases sont ins\u00e9r\u00e9es dans le discours public \u2014 \u00ab\u00a0Rendre le monde s\u00fbr pour la d\u00e9mocratie\u00a0\u00bb ou \u00ab\u00a0la responsabilit\u00e9 de prot\u00e9ger\u00a0\u00bb ou \u00ab\u00a0la guerre mondiale contre le terrorisme\u00a0\u00bb ou \u00ab\u00a0la distanciation sociale\u00a0\u00bb ou un million d\u2019autres slogans soigneusement emball\u00e9s \u2014 et soudain, la discussion est formul\u00e9e en ces termes.<\/span><\/span><\/p>\n<p class=\"western\" lang=\"en-US\" align=\"justify\"><span style=\"font-size: medium;\"><span lang=\"fr-FR\">M\u00eame ceux qui <\/span><\/span><em><span style=\"font-size: medium;\"><span lang=\"fr-FR\">s\u2019opposent \u00e0 <\/span><\/span><\/em><span style=\"font-size: medium;\"><span lang=\"fr-FR\">ces id\u00e9es ne peuvent jamais vraiment y \u00e9chapper. Ces id\u00e9es ne peuvent \u00eatre combattues que <\/span><\/span><em><span style=\"font-size: medium;\"><span lang=\"fr-FR\">dans le <\/span><\/span><\/em><span style=\"font-size: medium;\"><span lang=\"fr-FR\">cadre du monde qu\u2019elles <\/span><\/span><span style=\"font-size: medium;\"><span lang=\"fr-FR\">pr\u00e9<\/span><\/span><span style=\"font-size: medium;\"><span lang=\"fr-FR\">supposent \u2014 un monde o\u00f9 la d\u00e9mocratie <\/span><\/span><em><span style=\"font-size: medium;\"><span lang=\"fr-FR\">est en <\/span><\/span><\/em><span style=\"font-size: medium;\"><span lang=\"fr-FR\">guerre contre l\u2019autocratie, o\u00f9 les g\u00e9nocides peuvent \u00eatre \u00e9vit\u00e9s gr\u00e2ce \u00e0 l\u2019action des Nations unies, o\u00f9 le terrorisme mondial <\/span><\/span><em><span style=\"font-size: medium;\"><span lang=\"fr-FR\">est <\/span><\/span><\/em><span style=\"font-size: medium;\"><span lang=\"fr-FR\">une menace omnipr\u00e9sente ou o\u00f9 les contacts sociaux <\/span><\/span><em><span style=\"font-size: medium;\"><span lang=\"fr-FR\">sont <\/span><\/span><\/em><span style=\"font-size: medium;\"><span lang=\"fr-FR\">intrins\u00e8quement dangereux.<\/span><\/span><\/p>\n<p class=\"western\" lang=\"en-US\" align=\"justify\"><span style=\"font-size: medium;\"><span lang=\"fr-FR\">Et maintenant que le \u00ab\u00a0pr\u00e9cariat\u00a0\u00bb et la \u00ab\u00a0polycrise\u00a0\u00bb sont entr\u00e9s dans la dialectique, les mondialistes ont fait un pas de plus vers leur conqu\u00eate du monde.<\/span><\/span><\/p>\n<p class=\"western\" lang=\"en-US\" align=\"justify\"><span style=\"font-size: medium;\"><span lang=\"fr-FR\">Comment \u00e9chapper \u00e0 ce plan inf\u00e2me\u00a0?<\/span><\/span><\/p>\n<h3 class=\"western\" lang=\"en-US\" align=\"justify\">\u2026 <span style=\"font-family: Times New Roman, serif;\"><span style=\"font-size: medium;\"><span lang=\"fr-FR\">Ou la polycrisitunit\u00e9 <\/span><\/span><\/span><span style=\"font-family: Times New Roman, serif;\"><span style=\"font-size: medium;\"><span lang=\"fr-FR\">[<a class=\"sdfootnoteanc\" href=\"#sdfootnote1sym\" name=\"sdfootnote1anc\"><sup>1<\/sup><\/a>]<\/span><\/span><\/span><span style=\"font-family: Times New Roman, serif;\"><span style=\"font-size: medium;\"><span lang=\"fr-FR\"> de l\u2019humanit\u00e9 libre\u00a0?<\/span><\/span><\/span><\/h3>\n<p class=\"western\" lang=\"en-US\" align=\"justify\"><span style=\"font-size: medium;\"><span lang=\"fr-FR\">Il n\u2019est pas difficile de comprendre ce que veulent les mondialistes\u00a0: ils veulent le contr\u00f4le.<\/span><\/span><\/p>\n<p class=\"western\" lang=\"en-US\" align=\"justify\"><span style=\"font-size: medium;\"><span lang=\"fr-FR\">Et il n\u2019est pas n\u00e9cessaire d\u2019\u00eatre un chirurgien du cerveau pour comprendre comment ils comptent consolider leur contr\u00f4le sur la plan\u00e8te\u00a0: en imposant leur Nouvel Ordre Mondial <\/span><\/span><span style=\"font-size: medium;\"><span lang=\"fr-FR\">sur le<\/span><\/span><span style=\"font-size: medium;\"><span lang=\"fr-FR\"> chaos.<\/span><\/span><\/p>\n<p class=\"western\" lang=\"en-US\" align=\"justify\"><span style=\"font-size: medium;\"><span lang=\"fr-FR\">Enfin, il n\u2019est pas n\u00e9cessaire d\u2019\u00eatre un g\u00e9nie pour comprendre comment ils comptent cr\u00e9er l\u2019ordre \u00e0 partir du chaos\u00a0: ils vont <\/span><\/span><em><span style=\"font-size: medium;\"><span lang=\"fr-FR\">g\u00e9n\u00e9rer <\/span><\/span><\/em><span style=\"font-size: medium;\"><span lang=\"fr-FR\">le chaos.<\/span><\/span><\/p>\n<p class=\"western\" lang=\"en-US\" align=\"justify\"><span style=\"font-size: medium;\"><span lang=\"fr-FR\">C\u2019est un point que j\u2019ai soulev\u00e9 dans mon article <\/span><\/span><a href=\"https:\/\/corbettreport.com\/chaos-out-of-order\/\"><span style=\"color: #000080;\"><u><span style=\"font-size: medium;\"><span lang=\"fr-FR\">Chaos Out of<\/span><\/span><\/u><\/span><span style=\"font-size: medium;\"><span lang=\"fr-FR\"> Order<\/span><\/span><\/a><span style=\"font-size: medium;\"><span lang=\"fr-FR\"> que j\u2019ai \u00e9crit en 2017\u00a0:<\/span><\/span><\/p>\n<blockquote class=\"western\" lang=\"en-US\">\n<p style=\"padding-left: 80px;\"><span style=\"font-size: medium;\"><span lang=\"fr-FR\">Bien s\u00fbr, nous devons comprendre que nous avons \u00e9t\u00e9 amen\u00e9s \u00e0 ce point pour une raison. Afin d\u2019instaurer leur nouvel ordre, les puissances qui ne devraient pas l\u2019\u00eatre ont d\u00fb <\/span><\/span><em><span style=\"font-size: medium;\"><span lang=\"fr-FR\">g\u00e9n\u00e9rer le <\/span><\/span><\/em><span style=\"font-size: medium;\"><span lang=\"fr-FR\">chaos actuel. Les tensions sociales, politiques et \u00e9conomiques sans pr\u00e9c\u00e9dent que nous connaissons actuellement font partie d\u2019un plan de match. Pour remettre les pi\u00e8ces d\u2019\u00e9checs en place, il faut d\u2019abord renverser l\u2019\u00e9chiquier.<\/span><\/span><\/p>\n<\/blockquote>\n<p class=\"western\" lang=\"en-US\" align=\"justify\"><span style=\"font-size: medium;\"><span lang=\"fr-FR\">Et maintenant que nous nous regardons tous dans le miroir noir de nos <\/span><\/span><span style=\"font-size: medium;\"><span lang=\"fr-FR\">appareils, nos amours,<\/span><\/span><span style=\"font-size: medium;\"><span lang=\"fr-FR\"> \u00e0 chaque instant de notre vie, nous ressentons la pression de la polycrise de mani\u00e8re encore plus aigu\u00eb. Il suffit de <\/span><\/span><em><span style=\"font-size: medium;\"><span lang=\"fr-FR\">regarder le <\/span><\/span><\/em><span style=\"font-size: medium;\"><span lang=\"fr-FR\">chaos qui r\u00e8gne dans le monde. Je peux rafra\u00eechir mon fil d\u2019actualit\u00e9 chaque minute de la journ\u00e9e et trouver une nouvelle histoire qui m\u2019indigne ou m\u2019horrifie\u00a0! <\/span><\/span><em><span style=\"font-size: medium;\"><span lang=\"fr-FR\">Quelqu\u2019un ne <\/span><\/span><\/em><span style=\"font-size: medium;\"><span lang=\"fr-FR\">viendra-t-il pas nous sauver\u00a0?<\/span><\/span><\/p>\n<p class=\"western\" lang=\"en-US\" align=\"justify\"><span style=\"font-size: medium;\"><span lang=\"fr-FR\">Pendant ce temps, les Bilderbergers et les \u00e9litistes de Davos attendent dans les coulisses, pr\u00e9parant leurs \u00ab\u00a0solutions\u00a0\u00bb pr\u00e9\u00e9tablies \u00e0 ces probl\u00e8mes.<\/span><\/span><\/p>\n<p class=\"western\" lang=\"en-US\" align=\"justify\"><span style=\"font-size: medium;\"><span lang=\"fr-FR\">Mais que se passerait-il si, au lieu de nous opposer \u00e0 la pr\u00e9sentation de ces probl\u00e8mes par Standing, Tooze et les autres valets du F<\/span><\/span><span style=\"font-size: medium;\"><span lang=\"fr-FR\">EM<\/span><\/span><span style=\"font-size: medium;\"><span lang=\"fr-FR\">, nous rejetions enti\u00e8rement leur cadrage\u00a0?<\/span><\/span><\/p>\n<p class=\"western\" lang=\"en-US\" align=\"justify\"><span style=\"font-size: medium;\"><span lang=\"fr-FR\">Et si nous ne soutenions pas que l\u2019int\u00e9r\u00eat de classe pr\u00e9cariat serait mieux servi par la mise en \u0153uvre de telle ou telle politique gouvernementale, ou m\u00eame par l\u2019anarchie\u00a0? Et si, au contraire, nous <\/span><\/span><em><span style=\"font-size: medium;\"><span lang=\"fr-FR\">rejetions compl\u00e8tement <\/span><\/span><\/em><span style=\"font-size: medium;\"><span lang=\"fr-FR\">le concept marxiste de lutte des classes lui-m\u00eame\u00a0?<\/span><\/span><\/p>\n<p class=\"western\" lang=\"en-US\" align=\"justify\"><span style=\"font-size: medium;\"><span lang=\"fr-FR\">En effet, je suis quelqu\u2019un qui r\u00e9pond \u00e0 tous les crit\u00e8res de Standing pour \u00eatre un membre du pr\u00e9cariat\u00a0: Je ne suis pas employ\u00e9 \u00e0 temps plein par une grande entreprise. Je n\u2019ai pas de titre de poste que la g\u00e9n\u00e9ration de m<\/span><\/span><span style=\"font-size: medium;\"><span lang=\"fr-FR\">es parents<\/span><\/span><span style=\"font-size: medium;\"><span lang=\"fr-FR\"> aurait compris. Je ne b\u00e9n\u00e9ficie pas des avantages sociaux traditionnels ni d\u2019horaires fixes ni de \u00ab\u00a0voies d\u2019avancement \u00e9tablies, soumises \u00e0 la syndicalisation et aux conventions collectives\u00a0\u00bb. Mais je <\/span><\/span><em><span style=\"font-size: medium;\"><span lang=\"fr-FR\">ne <\/span><\/span><\/em><span style=\"font-size: medium;\"><span lang=\"fr-FR\">suis <\/span><\/span><em><span style=\"font-size: medium;\"><span lang=\"fr-FR\">pas <\/span><\/span><\/em><span style=\"font-size: medium;\"><span lang=\"fr-FR\">un \u00ab\u00a0pr\u00e9caire\u00a0\u00bb. Je suis un \u00eatre humain libre, qui forge son propre destin en apportant quelque chose de valeur \u00e0 ses semblables. Je ne suis pas d\u00e9pendant d\u2019un gouvernement qui m\u2019offre un droit du travail qui me prot\u00e8ge d\u2019une mani\u00e8re ou d\u2019une autre de l\u2019univers. Je peux choisir de travailler en solidarit\u00e9 avec mes semblables. Je peux choisir de travailler pour une entreprise, de me syndiquer, de conclure des conventions collectives ou d\u2019exiger des avantages sociaux\u2026 ou non. Je ne suis pas d\u00e9pendant d<\/span><\/span><span style=\"font-size: medium;\"><span lang=\"fr-FR\">u<\/span><\/span><span style=\"font-size: medium;\"><span lang=\"fr-FR\"> gouvernement pour faire ces choses \u00e0 ma place et je ne veux pas qu\u2019il le fasse.<\/span><\/span><\/p>\n<p class=\"western\" lang=\"en-US\" align=\"justify\"><span style=\"font-size: medium;\"><span lang=\"fr-FR\">De m\u00eame, que se passerait-il si nous rejetions la polycrise sur laquelle Tooze et ses acolytes veulent que nous nous concentrions\u00a0? La \u00ab\u00a0crise climatique\u00a0\u00bb n\u2019est pas une crise du tout, pas plus que la \u00ab\u00a0crise COVID\u00a0\u00bb ou la crise du \u00ab\u00a0terrorisme mondial\u00a0\u00bb ou la crise de la \u00ab\u00a0d\u00e9sinformation russe\u00a0\u00bb ou n\u2019importe laquelle des millions d\u2019autres histoires d\u2019\u00e9pouvante que les puissances qui ne devraient pas \u00eatre et leurs porte-parole m\u00e9diatiques essaient constamment de nous faire peur.<\/span><\/span><\/p>\n<p class=\"western\" lang=\"en-US\" align=\"justify\"><span style=\"font-size: medium;\"><span lang=\"fr-FR\">Et dans la mesure o\u00f9 certaines crises <\/span><\/span><em><span style=\"font-size: medium;\"><span lang=\"fr-FR\">sont des <\/span><\/span><\/em><span style=\"font-size: medium;\"><span lang=\"fr-FR\">crises <\/span><\/span><em><span style=\"font-size: medium;\"><span lang=\"fr-FR\">r\u00e9elles<\/span><\/span><\/em><span style=\"font-size: medium;\"><span lang=\"fr-FR\"> qui menacent nos moyens de subsistance ou notre existence m\u00eame \u2014 la crise \u00e9conomique r\u00e9elle \u00e0 laquelle beaucoup sont confront\u00e9s aujourd\u2019hui ou la menace omnipr\u00e9sente de guerre ou la perturbation de l\u2019approvisionnement alimentaire mondial \u2014 ces crises sont toutes soit caus\u00e9es par le gouvernement, soit exacerb\u00e9es par celui-ci. Il n\u2019y a pas de \u00ab\u00a0polycrise\u00a0\u00bb qui exige que nous c\u00e9dions davantage de contr\u00f4le aux politiciens et \u00e0 leurs ma\u00eetres mondialistes ni de \u00ab\u00a0polycrise\u00a0\u00bb qui exige que nous vivions comme des esclaves dans une plantation n\u00e9o-f\u00e9odale, en mangeant des insectes et des hamburgers de viande synth\u00e9tique fabriqu\u00e9s en laboratoire, afin de sauver la plan\u00e8te.<\/span><\/span><\/p>\n<p class=\"western\" lang=\"en-US\" align=\"justify\"><span style=\"font-size: medium;\"><span lang=\"fr-FR\">Dans <\/span><\/span><em><span style=\"font-size: medium;\"><span lang=\"fr-FR\">cette optique<\/span><\/span><\/em><span style=\"font-size: medium;\"><span lang=\"fr-FR\">, notre t\u00e2che semble beaucoup plus simple\u00a0: travailler avec nos semblables pour \u00e9tablir des communaut\u00e9s de soutien qui <\/span><\/span><em><span style=\"font-size: medium;\"><span lang=\"fr-FR\">n\u2019ont rien \u00e0 voir avec <\/span><\/span><\/em><span style=\"font-size: medium;\"><span lang=\"fr-FR\">la consolidation d\u2019un contr\u00f4le de plus en plus grand entre les mains d\u2019un nombre de plus en plus restreint de personnes. Cela ne veut pas dire que la t\u00e2che sera facile, mais une fois que les absurdit\u00e9s promues par le Forum \u00e9conomique mondial concernant le \u00ab\u00a0pr\u00e9cariat\u00a0\u00bb et la \u00ab\u00a0polycrise\u00a0\u00bb auront \u00e9t\u00e9 bannies de notre r\u00e9flexion, nous pourrons nous concentrer sur la v\u00e9ritable t\u00e2che qui nous attend avec beaucoup plus d\u2019efficacit\u00e9.<\/span><\/span><\/p>\n<p class=\"western\" lang=\"en-US\" align=\"justify\"><span style=\"font-size: medium;\"><span lang=\"fr-FR\">Alors, comment faire\u00a0? Eh bien, pour commencer, nous pouvons cesser de vivre notre vie dans l\u2019ombre de nos \u00e9crans lumineux de smartphones. Au cas o\u00f9 vous ne l\u2019auriez pas encore compris, la matrice m\u00e9diatique est la fa\u00e7on dont les Ils\/Eux\/Ceux au sommet de la pyramide du pouvoir mondial nous maintiennent divis\u00e9s et conquis, concentr\u00e9s sur l\u2019\u00e9pave du chaos et de la d\u00e9sint\u00e9gration de la soci\u00e9t\u00e9, de sorte que nous ne voyons jamais le monde qui nous entoure. Un monde o\u00f9 <\/span><\/span><em><span style=\"font-size: medium;\"><span lang=\"fr-FR\">les<\/span><\/span><\/em><span style=\"font-size: medium;\"><span lang=\"fr-FR\"> familles organisent des barbecues de quartier et jouent au hockey de rue plut\u00f4t que de s\u2019ignorer les uns les autres pour passer <\/span><\/span><span style=\"font-size: medium;\"><span lang=\"fr-FR\">le<\/span><\/span><span style=\"font-size: medium;\"><span lang=\"fr-FR\"> temps avec nos tablettes et nos t\u00e9l\u00e9phones serait un monde infiniment meilleur et nous le savons tous, alors pourquoi ne pas poser nos appareils et essayer l\u2019alternative pendant un petit moment\u00a0?<\/span><\/span><\/p>\n<p class=\"western\" lang=\"en-US\" align=\"justify\"><span style=\"font-size: medium;\"><span lang=\"fr-FR\">Bien s\u00fbr, nous devrons alors faire face \u00e0 un autre probl\u00e8me\u00a0: le probl\u00e8me du troisi\u00e8me \u00e9l\u00e9ment le plus efficace de la propagande ennemie.<\/span><\/span><\/p>\n<p class=\"western\" lang=\"en-US\" align=\"justify\"><span style=\"font-size: medium;\"><span lang=\"fr-FR\">Quel est le troisi\u00e8me \u00e9l\u00e9ment de propagande ennemie le plus efficace, demandez-vous\u00a0? C\u2019est une bonne question. Mais c\u2019est un sujet pour un autre jour.<\/span><\/span><\/p>\n<p class=\"western\" lang=\"en-US\" align=\"justify\"><span style=\"font-size: medium;\"><span lang=\"fr-FR\">En attendant, il est peut-\u00eatre temps pour nous d\u2019arr\u00eater de laisser les technocrates fa\u00e7onner notre discours \u2014 d\u2019arr\u00eater de les laisser ins\u00e9rer des mots comme \u00ab\u00a0pr\u00e9cariat\u00a0\u00bb et des phrases comme \u00ab\u00a0ne rien poss\u00e9der et \u00eatre heureux\u00a0\u00bb et des slogans comme \u00ab\u00a0<\/span><\/span><span style=\"color: #000080;\"><u><a href=\"https:\/\/www.revue3emillenaire.com\/blog\/faites-confiance-a-la-science-au-charabia-genere-par-ordinateur-par-james-corbett\/\"><span style=\"font-size: medium;\"><span lang=\"fr-FR\">faites confiance \u00e0 la science<\/span><\/span><\/a><\/u><\/span><span style=\"color: #000080;\"><span style=\"font-size: medium;\"><span lang=\"fr-FR\">\u00a0\u00bb<\/span><\/span><\/span><span style=\"font-size: medium;\"><span lang=\"fr-FR\"> dans nos discussions. Si les limites de notre langage sont vraiment les limites de notre r\u00e9alit\u00e9, comme le <\/span><\/span><span style=\"color: #000080;\"><u><a href=\"https:\/\/www.socratic-method.com\/quote-meanings-and-interpretations\/ludwig-wittgenstein-the-limits-of-my-language-means-the-limits-of-my-world\"><span style=\"font-size: medium;\"><span lang=\"fr-FR\">disait Wittgenstein<\/span><\/span><\/a><\/u><\/span><span style=\"font-size: medium;\"><span lang=\"fr-FR\">, alors nous pouvons commencer \u00e0 reprendre le contr\u00f4le de notre r\u00e9alit\u00e9 en reprenant le contr\u00f4le de notre langage.<\/span><\/span><\/p>\n<p class=\"western\" lang=\"en-US\" align=\"justify\"><span style=\"font-size: medium;\"><span lang=\"fr-FR\">Il n\u2019y a pas de polycrise du pr\u00e9cariat. Il n\u2019y a que la polycrisitunit\u00e9 de l\u2019humanit\u00e9 libre.<\/span><\/span><\/p>\n<p class=\"western\" lang=\"en-US\" align=\"justify\"><span style=\"font-size: medium;\"><span lang=\"fr-FR\">Texte original\u00a0: <\/span><\/span><span style=\"color: #000080;\"><u><a href=\"https:\/\/corbettreport.substack.com\/p\/heres-why-the-world-is-falling-apart\"><span style=\"font-size: medium;\"><span lang=\"fr-FR\">https:\/\/corbettreport.substack.com\/p\/heres-why-the-world-is-falling-apart<\/span><\/span><\/a><\/u><\/span><\/p>\n<p lang=\"en-US\" align=\"justify\">_________________<\/p>\n<div id=\"sdfootnote1\">\n<p class=\"sdfootnote-western\" lang=\"en-US\" align=\"justify\"><a class=\"sdfootnotesym\" href=\"#sdfootnote1anc\" name=\"sdfootnote1sym\">1<\/a> NDT: <span style=\"font-size: medium;\">Le terme polycrisitunity est un n\u00e9ologisme en anglais qui combine polycrisis (polycrise) et opportunity (opportunit\u00e9).<\/span><\/p>\n<\/div>\n","protected":false},"excerpt":{"rendered":"<p>23\u00a0juin 2024 Avez-vous parfois l\u2019impression que tout s\u2019\u00e9croule en m\u00eame temps\u00a0? Oubliez l\u2019id\u00e9e de fonder une famille ou d\u2019acheter une maison. Il devient de plus en plus difficile pour les jeunes hommes et les jeunes femmes de simplement mettre de la nourriture sur la table. Et ceux qui ont la chance de d\u00e9fier les probabilit\u00e9s [&hellip;]<\/p>\n","protected":false},"author":2,"featured_media":19248,"comment_status":"closed","ping_status":"closed","sticky":false,"template":"","format":"standard","meta":{"footnotes":""},"categories":[1540,1720],"tags":[1411,211,1657,581,1950,1949],"class_list":["post-20051","post","type-post","status-publish","format-standard","has-post-thumbnail","hentry","category-actualite","category-corbett-james","tag-controle","tag-economie","tag-mondialisme","tag-politique","tag-polycrise","tag-precariat"],"yoast_head":"<!-- This site is optimized with the Yoast SEO plugin v27.0 - https:\/\/yoast.com\/product\/yoast-seo-wordpress\/ -->\n<title>Voici pourquoi le monde s\u2019\u00e9croule (et ce que vous pouvez faire \u00e0 ce sujet\u00a0!) par James Corbett - 3e mill\u00e9naire - Spiritualit\u00e9 - Connaissance de soi - Non-dualit\u00e9 - M\u00e9ditation<\/title>\n<meta name=\"robots\" content=\"index, follow, max-snippet:-1, max-image-preview:large, max-video-preview:-1\" \/>\n<link rel=\"canonical\" href=\"https:\/\/www.revue3emillenaire.com\/blog\/voici-pourquoi-le-monde-secroule-et-ce-que-vous-pouvez-faire-a-ce-sujet-par-james-corbett\/\" \/>\n<meta property=\"og:locale\" content=\"fr_FR\" \/>\n<meta property=\"og:type\" content=\"article\" \/>\n<meta property=\"og:title\" content=\"Voici pourquoi le monde s\u2019\u00e9croule (et ce que vous pouvez faire \u00e0 ce sujet\u00a0!) par James Corbett - 3e mill\u00e9naire - Spiritualit\u00e9 - Connaissance de soi - Non-dualit\u00e9 - M\u00e9ditation\" \/>\n<meta property=\"og:description\" content=\"23\u00a0juin 2024 Avez-vous parfois l\u2019impression que tout s\u2019\u00e9croule en m\u00eame temps\u00a0? Oubliez l\u2019id\u00e9e de fonder une famille ou d\u2019acheter une maison. Il devient de plus en plus difficile pour les jeunes hommes et les jeunes femmes de simplement mettre de la nourriture sur la table. Et ceux qui ont la chance de d\u00e9fier les probabilit\u00e9s [&hellip;]\" \/>\n<meta property=\"og:url\" content=\"https:\/\/www.revue3emillenaire.com\/blog\/voici-pourquoi-le-monde-secroule-et-ce-que-vous-pouvez-faire-a-ce-sujet-par-james-corbett\/\" \/>\n<meta property=\"og:site_name\" content=\"3e mill\u00e9naire - Spiritualit\u00e9 - Connaissance de soi - Non-dualit\u00e9 - M\u00e9ditation\" \/>\n<meta property=\"article:published_time\" content=\"2024-07-14T14:13:22+00:00\" \/>\n<meta property=\"og:image\" content=\"https:\/\/www.revue3emillenaire.com\/blog\/wp-content\/uploads\/2023\/04\/James-Corbett.jpg\" \/>\n\t<meta property=\"og:image:width\" content=\"352\" \/>\n\t<meta property=\"og:image:height\" content=\"440\" \/>\n\t<meta property=\"og:image:type\" content=\"image\/jpeg\" \/>\n<meta name=\"author\" content=\"3e mill\u00e9naire\" \/>\n<meta name=\"twitter:card\" content=\"summary_large_image\" \/>\n<meta name=\"twitter:label1\" content=\"\u00c9crit par\" \/>\n\t<meta name=\"twitter:data1\" content=\"3e mill\u00e9naire\" \/>\n\t<meta name=\"twitter:label2\" content=\"Dur\u00e9e de lecture estim\u00e9e\" \/>\n\t<meta name=\"twitter:data2\" content=\"15 minutes\" \/>\n<script type=\"application\/ld+json\" class=\"yoast-schema-graph\">{\"@context\":\"https:\/\/schema.org\",\"@graph\":[{\"@type\":\"Article\",\"@id\":\"https:\/\/www.revue3emillenaire.com\/blog\/voici-pourquoi-le-monde-secroule-et-ce-que-vous-pouvez-faire-a-ce-sujet-par-james-corbett\/#article\",\"isPartOf\":{\"@id\":\"https:\/\/www.revue3emillenaire.com\/blog\/voici-pourquoi-le-monde-secroule-et-ce-que-vous-pouvez-faire-a-ce-sujet-par-james-corbett\/\"},\"author\":{\"name\":\"3e mill\u00e9naire\",\"@id\":\"https:\/\/www.revue3emillenaire.com\/blog\/#\/schema\/person\/b692dacff720a5344a6190bc714397eb\"},\"headline\":\"Voici pourquoi le monde s\u2019\u00e9croule (et ce que vous pouvez faire \u00e0 ce sujet\u00a0!) par James Corbett\",\"datePublished\":\"2024-07-14T14:13:22+00:00\",\"mainEntityOfPage\":{\"@id\":\"https:\/\/www.revue3emillenaire.com\/blog\/voici-pourquoi-le-monde-secroule-et-ce-que-vous-pouvez-faire-a-ce-sujet-par-james-corbett\/\"},\"wordCount\":3878,\"image\":{\"@id\":\"https:\/\/www.revue3emillenaire.com\/blog\/voici-pourquoi-le-monde-secroule-et-ce-que-vous-pouvez-faire-a-ce-sujet-par-james-corbett\/#primaryimage\"},\"thumbnailUrl\":\"https:\/\/www.revue3emillenaire.com\/blog\/wp-content\/uploads\/2023\/04\/James-Corbett.jpg\",\"keywords\":[\"Contr\u00f4le\",\"\u00e9conomie\",\"Mondialisme\",\"Politique\",\"Polycrise\",\"Pr\u00e9cariat\"],\"articleSection\":[\"Actualit\u00e9s\",\"Corbett James\"],\"inLanguage\":\"fr-FR\"},{\"@type\":\"WebPage\",\"@id\":\"https:\/\/www.revue3emillenaire.com\/blog\/voici-pourquoi-le-monde-secroule-et-ce-que-vous-pouvez-faire-a-ce-sujet-par-james-corbett\/\",\"url\":\"https:\/\/www.revue3emillenaire.com\/blog\/voici-pourquoi-le-monde-secroule-et-ce-que-vous-pouvez-faire-a-ce-sujet-par-james-corbett\/\",\"name\":\"Voici pourquoi le monde s\u2019\u00e9croule (et ce que vous pouvez faire \u00e0 ce sujet\u00a0!) par James Corbett - 3e mill\u00e9naire - Spiritualit\u00e9 - Connaissance de soi - Non-dualit\u00e9 - M\u00e9ditation\",\"isPartOf\":{\"@id\":\"https:\/\/www.revue3emillenaire.com\/blog\/#website\"},\"primaryImageOfPage\":{\"@id\":\"https:\/\/www.revue3emillenaire.com\/blog\/voici-pourquoi-le-monde-secroule-et-ce-que-vous-pouvez-faire-a-ce-sujet-par-james-corbett\/#primaryimage\"},\"image\":{\"@id\":\"https:\/\/www.revue3emillenaire.com\/blog\/voici-pourquoi-le-monde-secroule-et-ce-que-vous-pouvez-faire-a-ce-sujet-par-james-corbett\/#primaryimage\"},\"thumbnailUrl\":\"https:\/\/www.revue3emillenaire.com\/blog\/wp-content\/uploads\/2023\/04\/James-Corbett.jpg\",\"datePublished\":\"2024-07-14T14:13:22+00:00\",\"author\":{\"@id\":\"https:\/\/www.revue3emillenaire.com\/blog\/#\/schema\/person\/b692dacff720a5344a6190bc714397eb\"},\"breadcrumb\":{\"@id\":\"https:\/\/www.revue3emillenaire.com\/blog\/voici-pourquoi-le-monde-secroule-et-ce-que-vous-pouvez-faire-a-ce-sujet-par-james-corbett\/#breadcrumb\"},\"inLanguage\":\"fr-FR\",\"potentialAction\":[{\"@type\":\"ReadAction\",\"target\":[\"https:\/\/www.revue3emillenaire.com\/blog\/voici-pourquoi-le-monde-secroule-et-ce-que-vous-pouvez-faire-a-ce-sujet-par-james-corbett\/\"]}]},{\"@type\":\"ImageObject\",\"inLanguage\":\"fr-FR\",\"@id\":\"https:\/\/www.revue3emillenaire.com\/blog\/voici-pourquoi-le-monde-secroule-et-ce-que-vous-pouvez-faire-a-ce-sujet-par-james-corbett\/#primaryimage\",\"url\":\"https:\/\/www.revue3emillenaire.com\/blog\/wp-content\/uploads\/2023\/04\/James-Corbett.jpg\",\"contentUrl\":\"https:\/\/www.revue3emillenaire.com\/blog\/wp-content\/uploads\/2023\/04\/James-Corbett.jpg\",\"width\":352,\"height\":440},{\"@type\":\"BreadcrumbList\",\"@id\":\"https:\/\/www.revue3emillenaire.com\/blog\/voici-pourquoi-le-monde-secroule-et-ce-que-vous-pouvez-faire-a-ce-sujet-par-james-corbett\/#breadcrumb\",\"itemListElement\":[{\"@type\":\"ListItem\",\"position\":1,\"name\":\"Accueil\",\"item\":\"https:\/\/www.revue3emillenaire.com\/blog\/\"},{\"@type\":\"ListItem\",\"position\":2,\"name\":\"Voici pourquoi le monde s\u2019\u00e9croule (et ce que vous pouvez faire \u00e0 ce sujet\u00a0!) par James Corbett\"}]},{\"@type\":\"WebSite\",\"@id\":\"https:\/\/www.revue3emillenaire.com\/blog\/#website\",\"url\":\"https:\/\/www.revue3emillenaire.com\/blog\/\",\"name\":\"3e mill\u00e9naire - Spiritualit\u00e9 - Connaissance de soi - Non-dualit\u00e9 - M\u00e9ditation\",\"description\":\"L&#039;Homme en devenir\",\"potentialAction\":[{\"@type\":\"SearchAction\",\"target\":{\"@type\":\"EntryPoint\",\"urlTemplate\":\"https:\/\/www.revue3emillenaire.com\/blog\/?s={search_term_string}\"},\"query-input\":{\"@type\":\"PropertyValueSpecification\",\"valueRequired\":true,\"valueName\":\"search_term_string\"}}],\"inLanguage\":\"fr-FR\"},{\"@type\":\"Person\",\"@id\":\"https:\/\/www.revue3emillenaire.com\/blog\/#\/schema\/person\/b692dacff720a5344a6190bc714397eb\",\"name\":\"3e mill\u00e9naire\",\"url\":\"https:\/\/www.revue3emillenaire.com\/blog\/author\/scoussa\/\"}]}<\/script>\n<!-- \/ Yoast SEO plugin. -->","yoast_head_json":{"title":"Voici pourquoi le monde s\u2019\u00e9croule (et ce que vous pouvez faire \u00e0 ce sujet\u00a0!) par James Corbett - 3e mill\u00e9naire - Spiritualit\u00e9 - Connaissance de soi - Non-dualit\u00e9 - M\u00e9ditation","robots":{"index":"index","follow":"follow","max-snippet":"max-snippet:-1","max-image-preview":"max-image-preview:large","max-video-preview":"max-video-preview:-1"},"canonical":"https:\/\/www.revue3emillenaire.com\/blog\/voici-pourquoi-le-monde-secroule-et-ce-que-vous-pouvez-faire-a-ce-sujet-par-james-corbett\/","og_locale":"fr_FR","og_type":"article","og_title":"Voici pourquoi le monde s\u2019\u00e9croule (et ce que vous pouvez faire \u00e0 ce sujet\u00a0!) par James Corbett - 3e mill\u00e9naire - Spiritualit\u00e9 - Connaissance de soi - Non-dualit\u00e9 - M\u00e9ditation","og_description":"23\u00a0juin 2024 Avez-vous parfois l\u2019impression que tout s\u2019\u00e9croule en m\u00eame temps\u00a0? Oubliez l\u2019id\u00e9e de fonder une famille ou d\u2019acheter une maison. Il devient de plus en plus difficile pour les jeunes hommes et les jeunes femmes de simplement mettre de la nourriture sur la table. Et ceux qui ont la chance de d\u00e9fier les probabilit\u00e9s [&hellip;]","og_url":"https:\/\/www.revue3emillenaire.com\/blog\/voici-pourquoi-le-monde-secroule-et-ce-que-vous-pouvez-faire-a-ce-sujet-par-james-corbett\/","og_site_name":"3e mill\u00e9naire - Spiritualit\u00e9 - Connaissance de soi - Non-dualit\u00e9 - M\u00e9ditation","article_published_time":"2024-07-14T14:13:22+00:00","og_image":[{"width":352,"height":440,"url":"https:\/\/www.revue3emillenaire.com\/blog\/wp-content\/uploads\/2023\/04\/James-Corbett.jpg","type":"image\/jpeg"}],"author":"3e mill\u00e9naire","twitter_card":"summary_large_image","twitter_misc":{"\u00c9crit par":"3e mill\u00e9naire","Dur\u00e9e de lecture estim\u00e9e":"15 minutes"},"schema":{"@context":"https:\/\/schema.org","@graph":[{"@type":"Article","@id":"https:\/\/www.revue3emillenaire.com\/blog\/voici-pourquoi-le-monde-secroule-et-ce-que-vous-pouvez-faire-a-ce-sujet-par-james-corbett\/#article","isPartOf":{"@id":"https:\/\/www.revue3emillenaire.com\/blog\/voici-pourquoi-le-monde-secroule-et-ce-que-vous-pouvez-faire-a-ce-sujet-par-james-corbett\/"},"author":{"name":"3e mill\u00e9naire","@id":"https:\/\/www.revue3emillenaire.com\/blog\/#\/schema\/person\/b692dacff720a5344a6190bc714397eb"},"headline":"Voici pourquoi le monde s\u2019\u00e9croule (et ce que vous pouvez faire \u00e0 ce sujet\u00a0!) par James Corbett","datePublished":"2024-07-14T14:13:22+00:00","mainEntityOfPage":{"@id":"https:\/\/www.revue3emillenaire.com\/blog\/voici-pourquoi-le-monde-secroule-et-ce-que-vous-pouvez-faire-a-ce-sujet-par-james-corbett\/"},"wordCount":3878,"image":{"@id":"https:\/\/www.revue3emillenaire.com\/blog\/voici-pourquoi-le-monde-secroule-et-ce-que-vous-pouvez-faire-a-ce-sujet-par-james-corbett\/#primaryimage"},"thumbnailUrl":"https:\/\/www.revue3emillenaire.com\/blog\/wp-content\/uploads\/2023\/04\/James-Corbett.jpg","keywords":["Contr\u00f4le","\u00e9conomie","Mondialisme","Politique","Polycrise","Pr\u00e9cariat"],"articleSection":["Actualit\u00e9s","Corbett James"],"inLanguage":"fr-FR"},{"@type":"WebPage","@id":"https:\/\/www.revue3emillenaire.com\/blog\/voici-pourquoi-le-monde-secroule-et-ce-que-vous-pouvez-faire-a-ce-sujet-par-james-corbett\/","url":"https:\/\/www.revue3emillenaire.com\/blog\/voici-pourquoi-le-monde-secroule-et-ce-que-vous-pouvez-faire-a-ce-sujet-par-james-corbett\/","name":"Voici pourquoi le monde s\u2019\u00e9croule (et ce que vous pouvez faire \u00e0 ce sujet\u00a0!) par James Corbett - 3e mill\u00e9naire - Spiritualit\u00e9 - Connaissance de soi - Non-dualit\u00e9 - M\u00e9ditation","isPartOf":{"@id":"https:\/\/www.revue3emillenaire.com\/blog\/#website"},"primaryImageOfPage":{"@id":"https:\/\/www.revue3emillenaire.com\/blog\/voici-pourquoi-le-monde-secroule-et-ce-que-vous-pouvez-faire-a-ce-sujet-par-james-corbett\/#primaryimage"},"image":{"@id":"https:\/\/www.revue3emillenaire.com\/blog\/voici-pourquoi-le-monde-secroule-et-ce-que-vous-pouvez-faire-a-ce-sujet-par-james-corbett\/#primaryimage"},"thumbnailUrl":"https:\/\/www.revue3emillenaire.com\/blog\/wp-content\/uploads\/2023\/04\/James-Corbett.jpg","datePublished":"2024-07-14T14:13:22+00:00","author":{"@id":"https:\/\/www.revue3emillenaire.com\/blog\/#\/schema\/person\/b692dacff720a5344a6190bc714397eb"},"breadcrumb":{"@id":"https:\/\/www.revue3emillenaire.com\/blog\/voici-pourquoi-le-monde-secroule-et-ce-que-vous-pouvez-faire-a-ce-sujet-par-james-corbett\/#breadcrumb"},"inLanguage":"fr-FR","potentialAction":[{"@type":"ReadAction","target":["https:\/\/www.revue3emillenaire.com\/blog\/voici-pourquoi-le-monde-secroule-et-ce-que-vous-pouvez-faire-a-ce-sujet-par-james-corbett\/"]}]},{"@type":"ImageObject","inLanguage":"fr-FR","@id":"https:\/\/www.revue3emillenaire.com\/blog\/voici-pourquoi-le-monde-secroule-et-ce-que-vous-pouvez-faire-a-ce-sujet-par-james-corbett\/#primaryimage","url":"https:\/\/www.revue3emillenaire.com\/blog\/wp-content\/uploads\/2023\/04\/James-Corbett.jpg","contentUrl":"https:\/\/www.revue3emillenaire.com\/blog\/wp-content\/uploads\/2023\/04\/James-Corbett.jpg","width":352,"height":440},{"@type":"BreadcrumbList","@id":"https:\/\/www.revue3emillenaire.com\/blog\/voici-pourquoi-le-monde-secroule-et-ce-que-vous-pouvez-faire-a-ce-sujet-par-james-corbett\/#breadcrumb","itemListElement":[{"@type":"ListItem","position":1,"name":"Accueil","item":"https:\/\/www.revue3emillenaire.com\/blog\/"},{"@type":"ListItem","position":2,"name":"Voici pourquoi le monde s\u2019\u00e9croule (et ce que vous pouvez faire \u00e0 ce sujet\u00a0!) par James Corbett"}]},{"@type":"WebSite","@id":"https:\/\/www.revue3emillenaire.com\/blog\/#website","url":"https:\/\/www.revue3emillenaire.com\/blog\/","name":"3e mill\u00e9naire - Spiritualit\u00e9 - Connaissance de soi - Non-dualit\u00e9 - M\u00e9ditation","description":"L&#039;Homme en devenir","potentialAction":[{"@type":"SearchAction","target":{"@type":"EntryPoint","urlTemplate":"https:\/\/www.revue3emillenaire.com\/blog\/?s={search_term_string}"},"query-input":{"@type":"PropertyValueSpecification","valueRequired":true,"valueName":"search_term_string"}}],"inLanguage":"fr-FR"},{"@type":"Person","@id":"https:\/\/www.revue3emillenaire.com\/blog\/#\/schema\/person\/b692dacff720a5344a6190bc714397eb","name":"3e mill\u00e9naire","url":"https:\/\/www.revue3emillenaire.com\/blog\/author\/scoussa\/"}]}},"_links":{"self":[{"href":"https:\/\/www.revue3emillenaire.com\/blog\/wp-json\/wp\/v2\/posts\/20051","targetHints":{"allow":["GET"]}}],"collection":[{"href":"https:\/\/www.revue3emillenaire.com\/blog\/wp-json\/wp\/v2\/posts"}],"about":[{"href":"https:\/\/www.revue3emillenaire.com\/blog\/wp-json\/wp\/v2\/types\/post"}],"author":[{"embeddable":true,"href":"https:\/\/www.revue3emillenaire.com\/blog\/wp-json\/wp\/v2\/users\/2"}],"replies":[{"embeddable":true,"href":"https:\/\/www.revue3emillenaire.com\/blog\/wp-json\/wp\/v2\/comments?post=20051"}],"version-history":[{"count":0,"href":"https:\/\/www.revue3emillenaire.com\/blog\/wp-json\/wp\/v2\/posts\/20051\/revisions"}],"wp:featuredmedia":[{"embeddable":true,"href":"https:\/\/www.revue3emillenaire.com\/blog\/wp-json\/wp\/v2\/media\/19248"}],"wp:attachment":[{"href":"https:\/\/www.revue3emillenaire.com\/blog\/wp-json\/wp\/v2\/media?parent=20051"}],"wp:term":[{"taxonomy":"category","embeddable":true,"href":"https:\/\/www.revue3emillenaire.com\/blog\/wp-json\/wp\/v2\/categories?post=20051"},{"taxonomy":"post_tag","embeddable":true,"href":"https:\/\/www.revue3emillenaire.com\/blog\/wp-json\/wp\/v2\/tags?post=20051"}],"curies":[{"name":"wp","href":"https:\/\/api.w.org\/{rel}","templated":true}]}}