{"id":20052,"date":"2024-07-15T01:16:22","date_gmt":"2024-07-15T00:16:22","guid":{"rendered":"https:\/\/www.revue3emillenaire.com\/blog\/?p=20052"},"modified":"2024-07-15T01:16:22","modified_gmt":"2024-07-15T00:16:22","slug":"aller-a-la-nature-par-pascal-ruga","status":"publish","type":"post","link":"https:\/\/www.revue3emillenaire.com\/blog\/aller-a-la-nature-par-pascal-ruga\/","title":{"rendered":"Aller \u00e0 la nature par Pascal Ruga"},"content":{"rendered":"<p align=\"justify\"><span style=\"color: #000000;\"><span style=\"font-family: Times New Roman, serif;\"><span style=\"font-size: medium;\">D\u00e8s que l&rsquo;on aborde la nature, avant tout ne pas \u00eatre prisonnier du temps. Le n\u0153ud de notre avidit\u00e9, c&rsquo;est le temps ne sommes-nous pas sans cesse \u00e0 la poursuite d&rsquo;un but, d&rsquo;un lieu, alors que le secret enrichissant d&rsquo;une pr\u00e9sence peut nous \u00eatre r\u00e9v\u00e9l\u00e9 \u00e0 chaque instant ? Nous n&rsquo;userons jamais d&rsquo;assez de prudence au d\u00e9part, ce n&rsquo;est pas tellement un effort physique conditionn\u00e9 par une distance qui doit nous pr\u00e9occuper, mais une rencontre de l&rsquo;ineffable o\u00f9 notre \u00e2me trouve sa vraie nourriture. Si cette rencontre nous semble difficile, c&rsquo;est que nous sommes subjugu\u00e9s par des mobiles qui prennent la toute premi\u00e8re place et imposent les conditions n\u00e9cessaires \u00e0 notre seul confort. Dans ses promenades et explorations, l&rsquo;homme pense trop \u00e0 sa couche ou \u00e0 ses futurs repas ; de ce fait, il accentue son allure et passe \u00e0 c\u00f4t\u00e9 de ce qui devait le manifester au plus pr\u00e8s de son accord. Il s&rsquo;agit d&rsquo;un accord devenu de plus en plus rare en ce monde m\u00e9canis\u00e9, un accord o\u00f9 l&rsquo;humain retrouve sa relation avec l&rsquo;univers. Cet accord n&rsquo;est jamais l&rsquo;effet d&rsquo;une poursuite, il ne peut na\u00eetre que d&rsquo;une rencontre, d&rsquo;une vibration po\u00e9tique qui n&rsquo;est pas que pure co\u00efncidence. Savons-nous nous garder dans l&rsquo;\u00e9coute, nous immobiliser dans ce silence au sein duquel s&rsquo;op\u00e8rent nos \u00e9pousailles ? Savons-nous contempler, nous abandonner \u00e0 la relation sans plus rien exiger de nous-m\u00eames que cette communion qui nous accueille au c\u0153ur du monde ? Nous le savons si peu, qu&rsquo;il nous faut constamment remettre en question nos interrogations pour rogner l&rsquo;aile de nos actions superficielles qui tiennent, tout au long de notre vie, une place disproportionn\u00e9e et sous le poids desquelles nous succombons peu \u00e0 peu. Nous ne savons pas nous offrir \u00e0 ce recueillement qui nous donnerait enfin \u00e0 cette pl\u00e9nitude dont la sourde et secr\u00e8te pr\u00e9sence ne demande qu&rsquo;\u00e0 \u00e9clore.<\/span><\/span><\/span><\/p>\n<p align=\"justify\"><span style=\"color: #000000;\"><span style=\"font-family: Times New Roman, serif;\"><span style=\"font-size: medium;\">Aller \u00e0 la d\u00e9couverte d&rsquo;un paysage, c&rsquo;est aussi aller \u00e0 la rencontre de notre plus authentique r\u00e9alit\u00e9. Si le paysage est un \u00e9tat d&rsquo;\u00e2me, il importe encore de savoir o\u00f9 notre \u00e2me y loge&#8230; C&rsquo;est l\u00e0 notre connaissance, l&rsquo;exp\u00e9rience chaque jour renouvel\u00e9e, m\u00eame si l&rsquo;environnement est quotidien. Nous ne recherchons pas l&rsquo;exceptionnel, mais le v\u00e9ritable rapport de l&rsquo;\u00eatre aux choses que nous masque constamment notre agitation.<\/span><\/span><\/span><\/p>\n<p align=\"justify\"><span style=\"color: #000000;\"><span style=\"font-family: Times New Roman, serif;\"><span style=\"font-size: medium;\">Aller \u00e0 la campagne, \u00e0 la montagne ou \u00e0 la mer, ce n&rsquo;est pas seulement refuser l&rsquo;air pollu\u00e9 des villes, activer une ad\u00e9quacit\u00e9 physique avec la nature, c&rsquo;est aussi r\u00e9unir les meilleures conditions pour permettre l&rsquo;\u00e9panouissement de notre existence ; aussi faut-il savoir nous \u00e9loigner de tout ce qui nous perturbe et nous ram\u00e8ne \u00e0 l&rsquo;avilissement d&rsquo;un monde vivant plus de ses agressions que de sa g\u00e9n\u00e9rosit\u00e9.<\/span><\/span><\/span><\/p>\n<p align=\"justify\"><span style=\"color: #000000;\"><span style=\"font-family: Times New Roman, serif;\"><span style=\"font-size: medium;\">Si la beaut\u00e9 se fait plus rare, elle n&rsquo;en n&rsquo;existe pas moins, et ce n&rsquo;est pas par hasard qu&rsquo;elle s&rsquo;offre aux humbles en ses \u00eelots. Sachons ne pas \u00eatre esclaves des instruments que nous avons voulus \u00e0 notre service, et qui nous tiennent en laisse&#8230; Aujourd&rsquo;hui, aller \u00e0 la nature, c&rsquo;est savoir quitter la route \u00e0 temps, car la route n&rsquo;appartient plus aux marcheurs, aux r\u00eaveurs&#8230; il faut la quitter au plus vite m\u00eame si le sentier (d&rsquo;ailleurs il devient de plus en plus rare) ne se pr\u00e9sente pas. Ne pas craindre de longer les lisi\u00e8res, se perdre dans les for\u00eats, peu importe o\u00f9 l&rsquo;on couchera le soir&#8230; \u00catre pr\u00e9sent \u00e0 la beaut\u00e9, c&rsquo;est offrir notre disponibilit\u00e9 au myst\u00e8re de tous les \u00eatres.<\/span><\/span><\/span><\/p>\n<p align=\"justify\"><span style=\"color: #000000;\"><span style=\"font-family: Times New Roman, serif;\"><span style=\"font-size: medium;\">Notre dite civilisation se d\u00e9sagr\u00e8ge en des forces nocives que notre na\u00efvet\u00e9 pr\u00e9nommait au d\u00e9part : progr\u00e8s. Ce n&rsquo;est pas faire marche arri\u00e8re que de se rapprocher de la nature, plus il nous sera possible de nous arracher au monde m\u00e9canique et sans \u00e2me que nous avons construit, plus nous retrouverons notre \u00eatre vrai. Est-ce \u00e0 dire que nous devons refuser tout confort ? Il ne s&rsquo;agit que d&rsquo;\u00eatre lucide envers les forces que nous avons d\u00e9clench\u00e9es, d&#8217;emp\u00eacher qu&rsquo;elles nous dominent et nous d\u00e9truisent. C&rsquo;est cela la connaissance initiale, celle qui s&rsquo;accorde avec le c\u0153ur. En attendant il n&rsquo;y a pas de quoi \u00eatre fiers de ce que nous sommes en train de faire de notre plan\u00e8te ; il ne nous reste que de ne pas accorder notre complicit\u00e9 aux destructions d&rsquo;aujourd&rsquo;hui et de demain, ce serait d\u00e9j\u00e0 un premier pas pour celui qui peut encore envisager d&rsquo;\u00eatre homme.<\/span><\/span><\/span><\/p>\n<p align=\"justify\"><span style=\"color: #000000;\"><span style=\"font-family: Times New Roman, serif;\"><span style=\"font-size: medium;\">Choisissons souvent de marcher sur des cr\u00eates, c&rsquo;est toujours b\u00e9n\u00e9fique, une vibration en nous, tr\u00e8s ancienne, y aspire ; quant au village o\u00f9 probablement nous passerons la nuit, nous en conna\u00eetrons le nom en fin de journ\u00e9e selon les zigzags impromptus que nous aurons faits, guid\u00e9s par la beaut\u00e9, celle qui se pr\u00e9sente \u00e0 chaque instant, nous surprend, nous ravit, nous entra\u00eene vers l&rsquo;inconnu alors que nous pensions aller dans une autre direction.<\/span><\/span><\/span><\/p>\n<p align=\"justify\"><span style=\"color: #000000;\"><span style=\"font-family: Times New Roman, serif;\"><span style=\"font-size: medium;\">Tout au long de nos marches nous nous apercevrons que la nature est encore belle et respect\u00e9e l\u00e0 o\u00f9 l&rsquo;avidit\u00e9 de l&rsquo;homme est moins accentu\u00e9e, que notre accord trouvera sa r\u00e9sultante au contact de cette int\u00e9grit\u00e9 ; lib\u00e9r\u00e9s des agglom\u00e9rations urbaines o\u00f9 les foules se passionnent \u00e0 poursuivre les mille et une pauvres distractions dont elles ne peuvent se passer, nous pourrons mieux nous retrouver. Tout voyage renouvelle la vision, nous incline \u00e0 la fantaisie, c&rsquo;est une rafra\u00eechissante petite suite po\u00e9tique qui nous est donn\u00e9e.<\/span><\/span><\/span><\/p>\n<p align=\"justify\"><span style=\"color: #000000;\"><span style=\"font-family: Times New Roman, serif;\"><span style=\"font-size: medium;\">Extrait de Pascal Ruga\u00a0: <\/span><\/span><\/span><span style=\"color: #000000;\"><span style=\"font-family: Times New Roman, serif;\"><span style=\"font-size: medium;\"><i>Hors du temps<\/i><\/span><\/span><\/span><span style=\"color: #000000;\"><span style=\"font-family: Times New Roman, serif;\"><span style=\"font-size: medium;\"> 1975<\/span><\/span><\/span><\/p>\n<p align=\"justify\"><i><b><span style=\"color: #000000;\"><span style=\"font-family: Times New Roman, serif;\"><span style=\"font-size: medium;\">Pascal Ruga <\/span><\/span><\/span><span style=\"color: #000000;\"><span style=\"font-family: Times New Roman, serif;\"><span style=\"font-size: medium;\">\u00e9tait<\/span><\/span><\/span><span style=\"color: #000000;\"><span style=\"font-family: Times New Roman, serif;\"><span style=\"font-size: medium;\"> un po\u00e8te et \u00e9crivain suisse dont les travaux sont fortement influenc\u00e9s par une spiritualit\u00e9 profonde et une connexion intime avec la nature. Ses \u0153uvres explorent des th\u00e8mes de non-dualit\u00e9, de m\u00e9ditation et de la relation de l&rsquo;homme avec le r\u00e9el et l&rsquo;absolu. Il a publi\u00e9 plusieurs livres de po\u00e9sie et d&rsquo;essais.<\/span><\/span><\/span><\/b><\/i><\/p>\n<p align=\"justify\"><i><b><span style=\"color: #000000;\"><span style=\"font-family: Times New Roman, serif;\"><span style=\"font-size: medium;\">Ruga voit la po\u00e9sie comme un \u00e9tat de transcendance o\u00f9 les mots ne sont que des approximations de la r\u00e9alit\u00e9 po\u00e9tique pure. Il consid\u00e8re que l&rsquo;\u00e9criture, bien qu&rsquo;elle soit une n\u00e9cessit\u00e9 pour la communication, reste un \u00ab\u00a0cimeti\u00e8re de symboles fig\u00e9s\u00a0\u00bb. Selon lui, la v\u00e9ritable po\u00e9sie r\u00e9side dans la vie elle-m\u00eame, au-del\u00e0 des identifications et des oppositions humaines.<\/span><\/span><\/span><\/b><\/i><\/p>\n","protected":false},"excerpt":{"rendered":"<p>D\u00e8s que l&rsquo;on aborde la nature, avant tout ne pas \u00eatre prisonnier du temps. Le n\u0153ud de notre avidit\u00e9, c&rsquo;est le temps ne sommes-nous pas sans cesse \u00e0 la poursuite d&rsquo;un but, d&rsquo;un lieu, alors que le secret enrichissant d&rsquo;une pr\u00e9sence peut nous \u00eatre r\u00e9v\u00e9l\u00e9 \u00e0 chaque instant ? Nous n&rsquo;userons jamais d&rsquo;assez de prudence [&hellip;]<\/p>\n","protected":false},"author":2,"featured_media":16981,"comment_status":"closed","ping_status":"closed","sticky":false,"template":"","format":"standard","meta":{"footnotes":""},"categories":[65],"tags":[],"class_list":["post-20052","post","type-post","status-publish","format-standard","has-post-thumbnail","hentry","category-p-ruga"],"yoast_head":"<!-- This site is optimized with the Yoast SEO plugin v27.0 - https:\/\/yoast.com\/product\/yoast-seo-wordpress\/ -->\n<title>Aller \u00e0 la nature par Pascal Ruga - 3e mill\u00e9naire - Spiritualit\u00e9 - Connaissance de soi - Non-dualit\u00e9 - M\u00e9ditation<\/title>\n<meta name=\"robots\" content=\"index, follow, max-snippet:-1, max-image-preview:large, max-video-preview:-1\" \/>\n<link rel=\"canonical\" href=\"https:\/\/www.revue3emillenaire.com\/blog\/aller-a-la-nature-par-pascal-ruga\/\" \/>\n<meta property=\"og:locale\" content=\"fr_FR\" \/>\n<meta property=\"og:type\" content=\"article\" \/>\n<meta property=\"og:title\" content=\"Aller \u00e0 la nature par Pascal Ruga - 3e mill\u00e9naire - Spiritualit\u00e9 - Connaissance de soi - Non-dualit\u00e9 - M\u00e9ditation\" \/>\n<meta property=\"og:description\" content=\"D\u00e8s que l&rsquo;on aborde la nature, avant tout ne pas \u00eatre prisonnier du temps. Le n\u0153ud de notre avidit\u00e9, c&rsquo;est le temps ne sommes-nous pas sans cesse \u00e0 la poursuite d&rsquo;un but, d&rsquo;un lieu, alors que le secret enrichissant d&rsquo;une pr\u00e9sence peut nous \u00eatre r\u00e9v\u00e9l\u00e9 \u00e0 chaque instant ? Nous n&rsquo;userons jamais d&rsquo;assez de prudence [&hellip;]\" \/>\n<meta property=\"og:url\" content=\"https:\/\/www.revue3emillenaire.com\/blog\/aller-a-la-nature-par-pascal-ruga\/\" \/>\n<meta property=\"og:site_name\" content=\"3e mill\u00e9naire - Spiritualit\u00e9 - Connaissance de soi - Non-dualit\u00e9 - M\u00e9ditation\" \/>\n<meta property=\"article:published_time\" content=\"2024-07-15T00:16:22+00:00\" \/>\n<meta property=\"og:image\" content=\"https:\/\/www.revue3emillenaire.com\/blog\/wp-content\/uploads\/2015\/07\/ruga.jpg\" \/>\n\t<meta property=\"og:image:width\" content=\"142\" \/>\n\t<meta property=\"og:image:height\" content=\"138\" \/>\n\t<meta property=\"og:image:type\" content=\"image\/jpeg\" \/>\n<meta name=\"author\" content=\"3e mill\u00e9naire\" \/>\n<meta name=\"twitter:card\" content=\"summary_large_image\" \/>\n<meta name=\"twitter:label1\" content=\"\u00c9crit par\" \/>\n\t<meta name=\"twitter:data1\" content=\"3e mill\u00e9naire\" \/>\n\t<meta name=\"twitter:label2\" content=\"Dur\u00e9e de lecture estim\u00e9e\" \/>\n\t<meta name=\"twitter:data2\" content=\"6 minutes\" \/>\n<script type=\"application\/ld+json\" class=\"yoast-schema-graph\">{\"@context\":\"https:\/\/schema.org\",\"@graph\":[{\"@type\":\"Article\",\"@id\":\"https:\/\/www.revue3emillenaire.com\/blog\/aller-a-la-nature-par-pascal-ruga\/#article\",\"isPartOf\":{\"@id\":\"https:\/\/www.revue3emillenaire.com\/blog\/aller-a-la-nature-par-pascal-ruga\/\"},\"author\":{\"name\":\"3e mill\u00e9naire\",\"@id\":\"https:\/\/www.revue3emillenaire.com\/blog\/#\/schema\/person\/b692dacff720a5344a6190bc714397eb\"},\"headline\":\"Aller \u00e0 la nature par Pascal Ruga\",\"datePublished\":\"2024-07-15T00:16:22+00:00\",\"mainEntityOfPage\":{\"@id\":\"https:\/\/www.revue3emillenaire.com\/blog\/aller-a-la-nature-par-pascal-ruga\/\"},\"wordCount\":1060,\"image\":{\"@id\":\"https:\/\/www.revue3emillenaire.com\/blog\/aller-a-la-nature-par-pascal-ruga\/#primaryimage\"},\"thumbnailUrl\":\"https:\/\/www.revue3emillenaire.com\/blog\/wp-content\/uploads\/2015\/07\/ruga.jpg\",\"articleSection\":[\"Ruga Pascal\"],\"inLanguage\":\"fr-FR\"},{\"@type\":\"WebPage\",\"@id\":\"https:\/\/www.revue3emillenaire.com\/blog\/aller-a-la-nature-par-pascal-ruga\/\",\"url\":\"https:\/\/www.revue3emillenaire.com\/blog\/aller-a-la-nature-par-pascal-ruga\/\",\"name\":\"Aller \u00e0 la nature par Pascal Ruga - 3e mill\u00e9naire - Spiritualit\u00e9 - Connaissance de soi - Non-dualit\u00e9 - M\u00e9ditation\",\"isPartOf\":{\"@id\":\"https:\/\/www.revue3emillenaire.com\/blog\/#website\"},\"primaryImageOfPage\":{\"@id\":\"https:\/\/www.revue3emillenaire.com\/blog\/aller-a-la-nature-par-pascal-ruga\/#primaryimage\"},\"image\":{\"@id\":\"https:\/\/www.revue3emillenaire.com\/blog\/aller-a-la-nature-par-pascal-ruga\/#primaryimage\"},\"thumbnailUrl\":\"https:\/\/www.revue3emillenaire.com\/blog\/wp-content\/uploads\/2015\/07\/ruga.jpg\",\"datePublished\":\"2024-07-15T00:16:22+00:00\",\"author\":{\"@id\":\"https:\/\/www.revue3emillenaire.com\/blog\/#\/schema\/person\/b692dacff720a5344a6190bc714397eb\"},\"breadcrumb\":{\"@id\":\"https:\/\/www.revue3emillenaire.com\/blog\/aller-a-la-nature-par-pascal-ruga\/#breadcrumb\"},\"inLanguage\":\"fr-FR\",\"potentialAction\":[{\"@type\":\"ReadAction\",\"target\":[\"https:\/\/www.revue3emillenaire.com\/blog\/aller-a-la-nature-par-pascal-ruga\/\"]}]},{\"@type\":\"ImageObject\",\"inLanguage\":\"fr-FR\",\"@id\":\"https:\/\/www.revue3emillenaire.com\/blog\/aller-a-la-nature-par-pascal-ruga\/#primaryimage\",\"url\":\"https:\/\/www.revue3emillenaire.com\/blog\/wp-content\/uploads\/2015\/07\/ruga.jpg\",\"contentUrl\":\"https:\/\/www.revue3emillenaire.com\/blog\/wp-content\/uploads\/2015\/07\/ruga.jpg\",\"width\":142,\"height\":138},{\"@type\":\"BreadcrumbList\",\"@id\":\"https:\/\/www.revue3emillenaire.com\/blog\/aller-a-la-nature-par-pascal-ruga\/#breadcrumb\",\"itemListElement\":[{\"@type\":\"ListItem\",\"position\":1,\"name\":\"Accueil\",\"item\":\"https:\/\/www.revue3emillenaire.com\/blog\/\"},{\"@type\":\"ListItem\",\"position\":2,\"name\":\"Aller \u00e0 la nature par Pascal Ruga\"}]},{\"@type\":\"WebSite\",\"@id\":\"https:\/\/www.revue3emillenaire.com\/blog\/#website\",\"url\":\"https:\/\/www.revue3emillenaire.com\/blog\/\",\"name\":\"3e mill\u00e9naire - Spiritualit\u00e9 - Connaissance de soi - Non-dualit\u00e9 - M\u00e9ditation\",\"description\":\"L&#039;Homme en devenir\",\"potentialAction\":[{\"@type\":\"SearchAction\",\"target\":{\"@type\":\"EntryPoint\",\"urlTemplate\":\"https:\/\/www.revue3emillenaire.com\/blog\/?s={search_term_string}\"},\"query-input\":{\"@type\":\"PropertyValueSpecification\",\"valueRequired\":true,\"valueName\":\"search_term_string\"}}],\"inLanguage\":\"fr-FR\"},{\"@type\":\"Person\",\"@id\":\"https:\/\/www.revue3emillenaire.com\/blog\/#\/schema\/person\/b692dacff720a5344a6190bc714397eb\",\"name\":\"3e mill\u00e9naire\",\"url\":\"https:\/\/www.revue3emillenaire.com\/blog\/author\/scoussa\/\"}]}<\/script>\n<!-- \/ Yoast SEO plugin. -->","yoast_head_json":{"title":"Aller \u00e0 la nature par Pascal Ruga - 3e mill\u00e9naire - Spiritualit\u00e9 - Connaissance de soi - Non-dualit\u00e9 - M\u00e9ditation","robots":{"index":"index","follow":"follow","max-snippet":"max-snippet:-1","max-image-preview":"max-image-preview:large","max-video-preview":"max-video-preview:-1"},"canonical":"https:\/\/www.revue3emillenaire.com\/blog\/aller-a-la-nature-par-pascal-ruga\/","og_locale":"fr_FR","og_type":"article","og_title":"Aller \u00e0 la nature par Pascal Ruga - 3e mill\u00e9naire - Spiritualit\u00e9 - Connaissance de soi - Non-dualit\u00e9 - M\u00e9ditation","og_description":"D\u00e8s que l&rsquo;on aborde la nature, avant tout ne pas \u00eatre prisonnier du temps. Le n\u0153ud de notre avidit\u00e9, c&rsquo;est le temps ne sommes-nous pas sans cesse \u00e0 la poursuite d&rsquo;un but, d&rsquo;un lieu, alors que le secret enrichissant d&rsquo;une pr\u00e9sence peut nous \u00eatre r\u00e9v\u00e9l\u00e9 \u00e0 chaque instant ? Nous n&rsquo;userons jamais d&rsquo;assez de prudence [&hellip;]","og_url":"https:\/\/www.revue3emillenaire.com\/blog\/aller-a-la-nature-par-pascal-ruga\/","og_site_name":"3e mill\u00e9naire - Spiritualit\u00e9 - Connaissance de soi - Non-dualit\u00e9 - M\u00e9ditation","article_published_time":"2024-07-15T00:16:22+00:00","og_image":[{"width":142,"height":138,"url":"https:\/\/www.revue3emillenaire.com\/blog\/wp-content\/uploads\/2015\/07\/ruga.jpg","type":"image\/jpeg"}],"author":"3e mill\u00e9naire","twitter_card":"summary_large_image","twitter_misc":{"\u00c9crit par":"3e mill\u00e9naire","Dur\u00e9e de lecture estim\u00e9e":"6 minutes"},"schema":{"@context":"https:\/\/schema.org","@graph":[{"@type":"Article","@id":"https:\/\/www.revue3emillenaire.com\/blog\/aller-a-la-nature-par-pascal-ruga\/#article","isPartOf":{"@id":"https:\/\/www.revue3emillenaire.com\/blog\/aller-a-la-nature-par-pascal-ruga\/"},"author":{"name":"3e mill\u00e9naire","@id":"https:\/\/www.revue3emillenaire.com\/blog\/#\/schema\/person\/b692dacff720a5344a6190bc714397eb"},"headline":"Aller \u00e0 la nature par Pascal Ruga","datePublished":"2024-07-15T00:16:22+00:00","mainEntityOfPage":{"@id":"https:\/\/www.revue3emillenaire.com\/blog\/aller-a-la-nature-par-pascal-ruga\/"},"wordCount":1060,"image":{"@id":"https:\/\/www.revue3emillenaire.com\/blog\/aller-a-la-nature-par-pascal-ruga\/#primaryimage"},"thumbnailUrl":"https:\/\/www.revue3emillenaire.com\/blog\/wp-content\/uploads\/2015\/07\/ruga.jpg","articleSection":["Ruga Pascal"],"inLanguage":"fr-FR"},{"@type":"WebPage","@id":"https:\/\/www.revue3emillenaire.com\/blog\/aller-a-la-nature-par-pascal-ruga\/","url":"https:\/\/www.revue3emillenaire.com\/blog\/aller-a-la-nature-par-pascal-ruga\/","name":"Aller \u00e0 la nature par Pascal Ruga - 3e mill\u00e9naire - Spiritualit\u00e9 - Connaissance de soi - Non-dualit\u00e9 - M\u00e9ditation","isPartOf":{"@id":"https:\/\/www.revue3emillenaire.com\/blog\/#website"},"primaryImageOfPage":{"@id":"https:\/\/www.revue3emillenaire.com\/blog\/aller-a-la-nature-par-pascal-ruga\/#primaryimage"},"image":{"@id":"https:\/\/www.revue3emillenaire.com\/blog\/aller-a-la-nature-par-pascal-ruga\/#primaryimage"},"thumbnailUrl":"https:\/\/www.revue3emillenaire.com\/blog\/wp-content\/uploads\/2015\/07\/ruga.jpg","datePublished":"2024-07-15T00:16:22+00:00","author":{"@id":"https:\/\/www.revue3emillenaire.com\/blog\/#\/schema\/person\/b692dacff720a5344a6190bc714397eb"},"breadcrumb":{"@id":"https:\/\/www.revue3emillenaire.com\/blog\/aller-a-la-nature-par-pascal-ruga\/#breadcrumb"},"inLanguage":"fr-FR","potentialAction":[{"@type":"ReadAction","target":["https:\/\/www.revue3emillenaire.com\/blog\/aller-a-la-nature-par-pascal-ruga\/"]}]},{"@type":"ImageObject","inLanguage":"fr-FR","@id":"https:\/\/www.revue3emillenaire.com\/blog\/aller-a-la-nature-par-pascal-ruga\/#primaryimage","url":"https:\/\/www.revue3emillenaire.com\/blog\/wp-content\/uploads\/2015\/07\/ruga.jpg","contentUrl":"https:\/\/www.revue3emillenaire.com\/blog\/wp-content\/uploads\/2015\/07\/ruga.jpg","width":142,"height":138},{"@type":"BreadcrumbList","@id":"https:\/\/www.revue3emillenaire.com\/blog\/aller-a-la-nature-par-pascal-ruga\/#breadcrumb","itemListElement":[{"@type":"ListItem","position":1,"name":"Accueil","item":"https:\/\/www.revue3emillenaire.com\/blog\/"},{"@type":"ListItem","position":2,"name":"Aller \u00e0 la nature par Pascal Ruga"}]},{"@type":"WebSite","@id":"https:\/\/www.revue3emillenaire.com\/blog\/#website","url":"https:\/\/www.revue3emillenaire.com\/blog\/","name":"3e mill\u00e9naire - Spiritualit\u00e9 - Connaissance de soi - Non-dualit\u00e9 - M\u00e9ditation","description":"L&#039;Homme en devenir","potentialAction":[{"@type":"SearchAction","target":{"@type":"EntryPoint","urlTemplate":"https:\/\/www.revue3emillenaire.com\/blog\/?s={search_term_string}"},"query-input":{"@type":"PropertyValueSpecification","valueRequired":true,"valueName":"search_term_string"}}],"inLanguage":"fr-FR"},{"@type":"Person","@id":"https:\/\/www.revue3emillenaire.com\/blog\/#\/schema\/person\/b692dacff720a5344a6190bc714397eb","name":"3e mill\u00e9naire","url":"https:\/\/www.revue3emillenaire.com\/blog\/author\/scoussa\/"}]}},"_links":{"self":[{"href":"https:\/\/www.revue3emillenaire.com\/blog\/wp-json\/wp\/v2\/posts\/20052","targetHints":{"allow":["GET"]}}],"collection":[{"href":"https:\/\/www.revue3emillenaire.com\/blog\/wp-json\/wp\/v2\/posts"}],"about":[{"href":"https:\/\/www.revue3emillenaire.com\/blog\/wp-json\/wp\/v2\/types\/post"}],"author":[{"embeddable":true,"href":"https:\/\/www.revue3emillenaire.com\/blog\/wp-json\/wp\/v2\/users\/2"}],"replies":[{"embeddable":true,"href":"https:\/\/www.revue3emillenaire.com\/blog\/wp-json\/wp\/v2\/comments?post=20052"}],"version-history":[{"count":0,"href":"https:\/\/www.revue3emillenaire.com\/blog\/wp-json\/wp\/v2\/posts\/20052\/revisions"}],"wp:featuredmedia":[{"embeddable":true,"href":"https:\/\/www.revue3emillenaire.com\/blog\/wp-json\/wp\/v2\/media\/16981"}],"wp:attachment":[{"href":"https:\/\/www.revue3emillenaire.com\/blog\/wp-json\/wp\/v2\/media?parent=20052"}],"wp:term":[{"taxonomy":"category","embeddable":true,"href":"https:\/\/www.revue3emillenaire.com\/blog\/wp-json\/wp\/v2\/categories?post=20052"},{"taxonomy":"post_tag","embeddable":true,"href":"https:\/\/www.revue3emillenaire.com\/blog\/wp-json\/wp\/v2\/tags?post=20052"}],"curies":[{"name":"wp","href":"https:\/\/api.w.org\/{rel}","templated":true}]}}