{"id":20054,"date":"2024-07-28T01:08:16","date_gmt":"2024-07-28T00:08:16","guid":{"rendered":"https:\/\/www.revue3emillenaire.com\/blog\/?p=20054"},"modified":"2024-07-28T17:19:42","modified_gmt":"2024-07-28T16:19:42","slug":"leternite-habite-chaque-atome-par-pascal-ruga","status":"publish","type":"post","link":"https:\/\/www.revue3emillenaire.com\/blog\/leternite-habite-chaque-atome-par-pascal-ruga\/","title":{"rendered":"L&rsquo;\u00e9ternit\u00e9 habite chaque atome par Pascal Ruga"},"content":{"rendered":"<p class=\"western\" align=\"justify\"><i>Le titre est de 3<\/i><sup><i>e<\/i><\/sup><i> Mill\u00e9naire<\/i><\/p>\n<p class=\"western\" align=\"center\"><span style=\"color: #000000;\"><span style=\"font-size: medium;\"><span lang=\"fr-FR\"><b>Lettre \u00e0 l\u2019amiti\u00e9<\/b><\/span><\/span><\/span><\/p>\n<p class=\"western\" align=\"justify\"><span style=\"color: #000000;\"><span style=\"font-size: medium;\"><span lang=\"fr-FR\">Seul dans ce chalet perdu dans les Alpes, je viens de ranimer le feu dans la chemin\u00e9e. En le faisant, j&rsquo;ai pens\u00e9 \u00e0 nos vues respectives, et surtout \u00e0 nos difficult\u00e9s de r\u00e9aliser cette s\u00e9r\u00e9nit\u00e9 hors du temps qui est le r\u00eave m\u00eame de notre vieille amiti\u00e9. Naturellement je ne t&rsquo;apprends rien en te disant que dans&#8230; \u00ab les affres de la s\u00e9paration \u00bb (je te cite), l&rsquo;Unit\u00e9 est absente ; peut-\u00eatre \u00e9coutons-nous trop les autres et pas assez le vieux sage qui vit dans les tr\u00e9fonds de nos \u00e2mes. La m\u00e9ditation est un art difficile, et pourtant il suffirait de faire face \u00e0 chaque instant, ne comptant que sur nos seules forces. La vie est un \u00ab koan \u00bb que nous n&rsquo;avons pas encore port\u00e9 \u00e0 son ultime explosion, il serait dommage que la mort nous surprenne nous d\u00e9battant au sein de nos attachements.<\/span><\/span><\/span><\/p>\n<p class=\"western\" align=\"justify\"><span style=\"color: #000000;\"><span style=\"font-size: medium;\"><span lang=\"fr-FR\">Ici je n&rsquo;entends que le feu qui brasille, la pendule cernant le temps et le sang qui circule dans mes art\u00e8res, et je sais que tout cela est impermanence&#8230; Autour de moi le vaste monde continue sa ronde, et \u00e0 600 kilom\u00e8tres de ces montagnes, une fid\u00e8le et vieille amie pense : \u00ab Nous reverrons-nous jamais ? \u00bb et nous voil\u00e0 pris dans le filet des formes, le c\u0153ur s&rsquo;attriste alors que notre amiti\u00e9 est faite du plus rare privil\u00e8ge existant : un m\u00eame regard, une m\u00eame action, une m\u00eame compr\u00e9hension vers ce qui ne doit jamais \u00eatre poursuite ou d\u00e9sir, mais retrouvailles de ce que nous savons \u00eatre l\u00e0 malgr\u00e9 nos passions. \u00caTRE L\u00c0. Arr\u00eatons le temps veux-tu ? Laissons-nous submerger par cet infini de silence qui ne demande qu&rsquo;\u00e0 donner sa paix, la certitude d&rsquo;une qualit\u00e9 de vivre en laquelle vie et mort ne sont plus que vains partages ; je t&rsquo;assure que tout cela n&rsquo;est pas que des mots ; toi et moi avons une longue exp\u00e9rience derri\u00e8re nous, \u00e0 aucun prix nous ne devons la laisser entamer ; nous savons ce dont nous parlons, nous n&rsquo;avons pas \u00e0 nous convaincre de cette qualit\u00e9 de vie perp\u00e9tuellement neuve et pr\u00e9sente dont nous n&rsquo;ignorons pas qu&rsquo;elle n&rsquo;appartient pas au temps ; alors \u00e0 quoi bon les attachements&#8230; ajouter la souffrance \u00e0 la souffrance ne peut qu&rsquo;augmenter les agressions de la mort, la d\u00e9pendance de notre moi \u00e0 l&rsquo;angoisse de dispara\u00eetre. Il est une joie merveilleuse que nous connaissons bien, joie qui parfois nous traverse en se souciant peu de nos attachements ; sachons nous abandonner \u00e0 sa pr\u00e9sence comme je m&rsquo;abandonne ce soir \u00e0 ta pr\u00e9sence. Ce feu, toi et moi, n&rsquo;est-ce point l\u00e0 une trinit\u00e9 qui nous apaise ? Je t&#8217;embrasse au-del\u00e0 de l&rsquo;\u00eatre et du non-\u00eatre\u2026<\/span><\/span><\/span><\/p>\n<p class=\"western\" align=\"center\"><span style=\"color: #000000;\"><span style=\"font-size: medium;\"><span lang=\"fr-FR\"><b>Contempler dans l&rsquo;oubli de soi<\/b><\/span><\/span><\/span><\/p>\n<p class=\"western\" align=\"justify\"><span style=\"color: #000000;\"><span style=\"font-size: medium;\"><span lang=\"fr-FR\">Je ne d\u00e9sire pas te parler de nous, je ne d\u00e9sire pas m&rsquo;ouvrir aux choses trop humaines, je ne d\u00e9sire pas faire le point de nos limites ; en v\u00e9rit\u00e9 je ne d\u00e9sire ni vivre ni mourir, je refuse toute dualit\u00e9 tant ces jours la mer et la montagne m&rsquo;ont impr\u00e9gn\u00e9 de leur force sauvage&#8230; Je me laisse couler dans cette force, par elle je m&rsquo;universalise et oublie les passions des hommes, et c&rsquo;est bon, TR\u00c8S BON. Le grand secret que la Nature propose \u00e0 celui qui a encore des yeux pour voir, c&rsquo;est de l&rsquo;amener \u00e0 CONTEMPLER DANS L&rsquo;OUBLI DE SOI. Contempler, c&rsquo;est s&rsquo;immobiliser au sein des mondes (c&rsquo;est la seule force qui nous permette de les p\u00e9n\u00e9trer), c&rsquo;est rejoindre l&rsquo;identification ultime en laquelle nous n&rsquo;existons plus qu&rsquo;en fonction d&rsquo;une totalit\u00e9. L&rsquo;adoration est une forme de destruction parce que l&rsquo;on a s\u00e9par\u00e9 l&rsquo;objet ador\u00e9 de la totalit\u00e9 des choses pour mieux l&rsquo;ali\u00e9ner et l&rsquo;asservir. Se laisser adorer est aussi une forme de destruction, c&rsquo;est une double destruction de l&rsquo;adorant et de l&rsquo;ador\u00e9 s\u00e9par\u00e9s de la Totalit\u00e9-Une ; \u00ab s\u00e9par\u00e9s de&#8230; \u00bb voil\u00e0 les mots qui sonnent comme le glas. L&rsquo;enfer n&rsquo;est pas autre chose que notre fixation sur nous-m\u00eames, nous ne voyons que nos limites, nos peurs, nos frustrations, alors que l&rsquo;infini nous entoure et que l&rsquo;\u00e9ternit\u00e9 habite chacun des atomes qui nous composent au-del\u00e0 de nos personnes.<\/span><\/span><\/span><\/p>\n<p class=\"western\" align=\"center\"><span style=\"color: #000000;\"><span style=\"font-size: medium;\"><span lang=\"fr-FR\"><b>Aimer c&rsquo;est mourir \u00e0 soi<\/b><\/span><\/span><\/span><\/p>\n<p class=\"western\" align=\"justify\"><span style=\"color: #000000;\"><span style=\"font-size: medium;\"><span lang=\"fr-FR\">\u00ab <\/span><\/span><\/span><span style=\"color: #000000;\"><span style=\"font-size: medium;\"><span lang=\"fr-FR\"><i>Il faut bien voir enfin que l&rsquo;on n&rsquo;aime que dans l&rsquo;\u00e9ternit\u00e9 ; c&rsquo;est pourquoi il faut prendre soin de se conduire en toute chose comme si ce qu&rsquo;on fait devait \u00eatre \u00e9ternel<\/i><\/span><\/span><\/span><span style=\"color: #000000;\"><span style=\"font-size: medium;\"><span lang=\"fr-FR\">. \u00bb C.-F. Ramuz.<\/span><\/span><\/span><\/p>\n<p class=\"western\" align=\"justify\"><span style=\"color: #000000;\"><span style=\"font-size: medium;\"><span lang=\"fr-FR\">Pourquoi, en lisant cette pens\u00e9e, je pense \u00e0 la mort ? Peut-\u00eatre parce qu&rsquo;ici la mort est accept\u00e9e dans son aspect \u00e9ternel, un retour aux sources, une dissolution du moi, une fili\u00e8re qui va du temps \u00e0 l&rsquo;\u00e9ternit\u00e9 sans que la personne s&rsquo;interpose. Aimer c&rsquo;est mourir \u00e0 soi, c&rsquo;est-\u00e0-dire que ce n&rsquo;est pas aimer pour&#8230; mais par&#8230; par cette \u00e9ternit\u00e9 qui nous traverse sans se pr\u00e9occuper de notre condition biologique&#8230; \u00ab se conduire en toute chose comme si ce qu&rsquo;on fait devait \u00eatre \u00e9ternel \u00bb c&rsquo;est ob\u00e9ir \u00e0 cette loi d&rsquo;Amour sur laquelle aucun privil\u00e8ge ne se fonde ; ce n&rsquo;est jamais en fonction d&rsquo;un int\u00e9r\u00eat qu&rsquo;elle se manifeste, et toute forme (quelle qu&rsquo;elle soit) ne peut que la limiter.<\/span><\/span><\/span><\/p>\n<p class=\"western\" align=\"justify\"><span style=\"color: #000000;\"><span style=\"font-size: medium;\"><span lang=\"fr-FR\">Si notre moi est passif, livr\u00e9 au calme, au vide et au silence, l&rsquo;\u00e9ternit\u00e9 le fr\u00f4le. Si le moi n&rsquo;use plus de ses conqu\u00eates, il meurt \u00e0 ses exigences, retrouve l&rsquo;acte de pauvret\u00e9 sans lequel tout n&rsquo;est qu&rsquo;illusion de l&rsquo;esprit, et cela devrait \u00eatre su une bonne fois dans toutes ces parlotes o\u00f9 on ne parle que de lib\u00e9ration en oubliant de partager le pain que l&rsquo;on a de trop&#8230;<\/span><\/span><\/span><\/p>\n<p class=\"western\" align=\"center\"><span style=\"color: #000000;\"><span style=\"font-size: medium;\"><span lang=\"fr-FR\"><b>\u00caTRE L\u00c0<\/b><\/span><\/span><\/span><\/p>\n<p class=\"western\" align=\"center\"><span style=\"color: #000000;\"><span style=\"font-size: medium;\"><span lang=\"fr-FR\">\u00catre le vagabond de l&rsquo;inconnu<\/span><\/span><\/span><\/p>\n<p class=\"western\" align=\"center\"><span style=\"color: #000000;\"><span style=\"font-size: medium;\"><span lang=\"fr-FR\">Frapper aux portes du c\u0153ur<\/span><\/span><\/span><\/p>\n<p class=\"western\" align=\"center\"><span style=\"color: #000000;\"><span style=\"font-size: medium;\"><span lang=\"fr-FR\">Pr\u00e9venir le n\u00e9ant<\/span><\/span><\/span><\/p>\n<p class=\"western\" align=\"center\"><span style=\"color: #000000;\"><span style=\"font-size: medium;\"><span lang=\"fr-FR\">Avant qu&rsquo;il ne s&rsquo;\u00e9tende<\/span><\/span><\/span><\/p>\n<p class=\"western\" align=\"center\"><span style=\"color: #000000;\"><span style=\"font-size: medium;\"><span lang=\"fr-FR\">A ce nuage \u00e9trange<\/span><\/span><\/span><\/p>\n<p class=\"western\" align=\"center\"><span style=\"color: #000000;\"><span style=\"font-size: medium;\"><span lang=\"fr-FR\">o\u00f9 s&rsquo;\u00e9coule ma vie&#8230;<\/span><\/span><\/span><\/p>\n<p class=\"western\" align=\"center\"><span style=\"color: #000000;\"><span style=\"font-size: medium;\"><span lang=\"fr-FR\">\u00catre l\u00e0&#8230; et sourire\u2026<\/span><\/span><\/span><\/p>\n<p class=\"western\" align=\"justify\"><span style=\"color: #000000;\"><span style=\"font-size: medium;\"><span lang=\"fr-FR\">Extrait de Pascal Ruga\u00a0: <\/span><\/span><\/span><span style=\"color: #000000;\"><span style=\"font-size: medium;\"><span lang=\"fr-FR\"><i>Hors du temps<\/i><\/span><\/span><\/span><span style=\"color: #000000;\"><span style=\"font-size: medium;\"><span lang=\"fr-FR\"> 1975<\/span><\/span><\/span><\/p>\n","protected":false},"excerpt":{"rendered":"<p>Le titre est de 3e Mill\u00e9naire Lettre \u00e0 l\u2019amiti\u00e9 Seul dans ce chalet perdu dans les Alpes, je viens de ranimer le feu dans la chemin\u00e9e. En le faisant, j&rsquo;ai pens\u00e9 \u00e0 nos vues respectives, et surtout \u00e0 nos difficult\u00e9s de r\u00e9aliser cette s\u00e9r\u00e9nit\u00e9 hors du temps qui est le r\u00eave m\u00eame de notre vieille [&hellip;]<\/p>\n","protected":false},"author":2,"featured_media":16981,"comment_status":"closed","ping_status":"closed","sticky":false,"template":"","format":"standard","meta":{"footnotes":""},"categories":[65],"tags":[1347],"class_list":["post-20054","post","type-post","status-publish","format-standard","has-post-thumbnail","hentry","category-p-ruga","tag-spiritualite"],"yoast_head":"<!-- This site is optimized with the Yoast SEO plugin v27.0 - https:\/\/yoast.com\/product\/yoast-seo-wordpress\/ -->\n<title>L&#039;\u00e9ternit\u00e9 habite chaque atome par Pascal Ruga - 3e mill\u00e9naire - Spiritualit\u00e9 - Connaissance de soi - Non-dualit\u00e9 - M\u00e9ditation<\/title>\n<meta name=\"robots\" content=\"index, follow, max-snippet:-1, max-image-preview:large, max-video-preview:-1\" \/>\n<link rel=\"canonical\" href=\"https:\/\/www.revue3emillenaire.com\/blog\/leternite-habite-chaque-atome-par-pascal-ruga\/\" \/>\n<meta property=\"og:locale\" content=\"fr_FR\" \/>\n<meta property=\"og:type\" content=\"article\" \/>\n<meta property=\"og:title\" content=\"L&#039;\u00e9ternit\u00e9 habite chaque atome par Pascal Ruga - 3e mill\u00e9naire - Spiritualit\u00e9 - Connaissance de soi - Non-dualit\u00e9 - M\u00e9ditation\" \/>\n<meta property=\"og:description\" content=\"Le titre est de 3e Mill\u00e9naire Lettre \u00e0 l\u2019amiti\u00e9 Seul dans ce chalet perdu dans les Alpes, je viens de ranimer le feu dans la chemin\u00e9e. En le faisant, j&rsquo;ai pens\u00e9 \u00e0 nos vues respectives, et surtout \u00e0 nos difficult\u00e9s de r\u00e9aliser cette s\u00e9r\u00e9nit\u00e9 hors du temps qui est le r\u00eave m\u00eame de notre vieille [&hellip;]\" \/>\n<meta property=\"og:url\" content=\"https:\/\/www.revue3emillenaire.com\/blog\/leternite-habite-chaque-atome-par-pascal-ruga\/\" \/>\n<meta property=\"og:site_name\" content=\"3e mill\u00e9naire - Spiritualit\u00e9 - Connaissance de soi - Non-dualit\u00e9 - M\u00e9ditation\" \/>\n<meta property=\"article:published_time\" content=\"2024-07-28T00:08:16+00:00\" \/>\n<meta property=\"article:modified_time\" content=\"2024-07-28T16:19:42+00:00\" \/>\n<meta property=\"og:image\" content=\"https:\/\/www.revue3emillenaire.com\/blog\/wp-content\/uploads\/2015\/07\/ruga.jpg\" \/>\n\t<meta property=\"og:image:width\" content=\"142\" \/>\n\t<meta property=\"og:image:height\" content=\"138\" \/>\n\t<meta property=\"og:image:type\" content=\"image\/jpeg\" \/>\n<meta name=\"author\" content=\"3e mill\u00e9naire\" \/>\n<meta name=\"twitter:card\" content=\"summary_large_image\" \/>\n<meta name=\"twitter:label1\" content=\"\u00c9crit par\" \/>\n\t<meta name=\"twitter:data1\" content=\"3e mill\u00e9naire\" \/>\n\t<meta name=\"twitter:label2\" content=\"Dur\u00e9e de lecture estim\u00e9e\" \/>\n\t<meta name=\"twitter:data2\" content=\"5 minutes\" \/>\n<script type=\"application\/ld+json\" class=\"yoast-schema-graph\">{\"@context\":\"https:\/\/schema.org\",\"@graph\":[{\"@type\":\"Article\",\"@id\":\"https:\/\/www.revue3emillenaire.com\/blog\/leternite-habite-chaque-atome-par-pascal-ruga\/#article\",\"isPartOf\":{\"@id\":\"https:\/\/www.revue3emillenaire.com\/blog\/leternite-habite-chaque-atome-par-pascal-ruga\/\"},\"author\":{\"name\":\"3e mill\u00e9naire\",\"@id\":\"https:\/\/www.revue3emillenaire.com\/blog\/#\/schema\/person\/b692dacff720a5344a6190bc714397eb\"},\"headline\":\"L&rsquo;\u00e9ternit\u00e9 habite chaque atome par Pascal Ruga\",\"datePublished\":\"2024-07-28T00:08:16+00:00\",\"dateModified\":\"2024-07-28T16:19:42+00:00\",\"mainEntityOfPage\":{\"@id\":\"https:\/\/www.revue3emillenaire.com\/blog\/leternite-habite-chaque-atome-par-pascal-ruga\/\"},\"wordCount\":990,\"image\":{\"@id\":\"https:\/\/www.revue3emillenaire.com\/blog\/leternite-habite-chaque-atome-par-pascal-ruga\/#primaryimage\"},\"thumbnailUrl\":\"https:\/\/www.revue3emillenaire.com\/blog\/wp-content\/uploads\/2015\/07\/ruga.jpg\",\"keywords\":[\"Spiritualit\u00e9\"],\"articleSection\":[\"Ruga Pascal\"],\"inLanguage\":\"fr-FR\"},{\"@type\":\"WebPage\",\"@id\":\"https:\/\/www.revue3emillenaire.com\/blog\/leternite-habite-chaque-atome-par-pascal-ruga\/\",\"url\":\"https:\/\/www.revue3emillenaire.com\/blog\/leternite-habite-chaque-atome-par-pascal-ruga\/\",\"name\":\"L'\u00e9ternit\u00e9 habite chaque atome par Pascal Ruga - 3e mill\u00e9naire - Spiritualit\u00e9 - Connaissance de soi - Non-dualit\u00e9 - M\u00e9ditation\",\"isPartOf\":{\"@id\":\"https:\/\/www.revue3emillenaire.com\/blog\/#website\"},\"primaryImageOfPage\":{\"@id\":\"https:\/\/www.revue3emillenaire.com\/blog\/leternite-habite-chaque-atome-par-pascal-ruga\/#primaryimage\"},\"image\":{\"@id\":\"https:\/\/www.revue3emillenaire.com\/blog\/leternite-habite-chaque-atome-par-pascal-ruga\/#primaryimage\"},\"thumbnailUrl\":\"https:\/\/www.revue3emillenaire.com\/blog\/wp-content\/uploads\/2015\/07\/ruga.jpg\",\"datePublished\":\"2024-07-28T00:08:16+00:00\",\"dateModified\":\"2024-07-28T16:19:42+00:00\",\"author\":{\"@id\":\"https:\/\/www.revue3emillenaire.com\/blog\/#\/schema\/person\/b692dacff720a5344a6190bc714397eb\"},\"breadcrumb\":{\"@id\":\"https:\/\/www.revue3emillenaire.com\/blog\/leternite-habite-chaque-atome-par-pascal-ruga\/#breadcrumb\"},\"inLanguage\":\"fr-FR\",\"potentialAction\":[{\"@type\":\"ReadAction\",\"target\":[\"https:\/\/www.revue3emillenaire.com\/blog\/leternite-habite-chaque-atome-par-pascal-ruga\/\"]}]},{\"@type\":\"ImageObject\",\"inLanguage\":\"fr-FR\",\"@id\":\"https:\/\/www.revue3emillenaire.com\/blog\/leternite-habite-chaque-atome-par-pascal-ruga\/#primaryimage\",\"url\":\"https:\/\/www.revue3emillenaire.com\/blog\/wp-content\/uploads\/2015\/07\/ruga.jpg\",\"contentUrl\":\"https:\/\/www.revue3emillenaire.com\/blog\/wp-content\/uploads\/2015\/07\/ruga.jpg\",\"width\":142,\"height\":138},{\"@type\":\"BreadcrumbList\",\"@id\":\"https:\/\/www.revue3emillenaire.com\/blog\/leternite-habite-chaque-atome-par-pascal-ruga\/#breadcrumb\",\"itemListElement\":[{\"@type\":\"ListItem\",\"position\":1,\"name\":\"Accueil\",\"item\":\"https:\/\/www.revue3emillenaire.com\/blog\/\"},{\"@type\":\"ListItem\",\"position\":2,\"name\":\"L&rsquo;\u00e9ternit\u00e9 habite chaque atome par Pascal Ruga\"}]},{\"@type\":\"WebSite\",\"@id\":\"https:\/\/www.revue3emillenaire.com\/blog\/#website\",\"url\":\"https:\/\/www.revue3emillenaire.com\/blog\/\",\"name\":\"3e mill\u00e9naire - Spiritualit\u00e9 - Connaissance de soi - Non-dualit\u00e9 - M\u00e9ditation\",\"description\":\"L&#039;Homme en devenir\",\"potentialAction\":[{\"@type\":\"SearchAction\",\"target\":{\"@type\":\"EntryPoint\",\"urlTemplate\":\"https:\/\/www.revue3emillenaire.com\/blog\/?s={search_term_string}\"},\"query-input\":{\"@type\":\"PropertyValueSpecification\",\"valueRequired\":true,\"valueName\":\"search_term_string\"}}],\"inLanguage\":\"fr-FR\"},{\"@type\":\"Person\",\"@id\":\"https:\/\/www.revue3emillenaire.com\/blog\/#\/schema\/person\/b692dacff720a5344a6190bc714397eb\",\"name\":\"3e mill\u00e9naire\",\"url\":\"https:\/\/www.revue3emillenaire.com\/blog\/author\/scoussa\/\"}]}<\/script>\n<!-- \/ Yoast SEO plugin. -->","yoast_head_json":{"title":"L'\u00e9ternit\u00e9 habite chaque atome par Pascal Ruga - 3e mill\u00e9naire - Spiritualit\u00e9 - Connaissance de soi - Non-dualit\u00e9 - M\u00e9ditation","robots":{"index":"index","follow":"follow","max-snippet":"max-snippet:-1","max-image-preview":"max-image-preview:large","max-video-preview":"max-video-preview:-1"},"canonical":"https:\/\/www.revue3emillenaire.com\/blog\/leternite-habite-chaque-atome-par-pascal-ruga\/","og_locale":"fr_FR","og_type":"article","og_title":"L'\u00e9ternit\u00e9 habite chaque atome par Pascal Ruga - 3e mill\u00e9naire - Spiritualit\u00e9 - Connaissance de soi - Non-dualit\u00e9 - M\u00e9ditation","og_description":"Le titre est de 3e Mill\u00e9naire Lettre \u00e0 l\u2019amiti\u00e9 Seul dans ce chalet perdu dans les Alpes, je viens de ranimer le feu dans la chemin\u00e9e. En le faisant, j&rsquo;ai pens\u00e9 \u00e0 nos vues respectives, et surtout \u00e0 nos difficult\u00e9s de r\u00e9aliser cette s\u00e9r\u00e9nit\u00e9 hors du temps qui est le r\u00eave m\u00eame de notre vieille [&hellip;]","og_url":"https:\/\/www.revue3emillenaire.com\/blog\/leternite-habite-chaque-atome-par-pascal-ruga\/","og_site_name":"3e mill\u00e9naire - Spiritualit\u00e9 - Connaissance de soi - Non-dualit\u00e9 - M\u00e9ditation","article_published_time":"2024-07-28T00:08:16+00:00","article_modified_time":"2024-07-28T16:19:42+00:00","og_image":[{"width":142,"height":138,"url":"https:\/\/www.revue3emillenaire.com\/blog\/wp-content\/uploads\/2015\/07\/ruga.jpg","type":"image\/jpeg"}],"author":"3e mill\u00e9naire","twitter_card":"summary_large_image","twitter_misc":{"\u00c9crit par":"3e mill\u00e9naire","Dur\u00e9e de lecture estim\u00e9e":"5 minutes"},"schema":{"@context":"https:\/\/schema.org","@graph":[{"@type":"Article","@id":"https:\/\/www.revue3emillenaire.com\/blog\/leternite-habite-chaque-atome-par-pascal-ruga\/#article","isPartOf":{"@id":"https:\/\/www.revue3emillenaire.com\/blog\/leternite-habite-chaque-atome-par-pascal-ruga\/"},"author":{"name":"3e mill\u00e9naire","@id":"https:\/\/www.revue3emillenaire.com\/blog\/#\/schema\/person\/b692dacff720a5344a6190bc714397eb"},"headline":"L&rsquo;\u00e9ternit\u00e9 habite chaque atome par Pascal Ruga","datePublished":"2024-07-28T00:08:16+00:00","dateModified":"2024-07-28T16:19:42+00:00","mainEntityOfPage":{"@id":"https:\/\/www.revue3emillenaire.com\/blog\/leternite-habite-chaque-atome-par-pascal-ruga\/"},"wordCount":990,"image":{"@id":"https:\/\/www.revue3emillenaire.com\/blog\/leternite-habite-chaque-atome-par-pascal-ruga\/#primaryimage"},"thumbnailUrl":"https:\/\/www.revue3emillenaire.com\/blog\/wp-content\/uploads\/2015\/07\/ruga.jpg","keywords":["Spiritualit\u00e9"],"articleSection":["Ruga Pascal"],"inLanguage":"fr-FR"},{"@type":"WebPage","@id":"https:\/\/www.revue3emillenaire.com\/blog\/leternite-habite-chaque-atome-par-pascal-ruga\/","url":"https:\/\/www.revue3emillenaire.com\/blog\/leternite-habite-chaque-atome-par-pascal-ruga\/","name":"L'\u00e9ternit\u00e9 habite chaque atome par Pascal Ruga - 3e mill\u00e9naire - Spiritualit\u00e9 - Connaissance de soi - Non-dualit\u00e9 - M\u00e9ditation","isPartOf":{"@id":"https:\/\/www.revue3emillenaire.com\/blog\/#website"},"primaryImageOfPage":{"@id":"https:\/\/www.revue3emillenaire.com\/blog\/leternite-habite-chaque-atome-par-pascal-ruga\/#primaryimage"},"image":{"@id":"https:\/\/www.revue3emillenaire.com\/blog\/leternite-habite-chaque-atome-par-pascal-ruga\/#primaryimage"},"thumbnailUrl":"https:\/\/www.revue3emillenaire.com\/blog\/wp-content\/uploads\/2015\/07\/ruga.jpg","datePublished":"2024-07-28T00:08:16+00:00","dateModified":"2024-07-28T16:19:42+00:00","author":{"@id":"https:\/\/www.revue3emillenaire.com\/blog\/#\/schema\/person\/b692dacff720a5344a6190bc714397eb"},"breadcrumb":{"@id":"https:\/\/www.revue3emillenaire.com\/blog\/leternite-habite-chaque-atome-par-pascal-ruga\/#breadcrumb"},"inLanguage":"fr-FR","potentialAction":[{"@type":"ReadAction","target":["https:\/\/www.revue3emillenaire.com\/blog\/leternite-habite-chaque-atome-par-pascal-ruga\/"]}]},{"@type":"ImageObject","inLanguage":"fr-FR","@id":"https:\/\/www.revue3emillenaire.com\/blog\/leternite-habite-chaque-atome-par-pascal-ruga\/#primaryimage","url":"https:\/\/www.revue3emillenaire.com\/blog\/wp-content\/uploads\/2015\/07\/ruga.jpg","contentUrl":"https:\/\/www.revue3emillenaire.com\/blog\/wp-content\/uploads\/2015\/07\/ruga.jpg","width":142,"height":138},{"@type":"BreadcrumbList","@id":"https:\/\/www.revue3emillenaire.com\/blog\/leternite-habite-chaque-atome-par-pascal-ruga\/#breadcrumb","itemListElement":[{"@type":"ListItem","position":1,"name":"Accueil","item":"https:\/\/www.revue3emillenaire.com\/blog\/"},{"@type":"ListItem","position":2,"name":"L&rsquo;\u00e9ternit\u00e9 habite chaque atome par Pascal Ruga"}]},{"@type":"WebSite","@id":"https:\/\/www.revue3emillenaire.com\/blog\/#website","url":"https:\/\/www.revue3emillenaire.com\/blog\/","name":"3e mill\u00e9naire - Spiritualit\u00e9 - Connaissance de soi - Non-dualit\u00e9 - M\u00e9ditation","description":"L&#039;Homme en devenir","potentialAction":[{"@type":"SearchAction","target":{"@type":"EntryPoint","urlTemplate":"https:\/\/www.revue3emillenaire.com\/blog\/?s={search_term_string}"},"query-input":{"@type":"PropertyValueSpecification","valueRequired":true,"valueName":"search_term_string"}}],"inLanguage":"fr-FR"},{"@type":"Person","@id":"https:\/\/www.revue3emillenaire.com\/blog\/#\/schema\/person\/b692dacff720a5344a6190bc714397eb","name":"3e mill\u00e9naire","url":"https:\/\/www.revue3emillenaire.com\/blog\/author\/scoussa\/"}]}},"_links":{"self":[{"href":"https:\/\/www.revue3emillenaire.com\/blog\/wp-json\/wp\/v2\/posts\/20054","targetHints":{"allow":["GET"]}}],"collection":[{"href":"https:\/\/www.revue3emillenaire.com\/blog\/wp-json\/wp\/v2\/posts"}],"about":[{"href":"https:\/\/www.revue3emillenaire.com\/blog\/wp-json\/wp\/v2\/types\/post"}],"author":[{"embeddable":true,"href":"https:\/\/www.revue3emillenaire.com\/blog\/wp-json\/wp\/v2\/users\/2"}],"replies":[{"embeddable":true,"href":"https:\/\/www.revue3emillenaire.com\/blog\/wp-json\/wp\/v2\/comments?post=20054"}],"version-history":[{"count":0,"href":"https:\/\/www.revue3emillenaire.com\/blog\/wp-json\/wp\/v2\/posts\/20054\/revisions"}],"wp:featuredmedia":[{"embeddable":true,"href":"https:\/\/www.revue3emillenaire.com\/blog\/wp-json\/wp\/v2\/media\/16981"}],"wp:attachment":[{"href":"https:\/\/www.revue3emillenaire.com\/blog\/wp-json\/wp\/v2\/media?parent=20054"}],"wp:term":[{"taxonomy":"category","embeddable":true,"href":"https:\/\/www.revue3emillenaire.com\/blog\/wp-json\/wp\/v2\/categories?post=20054"},{"taxonomy":"post_tag","embeddable":true,"href":"https:\/\/www.revue3emillenaire.com\/blog\/wp-json\/wp\/v2\/tags?post=20054"}],"curies":[{"name":"wp","href":"https:\/\/api.w.org\/{rel}","templated":true}]}}