{"id":20117,"date":"2024-08-11T00:27:16","date_gmt":"2024-08-10T23:27:16","guid":{"rendered":"https:\/\/www.revue3emillenaire.com\/blog\/?p=20117"},"modified":"2024-08-11T00:29:33","modified_gmt":"2024-08-10T23:29:33","slug":"nous-sommes-des-createurs-de-realites-par-michel-laurent-dioptaz","status":"publish","type":"post","link":"https:\/\/www.revue3emillenaire.com\/blog\/nous-sommes-des-createurs-de-realites-par-michel-laurent-dioptaz\/","title":{"rendered":"Nous sommes des cr\u00e9ateurs de r\u00e9alit\u00e9s par Michel-Laurent Dioptaz"},"content":{"rendered":"<p class=\"western\" align=\"justify\"><span style=\"font-family: Times New Roman, serif;\"><span style=\"font-size: medium;\"><span lang=\"fr-FR\">(Revue 3e<\/span><\/span><\/span><span style=\"font-family: Times New Roman, serif;\"><span style=\"font-size: medium;\"><span lang=\"fr-FR\">\u00a0<\/span><\/span><\/span><span style=\"font-family: Times New Roman, serif;\"><span style=\"font-size: medium;\"><span lang=\"fr-FR\">Mill\u00e9naire. Ancienne s\u00e9rie. No<\/span><\/span><\/span><span style=\"font-family: Times New Roman, serif;\"><span style=\"font-size: medium;\"><span lang=\"fr-FR\">\u00a0<\/span><\/span><\/span><span style=\"font-family: Times New Roman, serif;\"><span style=\"font-size: medium;\"><span lang=\"fr-FR\">18. Janvier\/f\u00e9vrier 1985)<\/span><\/span><\/span><\/p>\n<p class=\"western\" align=\"justify\"><i><span style=\"color: #000000;\"><span style=\"font-family: Times New Roman, serif;\"><span style=\"font-size: medium;\"><span lang=\"fr-FR\">Par notre \u00e9ducation, en famille et \u00e0 l\u2019\u00e9cole, nous nous sommes laiss\u00e9s enfermer dans une r\u00e9alit\u00e9 r\u00e9tr\u00e9cie. Cette r\u00e9alit\u00e9 r\u00e9tr\u00e9cie, nous la cr\u00e9ons et la maintenons sans cesse r\u00e9p\u00e9titive. De ce fait, nous nous amputons d\u2019une partie de nous-m\u00eames, aveugles \u00e0 toutes les autres r\u00e9alit\u00e9s de la vie. Ce texte est une invite \u00e0 recouvrir la totalit\u00e9 de nous-m\u00eames, \u00e0 briser les barri\u00e8res dans lesquelles nous bloquons notre cerveau afin que notre esprit puisse percevoir autrement pour agir autrement. L\u2019auteur de cette \u00e9tude est un homme d\u2019imagination, peintre, sculpteur, ma\u00eetre orf\u00e8vre (il fut aussi, en son temps, l\u2019un des p\u00e8res du design en Europe), il se consacre actuellement \u00e0 ce qu\u2019il a baptis\u00e9 le \u00ab\u00a0psy-art\u00a0\u00bb ou \u00ab\u00a0Art d\u2019\u00e9veil\u00a0\u00bb et se d\u00e9finit lui-m\u00eame comme \u00ab\u00a0m\u00e9tapsychologue\u00a0\u00bb, \u00ab\u00a0psyglobaliste\u00a0\u00bb ou \u00ab\u00a0imagicien\u00a0\u00bb et l\u2019originalit\u00e9 de son \u0153uvre lui a ouvert les portes d\u2019innombrables expositions \u00e0 travers le monde.<\/span><\/span><\/span><\/span><\/i><\/p>\n<p class=\"western\" align=\"center\"><span style=\"font-size: small;\">___________________________________<\/span><\/p>\n<p class=\"western\" align=\"justify\"><span style=\"color: #000000;\"><span style=\"font-family: Times New Roman, serif;\"><span style=\"font-size: medium;\"><span lang=\"fr-FR\">\u00c0 chaque instant nous cr\u00e9ons notre r\u00e9alit\u00e9 avec nos yeux et nous la consid\u00e9rons comme la r\u00e9alit\u00e9, la vraie, l\u2019unique r\u00e9alit\u00e9. Alors qu\u2019il s\u2019agit tout au plus de l\u2019une des perceptions possibles d\u2019un fragment de r\u00e9el.<\/span><\/span><\/span><\/span><\/p>\n<p class=\"western\" align=\"justify\"><span style=\"color: #000000;\"><span style=\"font-family: Times New Roman, serif;\"><span style=\"font-size: medium;\"><span lang=\"fr-FR\">Imaginez un instant que nos yeux puissent percevoir d\u2019autres fr\u00e9quences lumineuses. Les rayons X, par exemple. Le monde ext\u00e9rieur nous appara\u00eetrait alors tout autre, nous baignerions dans un univers translucide, o\u00f9 toutes choses s\u2019ajouteraient les unes aux autres par transparence, un peu comme des sons musicaux qui se m\u00e9langent.<\/span><\/span><\/span><\/span><\/p>\n<p class=\"western\" align=\"justify\"><span style=\"color: #000000;\"><span style=\"font-family: Times New Roman, serif;\"><span style=\"font-size: medium;\"><span lang=\"fr-FR\">Imaginez cet environnement, tout y serait diff\u00e9rent, nos m\u0153urs, nos comportements, notre personnalit\u00e9, toute notre existence en serait profond\u00e9ment modifi\u00e9e. Nous vivrions une autre r\u00e9alit\u00e9 et pourtant il s\u2019agirait bien toujours du m\u00eame monde, celui qui existe ici m\u00eame \u00e0 l\u2019instant o\u00f9 j\u2019\u00e9cris\u00a0; seule notre relation au monde aurait chang\u00e9e.<\/span><\/span><\/span><\/span><\/p>\n<p class=\"western\" align=\"justify\"><span style=\"color: #000000;\"><span style=\"font-family: Times New Roman, serif;\"><span style=\"font-size: medium;\"><span lang=\"fr-FR\">Il faut bien comprendre que le r\u00e9el ne s\u2019arr\u00eate pas l\u00e0 o\u00f9 nous cessons de le percevoir. Ce que nous montrent nos yeux ne sont que nos propres limites et non celles du r\u00e9el.<\/span><\/span><\/span><\/span><\/p>\n<p class=\"western\" align=\"justify\"><span style=\"color: #000000;\"><span style=\"font-family: Times New Roman, serif;\"><span style=\"font-size: medium;\"><span lang=\"fr-FR\">Si nous d\u00e9pla\u00e7ons ou si nous ouvrons ces limites, nos limites, notre conscience, notre v\u00e9cu de la r\u00e9alit\u00e9 se transforment totalement.<\/span><\/span><\/span><\/span><\/p>\n<p class=\"western\" align=\"justify\"><b><span style=\"color: #000000;\"><span style=\"font-family: Times New Roman, serif;\"><span style=\"font-size: medium;\"><span lang=\"fr-FR\">\u00ab\u00a0MAINTENIR NOTRE R\u00c9ALIT\u00c9\u00a0\u00bb<\/span><\/span><\/span><\/span><\/b><\/p>\n<p class=\"western\" align=\"justify\"><span style=\"color: #000000;\"><span style=\"font-family: Times New Roman, serif;\"><span style=\"font-size: medium;\"><span lang=\"fr-FR\">Dans cet exemple des rayons X, il s\u2019agit de nos limites physiologiques, limites qui peuvent \u00eatre ouvertes par l\u2019apport d\u2019instruments d\u2019optique, mais dont l\u2019ouverture ne s\u2019actualise pas vraiment dans notre v\u00e9cu quotidien, sans doute parce que les instruments qui la produisent ne nous accompagnent pas \u00e0 chaque instant de notre vie, mais surtout parce que ces instruments servent de rallonges \u00e0 l\u2019\u0153il qui lui-m\u00eame est un instrument et que cet ensemble instrumental est au service d\u2019un esprit ayant lui aussi ses limites, limites culturelles, limites de la raison\u2026 C\u2019est \u00e0 ce niveau que nos limites doivent \u00eatre ouvertes, pour changer radicalement notre conscience du r\u00e9el.<\/span><\/span><\/span><\/span><\/p>\n<p class=\"western\" align=\"justify\"><span style=\"color: #000000;\"><span style=\"font-family: Times New Roman, serif;\"><span style=\"font-size: medium;\"><span lang=\"fr-FR\">Ces limites, lorsqu\u2019elles nous sont communes, sont extr\u00eamement utiles, car elles maintiennent nos consciences en symbiose au m\u00eame niveau de lecture du r\u00e9el. Ainsi vivant les uns les autres la m\u00eame interpr\u00e9tation du monde, nous pouvons nous y rencontrer, communiquer, \u00e9changer des informations, agir ensemble, fabriquer un langage, une culture. Langage et culture qui \u00e0 leur tour fabriquent nos limites.<\/span><\/span><\/span><\/span><\/p>\n<p class=\"western\" align=\"justify\"><span style=\"color: #000000;\"><span style=\"font-family: Times New Roman, serif;\"><span style=\"font-size: medium;\"><span lang=\"fr-FR\">Les limites engendrent ce qui les engendre, le syst\u00e8me se mord la queue, la boucle est boucl\u00e9e et \u00e7a tourne\u2026<\/span><\/span><\/span><\/span><\/p>\n<p class=\"western\" align=\"justify\"><span style=\"color: #000000;\"><span style=\"font-family: Times New Roman, serif;\"><span style=\"font-size: medium;\"><span lang=\"fr-FR\">Ainsi chaque jour nous nous r\u00e9veillons dans la m\u00eame r\u00e9alit\u00e9 que la veille. Cette chose-l\u00e0 est comme ceci et s\u2019appelle \u00ab\u00a0comme ceci\u00a0\u00bb, cette autre comme cela et s\u2019appelle \u00ab\u00a0comme cela\u00a0\u00bb, c\u2019est du solide.<\/span><\/span><\/span><\/span><\/p>\n<p class=\"western\" align=\"justify\"><span style=\"color: #000000;\"><span style=\"font-family: Times New Roman, serif;\"><span style=\"font-size: medium;\"><span lang=\"fr-FR\">Mais nous payons le prix fort \u00e0 ce confort, car dans le temps o\u00f9 nous maintenons cette r\u00e9alit\u00e9, cette r\u00e9alit\u00e9 nous maintient \u00e0 elle et nous y sommes \u00e0 tel point assujetti, que nous oublions totalement que cette r\u00e9alit\u00e9 usuelle n\u2019est que la petite partie visible de l\u2019iceberg. Qu\u2019elle fait partie int\u00e9grante d\u2019un r\u00e9el infiniment plus vaste qui ne s\u2019arr\u00eate pas l\u00e0 o\u00f9 nous cessons de le percevoir et de le comprendre.<\/span><\/span><\/span><\/span><\/p>\n<p class=\"western\" align=\"justify\"><span style=\"color: #000000;\"><span style=\"font-family: Times New Roman, serif;\"><span style=\"font-size: medium;\"><span lang=\"fr-FR\">Alors oubliant cette totalit\u00e9, nous sommes amen\u00e9s \u00e0 nier tout ce qui n\u2019entre pas dans nos limites et surtout, tout ce qui pourrait les \u00e9branler, nous \u00e9branler. Il nous faut d\u00e9fendre notre territoire contre toutes ces \u00ab\u00a0impossibilit\u00e9s\u00a0\u00bb d\u00e9rangeantes qui se trouvent de l\u2019autre c\u00f4t\u00e9 et qui cherchent \u00e0 s\u2019infiltrer par les failles de nos raisonnements, franchissant les portes de nos paradoxes, pour venir mettre la pagaille dans notre petit coin de r\u00e9alit\u00e9 si bien ordonn\u00e9.<\/span><\/span><\/span><\/span><\/p>\n<p class=\"western\" align=\"justify\"><span style=\"color: #000000;\"><span style=\"font-family: Times New Roman, serif;\"><span style=\"font-size: medium;\"><span lang=\"fr-FR\">Ainsi lorsque je dis \u00ab\u00a0<\/span><\/span><\/span><\/span><span style=\"color: #000000;\"><span style=\"font-family: Times New Roman, serif;\"><span style=\"font-size: medium;\"><span lang=\"fr-FR\"><b>\u00e0 chaque instant nous cr\u00e9ons notre r\u00e9alit\u00e9 avec nos yeux<\/b><\/span><\/span><\/span><\/span><span style=\"color: #000000;\"><span style=\"font-family: Times New Roman, serif;\"><span style=\"font-size: medium;\"><span lang=\"fr-FR\">\u00a0\u00bb, je devrais plut\u00f4t dire.\u00a0: \u00ab\u00a0<\/span><\/span><\/span><\/span><span style=\"color: #000000;\"><span style=\"font-family: Times New Roman, serif;\"><span style=\"font-size: medium;\"><span lang=\"fr-FR\"><b>\u00e0 chaque instant nous nous contentons de REcr\u00e9er la M\u00caME r\u00e9alit\u00e9 avec nos yeux<\/b><\/span><\/span><\/span><\/span><span style=\"color: #000000;\"><span style=\"font-family: Times New Roman, serif;\"><span style=\"font-size: medium;\"><span lang=\"fr-FR\">\u00a0\u00bb. Ceci afin de maintenir ces limites, maintenir notre r\u00e9alit\u00e9.<\/span><\/span><\/span><\/span><\/p>\n<p class=\"western\" align=\"justify\"><span style=\"color: #000000;\"><span style=\"font-family: Times New Roman, serif;\"><span style=\"font-size: medium;\"><span lang=\"fr-FR\">Nous disposons pour ce faire d\u2019une quantit\u00e9 de \u00ab\u00a0trucs\u00a0\u00bb, de syst\u00e8mes, qui ne sont pas sans rappeler d\u2019\u00e9tranges ustensiles de cuisine servant \u00e0 accommoder et assimiler le r\u00e9el.<\/span><\/span><\/span><\/span><\/p>\n<p class=\"western\" align=\"justify\"><span style=\"color: #000000;\"><span style=\"font-family: Times New Roman, serif;\"><span style=\"font-size: medium;\"><span lang=\"fr-FR\">J\u2019aimerais en d\u00e9gager sch\u00e9matiquement trois, que je vous propose d\u2019appeler\u00a0: les moules, les filtres et la moulinette.<\/span><\/span><\/span><\/span><\/p>\n<p class=\"western\" align=\"justify\"><b><span style=\"color: #000000;\"><span style=\"font-family: Times New Roman, serif;\"><span style=\"font-size: medium;\"><span lang=\"fr-FR\">LES MOULES<\/span><\/span><\/span><\/span><\/b><\/p>\n<p class=\"western\" align=\"justify\"><span style=\"color: #000000;\"><span style=\"font-family: Times New Roman, serif;\"><span style=\"font-size: medium;\"><span lang=\"fr-FR\">L\u2019un de nos niveaux de conscience, disons, l\u2019une de nos possibilit\u00e9s d\u2019\u00eatre, celle utilis\u00e9e le plus fr\u00e9quemment dans la culture occidentale, consiste \u00e0 se concevoir comme une sorte de r\u00e9ceptacle. Un r\u00e9ceptacle conscient, ouvert sur l\u2019univers et dans lequel p\u00e9n\u00e8tre cet univers sous forme de lumi\u00e8res, couleurs, sons, chaleurs\u2026 faisant vibrer et REsonner, RAI-sonner cette conscience r\u00e9ceptacle.<\/span><\/span><\/span><\/span><\/p>\n<p class=\"western\" align=\"justify\"><span style=\"color: #000000;\"><span style=\"font-family: Times New Roman, serif;\"><span style=\"font-size: medium;\"><span lang=\"fr-FR\">Mais le langage, la culture, les croyances, les pr\u00e9jug\u00e9s et autres \u00ab\u00a0certitudes\u00a0\u00bb individuelles et collectives d\u00e9veloppant sa capacit\u00e9 \u00e0 RAIsonner raisonnablement et \u00e9touffant sa capacit\u00e9 \u00e0 entrer en REso-nance, ont form\u00e9 et d\u00e9form\u00e9, forg\u00e9 ce r\u00e9ceptacle, jusqu\u2019\u00e0 le figer dans une forme donn\u00e9e, cette forme que nous reconnaissons comme \u00e9tant \u00ab\u00a0<\/span><\/span><\/span><\/span><span style=\"color: #000000;\"><span style=\"font-family: Times New Roman, serif;\"><span style=\"font-size: medium;\"><span lang=\"fr-FR\"><b>soi-m\u00eame<\/b><\/span><\/span><\/span><\/span><span style=\"color: #000000;\"><span style=\"font-family: Times New Roman, serif;\"><span style=\"font-size: medium;\"><span lang=\"fr-FR\">\u00a0\u00bb.<\/span><\/span><\/span><\/span><\/p>\n<p class=\"western\" align=\"justify\"><span style=\"color: #000000;\"><span style=\"font-family: Times New Roman, serif;\"><span style=\"font-size: medium;\"><span lang=\"fr-FR\">Ce r\u00e9ceptacle en se figeant a perdu sa r\u00e9ceptivit\u00e9 mall\u00e9able, et ne peut plus de ce fait \u00e9pouser tous les aspects de l\u2019univers\u00a0; c\u2019est lui maintenant qui au contraire donne son empreinte \u00e0 tout ce qui le p\u00e9n\u00e8tre, se comportant comme un moule dans lequel se coule le r\u00e9el.<\/span><\/span><\/span><\/span><\/p>\n<p class=\"western\" align=\"justify\"><span style=\"color: #000000;\"><span style=\"font-family: Times New Roman, serif;\"><span style=\"font-size: medium;\"><span lang=\"fr-FR\">Et, voyez-vous, tant que l\u2019on utilise un m\u00eame moule, quelle que soit la chose que l\u2019on y mette, du pl\u00e2tre, de la p\u00e2te \u00e0 pain ou de la bouse de vache, l\u2019on obtient toujours la m\u00eame forme. De la m\u00eame mani\u00e8re nous obtenons toujours la m\u00eame forme de r\u00e9alit\u00e9. Mais ce que nous percevons ce n\u2019est pas la forme de la r\u00e9alit\u00e9, c\u2019est seulement la forme du moule, notre propre forme, celle d<\/span><\/span><\/span><\/span><span style=\"color: #000000;\"><span style=\"font-family: Times New Roman, serif;\"><span style=\"font-size: medium;\"><span lang=\"fr-FR\">e<\/span><\/span><\/span><\/span><span style=\"color: #000000;\"><span style=\"font-family: Times New Roman, serif;\"><span style=\"font-size: medium;\"><span lang=\"fr-FR\"> notre esprit solidifi\u00e9. Ce que nous appelons le monde ext\u00e9rieur n\u2019est juste qu\u2019une vue de l\u2019esprit, l\u2019aspect de notre mental mat\u00e9rialis\u00e9, un reflet, un \u00e9cho.<\/span><\/span><\/span><\/span><\/p>\n<p class=\"western\" align=\"justify\"><span style=\"color: #000000;\"><span style=\"font-family: Times New Roman, serif;\"><span style=\"font-size: medium;\"><span lang=\"fr-FR\">Lorsque nous prenons plus ou moins conscience de cet \u00e9tat, de fait et que nous essayons de voir le monde autrement, le mieux bien souvent que nous r\u00e9ussissions \u00e0 faire, c\u2019est de changer de moule. Remplacer le moule intellectuel par le moule des sentiments, ou celui des \u00e9motions. Ou bien encore imbriquer les moules entre eux. Mais jamais nous ne percevons sans moule, jamais nous ne voyons r\u00e9ellement, directement.<\/span><\/span><\/span><\/span><\/p>\n<p class=\"western\" align=\"justify\"><span style=\"color: #000000;\"><span style=\"font-family: Times New Roman, serif;\"><span style=\"font-size: medium;\"><span lang=\"fr-FR\">Nous restons enferm\u00e9s sur nous-m\u00eames dans ce repli de r\u00e9el qui s\u2019ordonne selon notre forme, nos concepts et nos lois. Ne voyant que ce qui nous ressemble et pourtant convaincus d\u2019avoir acc\u00e8s \u00e0 l\u2019unique et v\u00e9ritable aspect du r\u00e9el, \u00e0 sa v\u00e9rit\u00e9 intrins\u00e8que.<\/span><\/span><\/span><\/span><\/p>\n<p class=\"western\" align=\"justify\"><b><span style=\"color: #000000;\"><span style=\"font-family: Times New Roman, serif;\"><span style=\"font-size: medium;\"><span lang=\"fr-FR\">LES FILTRES<\/span><\/span><\/span><\/span><\/b><\/p>\n<p class=\"western\" align=\"justify\"><span style=\"color: #000000;\"><span style=\"font-family: Times New Roman, serif;\"><span style=\"font-size: medium;\"><span lang=\"fr-FR\">L\u2019usage inconscient des filtres renforce cette illusion. En effet pour comprendre et utiliser le monde nous avons d\u00e9couvert et affin\u00e9 des grilles de lectures, que nous posons sur le monde pour le \u00ab\u00a0<\/span><\/span><\/span><\/span><span style=\"color: #000000;\"><span style=\"font-family: Times New Roman, serif;\"><span style=\"font-size: medium;\"><span lang=\"fr-FR\"><b>d\u00e9coder<\/b><\/span><\/span><\/span><\/span><span style=\"color: #000000;\"><span style=\"font-family: Times New Roman, serif;\"><span style=\"font-size: medium;\"><span lang=\"fr-FR\">\u00a0\u00bb.<\/span><\/span><\/span><\/span><\/p>\n<p class=\"western\" align=\"justify\"><span style=\"color: #000000;\"><span style=\"font-family: Times New Roman, serif;\"><span style=\"font-size: medium;\"><span lang=\"fr-FR\">Ainsi l\u2019usage de la grille des math\u00e9matiques nous permet de percevoir le monde de fa\u00e7on math\u00e9matique\u00a0; si nous utilisons la grille de la logique le monde appara\u00eet logique, avec celle de la m\u00e9canique, m\u00e9canique et ainsi de suite. Nous disposons ainsi de toute une gamme de ces grilles que nous utilisons seules ou superpos\u00e9es les unes aux autres, laissant transpara\u00eetre certains \u00e9tats, certaines propri\u00e9t\u00e9s du monde, en \u00e9clipsant d\u2019autres. Fonctionnant comme des filtres, ces grilles donnent par leur pr\u00e9sence permanente une certaine coloration \u00e0 ce que nous vivons\u00a0; par exemple, pour certains le monde est logique, quoiqu\u2019ils fassent, o\u00f9 que se portent leurs regards, leurs pens\u00e9es, tout leur appara\u00eet logique.<\/span><\/span><\/span><\/span><\/p>\n<p class=\"western\" align=\"justify\"><span style=\"color: #000000;\"><span style=\"font-family: Times New Roman, serif;\"><span style=\"font-size: medium;\"><span lang=\"fr-FR\">Mais pareillement, si nous placions devant nos yeux un filtre rouge, le monde nous appara\u00eetrait en permanence rouge\u00e2tre, que nous plongions notre regard dans un microscope ou dans un t\u00e9lescope, l\u2019infiniment petit comme l\u2019infiniment grand nous semblerait rouge\u00e2tre.<\/span><\/span><\/span><\/span><\/p>\n<p class=\"western\" align=\"justify\"><span style=\"color: #000000;\"><span style=\"font-family: Times New Roman, serif;\"><span style=\"font-size: medium;\"><span lang=\"fr-FR\">Et c\u2019est l\u00e0 o\u00f9 les choses se g\u00e2tent, car, oubliant la pr\u00e9sence du filtre, nous pourrions d\u00e9duire et affirmer que la nature m\u00eame du monde est d\u2019\u00eatre rouge\u00e2tre.<\/span><\/span><\/span><\/span><\/p>\n<p class=\"western\" align=\"justify\"><span style=\"color: #000000;\"><span style=\"font-family: Times New Roman, serif;\"><span style=\"font-size: medium;\"><span lang=\"fr-FR\">C\u2019est ce que nous faisons lorsque nous affirmons que l\u2019essence du monde est logique, m\u00e9canique, math\u00e9matique ou m\u00eame religieuse\u00a0; nous oublions les filtres.<\/span><\/span><\/span><\/span><\/p>\n<p class=\"western\" align=\"justify\"><span style=\"color: #000000;\"><span style=\"font-family: Times New Roman, serif;\"><span style=\"font-size: medium;\"><span lang=\"fr-FR\">Nous oublions que le monde est comme cela uniquement parce que nous le contemplons comme tel. Uniquement parce que nous avons gliss\u00e9 entre nous et lui un filtre dont la fonction est de nous le montrer de cette mani\u00e8re. C\u2019est le filtre que nous utilisons qui est ordonn\u00e9 de fa\u00e7on logique, m\u00e9canique ou autre, pas la totalit\u00e9 du monde.<\/span><\/span><\/span><\/span><\/p>\n<p class=\"western\" align=\"justify\"><span style=\"color: #000000;\"><span style=\"font-family: Times New Roman, serif;\"><span style=\"font-size: medium;\"><span lang=\"fr-FR\">Disons plut\u00f4t que le filtre laisse passer ce qu\u2019il y a de logique dans le monde et retient tout ce qui ne l\u2019est pas. Notre conscience ne prenant en consid\u00e9ration que ces pr\u00e9l\u00e8vements, cette s\u00e9lection.<\/span><\/span><\/span><\/span><\/p>\n<p class=\"western\" align=\"justify\"><span style=\"color: #000000;\"><span style=\"font-family: Times New Roman, serif;\"><span style=\"font-size: medium;\"><span lang=\"fr-FR\">Mais prenons une autre comparaison pour illustrer ce filtrage. Vous \u00e9coutez un disque avec du mat\u00e9riel hi-fi perfectionn\u00e9 en r\u00e9glant le filtre des basses au maximum et celui des aigus au minimum\u2026 L\u2019instant d\u2019apr\u00e8s vous inversez ce r\u00e9glage\u00a0; basses au mini et aigus au maxi cette fois. Alors, bien qu\u2019\u00e9coutant le m\u00eame disque, la m\u00eame musique, vous constatez que vous faites appara\u00eetre des instruments et en faites dispara\u00eetre d\u2019autres. Maintenant si vous bloquez, une fois pour toutes, les filtres de cet appareil dans l\u2019une de ces positions extr\u00eames\u00a0; \u00e9coutant d\u2019autres disques, il y a des instruments que vous n\u2019entendrez jamais, dont vous ne conna\u00eetrez m\u00eame pas l\u2019existence.<\/span><\/span><\/span><\/span><\/p>\n<p class=\"western\" align=\"justify\"><b><span style=\"color: #000000;\"><span style=\"font-family: Times New Roman, serif;\"><span style=\"font-size: medium;\"><span lang=\"fr-FR\">Il se passe la \u00ab\u00a0m\u00eame chose avec nos yeux\u00a0: nous ne percevons que certains instruments de la symphonie visuelle.<\/span><\/span><\/span><\/span><\/b><\/p>\n<p class=\"western\" align=\"justify\"><span style=\"color: #000000;\"><span style=\"font-family: Times New Roman, serif;\"><span style=\"font-size: medium;\"><span lang=\"fr-FR\">\u00c0 travers l\u2019histoire de l\u2019homme, quantit\u00e9 de ces filtres ont \u00e9t\u00e9 d\u00e9couverts, certains sont retomb\u00e9s dans l\u2019oubli, d\u2019autres en cours de fabrication, mais chacun a permis de d\u00e9couvrir une nouvelle orchestration, une nouvelle interpr\u00e9tation du r\u00e9el, nous faisant accepter aujourd\u2019hui ce qui hier paraissait impossible, et nier ce qui demain sera peut-\u00eatre \u00e9vident.<\/span><\/span><\/span><\/span><\/p>\n<p class=\"western\" align=\"justify\"><b><span style=\"color: #000000;\"><span style=\"font-family: Times New Roman, serif;\"><span style=\"font-size: medium;\"><span lang=\"fr-FR\">LA MOULINETTE<\/span><\/span><\/span><\/span><\/b><\/p>\n<p class=\"western\" align=\"justify\"><span style=\"color: #000000;\"><span style=\"font-family: Times New Roman, serif;\"><span style=\"font-size: medium;\"><span lang=\"fr-FR\">La moulinette, c\u2019est la vision analytique ch\u00e8re \u00e0 l\u2019Occident.<\/span><\/span><\/span><\/span><\/p>\n<p class=\"western\" align=\"justify\"><span style=\"color: #000000;\"><span style=\"font-family: Times New Roman, serif;\"><span style=\"font-size: medium;\"><span lang=\"fr-FR\">Elle r\u00e9duit le tout en petits morceaux bien clairement d\u00e9limit\u00e9s, permettant ainsi de consid\u00e9rer chaque morceau s\u00e9par\u00e9ment, bout par bout ou m\u00e9lang\u00e9s les uns aux autres, en laissant de c\u00f4t\u00e9 ceux qui nous d\u00e9rangent.<\/span><\/span><\/span><\/span><\/p>\n<p class=\"western\" align=\"justify\"><span style=\"color: #000000;\"><span style=\"font-family: Times New Roman, serif;\"><span style=\"font-size: medium;\"><span lang=\"fr-FR\">C\u2019est pratique et cela a permis des r\u00e9alisations \u00e9tonnantes.<\/span><\/span><\/span><\/span><\/p>\n<p class=\"western\" align=\"justify\"><span style=\"color: #000000;\"><span style=\"font-family: Times New Roman, serif;\"><span style=\"font-size: medium;\"><span lang=\"fr-FR\">Mais curieusement, oubliant une fois de plus que cette qualit\u00e9 de perception est due \u00e0 un outil, un syst\u00e8me, oubliant la pr\u00e9sence de la moulinette, nous sommes incapables de percevoir les choses toutes enti\u00e8res.<\/span><\/span><\/span><\/span><\/p>\n<p class=\"western\" align=\"justify\"><span style=\"color: #000000;\"><span style=\"font-family: Times New Roman, serif;\"><span style=\"font-size: medium;\"><span lang=\"fr-FR\">Et lorsque nous essayons de voir les choses globalement, nous sommes forc\u00e9s d\u2019additionner, de synth\u00e9tiser, les morceaux que nous venons tout juste de s\u00e9parer.<\/span><\/span><\/span><\/span><\/p>\n<p class=\"western\" align=\"justify\"><span style=\"color: #000000;\"><span style=\"font-family: Times New Roman, serif;\"><span style=\"font-size: medium;\"><span lang=\"fr-FR\">Ainsi, ajoutant chaque petit morceau bien net \u00e0 un autre tout aussi nettement d\u00e9fini, nous tentons de reconstituer la totalit\u00e9\u00a0; reconstituer la carotte \u00e0 partir de l\u2019assiett\u00e9e de carottes r\u00e2p\u00e9es.<\/span><\/span><\/span><\/span><\/p>\n<p class=\"western\" align=\"justify\"><span style=\"color: #000000;\"><span style=\"font-family: Times New Roman, serif;\"><span style=\"font-size: medium;\"><span lang=\"fr-FR\">Et m\u00eame si nous r\u00e9ussissons ce puzzle colossal, ce que nous obtenons n\u2019est plus une carotte, si nous la mettons en terre, elle ne reprendra pas, ne poussera plus, <\/span><\/span><\/span><\/span><span style=\"color: #000000;\"><span style=\"font-family: Times New Roman, serif;\"><span style=\"font-size: medium;\"><span lang=\"fr-FR\"><b>on a recoll\u00e9 les morceaux, mais la vie ne circule plus \u00e0 l\u2019int\u00e9rieur, la trame est bris\u00e9e.<\/b><\/span><\/span><\/span><\/span><\/p>\n<p class=\"western\" align=\"justify\"><span style=\"color: #000000;\"><span style=\"font-family: Times New Roman, serif;\"><span style=\"font-size: medium;\"><span lang=\"fr-FR\">Nous croyons pareillement avoir acc\u00e8s \u00e0 la vision globale, lorsque nous avons une perception g\u00e9n\u00e9rale, confuse et ind\u00e9finie du tout.<\/span><\/span><\/span><\/span><\/p>\n<p class=\"western\" align=\"justify\"><span style=\"color: #000000;\"><span style=\"font-family: Times New Roman, serif;\"><span style=\"font-size: medium;\"><span lang=\"fr-FR\">Ou bien encore une impression d\u2019ensemble superficielle, ou une vision des contours \u00e9vitant le contact intime.<\/span><\/span><\/span><\/span><\/p>\n<p class=\"western\" align=\"justify\"><span style=\"color: #000000;\"><span style=\"font-family: Times New Roman, serif;\"><span style=\"font-size: medium;\"><span lang=\"fr-FR\">Mais ces modes d\u2019appr\u00e9hension eux non plus ne sont pas globaux. Il s\u2019agit seulement de notre vision analytique utilis\u00e9e autrement, utilis\u00e9e de fa\u00e7on \u00e0 rester \u00e0 la p\u00e9riph\u00e9rie, effleurant contours et surfaces sans entre<\/span><\/span><\/span><\/span><span style=\"color: #000000;\"><span style=\"font-family: Times New Roman, serif;\"><span style=\"font-size: medium;\"><span lang=\"fr-FR\">r<\/span><\/span><\/span><\/span><span style=\"color: #000000;\"><span style=\"font-family: Times New Roman, serif;\"><span style=\"font-size: medium;\"><span lang=\"fr-FR\"> \u00e0 l\u2019int\u00e9rieur. La moulinette est toujours l\u00e0, hachant plus gros peut-\u00eatre ou n\u2019\u00e9pluchant que les pourtours.<\/span><\/span><\/span><\/span><\/p>\n<p class=\"western\" align=\"justify\"><span style=\"color: #000000;\"><span style=\"font-family: Times New Roman, serif;\"><span style=\"font-size: medium;\"><span lang=\"fr-FR\">En tout cas ne produisant que des fant\u00f4mes de vision globale et nullement la perception de l\u2019unit\u00e9 vivante, vibrante.<\/span><\/span><\/span><\/span><\/p>\n<p class=\"western\" align=\"justify\"><span style=\"color: #000000;\"><span style=\"font-family: Times New Roman, serif;\"><span style=\"font-size: medium;\"><span lang=\"fr-FR\">Il est important que vous preniez conscience que cette moulinette, ces filtres, ces moules, sont des outils, des outils fantastiques et utiles, mais des outils. Et nous devons apprendre \u00e0 les reconna\u00eetre comme tels, afin de ne plus nous identifier \u00e0 eux. Pouvoir les d\u00e9tacher de nous et les mettre de c\u00f4t\u00e9 lorsque nous voulons nous ouvrir sur autre chose\u00a0; percevoir \u00e0 l\u2019\u0153il nu\u00a0; laisser appara\u00eetre l\u2019unit\u00e9 du monde.<\/span><\/span><\/span><\/span><\/p>\n<p class=\"western\" align=\"justify\"><span style=\"color: #000000;\"><span style=\"font-family: Times New Roman, serif;\"><span style=\"font-size: medium;\"><span lang=\"fr-FR\">Tant que nous restons tributaires de ces outils, de ces syst\u00e8mes qui limitent et focalisent nos perceptions, coupant, s\u00e9lectionnant et r\u00e9duisant le r\u00e9el, nous ne pouvons avoir acc\u00e8s \u00e0 l\u2019unit\u00e9, acc\u00e8s \u00e0 la totalit\u00e9.<\/span><\/span><\/span><\/span><\/p>\n<p class=\"western\" align=\"justify\"><span style=\"color: #000000;\"><span style=\"font-family: Times New Roman, serif;\"><span style=\"font-size: medium;\"><span lang=\"fr-FR\">Pourtant l\u2019image qui vient se former au fond de l\u2019\u0153il contient cette totalit\u00e9, mais nous la diss\u00e9quons en une telle multitude de petits morceaux, que si cette multitude parvenait dans son int\u00e9gralit\u00e9 \u00e0 notre conscience, nous serions submerg\u00e9s, satur\u00e9s. Il nous serait impossible d\u2019assimiler et d\u2019utiliser cette surabondance d\u2019informations, impossible d\u2019ordonner et de d\u00e9gager un sens de tous ces \u00e9l\u00e9ments, impossible donc de d\u00e9cider et d\u2019agir.<\/span><\/span><\/span><\/span><\/p>\n<p class=\"western\" align=\"justify\"><b><span style=\"color: #000000;\"><span style=\"font-family: Times New Roman, serif;\"><span style=\"font-size: medium;\"><span lang=\"fr-FR\">\u00ab\u00a0ERSATZ D\u2019UNIT\u00c9\u00a0\u00bb<\/span><\/span><\/span><\/span><\/b><\/p>\n<p class=\"western\" align=\"justify\"><span style=\"color: #000000;\"><span style=\"font-family: Times New Roman, serif;\"><span style=\"font-size: medium;\"><span lang=\"fr-FR\">Nous percevons beaucoup plus que nous en avons conscience. Mais tant que nous observons une multitude dissoci\u00e9e, l\u00e0 o\u00f9 il n\u2019y a qu\u2019unit\u00e9, nous sommes amen\u00e9s \u00e0 \u00e9purer nos perceptions afin de reconstituer, avec un nombre d\u2019\u00e9l\u00e9ments plus restreint, un semblant d\u2019unit\u00e9, de cette unit\u00e9 dont nous avons un besoin vital et dont \u00e0 d\u00e9faut d\u2019int\u00e9grer la <\/span><\/span><\/span><\/span><span style=\"color: #000000;\"><span style=\"font-family: Times New Roman, serif;\"><span style=\"font-size: medium;\"><span lang=\"fr-FR\"><b>\u00ab\u00a0grande unit\u00e9\u00a0\u00bb, nous fabriquons un ersatz<\/b><\/span><\/span><\/span><\/span><span style=\"color: #000000;\"><span style=\"font-family: Times New Roman, serif;\"><span style=\"font-size: medium;\"><span lang=\"fr-FR\">, en dilatant et contractant sans cesse notre champ de conscience pour ne laisser entrer que les petits morceaux, les \u00e9l\u00e9ments que nous sommes en mesure de r\u00e9ordonner de fa\u00e7on unitaire afin de maintenir la coh\u00e9rence de notre r\u00e9alit\u00e9, et par l\u00e0 m\u00eame notre propre coh\u00e9rence.<\/span><\/span><\/span><\/span><\/p>\n<p class=\"western\" align=\"justify\"><span style=\"color: #000000;\"><span style=\"font-family: Times New Roman, serif;\"><span style=\"font-size: medium;\"><span lang=\"fr-FR\">Car nous sommes bien dans le paradoxe suivant\u00a0: <\/span><\/span><\/span><\/span><span style=\"color: #000000;\"><span style=\"font-family: Times New Roman, serif;\"><span style=\"font-size: medium;\"><span lang=\"fr-FR\"><b>dans le temps o\u00f9 l\u2019on per\u00e7oit ce que l\u2019on est, l\u2019on est ce que l\u2019on per\u00e7oit.<\/b><\/span><\/span><\/span><\/span><\/p>\n<p class=\"western\" align=\"justify\"><span style=\"color: #000000;\"><span style=\"font-family: Times New Roman, serif;\"><span style=\"font-size: medium;\"><span lang=\"fr-FR\">Et si nous nous laissions p\u00e9n\u00e9trer par cette multitude dissoci\u00e9e, nous nous dissocierions \u00e0 notre tour.<\/span><\/span><\/span><\/span><\/p>\n<p class=\"western\" align=\"justify\"><span style=\"color: #000000;\"><span style=\"font-family: Times New Roman, serif;\"><span style=\"font-size: medium;\"><span lang=\"fr-FR\">Alors la crainte de voir se dissoudre notre fragile unit\u00e9 crispe nos limites, les transformant en limites de s\u00e9curit\u00e9, qui en tant que telles, deviennent infranchissables et surtout indispensables.<\/span><\/span><\/span><\/span><\/p>\n<p class=\"western\" align=\"justify\"><span style=\"color: #000000;\"><span style=\"font-family: Times New Roman, serif;\"><span style=\"font-size: medium;\"><span lang=\"fr-FR\">Tant que nous imaginons ce que peut \u00eatre la vision globale \u00e0 la lumi\u00e8re de notre vision analytique, nous ne pouvons concevoir qu\u2019un paroxysme de vision analytique.<\/span><\/span><\/span><\/span><\/p>\n<p class=\"western\" align=\"justify\"><span style=\"color: #000000;\"><span style=\"font-family: Times New Roman, serif;\"><span style=\"font-size: medium;\"><span lang=\"fr-FR\">Dans un esprit de toujours plus, nous recherchons du tr\u00e8s compliqu\u00e9 l\u00e0 o\u00f9 la difficult\u00e9 consiste \u00e0 acc\u00e9der \u00e0 la simplicit\u00e9.<\/span><\/span><\/span><\/span><\/p>\n<p class=\"western\" align=\"justify\"><span style=\"color: #000000;\"><span style=\"font-family: Times New Roman, serif;\"><span style=\"font-size: medium;\"><span lang=\"fr-FR\">Et si, d\u2019aventure, la vie ou notre curiosit\u00e9 nous am\u00e8ne \u00e0 toucher nos limites, au point que nous puissions regarder au travers ce qui se passe de l\u2019autre c\u00f4t\u00e9, nous n\u2019y percevons qu\u2019une multitude de paradoxes peu engageants. Mais ces curieuses distorsions du r\u00e9el, ces diffractions de l\u2019unit\u00e9 que nous appelons paradoxes, ne sont pas \u00e0 l\u2019image de l\u2019autre c\u00f4t\u00e9. <\/span><\/span><\/span><\/span><span style=\"color: #000000;\"><span style=\"font-family: Times New Roman, serif;\"><span style=\"font-size: medium;\"><span lang=\"fr-FR\"><b>Ils sont seulement la manifestation des limites de fonctionnement de nos syst\u00e8mes<\/b><\/span><\/span><\/span><\/span><span style=\"color: #000000;\"><span style=\"font-family: Times New Roman, serif;\"><span style=\"font-size: medium;\"><span lang=\"fr-FR\">, l\u2019instant o\u00f9 ils vont court-circuiter.<\/span><\/span><\/span><\/span><\/p>\n<p class=\"western\" align=\"justify\"><span style=\"color: #000000;\"><span style=\"font-family: Times New Roman, serif;\"><span style=\"font-size: medium;\"><span lang=\"fr-FR\">Car ces syst\u00e8mes ne fonctionnent que dans une r\u00e9alit\u00e9 d\u00e9doubl\u00e9e, une r\u00e9alit\u00e9 polaire. Alors, d\u00e8s que les p\u00f4les se confondent, il y a court-circuit, ces syst\u00e8mes cessent d\u2019\u00eatre op\u00e9rationnels. Ils sont faits pour focaliser, pour se concentrer sur un seul p\u00f4le, un seul point de vue \u00e0 la fois. Pour avoir une vision d\u2019ensemble ils doivent rebondir d\u2019un p\u00f4le sur l\u2019autre. Ainsi lorsqu\u2019ils doivent. capter une r\u00e9alit\u00e9 non d\u00e9doubl\u00e9e ou qu\u2019ils n\u2019arrivent pas \u00e0 d\u00e9doubler, lorsqu\u2019ils doivent d\u00e9chiffrer un univers tout \u00e0 la fois positif et n\u00e9gatif, immobile et en mouvement dans le m\u00eame temps, plein et vide dans le m\u00eame espace, avec un temps et un espace qui sont une seule et m\u00eame chose\u2026 ces syst\u00e8mes se brouillent, satur\u00e9s par ce r\u00e9el qu\u2019ils ne peuvent appr\u00e9hender. Ils tentent une derni\u00e8re fois de distinguer et de s\u00e9parer les polaires par des jeux de superpositions et de transparences, disent \u00ab\u00a0Cela ne se peut\u00a0!\u00a0\u00bb et se font sauter les plombs.<\/span><\/span><\/span><\/span><\/p>\n<p class=\"western\" align=\"justify\"><span style=\"color: #000000;\"><span style=\"font-family: Times New Roman, serif;\"><span style=\"font-size: medium;\"><span lang=\"fr-FR\">Le bouddhisme Zen, avec sa m\u00e9thode des Koans, utilise ce ph\u00e9nom\u00e8ne de d\u00e9connexion des m\u00e9canismes mentaux, comme technique d\u2019\u00e9veil.<\/span><\/span><\/span><\/span><\/p>\n<p class=\"western\" align=\"justify\"><span style=\"color: #000000;\"><span style=\"font-family: Times New Roman, serif;\"><span style=\"font-size: medium;\"><span lang=\"fr-FR\">Mais nous reviendrons plus tard l\u00e0-dessus. Ce sur quoi j\u2019aimerais insister pour l\u2019instant, c\u2019est que tant que nous confondons ces syst\u00e8mes avec nous-m\u00eames, nous fonctionnons en circuit ferm\u00e9, en vase clos, nous nous enfermons avec les clefs que nous avons forg\u00e9es pour ouvrir le monde.<\/span><\/span><\/span><\/span><\/p>\n<p class=\"western\" align=\"justify\"><b><span style=\"color: #000000;\"><span style=\"font-family: Times New Roman, serif;\"><span style=\"font-size: medium;\"><span lang=\"fr-FR\">\u00ab\u00a0DEHORS, C\u2019EST DU R\u00c9EL \u00c0 PART ENTI\u00c8RE\u00a0\u00bb<\/span><\/span><\/span><\/span><\/b><\/p>\n<p class=\"western\" align=\"justify\"><span style=\"color: #000000;\"><span style=\"font-family: Times New Roman, serif;\"><span style=\"font-size: medium;\"><span lang=\"fr-FR\">Et pourquoi ne pas rester enferm\u00e9s, cric\u00a0! crac\u00a0! bien confortablement dans notre recoin de r\u00e9el\u00a0?<\/span><\/span><\/span><\/span><\/p>\n<ul>\n<li>\n<p class=\"western\" align=\"justify\"><span style=\"color: #000000;\"><span style=\"font-family: Times New Roman, serif;\"><span style=\"font-size: medium;\"><span lang=\"fr-FR\">Parce que \u00ab\u00a0<\/span><\/span><\/span><\/span><span style=\"color: #000000;\"><span style=\"font-family: Times New Roman, serif;\"><span style=\"font-size: medium;\"><span lang=\"fr-FR\"><b>dehors<\/b><\/span><\/span><\/span><\/span><span style=\"color: #000000;\"><span style=\"font-family: Times New Roman, serif;\"><span style=\"font-size: medium;\"><span lang=\"fr-FR\">\u00a0\u00bb il y a des merveilles, des horizons infinis, des potentiels inimaginables.<\/span><\/span><\/span><\/span><\/p>\n<\/li>\n<li>\n<p class=\"western\" align=\"justify\"><span style=\"color: #000000;\"><span style=\"font-family: Times New Roman, serif;\"><span style=\"font-size: medium;\"><span lang=\"fr-FR\">Mais \u00ab\u00a0<\/span><\/span><\/span><\/span><span style=\"color: #000000;\"><span style=\"font-family: Times New Roman, serif;\"><span style=\"font-size: medium;\"><span lang=\"fr-FR\"><b>ici<\/b><\/span><\/span><\/span><\/span><span style=\"color: #000000;\"><span style=\"font-family: Times New Roman, serif;\"><span style=\"font-size: medium;\"><span lang=\"fr-FR\">\u00a0\u00bb c\u2019est d\u00e9j\u00e0 tellement riche, pourquoi aller chercher d\u2019autres choses \u00ab\u00a0<\/span><\/span><\/span><\/span><span style=\"color: #000000;\"><span style=\"font-family: Times New Roman, serif;\"><span style=\"font-size: medium;\"><span lang=\"fr-FR\"><b>dehors<\/b><\/span><\/span><\/span><\/span><span style=\"color: #000000;\"><span style=\"font-family: Times New Roman, serif;\"><span style=\"font-size: medium;\"><span lang=\"fr-FR\">\u00a0\u00bb\u00a0?<\/span><\/span><\/span><\/span><\/p>\n<\/li>\n<li>\n<p class=\"western\" align=\"justify\"><span style=\"color: #000000;\"><span style=\"font-family: Times New Roman, serif;\"><span style=\"font-size: medium;\"><span lang=\"fr-FR\">Et bien justement parce qu\u2019il ne s\u2019agit pas d\u2019autres choses, qu\u2019il s\u2019agit de la source m\u00eame de ce qui se passe \u00ab\u00a0ici\u00a0\u00bb. Quelque chose qui nous concerne au plus haut point et ne cesse jamais de nous concerner, m\u00eame lorsque notre conception \u00e9triqu\u00e9e du r\u00e9el nous force \u00e0 l\u2019exclure ou \u00e0 l\u2019occulter dans des sciences dites Occultes.<\/span><\/span><\/span><\/span><\/p>\n<p class=\"western\" align=\"justify\">\n<\/li>\n<\/ul>\n<p class=\"western\" align=\"justify\"><span style=\"color: #000000;\"><span style=\"font-family: Times New Roman, serif;\"><span style=\"font-size: medium;\"><span lang=\"fr-FR\">Reniant les racines de l\u2019arbre sur lequel nous sommes assis, ou plut\u00f4t sur lequel nous poussons, <\/span><\/span><\/span><\/span><span style=\"color: #000000;\"><span style=\"font-family: Times New Roman, serif;\"><span style=\"font-size: medium;\"><span lang=\"fr-FR\"><b>nous rel\u00e9guons dans une sorte de sous-r\u00e9alit\u00e9, ces intuitions si vitales, mais si peu raisonnables, ces moments d\u2019\u00e9merveillement o\u00f9 les esprits se rencontrent \u00e0 travers le silence, ces instants d\u2019extase o\u00f9 l\u2019\u00eatre sait qu\u2019esprit et mati\u00e8re sont un seul et m\u00eame ph\u00e9nom\u00e8ne<\/b><\/span><\/span><\/span><\/span><span style=\"color: #000000;\"><span style=\"font-family: Times New Roman, serif;\"><span style=\"font-size: medium;\"><span lang=\"fr-FR\">. Nous \u00e9touffons tout cela, et, avec, les potentiels de transformation, de cr\u00e9ativit\u00e9, d\u2019\u00e9quilibre, de gu\u00e9rison et de joie qui les accompagnent.<\/span><\/span><\/span><\/span><\/p>\n<p class=\"western\" align=\"justify\"><span style=\"color: #000000;\"><span style=\"font-family: Times New Roman, serif;\"><span style=\"font-size: medium;\"><span lang=\"fr-FR\">Il faut bien comprendre\u00a0: ce que nous laissons au \u00ab\u00a0<\/span><\/span><\/span><\/span><span style=\"color: #000000;\"><span style=\"font-family: Times New Roman, serif;\"><span style=\"font-size: medium;\"><span lang=\"fr-FR\"><b>dehors<\/b><\/span><\/span><\/span><\/span><span style=\"color: #000000;\"><span style=\"font-family: Times New Roman, serif;\"><span style=\"font-size: medium;\"><span lang=\"fr-FR\">\u00a0\u00bb c\u2019est du r\u00e9el \u00e0 part enti\u00e8re et ce n\u2019est pas parce que nous n\u2019en avons plus conscience qu\u2019il cesse pour autant d\u2019\u00eatre agissant.<\/span><\/span><\/span><\/span><\/p>\n<p class=\"western\" align=\"justify\"><span style=\"color: #000000;\"><span style=\"font-family: Times New Roman, serif;\"><span style=\"font-size: medium;\"><span lang=\"fr-FR\">Ce n\u2019est pas parce que l\u2019autruche fait \u00ab\u00a0<\/span><\/span><\/span><\/span><span style=\"color: #000000;\"><span style=\"font-family: Times New Roman, serif;\"><span style=\"font-size: medium;\"><span lang=\"fr-FR\"><b>dispara\u00eetre<\/b><\/span><\/span><\/span><\/span><span style=\"color: #000000;\"><span style=\"font-family: Times New Roman, serif;\"><span style=\"font-size: medium;\"><span lang=\"fr-FR\">\u00a0\u00bb le lion en s\u2019enfon\u00e7ant la t\u00eate dans le sol, qu\u2019elle va emp\u00eacher le lion de lui d\u00e9vorer le derri\u00e8re.<\/span><\/span><\/span><\/span><\/p>\n<p class=\"western\" align=\"justify\"><span style=\"color: #000000;\"><span style=\"font-family: Times New Roman, serif;\"><span style=\"font-size: medium;\"><span lang=\"fr-FR\">Ainsi \u00e9tant amen\u00e9s \u00e0 r\u00e9soudre \u00e0 tous moments des probl\u00e8mes qui prennent source au \u00ab\u00a0<\/span><\/span><\/span><\/span><span style=\"color: #000000;\"><span style=\"font-family: Times New Roman, serif;\"><span style=\"font-size: medium;\"><span lang=\"fr-FR\"><b>dehors<\/b><\/span><\/span><\/span><\/span><span style=\"color: #000000;\"><span style=\"font-family: Times New Roman, serif;\"><span style=\"font-size: medium;\"><span lang=\"fr-FR\">\u00a0\u00bb, nous nous trouvons dans la situation de cet homme, qui en pleine nuit recherche sous un r\u00e9verb\u00e8re la montre qu\u2019il vient de perdre. Un autre homme vient \u00e0 passer qui lui propose de l\u2019aider \u00e0 la rechercher. Ils cherchent, cherchent tr\u00e8s longuement et ne trouvant rien, le passant lui demande\u00a0: \u00ab\u00a0\u00cates-vous vraiment s\u00fbr de l\u2019avoir perdue ici\u00a0! \u2014\u00a0Ah non, absolument pas, non, non, je ne l\u2019ai pas perdue ici, je l\u2019ai perdue l\u00e0-bas\u00a0; mais l\u00e0-bas il fait trop sombre, ici sous ce r\u00e9verb\u00e8re il y a de la lumi\u00e8re, c\u2019est plus facile pour chercher\u00a0\u00bb.<\/span><\/span><\/span><\/span><\/p>\n<p class=\"western\" align=\"justify\"><span style=\"color: #000000;\"><span style=\"font-family: Times New Roman, serif;\"><span style=\"font-size: medium;\"><span lang=\"fr-FR\">Pareillement, nous pr\u00e9f\u00e9rons rester dans cette zone \u00e9clair\u00e9e par notre raison, nos syst\u00e8mes, nos lois et pourtant nous avons perdu dans notre zone d\u2019ombre bien plus qu\u2019une montre-proth\u00e8se, nous y avons perdu un bout de nous-m\u00eames.<\/span><\/span><\/span><\/span><\/p>\n<p class=\"western\" align=\"justify\"><b><span style=\"color: #000000;\"><span style=\"font-family: Times New Roman, serif;\"><span style=\"font-size: medium;\"><span lang=\"fr-FR\">\u00ab\u00a0AMPUT\u00c9S D\u2019UNE MOITI\u00c9 DE NOUS-M\u00caMES\u00a0\u00bb<\/span><\/span><\/span><\/span><\/b><\/p>\n<p class=\"western\" align=\"justify\"><span style=\"color: #000000;\"><span style=\"font-family: Times New Roman, serif;\"><span style=\"font-size: medium;\"><span lang=\"fr-FR\">Tant que notre cerveau, notre esprit, fonctionnent d\u00e9doubl\u00e9s, tant que nous percevons une r\u00e9alit\u00e9 polaire faite d\u2019ombre et de lumi\u00e8re, de plein et de vide, avec un dedans et un dehors, un fini et un infini\u00a0; si nous voulons retrouver, acc\u00e9der \u00e0 la totalit\u00e9 de nous-m\u00eames, \u00e0 la totalit\u00e9 de notre r\u00e9alit\u00e9, nous devons accepter d\u2019actualiser les deux p\u00f4les qui la composent, les deux p\u00f4les qui nous composent.<\/span><\/span><\/span><\/span><\/p>\n<p class=\"western\" align=\"justify\"><span style=\"color: #000000;\"><span style=\"font-family: Times New Roman, serif;\"><span style=\"font-size: medium;\"><span lang=\"fr-FR\">M\u00eame si dans l\u2019\u00e9tat actuel de notre mental, notre conscience ne peut appr\u00e9hender qu\u2019un seul p\u00f4le \u00e0 la fois, nous devons d\u00e9velopper une fluidit\u00e9 de passage d\u2019un p\u00f4le \u00e0 l\u2019autre. Et surtout ne pas perdre de vue, lorsque nous nous trouvons dans le point de vue de l\u2019un de ces p\u00f4les, que l\u2019autre p\u00f4le, n\u2019est que l\u2019autre face d\u2019une m\u00eame r\u00e9alit\u00e9, <\/span><\/span><\/span><\/span><span style=\"color: #000000;\"><span style=\"font-family: Times New Roman, serif;\"><span style=\"font-size: medium;\"><span lang=\"fr-FR\"><b>l\u2019autre aspect de nous-m\u00eames.<\/b><\/span><\/span><\/span><\/span><\/p>\n<p class=\"western\" align=\"justify\"><span style=\"color: #000000;\"><span style=\"font-family: Times New Roman, serif;\"><span style=\"font-size: medium;\"><span lang=\"fr-FR\">Mais notre temp\u00e9rament et les \u00ab\u00a0<\/span><\/span><\/span><\/span><span style=\"color: #000000;\"><span style=\"font-family: Times New Roman, serif;\"><span style=\"font-size: medium;\"><span lang=\"fr-FR\"><b>besoins de la cause<\/b><\/span><\/span><\/span><\/span><span style=\"color: #000000;\"><span style=\"font-family: Times New Roman, serif;\"><span style=\"font-size: medium;\"><span lang=\"fr-FR\">\u00a0\u00bb, nous am\u00e8nent \u00e0 nous attacher davantage \u00e0 un p\u00f4le qu\u2019\u00e0 l\u2019autre, davantage aux p\u00f4les du conscient, du plein, du fini, qu\u2019\u00e0 ceux de l\u2019inconscient, du vide, de l\u2019infini. Et pourtant la totalit\u00e9 est faite de vide et de plein, d\u2019infini et de fini, mais, dans un premier temps, la survie r\u00e9clame que nous consacrions une attention toute particuli\u00e8re \u00e0 notre aspect fini, \u00e0 la pr\u00e9servation de notre forme finie, j\u2019entends par l\u00e0 la protection et la conservation de notre corps physique, mais aussi de notre forme mentale, notre ego, l\u2019aspect fini de notre esprit.<\/span><\/span><\/span><\/span><\/p>\n<p class=\"western\" align=\"justify\"><span style=\"color: #000000;\"><span style=\"font-family: Times New Roman, serif;\"><span style=\"font-size: medium;\"><span lang=\"fr-FR\">Nous en arrivons ainsi \u00e0 concentrer, \u00e0 focaliser notre attention uniquement sur un seul p\u00f4le, y installant en permanence notre conscience, jusqu\u2019\u00e0 nous identifier totalement \u00e0 ce seul point de vue. \u00c0 telle enseigne que le point de vue du p\u00f4le refoul\u00e9 nous devient tout \u00e0 fait inconnu, \u00e9trange\u2026 \u00e9tranger.<\/span><\/span><\/span><\/span><\/p>\n<p class=\"western\" align=\"justify\"><span style=\"color: #000000;\"><span style=\"font-family: Times New Roman, serif;\"><span style=\"font-size: medium;\"><span lang=\"fr-FR\">Et si l\u2019on en vient \u00e0 consid\u00e9rer son \u00ab\u00a0<\/span><\/span><\/span><\/span><span style=\"color: #000000;\"><span style=\"font-family: Times New Roman, serif;\"><span style=\"font-size: medium;\"><span lang=\"fr-FR\"><b>propre<\/b><\/span><\/span><\/span><\/span><span style=\"color: #000000;\"><span style=\"font-family: Times New Roman, serif;\"><span style=\"font-size: medium;\"><span lang=\"fr-FR\">\u00a0\u00bb point de vue comme le seul valable, le vrai, celui qu\u2019il faut d\u00e9fendre, nous voici ennemi de l\u2019autre p\u00f4le, ennemi de ce dont nous avons le plus besoin, cet autre bout de nous-m\u00eames que nous avons perdu.<\/span><\/span><\/span><\/span><\/p>\n<p class=\"western\" align=\"justify\"><span style=\"color: #000000;\"><span style=\"font-family: Times New Roman, serif;\"><span style=\"font-size: medium;\"><span lang=\"fr-FR\">Un peu comme si nous prenions notre main droite pour nous battre contre notre main gauche, sans avoir conscience que nous nous battons contre nous-m\u00eames.<\/span><\/span><\/span><\/span><\/p>\n<p class=\"western\" align=\"justify\"><span style=\"color: #000000;\"><span style=\"font-family: Times New Roman, serif;\"><span style=\"font-size: medium;\"><span lang=\"fr-FR\">Pour justifier cette dichotomie et cette confrontation absurde, nous avons mille et une fa\u00e7ons de nous abuser, mais entre autres choses, nous disposons d\u2019un jeu de polaires tout \u00e0 fait complaisant que nous utilisons comme rep\u00e8res pour \u00e9talonner la \u00ab\u00a0<\/span><\/span><\/span><\/span><span style=\"color: #000000;\"><span style=\"font-family: Times New Roman, serif;\"><span style=\"font-size: medium;\"><span lang=\"fr-FR\"><b>v\u00e9rit\u00e9<\/b><\/span><\/span><\/span><\/span><span style=\"color: #000000;\"><span style=\"font-family: Times New Roman, serif;\"><span style=\"font-size: medium;\"><span lang=\"fr-FR\">\u00a0\u00bb\u00a0; \u00e0 savoir le Bien et le Mal. Car chose \u00f4 combien merveilleuse et pratique, le p\u00f4le du Bien co\u00efncide. tr\u00e8s exactement avec le p\u00f4le dans lequel nous nous trouvons. Le Mal, c\u2019est l\u00e0-bas, en face, c\u2019est donc bien la preuve s\u2019il en faut que l\u2019on a eu RAISON de renier et de laisser de c\u00f4t\u00e9 ce p\u00f4le ind\u00e9sirable. Et nous voil\u00e0, confort\u00e9s dans le bien-fond\u00e9 de notre point de vue \u00e9triqu\u00e9.<\/span><\/span><\/span><\/span><\/p>\n<p class=\"western\" align=\"justify\"><span style=\"color: #000000;\"><span style=\"font-family: Times New Roman, serif;\"><span style=\"font-size: medium;\"><span lang=\"fr-FR\">Nous pouvons en toute BONNE CONSCIENCE continuer \u00e0 nous amputer d\u2019une moiti\u00e9 de nous-m\u00eames.<\/span><\/span><\/span><\/span><\/p>\n<p class=\"western\" align=\"justify\"><span style=\"color: #000000;\"><span style=\"font-family: Times New Roman, serif;\"><span style=\"font-size: medium;\"><span lang=\"fr-FR\">Oh\u00a0! cette moiti\u00e9 n\u2019est pas hors jeu pour autant\u00a0; \u00e0 aucun moment elle ne s\u2019est d\u00e9tach\u00e9e de nous, c\u2019est seulement notre conscience qui s\u2019est d\u00e9tach\u00e9e d\u2019elle, et, si nous ne tenons plus compte d\u2019elle, elle continue \u00e0 tenir compte de nous.<\/span><\/span><\/span><\/span><\/p>\n<p class=\"western\" align=\"justify\"><span style=\"color: #000000;\"><span style=\"font-family: Times New Roman, serif;\"><span style=\"font-size: medium;\"><span lang=\"fr-FR\">Se manifestant avec d\u2019autant plus de violence, que nous en mettons \u00e0 la refouler, \u00e0 la contenir, \u00e0 la comprimer.<\/span><\/span><\/span><\/span><\/p>\n<p class=\"western\" align=\"justify\"><b><span style=\"color: #000000;\"><span style=\"font-family: Times New Roman, serif;\"><span style=\"font-size: medium;\"><span lang=\"fr-FR\">\u00ab\u00a0L\u00c0-BAS VU D\u2019ICI\u00a0\u00bb<\/span><\/span><\/span><\/span><\/b><\/p>\n<p class=\"western\" align=\"justify\"><span style=\"color: #000000;\"><span style=\"font-family: Times New Roman, serif;\"><span style=\"font-size: medium;\"><span lang=\"fr-FR\">Lorsqu\u2019il devient par trop \u00e9vident qu\u2019elle existe et qu\u2019il nous faut bon gr\u00e9, mal gr\u00e9, faire avec, nous nous tournons vers elle nous interrogeant sur sa nature. Mais essayant de comprendre \u00ab <\/span><\/span><\/span><\/span><span style=\"color: #000000;\"><span style=\"font-family: Times New Roman, serif;\"><span style=\"font-size: medium;\"><span lang=\"fr-FR\"><b>d&rsquo;ici<\/b><\/span><\/span><\/span><\/span><span style=\"color: #000000;\"><span style=\"font-family: Times New Roman, serif;\"><span style=\"font-size: medium;\"><span lang=\"fr-FR\"> \u00bb ce qui se passe \u00ab <\/span><\/span><\/span><\/span><span style=\"color: #000000;\"><span style=\"font-family: Times New Roman, serif;\"><span style=\"font-size: medium;\"><span lang=\"fr-FR\"><b>l\u00e0-bas<\/b><\/span><\/span><\/span><\/span><span style=\"color: #000000;\"><span style=\"font-family: Times New Roman, serif;\"><span style=\"font-size: medium;\"><span lang=\"fr-FR\"> \u00bb, nous fabriquons un \u00ab <\/span><\/span><\/span><\/span><span style=\"color: #000000;\"><span style=\"font-family: Times New Roman, serif;\"><span style=\"font-size: medium;\"><span lang=\"fr-FR\"><b>l\u00e0-bas<\/b><\/span><\/span><\/span><\/span><span style=\"color: #000000;\"><span style=\"font-family: Times New Roman, serif;\"><span style=\"font-size: medium;\"><span lang=\"fr-FR\"> \u00bb avec les mat\u00e9riaux \u00ab <\/span><\/span><\/span><\/span><span style=\"color: #000000;\"><span style=\"font-family: Times New Roman, serif;\"><span style=\"font-size: medium;\"><span lang=\"fr-FR\"><b>d&rsquo;ici<\/b><\/span><\/span><\/span><\/span><span style=\"color: #000000;\"><span style=\"font-family: Times New Roman, serif;\"><span style=\"font-size: medium;\"><span lang=\"fr-FR\"> \u00bb, nous concevons cette autre moiti\u00e9 \u00e0 partir de celle que nous connaissons, <\/span><\/span><\/span><\/span><span style=\"color: #000000;\"><span style=\"font-family: Times New Roman, serif;\"><span style=\"font-size: medium;\"><span lang=\"fr-FR\"><b>nous concevons l&rsquo;infini \u00e0 l&rsquo;image du fini <\/b><\/span><\/span><\/span><\/span><span style=\"color: #000000;\"><span style=\"font-family: Times New Roman, serif;\"><span style=\"font-size: medium;\"><span lang=\"fr-FR\">o\u00f9 nous nous trouvons.<\/span><\/span><\/span><\/span><\/p>\n<p class=\"western\" align=\"justify\"><span style=\"color: #000000;\"><span style=\"font-family: Times New Roman, serif;\"><span style=\"font-size: medium;\"><span lang=\"fr-FR\">Ainsi nous ne pouvons appr\u00e9hender l&rsquo;infini qu&rsquo;en termes de fini. L&rsquo;infini devenant de ce fait du <\/span><\/span><\/span><\/span><span style=\"color: #000000;\"><span style=\"font-family: Times New Roman, serif;\"><span style=\"font-size: medium;\"><span lang=\"fr-FR\"><b>FINI QUI N&rsquo;A PAS DE FIN<\/b><\/span><\/span><\/span><\/span><span style=\"color: #000000;\"><span style=\"font-family: Times New Roman, serif;\"><span style=\"font-size: medium;\"><span lang=\"fr-FR\">, quel vertige ! quel envol sans espoir, quelle chute sans fin ! Cela ne donne vraiment pas envie de s&rsquo;y aventurer, on est mieux l\u00e0 o\u00f9 l&rsquo;on est dans du <\/span><\/span><\/span><\/span><span style=\"color: #000000;\"><span style=\"font-family: Times New Roman, serif;\"><span style=\"font-size: medium;\"><span lang=\"fr-FR\"><b>FINI FINI<\/b><\/span><\/span><\/span><\/span><span style=\"color: #000000;\"><span style=\"font-family: Times New Roman, serif;\"><span style=\"font-size: medium;\"><span lang=\"fr-FR\">.<\/span><\/span><\/span><\/span><\/p>\n<p class=\"western\" align=\"justify\"><span style=\"color: #000000;\"><span style=\"font-family: Times New Roman, serif;\"><span style=\"font-size: medium;\"><span lang=\"fr-FR\">Mais ce concept et la crainte qui l&rsquo;accompagne sont dus \u00e0 une illusion qui r\u00e9side dans ce point de vue fini o\u00f9 nous nous retranchons. Car d\u00e8s que l&rsquo;on entre, d\u00e8s que notre esprit r\u00e9int\u00e8gre \u00ab <\/span><\/span><\/span><\/span><span style=\"color: #000000;\"><span style=\"font-family: Times New Roman, serif;\"><span style=\"font-size: medium;\"><span lang=\"fr-FR\"><b>notre<\/b><\/span><\/span><\/span><\/span><span style=\"color: #000000;\"><span style=\"font-family: Times New Roman, serif;\"><span style=\"font-size: medium;\"><span lang=\"fr-FR\"> \u00bb dimension infinie, les rep\u00e8res du fini disparaissent ; dispara\u00eet aussi cette impression de sans fin li\u00e9e \u00e0 eux. En fait lorsque l&rsquo;on quitte le fini, l&rsquo;on y laisse cet infini pr\u00e9fabriqu\u00e9 qui lui appartenait.<\/span><\/span><\/span><\/span><\/p>\n<p class=\"western\" align=\"justify\"><span style=\"color: #000000;\"><span style=\"font-family: Times New Roman, serif;\"><span style=\"font-size: medium;\"><span lang=\"fr-FR\"><b>\u00ab LE V\u00c9CU DE NOTRE INFINIT\u00c9 N&rsquo;EST PAS LA R\u00c9ALISATION ULTIME<\/b><\/span><\/span><\/span><\/span><span style=\"color: #000000;\"><span style=\"font-family: Times New Roman, serif;\"><span style=\"font-size: medium;\"><span lang=\"fr-FR\"> \u00bb<\/span><\/span><\/span><\/span><\/p>\n<p class=\"western\" align=\"justify\"><span style=\"color: #000000;\"><span style=\"font-family: Times New Roman, serif;\"><span style=\"font-size: medium;\"><span lang=\"fr-FR\">Le v\u00e9cu de l&rsquo;infinit\u00e9 est tout autre. Lorsque l&rsquo;on tente de d\u00e9crire cette exp\u00e9rience au retour dans le fini, l&rsquo;on rapporte des impressions de lib\u00e9ration et d&rsquo;extase accompagnant la dissolution de la dimension finie de \u00ab <\/span><\/span><\/span><\/span><span style=\"color: #000000;\"><span style=\"font-family: Times New Roman, serif;\"><span style=\"font-size: medium;\"><span lang=\"fr-FR\"><b>notre<\/b><\/span><\/span><\/span><\/span><span style=\"color: #000000;\"><span style=\"font-family: Times New Roman, serif;\"><span style=\"font-size: medium;\"><span lang=\"fr-FR\"> \u00bb esprit et de l&rsquo;ego qui s&rsquo;y cramponnait&#8230; d&rsquo;\u00e9tats d&rsquo;union, de fusion-amour r\u00e9sultant de la disparition des limites du fini qui s\u00e9parent.<\/span><\/span><\/span><\/span><\/p>\n<p class=\"western\" align=\"justify\"><span style=\"color: #000000;\"><span style=\"font-family: Times New Roman, serif;\"><span style=\"font-size: medium;\"><span lang=\"fr-FR\">Bien souvent l&rsquo;on consid\u00e8re ces \u00e9tats d&rsquo;\u00eatre comme l&rsquo;exp\u00e9rience supr\u00eame d&rsquo;acc\u00e8s au transcendant.<\/span><\/span><\/span><\/span><\/p>\n<p class=\"western\" align=\"justify\"><b><span style=\"color: #000000;\"><span style=\"font-family: Times New Roman, serif;\"><span style=\"font-size: medium;\"><span lang=\"fr-FR\">Il s&rsquo;agit l\u00e0 d&rsquo;une confusion, v\u00e9cue et perp\u00e9tu\u00e9e par certaine pratique mystique. Confusion qui, comme nous le verrons, entrave l&rsquo;ouverture \u00e0 la totalit\u00e9 d&rsquo;\u00eatre.<\/span><\/span><\/span><\/span><\/b><\/p>\n<p class=\"western\" align=\"justify\"><span style=\"color: #000000;\"><span style=\"font-family: Times New Roman, serif;\"><span style=\"font-size: medium;\"><span lang=\"fr-FR\">Il est en effet important de \u00ab <\/span><\/span><\/span><\/span><span style=\"color: #000000;\"><span style=\"font-family: Times New Roman, serif;\"><span style=\"font-size: medium;\"><span lang=\"fr-FR\"><b>comprendre<\/b><\/span><\/span><\/span><\/span><span style=\"color: #000000;\"><span style=\"font-family: Times New Roman, serif;\"><span style=\"font-size: medium;\"><span lang=\"fr-FR\"> \u00bb, d\u00e8s que l&rsquo;on vit ces \u00e9tats de conscience transpersonnel, qu\u2019ils ne sont pas produits par l\u2019exp\u00e9rience de l\u2019ultime r\u00e9el. Qu\u2019ils sont seulement l\u2019expression de l\u2019autre p\u00f4le de notre esprit, les effets produits par l\u2019actualisation de notre aspect infini.<\/span><\/span><\/span><\/span><\/p>\n<p class=\"western\" align=\"justify\"><span style=\"color: #000000;\"><span style=\"font-family: Times New Roman, serif;\"><span style=\"font-size: medium;\"><span lang=\"fr-FR\">En nous synchronisant sur l\u2019autre p\u00f4le du monde, nous avons bascul\u00e9 de l\u2019autre c\u00f4t\u00e9 et <\/span><\/span><\/span><\/span><span style=\"color: #000000;\"><span style=\"font-family: Times New Roman, serif;\"><span style=\"font-size: medium;\"><span lang=\"fr-FR\"><b>n\u2019avons nullement effectu\u00e9 l\u2019union des polaires, cet \u00e9tat d\u2019\u00e9quilibre parfait, ce centrage en dehors des conditions d\u2019o\u00f9 peut na\u00eetre l\u2019illumination<\/b><\/span><\/span><\/span><\/span><span style=\"color: #000000;\"><span style=\"font-family: Times New Roman, serif;\"><span style=\"font-size: medium;\"><span lang=\"fr-FR\">.<\/span><\/span><\/span><\/span><\/p>\n<p class=\"western\" align=\"justify\"><span style=\"color: #000000;\"><span style=\"font-family: Times New Roman, serif;\"><span style=\"font-size: medium;\"><span lang=\"fr-FR\">Nous n\u2019avons pas r\u00e9alis\u00e9 la totalit\u00e9 d\u2019\u00eatre, et, bien que ne ressentant plus de limites, notre exp\u00e9rience reste paradoxalement toujours fragmentaire. Ces \u00e9tats de conscience, toujours r\u00e9gis par le jeu des polaires, ne peuvent \u00eatre que temporaires.<\/span><\/span><\/span><\/span><\/p>\n<p class=\"western\" align=\"justify\"><span style=\"color: #000000;\"><span style=\"font-family: Times New Roman, serif;\"><span style=\"font-size: medium;\"><span lang=\"fr-FR\">Ce malentendu, cette croyance, sont renforc\u00e9s par l\u2019apparition de possibilit\u00e9s, de potentiels, inh\u00e9rents au p\u00f4le infini et que le p\u00f4le fini, p\u00f4le habituel de r\u00e9f\u00e9rence, ne peut reproduire et reconna\u00eet de ce fait comme des impossibilit\u00e9s, donc des miracles pour ceux qui les vivent, ces potentiels devenant ainsi des charismes.<\/span><\/span><\/span><\/span><\/p>\n<p class=\"western\" align=\"justify\"><span style=\"color: #000000;\"><span style=\"font-family: Times New Roman, serif;\"><span style=\"font-size: medium;\"><span lang=\"fr-FR\"><b>Alors que la manifestation de ces \u00ab\u00a0pouvoirs nouveaux\u00a0\u00bb est seulement le r\u00e9sultat de la conqu\u00eate de l\u2019autre moiti\u00e9 de \u00ab\u00a0nous-m\u00eames\u00a0\u00bb<\/b><\/span><\/span><\/span><\/span><span style=\"color: #000000;\"><span style=\"font-family: Times New Roman, serif;\"><span style=\"font-size: medium;\"><span lang=\"fr-FR\">, du r\u00e9el et des possibilit\u00e9s d\u2019interactions qui vont avec.<\/span><\/span><\/span><\/span><\/p>\n<p class=\"western\" align=\"justify\"><span style=\"color: #000000;\"><span style=\"font-family: Times New Roman, serif;\"><span style=\"font-size: medium;\"><span lang=\"fr-FR\">Le transcendant c\u2019est autre chose, quelque chose qui se trouve PAR DEL\u00c0 le Fini et Infini, <\/span><\/span><\/span><\/span><span style=\"color: #000000;\"><span style=\"font-family: Times New Roman, serif;\"><span style=\"font-size: medium;\"><span lang=\"fr-FR\"><b>par del\u00e0<\/b><\/span><\/span><\/span><\/span><span style=\"color: #000000;\"><span style=\"font-family: Times New Roman, serif;\"><span style=\"font-size: medium;\"><span lang=\"fr-FR\"> le paradoxe du jeu des polaires. Quelque chose qui peut difficilement \u00eatre abord\u00e9, tant que le charme nostalgique du p\u00f4le infini n\u2019a pas \u00e9t\u00e9 reconnu pour ce qu\u2019il est et ainsi d\u00e9samorc\u00e9.<\/span><\/span><\/span><\/span><\/p>\n<p class=\"western\" align=\"justify\"><b><span style=\"color: #000000;\"><span style=\"font-family: Times New Roman, serif;\"><span style=\"font-size: medium;\"><span lang=\"fr-FR\">\u00ab\u00a0D\u00c9CHIR\u00c9 RELIGIEUSEMENT PAR LE MILIEU\u00a0\u00bb<\/span><\/span><\/span><\/span><\/b><\/p>\n<p class=\"western\" align=\"justify\"><span style=\"color: #000000;\"><span style=\"font-family: Times New Roman, serif;\"><span style=\"font-size: medium;\"><span lang=\"fr-FR\">Il nous faut transcender le fini, mais aussi l\u2019infini. L\u2019un et l\u2019autre p\u00f4le du monde. <\/span><\/span><\/span><\/span><span style=\"color: #000000;\"><span style=\"font-family: Times New Roman, serif;\"><span style=\"font-size: medium;\"><span lang=\"fr-FR\"><b>Sinon la s\u00e9duction qu\u2019exerce l\u2019actualisation de la dimension infinie est telle, qu\u2019elle risque de nous fasciner et de nous absorber compl\u00e8tement.<\/b><\/span><\/span><\/span><\/span><\/p>\n<p class=\"western\" align=\"justify\"><span style=\"color: #000000;\"><span style=\"font-family: Times New Roman, serif;\"><span style=\"font-size: medium;\"><span lang=\"fr-FR\">L\u2019on a enfin retrouv\u00e9 ce bout manquant que l\u2019on essayait en vain de combler, en hypertrophiant celui dont on disposait, maintenant qu\u2019on l\u2019a retrouv\u00e9, on ne veut plus le perdre.<\/span><\/span><\/span><\/span><\/p>\n<p class=\"western\" align=\"justify\"><span style=\"color: #000000;\"><span style=\"font-family: Times New Roman, serif;\"><span style=\"font-size: medium;\"><span lang=\"fr-FR\">L\u2019on s\u2019y cramponne pour ne pas retomber dans cet autre p\u00f4le dont on a eu tant de mal \u00e0 s\u2019extraire et qui, d\u00e9j\u00e0, nous r\u00e9clame. Et nous voil\u00e0 inconsciemment install\u00e9s dans la situation inverse, habitant maintenant dans le p\u00f4le d\u2019en face et convaincus que l\u2019on a atteint l\u2019ultime, nous sommes pr\u00eats \u00e0 pr\u00e9sent, \u00e0 rejeter avec la m\u00eame intol\u00e9rance notre aspect fini et tout ce qui semble le caract\u00e9riser\u00a0; la mati<\/span><\/span><\/span><\/span><span style=\"color: #000000;\"><span style=\"font-family: Times New Roman, serif;\"><span style=\"font-size: medium;\"><span lang=\"fr-FR\">\u00e8r<\/span><\/span><\/span><\/span><span style=\"color: #000000;\"><span style=\"font-family: Times New Roman, serif;\"><span style=\"font-size: medium;\"><span lang=\"fr-FR\">e, le corps, les plaisirs du c<\/span><\/span><\/span><\/span><span style=\"color: #000000;\"><span style=\"font-family: Times New Roman, serif;\"><span style=\"font-size: medium;\"><span lang=\"fr-FR\">o<\/span><\/span><\/span><\/span><span style=\"color: #000000;\"><span style=\"font-family: Times New Roman, serif;\"><span style=\"font-size: medium;\"><span lang=\"fr-FR\">rps, les <\/span><\/span><\/span><\/span><span style=\"color: #000000;\"><span style=\"font-family: Times New Roman, serif;\"><span style=\"font-size: medium;\"><span lang=\"fr-FR\"><b>\u00ab\u00a0biens de ce monde\u00a0\u00bb\u2026 Continuant, religieusement cette fois, \u00e0 nous d\u00e9chirer par le milieu<\/b><\/span><\/span><\/span><\/span><span style=\"color: #000000;\"><span style=\"font-family: Times New Roman, serif;\"><span style=\"font-size: medium;\"><span lang=\"fr-FR\">.<\/span><\/span><\/span><\/span><\/p>\n<p class=\"western\" align=\"justify\"><b><span style=\"color: #000000;\"><span style=\"font-family: Times New Roman, serif;\"><span style=\"font-size: medium;\"><span lang=\"fr-FR\">\u00ab\u00a0REDEVENIR ENTIER\u00a0\u00bb<\/span><\/span><\/span><\/span><\/b><\/p>\n<p class=\"western\" align=\"justify\"><span style=\"color: #000000;\"><span style=\"font-family: Times New Roman, serif;\"><span style=\"font-size: medium;\"><span lang=\"fr-FR\">Alors qu\u2019il n\u2019y a rien \u00e0 rejeter, l\u2019impression de clivage et de contradiction entre ces deux \u00e9tats d\u2019\u00eatre r\u00e9sulte seulement de notre vision courte.<\/span><\/span><\/span><\/span><\/p>\n<p class=\"western\" align=\"justify\"><span style=\"color: #000000;\"><span style=\"font-family: Times New Roman, serif;\"><span style=\"font-size: medium;\"><span lang=\"fr-FR\">Il n\u2019y a pas de dichotomie, il s\u2019agit plut\u00f4t d\u2019une dialectique, d\u2019une respiration, <\/span><\/span><\/span><\/span><span style=\"color: #000000;\"><span style=\"font-family: Times New Roman, serif;\"><span style=\"font-size: medium;\"><span lang=\"fr-FR\"><b>l\u2019unit\u00e9 vivante respire aux rythmes des polaires.<\/b><\/span><\/span><\/span><\/span><\/p>\n<p class=\"western\" align=\"justify\"><span style=\"color: #000000;\"><span style=\"font-family: Times New Roman, serif;\"><span style=\"font-size: medium;\"><span lang=\"fr-FR\">Ainsi choisir entre fini ou infini, corps ou esprit, rationnel ou irrationnel, action ou contemplation, est tout aussi absurde, que de choisir entre inspirer et expirer.<\/span><\/span><\/span><\/span><\/p>\n<p class=\"western\" align=\"justify\"><span style=\"color: #000000;\"><span style=\"font-family: Times New Roman, serif;\"><span style=\"font-size: medium;\"><span lang=\"fr-FR\">Comme si sous pr\u00e9texte que l\u2019inspiration RAPPORTE PLUS d\u2019air, l\u2019on d\u00e9cidait d\u2019inspirer en permanence et de ne plus jamais expirer. En disant \u00ab\u00a0l\u2019on n\u2019a pas de TEMPS <\/span><\/span><\/span><\/span><span style=\"color: #000000;\"><span style=\"font-family: Times New Roman, serif;\"><span style=\"font-size: medium;\"><span lang=\"fr-FR\">\u00c0<\/span><\/span><\/span><\/span><span style=\"color: #000000;\"><span style=\"font-family: Times New Roman, serif;\"><span style=\"font-size: medium;\"><span lang=\"fr-FR\"> PERDRE \u00e0 expirer, venons-en au fait, l\u2019important pour vivre c\u2019est l\u2019oxyg\u00e8ne\u00a0? Bon, alors inspirons, en permanence, c\u2019est, tout B\u00c9N\u00c9FICE\u00a0\u00bb.<\/span><\/span><\/span><\/span><\/p>\n<p class=\"western\" align=\"justify\"><span style=\"color: #000000;\"><span style=\"font-family: Times New Roman, serif;\"><span style=\"font-size: medium;\"><span lang=\"fr-FR\">Oh\u00a0! nous n\u2019\u00e9claterions pas pour autant, l\u2019\u00e9quilibre des contraires tenterait de se r\u00e9tablir en douce, nous faisant expirer \u00e0 l\u2019insu de nous-m\u00eames, en \u00e9clipsant notre conscience le temps de cette expiration.<\/span><\/span><\/span><\/span><\/p>\n<p class=\"western\" align=\"justify\"><span style=\"color: #000000;\"><span style=\"font-family: Times New Roman, serif;\"><span style=\"font-size: medium;\"><span lang=\"fr-FR\">Mais nous resterions tout de m\u00eame d\u00e9s\u00e9quilibr\u00e9s, cette expirations refoul\u00e9e ne pouvant se faire librement, resterait peu profonde et les poumons toujours engorg\u00e9s d\u2019air us\u00e9, ne rempliraient m\u00eame plus convenablement cette inspiration tant convoit\u00e9e.<\/span><\/span><\/span><\/span><\/p>\n<p class=\"western\" align=\"justify\"><span style=\"color: #000000;\"><span style=\"font-family: Times New Roman, serif;\"><span style=\"font-size: medium;\"><span lang=\"fr-FR\">Ou bien encore, \u00e0 l\u2019inverse, d\u2019autres pourraient dire\u00a0: l\u2019inspiration n\u2019est que D\u00c9SIR d\u2019appropriation de l\u2019air, qui finit toujours d\u2019ailleurs par se retourner contre nous, en se transformant en gaz carbonique toxique. L\u2019important c\u2019est donc l\u2019expiration, car par cet acte nous rejetons les toxines, les SOUILLURES, par cet acte nous nous purifions, par le SACRIFICE permanent du contenu de nos poumons, nous arriverons \u00e0 la PURET\u00c9 ABSOLUE.<\/span><\/span><\/span><\/span><\/p>\n<p class=\"western\" align=\"justify\"><span style=\"color: #000000;\"><span style=\"font-family: Times New Roman, serif;\"><span style=\"font-size: medium;\"><span lang=\"fr-FR\">Ces deux comportements sont compl\u00e8tement aberrants bien s\u00fbr\u00a0; il est bien \u00e9vident qu\u2019aucun des deux ne respire totalement.<\/span><\/span><\/span><\/span><\/p>\n<p class=\"western\" align=\"justify\"><span style=\"color: #000000;\"><span style=\"font-family: Times New Roman, serif;\"><span style=\"font-size: medium;\"><span lang=\"fr-FR\">Respirer, c\u2019est expirer et inspirer, les deux sont indissociables, ils viennent en leur temps en s\u2019engendrant mutuellement.<\/span><\/span><\/span><\/span><\/p>\n<p class=\"western\" align=\"justify\"><span style=\"color: #000000;\"><span style=\"font-family: Times New Roman, serif;\"><span style=\"font-size: medium;\"><span lang=\"fr-FR\">Pourtant, ces comportements si aberrants ne nous sont-ils pas \u00e9trangement familiers\u00a0?<\/span><\/span><\/span><\/span><\/p>\n<p class=\"western\" align=\"justify\"><span style=\"color: #000000;\"><span style=\"font-family: Times New Roman, serif;\"><span style=\"font-size: medium;\"><span lang=\"fr-FR\">N\u2019avons-nous pas\u00a0? D\u2019un c\u00f4t\u00e9 des gens qui privil\u00e9gient la raison, la logique, le rationnel. Des sp\u00e9cialistes, chercheurs bien pensants. Et de l\u2019autre, ceux qui privil\u00e9gient les sentiments, les sensations, l\u2019irrationnel. Des intuitifs, po\u00e8tes, r\u00eaveurs, savants fous et autres fous de Dieu. N\u2019avons-nous. pas\u00a0? D\u2019un c\u00f4t\u00e9 les Sciences, de l\u2019autre les Arts\u00a0?<\/span><\/span><\/span><\/span><\/p>\n<p class=\"western\" align=\"justify\"><span style=\"color: #000000;\"><span style=\"font-family: Times New Roman, serif;\"><span style=\"font-size: medium;\"><span lang=\"fr-FR\">D\u2019une certaine mani\u00e8re le group<\/span><\/span><\/span><\/span><span style=\"color: #000000;\"><span style=\"font-family: Times New Roman, serif;\"><span style=\"font-size: medium;\"><span lang=\"fr-FR\">e<\/span><\/span><\/span><\/span><span style=\"color: #000000;\"><span style=\"font-family: Times New Roman, serif;\"><span style=\"font-size: medium;\"><span lang=\"fr-FR\"> social respire tant qu\u2019il contient des \u00eatres qui expirent et d\u2019autres qui inspirent. Mais chacun de ces individus pris s\u00e9par\u00e9ment est incomplet, car c\u2019est au sein de l\u2019\u00eatre m\u00eame que doit se r\u00e9aliser cette dialectique, ce flux et ce reflux vital.<\/span><\/span><\/span><\/span><\/p>\n<p class=\"western\" align=\"justify\"><b><span style=\"color: #000000;\"><span style=\"font-family: Times New Roman, serif;\"><span style=\"font-size: medium;\"><span lang=\"fr-FR\">Redevenir entier, c\u2019est \u00eatre tout \u00e0 la fois, rationnel et irrationnel, logique et intuitif, sceptique et croyant.<\/span><\/span><\/span><\/span><\/b><\/p>\n<p class=\"western\" align=\"justify\"><span style=\"color: #000000;\"><span style=\"font-family: Times New Roman, serif;\"><span style=\"font-size: medium;\"><span lang=\"fr-FR\">Au niveau des perceptions cela se traduit entre autres, par une capacit\u00e9 \u00e0 focaliser et d\u00e9focaliser notre attention.<\/span><\/span><\/span><\/span><\/p>\n<p class=\"western\" align=\"justify\"><span style=\"color: #000000;\"><span style=\"font-family: Times New Roman, serif;\"><span style=\"font-size: medium;\"><span lang=\"fr-FR\">Il y a en effet, une premi\u00e8re phase de focalisation li\u00e9e tout particuli\u00e8rement aux besoins de survie et de buts, qui r\u00e9clament que nous concentrions notre attention sur une information tr\u00e8s ponctuelle, limit\u00e9e avec pr\u00e9cision \u00e0 l\u2019acte de survie, au but \u00e0 atteindre. Tout ce qui ne semble pas concerner cet acte est consid\u00e9r\u00e9 comme inutile, donc rejet\u00e9, exclu de notre conscience.<\/span><\/span><\/span><\/span><\/p>\n<p class=\"western\" align=\"justify\"><span style=\"color: #000000;\"><span style=\"font-family: Times New Roman, serif;\"><span style=\"font-size: medium;\"><span lang=\"fr-FR\">Cette premi\u00e8re phase est une phase de tension\u00a0; elle appelle pour compl\u00e9ment une phase de d\u00e9tente, de d\u00e9focalisation, o\u00f9 nos sens s\u2019ouvrent alors, tous azimuts, captant toutes informations, sans choix, sans but, sans exclusion.<\/span><\/span><\/span><\/span><\/p>\n<p class=\"western\" align=\"justify\"><span style=\"color: #000000;\"><span style=\"font-family: Times New Roman, serif;\"><span style=\"font-size: medium;\"><span lang=\"fr-FR\">L\u2019on se laisse surprendre et \u00e9tonner, l\u2019on est maintenant dans l\u2019acte m\u00eame de voir, sans autre motivation que la perception pour elle-m\u00eame.<\/span><\/span><\/span><\/span><\/p>\n<p class=\"western\" align=\"justify\"><span style=\"color: #000000;\"><span style=\"font-family: Times New Roman, serif;\"><span style=\"font-size: medium;\"><span lang=\"fr-FR\">Alors ce qui n\u2019avait \u00ab\u00a0<\/span><\/span><\/span><\/span><span style=\"color: #000000;\"><span style=\"font-family: Times New Roman, serif;\"><span style=\"font-size: medium;\"><span lang=\"fr-FR\"><b>rien \u00e0 voir<\/b><\/span><\/span><\/span><\/span><span style=\"color: #000000;\"><span style=\"font-family: Times New Roman, serif;\"><span style=\"font-size: medium;\"><span lang=\"fr-FR\">\u00a0\u00bb, cet inutile laiss\u00e9 de c\u00f4t\u00e9 lors de la focalisation, peut appara\u00eetre et d\u00e8s qu\u2019il appara\u00eet l\u2019on sait, que l\u2019inutile n\u2019est pas inutile.<\/span><\/span><\/span><\/span><\/p>\n<p class=\"western\" align=\"center\"><span style=\"font-family: Times New Roman, serif;\"><span style=\"font-size: medium;\">_________________________<\/span><\/span><\/p>\n<h1 class=\"western\" align=\"justify\"><span style=\"color: #111111;\"><span style=\"font-family: Times New Roman, serif;\"><span style=\"font-size: medium;\"><b>Michel-Laurent DIOPTAZ<\/b><\/span><\/span><\/span><\/h1>\n<p class=\"western\" align=\"justify\"><span style=\"color: #111111;\"><span style=\"font-family: Times New Roman, serif;\"><span style=\"font-size: medium;\">\u00c0 17\u00a0ans, parall\u00e8lement \u00e0 ses \u00e9tudes \u00e0 l\u2019\u00c9cole Nationale Sup\u00e9rieure des Arts Appliqu\u00e9s, M-L. Dioptaz s\u2019invente une \u00e9criture id\u00e9ographique lui permettant de rapporter de l\u2019information de \u00ab\u00a0ces strates de r\u00e9alit\u00e9 o\u00f9 les mots ne peuvent plus nous suivre\u00a0\u00bb. Cette recherche donnera lieu, quelques ann\u00e9es plus tard, \u00e0 son premier livre\u00a0: \u00ab\u00a0<\/span><\/span><\/span><span style=\"color: #111111;\"><span style=\"font-family: Times New Roman, serif;\"><span style=\"font-size: medium;\"><i>N\u0153uds de vie<\/i><\/span><\/span><\/span><span style=\"color: #111111;\"><span style=\"font-family: Times New Roman, serif;\"><span style=\"font-size: medium;\">\u00a0\u00bb (\u00e9d. B. Diffusion, 1975). Dans le m\u00eame temps, il se distingue comme cr\u00e9ateur de mod\u00e8les. En 1970, le Victoria and Albert Museum s\u00e9lectionne l\u2019un de ses si\u00e8ges pour une exposition regroupant \u00ab\u00a0Les 120\u00a0meilleurs si\u00e8ges du monde des 50\u00a0derni\u00e8res ann\u00e9es\u00a0\u00bb. \u00c0 21\u00a0ans, il entre dans l\u2019encyclop\u00e9die \u00ab\u00a0QUID\u00a0\u00bb comme l\u2019un des p\u00e8res du style Design. \u00c0 la m\u00eame p\u00e9riode, alors qu\u2019il r\u00e9alisait des illustrations m\u00e9dicales pour une revue, il a l\u2019occasion de tenir entre ses mains un faisceau de fibres optiques. \u00c0 l\u2019\u00e9poque, ces fibres n\u2019\u00e9taient utilis\u00e9es que pour des technologies de pointe et totalement inconnus du grand public. Fascin\u00e9 par le fait que l\u2019on puisse \u00ab\u00a0palper la sensation optique et sculpter la lumi\u00e8re avec les mains\u00a0\u00bb, il r\u00e9alise avec ces fibres des sculptures lumineuses mouvantes qui seront pr\u00e9sent\u00e9es en 1971 au pavillon Marsan du mus\u00e9e du Louvre. Une photo de ces sculptures fera la couverture de \u00ab\u00a0BNF\u00a0\u00bb, revue \u00e9dit\u00e9 par les relations culturelles des affaires \u00e9trang\u00e8res, publi\u00e9e dans une dizaine de langues\u2026 l\u2019id\u00e9e se r\u00e9pandra dans le monde entier. Il se manifeste comme peintre, sculpteur, illustrateur\u2026 En 1975, il obtient son poin\u00e7on de Ma\u00eetre d\u2019Orf\u00e8vre, et un bijoutier parisien lui ouvre alors une collection \u00e0 son nom. D\u00e8s la premi\u00e8re ann\u00e9e, il remporte un prix international au Bijorhca. C\u2019est lors de la gestation d\u2019un ouvrage qu\u2019il appellera\u00a0: \u00ab\u00a0<\/span><\/span><\/span><span style=\"color: #111111;\"><span style=\"font-family: Times New Roman, serif;\"><span style=\"font-size: medium;\"><i>Le livre des rencontres\u00a0<\/i><\/span><\/span><\/span><span style=\"color: #111111;\"><span style=\"font-family: Times New Roman, serif;\"><span style=\"font-size: medium;\">\u00bb (\u00e9ditions \u00ab\u00a0Artefact\u00a0\u00bb 1974) que\u00a0: \u00ab\u00a0La mani\u00e8re dont la cr\u00e9ativit\u00e9 se manifesta \u00e0 mon endroit, cassa totalement ma perception du r\u00e9el tel qu\u2019on me l\u2019avait appris. L\u2019\u00e9vidence que les Arts \u00e9taient l\u2019expression de \u201cquelque chose\u201d de plus important qu\u2019eux, devint telle que cela prit pour moi le pas sur tout le reste. J\u2019en vins \u00e0 me tourner essentiellement vers ce \u201cquelque chose\u201d plut\u00f4t que vers les applications et manifestations de l\u2019Art, qui m\u2019apparurent alors comme de simples effets de surface. Ne se reconnaissant plus vraiment dans les motivations des artistes, il part \u00e0 la rencontre de ce qu\u2019il pense \u00eatre ses semblables\u00a0: les Chamans. Cela le m\u00e8ne aux Philippines, en Indon\u00e9sie, en Amazonie. Depuis lors, il se consacre \u00e0 l\u2019exploration des espaces de conscience et d\u2019humanit\u00e9 qu\u2019ouvre la pratique des Arts. En 1978, il invente le \u201cTRANS-ART\u201d dans l\u2019esprit duquel il anime depuis r\u00e9guli\u00e8rement des stages. Utilisant l\u2019argile comme alli\u00e9e, il a mis en place des processus auto-enseignants faisant appara\u00eetre des \u00e9tats de vigilance synesth\u00e9sique, o\u00f9 \u201cTout \u00e0 la fois r\u00e9ceptif et cr\u00e9atif\u00a0; formes, sons, danses, couleurs, images\u2026 entrent en r\u00e9sonance et se confondent en une seule et m\u00eame pratique, une seule et m\u00eame m\u00e9ditation.\u201d. 1984. Dans le cadre du Trans-Art, il con\u00e7oit les techniques \u201cTrans-Paradoxales\u201d, recherches qu\u2019il d\u00e9veloppe toujours actuellement. 1985. Il r\u00e9dige son ouvrage \u201c<\/span><\/span><\/span><span style=\"color: #111111;\"><span style=\"font-family: Times New Roman, serif;\"><span style=\"font-size: medium;\"><i>Le silence qui parle\u201d<\/i><\/span><\/span><\/span><span style=\"color: #111111;\"><span style=\"font-family: Times New Roman, serif;\"><span style=\"font-size: medium;\"> (\u00e9ditions Le Souffle d\u2019Or, 1991, r\u00e9\u00e9dition 1993) 1990. Toujours dans le m\u00eame esprit, cr\u00e9e des groupes pour l\u2019apprentissage et la compr\u00e9hension du Yi-King \u00e0 travers le v\u00e9cu de la danse, des sons et l\u2019expression plastique (le\u00a0Yi-king-Vivant). En 1993, il r\u00e9alise des animations Trans-Art au centre p\u00e9nitentiaire pour Femmes, de Rennes. Le livre \u201c<\/span><\/span><\/span><span style=\"color: #111111;\"><span style=\"font-family: Times New Roman, serif;\"><span style=\"font-size: medium;\"><i>Sarbacana\u201d<\/i><\/span><\/span><\/span><span style=\"color: #111111;\"><span style=\"font-family: Times New Roman, serif;\"><span style=\"font-size: medium;\"> est n\u00e9 et participe de toutes ces recherches.<\/span><\/span><\/span><\/p>\n<p class=\"western\" align=\"justify\"><span style=\"font-family: Times New Roman, serif;\"><span style=\"font-size: medium;\">Site\u00a0: <\/span><\/span><span style=\"color: #000080;\"><u><a href=\"https:\/\/www.sarbacana.org\/\" target=\"_blank\" rel=\"noopener\"><span style=\"font-family: Times New Roman, serif;\"><span style=\"font-size: medium;\">https:\/\/www.sarbacana.org\/<\/span><\/span><\/a><\/u><\/span><\/p>\n","protected":false},"excerpt":{"rendered":"<p>(Revue 3e\u00a0Mill\u00e9naire. Ancienne s\u00e9rie. No\u00a018. Janvier\/f\u00e9vrier 1985) Par notre \u00e9ducation, en famille et \u00e0 l\u2019\u00e9cole, nous nous sommes laiss\u00e9s enfermer dans une r\u00e9alit\u00e9 r\u00e9tr\u00e9cie. Cette r\u00e9alit\u00e9 r\u00e9tr\u00e9cie, nous la cr\u00e9ons et la maintenons sans cesse r\u00e9p\u00e9titive. De ce fait, nous nous amputons d\u2019une partie de nous-m\u00eames, aveugles \u00e0 toutes les autres r\u00e9alit\u00e9s de la vie. [&hellip;]<\/p>\n","protected":false},"author":2,"featured_media":18314,"comment_status":"closed","ping_status":"closed","sticky":false,"template":"","format":"standard","meta":{"footnotes":""},"categories":[1014],"tags":[136,37,1449,1450,54],"class_list":["post-20117","post","type-post","status-publish","format-standard","has-post-thumbnail","hentry","category-essais","tag-connaissance-de-soi","tag-conscience","tag-exterieur","tag-interieur","tag-realite"],"yoast_head":"<!-- This site is optimized with the Yoast SEO plugin v27.0 - https:\/\/yoast.com\/product\/yoast-seo-wordpress\/ -->\n<title>Nous sommes des cr\u00e9ateurs de r\u00e9alit\u00e9s par Michel-Laurent Dioptaz - 3e mill\u00e9naire - Spiritualit\u00e9 - Connaissance de soi - Non-dualit\u00e9 - M\u00e9ditation<\/title>\n<meta name=\"robots\" content=\"index, follow, max-snippet:-1, max-image-preview:large, max-video-preview:-1\" \/>\n<link rel=\"canonical\" href=\"https:\/\/www.revue3emillenaire.com\/blog\/nous-sommes-des-createurs-de-realites-par-michel-laurent-dioptaz\/\" \/>\n<meta property=\"og:locale\" content=\"fr_FR\" \/>\n<meta property=\"og:type\" content=\"article\" \/>\n<meta property=\"og:title\" content=\"Nous sommes des cr\u00e9ateurs de r\u00e9alit\u00e9s par Michel-Laurent Dioptaz - 3e mill\u00e9naire - Spiritualit\u00e9 - Connaissance de soi - Non-dualit\u00e9 - M\u00e9ditation\" \/>\n<meta property=\"og:description\" content=\"(Revue 3e\u00a0Mill\u00e9naire. Ancienne s\u00e9rie. No\u00a018. Janvier\/f\u00e9vrier 1985) Par notre \u00e9ducation, en famille et \u00e0 l\u2019\u00e9cole, nous nous sommes laiss\u00e9s enfermer dans une r\u00e9alit\u00e9 r\u00e9tr\u00e9cie. Cette r\u00e9alit\u00e9 r\u00e9tr\u00e9cie, nous la cr\u00e9ons et la maintenons sans cesse r\u00e9p\u00e9titive. De ce fait, nous nous amputons d\u2019une partie de nous-m\u00eames, aveugles \u00e0 toutes les autres r\u00e9alit\u00e9s de la vie. [&hellip;]\" \/>\n<meta property=\"og:url\" content=\"https:\/\/www.revue3emillenaire.com\/blog\/nous-sommes-des-createurs-de-realites-par-michel-laurent-dioptaz\/\" \/>\n<meta property=\"og:site_name\" content=\"3e mill\u00e9naire - Spiritualit\u00e9 - Connaissance de soi - Non-dualit\u00e9 - M\u00e9ditation\" \/>\n<meta property=\"article:published_time\" content=\"2024-08-10T23:27:16+00:00\" \/>\n<meta property=\"article:modified_time\" content=\"2024-08-10T23:29:33+00:00\" \/>\n<meta property=\"og:image\" content=\"https:\/\/www.revue3emillenaire.com\/blog\/wp-content\/uploads\/2021\/01\/3e-Mill\u00e9naire.png\" \/>\n\t<meta property=\"og:image:width\" content=\"365\" \/>\n\t<meta property=\"og:image:height\" content=\"122\" \/>\n\t<meta property=\"og:image:type\" content=\"image\/png\" \/>\n<meta name=\"author\" content=\"3e mill\u00e9naire\" \/>\n<meta name=\"twitter:card\" content=\"summary_large_image\" \/>\n<meta name=\"twitter:label1\" content=\"\u00c9crit par\" \/>\n\t<meta name=\"twitter:data1\" content=\"3e mill\u00e9naire\" \/>\n\t<meta name=\"twitter:label2\" content=\"Dur\u00e9e de lecture estim\u00e9e\" \/>\n\t<meta name=\"twitter:data2\" content=\"29 minutes\" \/>\n<script type=\"application\/ld+json\" class=\"yoast-schema-graph\">{\"@context\":\"https:\/\/schema.org\",\"@graph\":[{\"@type\":\"Article\",\"@id\":\"https:\/\/www.revue3emillenaire.com\/blog\/nous-sommes-des-createurs-de-realites-par-michel-laurent-dioptaz\/#article\",\"isPartOf\":{\"@id\":\"https:\/\/www.revue3emillenaire.com\/blog\/nous-sommes-des-createurs-de-realites-par-michel-laurent-dioptaz\/\"},\"author\":{\"name\":\"3e mill\u00e9naire\",\"@id\":\"https:\/\/www.revue3emillenaire.com\/blog\/#\/schema\/person\/b692dacff720a5344a6190bc714397eb\"},\"headline\":\"Nous sommes des cr\u00e9ateurs de r\u00e9alit\u00e9s par Michel-Laurent Dioptaz\",\"datePublished\":\"2024-08-10T23:27:16+00:00\",\"dateModified\":\"2024-08-10T23:29:33+00:00\",\"mainEntityOfPage\":{\"@id\":\"https:\/\/www.revue3emillenaire.com\/blog\/nous-sommes-des-createurs-de-realites-par-michel-laurent-dioptaz\/\"},\"wordCount\":6254,\"image\":{\"@id\":\"https:\/\/www.revue3emillenaire.com\/blog\/nous-sommes-des-createurs-de-realites-par-michel-laurent-dioptaz\/#primaryimage\"},\"thumbnailUrl\":\"https:\/\/www.revue3emillenaire.com\/blog\/wp-content\/uploads\/2021\/01\/3e-Mill\u00e9naire.png\",\"keywords\":[\"connaissance de soi\",\"Conscience\",\"Ext\u00e9rieur\",\"Int\u00e9rieur\",\"R\u00e9alit\u00e9\"],\"articleSection\":[\"Essais\"],\"inLanguage\":\"fr-FR\"},{\"@type\":\"WebPage\",\"@id\":\"https:\/\/www.revue3emillenaire.com\/blog\/nous-sommes-des-createurs-de-realites-par-michel-laurent-dioptaz\/\",\"url\":\"https:\/\/www.revue3emillenaire.com\/blog\/nous-sommes-des-createurs-de-realites-par-michel-laurent-dioptaz\/\",\"name\":\"Nous sommes des cr\u00e9ateurs de r\u00e9alit\u00e9s par Michel-Laurent Dioptaz - 3e mill\u00e9naire - Spiritualit\u00e9 - Connaissance de soi - Non-dualit\u00e9 - M\u00e9ditation\",\"isPartOf\":{\"@id\":\"https:\/\/www.revue3emillenaire.com\/blog\/#website\"},\"primaryImageOfPage\":{\"@id\":\"https:\/\/www.revue3emillenaire.com\/blog\/nous-sommes-des-createurs-de-realites-par-michel-laurent-dioptaz\/#primaryimage\"},\"image\":{\"@id\":\"https:\/\/www.revue3emillenaire.com\/blog\/nous-sommes-des-createurs-de-realites-par-michel-laurent-dioptaz\/#primaryimage\"},\"thumbnailUrl\":\"https:\/\/www.revue3emillenaire.com\/blog\/wp-content\/uploads\/2021\/01\/3e-Mill\u00e9naire.png\",\"datePublished\":\"2024-08-10T23:27:16+00:00\",\"dateModified\":\"2024-08-10T23:29:33+00:00\",\"author\":{\"@id\":\"https:\/\/www.revue3emillenaire.com\/blog\/#\/schema\/person\/b692dacff720a5344a6190bc714397eb\"},\"breadcrumb\":{\"@id\":\"https:\/\/www.revue3emillenaire.com\/blog\/nous-sommes-des-createurs-de-realites-par-michel-laurent-dioptaz\/#breadcrumb\"},\"inLanguage\":\"fr-FR\",\"potentialAction\":[{\"@type\":\"ReadAction\",\"target\":[\"https:\/\/www.revue3emillenaire.com\/blog\/nous-sommes-des-createurs-de-realites-par-michel-laurent-dioptaz\/\"]}]},{\"@type\":\"ImageObject\",\"inLanguage\":\"fr-FR\",\"@id\":\"https:\/\/www.revue3emillenaire.com\/blog\/nous-sommes-des-createurs-de-realites-par-michel-laurent-dioptaz\/#primaryimage\",\"url\":\"https:\/\/www.revue3emillenaire.com\/blog\/wp-content\/uploads\/2021\/01\/3e-Mill\u00e9naire.png\",\"contentUrl\":\"https:\/\/www.revue3emillenaire.com\/blog\/wp-content\/uploads\/2021\/01\/3e-Mill\u00e9naire.png\",\"width\":365,\"height\":122},{\"@type\":\"BreadcrumbList\",\"@id\":\"https:\/\/www.revue3emillenaire.com\/blog\/nous-sommes-des-createurs-de-realites-par-michel-laurent-dioptaz\/#breadcrumb\",\"itemListElement\":[{\"@type\":\"ListItem\",\"position\":1,\"name\":\"Accueil\",\"item\":\"https:\/\/www.revue3emillenaire.com\/blog\/\"},{\"@type\":\"ListItem\",\"position\":2,\"name\":\"Nous sommes des cr\u00e9ateurs de r\u00e9alit\u00e9s par Michel-Laurent Dioptaz\"}]},{\"@type\":\"WebSite\",\"@id\":\"https:\/\/www.revue3emillenaire.com\/blog\/#website\",\"url\":\"https:\/\/www.revue3emillenaire.com\/blog\/\",\"name\":\"3e mill\u00e9naire - Spiritualit\u00e9 - Connaissance de soi - Non-dualit\u00e9 - M\u00e9ditation\",\"description\":\"L&#039;Homme en devenir\",\"potentialAction\":[{\"@type\":\"SearchAction\",\"target\":{\"@type\":\"EntryPoint\",\"urlTemplate\":\"https:\/\/www.revue3emillenaire.com\/blog\/?s={search_term_string}\"},\"query-input\":{\"@type\":\"PropertyValueSpecification\",\"valueRequired\":true,\"valueName\":\"search_term_string\"}}],\"inLanguage\":\"fr-FR\"},{\"@type\":\"Person\",\"@id\":\"https:\/\/www.revue3emillenaire.com\/blog\/#\/schema\/person\/b692dacff720a5344a6190bc714397eb\",\"name\":\"3e mill\u00e9naire\",\"url\":\"https:\/\/www.revue3emillenaire.com\/blog\/author\/scoussa\/\"}]}<\/script>\n<!-- \/ Yoast SEO plugin. -->","yoast_head_json":{"title":"Nous sommes des cr\u00e9ateurs de r\u00e9alit\u00e9s par Michel-Laurent Dioptaz - 3e mill\u00e9naire - Spiritualit\u00e9 - Connaissance de soi - Non-dualit\u00e9 - M\u00e9ditation","robots":{"index":"index","follow":"follow","max-snippet":"max-snippet:-1","max-image-preview":"max-image-preview:large","max-video-preview":"max-video-preview:-1"},"canonical":"https:\/\/www.revue3emillenaire.com\/blog\/nous-sommes-des-createurs-de-realites-par-michel-laurent-dioptaz\/","og_locale":"fr_FR","og_type":"article","og_title":"Nous sommes des cr\u00e9ateurs de r\u00e9alit\u00e9s par Michel-Laurent Dioptaz - 3e mill\u00e9naire - Spiritualit\u00e9 - Connaissance de soi - Non-dualit\u00e9 - M\u00e9ditation","og_description":"(Revue 3e\u00a0Mill\u00e9naire. Ancienne s\u00e9rie. No\u00a018. Janvier\/f\u00e9vrier 1985) Par notre \u00e9ducation, en famille et \u00e0 l\u2019\u00e9cole, nous nous sommes laiss\u00e9s enfermer dans une r\u00e9alit\u00e9 r\u00e9tr\u00e9cie. Cette r\u00e9alit\u00e9 r\u00e9tr\u00e9cie, nous la cr\u00e9ons et la maintenons sans cesse r\u00e9p\u00e9titive. De ce fait, nous nous amputons d\u2019une partie de nous-m\u00eames, aveugles \u00e0 toutes les autres r\u00e9alit\u00e9s de la vie. [&hellip;]","og_url":"https:\/\/www.revue3emillenaire.com\/blog\/nous-sommes-des-createurs-de-realites-par-michel-laurent-dioptaz\/","og_site_name":"3e mill\u00e9naire - Spiritualit\u00e9 - Connaissance de soi - Non-dualit\u00e9 - M\u00e9ditation","article_published_time":"2024-08-10T23:27:16+00:00","article_modified_time":"2024-08-10T23:29:33+00:00","og_image":[{"width":365,"height":122,"url":"https:\/\/www.revue3emillenaire.com\/blog\/wp-content\/uploads\/2021\/01\/3e-Mill\u00e9naire.png","type":"image\/png"}],"author":"3e mill\u00e9naire","twitter_card":"summary_large_image","twitter_misc":{"\u00c9crit par":"3e mill\u00e9naire","Dur\u00e9e de lecture estim\u00e9e":"29 minutes"},"schema":{"@context":"https:\/\/schema.org","@graph":[{"@type":"Article","@id":"https:\/\/www.revue3emillenaire.com\/blog\/nous-sommes-des-createurs-de-realites-par-michel-laurent-dioptaz\/#article","isPartOf":{"@id":"https:\/\/www.revue3emillenaire.com\/blog\/nous-sommes-des-createurs-de-realites-par-michel-laurent-dioptaz\/"},"author":{"name":"3e mill\u00e9naire","@id":"https:\/\/www.revue3emillenaire.com\/blog\/#\/schema\/person\/b692dacff720a5344a6190bc714397eb"},"headline":"Nous sommes des cr\u00e9ateurs de r\u00e9alit\u00e9s par Michel-Laurent Dioptaz","datePublished":"2024-08-10T23:27:16+00:00","dateModified":"2024-08-10T23:29:33+00:00","mainEntityOfPage":{"@id":"https:\/\/www.revue3emillenaire.com\/blog\/nous-sommes-des-createurs-de-realites-par-michel-laurent-dioptaz\/"},"wordCount":6254,"image":{"@id":"https:\/\/www.revue3emillenaire.com\/blog\/nous-sommes-des-createurs-de-realites-par-michel-laurent-dioptaz\/#primaryimage"},"thumbnailUrl":"https:\/\/www.revue3emillenaire.com\/blog\/wp-content\/uploads\/2021\/01\/3e-Mill\u00e9naire.png","keywords":["connaissance de soi","Conscience","Ext\u00e9rieur","Int\u00e9rieur","R\u00e9alit\u00e9"],"articleSection":["Essais"],"inLanguage":"fr-FR"},{"@type":"WebPage","@id":"https:\/\/www.revue3emillenaire.com\/blog\/nous-sommes-des-createurs-de-realites-par-michel-laurent-dioptaz\/","url":"https:\/\/www.revue3emillenaire.com\/blog\/nous-sommes-des-createurs-de-realites-par-michel-laurent-dioptaz\/","name":"Nous sommes des cr\u00e9ateurs de r\u00e9alit\u00e9s par Michel-Laurent Dioptaz - 3e mill\u00e9naire - Spiritualit\u00e9 - Connaissance de soi - Non-dualit\u00e9 - M\u00e9ditation","isPartOf":{"@id":"https:\/\/www.revue3emillenaire.com\/blog\/#website"},"primaryImageOfPage":{"@id":"https:\/\/www.revue3emillenaire.com\/blog\/nous-sommes-des-createurs-de-realites-par-michel-laurent-dioptaz\/#primaryimage"},"image":{"@id":"https:\/\/www.revue3emillenaire.com\/blog\/nous-sommes-des-createurs-de-realites-par-michel-laurent-dioptaz\/#primaryimage"},"thumbnailUrl":"https:\/\/www.revue3emillenaire.com\/blog\/wp-content\/uploads\/2021\/01\/3e-Mill\u00e9naire.png","datePublished":"2024-08-10T23:27:16+00:00","dateModified":"2024-08-10T23:29:33+00:00","author":{"@id":"https:\/\/www.revue3emillenaire.com\/blog\/#\/schema\/person\/b692dacff720a5344a6190bc714397eb"},"breadcrumb":{"@id":"https:\/\/www.revue3emillenaire.com\/blog\/nous-sommes-des-createurs-de-realites-par-michel-laurent-dioptaz\/#breadcrumb"},"inLanguage":"fr-FR","potentialAction":[{"@type":"ReadAction","target":["https:\/\/www.revue3emillenaire.com\/blog\/nous-sommes-des-createurs-de-realites-par-michel-laurent-dioptaz\/"]}]},{"@type":"ImageObject","inLanguage":"fr-FR","@id":"https:\/\/www.revue3emillenaire.com\/blog\/nous-sommes-des-createurs-de-realites-par-michel-laurent-dioptaz\/#primaryimage","url":"https:\/\/www.revue3emillenaire.com\/blog\/wp-content\/uploads\/2021\/01\/3e-Mill\u00e9naire.png","contentUrl":"https:\/\/www.revue3emillenaire.com\/blog\/wp-content\/uploads\/2021\/01\/3e-Mill\u00e9naire.png","width":365,"height":122},{"@type":"BreadcrumbList","@id":"https:\/\/www.revue3emillenaire.com\/blog\/nous-sommes-des-createurs-de-realites-par-michel-laurent-dioptaz\/#breadcrumb","itemListElement":[{"@type":"ListItem","position":1,"name":"Accueil","item":"https:\/\/www.revue3emillenaire.com\/blog\/"},{"@type":"ListItem","position":2,"name":"Nous sommes des cr\u00e9ateurs de r\u00e9alit\u00e9s par Michel-Laurent Dioptaz"}]},{"@type":"WebSite","@id":"https:\/\/www.revue3emillenaire.com\/blog\/#website","url":"https:\/\/www.revue3emillenaire.com\/blog\/","name":"3e mill\u00e9naire - Spiritualit\u00e9 - Connaissance de soi - Non-dualit\u00e9 - M\u00e9ditation","description":"L&#039;Homme en devenir","potentialAction":[{"@type":"SearchAction","target":{"@type":"EntryPoint","urlTemplate":"https:\/\/www.revue3emillenaire.com\/blog\/?s={search_term_string}"},"query-input":{"@type":"PropertyValueSpecification","valueRequired":true,"valueName":"search_term_string"}}],"inLanguage":"fr-FR"},{"@type":"Person","@id":"https:\/\/www.revue3emillenaire.com\/blog\/#\/schema\/person\/b692dacff720a5344a6190bc714397eb","name":"3e mill\u00e9naire","url":"https:\/\/www.revue3emillenaire.com\/blog\/author\/scoussa\/"}]}},"_links":{"self":[{"href":"https:\/\/www.revue3emillenaire.com\/blog\/wp-json\/wp\/v2\/posts\/20117","targetHints":{"allow":["GET"]}}],"collection":[{"href":"https:\/\/www.revue3emillenaire.com\/blog\/wp-json\/wp\/v2\/posts"}],"about":[{"href":"https:\/\/www.revue3emillenaire.com\/blog\/wp-json\/wp\/v2\/types\/post"}],"author":[{"embeddable":true,"href":"https:\/\/www.revue3emillenaire.com\/blog\/wp-json\/wp\/v2\/users\/2"}],"replies":[{"embeddable":true,"href":"https:\/\/www.revue3emillenaire.com\/blog\/wp-json\/wp\/v2\/comments?post=20117"}],"version-history":[{"count":0,"href":"https:\/\/www.revue3emillenaire.com\/blog\/wp-json\/wp\/v2\/posts\/20117\/revisions"}],"wp:featuredmedia":[{"embeddable":true,"href":"https:\/\/www.revue3emillenaire.com\/blog\/wp-json\/wp\/v2\/media\/18314"}],"wp:attachment":[{"href":"https:\/\/www.revue3emillenaire.com\/blog\/wp-json\/wp\/v2\/media?parent=20117"}],"wp:term":[{"taxonomy":"category","embeddable":true,"href":"https:\/\/www.revue3emillenaire.com\/blog\/wp-json\/wp\/v2\/categories?post=20117"},{"taxonomy":"post_tag","embeddable":true,"href":"https:\/\/www.revue3emillenaire.com\/blog\/wp-json\/wp\/v2\/tags?post=20117"}],"curies":[{"name":"wp","href":"https:\/\/api.w.org\/{rel}","templated":true}]}}