{"id":20146,"date":"2024-08-22T00:07:47","date_gmt":"2024-08-21T23:07:47","guid":{"rendered":"https:\/\/www.revue3emillenaire.com\/blog\/?p=20146"},"modified":"2024-08-22T00:07:47","modified_gmt":"2024-08-21T23:07:47","slug":"lobjectif-ultime-du-pacte-pour-lavenir-une-technocratie-planetaire-pour-gerer-les-crises-mondiales-au-nom-de-la-corporatocratie-mondiale-par-jacob-nordangard","status":"publish","type":"post","link":"https:\/\/www.revue3emillenaire.com\/blog\/lobjectif-ultime-du-pacte-pour-lavenir-une-technocratie-planetaire-pour-gerer-les-crises-mondiales-au-nom-de-la-corporatocratie-mondiale-par-jacob-nordangard\/","title":{"rendered":"L\u2019objectif ultime du Pacte pour l\u2019avenir\u00a0: Une technocratie plan\u00e9taire pour g\u00e9rer les crises mondiales au nom de la corporatocratie mondiale par Jacob Nordang\u00e5rd"},"content":{"rendered":"<p class=\"western\" align=\"justify\"><span style=\"font-size: medium;\">20\u00a0ao\u00fbt 2024<\/span><\/p>\n<p class=\"western\" align=\"center\"><span style=\"font-size: medium;\"><b>Introduction<\/b><\/span><\/p>\n<p class=\"western\" align=\"justify\"><span style=\"font-size: medium;\">Chers amis,<\/span><\/p>\n<p class=\"western\" align=\"justify\"><span style=\"font-size: medium;\">Cette semaine, le chercheur su\u00e9dois Jacob Nordangard explique ce que les Nations unies et leurs partenaires, donateurs et parties prenantes ont pr\u00e9par\u00e9 pour la r\u00e9union de l\u2019Assembl\u00e9e g\u00e9n\u00e9rale des Nations unies de septembre 2024\u00a0: Un Pacte pour l\u2019avenir.<\/span><\/p>\n<p class=\"western\" align=\"justify\"><span style=\"font-size: medium;\">Trois documents sont propos\u00e9s aux diplomates r\u00e9unis. Ils sont pleins d\u2019ambigu\u00eft\u00e9 et de langage fleuri tout en \u00e9tant remarquablement d\u00e9pourvus de d\u00e9tails. Ce ne sont pas des trait\u00e9s. Ils ne sont pas contraignants.<\/span><\/p>\n<p class=\"western\" align=\"justify\"><span style=\"font-size: medium;\">Toutefois, leur intention est de donner l\u2019impression que toutes les nations du monde r\u00e9clament des changements et que l\u2019ONU devrait \u00eatre au centre de ces changements.<\/span><\/p>\n<p class=\"western\" align=\"justify\"><span style=\"font-size: medium;\">En particulier, une nouvelle structure financi\u00e8re est n\u00e9cessaire. Mais nous ne savons pas \u00e0 quoi elle ressemblera.<\/span><\/p>\n<p class=\"western\" align=\"justify\"><span style=\"font-size: medium;\">Le secr\u00e9taire g\u00e9n\u00e9ral des Nations unies cherche \u00e0 obtenir le pouvoir de d\u00e9clarer des urgences r\u00e9gionales ou plan\u00e9taires, sans aucune proc\u00e9dure ni consultation. Cette d\u00e9claration permettrait ensuite au secr\u00e9taire g\u00e9n\u00e9ral de g\u00e9rer chaque situation d\u2019urgence. Il pourrait s\u2019agir de n\u2019importe quel type d\u2019urgence, y compris une urgence climatique ou un \u00ab\u00a0<\/span><span style=\"font-size: medium;\">\u00e9v\u00e9nement <\/span><span style=\"font-size: medium;\">cygne noir\u00a0\u00bb.<\/span><\/p>\n<p class=\"western\" align=\"justify\"><span style=\"font-size: medium;\">Nous ne savons pas comment cela va se d\u00e9rouler. Mais il est concevable qu\u2019il pourrait y avoir un transfert majeur de l\u2019autorit\u00e9 locale, \u00e9tatique et nationale en mati\u00e8re de gestion des urgences vers les Nations unies, qui n\u2019ont aucune exp\u00e9rience ou expertise dans ce domaine. Les situations d\u2019urgence pourraient \u00eatre d\u00e9clench\u00e9es \u00e0 volont\u00e9 et les rem\u00e8des institu\u00e9s pourraient nous affecter tous.<\/span><\/p>\n<p class=\"western\" align=\"justify\"><span style=\"font-size: medium;\">Si c\u2019est le cas, quitter les Nations unies pourrait \u00eatre notre meilleure, et peut-\u00eatre notre seule, option.<\/span><\/p>\n<p class=\"western\" align=\"justify\"><span style=\"font-size: medium;\">Jacob vous donnera tous les d\u00e9tails, tandis que je rendrai compte des r\u00e9unions de l\u2019ONU au fur et \u00e0 mesure qu\u2019elles se d\u00e9rouleront en septembre.<\/span><\/p>\n<p class=\"western\" align=\"right\"><span style=\"font-size: medium;\">Sinc\u00e8rement,<\/span><\/p>\n<p class=\"western\" align=\"right\"><span style=\"font-size: medium;\">Meryl Nass, MD<\/span><\/p>\n<p class=\"western\" align=\"justify\"><span style=\"font-size: medium;\">Site de la doctoresse Nass\u00a0: <\/span><span style=\"color: #000080;\"><u><a href=\"https:\/\/doortofreedom.org\/\" target=\"_blank\" rel=\"noopener\"><span style=\"font-size: medium;\">https:\/\/doortofreedom.org\/<\/span><\/a><\/u><\/span><\/p>\n<p class=\"western\" align=\"center\"><span style=\"font-size: medium;\">___________________<\/span><\/p>\n<p class=\"western\" align=\"justify\"><span style=\"font-size: large;\"><b>L\u2019objectif ultime du Pacte pour l\u2019avenir\u00a0: Une technocratie plan\u00e9taire pour g\u00e9rer les crises mondiales au nom de la corporatocratie mondiale par Jacob Nordang\u00e5rd<\/b><\/span><\/p>\n<p class=\"western\" align=\"justify\"><span style=\"font-size: medium;\">04\u00a0ao\u00fbt 2024<\/span><\/p>\n<p class=\"western\" align=\"justify\"><span style=\"font-size: medium;\"><i><b>Une \u00ab\u00a0pr\u00eatrise scientifique\u00a0\u00bb d\u00e9terminera les limites de nos actions et nous \u00ab\u00a0prot\u00e9gera\u00a0\u00bb des chocs mondiaux complexes<\/b><\/i><\/span><\/p>\n<p class=\"western\" align=\"justify\"><span style=\"font-size: medium;\">Il reste \u00e0 peine deux mois avant la grande r\u00e9union du Sommet de l\u2019avenir de l\u2019ONU (22-23\u00a0septembre), au cours duquel le \u00ab\u00a0Pacte pour l\u2019avenir\u00a0\u00bb doit \u00eatre sign\u00e9 par les dirigeants mondiaux (chefs de gouvernement et d\u2019\u00c9tat). Ce pacte, qui constitue essentiellement un projet de technocratie mondiale charg\u00e9e de g\u00e9rer les risques mondiaux au nom de la corporatocratie mondiale, est en cours de finalisation et devrait \u00eatre achev\u00e9 d\u2019ici le d\u00e9but du mois d\u2019ao\u00fbt.<\/span><\/p>\n<p class=\"western\" align=\"justify\"><span style=\"font-size: large;\"><b>Contexte<\/b><\/span><\/p>\n<p class=\"western\" align=\"justify\"><span style=\"font-size: medium;\">Les travaux pr\u00e9paratoires ont commenc\u00e9 en 2015 avec le rapport \u00ab\u00a0<\/span><a href=\"https:\/\/www.stimson.org\/sites\/default\/files\/FR-ExSum-Global-Commission-Report.pdf\" target=\"_blank\" rel=\"noopener\"><span style=\"font-family: Times New Roman, serif;\"><span style=\"font-size: medium;\"><i><u>Confronter la Crise de la Gouvernance Mondiale<\/u><\/i><\/span><\/span><\/a><span style=\"font-size: medium;\">\u00a0\u00bb de la Commission sur la S\u00e9curit\u00e9, la Justice et la Gouvernance Mondiales.<\/span><\/p>\n<p class=\"western\" align=\"justify\"><span style=\"font-size: medium;\">La commission, pr\u00e9sid\u00e9e par l\u2019ancienne secr\u00e9taire d\u2019\u00c9tat am\u00e9ricaine Madeleine Albright et le diplomate nig\u00e9rian Ibrahim Gambari, a recommand\u00e9 l\u2019organisation d\u2019une conf\u00e9rence mondiale sur les institutions <\/span><span style=\"font-size: medium;\">global<\/span><span style=\"font-size: medium;\">es \u00e0 l\u2019occasion du 75<\/span><sup><span style=\"font-size: medium;\">e<\/span><\/sup><span style=\"font-size: medium;\">\u00a0anniversaire des Nations unies en 2020. L\u2019objectif \u00e9tait de r\u00e9former le syst\u00e8me des Nations unies pour le rendre mieux \u00e9quip\u00e9 \u00e0 r\u00e9pondre efficacement aux \u00ab\u00a0nouvelles menaces et opportunit\u00e9s\u00a0\u00bb. Parall\u00e8lement, des travaux ont \u00e9t\u00e9 entam\u00e9s pour mettre au point des \u00ab\u00a0innovations en mati\u00e8re de gouvernance mondiale\u00a0\u00bb.<\/span><\/p>\n<p class=\"western\" align=\"justify\"><span style=\"font-size: medium;\">La commission a \u00e9t\u00e9 soutenue par l\u2019institut n\u00e9erlandais <a href=\"https:\/\/thehagueinstituteforglobaljustice.org\/\" target=\"_blank\" rel=\"noopener\">The Hague Institute for Global Justice<\/a> et le groupe de r\u00e9flexion <a href=\"https:\/\/www.stimson.org\/\" target=\"_blank\" rel=\"noopener\">Stimson Center<\/a>, bas\u00e9 \u00e0 Washington.<\/span><\/p>\n<p class=\"western\" align=\"justify\"><span style=\"font-size: medium;\">Stimson, qui a jou\u00e9 un r\u00f4le central dans les travaux pr\u00e9paratoires, repr\u00e9sente la corporatocratie mondiale (<\/span><span style=\"font-size: medium;\">FEM [forum \u00e9conomique mondial]<\/span><span style=\"font-size: medium;\">, C<\/span><span style=\"font-size: medium;\">R<\/span><span style=\"font-size: medium;\">F <\/span><span style=\"font-size: medium;\">[Code des r\u00e8glements f\u00e9d\u00e9raux]<\/span><span style=\"font-size: medium;\">) et la philanthropie internationale (Carnegie, Rockefeller, Ford, Gates, etc.). Le pacte s\u2019inscrit dans la continuit\u00e9 de leur conqu\u00eate du monde.<\/span><\/p>\n<p class=\"western\" align=\"justify\"><span style=\"font-size: medium;\">Madeleine Albright, prot\u00e9g\u00e9e du professeur de Columbia Zbigniew Brzezinski (cofondateur de la <a href=\"https:\/\/www.trilateral.org\/\" target=\"_blank\" rel=\"noopener\">Commission trilat\u00e9rale<\/a> avec David Rockefeller), \u00e9tait le choix id\u00e9al. En tant que <a href=\"https:\/\/declassifieduk.org\/wp-content\/uploads\/2023\/07\/PDF1_compressed.pdf\" target=\"_blank\" rel=\"noopener\">membre de la <\/a><\/span><a href=\"https:\/\/declassifieduk.org\/wp-content\/uploads\/2023\/07\/PDF1_compressed.pdf\"><span style=\"font-size: medium;\">Tri<\/span><span style=\"font-size: medium;\">Com<\/span><\/a><span style=\"font-size: medium;\"> et du <a href=\"https:\/\/www.cfr.org\/news-releases\/memoriam-madeleine-k-albright\" target=\"_blank\" rel=\"noopener\">Conseil des relations ext\u00e9rieures<\/a>, il n\u2019y avait aucun doute sur les int\u00e9r\u00eats qu\u2019elle servait.<\/span><\/p>\n<figure style=\"width: 776px\" class=\"wp-caption aligncenter\"><img loading=\"lazy\" decoding=\"async\" src=\"https:\/\/substackcdn.com\/image\/fetch\/w_1456,c_limit,f_webp,q_auto:good,fl_progressive:steep\/https%3A%2F%2Fsubstack-post-media.s3.amazonaws.com%2Fpublic%2Fimages%2F5ee9ecca-2177-427a-aa2b-d6e1b484fd64_776x835.png\" alt=\"\" width=\"776\" height=\"835\" \/><figcaption class=\"wp-caption-text\">Membres corporatifs (niveau or) du Conseil des relations \u00e9trang\u00e8res<\/figcaption><\/figure>\n<p class=\"western\" align=\"justify\"><span style=\"font-size: medium;\">Cinq ans plus tard, au milieu d\u2019une pand\u00e9mie con\u00e7ue pour servir d\u2019\u00ab\u00a0\u00e9v\u00e9nement d\u00e9clencheur\u00a0\u00bb, les priorit\u00e9s futures de l\u2019<\/span><span style=\"font-size: medium;\">ONU<\/span><span style=\"font-size: medium;\"> ont \u00e9t\u00e9 discut\u00e9es lors de la r\u00e9union l\u2019<\/span><span style=\"font-size: medium;\">ONU<\/span><span style=\"font-size: medium;\"> intitul\u00e9e \u00ab\u00a0Construire l\u2019avenir que nous voulons, l\u2019ONU dont nous avons besoin\u00a0\u00bb.<\/span><\/p>\n<p><img loading=\"lazy\" decoding=\"async\" class=\"alignnone size-full\" src=\"https:\/\/substackcdn.com\/image\/fetch\/w_1456,c_limit,f_webp,q_auto:good,fl_progressive:steep\/https%3A%2F%2Fsubstack-post-media.s3.amazonaws.com%2Fpublic%2Fimages%2F9ba62bb3-e34a-462d-9a06-f8ae84e45812_1092x460.jpeg\" width=\"1092\" height=\"460\" \/><\/p>\n<p class=\"western\" align=\"justify\"><span style=\"font-size: medium;\">Au cours de la r\u00e9union, organis\u00e9e en collaboration avec le Stimson Center, un certain nombre de propositions et de projets ont \u00e9galement \u00e9t\u00e9 pr\u00e9sent\u00e9s sur la mani\u00e8re dont la future gouvernance fonctionnerait.<\/span><\/p>\n<p class=\"western\" align=\"justify\"><span style=\"font-size: medium;\">Cela incluait notamment <a href=\"https:\/\/globalgovernanceforum.org\/climate-governance-commission\/\" target=\"_blank\" rel=\"noopener\">la Commission sur la gouvernance climatique<\/a>, dont l\u2019objectif est (en partenariat avec, entre autres, le Stimson Center, la Swedish <a href=\"https:\/\/globalchallenges.org\/\" target=\"_blank\" rel=\"noopener\">Global Challenges Foundation<\/a> et l\u2019omnipr\u00e9sente <a href=\"https:\/\/www.rockefellerfoundation.org\/\" target=\"_blank\" rel=\"noopener\">Rockefeller Foundation<\/a>) \u00ab\u00a0d\u2019\u00e9laborer, de proposer et d\u2019<\/span><span style=\"font-size: medium;\">\u00e9tablir<\/span><span style=\"font-size: medium;\"> des partenariats qui favorisent des solutions de gouvernance mondiale r\u00e9alisables et \u00e0 fort impact pour une action climatique urgente et efficace\u2026\u00a0\u00bb Un membre de la Commission trilat\u00e9rale, l\u2019ancienne pr\u00e9sidente irlandaise Mary Robinson, a \u00e9t\u00e9 choisie comme pr\u00e9sidente.<\/span><\/p>\n<p class=\"western\" align=\"justify\"><span style=\"font-size: medium;\">Un an plus tard, le secr\u00e9taire g\u00e9n\u00e9ral des Nations unies, Ant\u00f3nio Guterres, a pr\u00e9sent\u00e9, au nom des \u00c9tats membres de l\u2019ONU, le rapport intitul\u00e9 \u00ab\u00a0<\/span><a href=\"https:\/\/www.un.org\/fr\/common-agenda\"><span style=\"font-size: medium;\"><i>Notre programme commun<\/i><\/span><\/a><span style=\"font-size: medium;\">\u00a0\u00bb, qui contient douze engagements visant \u00e0 r\u00e9former le syst\u00e8me des Nations unies afin de mettre rapidement en \u0153uvre les objectifs de d\u00e9veloppement durable.<\/span><\/p>\n<p class=\"western\" align=\"justify\"><span style=\"font-size: medium;\">Par la suite, onze aper\u00e7us politiques et un rapport du groupe de travail des Nations unies <a href=\"https:\/\/highleveladvisoryboard.org\/\">HLAB sur le multilat\u00e9ralisme efficace<\/a> ont \u00e9t\u00e9 publi\u00e9s pour servir de base au processus. Ce groupe a \u00e9galement \u00e9t\u00e9 soutenu par le Stimson Center et la Global Challenges Foundation.<\/span><\/p>\n<p class=\"western\" align=\"justify\"><span style=\"font-size: large;\"><b><a href=\"https:\/\/www.un.org\/fr\/summit-of-the-future\/pact-for-the-future-revisions\" target=\"_blank\" rel=\"noopener\">Le pacte pour l\u2019avenir<\/a><\/b><\/span><\/p>\n<p class=\"western\" align=\"justify\"><span style=\"font-size: medium;\">En janvier, le premier projet de pacte a \u00e9t\u00e9 publi\u00e9, suivi de n\u00e9gociations avec les \u00c9tats membres et d\u2019autres parties prenantes. <a href=\"https:\/\/www.un.org\/sites\/un2.un.org\/files\/pact_for_the_future_-_rev.2_-_17_july.pdf\" target=\"_blank\" rel=\"noopener\">La derni\u00e8re r\u00e9vision<\/a> a \u00e9t\u00e9 publi\u00e9e le 17\u00a0juillet.<\/span><\/p>\n<p class=\"western\" align=\"justify\"><img loading=\"lazy\" decoding=\"async\" class=\"alignnone size-full\" src=\"https:\/\/substackcdn.com\/image\/fetch\/w_1456,c_limit,f_webp,q_auto:good,fl_progressive:steep\/https%3A%2F%2Fsubstack-post-media.s3.amazonaws.com%2Fpublic%2Fimages%2F9c57d454-4d68-4b46-b2a9-59e0cf8f9552_1027x222.png\" width=\"1027\" height=\"222\" \/><\/p>\n<dl>\n<dd>\n<table border=\"1\" width=\"574\" cellspacing=\"0\" cellpadding=\"0\">\n<tbody>\n<tr>\n<td valign=\"top\" width=\"574\">\n<p class=\"western\" align=\"justify\"><span style=\"font-size: medium;\">Traduction en fran\u00e7ais\u00a0:<\/span><\/p>\n<p class=\"western\" align=\"justify\"><span style=\"font-size: medium;\">2. Nous sommes \u00e0 une \u00e9poque de profonde transformation mondiale. Trop de nos semblables sont confront\u00e9s \u00e0 des souffrances \u00e9vitables. Nous sommes confront\u00e9s \u00e0 une gamme croissante de risques catastrophiques et existentiels. Si nous ne changeons pas de cap, nous risquons de basculer irr\u00e9versiblement vers un avenir de crises persistantes et de d\u00e9clin.<\/span><\/p>\n<p class=\"western\" align=\"justify\"><span style=\"font-size: medium;\">3. Pourtant, c\u2019est aussi un moment d\u2019espoir et d\u2019opportunit\u00e9. La transformation mondiale est une chance de renouveau et de progr\u00e8s fond\u00e9s sur notre humanit\u00e9 commune. Les avanc\u00e9es en mati\u00e8re de connaissances, de science, de technologie et d\u2019innovation, si elles sont correctement et \u00e9quitablement g\u00e9r\u00e9es, pourraient ouvrir la voie \u00e0 un avenir meilleur et plus durable pour tous.<\/span><\/p>\n<\/td>\n<\/tr>\n<\/tbody>\n<\/table>\n<\/dd>\n<\/dl>\n<p class=\"western\" align=\"justify\"><span style=\"font-size: medium;\">L<\/span><span style=\"font-size: medium;\">e message du pacte est que nous sommes dans une \u00ab\u00a0transformation globale\u00a0\u00bb o\u00f9 un nombre croissant de risques catastrophiques globaux menacent de faire \u00e9clater compl\u00e8tement le monde (Effondrement).<\/span><\/p>\n<p class=\"western\" align=\"justify\"><span style=\"font-size: medium;\">Mais les progr\u00e8s de la science, de la technologie et de l\u2019innovation peuvent au contraire signifier une perc\u00e9e vers un monde \u00ab\u00a0meilleur\u00a0\u00bb et plus durable (<\/span><span style=\"font-size: medium;\">Avanc\u00e9e<\/span><span style=\"font-size: medium;\">).<\/span><\/p>\n<p class=\"western\" align=\"justify\"><img loading=\"lazy\" decoding=\"async\" class=\"alignnone size-full\" src=\"https:\/\/substackcdn.com\/image\/fetch\/f_auto,q_auto:good,fl_progressive:steep\/https%3A%2F%2Fsubstack-post-media.s3.amazonaws.com%2Fpublic%2Fimages%2F3d2e4ba6-7945-45ca-8f5e-9d64847ee92c_972x121.png\" width=\"972\" height=\"121\" \/><\/p>\n<dl>\n<dd>\n<dl>\n<dd>\n<table border=\"1\" width=\"567\" cellspacing=\"0\" cellpadding=\"0\">\n<tbody>\n<tr>\n<td valign=\"top\" width=\"567\">\n<p class=\"western\" align=\"justify\">Traduction en fran\u00e7ais\u00a0:<\/p>\n<p class=\"western\" align=\"justify\">5. Cela n\u00e9cessitera un nouvel engagement envers le multilat\u00e9ralisme, sans lequel nous ne pourrons ni g\u00e9rer les risques ni saisir les opportunit\u00e9s qui se pr\u00e9sentent \u00e0 nous. Ce n\u2019est pas une option, mais une n\u00e9cessit\u00e9. Nos d\u00e9fis sont profond\u00e9ment interconnect\u00e9s et d\u00e9passent largement la capacit\u00e9 d\u2019un seul \u00c9tat. Ils ne peuvent \u00eatre relev\u00e9s qu\u2019ensemble, par une coop\u00e9ration internationale forte et durable, guid\u00e9e par la confiance et la solidarit\u00e9.<\/p>\n<\/td>\n<\/tr>\n<\/tbody>\n<\/table>\n<\/dd>\n<\/dl>\n<\/dd>\n<\/dl>\n<p class=\"western\" align=\"justify\"><span style=\"font-size: medium;\">Toutefois, il faut pour cela que les crises soient trait\u00e9es collectivement par un syst\u00e8me multilat\u00e9ral au centre duquel se trouvent les Nations unies. \u00c0 cette fin, les Nations unies doivent \u00eatre renforc\u00e9es.<\/span><\/p>\n<p class=\"western\" align=\"justify\"><span style=\"font-size: medium;\">Les deux voies de d\u00e9veloppement (Effondrement et <\/span><span style=\"font-size: medium;\">Avanc\u00e9e<\/span><span style=\"font-size: medium;\">) pr\u00e9sentent des similitudes \u00e9videntes avec les sc\u00e9narios d\u00e9crits par le philosophe des syst\u00e8mes Ervin Laszlo dans son livre <\/span><a href=\"https:\/\/books.google.se\/books\/about\/Macroshift.html?id=z5ixl5tBfkcC&amp;redir_esc=y\" target=\"_blank\" rel=\"noopener\"><span style=\"font-size: medium;\"><i>Macroshift\u00a0: Navigating the Transformation to a Sustainable World<\/i><\/span><\/a><span style=\"font-size: medium;\">, publi\u00e9 en 2001. Laszlo est un futurologue issu de la <a href=\"https:\/\/www.worldfuture.org\/\" target=\"_blank\" rel=\"noopener\">World Future Society<\/a> et du <a href=\"https:\/\/www.clubofrome.org\/\" target=\"_blank\" rel=\"noopener\">Club de Rome<\/a>, qui, \u00e0 la fin des ann\u00e9es\u00a01970, a dirig\u00e9 le projet des Nations unies intitul\u00e9 \u00ab\u00a0Nouvel ordre \u00e9conomique international\u00a0\u00bb.<\/span><\/p>\n<p class=\"western\" align=\"justify\"><span style=\"font-size: medium;\">Ce nouveau syst\u00e8me mondial multilat\u00e9ral a pour but de \u00ab\u00a0prot\u00e9ger les g\u00e9n\u00e9rations futures\u00a0\u00bb et de mettre en \u0153uvre l\u2019Agenda\u00a02030 utopique des Nations unies, avec ses dix-sept objectifs de durabilit\u00e9. Selon le pacte, cet objectif ne pourra \u00eatre atteint que si les \u00e9missions de dioxyde de carbone sont r\u00e9duites de mani\u00e8re drastique afin de maintenir l\u2019augmentation de la temp\u00e9rature en dessous de 1,5\u00a0degr\u00e9 Celsius. Le climat est depuis longtemps le pivot de l\u2019agenda.<\/span><\/p>\n<p class=\"western\" align=\"justify\"><span style=\"font-size: medium;\">Le Pacte pour l\u2019avenir contient 58\u00a0actions (r\u00e9parties en cinq chapitres) et deux annexes (<a href=\"https:\/\/www.un.org\/techenvoy\/sites\/www.un.org.techenvoy\/files\/GlobalDigitalCompact_rev2.pdf\" target=\"_blank\" rel=\"noopener\">le Pacte mondial pour le num\u00e9rique<\/a> et <a href=\"https:\/\/www.un.org\/sites\/un2.un.org\/files\/sotf-declaration-on-future-generations-rev2.pdf\" target=\"_blank\" rel=\"noopener\">la D\u00e9claration sur les g\u00e9n\u00e9rations futures<\/a>) pour mettre en \u0153uvre <\/span><span style=\"font-size: medium;\">la transition<\/span><span style=\"font-size: medium;\"> \u00e0 un syst\u00e8me qui \u00ab\u00a0r\u00e9pond efficacement aux d\u00e9fis actuels et futurs, en partenariat avec toutes les parties prenantes\u00a0\u00bb.<\/span><\/p>\n<ul>\n<li>\n<p class=\"western\" align=\"justify\"><span style=\"font-size: medium;\">Le premier chapitre traite de la r\u00e9alisation des objectifs de durabilit\u00e9.<\/span><\/p>\n<\/li>\n<li>\n<p class=\"western\" align=\"justify\"><span style=\"font-size: medium;\">Le deuxi\u00e8me chapitre traite de la promotion de l\u2019agenda international de la paix.<\/span><\/p>\n<\/li>\n<li>\n<p class=\"western\" align=\"justify\"><span style=\"font-size: medium;\">Le troisi\u00e8me chapitre porte sur l\u2019utilisation de la science, de la technologie et de la collaboration num\u00e9rique.<\/span><\/p>\n<\/li>\n<li>\n<p class=\"western\" align=\"justify\"><span style=\"font-size: medium;\">Le quatri\u00e8me vise \u00e0 r\u00e9pondre aux int\u00e9r\u00eats des jeunes et des g\u00e9n\u00e9rations futures.<\/span><\/p>\n<\/li>\n<li>\n<p class=\"western\" align=\"justify\"><span style=\"font-size: medium;\">Le cinqui\u00e8me et dernier chapitre porte sur la refonte de la gouvernance mondiale afin de pouvoir relever les d\u00e9fis de l\u2019avenir.<\/span><\/p>\n<\/li>\n<\/ul>\n<p class=\"western\" align=\"justify\"><span style=\"font-size: medium;\">Le pacte est vendu avec la promesse que la pauvret\u00e9 et la faim seront \u00e9radiqu\u00e9es, que l\u2019\u00e9galit\u00e9 sera promue, que tous les groupes marginalis\u00e9s pourront s\u2019exprimer, que les droits de l\u2019homme seront respect\u00e9s, que la paix sera maintenue et que la plan\u00e8te sera sauv\u00e9e de la destruction. Il ne nous reste plus qu\u2019\u00e0 remettre les cl\u00e9s du vaisseau Terre aux intendants de la plan\u00e8te\u00a0!<\/span><\/p>\n<p class=\"western\" align=\"justify\"><span style=\"font-size: medium;\">Le document est soigneusement r\u00e9dig\u00e9 de mani\u00e8re \u00e0 susciter un large soutien et \u00e0 laisser une marge d\u2019interpr\u00e9tation. Toutefois, depuis la version pr\u00e9c\u00e9dente, l\u2019expression \u00ab\u00a0nous sommes d\u2019accord sur\u00a0\u00bb a \u00e9t\u00e9 remplac\u00e9e par une expression plus inqui\u00e9tante \u00ab\u00a0nous d\u00e9cidons que\u00a0\u00bb.<\/span><\/p>\n<p class=\"western\" align=\"justify\"><span style=\"font-size: medium;\">En examinant toutes les clauses imp\u00e9n\u00e9trables, o\u00f9 peu d\u2019indications concr\u00e8tes sont donn\u00e9es sur la mani\u00e8re dont les mesures devraient \u00eatre effectivement appliqu\u00e9es, les contours du syst\u00e8me que l\u2019on veut finalement mettre en \u0153uvre se dessinent n\u00e9anmoins. C\u2019est dans le chapitre <\/span><span style=\"font-size: medium;\">final<\/span><span style=\"font-size: medium;\"> et dans les annexes que cela appara\u00eet le plus clairement. Mais on les retrouve \u00e9galement dans les nombreux documents de r\u00e9f\u00e9rence.<\/span><\/p>\n<p class=\"western\" align=\"justify\"><span style=\"font-size: large;\"><b><span style=\"font-size: medium;\">Gouvern<\/span><span style=\"font-size: medium;\">\u00e9<\/span><span style=\"font-size: medium;\"> par<\/span> \u00ab\u00a0la science\u00a0\u00bb<\/b><\/span><\/p>\n<p class=\"western\" align=\"justify\"><span style=\"font-size: medium;\">Concr\u00e8tement, il s\u2019agit de l\u2019instauration d\u2019un r\u00e9gime technocratique d\u2019experts, o\u00f9 une pr\u00eatrise \u00ab\u00a0scientifique\u00a0\u00bb d\u00e9terminera les limites de nos actions et nous \u00ab\u00a0prot\u00e9gera\u00a0\u00bb des chocs mondiaux. La science sera utilis\u00e9e plus fr\u00e9quemment pour ancrer les d\u00e9cisions.<\/span><\/p>\n<p class=\"western\" align=\"justify\"><span style=\"font-size: medium;\"><a href=\"https:\/\/substackcdn.com\/image\/fetch\/w_1456,c_limit,f_webp,q_auto:good,fl_progressive:steep\/https%3A%2F%2Fsubstack-post-media.s3.amazonaws.com%2Fpublic%2Fimages%2Fb7ecbe1b-bbd6-4c51-91d5-e1a3bef85cb7_1099x110.png\"><img loading=\"lazy\" decoding=\"async\" class=\"alignnone size-full\" src=\"https:\/\/substackcdn.com\/image\/fetch\/w_1456,c_limit,f_webp,q_auto:good,fl_progressive:steep\/https%3A%2F%2Fsubstack-post-media.s3.amazonaws.com%2Fpublic%2Fimages%2Fb7ecbe1b-bbd6-4c51-91d5-e1a3bef85cb7_1099x110.png\" width=\"1099\" height=\"110\" \/><\/a><\/span><\/p>\n<dl>\n<dd>\n<table border=\"1\" width=\"567\" cellspacing=\"0\" cellpadding=\"0\">\n<tbody>\n<tr>\n<td valign=\"top\" width=\"567\">\n<p class=\"western\" align=\"justify\">Traduction en fran\u00e7ais\u00a0:<\/p>\n<p class=\"western\" align=\"justify\">(b) Augmenter l\u2019utilisation de la science, des connaissances scientifiques et des preuves scientifiques dans l\u2019\u00e9laboration des politiques et veiller \u00e0 ce que les d\u00e9fis mondiaux complexes soient abord\u00e9s par une collaboration multi et transdisciplinaire.<\/p>\n<\/td>\n<\/tr>\n<\/tbody>\n<\/table>\n<\/dd>\n<\/dl>\n<p class=\"western\" align=\"justify\"><span style=\"font-size: medium;\">Mais tout cela repose sur une \u00ab\u00a0science\u00a0\u00bb qui ne peut \u00eatre ni remise en question ni examin\u00e9e. Au contraire, elle constitue une v\u00e9rit\u00e9 absolue. C\u2019est \u00ab\u00a0la science\u00a0\u00bb, la science en tant que dogme et non en tant que m\u00e9thode.<\/span><\/p>\n<p class=\"western\" align=\"justify\"><span style=\"font-size: medium;\">C\u2019est l\u00e0 qu\u2019interviennent des chercheurs tels que Johan Rockstr\u00f6m, directeur de l\u2019<a href=\"https:\/\/www.pik-potsdam.de\/en\/home\" target=\"_blank\" rel=\"noopener\">Institut de Potsdam<\/a>, et son <a href=\"https:\/\/www.stockholmresilience.org\/research\/planetary-boundaries.html\" target=\"_blank\" rel=\"noopener\">cadre sur les limites plan\u00e9taires<\/a>. Selon son \u00e9quipe de scientifiques loyaux, l\u2019humanit\u00e9 a d\u00e9j\u00e0 franchi six de ces neuf limites et a donc besoin d\u2019une main ferme pour \u00eatre guid\u00e9e dans la bonne direction. Rockstr\u00f6m a exerc\u00e9 une grande influence en tant que conseiller au cours du processus politique gr\u00e2ce \u00e0 sa copr\u00e9sidence de la Commission de gouvernance climatique.<\/span><\/p>\n<p class=\"western\" align=\"justify\"><span style=\"font-size: medium;\">Le secr\u00e9taire g\u00e9n\u00e9ral des Nations unies a d\u00e9j\u00e0 cr\u00e9\u00e9 un conseil scientifique compos\u00e9 de sept \u00ab\u00a0\u00e9minents scientifiques\u00a0\u00bb ainsi que d\u2019un groupe de scientifiques en chef des agences des Nations unies, dont l\u2019\u00ab\u00a0expert en pand\u00e9mie\u00a0\u00bb Jeremy Farrar, scientifique en chef de l\u2019OMS depuis 2023, et le climatologue J\u00fcrg Luterbacher de l\u2019OMM <\/span><span style=\"font-size: medium;\">(Organisation m\u00e9t\u00e9orologique mondiale) [<a class=\"sdfootnoteanc\" href=\"#sdfootnote1sym\" name=\"sdfootnote1anc\"><sup>1<\/sup><\/a>]<\/span><span style=\"font-size: medium;\">.<\/span><\/p>\n<p class=\"western\" align=\"justify\"><span style=\"font-size: medium;\">Farrar a jou\u00e9 un r\u00f4le de premier plan pendant la pand\u00e9mie\u00a0C-19 en tant que directeur du <a href=\"https:\/\/fr.wikipedia.org\/wiki\/Wellcome_Trust\">Wellcome Trust<\/a> (cr\u00e9\u00e9 en 1936 par le magnat de l\u2019industrie pharmaceutique Henry Wellcome, fondateur de Burroughs Wellcome, l\u2019un des pr\u00e9d\u00e9cesseurs de GlaxoSmithKline). Farrar a r\u00e9cemment \u00e9t\u00e9 <\/span><span style=\"font-size: medium;\">qualifi<\/span><span style=\"font-size: medium;\">\u00e9 <\/span><span style=\"font-size: medium;\">de<\/span><span style=\"font-size: medium;\"> \u00ab\u00a0protecteur contre l<\/span><span style=\"font-size: medium;\">es<\/span><span style=\"font-size: medium;\"> pand\u00e9mie<\/span><span style=\"font-size: medium;\">s<\/span><span style=\"font-size: medium;\">\u00a0\u00bb dans la liste des \u00ab\u00a0<a href=\"https:\/\/time.com\/collection\/time100-health\/\" target=\"_blank\" rel=\"noopener\">Titans de la sant\u00e9<\/a>\u00a0\u00bb \u00e9tablie par le <\/span><span style=\"font-size: medium;\"><i>Time Magazine<\/i><\/span><span style=\"font-size: medium;\">.<\/span><\/p>\n<p class=\"western\" align=\"justify\"><span style=\"font-size: medium;\">Luterbacher, quant \u00e0 lui, a particip\u00e9 \u00e0 un article sur la fa\u00e7on dont le programme d\u2019IA Climinator (!) peut \u00eatre utilis\u00e9 pour automatiser la v\u00e9rification des faits concernant les affirmations sur le changement climatique <\/span><span style=\"font-size: medium;\">[<a class=\"sdfootnoteanc\" href=\"#sdfootnote2sym\" name=\"sdfootnote2anc\"><sup>2<\/sup><\/a>]<\/span><span style=\"font-size: medium;\">.<\/span><\/p>\n<p class=\"western\" align=\"justify\"><span style=\"font-size: large;\"><b>Protection des g\u00e9n\u00e9rations futures<\/b><\/span><\/p>\n<p class=\"western\" align=\"justify\"><span style=\"font-size: medium;\">Selon la D\u00e9claration pour les g\u00e9n\u00e9rations futures, \u00ab\u00a0les g\u00e9n\u00e9rations actuelles doivent agir avec responsabilit\u00e9 pour sauvegarder les besoins et les int\u00e9r\u00eats des g\u00e9n\u00e9rations futures\u00a0\u00bb. Ces int\u00e9r\u00eats comprennent \u00ab\u00a0une action climatique urgente\u00a0\u00bb, la r\u00e9ponse aux tendances d\u00e9mographiques et le renforcement des syst\u00e8mes de sant\u00e9 avec un acc\u00e8s \u00ab\u00a0\u00e9quitable\u00a0\u00bb aux vaccins et autres produits de sant\u00e9.<\/span><\/p>\n<p class=\"western\" align=\"justify\"><img loading=\"lazy\" decoding=\"async\" class=\"alignnone size-full\" src=\"https:\/\/substackcdn.com\/image\/fetch\/w_1456,c_limit,f_webp,q_auto:good,fl_progressive:steep\/https%3A%2F%2Fsubstack-post-media.s3.amazonaws.com%2Fpublic%2Fimages%2Fbae9ab05-2449-4993-af0f-b5b9ca4716e7_912x143.png\" width=\"912\" height=\"143\" \/><\/p>\n<dl>\n<dd>\n<table border=\"1\" width=\"601\" cellspacing=\"0\" cellpadding=\"0\">\n<tbody>\n<tr>\n<td valign=\"top\" width=\"601\">\n<p class=\"western\" align=\"justify\">Traduction en fran\u00e7ais\u00a0:<\/p>\n<p class=\"western\" align=\"justify\">33. Prot\u00e9ger le droit des g\u00e9n\u00e9rations futures de jouir du meilleur niveau de sant\u00e9 physique et mentale possible, par le biais d\u2019une couverture sant\u00e9 universelle et de syst\u00e8mes de sant\u00e9 renforc\u00e9s et r\u00e9silients, ainsi que par un acc\u00e8s \u00e9quitable \u00e0 des m\u00e9dicaments, vaccins, th\u00e9rapies et autres produits de sant\u00e9 s\u00fbrs, abordables, efficaces et de qualit\u00e9, afin d\u2019assurer des vies saines et de promouvoir le bien-\u00eatre pour tous \u00e0 travers les g\u00e9n\u00e9rations.<\/p>\n<\/td>\n<\/tr>\n<\/tbody>\n<\/table>\n<\/dd>\n<\/dl>\n<p class=\"western\" align=\"justify\"><span style=\"font-size: medium;\">En d\u2019autres termes, notre vie a besoin de directives mondiales pour ne pas mettre en danger les g\u00e9n\u00e9rations \u00e0 venir.<\/span><\/p>\n<p class=\"western\" align=\"justify\"><span style=\"font-size: medium;\">Selon la d\u00e9claration, la voix des g\u00e9n\u00e9rations futures sera repr\u00e9sent\u00e9e par un \u00ab\u00a0envoy\u00e9 pour les g\u00e9n\u00e9rations futures\u00a0\u00bb, tandis que les mesures visant \u00e0 prot\u00e9ger l\u2019avenir seront \u00e9valu\u00e9es tous les cinq ans lors d\u2019une r\u00e9union de haut niveau.<\/span><\/p>\n<p class=\"western\" align=\"justify\"><span style=\"font-size: medium;\">Cette question a constitu\u00e9 une pierre d\u2019achoppement dans les n\u00e9gociations. La proposition initiale pr\u00e9voyait la cr\u00e9ation d\u2019un Forum pour les g\u00e9n\u00e9rations futures qui se tiendrait au sein du Conseil de tutelle, aujourd\u2019hui disparu. Le Stimson Center a sugg\u00e9r\u00e9 dans son rapport <\/span><a href=\"https:\/\/www.stimson.org\/wp-content\/uploads\/2022\/06\/GGIN-Report-061322-WEB2.pdf\" target=\"_blank\" rel=\"noopener\"><span style=\"font-size: medium;\"><i>Road to 2023\u00a0: Our Common Agenda and the Pact for the Future<\/i><\/span><\/a><span style=\"font-size: medium;\"> (Notre programme commun et le Pacte pour l\u2019avenir):<\/span><\/p>\n<p class=\"western\" align=\"justify\"><span style=\"font-size: medium;\">La communaut\u00e9 internationale devrait r<\/span><span style=\"font-size: medium;\">epenser<\/span><span style=\"font-size: medium;\"> le Conseil de tutelle de <\/span><span style=\"font-size: medium;\">l\u2019ONU<\/span><span style=\"font-size: medium;\">, <\/span><span style=\"font-size: medium;\">d\u00e9sormais<\/span> <span style=\"font-size: medium;\">d\u00e9funt<\/span><span style=\"font-size: medium;\">, afin d\u2019exercer un nouveau r\u00f4le, soigneusement d\u00e9fini, de gardien du patrimoine mondial, en vue d<\/span><span style=\"font-size: medium;\">e renforcer<\/span><span style=\"font-size: medium;\"> l\u2019\u00e9quit\u00e9 interg\u00e9n\u00e9rationnelle et le bien-\u00eatre des g\u00e9n\u00e9rations futures <\/span><span style=\"font-size: medium;\">[<a class=\"sdfootnoteanc\" href=\"#sdfootnote3sym\" name=\"sdfootnote3anc\"><sup>3<\/sup><\/a>]<\/span><span style=\"font-size: medium;\">.<\/span><\/p>\n<p class=\"western\" align=\"justify\"><span style=\"font-size: medium;\">Cette initiative s\u2019est toutefois heurt\u00e9e \u00e0 des r\u00e9sistances. Selon le Stimson Center, certains \u00c9tats membres ont des id\u00e9es diff\u00e9rentes sur ce qui peut \u00eatre consid\u00e9r\u00e9 comme un bien commun mondial et l\u2019emplacement du forum au sein du Conseil de tutelle renvoie \u00e0 un pass\u00e9 colonial.<\/span><\/p>\n<p class=\"western\" align=\"justify\"><span style=\"font-size: medium;\">Cependant, on peut affirmer que ces ambitions n\u2019ont pas \u00e9t\u00e9 abandonn\u00e9es et qu\u2019elles referont probablement surface sur la table des n\u00e9gociations apr\u00e8s la signature du pacte. Par exemple, le Centre de recherche politique de l\u2019Universit\u00e9 des Nations unies, l\u2019Institut de Potsdam et la Global Challenges Foundation (dont Johan Rockstr\u00f6m fait partie du conseil d\u2019administration) ont r\u00e9cemment propos\u00e9 la cr\u00e9ation d\u2019un organe de gouvernance mondial qui superviserait tous les syst\u00e8mes vitaux de la plan\u00e8te, les \u00ab\u00a0biens communs plan\u00e9taires\u00a0\u00bb (air, eau, sol, biosph\u00e8re et glace)\u00a0! <\/span><span style=\"font-size: medium;\">[<a class=\"sdfootnoteanc\" href=\"#sdfootnote4sym\" name=\"sdfootnote4anc\"><sup>4<\/sup><\/a>]<\/span><\/p>\n<p class=\"western\" align=\"justify\"><span style=\"font-size: medium;\">Il reste \u00e0 d\u00e9terminer qui si\u00e9gera dans cet organe et quel envoy\u00e9 repr\u00e9sentera les personnes qui ne sont pas encore n\u00e9es.<\/span><\/p>\n<p class=\"western\" align=\"justify\"><span style=\"font-size: medium;\">Cependant, la Commission sur la gouvernance du climat, dans son rapport <\/span><a href=\"https:\/\/www.stimson.org\/wp-content\/uploads\/2023\/11\/Governing-Our-Planetary-Emergency-Report_WEB-1.pdf\" target=\"_blank\" rel=\"noopener\"><span style=\"font-size: medium;\"><i>Governing the Planetary Emergency<\/i><\/span><\/a><span style=\"font-size: medium;\">, a sugg\u00e9r\u00e9 que\u00a0: \u00ab\u00a0des acteurs cl\u00e9s et puissants assument une responsabilit\u00e9 ad\u00e9quate et agissent au service des int\u00e9r\u00eats partag\u00e9s de l\u2019ensemble de l\u2019humanit\u00e9, de la vie sur Terre et des g\u00e9n\u00e9rations futures\u00a0\u00bb.<\/span><\/p>\n<p class=\"western\" align=\"justify\"><span style=\"font-size: medium;\">Rockstr\u00f6m et ses co-auteurs proposent, en se r\u00e9f\u00e9rant au Centre Stimson, que cet organe soit plac\u00e9 au sein du Conseil de tutelle. Mais cette proposition est plus ancienne et figurait d\u00e9j\u00e0 dans le rapport de la Commission trilat\u00e9rale de 1991 intitul\u00e9 <\/span><a href=\"https:\/\/www.amazon.com\/Beyond-Interdependence-Meshing-Economy-Ecology\/dp\/0195071255\" target=\"_blank\" rel=\"noopener\"><span style=\"font-size: medium;\"><i>Beyond Interdependence\u00a0: Meshing the World\u2019s Economy and the Earth\u2019s Ecology<\/i><\/span><\/a><span style=\"font-size: medium;\"> (Au-del\u00e0 de l\u2019interd\u00e9pendance\u00a0: maillage de l\u2019\u00e9conomie mondiale et de l\u2019\u00e9cologie de la Terre).<\/span><\/p>\n<p class=\"western\" align=\"justify\"><span style=\"font-size: medium;\">TriCom est un n\u0153ud central de la corporatocratie mondiale qui a non seulement planifi\u00e9 le \u00ab\u00a0pacte\u00a0\u00bb <\/span><span style=\"font-size: medium;\">mais<\/span><span style=\"font-size: medium;\"> a <\/span><span style=\"font-size: medium;\">aussi <\/span><span style=\"font-size: medium;\">l\u2019intention d\u2019assumer le r\u00f4le de \u00ab\u00a0gardiens\u00a0\u00bb de la plan\u00e8te.<\/span><\/p>\n<p class=\"western\" align=\"justify\"><span style=\"font-size: medium;\">Comme l\u2019indique le Manifeste de Davos (destin\u00e9 aux chefs d\u2019entreprise) du Forum \u00e9conomique mondial\u00a0: \u00ab\u00a0La gestion doit \u00eatre au service de la soci\u00e9t\u00e9. <\/span><span style=\"font-size: medium;\">Elle<\/span><span style=\"font-size: medium;\"> doit assumer le r\u00f4le de gardien de l\u2019univers mat\u00e9riel pour les g\u00e9n\u00e9rations futures\u00a0\u00bb.<\/span><\/p>\n<p class=\"western\" align=\"justify\"><span style=\"font-size: large;\"><b>Pr\u00e9vision strat\u00e9gique<\/b><\/span><\/p>\n<p class=\"western\" align=\"justify\"><span style=\"font-size: medium;\">Le nouveau syst\u00e8me est bas\u00e9 sur la \u00ab\u00a0planification anticip\u00e9e\u00a0\u00bb, o\u00f9 une collecte massive de donn\u00e9es et la surveillance des personnes et des syst\u00e8mes terrestres seront utilis\u00e9es pour soutenir la prise de d\u00e9cision et la gestion des crises. Les d\u00e9tails de ce syst\u00e8me sont r\u00e9gis par <\/span><a href=\"https:\/\/www.un.org\/techenvoy\/sites\/www.un.org.techenvoy\/files\/GlobalDigitalCompact_rev2.pdf\" target=\"_blank\" rel=\"noopener\"><span style=\"font-size: medium;\"><i>le Pacte num\u00e9rique mondial<\/i><\/span><\/a><span style=\"font-size: medium;\">.<\/span><\/p>\n<p class=\"western\" align=\"justify\"><img loading=\"lazy\" decoding=\"async\" class=\"alignnone size-full\" src=\"https:\/\/substackcdn.com\/image\/fetch\/w_1456,c_limit,f_webp,q_auto:good,fl_progressive:steep\/https%3A%2F%2Fsubstack-post-media.s3.amazonaws.com%2Fpublic%2Fimages%2F3215fb0a-5244-4cf0-bcf6-165ec4d71d9d_1364x292.png\" width=\"1364\" height=\"292\" \/><\/p>\n<dl>\n<dd>\n<table border=\"1\" width=\"574\" cellspacing=\"0\" cellpadding=\"0\">\n<tbody>\n<tr>\n<td valign=\"top\" width=\"574\">\n<p class=\"western\" align=\"justify\">Traduction en fran\u00e7ais\u00a0:<\/p>\n<p class=\"western\" align=\"justify\">(c) D\u00e9velopper des syst\u00e8mes de donn\u00e9es ouverts et accessibles pour soutenir des alertes pr\u00e9coces efficaces, des actions rapides et des r\u00e9ponses aux crises (<i>ODD\u00a01.1<\/i>)\u00a0; et<\/p>\n<p class=\"western\" align=\"justify\">(d) Cr\u00e9er des syst\u00e8mes internationaux de collecte de donn\u00e9es et des ensembles de donn\u00e9es partag\u00e9s, pour am\u00e9liorer la surveillance et les actions en faveur de l\u2019action pour le climat, la vie sous l\u2019eau, la vie sur terre et d\u2019autres objectifs de d\u00e9veloppement durable. Notre objectif est le d\u00e9veloppement d\u2019ensembles de donn\u00e9es de qualit\u00e9, tels qu\u2019un ensemble de donn\u00e9es environnementales mondiales sur la mise en \u0153uvre de l\u2019Accord de Paris et de la Convention-cadre des Nations Unies sur les changements climatiques (<i>ODD 13<\/i>).<\/p>\n<\/td>\n<\/tr>\n<\/tbody>\n<\/table>\n<\/dd>\n<\/dl>\n<p class=\"western\" align=\"justify\"><span style=\"font-size: medium;\">Cela signifie que la quasi-totalit\u00e9 de la population mondiale devra \u00eatre connect\u00e9e \u00e0 l\u2019internet et que des syst\u00e8mes d\u2019IA \u00ab\u00a0fiables\u00a0\u00bb seront d\u00e9velopp\u00e9s pour acc\u00e9l\u00e9rer la r\u00e9alisation des objectifs de d\u00e9veloppement durable.<\/span><\/p>\n<p><iframe loading=\"lazy\" title=\"AI for Good Global Summit Day 1\" src=\"https:\/\/www.youtube.com\/embed\/oNP6W8bl0XI\" width=\"728\" height=\"410\" frameborder=\"0\" allowfullscreen=\"allowfullscreen\"><\/iframe><\/p>\n<p class=\"western\" align=\"justify\"><span style=\"font-size: medium;\">La transformation num\u00e9rique sera r\u00e9alis\u00e9e en partenariat avec les institutions financi\u00e8res internationales, le secteur priv\u00e9, les universit\u00e9s, la communaut\u00e9 technique et la soci\u00e9t\u00e9 civile. Bien s\u00fbr, cela signifie, comme pendant la \u00ab\u00a0pand\u00e9mie\u00a0\u00bb, des opportunit\u00e9s commerciales pour les g\u00e9ants de la technologie.<\/span><\/p>\n<p class=\"western\" align=\"justify\"><span style=\"font-size: medium;\">Le pacte pr\u00e9voit \u00e9galement un soutien \u00e0 la mise \u00e0 niveau des Nations unies vers <\/span><span style=\"font-size: medium;\">une <\/span><span style=\"font-size: medium;\">\u00ab\u00a0<\/span><span style=\"font-size: medium;\">O<\/span><span style=\"font-size: medium;\">N<\/span><span style=\"font-size: medium;\">U\u00a0<\/span><span style=\"font-size: medium;\">2.0\u00a0\u00bb.<\/span><\/p>\n<p class=\"western\" align=\"justify\"><img loading=\"lazy\" decoding=\"async\" class=\"alignnone size-full\" src=\"https:\/\/substackcdn.com\/image\/fetch\/w_1456,c_limit,f_webp,q_auto:good,fl_progressive:steep\/https%3A%2F%2Fsubstack-post-media.s3.amazonaws.com%2Fpublic%2Fimages%2Fd4bf868f-76ed-42a1-bee4-2388cb336c16_1471x188.png\" width=\"1456\" height=\"186\" \/><\/p>\n<dl>\n<dd>\n<table border=\"1\" width=\"574\" cellspacing=\"0\" cellpadding=\"0\">\n<tbody>\n<tr>\n<td valign=\"top\" width=\"574\">\n<p class=\"western\" align=\"justify\">Traduction en fran\u00e7ais\u00a0:<\/p>\n<p class=\"western\" align=\"justify\">(a) Soutenir le Secr\u00e9taire g\u00e9n\u00e9ral pour parvenir \u00e0 une Organisation des Nations Unies plus agile, r\u00e9active et r\u00e9siliente, notamment en mettant en \u0153uvre la vision de l\u2019ONU\u00a02.0 pour renforcer les capacit\u00e9s de l\u2019Organisation en mati\u00e8re d\u2019innovation, d\u2019analyse des donn\u00e9es, de transformation num\u00e9rique, de prospective strat\u00e9gique et de sciences comportementales, afin de mieux soutenir les \u00c9tats membres et de remplir ses mandats.<\/p>\n<\/td>\n<\/tr>\n<\/tbody>\n<\/table>\n<\/dd>\n<\/dl>\n<p class=\"western\" align=\"justify\"><span style=\"font-size: medium;\">Cela concerne la mani\u00e8re dont la collecte de donn\u00e9es doit \u00eatre utilis\u00e9e par l\u2019ONU pour aider les \u00c9tats membres \u00e0 mettre en \u0153uvre les changements jug\u00e9s n\u00e9cessaires. Ce travail a d\u00e9j\u00e0 commenc\u00e9 avec le lancement du <a href=\"https:\/\/un-futureslab.org\/\" target=\"_blank\" rel=\"noopener\">Laboratoire des futurs de l\u2019ONU<\/a> et de <a href=\"https:\/\/www.un.org\/two-zero\/en\">l\u2019ONU\u00a02.0\u00a0: Quintet of Change<\/a>. Gr\u00e2ce \u00e0 diverses techniques (telles que le nudging et le sludging), nous serons persuad\u00e9s de faire les \u00ab\u00a0bons choix\u00a0\u00bb afin d\u2019\u00e9viter le \u00ab\u00a0malheur\u00a0\u00bb et de cr\u00e9er un \u00ab\u00a0monde meilleur\u00a0\u00bb.<\/span><\/p>\n<p class=\"western\" align=\"justify\"><img loading=\"lazy\" decoding=\"async\" class=\"alignnone size-full\" src=\"https:\/\/substackcdn.com\/image\/fetch\/w_1456,c_limit,f_webp,q_auto:good,fl_progressive:steep\/https%3A%2F%2Fsubstack-post-media.s3.amazonaws.com%2Fpublic%2Fimages%2F64dba834-3160-4b5f-bed0-210e2d846cba_814x473.png\" width=\"814\" height=\"473\" \/><\/p>\n<p class=\"western\" align=\"justify\"><span style=\"font-size: medium;\">Il est clair que la pens\u00e9e des futurologues sur la planification \u00e0 long terme et la prospective a pris le dessus \u00e0 l\u2019ONU. C\u2019est la \u00ab\u00a0<a href=\"https:\/\/www.weforum.org\/focus\/fourth-industrial-revolution\/\">quatri\u00e8me r\u00e9volution industrielle<\/a>\u00a0\u00bb du Forum \u00e9conomique mondial qui r\u00e9soudra les probl\u00e8mes du monde. Nous assistons \u00e0 la naissance de la soci\u00e9t\u00e9 technologique mondiale dont r\u00eavaient les utopistes de la <a href=\"https:\/\/www.worldfuture.org\/\" target=\"_blank\" rel=\"noopener\">World Future Society<\/a> dans les ann\u00e9es\u00a01970. Comme le d\u00e9crit leur site web\u00a0:<\/span><\/p>\n<p class=\"western\" align=\"justify\"><span style=\"font-size: medium;\">Covid-19 est la premi\u00e8re fois dans l\u2019existence de notre esp\u00e8ce que nous faisons l\u2019exp\u00e9rience, \u00e0 l\u2019\u00e9chelle mondiale, d\u2019un effondrement potentiel des syst\u00e8mes de notre civilisation. Nous avons maintenant l\u2019occasion de cr\u00e9er une civilisation de type <\/span><span style=\"font-size: medium;\">un<\/span><span style=\"font-size: medium;\">, capable de mieux g\u00e9rer la croissance exponentielle et le progr\u00e8s humain<\/span><span style=\"font-size: medium;\">s<\/span><span style=\"font-size: medium;\">.<\/span><\/p>\n<p class=\"western\" align=\"justify\"><span style=\"font-size: medium;\">Mais elle est \u00e9galement enracin\u00e9 dans la vision <a href=\"https:\/\/fr.wikipedia.org\/wiki\/Long-termisme\" target=\"_blank\" rel=\"noopener\">long-term<\/a><\/span><a href=\"https:\/\/fr.wikipedia.org\/wiki\/Long-termisme\"><span style=\"font-size: medium;\">ist<\/span><span style=\"font-size: medium;\">e<\/span><\/a><span style=\"font-size: medium;\"> selon laquelle il est moralement prioritaire d\u2019influencer les \u00e9v\u00e9nements futurs afin d\u2019\u00e9viter <\/span><span style=\"font-size: medium;\">d<\/span><span style=\"font-size: medium;\">es risques existentiels extr\u00eames. Cette id\u00e9e a \u00e9t\u00e9 lanc\u00e9e par le philosophe su\u00e9dois Nick Bostrom. Toutefois, ses racines remontent \u00e0 des auteurs de science-fiction tels que H.G. Wells et <\/span><span style=\"font-size: medium;\">aux<\/span><span style=\"font-size: medium;\"> technocrates aux uniformes gris de <a href=\"https:\/\/www.technocracyinc.org\/\" target=\"_blank\" rel=\"noopener\">Technocracy Inc<\/a> (dont <a href=\"https:\/\/sv.technocracy.news\/\">Patrick Wood<\/a> a document\u00e9 l\u2019histoire en d\u00e9tail dans ses livres et ses articles).<\/span><\/p>\n<p class=\"western\" align=\"justify\"><span style=\"font-size: medium;\">En 1932, Wells a invent\u00e9 le terme \u00ab\u00a0Foresight\u00a0\u00bb (pr\u00e9vision), qui d\u00e9signe \u00ab\u00a0la capacit\u00e9 \u00e0 pr\u00e9dire ce qui se passera ou ce qui <\/span><span style=\"font-size: medium;\">sera<\/span><span style=\"font-size: medium;\"> n\u00e9cessaire dans le futur\u00a0\u00bb.<\/span><\/p>\n<p class=\"western\" align=\"justify\"><span style=\"font-size: medium;\">Cette pens\u00e9e est \u00e9galement associ\u00e9e \u00e0 la trilogie de la Fondation <\/span><span style=\"font-size: medium;\">publi\u00e9e entre<\/span><span style=\"font-size: medium;\"> 1951 \u00e0 1953 de l\u2019auteur de science-fiction et futuriste Isaac Asimov, o\u00f9 l\u2019application de la science fictive de la \u00ab\u00a0psychohistoire\u00a0\u00bb a \u00e9t\u00e9 utilis\u00e9e pour pr\u00e9dire des \u00e9v\u00e9nements futurs.<\/span><\/p>\n<p class=\"western\" align=\"justify\"><span style=\"font-size: large;\"><b>Plate-forme d\u2019urgence pour r\u00e9pondre aux chocs mondiaux<\/b><\/span><\/p>\n<p class=\"western\" align=\"justify\"><span style=\"font-size: medium;\">L\u2019une des actions les plus importantes du pacte est le \u00ab\u00a0renforcement de la r\u00e9ponse internationale aux chocs mondiaux complexes\u00a0\u00bb. Il s\u2019agit d\u2019\u00e9v\u00e9nements qui ont \u00ab\u00a0des cons\u00e9quences gravement perturbatrices et n\u00e9fastes pour une proportion importante de pays et de la population mondiale\u00a0\u00bb.<\/span><\/p>\n<p class=\"western\" align=\"justify\"><img loading=\"lazy\" decoding=\"async\" class=\"alignnone size-full\" src=\"https:\/\/substackcdn.com\/image\/fetch\/w_1456,c_limit,f_webp,q_auto:good,fl_progressive:steep\/https%3A%2F%2Fsubstack-post-media.s3.amazonaws.com%2Fpublic%2Fimages%2F856819a9-5ca5-4aef-b01c-2d986af51886_1309x169.png\" width=\"1309\" height=\"169\" \/><\/p>\n<dl>\n<dd>\n<table border=\"1\" width=\"582\" cellspacing=\"0\" cellpadding=\"0\">\n<tbody>\n<tr>\n<td valign=\"top\" width=\"582\">\n<p class=\"western\" align=\"justify\">Traduction en fran\u00e7ais :<\/p>\n<p class=\"western\" align=\"justify\">(a) \u00c9laborer, en consultation avec les \u00c9tats membres, des protocoles pour la convocation et la mise en \u0153uvre de plateformes d&rsquo;urgence bas\u00e9es sur des approches flexibles afin de r\u00e9pondre \u00e0 une gamme de chocs globaux complexes, y compris des crit\u00e8res pour d\u00e9clencher et mettre fin aux plateformes d&rsquo;urgence, en veillant \u00e0 ce que celles-ci soient convoqu\u00e9es pour une dur\u00e9e limit\u00e9e et ne deviennent pas une institution ou une entit\u00e9 permanente.<\/p>\n<\/td>\n<\/tr>\n<\/tbody>\n<\/table>\n<\/dd>\n<\/dl>\n<p class=\"western\" align=\"justify\"><span style=\"font-size: medium;\">Il est donc demand\u00e9 au Secr\u00e9taire g\u00e9n\u00e9ral d\u2019\u00e9laborer des \u00ab\u00a0protocoles pour convoquer et rendre op\u00e9rationnelles des plateformes d\u2019urgence bas\u00e9es sur des approches flexibles pour r\u00e9pondre \u00e0 une s\u00e9rie de chocs mondiaux diff\u00e9rents et complexes\u00a0\u00bb.<\/span><\/p>\n<p class=\"western\" align=\"justify\"><span style=\"font-size: medium;\">Toutefois, il faut tenir compte de \u00ab\u00a0la souverainet\u00e9 et du consentement nationaux, de la justice, de la solidarit\u00e9 et du partenariat\u00a0\u00bb. En pratique, cela signifie que les \u00c9tats membres seront responsables de la mise en \u0153uvre de toute mesure sur leur propre territoire. La plateforme n\u2019est pas cens\u00e9e \u00eatre permanente, mais selon l\u2019aper\u00e7u de la politique de <\/span><a href=\"https:\/\/www.un.org\/sites\/un2.un.org\/files\/our-common-agenda-policy-brief-emergency-platform-en.pdf\" target=\"_blank\" rel=\"noopener\"><span style=\"font-size: medium;\"><i>la plateforme d\u2019urgence<\/i><\/span><\/a><span style=\"font-size: medium;\">, la mission peut \u00eatre prolong\u00e9e si cela s\u2019av\u00e8re n\u00e9cessaire.<\/span><\/p>\n<p class=\"western\" align=\"justify\"><span style=\"font-size: medium;\">En m\u00eame temps, comme lors de la pand\u00e9mie, les crises cr\u00e9ent des opportunit\u00e9s pour les r\u00e9seaux multi-acteurs qui seront convoqu\u00e9s pour faire face au \u00ab\u00a0choc\u00a0\u00bb actuel. Cela se fera sans aucun doute en \u00e9troite collaboration avec le partenaire strat\u00e9gique des Nations unies, le Forum \u00e9conomique mondial <\/span><span style=\"font-size: medium;\">(FEM)<\/span><span style=\"font-size: medium;\">, et les entreprises mondiales.<\/span><\/p>\n<p class=\"western\" align=\"justify\"><span style=\"font-size: medium;\">Comme l\u2019a dit B\u00f6rge Brende, directeur ex\u00e9cutif du FEM, \u00e0 Ant\u00f3nio Guterres \u00e0 Davos en janvier\u00a0: \u00ab\u00a0Nous attendons \u00e9galement avec impatience votre Sommet du Futur en septembre, et vous pouvez compter sur nous et sur notre soutien total\u00a0\u00bb.<\/span><\/p>\n<p><iframe loading=\"lazy\" title=\"UN Chief at WEF 2024 in Davos | United Nations\" src=\"https:\/\/www.youtube.com\/embed\/MQQ9fyRP3WA\" width=\"728\" height=\"410\" frameborder=\"0\" allowfullscreen=\"allowfullscreen\"><\/iframe><\/p>\n<p class=\"western\" align=\"justify\"><span style=\"font-size: medium;\">Une fois les protocoles mis en place, le monde ne tardera probablement pas \u00e0 \u00eatre confront\u00e9 \u00e0 un nouveau choc mondial complexe.<\/span><\/p>\n<p class=\"western\" align=\"justify\"><span style=\"font-size: medium;\">La Commission sur la gouvernance climatique a appel\u00e9 les Nations unies \u00e0 d\u00e9clarer une urgence plan\u00e9taire dans le cadre du Sommet de l\u2019avenir. Cela conduirait \u00e0 la convocation d\u2019une plateforme d\u2019urgence et \u00e0 la mise en \u0153uvre d\u2019un plan d\u2019urgence plan\u00e9taire <\/span><span style=\"font-size: medium;\">[<a class=\"sdfootnoteanc\" href=\"#sdfootnote5sym\" name=\"sdfootnote5anc\"><sup>5<\/sup><\/a>]<\/span><span style=\"font-size: medium;\">. En arri\u00e8re-plan, tous les pr\u00e9paratifs n\u00e9cessaires ont d\u00e9j\u00e0 \u00e9t\u00e9 mis en place. Un exemple est le projet <\/span><span style=\"font-size: medium;\"><i>Global Commons Alliance<\/i><\/span><span style=\"font-size: medium;\"> du Rockefeller Philanthropy Advisor, dans lequel Rockstr\u00f6m joue une fois de plus un r\u00f4le de premier plan.<\/span><\/p>\n<p class=\"western\" align=\"justify\"><span style=\"font-size: medium;\">Mais il semble peu probable qu\u2019ils obtiennent un soutien suffisant pour une d\u00e9claration d\u2019urgence plan\u00e9taire d\u00e8s le mois de septembre.<\/span><\/p>\n<p class=\"western\" align=\"justify\"><span style=\"font-size: medium;\">Mais il existe un certain nombre d\u2019autres crises mondiales imminentes qui se profilent \u00e0 l\u2019horizon et auxquelles la nouvelle administration pr\u00e9sidentielle am\u00e9ricaine et la nouvelle Commission europ\u00e9enne devront probablement faire face.<\/span><\/p>\n<p class=\"western\" align=\"justify\"><span style=\"font-size: medium;\">Dans l\u2019aper\u00e7u politique qui l\u2019accompagne, sept chocs complexes concevables sont \u00e9num\u00e9r\u00e9s. Cette liste fait ind\u00e9niablement r\u00e9f\u00e9rence \u00e0 l\u2019Apocalypse et peut \u00eatre reli\u00e9e \u00e0 un \u00e9ventuel krach financier mondial et \u00e0 une guerre mondiale correspondante. Le grand \u00e9v\u00e9nement sur lequel <a href=\"https:\/\/unlimitedhangout.com\/\">Whitney Webb<\/a> et d\u2019autres ont mis en garde et qui a \u00e9t\u00e9 discut\u00e9 par les conseillers des Nations unies de <a href=\"https:\/\/www.youtube.com\/watch?v=LEQ1ZGN0DJM\" target=\"_blank\" rel=\"noopener\">la Commission sur la gouvernance climatique<\/a>.<\/span><\/p>\n<p class=\"western\" align=\"justify\"><span style=\"font-size: large;\"><b>Vers une dictature technocratique\u00a0?<\/b><\/span><\/p>\n<p class=\"western\" align=\"justify\"><span style=\"font-size: medium;\">\u00c0 mon avis, ces crises sont cens\u00e9es \u00eatre l\u2019\u00e9l\u00e9ment d\u00e9clencheur (rupture <\/span><span style=\"font-size: medium;\">ou effondrement<\/span><span style=\"font-size: medium;\">) qui nous fera entrer dans le nouveau syst\u00e8me (perc\u00e9e <\/span><span style=\"font-size: medium;\">ou avanc\u00e9e<\/span><span style=\"font-size: medium;\">), dans lequel un organe directeur mondial prend<\/span><span style=\"font-size: medium;\">ra<\/span><span style=\"font-size: medium;\"> place au sein du Conseil de tutelle pour superviser les syst\u00e8mes de maintien de la vie (l\u2019\u00e9cologie) et un \u00ab\u00a0organe mondial <\/span><span style=\"font-size: medium;\">supr\u00eame<\/span><span style=\"font-size: medium;\">\u00a0\u00bb supervise<\/span><span style=\"font-size: medium;\">ra<\/span><span style=\"font-size: medium;\"> l\u2019\u00e9conomie mondiale.<\/span><\/p>\n<p class=\"western\" align=\"justify\"><span style=\"font-size: medium;\">Comme l\u2019\u00e9crivait le futurologue John Platt en 1975 \u00e0 l\u2019occasion de la conf\u00e9rence de la World Future Society \u00ab\u00a0<\/span><span style=\"font-size: medium;\"><i>The Next 25 Years: Crises and Opportunities<\/i><\/span><span style=\"font-size: medium;\">\u00a0\u00bb\u00a0:<\/span><\/p>\n<p class=\"western\" align=\"justify\"><span style=\"font-size: medium;\">Ces crises, pour redoutables qu\u2019elles soient, offrent \u00e9galement la possibilit\u00e9 d\u2019\u00eatre des tremplins vers de meilleures m\u00e9thodes d\u2019organisation et de gestion mondiales pour la prosp\u00e9rit\u00e9 de tous <\/span><span style=\"font-size: medium;\">[<a class=\"sdfootnoteanc\" href=\"#sdfootnote6sym\" name=\"sdfootnote6anc\"><sup>6<\/sup><\/a>]<\/span><span style=\"font-size: medium;\">.<\/span><\/p>\n<p class=\"western\" align=\"justify\"><span style=\"font-size: medium;\">Tout sera rendu possible gr\u00e2ce \u00e0 la collecte massive de donn\u00e9es et \u00e0 la surveillance num\u00e9rique. C\u2019est la soci\u00e9t\u00e9 que Zbigniew Brzezinski, cofondateur de TriCom, avait imagin\u00e9e en 1968\u00a0:<\/span><\/p>\n<p class=\"western\" align=\"justify\"><span style=\"font-size: medium;\">Le pouvoir gravitera autour de ceux qui contr\u00f4lent l\u2019information et peuvent la corr\u00e9ler le plus rapidement. Nos institutions actuelles de gestion d\u2019apr\u00e8s-crise seront probablement compl\u00e9t\u00e9es par des institutions de gestion d\u2019avant-crise, dont la t\u00e2che consistera \u00e0 identifier \u00e0 l\u2019avance les crises sociales probables et \u00e0 \u00e9laborer des programmes pour y faire face. Cela pourrait favoriser, au cours des prochaines d\u00e9cennies, une tendance \u00e0 la dictature technocratique, laissant de moins en moins de place aux proc\u00e9dures politiques telles que nous les connaissons aujourd\u2019hui <\/span><span style=\"font-size: medium;\">[<a class=\"sdfootnoteanc\" href=\"#sdfootnote7sym\" name=\"sdfootnote7anc\"><sup>7<\/sup><\/a>]<\/span><span style=\"font-size: medium;\">.<\/span><\/p>\n<p class=\"western\" align=\"justify\"><span style=\"font-size: medium;\">Quoi qu&rsquo;il en soit, c\u2019est l\u2019avenir que souhaite la corporatocratie mondiale. Mais nous n\u2019en sommes pas encore l\u00e0 et beaucoup de choses peuvent se produire en cours de route.<\/span><\/p>\n<p class=\"western\" align=\"justify\"><span style=\"font-size: medium;\">Je conclurai par ma pr\u00e9sentation au Summer Emergency Broadcast Summit, o\u00f9 j\u2019ai parl\u00e9 des origines du Pacte pour l\u2019avenir.<\/span><\/p>\n<p align=\"justify\"><a href=\"https:\/\/rumble.com\/embed\/v57b81p\/?pub=be5fp\" target=\"_blank\" rel=\"noopener\"><img loading=\"lazy\" decoding=\"async\" class=\"alignnone size-full\" src=\"https:\/\/substackcdn.com\/image\/fetch\/w_1456,c_limit,f_webp,q_auto:good,fl_progressive:steep\/https%3A%2F%2Fsubstack-post-media.s3.amazonaws.com%2Fpublic%2Fimages%2Fec6d0a39-7d39-4a1d-b1ea-8aff5b2fabee_1479x828.png\" width=\"1456\" height=\"815\" \/><\/a><\/p>\n<p class=\"western\" align=\"justify\"><span style=\"font-size: medium;\">Text original: <\/span><span style=\"color: #000080;\"><u><a href=\"https:\/\/drjacobnordangard.substack.com\/p\/the-ultimate-goal-of-the-pact-for\" target=\"_blank\" rel=\"noopener\"><span style=\"font-size: medium;\">https:\/\/drjacobnordangard.substack.com\/p\/the-ultimate-goal-of-the-pact-for<\/span><\/a><\/u><\/span><\/p>\n<p align=\"justify\">____________________________________<\/p>\n<div id=\"sdfootnote1\">\n<p class=\"western\" align=\"justify\"><a class=\"sdfootnotesym\" href=\"#sdfootnote1anc\" name=\"sdfootnote1sym\">1<\/a><span style=\"font-size: medium;\"> <a href=\"https:\/\/www.un.org\/scientific-advisory-board\/en\" target=\"_blank\" rel=\"noopener\">un.org\/scientific-advisory-board\/<\/a><\/span><a href=\"https:\/\/www.un.org\/scientific-advisory-board\/en\"><span style=\"font-size: medium;\">en<\/span><\/a><\/p>\n<\/div>\n<div id=\"sdfootnote2\">\n<p class=\"western\" align=\"justify\"><a class=\"sdfootnotesym\" href=\"#sdfootnote2anc\" name=\"sdfootnote2sym\">2<\/a><span style=\"font-size: medium;\"> <a href=\"https:\/\/arxiv.org\/html\/2401.12566v1\" target=\"_blank\" rel=\"noopener\">arxiv.org\/html\/2401.12566v1<\/a><\/span><\/p>\n<\/div>\n<div id=\"sdfootnote3\">\n<p class=\"western\" align=\"justify\"><a class=\"sdfootnotesym\" href=\"#sdfootnote3anc\" name=\"sdfootnote3sym\">3<\/a><span style=\"font-size: medium;\"> <a href=\"https:\/\/www.stimson.org\/wp-content\/uploads\/2022\/06\/GGIN-Report-061322-WEB2.pdf\" target=\"_blank\" rel=\"noopener\">stimson.org\/wp-content\/uploads\/2022\/06\/GGIN-Report-061322-WEB2.pdf<\/a><\/span><\/p>\n<\/div>\n<div id=\"sdfootnote4\">\n<p class=\"western\" align=\"justify\"><a class=\"sdfootnotesym\" href=\"#sdfootnote4anc\" name=\"sdfootnote4sym\">4<\/a><span style=\"font-size: medium;\"> <a href=\"https:\/\/globalchallenges.org\/app\/uploads\/2024\/05\/Towards-a-planetary-commons-approach_24.05.pdf\" target=\"_blank\" rel=\"noopener\">globalchallenges.org\/app\/uploads\/2024\/05\/Towards-a-planetary-commons-approach_24.05.pdf<\/a><\/span><\/p>\n<\/div>\n<div id=\"sdfootnote5\">\n<p class=\"sdfootnote-western\" align=\"justify\"><a class=\"sdfootnotesym\" href=\"#sdfootnote5anc\" name=\"sdfootnote5sym\">5<\/a><span style=\"font-size: medium;\"> <a href=\"https:\/\/www.stimson.org\/wp-content\/uploads\/2023\/11\/Governing-Our-Planetary-Emergency-Report_WEB-1.pdf\" target=\"_blank\" rel=\"noopener\">www.stimson.org\/wp-content\/uploads\/2023\/11\/Governing-Our-Planetary-Emergency-Report_WEB-1.pdf<\/a><\/span><\/p>\n<\/div>\n<div id=\"sdfootnote6\">\n<p class=\"western\" align=\"justify\"><span style=\"font-size: medium;\"><a class=\"sdfootnotesym\" href=\"#sdfootnote6anc\" name=\"sdfootnote6sym\">6<\/a> Spekke, A. E. (1975). <i>The next 25 years: Crisis and Opportunity<\/i>. Washington: World Future Society. s.9<\/span><\/p>\n<\/div>\n<div id=\"sdfootnote7\">\n<p class=\"western\" align=\"justify\"><a class=\"sdfootnotesym\" href=\"#sdfootnote7anc\" name=\"sdfootnote7sym\">7<\/a><span style=\"font-size: medium;\"> Brzezinski. Z. (1968), \u2018America in the Technetronic Era\u2019, In Kaleb, G (red.), <\/span><span style=\"font-size: medium;\"><i>Utopia: The Potential and Prospect for the Human Condition<\/i><\/span><span style=\"font-size: medium;\">, Routledge, Oxford, s. 137<\/span><\/p>\n<\/div>\n","protected":false},"excerpt":{"rendered":"<p>20\u00a0ao\u00fbt 2024 Introduction Chers amis, Cette semaine, le chercheur su\u00e9dois Jacob Nordangard explique ce que les Nations unies et leurs partenaires, donateurs et parties prenantes ont pr\u00e9par\u00e9 pour la r\u00e9union de l\u2019Assembl\u00e9e g\u00e9n\u00e9rale des Nations unies de septembre 2024\u00a0: Un Pacte pour l\u2019avenir. Trois documents sont propos\u00e9s aux diplomates r\u00e9unis. Ils sont pleins d\u2019ambigu\u00eft\u00e9 et [&hellip;]<\/p>\n","protected":false},"author":2,"featured_media":20147,"comment_status":"closed","ping_status":"closed","sticky":false,"template":"","format":"standard","meta":{"footnotes":""},"categories":[1540],"tags":[1914,1411,1133,1715,171,1657,1933],"class_list":["post-20146","post","type-post","status-publish","format-standard","has-post-thumbnail","hentry","category-actualite","tag-biosurveillance","tag-controle","tag-democratie","tag-dictature-technologique","tag-liberte","tag-mondialisme","tag-onu"],"yoast_head":"<!-- This site is optimized with the Yoast SEO plugin v27.0 - https:\/\/yoast.com\/product\/yoast-seo-wordpress\/ -->\n<title>L\u2019objectif ultime du Pacte pour l\u2019avenir\u00a0: Une technocratie plan\u00e9taire pour g\u00e9rer les crises mondiales au nom de la corporatocratie mondiale par Jacob Nordang\u00e5rd - 3e mill\u00e9naire - Spiritualit\u00e9 - Connaissance de soi - Non-dualit\u00e9 - M\u00e9ditation<\/title>\n<meta name=\"robots\" content=\"index, follow, max-snippet:-1, max-image-preview:large, max-video-preview:-1\" \/>\n<link rel=\"canonical\" href=\"https:\/\/www.revue3emillenaire.com\/blog\/lobjectif-ultime-du-pacte-pour-lavenir-une-technocratie-planetaire-pour-gerer-les-crises-mondiales-au-nom-de-la-corporatocratie-mondiale-par-jacob-nordangard\/\" \/>\n<meta property=\"og:locale\" content=\"fr_FR\" \/>\n<meta property=\"og:type\" content=\"article\" \/>\n<meta property=\"og:title\" content=\"L\u2019objectif ultime du Pacte pour l\u2019avenir\u00a0: Une technocratie plan\u00e9taire pour g\u00e9rer les crises mondiales au nom de la corporatocratie mondiale par Jacob Nordang\u00e5rd - 3e mill\u00e9naire - Spiritualit\u00e9 - Connaissance de soi - Non-dualit\u00e9 - M\u00e9ditation\" \/>\n<meta property=\"og:description\" content=\"20\u00a0ao\u00fbt 2024 Introduction Chers amis, Cette semaine, le chercheur su\u00e9dois Jacob Nordangard explique ce que les Nations unies et leurs partenaires, donateurs et parties prenantes ont pr\u00e9par\u00e9 pour la r\u00e9union de l\u2019Assembl\u00e9e g\u00e9n\u00e9rale des Nations unies de septembre 2024\u00a0: Un Pacte pour l\u2019avenir. Trois documents sont propos\u00e9s aux diplomates r\u00e9unis. Ils sont pleins d\u2019ambigu\u00eft\u00e9 et [&hellip;]\" \/>\n<meta property=\"og:url\" content=\"https:\/\/www.revue3emillenaire.com\/blog\/lobjectif-ultime-du-pacte-pour-lavenir-une-technocratie-planetaire-pour-gerer-les-crises-mondiales-au-nom-de-la-corporatocratie-mondiale-par-jacob-nordangard\/\" \/>\n<meta property=\"og:site_name\" content=\"3e mill\u00e9naire - Spiritualit\u00e9 - Connaissance de soi - Non-dualit\u00e9 - M\u00e9ditation\" \/>\n<meta property=\"article:published_time\" content=\"2024-08-21T23:07:47+00:00\" \/>\n<meta property=\"og:image\" content=\"https:\/\/www.revue3emillenaire.com\/blog\/wp-content\/uploads\/2024\/08\/Jacob-Nordangard.jpg\" \/>\n\t<meta property=\"og:image:width\" content=\"369\" \/>\n\t<meta property=\"og:image:height\" content=\"367\" \/>\n\t<meta property=\"og:image:type\" content=\"image\/jpeg\" \/>\n<meta name=\"author\" content=\"3e mill\u00e9naire\" \/>\n<meta name=\"twitter:card\" content=\"summary_large_image\" \/>\n<meta name=\"twitter:label1\" content=\"\u00c9crit par\" \/>\n\t<meta name=\"twitter:data1\" content=\"3e mill\u00e9naire\" \/>\n\t<meta name=\"twitter:label2\" content=\"Dur\u00e9e de lecture estim\u00e9e\" \/>\n\t<meta name=\"twitter:data2\" content=\"24 minutes\" \/>\n<script type=\"application\/ld+json\" class=\"yoast-schema-graph\">{\"@context\":\"https:\/\/schema.org\",\"@graph\":[{\"@type\":\"Article\",\"@id\":\"https:\/\/www.revue3emillenaire.com\/blog\/lobjectif-ultime-du-pacte-pour-lavenir-une-technocratie-planetaire-pour-gerer-les-crises-mondiales-au-nom-de-la-corporatocratie-mondiale-par-jacob-nordangard\/#article\",\"isPartOf\":{\"@id\":\"https:\/\/www.revue3emillenaire.com\/blog\/lobjectif-ultime-du-pacte-pour-lavenir-une-technocratie-planetaire-pour-gerer-les-crises-mondiales-au-nom-de-la-corporatocratie-mondiale-par-jacob-nordangard\/\"},\"author\":{\"name\":\"3e mill\u00e9naire\",\"@id\":\"https:\/\/www.revue3emillenaire.com\/blog\/#\/schema\/person\/b692dacff720a5344a6190bc714397eb\"},\"headline\":\"L\u2019objectif ultime du Pacte pour l\u2019avenir\u00a0: Une technocratie plan\u00e9taire pour g\u00e9rer les crises mondiales au nom de la corporatocratie mondiale par Jacob Nordang\u00e5rd\",\"datePublished\":\"2024-08-21T23:07:47+00:00\",\"mainEntityOfPage\":{\"@id\":\"https:\/\/www.revue3emillenaire.com\/blog\/lobjectif-ultime-du-pacte-pour-lavenir-une-technocratie-planetaire-pour-gerer-les-crises-mondiales-au-nom-de-la-corporatocratie-mondiale-par-jacob-nordangard\/\"},\"wordCount\":4753,\"image\":{\"@id\":\"https:\/\/www.revue3emillenaire.com\/blog\/lobjectif-ultime-du-pacte-pour-lavenir-une-technocratie-planetaire-pour-gerer-les-crises-mondiales-au-nom-de-la-corporatocratie-mondiale-par-jacob-nordangard\/#primaryimage\"},\"thumbnailUrl\":\"https:\/\/www.revue3emillenaire.com\/blog\/wp-content\/uploads\/2024\/08\/Jacob-Nordangard.jpg\",\"keywords\":[\"Biosurveillance\",\"Contr\u00f4le\",\"D\u00e9mocratie\",\"Dictature technologique\",\"Libert\u00e9\",\"Mondialisme\",\"ONU\"],\"articleSection\":[\"Actualit\u00e9s\"],\"inLanguage\":\"fr-FR\"},{\"@type\":\"WebPage\",\"@id\":\"https:\/\/www.revue3emillenaire.com\/blog\/lobjectif-ultime-du-pacte-pour-lavenir-une-technocratie-planetaire-pour-gerer-les-crises-mondiales-au-nom-de-la-corporatocratie-mondiale-par-jacob-nordangard\/\",\"url\":\"https:\/\/www.revue3emillenaire.com\/blog\/lobjectif-ultime-du-pacte-pour-lavenir-une-technocratie-planetaire-pour-gerer-les-crises-mondiales-au-nom-de-la-corporatocratie-mondiale-par-jacob-nordangard\/\",\"name\":\"L\u2019objectif ultime du Pacte pour l\u2019avenir\u00a0: Une technocratie plan\u00e9taire pour g\u00e9rer les crises mondiales au nom de la corporatocratie mondiale par Jacob Nordang\u00e5rd - 3e mill\u00e9naire - Spiritualit\u00e9 - Connaissance de soi - Non-dualit\u00e9 - M\u00e9ditation\",\"isPartOf\":{\"@id\":\"https:\/\/www.revue3emillenaire.com\/blog\/#website\"},\"primaryImageOfPage\":{\"@id\":\"https:\/\/www.revue3emillenaire.com\/blog\/lobjectif-ultime-du-pacte-pour-lavenir-une-technocratie-planetaire-pour-gerer-les-crises-mondiales-au-nom-de-la-corporatocratie-mondiale-par-jacob-nordangard\/#primaryimage\"},\"image\":{\"@id\":\"https:\/\/www.revue3emillenaire.com\/blog\/lobjectif-ultime-du-pacte-pour-lavenir-une-technocratie-planetaire-pour-gerer-les-crises-mondiales-au-nom-de-la-corporatocratie-mondiale-par-jacob-nordangard\/#primaryimage\"},\"thumbnailUrl\":\"https:\/\/www.revue3emillenaire.com\/blog\/wp-content\/uploads\/2024\/08\/Jacob-Nordangard.jpg\",\"datePublished\":\"2024-08-21T23:07:47+00:00\",\"author\":{\"@id\":\"https:\/\/www.revue3emillenaire.com\/blog\/#\/schema\/person\/b692dacff720a5344a6190bc714397eb\"},\"breadcrumb\":{\"@id\":\"https:\/\/www.revue3emillenaire.com\/blog\/lobjectif-ultime-du-pacte-pour-lavenir-une-technocratie-planetaire-pour-gerer-les-crises-mondiales-au-nom-de-la-corporatocratie-mondiale-par-jacob-nordangard\/#breadcrumb\"},\"inLanguage\":\"fr-FR\",\"potentialAction\":[{\"@type\":\"ReadAction\",\"target\":[\"https:\/\/www.revue3emillenaire.com\/blog\/lobjectif-ultime-du-pacte-pour-lavenir-une-technocratie-planetaire-pour-gerer-les-crises-mondiales-au-nom-de-la-corporatocratie-mondiale-par-jacob-nordangard\/\"]}]},{\"@type\":\"ImageObject\",\"inLanguage\":\"fr-FR\",\"@id\":\"https:\/\/www.revue3emillenaire.com\/blog\/lobjectif-ultime-du-pacte-pour-lavenir-une-technocratie-planetaire-pour-gerer-les-crises-mondiales-au-nom-de-la-corporatocratie-mondiale-par-jacob-nordangard\/#primaryimage\",\"url\":\"https:\/\/www.revue3emillenaire.com\/blog\/wp-content\/uploads\/2024\/08\/Jacob-Nordangard.jpg\",\"contentUrl\":\"https:\/\/www.revue3emillenaire.com\/blog\/wp-content\/uploads\/2024\/08\/Jacob-Nordangard.jpg\",\"width\":369,\"height\":367},{\"@type\":\"BreadcrumbList\",\"@id\":\"https:\/\/www.revue3emillenaire.com\/blog\/lobjectif-ultime-du-pacte-pour-lavenir-une-technocratie-planetaire-pour-gerer-les-crises-mondiales-au-nom-de-la-corporatocratie-mondiale-par-jacob-nordangard\/#breadcrumb\",\"itemListElement\":[{\"@type\":\"ListItem\",\"position\":1,\"name\":\"Accueil\",\"item\":\"https:\/\/www.revue3emillenaire.com\/blog\/\"},{\"@type\":\"ListItem\",\"position\":2,\"name\":\"L\u2019objectif ultime du Pacte pour l\u2019avenir\u00a0: Une technocratie plan\u00e9taire pour g\u00e9rer les crises mondiales au nom de la corporatocratie mondiale par Jacob Nordang\u00e5rd\"}]},{\"@type\":\"WebSite\",\"@id\":\"https:\/\/www.revue3emillenaire.com\/blog\/#website\",\"url\":\"https:\/\/www.revue3emillenaire.com\/blog\/\",\"name\":\"3e mill\u00e9naire - Spiritualit\u00e9 - Connaissance de soi - Non-dualit\u00e9 - M\u00e9ditation\",\"description\":\"L&#039;Homme en devenir\",\"potentialAction\":[{\"@type\":\"SearchAction\",\"target\":{\"@type\":\"EntryPoint\",\"urlTemplate\":\"https:\/\/www.revue3emillenaire.com\/blog\/?s={search_term_string}\"},\"query-input\":{\"@type\":\"PropertyValueSpecification\",\"valueRequired\":true,\"valueName\":\"search_term_string\"}}],\"inLanguage\":\"fr-FR\"},{\"@type\":\"Person\",\"@id\":\"https:\/\/www.revue3emillenaire.com\/blog\/#\/schema\/person\/b692dacff720a5344a6190bc714397eb\",\"name\":\"3e mill\u00e9naire\",\"url\":\"https:\/\/www.revue3emillenaire.com\/blog\/author\/scoussa\/\"}]}<\/script>\n<!-- \/ Yoast SEO plugin. -->","yoast_head_json":{"title":"L\u2019objectif ultime du Pacte pour l\u2019avenir\u00a0: Une technocratie plan\u00e9taire pour g\u00e9rer les crises mondiales au nom de la corporatocratie mondiale par Jacob Nordang\u00e5rd - 3e mill\u00e9naire - Spiritualit\u00e9 - Connaissance de soi - Non-dualit\u00e9 - M\u00e9ditation","robots":{"index":"index","follow":"follow","max-snippet":"max-snippet:-1","max-image-preview":"max-image-preview:large","max-video-preview":"max-video-preview:-1"},"canonical":"https:\/\/www.revue3emillenaire.com\/blog\/lobjectif-ultime-du-pacte-pour-lavenir-une-technocratie-planetaire-pour-gerer-les-crises-mondiales-au-nom-de-la-corporatocratie-mondiale-par-jacob-nordangard\/","og_locale":"fr_FR","og_type":"article","og_title":"L\u2019objectif ultime du Pacte pour l\u2019avenir\u00a0: Une technocratie plan\u00e9taire pour g\u00e9rer les crises mondiales au nom de la corporatocratie mondiale par Jacob Nordang\u00e5rd - 3e mill\u00e9naire - Spiritualit\u00e9 - Connaissance de soi - Non-dualit\u00e9 - M\u00e9ditation","og_description":"20\u00a0ao\u00fbt 2024 Introduction Chers amis, Cette semaine, le chercheur su\u00e9dois Jacob Nordangard explique ce que les Nations unies et leurs partenaires, donateurs et parties prenantes ont pr\u00e9par\u00e9 pour la r\u00e9union de l\u2019Assembl\u00e9e g\u00e9n\u00e9rale des Nations unies de septembre 2024\u00a0: Un Pacte pour l\u2019avenir. Trois documents sont propos\u00e9s aux diplomates r\u00e9unis. Ils sont pleins d\u2019ambigu\u00eft\u00e9 et [&hellip;]","og_url":"https:\/\/www.revue3emillenaire.com\/blog\/lobjectif-ultime-du-pacte-pour-lavenir-une-technocratie-planetaire-pour-gerer-les-crises-mondiales-au-nom-de-la-corporatocratie-mondiale-par-jacob-nordangard\/","og_site_name":"3e mill\u00e9naire - Spiritualit\u00e9 - Connaissance de soi - Non-dualit\u00e9 - M\u00e9ditation","article_published_time":"2024-08-21T23:07:47+00:00","og_image":[{"width":369,"height":367,"url":"https:\/\/www.revue3emillenaire.com\/blog\/wp-content\/uploads\/2024\/08\/Jacob-Nordangard.jpg","type":"image\/jpeg"}],"author":"3e mill\u00e9naire","twitter_card":"summary_large_image","twitter_misc":{"\u00c9crit par":"3e mill\u00e9naire","Dur\u00e9e de lecture estim\u00e9e":"24 minutes"},"schema":{"@context":"https:\/\/schema.org","@graph":[{"@type":"Article","@id":"https:\/\/www.revue3emillenaire.com\/blog\/lobjectif-ultime-du-pacte-pour-lavenir-une-technocratie-planetaire-pour-gerer-les-crises-mondiales-au-nom-de-la-corporatocratie-mondiale-par-jacob-nordangard\/#article","isPartOf":{"@id":"https:\/\/www.revue3emillenaire.com\/blog\/lobjectif-ultime-du-pacte-pour-lavenir-une-technocratie-planetaire-pour-gerer-les-crises-mondiales-au-nom-de-la-corporatocratie-mondiale-par-jacob-nordangard\/"},"author":{"name":"3e mill\u00e9naire","@id":"https:\/\/www.revue3emillenaire.com\/blog\/#\/schema\/person\/b692dacff720a5344a6190bc714397eb"},"headline":"L\u2019objectif ultime du Pacte pour l\u2019avenir\u00a0: Une technocratie plan\u00e9taire pour g\u00e9rer les crises mondiales au nom de la corporatocratie mondiale par Jacob Nordang\u00e5rd","datePublished":"2024-08-21T23:07:47+00:00","mainEntityOfPage":{"@id":"https:\/\/www.revue3emillenaire.com\/blog\/lobjectif-ultime-du-pacte-pour-lavenir-une-technocratie-planetaire-pour-gerer-les-crises-mondiales-au-nom-de-la-corporatocratie-mondiale-par-jacob-nordangard\/"},"wordCount":4753,"image":{"@id":"https:\/\/www.revue3emillenaire.com\/blog\/lobjectif-ultime-du-pacte-pour-lavenir-une-technocratie-planetaire-pour-gerer-les-crises-mondiales-au-nom-de-la-corporatocratie-mondiale-par-jacob-nordangard\/#primaryimage"},"thumbnailUrl":"https:\/\/www.revue3emillenaire.com\/blog\/wp-content\/uploads\/2024\/08\/Jacob-Nordangard.jpg","keywords":["Biosurveillance","Contr\u00f4le","D\u00e9mocratie","Dictature technologique","Libert\u00e9","Mondialisme","ONU"],"articleSection":["Actualit\u00e9s"],"inLanguage":"fr-FR"},{"@type":"WebPage","@id":"https:\/\/www.revue3emillenaire.com\/blog\/lobjectif-ultime-du-pacte-pour-lavenir-une-technocratie-planetaire-pour-gerer-les-crises-mondiales-au-nom-de-la-corporatocratie-mondiale-par-jacob-nordangard\/","url":"https:\/\/www.revue3emillenaire.com\/blog\/lobjectif-ultime-du-pacte-pour-lavenir-une-technocratie-planetaire-pour-gerer-les-crises-mondiales-au-nom-de-la-corporatocratie-mondiale-par-jacob-nordangard\/","name":"L\u2019objectif ultime du Pacte pour l\u2019avenir\u00a0: Une technocratie plan\u00e9taire pour g\u00e9rer les crises mondiales au nom de la corporatocratie mondiale par Jacob Nordang\u00e5rd - 3e mill\u00e9naire - Spiritualit\u00e9 - Connaissance de soi - Non-dualit\u00e9 - M\u00e9ditation","isPartOf":{"@id":"https:\/\/www.revue3emillenaire.com\/blog\/#website"},"primaryImageOfPage":{"@id":"https:\/\/www.revue3emillenaire.com\/blog\/lobjectif-ultime-du-pacte-pour-lavenir-une-technocratie-planetaire-pour-gerer-les-crises-mondiales-au-nom-de-la-corporatocratie-mondiale-par-jacob-nordangard\/#primaryimage"},"image":{"@id":"https:\/\/www.revue3emillenaire.com\/blog\/lobjectif-ultime-du-pacte-pour-lavenir-une-technocratie-planetaire-pour-gerer-les-crises-mondiales-au-nom-de-la-corporatocratie-mondiale-par-jacob-nordangard\/#primaryimage"},"thumbnailUrl":"https:\/\/www.revue3emillenaire.com\/blog\/wp-content\/uploads\/2024\/08\/Jacob-Nordangard.jpg","datePublished":"2024-08-21T23:07:47+00:00","author":{"@id":"https:\/\/www.revue3emillenaire.com\/blog\/#\/schema\/person\/b692dacff720a5344a6190bc714397eb"},"breadcrumb":{"@id":"https:\/\/www.revue3emillenaire.com\/blog\/lobjectif-ultime-du-pacte-pour-lavenir-une-technocratie-planetaire-pour-gerer-les-crises-mondiales-au-nom-de-la-corporatocratie-mondiale-par-jacob-nordangard\/#breadcrumb"},"inLanguage":"fr-FR","potentialAction":[{"@type":"ReadAction","target":["https:\/\/www.revue3emillenaire.com\/blog\/lobjectif-ultime-du-pacte-pour-lavenir-une-technocratie-planetaire-pour-gerer-les-crises-mondiales-au-nom-de-la-corporatocratie-mondiale-par-jacob-nordangard\/"]}]},{"@type":"ImageObject","inLanguage":"fr-FR","@id":"https:\/\/www.revue3emillenaire.com\/blog\/lobjectif-ultime-du-pacte-pour-lavenir-une-technocratie-planetaire-pour-gerer-les-crises-mondiales-au-nom-de-la-corporatocratie-mondiale-par-jacob-nordangard\/#primaryimage","url":"https:\/\/www.revue3emillenaire.com\/blog\/wp-content\/uploads\/2024\/08\/Jacob-Nordangard.jpg","contentUrl":"https:\/\/www.revue3emillenaire.com\/blog\/wp-content\/uploads\/2024\/08\/Jacob-Nordangard.jpg","width":369,"height":367},{"@type":"BreadcrumbList","@id":"https:\/\/www.revue3emillenaire.com\/blog\/lobjectif-ultime-du-pacte-pour-lavenir-une-technocratie-planetaire-pour-gerer-les-crises-mondiales-au-nom-de-la-corporatocratie-mondiale-par-jacob-nordangard\/#breadcrumb","itemListElement":[{"@type":"ListItem","position":1,"name":"Accueil","item":"https:\/\/www.revue3emillenaire.com\/blog\/"},{"@type":"ListItem","position":2,"name":"L\u2019objectif ultime du Pacte pour l\u2019avenir\u00a0: Une technocratie plan\u00e9taire pour g\u00e9rer les crises mondiales au nom de la corporatocratie mondiale par Jacob Nordang\u00e5rd"}]},{"@type":"WebSite","@id":"https:\/\/www.revue3emillenaire.com\/blog\/#website","url":"https:\/\/www.revue3emillenaire.com\/blog\/","name":"3e mill\u00e9naire - Spiritualit\u00e9 - Connaissance de soi - Non-dualit\u00e9 - M\u00e9ditation","description":"L&#039;Homme en devenir","potentialAction":[{"@type":"SearchAction","target":{"@type":"EntryPoint","urlTemplate":"https:\/\/www.revue3emillenaire.com\/blog\/?s={search_term_string}"},"query-input":{"@type":"PropertyValueSpecification","valueRequired":true,"valueName":"search_term_string"}}],"inLanguage":"fr-FR"},{"@type":"Person","@id":"https:\/\/www.revue3emillenaire.com\/blog\/#\/schema\/person\/b692dacff720a5344a6190bc714397eb","name":"3e mill\u00e9naire","url":"https:\/\/www.revue3emillenaire.com\/blog\/author\/scoussa\/"}]}},"_links":{"self":[{"href":"https:\/\/www.revue3emillenaire.com\/blog\/wp-json\/wp\/v2\/posts\/20146","targetHints":{"allow":["GET"]}}],"collection":[{"href":"https:\/\/www.revue3emillenaire.com\/blog\/wp-json\/wp\/v2\/posts"}],"about":[{"href":"https:\/\/www.revue3emillenaire.com\/blog\/wp-json\/wp\/v2\/types\/post"}],"author":[{"embeddable":true,"href":"https:\/\/www.revue3emillenaire.com\/blog\/wp-json\/wp\/v2\/users\/2"}],"replies":[{"embeddable":true,"href":"https:\/\/www.revue3emillenaire.com\/blog\/wp-json\/wp\/v2\/comments?post=20146"}],"version-history":[{"count":0,"href":"https:\/\/www.revue3emillenaire.com\/blog\/wp-json\/wp\/v2\/posts\/20146\/revisions"}],"wp:featuredmedia":[{"embeddable":true,"href":"https:\/\/www.revue3emillenaire.com\/blog\/wp-json\/wp\/v2\/media\/20147"}],"wp:attachment":[{"href":"https:\/\/www.revue3emillenaire.com\/blog\/wp-json\/wp\/v2\/media?parent=20146"}],"wp:term":[{"taxonomy":"category","embeddable":true,"href":"https:\/\/www.revue3emillenaire.com\/blog\/wp-json\/wp\/v2\/categories?post=20146"},{"taxonomy":"post_tag","embeddable":true,"href":"https:\/\/www.revue3emillenaire.com\/blog\/wp-json\/wp\/v2\/tags?post=20146"}],"curies":[{"name":"wp","href":"https:\/\/api.w.org\/{rel}","templated":true}]}}