{"id":20157,"date":"2024-09-01T13:42:40","date_gmt":"2024-09-01T12:42:40","guid":{"rendered":"https:\/\/www.revue3emillenaire.com\/blog\/?p=20157"},"modified":"2024-09-01T13:42:40","modified_gmt":"2024-09-01T12:42:40","slug":"la-voie-de-lanalogie-un-recapitulatif-par-asa-boxer","status":"publish","type":"post","link":"https:\/\/www.revue3emillenaire.com\/blog\/la-voie-de-lanalogie-un-recapitulatif-par-asa-boxer\/","title":{"rendered":"La voie de l\u2019analogie\u00a0: Un r\u00e9capitulatif par Asa Boxer"},"content":{"rendered":"<p class=\"western\" align=\"justify\">25\u00a0ao\u00fbt 2024<\/p>\n<p class=\"western\" align=\"justify\"><i><b>Dans cet article, l\u2019auteur Asa Boxer revient sur sa d\u00e9marche analogique et la r\u00e9sume. 3M a d\u00e9j\u00e0 publi\u00e9, sur ce blog, <\/b><\/i><span style=\"color: #000080;\"><u><a href=\"https:\/\/www.revue3emillenaire.com\/blog\/category\/auteurs-b\/boxer-asa\/\" target=\"_blank\" rel=\"noopener\"><i><b>quelques textes de l\u2019auteur<\/b><\/i><\/a><\/u><\/span><i><b>.<\/b><\/i><\/p>\n<p align=\"center\"><a href=\"https:\/\/www.revue3emillenaire.com\/blog\/wp-content\/uploads\/2024\/08\/SpiderAsa.jpg\"><img loading=\"lazy\" decoding=\"async\" class=\"aligncenter size-full wp-image-20158\" src=\"https:\/\/www.revue3emillenaire.com\/blog\/wp-content\/uploads\/2024\/08\/SpiderAsa.jpg\" alt=\"\" width=\"812\" height=\"420\" srcset=\"https:\/\/www.revue3emillenaire.com\/blog\/wp-content\/uploads\/2024\/08\/SpiderAsa.jpg 812w, https:\/\/www.revue3emillenaire.com\/blog\/wp-content\/uploads\/2024\/08\/SpiderAsa-300x155.jpg 300w, https:\/\/www.revue3emillenaire.com\/blog\/wp-content\/uploads\/2024\/08\/SpiderAsa-768x397.jpg 768w\" sizes=\"auto, (max-width: 812px) 100vw, 812px\" \/><\/a><\/p>\n<p class=\"western\" align=\"center\">Imaginez que chaque syst\u00e8me que nous concevons n\u2019est pas seulement un outil, un mod\u00e8le, mais une cr\u00e9ature \u00e0 part enti\u00e8re, une sorte d\u2019araign\u00e9e projetant sa toile analytique sur le monde<\/p>\n<p class=\"western\" align=\"justify\">Il est regrettable que, depuis <span style=\"color: #000080;\"><u><a href=\"https:\/\/analogymagazine.substack.com\/p\/science-and-textbook-pedagogy\"><i>La structure des r\u00e9volutions scientifiques<\/i><\/a><\/u><\/span> de Thomas Kuhn, la science en tant que ph\u00e9nom\u00e8ne culturel \u2014 ce que j\u2019appelle le \u00ab\u00a0scientisme\u00a0\u00bb et \u00ab\u00a0LaScience<sup>MD\u00a0\u00bb<\/sup> \u2014 ait redoubl\u00e9 d\u2019efforts pour ancrer l\u2019id\u00e9e que la science peut \u00eatre une chose fig\u00e9e, qu\u2019en fin de compte, <span style=\"color: #000080;\"><u><a href=\"https:\/\/analogymagazine.substack.com\/p\/what-is-a-scientific-fact-laying\">les mod\u00e8les scientifiques<\/a><\/u><\/span> <span style=\"color: #000080;\"><u><a href=\"https:\/\/analogymagazine.substack.com\/p\/what-is-a-scientific-fact-laying\"><i>sont<\/i><\/a><\/u><\/span><i> <\/i><span style=\"color: #000080;\"><u><a href=\"https:\/\/analogymagazine.substack.com\/p\/what-is-a-scientific-fact-laying\">les ph\u00e9nom\u00e8nes<\/a><\/u><\/span> eux-m\u00eames au lieu d\u2019\u00eatre des heuristiques utiles et productives qui font de leur mieux pour <span style=\"color: #000080;\"><u><a href=\"https:\/\/analogymagazine.substack.com\/p\/scientific-models-and-idol-worship\">rendre compte des apparences<\/a><\/u><\/span>, faire des pr\u00e9dictions et concevoir des technologies utiles. On aurait pu s\u2019attendre \u00e0 ce qu\u2019apr\u00e8s <span style=\"color: #000080;\"><u><a href=\"https:\/\/analogymagazine.substack.com\/p\/copernicus-and-galileo-myths-debunked\">Koestler<\/a><\/u><\/span>, Kuhn, <span style=\"color: #000080;\"><u><a href=\"https:\/\/analogymagazine.substack.com\/p\/millikan-and-michelson-morley-myths\">Judson<\/a><\/u><\/span>, <span style=\"color: #000080;\"><u><a href=\"https:\/\/analogymagazine.substack.com\/p\/educating-the-analogical-mind\">McGilchrist<\/a><\/u><\/span> et <span style=\"color: #000080;\"><u><a href=\"https:\/\/analogymagazine.substack.com\/p\/what-is-evolooshin-anyway\">ces historiens des sciences<\/a><\/u><\/span> qui ont contribu\u00e9 au projet de <span style=\"color: #000080;\"><u><a href=\"https:\/\/analogymagazine.substack.com\/p\/the-scientific-method-myth\">d\u00e9mystification de la science<\/a><\/u><\/span>, le public (et surtout ceux au gouvernement) ait une vision plus sobre de la science en tant qu\u2019activit\u00e9 sociologique et anthropologique profond\u00e9ment troubl\u00e9e. Ce que j\u2019appelle une \u00ab\u00a0vision sobre\u00a0\u00bb est, apr\u00e8s tout, celle \u00e0 laquelle nous parvenons en posant un regard objectif et scientifique sur <span style=\"color: #000080;\"><u><a href=\"https:\/\/analogymagazine.substack.com\/p\/the-scientific-method-myth\">les pratiques de la science<\/a><\/u><\/span>.<\/p>\n<p class=\"western\" align=\"justify\">Depuis le lancement du magazine <i>Analogy<\/i>, je me demande comment <span style=\"color: #000080;\"><u><a href=\"https:\/\/analogymagazine.substack.com\/p\/the-roots-of-scientism\">on en est arriv\u00e9 l\u00e0<\/a><\/u><\/span> <span style=\"color: #000080;\"><u><a href=\"https:\/\/analogymagazine.substack.com\/p\/the-roots-of-scientism\">en premier lieu<\/a><\/u><\/span>\u00a0; comment <span style=\"color: #000080;\"><u><a href=\"https:\/\/analogymagazine.substack.com\/p\/scientism-poisons-everything\">une mauvaise perspective religieuse<\/a><\/u><\/span> (afflig\u00e9e de dogmatisme et d\u2019appels \u00e0 l\u2019autorit\u00e9 scolastique) a trouv\u00e9 son expression dans les attitudes populaires \u00e0 l\u2019\u00e9gard de LaScience<sup>MD<\/sup>.<\/p>\n<p class=\"western\" align=\"justify\">Il ne fait aucun doute que le contexte corporatiste-consum\u00e9riste est primordial. L\u2019incitation commerciale \u00e0 la commercialisation de la marque a provoqu\u00e9 une \u00e9norme distorsion de notre relation avec la science. Films, \u00e9missions de t\u00e9l\u00e9vision, documentaires, cha\u00eenes YouTube, livres pour enfants, publicit\u00e9s avec des acteurs portant des blouses de laboratoire revendiquant l\u2019imprimatur de LaScience<sup>MD<\/sup>, une pl\u00e9thore d\u2019\u00e9tonnements \u00e0 forte valeur de production. Nous parlons de lieux exotiques et de cam\u00e9ras cach\u00e9es\u00a0; de drames \u00e9mouvants sur la vie sauvage racont\u00e9s par des acteurs bienveillants aux voix retentissantes et convaincantes\u00a0; de partitions musicales\u00a0; de sc\u00e9narios pleins de faits \u00e9tablis et d\u2019attrait \u00e9motionnel\u00a0; d\u2019animations rendues de mani\u00e8re si convaincante qu\u2019on ne pourrait douter d\u2019une ondicule (onde-particule)\u00a0?<\/p>\n<p class=\"western\" align=\"justify\">Cette activit\u00e9 commerciale a eu un effet de lavage de cerveau. Mais l\u2019aspect commercial de l\u2019\u00e9quation ne tient pas compte de toutes les apparences. Il ne tient compte que du public r\u00e9ceptif. Comment la science peut-elle devenir une mauvaise religion\u00a0? Cette question exige que nous abandonnions <span style=\"color: #000080;\"><u><a href=\"https:\/\/analogymagazine.substack.com\/p\/science-and-textbook-pedagogy\">le mythe erron\u00e9 selon lequel la science et la religion sont des forces oppos\u00e9es<\/a><\/u><\/span>\u00a0: l\u2019histoire de leurs relations d\u00e9montre <span style=\"color: #000080;\"><u><a href=\"https:\/\/analogymagazine.substack.com\/p\/scientism-poisons-everything\">un lien intime entre les deux<\/a><\/u><\/span>. Une fois cette id\u00e9e fausse \u00e9cart\u00e9e, l\u2019esprit analogique est libre de percevoir le terrain commun et les probl\u00e8mes partag\u00e9s \u2014 la tyrannie dont nos anc\u00eatres se sont battus pour se d\u00e9barrasser\u00a0: un monde orthodoxe de dogmes, d\u2019h\u00e9r\u00e9sies, d\u2019interdictions de livres, d\u2019id\u00e9es et d\u2019excommunications.<\/p>\n<p class=\"western\" align=\"justify\">J\u2019ai expliqu\u00e9 que <span style=\"color: #000080;\"><u><a href=\"https:\/\/analogymagazine.substack.com\/p\/the-will-to-incorporation-separating\">la volont\u00e9 d\u2019incorporation<\/a><\/u><\/span> jouait un r\u00f4le majeur dans la disparition de la science. En bref, la volont\u00e9 d\u2019incorporation est l\u2019instinct de consommation qui se manifeste analogiquement \u00e0 l\u2019\u00e9chelle sociale\u00a0; c\u2019est l\u2019instinct d\u2019internaliser un groupe de fonctions, de les fermer, de les verrouiller et de d\u00e9fendre le groupe contre la corruption par des influences ext\u00e9rieures. Nous pouvons observer ce comportement au niveau de la liaison chimique, au niveau de l\u2019organisation cellulaire (la cellule fortifi\u00e9e), au niveau de l\u2019organisme, de la famille, de la tribu, de la religion (pensez \u00e0 l\u2019eucharistie), de la ville fortifi\u00e9e, de la nation, du syst\u00e8me solaire, etc.<\/p>\n<p class=\"western\" align=\"justify\">Kuhn affirme que nous sommes confront\u00e9s \u00e0 un mal n\u00e9cessaire\u00a0: <span style=\"color: #000080;\"><u><a href=\"https:\/\/analogymagazine.substack.com\/p\/the-will-to-incorporation-separating\">la fermeture et la rigidification<\/a><\/u><\/span> sont indispensables \u00e0 <span style=\"color: #000080;\"><u><a href=\"https:\/\/analogymagazine.substack.com\/p\/one-machine-fits-all\">la productivit\u00e9 du syst\u00e8me<\/a><\/u><\/span>. En mati\u00e8re de science, cet \u00e9tat de fait engendre un probl\u00e8me\u00a0: celui de confondre l\u2019heuristique avec la chose en soi, ce que <span style=\"color: #000080;\"><u><a href=\"https:\/\/analogymagazine.substack.com\/p\/scientific-models-and-idol-worship\">je rapproche, via Barfield, de l\u2019idol\u00e2trie<\/a><\/u><\/span>. Et l\u2019idol\u00e2trie s\u2019accompagne de la soumission de l\u2019individu et de la collectivit\u00e9 aux doctrines du mod\u00e8le. En d\u2019autres termes, on en vient \u00e0 servir le mod\u00e8le au lieu de l\u2019inverse. C\u2019est d\u2019ailleurs ce qui caract\u00e9rise l\u2019idol\u00e2trie. Il en r\u00e9sulte une occultation du <span style=\"color: #000080;\"><u><a href=\"https:\/\/analogymagazine.substack.com\/p\/mr-robot-among-the-top-five-all-time\">monde int\u00e9rieur<\/a><\/u><\/span> (une sorte de vidage), les adeptes \u00e9tant contraints de se conformer (c\u2019est-\u00e0-dire d\u2019ob\u00e9ir) aux repr\u00e9sentations.<\/p>\n<p class=\"western\" align=\"justify\">Nombreux sont ceux qui embrassent un culte (ou une religion s\u00e9v\u00e8rement dogmatique) parce qu\u2019il les soulage de la difficult\u00e9 d\u2019avoir \u00e0 g\u00e9rer et \u00e0 naviguer dans la vie selon leurs propres lumi\u00e8res. L\u2019attrait d\u2019une secte r\u00e9side dans le fait qu\u2019elle promet de g\u00e9rer votre vie int\u00e9rieure \u00e0 votre place. Ceux qui sont orient\u00e9s vers l\u2019analogie trouvent toutefois cette perspective terrifiante.<\/p>\n<p class=\"western\" align=\"justify\">Si la science \u00e9tait en quelque sorte immunis\u00e9e contre le processus d\u2019enfermement et de fermeture, elle serait lib\u00e9r\u00e9e du fardeau de l\u2019idol\u00e2trie. Dans l\u2019\u00e9tat actuel des choses, cependant, si nous voulons nous rendre justice \u00e0 nous-m\u00eames et \u00e0 la science, nous devons <a href=\"https:\/\/analogymagazine.substack.com\/p\/the-will-to-incorporation-separating\">soigneusement limiter l\u2019autorit\u00e9 de la science<\/a> et promouvoir, par tous les moyens, une vision sobre de la science en tant qu\u2019entreprise <a href=\"https:\/\/analogymagazine.substack.com\/p\/pseudoscience-and-the-demarcation\">\u00e9volutive et mal d\u00e9finie<\/a>. Nous devons \u00e9galement nous efforcer de modifier nos attitudes populaires \u00e0 l\u2019\u00e9gard des faits et de la v\u00e9rit\u00e9, ainsi que les repr\u00e9sentations que l\u2019on s\u2019en fait. Nous devons nous d\u00e9tourner des <a href=\"https:\/\/analogymagazine.substack.com\/p\/why-cant-i-criticise-an-antisemite\">r\u00e9v\u00e9lations finales<\/a> qui exigent le sacrifice de notre ind\u00e9pendance intellectuelle, ce que Max Weber appelait, si vous vous souvenez d\u2019un <a href=\"https:\/\/analogymagazine.substack.com\/p\/intellectual-sacrifice-to-thescience\">essai pr\u00e9c\u00e9dent<\/a> sur ce sujet, \u00ab\u00a0<i>das intellektuelle Opfer<\/i>\u00a0\u00bb \u2014 \u00ab\u00a0l\u2019abandon du jugement au proph\u00e8te ou \u00e0 l\u2019\u00e9glise\u00a0\u00bb. Nous pouvons maintenant ajouter \u00ab\u00a0\u2026 ou \u00e0 toute pr\u00e9tention de r\u00e9v\u00e9lation finale\u00a0\u00bb.<\/p>\n<p class=\"western\" align=\"justify\">Une autre s\u00e9rie d\u2019apparences que j\u2019ai abord\u00e9e par l\u2019interm\u00e9diaire de <a href=\"https:\/\/analogymagazine.substack.com\/p\/educating-the-analogical-mind\">Iain McGilchrist et Ted Hughes<\/a> concerne notre cerveau gauche et notre cerveau droit, nos mondes int\u00e9rieur et ext\u00e9rieur, et leur d\u00e9s\u00e9quilibre sous l\u2019effet des pressions exerc\u00e9es par le culte du scientisme. Les cons\u00e9quences de la dominance du cerveau gauche sont <a href=\"https:\/\/analogymagazine.substack.com\/p\/atheist-fanatics-dawkins-and-dennett\">l\u2019irritabilit\u00e9<\/a>, <a href=\"https:\/\/analogymagazine.substack.com\/p\/new-atheist-fanatic-sam-harris-devoid\">l\u2019incapacit\u00e9 \u00e0 s\u2019auto\u00e9valuer<\/a>, <a href=\"https:\/\/analogymagazine.substack.com\/p\/new-atheist-fanatic-neil-degrasse\">l\u2019\u00e9gotisme<\/a> (ainsi que la croyance en sa sup\u00e9riorit\u00e9), le besoin d\u2019avoir raison, la propension \u00e0 <a href=\"https:\/\/analogymagazine.substack.com\/p\/atheist-extremist-sam-harriss-trump\">faire de grands efforts d\u2019analyse pour avoir raison<\/a>, le recours \u00e0 des styles d\u2019argumentation qui s\u2019appuient sur des <a href=\"https:\/\/analogymagazine.substack.com\/p\/new-atheist-preachers-a-case-study\">strat\u00e9gies irrationnelles<\/a> visant principalement \u00e0 rabaisser ou \u00e0 insulter, et les <a href=\"https:\/\/analogymagazine.substack.com\/p\/new-atheist-fanatic-michael-shermer\">complications sociales<\/a> qui d\u00e9coulent d\u2019un tel comportement.<\/p>\n<p class=\"western\" align=\"justify\">Pendant ce temps, <a href=\"https:\/\/analogymagazine.substack.com\/p\/darwin-and-selfist-ethics\">les vies \u00e9motionnelles se vident<\/a>, on souffre d\u2019une incapacit\u00e9, comme <a href=\"https:\/\/analogymagazine.substack.com\/p\/j-s-mills-cure-for-chronic-analysis\">l\u2019a exprim\u00e9 J. S.\u00a0Mill<\/a>, \u00e0 se connecter int\u00e9rieurement au monde et \u00e0 y participer d\u2019une mani\u00e8re satisfaisante. On en vient \u00e0 r\u00e9sider enti\u00e8rement dans sa t\u00eate et le monde s\u2019\u00e9loigne. Quelle tristesse de renoncer \u00e0 toute une dimension de l\u2019exp\u00e9rience\u00a0! Je me demande combien de personnes, \u00e9lev\u00e9es dans cet environnement st\u00e9rile, n\u2019ont jamais \u00e9t\u00e9 \u00e9mues par un coucher de soleil. Mais surtout, quel danger\u00a0! Car, comme nous l\u2019avons vu (et comme Carl Jung l\u2019a soulign\u00e9), <a href=\"https:\/\/analogymagazine.substack.com\/p\/wisdom-and-the-cult-of-the-holy\">les arch\u00e9types ne disparaissent pas<\/a>\u00a0; le monde int\u00e9rieur ne se ratatine pas et ne dispara\u00eet pas\u00a0; au contraire, il prend une nouvelle forme et trouve un moyen d\u2019expression. Inconscients de ce qu\u2019ils sont (par n\u00e9gligence), nous les projetons dans le nouveau paradigme. Et ils tentent de nous commander comme les dieux d\u2019autrefois, mais avec une vigueur renouvel\u00e9e, portant les costumes de leur apparence moderne comme des faits et de r\u00e9alit\u00e9s v\u00e9ritables.<\/p>\n<p class=\"western\" align=\"justify\">La th\u00e8se principale que je m\u2019efforce de communiquer est que la r\u00e9solution de ce type de probl\u00e8mes exige l\u2019application de l\u2019esprit analogique, une facult\u00e9 qui non seulement compl\u00e8te l\u2019esprit analytique, mais qui le pr\u00e9c\u00e8de. L\u2019esprit analogique per\u00e7oit les termes de la corr\u00e9lation et les transmet \u00e0 l\u2019esprit analytique, puis l\u2019esprit analogique \u00e9tudie le r\u00e9sultat analytique et trouve de nouvelles corr\u00e9lations \u00e0 explorer. L\u2019action \u00e9tant circulaire, il peut \u00eatre impossible de d\u00e9terminer l la v\u00e9ritable ant\u00e9riorit\u00e9 dans une situation donn\u00e9e, mais nous pouvons conclure que, dans les circonstances actuelles, il est essentiel de promouvoir la facult\u00e9 analogique tout en r\u00e9duisant le volume de l\u2019analytique. Les exercices dans ce domaine soulageront une grande partie de la souffrance et de l\u2019anxi\u00e9t\u00e9 ressenties par ceux qui ont \u00e9t\u00e9 initi\u00e9s au <a href=\"https:\/\/analogymagazine.substack.com\/p\/the-flaws-of-probability\">culte probabiliste<\/a> de la s\u00e9curit\u00e9 et de la conformit\u00e9 commercialis\u00e9 par LaScience<sup>MD<\/sup>.<\/p>\n<p class=\"western\" align=\"center\">_________________<\/p>\n<p class=\"western\" align=\"center\"><span style=\"font-size: large;\"><i>Qu\u2019il ne s\u2019agisse pas d\u2019une seule b\u00eate, mais plut\u00f4t d\u2019un jardin abondant qui abrite de nombreuses vari\u00e9t\u00e9s. Ce n\u2019est qu\u2019ainsi que l\u2019humanit\u00e9 continuera \u00e0 prosp\u00e9rer et \u00e0 \u00e9voluer v\u00e9ritablement.<\/i><\/span><\/p>\n<p class=\"western\" align=\"center\">_________________<\/p>\n<p class=\"western\" align=\"justify\">La voie de l\u2019analogie est meilleure que la voie de l\u2019analyse parce qu\u2019elle peut synth\u00e9tiser, construire des ponts, percevoir des alternatives et parce qu\u2019elle refuse de devenir l\u2019esclave d\u2019un plan. La voie de l\u2019analogie voit de nombreux plans, alors que la voie analytique porte des \u0153ill\u00e8res et \u00e9tudie un plan \u00e0 l\u2019exclusion des autres, compartimentant et percevant des diff\u00e9rences strictes alors qu\u2019il existe en fait des connexions et des corr\u00e9lations. Bien s\u00fbr, nous pourrions utiliser le d\u00e9vouement des personnes qui croient au plan, mais nous devrions \u00e9voluer au-del\u00e0 de ce genre de philistinisme. L\u2019engagement exig\u00e9 par nos croyances <a href=\"https:\/\/analogymagazine.substack.com\/p\/am-i-brainwashed-finding-the-real-reality\">devrait \u00eatre trait\u00e9 avec humour<\/a>.<\/p>\n<p class=\"western\" align=\"justify\">L\u2019id\u00e9e m\u00eame de la la\u00efcit\u00e9 est d\u2019encourager la multiplicit\u00e9 de plans. Imaginez que chaque syst\u00e8me que nous concevons ne soit pas seulement un outil, un mod\u00e8le, mais sa propre cr\u00e9ature, sa propre araign\u00e9e, projetant sa toile analytique sur le monde. Qu\u2019il ne s\u2019agisse pas d\u2019une seule b\u00eate, mais plut\u00f4t d\u2019un jardin abondant soutenant de nombreuses vari\u00e9t\u00e9s. Ce n\u2019est qu\u2019ainsi que l\u2019humanit\u00e9 continuera \u00e0 prosp\u00e9rer et \u00e0 \u00e9voluer v\u00e9ritablement.<\/p>\n<p class=\"western\" align=\"justify\">Nous sommes probablement tous d\u2019accord (enfin, presque tous) pour dire que les syst\u00e8mes qui permettent l\u2019\u00e9volution sont meilleurs que ceux qui recherchent la stagnation. Notre accord sur cette question repose sur la libert\u00e9 et le progr\u00e8s implicites qu\u2019impliquent les processus d\u2019\u00e9volution. La plupart des gens se r\u00e9jouissent du d\u00e9veloppement, de grandir, de se fixer des objectifs et de les poursuivre. Il n\u2019est pas n\u00e9cessaire que la perspective tienne compte de toutes les apparences pour que nous sachions que les syst\u00e8mes \u00e9volutifs repr\u00e9sentent un progr\u00e8s positif. Ceux qui h\u00e9sitent n\u00e9anmoins \u00e0 admettre que l\u2019\u00e9volution est intrins\u00e8quement positive ou bonne appr\u00e9cieront certainement le fait qu\u2019elle est bonne par opposition \u00e0 un paradigme qui \u00e9limine tous ceux qui menacent son h\u00e9g\u00e9monie.<\/p>\n<p class=\"western\" align=\"justify\">Le darwinisme a r\u00e9ussi \u00e0 populariser le concept d\u2019\u00e9volution. (N\u2019oublions pas que <a href=\"https:\/\/analogymagazine.substack.com\/p\/darwinism-denies-inwardness\">Darwin n\u2019a pas invent\u00e9 le concept<\/a>\u00a0; en fait, il l\u2019a un peu g\u00e2ch\u00e9 en niant l\u2019existence d\u2019un moteur ou d\u2019une tendance interne\u00a0; et n\u2019oublions pas non plus qu\u2019il ne croyait pas \u00e0 l\u2019autoassistance et \u00e0 l\u2019am\u00e9lioration de soi). Il est facile de perdre de vue qu\u2019\u00e0 l\u2019\u00e9poque de Darwin, la guerre culturelle avait beaucoup \u00e0 voir avec la m\u00e9taphysique \u00e9volutionniste en concurrence avec la m\u00e9taphysique religieuse d\u2019une cr\u00e9ation statique. Dans ce dernier paradigme, une humanit\u00e9 immuable, afflig\u00e9e du p\u00e9ch\u00e9 originel, se repentait, priait et se purifiait en vue du salut, tandis que dans le paradigme \u00e9volutionniste, nous nous adaptions aux circonstances changeantes et progressions vers une meilleure humanit\u00e9. En d\u2019autres termes, l\u2019\u00e9volution fournit la cl\u00e9 potentielle d\u2019une morale la\u00efque. Il est dommage que les n\u00e9o-darwinistes aient d\u00fb tout g\u00e2cher avec tant d\u2019id\u00e9es fausses, en particulier avec leur d\u00e9ni <a href=\"https:\/\/analogymagazine.substack.com\/p\/darwin-and-selfist-ethics\">\u00e9go\u00efste<\/a> de l\u2019altruisme.<\/p>\n<p class=\"western\" align=\"justify\">Si nous <a href=\"https:\/\/analogymagazine.substack.com\/p\/what-is-evolooshin-anyway\">revenons sur les malheureux faux pas du darwinisme<\/a> et percevons l\u2019\u00e9volution humaine comme s\u2019occupant du d\u00e9veloppement de divers outils et formes d\u2019instrumentation\u00a0; si nous consid\u00e9rons l\u2019entreprise humaine comme s\u2019occupant de peupler le monde de ses propres cr\u00e9atures (paradigmes, figurations et mod\u00e8les), chacune avec sa propre perspective de cr\u00e9ature (en forme d\u2019araign\u00e9e)\u00a0; si c\u2019est l\u00e0 le v\u00e9ritable but de notre \u00e9volution, alors notre responsabilit\u00e9 et notre \u00e9thique doivent se tourner vers l\u2019\u00e9cologie de nos cr\u00e9ations. Nous devons nous efforcer d\u2019apprendre dans quels environnements elles s\u2019\u00e9panouissent et se reproduisent avec bonheur\u00a0; dans lesquels elles \u00e9chouent\u00a0; et dans lesquels elles semblent r\u00e9ussir, mais par toxicit\u00e9\u00a0; comment elles se font concurrence\u00a0; et comment nous devons g\u00e9rer tous ces appendices que nous nous sommes greff\u00e9s \u00e0 nous-m\u00eames. Utiliser le langage des arch\u00e9types\u00a0: Quel jardin devons-nous construire pour les contenir de mani\u00e8re harmonieuse et fructueuse\u00a0?<\/p>\n<p class=\"western\" align=\"justify\">Nous vivons dans un monde en pleine croissance et nous aurons besoin de place pour beaucoup plus d\u2019id\u00e9es originales. Mais je crois que si nous reconnaissons notre situation \u2014 que les cr\u00e9atures de laboratoire se sont \u00e9chapp\u00e9es (et que le COVID a \u00e9t\u00e9 lib\u00e9r\u00e9, pour ainsi dire)\u00a0; et si nous reconnaissons qu\u2019au lieu de nous enfermer et de devenir esclaves du plan, nous devons nous ouvrir\u2026 il y a une chance de cultiver quelque chose de riche et de vraiment diversifi\u00e9 \u2014 une vision d\u00e9j\u00e0 naissante bien plus riche que celle que nous entretenons actuellement dans le forum populaire. C\u2019est la voie de l\u2019analogie.<\/p>\n<p class=\"western\" align=\"center\">___________________________<\/p>\n<p class=\"western\" align=\"justify\">La po\u00e9sie d\u2019Asa Boxer a \u00e9t\u00e9 r\u00e9compens\u00e9e par plusieurs prix et figure dans diverses anthologies \u00e0 travers le monde. Il a publi\u00e9 <i>The Mechanical Bird<\/i> (Signal, 2007), <i>Skullduggery<\/i> (Signal, 2011), <i>Friar Biard\u2019s Primer to the New World<\/i> (Frog Hollow Press, 2013), <i>Etymologies<\/i> (Anstruther Press, 2016), <i>Field Notes from the Undead<\/i> (Interludes Press, 2018) et <i>The Narrow Cabinet\u00a0: A Zombie Chronicle<\/i> (Guernica, 2022). Boxer est \u00e9galement le fondateur et le r\u00e9dacteur en chef du magazine <i>A<\/i><i>nalogy<\/i>.<\/p>\n<p class=\"western\" align=\"justify\">Texte original\u00a0: <span style=\"color: #000080;\"><u><a href=\"https:\/\/analogymagazine.substack.com\/p\/the-way-of-analogy-a-recap\" target=\"_blank\" rel=\"noopener\">https:\/\/analogymagazine.substack.com\/p\/the-way-of-analogy-a-recap<\/a><\/u><\/span><\/p>\n","protected":false},"excerpt":{"rendered":"<p>25\u00a0ao\u00fbt 2024 Dans cet article, l\u2019auteur Asa Boxer revient sur sa d\u00e9marche analogique et la r\u00e9sume. 3M a d\u00e9j\u00e0 publi\u00e9, sur ce blog, quelques textes de l\u2019auteur. Imaginez que chaque syst\u00e8me que nous concevons n\u2019est pas seulement un outil, un mod\u00e8le, mais une cr\u00e9ature \u00e0 part enti\u00e8re, une sorte d\u2019araign\u00e9e projetant sa toile analytique sur [&hellip;]<\/p>\n","protected":false},"author":2,"featured_media":19824,"comment_status":"closed","ping_status":"closed","sticky":false,"template":"","format":"standard","meta":{"footnotes":""},"categories":[1851],"tags":[1974,101,1069,99],"class_list":["post-20157","post","type-post","status-publish","format-standard","has-post-thumbnail","hentry","category-boxer-asa","tag-analogie","tag-analyse","tag-paradigme","tag-science"],"yoast_head":"<!-- This site is optimized with the Yoast SEO plugin v27.0 - https:\/\/yoast.com\/product\/yoast-seo-wordpress\/ -->\n<title>La voie de l\u2019analogie\u00a0: Un r\u00e9capitulatif par Asa Boxer - 3e mill\u00e9naire - Spiritualit\u00e9 - Connaissance de soi - Non-dualit\u00e9 - M\u00e9ditation<\/title>\n<meta name=\"robots\" content=\"index, follow, max-snippet:-1, max-image-preview:large, max-video-preview:-1\" \/>\n<link rel=\"canonical\" href=\"https:\/\/www.revue3emillenaire.com\/blog\/la-voie-de-lanalogie-un-recapitulatif-par-asa-boxer\/\" \/>\n<meta property=\"og:locale\" content=\"fr_FR\" \/>\n<meta property=\"og:type\" content=\"article\" \/>\n<meta property=\"og:title\" content=\"La voie de l\u2019analogie\u00a0: Un r\u00e9capitulatif par Asa Boxer - 3e mill\u00e9naire - Spiritualit\u00e9 - Connaissance de soi - Non-dualit\u00e9 - M\u00e9ditation\" \/>\n<meta property=\"og:description\" content=\"25\u00a0ao\u00fbt 2024 Dans cet article, l\u2019auteur Asa Boxer revient sur sa d\u00e9marche analogique et la r\u00e9sume. 3M a d\u00e9j\u00e0 publi\u00e9, sur ce blog, quelques textes de l\u2019auteur. Imaginez que chaque syst\u00e8me que nous concevons n\u2019est pas seulement un outil, un mod\u00e8le, mais une cr\u00e9ature \u00e0 part enti\u00e8re, une sorte d\u2019araign\u00e9e projetant sa toile analytique sur [&hellip;]\" \/>\n<meta property=\"og:url\" content=\"https:\/\/www.revue3emillenaire.com\/blog\/la-voie-de-lanalogie-un-recapitulatif-par-asa-boxer\/\" \/>\n<meta property=\"og:site_name\" content=\"3e mill\u00e9naire - Spiritualit\u00e9 - Connaissance de soi - Non-dualit\u00e9 - M\u00e9ditation\" \/>\n<meta property=\"article:published_time\" content=\"2024-09-01T12:42:40+00:00\" \/>\n<meta property=\"og:image\" content=\"https:\/\/www.revue3emillenaire.com\/blog\/wp-content\/uploads\/2024\/03\/Asa-Boxer.jpg\" \/>\n\t<meta property=\"og:image:width\" content=\"227\" \/>\n\t<meta property=\"og:image:height\" content=\"282\" \/>\n\t<meta property=\"og:image:type\" content=\"image\/jpeg\" \/>\n<meta name=\"author\" content=\"3e mill\u00e9naire\" \/>\n<meta name=\"twitter:card\" content=\"summary_large_image\" \/>\n<meta name=\"twitter:label1\" content=\"\u00c9crit par\" \/>\n\t<meta name=\"twitter:data1\" content=\"3e mill\u00e9naire\" \/>\n\t<meta name=\"twitter:label2\" content=\"Dur\u00e9e de lecture estim\u00e9e\" \/>\n\t<meta name=\"twitter:data2\" content=\"12 minutes\" \/>\n<script type=\"application\/ld+json\" class=\"yoast-schema-graph\">{\"@context\":\"https:\/\/schema.org\",\"@graph\":[{\"@type\":\"Article\",\"@id\":\"https:\/\/www.revue3emillenaire.com\/blog\/la-voie-de-lanalogie-un-recapitulatif-par-asa-boxer\/#article\",\"isPartOf\":{\"@id\":\"https:\/\/www.revue3emillenaire.com\/blog\/la-voie-de-lanalogie-un-recapitulatif-par-asa-boxer\/\"},\"author\":{\"name\":\"3e mill\u00e9naire\",\"@id\":\"https:\/\/www.revue3emillenaire.com\/blog\/#\/schema\/person\/b692dacff720a5344a6190bc714397eb\"},\"headline\":\"La voie de l\u2019analogie\u00a0: Un r\u00e9capitulatif par Asa Boxer\",\"datePublished\":\"2024-09-01T12:42:40+00:00\",\"mainEntityOfPage\":{\"@id\":\"https:\/\/www.revue3emillenaire.com\/blog\/la-voie-de-lanalogie-un-recapitulatif-par-asa-boxer\/\"},\"wordCount\":2448,\"image\":{\"@id\":\"https:\/\/www.revue3emillenaire.com\/blog\/la-voie-de-lanalogie-un-recapitulatif-par-asa-boxer\/#primaryimage\"},\"thumbnailUrl\":\"https:\/\/www.revue3emillenaire.com\/blog\/wp-content\/uploads\/2024\/03\/Asa-Boxer.jpg\",\"keywords\":[\"Analogie\",\"Analyse\",\"Paradigme\",\"Science\"],\"articleSection\":[\"Boxer Asa\"],\"inLanguage\":\"fr-FR\"},{\"@type\":\"WebPage\",\"@id\":\"https:\/\/www.revue3emillenaire.com\/blog\/la-voie-de-lanalogie-un-recapitulatif-par-asa-boxer\/\",\"url\":\"https:\/\/www.revue3emillenaire.com\/blog\/la-voie-de-lanalogie-un-recapitulatif-par-asa-boxer\/\",\"name\":\"La voie de l\u2019analogie\u00a0: Un r\u00e9capitulatif par Asa Boxer - 3e mill\u00e9naire - Spiritualit\u00e9 - Connaissance de soi - Non-dualit\u00e9 - M\u00e9ditation\",\"isPartOf\":{\"@id\":\"https:\/\/www.revue3emillenaire.com\/blog\/#website\"},\"primaryImageOfPage\":{\"@id\":\"https:\/\/www.revue3emillenaire.com\/blog\/la-voie-de-lanalogie-un-recapitulatif-par-asa-boxer\/#primaryimage\"},\"image\":{\"@id\":\"https:\/\/www.revue3emillenaire.com\/blog\/la-voie-de-lanalogie-un-recapitulatif-par-asa-boxer\/#primaryimage\"},\"thumbnailUrl\":\"https:\/\/www.revue3emillenaire.com\/blog\/wp-content\/uploads\/2024\/03\/Asa-Boxer.jpg\",\"datePublished\":\"2024-09-01T12:42:40+00:00\",\"author\":{\"@id\":\"https:\/\/www.revue3emillenaire.com\/blog\/#\/schema\/person\/b692dacff720a5344a6190bc714397eb\"},\"breadcrumb\":{\"@id\":\"https:\/\/www.revue3emillenaire.com\/blog\/la-voie-de-lanalogie-un-recapitulatif-par-asa-boxer\/#breadcrumb\"},\"inLanguage\":\"fr-FR\",\"potentialAction\":[{\"@type\":\"ReadAction\",\"target\":[\"https:\/\/www.revue3emillenaire.com\/blog\/la-voie-de-lanalogie-un-recapitulatif-par-asa-boxer\/\"]}]},{\"@type\":\"ImageObject\",\"inLanguage\":\"fr-FR\",\"@id\":\"https:\/\/www.revue3emillenaire.com\/blog\/la-voie-de-lanalogie-un-recapitulatif-par-asa-boxer\/#primaryimage\",\"url\":\"https:\/\/www.revue3emillenaire.com\/blog\/wp-content\/uploads\/2024\/03\/Asa-Boxer.jpg\",\"contentUrl\":\"https:\/\/www.revue3emillenaire.com\/blog\/wp-content\/uploads\/2024\/03\/Asa-Boxer.jpg\",\"width\":227,\"height\":282},{\"@type\":\"BreadcrumbList\",\"@id\":\"https:\/\/www.revue3emillenaire.com\/blog\/la-voie-de-lanalogie-un-recapitulatif-par-asa-boxer\/#breadcrumb\",\"itemListElement\":[{\"@type\":\"ListItem\",\"position\":1,\"name\":\"Accueil\",\"item\":\"https:\/\/www.revue3emillenaire.com\/blog\/\"},{\"@type\":\"ListItem\",\"position\":2,\"name\":\"La voie de l\u2019analogie\u00a0: Un r\u00e9capitulatif par Asa Boxer\"}]},{\"@type\":\"WebSite\",\"@id\":\"https:\/\/www.revue3emillenaire.com\/blog\/#website\",\"url\":\"https:\/\/www.revue3emillenaire.com\/blog\/\",\"name\":\"3e mill\u00e9naire - Spiritualit\u00e9 - Connaissance de soi - Non-dualit\u00e9 - M\u00e9ditation\",\"description\":\"L&#039;Homme en devenir\",\"potentialAction\":[{\"@type\":\"SearchAction\",\"target\":{\"@type\":\"EntryPoint\",\"urlTemplate\":\"https:\/\/www.revue3emillenaire.com\/blog\/?s={search_term_string}\"},\"query-input\":{\"@type\":\"PropertyValueSpecification\",\"valueRequired\":true,\"valueName\":\"search_term_string\"}}],\"inLanguage\":\"fr-FR\"},{\"@type\":\"Person\",\"@id\":\"https:\/\/www.revue3emillenaire.com\/blog\/#\/schema\/person\/b692dacff720a5344a6190bc714397eb\",\"name\":\"3e mill\u00e9naire\",\"url\":\"https:\/\/www.revue3emillenaire.com\/blog\/author\/scoussa\/\"}]}<\/script>\n<!-- \/ Yoast SEO plugin. -->","yoast_head_json":{"title":"La voie de l\u2019analogie\u00a0: Un r\u00e9capitulatif par Asa Boxer - 3e mill\u00e9naire - Spiritualit\u00e9 - Connaissance de soi - Non-dualit\u00e9 - M\u00e9ditation","robots":{"index":"index","follow":"follow","max-snippet":"max-snippet:-1","max-image-preview":"max-image-preview:large","max-video-preview":"max-video-preview:-1"},"canonical":"https:\/\/www.revue3emillenaire.com\/blog\/la-voie-de-lanalogie-un-recapitulatif-par-asa-boxer\/","og_locale":"fr_FR","og_type":"article","og_title":"La voie de l\u2019analogie\u00a0: Un r\u00e9capitulatif par Asa Boxer - 3e mill\u00e9naire - Spiritualit\u00e9 - Connaissance de soi - Non-dualit\u00e9 - M\u00e9ditation","og_description":"25\u00a0ao\u00fbt 2024 Dans cet article, l\u2019auteur Asa Boxer revient sur sa d\u00e9marche analogique et la r\u00e9sume. 3M a d\u00e9j\u00e0 publi\u00e9, sur ce blog, quelques textes de l\u2019auteur. Imaginez que chaque syst\u00e8me que nous concevons n\u2019est pas seulement un outil, un mod\u00e8le, mais une cr\u00e9ature \u00e0 part enti\u00e8re, une sorte d\u2019araign\u00e9e projetant sa toile analytique sur [&hellip;]","og_url":"https:\/\/www.revue3emillenaire.com\/blog\/la-voie-de-lanalogie-un-recapitulatif-par-asa-boxer\/","og_site_name":"3e mill\u00e9naire - Spiritualit\u00e9 - Connaissance de soi - Non-dualit\u00e9 - M\u00e9ditation","article_published_time":"2024-09-01T12:42:40+00:00","og_image":[{"width":227,"height":282,"url":"https:\/\/www.revue3emillenaire.com\/blog\/wp-content\/uploads\/2024\/03\/Asa-Boxer.jpg","type":"image\/jpeg"}],"author":"3e mill\u00e9naire","twitter_card":"summary_large_image","twitter_misc":{"\u00c9crit par":"3e mill\u00e9naire","Dur\u00e9e de lecture estim\u00e9e":"12 minutes"},"schema":{"@context":"https:\/\/schema.org","@graph":[{"@type":"Article","@id":"https:\/\/www.revue3emillenaire.com\/blog\/la-voie-de-lanalogie-un-recapitulatif-par-asa-boxer\/#article","isPartOf":{"@id":"https:\/\/www.revue3emillenaire.com\/blog\/la-voie-de-lanalogie-un-recapitulatif-par-asa-boxer\/"},"author":{"name":"3e mill\u00e9naire","@id":"https:\/\/www.revue3emillenaire.com\/blog\/#\/schema\/person\/b692dacff720a5344a6190bc714397eb"},"headline":"La voie de l\u2019analogie\u00a0: Un r\u00e9capitulatif par Asa Boxer","datePublished":"2024-09-01T12:42:40+00:00","mainEntityOfPage":{"@id":"https:\/\/www.revue3emillenaire.com\/blog\/la-voie-de-lanalogie-un-recapitulatif-par-asa-boxer\/"},"wordCount":2448,"image":{"@id":"https:\/\/www.revue3emillenaire.com\/blog\/la-voie-de-lanalogie-un-recapitulatif-par-asa-boxer\/#primaryimage"},"thumbnailUrl":"https:\/\/www.revue3emillenaire.com\/blog\/wp-content\/uploads\/2024\/03\/Asa-Boxer.jpg","keywords":["Analogie","Analyse","Paradigme","Science"],"articleSection":["Boxer Asa"],"inLanguage":"fr-FR"},{"@type":"WebPage","@id":"https:\/\/www.revue3emillenaire.com\/blog\/la-voie-de-lanalogie-un-recapitulatif-par-asa-boxer\/","url":"https:\/\/www.revue3emillenaire.com\/blog\/la-voie-de-lanalogie-un-recapitulatif-par-asa-boxer\/","name":"La voie de l\u2019analogie\u00a0: Un r\u00e9capitulatif par Asa Boxer - 3e mill\u00e9naire - Spiritualit\u00e9 - Connaissance de soi - Non-dualit\u00e9 - M\u00e9ditation","isPartOf":{"@id":"https:\/\/www.revue3emillenaire.com\/blog\/#website"},"primaryImageOfPage":{"@id":"https:\/\/www.revue3emillenaire.com\/blog\/la-voie-de-lanalogie-un-recapitulatif-par-asa-boxer\/#primaryimage"},"image":{"@id":"https:\/\/www.revue3emillenaire.com\/blog\/la-voie-de-lanalogie-un-recapitulatif-par-asa-boxer\/#primaryimage"},"thumbnailUrl":"https:\/\/www.revue3emillenaire.com\/blog\/wp-content\/uploads\/2024\/03\/Asa-Boxer.jpg","datePublished":"2024-09-01T12:42:40+00:00","author":{"@id":"https:\/\/www.revue3emillenaire.com\/blog\/#\/schema\/person\/b692dacff720a5344a6190bc714397eb"},"breadcrumb":{"@id":"https:\/\/www.revue3emillenaire.com\/blog\/la-voie-de-lanalogie-un-recapitulatif-par-asa-boxer\/#breadcrumb"},"inLanguage":"fr-FR","potentialAction":[{"@type":"ReadAction","target":["https:\/\/www.revue3emillenaire.com\/blog\/la-voie-de-lanalogie-un-recapitulatif-par-asa-boxer\/"]}]},{"@type":"ImageObject","inLanguage":"fr-FR","@id":"https:\/\/www.revue3emillenaire.com\/blog\/la-voie-de-lanalogie-un-recapitulatif-par-asa-boxer\/#primaryimage","url":"https:\/\/www.revue3emillenaire.com\/blog\/wp-content\/uploads\/2024\/03\/Asa-Boxer.jpg","contentUrl":"https:\/\/www.revue3emillenaire.com\/blog\/wp-content\/uploads\/2024\/03\/Asa-Boxer.jpg","width":227,"height":282},{"@type":"BreadcrumbList","@id":"https:\/\/www.revue3emillenaire.com\/blog\/la-voie-de-lanalogie-un-recapitulatif-par-asa-boxer\/#breadcrumb","itemListElement":[{"@type":"ListItem","position":1,"name":"Accueil","item":"https:\/\/www.revue3emillenaire.com\/blog\/"},{"@type":"ListItem","position":2,"name":"La voie de l\u2019analogie\u00a0: Un r\u00e9capitulatif par Asa Boxer"}]},{"@type":"WebSite","@id":"https:\/\/www.revue3emillenaire.com\/blog\/#website","url":"https:\/\/www.revue3emillenaire.com\/blog\/","name":"3e mill\u00e9naire - Spiritualit\u00e9 - Connaissance de soi - Non-dualit\u00e9 - M\u00e9ditation","description":"L&#039;Homme en devenir","potentialAction":[{"@type":"SearchAction","target":{"@type":"EntryPoint","urlTemplate":"https:\/\/www.revue3emillenaire.com\/blog\/?s={search_term_string}"},"query-input":{"@type":"PropertyValueSpecification","valueRequired":true,"valueName":"search_term_string"}}],"inLanguage":"fr-FR"},{"@type":"Person","@id":"https:\/\/www.revue3emillenaire.com\/blog\/#\/schema\/person\/b692dacff720a5344a6190bc714397eb","name":"3e mill\u00e9naire","url":"https:\/\/www.revue3emillenaire.com\/blog\/author\/scoussa\/"}]}},"_links":{"self":[{"href":"https:\/\/www.revue3emillenaire.com\/blog\/wp-json\/wp\/v2\/posts\/20157","targetHints":{"allow":["GET"]}}],"collection":[{"href":"https:\/\/www.revue3emillenaire.com\/blog\/wp-json\/wp\/v2\/posts"}],"about":[{"href":"https:\/\/www.revue3emillenaire.com\/blog\/wp-json\/wp\/v2\/types\/post"}],"author":[{"embeddable":true,"href":"https:\/\/www.revue3emillenaire.com\/blog\/wp-json\/wp\/v2\/users\/2"}],"replies":[{"embeddable":true,"href":"https:\/\/www.revue3emillenaire.com\/blog\/wp-json\/wp\/v2\/comments?post=20157"}],"version-history":[{"count":0,"href":"https:\/\/www.revue3emillenaire.com\/blog\/wp-json\/wp\/v2\/posts\/20157\/revisions"}],"wp:featuredmedia":[{"embeddable":true,"href":"https:\/\/www.revue3emillenaire.com\/blog\/wp-json\/wp\/v2\/media\/19824"}],"wp:attachment":[{"href":"https:\/\/www.revue3emillenaire.com\/blog\/wp-json\/wp\/v2\/media?parent=20157"}],"wp:term":[{"taxonomy":"category","embeddable":true,"href":"https:\/\/www.revue3emillenaire.com\/blog\/wp-json\/wp\/v2\/categories?post=20157"},{"taxonomy":"post_tag","embeddable":true,"href":"https:\/\/www.revue3emillenaire.com\/blog\/wp-json\/wp\/v2\/tags?post=20157"}],"curies":[{"name":"wp","href":"https:\/\/api.w.org\/{rel}","templated":true}]}}