{"id":20191,"date":"2024-09-17T01:46:53","date_gmt":"2024-09-17T00:46:53","guid":{"rendered":"https:\/\/www.revue3emillenaire.com\/blog\/?p=20191"},"modified":"2024-09-17T01:46:53","modified_gmt":"2024-09-17T00:46:53","slug":"une-breve-histoire-politique-du-changement-climatique-par-bill-ponton","status":"publish","type":"post","link":"https:\/\/www.revue3emillenaire.com\/blog\/une-breve-histoire-politique-du-changement-climatique-par-bill-ponton\/","title":{"rendered":"Une br\u00e8ve histoire politique du changement climatique par Bill Ponton"},"content":{"rendered":"<p class=\"western\" align=\"justify\"><span style=\"color: #070707;\"><span style=\"font-family: Times New Roman, serif;\"><span style=\"font-size: medium;\">Nous attribuons souvent la long\u00e9vit\u00e9 des \u00c9tats communistes du XX<\/span><\/span><\/span><span style=\"color: #070707;\"><sup><span style=\"font-family: Times New Roman, serif;\"><span style=\"font-size: medium;\">e<\/span><\/span><\/sup><\/span><span style=\"color: #070707;\"><span style=\"font-family: Times New Roman, serif;\"><span style=\"font-size: medium;\">\u00a0si\u00e8cle \u00e0 la r\u00e9pression pratiqu\u00e9e par ces r\u00e9gimes. C\u2019est ind\u00e9niablement vrai, mais nous sous-estimons largement le fait que de nombreuses personnes vivant sous ces r\u00e9gimes r\u00e9pressifs tiraient un sens de leur participation \u00e0 ces exp\u00e9riences socialistes. Se contenter de dire que ces personnes \u00e9taient victimes d\u2019un lavage de cerveau revient \u00e0 ignorer les raisons pour lesquelles elles pouvaient ressentir le besoin de faire partie de quelque chose de plus grand qu\u2019e<\/span><\/span><\/span><span style=\"color: #070707;\"><span style=\"font-family: Times New Roman, serif;\"><span style=\"font-size: medium;\">lles-m\u00eames<\/span><\/span><\/span><span style=\"color: #070707;\"><span style=\"font-family: Times New Roman, serif;\"><span style=\"font-size: medium;\">. Darryl Cooper explique bien l\u2019\u00e9tat d\u2019esprit de ceux qui adh\u00e8rent \u00e0 l\u2019id\u00e9ologie socialiste dans sa r\u00e9cente s\u00e9rie de podcasts Martyr Made, intitul\u00e9e <\/span><\/span><\/span><span style=\"color: #000080;\"><span style=\"color: #000000;\"><span style=\"font-family: Times New Roman, serif;\"><span style=\"font-size: medium;\"><i><a href=\"https:\/\/www.martyrmade.com\/featured-podcasts\/gods-socialist-the-rise-and-fall-of-peoples-temple\" target=\"_blank\" rel=\"noopener\">God\u2019s Socialist: The Rise and Fall Of People\u2019s Temple<\/a>.<\/i><\/span><\/span><\/span><\/span><\/p>\n<p class=\"western\" align=\"justify\"><span style=\"font-family: Times New Roman, serif;\"><span style=\"font-size: medium;\"><span style=\"color: #070707;\">Vers la fin du XX<\/span><span style=\"color: #070707;\"><sup>e<\/sup><\/span><span style=\"color: #070707;\">\u00a0si\u00e8cle, la passion pour les causes environnementales a remplac\u00e9 une grande partie de la ferveur socialiste de la p\u00e9riode pr\u00e9c\u00e9dente. L\u2019empoisonnement de l\u2019environnement a \u00e9t\u00e9 le th\u00e8me principal du mouvement \u00e9cologiste, mais les cibles choisies pour la diabolisation ont chang\u00e9 au fil des ans. La liste des cibles comprend le DDT, l\u2019amiante, l\u2019\u00e9nergie nucl\u00e9aire, les CFC, les pluies acides et bien d\u2019autres encore. R\u00e9trospectivement, la lutte contre ces \u00e9l\u00e9ments n\u2019a peut-\u00eatre pas satisfait pleinement la qu\u00eate de sens personnel des membres du mouvement, comme le socialisme l\u2019avait fait pour la g\u00e9n\u00e9ration pr\u00e9c\u00e9dente. Le mouvement aspirait \u00e0 une menace environnementale existentielle qui insufflerait plus de passion et de sens \u00e0 son combat. Cependant, il existait d\u00e9j\u00e0 une menace existentielle d\u2019an\u00e9antissement global par la guerre nucl\u00e9aire qui pesait sur l\u2019humanit\u00e9. Le mouvement environnemental allait avoir du mal \u00e0 trouver une menace existentielle sup\u00e9rieure \u00e0 l\u2019a<\/span><span style=\"color: #070707;\">pocalypse<\/span><span style=\"color: #070707;\"> nucl\u00e9aire, mais avec l\u2019introduction du catastrophisme climatique, il \u00e9tait sur la voie du succ\u00e8s.<\/span><\/span><\/span><\/p>\n<p class=\"western\" align=\"justify\"><span style=\"font-family: Times New Roman, serif;\"><span style=\"font-size: medium;\"><span style=\"color: #070707;\">\u00c0 partir des ann\u00e9es\u00a01970, deux versions concurrentes du catastrophisme climatique ont vu le jour. L\u2019une portait sur le r\u00e9chauffement climatique d\u2019origine humaine et l\u2019autre sur le refroidissement climatique d\u2019origine humaine. Selon ces th\u00e9ories, le monde devait \u00eatre consum\u00e9 soit par le feu, soit par la glace. Pour le mouvement \u00e9cologiste, il \u00e9tait important d\u2019insister sur la nature humaine de la menace. Si elle n\u2019avait pas \u00e9t\u00e9 d\u2019origine humaine, elle n\u2019aurait pas correspondu \u00e0 leur r\u00e9cit pr\u00e9f\u00e9r\u00e9 selon lequel l\u2019homme est mal\u00e9fique et empoisonne l\u2019environnement par ses entreprises capitalistes avides. Ils ne voulaient pas \u00eatre \u00e0 l\u2019avant-garde d\u2019un mouvement qui r\u00e9pandrait la peur de la fin de l\u2019Holoc\u00e8ne et de l\u2019av\u00e8nement d\u2019une \u00e8re glaciaire s\u2019il s\u2019agissait simplement d\u2019un ph\u00e9nom\u00e8ne naturel.<\/span><\/span><\/span><\/p>\n<p class=\"western\" align=\"justify\"><span style=\"font-family: Times New Roman, serif;\"><span style=\"font-size: medium;\"><span style=\"color: #070707;\">Les th\u00e9ories du r\u00e9chauffement et du refroidissement plan\u00e9taire d\u2019origine humaine ont eu la faveur des environnementalistes au cours de cette premi\u00e8re p\u00e9riode. Les activistes, se faisant passer pour des scientifiques, se sont mis au travail pour justifier leurs craintes en utilisant des mod\u00e8les informatiques qui simulaient les r\u00e9sultats qu\u2019ils souhaitaient. Au milieu des ann\u00e9es\u00a01980, la th\u00e9orie du refroidissement global d\u2019origine humaine a<\/span><span style=\"color: #070707;\">vait<\/span><span style=\"color: #070707;\"> \u00e9t\u00e9 abandonn\u00e9e au profit de celle du r\u00e9chauffement global d\u2019origine humaine par les bonnes personnes du mouvement \u00e9cologiste. Dans les ann\u00e9es\u00a01990, dans une d\u00e9marche que George Orwell et Karl Popper auraient trouv\u00e9e amusante, le r\u00e9chauffement climatique anthropique a \u00e9t\u00e9 rebaptis\u00e9 \u00ab\u00a0changement climatique\u00a0\u00bb, un terme ambigu qui ne donnait aucune indication sur la direction dans laquelle le climat allait changer.<\/span><\/span><\/span><\/p>\n<p class=\"western\" align=\"justify\"><span style=\"font-family: Times New Roman, serif;\"><span style=\"font-size: medium;\"><span style=\"color: #070707;\">Aujourd\u2019hui, le catastrophisme climatique a des adeptes r\u00e9partis dans toutes les institutions occidentales. La liste des organes institutionnels qu\u2019ils influencent ou contr\u00f4lent est longue. Ils se sont lanc\u00e9s dans un programme de d\u00e9carbonisation du monde industriel afin d\u2019\u00e9viter <\/span><span style=\"color: #070707;\">la<\/span><span style=\"color: #070707;\"> catastrophe climatique. Ils nient aux autres, et \u00e0 eux-m\u00eames que leur programme aura des effets secondaires <\/span><span style=\"color: #070707;\">n\u00e9faste<\/span><span style=\"color: #070707;\">s sur l\u2019\u00e9conomie, malgr\u00e9 les preuves accablantes du contraire. Ils font preuve de la m\u00eame ferveur que la g\u00e9n\u00e9ration pr\u00e9c\u00e9dente de socialistes et de communistes au 20<\/span><span style=\"color: #070707;\"><sup>e\u00a0<\/sup><\/span><span style=\"color: #070707;\">si\u00e8cle. Il ne faut pas oublier les exp\u00e9riences sociales que ces <\/span><span style=\"color: #070707;\">premier<\/span><span style=\"color: #070707;\">s groupes de vrais croyants ont men\u00e9es \u00e0 l\u2019\u00e9chelle mondiale et la mis\u00e8re qu\u2019elles ont apport\u00e9e \u00e0 des millions de personnes.<\/span><\/span><\/span><\/p>\n<p class=\"western\" align=\"justify\"><span style=\"font-family: Times New Roman, serif;\"><span style=\"font-size: medium;\"><span style=\"color: #070707;\">Quand la fantaisie s<\/span><span style=\"color: #070707;\">e <\/span><span style=\"color: #070707;\">termine-t-elle pour eux\u00a0? Elle ne se termine pas. Ils tirent le sens de leur vie de cette entreprise. Ils essaieront de mettre en \u0153uvre des projets toujours plus alambiqu\u00e9s de type \u00ab\u00a0net z\u00e9ro\u00a0\u00bb dans l\u2019espoir que l\u2019un d\u2019entre eux fonctionne. Il n\u2019en sera rien. Leur autoritarisme et leur sup\u00e9riorit\u00e9 morale deviendront intol\u00e9rables et, comme la g\u00e9n\u00e9ration pr\u00e9c\u00e9dente de socialistes et de communistes, ils laisseront la mis\u00e8re dans leur sillage.<\/span><\/span><\/span><\/p>\n<p class=\"western\" align=\"justify\"><span style=\"font-family: Times New Roman, serif;\"><span style=\"font-size: medium;\">Texte original\u00a0: <\/span><\/span><span style=\"color: #000080;\"><u><a href=\"https:\/\/wattsupwiththat.com\/2024\/09\/15\/a-short-political-history-of-climate-change\/\" target=\"_blank\" rel=\"noopener\"><span style=\"font-family: Times New Roman, serif;\"><span style=\"font-size: medium;\">https:\/\/wattsupwiththat.com\/2024\/09\/15\/a-short-political-history-of-climate-change\/<\/span><\/span><\/a><\/u><\/span><\/p>\n","protected":false},"excerpt":{"rendered":"<p>Nous attribuons souvent la long\u00e9vit\u00e9 des \u00c9tats communistes du XXe\u00a0si\u00e8cle \u00e0 la r\u00e9pression pratiqu\u00e9e par ces r\u00e9gimes. C\u2019est ind\u00e9niablement vrai, mais nous sous-estimons largement le fait que de nombreuses personnes vivant sous ces r\u00e9gimes r\u00e9pressifs tiraient un sens de leur participation \u00e0 ces exp\u00e9riences socialistes. Se contenter de dire que ces personnes \u00e9taient victimes d\u2019un [&hellip;]<\/p>\n","protected":false},"author":2,"featured_media":19353,"comment_status":"closed","ping_status":"closed","sticky":false,"template":"","format":"standard","meta":{"footnotes":""},"categories":[1540],"tags":[1702,647,185],"class_list":["post-20191","post","type-post","status-publish","format-standard","has-post-thumbnail","hentry","category-actualite","tag-changement-climatique","tag-histoire","tag-ideologie"],"yoast_head":"<!-- This site is optimized with the Yoast SEO plugin v27.0 - https:\/\/yoast.com\/product\/yoast-seo-wordpress\/ -->\n<title>Une br\u00e8ve histoire politique du changement climatique par Bill Ponton - 3e mill\u00e9naire - Spiritualit\u00e9 - Connaissance de soi - Non-dualit\u00e9 - M\u00e9ditation<\/title>\n<meta name=\"robots\" content=\"index, follow, max-snippet:-1, max-image-preview:large, max-video-preview:-1\" \/>\n<link rel=\"canonical\" href=\"https:\/\/www.revue3emillenaire.com\/blog\/une-breve-histoire-politique-du-changement-climatique-par-bill-ponton\/\" \/>\n<meta property=\"og:locale\" content=\"fr_FR\" \/>\n<meta property=\"og:type\" content=\"article\" \/>\n<meta property=\"og:title\" content=\"Une br\u00e8ve histoire politique du changement climatique par Bill Ponton - 3e mill\u00e9naire - Spiritualit\u00e9 - Connaissance de soi - Non-dualit\u00e9 - M\u00e9ditation\" \/>\n<meta property=\"og:description\" content=\"Nous attribuons souvent la long\u00e9vit\u00e9 des \u00c9tats communistes du XXe\u00a0si\u00e8cle \u00e0 la r\u00e9pression pratiqu\u00e9e par ces r\u00e9gimes. C\u2019est ind\u00e9niablement vrai, mais nous sous-estimons largement le fait que de nombreuses personnes vivant sous ces r\u00e9gimes r\u00e9pressifs tiraient un sens de leur participation \u00e0 ces exp\u00e9riences socialistes. Se contenter de dire que ces personnes \u00e9taient victimes d\u2019un [&hellip;]\" \/>\n<meta property=\"og:url\" content=\"https:\/\/www.revue3emillenaire.com\/blog\/une-breve-histoire-politique-du-changement-climatique-par-bill-ponton\/\" \/>\n<meta property=\"og:site_name\" content=\"3e mill\u00e9naire - Spiritualit\u00e9 - Connaissance de soi - Non-dualit\u00e9 - M\u00e9ditation\" \/>\n<meta property=\"article:published_time\" content=\"2024-09-17T00:46:53+00:00\" \/>\n<meta property=\"og:image\" content=\"https:\/\/www.revue3emillenaire.com\/blog\/wp-content\/uploads\/2023\/06\/Plante.jpg\" \/>\n\t<meta property=\"og:image:width\" content=\"784\" \/>\n\t<meta property=\"og:image:height\" content=\"588\" \/>\n\t<meta property=\"og:image:type\" content=\"image\/jpeg\" \/>\n<meta name=\"author\" content=\"3e mill\u00e9naire\" \/>\n<meta name=\"twitter:card\" content=\"summary_large_image\" \/>\n<meta name=\"twitter:label1\" content=\"\u00c9crit par\" \/>\n\t<meta name=\"twitter:data1\" content=\"3e mill\u00e9naire\" \/>\n\t<meta name=\"twitter:label2\" content=\"Dur\u00e9e de lecture estim\u00e9e\" \/>\n\t<meta name=\"twitter:data2\" content=\"4 minutes\" \/>\n<script type=\"application\/ld+json\" class=\"yoast-schema-graph\">{\"@context\":\"https:\/\/schema.org\",\"@graph\":[{\"@type\":\"Article\",\"@id\":\"https:\/\/www.revue3emillenaire.com\/blog\/une-breve-histoire-politique-du-changement-climatique-par-bill-ponton\/#article\",\"isPartOf\":{\"@id\":\"https:\/\/www.revue3emillenaire.com\/blog\/une-breve-histoire-politique-du-changement-climatique-par-bill-ponton\/\"},\"author\":{\"name\":\"3e mill\u00e9naire\",\"@id\":\"https:\/\/www.revue3emillenaire.com\/blog\/#\/schema\/person\/b692dacff720a5344a6190bc714397eb\"},\"headline\":\"Une br\u00e8ve histoire politique du changement climatique par Bill Ponton\",\"datePublished\":\"2024-09-17T00:46:53+00:00\",\"mainEntityOfPage\":{\"@id\":\"https:\/\/www.revue3emillenaire.com\/blog\/une-breve-histoire-politique-du-changement-climatique-par-bill-ponton\/\"},\"wordCount\":850,\"image\":{\"@id\":\"https:\/\/www.revue3emillenaire.com\/blog\/une-breve-histoire-politique-du-changement-climatique-par-bill-ponton\/#primaryimage\"},\"thumbnailUrl\":\"https:\/\/www.revue3emillenaire.com\/blog\/wp-content\/uploads\/2023\/06\/Plante.jpg\",\"keywords\":[\"Changement Climatique\",\"Histoire\",\"id\u00e9ologie\"],\"articleSection\":[\"Actualit\u00e9s\"],\"inLanguage\":\"fr-FR\"},{\"@type\":\"WebPage\",\"@id\":\"https:\/\/www.revue3emillenaire.com\/blog\/une-breve-histoire-politique-du-changement-climatique-par-bill-ponton\/\",\"url\":\"https:\/\/www.revue3emillenaire.com\/blog\/une-breve-histoire-politique-du-changement-climatique-par-bill-ponton\/\",\"name\":\"Une br\u00e8ve histoire politique du changement climatique par Bill Ponton - 3e mill\u00e9naire - Spiritualit\u00e9 - Connaissance de soi - Non-dualit\u00e9 - M\u00e9ditation\",\"isPartOf\":{\"@id\":\"https:\/\/www.revue3emillenaire.com\/blog\/#website\"},\"primaryImageOfPage\":{\"@id\":\"https:\/\/www.revue3emillenaire.com\/blog\/une-breve-histoire-politique-du-changement-climatique-par-bill-ponton\/#primaryimage\"},\"image\":{\"@id\":\"https:\/\/www.revue3emillenaire.com\/blog\/une-breve-histoire-politique-du-changement-climatique-par-bill-ponton\/#primaryimage\"},\"thumbnailUrl\":\"https:\/\/www.revue3emillenaire.com\/blog\/wp-content\/uploads\/2023\/06\/Plante.jpg\",\"datePublished\":\"2024-09-17T00:46:53+00:00\",\"author\":{\"@id\":\"https:\/\/www.revue3emillenaire.com\/blog\/#\/schema\/person\/b692dacff720a5344a6190bc714397eb\"},\"breadcrumb\":{\"@id\":\"https:\/\/www.revue3emillenaire.com\/blog\/une-breve-histoire-politique-du-changement-climatique-par-bill-ponton\/#breadcrumb\"},\"inLanguage\":\"fr-FR\",\"potentialAction\":[{\"@type\":\"ReadAction\",\"target\":[\"https:\/\/www.revue3emillenaire.com\/blog\/une-breve-histoire-politique-du-changement-climatique-par-bill-ponton\/\"]}]},{\"@type\":\"ImageObject\",\"inLanguage\":\"fr-FR\",\"@id\":\"https:\/\/www.revue3emillenaire.com\/blog\/une-breve-histoire-politique-du-changement-climatique-par-bill-ponton\/#primaryimage\",\"url\":\"https:\/\/www.revue3emillenaire.com\/blog\/wp-content\/uploads\/2023\/06\/Plante.jpg\",\"contentUrl\":\"https:\/\/www.revue3emillenaire.com\/blog\/wp-content\/uploads\/2023\/06\/Plante.jpg\",\"width\":784,\"height\":588},{\"@type\":\"BreadcrumbList\",\"@id\":\"https:\/\/www.revue3emillenaire.com\/blog\/une-breve-histoire-politique-du-changement-climatique-par-bill-ponton\/#breadcrumb\",\"itemListElement\":[{\"@type\":\"ListItem\",\"position\":1,\"name\":\"Accueil\",\"item\":\"https:\/\/www.revue3emillenaire.com\/blog\/\"},{\"@type\":\"ListItem\",\"position\":2,\"name\":\"Une br\u00e8ve histoire politique du changement climatique par Bill Ponton\"}]},{\"@type\":\"WebSite\",\"@id\":\"https:\/\/www.revue3emillenaire.com\/blog\/#website\",\"url\":\"https:\/\/www.revue3emillenaire.com\/blog\/\",\"name\":\"3e mill\u00e9naire - Spiritualit\u00e9 - Connaissance de soi - Non-dualit\u00e9 - M\u00e9ditation\",\"description\":\"L&#039;Homme en devenir\",\"potentialAction\":[{\"@type\":\"SearchAction\",\"target\":{\"@type\":\"EntryPoint\",\"urlTemplate\":\"https:\/\/www.revue3emillenaire.com\/blog\/?s={search_term_string}\"},\"query-input\":{\"@type\":\"PropertyValueSpecification\",\"valueRequired\":true,\"valueName\":\"search_term_string\"}}],\"inLanguage\":\"fr-FR\"},{\"@type\":\"Person\",\"@id\":\"https:\/\/www.revue3emillenaire.com\/blog\/#\/schema\/person\/b692dacff720a5344a6190bc714397eb\",\"name\":\"3e mill\u00e9naire\",\"url\":\"https:\/\/www.revue3emillenaire.com\/blog\/author\/scoussa\/\"}]}<\/script>\n<!-- \/ Yoast SEO plugin. -->","yoast_head_json":{"title":"Une br\u00e8ve histoire politique du changement climatique par Bill Ponton - 3e mill\u00e9naire - Spiritualit\u00e9 - Connaissance de soi - Non-dualit\u00e9 - M\u00e9ditation","robots":{"index":"index","follow":"follow","max-snippet":"max-snippet:-1","max-image-preview":"max-image-preview:large","max-video-preview":"max-video-preview:-1"},"canonical":"https:\/\/www.revue3emillenaire.com\/blog\/une-breve-histoire-politique-du-changement-climatique-par-bill-ponton\/","og_locale":"fr_FR","og_type":"article","og_title":"Une br\u00e8ve histoire politique du changement climatique par Bill Ponton - 3e mill\u00e9naire - Spiritualit\u00e9 - Connaissance de soi - Non-dualit\u00e9 - M\u00e9ditation","og_description":"Nous attribuons souvent la long\u00e9vit\u00e9 des \u00c9tats communistes du XXe\u00a0si\u00e8cle \u00e0 la r\u00e9pression pratiqu\u00e9e par ces r\u00e9gimes. C\u2019est ind\u00e9niablement vrai, mais nous sous-estimons largement le fait que de nombreuses personnes vivant sous ces r\u00e9gimes r\u00e9pressifs tiraient un sens de leur participation \u00e0 ces exp\u00e9riences socialistes. Se contenter de dire que ces personnes \u00e9taient victimes d\u2019un [&hellip;]","og_url":"https:\/\/www.revue3emillenaire.com\/blog\/une-breve-histoire-politique-du-changement-climatique-par-bill-ponton\/","og_site_name":"3e mill\u00e9naire - Spiritualit\u00e9 - Connaissance de soi - Non-dualit\u00e9 - M\u00e9ditation","article_published_time":"2024-09-17T00:46:53+00:00","og_image":[{"width":784,"height":588,"url":"https:\/\/www.revue3emillenaire.com\/blog\/wp-content\/uploads\/2023\/06\/Plante.jpg","type":"image\/jpeg"}],"author":"3e mill\u00e9naire","twitter_card":"summary_large_image","twitter_misc":{"\u00c9crit par":"3e mill\u00e9naire","Dur\u00e9e de lecture estim\u00e9e":"4 minutes"},"schema":{"@context":"https:\/\/schema.org","@graph":[{"@type":"Article","@id":"https:\/\/www.revue3emillenaire.com\/blog\/une-breve-histoire-politique-du-changement-climatique-par-bill-ponton\/#article","isPartOf":{"@id":"https:\/\/www.revue3emillenaire.com\/blog\/une-breve-histoire-politique-du-changement-climatique-par-bill-ponton\/"},"author":{"name":"3e mill\u00e9naire","@id":"https:\/\/www.revue3emillenaire.com\/blog\/#\/schema\/person\/b692dacff720a5344a6190bc714397eb"},"headline":"Une br\u00e8ve histoire politique du changement climatique par Bill Ponton","datePublished":"2024-09-17T00:46:53+00:00","mainEntityOfPage":{"@id":"https:\/\/www.revue3emillenaire.com\/blog\/une-breve-histoire-politique-du-changement-climatique-par-bill-ponton\/"},"wordCount":850,"image":{"@id":"https:\/\/www.revue3emillenaire.com\/blog\/une-breve-histoire-politique-du-changement-climatique-par-bill-ponton\/#primaryimage"},"thumbnailUrl":"https:\/\/www.revue3emillenaire.com\/blog\/wp-content\/uploads\/2023\/06\/Plante.jpg","keywords":["Changement Climatique","Histoire","id\u00e9ologie"],"articleSection":["Actualit\u00e9s"],"inLanguage":"fr-FR"},{"@type":"WebPage","@id":"https:\/\/www.revue3emillenaire.com\/blog\/une-breve-histoire-politique-du-changement-climatique-par-bill-ponton\/","url":"https:\/\/www.revue3emillenaire.com\/blog\/une-breve-histoire-politique-du-changement-climatique-par-bill-ponton\/","name":"Une br\u00e8ve histoire politique du changement climatique par Bill Ponton - 3e mill\u00e9naire - Spiritualit\u00e9 - Connaissance de soi - Non-dualit\u00e9 - M\u00e9ditation","isPartOf":{"@id":"https:\/\/www.revue3emillenaire.com\/blog\/#website"},"primaryImageOfPage":{"@id":"https:\/\/www.revue3emillenaire.com\/blog\/une-breve-histoire-politique-du-changement-climatique-par-bill-ponton\/#primaryimage"},"image":{"@id":"https:\/\/www.revue3emillenaire.com\/blog\/une-breve-histoire-politique-du-changement-climatique-par-bill-ponton\/#primaryimage"},"thumbnailUrl":"https:\/\/www.revue3emillenaire.com\/blog\/wp-content\/uploads\/2023\/06\/Plante.jpg","datePublished":"2024-09-17T00:46:53+00:00","author":{"@id":"https:\/\/www.revue3emillenaire.com\/blog\/#\/schema\/person\/b692dacff720a5344a6190bc714397eb"},"breadcrumb":{"@id":"https:\/\/www.revue3emillenaire.com\/blog\/une-breve-histoire-politique-du-changement-climatique-par-bill-ponton\/#breadcrumb"},"inLanguage":"fr-FR","potentialAction":[{"@type":"ReadAction","target":["https:\/\/www.revue3emillenaire.com\/blog\/une-breve-histoire-politique-du-changement-climatique-par-bill-ponton\/"]}]},{"@type":"ImageObject","inLanguage":"fr-FR","@id":"https:\/\/www.revue3emillenaire.com\/blog\/une-breve-histoire-politique-du-changement-climatique-par-bill-ponton\/#primaryimage","url":"https:\/\/www.revue3emillenaire.com\/blog\/wp-content\/uploads\/2023\/06\/Plante.jpg","contentUrl":"https:\/\/www.revue3emillenaire.com\/blog\/wp-content\/uploads\/2023\/06\/Plante.jpg","width":784,"height":588},{"@type":"BreadcrumbList","@id":"https:\/\/www.revue3emillenaire.com\/blog\/une-breve-histoire-politique-du-changement-climatique-par-bill-ponton\/#breadcrumb","itemListElement":[{"@type":"ListItem","position":1,"name":"Accueil","item":"https:\/\/www.revue3emillenaire.com\/blog\/"},{"@type":"ListItem","position":2,"name":"Une br\u00e8ve histoire politique du changement climatique par Bill Ponton"}]},{"@type":"WebSite","@id":"https:\/\/www.revue3emillenaire.com\/blog\/#website","url":"https:\/\/www.revue3emillenaire.com\/blog\/","name":"3e mill\u00e9naire - Spiritualit\u00e9 - Connaissance de soi - Non-dualit\u00e9 - M\u00e9ditation","description":"L&#039;Homme en devenir","potentialAction":[{"@type":"SearchAction","target":{"@type":"EntryPoint","urlTemplate":"https:\/\/www.revue3emillenaire.com\/blog\/?s={search_term_string}"},"query-input":{"@type":"PropertyValueSpecification","valueRequired":true,"valueName":"search_term_string"}}],"inLanguage":"fr-FR"},{"@type":"Person","@id":"https:\/\/www.revue3emillenaire.com\/blog\/#\/schema\/person\/b692dacff720a5344a6190bc714397eb","name":"3e mill\u00e9naire","url":"https:\/\/www.revue3emillenaire.com\/blog\/author\/scoussa\/"}]}},"_links":{"self":[{"href":"https:\/\/www.revue3emillenaire.com\/blog\/wp-json\/wp\/v2\/posts\/20191","targetHints":{"allow":["GET"]}}],"collection":[{"href":"https:\/\/www.revue3emillenaire.com\/blog\/wp-json\/wp\/v2\/posts"}],"about":[{"href":"https:\/\/www.revue3emillenaire.com\/blog\/wp-json\/wp\/v2\/types\/post"}],"author":[{"embeddable":true,"href":"https:\/\/www.revue3emillenaire.com\/blog\/wp-json\/wp\/v2\/users\/2"}],"replies":[{"embeddable":true,"href":"https:\/\/www.revue3emillenaire.com\/blog\/wp-json\/wp\/v2\/comments?post=20191"}],"version-history":[{"count":0,"href":"https:\/\/www.revue3emillenaire.com\/blog\/wp-json\/wp\/v2\/posts\/20191\/revisions"}],"wp:featuredmedia":[{"embeddable":true,"href":"https:\/\/www.revue3emillenaire.com\/blog\/wp-json\/wp\/v2\/media\/19353"}],"wp:attachment":[{"href":"https:\/\/www.revue3emillenaire.com\/blog\/wp-json\/wp\/v2\/media?parent=20191"}],"wp:term":[{"taxonomy":"category","embeddable":true,"href":"https:\/\/www.revue3emillenaire.com\/blog\/wp-json\/wp\/v2\/categories?post=20191"},{"taxonomy":"post_tag","embeddable":true,"href":"https:\/\/www.revue3emillenaire.com\/blog\/wp-json\/wp\/v2\/tags?post=20191"}],"curies":[{"name":"wp","href":"https:\/\/api.w.org\/{rel}","templated":true}]}}