{"id":20210,"date":"2024-09-24T01:31:40","date_gmt":"2024-09-24T00:31:40","guid":{"rendered":"https:\/\/www.revue3emillenaire.com\/blog\/?p=20210"},"modified":"2024-09-24T01:31:40","modified_gmt":"2024-09-24T00:31:40","slug":"le-pacte-pour-lavenir-de-lonu-traduit-du-mondialais-par-james-corbett","status":"publish","type":"post","link":"https:\/\/www.revue3emillenaire.com\/blog\/le-pacte-pour-lavenir-de-lonu-traduit-du-mondialais-par-james-corbett\/","title":{"rendered":"Le \u00ab\u00a0pacte pour l\u2019avenir\u00a0\u00bb de l\u2019ONU, traduit du Mondialais par James Corbett"},"content":{"rendered":"<p class=\"western\" align=\"justify\">22\u00a0septembre 2024<\/p>\n<p class=\"western\" align=\"justify\">Avez-vous d\u00e9j\u00e0 entendu un porte-parole de l\u2019establishment, une marionnette politique ou un coursier mondialiste dire <a href=\"https:\/\/millercenter.org\/the-presidency\/presidential-speeches\/september-11-1990-address-joint-session-congress\" target=\"_blank\" rel=\"noopener\">quelque chose comme<\/a>\u00a0: \u00ab\u00a0De ces temps troubl\u00e9s peut \u00e9merger notre cinqui\u00e8me objectif \u2014 un nouvel ordre mondial. Une nouvelle \u00e8re, lib\u00e9r\u00e9e de la menace de la terreur, plus forte dans la poursuite de la justice et plus s\u00fbre dans la qu\u00eate de la paix\u00a0\u00bb\u00a0?<\/p>\n<p class=\"western\" align=\"justify\"><a href=\"https:\/\/press.un.org\/en\/2023\/sgsm21718.doc.htm\" target=\"_blank\" rel=\"noopener\">Ou encore<\/a>\u00a0: \u00ab\u00a0Alors que notre monde devient plus complexe, plus incertain et plus dangereux, nous avons une responsabilit\u00e9 encore plus grande de renforcer le syst\u00e8me multilat\u00e9ral\u00a0\u00bb\u00a0?<\/p>\n<p class=\"western\" align=\"justify\"><a href=\"https:\/\/www.who.int\/news\/item\/20-09-2024-governments-progress-on-negotiations-for-a-pandemic-agreement-to-boost-global-preparedness-for-future-emergencies\" target=\"_blank\" rel=\"noopener\">Ou bien<\/a>\u00a0: \u00ab\u00a0Les contributions constructives des parties prenantes de l\u2019INB ont \u00e9t\u00e9 extr\u00eamement pr\u00e9cieuses. Ensemble, nous devons poursuivre ces progr\u00e8s au cours des prochains mois afin d\u2019atteindre notre objectif commun, \u00e0 savoir la conclusion d\u2019un accord sur les pand\u00e9mies qui orientera les futures mesures mondiales de lutte contre les pand\u00e9mies\u00a0\u00bb\u00a0?<\/p>\n<p class=\"western\" align=\"justify\">Oui, ce sont des mots fran\u00e7ais qui sortent de leur bouche. Mais ils ne parlent pas fran\u00e7ais. Ils parlent le Mondialais.<\/p>\n<p class=\"western\" align=\"justify\">En effet, le Mondialais ressemble au fran\u00e7ais et emploie des mots fran\u00e7ais, mais il poss\u00e8de son propre dictionnaire, dans lequel certains mots ont une signification compl\u00e8tement diff\u00e9rente. Si vous pensez pouvoir comprendre des termes comme \u00ab\u00a0d\u00e9veloppement durable\u00a0\u00bb ou \u00ab\u00a0droit international\u00a0\u00bb en les cherchant dans votre dictionnaire fran\u00e7ais standard (ou, pire encore, sur Wikip\u00e9dia), vous vous trompez lourdement.<\/p>\n<p class=\"western\" align=\"justify\">Heureusement, apr\u00e8s des d\u00e9cennies pass\u00e9es \u00e0 \u00e9couter ces mondialistes parler, j\u2019ai une assez bonne ma\u00eetrise du Mondialais. Aujourd\u2019hui, je vous propose mes services pour vous aider \u00e0 traduire en fran\u00e7ais le charabia mondialiste du nouveau \u00ab\u00a0<a href=\"https:\/\/www.un.org\/fr\/summit-of-the-future\/pact-for-the-future\" target=\"_blank\" rel=\"noopener\">Pacte pour l\u2019avenir<\/a>\u00a0\u00bb des Nations unies.<\/p>\n<p class=\"western\" align=\"justify\">D\u00e9sol\u00e9, et de rien\u00a0!<\/p>\n<p class=\"western\" align=\"justify\"><b>D\u00e9coder le pacte [de mort]<\/b><\/p>\n<p class=\"western\" align=\"justify\">Si vous n\u2019avez aucune id\u00e9e de ce qu\u2019est le Pacte pour l\u2019avenir, la premi\u00e8re chose \u00e0 faire est de regarder mon r\u00e9cent podcast sur le sujet\u00a0: <a href=\"https:\/\/corbettreport.com\/un-death-pact\/\" target=\"_blank\" rel=\"noopener\">\u00c9pisode\u00a0465 \u2014 Le Pacte [de mort] de l\u2019ONU pour l\u2019avenir [mondialiste]<\/a>.<\/p>\n<p align=\"justify\"><a href=\"https:\/\/corbettreport.com\/un-death-pact\/\" target=\"_blank\" rel=\"noopener\"><img loading=\"lazy\" decoding=\"async\" class=\"aligncenter size-full wp-image-20211\" src=\"https:\/\/www.revue3emillenaire.com\/blog\/wp-content\/uploads\/2024\/09\/UNdeathpact.jpg\" alt=\"\" width=\"1020\" height=\"572\" srcset=\"https:\/\/www.revue3emillenaire.com\/blog\/wp-content\/uploads\/2024\/09\/UNdeathpact.jpg 1020w, https:\/\/www.revue3emillenaire.com\/blog\/wp-content\/uploads\/2024\/09\/UNdeathpact-300x168.jpg 300w, https:\/\/www.revue3emillenaire.com\/blog\/wp-content\/uploads\/2024\/09\/UNdeathpact-768x431.jpg 768w\" sizes=\"auto, (max-width: 1020px) 100vw, 1020px\" \/><\/a><\/p>\n<p class=\"western\" align=\"justify\">Vous y d\u00e9couvrirez non seulement ce qu\u2019est le Pacte pour l\u2019avenir \u2014 un accord international qui devrait \u00eatre adopt\u00e9 par les \u00c9tats membres des Nations unies juste avant que l\u2019Assembl\u00e9e g\u00e9n\u00e9rale ne se r\u00e9unisse cette semaine \u00e0 New York \u2014 mais vous trouverez \u00e9galement un lien vers <a href=\"https:\/\/www.un.org\/fr\/summit-of-the-future\/pact-for-the-future-revisions\">la derni\u00e8re r\u00e9vision du document<\/a>. (C\u2019est vrai, tout comme le trait\u00e9 sur les pand\u00e9mies propos\u00e9 par l\u2019OMS en d\u00e9but d\u2019ann\u00e9e, les kakistocrates travaillent sur ce pacte de mort mondialiste jusqu\u2019\u00e0 la derni\u00e8re minute\u00a0!).<\/p>\n<p class=\"western\" align=\"justify\">Maintenant que vous \u00eates \u00e0 jour, il est temps de vous plonger dans le document lui-m\u00eame.<\/p>\n<p class=\"western\" align=\"justify\">Tout d\u2019abord, permettez-moi de vous montrer comment cela fonctionne. Voici les premiers mots de <b>l\u2019article\u00a01<\/b> de la derni\u00e8re r\u00e9vision, qui devrait donner le ton pour le reste du pacte\u00a0:<\/p>\n<p align=\"justify\"><a href=\"https:\/\/www.revue3emillenaire.com\/blog\/wp-content\/uploads\/2024\/09\/Rev1Corbett.jpg\"><img loading=\"lazy\" decoding=\"async\" class=\"aligncenter size-full wp-image-20212\" src=\"https:\/\/www.revue3emillenaire.com\/blog\/wp-content\/uploads\/2024\/09\/Rev1Corbett.jpg\" alt=\"\" width=\"550\" height=\"54\" srcset=\"https:\/\/www.revue3emillenaire.com\/blog\/wp-content\/uploads\/2024\/09\/Rev1Corbett.jpg 550w, https:\/\/www.revue3emillenaire.com\/blog\/wp-content\/uploads\/2024\/09\/Rev1Corbett-300x29.jpg 300w\" sizes=\"auto, (max-width: 550px) 100vw, 550px\" \/><\/a><\/p>\n<p class=\"western\" style=\"text-align: center;\" align=\"justify\">(1. Nous, Chefs d\u2019\u00c9tat et de Gouvernement, repr\u00e9sentants des peuples du monde, nous sommes r\u00e9unis au si\u00e8ge des Nations Unies pour prot\u00e9ger les besoins et les int\u00e9r\u00eats des g\u00e9n\u00e9rations pr\u00e9sentes et futures \u00e0 travers les actions de ce Pacte pour l\u2019Avenir.)<\/p>\n<p class=\"western\" align=\"justify\">Il s\u2019agit d\u2019un passage fascinant, car il donne vraiment la main \u00e0 ces kleptocrates conspirateurs. Nous pourrions le comparer au langage des comploteurs qui se sont r\u00e9unis \u00e0 Philadelphie en 1787 pour trahir la d\u00e9claration d\u2019ind\u00e9pendance et r\u00e9cup\u00e9rer la r\u00e9volution am\u00e9ricaine en r\u00e9digeant une constitution pour les \u00c9tats-Unis. Lorsque ces conspirateurs constitutionnels ont effectivement pris la plume, ils ont au moins eu le bon sens de commencer le pr\u00e9ambule de <a href=\"https:\/\/constitution.congress.gov\/constitution\/\" target=\"_blank\" rel=\"noopener\"><i>leur<\/i><\/a> <a href=\"https:\/\/constitution.congress.gov\/constitution\/\" target=\"_blank\" rel=\"noopener\">document<\/a> par un hommage \u00e0 ceux qui ont combattu pendant la guerre d\u2019ind\u00e9pendance\u00a0: \u00ab\u00a0Nous, le peuple des \u00c9tats-Unis\u2026\u00a0\u00bb<\/p>\n<p class=\"western\" align=\"justify\">Bien entendu, il s\u2019agissait d\u2019une manipulation rh\u00e9torique cynique de la part de ceux qu\u2019on appelle les \u00ab\u00a0P\u00e8res fondateurs\u00a0\u00bb. Apr\u00e8s tout, ce n\u2019\u00e9tait pas \u00ab\u00a0Nous, le peuple\u00a0\u00bb qui r\u00e9digions la Constitution am\u00e9ricaine, mais une cabale de conspirateurs qui se r\u00e9unissaient sous le couvert de la r\u00e9vision des articles de la Conf\u00e9d\u00e9ration. L\u2019ignorance du public quant \u00e0 ce qui \u00e9tait convenu en son nom \u00e9tait telle que nous avons la c\u00e9l\u00e8bre (et <a href=\"https:\/\/www.loc.gov\/exhibits\/creating-the-united-states\/convention-and-ratification.html#obj8\" target=\"_blank\" rel=\"noopener\">probablement apocryphe<\/a>) histoire d\u2019Eliza Powel demandant \u00e0 Benjamin Franklin au moment o\u00f9 la convention s\u2019ajournait\u00a0: \u00ab\u00a0Eh bien, docteur, qu\u2019avons-nous\u00a0: une r\u00e9publique ou une monarchie\u00a0?\u00a0\u00bb Ce \u00e0 quoi Franklin aurait r\u00e9pondu\u00a0: \u00ab\u00a0Une r\u00e9publique, si vous pouvez la garder\u00a0\u00bb. (N\u2019abordons m\u00eame pas la question de <a href=\"https:\/\/mises.org\/mises-wire\/new-constitution-ratification-and-amendment-process\" target=\"_blank\" rel=\"noopener\">la ratification<\/a> de cette constitution par le \u00ab\u00a0Nous le peuple\u00a0\u00bb).<\/p>\n<p class=\"western\" align=\"justify\">Mais les conspirateurs de l\u2019ONU n\u2019ont pas besoin d\u2019une telle pr\u00e9tention. Ils affirment simplement qu\u2019eux \u2014 les \u00ab\u00a0chefs d\u2019\u00c9tat et de gouvernement\u00a0\u00bb \u2014 repr\u00e9sentent les peuples du monde et se sont donn\u00e9 pour mission de d\u00e9terminer la meilleure fa\u00e7on de \u00ab\u00a0prot\u00e9ger les besoins et les int\u00e9r\u00eats\u00a0\u00bb non seulement de tous les \u00eatres humains vivants sur la plan\u00e8te, mais aussi <i>de tous ceux qui na\u00eetront \u00e0 l\u2019avenir<\/i>.<\/p>\n<p class=\"western\" align=\"justify\">Que cette bande de mondialistes ait de telles ambitions n\u2019est pas surprenant. Mais qu\u2019ils r\u00e9v\u00e8lent leur soif de pouvoir aussi ouvertement, noir sur blanc, est carr\u00e9ment choquant. C\u2019est un t\u00e9moignage de leur incroyable orgueil et c\u2019est donc, peut-\u00eatre, la fa\u00e7on la plus appropri\u00e9e pour eux de commencer un document comme celui-ci.<\/p>\n<p class=\"western\" align=\"justify\">Alors, o\u00f9 allons-nous \u00e0 partir de l\u00e0\u00a0? Eh bien, \u00e0 <b>L\u2019article\u00a02<\/b>, bien s\u00fbr\u00a0!<\/p>\n<p align=\"justify\"><a href=\"https:\/\/www.revue3emillenaire.com\/blog\/wp-content\/uploads\/2024\/09\/Rev2Corbett.jpg\"><img loading=\"lazy\" decoding=\"async\" class=\"aligncenter size-full wp-image-20213\" src=\"https:\/\/www.revue3emillenaire.com\/blog\/wp-content\/uploads\/2024\/09\/Rev2Corbett.jpg\" alt=\"\" width=\"550\" height=\"50\" srcset=\"https:\/\/www.revue3emillenaire.com\/blog\/wp-content\/uploads\/2024\/09\/Rev2Corbett.jpg 550w, https:\/\/www.revue3emillenaire.com\/blog\/wp-content\/uploads\/2024\/09\/Rev2Corbett-300x27.jpg 300w\" sizes=\"auto, (max-width: 550px) 100vw, 550px\" \/><\/a><\/p>\n<p class=\"western\" style=\"text-align: center;\" align=\"justify\">(2. Nous vivons une p\u00e9riode de profonde transformation mondiale. Nous sommes confront\u00e9s \u00e0 des risques catastrophiques et existentiels croissants, dont beaucoup sont caus\u00e9s par nos propres choix. Nos semblables endurent d\u2019horribles souffrances. Si nous ne changeons pas de cap, nous risquons de basculer vers un avenir de crises persistantes et de d\u00e9clin.)<\/p>\n<p class=\"western\" align=\"justify\">Ceux qui ne sont pas vers\u00e9s dans le Mondialais liront sans doute ce passage sans sourciller. Oui, le monde est confront\u00e9 \u00e0 des \u00ab\u00a0risques catastrophiques et existentiels\u00a0\u00bb et une \u00ab\u00a0profonde transformation mondiale\u00a0\u00bb est n\u00e9cessaire pour \u00e9viter \u00ab\u00a0un avenir de crise et d\u2019effondrement persistants\u00a0\u00bb. Pour s\u2019en convaincre, il suffit de parcourir chaque jour les titres des journaux.<\/p>\n<p class=\"western\" align=\"justify\">Mais ceux qui parlent couramment le Mondialais remarqueront sans doute l\u2019avertissement habilement ins\u00e9r\u00e9 \u00e0 la fin\u00a0: cette crise est \u00ab\u00a0caus\u00e9e par les choix que nous faisons\u00a0\u00bb. Qui est ce \u00ab\u00a0nous\u00a0\u00bb, exactement\u00a0? Et quels sont, pr\u00e9cis\u00e9ment, les choix qui font courir des risques existentiels \u00e0 l\u2019humanit\u00e9\u00a0? L\u2019implication, bien s\u00fbr, est que vous et moi sommes responsables de ce g\u00e2chis, que nos actions \u2014 notre trajet quotidien pour aller au travail, notre utilisation de l\u2019air conditionn\u00e9 ou notre habitude de manger de la viande \u2014 menacent l\u2019avenir de la plan\u00e8te.<\/p>\n<p class=\"western\" align=\"justify\">Si cela ressemble \u00e0 une tentative calcul\u00e9e de la part des personnes qui causent r\u00e9ellement les probl\u00e8mes du monde \u2014 les mauvais dirigeants \u00e0 la t\u00eate de la machine de guerre, de l\u2019arnaque climatique, de l\u2019\u00c9tat de surveillance et du syst\u00e8me financier \u2014 de rejeter la responsabilit\u00e9 de leurs actions sur les masses qu\u2019ils sont cens\u00e9s \u00ab\u00a0repr\u00e9senter\u00a0\u00bb, c\u2019est parce que c\u2019est effectivement le cas. En fait, les mondialistes ont admis par le pass\u00e9 qu\u2019ils employaient cette tactique consistant \u00e0 pr\u00e9senter les probl\u00e8mes comme des probl\u00e8mes \u00ab\u00a0caus\u00e9s par l\u2019homme\u00a0\u00bb afin de pouvoir ensuite d\u00e9clarer que l\u2019humanit\u00e9 elle-m\u00eame comme leur ennemie.<\/p>\n<p class=\"western\" align=\"justify\">Vous ne me croyez pas\u00a0? Lisez ce passage de <a href=\"https:\/\/archive.org\/details\/firstglobalrevol0000king\/page\/102\/mode\/2up?q=real+enemy\" target=\"_blank\" rel=\"noopener\"><i>The First Global Revolution<\/i><\/a>, un livre publi\u00e9 en 1991 par le Club de Rome, qui pr\u00e9tend identifier, diagnostiquer et r\u00e9soudre les probl\u00e8mes du monde\u00a0:<\/p>\n<p class=\"western\" style=\"padding-left: 80px;\" align=\"justify\">En cherchant un nouvel ennemi pour nous unir, nous avons sugg\u00e9r\u00e9 que la pollution, la menace du r\u00e9chauffement climatique, les p\u00e9nuries d\u2019eau, la famine et d\u2019autres ph\u00e9nom\u00e8nes de ce genre pourraient convenir. Dans leur ensemble et dans leurs interactions, ces ph\u00e9nom\u00e8nes constituent une menace commune qui exige la solidarit\u00e9 de tous les peuples. Mais en les d\u00e9signant comme l\u2019ennemi, nous tombons dans le pi\u00e8ge contre lequel nous avons d\u00e9j\u00e0 mis en garde, \u00e0 savoir confondre les sympt\u00f4mes avec les causes. Tous ces dangers sont caus\u00e9s par l\u2019intervention humaine et ce n\u2019est que par un changement d\u2019attitude et de comportement qu\u2019ils peuvent \u00eatre surmont\u00e9s. Le v\u00e9ritable ennemi est donc l\u2019humanit\u00e9 elle-m\u00eame.<\/p>\n<p class=\"western\" align=\"justify\">En nous rendant responsables de la crise mondiale, ces \u00ab\u00a0repr\u00e9sentants\u00a0\u00bb autoproclam\u00e9s de l\u2019humanit\u00e9 pr\u00e9tendent ainsi qu\u2019ils sont habilit\u00e9s \u00e0 r\u00e9glementer, limiter, restreindre et contr\u00f4ler de toute autre mani\u00e8re nos activit\u00e9s dans le cadre de leur mandat autoproclam\u00e9 de r\u00e9solution de la crise existentielle mondiale. Et dans cette formulation, nous sommes leur ennemi.<\/p>\n<p class=\"western\" align=\"justify\">Passons \u00e0 <b>l\u2019article\u00a03<\/b>\u00a0:<\/p>\n<p align=\"justify\"><a href=\"https:\/\/www.revue3emillenaire.com\/blog\/wp-content\/uploads\/2024\/09\/Rev3Corbett.jpg\"><img loading=\"lazy\" decoding=\"async\" class=\"aligncenter size-full wp-image-20214\" src=\"https:\/\/www.revue3emillenaire.com\/blog\/wp-content\/uploads\/2024\/09\/Rev3Corbett.jpg\" alt=\"\" width=\"550\" height=\"52\" srcset=\"https:\/\/www.revue3emillenaire.com\/blog\/wp-content\/uploads\/2024\/09\/Rev3Corbett.jpg 550w, https:\/\/www.revue3emillenaire.com\/blog\/wp-content\/uploads\/2024\/09\/Rev3Corbett-300x28.jpg 300w\" sizes=\"auto, (max-width: 550px) 100vw, 550px\" \/><\/a><\/p>\n<p class=\"western\" style=\"text-align: center;\" align=\"justify\">(3. Pourtant, c\u2019est aussi un moment d\u2019espoir et d\u2019opportunit\u00e9. La transformation mondiale est une chance de renouveau et de progr\u00e8s fond\u00e9e sur notre humanit\u00e9 commune. Les avanc\u00e9es en mati\u00e8re de connaissances, de science, de technologie et d\u2019innovation pourraient apporter une perc\u00e9e vers un avenir meilleur et plus durable pour tous. Le choix nous appartient.)<\/p>\n<p class=\"western\" align=\"justify\">Dans ce passage, il faut bien s\u00fbr lire \u00ab\u00a0hope (espoir)\u00a0\u00bb comme \u00ab\u00a0<a href=\"https:\/\/corbettreport.com\/hopium\/\" target=\"_blank\" rel=\"noopener\">hopium<\/a>\u00a0\u00bb.<\/p>\n<p class=\"western\" align=\"justify\">La \u00ab\u00a0transformation mondiale\u00a0\u00bb, quant \u00e0 elle, est une expression qui r\u00e9sonne particuli\u00e8rement bien pour les \u00e9litistes mondiaux. Le concept de r\u00e9volution ou de transformation mondiale est important pour ces futurs dirigeants de l\u2019humanit\u00e9. En effet, leur r\u00eave d\u2019un nouvel ordre mondial est toujours pr\u00e9sent\u00e9 comme l\u2019objectif final d\u2019une r\u00e9volution ou d\u2019une transformation mondiale (pensez \u00e0 la \u00ab\u00a0quatri\u00e8me r\u00e9volution industrielle\u00a0\u00bb de Klaus Schwab ou \u00e0 \u00ab\u00a0la premi\u00e8re r\u00e9volution mondiale\u00a0\u00bb du Club de Rome, d\u00e9j\u00e0 mentionn\u00e9e). La \u00ab\u00a0transformation mondiale\u00a0\u00bb rappelle \u00e9galement le document \u00ab\u00a0<a href=\"https:\/\/archive.org\/details\/RebuildingAmericasDefenses\" target=\"_blank\" rel=\"noopener\"><i>Rebuilding America\u2019s Defenses<\/i><\/a>\u00a0\u00bb de septembre 2000 du Project for a New American Century, dans lequel les auteurs n\u00e9oconservateurs avertissent que le \u00ab\u00a0processus de transformation\u00a0\u00bb de l\u2019arm\u00e9e am\u00e9ricaine \u00ab\u00a0serait probablement long, en l\u2019absence d\u2019un \u00e9v\u00e9nement catastrophique et catalyseur, tel qu\u2019un nouveau Pearl Harbor\u00a0\u00bb.<\/p>\n<p class=\"western\" align=\"justify\">Mais la phrase la plus int\u00e9ressante de l\u2019article\u00a03 est sans doute \u00ab\u00a0notre commune humanit\u00e9\u00a0\u00bb. C\u2019est \u00e9videmment une chose \u00e9trange \u00e0 dire en fran\u00e7ais courant. Pourtant, l\u2019appel \u00e0 \u00ab\u00a0notre humanit\u00e9 commune\u00a0\u00bb est exactement le type de terme mondialais que ces psychopathes \u00e0 sang-froid se faisant passer pour des gens normaux emploieraient pour nous faire adh\u00e9rer \u00e0 leur programme anti-humain. \u00ab\u00a0Bonjour, chers Hu-mons\u00a0! Contemplons notre humanit\u00e9 commune. Ne faites pas attention \u00e0 l\u2019aiguillon \u00e0 b\u00e9tail que je tiens dans ma main\u00a0!\u00a0\u00bb<\/p>\n<p class=\"western\" align=\"justify\">Plus s\u00e9rieusement, l\u2019expression \u00e9voque le document \u00ab\u00a0<a href=\"https:\/\/www.un.org\/fr\/common-agenda\" target=\"_blank\" rel=\"noopener\">Notre programme commun<\/a>\u00a0\u00bb que le secr\u00e9taire g\u00e9n\u00e9ral de l\u2019ONU, Antonio Guterres, a pr\u00e9sent\u00e9 au monde en 2021 en r\u00e9ponse \u00e0 <a href=\"https:\/\/documents.un.org\/doc\/undoc\/gen\/n20\/248\/80\/pdf\/n2024880.pdf\">une r\u00e9solution<\/a> que les \u00c9tats membres de l\u2019ONU ont adopt\u00e9e \u00e0 l\u2019occasion du soixante-quinzi\u00e8me anniversaire de l\u2019organisation en septembre 2020. Cette r\u00e9solution \u00ab\u00a0demandait au Secr\u00e9taire g\u00e9n\u00e9ral de pr\u00e9senter, avant la fin de la soixante-quinzi\u00e8me session de l\u2019Assembl\u00e9e g\u00e9n\u00e9rale, des recommandations visant \u00e0 faire progresser notre programme commun et \u00e0 relever les d\u00e9fis actuels et futurs\u00a0\u00bb. (Si vous suivez le lien vers <a href=\"https:\/\/documents.un.org\/doc\/undoc\/gen\/n20\/248\/80\/pdf\/n2024880.pdf\">la r\u00e9solution<\/a>, vous trouverez un \u00ab\u00a0Nous les peuples\u00a0\u00bb habilement d\u00e9ploy\u00e9 dans l\u2019article\u00a021\u00a0!)<\/p>\n<p class=\"western\" align=\"justify\">Comme les spectateurs du <i>Corbett Report<\/i> le savent depuis ma <a href=\"https:\/\/corbettreport.com\/nordangard-un\/\" target=\"_blank\" rel=\"noopener\">conversation avec le Dr Jacob Nordang\u00e5rd<\/a> l\u2019ann\u00e9e derni\u00e8re, le rapport de Guterres a donn\u00e9 le coup d\u2019envoi d\u2019un processus qui a abouti \u00e0 la cr\u00e9ation d\u2019une s\u00e9rie de \u00ab\u00a0Briefings politiques de Notre Programme Commun\u00a0\u00bb, qui ont \u00e0 leur tour contribu\u00e9 \u00e0 la cr\u00e9ation de ce Pacte pour l\u2019avenir. Ces documents politiques comprenaient des briefings sur la cr\u00e9ation d\u2019un \u00ab\u00a0<a href=\"https:\/\/www.un.org\/sites\/un2.un.org\/files\/our-common-agenda-policy-brief-gobal-digi-compact-en.pdf\" target=\"_blank\" rel=\"noopener\">Pacte num\u00e9rique mondial<\/a>\u00a0\u00bb (c\u2019est-\u00e0-dire une surveillance et un contr\u00f4le orwelliens de l\u2019internet), des \u00ab\u00a0<a href=\"https:\/\/www.un.org\/sites\/un2.un.org\/files\/our-common-agenda-policy-brief-international-finance-architecture-en.pdf\" target=\"_blank\" rel=\"noopener\">r\u00e9formes de l\u2019architecture financi\u00e8re internationale<\/a>\u00a0\u00bb (c\u2019est-\u00e0-dire une grille fiscale mondiale et une gouvernance \u00e9conomique mondiale), \u00ab\u00a0<a href=\"https:\/\/www.un.org\/sites\/un2.un.org\/files\/our-common-agenda-policy-brief-outer-space-en.pdf\" target=\"_blank\" rel=\"noopener\">Pour toute l\u2019humanit\u00e9 \u2014 l\u2019avenir de la gouvernance de l\u2019espace extra-atmosph\u00e9rique<\/a>\u00a0\u00bb (parce que la Terre n\u2019est pas assez grande pour ces mondialistes cupides) et une \u00ab\u00a0<a href=\"https:\/\/www.un.org\/sites\/un2.un.org\/files\/our-common-agenda-policy-brief-emergency-platform-en.pdf\">plateforme d\u2019urgence<\/a>\u00a0\u00bb (c\u2019est-\u00e0-dire l\u2019autorit\u00e9 pour le secr\u00e9taire g\u00e9n\u00e9ral des Nations unies d\u2019assumer des pouvoirs extraordinaires de coordination et de contr\u00f4le en cas de prochaine urgence mondiale d\u00e9clar\u00e9e).<\/p>\n<p class=\"western\" align=\"justify\">Gardez \u00e0 l\u2019esprit que lorsqu\u2019un mondialiste utilise l\u2019expression \u00ab\u00a0Notre humanit\u00e9 commune\u00a0\u00bb, il ne l\u2019utilise que pour vous vendre son propre programme de prise de pouvoir.<\/p>\n<p class=\"western\" align=\"justify\">D\u2019accord, vous comprenez l\u2019id\u00e9e. Je ne vais pas passer en revue tous les articles de ce pacte, car nous en aurions pour toute la journ\u00e9e. Mais permettez-moi de vous aider avec certaines des phrases en Mondialais les plus trompeuses ou les plus obscures du document.<\/p>\n<p class=\"western\" align=\"justify\"><b>\u00ab\u00a0Droit international\u00a0\u00bb<\/b><\/p>\n<p class=\"western\" align=\"justify\">L\u2019expression \u00ab\u00a0droit international\u00a0\u00bb est utilis\u00e9e \u00e0 de nombreuses reprises dans le pacte. Par exemple, l\u2019article\u00a05 nous informe que la r\u00e9solution des probl\u00e8mes auxquels nous sommes confront\u00e9s \u00ab\u00a0n\u00e9cessitera un nouvel engagement en faveur d\u2019une coop\u00e9ration internationale fond\u00e9e sur le respect du droit international\u00a0\u00bb. Le terme \u00ab\u00a0droit international\u00a0\u00bb est con\u00e7u pour sonner bien \u00e0 l\u2019oreille d\u2019un anglophone. Apr\u00e8s tout, qui ne veut pas de loi et d\u2019ordre\u00a0?<\/p>\n<p class=\"western\" align=\"justify\">Cependant, le \u00ab\u00a0droit international\u00a0\u00bb des mondialistes ne se r\u00e9f\u00e8re pas \u00e0 un id\u00e9al de justice universelle, mais \u00e0 un monde gouvern\u00e9 par un tribunal mondial unique et non responsable, \u00e0 la mani\u00e8re des proc\u00e8s de Nuremberg, c\u2019est-\u00e0-dire une justice des vainqueurs. Si vous voulez voir \u00e0 quoi ressemble r\u00e9ellement le \u00ab\u00a0droit international\u00a0\u00bb, vous n\u2019avez qu\u2019\u00e0 vous tourner vers <a href=\"https:\/\/corbettreport.com\/victors-justice-the-truth-about-the-international-criminal-court\/\" target=\"_blank\" rel=\"noopener\">la Cour p\u00e9nale internationale<\/a>, une institution risible qui a pass\u00e9 la quasi-totalit\u00e9 de son existence \u00e0 poursuivre <a href=\"https:\/\/corbettreport.com\/the-international-criminal-court-exposed\/\" target=\"_blank\" rel=\"noopener\">des kleptocrates africains<\/a> et \u00e0 ignorer soigneusement les actions de certains <a href=\"https:\/\/corbettreport.com\/the-icc-wants-to-start-arresting-politicians-i-think-thats-a-great-idea\/\" target=\"_blank\" rel=\"noopener\">des plus grands criminels de guerre de l\u2019histoire du monde<\/a>.<\/p>\n<p class=\"western\" align=\"justify\">Pour mieux comprendre ce que l\u2019expression mondialaise \u00ab\u00a0droit international\u00a0\u00bb signifie en fran\u00e7ais, veuillez consulter mon <a href=\"https:\/\/corbettreport.com\/episode-261-international-law\/\" target=\"_blank\" rel=\"noopener\">podcast de 2013 sur le sujet<\/a>.<\/p>\n<p align=\"justify\"><a href=\"https:\/\/corbettreport.com\/episode-261-international-law\/\" target=\"_blank\" rel=\"noopener\"><img loading=\"lazy\" decoding=\"async\" class=\"aligncenter size-full wp-image-20215\" src=\"https:\/\/www.revue3emillenaire.com\/blog\/wp-content\/uploads\/2024\/09\/Interlawcorbett.jpg\" alt=\"\" width=\"1020\" height=\"578\" srcset=\"https:\/\/www.revue3emillenaire.com\/blog\/wp-content\/uploads\/2024\/09\/Interlawcorbett.jpg 1020w, https:\/\/www.revue3emillenaire.com\/blog\/wp-content\/uploads\/2024\/09\/Interlawcorbett-300x170.jpg 300w, https:\/\/www.revue3emillenaire.com\/blog\/wp-content\/uploads\/2024\/09\/Interlawcorbett-768x435.jpg 768w\" sizes=\"auto, (max-width: 1020px) 100vw, 1020px\" \/><\/a><\/p>\n<p class=\"western\" align=\"justify\"><b>\u00ab\u00a0D\u00e9veloppement durable\u00a0\u00bb<\/b><\/p>\n<p class=\"western\" align=\"justify\">Le \u00ab\u00a0d\u00e9veloppement durable\u00a0\u00bb n\u2019est pas seulement l\u2019une des expressions les plus utilis\u00e9es dans le Pacte pour l\u2019avenir, c\u2019est aussi \u2014 comme l\u2019indique utilement l\u2019article\u00a09 du Pacte \u2014 l\u2019un des \u00ab\u00a0trois piliers des Nations unies\u00a0\u00bb (les deux autres \u00e9tant \u00ab\u00a0la paix et la s\u00e9curit\u00e9\u00a0\u00bb et \u00ab\u00a0les droits de l\u2019homme\u00a0\u00bb).<\/p>\n<p class=\"western\" align=\"justify\">\u00c0 premi\u00e8re vue, le \u00ab\u00a0d\u00e9veloppement durable\u00a0\u00bb est une expression fran\u00e7aise simple. Comme le dit le <a href=\"https:\/\/fr.wikipedia.org\/wiki\/D%C3%A9veloppement_durable\">bastion de la v\u00e9rit\u00e9<\/a>\u00a0: \u00ab\u00a0Le d\u00e9veloppement durable est une approche de la croissance et du d\u00e9veloppement humain qui vise \u00e0 r\u00e9pondre aux besoins du pr\u00e9sent sans compromettre la capacit\u00e9 des g\u00e9n\u00e9rations futures \u00e0 r\u00e9pondre \u00e0 leurs propres besoins\u00a0\u00bb. Mais un indice sur la signification de l\u2019expression en mondialais est fourni plus loin dans le m\u00eame article de Wikip\u00e9dia, o\u00f9 il est not\u00e9 que \u00ab\u00a0le rapport Brundtland de 1987 a contribu\u00e9 \u00e0 mieux faire conna\u00eetre le concept de d\u00e9veloppement durable\u00a0\u00bb.<\/p>\n<p class=\"western\" align=\"justify\">Pour ceux qui ne le savent pas, le \u00ab\u00a0rapport Brundtland\u00a0\u00bb est le rapport final d\u2019une commission des Nations unies pr\u00e9sid\u00e9e par le Premier ministre norv\u00e9gien Gro Harlem Brundtland de 1983 \u00e0 1987. Ce rapport, intitul\u00e9 (vous l\u2019avez devin\u00e9\u00a0!) \u00ab\u00a0<a href=\"http:\/\/www.un-documents.net\/our-common-future.pdf\">Notre avenir \u00e0 tous<\/a>\u00a0\u00bb, reprenait le m\u00eame discours anti-humain que le Club de Rome et, semble-t-il, toutes les autres organisations mondialistes aiment \u00e0 r\u00e9p\u00e9ter. Vous connaissez d\u00e9j\u00e0 leur mantra\u00a0: le monde est trop pollu\u00e9, \u00ab\u00a0l\u2019environnement humain\u00a0\u00bb se d\u00e9t\u00e9riore, vous et votre famille en \u00eates responsables, et nous devons c\u00e9der le pouvoir aux Nations unies pour qu\u2019elles puissent \u00ab\u00a0d\u00e9velopper durablement\u00a0\u00bb les ressources mondiales en d\u00e9clin.<\/p>\n<p class=\"western\" align=\"justify\">Bien s\u00fbr, ce r\u00e9cit est <a href=\"https:\/\/corbettreport.com\/limitstogrowth\/\" target=\"_blank\" rel=\"noopener\">une foutaise pseudoscientifique<\/a> de la pire esp\u00e8ce. N\u00e9anmoins, il pla\u00eet aux masses endoctrin\u00e9es, impr\u00e9gn\u00e9es de la propagande malthusienne des institutions mondialistes.<\/p>\n<p class=\"western\" align=\"justify\">En r\u00e9alit\u00e9, le \u00ab\u00a0d\u00e9veloppement durable\u00a0\u00bb n\u2019a rien \u00e0 voir avec la sauvegarde de notre m\u00e8re la Terre. Il s\u2019agit plut\u00f4t d\u2019un stratag\u00e8me cynique con\u00e7u pour permettre le plus grand braquage de l\u2019histoire de la plan\u00e8te\u00a0: la monopolisation de la terre et de toutes ses ressources (y compris les ressources humaines). Et \u00e0 en juger par la fr\u00e9quence avec laquelle le \u00ab\u00a0d\u00e9veloppement durable\u00a0\u00bb est pr\u00e9sent\u00e9 comme un noble objectif par les politiciens, les gouvernements et les organisations internationales, il semble que cela fonctionne.<\/p>\n<p class=\"western\" align=\"justify\">Si vous voulez savoir ce que signifie r\u00e9ellement le \u00ab\u00a0d\u00e9veloppement durable\u00a0\u00bb, vous pouvez consulter <a href=\"https:\/\/corbettreport.com\/episode-322-what-is-sustainable-development\/\" target=\"_blank\" rel=\"noopener\">mon podcast de 2017 sur le sujet<\/a>.<\/p>\n<p align=\"justify\"><a href=\"https:\/\/corbettreport.com\/episode-322-what-is-sustainable-development\/\" target=\"_blank\" rel=\"noopener\"><img loading=\"lazy\" decoding=\"async\" class=\"aligncenter size-full wp-image-20216\" src=\"https:\/\/www.revue3emillenaire.com\/blog\/wp-content\/uploads\/2024\/09\/durableCorbett.jpg\" alt=\"\" width=\"1020\" height=\"572\" srcset=\"https:\/\/www.revue3emillenaire.com\/blog\/wp-content\/uploads\/2024\/09\/durableCorbett.jpg 1020w, https:\/\/www.revue3emillenaire.com\/blog\/wp-content\/uploads\/2024\/09\/durableCorbett-300x168.jpg 300w, https:\/\/www.revue3emillenaire.com\/blog\/wp-content\/uploads\/2024\/09\/durableCorbett-768x431.jpg 768w\" sizes=\"auto, (max-width: 1020px) 100vw, 1020px\" \/><\/a><\/p>\n<p class=\"western\" align=\"justify\"><b>\u00ab\u00a0Nouvel objectif collectif quantifi\u00e9\u00a0\u00bb<\/b><\/p>\n<p class=\"western\" align=\"justify\">L\u2019article\u00a028 (c) du pacte fait r\u00e9f\u00e9rence \u00e0 un \u00ab\u00a0nouvel objectif collectif quantifi\u00e9\u00a0\u00bb, ou NCQG.<\/p>\n<p align=\"justify\"><a href=\"https:\/\/www.revue3emillenaire.com\/blog\/wp-content\/uploads\/2024\/09\/Rev4Corbett.jpg\"><img loading=\"lazy\" decoding=\"async\" class=\"aligncenter size-full wp-image-20217\" src=\"https:\/\/www.revue3emillenaire.com\/blog\/wp-content\/uploads\/2024\/09\/Rev4Corbett.jpg\" alt=\"\" width=\"550\" height=\"42\" srcset=\"https:\/\/www.revue3emillenaire.com\/blog\/wp-content\/uploads\/2024\/09\/Rev4Corbett.jpg 550w, https:\/\/www.revue3emillenaire.com\/blog\/wp-content\/uploads\/2024\/09\/Rev4Corbett-300x23.jpg 300w\" sizes=\"auto, (max-width: 550px) 100vw, 550px\" \/><\/a><\/p>\n<p class=\"western\" style=\"text-align: center;\" align=\"justify\">((c) R\u00e9affirmer notre d\u00e9termination \u00e0 placer, lors de la COP\u00a029, un nouvel objectif chiffr\u00e9 collectif (NCQG) \u00e0 partir d\u2019un plancher de 100\u00a0milliards\u00a0USD par an, en tenant compte des besoins et des priorit\u00e9s des pays en d\u00e9veloppement.)<\/p>\n<p class=\"western\" align=\"justify\">La \u00ab\u00a0COP\u00a029\u00a0\u00bb, comme mes <a href=\"https:\/\/corbettreport.com\/this-is-how-global-government-is-run-and-whats-coming-next\/\" target=\"_blank\" rel=\"noopener\">lecteurs r\u00e9guliers le savent<\/a> d\u00e9j\u00e0, fait r\u00e9f\u00e9rence \u00e0 la 29<sup>e<\/sup> \u00ab\u00a0Conf\u00e9rence des parties\u00a0\u00bb, la r\u00e9union annuelle des \u00c9tats membres qui sont parties \u00e0 la Convention-cadre des Nations unies sur les changements climatiques (CCNUCC).<\/p>\n<p class=\"western\" align=\"justify\">Pour ceux qui ne suivent pas l\u2019\u00e9volution de la situation \u00e0 domicile, la COP\u00a029 aura lieu en novembre en Azerba\u00efdjan, o\u00f9 un nouvel objectif collectif quantifi\u00e9 pour le financement du climat doit \u00eatre adopt\u00e9. Selon la <a href=\"https:\/\/unfccc.int\/sites\/default\/files\/resource\/UNFCCC_NCQG2023_flyer_web.pdf\" target=\"_blank\" rel=\"noopener\">CCNUCC elle-m\u00eame<\/a>, le NCQG \u00ab\u00a0est un nouvel objectif de financement climatique mondial que la Conf\u00e9rence des Parties agissant comme r\u00e9union des Parties \u00e0 l\u2019Accord de Paris (CMA) fixera \u00e0 partir d\u2019un plancher de 100\u00a0milliards de dollars par an, avant 2025\u00a0\u00bb.<\/p>\n<p class=\"western\" align=\"justify\">Et \u00e0 quoi servira exactement ce financement annuel de plus de 100\u00a0milliards de dollars\u00a0? Faites place au langage mondialiste\u00a0:<\/p>\n<p class=\"western\" style=\"padding-left: 80px;\" align=\"justify\">En 2021, les parties ont convenu que l\u2019objectif du NCQG \u00e9tait de contribuer \u00e0 acc\u00e9l\u00e9rer la r\u00e9alisation de l\u2019article\u00a02 de l\u2019accord de Paris, \u00e0 savoir maintenir l\u2019augmentation de la temp\u00e9rature moyenne mondiale nettement en dessous de 2\u00a0\u00b0C par rapport aux niveaux pr\u00e9industriels et poursuivre les efforts pour limiter l\u2019augmentation de la temp\u00e9rature \u00e0 1,5\u00a0\u00b0C par rapport aux niveaux pr\u00e9industriels, en reconnaissant que cela r\u00e9duirait de mani\u00e8re significative les risques et les impacts du changement climatique\u00a0; en augmentant la capacit\u00e9 d\u2019adaptation aux impacts n\u00e9gatifs du changement climatique et en favorisant la r\u00e9silience climatique et un d\u00e9veloppement \u00e0 faible \u00e9mission de gaz \u00e0 effet de serre d\u2019une mani\u00e8re qui ne menace pas la production alimentaire\u00a0; et en rendant les flux financiers coh\u00e9rents avec une voie vers un d\u00e9veloppement \u00e0 faible \u00e9mission de gaz \u00e0 effet de serre et r\u00e9silient au changement climatique.<\/p>\n<p class=\"western\" align=\"justify\">En clair, le NCQG est une r\u00e9serve de fonds destin\u00e9e \u00e0 acheter les kakistocrates corrompus des pays en d\u00e9veloppement afin d\u2019\u00e9viter une r\u00e9p\u00e9tition de la COP\u00a015. Apr\u00e8s tout, des <a href=\"https:\/\/corbettreport.com\/interview-1676-whitney-webb-exposes-how-green-finance-is-monopolizing-the-planet\/\" target=\"_blank\" rel=\"noopener\">dizaines de milliers de milliards de dollars de capitaux investissables<\/a> sont en jeu pour cette escroquerie verte, et si les puissances de la finance internationale peuvent soudoyer certains dirigeants du tiers-monde avec 100\u00a0milliards de dollars par an, elles le feront volontiers.<\/p>\n<p class=\"western\" align=\"justify\"><b>\u00ab\u00a0Chocs mondiaux complexes\u00a0\u00bb<\/b><\/p>\n<p class=\"western\" align=\"justify\"><b>L\u2019action\u00a056<\/b> du pacte stipule\u00a0:<\/p>\n<p align=\"justify\"><a href=\"https:\/\/www.revue3emillenaire.com\/blog\/wp-content\/uploads\/2024\/09\/Rev5Corbett.jpg\"><img loading=\"lazy\" decoding=\"async\" class=\"aligncenter size-full wp-image-20218\" src=\"https:\/\/www.revue3emillenaire.com\/blog\/wp-content\/uploads\/2024\/09\/Rev5Corbett.jpg\" alt=\"\" width=\"550\" height=\"32\" srcset=\"https:\/\/www.revue3emillenaire.com\/blog\/wp-content\/uploads\/2024\/09\/Rev5Corbett.jpg 550w, https:\/\/www.revue3emillenaire.com\/blog\/wp-content\/uploads\/2024\/09\/Rev5Corbett-300x17.jpg 300w\" sizes=\"auto, (max-width: 550px) 100vw, 550px\" \/><\/a><\/p>\n<p class=\"western\" style=\"text-align: center;\" align=\"justify\">(Action\u00a056. Nous renforcerons la r\u00e9ponse internationale face aux chocs globaux complexes)<\/p>\n<p class=\"western\" align=\"justify\">Les \u00ab\u00a0chocs mondiaux complexes\u00a0\u00bb sont une allusion au nouveau n\u00e9ologisme favori des mondialistes\u00a0: la polycrise.<\/p>\n<p class=\"western\" align=\"justify\">En Mondialais, le terme \u00ab\u00a0polycrise\u00a0\u00bb ne d\u00e9signe ni une situation d\u2019urgence unique ni les effets combin\u00e9s d\u2019un groupe de situations d\u2019urgence individuelles. Il fait plut\u00f4t r\u00e9f\u00e9rence \u00e0 la mani\u00e8re dont une situation d\u2019urgence peut se combiner avec une autre situation d\u2019urgence et l\u2019exacerber, donnant lieu \u00e0 une polycrise qui est pire que la somme de ses parties d\u2019unicrises.<\/p>\n<p class=\"western\" align=\"justify\">Comme je l\u2019ai expliqu\u00e9 dans \u00ab\u00a0<a href=\"https:\/\/www.revue3emillenaire.com\/blog\/voici-pourquoi-le-monde-secroule-et-ce-que-vous-pouvez-faire-a-ce-sujet-par-james-corbett\/\" target=\"_blank\" rel=\"noopener\">Voici pourquoi le monde s\u2019\u00e9croule (et ce que vous pouvez faire \u00e0 ce sujet\u00a0!<\/a>)\u00a0\u00bb, ce terme est en vogue parmi les \u00e9lites internationales depuis quelque temps. D\u2019abord invent\u00e9 par le sociologue fran\u00e7ais post-marxiste Edgar Morin il y a plusieurs d\u00e9cennies, le terme a \u00e9t\u00e9 repris et utilis\u00e9 par l\u2019ancien pr\u00e9sident de la Commission europ\u00e9enne (et pilier de longue date du Bilderberg), Jean-Claude Juncker, dans un <a href=\"https:\/\/ec.europa.eu\/commission\/presscorner\/detail\/en\/SPEECH_16_2293\" target=\"_blank\" rel=\"noopener\">discours prononc\u00e9 en 2016<\/a> sur les d\u00e9fis auxquels l\u2019Union europ\u00e9enne est confront\u00e9e.<\/p>\n<p class=\"western\" align=\"justify\"><span style=\"color: #212529;\"><span style=\"font-family: Times New Roman, serif;\"><span style=\"font-size: medium;\">L\u2019Union europ\u00e9enne a \u00e9t\u00e9 confront\u00e9e \u00e0 la pire crise \u00e9conomique, financi\u00e8re et sociale qu\u2019elle ait connue depuis la Seconde Guerre mondiale. Et elle continue de se d\u00e9battre avec les cons\u00e9quences de cette crise. J\u2019ai souvent utilis\u00e9 le mot grec \u00ab\u00a0polycrise\u00a0\u00bb pour d\u00e9crire la situation actuelle. Nos diff\u00e9rents d\u00e9fis \u2014 des menaces pour la s\u00e9curit\u00e9 dans notre voisinage et \u00e0 l\u2019int\u00e9rieur de nos fronti\u00e8res, \u00e0 la crise des r\u00e9fugi\u00e9s et au r\u00e9f\u00e9rendum britannique \u2014 ne sont pas seulement arriv\u00e9s en m\u00eame temps. Ils s\u2019alimentent les uns les autres, cr\u00e9ant un sentiment de doute et d\u2019incertitude dans l\u2019esprit de nos concitoyens.<\/span><\/span><\/span><\/p>\n<p class=\"western\" align=\"justify\">Le mot a ensuite \u00e9t\u00e9 repris et d\u00e9velopp\u00e9 par l\u2019historien grand public (et participant \u00e0 Davos) Adam Tooze dans le <i>Financial Times<\/i> avant de devenir <a href=\"https:\/\/time.com\/6247799\/polycrisis-in-davos-wef-2023\/\" target=\"_blank\" rel=\"noopener\">le \u00ab\u00a0mot \u00e0 la mode\u00a0\u00bb<\/a> \u00e0 Davos en 2023.<\/p>\n<p class=\"western\" align=\"justify\">Il n\u2019est pas difficile de comprendre pourquoi le concept de \u00ab\u00a0polycrise\u00a0\u00bb (ou, comme l\u2019appelle le pacte, de \u00ab\u00a0chocs mondiaux complexes\u00a0\u00bb) pla\u00eet aux mondialistes de Davos, de l\u2019ONU et d\u2019ailleurs. Une crise qui interagit avec d\u2019autres crises et les amplifie devient rapidement un probl\u00e8me si confus et si \u00e9crasant qu\u2019il ne peut \u00eatre r\u00e9solu que par des \u00ab\u00a0experts\u00a0\u00bb poss\u00e9dant les qualifications mondialistes appropri\u00e9es. Vous savez, <a href=\"https:\/\/corbettreport.com\/qfc-technocracy\/\" target=\"_blank\" rel=\"noopener\">les technocrates<\/a>.<\/p>\n<p class=\"western\" align=\"justify\">C\u2019est exactement la fa\u00e7on dont les conspirateurs de l\u2019ONU pr\u00e9sentent les choses dans le Pacte pour l\u2019avenir\u00a0: \u00ab\u00a0Les chocs mondiaux complexes sont des \u00e9v\u00e9nements qui ont des cons\u00e9quences gravement perturbatrices et n\u00e9fastes pour une proportion significative de pays et de la population mondiale, et qui entra\u00eenent des impacts dans de multiples secteurs, n\u00e9cessitant une r\u00e9ponse multidimensionnelle, de l\u2019ensemble du gouvernement et de l\u2019ensemble de la soci\u00e9t\u00e9\u00a0\u00bb.<\/p>\n<p class=\"western\" align=\"justify\">En d\u2019autres termes, le probl\u00e8me est complexe, mais la r\u00e9ponse est simple\u00a0: un gouvernement mondial\u00a0!<\/p>\n<p class=\"western\" align=\"justify\"><b>LA CONCLUSION<\/b><\/p>\n<p class=\"western\" align=\"justify\">Je pourrais continuer, mais vous avez compris l\u2019id\u00e9e. Les mondialistes utilisent des mots fran\u00e7ais, mais ils parlent le mondialais. Lorsque vous apprenez \u00e0 parler leur langue, vous commencez \u00e0 reconna\u00eetre que tous leurs beaux discours sur l\u2019\u00e9radication de la pauvret\u00e9 et l\u2019instauration de la paix dans le monde n\u2019ont en fait rien \u00e0 voir avec \u00ab\u00a0l\u2019\u00e9radication de la pauvret\u00e9\u00a0\u00bb ou \u00ab\u00a0l\u2019instauration de la paix dans le monde\u00a0\u00bb, mais plut\u00f4t avec la cr\u00e9ation d\u2019un gouvernement mondial charg\u00e9 de g\u00e9rer un syst\u00e8me n\u00e9o-f\u00e9odal de contr\u00f4le total de l\u2019\u00e9conomie et de la soci\u00e9t\u00e9.<\/p>\n<p class=\"western\" align=\"justify\">Voici un test pour voir si vous avez compris. <b>L\u2019action\u00a03<\/b> du pacte est la promesse\u00a0: \u00ab\u00a0Nous mettrons fin \u00e0 la faim, \u00e9liminerons l\u2019ins\u00e9curit\u00e9 alimentaire et toutes les formes de malnutrition\u00a0\u00bb. Pour ce faire, il faut notamment \u00ab\u00a0promouvoir des syst\u00e8mes agroalimentaires \u00e9quitables, r\u00e9silients, inclusifs et durables afin que chacun ait acc\u00e8s \u00e0 une alimentation s\u00fbre, abordable, suffisante et nutritive\u00a0\u00bb.<\/p>\n<p class=\"western\" align=\"justify\">En utilisant votre connaissance du Mondialais, pouvez-vous expliquer ce que signifie en fran\u00e7ais (ou en fran\u00e7ais) \u00ab\u00a0syst\u00e8mes agroalimentaires \u00e9quitables, r\u00e9silients, inclusifs et durables\u00a0\u00bb\u00a0? (Laissez votre r\u00e9ponse dans <a href=\"https:\/\/corbettreport.com\/the-uns-pact-for-the-future-translated-from-the-globalese\/\" target=\"_blank\" rel=\"noopener\">la section commentaire de ce post sur CorbettReport.com<\/a>\u00a0!)<\/p>\n<p class=\"western\" align=\"justify\">Mais maintenant que nous avons compris, voici le fond du probl\u00e8me\u00a0: Les mondialistes jouent un jeu avec l\u2019humanit\u00e9. Ils pr\u00e9tendent nous parler dans notre langue, mais ils nous font en r\u00e9alit\u00e9 adh\u00e9rer \u00e0 leur agenda. Un agenda de domination et de contr\u00f4le. Un agenda de destruction et d\u2019appauvrissement. Un agenda anti-humain d\u00e9di\u00e9 \u00e0 la cr\u00e9ation d\u2019un gouvernement mondial unique non responsable, dirig\u00e9 par des technocrates mondialistes et leurs acolytes pour leur propre b\u00e9n\u00e9fice.<\/p>\n<p class=\"western\" align=\"justify\">Permettez-moi donc de leur r\u00e9pondre en termes clairs\u00a0:<\/p>\n<p class=\"western\" align=\"justify\"><b>Vous <i>ne me repr\u00e9sentez pas<\/i>. Je <i>ne consens<\/i> pas \u00e0 vos projets. Je <i>ne c\u00e8de<\/i> pas mon autorit\u00e9 en tant qu\u2019individu souverain \u00e0 l\u2019ONU ou \u00e0 tout autre organisme pour prendre des d\u00e9cisions \u00e0 ma place ou pour ma famille. Je <i>ne participe<\/i> pas \u00e0 vos syst\u00e8mes de contr\u00f4le, et <i>rien <\/i>de ce que vous dites, aucun accord que vous concluez, aucun trait\u00e9 que vous signez, n\u2019a de pertinence pour moi. Je suis un \u00eatre humain libre et je fais mes propres choix dans la vie, en coop\u00e9ration avec d\u2019autres membres de ma communaut\u00e9, selon ce que je juge appropri\u00e9.<\/b><\/p>\n<p class=\"western\" align=\"justify\">Je traduirais bien ce message en mondialais pour que les mondialistes me comprennent mieux, mais je ne pense pas que ces mots existent dans leur langue. D\u2019une mani\u00e8re ou d\u2019une autre, je pense qu\u2019ils comprendront quand m\u00eame le message.<\/p>\n<p class=\"western\" align=\"justify\">Texte original\u00a0: <span style=\"color: #000080;\"><u><a href=\"https:\/\/corbettreport.substack.com\/p\/the-uns-pact-for-the-future-translated\" target=\"_blank\" rel=\"noopener\">https:\/\/corbettreport.substack.com\/p\/the-uns-pact-for-the-future-translated<\/a><\/u><\/span><\/p>\n","protected":false},"excerpt":{"rendered":"<p>22\u00a0septembre 2024 Avez-vous d\u00e9j\u00e0 entendu un porte-parole de l\u2019establishment, une marionnette politique ou un coursier mondialiste dire quelque chose comme\u00a0: \u00ab\u00a0De ces temps troubl\u00e9s peut \u00e9merger notre cinqui\u00e8me objectif \u2014 un nouvel ordre mondial. Une nouvelle \u00e8re, lib\u00e9r\u00e9e de la menace de la terreur, plus forte dans la poursuite de la justice et plus s\u00fbre [&hellip;]<\/p>\n","protected":false},"author":2,"featured_media":19248,"comment_status":"closed","ping_status":"closed","sticky":false,"template":"","format":"standard","meta":{"footnotes":""},"categories":[1540,1720],"tags":[1411,1814,1657,1647],"class_list":["post-20210","post","type-post","status-publish","format-standard","has-post-thumbnail","hentry","category-actualite","category-corbett-james","tag-controle","tag-gouvernement-mondial","tag-mondialisme","tag-totalitarisme"],"yoast_head":"<!-- This site is optimized with the Yoast SEO plugin v27.0 - https:\/\/yoast.com\/product\/yoast-seo-wordpress\/ -->\n<title>Le \u00ab\u00a0pacte pour l\u2019avenir\u00a0\u00bb de l\u2019ONU, traduit du Mondialais par James Corbett - 3e mill\u00e9naire - Spiritualit\u00e9 - Connaissance de soi - Non-dualit\u00e9 - M\u00e9ditation<\/title>\n<meta name=\"robots\" content=\"index, follow, max-snippet:-1, max-image-preview:large, max-video-preview:-1\" \/>\n<link rel=\"canonical\" href=\"https:\/\/www.revue3emillenaire.com\/blog\/le-pacte-pour-lavenir-de-lonu-traduit-du-mondialais-par-james-corbett\/\" \/>\n<meta property=\"og:locale\" content=\"fr_FR\" \/>\n<meta property=\"og:type\" content=\"article\" \/>\n<meta property=\"og:title\" content=\"Le \u00ab\u00a0pacte pour l\u2019avenir\u00a0\u00bb de l\u2019ONU, traduit du Mondialais par James Corbett - 3e mill\u00e9naire - Spiritualit\u00e9 - Connaissance de soi - Non-dualit\u00e9 - M\u00e9ditation\" \/>\n<meta property=\"og:description\" content=\"22\u00a0septembre 2024 Avez-vous d\u00e9j\u00e0 entendu un porte-parole de l\u2019establishment, une marionnette politique ou un coursier mondialiste dire quelque chose comme\u00a0: \u00ab\u00a0De ces temps troubl\u00e9s peut \u00e9merger notre cinqui\u00e8me objectif \u2014 un nouvel ordre mondial. Une nouvelle \u00e8re, lib\u00e9r\u00e9e de la menace de la terreur, plus forte dans la poursuite de la justice et plus s\u00fbre [&hellip;]\" \/>\n<meta property=\"og:url\" content=\"https:\/\/www.revue3emillenaire.com\/blog\/le-pacte-pour-lavenir-de-lonu-traduit-du-mondialais-par-james-corbett\/\" \/>\n<meta property=\"og:site_name\" content=\"3e mill\u00e9naire - Spiritualit\u00e9 - Connaissance de soi - Non-dualit\u00e9 - M\u00e9ditation\" \/>\n<meta property=\"article:published_time\" content=\"2024-09-24T00:31:40+00:00\" \/>\n<meta property=\"og:image\" content=\"https:\/\/www.revue3emillenaire.com\/blog\/wp-content\/uploads\/2023\/04\/James-Corbett.jpg\" \/>\n\t<meta property=\"og:image:width\" content=\"352\" \/>\n\t<meta property=\"og:image:height\" content=\"440\" \/>\n\t<meta property=\"og:image:type\" content=\"image\/jpeg\" \/>\n<meta name=\"author\" content=\"3e mill\u00e9naire\" \/>\n<meta name=\"twitter:card\" content=\"summary_large_image\" \/>\n<meta name=\"twitter:label1\" content=\"\u00c9crit par\" \/>\n\t<meta name=\"twitter:data1\" content=\"3e mill\u00e9naire\" \/>\n\t<meta name=\"twitter:label2\" content=\"Dur\u00e9e de lecture estim\u00e9e\" \/>\n\t<meta name=\"twitter:data2\" content=\"21 minutes\" \/>\n<script type=\"application\/ld+json\" class=\"yoast-schema-graph\">{\"@context\":\"https:\/\/schema.org\",\"@graph\":[{\"@type\":\"Article\",\"@id\":\"https:\/\/www.revue3emillenaire.com\/blog\/le-pacte-pour-lavenir-de-lonu-traduit-du-mondialais-par-james-corbett\/#article\",\"isPartOf\":{\"@id\":\"https:\/\/www.revue3emillenaire.com\/blog\/le-pacte-pour-lavenir-de-lonu-traduit-du-mondialais-par-james-corbett\/\"},\"author\":{\"name\":\"3e mill\u00e9naire\",\"@id\":\"https:\/\/www.revue3emillenaire.com\/blog\/#\/schema\/person\/b692dacff720a5344a6190bc714397eb\"},\"headline\":\"Le \u00ab\u00a0pacte pour l\u2019avenir\u00a0\u00bb de l\u2019ONU, traduit du Mondialais par James Corbett\",\"datePublished\":\"2024-09-24T00:31:40+00:00\",\"mainEntityOfPage\":{\"@id\":\"https:\/\/www.revue3emillenaire.com\/blog\/le-pacte-pour-lavenir-de-lonu-traduit-du-mondialais-par-james-corbett\/\"},\"wordCount\":4226,\"image\":{\"@id\":\"https:\/\/www.revue3emillenaire.com\/blog\/le-pacte-pour-lavenir-de-lonu-traduit-du-mondialais-par-james-corbett\/#primaryimage\"},\"thumbnailUrl\":\"https:\/\/www.revue3emillenaire.com\/blog\/wp-content\/uploads\/2023\/04\/James-Corbett.jpg\",\"keywords\":[\"Contr\u00f4le\",\"Gouvernement Mondial\",\"Mondialisme\",\"Totalitarisme\"],\"articleSection\":[\"Actualit\u00e9s\",\"Corbett James\"],\"inLanguage\":\"fr-FR\"},{\"@type\":\"WebPage\",\"@id\":\"https:\/\/www.revue3emillenaire.com\/blog\/le-pacte-pour-lavenir-de-lonu-traduit-du-mondialais-par-james-corbett\/\",\"url\":\"https:\/\/www.revue3emillenaire.com\/blog\/le-pacte-pour-lavenir-de-lonu-traduit-du-mondialais-par-james-corbett\/\",\"name\":\"Le \u00ab\u00a0pacte pour l\u2019avenir\u00a0\u00bb de l\u2019ONU, traduit du Mondialais par James Corbett - 3e mill\u00e9naire - Spiritualit\u00e9 - Connaissance de soi - Non-dualit\u00e9 - M\u00e9ditation\",\"isPartOf\":{\"@id\":\"https:\/\/www.revue3emillenaire.com\/blog\/#website\"},\"primaryImageOfPage\":{\"@id\":\"https:\/\/www.revue3emillenaire.com\/blog\/le-pacte-pour-lavenir-de-lonu-traduit-du-mondialais-par-james-corbett\/#primaryimage\"},\"image\":{\"@id\":\"https:\/\/www.revue3emillenaire.com\/blog\/le-pacte-pour-lavenir-de-lonu-traduit-du-mondialais-par-james-corbett\/#primaryimage\"},\"thumbnailUrl\":\"https:\/\/www.revue3emillenaire.com\/blog\/wp-content\/uploads\/2023\/04\/James-Corbett.jpg\",\"datePublished\":\"2024-09-24T00:31:40+00:00\",\"author\":{\"@id\":\"https:\/\/www.revue3emillenaire.com\/blog\/#\/schema\/person\/b692dacff720a5344a6190bc714397eb\"},\"breadcrumb\":{\"@id\":\"https:\/\/www.revue3emillenaire.com\/blog\/le-pacte-pour-lavenir-de-lonu-traduit-du-mondialais-par-james-corbett\/#breadcrumb\"},\"inLanguage\":\"fr-FR\",\"potentialAction\":[{\"@type\":\"ReadAction\",\"target\":[\"https:\/\/www.revue3emillenaire.com\/blog\/le-pacte-pour-lavenir-de-lonu-traduit-du-mondialais-par-james-corbett\/\"]}]},{\"@type\":\"ImageObject\",\"inLanguage\":\"fr-FR\",\"@id\":\"https:\/\/www.revue3emillenaire.com\/blog\/le-pacte-pour-lavenir-de-lonu-traduit-du-mondialais-par-james-corbett\/#primaryimage\",\"url\":\"https:\/\/www.revue3emillenaire.com\/blog\/wp-content\/uploads\/2023\/04\/James-Corbett.jpg\",\"contentUrl\":\"https:\/\/www.revue3emillenaire.com\/blog\/wp-content\/uploads\/2023\/04\/James-Corbett.jpg\",\"width\":352,\"height\":440},{\"@type\":\"BreadcrumbList\",\"@id\":\"https:\/\/www.revue3emillenaire.com\/blog\/le-pacte-pour-lavenir-de-lonu-traduit-du-mondialais-par-james-corbett\/#breadcrumb\",\"itemListElement\":[{\"@type\":\"ListItem\",\"position\":1,\"name\":\"Accueil\",\"item\":\"https:\/\/www.revue3emillenaire.com\/blog\/\"},{\"@type\":\"ListItem\",\"position\":2,\"name\":\"Le \u00ab\u00a0pacte pour l\u2019avenir\u00a0\u00bb de l\u2019ONU, traduit du Mondialais par James Corbett\"}]},{\"@type\":\"WebSite\",\"@id\":\"https:\/\/www.revue3emillenaire.com\/blog\/#website\",\"url\":\"https:\/\/www.revue3emillenaire.com\/blog\/\",\"name\":\"3e mill\u00e9naire - Spiritualit\u00e9 - Connaissance de soi - Non-dualit\u00e9 - M\u00e9ditation\",\"description\":\"L&#039;Homme en devenir\",\"potentialAction\":[{\"@type\":\"SearchAction\",\"target\":{\"@type\":\"EntryPoint\",\"urlTemplate\":\"https:\/\/www.revue3emillenaire.com\/blog\/?s={search_term_string}\"},\"query-input\":{\"@type\":\"PropertyValueSpecification\",\"valueRequired\":true,\"valueName\":\"search_term_string\"}}],\"inLanguage\":\"fr-FR\"},{\"@type\":\"Person\",\"@id\":\"https:\/\/www.revue3emillenaire.com\/blog\/#\/schema\/person\/b692dacff720a5344a6190bc714397eb\",\"name\":\"3e mill\u00e9naire\",\"url\":\"https:\/\/www.revue3emillenaire.com\/blog\/author\/scoussa\/\"}]}<\/script>\n<!-- \/ Yoast SEO plugin. -->","yoast_head_json":{"title":"Le \u00ab\u00a0pacte pour l\u2019avenir\u00a0\u00bb de l\u2019ONU, traduit du Mondialais par James Corbett - 3e mill\u00e9naire - Spiritualit\u00e9 - Connaissance de soi - Non-dualit\u00e9 - M\u00e9ditation","robots":{"index":"index","follow":"follow","max-snippet":"max-snippet:-1","max-image-preview":"max-image-preview:large","max-video-preview":"max-video-preview:-1"},"canonical":"https:\/\/www.revue3emillenaire.com\/blog\/le-pacte-pour-lavenir-de-lonu-traduit-du-mondialais-par-james-corbett\/","og_locale":"fr_FR","og_type":"article","og_title":"Le \u00ab\u00a0pacte pour l\u2019avenir\u00a0\u00bb de l\u2019ONU, traduit du Mondialais par James Corbett - 3e mill\u00e9naire - Spiritualit\u00e9 - Connaissance de soi - Non-dualit\u00e9 - M\u00e9ditation","og_description":"22\u00a0septembre 2024 Avez-vous d\u00e9j\u00e0 entendu un porte-parole de l\u2019establishment, une marionnette politique ou un coursier mondialiste dire quelque chose comme\u00a0: \u00ab\u00a0De ces temps troubl\u00e9s peut \u00e9merger notre cinqui\u00e8me objectif \u2014 un nouvel ordre mondial. Une nouvelle \u00e8re, lib\u00e9r\u00e9e de la menace de la terreur, plus forte dans la poursuite de la justice et plus s\u00fbre [&hellip;]","og_url":"https:\/\/www.revue3emillenaire.com\/blog\/le-pacte-pour-lavenir-de-lonu-traduit-du-mondialais-par-james-corbett\/","og_site_name":"3e mill\u00e9naire - Spiritualit\u00e9 - Connaissance de soi - Non-dualit\u00e9 - M\u00e9ditation","article_published_time":"2024-09-24T00:31:40+00:00","og_image":[{"width":352,"height":440,"url":"https:\/\/www.revue3emillenaire.com\/blog\/wp-content\/uploads\/2023\/04\/James-Corbett.jpg","type":"image\/jpeg"}],"author":"3e mill\u00e9naire","twitter_card":"summary_large_image","twitter_misc":{"\u00c9crit par":"3e mill\u00e9naire","Dur\u00e9e de lecture estim\u00e9e":"21 minutes"},"schema":{"@context":"https:\/\/schema.org","@graph":[{"@type":"Article","@id":"https:\/\/www.revue3emillenaire.com\/blog\/le-pacte-pour-lavenir-de-lonu-traduit-du-mondialais-par-james-corbett\/#article","isPartOf":{"@id":"https:\/\/www.revue3emillenaire.com\/blog\/le-pacte-pour-lavenir-de-lonu-traduit-du-mondialais-par-james-corbett\/"},"author":{"name":"3e mill\u00e9naire","@id":"https:\/\/www.revue3emillenaire.com\/blog\/#\/schema\/person\/b692dacff720a5344a6190bc714397eb"},"headline":"Le \u00ab\u00a0pacte pour l\u2019avenir\u00a0\u00bb de l\u2019ONU, traduit du Mondialais par James Corbett","datePublished":"2024-09-24T00:31:40+00:00","mainEntityOfPage":{"@id":"https:\/\/www.revue3emillenaire.com\/blog\/le-pacte-pour-lavenir-de-lonu-traduit-du-mondialais-par-james-corbett\/"},"wordCount":4226,"image":{"@id":"https:\/\/www.revue3emillenaire.com\/blog\/le-pacte-pour-lavenir-de-lonu-traduit-du-mondialais-par-james-corbett\/#primaryimage"},"thumbnailUrl":"https:\/\/www.revue3emillenaire.com\/blog\/wp-content\/uploads\/2023\/04\/James-Corbett.jpg","keywords":["Contr\u00f4le","Gouvernement Mondial","Mondialisme","Totalitarisme"],"articleSection":["Actualit\u00e9s","Corbett James"],"inLanguage":"fr-FR"},{"@type":"WebPage","@id":"https:\/\/www.revue3emillenaire.com\/blog\/le-pacte-pour-lavenir-de-lonu-traduit-du-mondialais-par-james-corbett\/","url":"https:\/\/www.revue3emillenaire.com\/blog\/le-pacte-pour-lavenir-de-lonu-traduit-du-mondialais-par-james-corbett\/","name":"Le \u00ab\u00a0pacte pour l\u2019avenir\u00a0\u00bb de l\u2019ONU, traduit du Mondialais par James Corbett - 3e mill\u00e9naire - Spiritualit\u00e9 - Connaissance de soi - Non-dualit\u00e9 - M\u00e9ditation","isPartOf":{"@id":"https:\/\/www.revue3emillenaire.com\/blog\/#website"},"primaryImageOfPage":{"@id":"https:\/\/www.revue3emillenaire.com\/blog\/le-pacte-pour-lavenir-de-lonu-traduit-du-mondialais-par-james-corbett\/#primaryimage"},"image":{"@id":"https:\/\/www.revue3emillenaire.com\/blog\/le-pacte-pour-lavenir-de-lonu-traduit-du-mondialais-par-james-corbett\/#primaryimage"},"thumbnailUrl":"https:\/\/www.revue3emillenaire.com\/blog\/wp-content\/uploads\/2023\/04\/James-Corbett.jpg","datePublished":"2024-09-24T00:31:40+00:00","author":{"@id":"https:\/\/www.revue3emillenaire.com\/blog\/#\/schema\/person\/b692dacff720a5344a6190bc714397eb"},"breadcrumb":{"@id":"https:\/\/www.revue3emillenaire.com\/blog\/le-pacte-pour-lavenir-de-lonu-traduit-du-mondialais-par-james-corbett\/#breadcrumb"},"inLanguage":"fr-FR","potentialAction":[{"@type":"ReadAction","target":["https:\/\/www.revue3emillenaire.com\/blog\/le-pacte-pour-lavenir-de-lonu-traduit-du-mondialais-par-james-corbett\/"]}]},{"@type":"ImageObject","inLanguage":"fr-FR","@id":"https:\/\/www.revue3emillenaire.com\/blog\/le-pacte-pour-lavenir-de-lonu-traduit-du-mondialais-par-james-corbett\/#primaryimage","url":"https:\/\/www.revue3emillenaire.com\/blog\/wp-content\/uploads\/2023\/04\/James-Corbett.jpg","contentUrl":"https:\/\/www.revue3emillenaire.com\/blog\/wp-content\/uploads\/2023\/04\/James-Corbett.jpg","width":352,"height":440},{"@type":"BreadcrumbList","@id":"https:\/\/www.revue3emillenaire.com\/blog\/le-pacte-pour-lavenir-de-lonu-traduit-du-mondialais-par-james-corbett\/#breadcrumb","itemListElement":[{"@type":"ListItem","position":1,"name":"Accueil","item":"https:\/\/www.revue3emillenaire.com\/blog\/"},{"@type":"ListItem","position":2,"name":"Le \u00ab\u00a0pacte pour l\u2019avenir\u00a0\u00bb de l\u2019ONU, traduit du Mondialais par James Corbett"}]},{"@type":"WebSite","@id":"https:\/\/www.revue3emillenaire.com\/blog\/#website","url":"https:\/\/www.revue3emillenaire.com\/blog\/","name":"3e mill\u00e9naire - Spiritualit\u00e9 - Connaissance de soi - Non-dualit\u00e9 - M\u00e9ditation","description":"L&#039;Homme en devenir","potentialAction":[{"@type":"SearchAction","target":{"@type":"EntryPoint","urlTemplate":"https:\/\/www.revue3emillenaire.com\/blog\/?s={search_term_string}"},"query-input":{"@type":"PropertyValueSpecification","valueRequired":true,"valueName":"search_term_string"}}],"inLanguage":"fr-FR"},{"@type":"Person","@id":"https:\/\/www.revue3emillenaire.com\/blog\/#\/schema\/person\/b692dacff720a5344a6190bc714397eb","name":"3e mill\u00e9naire","url":"https:\/\/www.revue3emillenaire.com\/blog\/author\/scoussa\/"}]}},"_links":{"self":[{"href":"https:\/\/www.revue3emillenaire.com\/blog\/wp-json\/wp\/v2\/posts\/20210","targetHints":{"allow":["GET"]}}],"collection":[{"href":"https:\/\/www.revue3emillenaire.com\/blog\/wp-json\/wp\/v2\/posts"}],"about":[{"href":"https:\/\/www.revue3emillenaire.com\/blog\/wp-json\/wp\/v2\/types\/post"}],"author":[{"embeddable":true,"href":"https:\/\/www.revue3emillenaire.com\/blog\/wp-json\/wp\/v2\/users\/2"}],"replies":[{"embeddable":true,"href":"https:\/\/www.revue3emillenaire.com\/blog\/wp-json\/wp\/v2\/comments?post=20210"}],"version-history":[{"count":0,"href":"https:\/\/www.revue3emillenaire.com\/blog\/wp-json\/wp\/v2\/posts\/20210\/revisions"}],"wp:featuredmedia":[{"embeddable":true,"href":"https:\/\/www.revue3emillenaire.com\/blog\/wp-json\/wp\/v2\/media\/19248"}],"wp:attachment":[{"href":"https:\/\/www.revue3emillenaire.com\/blog\/wp-json\/wp\/v2\/media?parent=20210"}],"wp:term":[{"taxonomy":"category","embeddable":true,"href":"https:\/\/www.revue3emillenaire.com\/blog\/wp-json\/wp\/v2\/categories?post=20210"},{"taxonomy":"post_tag","embeddable":true,"href":"https:\/\/www.revue3emillenaire.com\/blog\/wp-json\/wp\/v2\/tags?post=20210"}],"curies":[{"name":"wp","href":"https:\/\/api.w.org\/{rel}","templated":true}]}}