{"id":20235,"date":"2024-10-06T00:26:21","date_gmt":"2024-10-05T23:26:21","guid":{"rendered":"https:\/\/www.revue3emillenaire.com\/blog\/?p=20235"},"modified":"2024-10-07T01:03:08","modified_gmt":"2024-10-07T00:03:08","slug":"le-meme-au-dela-de-lespace-temps-par-john-horgan","status":"publish","type":"post","link":"https:\/\/www.revue3emillenaire.com\/blog\/le-meme-au-dela-de-lespace-temps-par-john-horgan\/","title":{"rendered":"Le m\u00e8me au-del\u00e0 de l\u2019espace-temps par John Horgan"},"content":{"rendered":"<p class=\"western\" align=\"justify\">3\u00a0octobre 2024<\/p>\n<p class=\"western\" align=\"justify\">UN ROYAUME AU-DEL\u00c0 DE L\u2019ESPACE-TEMPS [A.K.A. HOBOKEN, NJ, 3 OCTOBRE\u00a02024]. Il y a plusieurs dizaines d\u2019ann\u00e9es, j\u2019ai invent\u00e9 l\u2019expression \u00ab\u00a0science ironique\u00a0\u00bb pour d\u00e9crire les th\u00e9ories qui ne devraient pas \u00eatre prises trop au s\u00e9rieux, parce qu\u2019elles ne peuvent pas \u00eatre test\u00e9es comme le fait la science authentique. La science ironique s\u2019apparente davantage \u00e0 la philosophie ou \u00e0 la litt\u00e9rature qu\u2019\u00e0 la vraie science. Une th\u00e9orie ironique, comme la psychanalyse, peut \u00eatre int\u00e9ressante, amusante \u00e0 discuter, mais on ne peut jamais dire qu\u2019elle est vraie.<\/p>\n<p class=\"western\" align=\"justify\">Cela m\u2019am\u00e8ne \u00e0 \u00ab\u00a0<span style=\"color: #000080;\"><u><a href=\"https:\/\/www.quantamagazine.org\/the-unraveling-of-space-time-20240925\/\" target=\"_blank\" rel=\"noopener\">The Unraveling of Space-Time<\/a><\/u><\/span> (La d\u00e9construction de l\u2019espace-temps)\u00a0\u00bb, un num\u00e9ro sp\u00e9cial de <i>Quanta Magazine<\/i>. Ce recueil d\u2019articles explore la possibilit\u00e9 que l\u2019espace et le temps, qu\u2019Einstein a fusionn\u00e9s pour former l\u2019espace-temps, \u00e9mergent \u00ab\u00a0de blocs de construction plus primitifs qui n\u2019habitent pas eux-m\u00eames l\u2019espace et le temps\u00a0\u00bb.<\/p>\n<p class=\"western\" align=\"justify\">Par souci de concision et de l\u00e9g\u00e8ret\u00e9, j\u2019appellerai cette notion le \u00ab\u00a0m\u00e8me\u00a0\u00bb au-del\u00e0 de l\u2019espace-temps. Cette id\u00e9e n\u2019est pas vraiment nouvelle, comme le reconna\u00eet <i>Quanta<\/i> et comme le souligne le pr\u00e9cieux observateur de la physique Peter Woit sur <a href=\"https:\/\/www.math.columbia.edu\/~woit\/wordpress\/?p=14144\" target=\"_blank\" rel=\"noopener\">son blog \u00ab\u00a0Not Even Wrong\u00a0\u00bb<\/a>. Le m\u00e8me au-del\u00e0 de l\u2019espace-temps est li\u00e9 \u00e0 la qu\u00eate des physiciens pour trouver une th\u00e9orie unifi\u00e9e d\u00e9crivant toutes les forces de la nature.<\/p>\n<p class=\"western\" align=\"justify\">Une th\u00e9orie unifi\u00e9e r\u00e9concilierait la relativit\u00e9 g\u00e9n\u00e9rale, la th\u00e9orie de la gravit\u00e9 d\u2019Einstein, avec la th\u00e9orie quantique, qui rend compte de l\u2019\u00e9lectromagn\u00e9tisme et des forces nucl\u00e9aires. La relativit\u00e9 g\u00e9n\u00e9rale et la th\u00e9orie quantique sont \u00e9crites dans des langages math\u00e9matiques incompatibles et reposent sur des hypoth\u00e8ses diff\u00e9rentes concernant l\u2019espace, le temps et la causalit\u00e9.<\/p>\n<p class=\"western\" align=\"justify\">Depuis une quarantaine d\u2019ann\u00e9es, la th\u00e9orie des cordes est pr\u00e9sent\u00e9e comme la th\u00e9orie unifi\u00e9e la plus prometteuse. Edward Witten, que j\u2019ai un jour surnomm\u00e9 <a href=\"https:\/\/www.jstor.org\/stable\/24938796\">le \u00ab\u00a0joueur de fl\u00fbte\u00a0\u00bb des cordes<\/a>, avait certainement \u00e0 l\u2019esprit quelque chose comme le m\u00e8me au-del\u00e0 de l\u2019espace-temps en 1991 lorsqu\u2019il m\u2019a dit qu\u2019il cherchait les \u00ab\u00a0principes g\u00e9om\u00e9triques fondamentaux\u00a0\u00bb qui sous-tendent les cordes.<\/p>\n<p class=\"western\" align=\"justify\">Le probl\u00e8me, vous l\u2019avez devin\u00e9, est que ni la th\u00e9orie des cordes ni les autres candidats \u00e0 une th\u00e9orie unifi\u00e9e ne font de pr\u00e9dictions testables. Elles se basent sur des trucs math\u00e9matiques suppos\u00e9s exister \u00e0 l\u2019\u00e9chelle de Planck, une \u00e9chelle infiniment trop petite pour \u00eatre sond\u00e9e par des exp\u00e9riences dans le monde r\u00e9el.<\/p>\n<p class=\"western\" align=\"justify\">Oui, la v\u00e9rifiabilit\u00e9 reste un probl\u00e8me, conc\u00e8de aujourd\u2019hui Brian Greene, apologiste des cordes, dans le <a href=\"https:\/\/www.washingtonpost.com\/opinions\/2024\/09\/16\/string-theory-einstein-universal-physics\/\" target=\"_blank\" rel=\"noopener\"><i>Washington Post<\/i><\/a>, mais la th\u00e9orie des cordes vaut toujours la peine d\u2019\u00eatre poursuivie, parce qu\u2019elle \u00ab\u00a0a apport\u00e9 des insights provocateurs sur des myst\u00e8res de longue date et introduit des fa\u00e7ons radicalement nouvelles de d\u00e9crire la r\u00e9alit\u00e9 physique\u00a0\u00bb. Peter Woit <a href=\"https:\/\/www.math.columbia.edu\/~woit\/wordpress\/?p=14133\" target=\"_blank\" rel=\"noopener\">r\u00e9fute l\u2019affirmation de Greene ici<\/a>.<\/p>\n<p class=\"western\" align=\"justify\">Lorsque j\u2019ai insist\u00e9 aupr\u00e8s d\u2019Edward Witten sur la testabilit\u00e9 en 1991, il m\u2019a r\u00e9pondu\u00a0: \u00ab\u00a0Je ne pense pas vous avoir transmis la splendeur [de la th\u00e9orie des cordes], son incroyable coh\u00e9rence, son \u00e9l\u00e9gance et sa beaut\u00e9 remarquables\u00a0\u00bb. Witten voulait dire que la th\u00e9orie des cordes est si math\u00e9matiquement convaincante qu\u2019elle doit \u00eatre vraie, ou du moins sur la bonne voie.<\/p>\n<p class=\"western\" align=\"justify\">D\u2019autres physiciens d\u00e9fendent leurs <a href=\"https:\/\/www.quantamagazine.org\/the-two-faces-of-space-time-20240925\/\" target=\"_blank\" rel=\"noopener\">hypoth\u00e8ses pr\u00e9f\u00e9r\u00e9es sur l\u2019au-del\u00e0 de l\u2019espace-temps<\/a> avec des <a href=\"https:\/\/www.quantamagazine.org\/the-logic-that-must-lie-behind-a-new-physics-20240925\/\" target=\"_blank\" rel=\"noopener\">arguments similaires<\/a>. Mais comme le <a href=\"https:\/\/www.scientificamerican.com\/article\/a-theory-with-no-strings-attached-can-beautiful-physics-be-wrong-excerpt\/\" target=\"_blank\" rel=\"noopener\">souligne la physicienne Sabine Hossenfelder<\/a>, des crit\u00e8res subjectifs tels que la \u00ab\u00a0beaut\u00e9\u00a0\u00bb et l\u2019\u00ab\u00a0\u00e9l\u00e9gance\u00a0\u00bb ne peuvent se substituer aux donn\u00e9es concr\u00e8tes fournies par les acc\u00e9l\u00e9rateurs et d\u2019autres sources.<\/p>\n<p class=\"western\" align=\"justify\">Un autre probl\u00e8me se pose\u00a0: dans quelle mesure une th\u00e9orie de l\u2019au-del\u00e0 de l\u2019espace-temps peut-elle pr\u00e9dire ou expliquer quoi que ce soit\u00a0? Le philosophe de la physique Tim Maudlin a soulev\u00e9 cette objection apr\u00e8s que j\u2019ai publi\u00e9 un lien vers le num\u00e9ro de <i>Quanta<\/i> sur Facebook.<\/p>\n<p class=\"western\" align=\"justify\">\u00ab\u00a0Toute notre exp\u00e9rience du monde physique se pr\u00e9sente sous la forme d\u2019objets dot\u00e9s d\u2019une structure spatiale qui se d\u00e9placent au fil du temps\u00a0\u00bb, explique Maudlin. Une th\u00e9orie d\u00e9pourvue d\u2019espace et de temps \u00ab\u00a0ne peut pas entrer en contact avec ce que nous consid\u00e9rons comme des \u201cpreuves\u201d ou des \u201cobservations\u201d\u00a0\u00bb.<\/p>\n<p class=\"western\" align=\"justify\">Dans <em><a href=\"https:\/\/www.amazon.fr\/End-Science-Knowledge-Twilight-Scientific-ebook\/dp\/B06XC9JL99\/ref=sr_1_1?__mk_fr_FR=%C3%85M%C3%85%C5%BD%C3%95%C3%91&amp;s=books&amp;sr=1-1\" target=\"_blank\" rel=\"noopener\"><span style=\"font-family: Times New Roman, serif;\"><span style=\"font-size: medium;\"><i><u>The End of Science<\/u><\/i><\/span><\/span><\/a><\/em> (<i>La fin de la science<\/i>), j\u2019ai formul\u00e9 une plainte similaire \u00e0 propos de la th\u00e9orie des cordes, car aucun physicien n\u2019\u00e9tait en mesure de m\u2019expliquer exactement ce qu\u2019est une corde. Une corde, me disais-je, semble \u00eatre \u00ab\u00a0une sorte de truc math\u00e9matique qui g\u00e9n\u00e8re de la mati\u00e8re, de l\u2019\u00e9nergie, de l\u2019espace et du temps, mais qui ne correspond \u00e0 rien dans notre monde\u00a0\u00bb.<\/p>\n<p class=\"western\" align=\"justify\">Oh, et gardez ceci \u00e0 l\u2019esprit\u00a0: La plupart des physiciens partent du principe qu\u2019une th\u00e9orie unifi\u00e9e, qu\u2019elle transcende ou non l\u2019espace-temps, sera une th\u00e9orie quantique. Et nous ne savons toujours pas <a href=\"https:\/\/johnhorgan.org\/cross-check\/the-ironic-interpretation-of-quantum-mechanics\" target=\"_blank\" rel=\"noopener\">ce que signifie la m\u00e9canique quantique<\/a>\u00a0!<\/p>\n<p class=\"western\" align=\"justify\">Je ne peux m\u2019emp\u00eacher de mentionner que le m\u00e8me au-del\u00e0 de l\u2019espace-temps est apparu le mois dernier lors de \u00ab\u00a0<a href=\"https:\/\/www.sagesandscientists.org\/\" target=\"_blank\" rel=\"noopener\">Sages &amp; Scientifiques<\/a>\u00a0\u00bb, un symposium de trois jours supervis\u00e9 par le gourou de la spiritualit\u00e9 et de la sant\u00e9 Deepak Chopra. J\u2019ai <a href=\"https:\/\/www.revue3emillenaire.com\/blog\/le-panel-sur-la-conscience-par-john-horgan\/\" target=\"_blank\" rel=\"noopener\">anim\u00e9 une session<\/a> au cours de laquelle Chopra et quatre scientifiques ont propos\u00e9 que la conscience \u2014 plut\u00f4t que la mati\u00e8re, l\u2019espace et le temps \u2014 soit \u00ab\u00a0la r\u00e9alit\u00e9 fondamentale\u00a0\u00bb.<\/p>\n<p class=\"western\" align=\"justify\">Avant de m\u00e9priser cette id\u00e9e comme trop mystique, jetez un coup d\u2019\u0153il \u00e0 ce merveilleux essai publi\u00e9 dans <a href=\"https:\/\/www.quantamagazine.org\/john-wheeler-saw-the-tear-in-reality-20240925\/\" target=\"_blank\" rel=\"noopener\"><i>Quanta<\/i> par Amanda Gefter<\/a>, auteure d\u2019articles sur la physique. Elle note que John Wheeler, l\u2019un des physiciens les <a href=\"https:\/\/johnhorgan.org\/cross-check\/physicist-john-wheeler-and-the-it-from-bit\" target=\"_blank\" rel=\"noopener\">plus influents du XX<sup>e<\/sup>\u00a0si\u00e8cle<\/a>, a \u00e9mis l\u2019hypoth\u00e8se que la conscience est fondamentale.<\/p>\n<p class=\"western\" align=\"justify\">La proposition de Wheeler est n\u00e9e de sa contemplation de l\u2019exp\u00e9rience de la double fente et d\u2019autres explorations du domaine quantique\u00a0; des dispositifs exp\u00e9rimentaux diff\u00e9rents donnent des r\u00e9sultats diff\u00e9rents. Nous vivons dans une \u00ab\u00a0r\u00e9alit\u00e9 participative\u00a0\u00bb, a conclu Wheeler, dans laquelle nos questions d\u00e9finissent notre monde et m\u00eame, dans une certaine mesure, le font exister.<\/p>\n<p class=\"western\" align=\"justify\">Gefter montre que Wheeler a longtemps h\u00e9sit\u00e9 face \u00e0 cette perspective parce qu\u2019il ne pouvait pas concilier la possibilit\u00e9 que chacun d\u2019entre nous habite une r\u00e9alit\u00e9 subjective diff\u00e9rente avec sa conviction que nous vivons tous dans le m\u00eame monde mat\u00e9riel. Comment concilier subjectivit\u00e9 et objectivit\u00e9\u00a0? Bonne question, avec laquelle <a href=\"https:\/\/johnhorgan.org\/books\/mind-body-problems\/introduction\" target=\"_blank\" rel=\"noopener\">les philosophes sont aux prises depuis des mill\u00e9naires<\/a>.<\/p>\n<p class=\"western\" align=\"justify\">Lorsque je qualifie les sp\u00e9culations au-del\u00e0 de l\u2019espace-temps de \u00ab\u00a0science ironique\u00a0\u00bb, est-ce que je sugg\u00e8re qu\u2019elle est sans valeur et qu\u2019il faut l\u2019abandonner\u00a0? Bien s\u00fbr que non, et ce pour plusieurs raisons\u00a0:<\/p>\n<p class=\"western\" align=\"justify\">Tout d\u2019abord, les progr\u00e8s technologiques peuvent permettre aux scientifiques de r\u00e9soudre des \u00e9nigmes autrefois insolubles, telles que \u00ab\u00a0De quoi sont faites les \u00e9toiles\u00a0\u00bb ou \u00ab\u00a0Notre univers a-t-il eu un commencement\u00a0?\u00a0\u00bb Peut-\u00eatre qu\u2019un jour, des extraterrestres bienveillants et tr\u00e8s intelligents nous pr\u00eateront des gadgets capables de sonder l\u2019\u00e9chelle de Planck et de d\u00e9tecter d\u2019autres univers (<a href=\"https:\/\/johnhorgan.org\/cross-check\/multiverses-are-pseudoscientific-bullshit\" target=\"_blank\" rel=\"noopener\">toutes les th\u00e9ories sur les multivers sont ironiques<\/a>). Qui sait\u00a0?<\/p>\n<p class=\"western\" align=\"justify\">Deuxi\u00e8mement, la science ironique peut \u00eatre fructueuse. Bien que la th\u00e9orie des cordes ne nous ait rien appris sur le monde r\u00e9el, elle a stimul\u00e9 des avanc\u00e9es math\u00e9matiques. Edward Witten n\u2019a pas re\u00e7u de prix Nobel, mais il a remport\u00e9 la plus haute distinction en math\u00e9matiques, la m\u00e9daille Fields. Et la suggestion de John Wheeler selon laquelle la r\u00e9alit\u00e9 est d\u00e9finie par des bits, des r\u00e9ponses \u00e0 des questions de type oui ou non, a donn\u00e9 naissance au domaine florissant de la th\u00e9orie de l\u2019information quantique.<\/p>\n<p class=\"western\" align=\"justify\">Troisi\u00e8mement, j\u2019aime la science ironique\u00a0! Tout comme j\u2019aime <a href=\"https:\/\/johnhorgan.org\/cross-check\/quantum-mechanics-platos-cave-and-the-blind-piranha\" target=\"_blank\" rel=\"noopener\">la parabole de la caverne de Platon<\/a> et <a href=\"https:\/\/johnhorgan.org\/cross-check\/moby-dick-and-hawkings-ultimate-theory\" target=\"_blank\" rel=\"noopener\"><i>Moby Dick<\/i><\/a>. \u00c0 son meilleur, la science ironique, comme les grandes \u0153uvres de philosophie et d\u2019art et m\u00eame le <a href=\"https:\/\/johnhorgan.org\/cross-check\/whats-the-point-of-poetic-science-writing\" target=\"_blank\" rel=\"noopener\">grand journalisme scientifique<\/a>, <a href=\"https:\/\/johnhorgan.org\/cross-check\/nicaragua-quantum-mechanics-and-other-solutions-to-habituation\" target=\"_blank\" rel=\"noopener\">transperce notre accoutumance<\/a> et nous confronte \u00e0 <a href=\"https:\/\/johnhorgan.org\/cross-check\/the-weirdness-of-weirdness\" target=\"_blank\" rel=\"noopener\">la bizarrerie des choses que nous tenons pour acquises<\/a>. Et y a-t-il quelque chose que nous tenons pour acquis plus que l\u2019espace et le temps\u00a0?<\/p>\n<p class=\"western\" align=\"justify\">Lisez donc \u00ab\u00a0la d\u00e9construction de l\u2019espace et du temps\u00a0\u00bb dans <i>Quanta<\/i>. Mais lisez avec le sourire, ne prenez rien trop au s\u00e9rieux\u00a0: tout le blabla sur l\u2019univers holographique, la thermodynamique des trous noirs ou la dualit\u00e9 AdS\/CFT. Car toutes les sp\u00e9culations au-del\u00e0 de l\u2019espace-temps, aussi impressionnantes soient-elles sur le plan math\u00e9matique, ne sont pas de la science. C\u2019est de la science ironique.<\/p>\n<p class=\"western\" align=\"justify\"><b>Pour en savoir plus\u00a0:<\/b><\/p>\n<p class=\"western\" align=\"justify\">Pour d\u2019excellentes informations sur les sp\u00e9culations relatives \u00e0 la m\u00e9canique quantique et \u00e0 la conscience au-del\u00e0 de l\u2019espace-temps, consultez les deux livres de George Musser, auteur de livres de physique\u00a0: <i>Spooky Action at a Distance<\/i> et <i>Putting Ourselves Back in the Equation<\/i>. Voir \u00e9galement l\u2019entretien de Musser avec le philosophe Tim Maudlin, \u00ab\u00a0<a href=\"https:\/\/www.quantamagazine.org\/a-defense-of-the-reality-of-time-20170516\/\" target=\"_blank\" rel=\"noopener\">A Defense of the Reality of Time<\/a>\u00a0\u00bb (Une d\u00e9fense de la r\u00e9alit\u00e9 du temps).<\/p>\n<p class=\"western\" align=\"justify\"><span style=\"color: #000000;\"><span style=\"font-family: Times New Roman, serif;\"><span style=\"font-size: medium;\">Pour en savoir plus sur mon point de vue sceptique sur la physique, voir <\/span><\/span><\/span><span style=\"font-family: Times New Roman, serif;\"><span style=\"font-size: medium;\"><u><a href=\"https:\/\/johnhorgan.org\/cross-check\/physicists-teleport-bullshit-through-wormhole\" target=\"_blank\" rel=\"noopener\">Physicists Teleport Bullshit Through \u00ab\u00a0Wormhole\u00a0\u00bb<\/a>\u00a0! <\/u><\/span><\/span><span style=\"font-family: Times New Roman, serif;\"><span style=\"font-size: medium;\"><u>(Les physiciens t\u00e9l\u00e9portent des conneries \u00e0 travers un \u00ab\u00a0trou de ver\u00a0\u00bb)<\/u><\/span><\/span><span style=\"color: #000000;\"><span style=\"font-family: Times New Roman, serif;\"><span style=\"font-size: medium;\">, <\/span><\/span><\/span><span style=\"font-family: Times New Roman, serif;\"><span style=\"font-size: medium;\"><u><a href=\"https:\/\/johnhorgan.org\/cross-check\/multiverses-are-pseudoscientific-bullshit\" target=\"_blank\" rel=\"noopener\">Multiverses Are Pseudoscientific Bullshit<\/a> <\/u><\/span><\/span><span style=\"font-family: Times New Roman, serif;\"><span style=\"font-size: medium;\"><u>(Les multivers sont des conneries pseudoscientifiques)<\/u><\/span><\/span><span style=\"color: #000000;\"><span style=\"font-family: Times New Roman, serif;\"><span style=\"font-size: medium;\">, <\/span><\/span><\/span><span style=\"font-family: Times New Roman, serif;\"><span style=\"font-size: medium;\"><u><a href=\"https:\/\/johnhorgan.org\/cross-check\/the-ironic-interpretation-of-quantum-mechanics\" target=\"_blank\" rel=\"noopener\">The Ironic Interpretation of Quantum Mechanics<\/a> <\/u><\/span><\/span><span style=\"font-family: Times New Roman, serif;\"><span style=\"font-size: medium;\"><u>(L\u2019interpr\u00e9tation ironique de la m\u00e9canique quantique)<\/u><\/span><\/span><span style=\"color: #000000;\"><span style=\"font-family: Times New Roman, serif;\"><span style=\"font-size: medium;\">, <\/span><\/span><\/span><span style=\"font-family: Times New Roman, serif;\"><span style=\"font-size: medium;\"><u><a href=\"https:\/\/johnhorgan.org\/cross-check\/is-the-schrdinger-equation-true\" target=\"_blank\" rel=\"noopener\">Is the Schr\u00f6dinger Equation True?<\/a> <\/u><\/span><\/span><span style=\"font-family: Times New Roman, serif;\"><span style=\"font-size: medium;\"><u>(L\u2019\u00e9quation de Schr\u00f6dinger est-elle vraie\u00a0?)<\/u><\/span><\/span><span style=\"color: #000000;\"><span style=\"font-family: Times New Roman, serif;\"><span style=\"font-size: medium;\">, <\/span><\/span><\/span><a href=\"https:\/\/johnhorgan.org\/cross-check\/quantum-mechanics-the-chinese-room-and-the-limits-of-understanding\" target=\"_blank\" rel=\"noopener\"><span style=\"font-family: Times New Roman, serif;\"><span style=\"font-size: medium;\"><u>Quantum Mechanics, the Chinese Room and the Limits of Understanding<\/u><\/span><\/span><\/a> <span style=\"color: #000000;\"><span style=\"font-family: Times New Roman, serif;\"><span style=\"font-size: medium;\">(la chambre chinoise et les limites de la compr\u00e9hension) et mon livre gratuit en ligne<\/span><\/span><\/span> <em><span style=\"font-family: Times New Roman, serif;\"><span style=\"font-size: medium;\"><u><a href=\"https:\/\/johnhorgan.org\/books\/my-quantum-experiment\/introduction\" target=\"_blank\" rel=\"noopener\">My Quantum Experiment<\/a> <\/u><\/span><\/span><\/em><em><span style=\"font-family: Times New Roman, serif;\"><span style=\"font-size: medium;\"><u>(Mon exp\u00e9rience quantique)<\/u><\/span><\/span><\/em><span style=\"color: #000000;\"><span style=\"font-family: Times New Roman, serif;\"><span style=\"font-size: medium;\">.<\/span><\/span><\/span><\/p>\n<p class=\"western\" align=\"justify\">Texte original\u00a0: <span style=\"color: #000080;\"><u><a href=\"https:\/\/johnhorgan.org\/cross-check\/the-beyond-spacetime-meme\" target=\"_blank\" rel=\"noopener\">https:\/\/johnhorgan.org\/cross-check\/the-beyond-spacetime-meme<\/a><\/u><\/span><\/p>\n","protected":false},"excerpt":{"rendered":"<p>3\u00a0octobre 2024 UN ROYAUME AU-DEL\u00c0 DE L\u2019ESPACE-TEMPS [A.K.A. HOBOKEN, NJ, 3 OCTOBRE\u00a02024]. Il y a plusieurs dizaines d\u2019ann\u00e9es, j\u2019ai invent\u00e9 l\u2019expression \u00ab\u00a0science ironique\u00a0\u00bb pour d\u00e9crire les th\u00e9ories qui ne devraient pas \u00eatre prises trop au s\u00e9rieux, parce qu\u2019elles ne peuvent pas \u00eatre test\u00e9es comme le fait la science authentique. La science ironique s\u2019apparente davantage \u00e0 [&hellip;]<\/p>\n","protected":false},"author":2,"featured_media":19571,"comment_status":"closed","ping_status":"closed","sticky":false,"template":"","format":"standard","meta":{"footnotes":""},"categories":[1788],"tags":[37,229,1215,100,1903,1992],"class_list":["post-20235","post","type-post","status-publish","format-standard","has-post-thumbnail","hentry","category-horgan-john","tag-conscience","tag-espace-temps","tag-mecanique-quantique","tag-physique","tag-speculation","tag-theorie-des-cordes"],"yoast_head":"<!-- This site is optimized with the Yoast SEO plugin v27.0 - https:\/\/yoast.com\/product\/yoast-seo-wordpress\/ -->\n<title>Le m\u00e8me au-del\u00e0 de l\u2019espace-temps par John Horgan - 3e mill\u00e9naire - Spiritualit\u00e9 - Connaissance de soi - Non-dualit\u00e9 - M\u00e9ditation<\/title>\n<meta name=\"robots\" content=\"index, follow, max-snippet:-1, max-image-preview:large, max-video-preview:-1\" \/>\n<link rel=\"canonical\" href=\"https:\/\/www.revue3emillenaire.com\/blog\/le-meme-au-dela-de-lespace-temps-par-john-horgan\/\" \/>\n<meta property=\"og:locale\" content=\"fr_FR\" \/>\n<meta property=\"og:type\" content=\"article\" \/>\n<meta property=\"og:title\" content=\"Le m\u00e8me au-del\u00e0 de l\u2019espace-temps par John Horgan - 3e mill\u00e9naire - Spiritualit\u00e9 - Connaissance de soi - Non-dualit\u00e9 - M\u00e9ditation\" \/>\n<meta property=\"og:description\" content=\"3\u00a0octobre 2024 UN ROYAUME AU-DEL\u00c0 DE L\u2019ESPACE-TEMPS [A.K.A. HOBOKEN, NJ, 3 OCTOBRE\u00a02024]. Il y a plusieurs dizaines d\u2019ann\u00e9es, j\u2019ai invent\u00e9 l\u2019expression \u00ab\u00a0science ironique\u00a0\u00bb pour d\u00e9crire les th\u00e9ories qui ne devraient pas \u00eatre prises trop au s\u00e9rieux, parce qu\u2019elles ne peuvent pas \u00eatre test\u00e9es comme le fait la science authentique. La science ironique s\u2019apparente davantage \u00e0 [&hellip;]\" \/>\n<meta property=\"og:url\" content=\"https:\/\/www.revue3emillenaire.com\/blog\/le-meme-au-dela-de-lespace-temps-par-john-horgan\/\" \/>\n<meta property=\"og:site_name\" content=\"3e mill\u00e9naire - Spiritualit\u00e9 - Connaissance de soi - Non-dualit\u00e9 - M\u00e9ditation\" \/>\n<meta property=\"article:published_time\" content=\"2024-10-05T23:26:21+00:00\" \/>\n<meta property=\"article:modified_time\" content=\"2024-10-07T00:03:08+00:00\" \/>\n<meta property=\"og:image\" content=\"https:\/\/www.revue3emillenaire.com\/blog\/wp-content\/uploads\/2023\/10\/John-Horgan.jpg\" \/>\n\t<meta property=\"og:image:width\" content=\"450\" \/>\n\t<meta property=\"og:image:height\" content=\"506\" \/>\n\t<meta property=\"og:image:type\" content=\"image\/jpeg\" \/>\n<meta name=\"author\" content=\"3e mill\u00e9naire\" \/>\n<meta name=\"twitter:card\" content=\"summary_large_image\" \/>\n<meta name=\"twitter:label1\" content=\"\u00c9crit par\" \/>\n\t<meta name=\"twitter:data1\" content=\"3e mill\u00e9naire\" \/>\n\t<meta name=\"twitter:label2\" content=\"Dur\u00e9e de lecture estim\u00e9e\" \/>\n\t<meta name=\"twitter:data2\" content=\"8 minutes\" \/>\n<script type=\"application\/ld+json\" class=\"yoast-schema-graph\">{\"@context\":\"https:\/\/schema.org\",\"@graph\":[{\"@type\":\"Article\",\"@id\":\"https:\/\/www.revue3emillenaire.com\/blog\/le-meme-au-dela-de-lespace-temps-par-john-horgan\/#article\",\"isPartOf\":{\"@id\":\"https:\/\/www.revue3emillenaire.com\/blog\/le-meme-au-dela-de-lespace-temps-par-john-horgan\/\"},\"author\":{\"name\":\"3e mill\u00e9naire\",\"@id\":\"https:\/\/www.revue3emillenaire.com\/blog\/#\/schema\/person\/b692dacff720a5344a6190bc714397eb\"},\"headline\":\"Le m\u00e8me au-del\u00e0 de l\u2019espace-temps par John Horgan\",\"datePublished\":\"2024-10-05T23:26:21+00:00\",\"dateModified\":\"2024-10-07T00:03:08+00:00\",\"mainEntityOfPage\":{\"@id\":\"https:\/\/www.revue3emillenaire.com\/blog\/le-meme-au-dela-de-lespace-temps-par-john-horgan\/\"},\"wordCount\":1698,\"image\":{\"@id\":\"https:\/\/www.revue3emillenaire.com\/blog\/le-meme-au-dela-de-lespace-temps-par-john-horgan\/#primaryimage\"},\"thumbnailUrl\":\"https:\/\/www.revue3emillenaire.com\/blog\/wp-content\/uploads\/2023\/10\/John-Horgan.jpg\",\"keywords\":[\"Conscience\",\"espace-temps\",\"M\u00e9canique quantique\",\"Physique\",\"Sp\u00e9culation\",\"Th\u00e9orie des cordes\"],\"articleSection\":[\"Horgan John\"],\"inLanguage\":\"fr-FR\"},{\"@type\":\"WebPage\",\"@id\":\"https:\/\/www.revue3emillenaire.com\/blog\/le-meme-au-dela-de-lespace-temps-par-john-horgan\/\",\"url\":\"https:\/\/www.revue3emillenaire.com\/blog\/le-meme-au-dela-de-lespace-temps-par-john-horgan\/\",\"name\":\"Le m\u00e8me au-del\u00e0 de l\u2019espace-temps par John Horgan - 3e mill\u00e9naire - Spiritualit\u00e9 - Connaissance de soi - Non-dualit\u00e9 - M\u00e9ditation\",\"isPartOf\":{\"@id\":\"https:\/\/www.revue3emillenaire.com\/blog\/#website\"},\"primaryImageOfPage\":{\"@id\":\"https:\/\/www.revue3emillenaire.com\/blog\/le-meme-au-dela-de-lespace-temps-par-john-horgan\/#primaryimage\"},\"image\":{\"@id\":\"https:\/\/www.revue3emillenaire.com\/blog\/le-meme-au-dela-de-lespace-temps-par-john-horgan\/#primaryimage\"},\"thumbnailUrl\":\"https:\/\/www.revue3emillenaire.com\/blog\/wp-content\/uploads\/2023\/10\/John-Horgan.jpg\",\"datePublished\":\"2024-10-05T23:26:21+00:00\",\"dateModified\":\"2024-10-07T00:03:08+00:00\",\"author\":{\"@id\":\"https:\/\/www.revue3emillenaire.com\/blog\/#\/schema\/person\/b692dacff720a5344a6190bc714397eb\"},\"breadcrumb\":{\"@id\":\"https:\/\/www.revue3emillenaire.com\/blog\/le-meme-au-dela-de-lespace-temps-par-john-horgan\/#breadcrumb\"},\"inLanguage\":\"fr-FR\",\"potentialAction\":[{\"@type\":\"ReadAction\",\"target\":[\"https:\/\/www.revue3emillenaire.com\/blog\/le-meme-au-dela-de-lespace-temps-par-john-horgan\/\"]}]},{\"@type\":\"ImageObject\",\"inLanguage\":\"fr-FR\",\"@id\":\"https:\/\/www.revue3emillenaire.com\/blog\/le-meme-au-dela-de-lespace-temps-par-john-horgan\/#primaryimage\",\"url\":\"https:\/\/www.revue3emillenaire.com\/blog\/wp-content\/uploads\/2023\/10\/John-Horgan.jpg\",\"contentUrl\":\"https:\/\/www.revue3emillenaire.com\/blog\/wp-content\/uploads\/2023\/10\/John-Horgan.jpg\",\"width\":450,\"height\":506},{\"@type\":\"BreadcrumbList\",\"@id\":\"https:\/\/www.revue3emillenaire.com\/blog\/le-meme-au-dela-de-lespace-temps-par-john-horgan\/#breadcrumb\",\"itemListElement\":[{\"@type\":\"ListItem\",\"position\":1,\"name\":\"Accueil\",\"item\":\"https:\/\/www.revue3emillenaire.com\/blog\/\"},{\"@type\":\"ListItem\",\"position\":2,\"name\":\"Le m\u00e8me au-del\u00e0 de l\u2019espace-temps par John Horgan\"}]},{\"@type\":\"WebSite\",\"@id\":\"https:\/\/www.revue3emillenaire.com\/blog\/#website\",\"url\":\"https:\/\/www.revue3emillenaire.com\/blog\/\",\"name\":\"3e mill\u00e9naire - Spiritualit\u00e9 - Connaissance de soi - Non-dualit\u00e9 - M\u00e9ditation\",\"description\":\"L&#039;Homme en devenir\",\"potentialAction\":[{\"@type\":\"SearchAction\",\"target\":{\"@type\":\"EntryPoint\",\"urlTemplate\":\"https:\/\/www.revue3emillenaire.com\/blog\/?s={search_term_string}\"},\"query-input\":{\"@type\":\"PropertyValueSpecification\",\"valueRequired\":true,\"valueName\":\"search_term_string\"}}],\"inLanguage\":\"fr-FR\"},{\"@type\":\"Person\",\"@id\":\"https:\/\/www.revue3emillenaire.com\/blog\/#\/schema\/person\/b692dacff720a5344a6190bc714397eb\",\"name\":\"3e mill\u00e9naire\",\"url\":\"https:\/\/www.revue3emillenaire.com\/blog\/author\/scoussa\/\"}]}<\/script>\n<!-- \/ Yoast SEO plugin. -->","yoast_head_json":{"title":"Le m\u00e8me au-del\u00e0 de l\u2019espace-temps par John Horgan - 3e mill\u00e9naire - Spiritualit\u00e9 - Connaissance de soi - Non-dualit\u00e9 - M\u00e9ditation","robots":{"index":"index","follow":"follow","max-snippet":"max-snippet:-1","max-image-preview":"max-image-preview:large","max-video-preview":"max-video-preview:-1"},"canonical":"https:\/\/www.revue3emillenaire.com\/blog\/le-meme-au-dela-de-lespace-temps-par-john-horgan\/","og_locale":"fr_FR","og_type":"article","og_title":"Le m\u00e8me au-del\u00e0 de l\u2019espace-temps par John Horgan - 3e mill\u00e9naire - Spiritualit\u00e9 - Connaissance de soi - Non-dualit\u00e9 - M\u00e9ditation","og_description":"3\u00a0octobre 2024 UN ROYAUME AU-DEL\u00c0 DE L\u2019ESPACE-TEMPS [A.K.A. HOBOKEN, NJ, 3 OCTOBRE\u00a02024]. Il y a plusieurs dizaines d\u2019ann\u00e9es, j\u2019ai invent\u00e9 l\u2019expression \u00ab\u00a0science ironique\u00a0\u00bb pour d\u00e9crire les th\u00e9ories qui ne devraient pas \u00eatre prises trop au s\u00e9rieux, parce qu\u2019elles ne peuvent pas \u00eatre test\u00e9es comme le fait la science authentique. La science ironique s\u2019apparente davantage \u00e0 [&hellip;]","og_url":"https:\/\/www.revue3emillenaire.com\/blog\/le-meme-au-dela-de-lespace-temps-par-john-horgan\/","og_site_name":"3e mill\u00e9naire - Spiritualit\u00e9 - Connaissance de soi - Non-dualit\u00e9 - M\u00e9ditation","article_published_time":"2024-10-05T23:26:21+00:00","article_modified_time":"2024-10-07T00:03:08+00:00","og_image":[{"width":450,"height":506,"url":"https:\/\/www.revue3emillenaire.com\/blog\/wp-content\/uploads\/2023\/10\/John-Horgan.jpg","type":"image\/jpeg"}],"author":"3e mill\u00e9naire","twitter_card":"summary_large_image","twitter_misc":{"\u00c9crit par":"3e mill\u00e9naire","Dur\u00e9e de lecture estim\u00e9e":"8 minutes"},"schema":{"@context":"https:\/\/schema.org","@graph":[{"@type":"Article","@id":"https:\/\/www.revue3emillenaire.com\/blog\/le-meme-au-dela-de-lespace-temps-par-john-horgan\/#article","isPartOf":{"@id":"https:\/\/www.revue3emillenaire.com\/blog\/le-meme-au-dela-de-lespace-temps-par-john-horgan\/"},"author":{"name":"3e mill\u00e9naire","@id":"https:\/\/www.revue3emillenaire.com\/blog\/#\/schema\/person\/b692dacff720a5344a6190bc714397eb"},"headline":"Le m\u00e8me au-del\u00e0 de l\u2019espace-temps par John Horgan","datePublished":"2024-10-05T23:26:21+00:00","dateModified":"2024-10-07T00:03:08+00:00","mainEntityOfPage":{"@id":"https:\/\/www.revue3emillenaire.com\/blog\/le-meme-au-dela-de-lespace-temps-par-john-horgan\/"},"wordCount":1698,"image":{"@id":"https:\/\/www.revue3emillenaire.com\/blog\/le-meme-au-dela-de-lespace-temps-par-john-horgan\/#primaryimage"},"thumbnailUrl":"https:\/\/www.revue3emillenaire.com\/blog\/wp-content\/uploads\/2023\/10\/John-Horgan.jpg","keywords":["Conscience","espace-temps","M\u00e9canique quantique","Physique","Sp\u00e9culation","Th\u00e9orie des cordes"],"articleSection":["Horgan John"],"inLanguage":"fr-FR"},{"@type":"WebPage","@id":"https:\/\/www.revue3emillenaire.com\/blog\/le-meme-au-dela-de-lespace-temps-par-john-horgan\/","url":"https:\/\/www.revue3emillenaire.com\/blog\/le-meme-au-dela-de-lespace-temps-par-john-horgan\/","name":"Le m\u00e8me au-del\u00e0 de l\u2019espace-temps par John Horgan - 3e mill\u00e9naire - Spiritualit\u00e9 - Connaissance de soi - Non-dualit\u00e9 - M\u00e9ditation","isPartOf":{"@id":"https:\/\/www.revue3emillenaire.com\/blog\/#website"},"primaryImageOfPage":{"@id":"https:\/\/www.revue3emillenaire.com\/blog\/le-meme-au-dela-de-lespace-temps-par-john-horgan\/#primaryimage"},"image":{"@id":"https:\/\/www.revue3emillenaire.com\/blog\/le-meme-au-dela-de-lespace-temps-par-john-horgan\/#primaryimage"},"thumbnailUrl":"https:\/\/www.revue3emillenaire.com\/blog\/wp-content\/uploads\/2023\/10\/John-Horgan.jpg","datePublished":"2024-10-05T23:26:21+00:00","dateModified":"2024-10-07T00:03:08+00:00","author":{"@id":"https:\/\/www.revue3emillenaire.com\/blog\/#\/schema\/person\/b692dacff720a5344a6190bc714397eb"},"breadcrumb":{"@id":"https:\/\/www.revue3emillenaire.com\/blog\/le-meme-au-dela-de-lespace-temps-par-john-horgan\/#breadcrumb"},"inLanguage":"fr-FR","potentialAction":[{"@type":"ReadAction","target":["https:\/\/www.revue3emillenaire.com\/blog\/le-meme-au-dela-de-lespace-temps-par-john-horgan\/"]}]},{"@type":"ImageObject","inLanguage":"fr-FR","@id":"https:\/\/www.revue3emillenaire.com\/blog\/le-meme-au-dela-de-lespace-temps-par-john-horgan\/#primaryimage","url":"https:\/\/www.revue3emillenaire.com\/blog\/wp-content\/uploads\/2023\/10\/John-Horgan.jpg","contentUrl":"https:\/\/www.revue3emillenaire.com\/blog\/wp-content\/uploads\/2023\/10\/John-Horgan.jpg","width":450,"height":506},{"@type":"BreadcrumbList","@id":"https:\/\/www.revue3emillenaire.com\/blog\/le-meme-au-dela-de-lespace-temps-par-john-horgan\/#breadcrumb","itemListElement":[{"@type":"ListItem","position":1,"name":"Accueil","item":"https:\/\/www.revue3emillenaire.com\/blog\/"},{"@type":"ListItem","position":2,"name":"Le m\u00e8me au-del\u00e0 de l\u2019espace-temps par John Horgan"}]},{"@type":"WebSite","@id":"https:\/\/www.revue3emillenaire.com\/blog\/#website","url":"https:\/\/www.revue3emillenaire.com\/blog\/","name":"3e mill\u00e9naire - Spiritualit\u00e9 - Connaissance de soi - Non-dualit\u00e9 - M\u00e9ditation","description":"L&#039;Homme en devenir","potentialAction":[{"@type":"SearchAction","target":{"@type":"EntryPoint","urlTemplate":"https:\/\/www.revue3emillenaire.com\/blog\/?s={search_term_string}"},"query-input":{"@type":"PropertyValueSpecification","valueRequired":true,"valueName":"search_term_string"}}],"inLanguage":"fr-FR"},{"@type":"Person","@id":"https:\/\/www.revue3emillenaire.com\/blog\/#\/schema\/person\/b692dacff720a5344a6190bc714397eb","name":"3e mill\u00e9naire","url":"https:\/\/www.revue3emillenaire.com\/blog\/author\/scoussa\/"}]}},"_links":{"self":[{"href":"https:\/\/www.revue3emillenaire.com\/blog\/wp-json\/wp\/v2\/posts\/20235","targetHints":{"allow":["GET"]}}],"collection":[{"href":"https:\/\/www.revue3emillenaire.com\/blog\/wp-json\/wp\/v2\/posts"}],"about":[{"href":"https:\/\/www.revue3emillenaire.com\/blog\/wp-json\/wp\/v2\/types\/post"}],"author":[{"embeddable":true,"href":"https:\/\/www.revue3emillenaire.com\/blog\/wp-json\/wp\/v2\/users\/2"}],"replies":[{"embeddable":true,"href":"https:\/\/www.revue3emillenaire.com\/blog\/wp-json\/wp\/v2\/comments?post=20235"}],"version-history":[{"count":0,"href":"https:\/\/www.revue3emillenaire.com\/blog\/wp-json\/wp\/v2\/posts\/20235\/revisions"}],"wp:featuredmedia":[{"embeddable":true,"href":"https:\/\/www.revue3emillenaire.com\/blog\/wp-json\/wp\/v2\/media\/19571"}],"wp:attachment":[{"href":"https:\/\/www.revue3emillenaire.com\/blog\/wp-json\/wp\/v2\/media?parent=20235"}],"wp:term":[{"taxonomy":"category","embeddable":true,"href":"https:\/\/www.revue3emillenaire.com\/blog\/wp-json\/wp\/v2\/categories?post=20235"},{"taxonomy":"post_tag","embeddable":true,"href":"https:\/\/www.revue3emillenaire.com\/blog\/wp-json\/wp\/v2\/tags?post=20235"}],"curies":[{"name":"wp","href":"https:\/\/api.w.org\/{rel}","templated":true}]}}