{"id":20238,"date":"2024-10-07T01:01:31","date_gmt":"2024-10-07T00:01:31","guid":{"rendered":"https:\/\/www.revue3emillenaire.com\/blog\/?p=20238"},"modified":"2024-10-07T01:01:31","modified_gmt":"2024-10-07T00:01:31","slug":"reflexions-poetiques-sur-lego-le-temps-la-presence-et-le-silence-par-pascal-ruga","status":"publish","type":"post","link":"https:\/\/www.revue3emillenaire.com\/blog\/reflexions-poetiques-sur-lego-le-temps-la-presence-et-le-silence-par-pascal-ruga\/","title":{"rendered":"R\u00e9flexions po\u00e9tiques sur l\u2019\u00e9go, le temps, la pr\u00e9sence et le silence par Pascal Ruga"},"content":{"rendered":"<p class=\"western\" align=\"justify\"><span style=\"color: #000000;\"><span style=\"font-size: medium;\"><span lang=\"fr-FR\"><i>Le titre est de 3<\/i><\/span><\/span><\/span><span style=\"color: #000000;\"><sup><span style=\"font-size: medium;\"><span lang=\"fr-FR\"><i>e<\/i><\/span><\/span><\/sup><\/span><span style=\"color: #000000;\"><span style=\"font-size: medium;\"><span lang=\"fr-FR\"><i> Mill\u00e9naire<\/i><\/span><\/span><\/span><\/p>\n<p class=\"western\" align=\"center\"><span style=\"color: #000000;\"><span style=\"font-size: medium;\"><span lang=\"fr-FR\"><b>M\u00e9diter c\u2019est s\u2019abandonner \u00e0 l\u2019accomplissement<\/b><\/span><\/span><\/span><\/p>\n<p class=\"western\" align=\"justify\"><span style=\"color: #000000;\"><span style=\"font-size: medium;\"><span lang=\"fr-FR\">Au fond je ne prends jamais assez de temps pour m\u00e9diter, ou si peu\u2026 C\u2019est plut\u00f4t le temps qui me prend\u2026 Ce temps qui emprunte toujours une allure affair\u00e9e comme s\u2019il allait vraiment au plus urgent\u2026 \u00e0 l\u2019essentiel d\u2019une action qui au fait ne cache qu\u2019une impatience et finit par ne laisser dans l\u2019\u00e2me que le go\u00fbt amer de l\u2019inaccomplissement. Des vieilles habitudes sont toujours l\u00e0 pour m\u2019endormir quelque peu et les journ\u00e9es passent de plus en plus vite sans que l\u2019\u00e9v\u00e9nement qui m\u2019arracherait au train-train habituel se pr\u00e9sente.<\/span><\/span><\/span><\/p>\n<p class=\"western\" align=\"justify\"><span style=\"color: #000000;\"><span style=\"font-size: medium;\"><span lang=\"fr-FR\">Prendre le temps de m\u00e9diter, ce n\u2019est surtout pas soulever des probl\u00e8mes\u2026 M\u00e9diter, c\u2019est plus arr\u00eater une poursuite que se concentrer sur un sujet\u00a0; c\u2019est prendre le temps de vivre\u2026 consentir \u00e0 voir et \u00e0 sentir pleinement\u00a0; ne plus \u00e9tablir entre soi et les choses nos fatigues, nos ranc\u0153urs, nos passions (petites et grandes). M\u00e9diter, c\u2019est s\u2019abandonner \u00e0 l\u2019accomplissement, c\u2019est \u0153uvrer \u00e0 chaque instant dans le plein, dans la s\u00e8ve de la vie et sa cr\u00e9ativit\u00e9, sans se soucier d\u2019aucun r\u00e9sultat, en toute innocence\u2026<\/span><\/span><\/span><\/p>\n<p class=\"western\" align=\"center\"><span style=\"color: #000000;\"><span style=\"font-size: medium;\"><span lang=\"fr-FR\">_______________<\/span><\/span><\/span><\/p>\n<p class=\"western\" align=\"center\"><span style=\"color: #000000;\"><span style=\"font-size: medium;\"><span lang=\"fr-FR\"><b>Le temps est un pi\u00e8ge pour toute r\u00e9alit\u00e9<\/b><\/span><\/span><\/span><\/p>\n<p class=\"western\" align=\"justify\"><span style=\"color: #000000;\"><span style=\"font-size: medium;\"><span lang=\"fr-FR\">Nous ne prendrons jamais assez conscience de cette disponibilit\u00e9 qui au sein de notre \u00e2me attend son emploi \u00e0 chaque instant de notre vie\u00a0; richesse la plus souvent inemploy\u00e9e parce que, consciemment ou inconsciemment, l\u2019\u00e9tat de poursuite voulu par notre avidit\u00e9 d\u2019\u00eatre nous maintient sous la loi. Quand aurons-nous la sagesse de nous arr\u00eater au c\u0153ur de cette qu\u00eate d\u00e9mente, pouvoir nous convaincre enfin que tout est l\u00e0, D\u00c8S \u00c0 PR\u00c9SENT\u2026 qu\u2019il n\u2019y a rien \u00e0 poursuivre, que l\u2019instant est une part d\u2019\u00e9ternit\u00e9 \u00e9clairant notre personne dont nous savons qu\u2019elle est conditionn\u00e9e par le temps et l\u2019espace, mais dont nous savons aussi qu\u2019elle peut \u00eatre d\u00e9pass\u00e9e\u00a0?<\/span><\/span><\/span><\/p>\n<p class=\"western\" align=\"center\"><span style=\"color: #000000;\"><span style=\"font-size: large;\"><span lang=\"fr-FR\">*<\/span><\/span><\/span><\/p>\n<p class=\"western\" align=\"justify\"><span style=\"color: #000000;\"><span style=\"font-size: medium;\"><span lang=\"fr-FR\">D\u00e8s que les remous du temps s\u2019apaisent, et que d\u2019un c\u0153ur plus tranquille je me donne \u00e0 l\u2019\u00e9coute du monde sur le sentier qui m\u2019accueille, il semble que je n\u2019ai v\u00e9cu que pour cela, que je ne veux rien d\u2019autre que cette int\u00e9gration, que le retour \u00e0 l\u2019int\u00e9riorit\u00e9 d\u2019un univers auquel j\u2019appartiens et que j\u2019ai n\u00e9glig\u00e9 pour ob\u00e9ir \u00e0 la facticit\u00e9 d\u2019un moi en mal d\u2019affirmation, ne serait-ce que la poursuite d\u2019un po\u00e8me\u2026<\/span><\/span><\/span><\/p>\n<p class=\"western\" align=\"center\"><span style=\"color: #000000;\"><span style=\"font-size: large;\"><span lang=\"fr-FR\">*<\/span><\/span><\/span><\/p>\n<p class=\"western\" align=\"justify\"><span style=\"color: #000000;\"><span style=\"font-size: medium;\"><span lang=\"fr-FR\">Dans le soleil et la nature retrouv\u00e9e, je suis au seuil d\u2019un silence, les mille bruits de la vie de la ville s\u2019\u00e9loignent comme pour donner toute la place \u00e0 une pl\u00e9nitude que je laisse s\u2019installer. Je vais au pas d\u2019une r\u00e9alit\u00e9 qui m\u2019appelle, \u2014 que je re\u00e7ois et qui me re\u00e7oit comme si de toute ma vie je n\u2019avais exist\u00e9 que pour ce seul rendez-vous \u2014 c\u2019est plus qu\u2019une simple extase, c\u2019est la nature r\u00e9concili\u00e9e. Au-del\u00e0 de ma vie et de ma mort je m\u2019accorde \u00e0 ce qui m\u2019accueille\u00a0; rien d\u2019autre que cette action qui me porte au-del\u00e0 de moi-m\u00eame, au-del\u00e0 du fruit de l\u2019\u0153uvre qui trop souvent charrie encore les d\u00e9chets d\u2019une affirmation\u2026 Sur ce sentier, que suis-je d\u2019autre qu\u2019un homme qui va de son pas retrouv\u00e9 rejoindre chaque instant de son authentique pr\u00e9sence\u00a0?<\/span><\/span><\/span><\/p>\n<p class=\"western\" align=\"center\"><span style=\"color: #000000;\"><span style=\"font-size: large;\"><span lang=\"fr-FR\">*<\/span><\/span><\/span><\/p>\n<p class=\"western\" align=\"justify\"><span style=\"color: #000000;\"><span style=\"font-size: medium;\"><span lang=\"fr-FR\">Le c\u0153ur et le ciel sont complices, ils brillent rarement l\u2019un sans l\u2019autre\u2026 ils rayonnent au-dessus de toutes les fins et de tous les commencements des mondes\u2026 Ils reconnaissent que l\u2019histoire des hommes ne peut \u00eatre qu\u2019une mince incidence dans cet univers qui \u00e9tend \u00e0 l\u2019infini ses milliards et ses milliards de mill\u00e9naires et d\u2019\u00e9toiles\u2026<\/span><\/span><\/span><\/p>\n<p class=\"western\" align=\"center\"><span style=\"color: #000000;\"><span style=\"font-size: large;\"><span lang=\"fr-FR\">*<\/span><\/span><\/span><\/p>\n<p class=\"western\" align=\"justify\"><span style=\"color: #000000;\"><span style=\"font-size: medium;\"><span lang=\"fr-FR\">Jouir d\u2019\u00eatre, c\u2019est aussi l\u2019oubli de l\u2019\u00eatre en devenir. Le devenir est une poursuite qui tra\u00eene derri\u00e8re elle les mille et une angoisses de l\u2019incompl\u00e9tude. Devenir le r\u00e9el est d\u00e9mence, \u2014 on ne devient pas ce que l\u2019on EST.<\/span><\/span><\/span><\/p>\n<p class=\"western\" align=\"center\"><span style=\"color: #000000;\"><span style=\"font-size: medium;\"><span lang=\"fr-FR\">_______________<\/span><\/span><\/span><\/p>\n<p class=\"western\" align=\"center\"><span style=\"color: #000000;\"><span style=\"font-size: medium;\"><span lang=\"fr-FR\"><b>La derni\u00e8re angoisse<\/b><\/span><\/span><\/span><\/p>\n<p class=\"western\" align=\"center\"><span style=\"color: #000000;\"><span style=\"font-size: medium;\"><span lang=\"fr-FR\">Dans les brouillards de la nuit<br \/>\nUne seule \u00e9toile surgit du silence<br \/>\nMa\u00eetrise la derni\u00e8re angoisse<br \/>\nD\u00e9coupe la carapace obscure<br \/>\nDes montagnes lourdes de pr\u00e9sence<br \/>\nMaintenir\u2026<br \/>\nMaintenir le c\u0153ur \u00e0 hauteur d\u2019\u00e2me\u2026<\/span><\/span><\/span><\/p>\n<p class=\"western\" align=\"center\"><span style=\"color: #000000;\"><span style=\"font-size: medium;\"><span lang=\"fr-FR\">_______________<\/span><\/span><\/span><\/p>\n<p class=\"western\" align=\"center\"><span style=\"color: #000000;\"><span style=\"font-size: medium;\"><span lang=\"fr-FR\"><b>LA BEAUT\u00c9<\/b><\/span><\/span><\/span><\/p>\n<p class=\"western\" align=\"justify\"><span style=\"color: #000000;\"><span style=\"font-size: medium;\"><span lang=\"fr-FR\">La beaut\u00e9 est un bouleversement de l\u2019\u00e2me qui d\u00e9passe toute fixation \u00e0 une forme. Si dans notre vie elle peut nous appara\u00eetre comme un naufrage constant \u2014 Arthur Rimbaud l\u2019avait trouv\u00e9e \u00ab\u00a0am\u00e8re\u00a0\u00bb\u2026 une chose est certaine, nous savons qu\u2019elle existe\u00a0; cependant, nous ne pouvons rien faire pour la maintenir en nous sans discontinuer, tant elle est fluctuante et se moque de nos d\u00e9sirs, m\u00eame les plus nobles. Nous ne pouvons en \u00eatre que les humbles servants, et avouer que si elle nous \u00e9chappe si souvent, c\u2019est que nous sommes de grands diviseurs de vie\u00a0: bien, mal, beaut\u00e9, laideur, souffrance, joie, intelligence, ignorance, etc. etc. Il est difficile, sinon impossible qu\u2019il n\u2019en soit pas ainsi. Nous sommes les exil\u00e9s de la beaut\u00e9 int\u00e9grale, un paradis perdu peut-\u00eatre, dont nous tra\u00eenons la m\u00e9lancolie\u00a0; et pourtant nous savons que la beaut\u00e9 nous habite, qu\u2019elle n\u2019attend que notre ouverture \u00e0 son appel, il suffit que nous laissions choir toutes les cat\u00e9gories o\u00f9 nous avons voulu l\u2019enfermer, que nous effacions les clich\u00e9s que nous lui attribuons \u00e0 longueur de journ\u00e9e, pour qu\u2019elle se d\u00e9voile \u00e0 nos yeux \u00e9merveill\u00e9s. Le beau et le vrai ne font qu\u2019un, c\u2019est une secr\u00e8te \u00e9vidence qui nous aide \u00e0 franchir tous les caps. De la vie \u00e0 la mort, la beaut\u00e9 est l\u00e0, f\u00e9e d\u2019une transcendance toujours plus p\u00e9n\u00e9tr\u00e9e\u00a0; allant du connu \u00e0 l\u2019inconnu, elle est un accord de tous les plans. Conscience de la beaut\u00e9, ce n\u2019est plus consentir \u00e0 ce qui nous divise, c\u2019est elle notre \u00ab\u00a0Nature propre\u00a0\u00bb, c\u2019est elle le signe de notre int\u00e9gration \u00e0 cet univers, de notre r\u00e9alisation, de notre retour \u00e0 la patrie du R\u00e9el. \u00ab\u00a0Le beau ne se d\u00e9tache pas du ciel\u00a0\u00bb \u00e9crivait Gustave Flaubert \u00e0 Louise Colet.<\/span><\/span><\/span><\/p>\n<p class=\"western\" align=\"center\"><span style=\"color: #000000;\"><span style=\"font-size: medium;\"><span lang=\"fr-FR\">_______________<\/span><\/span><\/span><\/p>\n<p class=\"western\" align=\"center\"><span style=\"color: #000000;\"><span style=\"font-size: medium;\"><span lang=\"fr-FR\"><b>Beaut\u00e9<\/b><\/span><\/span><\/span><\/p>\n<p class=\"western\" align=\"center\"><span style=\"color: #000000;\"><span style=\"font-size: medium;\"><span lang=\"fr-FR\">Beaut\u00e9 mon beau naufrage<br \/>\nInscrite au fronton d\u2019un r\u00eave<br \/>\nFr\u00f4l\u00e9 de ton aile<br \/>\nQu\u2019ai-je \u00e0 faire en ce lieu<br \/>\nEn cette terre assourdie de violence<br \/>\nQui me retient<br \/>\nEt m\u2019emprisonne<br \/>\nAu labyrinthe des temps\u00a0?<\/span><\/span><\/span><\/p>\n<p class=\"western\" align=\"center\"><span style=\"color: #000000;\"><span style=\"font-size: medium;\"><span lang=\"fr-FR\">_______________<\/span><\/span><\/span><\/p>\n<p class=\"western\" align=\"center\"><span style=\"color: #000000;\"><span style=\"font-size: medium;\"><span lang=\"fr-FR\"><b>Laisser son chant aux assises de l\u2019univers<\/b><\/span><\/span><\/span><\/p>\n<p class=\"western\" align=\"justify\"><span style=\"color: #000000;\"><span style=\"font-size: medium;\"><span lang=\"fr-FR\">Ce chant qui est \u00e0 la racine de ton c\u0153ur, ce chant participe d\u2019une conscience universelle \u00e0 laquelle tu appartiens mais dont ta personne n\u2019est que l\u2019instrument temporaire. Ne cherche pas \u00e0 enrichir ta pauvret\u00e9 d\u2019\u00eatre, laisse-la mourir l\u00e0 o\u00f9 elle doit mourir. Ne crains rien, tout existait avant toi, tout existera apr\u00e8s toi et tout existe malgr\u00e9 toi\u2026 Et lorsque le chant t\u2019advient, sache qu\u2019il n\u2019est pas le tien, qu\u2019il se joue bien de tes limites, de la pr\u00e9carit\u00e9 de ta forme\u2026 Laisser son chant aux assises de l\u2019univers, c\u2019est laisser \u00e0 notre structure une fin paisible, celle qui ne revendique rien et s\u2019endort au sein de cette conscience universelle dont elle n\u2019\u00e9tait qu\u2019un reflet.<\/span><\/span><\/span><\/p>\n<p class=\"western\" align=\"center\"><span style=\"color: #000000;\"><span style=\"font-size: medium;\"><span lang=\"fr-FR\">_______________<\/span><\/span><\/span><\/p>\n<p class=\"western\" align=\"center\"><span style=\"color: #000000;\"><span style=\"font-size: medium;\"><span lang=\"fr-FR\"><b>Dernier silence<\/b><\/span><\/span><\/span><\/p>\n<p class=\"western\" align=\"center\"><span style=\"color: #000000;\"><span style=\"font-size: medium;\"><span lang=\"fr-FR\">Je pr\u00e9viens le chant du coq<br \/>\nEt n\u2019ausculte plus rien<br \/>\nDe ce qui m\u2019assaille<br \/>\nVivre et mourir<br \/>\nNe sont plus<br \/>\nQue vaines confidences<br \/>\nOffertes au dernier silence.<\/span><\/span><\/span><\/p>\n<p class=\"western\" align=\"center\"><span style=\"color: #000000;\"><span style=\"font-size: medium;\"><span lang=\"fr-FR\">_______________<\/span><\/span><\/span><\/p>\n<p class=\"western\" align=\"center\"><span style=\"color: #000000;\"><span style=\"font-size: medium;\"><span lang=\"fr-FR\"><b>Il aurait fallu<\/b><\/span><\/span><\/span><\/p>\n<p class=\"western\" align=\"justify\"><span style=\"color: #000000;\"><span style=\"font-size: medium;\"><span lang=\"fr-FR\">Il aurait fallu pouvoir s\u2019arr\u00eater, capter l\u2019immobile et s\u2019en v\u00eatir comme d\u2019une derni\u00e8re gr\u00e2ce, ne plus ob\u00e9ir \u00e0 ces fausses n\u00e9cessit\u00e9s dont est fait l\u2019attrait des soci\u00e9t\u00e9s, se fondre \u00e0 jamais en ces roches illumin\u00e9es comme des ic\u00f4nes solaires, prendre place dans une de leurs anfractuosit\u00e9s\u00a0; entendre le vol lourd d\u2019un coq de bruy\u00e8re o\u00f9 l\u2019heure se serait crucifi\u00e9e au-del\u00e0 du temps des hommes. Il aurait fallu\u2026 et d\u00e9j\u00e0 nous nous affaissions dans le pi\u00e8ge d\u2019un conditionnel, d\u00e9j\u00e0 la fatigue nous envahissait avant la fin du sentier, nous ramenait \u00e0 nos limites, aux horaires r\u00e9pressifs. N\u2019\u00e9tait-ce point une fois de plus, la chute de Sisyphe\u00a0?<\/span><\/span><\/span><\/p>\n<p class=\"western\" align=\"justify\"><span style=\"color: #000000;\"><span style=\"font-size: medium;\"><span lang=\"fr-FR\">Demain il faudra recommencer\u2026<\/span><\/span><\/span><\/p>\n<p class=\"western\" align=\"justify\"><span style=\"color: #000000;\"><span style=\"font-size: medium;\"><span lang=\"fr-FR\">Recommencer, c\u2019est parfaire, c\u2019est le vrai travail, se retrouver, c\u2019est ne point d\u00e9sesp\u00e9rer de notre condition. Nous portons le secret de notre accomplissement que nul cataclysme ne saurait supprimer, car ce secret est au-dessus de la vie et de la mort. La v\u00e9rit\u00e9 est toujours recommenc\u00e9e, autrement elle ne serait qu\u2019une fausse r\u00e9p\u00e9tition de ce qui fut.<\/span><\/span><\/span><\/p>\n<p class=\"western\" align=\"center\"><span style=\"color: #000000;\"><span style=\"font-size: medium;\"><span lang=\"fr-FR\">_______________<\/span><\/span><\/span><\/p>\n<p class=\"western\" align=\"center\"><span style=\"color: #000000;\"><span style=\"font-size: medium;\"><span lang=\"fr-FR\"><b>Ob\u00e9ir \u00e0 l\u2019\u0153uvre<\/b><\/span><\/span><\/span><\/p>\n<p class=\"western\" align=\"justify\"><span style=\"color: #000000;\"><span style=\"font-size: medium;\"><span lang=\"fr-FR\">Une fois ou l\u2019autre, l\u2019\u0153uvre \u00e9prouvera le d\u00e9sir d\u2019\u00eatre r\u00e9alis\u00e9e, se pr\u00e9sentera aux portes de l\u2019action, l\u2019emportera sur toutes les autres pr\u00e9occupations, nous arrachera \u00e0 ce qui nous tient dans l\u2019informul\u00e9 de ce qui est assez grand pour n\u2019avoir pas le d\u00e9sir de cro\u00eetre\u00a0; c\u2019est dire que nous ob\u00e9issons \u00e0 cette \u0153uvre plus que nous ne lui imposons notre volont\u00e9. Malgr\u00e9 les apparences, nous ne sommes pas les cr\u00e9ateurs de l\u2019\u0153uvre, nous n\u2019en sommes que les r\u00e9pondants et nous ne l\u2019approcherons que dans la mesure o\u00f9 elle nous tient dans sa densit\u00e9, dans sa teneur en esprit, dans ce qui en elle est inexpugnable et r\u00e9duit nos faiblesses \u00e0 la reconna\u00eetre.<\/span><\/span><\/span><\/p>\n<p class=\"western\" align=\"justify\"><span style=\"color: #000000;\"><span style=\"font-size: medium;\"><span lang=\"fr-FR\">Certes, le carcan du temps p\u00e8se, nous condamne \u00e0 la fatalit\u00e9 des formes, \u00e0 leur d\u00e9su\u00e9tude, \u00e0 l\u2019angoisse de leur disparition prochaine\u00a0; sans compter la folie des hommes engren\u00e9s dans les bas-ordres d\u2019une histoire qui ne respire pas vers le ciel, mais semble plut\u00f4t se servir des soci\u00e9t\u00e9s pour les ramener \u00e0 l\u2019apocalypse d\u2019un temps plan\u00e9taire de la peur. Voir cela, sentir que nous n\u2019irons au-del\u00e0 que dans la mesure o\u00f9 ce savoir nous donnera des ailes suffisantes pour survoler le grand cimeti\u00e8re de l\u2019histoire, c\u2019est l\u00e0 une des premi\u00e8res propositions que nous faisons \u00e0 ce qui peut encore exister de sagesse en nous.<\/span><\/span><\/span><\/p>\n<p class=\"western\" align=\"center\"><span style=\"color: #000000;\"><span style=\"font-size: medium;\"><span lang=\"fr-FR\">_______________<\/span><\/span><\/span><\/p>\n<p class=\"western\" align=\"center\"><span style=\"color: #000000;\"><span style=\"font-size: medium;\"><span lang=\"fr-FR\"><b>Retenir une forme est absurdit\u00e9<\/b><\/span><\/span><\/span><\/p>\n<p class=\"western\" align=\"justify\"><span style=\"color: #000000;\"><span style=\"font-size: medium;\"><span lang=\"fr-FR\">Au c\u0153ur des choses existe une n\u00e9cessit\u00e9 qu\u2019il ne faut point violer, qu\u2019il faut laisser \u00e0 elle-m\u00eame pour qu\u2019elle vienne \u00e0 maturit\u00e9, et ce n\u2019est pas \u00e0 nous de h\u00e2ter cette maturit\u00e9, seul ce que nous sommes peut enseigner \u00e0 ceux qui souffrent qu\u2019il y a une autre vision des choses. L\u2019espoir est une vieille soupe qu\u2019il est inutile de r\u00e9chauffer, elle n\u2019est qu\u2019un sursis \u00e0 tout ce qui meurt. \u00catre au monde, c\u2019est \u00eatre profond\u00e9ment d\u00e9s-esp\u00e9r\u00e9 dans le sens v\u00e9ritable de ce mot. Les mondes naissent, vivent et disparaissent, le tout est de le savoir, de l\u2019assumer, de le voir sans souffrir, et pourquoi souffrir de ce qui est in\u00e9luctablement vou\u00e9 \u00e0 la destruction\u00a0? Retenir une forme c\u2019est retenir le temps qui passe, autrement dit, une absurdit\u00e9.<\/span><\/span><\/span><\/p>\n<p class=\"western\" align=\"center\"><span style=\"color: #000000;\"><span style=\"font-size: medium;\"><span lang=\"fr-FR\">_______________<\/span><\/span><\/span><\/p>\n<p class=\"western\" align=\"center\"><span style=\"color: #000000;\"><span style=\"font-size: medium;\"><span lang=\"fr-FR\"><b>Ou l\u2019\u00e2me s\u2019apaise<\/b><\/span><\/span><\/span><\/p>\n<p class=\"western\" align=\"center\"><span style=\"color: #000000;\"><span style=\"font-size: medium;\"><span lang=\"fr-FR\">Ne plus ressentir<br \/>\nLe coma des formes<br \/>\nFaire offrande au soleil<br \/>\nEt boire cette ros\u00e9e ardente<br \/>\nO\u00f9 l\u2019\u00e2me s\u2019apaise<br \/>\nEt rejoint ses origines<br \/>\n\u00catre enfin celui qui ne sait plus.<\/span><\/span><\/span><\/p>\n<p class=\"western\" align=\"center\"><span style=\"color: #000000;\"><span style=\"font-size: medium;\"><span lang=\"fr-FR\">_______________<\/span><\/span><\/span><\/p>\n<p class=\"western\" align=\"center\"><span style=\"color: #000000;\"><span style=\"font-size: medium;\"><span lang=\"fr-FR\"><b>Toute libert\u00e9 revendiqu\u00e9e ne peut \u00eatre libert\u00e9<\/b><\/span><\/span><\/span><\/p>\n<p class=\"western\" align=\"justify\"><span style=\"color: #000000;\"><span style=\"font-size: medium;\"><span lang=\"fr-FR\">Ce que je ressens, telle une mutation, c\u2019est que je ne revendique plus ma libert\u00e9. J\u2019ai appris que toute libert\u00e9 revendiqu\u00e9e ne peut \u00eatre libert\u00e9. \u00catre avec les autres ce n\u2019est pas confronter ce que l\u2019on est avec ce qu\u2019ils sont, c\u2019est adapter avec eux toute possibilit\u00e9 de communion, et avec les mots\u00a0: \u00ab\u00a0les autres\u00a0\u00bb, j\u2019englobe toute la nature\u2026 Le d\u00e9sir plus ou moins romantique d\u2019\u00eatre seul ne me d\u00e9vore plus, je sais qu\u2019il n\u2019\u00e9tait qu\u2019une frustration d\u00e9guis\u00e9e en d\u00e9sir de libert\u00e9, une affirmation du moi, qui, pour n\u2019avoir pas \u00e0 supporter les \u00ab\u00a0autres\u00a0\u00bb\u2026 s\u2019en d\u00e9barrassait en s\u2019identifiant \u00e0 l\u2019illusion de quelques raisons sp\u00e9cieuses faussement n\u00e9cessaires et nobles\u2026 La libert\u00e9 ne revendique pas, parce que vivre pleinement implique de recevoir les \u00ab\u00a0autres\u00a0\u00bb tels qu\u2019ils sont et non tels que nous voudrions qu\u2019ils soient, c\u2019est la seule voie, le seul mouvement vers le myst\u00e8re d\u2019Amour dont nous ignorons les tenants et les aboutissants.<\/span><\/span><\/span><\/p>\n<p class=\"western\" align=\"center\"><span style=\"color: #000000;\"><span style=\"font-size: medium;\"><span lang=\"fr-FR\">_______________<\/span><\/span><\/span><\/p>\n<p class=\"western\" align=\"center\"><span style=\"color: #000000;\"><span style=\"font-size: medium;\"><span lang=\"fr-FR\"><b>Ce cher ego<\/b><\/span><\/span><\/span><\/p>\n<p class=\"western\" align=\"justify\"><span style=\"color: #000000;\"><span style=\"font-size: medium;\"><span lang=\"fr-FR\">Ah\u00a0! celui-l\u00e0\u2026 voyez-le lancer ses filets, se pavaner dans la personnalisation, se parer comme un paon, justifier son affirmation, s\u00e9duire, ruser, argumenter\u2026 ah\u00a0! comme il aime argumenter\u2026 Oh\u00a0! oui, l\u2019on peut dire que le calme et le silence ne sont pas son lot\u2026 Grand amateur de formes et de nourritures, il se limite aux objets dont il aime \u00e0 se parer\u00a0; pour lui, la v\u00e9rit\u00e9 est une digestion\u2026 On ne la lui fait pas, c\u2019est un malin, il cligne de l\u2019\u0153il plus souvent qu\u2019il ne se livre \u00e0 la m\u00e9ditation (\u00e0 quoi pourrait bien servir la m\u00e9ditation\u00a0?). C\u2019est un r\u00e9aliste (qu\u2019il dit\u2026) et il aime \u00e0 se situer\u00a0; il adore les titres, les m\u00e9dailles, les dipl\u00f4mes, les honneurs, la gloire, la consid\u00e9ration\u00a0; il est roi, cardinal, empereur, g\u00e9n\u00e9ral, pr\u00e9sident-directeur, il est tout ce qui distingue, ou du moins il en r\u00eave\u2026 et parfois il r\u00e9ussit m\u00eame \u00e0 se faire prendre pour un saint ou un sage (pourvu qu\u2019on l\u2019\u00e9coute et le consid\u00e8re). Enfin bref, il m\u00e8ne le monde, vous l\u2019avez reconnu, c\u2019est lui, c\u2019est bien lui\u2026 c\u2019est Lucifer\u2026 Il conduit le bal avec maestria depuis l\u2019origine des temps, ce qui ne doit pas nous \u00e9tonner car il est n\u00e9 du temps\u00a0; il est n\u00e9 du plus et du moins, du mien et du tien, de l\u2019app\u00e9tit de vivre qui s\u2019oppose \u00e0 l\u2019angoisse de mourir\u00a0; vivre\u2026 vivre\u2026 il veut vivre le pauvre imb\u00e9cile\u2026 et ses lettres de cr\u00e9ance sont la d\u00e9fense de la sacro-sainte propri\u00e9t\u00e9 o\u00f9 tous s\u2019accrochent\u2026 s\u2019accrochent\u2026 Il s\u2019entend tr\u00e8s bien avec les \u00e9glises dont le pouvoir temporel s\u2019allie souvent avec le sien\u00a0; il faut \u00eatre r\u00e9aliste que DIABLE\u2026 et savoir garder sa client\u00e8le\u2026 Plus il y a de biens \u00e0 sauvegarder plus il est conservateur\u2026 Cela se con\u00e7oit tr\u00e8s bien n\u2019est-ce pas\u00a0? Il a peur, tr\u00e8s peur de perdre, la mis\u00e8re c\u2019est pour les autres, et peu importe si elle est la r\u00e9sultante de ses actions\u00a0; surtout qu\u2019on ne l\u2019attaque pas pour prendre sa place \u2014 il y a tant de r\u00e9voltes de par le monde \u2014 car alors il devient f\u00e9roce. C\u2019est la dimension qu\u2019il a donn\u00e9e \u00e0 nos soci\u00e9t\u00e9s, manger les autres pour ne pas \u00eatre mang\u00e9, il a organis\u00e9 un ordre pour cela\u2026<\/span><\/span><\/span><\/p>\n<p class=\"western\" align=\"justify\"><span style=\"color: #000000;\"><span style=\"font-size: medium;\"><span lang=\"fr-FR\">Mis\u00e8re de mis\u00e8re\u2026 il n\u2019y a qu\u2019une seule chose qu\u2019il ignore ce cher \u00e9go, c\u2019est que tout ce cin\u00e9ma n\u2019est qu\u2019une \u00e9norme et gigantesque illusion, une bouffonnerie tragi-comique o\u00f9 chacun peut encore rire et pleurer sans r\u00e9ussir \u00e0 se d\u00e9passer au-del\u00e0 de ses passions. Si la nature a horreur du vide (ce qui n\u2019est qu\u2019une assertion lanc\u00e9e un peu l\u00e9g\u00e8rement), lui, par contre, il a horreur d\u2019une r\u00e9alit\u00e9 Une et indivisible, il n\u2019accepte pas l\u2019int\u00e9gration, il refuse de se perdre dans un grand Tout (bien que la mort soit au bout de toutes formes) pour garder ce qu\u2019il croit \u00eatre sa raison d\u2019exister\u00a0: Dominer, agrandir ses pouvoirs, ses pr\u00e9rogatives, ses privil\u00e8ges.. , accumuler, amasser, s\u2019enrichir\u2026 Ah\u00a0! comme tout cela est ennuyeux\u2026 et d\u00e9j\u00e0 il me r\u00e9duirait \u00e0 sa merci si je n\u2019avais une forte dose de patience, de calme, de silence\u2026 Que je le supporte, soit, mais il est toujours l\u00e0, insistant, raisonneur, il veut absolument que je m\u2019int\u00e9resse \u00e0 lui, et il est tr\u00e8s habile pour me pr\u00e9senter les prismes d\u00e9formants de la bonne ou mauvaise conscience, du bien ou du mal, de la justice ou de l\u2019injustice, de la n\u00e9cessit\u00e9 toujours bien intentionn\u00e9e de la politique, il est fr\u00e8re de tous les antagonismes qui semblent peser fatalement sur les hommes. Je sais qu\u2019il est un fant\u00f4me, une chim\u00e8re, et que le monde de l\u2019illusion ne se dissipe que si l\u2019ignorance elle-m\u00eame dispara\u00eet\u00a0; je sais qu\u2019il faut laisser les choses \u00e0 ce qu\u2019elles sont, elles n\u2019en continuent pas moins leur chemin selon leurs voies, et c\u2019est le seul chemin pour qu\u2019elles s\u2019ouvrent \u00e0 leur \u00ab\u00a0Nature propre\u00a0\u00bb\u00a0; je sais que l\u2019on n\u2019apprend pas le latin \u00e0 un \u00e2ne\u2026 et c\u2019est tant mieux, il pr\u00e9f\u00e8re certainement qu\u2019on lui offre une carotte\u2026 Alors voil\u00e0, il faut offrir une carotte \u00e0 l\u2019\u00e2ne tout en \u00e9tant heureux d\u2019\u00eatre tous les deux caress\u00e9s par les doux rayons d\u2019un m\u00eame soleil.., c\u2019est aussi le seul moyen pour \u00e9viter ses ruades\u2026<\/span><\/span><\/span><\/p>\n<p class=\"western\" align=\"center\"><span style=\"color: #000000;\"><span style=\"font-size: medium;\"><span lang=\"fr-FR\">_______________<\/span><\/span><\/span><\/p>\n<p class=\"western\" align=\"center\"><span style=\"color: #000000;\"><span style=\"font-size: medium;\"><span lang=\"fr-FR\"><b>Qu\u2019est-ce que mourir\u00a0?<\/b><\/span><\/span><\/span><\/p>\n<p class=\"western\" align=\"center\"><span style=\"color: #000000;\"><span style=\"font-size: medium;\"><span lang=\"fr-FR\">Revenir aux soucis altiers<br \/>\nDes forces perdues<br \/>\nReconna\u00eetre le chant<br \/>\nDes torrents o\u00f9 s\u2019enlacent<br \/>\nEt se creusent les temps<br \/>\nOser la rouille des mots\u2026<br \/>\nQu\u2019est-ce que mourir\u00a0?<\/span><\/span><\/span><\/p>\n<p class=\"western\" align=\"center\"><span style=\"color: #000000;\"><span style=\"font-size: medium;\"><span lang=\"fr-FR\">_______________<\/span><\/span><\/span><\/p>\n<p class=\"western\" align=\"center\"><span style=\"color: #000000;\"><span style=\"font-size: medium;\"><span lang=\"fr-FR\"><b>Basculer dans une autre dimension<\/b><\/span><\/span><\/span><\/p>\n<p class=\"western\" align=\"justify\"><span style=\"color: #000000;\"><span style=\"font-size: medium;\"><span lang=\"fr-FR\">D\u00e9passement des normes, \u00e9tranget\u00e9 de l\u2019immobile, la mort accept\u00e9e, \u00e0 port\u00e9e d\u2019\u00e2me\u2026 Basculer dans une autre dimension\u2026 Tranquille persistance d\u2019un calme o\u00f9 toute attente ne peut \u00eatre que faiblesse\u2026 Paix des profondeurs o\u00f9 la nuit ne s\u2019oppose \u00e0 aucune lumi\u00e8re\u2026<\/span><\/span><\/span><\/p>\n<p class=\"western\" align=\"justify\"><span style=\"color: #000000;\"><span style=\"font-size: medium;\"><span lang=\"fr-FR\">Et si le mouvement doit rena\u00eetre, qu\u2019il s\u2019exprime en une pure gratuit\u00e9 avec un c\u0153ur qui rayonne au-dessus des miasmes de nos attachements. Apr\u00e8s cela le monde pourrait bien s\u2019\u00e9crouler, ce ne serait qu\u2019un ph\u00e9nom\u00e8ne sans importance au sein de ce Sphinx-univers qui nous emporte au-del\u00e0 de nos marais familiers.<\/span><\/span><\/span><\/p>\n<p class=\"western\" align=\"center\"><span style=\"color: #000000;\"><span style=\"font-size: medium;\"><span lang=\"fr-FR\">_______________<\/span><\/span><\/span><\/p>\n<p class=\"western\" align=\"center\"><span style=\"color: #000000;\"><span style=\"font-size: medium;\"><span lang=\"fr-FR\"><b>Au-del\u00e0 du formel et de l\u2019informel<\/b><\/span><\/span><\/span><\/p>\n<p class=\"western\" align=\"justify\"><span style=\"color: #000000;\"><span style=\"font-size: medium;\"><span lang=\"fr-FR\">Une carri\u00e8re, blessure au flanc de la montagne. Ses cailloux innombrables extraits de l\u2019ombre de la terre et brillant au soleil de ce dernier jour de l\u2019\u00e9t\u00e9. Je contemple ce monde min\u00e9ral, me laisse investir par lui. Soudain une pens\u00e9e surgit. Tous les cailloux de l\u2019univers se r\u00e9unissaient dans ma repr\u00e9sentation et me donnaient le vertige des chiffres\u2026 L\u2019esprit ne peut les compter (ce qui n\u2019est qu\u2019une vision anthropomorphique) car ma pens\u00e9e me sugg\u00e9rait encore\u00a0: \u00ab\u00a0Ces pierres, ces cailloux, ces amas de roches, jusqu\u2019o\u00f9\u00a0? jusqu\u2019\u00e0 quand\u00a0?\u00a0\u00bb Subitement j\u2019eus l\u2019impression que je venais d\u2019\u00e9noncer une erreur, une de plus \u00e0 l\u2019actif d\u2019une recherche humaine. J\u2019imaginais facilement que pour l\u2019esprit il n\u2019y a pas de \u00ab\u00a0jusqu\u2019o\u00f9\u00a0?\u00a0\u00bb encore moins de \u00ab\u00a0jusqu\u2019\u00e0 quand\u00a0?\u00a0\u00bb L\u2019esprit ne calcule pas, il est ce qu\u2019il est maintenant et \u00e0 tout jamais\u00a0; il n\u2019\u00e9pouse et ne s\u2019identifie \u00e0 aucune forme, il reste impassible devant des milliards de quoi que ce soit.<\/span><\/span><\/span><\/p>\n<p class=\"western\" align=\"justify\"><span style=\"color: #000000;\"><span style=\"font-size: medium;\"><span lang=\"fr-FR\">Compter implique une possession, un regard sur ses domaines (soif de connaissances accrues), c\u2019est donc d\u00e9j\u00e0 une illusion. Aujourd\u2019hui la science rejoint la d\u00e9marche de l\u2019esprit, et le particulier rejoint l\u2019universel. Le \u00ab\u00a0champ\u00a0\u00bb des physiciens unifie la diversit\u00e9. Il n\u2019y a plus de cailloux, il n\u2019y a que de l\u2019\u00e9nergie. L\u2019\u00e9nergie est une, il n\u2019y a plus de temps pour elle, ni de s\u00e9paration\u00a0; un mouvement gratuit VIDE de toute intention. Quel jeu joue-t-elle lorsqu\u2019elle se solidifie en formes innombrables\u00a0? et d\u00e9j\u00e0 en nous c\u2019est l\u2019humain qui suppose un jeu\u2026 Pourquoi y aurait-il un jeu puisque son mouvement est \u00ab\u00a0libre\u00a0\u00bb dirions-nous\u2026 \u00ab\u00a0vide\u00a0\u00bb de toute intention selon l\u2019esprit\u00a0?<\/span><\/span><\/span><\/p>\n<p class=\"western\" align=\"justify\"><span style=\"color: #000000;\"><span style=\"font-size: medium;\"><span lang=\"fr-FR\">Donc, selon la vision scientifique et forc\u00e9ment limit\u00e9e que nous pouvons avoir, l\u2019\u00e9nergie se solidifie \u00e0 l\u2019infini, devient mati\u00e8re, et nous devons bien admettre qu\u2019elle se nie, ralentit son mouvement jusqu\u2019\u00e0 n\u2019\u00eatre plus que cendre de son feu, mais en cette cendre l\u2019\u00e9nergie retrouve l\u2019atome qu\u2019elle \u00e9tait au d\u00e9part, une sorte d\u2019\u00e9ternel retour (qui avait d\u00e9j\u00e0 obs\u00e9d\u00e9 Fr\u00e9d\u00e9ric Nietzsche). Ensuite tout recommence dans l\u2019intimit\u00e9 d\u2019une mati\u00e8re morte et vivante \u00e0 la fois (la vie par son mouvement s\u2019identifie \u00e0 l\u2019\u00e9nergie, peut-\u00eatre est-elle la manifestation consciente de cette \u00e9nergie). Mais \u00ab\u00a0o\u00f9 commence l\u2019\u00eatre et o\u00f9 finit-il\u00a0\u00bb, avons-nous la tentation de nous demander\u00a0? et d\u00e9j\u00e0, de nouveau, nous voici dans l\u2019erreur, car devant cette \u00e9nergie maintenue au-del\u00e0 de toutes les formes, il ne peut y avoir ni \u00eatre ni non \u00eatre. C\u2019est d\u2019une impossibilit\u00e9 absolue. Nous ne pouvons que supposer un tout universel qui ne contient ni premier ni dernier, un Tout que nous ressentons d\u00e8s que nous sommes vides d\u2019intention, que nous ressentons comme \u00e9tant l\u2019esprit des choses unifi\u00e9es. La r\u00e9alit\u00e9 est esprit et l\u2019esprit est r\u00e9alit\u00e9. Bien entendu tout cela n\u2019est encore que des mots issus de notre difficult\u00e9 d\u2019expression. Ah\u00a0! si nous pouvions nous abstraire d\u00e9j\u00e0 de tout sentiment d\u2019inf\u00e9riorit\u00e9 comme de tout sentiment de sup\u00e9riorit\u00e9, reconna\u00eetre que nous ne sommes pas une r\u00e9ussite d\u00e8s que nous dualisons la r\u00e9alit\u00e9, nous maintenir simplement au-del\u00e0 de toute intention\u2026 nous pourrions peut-\u00eatre comme le petit pauvre d\u2019Assise, parler aux oiseaux\u2026<\/span><\/span><\/span><\/p>\n<p class=\"western\" align=\"justify\"><span style=\"color: #000000;\"><span style=\"font-size: medium;\"><span lang=\"fr-FR\">\u00ab\u00a0La voie supr\u00eame n\u2019est pas difficile. Seulement il faut \u00e9viter la discrimination. Si l\u2019on parle tant soit peu, cela tombe ou bien dans la discrimination ou bien dans la clart\u00e9. Je ne demeure pas m\u00eame dans la clart\u00e9.\u00a0\u00bb K\u00f4an de Tchao-Tcheou.<\/span><\/span><\/span><\/p>\n<p class=\"western\" align=\"justify\"><span style=\"color: #000000;\"><span style=\"font-size: medium;\"><span lang=\"fr-FR\">\u00ab\u00a0Je ne demeure pas m\u00eame dans la clart\u00e9\u00a0\u00bb dit Tchao-Tcheou, et d\u00e9j\u00e0 je n\u2019ai plus envie de parler aux oiseaux, d\u00e9j\u00e0 je n\u2019ai pas \u00e0 me demander si l\u2019homme est une r\u00e9ussite ou pas, si l\u2019esprit est mati\u00e8re ou si la mati\u00e8re est esprit. Je vogue au-del\u00e0 du formel et de l\u2019informel, le miroir des choses s\u2019est bris\u00e9\u2026<\/span><\/span><\/span><\/p>\n<p class=\"western\" align=\"center\"><span style=\"color: #000000;\"><span style=\"font-size: medium;\"><span lang=\"fr-FR\">_______________<\/span><\/span><\/span><\/p>\n<p class=\"western\" align=\"center\"><b><span style=\"color: #000000;\"><span style=\"font-size: medium;\"><span lang=\"fr-FR\">\u00c0 chacun de mes pas<\/span><\/span><\/span><\/b><\/p>\n<p class=\"western\" align=\"center\"><span style=\"color: #000000;\"><span style=\"font-size: medium;\"><span lang=\"fr-FR\">\u00c0 chacun de mes pas<br \/>\nL\u2019insondable pr\u00e9sence<br \/>\n\u00c0 chacun de mes pas<br \/>\nLe chant de l\u2019invisible<br \/>\n\u00c0 chacun de mes pas<br \/>\nJ\u2019annonce<br \/>\nQue rien ne peut \u00eatre s\u00e9par\u00e9<br \/>\nDans le temps qui me dilue<br \/>\nEt m\u2019enl\u00e8ve \u00e0 ses cha\u00eenes<br \/>\nO temps<br \/>\nJoyeusement sacrifi\u00e9<br \/>\nJe t\u2019immole \u00e0 mes tendresses solaires.<\/span><\/span><\/span><\/p>\n<p class=\"western\" align=\"center\"><span style=\"color: #000000;\"><span style=\"font-size: medium;\"><span lang=\"fr-FR\">_______________<\/span><\/span><\/span><\/p>\n<p class=\"western\" align=\"center\"><b><span style=\"color: #000000;\"><span style=\"font-size: medium;\"><span lang=\"fr-FR\">Au-del\u00e0 de ma forme et de mon impermanence <\/span><\/span><\/span><\/b><\/p>\n<p class=\"western\" align=\"justify\"><span style=\"color: #000000;\"><span style=\"font-size: medium;\"><span lang=\"fr-FR\">L\u2019impermanence de la forme que j\u2019habite et qui me quitte d\u00e9j\u00e0 peu ou prou, l\u2019in\u00e9luctable, l\u2019irr\u00e9versible disparition qui s\u2019amorce et que je ressens avec une conscience accrue, m\u2019am\u00e8ne aux assises d\u2019une sagesse que je sais exister presque malgr\u00e9 moi dans les cavernes de mon existence. Vivre et mourir s\u2019unissent de plus en plus en une alliance que je vois se greffer dans ma destin\u00e9e.<\/span><\/span><\/span><\/p>\n<p class=\"western\" align=\"justify\"><span style=\"color: #000000;\"><span style=\"font-size: medium;\"><span lang=\"fr-FR\">Je vois en moi et autour de moi sans m\u2019identifier aux objets que capte mon attention.<\/span><\/span><\/span><\/p>\n<p class=\"western\" align=\"justify\"><span style=\"color: #000000;\"><span style=\"font-size: medium;\"><span lang=\"fr-FR\">Je suis l\u00e0, calmement, sans me soucier du temps destructeur.<\/span><\/span><\/span><\/p>\n<p class=\"western\" align=\"justify\"><span style=\"color: #000000;\"><span style=\"font-size: medium;\"><span lang=\"fr-FR\">Le temps, ce suaire de l\u2019\u00e9ternit\u00e9.<\/span><\/span><\/span><\/p>\n<p class=\"western\" align=\"justify\"><span style=\"color: #000000;\"><span style=\"font-size: medium;\"><span lang=\"fr-FR\">Il m\u2019importe peu d\u2019appartenir \u00e0 ce si\u00e8cle et \u00e0 sa soci\u00e9t\u00e9, en fait je les ai d\u00e9j\u00e0 quitt\u00e9s\u00a0; il m\u2019importe peu de savoir que je vais mourir demain, apr\u00e8s-demain ou peut-\u00eatre aujourd\u2019hui\u2026 On ne prolonge pas CELA qui habite toutes choses et qui ne se soucie d\u2019aucun temps, car les choses sont ce qu\u2019elles sont au-del\u00e0 de leurs formes, au-del\u00e0 de leurs impermanences, et ce qui VOIT en moi, est aussi au-del\u00e0 de ma forme et de mon impermanence\u00a0; c\u2019est l\u2019approche fondamentale de la transcendance.<\/span><\/span><\/span><\/p>\n<p class=\"western\" align=\"center\"><span style=\"color: #000000;\"><span style=\"font-size: medium;\"><span lang=\"fr-FR\">_______________<\/span><\/span><\/span><\/p>\n<p class=\"western\" align=\"center\"><b><span style=\"color: #000000;\"><span style=\"font-size: medium;\"><span lang=\"fr-FR\">Le passant du ciel<\/span><\/span><\/span><\/b><\/p>\n<p class=\"western\" align=\"center\"><span style=\"color: #000000;\"><span style=\"font-size: medium;\"><span lang=\"fr-FR\">Au large vent des solitudes<br \/>\nPlus n\u2019ai besoin de rena\u00eetre<br \/>\nJusqu\u2019au supr\u00eame \u00e9tincellement<br \/>\nD\u2019o\u00f9 jaillira ma disparition<br \/>\nDans un silence de lumi\u00e8re<br \/>\nJe suis le passant du ciel.<\/span><\/span><\/span><\/p>\n<p class=\"western\" align=\"center\"><span style=\"color: #000000;\"><span style=\"font-size: medium;\"><span lang=\"fr-FR\">_______________<\/span><\/span><\/span><\/p>\n<p class=\"western\" align=\"center\"><b><span style=\"color: #000000;\"><span style=\"font-size: medium;\"><span lang=\"fr-FR\">Hors du temps<\/span><\/span><\/span><\/b><\/p>\n<p class=\"western\" align=\"justify\"><span style=\"color: #000000;\"><span style=\"font-size: medium;\"><span lang=\"fr-FR\">Laisse-toi, d\u00e9croche-toi, abandonne-toi \u00e0 cette mar\u00e9e de l\u2019\u00eatre (ou du non-\u00eatre, peu importe). Que la vie et la mort te confondent aux gravitations des univers\u00a0; il n\u2019est plus temps de s\u2019appesantir sur la destructibilit\u00e9 de toute chose, et l\u2019image n\u2019est encore qu\u2019illusion passag\u00e8re. Ni qui\u00e9tude ni inqui\u00e9tude, ni bonheur ni malheur\u00a0; mais cette acceptation totale o\u00f9 ma mis\u00e8re est dissolution, o\u00f9 ma personne n\u2019est plus qu\u2019un dernier nuage avant le soleil d\u2019or de v\u00e9rit\u00e9.<\/span><\/span><\/span><\/p>\n<p class=\"western\" align=\"center\"><span style=\"color: #000000;\"><span style=\"font-size: medium;\"><span lang=\"fr-FR\">_______________<\/span><\/span><\/span><\/p>\n<p class=\"western\" align=\"center\"><b><span style=\"color: #000000;\"><span style=\"font-size: medium;\"><span lang=\"fr-FR\">Illumination, accomplissement et communion<\/span><\/span><\/span><\/b><\/p>\n<p class=\"western\" align=\"justify\"><span style=\"color: #000000;\"><span style=\"font-size: medium;\"><span lang=\"fr-FR\">On n\u2019affirme pas une illumination, ni on ne la nie, tant elle peut \u00eatre ind\u00e9pendante de notre moi\u00a0; elle est l\u2019innocence cach\u00e9e de notre relation \u00e0 la totalit\u00e9 des choses.<\/span><\/span><\/span><\/p>\n<p class=\"western\" align=\"center\"><span style=\"color: #000000;\"><span style=\"font-size: medium;\"><span lang=\"fr-FR\">*<\/span><\/span><\/span><\/p>\n<p class=\"western\" align=\"justify\"><span style=\"color: #000000;\"><span style=\"font-size: medium;\"><span lang=\"fr-FR\">L\u2019homme s\u2019accomplirait en s\u2019ouvrant au R\u00e9el comme une fleur s\u2019ouvre au soleil et \u00e0 la pluie, \u2014 c\u2019est d\u2019ailleurs une m\u00eame action.<\/span><\/span><\/span><\/p>\n<p class=\"western\" align=\"center\"><span style=\"color: #000000;\"><span style=\"font-size: medium;\"><span lang=\"fr-FR\">*<\/span><\/span><\/span><\/p>\n<p class=\"western\" align=\"justify\"><span style=\"color: #000000;\"><span style=\"font-size: medium;\"><span lang=\"fr-FR\">Une v\u00e9ritable communion entre les hommes ne peut \u00eatre qu\u2019universelle, elle refuse toutes cat\u00e9gories, autrement elle ne peut \u00eatre que bigoterie et fanatisme.<\/span><\/span><\/span><\/p>\n<p class=\"western\" align=\"center\"><span style=\"color: #000000;\"><span style=\"font-size: medium;\"><span lang=\"fr-FR\">_______________<\/span><\/span><\/span><\/p>\n<p class=\"western\" align=\"center\"><b><span style=\"color: #000000;\"><span style=\"font-size: medium;\"><span lang=\"fr-FR\">Comme si le dernier instant\u2026<\/span><\/span><\/span><\/b><\/p>\n<p class=\"western\" align=\"justify\"><span style=\"color: #000000;\"><span style=\"font-size: medium;\"><span lang=\"fr-FR\">Surtout et d\u00e9j\u00e0, ne rien vouloir. Sans un geste je souris au soleil de f\u00e9vrier. Je suis en ce lieu comme si le dernier instant de vivre m\u2019accueillait dans son silence. Une lumi\u00e8re ti\u00e8de, rose et or passe derri\u00e8re mes paupi\u00e8res ferm\u00e9es et en moi les oiseaux se r\u00e9pondent en appels familiers, m\u2019int\u00e9grant \u00e0 leur monde, \u00e0 ce monde o\u00f9 nous vivons ensemble.<\/span><\/span><\/span><\/p>\n<p class=\"western\" align=\"justify\"><span style=\"color: #000000;\"><span style=\"font-size: medium;\"><span lang=\"fr-FR\">L\u2019homme \u00e9tant en continuelle perte de vitesse avec lui-m\u00eame, il conviendrait qu\u2019il se souvienne que la r\u00e9alit\u00e9 ne se place ni dans l\u2019\u00eatre ni dans le non-\u00eatre. Laisser se dissoudre ce qui doit se dissoudre participe de la plus \u00e9l\u00e9mentaire raison.<\/span><\/span><\/span><\/p>\n<p class=\"western\" align=\"center\"><span style=\"color: #000000;\"><span style=\"font-size: medium;\"><span lang=\"fr-FR\">_______________<\/span><\/span><\/span><\/p>\n<p class=\"western\" align=\"center\"><b><span style=\"color: #000000;\"><span style=\"font-size: medium;\"><span lang=\"fr-FR\">Un merle s\u2019est \u00e9veill\u00e9<\/span><\/span><\/span><\/b><\/p>\n<p class=\"western\" align=\"center\"><span style=\"color: #000000;\"><span style=\"font-size: medium;\"><span lang=\"fr-FR\">L\u2019aube<br \/>\nRed\u00e9couvre la source d\u2019un nid<br \/>\nPuret\u00e9 d\u2019un temps non menac\u00e9<br \/>\nEspace sonore<br \/>\nContinuit\u00e9 d\u2019un chant<br \/>\nApaisant l\u2019\u00e2me alourdie<br \/>\nAu-dessus de la ville<br \/>\nAu matin du c\u0153ur<br \/>\nUn merle s\u2019est \u00e9veill\u00e9.<\/span><\/span><\/span><\/p>\n<p class=\"western\" align=\"center\"><span style=\"color: #000000;\"><span style=\"font-size: medium;\"><span lang=\"fr-FR\">_______________<\/span><\/span><\/span><\/p>\n<p class=\"western\" align=\"justify\"><span style=\"color: #000000;\"><span style=\"font-size: medium;\"><span lang=\"fr-FR\">Extrait de <\/span><\/span><\/span><span style=\"color: #000000;\"><span style=\"font-size: medium;\"><span lang=\"fr-FR\"><i>Hors du temps<\/i><\/span><\/span><\/span><span style=\"color: #000000;\"><span style=\"font-size: medium;\"><span lang=\"fr-FR\"> par Pascal Ruga (1975).<\/span><\/span><\/span><\/p>\n","protected":false},"excerpt":{"rendered":"<p>Le titre est de 3e Mill\u00e9naire M\u00e9diter c\u2019est s\u2019abandonner \u00e0 l\u2019accomplissement Au fond je ne prends jamais assez de temps pour m\u00e9diter, ou si peu\u2026 C\u2019est plut\u00f4t le temps qui me prend\u2026 Ce temps qui emprunte toujours une allure affair\u00e9e comme s\u2019il allait vraiment au plus urgent\u2026 \u00e0 l\u2019essentiel d\u2019une action qui au fait ne [&hellip;]<\/p>\n","protected":false},"author":2,"featured_media":16981,"comment_status":"closed","ping_status":"closed","sticky":false,"template":"","format":"standard","meta":{"footnotes":""},"categories":[65],"tags":[296,1996,264,34,930,171,14,54,99,46,159],"class_list":["post-20238","post","type-post","status-publish","format-standard","has-post-thumbnail","hentry","category-p-ruga","tag-ame","tag-beaute","tag-contemplation","tag-ego","tag-forme","tag-liberte","tag-meditation","tag-realite","tag-science","tag-silence","tag-temps"],"yoast_head":"<!-- This site is optimized with the Yoast SEO plugin v27.0 - https:\/\/yoast.com\/product\/yoast-seo-wordpress\/ -->\n<title>R\u00e9flexions po\u00e9tiques sur l\u2019\u00e9go, le temps, la pr\u00e9sence et le silence par Pascal Ruga - 3e mill\u00e9naire - Spiritualit\u00e9 - Connaissance de soi - Non-dualit\u00e9 - M\u00e9ditation<\/title>\n<meta name=\"robots\" content=\"index, follow, max-snippet:-1, max-image-preview:large, max-video-preview:-1\" \/>\n<link rel=\"canonical\" href=\"https:\/\/www.revue3emillenaire.com\/blog\/reflexions-poetiques-sur-lego-le-temps-la-presence-et-le-silence-par-pascal-ruga\/\" \/>\n<meta property=\"og:locale\" content=\"fr_FR\" \/>\n<meta property=\"og:type\" content=\"article\" \/>\n<meta property=\"og:title\" content=\"R\u00e9flexions po\u00e9tiques sur l\u2019\u00e9go, le temps, la pr\u00e9sence et le silence par Pascal Ruga - 3e mill\u00e9naire - Spiritualit\u00e9 - Connaissance de soi - Non-dualit\u00e9 - M\u00e9ditation\" \/>\n<meta property=\"og:description\" content=\"Le titre est de 3e Mill\u00e9naire M\u00e9diter c\u2019est s\u2019abandonner \u00e0 l\u2019accomplissement Au fond je ne prends jamais assez de temps pour m\u00e9diter, ou si peu\u2026 C\u2019est plut\u00f4t le temps qui me prend\u2026 Ce temps qui emprunte toujours une allure affair\u00e9e comme s\u2019il allait vraiment au plus urgent\u2026 \u00e0 l\u2019essentiel d\u2019une action qui au fait ne [&hellip;]\" \/>\n<meta property=\"og:url\" content=\"https:\/\/www.revue3emillenaire.com\/blog\/reflexions-poetiques-sur-lego-le-temps-la-presence-et-le-silence-par-pascal-ruga\/\" \/>\n<meta property=\"og:site_name\" content=\"3e mill\u00e9naire - Spiritualit\u00e9 - Connaissance de soi - Non-dualit\u00e9 - M\u00e9ditation\" \/>\n<meta property=\"article:published_time\" content=\"2024-10-07T00:01:31+00:00\" \/>\n<meta property=\"og:image\" content=\"https:\/\/www.revue3emillenaire.com\/blog\/wp-content\/uploads\/2015\/07\/ruga.jpg\" \/>\n\t<meta property=\"og:image:width\" content=\"142\" \/>\n\t<meta property=\"og:image:height\" content=\"138\" \/>\n\t<meta property=\"og:image:type\" content=\"image\/jpeg\" \/>\n<meta name=\"author\" content=\"3e mill\u00e9naire\" \/>\n<meta name=\"twitter:card\" content=\"summary_large_image\" \/>\n<meta name=\"twitter:label1\" content=\"\u00c9crit par\" \/>\n\t<meta name=\"twitter:data1\" content=\"3e mill\u00e9naire\" \/>\n\t<meta name=\"twitter:label2\" content=\"Dur\u00e9e de lecture estim\u00e9e\" \/>\n\t<meta name=\"twitter:data2\" content=\"20 minutes\" \/>\n<script type=\"application\/ld+json\" class=\"yoast-schema-graph\">{\"@context\":\"https:\/\/schema.org\",\"@graph\":[{\"@type\":\"Article\",\"@id\":\"https:\/\/www.revue3emillenaire.com\/blog\/reflexions-poetiques-sur-lego-le-temps-la-presence-et-le-silence-par-pascal-ruga\/#article\",\"isPartOf\":{\"@id\":\"https:\/\/www.revue3emillenaire.com\/blog\/reflexions-poetiques-sur-lego-le-temps-la-presence-et-le-silence-par-pascal-ruga\/\"},\"author\":{\"name\":\"3e mill\u00e9naire\",\"@id\":\"https:\/\/www.revue3emillenaire.com\/blog\/#\/schema\/person\/b692dacff720a5344a6190bc714397eb\"},\"headline\":\"R\u00e9flexions po\u00e9tiques sur l\u2019\u00e9go, le temps, la pr\u00e9sence et le silence par Pascal Ruga\",\"datePublished\":\"2024-10-07T00:01:31+00:00\",\"mainEntityOfPage\":{\"@id\":\"https:\/\/www.revue3emillenaire.com\/blog\/reflexions-poetiques-sur-lego-le-temps-la-presence-et-le-silence-par-pascal-ruga\/\"},\"wordCount\":4440,\"image\":{\"@id\":\"https:\/\/www.revue3emillenaire.com\/blog\/reflexions-poetiques-sur-lego-le-temps-la-presence-et-le-silence-par-pascal-ruga\/#primaryimage\"},\"thumbnailUrl\":\"https:\/\/www.revue3emillenaire.com\/blog\/wp-content\/uploads\/2015\/07\/ruga.jpg\",\"keywords\":[\"\u00c2me\",\"Beaut\u00e9\",\"contemplation\",\"Ego\",\"Forme\",\"Libert\u00e9\",\"M\u00e9ditation\",\"R\u00e9alit\u00e9\",\"Science\",\"Silence\",\"temps\"],\"articleSection\":[\"Ruga Pascal\"],\"inLanguage\":\"fr-FR\"},{\"@type\":\"WebPage\",\"@id\":\"https:\/\/www.revue3emillenaire.com\/blog\/reflexions-poetiques-sur-lego-le-temps-la-presence-et-le-silence-par-pascal-ruga\/\",\"url\":\"https:\/\/www.revue3emillenaire.com\/blog\/reflexions-poetiques-sur-lego-le-temps-la-presence-et-le-silence-par-pascal-ruga\/\",\"name\":\"R\u00e9flexions po\u00e9tiques sur l\u2019\u00e9go, le temps, la pr\u00e9sence et le silence par Pascal Ruga - 3e mill\u00e9naire - Spiritualit\u00e9 - Connaissance de soi - Non-dualit\u00e9 - M\u00e9ditation\",\"isPartOf\":{\"@id\":\"https:\/\/www.revue3emillenaire.com\/blog\/#website\"},\"primaryImageOfPage\":{\"@id\":\"https:\/\/www.revue3emillenaire.com\/blog\/reflexions-poetiques-sur-lego-le-temps-la-presence-et-le-silence-par-pascal-ruga\/#primaryimage\"},\"image\":{\"@id\":\"https:\/\/www.revue3emillenaire.com\/blog\/reflexions-poetiques-sur-lego-le-temps-la-presence-et-le-silence-par-pascal-ruga\/#primaryimage\"},\"thumbnailUrl\":\"https:\/\/www.revue3emillenaire.com\/blog\/wp-content\/uploads\/2015\/07\/ruga.jpg\",\"datePublished\":\"2024-10-07T00:01:31+00:00\",\"author\":{\"@id\":\"https:\/\/www.revue3emillenaire.com\/blog\/#\/schema\/person\/b692dacff720a5344a6190bc714397eb\"},\"breadcrumb\":{\"@id\":\"https:\/\/www.revue3emillenaire.com\/blog\/reflexions-poetiques-sur-lego-le-temps-la-presence-et-le-silence-par-pascal-ruga\/#breadcrumb\"},\"inLanguage\":\"fr-FR\",\"potentialAction\":[{\"@type\":\"ReadAction\",\"target\":[\"https:\/\/www.revue3emillenaire.com\/blog\/reflexions-poetiques-sur-lego-le-temps-la-presence-et-le-silence-par-pascal-ruga\/\"]}]},{\"@type\":\"ImageObject\",\"inLanguage\":\"fr-FR\",\"@id\":\"https:\/\/www.revue3emillenaire.com\/blog\/reflexions-poetiques-sur-lego-le-temps-la-presence-et-le-silence-par-pascal-ruga\/#primaryimage\",\"url\":\"https:\/\/www.revue3emillenaire.com\/blog\/wp-content\/uploads\/2015\/07\/ruga.jpg\",\"contentUrl\":\"https:\/\/www.revue3emillenaire.com\/blog\/wp-content\/uploads\/2015\/07\/ruga.jpg\",\"width\":142,\"height\":138},{\"@type\":\"BreadcrumbList\",\"@id\":\"https:\/\/www.revue3emillenaire.com\/blog\/reflexions-poetiques-sur-lego-le-temps-la-presence-et-le-silence-par-pascal-ruga\/#breadcrumb\",\"itemListElement\":[{\"@type\":\"ListItem\",\"position\":1,\"name\":\"Accueil\",\"item\":\"https:\/\/www.revue3emillenaire.com\/blog\/\"},{\"@type\":\"ListItem\",\"position\":2,\"name\":\"R\u00e9flexions po\u00e9tiques sur l\u2019\u00e9go, le temps, la pr\u00e9sence et le silence par Pascal Ruga\"}]},{\"@type\":\"WebSite\",\"@id\":\"https:\/\/www.revue3emillenaire.com\/blog\/#website\",\"url\":\"https:\/\/www.revue3emillenaire.com\/blog\/\",\"name\":\"3e mill\u00e9naire - Spiritualit\u00e9 - Connaissance de soi - Non-dualit\u00e9 - M\u00e9ditation\",\"description\":\"L&#039;Homme en devenir\",\"potentialAction\":[{\"@type\":\"SearchAction\",\"target\":{\"@type\":\"EntryPoint\",\"urlTemplate\":\"https:\/\/www.revue3emillenaire.com\/blog\/?s={search_term_string}\"},\"query-input\":{\"@type\":\"PropertyValueSpecification\",\"valueRequired\":true,\"valueName\":\"search_term_string\"}}],\"inLanguage\":\"fr-FR\"},{\"@type\":\"Person\",\"@id\":\"https:\/\/www.revue3emillenaire.com\/blog\/#\/schema\/person\/b692dacff720a5344a6190bc714397eb\",\"name\":\"3e mill\u00e9naire\",\"url\":\"https:\/\/www.revue3emillenaire.com\/blog\/author\/scoussa\/\"}]}<\/script>\n<!-- \/ Yoast SEO plugin. -->","yoast_head_json":{"title":"R\u00e9flexions po\u00e9tiques sur l\u2019\u00e9go, le temps, la pr\u00e9sence et le silence par Pascal Ruga - 3e mill\u00e9naire - Spiritualit\u00e9 - Connaissance de soi - Non-dualit\u00e9 - M\u00e9ditation","robots":{"index":"index","follow":"follow","max-snippet":"max-snippet:-1","max-image-preview":"max-image-preview:large","max-video-preview":"max-video-preview:-1"},"canonical":"https:\/\/www.revue3emillenaire.com\/blog\/reflexions-poetiques-sur-lego-le-temps-la-presence-et-le-silence-par-pascal-ruga\/","og_locale":"fr_FR","og_type":"article","og_title":"R\u00e9flexions po\u00e9tiques sur l\u2019\u00e9go, le temps, la pr\u00e9sence et le silence par Pascal Ruga - 3e mill\u00e9naire - Spiritualit\u00e9 - Connaissance de soi - Non-dualit\u00e9 - M\u00e9ditation","og_description":"Le titre est de 3e Mill\u00e9naire M\u00e9diter c\u2019est s\u2019abandonner \u00e0 l\u2019accomplissement Au fond je ne prends jamais assez de temps pour m\u00e9diter, ou si peu\u2026 C\u2019est plut\u00f4t le temps qui me prend\u2026 Ce temps qui emprunte toujours une allure affair\u00e9e comme s\u2019il allait vraiment au plus urgent\u2026 \u00e0 l\u2019essentiel d\u2019une action qui au fait ne [&hellip;]","og_url":"https:\/\/www.revue3emillenaire.com\/blog\/reflexions-poetiques-sur-lego-le-temps-la-presence-et-le-silence-par-pascal-ruga\/","og_site_name":"3e mill\u00e9naire - Spiritualit\u00e9 - Connaissance de soi - Non-dualit\u00e9 - M\u00e9ditation","article_published_time":"2024-10-07T00:01:31+00:00","og_image":[{"width":142,"height":138,"url":"https:\/\/www.revue3emillenaire.com\/blog\/wp-content\/uploads\/2015\/07\/ruga.jpg","type":"image\/jpeg"}],"author":"3e mill\u00e9naire","twitter_card":"summary_large_image","twitter_misc":{"\u00c9crit par":"3e mill\u00e9naire","Dur\u00e9e de lecture estim\u00e9e":"20 minutes"},"schema":{"@context":"https:\/\/schema.org","@graph":[{"@type":"Article","@id":"https:\/\/www.revue3emillenaire.com\/blog\/reflexions-poetiques-sur-lego-le-temps-la-presence-et-le-silence-par-pascal-ruga\/#article","isPartOf":{"@id":"https:\/\/www.revue3emillenaire.com\/blog\/reflexions-poetiques-sur-lego-le-temps-la-presence-et-le-silence-par-pascal-ruga\/"},"author":{"name":"3e mill\u00e9naire","@id":"https:\/\/www.revue3emillenaire.com\/blog\/#\/schema\/person\/b692dacff720a5344a6190bc714397eb"},"headline":"R\u00e9flexions po\u00e9tiques sur l\u2019\u00e9go, le temps, la pr\u00e9sence et le silence par Pascal Ruga","datePublished":"2024-10-07T00:01:31+00:00","mainEntityOfPage":{"@id":"https:\/\/www.revue3emillenaire.com\/blog\/reflexions-poetiques-sur-lego-le-temps-la-presence-et-le-silence-par-pascal-ruga\/"},"wordCount":4440,"image":{"@id":"https:\/\/www.revue3emillenaire.com\/blog\/reflexions-poetiques-sur-lego-le-temps-la-presence-et-le-silence-par-pascal-ruga\/#primaryimage"},"thumbnailUrl":"https:\/\/www.revue3emillenaire.com\/blog\/wp-content\/uploads\/2015\/07\/ruga.jpg","keywords":["\u00c2me","Beaut\u00e9","contemplation","Ego","Forme","Libert\u00e9","M\u00e9ditation","R\u00e9alit\u00e9","Science","Silence","temps"],"articleSection":["Ruga Pascal"],"inLanguage":"fr-FR"},{"@type":"WebPage","@id":"https:\/\/www.revue3emillenaire.com\/blog\/reflexions-poetiques-sur-lego-le-temps-la-presence-et-le-silence-par-pascal-ruga\/","url":"https:\/\/www.revue3emillenaire.com\/blog\/reflexions-poetiques-sur-lego-le-temps-la-presence-et-le-silence-par-pascal-ruga\/","name":"R\u00e9flexions po\u00e9tiques sur l\u2019\u00e9go, le temps, la pr\u00e9sence et le silence par Pascal Ruga - 3e mill\u00e9naire - Spiritualit\u00e9 - Connaissance de soi - Non-dualit\u00e9 - M\u00e9ditation","isPartOf":{"@id":"https:\/\/www.revue3emillenaire.com\/blog\/#website"},"primaryImageOfPage":{"@id":"https:\/\/www.revue3emillenaire.com\/blog\/reflexions-poetiques-sur-lego-le-temps-la-presence-et-le-silence-par-pascal-ruga\/#primaryimage"},"image":{"@id":"https:\/\/www.revue3emillenaire.com\/blog\/reflexions-poetiques-sur-lego-le-temps-la-presence-et-le-silence-par-pascal-ruga\/#primaryimage"},"thumbnailUrl":"https:\/\/www.revue3emillenaire.com\/blog\/wp-content\/uploads\/2015\/07\/ruga.jpg","datePublished":"2024-10-07T00:01:31+00:00","author":{"@id":"https:\/\/www.revue3emillenaire.com\/blog\/#\/schema\/person\/b692dacff720a5344a6190bc714397eb"},"breadcrumb":{"@id":"https:\/\/www.revue3emillenaire.com\/blog\/reflexions-poetiques-sur-lego-le-temps-la-presence-et-le-silence-par-pascal-ruga\/#breadcrumb"},"inLanguage":"fr-FR","potentialAction":[{"@type":"ReadAction","target":["https:\/\/www.revue3emillenaire.com\/blog\/reflexions-poetiques-sur-lego-le-temps-la-presence-et-le-silence-par-pascal-ruga\/"]}]},{"@type":"ImageObject","inLanguage":"fr-FR","@id":"https:\/\/www.revue3emillenaire.com\/blog\/reflexions-poetiques-sur-lego-le-temps-la-presence-et-le-silence-par-pascal-ruga\/#primaryimage","url":"https:\/\/www.revue3emillenaire.com\/blog\/wp-content\/uploads\/2015\/07\/ruga.jpg","contentUrl":"https:\/\/www.revue3emillenaire.com\/blog\/wp-content\/uploads\/2015\/07\/ruga.jpg","width":142,"height":138},{"@type":"BreadcrumbList","@id":"https:\/\/www.revue3emillenaire.com\/blog\/reflexions-poetiques-sur-lego-le-temps-la-presence-et-le-silence-par-pascal-ruga\/#breadcrumb","itemListElement":[{"@type":"ListItem","position":1,"name":"Accueil","item":"https:\/\/www.revue3emillenaire.com\/blog\/"},{"@type":"ListItem","position":2,"name":"R\u00e9flexions po\u00e9tiques sur l\u2019\u00e9go, le temps, la pr\u00e9sence et le silence par Pascal Ruga"}]},{"@type":"WebSite","@id":"https:\/\/www.revue3emillenaire.com\/blog\/#website","url":"https:\/\/www.revue3emillenaire.com\/blog\/","name":"3e mill\u00e9naire - Spiritualit\u00e9 - Connaissance de soi - Non-dualit\u00e9 - M\u00e9ditation","description":"L&#039;Homme en devenir","potentialAction":[{"@type":"SearchAction","target":{"@type":"EntryPoint","urlTemplate":"https:\/\/www.revue3emillenaire.com\/blog\/?s={search_term_string}"},"query-input":{"@type":"PropertyValueSpecification","valueRequired":true,"valueName":"search_term_string"}}],"inLanguage":"fr-FR"},{"@type":"Person","@id":"https:\/\/www.revue3emillenaire.com\/blog\/#\/schema\/person\/b692dacff720a5344a6190bc714397eb","name":"3e mill\u00e9naire","url":"https:\/\/www.revue3emillenaire.com\/blog\/author\/scoussa\/"}]}},"_links":{"self":[{"href":"https:\/\/www.revue3emillenaire.com\/blog\/wp-json\/wp\/v2\/posts\/20238","targetHints":{"allow":["GET"]}}],"collection":[{"href":"https:\/\/www.revue3emillenaire.com\/blog\/wp-json\/wp\/v2\/posts"}],"about":[{"href":"https:\/\/www.revue3emillenaire.com\/blog\/wp-json\/wp\/v2\/types\/post"}],"author":[{"embeddable":true,"href":"https:\/\/www.revue3emillenaire.com\/blog\/wp-json\/wp\/v2\/users\/2"}],"replies":[{"embeddable":true,"href":"https:\/\/www.revue3emillenaire.com\/blog\/wp-json\/wp\/v2\/comments?post=20238"}],"version-history":[{"count":0,"href":"https:\/\/www.revue3emillenaire.com\/blog\/wp-json\/wp\/v2\/posts\/20238\/revisions"}],"wp:featuredmedia":[{"embeddable":true,"href":"https:\/\/www.revue3emillenaire.com\/blog\/wp-json\/wp\/v2\/media\/16981"}],"wp:attachment":[{"href":"https:\/\/www.revue3emillenaire.com\/blog\/wp-json\/wp\/v2\/media?parent=20238"}],"wp:term":[{"taxonomy":"category","embeddable":true,"href":"https:\/\/www.revue3emillenaire.com\/blog\/wp-json\/wp\/v2\/categories?post=20238"},{"taxonomy":"post_tag","embeddable":true,"href":"https:\/\/www.revue3emillenaire.com\/blog\/wp-json\/wp\/v2\/tags?post=20238"}],"curies":[{"name":"wp","href":"https:\/\/api.w.org\/{rel}","templated":true}]}}