{"id":20239,"date":"2024-10-08T15:21:08","date_gmt":"2024-10-08T14:21:08","guid":{"rendered":"https:\/\/www.revue3emillenaire.com\/blog\/?p=20239"},"modified":"2024-10-08T15:21:08","modified_gmt":"2024-10-08T14:21:08","slug":"entrer-dans-la-metaphysique-experimentale-par-hans-busstra","status":"publish","type":"post","link":"https:\/\/www.revue3emillenaire.com\/blog\/entrer-dans-la-metaphysique-experimentale-par-hans-busstra\/","title":{"rendered":"Entrer dans la m\u00e9taphysique exp\u00e9rimentale par Hans Busstra"},"content":{"rendered":"<p class=\"western\" align=\"justify\">2024-10-06<\/p>\n<p class=\"western\" align=\"justify\"><b>Une br\u00e8ve introduction<\/b><\/p>\n<p class=\"western\" align=\"justify\"><i>Hans Busstra est journaliste et r\u00e9alisateur. Il est titulaire d\u2019une ma\u00eetrise en relations internationales (Universit\u00e9 de Groningue) et a obtenu un dipl\u00f4me en r\u00e9alisation de documentaires \u00e0 la Dutch Film Academy d\u2019Amsterdam. Il a travaill\u00e9 pour de nombreux radiodiffuseurs publics aux Pays-Bas (VPRO, KRO, NCRV, EO) et s\u2019est particuli\u00e8rement int\u00e9ress\u00e9 \u00e0 la science et \u00e0 la technologie. Ses documentaires sont diffus\u00e9s dans des festivals internationaux et sur des plateformes telles que l\u2019IDFA et Amazon Prime. Son documentaire VPRO Backlight \u00ab\u00a0Zero Days\u00a0\u00bb sur le commerce l\u00e9gal des fuites de s\u00e9curit\u00e9 a suscit\u00e9 des questions parlementaires aux Pays-Bas, et son enqu\u00eate sur la fa\u00e7on dont ISIS recrute en ligne, \u00ab\u00a0Cyberjihad\u00a0\u00bb, a \u00e9t\u00e9 la soumission n\u00e9erlandaise pour les Emmy Awards en 2017. En 2020, il a r\u00e9alis\u00e9 \u00ab\u00a0Technology as a religion\u00a0\u00bb, un documentaire critique sur les hypoth\u00e8ses mat\u00e9rialistes des partisans de l\u2019IA consciente. Le documentaire comprend des entretiens avec Roger Penrose, James Lovelock et Bernardo Kastrup. Dans le prolongement de ce documentaire, il travaille actuellement en collaboration avec la Fondation Essentia pour r\u00e9aliser un nouveau documentaire sur le potentiel de l\u2019id\u00e9alisme \u00e0 remplacer le mat\u00e9rialisme en tant que vision dominante du monde. Les r\u00e9sultats de ses recherches seront publi\u00e9s sous forme d\u2019articles et d\u2019une s\u00e9rie de podcasts sur la plateforme de la Fondation Essentia.<\/i><\/p>\n<p class=\"western\" align=\"justify\">Hans Busstra, de la Fondation Essentia, s\u2019est rendu \u00e0 Vienne pour assister \u00e0 une conf\u00e9rence sur les fondements de la m\u00e9canique quantique et interroger des physiciens sur les implications m\u00e9taphysiques de la m\u00e9canique quantique. Dans cet essai, il soutient que ce que l\u2019on appelle la \u00ab\u00a0m\u00e9taphysique exp\u00e9rimentale\u00a0\u00bb pourrait \u00eatre au c\u0153ur des progr\u00e8s futurs de la physique et que la philosophie et la physique se rapprochent.<\/p>\n<p class=\"western\" align=\"center\">__________________________________<\/p>\n<p class=\"western\" align=\"justify\">Lorsque j\u2019ai r\u00e9serv\u00e9 un Airbnb \u00e0 Vienne, je n\u2019avais pas pens\u00e9 \u00e0 sa position exacte, mais pendant mon s\u00e9jour, j\u2019ai d\u00e9couvert qu\u2019il \u00e9tait situ\u00e9 directement sous le faisceau de photons intriqu\u00e9s que le laboratoire d\u2019Anton Zeilinger, laur\u00e9at du prix Nobel de physique\u00a02022, envoie \u00e0 un t\u00e9lescope situ\u00e9 sur une colline \u00e0 10\u00a0kilom\u00e8tres de la ville. Dans ce que l\u2019on appelle les tests des in\u00e9galit\u00e9s de Bell, Zeilinger et son \u00e9quipe ont d\u00e9finitivement d\u00e9montr\u00e9 qu\u2019\u00e0 un niveau fondamental, notre univers est non local\u00a0: la mesure de l\u2019\u00e9tat d\u2019une particule d\u00e9termine instantan\u00e9ment l\u2019\u00e9tat de l\u2019autre, quelle que soit la distance qui les s\u00e9pare. Les travaux de Zeilinger s\u2019inscrivent dans ce que l\u2019on pourrait appeler une nouvelle discipline prometteuse de la physique\u00a0: la \u00ab\u00a0m\u00e9taphysique exp\u00e9rimentale\u00a0\u00bb.<\/p>\n<p class=\"western\" align=\"justify\">La plupart des physiciens consid\u00e9r\u00e8rent les implications profondes de la m\u00e9canique quantique comme \u00ab\u00a0petites\u00a0\u00bb\u00a0: la th\u00e9orie quantique, bien qu\u2019extr\u00eamement pr\u00e9cise dans la pr\u00e9diction du monde microscopique, s\u2019effondre lorsque l\u2019on fait un zoom arri\u00e8re. Nous n\u2019avons donc pas vraiment \u00e0 nous pr\u00e9occuper de questions philosophiques telles que le chat de Schr\u00f6dinger ou le malaise d\u2019Einstein face au probl\u00e8me de la mesure en m\u00e9canique quantique, lorsqu\u2019il a d\u00e9clar\u00e9\u00a0: \u00ab\u00a0J\u2019aime \u00e0 penser que la lune est l\u00e0, m\u00eame si je ne la regarde pas\u00a0\u00bb.<\/p>\n<p class=\"western\" align=\"justify\">Par ailleurs, vous ne trouverez pas beaucoup de physiciens qui s\u2019opposeront \u00e0 Einstein en affirmant que la m\u00e9canique quantique n\u2019est pas perturbante et qu\u2019elle n\u2019a pas cr\u00e9\u00e9 une fissure m\u00e9taphysique dans notre vision newtonienne du monde. Les particules individuelles ne se comportent pas comme de petites boules de billard pr\u00e9visibles comme nous avions l\u2019habitude de le penser, mais pr\u00e9sentent un comportement ondulatoire et leur trajectoire individuelle ne peut \u00eatre pr\u00e9dite de mani\u00e8re d\u00e9terministe. Plus inqui\u00e9tant encore, depuis la m\u00e9canique quantique, nous ne pouvons plus nous consid\u00e9rer comme des observateurs au sens classique du terme. Les mesures influencent ou peut-\u00eatre m\u00eame \u00ab\u00a0cr\u00e9ent\u00a0\u00bb les r\u00e9sultats. Compte tenu de tout cela, la question est de savoir si le fait de r\u00e9fl\u00e9chir \u00e0 la m\u00e9taphysique est productif pour les physiciens. R\u00e9fl\u00e9chir \u00e0 la m\u00e9taphysique nous permet-il de construire des ordinateurs ou des bombes\u00a0?<\/p>\n<p class=\"western\" align=\"justify\">Apr\u00e8s la Seconde Guerre mondiale, la mentalit\u00e9 \u00ab\u00a0tais-toi et calcule\u00a0\u00bb est devenue la norme dans la plupart des d\u00e9partements de physique. Il y avait tellement de travail \u00e0 faire en appliquant simplement la m\u00e9canique quantique \u00e0 toutes les branches de la physique et de la chimie, que les fonds allaient \u00e0 la construction de technologies bas\u00e9es sur la m\u00e9canique quantique.<\/p>\n<p class=\"western\" align=\"justify\">L\u2019expression \u00ab\u00a0Tais-toi et calcule\u00a0\u00bb porte aujourd\u2019hui le nom plus sympathique\u00a0: FAPP, acronyme de \u00ab\u00a0For All Practical Purposes\u00a0\u00bb (\u00e0 toutes fins pratiques). Si le physicien John Wheeler avait philosophiquement raison lorsqu\u2019il disait que la \u00ab\u00a0vitre\u00a0\u00bb entre nous, les observateurs, et un monde ext\u00e9rieur suppos\u00e9 objectif avait \u00e9t\u00e9 bris\u00e9e, les fissures dans la vitre peuvent \u00eatre colmat\u00e9es avec une attitude FAPP. Les objets macroscopiques ne sont jamais parfaitement isol\u00e9s de leur environnement, comme le sont les particules dans les exp\u00e9riences de double fente. Ainsi, la lune n\u2019est pas dans un \u00e9tat de superposition pour nous. M\u00eame lorsque personne ne la regarde, l\u2019interaction gravitationnelle avec la Terre, qui provoque les mar\u00e9es dans l\u2019oc\u00e9an, est consid\u00e9r\u00e9e comme une \u00ab\u00a0mesure\u00a0\u00bb continue. \u00c0 toutes fins utiles, nous pouvons donc supposer que les objets macroscopiques sont toujours \u00ab\u00a0r observ\u00e9s\u00a0\u00bb.<\/p>\n<p class=\"western\" align=\"justify\">Si la mentalit\u00e9 FAPP semble raisonnable pour la physique quotidienne, on peut se demander si elle conduira \u00e0 de v\u00e9ritables innovations fondamentales dans le domaine de la physique. L\u2019historien et physicien David Kaiser a soutenu de mani\u00e8re convaincante que sans les pr\u00e9occupations philosophiques de John Stuart Bell \u00e0 propos de la m\u00e9canique quantique, nous n\u2019aurions pas eu la th\u00e9orie de l\u2019information quantique ni les ordinateurs quantiques \u2014 peut-\u00eatre la plus grande avanc\u00e9e technologique que la th\u00e9orie ait \u00e0 offrir jusqu\u2019\u00e0 pr\u00e9sent.<\/p>\n<p class=\"western\" align=\"justify\">\u00c0 une \u00e9poque o\u00f9 la mentalit\u00e9 \u00ab\u00a0tais-toi et calcule\u00a0\u00bb \u00e9tait dominante, Bell a \u00e9crit son c\u00e9l\u00e8bre article \u00ab\u00a0<a href=\"https:\/\/cds.cern.ch\/record\/111654\/files\/vol1p195-200_001.pdf\" target=\"_blank\" rel=\"noopener\">On the Einstein, Podolski, Rosen, Paradox<\/a> (Sur le paradoxe d\u2019Einstein, Podolski, Rosen)\u00a0\u00bb, dans lequel il a rendu testable une pr\u00e9occupation m\u00e9taphysique d\u2019Einstein, avanc\u00e9e dans <a href=\"https:\/\/plato.stanford.edu\/entries\/qt-epr\/\" target=\"_blank\" rel=\"noopener\">l\u2019article dit EPR de 1935<\/a>. Il est int\u00e9ressant de noter que l\u2019article de Bell a \u00e9t\u00e9 r\u00e9dig\u00e9 en dehors du milieu acad\u00e9mique, pendant un cong\u00e9 sabbatique de son travail au CERN, et qu\u2019il a fallu attendre plus de cinq ans avant que la communaut\u00e9 des physiciens n\u2019en r\u00e9alise l\u2019importance.<\/p>\n<p class=\"western\" align=\"justify\">Dans <a href=\"https:\/\/plato.stanford.edu\/entries\/qt-epr\/\" target=\"_blank\" rel=\"noopener\">l\u2019article EPR<\/a>, sur lequel Bell s\u2019est appuy\u00e9, il a \u00e9t\u00e9 avanc\u00e9 que la th\u00e9orie quantique ne pouvait pas \u00eatre une description compl\u00e8te du monde, car si elle l\u2019\u00e9tait, elle impliquerait une \u00ab\u00a0spukhafte Fernwirkung\u00a0\u00bb (action fantomatique \u00e0 distance). Au lieu de cela, Einstein supposait qu\u2019il devait y avoir ce que l\u2019on appelle des variables locales cach\u00e9es, des causes cach\u00e9es non encore d\u00e9crites par la th\u00e9orie quantique, qui expliqueraient le caract\u00e8re \u00ab\u00a0\u00e9trange\u00a0\u00bb comme refl\u00e9tant simplement l\u2019incompl\u00e9tude de la m\u00e9canique quantique. En d\u2019autres termes, des particules intriqu\u00e9es situ\u00e9es \u00e0 l\u2019autre bout de l\u2019univers devaient avoir conclu un \u00ab\u00a0accord\u00a0\u00bb dans leur pass\u00e9 \u2014 par l\u2019interm\u00e9diaire d\u2019une variable locale cach\u00e9e \u2014 qui expliquerait leur corr\u00e9lation si parfaite lorsqu\u2019elles sont mesur\u00e9es \u00e0 de grandes distances.<\/p>\n<p class=\"western\" align=\"justify\">Si nous regardons en arri\u00e8re, il est int\u00e9ressant de constater que c\u2019est la m\u00e9taphysique qui a conduit Einstein \u00e0 r\u00e9diger l\u2019article EPR\u00a0: \u00ab\u00a0Je ne peux pas y croire s\u00e9rieusement [c\u2019est-\u00e0-dire \u00e0 la compl\u00e9tude de la th\u00e9orie quantique] parce que la th\u00e9orie ne peut pas \u00eatre r\u00e9concili\u00e9e avec l\u2019id\u00e9e que la physique devrait repr\u00e9senter une r\u00e9alit\u00e9 dans le temps et l\u2019espace\u2026\u00a0\u00bb Le \u00ab\u00a0devrait\u00a0\u00bb de cette phrase est r\u00e9v\u00e9lateur de la m\u00e9taphysique d\u2019Einstein d\u2019une \u00ab\u00a0r\u00e9alit\u00e9 dans le temps et l\u2019espace\u00a0\u00bb, o\u00f9 \u00ab\u00a0dans le temps et l\u2019espace\u00a0\u00bb peut \u00e9galement \u00eatre d\u00e9crit comme une m\u00e9taphysique de la \u00ab\u00a0localit\u00e9\u00a0\u00bb.<\/p>\n<p class=\"western\" align=\"justify\">Le g\u00e9nie de John Stuart Bell a \u00e9t\u00e9 de rendre les affirmations de l\u2019article EPR d\u2019Einstein empiriquement testables en les \u00e9laborant math\u00e9matiquement. Si, comme le soutenait Einstein, des variables cach\u00e9es r\u00e9gissaient le comportement quantique tout en respectant la localit\u00e9, les corr\u00e9lations statistiques entre les particules intriqu\u00e9es respecteraient un certain maximum (appel\u00e9 \u00ab\u00a0in\u00e9galit\u00e9 de Bell\u00a0\u00bb), alors que la th\u00e9orie quantique pr\u00e9voyait que ce maximum serait viol\u00e9. En \u00e9tablissant ce principe math\u00e9matique, Bell a ouvert la voie \u00e0 la mise \u00e0 l\u2019\u00e9preuve de l\u2019\u00ab\u00a0action magique \u00e0 distance\u00a0\u00bb. Et Einstein a eu tort.<\/p>\n<p class=\"western\" align=\"justify\">Les travaux de Bell ont inspir\u00e9 des exp\u00e9rimentateurs \u00e0 exclure de mani\u00e8re d\u00e9cisive les variables locales cach\u00e9es qu\u2019Einstein avait postul\u00e9es. En 1972, John Clauser a r\u00e9alis\u00e9 le premier test de l\u2019in\u00e9galit\u00e9 de Bell, montrant des corr\u00e9lations \u00ab\u00a0trop \u00e9lev\u00e9es\u00a0\u00bb entre des particules s\u00e9par\u00e9es par de grandes distances. En 1982, Alain Aspect a combl\u00e9 les lacunes des exp\u00e9riences pr\u00e9c\u00e9dentes et, en 2001, Anton Zeilinger a r\u00e9alis\u00e9 un test de Bell sur une distance de 10\u00a0km. Ces trois exp\u00e9rimentateurs ont re\u00e7u le prix Nobel en 2022 pour leurs contributions r\u00e9volutionnaires \u00e0 l\u2019intrication quantique et \u00e0 la non-localit\u00e9.<\/p>\n<p class=\"western\" align=\"justify\">\u00c0 l\u2019occasion d\u2019une conf\u00e9rence c\u00e9l\u00e9brant le 60<sup>e\u00a0<\/sup>anniversaire de l\u2019article de Bell et les 20\u00a0ans de l\u2019IQOQI, l\u2019Institut d\u2019optique quantique et d\u2019information quantique cofond\u00e9 par Zeilinger, je me suis rendu \u00e0 Vienne pour voir quel \u00e9tait le d\u00e9bat m\u00e9taphysique actuel parmi les physiciens. La premi\u00e8re chose que j\u2019ai remarqu\u00e9e \u00e0 Vienne c\u2019est que, dans les fondements de la physique, les physiciens ne mentionnent pas FAPP. \u00c0 toutes fins utiles, il serait insens\u00e9 de r\u00e9fl\u00e9chir \u00e0 des exp\u00e9riences de pens\u00e9e quantique avec des observateurs humains en superposition \u2014 quelque chose de presque totalement impossible \u00e0 r\u00e9aliser \u2014 mais \u00e0 cette conf\u00e9rence, de tels sc\u00e9narios \u00e9taient exactement au c\u0153ur de ce qui a \u00e9t\u00e9 pr\u00e9sent\u00e9 et discut\u00e9. Lors de la conf\u00e9rence, le prix annuel Paul Ehrenfest r\u00e9compensant les articles les plus importants sur les fondements de la physique a \u00e9t\u00e9 d\u00e9cern\u00e9 \u00e0 trois physiciens qui peuvent tous passer pour des m\u00e9taphysiciens exp\u00e9rimentaux\u00a0: Caslav Brukner, Eric Cavalcanti et Renato Renner.<\/p>\n<p class=\"western\" align=\"justify\">Comme John Stuart Bell, ils proposent ce que l\u2019on appelle des \u00ab\u00a0th\u00e9or\u00e8mes no-go (impossibilit\u00e9)\u00a0\u00bb, un type de preuve qui montre qu\u2019un certain ensemble d\u2019hypoth\u00e8ses ne peuvent pas toutes \u00eatre vraies. L\u2019article de Bell \u00e9tait un th\u00e9or\u00e8me no-go prouvant que, dans le cadre de la th\u00e9orie quantique, on ne peut pas \u00e0 la fois supposer le r\u00e9alisme et la localit\u00e9, comme l\u2019avait souhait\u00e9 Einstein. La nouveaut\u00e9 des travaux de Brukner, Cavalcanti et Renner r\u00e9side dans le fait qu\u2019ils se concentrent sur les observateurs. Puisque la non-localit\u00e9 est d\u00e9sormais prouv\u00e9e, nous pouvons nous poser la question suivante\u00a0: Comment cela se manifeste-t-il pour diff\u00e9rents observateurs\u00a0? Deux observateurs situ\u00e9s \u00e0 des extr\u00e9mit\u00e9s oppos\u00e9es de l\u2019univers, effectuant tous deux une mesure quantique, peuvent-ils par la suite \u00ab\u00a0s\u2019accorder\u00a0\u00bb sur ce qu\u2019ils ont vu\u00a0? Peut-\u00eatre pas.<\/p>\n<p class=\"western\" align=\"justify\">Est-ce nouveau\u00a0? En un sens, non. Gr\u00e2ce \u00e0 Einstein, nous nous sommes d\u00e9j\u00e0 familiaris\u00e9s avec les cadres de r\u00e9f\u00e9rence\u00a0: diff\u00e9rents observateurs peuvent faire l\u2019exp\u00e9rience du temps et de l\u2019espace de mani\u00e8re apparemment contradictoire. Mais voici la particularit\u00e9\u00a0: la th\u00e9orie de la relativit\u00e9 g\u00e9n\u00e9rale et de la relativit\u00e9 restreinte pouvait \u00ab\u00a0coller\u00a0\u00bb ces diff\u00e9rentes observations, et ce non pas \u00e0 la mani\u00e8re FAPP, mais de mani\u00e8re rigoureuse. Bien qu\u2019il n\u2019existe pas de \u00ab\u00a0point de vue de Dieu\u00a0\u00bb pour observer l\u2019exp\u00e9rience des diff\u00e9rents observateurs dans l\u2019univers d\u2019Einstein, les math\u00e9matiques tiennent parfaitement le tout ensemble, de sorte que nous pouvons \u00eatre assur\u00e9s qu\u2019il existe un univers physique ind\u00e9pendant de l\u2019observateur, qui est, en un sens, plus r\u00e9el que les observations que nous en faisons.<\/p>\n<p class=\"western\" align=\"justify\">Mais apr\u00e8s avoir pass\u00e9 une semaine \u00e0 Vienne, dont je parlerai beaucoup plus en d\u00e9tail dans des vid\u00e9os et des \u00e9crits \u00e0 venir, je suis de plus en plus convaincu que la m\u00e9canique quantique ne peut pas nous donner une r\u00e9alit\u00e9 ind\u00e9pendante de l\u2019observateur. Ce que j\u2019ai trouv\u00e9 absolument frappant, c\u2019est que ces trois physiciens prim\u00e9s adoptent une approche fortement subjective. Selon eux, la m\u00e9canique quantique n\u2019est pas une th\u00e9orie sur ce qu\u2019est r\u00e9ellement la nature, mais sur notre connaissance de la nature.<\/p>\n<p class=\"western\" align=\"justify\">Ce que la th\u00e9orie peut nous apporter, c\u2019est une m\u00e9taphysique exp\u00e9rimentale. Personne n\u2019aurait jamais pens\u00e9 que les r\u00e9flexions philosophiques sur la non-localit\u00e9, souvent formul\u00e9es de mani\u00e8re plus po\u00e9tique sous le nom d\u2019\u00ab\u00a0interconnexion\u00a0\u00bb, pourraient un jour \u00eatre mises \u00e0 l\u2019\u00e9preuve. Mais gr\u00e2ce \u00e0 Einstein et Bell, elles l\u2019ont \u00e9t\u00e9. Pour mieux comprendre notre place en tant qu\u2019observateurs conscients dans cet univers, les exp\u00e9riences doivent devenir beaucoup plus complexes que la simple mesure de photons intriqu\u00e9s, mais ce n\u2019est pas une raison pour ne pas formuler ces exp\u00e9riences.<\/p>\n<p class=\"western\" align=\"justify\">Si la m\u00e9taphysique devient effectivement exp\u00e9rimentale, la distinction entre la philosophie et la physique commencera \u00e0 s\u2019estomper. Stephen Hawking est souvent cit\u00e9 comme ayant dit\u00a0: \u00ab\u00a0La philosophie est morte\u00a0\u00bb. J\u2019ai toujours pens\u00e9 qu\u2019il \u00e9tait le g\u00e9nie typique du \u00ab\u00a0tais-toi et calcule\u00a0\u00bb. Mais lorsque j\u2019ai r\u00e9cemment recherch\u00e9 cette citation, j\u2019ai d\u00e9couvert qu\u2019elle \u00e9tait utilis\u00e9e totalement hors contexte, car il ne rejetait pas la philosophie en tant que telle, mais seulement celle des philosophes modernes qui n\u2019avaient pas encore rattrap\u00e9 leur retard\u00a0:<\/p>\n<p class=\"western\" style=\"padding-left: 80px;\" align=\"justify\"><span style=\"color: #ff0000;\">\u2026 <i>presque chacun d\u2019entre nous doit parfois se poser la question\u00a0: Pourquoi sommes-nous ici\u00a0? D\u2019o\u00f9 venons-nous\u00a0? Traditionnellement, ces questions relevaient de la philosophie, mais la philosophie est morte&#8230;. Les philosophes n\u2019ont pas suivi les d\u00e9veloppements modernes de la science. En particulier la physique.<\/i><\/span><\/p>\n<p class=\"western\" align=\"justify\">Je dirais qu\u2019il est temps que les d\u00e9partements de philosophie du monde entier qui \u00e9tudient la m\u00e9canique quantique fassent \u00e9quipe avec les m\u00e9taphysiciens exp\u00e9rimentaux. Qui pourrait mieux formuler ce programme de recherche que John Wheeler, lorsqu\u2019il a dit\u00a0:<\/p>\n<p class=\"western\" style=\"padding-left: 80px;\" align=\"justify\"><span style=\"color: #ff0000;\"><i>Nous avions l\u2019habitude de penser que le monde existait \u00ab\u00a0l\u00e0-bas\u00a0\u00bb, ind\u00e9pendamment de nous, nous, l\u2019observateur, bien \u00e0 l\u2019abri derri\u00e8re une plaque de verre d\u2019un m\u00e8tre d\u2019\u00e9paisseur, ne s\u2019impliquant pas, se contentant d\u2019observer. Cependant, nous avons conclu que ce n\u2019est pas ainsi que le monde fonctionne. En fait, nous devons briser la vitre et entrer.<\/i><\/span><\/p>\n<p class=\"western\" align=\"justify\">Texte original\u00a0: <span style=\"color: #000080;\"><u><a href=\"https:\/\/www.essentiafoundation.org\/enter-experimental-metaphysics\/reading\/\" target=\"_blank\" rel=\"noopener\">https:\/\/www.essentiafoundation.org\/enter-experimental-metaphysics\/reading\/<\/a><\/u><\/span><\/p>\n","protected":false},"excerpt":{"rendered":"<p>2024-10-06 Une br\u00e8ve introduction Hans Busstra est journaliste et r\u00e9alisateur. Il est titulaire d\u2019une ma\u00eetrise en relations internationales (Universit\u00e9 de Groningue) et a obtenu un dipl\u00f4me en r\u00e9alisation de documentaires \u00e0 la Dutch Film Academy d\u2019Amsterdam. Il a travaill\u00e9 pour de nombreux radiodiffuseurs publics aux Pays-Bas (VPRO, KRO, NCRV, EO) et s\u2019est particuli\u00e8rement int\u00e9ress\u00e9 \u00e0 [&hellip;]<\/p>\n","protected":false},"author":2,"featured_media":20240,"comment_status":"closed","ping_status":"closed","sticky":false,"template":"","format":"standard","meta":{"footnotes":""},"categories":[1540],"tags":[827,1998,1215,1042,1467,1383,1997],"class_list":["post-20239","post","type-post","status-publish","format-standard","has-post-thumbnail","hentry","category-actualite","tag-einstein","tag-intrication","tag-mecanique-quantique","tag-non-separabilite","tag-observateur","tag-recherche","tag-theoreme-no-go"],"yoast_head":"<!-- This site is optimized with the Yoast SEO plugin v27.0 - https:\/\/yoast.com\/product\/yoast-seo-wordpress\/ -->\n<title>Entrer dans la m\u00e9taphysique exp\u00e9rimentale par Hans Busstra - 3e mill\u00e9naire - Spiritualit\u00e9 - Connaissance de soi - Non-dualit\u00e9 - M\u00e9ditation<\/title>\n<meta name=\"robots\" content=\"index, follow, max-snippet:-1, max-image-preview:large, max-video-preview:-1\" \/>\n<link rel=\"canonical\" href=\"https:\/\/www.revue3emillenaire.com\/blog\/entrer-dans-la-metaphysique-experimentale-par-hans-busstra\/\" \/>\n<meta property=\"og:locale\" content=\"fr_FR\" \/>\n<meta property=\"og:type\" content=\"article\" \/>\n<meta property=\"og:title\" content=\"Entrer dans la m\u00e9taphysique exp\u00e9rimentale par Hans Busstra - 3e mill\u00e9naire - Spiritualit\u00e9 - Connaissance de soi - Non-dualit\u00e9 - M\u00e9ditation\" \/>\n<meta property=\"og:description\" content=\"2024-10-06 Une br\u00e8ve introduction Hans Busstra est journaliste et r\u00e9alisateur. Il est titulaire d\u2019une ma\u00eetrise en relations internationales (Universit\u00e9 de Groningue) et a obtenu un dipl\u00f4me en r\u00e9alisation de documentaires \u00e0 la Dutch Film Academy d\u2019Amsterdam. Il a travaill\u00e9 pour de nombreux radiodiffuseurs publics aux Pays-Bas (VPRO, KRO, NCRV, EO) et s\u2019est particuli\u00e8rement int\u00e9ress\u00e9 \u00e0 [&hellip;]\" \/>\n<meta property=\"og:url\" content=\"https:\/\/www.revue3emillenaire.com\/blog\/entrer-dans-la-metaphysique-experimentale-par-hans-busstra\/\" \/>\n<meta property=\"og:site_name\" content=\"3e mill\u00e9naire - Spiritualit\u00e9 - Connaissance de soi - Non-dualit\u00e9 - M\u00e9ditation\" \/>\n<meta property=\"article:published_time\" content=\"2024-10-08T14:21:08+00:00\" \/>\n<meta property=\"og:image\" content=\"https:\/\/www.revue3emillenaire.com\/blog\/wp-content\/uploads\/2024\/10\/Hans-Busstra.jpg\" \/>\n\t<meta property=\"og:image:width\" content=\"280\" \/>\n\t<meta property=\"og:image:height\" content=\"280\" \/>\n\t<meta property=\"og:image:type\" content=\"image\/jpeg\" \/>\n<meta name=\"author\" content=\"3e mill\u00e9naire\" \/>\n<meta name=\"twitter:card\" content=\"summary_large_image\" \/>\n<meta name=\"twitter:label1\" content=\"\u00c9crit par\" \/>\n\t<meta name=\"twitter:data1\" content=\"3e mill\u00e9naire\" \/>\n\t<meta name=\"twitter:label2\" content=\"Dur\u00e9e de lecture estim\u00e9e\" \/>\n\t<meta name=\"twitter:data2\" content=\"12 minutes\" \/>\n<script type=\"application\/ld+json\" class=\"yoast-schema-graph\">{\"@context\":\"https:\/\/schema.org\",\"@graph\":[{\"@type\":\"Article\",\"@id\":\"https:\/\/www.revue3emillenaire.com\/blog\/entrer-dans-la-metaphysique-experimentale-par-hans-busstra\/#article\",\"isPartOf\":{\"@id\":\"https:\/\/www.revue3emillenaire.com\/blog\/entrer-dans-la-metaphysique-experimentale-par-hans-busstra\/\"},\"author\":{\"name\":\"3e mill\u00e9naire\",\"@id\":\"https:\/\/www.revue3emillenaire.com\/blog\/#\/schema\/person\/b692dacff720a5344a6190bc714397eb\"},\"headline\":\"Entrer dans la m\u00e9taphysique exp\u00e9rimentale par Hans Busstra\",\"datePublished\":\"2024-10-08T14:21:08+00:00\",\"mainEntityOfPage\":{\"@id\":\"https:\/\/www.revue3emillenaire.com\/blog\/entrer-dans-la-metaphysique-experimentale-par-hans-busstra\/\"},\"wordCount\":2535,\"image\":{\"@id\":\"https:\/\/www.revue3emillenaire.com\/blog\/entrer-dans-la-metaphysique-experimentale-par-hans-busstra\/#primaryimage\"},\"thumbnailUrl\":\"https:\/\/www.revue3emillenaire.com\/blog\/wp-content\/uploads\/2024\/10\/Hans-Busstra.jpg\",\"keywords\":[\"Einstein\",\"Intrication\",\"M\u00e9canique quantique\",\"Non-s\u00e9parabilit\u00e9\",\"Observateur\",\"Recherche\",\"Th\u00e9or\u00e8me no-go\"],\"articleSection\":[\"Actualit\u00e9s\"],\"inLanguage\":\"fr-FR\"},{\"@type\":\"WebPage\",\"@id\":\"https:\/\/www.revue3emillenaire.com\/blog\/entrer-dans-la-metaphysique-experimentale-par-hans-busstra\/\",\"url\":\"https:\/\/www.revue3emillenaire.com\/blog\/entrer-dans-la-metaphysique-experimentale-par-hans-busstra\/\",\"name\":\"Entrer dans la m\u00e9taphysique exp\u00e9rimentale par Hans Busstra - 3e mill\u00e9naire - Spiritualit\u00e9 - Connaissance de soi - Non-dualit\u00e9 - M\u00e9ditation\",\"isPartOf\":{\"@id\":\"https:\/\/www.revue3emillenaire.com\/blog\/#website\"},\"primaryImageOfPage\":{\"@id\":\"https:\/\/www.revue3emillenaire.com\/blog\/entrer-dans-la-metaphysique-experimentale-par-hans-busstra\/#primaryimage\"},\"image\":{\"@id\":\"https:\/\/www.revue3emillenaire.com\/blog\/entrer-dans-la-metaphysique-experimentale-par-hans-busstra\/#primaryimage\"},\"thumbnailUrl\":\"https:\/\/www.revue3emillenaire.com\/blog\/wp-content\/uploads\/2024\/10\/Hans-Busstra.jpg\",\"datePublished\":\"2024-10-08T14:21:08+00:00\",\"author\":{\"@id\":\"https:\/\/www.revue3emillenaire.com\/blog\/#\/schema\/person\/b692dacff720a5344a6190bc714397eb\"},\"breadcrumb\":{\"@id\":\"https:\/\/www.revue3emillenaire.com\/blog\/entrer-dans-la-metaphysique-experimentale-par-hans-busstra\/#breadcrumb\"},\"inLanguage\":\"fr-FR\",\"potentialAction\":[{\"@type\":\"ReadAction\",\"target\":[\"https:\/\/www.revue3emillenaire.com\/blog\/entrer-dans-la-metaphysique-experimentale-par-hans-busstra\/\"]}]},{\"@type\":\"ImageObject\",\"inLanguage\":\"fr-FR\",\"@id\":\"https:\/\/www.revue3emillenaire.com\/blog\/entrer-dans-la-metaphysique-experimentale-par-hans-busstra\/#primaryimage\",\"url\":\"https:\/\/www.revue3emillenaire.com\/blog\/wp-content\/uploads\/2024\/10\/Hans-Busstra.jpg\",\"contentUrl\":\"https:\/\/www.revue3emillenaire.com\/blog\/wp-content\/uploads\/2024\/10\/Hans-Busstra.jpg\",\"width\":280,\"height\":280},{\"@type\":\"BreadcrumbList\",\"@id\":\"https:\/\/www.revue3emillenaire.com\/blog\/entrer-dans-la-metaphysique-experimentale-par-hans-busstra\/#breadcrumb\",\"itemListElement\":[{\"@type\":\"ListItem\",\"position\":1,\"name\":\"Accueil\",\"item\":\"https:\/\/www.revue3emillenaire.com\/blog\/\"},{\"@type\":\"ListItem\",\"position\":2,\"name\":\"Entrer dans la m\u00e9taphysique exp\u00e9rimentale par Hans Busstra\"}]},{\"@type\":\"WebSite\",\"@id\":\"https:\/\/www.revue3emillenaire.com\/blog\/#website\",\"url\":\"https:\/\/www.revue3emillenaire.com\/blog\/\",\"name\":\"3e mill\u00e9naire - Spiritualit\u00e9 - Connaissance de soi - Non-dualit\u00e9 - M\u00e9ditation\",\"description\":\"L&#039;Homme en devenir\",\"potentialAction\":[{\"@type\":\"SearchAction\",\"target\":{\"@type\":\"EntryPoint\",\"urlTemplate\":\"https:\/\/www.revue3emillenaire.com\/blog\/?s={search_term_string}\"},\"query-input\":{\"@type\":\"PropertyValueSpecification\",\"valueRequired\":true,\"valueName\":\"search_term_string\"}}],\"inLanguage\":\"fr-FR\"},{\"@type\":\"Person\",\"@id\":\"https:\/\/www.revue3emillenaire.com\/blog\/#\/schema\/person\/b692dacff720a5344a6190bc714397eb\",\"name\":\"3e mill\u00e9naire\",\"url\":\"https:\/\/www.revue3emillenaire.com\/blog\/author\/scoussa\/\"}]}<\/script>\n<!-- \/ Yoast SEO plugin. -->","yoast_head_json":{"title":"Entrer dans la m\u00e9taphysique exp\u00e9rimentale par Hans Busstra - 3e mill\u00e9naire - Spiritualit\u00e9 - Connaissance de soi - Non-dualit\u00e9 - M\u00e9ditation","robots":{"index":"index","follow":"follow","max-snippet":"max-snippet:-1","max-image-preview":"max-image-preview:large","max-video-preview":"max-video-preview:-1"},"canonical":"https:\/\/www.revue3emillenaire.com\/blog\/entrer-dans-la-metaphysique-experimentale-par-hans-busstra\/","og_locale":"fr_FR","og_type":"article","og_title":"Entrer dans la m\u00e9taphysique exp\u00e9rimentale par Hans Busstra - 3e mill\u00e9naire - Spiritualit\u00e9 - Connaissance de soi - Non-dualit\u00e9 - M\u00e9ditation","og_description":"2024-10-06 Une br\u00e8ve introduction Hans Busstra est journaliste et r\u00e9alisateur. Il est titulaire d\u2019une ma\u00eetrise en relations internationales (Universit\u00e9 de Groningue) et a obtenu un dipl\u00f4me en r\u00e9alisation de documentaires \u00e0 la Dutch Film Academy d\u2019Amsterdam. Il a travaill\u00e9 pour de nombreux radiodiffuseurs publics aux Pays-Bas (VPRO, KRO, NCRV, EO) et s\u2019est particuli\u00e8rement int\u00e9ress\u00e9 \u00e0 [&hellip;]","og_url":"https:\/\/www.revue3emillenaire.com\/blog\/entrer-dans-la-metaphysique-experimentale-par-hans-busstra\/","og_site_name":"3e mill\u00e9naire - Spiritualit\u00e9 - Connaissance de soi - Non-dualit\u00e9 - M\u00e9ditation","article_published_time":"2024-10-08T14:21:08+00:00","og_image":[{"width":280,"height":280,"url":"https:\/\/www.revue3emillenaire.com\/blog\/wp-content\/uploads\/2024\/10\/Hans-Busstra.jpg","type":"image\/jpeg"}],"author":"3e mill\u00e9naire","twitter_card":"summary_large_image","twitter_misc":{"\u00c9crit par":"3e mill\u00e9naire","Dur\u00e9e de lecture estim\u00e9e":"12 minutes"},"schema":{"@context":"https:\/\/schema.org","@graph":[{"@type":"Article","@id":"https:\/\/www.revue3emillenaire.com\/blog\/entrer-dans-la-metaphysique-experimentale-par-hans-busstra\/#article","isPartOf":{"@id":"https:\/\/www.revue3emillenaire.com\/blog\/entrer-dans-la-metaphysique-experimentale-par-hans-busstra\/"},"author":{"name":"3e mill\u00e9naire","@id":"https:\/\/www.revue3emillenaire.com\/blog\/#\/schema\/person\/b692dacff720a5344a6190bc714397eb"},"headline":"Entrer dans la m\u00e9taphysique exp\u00e9rimentale par Hans Busstra","datePublished":"2024-10-08T14:21:08+00:00","mainEntityOfPage":{"@id":"https:\/\/www.revue3emillenaire.com\/blog\/entrer-dans-la-metaphysique-experimentale-par-hans-busstra\/"},"wordCount":2535,"image":{"@id":"https:\/\/www.revue3emillenaire.com\/blog\/entrer-dans-la-metaphysique-experimentale-par-hans-busstra\/#primaryimage"},"thumbnailUrl":"https:\/\/www.revue3emillenaire.com\/blog\/wp-content\/uploads\/2024\/10\/Hans-Busstra.jpg","keywords":["Einstein","Intrication","M\u00e9canique quantique","Non-s\u00e9parabilit\u00e9","Observateur","Recherche","Th\u00e9or\u00e8me no-go"],"articleSection":["Actualit\u00e9s"],"inLanguage":"fr-FR"},{"@type":"WebPage","@id":"https:\/\/www.revue3emillenaire.com\/blog\/entrer-dans-la-metaphysique-experimentale-par-hans-busstra\/","url":"https:\/\/www.revue3emillenaire.com\/blog\/entrer-dans-la-metaphysique-experimentale-par-hans-busstra\/","name":"Entrer dans la m\u00e9taphysique exp\u00e9rimentale par Hans Busstra - 3e mill\u00e9naire - Spiritualit\u00e9 - Connaissance de soi - Non-dualit\u00e9 - M\u00e9ditation","isPartOf":{"@id":"https:\/\/www.revue3emillenaire.com\/blog\/#website"},"primaryImageOfPage":{"@id":"https:\/\/www.revue3emillenaire.com\/blog\/entrer-dans-la-metaphysique-experimentale-par-hans-busstra\/#primaryimage"},"image":{"@id":"https:\/\/www.revue3emillenaire.com\/blog\/entrer-dans-la-metaphysique-experimentale-par-hans-busstra\/#primaryimage"},"thumbnailUrl":"https:\/\/www.revue3emillenaire.com\/blog\/wp-content\/uploads\/2024\/10\/Hans-Busstra.jpg","datePublished":"2024-10-08T14:21:08+00:00","author":{"@id":"https:\/\/www.revue3emillenaire.com\/blog\/#\/schema\/person\/b692dacff720a5344a6190bc714397eb"},"breadcrumb":{"@id":"https:\/\/www.revue3emillenaire.com\/blog\/entrer-dans-la-metaphysique-experimentale-par-hans-busstra\/#breadcrumb"},"inLanguage":"fr-FR","potentialAction":[{"@type":"ReadAction","target":["https:\/\/www.revue3emillenaire.com\/blog\/entrer-dans-la-metaphysique-experimentale-par-hans-busstra\/"]}]},{"@type":"ImageObject","inLanguage":"fr-FR","@id":"https:\/\/www.revue3emillenaire.com\/blog\/entrer-dans-la-metaphysique-experimentale-par-hans-busstra\/#primaryimage","url":"https:\/\/www.revue3emillenaire.com\/blog\/wp-content\/uploads\/2024\/10\/Hans-Busstra.jpg","contentUrl":"https:\/\/www.revue3emillenaire.com\/blog\/wp-content\/uploads\/2024\/10\/Hans-Busstra.jpg","width":280,"height":280},{"@type":"BreadcrumbList","@id":"https:\/\/www.revue3emillenaire.com\/blog\/entrer-dans-la-metaphysique-experimentale-par-hans-busstra\/#breadcrumb","itemListElement":[{"@type":"ListItem","position":1,"name":"Accueil","item":"https:\/\/www.revue3emillenaire.com\/blog\/"},{"@type":"ListItem","position":2,"name":"Entrer dans la m\u00e9taphysique exp\u00e9rimentale par Hans Busstra"}]},{"@type":"WebSite","@id":"https:\/\/www.revue3emillenaire.com\/blog\/#website","url":"https:\/\/www.revue3emillenaire.com\/blog\/","name":"3e mill\u00e9naire - Spiritualit\u00e9 - Connaissance de soi - Non-dualit\u00e9 - M\u00e9ditation","description":"L&#039;Homme en devenir","potentialAction":[{"@type":"SearchAction","target":{"@type":"EntryPoint","urlTemplate":"https:\/\/www.revue3emillenaire.com\/blog\/?s={search_term_string}"},"query-input":{"@type":"PropertyValueSpecification","valueRequired":true,"valueName":"search_term_string"}}],"inLanguage":"fr-FR"},{"@type":"Person","@id":"https:\/\/www.revue3emillenaire.com\/blog\/#\/schema\/person\/b692dacff720a5344a6190bc714397eb","name":"3e mill\u00e9naire","url":"https:\/\/www.revue3emillenaire.com\/blog\/author\/scoussa\/"}]}},"_links":{"self":[{"href":"https:\/\/www.revue3emillenaire.com\/blog\/wp-json\/wp\/v2\/posts\/20239","targetHints":{"allow":["GET"]}}],"collection":[{"href":"https:\/\/www.revue3emillenaire.com\/blog\/wp-json\/wp\/v2\/posts"}],"about":[{"href":"https:\/\/www.revue3emillenaire.com\/blog\/wp-json\/wp\/v2\/types\/post"}],"author":[{"embeddable":true,"href":"https:\/\/www.revue3emillenaire.com\/blog\/wp-json\/wp\/v2\/users\/2"}],"replies":[{"embeddable":true,"href":"https:\/\/www.revue3emillenaire.com\/blog\/wp-json\/wp\/v2\/comments?post=20239"}],"version-history":[{"count":0,"href":"https:\/\/www.revue3emillenaire.com\/blog\/wp-json\/wp\/v2\/posts\/20239\/revisions"}],"wp:featuredmedia":[{"embeddable":true,"href":"https:\/\/www.revue3emillenaire.com\/blog\/wp-json\/wp\/v2\/media\/20240"}],"wp:attachment":[{"href":"https:\/\/www.revue3emillenaire.com\/blog\/wp-json\/wp\/v2\/media?parent=20239"}],"wp:term":[{"taxonomy":"category","embeddable":true,"href":"https:\/\/www.revue3emillenaire.com\/blog\/wp-json\/wp\/v2\/categories?post=20239"},{"taxonomy":"post_tag","embeddable":true,"href":"https:\/\/www.revue3emillenaire.com\/blog\/wp-json\/wp\/v2\/tags?post=20239"}],"curies":[{"name":"wp","href":"https:\/\/api.w.org\/{rel}","templated":true}]}}