{"id":20244,"date":"2024-10-11T18:24:37","date_gmt":"2024-10-11T17:24:37","guid":{"rendered":"https:\/\/www.revue3emillenaire.com\/blog\/?p=20244"},"modified":"2024-10-11T18:24:37","modified_gmt":"2024-10-11T17:24:37","slug":"lintelligence-artificielle-et-la-route-de-lenfer-de-lesprit-controle-par-julian-rose","status":"publish","type":"post","link":"https:\/\/www.revue3emillenaire.com\/blog\/lintelligence-artificielle-et-la-route-de-lenfer-de-lesprit-controle-par-julian-rose\/","title":{"rendered":"L\u2019Intelligence Artificielle et la route de l\u2019enfer de l\u2019esprit contr\u00f4l\u00e9 par Julian Rose"},"content":{"rendered":"<p class=\"western\" align=\"justify\"><span style=\"color: #333333;\"><span style=\"font-size: medium;\">11\u00a0octobre 2024 <\/span><\/span><\/p>\n<p class=\"western\" align=\"justify\"><strong><span style=\"color: #333333;\"><span style=\"font-size: medium;\"><b>Les partisans d\u2019un avenir transhumaniste fond\u00e9 sur l\u2019IA forment une secte d\u00e9moniaque cliniquement folle et hostile \u00e0 la vie. En gardant cela \u00e0 l\u2019esprit, posez-vous la question suivante\u00a0: ai-je encore envie d<\/b><\/span><\/span><\/strong><strong><span style=\"color: #333333;\"><span style=\"font-size: medium;\"><b>e faire<\/b><\/span><\/span><\/strong><b> <\/b><strong><span style=\"color: #333333;\"><span style=\"font-size: medium;\"><b>af<\/b><\/span><\/span><\/strong><strong><span style=\"color: #333333;\"><span style=\"font-size: medium;\"><b>faire avec eux\u00a0?<\/b><\/span><\/span><\/strong><\/p>\n<p class=\"western\" align=\"justify\"><span style=\"color: #333333;\"><span style=\"font-size: medium;\">Si la r\u00e9ponse est \u00ab\u00a0non\u00a0\u00bb, prenez imm\u00e9diatement des mesures pour adopter un style de vie aussi diam\u00e9tralement oppos\u00e9 que possible \u00e0 celui qui vous rend d\u00e9pendant \u00e0 la fois des outils et de l\u2019\u00e9tat d\u2019esprit de <\/span><\/span><span style=\"color: #333333;\"><span style=\"font-size: medium;\">leur commerce<\/span><\/span><span style=\"color: #333333;\"><span style=\"font-size: medium;\">.<\/span><\/span><\/p>\n<p class=\"western\" align=\"justify\"><span style=\"color: #333333;\"><span style=\"font-size: medium;\">J\u2019insiste sur le terme \u00ab\u00a0\u00e9tat d\u2019esprit\u00a0\u00bb parce que l\u2019\u00e9tat d\u2019esprit qui sous-tend la volont\u00e9 de transformer les \u00eatres humains en bio-ordinateurs n\u2019est pas suffisamment rejet\u00e9 par la majorit\u00e9 de ceux qui utilisent la technologie de <\/span><\/span><span style=\"color: #333333;\"><span style=\"font-size: medium;\">cette<\/span><\/span><span style=\"color: #333333;\"><span style=\"font-size: medium;\"> secte.<\/span><\/span><\/p>\n<p class=\"western\" align=\"justify\"><span style=\"color: #333333;\"><span style=\"font-size: medium;\">Il n\u2019y a pratiquement pas de r\u00e9flexion concentr\u00e9e appliqu\u00e9e \u00e0 ce processus d\u2019asservissement d\u00e9j\u00e0 avanc\u00e9, de sorte que ceux qui ne remettent pas en question leur attachement \u00e0 la technologie num\u00e9rique <\/span><\/span><span style=\"color: #333333;\"><span style=\"font-size: medium;\">CEM<\/span><\/span><span style=\"color: #333333;\"><span style=\"font-size: medium;\"> (<\/span><\/span><span style=\"color: #333333;\"><span style=\"font-size: medium;\">champ<\/span><\/span><em><span style=\"color: #333333;\"><span style=\"font-family: Times New Roman, serif;\"><span style=\"font-size: medium;\"> \u00e9lectromagn\u00e9tique<\/span><\/span><\/span><\/em><span style=\"color: #333333;\"><span style=\"font-size: medium;\">) n\u2019ont pas la capacit\u00e9 de r\u00e9sister \u00e0 la capture insidieuse de leurs meilleures \u00e9nergies.<\/span><\/span><\/p>\n<p class=\"western\" align=\"justify\"><span style=\"color: #333333;\"><span style=\"font-size: medium;\">On ne peut mettre fin \u00e0 quelque chose qu\u2019en reconnaissant d\u2019abord son existence et <\/span><\/span><em><span style=\"color: #333333;\"><span style=\"font-family: Times New Roman, serif;\"><span style=\"font-size: medium;\">sa d\u00e9pendance<\/span><\/span><\/span><\/em> <span style=\"color: #333333;\"><span style=\"font-size: medium;\">\u00e0 son \u00e9gard<\/span><\/span><span style=\"color: #333333;\"><span style=\"font-size: medium;\">.<\/span><\/span><\/p>\n<p class=\"western\" align=\"justify\"><span style=\"color: #333333;\"><span style=\"font-size: medium;\">C\u2019est la premi\u00e8re phase de la lib\u00e9ration de l\u2019esclavage et de la prise en main de son destin.<\/span><\/span><\/p>\n<p class=\"western\" align=\"justify\"><span style=\"color: #333333;\"><span style=\"font-size: medium;\">Alors, quel peut \u00eatre ce mode de vie diam\u00e9tralement oppos\u00e9 \u00e0 une d\u00e9pendance toxique aux technologies de l\u2019information\u00a0?<\/span><\/span><\/p>\n<p class=\"western\" align=\"justify\"><span style=\"color: #333333;\"><span style=\"font-size: medium;\">Tout d\u2019abord, <\/span><\/span><em><span style=\"color: #333333;\"><span style=\"font-family: Times New Roman, serif;\"><span style=\"font-size: medium;\">un retour \u00e0 la terre<\/span><\/span><\/span><\/em><span style=\"color: #333333;\"><span style=\"font-size: medium;\">. Un processus rationnel qui fait appel au bon sens et lib\u00e8re de l\u2019acceptation aveugle d\u2019un syst\u00e8me de contr\u00f4le num\u00e9rique de plus en plus dominant.<\/span><\/span><\/p>\n<p class=\"western\" align=\"justify\"><span style=\"color: #333333;\"><span style=\"font-size: medium;\">Dans la pratique, cela pourrait prendre de nombreuses formes et directions diff\u00e9rentes, mais il s\u2019agirait toujours de sortir de <\/span><\/span><span style=\"color: #333333;\"><span style=\"font-size: medium;\">la <\/span><\/span><span style=\"color: #333333;\"><span style=\"font-size: medium;\">prison tant qu\u2019il est encore possible de le faire.<\/span><\/span><\/p>\n<p class=\"western\" align=\"justify\"><span style=\"color: #333333;\"><span style=\"font-size: medium;\">L\u2019\u00c9LECTRICIT\u00c9 est mise au premier plan en tant qu\u2019outil cl\u00e9 de la \u00ab\u00a0commodit\u00e9\u00a0\u00bb et de la surveillance et du contr\u00f4le invasifs 24\u00a0heures sur 24 et 7\u00a0jours sur 7.<\/span><\/span><\/p>\n<p class=\"western\" align=\"justify\"><span style=\"color: #333333;\"><span style=\"font-size: medium;\">Il faut savoir que toutes les sources d\u2019\u00e9nergie alternatives commerciales servent \u00e0 produire de l\u2019\u00e9lectricit\u00e9. L\u2019\u00e9lectricit\u00e9 est utilis\u00e9e pour les transports publics, les voitures particuli\u00e8res, la cuisine, les pompes \u00e0 chaleur (chauffage domestique), les syst\u00e8mes de comptage, les chargeurs de t\u00e9l\u00e9phone, presque tous les outils de communication, une pl\u00e9thore d\u2019articles m\u00e9nagers, l\u2019\u00e9clairage public, la climatisation, les syst\u00e8mes de ventilation\u2026 la liste est longue.<\/span><\/span><\/p>\n<p class=\"western\" align=\"justify\"><span style=\"color: #333333;\"><span style=\"font-size: medium;\">Alors, p<\/span><\/span><span style=\"color: #333333;\"><span style=\"font-size: medium;\">ourquoi l\u2019escroquerie \u00ab\u00a0Net Zero\u00a0\u00bb d\u2019ici 2045 est-elle si d\u00e9termin\u00e9e \u00e0 remplacer les sources d\u2019\u00e9nergie carbon\u00e9es par de l\u2019\u00e9nergie \u00e9lectrique non carbon\u00e9e\u00a0? Cela a-t-il quelque chose \u00e0 voir avec l\u2019am\u00e9lioration du climat\u00a0?<\/span><\/span><\/p>\n<p class=\"western\" align=\"justify\"><span style=\"color: #333333;\"><span style=\"font-size: medium;\">Non, bien s\u00fbr <\/span><\/span><span style=\"color: #333333;\"><span style=\"font-size: medium;\">que non<\/span><\/span><span style=\"color: #333333;\"><span style=\"font-size: medium;\">.<\/span><\/span><\/p>\n<p class=\"western\" align=\"justify\"><span style=\"color: #333333;\"><span style=\"font-size: medium;\">L\u2019\u00e9lectricit\u00e9 est le choix d\u2019\u00e9nergie le plus manifestement li\u00e9 \u00e0 la capacit\u00e9 de contr\u00f4le. C\u2019est le support id\u00e9al pour un r\u00e9seau de surveillance \u00e9nerg<\/span><\/span><span style=\"color: #333333;\"><span style=\"font-size: medium;\">\u00e9tique<\/span><\/span><span style=\"color: #333333;\"><span style=\"font-size: medium;\"> enti\u00e8rement centralis\u00e9.<\/span><\/span><\/p>\n<p class=\"western\" align=\"justify\"><span style=\"color: #333333;\"><span style=\"font-size: medium;\">Consid\u00e9rons maintenant le pourcentage toujours croissant de syst\u00e8mes de communication et d\u2019articles m\u00e9nagers qui passent, ou sont d\u00e9j\u00e0 pass\u00e9s, de la distribution par c\u00e2ble au WiFi.<\/span><\/span><\/p>\n<p class=\"western\" align=\"justify\"><span style=\"color: #333333;\"><span style=\"font-size: medium;\">Environ 90\u00a0% de tous les <\/span><\/span><em><span style=\"color: #333333;\"><span style=\"font-family: Times New Roman, serif;\"><span style=\"font-size: medium;\">gadgets utilitaires<\/span><\/span><\/span><\/em><span style=\"color: #333333;\"><span style=\"font-size: medium;\"> domestiques (dans le monde post-industriel <\/span><\/span><span style=\"color: #333333;\"><span style=\"font-size: medium;\">du Nord<\/span><\/span><span style=\"color: #333333;\"><span style=\"font-size: medium;\">) seront probablement bas\u00e9s sur le WiFi dans les quatre ou cinq prochaines ann\u00e9es. Non pas parce que nous le voulons, la plupart d\u2019entre nous ne le veulent pas, mais parce que nos protagonistes consid\u00e8rent le sans-fil comme le moyen le plus transparent pour notre \u00ab\u00a0gestion\u00a0\u00bb.<\/span><\/span><\/p>\n<p class=\"western\" align=\"justify\"><span style=\"color: #333333;\"><span style=\"font-size: medium;\">Ajoutez \u00e0 ce processus de monopolisation terrestre, \u00ab\u00a0le nuage\u00a0\u00bb r\u00e9seau aliment\u00e9 par <\/span><\/span><span style=\"color: #333333;\"><span style=\"font-size: medium;\">CEM<\/span><\/span><span style=\"color: #333333;\"><span style=\"font-size: medium;\">, con\u00e7u pour agir comme un <\/span><\/span><span style=\"color: #333333;\"><span style=\"font-size: medium;\">outil mondial de<\/span><\/span><span style=\"color: #333333;\"><span style=\"font-size: medium;\"> surveillance, de communications et <\/span><\/span><span style=\"color: #333333;\"><span style=\"font-size: medium;\">d\u2019<\/span><\/span><span style=\"color: #333333;\"><span style=\"font-size: medium;\">arme<\/span><\/span><span style=\"color: #333333;\"><span style=\"font-size: medium;\">s<\/span><\/span><span style=\"color: #333333;\"><span style=\"font-size: medium;\"> d\u2019<\/span><\/span><span style=\"color: #333333;\"><span style=\"font-size: medium;\">\u00e9limination<\/span><\/span><span style=\"color: #333333;\"><span style=\"font-size: medium;\"> \u2014 tout-en-un. Fonctionnant \u00e0 partir de dizaines de milliers de satellites \u2014 dont un nombre important a d\u00e9j\u00e0 \u00e9t\u00e9 lanc\u00e9 en orbite basse par le programme Starlink d\u2019Elon Musk et d\u2019autres entreprises connexes.<\/span><\/span><\/p>\n<p class=\"western\" align=\"justify\"><span style=\"color: #333333;\"><span style=\"font-size: medium;\">Il est pr\u00e9vu que l\u2019\u00ab\u00a0<\/span><\/span><span style=\"color: #333333;\"><span style=\"font-size: medium;\">esprit<\/span><\/span> <span style=\"color: #333333;\"><span style=\"font-size: medium;\">collectif<\/span><\/span><span style=\"color: #333333;\"><span style=\"font-size: medium;\"> de <\/span><\/span><span style=\"color: #333333;\"><span style=\"font-size: medium;\">l\u2019internet de <\/span><\/span><span style=\"color: #333333;\"><span style=\"font-size: medium;\">tout\u00a0\u00bb fonctionne<\/span><\/span><span style=\"color: #333333;\"><span style=\"font-size: medium;\">ra<\/span><\/span><span style=\"color: #333333;\"><span style=\"font-size: medium;\"> \u00e0 partir de cette grille de micro-ondes CEM \u00e0 faible vibration reli\u00e9e \u00e0 des tours 5G \u2014 et toutes combin\u00e9es pour couvrir toute la surface de la Terre.<\/span><\/span><\/p>\n<p class=\"western\" align=\"justify\"><span style=\"color: #333333;\"><span style=\"font-size: medium;\">Quels que soient les syst\u00e8mes de r\u00e9ception WiFi dont on dispose, ils seront \u00e0 la fois r\u00e9cepteurs et \u00e9metteurs de ce \u00ab\u00a0nuage intelligent\u00a0\u00bb hautement toxique.<\/span><\/span><\/p>\n<p class=\"western\" align=\"justify\"><span style=\"color: #333333;\"><span style=\"font-size: medium;\">En outre, les nanoparticules m\u00e9talliques pr\u00e9sentes dans les op\u00e9rations de chemtrail <\/span><\/span><span style=\"color: #333333;\"><span style=\"font-size: medium;\">(<\/span><\/span><em><span style=\"color: #333333;\"><span style=\"font-family: Times New Roman, serif;\"><span style=\"font-size: medium;\">tra\u00een\u00e9es chimiques) <\/span><\/span><\/span><\/em><span style=\"color: #333333;\"><span style=\"font-size: medium;\">et de modification des conditions m\u00e9t\u00e9orologiques, ainsi que dans les ingr\u00e9dients des \u00ab\u00a0vaccins\u00a0\u00bb, feront des \u00eatres humains des conducteurs\/r\u00e9cepteurs \u00e9nerg\u00e9tiques d\u2019impulsions \u00e9lectroniques. Une cible ouverte pour le contr\u00f4le de l\u2019esprit qui s\u2019\u00e9tend \u00e0 la manipulation des organes du corps physique et \u00e0 la modification <\/span><\/span><em><span style=\"color: #333333;\"><span style=\"font-family: Times New Roman, serif;\"><span style=\"font-size: medium;\">g\u00e9n\u00e9tique<\/span><\/span><\/span><\/em><span style=\"color: #333333;\"><span style=\"font-size: medium;\">.<\/span><\/span><\/p>\n<p class=\"western\" align=\"justify\"><span style=\"color: #333333;\"><span style=\"font-size: medium;\">Toutefois, l\u2019ordre d\u2019importance des mesures \u00e0 prendre pour \u00e9viter de devenir une cible ouverte d\u2019une telle destruction doit commencer par les appareils \u00e9lectroniques bas\u00e9s sur le WiFi que l\u2019on porte sur soi au quotidien.<\/span><\/span><\/p>\n<p class=\"western\" align=\"justify\"><span style=\"color: #333333;\"><span style=\"font-size: medium;\">C\u2019est<\/span><\/span><span style=\"color: #333333;\"><span style=\"font-size: medium;\"> l\u00e0 un obstacle majeur pour la quasi-totalit\u00e9 des d\u00e9tenteurs actuels de t\u00e9l\u00e9phones portables, dont la grande majorit\u00e9 ne peut m\u00eame pas imaginer se d\u00e9tacher de ces outils ultimes de contr\u00f4le.<\/span><\/span><\/p>\n<p class=\"western\" align=\"justify\"><span style=\"color: #333333;\"><span style=\"font-size: medium;\">Il est \u00e0 noter que les t\u00e9l\u00e9phones mobiles sont appel\u00e9s \u00ab\u00a0<\/span><\/span><em><span style=\"color: #333333;\"><span style=\"font-family: Times New Roman, serif;\"><span style=\"font-size: medium;\">t\u00e9l\u00e9phones <\/span><\/span><\/span><\/em><span style=\"color: #333333;\"><span style=\"font-size: medium;\">cellulaires\u00a0\u00bb en Am\u00e9rique \u2014 une description tr\u00e8s appropri\u00e9e.<\/span><\/span><\/p>\n<p class=\"western\" align=\"justify\"><span style=\"color: #333333;\"><span style=\"font-size: medium;\">En fait, il semble qu\u2019il existe une croyance subconsciente, et dans certains cas consciente, selon laquelle ces gadgets sans fil sont un symbole de \u00ab\u00a0progr\u00e8s\u00a0\u00bb pour la race humaine dans son ensemble. Certains, comme les adeptes de Yuval Noah Harari, les consid\u00e8rent comme une technologie divine, un \u00ab\u00a0Deus ex machina\u00a0\u00bb, <\/span><\/span><em><span style=\"color: #333333;\"><span style=\"font-family: Times New Roman, serif;\"><span style=\"font-size: medium;\">rapprochant l\u2019humanit\u00e9<\/span><\/span><\/span><\/em><span style=\"color: #333333;\"><span style=\"font-size: medium;\"> du point om\u00e9ga de la vie elle-m\u00eame.<\/span><\/span><\/p>\n<p class=\"western\" align=\"justify\"><span style=\"color: #333333;\"><span style=\"font-size: medium;\">Alors que tout ce qu\u2019ils font en r\u00e9alit\u00e9 \u2014 <\/span><\/span><em><span style=\"color: #333333;\"><span style=\"font-family: Times New Roman, serif;\"><span style=\"font-size: medium;\">en plus de<\/span><\/span><\/span><\/em><span style=\"color: #333333;\"><span style=\"font-size: medium;\"> changer la disposition g\u00e9n\u00e9tique et cellulaire d\u2019une personne \u2014 c\u2019est l\u2019enfermer encore plus profond\u00e9ment dans l\u2019agenda virtuel \u00e9touffant et sans \u00e2me de la \u00ab\u00a0technologie\u00a0\u00bb. La route de l\u2019enfer.<\/span><\/span><\/p>\n<p class=\"western\" align=\"justify\"><span style=\"color: #333333;\"><span style=\"font-size: medium;\">Et, comme vous le savez certainement maintenant, c\u2019est l\u00e0 que les sombres architectes du contr\u00f4le veulent que nous soyons.<\/span><\/span><\/p>\n<p class=\"western\" align=\"justify\"><span style=\"color: #333333;\"><span style=\"font-size: medium;\">Si l\u2019on pousse assez loin la fascination et la d\u00e9pendance indisciplin\u00e9es \u00e0 l\u2019\u00e9gard de la technologie, on finit par s\u2019y immerger.<\/span><\/span><\/p>\n<p class=\"western\" align=\"justify\"><span style=\"color: #333333;\"><span style=\"font-size: medium;\">\u00ab\u00a0L\u00e0 o\u00f9 l\u2019attention se porte, l\u2019\u00e9nergie circule\u00a0\u00bb n\u2019est pas seulement une jolie petite parabole, c\u2019est une v\u00e9rit\u00e9 d\u2019observation qui a \u00e9t\u00e9 r\u00e9v\u00e9l\u00e9e au monde par les pionniers de la physique quantique.<\/span><\/span><\/p>\n<p class=\"western\" align=\"justify\"><span style=\"color: #333333;\"><span style=\"font-size: medium;\">On pourrait ajouter que l\u00e0 o\u00f9 il y a \u00ab\u00a0inattention\u00a0\u00bb, l\u2019esclavage suit.<\/span><\/span><\/p>\n<p class=\"western\" align=\"justify\"><span style=\"color: #333333;\"><span style=\"font-size: medium;\">Les architectes du contr\u00f4le s\u2019efforcent de r\u00e9duire les \u00eatres vivants, sensibles et \u00e9motionnels \u00e0 des ordinateurs biologiques programm\u00e9s dans la matrice de l\u2019esprit <\/span><\/span><em><span style=\"color: #333333;\"><span style=\"font-family: Times New Roman, serif;\"><span style=\"font-size: medium;\">collectif<\/span><\/span><\/span><\/em><span style=\"color: #333333;\"><span style=\"font-size: medium;\">, et une grande partie de la population se pr\u00e9sente comme une toile vierge pour cette op\u00e9ration.<\/span><\/span><\/p>\n<p class=\"western\" align=\"justify\"><span style=\"color: #333333;\"><span style=\"font-size: medium;\">C\u2019est cet \u00e9tat d\u2019esprit largement inconscient qui doit \u00eatre bris\u00e9 pour que l\u2019humanit\u00e9 puisse s\u2019extraire de la vie dans une prison \u00ab\u00a0intelligente\u00a0\u00bb programm\u00e9e en permanence.<\/span><\/span><\/p>\n<p class=\"western\" align=\"justify\"><span style=\"color: #333333;\"><span style=\"font-size: medium;\">Une vie dans laquelle il ne reste aucune possibilit\u00e9 d\u2019expression cr\u00e9ative spontan\u00e9e et o\u00f9 seules des miettes sont offertes en guise de nourriture pour l\u2019esprit, le corps et l\u2019\u00e2me.<\/span><\/span><\/p>\n<p class=\"western\" align=\"justify\"><span style=\"color: #333333;\"><span style=\"font-size: medium;\">Le pi\u00e8ge a \u00e9t\u00e9 tendu, mais son motif et son ambition finale sont au moins maintenant expos\u00e9s.<\/span><\/span><\/p>\n<p class=\"western\" align=\"justify\"><span style=\"color: #333333;\"><span style=\"font-size: medium;\">Cela signifie que ceux qui peuvent encore agir avec discernement et motivation <\/span><\/span><span style=\"color: #333333;\"><span style=\"font-size: medium;\">du cerveau droit <\/span><\/span><span style=\"color: #333333;\"><span style=\"font-size: medium;\">peuvent prendre les mesures d\u00e9cisives n\u00e9cessaires pour changer leur situation conform\u00e9ment \u00e0 leur intention de ne pas \u00eatre des victimes.<\/span><\/span><\/p>\n<p class=\"western\" align=\"justify\"><span style=\"color: #333333;\"><span style=\"font-size: medium;\">Il y a deux \u00e9tapes cl\u00e9s \u00e0 franchir. L\u2019une est mat\u00e9rielle et l\u2019autre est mentale\/spirituelle.<\/span><\/span><\/p>\n<p class=\"western\" align=\"justify\"><span style=\"color: #333333;\"><span style=\"font-size: medium;\">La premi\u00e8re, mat\u00e9rielle, consiste \u00e0 r\u00e9duire sa vie \u00e0 un mode de vie \u00e9pur\u00e9, simple et essentiellement rudimentaire dans un lieu non urbain o\u00f9 l\u2019on a la possibilit\u00e9 d\u2019exercer un certain contr\u00f4le sur ses besoins fondamentaux.<\/span><\/span><\/p>\n<p class=\"western\" align=\"justify\"><span style=\"color: #333333;\"><span style=\"font-size: medium;\">De l\u2019eau pure, des aliments vivants, de l\u2019air frais (dans la mesure du possible) et un abri raisonnable. Aucun de ces \u00e9l\u00e9ments ne sera enti\u00e8rement non contamin\u00e9, mais ils offriront n\u00e9anmoins les bases d\u2019une existence saine et active, dans le calme relatif d\u2019un paysage encore influenc\u00e9 par les pouvoirs rajeunissants de la nature et les refl\u00e9tant.<\/span><\/span><\/p>\n<p class=\"western\" align=\"justify\"><span style=\"color: #333333;\"><span style=\"font-size: medium;\">Les villes et les grandes agglom\u00e9rations sont les \u00e9picentres privil\u00e9gi\u00e9s du ciblage <\/span><\/span><span style=\"color: #333333;\"><span style=\"font-size: medium;\">par<\/span><\/span><span style=\"color: #333333;\"><span style=\"font-size: medium;\"> fr\u00e9quences \u00e9lectromagn\u00e9tiques et des risques sanitaires environnementaux de faible qualit\u00e9. \u00c9vitez-les si vous le pouvez.<\/span><\/span><\/p>\n<p class=\"western\" align=\"justify\"><span style=\"color: #333333;\"><span style=\"font-size: medium;\">La deuxi\u00e8me \u00e9tape est mentale\/spirituelle. Mais \u00ab\u00a0deuxi\u00e8me\u00a0\u00bb est une description inappropri\u00e9e. Il s\u2019agit d\u2019un besoin qui doit \u00eatre satisfait en m\u00eame temps que le mat\u00e9riel. Le corps, l\u2019\u00e2me et l\u2019esprit ne sont pas des ph\u00e9nom\u00e8nes d\u00e9connect\u00e9s.<\/span><\/span><\/p>\n<p class=\"western\" align=\"justify\"><span style=\"color: #333333;\"><span style=\"font-size: medium;\">Ceux qui souhaitent se lib\u00e9rer des architectes du contr\u00f4le doivent reconna\u00eetre que le monde est sous l\u2019emprise d\u2019un processus d\u00e9moniaque d\u2019endoctrinement de masse qui ne peut \u00eatre v\u00e9ritablement contr\u00e9 que par une attitude psychique (mentale) correctement d\u00e9velopp\u00e9e, associ\u00e9e \u00e0 une \u00e9l\u00e9vation d\u00e9termin\u00e9e des \u00e9nergies spirituelles.<\/span><\/span><\/p>\n<p class=\"western\" align=\"justify\"><span style=\"color: #333333;\"><span style=\"font-size: medium;\">La condition ma\u00e7onnique\/lucif\u00e9rienne insensible et psychopathe survit en se nourrissant des \u00e9nergies n\u00e9gatives \u00e9manant de ceux qu\u2019elle emprisonne. D\u00e9placer son point de focalisation \u00e9nerg\u00e9tique vers la r\u00e9alisation de<\/span><\/span> <span style=\"color: #333333;\"><span style=\"font-family: Times New Roman, serif;\"><span style=\"font-size: medium;\">c<\/span><\/span><\/span><span style=\"color: #333333;\"><span style=\"font-size: medium;\">es pouvoirs sup\u00e9rieurs qui attendent patiemment notre attention de l\u2019autre c\u00f4t\u00e9 du voile \u2014 et nous devenons hors d\u2019atteinte des forces obscures. Hors d\u2019atteinte des attaques de basses vibrations sur sa psych\u00e9.<\/span><\/span><\/p>\n<p class=\"western\" align=\"justify\"><span style=\"color: #333333;\"><span style=\"font-size: medium;\">De plus, on commence \u00e0 ressentir la mont\u00e9e d\u2019un pouvoir que l\u2019on n\u2019aurait jamais cru poss\u00e9der, ou que l\u2019on pensait n\u2019\u00eatre qu\u2019un ph\u00e9nom\u00e8ne ext\u00e9rieur.<\/span><\/span><\/p>\n<p class=\"western\" align=\"justify\"><span style=\"color: #333333;\"><span style=\"font-size: medium;\">Contrairement \u00e0 ce que beaucoup croient, ce sentiment d\u2019\u00e9veil int\u00e9rieur ne progresse pas par l\u2019adoption exclusive d\u2019une forme de contemplation <\/span><\/span><span style=\"color: #333333;\"><span style=\"font-family: Times New Roman, serif;\"><span style=\"font-size: medium;\">repli\u00e9e sur soi<\/span><\/span><\/span><span style=\"color: #333333;\"><span style=\"font-size: medium;\">, mais en sortant dans le monde et en prenant des mesures \u00e9nergiques pour faire face \u00e0 l\u2019injustice et \u00e0 l\u2019oppression. C\u2019est ce qu\u2019on appelle, en termes spirituels, le \u00ab\u00a0service \u00e0 l\u2019humanit\u00e9\u00a0\u00bb.<\/span><\/span><\/p>\n<p class=\"western\" align=\"justify\"><span style=\"color: #333333;\"><span style=\"font-size: medium;\">Ce n\u2019est que lorsque l\u2019on nourrit int\u00e9rieurement son v\u00e9ritable pouvoir et que l\u2019on utilise ce pouvoir pour apporter des changements positifs dans le monde, que la croissance personnelle et l\u2019\u00e9veil prennent de l\u2019ampleur et que l\u2019\u00eatre profond commence \u00e0 s\u2019\u00e9panouir pour devenir une puissante force \u00e9nerg\u00e9tique au service du bien.<\/span><\/span><\/p>\n<p class=\"western\" align=\"justify\"><span style=\"color: #333333;\"><span style=\"font-size: medium;\">Il est essentiel de comprendre que ce n\u2019est qu\u2019en combinant l\u2019\u00e9panouissement int\u00e9rieur (c\u2019est-\u00e0-dire la m\u00e9ditation) et l\u2019action ext\u00e9rieure en faveur de l\u2019am\u00e9lioration sociale, mentale, physique, \u00e9conomique, politique, animale et environnementale de la plan\u00e8te que l\u2019on obtiendra la cl\u00e9 qui ouvrira la porte \u00e0 la m\u00e9tamorphose de notre monde divis\u00e9 et d\u00e9chir\u00e9 par la guerre.<\/span><\/span><\/p>\n<p class=\"western\" align=\"justify\"><span style=\"color: #333333;\"><span style=\"font-size: medium;\">Une v\u00e9ritable dynamique mentale et spirituelle nous permet d\u2019affronter courageusement la r\u00e9alit\u00e9 du monde, avec le d\u00e9sir ardent de transformer les forces de vie stagnantes et d\u00e9grad\u00e9es en fontaines d\u2019\u00e9nergie profond\u00e9ment <\/span><\/span><span style=\"color: #333333;\"><span style=\"font-size: medium;\">stimulan<\/span><\/span><span style=\"color: #333333;\"><span style=\"font-size: medium;\">tes.<\/span><\/span><\/p>\n<p class=\"western\" align=\"justify\"><span style=\"color: #333333;\"><span style=\"font-size: medium;\">Telle est la v\u00e9ritable dynamique humaine. C\u2019est l\u2019\u00e9tat dans lequel nous nous trouvons tous une fois que nous avons compris que nous sommes sur cette terre pour concr\u00e9tiser l\u2019extraordinaire potentiel avec lequel nous sommes n\u00e9s. Ce potentiel est latent dans chacune des treize millions de cellules de notre corps.<\/span><\/span><\/p>\n<p class=\"western\" align=\"justify\"><span style=\"color: #333333;\"><span style=\"font-size: medium;\">Nous sommes sur terre, mais nous venons du cosmos. Nous sommes des \u00e9tincelles universelles du noyau supr\u00eame qui a donn\u00e9 naissance \u00e0 toute vie.<\/span><\/span><\/p>\n<p class=\"western\" align=\"justify\"><span style=\"color: #333333;\"><span style=\"font-size: medium;\">Nous <\/span><\/span><span style=\"color: #333333;\"><span style=\"font-size: medium;\"><i>ne <\/i><\/span><\/span><span style=\"color: #333333;\"><span style=\"font-size: medium;\">sommes <\/span><\/span><span style=\"color: #333333;\"><span style=\"font-size: medium;\"><i>pas <\/i><\/span><\/span><span style=\"color: #333333;\"><span style=\"font-size: medium;\">l\u00e0 pour suivre servilement une quelconque volont\u00e9 de mort <\/span><\/span><span style=\"color: #333333;\"><span style=\"font-size: medium;\">impos\u00e9e<\/span><\/span><span style=\"color: #333333;\"><span style=\"font-size: medium;\"> d\u2019en haut.<\/span><\/span><\/p>\n<p class=\"western\" align=\"justify\"><span style=\"color: #333333;\"><span style=\"font-size: medium;\">C\u2019est seulement parce que nous avons accept\u00e9 l\u2019autorit\u00e9 de ce qui nous trompe en nous faisant croire que nous sommes des mortels inf\u00e9rieurs, <\/span><\/span><span style=\"color: #333333;\"><span style=\"font-family: Times New Roman, serif;\"><span style=\"font-size: medium;\">dignes seulement d\u2019un<\/span><\/span><\/span><span style=\"color: #333333;\"><span style=\"font-size: medium;\"> camp de prisonniers tridimensionnel, qu\u2019une grande victoire de la vie sur la mort reste encore une chim\u00e8re.<\/span><\/span><\/p>\n<p class=\"western\" align=\"justify\"><span style=\"color: #333333;\"><span style=\"font-size: medium;\">Il est plus que temps de se lib\u00e9rer. \u00catre la victime endoctrin\u00e9e d\u2019une illusion n\u2019est pas une fa\u00e7on de passer notre br\u00e8ve manifestation sur la plan\u00e8te Terre.<\/span><\/span><\/p>\n<p class=\"western\" align=\"justify\"><span style=\"color: #333333;\"><span style=\"font-size: medium;\">Il y a du travail \u00e0 faire \u2014 beaucoup de travail \u2014 et le besoin d\u2019accomplir ce travail est le message le plus insistant de notre <\/span><\/span><span style=\"color: #333333;\"><span style=\"font-size: medium;\">appel<\/span><\/span><span style=\"color: #333333;\"><span style=\"font-size: medium;\"> l<\/span><\/span><span style=\"color: #333333;\"><span style=\"font-size: medium;\">e<\/span><\/span><span style=\"color: #333333;\"><span style=\"font-size: medium;\"> plus profond. Nous l\u2019ignorons \u00e0 nos risques et p\u00e9rils.<\/span><\/span><\/p>\n<p class=\"western\" align=\"justify\"><span style=\"color: #333333;\"><span style=\"font-size: medium;\">En r\u00e9pondant \u00e0 l\u2019appel \u00e0 l\u2019action, nous mettons en marche la r\u00e9alisation de notre \u00e9mancipation individuelle et collective \u2014 et celle de tous les \u00eatres vivants avec lesquels nous partageons cette plan\u00e8te.<\/span><\/span><\/p>\n<p class=\"western\" align=\"justify\"><span style=\"color: #333333;\"><span style=\"font-size: medium;\">Alors, allez-y \u2014 imm\u00e9diatement \u2014 et ne regardez jamais en arri\u00e8re.<\/span><\/span><\/p>\n<p class=\"western\" align=\"justify\"><em><span style=\"color: #333333;\"><span style=\"font-size: medium;\">Julian Rose est un pionnier de l\u2019agriculture biologique au Royaume-Uni, \u00e9crivain, communicateur et activiste international. Il est l\u2019auteur de l\u2019ouvrage tr\u00e8s remarqu\u00e9 \u00ab\u00a0<\/span><\/span><\/em><em><span style=\"color: #333333;\"><span style=\"font-size: medium;\"><i>Overcoming the Robotic Mind<\/i><\/span><\/span><\/em><em><span style=\"color: #333333;\"><span style=\"font-size: medium;\">\u00a0\u00bb (vaincre l\u2019esprit robotique). Visitez son site web <\/span><\/span><\/em><span style=\"color: #000080;\"><a href=\"http:\/\/www.julianrose.info\/\" target=\"_blank\" rel=\"noopener\"><span style=\"color: #cc9900;\"><span style=\"font-size: medium;\">www.julianrose.info<\/span><\/span><\/a><\/span><em><span style=\"color: #333333;\"><span style=\"font-size: medium;\"> pour plus d\u2019informations.<\/span><\/span><\/em><\/p>\n<p class=\"western\" align=\"justify\"><span style=\"font-size: medium;\">Texte original\u00a0: <\/span><span style=\"color: #000080;\"><u><a href=\"https:\/\/21stcenturywire.com\/2024\/10\/11\/a-i-and-the-mind-controlled-road-to-hell\/\" target=\"_blank\" rel=\"noopener\"><span style=\"font-size: medium;\">https:\/\/21stcenturywire.com\/2024\/10\/11\/a-i-and-the-mind-controlled-road-to-hell\/<\/span><\/a><\/u><\/span><\/p>\n","protected":false},"excerpt":{"rendered":"<p>11\u00a0octobre 2024 Les partisans d\u2019un avenir transhumaniste fond\u00e9 sur l\u2019IA forment une secte d\u00e9moniaque cliniquement folle et hostile \u00e0 la vie. En gardant cela \u00e0 l\u2019esprit, posez-vous la question suivante\u00a0: ai-je encore envie de faire affaire avec eux\u00a0? Si la r\u00e9ponse est \u00ab\u00a0non\u00a0\u00bb, prenez imm\u00e9diatement des mesures pour adopter un style de vie aussi diam\u00e9tralement [&hellip;]<\/p>\n","protected":false},"author":2,"featured_media":19427,"comment_status":"closed","ping_status":"closed","sticky":false,"template":"","format":"standard","meta":{"footnotes":""},"categories":[1786],"tags":[1411,1529,1536,1647],"class_list":["post-20244","post","type-post","status-publish","format-standard","has-post-thumbnail","hentry","category-rose-julian","tag-controle","tag-resistance","tag-technologie","tag-totalitarisme"],"yoast_head":"<!-- This site is optimized with the Yoast SEO plugin v27.0 - https:\/\/yoast.com\/product\/yoast-seo-wordpress\/ -->\n<title>L\u2019Intelligence Artificielle et la route de l\u2019enfer de l\u2019esprit contr\u00f4l\u00e9 par Julian Rose - 3e mill\u00e9naire - Spiritualit\u00e9 - Connaissance de soi - Non-dualit\u00e9 - M\u00e9ditation<\/title>\n<meta name=\"robots\" content=\"index, follow, max-snippet:-1, max-image-preview:large, max-video-preview:-1\" \/>\n<link rel=\"canonical\" href=\"https:\/\/www.revue3emillenaire.com\/blog\/lintelligence-artificielle-et-la-route-de-lenfer-de-lesprit-controle-par-julian-rose\/\" \/>\n<meta property=\"og:locale\" content=\"fr_FR\" \/>\n<meta property=\"og:type\" content=\"article\" \/>\n<meta property=\"og:title\" content=\"L\u2019Intelligence Artificielle et la route de l\u2019enfer de l\u2019esprit contr\u00f4l\u00e9 par Julian Rose - 3e mill\u00e9naire - Spiritualit\u00e9 - Connaissance de soi - Non-dualit\u00e9 - M\u00e9ditation\" \/>\n<meta property=\"og:description\" content=\"11\u00a0octobre 2024 Les partisans d\u2019un avenir transhumaniste fond\u00e9 sur l\u2019IA forment une secte d\u00e9moniaque cliniquement folle et hostile \u00e0 la vie. En gardant cela \u00e0 l\u2019esprit, posez-vous la question suivante\u00a0: ai-je encore envie de faire affaire avec eux\u00a0? Si la r\u00e9ponse est \u00ab\u00a0non\u00a0\u00bb, prenez imm\u00e9diatement des mesures pour adopter un style de vie aussi diam\u00e9tralement [&hellip;]\" \/>\n<meta property=\"og:url\" content=\"https:\/\/www.revue3emillenaire.com\/blog\/lintelligence-artificielle-et-la-route-de-lenfer-de-lesprit-controle-par-julian-rose\/\" \/>\n<meta property=\"og:site_name\" content=\"3e mill\u00e9naire - Spiritualit\u00e9 - Connaissance de soi - Non-dualit\u00e9 - M\u00e9ditation\" \/>\n<meta property=\"article:published_time\" content=\"2024-10-11T17:24:37+00:00\" \/>\n<meta property=\"og:image\" content=\"https:\/\/www.revue3emillenaire.com\/blog\/wp-content\/uploads\/2023\/07\/Julian-Rose.jpg\" \/>\n\t<meta property=\"og:image:width\" content=\"200\" \/>\n\t<meta property=\"og:image:height\" content=\"182\" \/>\n\t<meta property=\"og:image:type\" content=\"image\/jpeg\" \/>\n<meta name=\"author\" content=\"3e mill\u00e9naire\" \/>\n<meta name=\"twitter:card\" content=\"summary_large_image\" \/>\n<meta name=\"twitter:label1\" content=\"\u00c9crit par\" \/>\n\t<meta name=\"twitter:data1\" content=\"3e mill\u00e9naire\" \/>\n\t<meta name=\"twitter:label2\" content=\"Dur\u00e9e de lecture estim\u00e9e\" \/>\n\t<meta name=\"twitter:data2\" content=\"10 minutes\" \/>\n<script type=\"application\/ld+json\" class=\"yoast-schema-graph\">{\"@context\":\"https:\/\/schema.org\",\"@graph\":[{\"@type\":\"Article\",\"@id\":\"https:\/\/www.revue3emillenaire.com\/blog\/lintelligence-artificielle-et-la-route-de-lenfer-de-lesprit-controle-par-julian-rose\/#article\",\"isPartOf\":{\"@id\":\"https:\/\/www.revue3emillenaire.com\/blog\/lintelligence-artificielle-et-la-route-de-lenfer-de-lesprit-controle-par-julian-rose\/\"},\"author\":{\"name\":\"3e mill\u00e9naire\",\"@id\":\"https:\/\/www.revue3emillenaire.com\/blog\/#\/schema\/person\/b692dacff720a5344a6190bc714397eb\"},\"headline\":\"L\u2019Intelligence Artificielle et la route de l\u2019enfer de l\u2019esprit contr\u00f4l\u00e9 par Julian Rose\",\"datePublished\":\"2024-10-11T17:24:37+00:00\",\"mainEntityOfPage\":{\"@id\":\"https:\/\/www.revue3emillenaire.com\/blog\/lintelligence-artificielle-et-la-route-de-lenfer-de-lesprit-controle-par-julian-rose\/\"},\"wordCount\":2201,\"image\":{\"@id\":\"https:\/\/www.revue3emillenaire.com\/blog\/lintelligence-artificielle-et-la-route-de-lenfer-de-lesprit-controle-par-julian-rose\/#primaryimage\"},\"thumbnailUrl\":\"https:\/\/www.revue3emillenaire.com\/blog\/wp-content\/uploads\/2023\/07\/Julian-Rose.jpg\",\"keywords\":[\"Contr\u00f4le\",\"R\u00e9sistance\",\"Technologie\",\"Totalitarisme\"],\"articleSection\":[\"Rose Julian\"],\"inLanguage\":\"fr-FR\"},{\"@type\":\"WebPage\",\"@id\":\"https:\/\/www.revue3emillenaire.com\/blog\/lintelligence-artificielle-et-la-route-de-lenfer-de-lesprit-controle-par-julian-rose\/\",\"url\":\"https:\/\/www.revue3emillenaire.com\/blog\/lintelligence-artificielle-et-la-route-de-lenfer-de-lesprit-controle-par-julian-rose\/\",\"name\":\"L\u2019Intelligence Artificielle et la route de l\u2019enfer de l\u2019esprit contr\u00f4l\u00e9 par Julian Rose - 3e mill\u00e9naire - Spiritualit\u00e9 - Connaissance de soi - Non-dualit\u00e9 - M\u00e9ditation\",\"isPartOf\":{\"@id\":\"https:\/\/www.revue3emillenaire.com\/blog\/#website\"},\"primaryImageOfPage\":{\"@id\":\"https:\/\/www.revue3emillenaire.com\/blog\/lintelligence-artificielle-et-la-route-de-lenfer-de-lesprit-controle-par-julian-rose\/#primaryimage\"},\"image\":{\"@id\":\"https:\/\/www.revue3emillenaire.com\/blog\/lintelligence-artificielle-et-la-route-de-lenfer-de-lesprit-controle-par-julian-rose\/#primaryimage\"},\"thumbnailUrl\":\"https:\/\/www.revue3emillenaire.com\/blog\/wp-content\/uploads\/2023\/07\/Julian-Rose.jpg\",\"datePublished\":\"2024-10-11T17:24:37+00:00\",\"author\":{\"@id\":\"https:\/\/www.revue3emillenaire.com\/blog\/#\/schema\/person\/b692dacff720a5344a6190bc714397eb\"},\"breadcrumb\":{\"@id\":\"https:\/\/www.revue3emillenaire.com\/blog\/lintelligence-artificielle-et-la-route-de-lenfer-de-lesprit-controle-par-julian-rose\/#breadcrumb\"},\"inLanguage\":\"fr-FR\",\"potentialAction\":[{\"@type\":\"ReadAction\",\"target\":[\"https:\/\/www.revue3emillenaire.com\/blog\/lintelligence-artificielle-et-la-route-de-lenfer-de-lesprit-controle-par-julian-rose\/\"]}]},{\"@type\":\"ImageObject\",\"inLanguage\":\"fr-FR\",\"@id\":\"https:\/\/www.revue3emillenaire.com\/blog\/lintelligence-artificielle-et-la-route-de-lenfer-de-lesprit-controle-par-julian-rose\/#primaryimage\",\"url\":\"https:\/\/www.revue3emillenaire.com\/blog\/wp-content\/uploads\/2023\/07\/Julian-Rose.jpg\",\"contentUrl\":\"https:\/\/www.revue3emillenaire.com\/blog\/wp-content\/uploads\/2023\/07\/Julian-Rose.jpg\",\"width\":200,\"height\":182},{\"@type\":\"BreadcrumbList\",\"@id\":\"https:\/\/www.revue3emillenaire.com\/blog\/lintelligence-artificielle-et-la-route-de-lenfer-de-lesprit-controle-par-julian-rose\/#breadcrumb\",\"itemListElement\":[{\"@type\":\"ListItem\",\"position\":1,\"name\":\"Accueil\",\"item\":\"https:\/\/www.revue3emillenaire.com\/blog\/\"},{\"@type\":\"ListItem\",\"position\":2,\"name\":\"L\u2019Intelligence Artificielle et la route de l\u2019enfer de l\u2019esprit contr\u00f4l\u00e9 par Julian Rose\"}]},{\"@type\":\"WebSite\",\"@id\":\"https:\/\/www.revue3emillenaire.com\/blog\/#website\",\"url\":\"https:\/\/www.revue3emillenaire.com\/blog\/\",\"name\":\"3e mill\u00e9naire - Spiritualit\u00e9 - Connaissance de soi - Non-dualit\u00e9 - M\u00e9ditation\",\"description\":\"L&#039;Homme en devenir\",\"potentialAction\":[{\"@type\":\"SearchAction\",\"target\":{\"@type\":\"EntryPoint\",\"urlTemplate\":\"https:\/\/www.revue3emillenaire.com\/blog\/?s={search_term_string}\"},\"query-input\":{\"@type\":\"PropertyValueSpecification\",\"valueRequired\":true,\"valueName\":\"search_term_string\"}}],\"inLanguage\":\"fr-FR\"},{\"@type\":\"Person\",\"@id\":\"https:\/\/www.revue3emillenaire.com\/blog\/#\/schema\/person\/b692dacff720a5344a6190bc714397eb\",\"name\":\"3e mill\u00e9naire\",\"url\":\"https:\/\/www.revue3emillenaire.com\/blog\/author\/scoussa\/\"}]}<\/script>\n<!-- \/ Yoast SEO plugin. -->","yoast_head_json":{"title":"L\u2019Intelligence Artificielle et la route de l\u2019enfer de l\u2019esprit contr\u00f4l\u00e9 par Julian Rose - 3e mill\u00e9naire - Spiritualit\u00e9 - Connaissance de soi - Non-dualit\u00e9 - M\u00e9ditation","robots":{"index":"index","follow":"follow","max-snippet":"max-snippet:-1","max-image-preview":"max-image-preview:large","max-video-preview":"max-video-preview:-1"},"canonical":"https:\/\/www.revue3emillenaire.com\/blog\/lintelligence-artificielle-et-la-route-de-lenfer-de-lesprit-controle-par-julian-rose\/","og_locale":"fr_FR","og_type":"article","og_title":"L\u2019Intelligence Artificielle et la route de l\u2019enfer de l\u2019esprit contr\u00f4l\u00e9 par Julian Rose - 3e mill\u00e9naire - Spiritualit\u00e9 - Connaissance de soi - Non-dualit\u00e9 - M\u00e9ditation","og_description":"11\u00a0octobre 2024 Les partisans d\u2019un avenir transhumaniste fond\u00e9 sur l\u2019IA forment une secte d\u00e9moniaque cliniquement folle et hostile \u00e0 la vie. En gardant cela \u00e0 l\u2019esprit, posez-vous la question suivante\u00a0: ai-je encore envie de faire affaire avec eux\u00a0? Si la r\u00e9ponse est \u00ab\u00a0non\u00a0\u00bb, prenez imm\u00e9diatement des mesures pour adopter un style de vie aussi diam\u00e9tralement [&hellip;]","og_url":"https:\/\/www.revue3emillenaire.com\/blog\/lintelligence-artificielle-et-la-route-de-lenfer-de-lesprit-controle-par-julian-rose\/","og_site_name":"3e mill\u00e9naire - Spiritualit\u00e9 - Connaissance de soi - Non-dualit\u00e9 - M\u00e9ditation","article_published_time":"2024-10-11T17:24:37+00:00","og_image":[{"width":200,"height":182,"url":"https:\/\/www.revue3emillenaire.com\/blog\/wp-content\/uploads\/2023\/07\/Julian-Rose.jpg","type":"image\/jpeg"}],"author":"3e mill\u00e9naire","twitter_card":"summary_large_image","twitter_misc":{"\u00c9crit par":"3e mill\u00e9naire","Dur\u00e9e de lecture estim\u00e9e":"10 minutes"},"schema":{"@context":"https:\/\/schema.org","@graph":[{"@type":"Article","@id":"https:\/\/www.revue3emillenaire.com\/blog\/lintelligence-artificielle-et-la-route-de-lenfer-de-lesprit-controle-par-julian-rose\/#article","isPartOf":{"@id":"https:\/\/www.revue3emillenaire.com\/blog\/lintelligence-artificielle-et-la-route-de-lenfer-de-lesprit-controle-par-julian-rose\/"},"author":{"name":"3e mill\u00e9naire","@id":"https:\/\/www.revue3emillenaire.com\/blog\/#\/schema\/person\/b692dacff720a5344a6190bc714397eb"},"headline":"L\u2019Intelligence Artificielle et la route de l\u2019enfer de l\u2019esprit contr\u00f4l\u00e9 par Julian Rose","datePublished":"2024-10-11T17:24:37+00:00","mainEntityOfPage":{"@id":"https:\/\/www.revue3emillenaire.com\/blog\/lintelligence-artificielle-et-la-route-de-lenfer-de-lesprit-controle-par-julian-rose\/"},"wordCount":2201,"image":{"@id":"https:\/\/www.revue3emillenaire.com\/blog\/lintelligence-artificielle-et-la-route-de-lenfer-de-lesprit-controle-par-julian-rose\/#primaryimage"},"thumbnailUrl":"https:\/\/www.revue3emillenaire.com\/blog\/wp-content\/uploads\/2023\/07\/Julian-Rose.jpg","keywords":["Contr\u00f4le","R\u00e9sistance","Technologie","Totalitarisme"],"articleSection":["Rose Julian"],"inLanguage":"fr-FR"},{"@type":"WebPage","@id":"https:\/\/www.revue3emillenaire.com\/blog\/lintelligence-artificielle-et-la-route-de-lenfer-de-lesprit-controle-par-julian-rose\/","url":"https:\/\/www.revue3emillenaire.com\/blog\/lintelligence-artificielle-et-la-route-de-lenfer-de-lesprit-controle-par-julian-rose\/","name":"L\u2019Intelligence Artificielle et la route de l\u2019enfer de l\u2019esprit contr\u00f4l\u00e9 par Julian Rose - 3e mill\u00e9naire - Spiritualit\u00e9 - Connaissance de soi - Non-dualit\u00e9 - M\u00e9ditation","isPartOf":{"@id":"https:\/\/www.revue3emillenaire.com\/blog\/#website"},"primaryImageOfPage":{"@id":"https:\/\/www.revue3emillenaire.com\/blog\/lintelligence-artificielle-et-la-route-de-lenfer-de-lesprit-controle-par-julian-rose\/#primaryimage"},"image":{"@id":"https:\/\/www.revue3emillenaire.com\/blog\/lintelligence-artificielle-et-la-route-de-lenfer-de-lesprit-controle-par-julian-rose\/#primaryimage"},"thumbnailUrl":"https:\/\/www.revue3emillenaire.com\/blog\/wp-content\/uploads\/2023\/07\/Julian-Rose.jpg","datePublished":"2024-10-11T17:24:37+00:00","author":{"@id":"https:\/\/www.revue3emillenaire.com\/blog\/#\/schema\/person\/b692dacff720a5344a6190bc714397eb"},"breadcrumb":{"@id":"https:\/\/www.revue3emillenaire.com\/blog\/lintelligence-artificielle-et-la-route-de-lenfer-de-lesprit-controle-par-julian-rose\/#breadcrumb"},"inLanguage":"fr-FR","potentialAction":[{"@type":"ReadAction","target":["https:\/\/www.revue3emillenaire.com\/blog\/lintelligence-artificielle-et-la-route-de-lenfer-de-lesprit-controle-par-julian-rose\/"]}]},{"@type":"ImageObject","inLanguage":"fr-FR","@id":"https:\/\/www.revue3emillenaire.com\/blog\/lintelligence-artificielle-et-la-route-de-lenfer-de-lesprit-controle-par-julian-rose\/#primaryimage","url":"https:\/\/www.revue3emillenaire.com\/blog\/wp-content\/uploads\/2023\/07\/Julian-Rose.jpg","contentUrl":"https:\/\/www.revue3emillenaire.com\/blog\/wp-content\/uploads\/2023\/07\/Julian-Rose.jpg","width":200,"height":182},{"@type":"BreadcrumbList","@id":"https:\/\/www.revue3emillenaire.com\/blog\/lintelligence-artificielle-et-la-route-de-lenfer-de-lesprit-controle-par-julian-rose\/#breadcrumb","itemListElement":[{"@type":"ListItem","position":1,"name":"Accueil","item":"https:\/\/www.revue3emillenaire.com\/blog\/"},{"@type":"ListItem","position":2,"name":"L\u2019Intelligence Artificielle et la route de l\u2019enfer de l\u2019esprit contr\u00f4l\u00e9 par Julian Rose"}]},{"@type":"WebSite","@id":"https:\/\/www.revue3emillenaire.com\/blog\/#website","url":"https:\/\/www.revue3emillenaire.com\/blog\/","name":"3e mill\u00e9naire - Spiritualit\u00e9 - Connaissance de soi - Non-dualit\u00e9 - M\u00e9ditation","description":"L&#039;Homme en devenir","potentialAction":[{"@type":"SearchAction","target":{"@type":"EntryPoint","urlTemplate":"https:\/\/www.revue3emillenaire.com\/blog\/?s={search_term_string}"},"query-input":{"@type":"PropertyValueSpecification","valueRequired":true,"valueName":"search_term_string"}}],"inLanguage":"fr-FR"},{"@type":"Person","@id":"https:\/\/www.revue3emillenaire.com\/blog\/#\/schema\/person\/b692dacff720a5344a6190bc714397eb","name":"3e mill\u00e9naire","url":"https:\/\/www.revue3emillenaire.com\/blog\/author\/scoussa\/"}]}},"_links":{"self":[{"href":"https:\/\/www.revue3emillenaire.com\/blog\/wp-json\/wp\/v2\/posts\/20244","targetHints":{"allow":["GET"]}}],"collection":[{"href":"https:\/\/www.revue3emillenaire.com\/blog\/wp-json\/wp\/v2\/posts"}],"about":[{"href":"https:\/\/www.revue3emillenaire.com\/blog\/wp-json\/wp\/v2\/types\/post"}],"author":[{"embeddable":true,"href":"https:\/\/www.revue3emillenaire.com\/blog\/wp-json\/wp\/v2\/users\/2"}],"replies":[{"embeddable":true,"href":"https:\/\/www.revue3emillenaire.com\/blog\/wp-json\/wp\/v2\/comments?post=20244"}],"version-history":[{"count":0,"href":"https:\/\/www.revue3emillenaire.com\/blog\/wp-json\/wp\/v2\/posts\/20244\/revisions"}],"wp:featuredmedia":[{"embeddable":true,"href":"https:\/\/www.revue3emillenaire.com\/blog\/wp-json\/wp\/v2\/media\/19427"}],"wp:attachment":[{"href":"https:\/\/www.revue3emillenaire.com\/blog\/wp-json\/wp\/v2\/media?parent=20244"}],"wp:term":[{"taxonomy":"category","embeddable":true,"href":"https:\/\/www.revue3emillenaire.com\/blog\/wp-json\/wp\/v2\/categories?post=20244"},{"taxonomy":"post_tag","embeddable":true,"href":"https:\/\/www.revue3emillenaire.com\/blog\/wp-json\/wp\/v2\/tags?post=20244"}],"curies":[{"name":"wp","href":"https:\/\/api.w.org\/{rel}","templated":true}]}}