{"id":20250,"date":"2024-10-17T02:19:54","date_gmt":"2024-10-17T01:19:54","guid":{"rendered":"https:\/\/www.revue3emillenaire.com\/blog\/?p=20250"},"modified":"2024-10-17T02:19:54","modified_gmt":"2024-10-17T01:19:54","slug":"les-racines-psychologiques-de-lautoritarisme-par-gabor-mate","status":"publish","type":"post","link":"https:\/\/www.revue3emillenaire.com\/blog\/les-racines-psychologiques-de-lautoritarisme-par-gabor-mate\/","title":{"rendered":"Les racines psychologiques de l\u2019autoritarisme par Gabor Mat\u00e9"},"content":{"rendered":"<p class=\"western\" align=\"center\"><span style=\"font-size: large;\"><b>Nous avons tous un nazi en nous. Nous devons comprendre les racines psychologiques de l\u2019autoritarisme.<\/b><\/span><\/p>\n<p class=\"western\" align=\"justify\"><i>Des \u00e9tudes de neuro-imagerie ont montr\u00e9 que l\u2019amygdale, la petite structure c\u00e9r\u00e9brale en forme d\u2019amande qui g\u00e8re la peur, est plus grande chez les personnes ayant des opinions plus \u00e0 droite.<\/i><\/p>\n<p class=\"western\" align=\"justify\">\u00ab\u00a0Toute tentative de comprendre l\u2019attraction qu\u2019exerce le fascisme sur de grandes nations nous oblige \u00e0 reconna\u00eetre le r\u00f4le des facteurs psychologiques\u00a0\u00bb, affirmait en 1941 le psychosociologue juif allemand Erich Fromm. Ces facteurs ne sont pas sp\u00e9cifiquement allemands ou, disons, italiens, et ne sont pas non plus les manifestations d\u2019une \u00e9poque historique unique, qui appartient d\u00e9sormais \u00e0 un pass\u00e9 lointain. Non seulement les climats politiques, \u00e9conomiques et id\u00e9ologiques malveillants n\u00e9cessaires \u00e0 l\u2019\u00e9panouissement du fascisme peuvent se d\u00e9velopper n\u2019importe o\u00f9, mais sa dynamique \u00e9motionnelle est \u00e9galement pr\u00e9sente dans la psych\u00e9 de la plupart des \u00eatres humains.<\/p>\n<p class=\"western\" align=\"justify\">\u00ab\u00a0Nous avons tous un nazi en nous\u00a0\u00bb, a \u00e9crit Edith Eger, survivante d\u2019Auschwitz, ce qui, selon moi, renvoie \u00e0 une r\u00e9alit\u00e9 quasi universelle. Beaucoup d\u2019entre nous portent en eux les germes de la haine, de la rage, de la peur, du narcissisme et du m\u00e9pris des autres qui, dans leurs formes les plus virulentes et les plus extr\u00eames, sont les courants \u00e9motionnels dominants dont la confluence peut alimenter le torrent destructeur que nous appelons fascisme, pour peu qu\u2019on le provoque ou qu\u2019on l\u2019encourage suffisamment.<\/p>\n<p class=\"western\" align=\"justify\">Raison de plus pour comprendre les sources psychiques de ces tendances, dont le fondement et la nature peuvent \u00eatre exprim\u00e9s en un mot\u00a0: le traumatisme. Dans le cas du fascisme, un traumatisme grave.<\/p>\n<p class=\"western\" align=\"justify\">Personne ne na\u00eet avec une haine enrag\u00e9e, une rage incontr\u00f4l\u00e9e, une peur existentielle ou un m\u00e9pris froid ancr\u00e9s en permanence dans son esprit ou son c\u0153ur. Ces \u00e9motions fulgurantes, lorsqu\u2019elles sont chroniques, sont des r\u00e9ponses \u00e0 des souffrances insupportables endur\u00e9es \u00e0 un moment de grande vuln\u00e9rabilit\u00e9, d\u2019impuissance et de menace sans r\u00e9pit, c\u2019est-\u00e0-dire dans la petite enfance.<\/p>\n<p class=\"western\" align=\"justify\">Le nourrisson humain entre dans le monde avec l\u2019attente implicite d\u2019\u00eatre tenu en toute s\u00e9curit\u00e9, vu, entendu, prot\u00e9g\u00e9 physiquement et nourri \u00e9motionnellement, ses sentiments \u00e9tant accueillis, reconnus, valid\u00e9s et refl\u00e9t\u00e9s. Dans un tel \u00ab\u00a0nid \u00e9volu\u00e9\u00a0\u00bb, pour reprendre l\u2019expression pertinente de la psychologue Darcia Narvaez, nous d\u00e9veloppons et maintenons une forte connexion avec nous-m\u00eames, une confiance profond\u00e9ment enracin\u00e9e dans ce que nous sommes, une confiance dans la bont\u00e9 inn\u00e9e pr\u00e9sente dans le monde et une ouverture \u00e0 l\u2019amour en nous-m\u00eames, comme \u00e0 l\u2019ext\u00e9rieur. Le traumatisme repr\u00e9sente une rupture avec ces inclinations saines, dans les cas extr\u00eames, un d\u00e9ni d\u00e9fensif de ces inclinations, jug\u00e9es trop vuln\u00e9rables pour \u00eatre support\u00e9es. Et c\u2019est essentiellement ce que le fascisme est sur le plan \u00e9motionnel\u00a0: une fuite d\u00e9sesp\u00e9r\u00e9e face \u00e0 la vuln\u00e9rabilit\u00e9.<\/p>\n<p class=\"western\" align=\"justify\"><i><b>Le d\u00e9veloppement des circuits c\u00e9r\u00e9braux est influenc\u00e9 de mani\u00e8re d\u00e9cisive par l\u2019environnement \u00e9motionnel de l\u2019enfant au cours des premi\u00e8res ann\u00e9es de sa vie.<\/b><\/i><\/p>\n<p class=\"western\" align=\"justify\">-&gt;Si l\u2019on observe l\u2019affreux demi-dieu du fascisme, Adolf Hitler, ou sa caricature actuelle, Donald Trump, qui lui est souvent compar\u00e9 \u2014 y compris, il y a quelques ann\u00e9es, par son actuel colistier \u00e0 la vice-pr\u00e9sidence, JD Vance \u2014, nous trouvons de nombreuses similitudes caract\u00e9ristiques remarquables\u00a0: mensonge autohypnotique implacable, m\u00e9fiance frisant la parano\u00efa, opportunisme sournois, une grande cruaut\u00e9, une grandiosit\u00e9 sans limites, une impulsivit\u00e9 d\u00e9mesur\u00e9e, un m\u00e9pris \u00e9crasant pour les plus faibles.<\/p>\n<p class=\"western\" align=\"justify\">Tous deux ont grandi dans des foyers dirig\u00e9s par des p\u00e8res violents, avec des m\u00e8res impuissantes \u00e0 d\u00e9fendre leurs enfants. Dans le cas d\u2019Hitler, l\u2019enfant brillant et sensible a subi une violence impitoyable. Donald Trump a \u00e9t\u00e9 soumis \u00e0 la dictature \u00e9motionnelle impitoyable d\u2019un p\u00e8re, Fred Sr, que Mary, la ni\u00e8ce psychologue de Donald, d\u00e9crit comme un \u00ab\u00a0sociopathe\u00a0\u00bb. \u00ab\u00a0Donald Trump est un cas d\u2019\u00e9cole de traumatisme\u00a0\u00bb, m\u2019a dit l\u2019\u00e9minent psychiatre, sp\u00e9cialis\u00e9 dans les traumatismes, Bessel Van der\u00a0Kolk.<\/p>\n<p class=\"western\" align=\"justify\">Dans les deux cas, la rage et la haine repr\u00e9sentent des \u00e9ruptions des \u00e9motions interdites et donc r\u00e9prim\u00e9es de l\u2019enfance et les compensations d\u2019une psych\u00e9 r\u00e9duite \u00e0 l\u2019insignifiance. \u00c0 son tour, comme l\u2019\u00e9crit le biographe Volker Ullrich\u00a0: \u00ab\u00a0Hitler\u2026 a donn\u00e9 le signal d\u00e9cisif pour que les Allemands donnent libre cours \u00e0 leur haine et \u00e0 leurs d\u00e9sirs destructeurs\u00a0\u00bb. Il s\u2019est adress\u00e9 aux masses de sa nation qui se sentaient elles aussi menac\u00e9es et insignifiantes et leur a promis de les racheter \u2014 de les \u00ab\u00a0rendre \u00e0 nouveau grandes\u00a0\u00bb, pour ainsi dire.<\/p>\n<p class=\"western\" align=\"justify\">\u00ab\u00a0Ce qu\u2019ils veulent\u00a0\u00bb, \u00e9crivait-il, \u00ab\u00a0c\u2019est la victoire du plus fort et l\u2019an\u00e9antissement ou la capitulation inconditionnelle du plus faible\u00a0\u00bb. Cette volont\u00e9 fasciste de domination est le rejet inconscient de la vuln\u00e9rabilit\u00e9 du petit enfant et une identification d\u00e9fensive au pouvoir inattaquable du p\u00e8re violent.<\/p>\n<p class=\"western\" align=\"justify\">Qu\u2019est-ce qui attire les gens vers de tels leaders\u00a0? Sur le plan socio-\u00e9conomique, leur propre sentiment d\u2019exclusion, de dislocation, de griefs, de marginalisation, de perte de place et de sens. Sur le plan \u00e9motionnel et psychologique, une absence de confiance en soi induite par un traumatisme et le besoin de se soumettre \u00e0 la protection d\u2019une personne per\u00e7ue comme \u00ab\u00a0forte\u00a0\u00bb.<\/p>\n<p class=\"western\" align=\"justify\">\u00c0 cela s\u2019ajoute un besoin imp\u00e9rieux de fuir ses responsabilit\u00e9s en rejetant la faute sur un \u00ab\u00a0autre\u00a0\u00bb vuln\u00e9rable, mais per\u00e7u comme une vermine mena\u00e7ante \u2014 un juif, un musulman, un hispanique ou un slave, par exemple \u2014 qui sert de cible \u00e0 son hostilit\u00e9 inv\u00e9t\u00e9r\u00e9e, dont les v\u00e9ritables sources se trouvent dans l\u2019inconscient infantile profond.<\/p>\n<p class=\"western\" align=\"justify\">Le psychologue am\u00e9ricain Michael Milburn a \u00e9tudi\u00e9 les ant\u00e9c\u00e9dents infantiles de la rigidit\u00e9 id\u00e9ologique de la droite [<a class=\"sdfootnoteanc\" href=\"#sdfootnote1sym\" name=\"sdfootnote1anc\"><sup>1<\/sup><\/a>]. Ses recherches confirment que plus l\u2019atmosph\u00e8re parentale \u00e0 laquelle les enfants ont \u00e9t\u00e9 expos\u00e9s est dure, plus ils sont enclins \u00e0 soutenir des politiques autoritaires ou agressives, telles que les guerres \u00e0 l\u2019\u00e9tranger, les lois punitives et la peine de mort.<\/p>\n<p class=\"western\" align=\"justify\">\u00ab\u00a0Nous avons utilis\u00e9 les ch\u00e2timents physiques subis pendant l\u2019enfance comme indicateur d\u2019un environnement familial dysfonctionnel\u00a0\u00bb, a d\u00e9clar\u00e9 Milburn. \u00ab\u00a0Nous avons constat\u00e9 un soutien nettement plus important \u00e0 la peine capitale, \u00e0 l\u2019opposition \u00e0 l\u2019avortement et \u00e0 l\u2019utilisation de la force militaire, en particulier chez les hommes qui avaient subi des niveaux \u00e9lev\u00e9s de ch\u00e2timent physique, surtout s\u2019ils n\u2019avaient jamais suivi de psychoth\u00e9rapie\u00a0\u00bb. Cette derni\u00e8re constatation m\u2019a intrigu\u00e9.<\/p>\n<p class=\"western\" align=\"justify\">\u00ab\u00a0La psychoth\u00e9rapie\u00a0\u00bb, dit Milburn, \u00ab\u00a0parle d\u2019un potentiel d\u2019examen de soi, de r\u00e9flexion personnelle\u00a0\u00bb. La r\u00e9flexion personnelle, que la mentalit\u00e9 fasciste ne peut pas supporter, peut adoucir le c\u0153ur.<\/p>\n<p class=\"western\" align=\"justify\">Des \u00e9tudes de neuro-imagerie ont montr\u00e9 que l\u2019amygdale, la petite structure c\u00e9r\u00e9brale en forme d\u2019amande qui g\u00e8re la peur, est plus grande chez les personnes ayant des opinions plus \u00e0 droite. Elle est plus active chez les personnes qui favorisent une autorit\u00e9 protectrice forte et qui se m\u00e9fient des \u00e9trangers et des personnes diff\u00e9rentes. Cette d\u00e9couverte est r\u00e9v\u00e9latrice, car nous savons que le d\u00e9veloppement des circuits c\u00e9r\u00e9braux est influenc\u00e9 de mani\u00e8re d\u00e9cisive par l\u2019environnement \u00e9motionnel de l\u2019enfant au cours de ses premi\u00e8res ann\u00e9es.<\/p>\n<p class=\"western\" align=\"justify\">\u00ab\u00a0Le monstre Adolf Hitler, assassin de millions de personnes, ma\u00eetre de la destruction et de la folie organis\u00e9e, n\u2019est pas venu au monde en tant que monstre\u00a0\u00bb, a \u00e9crit la psychanalyste Alice Miller. Le fascisme, en ce sens, est un ph\u00e9nom\u00e8ne tout \u00e0 fait humain, le r\u00e9sultat de nombreuses influences, dont l\u2019une des plus importantes, \u00e0 l\u2019\u00e9chelle personnelle, est la souffrance indicible de l\u2019enfant.<\/p>\n<p class=\"western\" align=\"justify\"><i><b>Dr Gabor Mat\u00e9 est un m\u00e9decin et un auteur \u00e0 succ\u00e8s dont les livres ont \u00e9t\u00e9 publi\u00e9s en vingt langues. Il s\u2019int\u00e9resse au d\u00e9veloppement de l\u2019enfant, \u00e0 l\u2019unit\u00e9 corps-esprit dans la sant\u00e9 et la maladie, et au traitement des addictions.<\/b><\/i><\/p>\n<p class=\"western\" align=\"justify\">Publi\u00e9 \u00e0 l\u2019origine dans <span style=\"color: #000080;\"><u><a href=\"https:\/\/www.theguardian.com\/commentisfree\/article\/2024\/sep\/06\/authoritarianism-roots-origin\" target=\"_blank\" rel=\"noopener\"><i>The Guardian<\/i><\/a><\/u><\/span>.<\/p>\n<p align=\"justify\">_______________________<\/p>\n<div id=\"sdfootnote1\">\n<p class=\"sdfootnote-western\" align=\"justify\"><a class=\"sdfootnotesym\" href=\"#sdfootnote1anc\" name=\"sdfootnote1sym\">1<\/a><span style=\"font-size: medium;\"> NDT\u00a0: On peut en dire autant de la gauche, surtout aujourd\u2019hui, o\u00f9 la distinction entre droite et gauche s\u2019efface face \u00e0 leur convergence vers une tendance mondialiste et contr\u00f4lante.<\/span><\/p>\n<\/div>\n","protected":false},"excerpt":{"rendered":"<p>Nous avons tous un nazi en nous. Nous devons comprendre les racines psychologiques de l\u2019autoritarisme. Des \u00e9tudes de neuro-imagerie ont montr\u00e9 que l\u2019amygdale, la petite structure c\u00e9r\u00e9brale en forme d\u2019amande qui g\u00e8re la peur, est plus grande chez les personnes ayant des opinions plus \u00e0 droite. \u00ab\u00a0Toute tentative de comprendre l\u2019attraction qu\u2019exerce le fascisme sur [&hellip;]<\/p>\n","protected":false},"author":2,"featured_media":20251,"comment_status":"closed","ping_status":"closed","sticky":false,"template":"","format":"standard","meta":{"footnotes":""},"categories":[1014],"tags":[102,1636],"class_list":["post-20250","post","type-post","status-publish","format-standard","has-post-thumbnail","hentry","category-essais","tag-psychologie","tag-traumatisme"],"yoast_head":"<!-- This site is optimized with the Yoast SEO plugin v27.0 - https:\/\/yoast.com\/product\/yoast-seo-wordpress\/ -->\n<title>Les racines psychologiques de l\u2019autoritarisme par Gabor Mat\u00e9 - 3e mill\u00e9naire - Spiritualit\u00e9 - Connaissance de soi - Non-dualit\u00e9 - M\u00e9ditation<\/title>\n<meta name=\"robots\" content=\"index, follow, max-snippet:-1, max-image-preview:large, max-video-preview:-1\" \/>\n<link rel=\"canonical\" href=\"https:\/\/www.revue3emillenaire.com\/blog\/les-racines-psychologiques-de-lautoritarisme-par-gabor-mate\/\" \/>\n<meta property=\"og:locale\" content=\"fr_FR\" \/>\n<meta property=\"og:type\" content=\"article\" \/>\n<meta property=\"og:title\" content=\"Les racines psychologiques de l\u2019autoritarisme par Gabor Mat\u00e9 - 3e mill\u00e9naire - Spiritualit\u00e9 - Connaissance de soi - Non-dualit\u00e9 - M\u00e9ditation\" \/>\n<meta property=\"og:description\" content=\"Nous avons tous un nazi en nous. Nous devons comprendre les racines psychologiques de l\u2019autoritarisme. Des \u00e9tudes de neuro-imagerie ont montr\u00e9 que l\u2019amygdale, la petite structure c\u00e9r\u00e9brale en forme d\u2019amande qui g\u00e8re la peur, est plus grande chez les personnes ayant des opinions plus \u00e0 droite. \u00ab\u00a0Toute tentative de comprendre l\u2019attraction qu\u2019exerce le fascisme sur [&hellip;]\" \/>\n<meta property=\"og:url\" content=\"https:\/\/www.revue3emillenaire.com\/blog\/les-racines-psychologiques-de-lautoritarisme-par-gabor-mate\/\" \/>\n<meta property=\"og:site_name\" content=\"3e mill\u00e9naire - Spiritualit\u00e9 - Connaissance de soi - Non-dualit\u00e9 - M\u00e9ditation\" \/>\n<meta property=\"article:published_time\" content=\"2024-10-17T01:19:54+00:00\" \/>\n<meta property=\"og:image\" content=\"https:\/\/www.revue3emillenaire.com\/blog\/wp-content\/uploads\/2024\/10\/Gabor-Mate.jpg\" \/>\n\t<meta property=\"og:image:width\" content=\"309\" \/>\n\t<meta property=\"og:image:height\" content=\"342\" \/>\n\t<meta property=\"og:image:type\" content=\"image\/jpeg\" \/>\n<meta name=\"author\" content=\"3e mill\u00e9naire\" \/>\n<meta name=\"twitter:card\" content=\"summary_large_image\" \/>\n<meta name=\"twitter:label1\" content=\"\u00c9crit par\" \/>\n\t<meta name=\"twitter:data1\" content=\"3e mill\u00e9naire\" \/>\n\t<meta name=\"twitter:label2\" content=\"Dur\u00e9e de lecture estim\u00e9e\" \/>\n\t<meta name=\"twitter:data2\" content=\"7 minutes\" \/>\n<script type=\"application\/ld+json\" class=\"yoast-schema-graph\">{\"@context\":\"https:\/\/schema.org\",\"@graph\":[{\"@type\":\"Article\",\"@id\":\"https:\/\/www.revue3emillenaire.com\/blog\/les-racines-psychologiques-de-lautoritarisme-par-gabor-mate\/#article\",\"isPartOf\":{\"@id\":\"https:\/\/www.revue3emillenaire.com\/blog\/les-racines-psychologiques-de-lautoritarisme-par-gabor-mate\/\"},\"author\":{\"name\":\"3e mill\u00e9naire\",\"@id\":\"https:\/\/www.revue3emillenaire.com\/blog\/#\/schema\/person\/b692dacff720a5344a6190bc714397eb\"},\"headline\":\"Les racines psychologiques de l\u2019autoritarisme par Gabor Mat\u00e9\",\"datePublished\":\"2024-10-17T01:19:54+00:00\",\"mainEntityOfPage\":{\"@id\":\"https:\/\/www.revue3emillenaire.com\/blog\/les-racines-psychologiques-de-lautoritarisme-par-gabor-mate\/\"},\"wordCount\":1416,\"image\":{\"@id\":\"https:\/\/www.revue3emillenaire.com\/blog\/les-racines-psychologiques-de-lautoritarisme-par-gabor-mate\/#primaryimage\"},\"thumbnailUrl\":\"https:\/\/www.revue3emillenaire.com\/blog\/wp-content\/uploads\/2024\/10\/Gabor-Mate.jpg\",\"keywords\":[\"Psychologie\",\"Traumatisme\"],\"articleSection\":[\"Essais\"],\"inLanguage\":\"fr-FR\"},{\"@type\":\"WebPage\",\"@id\":\"https:\/\/www.revue3emillenaire.com\/blog\/les-racines-psychologiques-de-lautoritarisme-par-gabor-mate\/\",\"url\":\"https:\/\/www.revue3emillenaire.com\/blog\/les-racines-psychologiques-de-lautoritarisme-par-gabor-mate\/\",\"name\":\"Les racines psychologiques de l\u2019autoritarisme par Gabor Mat\u00e9 - 3e mill\u00e9naire - Spiritualit\u00e9 - Connaissance de soi - Non-dualit\u00e9 - M\u00e9ditation\",\"isPartOf\":{\"@id\":\"https:\/\/www.revue3emillenaire.com\/blog\/#website\"},\"primaryImageOfPage\":{\"@id\":\"https:\/\/www.revue3emillenaire.com\/blog\/les-racines-psychologiques-de-lautoritarisme-par-gabor-mate\/#primaryimage\"},\"image\":{\"@id\":\"https:\/\/www.revue3emillenaire.com\/blog\/les-racines-psychologiques-de-lautoritarisme-par-gabor-mate\/#primaryimage\"},\"thumbnailUrl\":\"https:\/\/www.revue3emillenaire.com\/blog\/wp-content\/uploads\/2024\/10\/Gabor-Mate.jpg\",\"datePublished\":\"2024-10-17T01:19:54+00:00\",\"author\":{\"@id\":\"https:\/\/www.revue3emillenaire.com\/blog\/#\/schema\/person\/b692dacff720a5344a6190bc714397eb\"},\"breadcrumb\":{\"@id\":\"https:\/\/www.revue3emillenaire.com\/blog\/les-racines-psychologiques-de-lautoritarisme-par-gabor-mate\/#breadcrumb\"},\"inLanguage\":\"fr-FR\",\"potentialAction\":[{\"@type\":\"ReadAction\",\"target\":[\"https:\/\/www.revue3emillenaire.com\/blog\/les-racines-psychologiques-de-lautoritarisme-par-gabor-mate\/\"]}]},{\"@type\":\"ImageObject\",\"inLanguage\":\"fr-FR\",\"@id\":\"https:\/\/www.revue3emillenaire.com\/blog\/les-racines-psychologiques-de-lautoritarisme-par-gabor-mate\/#primaryimage\",\"url\":\"https:\/\/www.revue3emillenaire.com\/blog\/wp-content\/uploads\/2024\/10\/Gabor-Mate.jpg\",\"contentUrl\":\"https:\/\/www.revue3emillenaire.com\/blog\/wp-content\/uploads\/2024\/10\/Gabor-Mate.jpg\",\"width\":309,\"height\":342},{\"@type\":\"BreadcrumbList\",\"@id\":\"https:\/\/www.revue3emillenaire.com\/blog\/les-racines-psychologiques-de-lautoritarisme-par-gabor-mate\/#breadcrumb\",\"itemListElement\":[{\"@type\":\"ListItem\",\"position\":1,\"name\":\"Accueil\",\"item\":\"https:\/\/www.revue3emillenaire.com\/blog\/\"},{\"@type\":\"ListItem\",\"position\":2,\"name\":\"Les racines psychologiques de l\u2019autoritarisme par Gabor Mat\u00e9\"}]},{\"@type\":\"WebSite\",\"@id\":\"https:\/\/www.revue3emillenaire.com\/blog\/#website\",\"url\":\"https:\/\/www.revue3emillenaire.com\/blog\/\",\"name\":\"3e mill\u00e9naire - Spiritualit\u00e9 - Connaissance de soi - Non-dualit\u00e9 - M\u00e9ditation\",\"description\":\"L&#039;Homme en devenir\",\"potentialAction\":[{\"@type\":\"SearchAction\",\"target\":{\"@type\":\"EntryPoint\",\"urlTemplate\":\"https:\/\/www.revue3emillenaire.com\/blog\/?s={search_term_string}\"},\"query-input\":{\"@type\":\"PropertyValueSpecification\",\"valueRequired\":true,\"valueName\":\"search_term_string\"}}],\"inLanguage\":\"fr-FR\"},{\"@type\":\"Person\",\"@id\":\"https:\/\/www.revue3emillenaire.com\/blog\/#\/schema\/person\/b692dacff720a5344a6190bc714397eb\",\"name\":\"3e mill\u00e9naire\",\"url\":\"https:\/\/www.revue3emillenaire.com\/blog\/author\/scoussa\/\"}]}<\/script>\n<!-- \/ Yoast SEO plugin. -->","yoast_head_json":{"title":"Les racines psychologiques de l\u2019autoritarisme par Gabor Mat\u00e9 - 3e mill\u00e9naire - Spiritualit\u00e9 - Connaissance de soi - Non-dualit\u00e9 - M\u00e9ditation","robots":{"index":"index","follow":"follow","max-snippet":"max-snippet:-1","max-image-preview":"max-image-preview:large","max-video-preview":"max-video-preview:-1"},"canonical":"https:\/\/www.revue3emillenaire.com\/blog\/les-racines-psychologiques-de-lautoritarisme-par-gabor-mate\/","og_locale":"fr_FR","og_type":"article","og_title":"Les racines psychologiques de l\u2019autoritarisme par Gabor Mat\u00e9 - 3e mill\u00e9naire - Spiritualit\u00e9 - Connaissance de soi - Non-dualit\u00e9 - M\u00e9ditation","og_description":"Nous avons tous un nazi en nous. Nous devons comprendre les racines psychologiques de l\u2019autoritarisme. Des \u00e9tudes de neuro-imagerie ont montr\u00e9 que l\u2019amygdale, la petite structure c\u00e9r\u00e9brale en forme d\u2019amande qui g\u00e8re la peur, est plus grande chez les personnes ayant des opinions plus \u00e0 droite. \u00ab\u00a0Toute tentative de comprendre l\u2019attraction qu\u2019exerce le fascisme sur [&hellip;]","og_url":"https:\/\/www.revue3emillenaire.com\/blog\/les-racines-psychologiques-de-lautoritarisme-par-gabor-mate\/","og_site_name":"3e mill\u00e9naire - Spiritualit\u00e9 - Connaissance de soi - Non-dualit\u00e9 - M\u00e9ditation","article_published_time":"2024-10-17T01:19:54+00:00","og_image":[{"width":309,"height":342,"url":"https:\/\/www.revue3emillenaire.com\/blog\/wp-content\/uploads\/2024\/10\/Gabor-Mate.jpg","type":"image\/jpeg"}],"author":"3e mill\u00e9naire","twitter_card":"summary_large_image","twitter_misc":{"\u00c9crit par":"3e mill\u00e9naire","Dur\u00e9e de lecture estim\u00e9e":"7 minutes"},"schema":{"@context":"https:\/\/schema.org","@graph":[{"@type":"Article","@id":"https:\/\/www.revue3emillenaire.com\/blog\/les-racines-psychologiques-de-lautoritarisme-par-gabor-mate\/#article","isPartOf":{"@id":"https:\/\/www.revue3emillenaire.com\/blog\/les-racines-psychologiques-de-lautoritarisme-par-gabor-mate\/"},"author":{"name":"3e mill\u00e9naire","@id":"https:\/\/www.revue3emillenaire.com\/blog\/#\/schema\/person\/b692dacff720a5344a6190bc714397eb"},"headline":"Les racines psychologiques de l\u2019autoritarisme par Gabor Mat\u00e9","datePublished":"2024-10-17T01:19:54+00:00","mainEntityOfPage":{"@id":"https:\/\/www.revue3emillenaire.com\/blog\/les-racines-psychologiques-de-lautoritarisme-par-gabor-mate\/"},"wordCount":1416,"image":{"@id":"https:\/\/www.revue3emillenaire.com\/blog\/les-racines-psychologiques-de-lautoritarisme-par-gabor-mate\/#primaryimage"},"thumbnailUrl":"https:\/\/www.revue3emillenaire.com\/blog\/wp-content\/uploads\/2024\/10\/Gabor-Mate.jpg","keywords":["Psychologie","Traumatisme"],"articleSection":["Essais"],"inLanguage":"fr-FR"},{"@type":"WebPage","@id":"https:\/\/www.revue3emillenaire.com\/blog\/les-racines-psychologiques-de-lautoritarisme-par-gabor-mate\/","url":"https:\/\/www.revue3emillenaire.com\/blog\/les-racines-psychologiques-de-lautoritarisme-par-gabor-mate\/","name":"Les racines psychologiques de l\u2019autoritarisme par Gabor Mat\u00e9 - 3e mill\u00e9naire - Spiritualit\u00e9 - Connaissance de soi - Non-dualit\u00e9 - M\u00e9ditation","isPartOf":{"@id":"https:\/\/www.revue3emillenaire.com\/blog\/#website"},"primaryImageOfPage":{"@id":"https:\/\/www.revue3emillenaire.com\/blog\/les-racines-psychologiques-de-lautoritarisme-par-gabor-mate\/#primaryimage"},"image":{"@id":"https:\/\/www.revue3emillenaire.com\/blog\/les-racines-psychologiques-de-lautoritarisme-par-gabor-mate\/#primaryimage"},"thumbnailUrl":"https:\/\/www.revue3emillenaire.com\/blog\/wp-content\/uploads\/2024\/10\/Gabor-Mate.jpg","datePublished":"2024-10-17T01:19:54+00:00","author":{"@id":"https:\/\/www.revue3emillenaire.com\/blog\/#\/schema\/person\/b692dacff720a5344a6190bc714397eb"},"breadcrumb":{"@id":"https:\/\/www.revue3emillenaire.com\/blog\/les-racines-psychologiques-de-lautoritarisme-par-gabor-mate\/#breadcrumb"},"inLanguage":"fr-FR","potentialAction":[{"@type":"ReadAction","target":["https:\/\/www.revue3emillenaire.com\/blog\/les-racines-psychologiques-de-lautoritarisme-par-gabor-mate\/"]}]},{"@type":"ImageObject","inLanguage":"fr-FR","@id":"https:\/\/www.revue3emillenaire.com\/blog\/les-racines-psychologiques-de-lautoritarisme-par-gabor-mate\/#primaryimage","url":"https:\/\/www.revue3emillenaire.com\/blog\/wp-content\/uploads\/2024\/10\/Gabor-Mate.jpg","contentUrl":"https:\/\/www.revue3emillenaire.com\/blog\/wp-content\/uploads\/2024\/10\/Gabor-Mate.jpg","width":309,"height":342},{"@type":"BreadcrumbList","@id":"https:\/\/www.revue3emillenaire.com\/blog\/les-racines-psychologiques-de-lautoritarisme-par-gabor-mate\/#breadcrumb","itemListElement":[{"@type":"ListItem","position":1,"name":"Accueil","item":"https:\/\/www.revue3emillenaire.com\/blog\/"},{"@type":"ListItem","position":2,"name":"Les racines psychologiques de l\u2019autoritarisme par Gabor Mat\u00e9"}]},{"@type":"WebSite","@id":"https:\/\/www.revue3emillenaire.com\/blog\/#website","url":"https:\/\/www.revue3emillenaire.com\/blog\/","name":"3e mill\u00e9naire - Spiritualit\u00e9 - Connaissance de soi - Non-dualit\u00e9 - M\u00e9ditation","description":"L&#039;Homme en devenir","potentialAction":[{"@type":"SearchAction","target":{"@type":"EntryPoint","urlTemplate":"https:\/\/www.revue3emillenaire.com\/blog\/?s={search_term_string}"},"query-input":{"@type":"PropertyValueSpecification","valueRequired":true,"valueName":"search_term_string"}}],"inLanguage":"fr-FR"},{"@type":"Person","@id":"https:\/\/www.revue3emillenaire.com\/blog\/#\/schema\/person\/b692dacff720a5344a6190bc714397eb","name":"3e mill\u00e9naire","url":"https:\/\/www.revue3emillenaire.com\/blog\/author\/scoussa\/"}]}},"_links":{"self":[{"href":"https:\/\/www.revue3emillenaire.com\/blog\/wp-json\/wp\/v2\/posts\/20250","targetHints":{"allow":["GET"]}}],"collection":[{"href":"https:\/\/www.revue3emillenaire.com\/blog\/wp-json\/wp\/v2\/posts"}],"about":[{"href":"https:\/\/www.revue3emillenaire.com\/blog\/wp-json\/wp\/v2\/types\/post"}],"author":[{"embeddable":true,"href":"https:\/\/www.revue3emillenaire.com\/blog\/wp-json\/wp\/v2\/users\/2"}],"replies":[{"embeddable":true,"href":"https:\/\/www.revue3emillenaire.com\/blog\/wp-json\/wp\/v2\/comments?post=20250"}],"version-history":[{"count":0,"href":"https:\/\/www.revue3emillenaire.com\/blog\/wp-json\/wp\/v2\/posts\/20250\/revisions"}],"wp:featuredmedia":[{"embeddable":true,"href":"https:\/\/www.revue3emillenaire.com\/blog\/wp-json\/wp\/v2\/media\/20251"}],"wp:attachment":[{"href":"https:\/\/www.revue3emillenaire.com\/blog\/wp-json\/wp\/v2\/media?parent=20250"}],"wp:term":[{"taxonomy":"category","embeddable":true,"href":"https:\/\/www.revue3emillenaire.com\/blog\/wp-json\/wp\/v2\/categories?post=20250"},{"taxonomy":"post_tag","embeddable":true,"href":"https:\/\/www.revue3emillenaire.com\/blog\/wp-json\/wp\/v2\/tags?post=20250"}],"curies":[{"name":"wp","href":"https:\/\/api.w.org\/{rel}","templated":true}]}}