{"id":20252,"date":"2024-10-17T22:21:44","date_gmt":"2024-10-17T21:21:44","guid":{"rendered":"https:\/\/www.revue3emillenaire.com\/blog\/?p=20252"},"modified":"2024-10-17T22:22:27","modified_gmt":"2024-10-17T21:22:27","slug":"lexpansion-au-dela-de-la-terre-les-illusions-du-progres-par-david-edwards","status":"publish","type":"post","link":"https:\/\/www.revue3emillenaire.com\/blog\/lexpansion-au-dela-de-la-terre-les-illusions-du-progres-par-david-edwards\/","title":{"rendered":"L\u2019expansion au-del\u00e0 de la Terre \u2014 Les illusions du progr\u00e8s par David Edwards"},"content":{"rendered":"<p class=\"western\" align=\"justify\"><span style=\"color: #000080;\"><span style=\"color: #000000;\"><span style=\"font-size: medium;\">17\u00a0octobre 2024<\/span><\/span><\/span><\/p>\n<p class=\"western\" align=\"justify\"><span style=\"color: #000000;\"><span style=\"font-size: medium;\">En 1859, le philosophe anglais John Stuart Mill \u00e9crivait que la Chine offrait un \u00ab\u00a0exemple d\u2019avertissement\u00a0\u00bb \u00e0 l\u2019Occident. En effet, Mill conc\u00e9dait que la culture chinoise a b\u00e9n\u00e9fici\u00e9 \u00ab\u00a0<\/span><\/span><span style=\"color: #000000;\"><span style=\"font-size: medium;\">d\u2019hommes auxquels les Europ<\/span><\/span><span style=\"font-size: medium;\">\u00e9ens les plus \u00e9clair\u00e9s doivent accorder, dans certaines limites, le titre de sages et de philosophes<\/span><span style=\"color: #000000;\"><span style=\"font-size: medium;\">\u00a0\u00bb, mais l\u2019esprit chinois a depuis longtemps perdu toute capacit\u00e9 de \u00ab\u00a0progr\u00e8s humain\u00a0\u00bb\u00a0:<\/span><\/span><\/p>\n<blockquote class=\"western\">\n<p style=\"padding-left: 80px;\"><span style=\"color: #000000;\">\u2026 <\/span><span style=\"color: #000000;\"><span style=\"font-size: medium;\"><i>ils se sont immobilis<\/i><\/span><\/span><span style=\"font-size: medium;\">\u00e9s\u00a0; <\/span><span style=\"font-size: medium;\"><i>ils sont depuis des milliers d\u2019ann\u00e9es tels que nous les voyons, et, s\u2019ils doivent s\u2019am\u00e9liorer encore, ce sera n\u00e9cessairement gr\u00e2ce \u00e0 des \u00e9trangers<\/i><\/span><span style=\"color: #000000;\"><span style=\"font-size: medium;\"><i>. (John Stuart Mill, \u00ab\u00a0De la libert\u00e9\u00a0\u00bb, Penguin, 1974, p.137)<\/i><\/span><\/span><\/p>\n<\/blockquote>\n<p class=\"western\" align=\"justify\"><span style=\"color: #000000;\"><span style=\"font-size: medium;\">\u00ab\u00a0Am\u00e9lior\u00e9<\/span><\/span><span style=\"color: #000000;\"><span style=\"font-size: medium;\">s<\/span><\/span><span style=\"color: #000000;\"><span style=\"font-size: medium;\">\u00a0\u00bb par qui\u00a0? Par \u00ab\u00a0nous\u00a0\u00bb, bien s\u00fbr, les \u00ab\u00a0\u00e9trangers\u00a0\u00bb, \u00ab\u00a0les parties les plus civilis\u00e9es de l\u2019esp\u00e8ce\u00a0\u00bb, dont le \u00ab\u00a0progr\u00e8s humain\u00a0\u00bb au cours des deux derniers si\u00e8cles a engendr\u00e9 des temp\u00e9ratures record, des temp\u00eates, des inondations, des s\u00e9cheresses, des incendies de for\u00eat, des destructions massives d\u2019esp\u00e8ces et de nombreuses autres catastrophes pour notre monde \u00ab\u00a0am\u00e9lior\u00e9\u00a0\u00bb dont le climat n\u2019est certainement pas \u00ab\u00a0stationnaire\u00a0\u00bb. Un seul <\/span><\/span><span style=\"color: #000080;\"><u><a href=\"https:\/\/www.bbc.com\/news\/science-environment-68921215\"><span style=\"color: #000000;\"><span style=\"font-size: medium;\"><b>exemple<\/b><\/span><\/span><\/a><\/u><\/span><span style=\"color: #000000;\"><span style=\"font-size: medium;\"> r\u00e9cent\u00a0:<\/span><\/span><\/p>\n<blockquote class=\"western\">\n<p style=\"padding-left: 80px;\"><span style=\"color: #000000;\"><span style=\"font-size: medium;\"><i>Une analyse de la BBC r\u00e9v\u00e8le que, sous l\u2019effet du changement climatique, les oc\u00e9ans ont battu des records de temp\u00e9rature <\/i><\/span><\/span><strong><span style=\"color: #000000;\"><span style=\"font-size: medium;\"><i><b>chaque jour au cours de l\u2019ann\u00e9e \u00e9coul\u00e9e<\/b><\/i><\/span><\/span><\/strong><span style=\"color: #000000;\"><span style=\"font-size: medium;\"><i>.<\/i><\/span><\/span><\/p>\n<\/blockquote>\n<blockquote class=\"western\" style=\"padding-left: 80px;\"><p><span style=\"color: #000000;\"><span style=\"font-size: medium;\"><i>Pr\u00e8s de 50\u00a0jours ont battu les records existants pour cette p\u00e9riode de l\u2019ann\u00e9e, avec la plus grande marge de l\u2019\u00e8re satellitaire. (C\u2019est moi qui souligne)<\/i><\/span><\/span><\/p><\/blockquote>\n<p class=\"western\" align=\"justify\"><span style=\"color: #000000;\"><span style=\"font-size: medium;\">Une chose est claire\u00a0: malgr\u00e9 toute notre arrogance, lorsque nous avons d\u00e9ploy\u00e9 nos efforts d\u2019industrialisation pour faire en sorte que le monde \u00ab\u00a0s\u2019am\u00e9liore encore\u00a0\u00bb, nous ne savions pas ce que nous faisions. Tr\u00e9bucher dans l\u2019obscurit\u00e9 vers un pr\u00e9cipice n\u2019est pas un \u00ab\u00a0progr\u00e8s\u00a0\u00bb.<\/span><\/span><\/p>\n<p class=\"western\" align=\"justify\"><span style=\"color: #000000;\"><span style=\"font-size: medium;\">Pour les Occidentaux comme Mill, et aujourd\u2019hui pour une grande partie de la monoculture occidentalis\u00e9e du monde, le \u00ab\u00a0progr\u00e8s\u00a0\u00bb a toujours \u00e9t\u00e9 une question, non seulement de changement, mais de changement transcendant les limites naturelles. Il a signifi\u00e9 \u00ab\u00a0conqu\u00e9rir\u00a0\u00bb, \u00ab\u00a0dominer\u00a0\u00bb, \u00ab\u00a0am\u00e9liorer\u00a0\u00bb la nature et, en fin de compte, aller au-del\u00e0 de la Terre elle-m\u00eame vers de Nouveaux Mondes.<\/span><\/span><\/p>\n<p class=\"western\" align=\"justify\"><span style=\"color: #000000;\"><span style=\"font-size: medium;\">Cette vision du monde a \u00e9t\u00e9 illustr\u00e9e par le c\u00e9l\u00e8bre <\/span><\/span><span style=\"color: #000080;\"><u><a href=\"https:\/\/whyy.org\/articles\/armstrongs-famous-one-small-step-quote-explained\/\"><span style=\"color: #000000;\"><span style=\"font-size: medium;\"><b>commentaire<\/b><\/span><\/span><\/a><\/u><\/span><span style=\"color: #000000;\"><span style=\"font-size: medium;\"> du pilote de chasse de la guerre de Cor\u00e9e et astronaute Neil Armstrong apr\u00e8s avoir \u00e9t\u00e9 la premi\u00e8re personne \u00e0 poser le pied sur la lune en 1969\u00a0:<\/span><\/span><\/p>\n<blockquote class=\"western\">\n<p style=\"padding-left: 80px;\"><span style=\"color: #000000;\"><span style=\"font-size: medium;\"><i>\u00ab\u00a0C\u2019est un petit pas pour un homme, un grand pas pour l\u2019humanit\u00e9\u00a0\u00bb.<\/i><\/span><\/span><\/p>\n<\/blockquote>\n<p class=\"western\" align=\"justify\"><span style=\"color: #000000;\"><span style=\"font-size: medium;\">Ces mots sont souvent accompagn\u00e9s d\u2019une image tout aussi c\u00e9l\u00e8bre de la Terre vue de la lune comme une bille bleu-vert brillant sur le noir de l\u2019espace. Noam Chomsky a mis ce mythe en perspective\u00a0:<\/span><\/span><\/p>\n<blockquote class=\"western\">\n<p style=\"padding-left: 80px;\"><span style=\"color: #000000;\"><span style=\"font-size: medium;\"><i>La NASA offrait de nouveaux moyens d\u2019exploiter le public \u00e0 des fins priv\u00e9es, tout en aidant l\u2019administration Kennedy \u00e0 susciter les sentiments jingo\u00efstes dont elle avait tant besoin, du moins jusqu\u2019\u00e0 ce que les gens se lassent de <\/i><\/span><\/span><span style=\"color: #000000;\"><span style=\"font-size: medium;\"><i>regarder<\/i><\/span><\/span><span style=\"color: #000000;\"><span style=\"font-size: medium;\"><i> des hommes de l\u2019espace tr\u00e9bucher sur la lune sans but pr\u00e9cis. (Chomsky, \u00ab\u00a0World Orders, Old and New\u00a0\u00bb, Pluto Press, 1994, p.105)<\/i><\/span><\/span><\/p>\n<\/blockquote>\n<p class=\"western\" align=\"justify\"><span style=\"color: #000000;\"><span style=\"font-size: medium;\">Le commentaire d\u2019Armstrong impliquait clairement que nous \u00e9tions sur une sorte de chemin d\u00e9termin\u00e9 \u2014 s\u2019il s\u2019agissait d\u2019un \u00ab\u00a0pas de g\u00e9ant pour l\u2019humanit\u00e9\u00a0\u00bb, il devait s\u2019agir d\u2019une direction significative. En effet, le \u00ab\u00a0saut\u00a0\u00bb dans l\u2019espace est largement consid\u00e9r\u00e9 comme aussi naturel et juste que les oiseaux qui s\u2019envolent du nid, les enfants qui quittent la maison, les Europ\u00e9ens qui naviguent sur une mar\u00e9e de \u00ab\u00a0destin\u00e9e manifeste\u00a0\u00bb pour ravager le \u00ab\u00a0Nouveau Monde\u00a0\u00bb. Mais peut-on vraiment \u00eatre s\u00fbr que ces analogies sont valables\u00a0?<\/span><\/span><\/p>\n<p class=\"western\" align=\"justify\"><span style=\"color: #000000;\"><span style=\"font-size: medium;\">Certes, il est juste et bon que l\u2019oiseau et l\u2019enfant <\/span><\/span><span style=\"color: #000000;\"><span style=\"font-size: medium;\">quitt<\/span><\/span><span style=\"color: #000000;\"><span style=\"font-size: medium;\">ent <\/span><\/span><span style=\"color: #000000;\"><span style=\"font-size: medium;\">leur<\/span><\/span><span style=\"color: #000000;\"><span style=\"font-size: medium;\"> nid, mais ils restent partie int\u00e9grante de l\u2019environnement pour lequel ils sont parfaitement \u00e9volu\u00e9s. Serait-ce un \u00ab\u00a0progr\u00e8s\u00a0\u00bb qu\u2019une cellule humaine <\/span><\/span><span style=\"color: #000000;\"><span style=\"font-size: medium;\">quitte<\/span><\/span><span style=\"color: #000000;\"><span style=\"font-size: medium;\"> d\u00e9finitivement le nid du corps humain\u00a0?<\/span><\/span><\/p>\n<p class=\"western\" align=\"justify\"><span style=\"color: #000000;\"><span style=\"font-size: medium;\">Si l\u2019on \u00e9carte ces doutes, un million de films de science-fiction, de s\u00e9ries t\u00e9l\u00e9vis\u00e9es, de romans et de nouvelles nous encouragent \u00e0 croire qu\u2019il est normal et naturel qu\u2019un organisme ayant \u00e9volu\u00e9 sur Terre se rende hors de la plan\u00e8te. Les astronautes sont repr\u00e9sent\u00e9s en train de parcourir de vastes distances sous une gravit\u00e9 inexplicablement semblable <\/span><\/span><span style=\"color: #000000;\"><span style=\"font-size: medium;\">\u00e0<\/span><\/span><span style=\"color: #000000;\"><span style=\"font-size: medium;\"> celle de la Terre, sans subir d\u2019effets n\u00e9fastes. Il va de soi que notre \u00ab\u00a0destin\u00a0\u00bb se trouve \u00ab\u00a0l\u00e0-bas\u00a0\u00bb, o\u00f9 nous trouverons quelque chose de plus\u00a0: des r\u00e9ponses, la v\u00e9rit\u00e9, peut-\u00eatre m\u00eame Dieu.<\/span><\/span><\/p>\n<p class=\"western\" align=\"justify\"><span style=\"color: #000000;\"><span style=\"font-size: medium;\">Prenons l\u2019exemple de l\u2019\u00e9pop\u00e9e de science-fiction de Stanley Kubrick, \u00ab\u00a02001\u00a0: l\u2019Odyss\u00e9e de l\u2019espace\u00a0\u00bb, sortie en 1968, \u00e0 une \u00e9poque o\u00f9 la foi dans la promesse d\u2019un \u00ab\u00a0progr\u00e8s\u00a0\u00bb fond\u00e9 sur la science brillait beaucoup plus fort qu\u2019\u00e0 notre \u00e9poque de d\u00e9clin.<\/span><\/span><\/p>\n<p class=\"western\" align=\"justify\"><span style=\"color: #000000;\"><span style=\"font-size: medium;\">Au c\u0153ur de l\u2019histoire, de myst\u00e9rieux ob\u00e9lisques extraterrestres capables d\u2019acc\u00e9l\u00e9rer l\u2019\u00e9volution humaine, stimulant d\u2019abord les hominid\u00e9s primitifs \u00e0 ma\u00eetriser l\u2019utilisation d\u2019outils et d\u2019armes. \u00c0 l\u2019\u00e8re des voyages spatiaux, un deuxi\u00e8me ob\u00e9lisque, d\u00e9couvert sur la lune, et un troisi\u00e8me en orbite autour de Jupiter, d\u00e9clenchent le prochain saut \u00e9volutif. Un astronaute est alors transport\u00e9 dans un monde lointain o\u00f9 il est r\u00e9organis\u00e9, remis \u00e0 neuf et ramen\u00e9 sur Terre sous la forme d\u2019un \u00ab\u00a0enfant des \u00e9toiles\u00a0\u00bb plus \u00e9volu\u00e9. L\u2019id\u00e9e centrale et incontestable du film est que le \u00ab\u00a0progr\u00e8s\u00a0\u00bb consiste \u00e0 transcender \u00ab\u00a0les liens \u00e9troits de la Terre\u00a0\u00bb.<\/span><\/span><\/p>\n<p class=\"western\" align=\"justify\"><a name=\"more-10020\"><\/a> <strong><span style=\"color: #000000;\"><span style=\"font-size: medium;\"><b>Dans les \u00e9toiles<\/b><\/span><\/span><\/strong><\/p>\n<p class=\"western\" align=\"justify\"><span style=\"color: #000000;\"><span style=\"font-size: medium;\">Brian Cox, professeur de physique des particules \u00e0 l\u2019universit\u00e9 de Manchester et pr\u00e9sentateur tr\u00e8s en vue de la BBC, a r\u00e9cemment <\/span><\/span><span style=\"color: #000080;\"><u><a href=\"https:\/\/www.msn.com\/en-ca\/money\/technology\/brian-cox-says-humans-must-move-to-other-planets-as-quickly-as-possible\/ar-AA1rwmtp\"><span style=\"color: #000000;\"><span style=\"font-size: medium;\"><b>comment\u00e9 la situation\u00a0:<\/b><\/span><\/span><\/a><\/u><\/span><\/p>\n<blockquote class=\"western\">\n<p style=\"padding-left: 80px;\"><span style=\"color: #000000;\"><span style=\"font-size: medium;\"><i>Notre civilisation doit s\u2019\u00e9tendre au-del\u00e0 de la Terre pour de nombreuses raisons. Il est extr\u00eamement important que nous le fassions, et le plus rapidement possible.<\/i><\/span><\/span><\/p>\n<\/blockquote>\n<p class=\"western\" align=\"justify\"><span style=\"color: #000000;\"><span style=\"font-size: medium;\">On rapporte que Cox, fervent d\u00e9fenseur d\u2019une \u00ab\u00a0approche collaborative entre les agences spatiales publiques et les entreprises priv\u00e9es\u00a0\u00bb\u00a0:<\/span><\/span><\/p>\n<blockquote class=\"western\">\n<p style=\"padding-left: 80px;\"><span style=\"color: #000000;\"><span style=\"font-size: medium;\"><i>Si nous ne nous d\u00e9veloppons pas vers les \u00e9toiles, personne d\u2019autre ne le fera. Nous avons l\u2019obligation de faire les premiers pas.<\/i><\/span><\/span><\/p>\n<\/blockquote>\n<p class=\"western\" align=\"justify\"><span style=\"color: #000000;\"><span style=\"font-size: medium;\">Le contre-argument, bien s\u00fbr\u00a0: il se pourrait que \u00ab\u00a0personne d\u2019autre\u00a0\u00bb ne s\u2019\u00e9tende \u00ab\u00a0vers les \u00e9toiles\u00a0\u00bb pour la m\u00eame raison que \u00ab\u00a0personne d\u2019autre\u00a0\u00bb, peut-\u00eatre, n\u2019infeste sa plan\u00e8te d\u2019armes nucl\u00e9aires ou n\u2019\u00e9rode les syst\u00e8mes de survie de son environnement. En d\u2019autres termes, peut-\u00eatre parce que c\u2019est une mauvaise id\u00e9e. Il peut s\u2019agir d\u2019un objectif caract\u00e9ristique d\u2019une vision du monde expansionniste et agressivement technologique qui s\u2019av\u00e8re rapidement suicidaire.<\/span><\/span><\/p>\n<p class=\"western\" align=\"justify\"><span style=\"color: #000000;\"><span style=\"font-size: medium;\">Si Cox semble enfin promettre un voyage \u00e0 la Star Trek vers \u00ab\u00a0l\u2019ultime fronti\u00e8re\u00a0\u00bb, il nous fait redescendre sur Mars avec fracas, en parlant de la plan\u00e8te rouge\u00a0:<\/span><\/span><\/p>\n<blockquote class=\"western\">\n<p style=\"padding-left: 80px;\"><span style=\"color: #000000;\"><span style=\"font-size: medium;\"><i>C\u2019est en fait le seul endroit o\u00f9 nous pouvons aller au-del\u00e0 de la Terre.<\/i><\/span><\/span><\/p>\n<\/blockquote>\n<blockquote class=\"western\" style=\"padding-left: 80px;\"><p><span style=\"color: #000000;\"><span style=\"font-size: medium;\"><i>Dans tout sc\u00e9nario plausible, il n\u2019y a nulle part ailleurs o\u00f9 les humains peuvent aller pour commencer leur expansion en dehors d\u2019une plan\u00e8te autre que Mars, <\/i><\/span><\/span><span style=\"color: #000000;\"><span style=\"font-size: medium;\"><i>\u00e0 part<\/i><\/span><\/span><span style=\"color: #000000;\"><span style=\"font-size: medium;\"><i> la Lune.<\/i><\/span><\/span><\/p><\/blockquote>\n<p class=\"western\" align=\"justify\"><span style=\"color: #000000;\"><span style=\"font-size: medium;\">La grande vision, donc\u00a0: l\u2019humanit\u00e9 pourrait un jour errer sur <\/span><\/span><em><span style=\"color: #000000;\"><span style=\"font-size: medium;\"><i>Mars <\/i><\/span><\/span><\/em><span style=\"color: #000000;\"><span style=\"font-size: medium;\">en vain.<\/span><\/span><\/p>\n<p class=\"western\" align=\"justify\"><span style=\"color: #000000;\"><span style=\"font-size: medium;\">L\u2019expansion de Cox vers les \u00e9toiles devra certainement attendre, \u00e9tant donn\u00e9 que l\u2019\u00e9toile la plus proche, Proxima Centauri, se trouve \u00e0 environ 4,24\u00a0ann\u00e9es-lumi\u00e8re, une ann\u00e9e-lumi\u00e8re \u00e9quivalant \u00e0 5,88\u00a0milliards de kilom\u00e8tres. Quelle est cette distance\u00a0? Juno, le vaisseau spatial de la NASA, se d\u00e9place \u00e0 une vitesse de 165\u00a0000\u00a0miles par heure. \u00c0 cette vitesse, il faudrait 2\u00a0958\u00a0ans pour parcourir une ann\u00e9e-lumi\u00e8re.<\/span><\/span><\/p>\n<p class=\"western\" align=\"justify\"><span style=\"color: #000000;\"><span style=\"font-size: medium;\">Mais il y a plus et pire. Thomas Lang, professeur de radiologie et d\u2019imagerie biom\u00e9dicale \u00e0 l\u2019universit\u00e9 de Californie \u00e0 San Francisco, <\/span><\/span><span style=\"color: #000080;\"><u><span style=\"color: #000000;\"><span style=\"font-size: medium;\"><b><a href=\"https:\/\/www.ucsf.edu\/news\/2017\/07\/407806\/traveling-mars-will-wreak-havoc-our-bodies-can-we-prevent-it\">commente<\/a>\u00a0<\/b><\/span><\/span><\/u><\/span><span style=\"color: #000000;\"><span style=\"font-size: medium;\">:<\/span><\/span><\/p>\n<blockquote class=\"western\">\n<p style=\"padding-left: 80px;\"><span style=\"color: #000000;\"><span style=\"font-size: medium;\"><i>Les gens pensent que la technologie est le facteur limitant des vols spatiaux, mais ce n\u2019est pas le cas. C\u2019est la physiologie humaine qui est le facteur limitant.<\/i><\/span><\/span><\/p>\n<\/blockquote>\n<p class=\"western\" align=\"justify\"><span style=\"color: #000000;\"><span style=\"font-size: medium;\">Le probl\u00e8me\u00a0: <\/span><\/span><span style=\"color: #000000;\"><span style=\"font-size: medium;\"><i>Nous sommes adapt\u00e9s \u00e0 vivre dans la gravit\u00e9.<\/i><\/span><\/span><span style=\"color: #000000;\"><span style=\"font-size: medium;\"><a href=\"https:\/\/www.revue3emillenaire.com\/blog\/wp-content\/uploads\/2024\/10\/Expand-edwards.jpg\"><img loading=\"lazy\" decoding=\"async\" class=\"aligncenter wp-image-20253 size-full\" src=\"https:\/\/www.revue3emillenaire.com\/blog\/wp-content\/uploads\/2024\/10\/Expand-edwards.jpg\" alt=\"\" width=\"415\" height=\"232\" srcset=\"https:\/\/www.revue3emillenaire.com\/blog\/wp-content\/uploads\/2024\/10\/Expand-edwards.jpg 415w, https:\/\/www.revue3emillenaire.com\/blog\/wp-content\/uploads\/2024\/10\/Expand-edwards-300x168.jpg 300w\" sizes=\"auto, (max-width: 415px) 100vw, 415px\" \/><\/a><\/span><\/span><\/p>\n<p style=\"text-align: center;\" align=\"justify\">(Sol \u00e0 1G ; Premi\u00e8re \u00e9tape dans l\u2019espace ; Apr\u00e8s l\u2019adaptation \u00e0 la microgravit\u00e9 ; Imm\u00e9diatement apr\u00e8s le retour de l\u2019espace)<\/p>\n<p class=\"western\" align=\"justify\"><span style=\"color: #000000;\"><span style=\"font-size: medium;\">Non seulement \u00e0 la gravit\u00e9, mais au niveau pr\u00e9cis de gravit\u00e9 que l\u2019on trouve sur cette plan\u00e8te, \u00e0 cette distance du soleil, avec cette lune orbitant exactement \u00e0 cette gamme de distances. M\u00eame l\u2019apparition et la disparition de la lune ont un impact profond sur les cycles menstruels des femmes et sur d\u2019autres comportement<\/span><\/span><span style=\"color: #000000;\"><span style=\"font-size: medium;\">s<\/span><\/span><span style=\"color: #000000;\"><span style=\"font-size: medium;\"> humain et animal. De nombreuses personnes sont fortement affect\u00e9es m\u00eame par l\u2019apparition d\u2019une pleine lune. J\u2019ai moi-m\u00eame souvent remarqu\u00e9 une agitation inexpliqu\u00e9e. Le myst\u00e8re est souvent r\u00e9solu d\u00e8s que je l\u00e8ve les yeux vers le ciel nocturne.<\/span><\/span><\/p>\n<p class=\"western\" align=\"justify\"><span style=\"color: #000000;\"><span style=\"font-size: medium;\">Compte tenu de ce niveau extr\u00eame de sensibilit\u00e9, m\u00eame <\/span><\/span><span style=\"color: #000000;\"><span style=\"font-size: medium;\">\u00e0 l\u2019\u00e9gard de<\/span><\/span><span style=\"color: #000000;\"><span style=\"font-size: medium;\"> notre petite lune, quel serait le r\u00e9sultat si toutes nos influences gravitationnelles habituelles \u00e9taient compl\u00e8tement supprim\u00e9es pendant des ann\u00e9es\u00a0?<\/span><\/span><\/p>\n<p class=\"western\" align=\"justify\"><span style=\"color: #000000;\"><span style=\"font-size: medium;\">L\u2019impact de l\u2019alt\u00e9ration de la gravit\u00e9 sur la physiologie humaine est apparu tr\u00e8s clairement lors des premiers vols spatiaux Apollo dans les ann\u00e9es\u00a01960 et 1970. Apr\u00e8s seulement huit jours en orbite, les astronautes d\u2019Apollo \u00e9taient si faibles qu\u2019ils ont d\u00fb \u00eatre extraits de leur capsule d\u2019atterrissage. Le malentendu le plus courant est que cela est d\u00fb au fait que les muscles sont rest\u00e9s inactifs en l\u2019absence de pesanteur. Sonja Schrepfer, professeur<\/span><\/span><span style=\"color: #000000;\"><span style=\"font-size: medium;\">e<\/span><\/span><span style=\"color: #000000;\"><span style=\"font-size: medium;\"> de chirurgie, commente\u00a0:<\/span><\/span><\/p>\n<blockquote class=\"western\">\n<p style=\"padding-left: 80px;\"><span style=\"color: #000000;\"><span style=\"font-size: medium;\"><i>Lorsque les astronautes reviennent \u00e0 la gravit\u00e9 terrestre, la faiblesse musculaire n\u2019est qu\u2019une partie de la raison pour laquelle ils ne peuvent pas se lever. Le cerveau ne re\u00e7oit pas non plus suffisamment de sang, car les vaisseaux sanguins ne fonctionnent plus correctement.<\/i><\/span><\/span><\/p>\n<\/blockquote>\n<p class=\"western\" align=\"justify\"><span style=\"color: #000000;\"><span style=\"font-size: medium;\">Un <\/span><\/span><span style=\"color: #000080;\"><u><a href=\"https:\/\/www.nature.com\/scitable\/blog\/scibytes\/cosmic_travels_inc_the_effect\"><span style=\"color: #000000;\"><span style=\"font-size: medium;\"><b>rapport<\/b><\/span><\/span><\/a><\/u><\/span><span style=\"color: #000000;\"><span style=\"font-size: medium;\"> publi\u00e9 dans <\/span><\/span><span style=\"color: #000000;\"><span style=\"font-size: medium;\"><i>Nature<\/i><\/span><\/span><span style=\"color: #000000;\"><span style=\"font-size: medium;\"> apporte des pr\u00e9cisions qui donnent \u00e0 r\u00e9fl\u00e9chir\u00a0:<\/span><\/span><\/p>\n<blockquote class=\"western\">\n<p style=\"padding-left: 80px;\"><span style=\"color: #000000;\"><span style=\"font-size: medium;\"><i>La gravit\u00e9 <\/i><\/span><\/span><span style=\"color: #000000;\"><span style=\"font-size: medium;\"><i>assure<\/i><\/span><\/span><span style=\"color: #000000;\"><span style=\"font-size: medium;\"><i> que le sang dans notre corps maintien<\/i><\/span><\/span><span style=\"color: #000000;\"><span style=\"font-size: medium;\"><i>t<\/i><\/span><\/span><span style=\"color: #000000;\"><span style=\"font-size: medium;\"><i> un niveau de pression sanguine optimal. En position debout, la pression art\u00e9rielle dans nos pieds peut atteindre 200\u00a0mmHg (millim\u00e8tres de mercure). Dans le cerveau, en revanche, la pression n\u2019est que de 60 \u00e0 80\u00a0mmHg. Si l\u2019on supprime la gravit\u00e9, la pression art\u00e9rielle s\u2019\u00e9quilibre autour de 100\u00a0mmHg dans tout le corps. Notre visage se gonfle de liquide et nos jambes s\u2019amincissent parce que le liquide s\u2019\u00e9<\/i><\/span><\/span><span style=\"color: #000000;\"><span style=\"font-size: medium;\"><i>coul<\/i><\/span><\/span><span style=\"color: #000000;\"><span style=\"font-size: medium;\"><i>e. Le passage \u00e0 une pression art\u00e9rielle plus \u00e9lev\u00e9e dans la t\u00eate d\u00e9clenche une alarme indiquant que le corps a trop de sang. L\u2019augmentation de la pression sanguine peut faire saigner les vaisseaux sanguins. Les nerfs optiques peuvent gonfler, ce qui peut nuire \u00e0 la vision. L\u2019hypertension art\u00e9rielle peut entra\u00eener un accident vasculaire c\u00e9r\u00e9bral (AVC) qui peut endommager la zone du cerveau qui traite les images. Ainsi, la gravit\u00e9 agit comme une force importante qui aide \u00e0 maintenir la bonne pression aux bons endroits dans notre corps.<\/i><\/span><\/span><\/p>\n<\/blockquote>\n<p class=\"western\" align=\"justify\"><span style=\"color: #000000;\"><span style=\"font-size: medium;\">Schrepfer note que le syst\u00e8me immunitaire est \u00e9galement affect\u00e9\u00a0:<\/span><\/span><\/p>\n<blockquote class=\"western\">\n<p style=\"padding-left: 80px;\"><span style=\"color: #000000;\"><span style=\"font-size: medium;\"><i>Plus de la moiti\u00e9 des astronautes d\u2019Apollo souffraient d\u2019un probl\u00e8me immunitaire quelconque. Nous savions donc \u00e0 l\u2019\u00e9poque que le syst\u00e8me immunitaire ne fonctionnait pas bien dans l\u2019espace.<\/i><\/span><\/span><\/p>\n<\/blockquote>\n<p class=\"western\" align=\"justify\"><span style=\"color: #000000;\"><span style=\"font-size: medium;\">Il s\u2019agit des m\u00eames changements que ceux observ\u00e9s dans les syst\u00e8mes immunitaires moins robustes des personnes \u00e2g\u00e9es. Alors que sur Terre, ces changements prennent 30\u00a0ans, dans l\u2019espace, ils commencent \u00e0 se produire au bout de 30\u00a0minutes.<\/span><\/span><\/p>\n<p class=\"western\" align=\"justify\"><span style=\"color: #000000;\"><span style=\"font-size: medium;\">Lang a constat\u00e9 que les astronautes revenant d\u2019un s\u00e9jour de six mois dans la station spatiale internationale avaient perdu entre 6 et 9\u00a0% de la densit\u00e9 osseuse totale de leurs hanches, soit \u00e0 peu pr\u00e8s autant en un mois qu<\/span><\/span><span style=\"color: #000000;\"><span style=\"font-size: medium;\">e ce qu<\/span><\/span><span style=\"color: #000000;\"><span style=\"font-size: medium;\">\u2019une femme m\u00e9nopaus\u00e9e <\/span><\/span><span style=\"color: #000000;\"><span style=\"font-size: medium;\">perd <\/span><\/span><span style=\"color: #000000;\"><span style=\"font-size: medium;\">en un an.<\/span><\/span><\/p>\n<p class=\"western\" align=\"justify\"><span style=\"color: #000000;\"><span style=\"font-size: medium;\">Un <\/span><\/span><span style=\"color: #000080;\"><u><a href=\"https:\/\/www.nature.com\/scitable\/blog\/scibytes\/cosmic_travels_inc_the_effect\"><span style=\"color: #000000;\"><span style=\"font-size: medium;\"><b>rapport publi\u00e9<\/b><\/span><\/span><\/a><\/u><\/span><span style=\"color: #000000;\"><span style=\"font-size: medium;\"> en septembre 2024 par les Proceedings of the National Academy of Sciences (comptes rendus de l\u2019Acad\u00e9mie nationale des sciences) fait \u00e9tat de ce qui suit\u00a0:<\/span><\/span><\/p>\n<blockquote class=\"western\">\n<p style=\"padding-left: 80px;\"><span style=\"color: #000000;\"><span style=\"font-size: medium;\"><i>Apr\u00e8s un mois pass\u00e9 dans la station spatiale internationale, un ensemble de 48\u00a0\u00e9chantillons de tissus cardiaques humains issus de la bio-ing\u00e9nierie battait environ deux fois moins fort que des tissus similaires rest\u00e9s sur Terre.<\/i><\/span><\/span><\/p>\n<\/blockquote>\n<blockquote class=\"western\">\n<p style=\"padding-left: 80px;\"><span style=\"color: #000000;\"><span style=\"font-size: medium;\"><i>Les tissus se sont \u00e9galement affaiblis et ont commenc\u00e9 \u00e0 pr\u00e9senter des signes g\u00e9n\u00e9tiques d\u2019inflammation et de dommages oxydatifs, qui sont des caract\u00e9ristiques des maladies cardiaques.<\/i><\/span><\/span><\/p>\n<\/blockquote>\n<p class=\"western\" align=\"justify\"><span style=\"color: #000000;\"><span style=\"font-size: medium;\">En 2016, un <\/span><\/span><span style=\"color: #000080;\"><u><a href=\"https:\/\/www.nature.com\/scitable\/blog\/scibytes\/cosmic_travels_inc_the_effect\/\"><span style=\"color: #000000;\"><span style=\"font-size: medium;\"><b>article<\/b><\/span><\/span><\/a><\/u><\/span><span style=\"color: #000000;\"><span style=\"font-size: medium;\"> paru dans <\/span><\/span><span style=\"color: #000000;\"><span style=\"font-size: medium;\"><i>Nature<\/i><\/span><\/span><span style=\"color: #000000;\"><span style=\"font-size: medium;\"> d\u00e9crivait le sort de l\u2019astronaute Scott Kelly, qui souffrait \u00ab\u00a0d\u2019une perte de masse osseuse, d\u2019une atrophie des muscles et d\u2019une redistribution du sang dans son corps qui a mis son c\u0153ur \u00e0 rude \u00e9preuve\u00a0\u00bb.<\/span><\/span><\/p>\n<p class=\"western\" align=\"justify\"><span style=\"color: #000000;\"><span style=\"font-size: medium;\">Il semble que la taille m\u00eame des cellules de notre corps soit <\/span><\/span><span style=\"color: #000080;\"><u><a href=\"https:\/\/www.nature.com\/scitable\/blog\/scibytes\/cosmic_travels_inc_the_effect\/\"><span style=\"color: #000000;\"><span style=\"font-size: medium;\"><b>affect\u00e9e<\/b><\/span><\/span><\/a><\/u><\/span><span style=\"color: #000000;\"><span style=\"font-size: medium;\"> par les changements de <\/span><\/span><span style=\"color: #000000;\"><span style=\"font-size: medium;\">la <\/span><\/span><span style=\"color: #000000;\"><span style=\"font-size: medium;\">gravit\u00e9, avec toutes sortes d\u2019impacts en cascade.<\/span><\/span><\/p>\n<p class=\"western\" align=\"justify\"><span style=\"color: #000000;\"><span style=\"font-size: medium;\">Mais pourquoi ne pas s\u2019attendre \u00e0 ce que tous les aspects de notre fonctionnement physique et psychologique soient massivement affect\u00e9s par un changement aussi radical\u00a0? Comme le dit Thomas Lang, notre organisme tout entier est \u00ab\u00a0accord\u00e9\u00a0\u00bb \u00e0 notre niveau de gravit\u00e9. Est-il exag\u00e9r\u00e9 d\u2019imaginer qu\u2019il n\u2019est tout simplement pas possible pour les \u00eatres humains de passer de longues p\u00e9riodes de temps isol\u00e9s de ces exigences gravitationnelles pr\u00e9cises\u00a0?<\/span><\/span><\/p>\n<p class=\"western\" align=\"justify\"><strong><span style=\"color: #000000;\"><span style=\"font-size: medium;\"><b>Un pas de g\u00e9ant loin de l\u2019orgueil<\/b><\/span><\/span><\/strong><\/p>\n<p class=\"western\" align=\"justify\"><span style=\"color: #000000;\"><span style=\"font-size: medium;\">Bien qu\u2019elle soit n\u00e9e d\u2019une vision mat\u00e9rialiste, militariste et non spirituelle du monde, la \u00ab\u00a0course \u00e0 l\u2019espace\u00a0\u00bb a toujours \u00e9t\u00e9 ancr\u00e9e dans une id\u00e9e quasi religieuse\u00a0: la nature humaine, ou peut-\u00eatre la <\/span><\/span><span style=\"color: #000000;\"><span style=\"font-size: medium;\">V<\/span><\/span><span style=\"color: #000000;\"><span style=\"font-size: medium;\">ie est intrins\u00e8quement expansive, extravertie (bien que, simultan\u00e9ment, le \u00ab\u00a0progr\u00e8s\u00a0\u00bb soit cens\u00e9 consister \u00e0 <\/span><\/span><em><span style=\"color: #000000;\"><span style=\"font-size: medium;\"><i>transcender la <\/i><\/span><\/span><\/em><span style=\"color: #000000;\"><span style=\"font-size: medium;\">nature). Notre <\/span><\/span><em><span style=\"color: #000000;\"><span style=\"font-size: medium;\">\u00ab\u00a0<\/span><\/span><\/em><em><span style=\"color: #000000;\"><span style=\"font-size: medium;\"><i>destin\u00a0\u00bb est<\/i><\/span><\/span><\/em><span style=\"color: #000000;\"><span style=\"font-size: medium;\"> en quelque sorte de se d\u00e9placer dans l\u2019univers.<\/span><\/span><\/p>\n<p class=\"western\" align=\"justify\"><span style=\"color: #000000;\"><span style=\"font-size: medium;\">Cette superstition est renforc\u00e9e par les astronautes qui arborent g\u00e9n\u00e9ralement le sourire b\u00e9atifique d\u2019une caste sacerdotale accomplissant, sinon l\u2019\u0153uvre de Dieu, du moins celle de la s\u00e9lection naturelle, de la Vie, alors qu\u2019ils se pr\u00e9parent \u00e0 notre prochain \u00ab\u00a0saut de g\u00e9ant\u00a0\u00bb.<\/span><\/span><\/p>\n<p class=\"western\" align=\"justify\"><span style=\"color: #000000;\"><span style=\"font-size: medium;\">Mais cette version du \u00ab\u00a0progr\u00e8s\u00a0\u00bb est peut-\u00eatre une interpr\u00e9tation totalement erron\u00e9e des besoins et de la nature de notre vie sur cette plan\u00e8te.<\/span><\/span><\/p>\n<p class=\"western\" align=\"justify\"><span style=\"color: #000000;\"><span style=\"font-size: medium;\">Peut-on concevoir une version diff\u00e9rente\u00a0? Le \u00ab\u00a0progr\u00e8s\u00a0\u00bb pourrait-il signifier <\/span><\/span><em><span style=\"color: #000000;\"><span style=\"font-size: medium;\"><i>le rejet de l\u2019<\/i><\/span><\/span><\/em><span style=\"color: #000000;\"><span style=\"font-size: medium;\">id\u00e9e que nous pouvons ou devons essayer de \u00ab\u00a0conqu\u00e9rir\u00a0\u00bb et de \u00ab\u00a0transcender\u00a0\u00bb la nature\u00a0? Le \u00ab\u00a0progr\u00e8s\u00a0\u00bb pourrait-il, au contraire, consister \u00e0 nous <\/span><\/span><em><span style=\"color: #000000;\"><span style=\"font-size: medium;\"><i>adapter<\/i><\/span><\/span><\/em><span style=\"color: #000000;\"><span style=\"font-size: medium;\">, en tant qu\u2019individus et soci\u00e9t\u00e9s, de mani\u00e8re toujours plus judicieuse et sensible au monde qui nous entoure\u00a0? Le \u00ab\u00a0progr\u00e8s\u00a0\u00bb pourrait-il signifier comprendre le fonctionnement de la nature et \u00e9viter de causer des dommages catastrophiques \u00e0 la fois \u00e0 nous-m\u00eames et aux autres\u00a0?<\/span><\/span><\/p>\n<p class=\"western\" align=\"justify\"><span style=\"color: #000000;\"><span style=\"font-size: medium;\">Prenons l\u2019exemple d\u2019un besoin essentiel \u00e0 la survie\u00a0: la nourriture. Le produit industriel d\u00e9sastreux que nous appelons \u00ab\u00a0aliments transform\u00e9s\u00a0\u00bb pourrait tout aussi bien \u00eatre appel\u00e9 \u00ab\u00a0aliments du progr\u00e8s\u00a0\u00bb. Le cardiologue William Davis commente\u00a0:<\/span><\/span><\/p>\n<blockquote class=\"western\">\n<p style=\"padding-left: 80px;\"><span style=\"color: #000000;\"><span style=\"font-size: medium;\"><i>Sur les 60\u00a0000\u00a0produits que l\u2019on trouve dans les rayons d\u2019un supermarch\u00e9 typique, seule une poign\u00e9e est r\u00e9ellement saine et s\u00fbre. C\u2019est un exemple frappant de la fa\u00e7on dont des conseils alimentaires mal orient\u00e9s et la recherche de profits peuvent converger pour faire prolif\u00e9rer des aliments malsains, augmentant les b\u00e9n\u00e9fices de l\u2019industrie agroalimentaire. (William Davis, \u00ab\u00a0Undoctored\u00a0\u00bb, Rodale, 2017, p.141).<\/i><\/span><\/span><\/p>\n<\/blockquote>\n<p class=\"western\" align=\"justify\"><span style=\"color: #000000;\"><span style=\"font-size: medium;\">Davis ajoute\u00a0:<\/span><\/span><\/p>\n<blockquote class=\"western\">\n<p style=\"padding-left: 80px;\"><span style=\"color: #000000;\"><span style=\"font-size: medium;\"><i>Les aliments transform\u00e9s sont des mines terrestres de sucre, de sirop de ma\u00efs \u00e0 haute teneur en fructose, de bl\u00e9 et de ma\u00efs, d\u2019huiles hydrog\u00e9n\u00e9es, de nitrate de sodium, de r\u00e9sidus d\u2019herbicides et de pesticides, d\u2019ingr\u00e9dients g\u00e9n\u00e9tiquement modifi\u00e9s contenant la toxine Bt et du glyphosate, d\u2019hormone de croissance bovine, de r\u00e9sidus d\u2019antibiotiques, d\u2019acrylamides, d\u2019aspartame, de colorants alimentaires synth\u00e9tiques, et m\u00eame d\u2019arsenic.<\/i><\/span><\/span><\/p>\n<\/blockquote>\n<p class=\"western\" align=\"justify\"><span style=\"color: #000000;\"><span style=\"font-size: medium;\">Davis sugg\u00e8re d\u2019\u00e9tudier attentivement les \u00e9tiquettes des produits alimentaires transform\u00e9s, de retirer les produits contenant ces ingr\u00e9dients et \u00ab\u00a0il ne restera presque plus rien\u00a0\u00bb. (p.142)<\/span><\/span><\/p>\n<p class=\"western\" align=\"justify\"><span style=\"color: #000000;\"><span style=\"font-size: medium;\">Notre soci\u00e9t\u00e9 technologiquement \u00ab\u00a0am\u00e9lior\u00e9e\u00a0\u00bb est en proie \u00e0 des \u00e9pid\u00e9mies d\u2019ob\u00e9sit\u00e9, de diab\u00e8te, d\u2019Alzheimer, de cancer, de d\u00e9pression, d\u2019anxi\u00e9t\u00e9, d\u2019insomnie et de nombreux autres maux. Face \u00e0 cette situation, les experts en di\u00e9t\u00e9tique et en m\u00e9decine recommandent des exercices et des aliments compatibles avec notre pass\u00e9 \u00e9volutif. Il s\u2019av\u00e8re que nous sommes mieux soutenus par des aliments frais et biologiques, fra\u00eechement cuisin\u00e9s, provenant de sources locales et suivant un r\u00e9gime \u00e0 peu pr\u00e8s m\u00e9diterran\u00e9en. Il s\u2019av\u00e8re que les aliments du \u00ab\u00a0progr\u00e8s\u00a0\u00bb sont des poisons. Davis \u00e0 nouveau\u00a0:<\/span><\/span><\/p>\n<blockquote class=\"western\">\n<p style=\"padding-left: 80px;\"><span style=\"color: #000000;\"><span style=\"font-size: medium;\"><i>Choisissez des aliments vrais, compos\u00e9s d\u2019un seul ingr\u00e9dient et aussi proches que possible de leur \u00e9tat naturel. (p.143)<\/i><\/span><\/span><\/p>\n<\/blockquote>\n<p class=\"western\" align=\"justify\"><span style=\"color: #000000;\"><span style=\"font-size: medium;\">Une orange \u00e0 ingr\u00e9dient unique est bonne pour nous. Le <\/span><\/span><em><span style=\"color: #000000;\"><span style=\"font-size: medium;\"><i>jus d\u2019<\/i><\/span><\/span><\/em><span style=\"color: #000000;\"><span style=\"font-size: medium;\">orange d\u00e9pourvu de sa pulpe fibreuse g\u00e9n\u00e8re un pic de sucre nocif pour notre c\u0153ur et notre cerveau. Nous avons besoin des fibres, de l\u2019orange \u00e0 l\u2019\u00e9tat naturel.<\/span><\/span><\/p>\n<p class=\"western\" align=\"justify\"><span style=\"color: #000000;\"><span style=\"font-size: medium;\">Il s\u2019av\u00e8re qu\u2019en mati\u00e8re de sant\u00e9 alimentaire, le \u00ab\u00a0stationnaire\u00a0\u00bb, apr\u00e8s tout, \u00e9tait une bonne chose. Ce que nous avons \u00e9volu\u00e9 pour manger est bon pour nous, tandis que ce qui a \u00e9t\u00e9 \u00ab\u00a0<\/span><\/span><span style=\"color: #000000;\"><span style=\"font-size: medium;\">plus <\/span><\/span><span style=\"color: #000000;\"><span style=\"font-size: medium;\">am\u00e9lior\u00e9\u00a0\u00bb est mauvais.<\/span><\/span><\/p>\n<p class=\"western\" align=\"justify\"><span style=\"color: #000000;\"><span style=\"font-size: medium;\">Il y a d\u2019autres cons\u00e9quences, bien s\u00fbr. Nos conditions m\u00e9t\u00e9orologiques \u00ab\u00a0am\u00e9lior\u00e9es\u00a0\u00bb frappent de plein fouet les cultures vivri\u00e8res du monde entier. Au Royaume-Uni, cet automne, des conditions m\u00e9t\u00e9orologiques extr\u00eames ont r\u00e9duit les r\u00e9coltes de raisin de 33 \u00e0 75\u00a0%, de bl\u00e9 de 21\u00a0%, d\u2019orge de 26\u00a0% et de colza de 32\u00a0%. Colin Chappell, agriculteur dans le Lincolnshire, <\/span><\/span><span style=\"color: #000080;\"><u><span style=\"color: #000000;\"><span style=\"font-size: medium;\"><b><a href=\"https:\/\/www.theguardian.com\/environment\/2024\/oct\/10\/harvest-in-england-the-second-worst-on-record-because-of-wet-weather\">a d\u00e9clar\u00e9<\/a>\u00a0<\/b><\/span><\/span><\/u><\/span><span style=\"color: #000000;\"><span style=\"font-size: medium;\">:<\/span><\/span><\/p>\n<blockquote class=\"western\">\n<p style=\"padding-left: 80px;\"><span style=\"color: #000000;\"><span style=\"font-size: medium;\"><i>Nous arrivons \u00e0 une situation o\u00f9 les plantations d\u2019automne ne sont plus viables en raison des inondations et o\u00f9 les plantations de printemps sont risqu\u00e9es en raison de la s\u00e9cheresse.<\/i><\/span><\/span><\/p>\n<\/blockquote>\n<p class=\"western\" align=\"justify\"><span style=\"color: #000000;\"><span style=\"font-size: medium;\">D\u2019autres pays sont frapp\u00e9s aussi durement, voire plus durement.<\/span><\/span><\/p>\n<p class=\"western\" align=\"justify\"><span style=\"color: #000000;\"><span style=\"font-size: medium;\">Une version alternative du \u00ab\u00a0progr\u00e8s\u00a0\u00bb pourrait consister \u00e0 exposer la v\u00e9rit\u00e9 selon laquelle la version du \u00ab\u00a0progr\u00e8s\u00a0\u00bb bas\u00e9e sur la science et la haute technologie, bien que profitable \u00e0 court terme, est de nature <\/span><\/span><em><span style=\"color: #000000;\"><span style=\"font-size: medium;\"><i>pyrrhique<\/i><\/span><\/span><\/em><span style=\"color: #000000;\"><span style=\"font-size: medium;\">, entra\u00eenant un d\u00e9sastre \u00e0 plus long terme.<\/span><\/span><\/p>\n<p class=\"western\" align=\"justify\"><span style=\"color: #000000;\"><span style=\"font-size: medium;\">Lorsque nous \u00ab\u00a0am\u00e9liorons\u00a0\u00bb le monde avec du plastique, n\u2019empoisonnons-nous pas les mers, y compris nous-m\u00eames, avec du microplastique\u00a0? Lorsque nous \u00ab\u00a0am\u00e9liorons\u00a0\u00bb nos vies avec le charbon, les voitures et le capitalisme, n\u2019acc\u00e9l\u00e9rons-nous pas vers l\u2019ab\u00eeme de la catastrophe climatique\u00a0? Lorsque nous \u00ab\u00a0am\u00e9liorons\u00a0\u00bb la communication \u00e0 longue distance, ne le faisons-nous pas au d\u00e9triment de la communication \u00e0 courte distance, alors que les enfants, les adolescents <\/span><\/span><span style=\"color: #000000;\"><span style=\"font-size: medium;\">et<\/span><\/span><span style=\"color: #000000;\"><span style=\"font-size: medium;\"> nous tous disparaissons dans nos \u00e9crans tactiles\u00a0?<\/span><\/span><\/p>\n<p class=\"western\" align=\"justify\"><strong><span style=\"color: #000000;\"><span style=\"font-size: medium;\"><b>Progre<\/b><\/span><\/span><\/strong><strong><span style=\"color: #000000;\"><span style=\"font-size: medium;\"><b>sser en <\/b><\/span><\/span><\/strong><strong><span style=\"color: #000000;\"><span style=\"font-size: medium;\"><b>s\u2019asse<\/b><\/span><\/span><\/strong><strong><span style=\"color: #000000;\"><span style=\"font-size: medium;\"><b>yant<\/b><\/span><\/span><\/strong><strong><span style=\"color: #000000;\"><span style=\"font-size: medium;\"><b> tranquillement, <\/b><\/span><\/span><\/strong><strong><span style=\"color: #000000;\"><span style=\"font-size: medium;\"><b>sans<\/b><\/span><\/span><\/strong><strong><span style=\"color: #000000;\"><span style=\"font-size: medium;\"><b> rien faire<\/b><\/span><\/span><\/strong><\/p>\n<p class=\"western\" align=\"justify\"><span style=\"color: #000000;\"><span style=\"font-size: medium;\">Des mystiques \u00e9<\/span><\/span><span style=\"color: #000000;\"><span style=\"font-size: medium;\">veill<\/span><\/span><span style=\"color: #000000;\"><span style=\"font-size: medium;\">\u00e9s comme Chuang Tzu, Lao Tse et Lieh Tzu \u2014 les \u00ab\u00a0sages et philosophes\u00a0\u00bb chinois (\u00ab\u00a0dans certaines limites\u00a0\u00bb) <\/span><\/span><span style=\"color: #000000;\"><span style=\"font-size: medium;\">fr\u00e9quent<\/span><\/span><span style=\"color: #000000;\"><span style=\"font-size: medium;\">\u00e9s par Mill \u2014 ont examin\u00e9 en profondeur l\u2019esprit humain et identifi\u00e9 une caract\u00e9ristique fondamentale\u00a0: l\u2019esprit ne s\u2019int\u00e9resse pas \u00e0 ce qu\u2019il <\/span><\/span><span style=\"color: #000000;\"><span style=\"font-size: medium;\">poss\u00e8de<\/span><\/span><span style=\"color: #000000;\"><span style=\"font-size: medium;\">, \u00e0 ce qui est \u00ab\u00a0ici\u00a0\u00bb et \u00ab\u00a0maintenant\u00a0\u00bb. Il s\u2019int\u00e9resse \u00e0 ce qu\u2019il n\u2019a pas, \u00e0 ce qui est \u00ab\u00a0l\u00e0-<\/span><\/span><span style=\"color: #000000;\"><span style=\"font-size: medium;\">bas<\/span><\/span><span style=\"color: #000000;\"><span style=\"font-size: medium;\">\u00a0\u00bb et \u00ab\u00a0alors\u00a0\u00bb.<\/span><\/span><\/p>\n<p class=\"western\" align=\"justify\"><span style=\"color: #000000;\"><span style=\"font-size: medium;\">L\u2019esprit humain vit dans un pass\u00e9 et un avenir imaginaires. Il est \u00e0 peine conscient d\u2019un moment pr\u00e9sent consid\u00e9r\u00e9 comme un obstacle pour atteindre l\u2019herbe plus verte d\u2019un \u00ab\u00a0meilleur\u00a0\u00bb moment \u00e0 venir. Nous ne sommes pas vraiment \u00ab\u00a0ici\u00a0\u00bb, nous ne sommes pas vraiment \u00e9veill\u00e9s\u00a0; nous sommes perdus dans un r\u00eave d\u2019ailleurs et d\u2019autrefois. C\u2019est ainsi que nous remarquons \u00e0 peine que le monde actuel est en train de s\u2019effondrer.<\/span><\/span><\/p>\n<p class=\"western\" align=\"justify\"><span style=\"color: #000000;\"><span style=\"font-size: medium;\">Le lointain est une toile vierge sur laquelle l\u2019esprit projette son r\u00eave de perfection, et aucune toile n\u2019est plus lointaine et vierge que le voyage \u00ab\u00a0<\/span><\/span><span style=\"color: #000000;\"><span style=\"font-size: medium;\">vers<\/span><\/span><span style=\"color: #000000;\"><span style=\"font-size: medium;\"> les \u00e9toiles\u00a0\u00bb. Mais la promesse est creuse \u2014 l<\/span><\/span><span style=\"color: #000000;\"><span style=\"font-size: medium;\">e futur \u00ab\u00a0incroyable\u00a0\u00bb<\/span><\/span><span style=\"color: #000000;\"><span style=\"font-size: medium;\"> finit par devenir le pr\u00e9sent \u00ab\u00a0inint\u00e9ressant\u00a0\u00bb et est remplac\u00e9 par une autre toile vierge sur laquelle peindre un nouveau r\u00eave. C\u2019est un processus sans fin d\u2019auto-illusion et de d\u00e9ception.<\/span><\/span><\/p>\n<p class=\"western\" align=\"justify\"><span style=\"color: #000000;\"><span style=\"font-size: medium;\">Le v\u00e9ritable progr\u00e8s est celui d\u00e9crit par le mystique japonais Basho, r\u00e9solument \u00ab\u00a0stationnaire\u00a0\u00bb\u00a0:<\/span><\/span><\/p>\n<blockquote class=\"western\">\n<p style=\"padding-left: 80px;\"><span style=\"color: #000000;\"><span style=\"font-size: medium;\"><i>S\u2019asseoir tranquillement, <\/i><\/span><\/span><span style=\"color: #000000;\"><span style=\"font-size: medium;\"><i>sans<\/i><\/span><\/span><span style=\"color: #000000;\"><span style=\"font-size: medium;\"><i> rien faire,<\/i><\/span><\/span><\/p>\n<\/blockquote>\n<blockquote class=\"western\" style=\"padding-left: 80px;\"><p><span style=\"color: #000000;\"><span style=\"font-size: medium;\"><i>Le printemps arrive et l\u2019herbe pousse toute seule.<\/i><\/span><\/span><\/p><\/blockquote>\n<p class=\"western\" align=\"justify\"><span style=\"color: #000000;\"><span style=\"font-size: medium;\">Lorsque nous rentrons enfin chez nous apr\u00e8s nos interminables voyages dans un avenir et un pass\u00e9 imaginaires, lorsque nous nous asseyons, pleinement concentr\u00e9s sur l\u2019exp\u00e9rience de la vie \u00ab\u00a0ici\u00a0\u00bb et \u00ab\u00a0maintenant\u00a0\u00bb, une incroyable aventure dans le moment pr\u00e9sent commence. Le monde commence enfin \u00e0 devenir vivant pour nous. Pour le moderne \u00e0 la t\u00eate pi\u00e9g\u00e9e et au c\u0153ur de carton, le printemps arrive, l\u2019herbe commence \u00e0 pousser.<\/span><\/span><\/p>\n<p class=\"western\" align=\"justify\"><span style=\"color: #000000;\"><span style=\"font-size: medium;\">C\u2019est un territoire inconnu \u2014 nous n\u2019avons pas \u00e9t\u00e9 \u00ab\u00a0ici\u00a0\u00bb, \u00ab\u00a0maintenant\u00a0\u00bb, depuis notre enfance. Nous nous d\u00e9tendons, vraiment, pour la premi\u00e8re fois. Une vague de bonheur inexplicable \u2014 et quelque chose d\u2019autre, l\u2019amour \u2014 surgit dans notre c\u0153ur et notre bas-ventre. Il semble impossible de rester assis sans rien faire, mais c\u2019est ainsi\u00a0!<\/span><\/span><\/p>\n<p class=\"western\" align=\"justify\"><span style=\"color: #000000;\"><span style=\"font-size: medium;\">\u00c0 ce moment-l\u00e0, les id\u00e9es de \u00ab\u00a0progr\u00e8s\u00a0\u00bb semblent totalement absurdes \u2014 de quoi avons-nous besoin de plus que d\u2019amour et de bonheur\u00a0? Nous devenons aussi glorieux que n\u2019importe quel \u00ab\u00a0enfant des \u00e9toiles\u00a0\u00bb dans n\u2019importe quel<\/span><\/span><span style=\"color: #000000;\"><span style=\"font-size: medium;\">le<\/span><\/span><span style=\"color: #000000;\"><span style=\"font-size: medium;\"> fanta<\/span><\/span><span style=\"color: #000000;\"><span style=\"font-size: medium;\">isie <\/span><\/span><span style=\"color: #000000;\"><span style=\"font-size: medium;\">de science-fiction.<\/span><\/span><\/p>\n<p class=\"western\" align=\"justify\"><span style=\"color: #000000;\"><span style=\"font-size: medium;\">C\u2019est l\u00e0 le v\u00e9ritable voyage. Le v\u00e9ritable progr\u00e8s consiste \u00e0 revenir de nos \u00ab\u00a0am\u00e9liorations\u00a0\u00bb \u00e0 une nouvelle appr\u00e9ciation de la perfection qui existe d\u00e9j\u00e0.<\/span><\/span><\/p>\n<p class=\"western\" align=\"justify\"><span style=\"color: #000000;\"><span style=\"font-size: medium;\">David Edwards est co-\u00e9diteur de medialens.org et auteur d\u2019un ouvrage \u00e0 para\u00eetre, \u00ab\u00a0<\/span><\/span><em><span style=\"color: #000000;\"><span style=\"font-size: medium;\"><i>A Short Book About Ego\u2026 And The Remedy of Meditation\u201d<\/i><\/span><\/span><\/em><span style=\"color: #000000;\"><span style=\"font-size: medium;\"> (<\/span><\/span><em><span style=\"color: #000000;\"><span style=\"font-size: medium;\"><i>Un petit livre sur l\u2019ego\u2026 et le rem\u00e8de de la m\u00e9ditation<\/i><\/span><\/span><\/em><span style=\"color: #000000;\"><span style=\"font-size: medium;\">), Mantra Books, 2025.<\/span><\/span><\/p>\n<p class=\"western\" align=\"justify\"><span style=\"color: #000000;\"><span style=\"font-size: medium;\">Courriel\u00a0: <\/span><\/span><span style=\"color: #000080;\"><u><a href=\"mailto:davidmedialens@gmail.com\"><span style=\"color: #000000;\"><span style=\"font-size: medium;\"><b>davidmedialens@gmail.com<\/b><\/span><\/span><\/a><\/u><\/span><\/p>\n<p class=\"western\" align=\"justify\"><span style=\"color: #000000;\"><span style=\"font-family: Times New Roman, serif;\"><span style=\"font-size: medium;\">Texte original\u00a0: <\/span><\/span><\/span><span style=\"color: #000000;\"><span style=\"font-size: medium;\"><u><b>https:\/\/www.medialens.org\/2024\/expanding-beyond-earth-the-illusions-of-progress\/<\/b><\/u><\/span><\/span><\/p>\n","protected":false},"excerpt":{"rendered":"<p>17\u00a0octobre 2024 En 1859, le philosophe anglais John Stuart Mill \u00e9crivait que la Chine offrait un \u00ab\u00a0exemple d\u2019avertissement\u00a0\u00bb \u00e0 l\u2019Occident. En effet, Mill conc\u00e9dait que la culture chinoise a b\u00e9n\u00e9fici\u00e9 \u00ab\u00a0d\u2019hommes auxquels les Europ\u00e9ens les plus \u00e9clair\u00e9s doivent accorder, dans certaines limites, le titre de sages et de philosophes\u00a0\u00bb, mais l\u2019esprit chinois a depuis longtemps [&hellip;]<\/p>\n","protected":false},"author":2,"featured_media":19369,"comment_status":"closed","ping_status":"closed","sticky":false,"template":"","format":"standard","meta":{"footnotes":""},"categories":[1731],"tags":[37,457,55,56,2008],"class_list":["post-20252","post","type-post","status-publish","format-standard","has-post-thumbnail","hentry","category-edwards-david","tag-conscience","tag-ecologie","tag-illusion","tag-present","tag-progres"],"yoast_head":"<!-- This site is optimized with the Yoast SEO plugin v27.0 - https:\/\/yoast.com\/product\/yoast-seo-wordpress\/ -->\n<title>L\u2019expansion au-del\u00e0 de la Terre \u2014 Les illusions du progr\u00e8s par David Edwards - 3e mill\u00e9naire - Spiritualit\u00e9 - Connaissance de soi - Non-dualit\u00e9 - M\u00e9ditation<\/title>\n<meta name=\"robots\" content=\"index, follow, max-snippet:-1, max-image-preview:large, max-video-preview:-1\" \/>\n<link rel=\"canonical\" href=\"https:\/\/www.revue3emillenaire.com\/blog\/lexpansion-au-dela-de-la-terre-les-illusions-du-progres-par-david-edwards\/\" \/>\n<meta property=\"og:locale\" content=\"fr_FR\" \/>\n<meta property=\"og:type\" content=\"article\" \/>\n<meta property=\"og:title\" content=\"L\u2019expansion au-del\u00e0 de la Terre \u2014 Les illusions du progr\u00e8s par David Edwards - 3e mill\u00e9naire - Spiritualit\u00e9 - Connaissance de soi - Non-dualit\u00e9 - M\u00e9ditation\" \/>\n<meta property=\"og:description\" content=\"17\u00a0octobre 2024 En 1859, le philosophe anglais John Stuart Mill \u00e9crivait que la Chine offrait un \u00ab\u00a0exemple d\u2019avertissement\u00a0\u00bb \u00e0 l\u2019Occident. En effet, Mill conc\u00e9dait que la culture chinoise a b\u00e9n\u00e9fici\u00e9 \u00ab\u00a0d\u2019hommes auxquels les Europ\u00e9ens les plus \u00e9clair\u00e9s doivent accorder, dans certaines limites, le titre de sages et de philosophes\u00a0\u00bb, mais l\u2019esprit chinois a depuis longtemps [&hellip;]\" \/>\n<meta property=\"og:url\" content=\"https:\/\/www.revue3emillenaire.com\/blog\/lexpansion-au-dela-de-la-terre-les-illusions-du-progres-par-david-edwards\/\" \/>\n<meta property=\"og:site_name\" content=\"3e mill\u00e9naire - Spiritualit\u00e9 - Connaissance de soi - Non-dualit\u00e9 - M\u00e9ditation\" \/>\n<meta property=\"article:published_time\" content=\"2024-10-17T21:21:44+00:00\" \/>\n<meta property=\"article:modified_time\" content=\"2024-10-17T21:22:27+00:00\" \/>\n<meta property=\"og:image\" content=\"https:\/\/www.revue3emillenaire.com\/blog\/wp-content\/uploads\/2023\/07\/David-Edwards.jpg\" \/>\n\t<meta property=\"og:image:width\" content=\"111\" \/>\n\t<meta property=\"og:image:height\" content=\"138\" \/>\n\t<meta property=\"og:image:type\" content=\"image\/jpeg\" \/>\n<meta name=\"author\" content=\"3e mill\u00e9naire\" \/>\n<meta name=\"twitter:card\" content=\"summary_large_image\" \/>\n<meta name=\"twitter:label1\" content=\"\u00c9crit par\" \/>\n\t<meta name=\"twitter:data1\" content=\"3e mill\u00e9naire\" \/>\n\t<meta name=\"twitter:label2\" content=\"Dur\u00e9e de lecture estim\u00e9e\" \/>\n\t<meta name=\"twitter:data2\" content=\"13 minutes\" \/>\n<script type=\"application\/ld+json\" class=\"yoast-schema-graph\">{\"@context\":\"https:\/\/schema.org\",\"@graph\":[{\"@type\":\"Article\",\"@id\":\"https:\/\/www.revue3emillenaire.com\/blog\/lexpansion-au-dela-de-la-terre-les-illusions-du-progres-par-david-edwards\/#article\",\"isPartOf\":{\"@id\":\"https:\/\/www.revue3emillenaire.com\/blog\/lexpansion-au-dela-de-la-terre-les-illusions-du-progres-par-david-edwards\/\"},\"author\":{\"name\":\"3e mill\u00e9naire\",\"@id\":\"https:\/\/www.revue3emillenaire.com\/blog\/#\/schema\/person\/b692dacff720a5344a6190bc714397eb\"},\"headline\":\"L\u2019expansion au-del\u00e0 de la Terre \u2014 Les illusions du progr\u00e8s par David Edwards\",\"datePublished\":\"2024-10-17T21:21:44+00:00\",\"dateModified\":\"2024-10-17T21:22:27+00:00\",\"mainEntityOfPage\":{\"@id\":\"https:\/\/www.revue3emillenaire.com\/blog\/lexpansion-au-dela-de-la-terre-les-illusions-du-progres-par-david-edwards\/\"},\"wordCount\":3679,\"image\":{\"@id\":\"https:\/\/www.revue3emillenaire.com\/blog\/lexpansion-au-dela-de-la-terre-les-illusions-du-progres-par-david-edwards\/#primaryimage\"},\"thumbnailUrl\":\"https:\/\/www.revue3emillenaire.com\/blog\/wp-content\/uploads\/2023\/07\/David-Edwards.jpg\",\"keywords\":[\"Conscience\",\"\u00e9cologie\",\"Illusion\",\"Pr\u00e9sent\",\"Progr\u00e8s\"],\"articleSection\":[\"Edwards David\"],\"inLanguage\":\"fr-FR\"},{\"@type\":\"WebPage\",\"@id\":\"https:\/\/www.revue3emillenaire.com\/blog\/lexpansion-au-dela-de-la-terre-les-illusions-du-progres-par-david-edwards\/\",\"url\":\"https:\/\/www.revue3emillenaire.com\/blog\/lexpansion-au-dela-de-la-terre-les-illusions-du-progres-par-david-edwards\/\",\"name\":\"L\u2019expansion au-del\u00e0 de la Terre \u2014 Les illusions du progr\u00e8s par David Edwards - 3e mill\u00e9naire - Spiritualit\u00e9 - Connaissance de soi - Non-dualit\u00e9 - M\u00e9ditation\",\"isPartOf\":{\"@id\":\"https:\/\/www.revue3emillenaire.com\/blog\/#website\"},\"primaryImageOfPage\":{\"@id\":\"https:\/\/www.revue3emillenaire.com\/blog\/lexpansion-au-dela-de-la-terre-les-illusions-du-progres-par-david-edwards\/#primaryimage\"},\"image\":{\"@id\":\"https:\/\/www.revue3emillenaire.com\/blog\/lexpansion-au-dela-de-la-terre-les-illusions-du-progres-par-david-edwards\/#primaryimage\"},\"thumbnailUrl\":\"https:\/\/www.revue3emillenaire.com\/blog\/wp-content\/uploads\/2023\/07\/David-Edwards.jpg\",\"datePublished\":\"2024-10-17T21:21:44+00:00\",\"dateModified\":\"2024-10-17T21:22:27+00:00\",\"author\":{\"@id\":\"https:\/\/www.revue3emillenaire.com\/blog\/#\/schema\/person\/b692dacff720a5344a6190bc714397eb\"},\"breadcrumb\":{\"@id\":\"https:\/\/www.revue3emillenaire.com\/blog\/lexpansion-au-dela-de-la-terre-les-illusions-du-progres-par-david-edwards\/#breadcrumb\"},\"inLanguage\":\"fr-FR\",\"potentialAction\":[{\"@type\":\"ReadAction\",\"target\":[\"https:\/\/www.revue3emillenaire.com\/blog\/lexpansion-au-dela-de-la-terre-les-illusions-du-progres-par-david-edwards\/\"]}]},{\"@type\":\"ImageObject\",\"inLanguage\":\"fr-FR\",\"@id\":\"https:\/\/www.revue3emillenaire.com\/blog\/lexpansion-au-dela-de-la-terre-les-illusions-du-progres-par-david-edwards\/#primaryimage\",\"url\":\"https:\/\/www.revue3emillenaire.com\/blog\/wp-content\/uploads\/2023\/07\/David-Edwards.jpg\",\"contentUrl\":\"https:\/\/www.revue3emillenaire.com\/blog\/wp-content\/uploads\/2023\/07\/David-Edwards.jpg\",\"width\":111,\"height\":138},{\"@type\":\"BreadcrumbList\",\"@id\":\"https:\/\/www.revue3emillenaire.com\/blog\/lexpansion-au-dela-de-la-terre-les-illusions-du-progres-par-david-edwards\/#breadcrumb\",\"itemListElement\":[{\"@type\":\"ListItem\",\"position\":1,\"name\":\"Accueil\",\"item\":\"https:\/\/www.revue3emillenaire.com\/blog\/\"},{\"@type\":\"ListItem\",\"position\":2,\"name\":\"L\u2019expansion au-del\u00e0 de la Terre \u2014 Les illusions du progr\u00e8s par David Edwards\"}]},{\"@type\":\"WebSite\",\"@id\":\"https:\/\/www.revue3emillenaire.com\/blog\/#website\",\"url\":\"https:\/\/www.revue3emillenaire.com\/blog\/\",\"name\":\"3e mill\u00e9naire - Spiritualit\u00e9 - Connaissance de soi - Non-dualit\u00e9 - M\u00e9ditation\",\"description\":\"L&#039;Homme en devenir\",\"potentialAction\":[{\"@type\":\"SearchAction\",\"target\":{\"@type\":\"EntryPoint\",\"urlTemplate\":\"https:\/\/www.revue3emillenaire.com\/blog\/?s={search_term_string}\"},\"query-input\":{\"@type\":\"PropertyValueSpecification\",\"valueRequired\":true,\"valueName\":\"search_term_string\"}}],\"inLanguage\":\"fr-FR\"},{\"@type\":\"Person\",\"@id\":\"https:\/\/www.revue3emillenaire.com\/blog\/#\/schema\/person\/b692dacff720a5344a6190bc714397eb\",\"name\":\"3e mill\u00e9naire\",\"url\":\"https:\/\/www.revue3emillenaire.com\/blog\/author\/scoussa\/\"}]}<\/script>\n<!-- \/ Yoast SEO plugin. -->","yoast_head_json":{"title":"L\u2019expansion au-del\u00e0 de la Terre \u2014 Les illusions du progr\u00e8s par David Edwards - 3e mill\u00e9naire - Spiritualit\u00e9 - Connaissance de soi - Non-dualit\u00e9 - M\u00e9ditation","robots":{"index":"index","follow":"follow","max-snippet":"max-snippet:-1","max-image-preview":"max-image-preview:large","max-video-preview":"max-video-preview:-1"},"canonical":"https:\/\/www.revue3emillenaire.com\/blog\/lexpansion-au-dela-de-la-terre-les-illusions-du-progres-par-david-edwards\/","og_locale":"fr_FR","og_type":"article","og_title":"L\u2019expansion au-del\u00e0 de la Terre \u2014 Les illusions du progr\u00e8s par David Edwards - 3e mill\u00e9naire - Spiritualit\u00e9 - Connaissance de soi - Non-dualit\u00e9 - M\u00e9ditation","og_description":"17\u00a0octobre 2024 En 1859, le philosophe anglais John Stuart Mill \u00e9crivait que la Chine offrait un \u00ab\u00a0exemple d\u2019avertissement\u00a0\u00bb \u00e0 l\u2019Occident. En effet, Mill conc\u00e9dait que la culture chinoise a b\u00e9n\u00e9fici\u00e9 \u00ab\u00a0d\u2019hommes auxquels les Europ\u00e9ens les plus \u00e9clair\u00e9s doivent accorder, dans certaines limites, le titre de sages et de philosophes\u00a0\u00bb, mais l\u2019esprit chinois a depuis longtemps [&hellip;]","og_url":"https:\/\/www.revue3emillenaire.com\/blog\/lexpansion-au-dela-de-la-terre-les-illusions-du-progres-par-david-edwards\/","og_site_name":"3e mill\u00e9naire - Spiritualit\u00e9 - Connaissance de soi - Non-dualit\u00e9 - M\u00e9ditation","article_published_time":"2024-10-17T21:21:44+00:00","article_modified_time":"2024-10-17T21:22:27+00:00","og_image":[{"width":111,"height":138,"url":"https:\/\/www.revue3emillenaire.com\/blog\/wp-content\/uploads\/2023\/07\/David-Edwards.jpg","type":"image\/jpeg"}],"author":"3e mill\u00e9naire","twitter_card":"summary_large_image","twitter_misc":{"\u00c9crit par":"3e mill\u00e9naire","Dur\u00e9e de lecture estim\u00e9e":"13 minutes"},"schema":{"@context":"https:\/\/schema.org","@graph":[{"@type":"Article","@id":"https:\/\/www.revue3emillenaire.com\/blog\/lexpansion-au-dela-de-la-terre-les-illusions-du-progres-par-david-edwards\/#article","isPartOf":{"@id":"https:\/\/www.revue3emillenaire.com\/blog\/lexpansion-au-dela-de-la-terre-les-illusions-du-progres-par-david-edwards\/"},"author":{"name":"3e mill\u00e9naire","@id":"https:\/\/www.revue3emillenaire.com\/blog\/#\/schema\/person\/b692dacff720a5344a6190bc714397eb"},"headline":"L\u2019expansion au-del\u00e0 de la Terre \u2014 Les illusions du progr\u00e8s par David Edwards","datePublished":"2024-10-17T21:21:44+00:00","dateModified":"2024-10-17T21:22:27+00:00","mainEntityOfPage":{"@id":"https:\/\/www.revue3emillenaire.com\/blog\/lexpansion-au-dela-de-la-terre-les-illusions-du-progres-par-david-edwards\/"},"wordCount":3679,"image":{"@id":"https:\/\/www.revue3emillenaire.com\/blog\/lexpansion-au-dela-de-la-terre-les-illusions-du-progres-par-david-edwards\/#primaryimage"},"thumbnailUrl":"https:\/\/www.revue3emillenaire.com\/blog\/wp-content\/uploads\/2023\/07\/David-Edwards.jpg","keywords":["Conscience","\u00e9cologie","Illusion","Pr\u00e9sent","Progr\u00e8s"],"articleSection":["Edwards David"],"inLanguage":"fr-FR"},{"@type":"WebPage","@id":"https:\/\/www.revue3emillenaire.com\/blog\/lexpansion-au-dela-de-la-terre-les-illusions-du-progres-par-david-edwards\/","url":"https:\/\/www.revue3emillenaire.com\/blog\/lexpansion-au-dela-de-la-terre-les-illusions-du-progres-par-david-edwards\/","name":"L\u2019expansion au-del\u00e0 de la Terre \u2014 Les illusions du progr\u00e8s par David Edwards - 3e mill\u00e9naire - Spiritualit\u00e9 - Connaissance de soi - Non-dualit\u00e9 - M\u00e9ditation","isPartOf":{"@id":"https:\/\/www.revue3emillenaire.com\/blog\/#website"},"primaryImageOfPage":{"@id":"https:\/\/www.revue3emillenaire.com\/blog\/lexpansion-au-dela-de-la-terre-les-illusions-du-progres-par-david-edwards\/#primaryimage"},"image":{"@id":"https:\/\/www.revue3emillenaire.com\/blog\/lexpansion-au-dela-de-la-terre-les-illusions-du-progres-par-david-edwards\/#primaryimage"},"thumbnailUrl":"https:\/\/www.revue3emillenaire.com\/blog\/wp-content\/uploads\/2023\/07\/David-Edwards.jpg","datePublished":"2024-10-17T21:21:44+00:00","dateModified":"2024-10-17T21:22:27+00:00","author":{"@id":"https:\/\/www.revue3emillenaire.com\/blog\/#\/schema\/person\/b692dacff720a5344a6190bc714397eb"},"breadcrumb":{"@id":"https:\/\/www.revue3emillenaire.com\/blog\/lexpansion-au-dela-de-la-terre-les-illusions-du-progres-par-david-edwards\/#breadcrumb"},"inLanguage":"fr-FR","potentialAction":[{"@type":"ReadAction","target":["https:\/\/www.revue3emillenaire.com\/blog\/lexpansion-au-dela-de-la-terre-les-illusions-du-progres-par-david-edwards\/"]}]},{"@type":"ImageObject","inLanguage":"fr-FR","@id":"https:\/\/www.revue3emillenaire.com\/blog\/lexpansion-au-dela-de-la-terre-les-illusions-du-progres-par-david-edwards\/#primaryimage","url":"https:\/\/www.revue3emillenaire.com\/blog\/wp-content\/uploads\/2023\/07\/David-Edwards.jpg","contentUrl":"https:\/\/www.revue3emillenaire.com\/blog\/wp-content\/uploads\/2023\/07\/David-Edwards.jpg","width":111,"height":138},{"@type":"BreadcrumbList","@id":"https:\/\/www.revue3emillenaire.com\/blog\/lexpansion-au-dela-de-la-terre-les-illusions-du-progres-par-david-edwards\/#breadcrumb","itemListElement":[{"@type":"ListItem","position":1,"name":"Accueil","item":"https:\/\/www.revue3emillenaire.com\/blog\/"},{"@type":"ListItem","position":2,"name":"L\u2019expansion au-del\u00e0 de la Terre \u2014 Les illusions du progr\u00e8s par David Edwards"}]},{"@type":"WebSite","@id":"https:\/\/www.revue3emillenaire.com\/blog\/#website","url":"https:\/\/www.revue3emillenaire.com\/blog\/","name":"3e mill\u00e9naire - Spiritualit\u00e9 - Connaissance de soi - Non-dualit\u00e9 - M\u00e9ditation","description":"L&#039;Homme en devenir","potentialAction":[{"@type":"SearchAction","target":{"@type":"EntryPoint","urlTemplate":"https:\/\/www.revue3emillenaire.com\/blog\/?s={search_term_string}"},"query-input":{"@type":"PropertyValueSpecification","valueRequired":true,"valueName":"search_term_string"}}],"inLanguage":"fr-FR"},{"@type":"Person","@id":"https:\/\/www.revue3emillenaire.com\/blog\/#\/schema\/person\/b692dacff720a5344a6190bc714397eb","name":"3e mill\u00e9naire","url":"https:\/\/www.revue3emillenaire.com\/blog\/author\/scoussa\/"}]}},"_links":{"self":[{"href":"https:\/\/www.revue3emillenaire.com\/blog\/wp-json\/wp\/v2\/posts\/20252","targetHints":{"allow":["GET"]}}],"collection":[{"href":"https:\/\/www.revue3emillenaire.com\/blog\/wp-json\/wp\/v2\/posts"}],"about":[{"href":"https:\/\/www.revue3emillenaire.com\/blog\/wp-json\/wp\/v2\/types\/post"}],"author":[{"embeddable":true,"href":"https:\/\/www.revue3emillenaire.com\/blog\/wp-json\/wp\/v2\/users\/2"}],"replies":[{"embeddable":true,"href":"https:\/\/www.revue3emillenaire.com\/blog\/wp-json\/wp\/v2\/comments?post=20252"}],"version-history":[{"count":0,"href":"https:\/\/www.revue3emillenaire.com\/blog\/wp-json\/wp\/v2\/posts\/20252\/revisions"}],"wp:featuredmedia":[{"embeddable":true,"href":"https:\/\/www.revue3emillenaire.com\/blog\/wp-json\/wp\/v2\/media\/19369"}],"wp:attachment":[{"href":"https:\/\/www.revue3emillenaire.com\/blog\/wp-json\/wp\/v2\/media?parent=20252"}],"wp:term":[{"taxonomy":"category","embeddable":true,"href":"https:\/\/www.revue3emillenaire.com\/blog\/wp-json\/wp\/v2\/categories?post=20252"},{"taxonomy":"post_tag","embeddable":true,"href":"https:\/\/www.revue3emillenaire.com\/blog\/wp-json\/wp\/v2\/tags?post=20252"}],"curies":[{"name":"wp","href":"https:\/\/api.w.org\/{rel}","templated":true}]}}